{"id":297206,"date":"2022-01-23T23:48:11","date_gmt":"2022-01-23T22:48:11","guid":{"rendered":"https:\/\/www.radiopiu.net\/wordpress\/?p=297206"},"modified":"2023-01-24T05:46:04","modified_gmt":"2023-01-24T04:46:04","slug":"secondo-trimestre-alluniversita-degli-anziani-ad-agordo","status":"publish","type":"post","link":"https:\/\/www.radiopiu.net\/wordpress\/secondo-trimestre-alluniversita-degli-anziani-ad-agordo\/","title":{"rendered":"SECONDO TRIMESTRE  ALL&#8217;UNIVERSITA&#8217; DEGLI ANZIANI AD AGORDO"},"content":{"rendered":"<p><strong><a class=\"dt-pswp-item\" href=\"https:\/\/www.radiopiu.net\/wordpress\/wp-content\/uploads\/2022\/09\/UNIVERSITA-ANZIANI-AGORDO-min.jpg\" data-dt-img-description=\"\" data-large_image_width=\"500\" data-large_image_height=\"500\"><img loading=\"lazy\" decoding=\"async\" class=\" wp-image-297212 alignleft\" src=\"https:\/\/www.radiopiu.net\/wordpress\/wp-content\/uploads\/2022\/09\/UNIVERSITA-ANZIANI-AGORDO-min-150x150.jpg\" alt=\"\" width=\"113\" height=\"113\" srcset=\"https:\/\/www.radiopiu.net\/wordpress\/wp-content\/uploads\/2022\/09\/UNIVERSITA-ANZIANI-AGORDO-min-150x150.jpg 150w, https:\/\/www.radiopiu.net\/wordpress\/wp-content\/uploads\/2022\/09\/UNIVERSITA-ANZIANI-AGORDO-min-300x300.jpg 300w, https:\/\/www.radiopiu.net\/wordpress\/wp-content\/uploads\/2022\/09\/UNIVERSITA-ANZIANI-AGORDO-min.jpg 500w\" sizes=\"auto, (max-width: 113px) 100vw, 113px\" \/><\/a>AGORDO<\/strong> Con il mese di febbraio\u00a0 ritornano le lezioni dell&#8217;Universit\u00e0 degli Anziani ad Agordo. Ogni marted\u00ec dalle 15 alle 17 in Sala Don Tamis un appuntamento in presenza. Il primo appuntamento della serie \u00e8 per il 7 febbraio con Gianpaolo Ben &#8220;Istruzione per un corretto uso dei farmaci e Mirko Mezzacasa &#8220;Quarant&#8217;anni di Radio Pi\u00f9, la voce della nostra gente&#8221; . Fino al 2 maggio si alterneranno in cattedra: Cesare Lasen, Francesca Gallo con la sua fisarmonica, Rosy Caniato, Fiorella Candiani, Vittorio Fenti, la pianista Silvia Tessari, Maria Rosa Salmazo, Lisa Se Luca, Elisa Tomasella, Aldo Villabruna, Cesare Andrich, Giovanni Grazioli, Giacomo Mazzorana, Francesca Benvegn\u00f9 e Matteo Melchiorre.<\/p>\n<p>&nbsp;<\/p>\n<p><strong>TUTTI GLI APPUNTAMENTI IN PROGRAMMA<\/strong><\/p>\n<a href=\"https:\/\/www.radiopiu.net\/wordpress\/wp-content\/uploads\/2022\/09\/UAA-Programma-2022-23_2\u00b0trimestreok.pdf\" class=\"pdfemb-viewer\" style=\"\" data-width=\"max\" data-height=\"max\" data-toolbar=\"top\" data-toolbar-fixed=\"on\">UAA-Programma 2022-23_2\u00b0trimestreok<\/a>\n<p>&nbsp;<\/p>\n<p>*****<\/p>\n","protected":false},"excerpt":{"rendered":"<p>AGORDO Con il mese di febbraio\u00a0 ritornano le lezioni dell&#8217;Universit\u00e0 degli Anziani ad Agordo. Ogni marted\u00ec dalle 15 alle 17 in Sala Don Tamis un appuntamento in presenza. Il primo appuntamento della serie \u00e8 per il 7 febbraio con Gianpaolo Ben &#8220;Istruzione per un corretto uso dei farmaci e Mirko Mezzacasa &#8220;Quarant&#8217;anni di Radio Pi\u00f9,&hellip;<\/p>\n","protected":false},"author":4,"featured_media":297212,"comment_status":"closed","ping_status":"closed","sticky":false,"template":"","format":"standard","meta":{"_monsterinsights_skip_tracking":false,"_monsterinsights_sitenote_active":false,"_monsterinsights_sitenote_note":"","_monsterinsights_sitenote_category":0,"footnotes":""},"categories":[104,49],"tags":[],"class_list":["post-297206","post","type-post","status-publish","format-standard","has-post-thumbnail","hentry","category-evidenza_3","category-news-18","category-104","category-49","description-off"],"img_url":"https:\/\/www.radiopiu.net\/wordpress\/wp-content\/uploads\/2022\/09\/UNIVERSITA-ANZIANI-AGORDO-min.jpg","_links":{"self":[{"href":"https:\/\/www.radiopiu.net\/wordpress\/wp-json\/wp\/v2\/posts\/297206","targetHints":{"allow":["GET"]}}],"collection":[{"href":"https:\/\/www.radiopiu.net\/wordpress\/wp-json\/wp\/v2\/posts"}],"about":[{"href":"https:\/\/www.radiopiu.net\/wordpress\/wp-json\/wp\/v2\/types\/post"}],"author":[{"embeddable":true,"href":"https:\/\/www.radiopiu.net\/wordpress\/wp-json\/wp\/v2\/users\/4"}],"replies":[{"embeddable":true,"href":"https:\/\/www.radiopiu.net\/wordpress\/wp-json\/wp\/v2\/comments?post=297206"}],"version-history":[{"count":0,"href":"https:\/\/www.radiopiu.net\/wordpress\/wp-json\/wp\/v2\/posts\/297206\/revisions"}],"wp:featuredmedia":[{"embeddable":true,"href":"https:\/\/www.radiopiu.net\/wordpress\/wp-json\/wp\/v2\/media\/297212"}],"wp:attachment":[{"href":"https:\/\/www.radiopiu.net\/wordpress\/wp-json\/wp\/v2\/media?parent=297206"}],"wp:term":[{"taxonomy":"category","embeddable":true,"href":"https:\/\/www.radiopiu.net\/wordpress\/wp-json\/wp\/v2\/categories?post=297206"},{"taxonomy":"post_tag","embeddable":true,"href":"https:\/\/www.radiopiu.net\/wordpress\/wp-json\/wp\/v2\/tags?post=297206"}],"curies":[{"name":"wp","href":"https:\/\/api.w.org\/{rel}","templated":true}]}}