{"id":297368,"date":"2022-09-16T05:24:52","date_gmt":"2022-09-16T03:24:52","guid":{"rendered":"https:\/\/www.radiopiu.net\/wordpress\/?p=297368"},"modified":"2022-09-16T05:36:02","modified_gmt":"2022-09-16T03:36:02","slug":"luxottica-parcheggi-e-trasporti-e-lo-sfogo-di-chi-abita-la-frazione","status":"publish","type":"post","link":"https:\/\/www.radiopiu.net\/wordpress\/luxottica-parcheggi-e-trasporti-e-lo-sfogo-di-chi-abita-la-frazione\/","title":{"rendered":"LUXOTTICA: PARCHEGGI E TRASPORTI E LO SFOGO DI CHI ABITA LA FRAZIONE"},"content":{"rendered":"<blockquote><p><strong><img loading=\"lazy\" decoding=\"async\" class=\"alignleft\" src=\"https:\/\/www.radiopiu.net\/wordpress\/wp-content\/uploads\/2022\/06\/LUXOTTICA-LUTTO-4.jpg\" width=\"206\" height=\"116\" \/>REDAZIONE<\/strong> La commissione trasporti della RSU (Cgil-Cisl e Uil) avrebbe voluto dare comunicazioni importanti ai colleghi che da tempo le chiedono, relativamente ai parcheggi per lo stabilimento. Ma i membri della commissione trasporti nonostante abbiamo chiesto pi\u00f9 volte un incontro all&#8217;azienda non hanno mai ottenuto alcuna risposta.\u00a0 Non rimane quindi che fare il punto. I cantieri sono aperti dalla scorsa primavera, non \u00e8 chiaro quando finiranno, attualmente occupano, per forza di cose, una parte potenzialmente utilizzabile. C&#8217;\u00e8 chi dice che proseguiranno almeno per tutto il mese di ottobre. Sar\u00e0 ampliato il parcheggio per le moto. La commissione trasporti lo scorso anno aveva presentato delle osservazioni al progetto (pista ciclabile, colonnine ricarica auto etc.), sembrerebbe che il Comune abbi tenuto conto delle osservazioni. In Luxotica c&#8217;\u00e8 chi \u00e8 perplesso perch\u00e9 al termine dei lavori i posti disponibili siano effettivamente pi\u00f9 di prima, molto pi\u00f9 di prima. Alla Rsu \u00e8 stato comunicato che dovrebbero aumentare di 200 unit\u00e0. La commissione trasporti ha chiesto all&#8217;azienda di riaprire lo sportello interno per il rinnovo deli abbonamenti. Dal 12 settembre \u00e8 invece ripristinata la cora per Belluno delle 17.07.<\/p><\/blockquote>\n<p>&nbsp;<\/p>\n<hr \/>\n<blockquote>\n<h3><\/h3>\n<h3>LO SFOGO ALLA RADIO perch\u00e9\u00a0 radiopi\u00f9\u00a0 \u00e8 la radio di tutti<\/h3>\n<p><strong>Cara Radio Pi\u00f9 ho letto lo sfogo dell&#8217;abitante di Valcozzena e voglio ,come abitante anche io di Valcozzena, dirgli che sono completamente d&#8217;accordo con lui e mi auguro che gli interventi della polizia urbana siano sempre pi\u00f9 frequenti. Mi permetto di aggiungere che le volte che ho fatto notare a chi di dovere la situazione mi veniva risposto che le macchine erano di gente che era al lavoro, che i parcheggi non erano sufficienti,ecc. Nessuno prendeva in considerazione che in caso di necessit\u00e0 i mezzi di soccorso non avrebbero potuto intervenire con la necessaria rapidit\u00e0. Ma a chi va al lavoro in altri comuni della provincia \u00e8 permesso parcheggiare fregandosene di incroci, strisce e carreggiate? Una ultima considerazione: ogni volta che ci sono lavori nella zona industriale viene chiesto scusa ai lavoratori per i disagi; negli ultimi 30 anni nessuno ha mai chiesto scusa per i disagi agli abitanti di Valcozzena.<\/strong><\/p><\/blockquote>\n<p>&nbsp;<\/p>\n<p>&nbsp;<\/p>\n<p>___<\/p>\n","protected":false},"excerpt":{"rendered":"<p>REDAZIONE La commissione trasporti della RSU (Cgil-Cisl e Uil) avrebbe voluto dare comunicazioni importanti ai colleghi che da tempo le chiedono, relativamente ai parcheggi per lo stabilimento. Ma i membri della commissione trasporti nonostante abbiamo chiesto pi\u00f9 volte un incontro all&#8217;azienda non hanno mai ottenuto alcuna risposta.\u00a0 Non rimane quindi che fare il punto. I&hellip;<\/p>\n","protected":false},"author":4,"featured_media":284134,"comment_status":"closed","ping_status":"closed","sticky":false,"template":"","format":"standard","meta":{"_monsterinsights_skip_tracking":false,"_monsterinsights_sitenote_active":false,"_monsterinsights_sitenote_note":"","_monsterinsights_sitenote_category":0,"footnotes":""},"categories":[51,49],"tags":[],"class_list":["post-297368","post","type-post","status-publish","format-standard","has-post-thumbnail","hentry","category-evidenza-top","category-news-18","category-51","category-49","description-off"],"img_url":"https:\/\/www.radiopiu.net\/wordpress\/wp-content\/uploads\/2022\/06\/LUXOTTICA-LUTTO-4.jpg","_links":{"self":[{"href":"https:\/\/www.radiopiu.net\/wordpress\/wp-json\/wp\/v2\/posts\/297368","targetHints":{"allow":["GET"]}}],"collection":[{"href":"https:\/\/www.radiopiu.net\/wordpress\/wp-json\/wp\/v2\/posts"}],"about":[{"href":"https:\/\/www.radiopiu.net\/wordpress\/wp-json\/wp\/v2\/types\/post"}],"author":[{"embeddable":true,"href":"https:\/\/www.radiopiu.net\/wordpress\/wp-json\/wp\/v2\/users\/4"}],"replies":[{"embeddable":true,"href":"https:\/\/www.radiopiu.net\/wordpress\/wp-json\/wp\/v2\/comments?post=297368"}],"version-history":[{"count":0,"href":"https:\/\/www.radiopiu.net\/wordpress\/wp-json\/wp\/v2\/posts\/297368\/revisions"}],"wp:featuredmedia":[{"embeddable":true,"href":"https:\/\/www.radiopiu.net\/wordpress\/wp-json\/wp\/v2\/media\/284134"}],"wp:attachment":[{"href":"https:\/\/www.radiopiu.net\/wordpress\/wp-json\/wp\/v2\/media?parent=297368"}],"wp:term":[{"taxonomy":"category","embeddable":true,"href":"https:\/\/www.radiopiu.net\/wordpress\/wp-json\/wp\/v2\/categories?post=297368"},{"taxonomy":"post_tag","embeddable":true,"href":"https:\/\/www.radiopiu.net\/wordpress\/wp-json\/wp\/v2\/tags?post=297368"}],"curies":[{"name":"wp","href":"https:\/\/api.w.org\/{rel}","templated":true}]}}