{"id":297377,"date":"2022-09-15T23:59:13","date_gmt":"2022-09-15T21:59:13","guid":{"rendered":"https:\/\/www.radiopiu.net\/wordpress\/?p=297377"},"modified":"2022-09-16T05:39:00","modified_gmt":"2022-09-16T03:39:00","slug":"la-sad-collega-belluno-con-lalto-adige-oltre-a-servire-lampezzano-ed-il-cadore","status":"publish","type":"post","link":"https:\/\/www.radiopiu.net\/wordpress\/la-sad-collega-belluno-con-lalto-adige-oltre-a-servire-lampezzano-ed-il-cadore\/","title":{"rendered":"LA SAD COLLEGA BELLUNO CON L\u2019ALTO ADIGE (OLTRE A SERVIRE L\u2019AMPEZZANO ED IL CADORE)"},"content":{"rendered":"<p><strong>di RENATO BONA<\/strong><\/p>\n<p>Renato Fiabane e Lionello Fiori hanno realizzato (luglio 2000, Tipografia Piave) il pregevole volume intitolato: \u201cUn secolo in corriera nella provincia di Belluno\u201d, voluto da DolomitiBus e con il contributo della Provincia, dei Comuni di Belluno e Sedico, del Comitato festeggiamenti Bribano e del Circolo bellunese \u201cBerto Gidoni\u201d &#8211; Auto-moto d\u2019epoca\u201d. In questa occasione ci occupiamo di due storie: quella della S.A.D., che sta per Societ\u00e0 automobilistica Dolomiti, e quella della A.C, cio\u00e8 la Automobilistica Cadore. Con le testimonianze, su esperienze personali, di: Virginio Marchet, autista e meccanico di Anz\u00f9 di Feltre che inizi\u00f2 l\u2019attivit\u00e0 nel dicembre 1947 a Feltre dove \u201cla Sad aveva una ventina di corriere sempre in servizio e qualche altra di riserva per le emergenze\u201d; Heros Deppi di Domegge di Cadore, prima capostazione nella Ferrovia delle Dolomiti e poi dipendente della Sad; Valentino Ribul Alfier, di Padola di Comelico Superiore, autista assunto il 5 giugno 1951: \u201cfeci tutte le linee di competenza della zona ampezzana: Auronzo-Cortina-Tre Croci-Misurina e successivamente Calalzo-Padola; il servizio comprendeva il trasporto di passeggeri, posta, bagagli e tutto quello che si poteva caricare\u2026 cessai il servizio nel 1980 e la Sad mi premi\u00f2 per i tanti anni trascorsi alle sue dipendenze con una medaglia e un attestato di sincero e meritato riposo\u201d; Armando Sossai di Sedico; infine Antonio Baldovin, titolare della A.C. che faceva l\u2019autista ed il bigliettaio. La Sad \u00e8 nata in quel di Cortina nel 1927 per operare nel settore del turismo d\u2019\u00e9lite quale \u00e8 quello della \u201cPerla delle Dolomiti\u201d e da subito \u00e8 cresciuta estendendosi anche a Bolzano (dove la sede fu trasferita nel 1958) e nel resto dell\u2019Alto Adige. Oltre al turismo dei villeggianti era impegnata a soddisfare anche le esigenze della gente comune: studenti, lavoratori, ambulanti, in particolare nel Cadore, Ampezzano, Pusteria (da Pieve a Cima Sappada, da Candide a Cortina, da San Candido a Calalzo. da Dobbiaco a Tai) con diverse corse giornaliere; con minor frequenza garantiva anche corse per Belluno e nel Feltrino era presente con linee di collegamento dirette verso Bolzano e non solo. Per anni Cortina ospit\u00f2 la sede amministrativa e l\u2019officina (un\u2019altra sede era a Feltre) mentre nelle localit\u00e0 pi\u00f9 importanti erano attivi piccoli uffici per la vendita di biglietti e per fornire informazioni al pubblico. Nel 1993 cedette le linee del Feltrino e del Primiero all\u2019Atesina e nel 1984 le restanti a DolomitiBus. L\u2019azienda era impegnata anche nell\u2019Ampezzano e in Cadore e collegava quotidianamente Calalzo alle pi\u00f9 importanti localit\u00e0; vanno inoltre ricordate le linee stagionali: Calalzo-Misurina-Tre Cime di Lavaredo e Calalzo-Vigo-Casera Razzo. Dal 1967 collegava con una corsa settimanale Sappada e Milano e sempre settimanalmente organizzava gite estive da Auronzo alla Marmolada e da Pieve per il Giro dei cinque passi. Per qualche anno in funzione pure le linee gran turismo Cortina-Venezia e Cortina-Milano e due linee extraregionali: Trento-Belluno e Trieste-Sappada-San Candido-Bolzano-Merano. Concludiamo la rassegna con la Automobilistica Cadore nata nei primi anni \u201880 dopo l\u2019abbandono del Veneto da parte della Societ\u00e0 automobilistica Dolomiti: vi conflu\u00ec tutto il personale ad eccezione di quello di Cortina che gestiva separatamente la Calalzo-Cortina. Furono 45 le corriere spostate fuori provincia e ci\u00f2 provoc\u00f2 una certa precariet\u00e0 nel servizio, superata grazie all\u2019impegno dei dipendenti e al nuovo capogruppo Roberto Del Longo. Comunque le linee vennero date in gestione per conto della Regione, alla Fap e alla Atvo, entrambe di San Don\u00e0 di Piave e l\u2019azienda visse momenti di difficolt\u00e0 \u201cche vennero superati con l\u2019incontro del 16 marzo 1982 tra il presidente Pianura e quello del Consorzio di bacino di Belluno, D\u2019Inc\u00e0 con i sindacati: si procedette alla pianificazione dei bilanci, del personale e dei mezzi e quindi il 1. luglio 1982 conflu\u00ec nella DolomitiBus.<\/p>\n\n\t\t\t<style type='text\/css'>\n\t\t\t\t#gallery-1 {\n\t\t\t\t\tmargin: auto;\n\t\t\t\t}\n\t\t\t\t#gallery-1 .gallery-item {\n\t\t\t\t\tfloat: left;\n\t\t\t\t\tmargin-top: 10px;\n\t\t\t\t\ttext-align: center;\n\t\t\t\t\twidth: 20%;\n\t\t\t\t}\n\t\t\t\t#gallery-1 img {\n\t\t\t\t\tborder: 2px solid #cfcfcf;\n\t\t\t\t}\n\t\t\t\t#gallery-1 .gallery-caption {\n\t\t\t\t\tmargin-left: 0;\n\t\t\t\t}\n\t\t\t\t\/* see gallery_shortcode() in wp-includes\/media.php *\/\n\t\t\t<\/style>\n\t\t<div id='gallery-1' class='dt-gallery-container gallery galleryid-297377 gallery-columns-5 gallery-size-thumbnail'><dl class='gallery-item'>\n\t\t\t\t<dt class='gallery-icon landscape'>\n\t\t\t\t\t<a class=\"rollover rollover-zoom dt-pswp-item\" title=\"306532843_491379492502461_6938656323780322906_n\" data-dt-img-description=\"\" data-large_image_width=\"640\" data-large_image_height=\"403\"href='https:\/\/www.radiopiu.net\/wordpress\/wp-content\/uploads\/2022\/09\/306532843_491379492502461_6938656323780322906_n.jpg'><img loading=\"lazy\" decoding=\"async\" width=\"150\" height=\"150\" src=\"https:\/\/www.radiopiu.net\/wordpress\/wp-content\/uploads\/2022\/09\/306532843_491379492502461_6938656323780322906_n-150x150.jpg\" class=\"attachment-thumbnail size-thumbnail\" alt=\"\" \/><\/a>\n\t\t\t\t<\/dt><\/dl><dl class='gallery-item'>\n\t\t\t\t<dt class='gallery-icon landscape'>\n\t\t\t\t\t<a class=\"rollover rollover-zoom dt-pswp-item\" title=\"306537623_3410462105939311_3312154711013038085_n\" data-dt-img-description=\"\" data-large_image_width=\"606\" data-large_image_height=\"403\"href='https:\/\/www.radiopiu.net\/wordpress\/wp-content\/uploads\/2022\/09\/306537623_3410462105939311_3312154711013038085_n.jpg'><img loading=\"lazy\" decoding=\"async\" width=\"150\" height=\"150\" src=\"https:\/\/www.radiopiu.net\/wordpress\/wp-content\/uploads\/2022\/09\/306537623_3410462105939311_3312154711013038085_n-150x150.jpg\" class=\"attachment-thumbnail size-thumbnail\" alt=\"\" \/><\/a>\n\t\t\t\t<\/dt><\/dl><dl class='gallery-item'>\n\t\t\t\t<dt class='gallery-icon landscape'>\n\t\t\t\t\t<a class=\"rollover rollover-zoom dt-pswp-item\" title=\"306542990_1232287490676876_273931688026166201_n\" data-dt-img-description=\"\" data-large_image_width=\"536\" data-large_image_height=\"403\"href='https:\/\/www.radiopiu.net\/wordpress\/wp-content\/uploads\/2022\/09\/306542990_1232287490676876_273931688026166201_n.jpg'><img loading=\"lazy\" decoding=\"async\" width=\"150\" height=\"150\" src=\"https:\/\/www.radiopiu.net\/wordpress\/wp-content\/uploads\/2022\/09\/306542990_1232287490676876_273931688026166201_n-150x150.jpg\" class=\"attachment-thumbnail size-thumbnail\" alt=\"\" \/><\/a>\n\t\t\t\t<\/dt><\/dl><dl class='gallery-item'>\n\t\t\t\t<dt class='gallery-icon landscape'>\n\t\t\t\t\t<a class=\"rollover rollover-zoom dt-pswp-item\" title=\"306558647_474459118061453_2908776866166977508_n\" data-dt-img-description=\"\" data-large_image_width=\"832\" data-large_image_height=\"403\"href='https:\/\/www.radiopiu.net\/wordpress\/wp-content\/uploads\/2022\/09\/306558647_474459118061453_2908776866166977508_n.jpg'><img loading=\"lazy\" decoding=\"async\" width=\"150\" height=\"150\" src=\"https:\/\/www.radiopiu.net\/wordpress\/wp-content\/uploads\/2022\/09\/306558647_474459118061453_2908776866166977508_n-150x150.jpg\" class=\"attachment-thumbnail size-thumbnail\" alt=\"\" \/><\/a>\n\t\t\t\t<\/dt><\/dl><dl class='gallery-item'>\n\t\t\t\t<dt class='gallery-icon landscape'>\n\t\t\t\t\t<a class=\"rollover rollover-zoom dt-pswp-item\" title=\"306722729_813478359783979_6169174165148575605_n\" data-dt-img-description=\"\" data-large_image_width=\"767\" data-large_image_height=\"403\"href='https:\/\/www.radiopiu.net\/wordpress\/wp-content\/uploads\/2022\/09\/306722729_813478359783979_6169174165148575605_n.jpg'><img loading=\"lazy\" decoding=\"async\" width=\"150\" height=\"150\" src=\"https:\/\/www.radiopiu.net\/wordpress\/wp-content\/uploads\/2022\/09\/306722729_813478359783979_6169174165148575605_n-150x150.jpg\" class=\"attachment-thumbnail size-thumbnail\" alt=\"\" \/><\/a>\n\t\t\t\t<\/dt><\/dl><br style=\"clear: both\" \/><dl class='gallery-item'>\n\t\t\t\t<dt class='gallery-icon landscape'>\n\t\t\t\t\t<a class=\"rollover rollover-zoom dt-pswp-item\" title=\"306727059_509794697622570_7312346814598222226_n\" data-dt-img-description=\"\" data-large_image_width=\"592\" data-large_image_height=\"403\"href='https:\/\/www.radiopiu.net\/wordpress\/wp-content\/uploads\/2022\/09\/306727059_509794697622570_7312346814598222226_n.jpg'><img loading=\"lazy\" decoding=\"async\" width=\"150\" height=\"150\" src=\"https:\/\/www.radiopiu.net\/wordpress\/wp-content\/uploads\/2022\/09\/306727059_509794697622570_7312346814598222226_n-150x150.jpg\" class=\"attachment-thumbnail size-thumbnail\" alt=\"\" \/><\/a>\n\t\t\t\t<\/dt><\/dl><dl class='gallery-item'>\n\t\t\t\t<dt class='gallery-icon portrait'>\n\t\t\t\t\t<a class=\"rollover rollover-zoom dt-pswp-item\" title=\"306856304_459273519596137_340215450609048918_n\" data-dt-img-description=\"\" data-large_image_width=\"320\" data-large_image_height=\"452\"href='https:\/\/www.radiopiu.net\/wordpress\/wp-content\/uploads\/2022\/09\/306856304_459273519596137_340215450609048918_n.jpg'><img loading=\"lazy\" decoding=\"async\" width=\"150\" height=\"150\" src=\"https:\/\/www.radiopiu.net\/wordpress\/wp-content\/uploads\/2022\/09\/306856304_459273519596137_340215450609048918_n-150x150.jpg\" class=\"attachment-thumbnail size-thumbnail\" alt=\"\" \/><\/a>\n\t\t\t\t<\/dt><\/dl><dl class='gallery-item'>\n\t\t\t\t<dt class='gallery-icon landscape'>\n\t\t\t\t\t<a class=\"rollover rollover-zoom dt-pswp-item\" title=\"306943235_478795033890583_1091407363687568773_n\" data-dt-img-description=\"\" data-large_image_width=\"633\" data-large_image_height=\"403\"href='https:\/\/www.radiopiu.net\/wordpress\/wp-content\/uploads\/2022\/09\/306943235_478795033890583_1091407363687568773_n.jpg'><img loading=\"lazy\" decoding=\"async\" width=\"150\" height=\"150\" src=\"https:\/\/www.radiopiu.net\/wordpress\/wp-content\/uploads\/2022\/09\/306943235_478795033890583_1091407363687568773_n-150x150.jpg\" class=\"attachment-thumbnail size-thumbnail\" alt=\"\" \/><\/a>\n\t\t\t\t<\/dt><\/dl><dl class='gallery-item'>\n\t\t\t\t<dt class='gallery-icon landscape'>\n\t\t\t\t\t<a class=\"rollover rollover-zoom dt-pswp-item\" title=\"306950359_5470438743044424_5325163465731313714_n\" data-dt-img-description=\"\" data-large_image_width=\"590\" data-large_image_height=\"403\"href='https:\/\/www.radiopiu.net\/wordpress\/wp-content\/uploads\/2022\/09\/306950359_5470438743044424_5325163465731313714_n.jpg'><img loading=\"lazy\" decoding=\"async\" width=\"150\" height=\"150\" src=\"https:\/\/www.radiopiu.net\/wordpress\/wp-content\/uploads\/2022\/09\/306950359_5470438743044424_5325163465731313714_n-150x150.jpg\" class=\"attachment-thumbnail size-thumbnail\" alt=\"\" \/><\/a>\n\t\t\t\t<\/dt><\/dl>\n\t\t\t\t<br style='clear: both' \/>\n\t\t\t<\/div>\n\n<p>&nbsp;<\/p>\n<p>NELLE FOTO (riproduzioni dal libro \u201cUn secolo in corriera nella provincia di Belluno\u201d): autocorriere in sosta nella stazione ferroviaria di Calalzo; anno 1951: Alfa Romeo 550 in sosta nella piazza di Santo Stefano di Cadore, in primo piano l\u2019autista Valentino Ribul ed il bigliettaio; anni \u201850\u2019: corriera Sad in servizio sulla Padola-Belluno; Fiat 666 carrozzata Sicca della ditta Sad; anno 1960: Fiat 306 Sicca Gt in servizio nelle linee dolomitiche; anno 1958: corriera della Sad in sosta alla stazione di Feltre in occasione di una gita turistica; l\u2019autista Caneve davanti a un mezzo Sad; lo stesso autista posa per un\u2019altra foto-ricordo durante una sosta; anni \u201860: Om Leoncino carrozzata Barbi in servizio sperimentale sulla Lozzo di Cadore-Pian dei Buoi.<\/p>\n","protected":false},"excerpt":{"rendered":"<p>di RENATO BONA Renato Fiabane e Lionello Fiori hanno realizzato (luglio 2000, Tipografia Piave) il pregevole volume intitolato: \u201cUn secolo in corriera nella provincia di Belluno\u201d, voluto da DolomitiBus e con il contributo della Provincia, dei Comuni di Belluno e Sedico, del Comitato festeggiamenti Bribano e del Circolo bellunese \u201cBerto Gidoni\u201d &#8211; Auto-moto d\u2019epoca\u201d. In&hellip;<\/p>\n","protected":false},"author":4,"featured_media":297381,"comment_status":"closed","ping_status":"closed","sticky":false,"template":"","format":"standard","meta":{"_monsterinsights_skip_tracking":false,"_monsterinsights_sitenote_active":false,"_monsterinsights_sitenote_note":"","_monsterinsights_sitenote_category":0,"footnotes":""},"categories":[104,49],"tags":[],"class_list":["post-297377","post","type-post","status-publish","format-standard","has-post-thumbnail","hentry","category-evidenza_3","category-news-18","category-104","category-49","description-off"],"img_url":"https:\/\/www.radiopiu.net\/wordpress\/wp-content\/uploads\/2022\/09\/306558647_474459118061453_2908776866166977508_n.jpg","_links":{"self":[{"href":"https:\/\/www.radiopiu.net\/wordpress\/wp-json\/wp\/v2\/posts\/297377","targetHints":{"allow":["GET"]}}],"collection":[{"href":"https:\/\/www.radiopiu.net\/wordpress\/wp-json\/wp\/v2\/posts"}],"about":[{"href":"https:\/\/www.radiopiu.net\/wordpress\/wp-json\/wp\/v2\/types\/post"}],"author":[{"embeddable":true,"href":"https:\/\/www.radiopiu.net\/wordpress\/wp-json\/wp\/v2\/users\/4"}],"replies":[{"embeddable":true,"href":"https:\/\/www.radiopiu.net\/wordpress\/wp-json\/wp\/v2\/comments?post=297377"}],"version-history":[{"count":0,"href":"https:\/\/www.radiopiu.net\/wordpress\/wp-json\/wp\/v2\/posts\/297377\/revisions"}],"wp:featuredmedia":[{"embeddable":true,"href":"https:\/\/www.radiopiu.net\/wordpress\/wp-json\/wp\/v2\/media\/297381"}],"wp:attachment":[{"href":"https:\/\/www.radiopiu.net\/wordpress\/wp-json\/wp\/v2\/media?parent=297377"}],"wp:term":[{"taxonomy":"category","embeddable":true,"href":"https:\/\/www.radiopiu.net\/wordpress\/wp-json\/wp\/v2\/categories?post=297377"},{"taxonomy":"post_tag","embeddable":true,"href":"https:\/\/www.radiopiu.net\/wordpress\/wp-json\/wp\/v2\/tags?post=297377"}],"curies":[{"name":"wp","href":"https:\/\/api.w.org\/{rel}","templated":true}]}}