{"id":297525,"date":"2022-09-16T15:30:29","date_gmt":"2022-09-16T13:30:29","guid":{"rendered":"https:\/\/www.radiopiu.net\/wordpress\/?p=297525"},"modified":"2022-09-17T05:52:15","modified_gmt":"2022-09-17T03:52:15","slug":"nominato-il-nuovo-direttore-di-anestesia-a-feltre","status":"publish","type":"post","link":"https:\/\/www.radiopiu.net\/wordpress\/nominato-il-nuovo-direttore-di-anestesia-a-feltre\/","title":{"rendered":"NOMINATO IL NUOVO DIRETTORE DI ANESTESIA A FELTRE"},"content":{"rendered":"<blockquote><p><a class=\"dt-pswp-item\" href=\"https:\/\/www.radiopiu.net\/wordpress\/wp-content\/uploads\/2022\/09\/AA.jpg\" data-dt-img-description=\"\" data-large_image_width=\"1462\" data-large_image_height=\"1380\"><img loading=\"lazy\" decoding=\"async\" class=\"size-thumbnail wp-image-297526 alignleft\" src=\"https:\/\/www.radiopiu.net\/wordpress\/wp-content\/uploads\/2022\/09\/AA-150x150.jpg\" alt=\"\" width=\"150\" height=\"150\" \/><\/a><\/p>\n<p><em>Con questa nomina si completa, in pochi mesi, il quadro degli apicali dell\u2019ospedale di Feltre: oggi prende servizio il nuovo direttore medico, dottoressa Sabrina Marconato; nei mesi scorsi hanno iniziato la loro attivit\u00e0 a Feltre il dr Stefano Di Fabio, primario dell\u2019ortopedia, la dottoressa Cinzia Omiciuolo, primario della geriatria, la dottoressa Lucia Dalla Torre, direttore del Distretto. Tra poco prender\u00e0 servizio anche il nuovo primario dell\u2019oncologia Nicodemo.<\/em><\/p><\/blockquote>\n<p><strong>FELTRE<\/strong> Carlo Malavisi \u00e8 il nuovo Direttore di Anestesia di Feltre. Classe 1972, di San Vendemiano (TV), il dottor Malavisi si \u00e8 laureato in Medicina e Chirurgia all\u2019Universit\u00e0 degli Studi di Padova, dove ha poi conseguito la specializzazione in Anestesia e Rianimazione, indirizzo Terapia Antalgica. Tra le competenze <strong><a class=\"dt-pswp-item\" href=\"https:\/\/www.radiopiu.net\/wordpress\/wp-content\/uploads\/2022\/09\/BBBB.jpg\" data-dt-img-description=\"\" data-large_image_width=\"1496\" data-large_image_height=\"1496\"><img loading=\"lazy\" decoding=\"async\" class=\"size-thumbnail wp-image-297527 alignright\" src=\"https:\/\/www.radiopiu.net\/wordpress\/wp-content\/uploads\/2022\/09\/BBBB-150x150.jpg\" alt=\"\" width=\"150\" height=\"150\" srcset=\"https:\/\/www.radiopiu.net\/wordpress\/wp-content\/uploads\/2022\/09\/BBBB-150x150.jpg 150w, https:\/\/www.radiopiu.net\/wordpress\/wp-content\/uploads\/2022\/09\/BBBB-300x300.jpg 300w, https:\/\/www.radiopiu.net\/wordpress\/wp-content\/uploads\/2022\/09\/BBBB-1024x1024.jpg 1024w, https:\/\/www.radiopiu.net\/wordpress\/wp-content\/uploads\/2022\/09\/BBBB-768x768.jpg 768w, https:\/\/www.radiopiu.net\/wordpress\/wp-content\/uploads\/2022\/09\/BBBB.jpg 1496w\" sizes=\"auto, (max-width: 150px) 100vw, 150px\" \/><\/a><\/strong>tecniche, il dr Malavisi \u00e8 riconosciuto come esperto nella gestione delle viee aree difficili. <em>\u00abMi complimento con il dr Malavisi per il nuovo incarico che sono certa sapr\u00e0 interpretare nel migliore dei modi, valorizzando la squadra di professionisti dell\u2019Anestesia e Rianimazione di Feltre che si \u00e8 dimostrata efficiente e generosa soprattutto in periodo covid e mettendo a servizio di tutte le unit\u00e0 operative che collaborano nel blocco chirurgico le sue capacit\u00e0 organizzative\u00bb,<\/em> commenta il Direttore Generale Maria Grazia Carraro,<em> \u00ab Colgo l\u2019occasione per ringraziare la dottoressa Sitta che ha traghettato il reparto dopo il pensionamento del dr Innocente con grande disponibilit\u00e0 e competenza, riuscendo a mantenere i volumi di prestazioni del blocco operatorio di Feltre in un periodo non facile.<\/em><\/p>\n","protected":false},"excerpt":{"rendered":"<p>Con questa nomina si completa, in pochi mesi, il quadro degli apicali dell\u2019ospedale di Feltre: oggi prende servizio il nuovo direttore medico, dottoressa Sabrina Marconato; nei mesi scorsi hanno iniziato la loro attivit\u00e0 a Feltre il dr Stefano Di Fabio, primario dell\u2019ortopedia, la dottoressa Cinzia Omiciuolo, primario della geriatria, la dottoressa Lucia Dalla Torre, direttore&hellip;<\/p>\n","protected":false},"author":4,"featured_media":297527,"comment_status":"closed","ping_status":"closed","sticky":false,"template":"","format":"standard","meta":{"_monsterinsights_skip_tracking":false,"_monsterinsights_sitenote_active":false,"_monsterinsights_sitenote_note":"","_monsterinsights_sitenote_category":0,"footnotes":""},"categories":[51,49],"tags":[],"class_list":["post-297525","post","type-post","status-publish","format-standard","has-post-thumbnail","hentry","category-evidenza-top","category-news-18","category-51","category-49","description-off"],"img_url":"https:\/\/www.radiopiu.net\/wordpress\/wp-content\/uploads\/2022\/09\/BBBB.jpg","_links":{"self":[{"href":"https:\/\/www.radiopiu.net\/wordpress\/wp-json\/wp\/v2\/posts\/297525","targetHints":{"allow":["GET"]}}],"collection":[{"href":"https:\/\/www.radiopiu.net\/wordpress\/wp-json\/wp\/v2\/posts"}],"about":[{"href":"https:\/\/www.radiopiu.net\/wordpress\/wp-json\/wp\/v2\/types\/post"}],"author":[{"embeddable":true,"href":"https:\/\/www.radiopiu.net\/wordpress\/wp-json\/wp\/v2\/users\/4"}],"replies":[{"embeddable":true,"href":"https:\/\/www.radiopiu.net\/wordpress\/wp-json\/wp\/v2\/comments?post=297525"}],"version-history":[{"count":0,"href":"https:\/\/www.radiopiu.net\/wordpress\/wp-json\/wp\/v2\/posts\/297525\/revisions"}],"wp:featuredmedia":[{"embeddable":true,"href":"https:\/\/www.radiopiu.net\/wordpress\/wp-json\/wp\/v2\/media\/297527"}],"wp:attachment":[{"href":"https:\/\/www.radiopiu.net\/wordpress\/wp-json\/wp\/v2\/media?parent=297525"}],"wp:term":[{"taxonomy":"category","embeddable":true,"href":"https:\/\/www.radiopiu.net\/wordpress\/wp-json\/wp\/v2\/categories?post=297525"},{"taxonomy":"post_tag","embeddable":true,"href":"https:\/\/www.radiopiu.net\/wordpress\/wp-json\/wp\/v2\/tags?post=297525"}],"curies":[{"name":"wp","href":"https:\/\/api.w.org\/{rel}","templated":true}]}}