{"id":297556,"date":"2022-09-16T23:59:27","date_gmt":"2022-09-16T21:59:27","guid":{"rendered":"https:\/\/www.radiopiu.net\/wordpress\/?p=297556"},"modified":"2022-09-16T23:03:35","modified_gmt":"2022-09-16T21:03:35","slug":"disco-piu-dal-17-al-23-settembre-2022","status":"publish","type":"post","link":"https:\/\/www.radiopiu.net\/wordpress\/disco-piu-dal-17-al-23-settembre-2022\/","title":{"rendered":"DISCO PIU\u2019 DAL 17 AL 23 SETTEMBRE 2022"},"content":{"rendered":"<p><strong><a class=\"dt-pswp-item\" href=\"https:\/\/www.radiopiu.net\/wordpress\/wp-content\/uploads\/2022\/09\/marco-mengoni-tutti-i-miei-ricordi-scaled.jpg\" data-dt-img-description=\"\" data-large_image_width=\"2560\" data-large_image_height=\"2560\"><img loading=\"lazy\" decoding=\"async\" class=\"alignleft wp-image-297557 size-medium\" src=\"https:\/\/www.radiopiu.net\/wordpress\/wp-content\/uploads\/2022\/09\/marco-mengoni-tutti-i-miei-ricordi-300x300.jpg\" alt=\"\" width=\"300\" height=\"300\" srcset=\"https:\/\/www.radiopiu.net\/wordpress\/wp-content\/uploads\/2022\/09\/marco-mengoni-tutti-i-miei-ricordi-300x300.jpg 300w, https:\/\/www.radiopiu.net\/wordpress\/wp-content\/uploads\/2022\/09\/marco-mengoni-tutti-i-miei-ricordi-1024x1024.jpg 1024w, https:\/\/www.radiopiu.net\/wordpress\/wp-content\/uploads\/2022\/09\/marco-mengoni-tutti-i-miei-ricordi-150x150.jpg 150w, https:\/\/www.radiopiu.net\/wordpress\/wp-content\/uploads\/2022\/09\/marco-mengoni-tutti-i-miei-ricordi-768x768.jpg 768w, https:\/\/www.radiopiu.net\/wordpress\/wp-content\/uploads\/2022\/09\/marco-mengoni-tutti-i-miei-ricordi-1536x1536.jpg 1536w, https:\/\/www.radiopiu.net\/wordpress\/wp-content\/uploads\/2022\/09\/marco-mengoni-tutti-i-miei-ricordi-2048x2048.jpg 2048w\" sizes=\"auto, (max-width: 300px) 100vw, 300px\" \/><\/a>I SUCCESSI DI DOMANI<\/strong><\/p>\n<p><strong>LI ASCOLTI OGGI\u2026SU RADIO PIU\u2019<\/strong><\/p>\n<p><strong>IL DISCO PIU\u2019 DAL 17 AL 23 SETTEMBRE 2022 E\u2019:<\/strong><\/p>\n<p><strong>ARTISTA:<\/strong> <strong>Marco Mengoni<\/strong><\/p>\n<p><strong>TITOLO: Tutti I miei Ricordi<\/strong><\/p>\n<p><strong>ETICHETTA: Epic\/Sony Music<\/strong><\/p>\n<p>&nbsp;<\/p>\n<p>Tutti i miei ricordi (Epic Records Italy \/ Sony Music Italy), il nuovo singolo di Marco Mengoni che anticipa MATERIA (Pelle), il secondo album del progetto discografico MATERIA, in uscita il 7 ottobre. Tutti i miei ricordi porta in s\u00e9 il seme della contaminazione, degli incontri inaspettati e dei mondi differenti che si amalgamano perfettamente pur mantenendo le proprie peculiarit\u00e0. E cos\u00ec il mondo del clubbing si fonde con i tanti strumenti suonati in questo brano, dagli archi ad elementi pi\u00f9 inaspettati come la body percussion. Nel brano, scritto da Marco Mengoni, Alessandro La Cava, Roberto Casalino e Dario Faini, che ne firma anche la produzione come DRD, la prima per Mengoni, la voce di Marco emerge energica e racconta di una presa di coscienza dell\u2019importanza del passato e di quei ricordi che saranno la \u201cschiena contro il vento\u201d per affrontare il futuro. Tutti i miei ricordi, con il suo testo intenso e malinconico e l\u2019arrangiamento ritmato e coinvolgente, \u00e8 contaminazione, consapevolezza e onest\u00e0. MATERIA (Pelle) \u00e8 il proseguimento del progetto musicale MATERIA, un percorso in tre album iniziato con MATERIA (Terra), certificato doppio disco di platino, per mostrare le tre anime differenti, ma complementari, che uniscono le origini musicali di Mengoni, le sue ricerche sonore e la sua attenzione verso la contemporaneit\u00e0. Tre album che, in tre mondi sonori differenti, rappresentano e raccontano la sua unicit\u00e0 musicale, attraverso il racconto di ci\u00f2 che per lui \u00e8 importante.<\/p>\n<p>&nbsp;<\/p>\n<p><iframe loading=\"lazy\" title=\"Tutti I Miei Ricordi\" width=\"1200\" height=\"900\" src=\"https:\/\/www.youtube.com\/embed\/scjVxhg3TOs?feature=oembed\" frameborder=\"0\" allow=\"accelerometer; autoplay; clipboard-write; encrypted-media; gyroscope; picture-in-picture\" allowfullscreen><\/iframe><\/p>\n<p>&nbsp;<\/p>\n<p>&nbsp;<\/p>\n<p>****<\/p>\n","protected":false},"excerpt":{"rendered":"<p>I SUCCESSI DI DOMANI LI ASCOLTI OGGI\u2026SU RADIO PIU\u2019 IL DISCO PIU\u2019 DAL 17 AL 23 SETTEMBRE 2022 E\u2019: ARTISTA: Marco Mengoni TITOLO: Tutti I miei Ricordi ETICHETTA: Epic\/Sony Music &nbsp; Tutti i miei ricordi (Epic Records Italy \/ Sony Music Italy), il nuovo singolo di Marco Mengoni che anticipa MATERIA (Pelle), il secondo album&hellip;<\/p>\n","protected":false},"author":4,"featured_media":297557,"comment_status":"closed","ping_status":"closed","sticky":false,"template":"","format":"standard","meta":{"_monsterinsights_skip_tracking":false,"_monsterinsights_sitenote_active":false,"_monsterinsights_sitenote_note":"","_monsterinsights_sitenote_category":0,"footnotes":""},"categories":[15],"tags":[],"class_list":["post-297556","post","type-post","status-publish","format-standard","has-post-thumbnail","hentry","category-discopiu","category-15","description-off"],"img_url":"https:\/\/www.radiopiu.net\/wordpress\/wp-content\/uploads\/2022\/09\/marco-mengoni-tutti-i-miei-ricordi-scaled.jpg","_links":{"self":[{"href":"https:\/\/www.radiopiu.net\/wordpress\/wp-json\/wp\/v2\/posts\/297556","targetHints":{"allow":["GET"]}}],"collection":[{"href":"https:\/\/www.radiopiu.net\/wordpress\/wp-json\/wp\/v2\/posts"}],"about":[{"href":"https:\/\/www.radiopiu.net\/wordpress\/wp-json\/wp\/v2\/types\/post"}],"author":[{"embeddable":true,"href":"https:\/\/www.radiopiu.net\/wordpress\/wp-json\/wp\/v2\/users\/4"}],"replies":[{"embeddable":true,"href":"https:\/\/www.radiopiu.net\/wordpress\/wp-json\/wp\/v2\/comments?post=297556"}],"version-history":[{"count":0,"href":"https:\/\/www.radiopiu.net\/wordpress\/wp-json\/wp\/v2\/posts\/297556\/revisions"}],"wp:featuredmedia":[{"embeddable":true,"href":"https:\/\/www.radiopiu.net\/wordpress\/wp-json\/wp\/v2\/media\/297557"}],"wp:attachment":[{"href":"https:\/\/www.radiopiu.net\/wordpress\/wp-json\/wp\/v2\/media?parent=297556"}],"wp:term":[{"taxonomy":"category","embeddable":true,"href":"https:\/\/www.radiopiu.net\/wordpress\/wp-json\/wp\/v2\/categories?post=297556"},{"taxonomy":"post_tag","embeddable":true,"href":"https:\/\/www.radiopiu.net\/wordpress\/wp-json\/wp\/v2\/tags?post=297556"}],"curies":[{"name":"wp","href":"https:\/\/api.w.org\/{rel}","templated":true}]}}