{"id":297560,"date":"2022-09-19T05:26:58","date_gmt":"2022-09-19T03:26:58","guid":{"rendered":"https:\/\/www.radiopiu.net\/wordpress\/?p=297560"},"modified":"2022-09-19T08:55:46","modified_gmt":"2022-09-19T06:55:46","slug":"giornale-radiopiu-19-settembre-2022-direttore-mirko-mezzacasa","status":"publish","type":"post","link":"https:\/\/www.radiopiu.net\/wordpress\/giornale-radiopiu-19-settembre-2022-direttore-mirko-mezzacasa\/","title":{"rendered":"GIORNALE RADIOPIU 19 SETTEMBRE 2022 DIRETTORE MIRKO MEZZACASA"},"content":{"rendered":"<h3 class=\"kvgmc6g5 cxmmr5t8 oygrvhab hcukyx3x c1et5uql\"><span style=\"color: #0000ff;\"><strong>RADIO PIU INFORMAZIONE il canale su TELEGRAM informazione di prima\u00a0\u00a0<\/strong><strong>mano e in tempo reale. iscriviti ed aiutaci a farlo conoscere<\/strong><\/span><\/h3>\n<p>&nbsp;<\/p>\n<hr \/>\n<p>&nbsp;<\/p>\n<blockquote>\n<h3>IL 22 SETTEMBRE BREVI INTERRUZIONI SULLA SR 203 AGORDINA<\/h3>\n<\/blockquote>\n<p><strong><a class=\"dt-pswp-item\" href=\"https:\/\/www.radiopiu.net\/wordpress\/wp-content\/uploads\/2020\/05\/VENETO-STRADE.png\" data-dt-img-description=\"\" data-large_image_width=\"400\" data-large_image_height=\"400\"><img loading=\"lazy\" decoding=\"async\" class=\"size-thumbnail wp-image-135574 alignleft\" src=\"https:\/\/www.radiopiu.net\/wordpress\/wp-content\/uploads\/2020\/05\/VENETO-STRADE-150x150.png\" alt=\"\" width=\"150\" height=\"150\" srcset=\"https:\/\/www.radiopiu.net\/wordpress\/wp-content\/uploads\/2020\/05\/VENETO-STRADE-150x150.png 150w, https:\/\/www.radiopiu.net\/wordpress\/wp-content\/uploads\/2020\/05\/VENETO-STRADE-300x300.png 300w, https:\/\/www.radiopiu.net\/wordpress\/wp-content\/uploads\/2020\/05\/VENETO-STRADE.png 400w\" sizes=\"auto, (max-width: 150px) 100vw, 150px\" \/><\/a> <\/strong><\/p>\n<p><strong>\u00a0<\/strong><\/p>\n<p><strong>SEDICO<\/strong> Veneto Strade comunica che il 22 settembre la SR 203 Agordina sar\u00e0 interessata da brevi interruzioni della durata di 5 minuti per consentire la rimozione di pali ENEL. Le interruzioni saranno gestite da movieri e gli orari interessati sono dalle 8 alle 13:30 e dalle 14:30 alle 17 tra le localit\u00e0 Peron e La Stanga.<\/p>\n<p>&nbsp;<\/p>\n<p>&nbsp;<\/p>\n<p>&nbsp;<\/p>\n<hr \/>\n<p>&nbsp;<\/p>\n<blockquote>\n<h1><\/h1>\n<h1><strong><span style=\"color: #ff0000;\">CINQUE FRAZIONI SENZ&#8217;ACQUA, LA CAUSA: UNA POMPA ROTTA<\/span><\/strong><\/h1>\n<\/blockquote>\n<p><strong>BELLUNO<\/strong> Interessate le frazioni di Levego, Sagrogna, Oltreval, Castion e Cirvoi rimasti per gran parte della giornata senza acqua da mezzogiorno. A causare la mancata erogazione dell&#8217;acqua \u00e8 stata una ingente perdita individuata lungo la rete idrica che serve proprio le cinque frazioni, ovvero un\u00a0 guasto ad una pompa della vasca di Faverga. Grazie al gran lavoro dei tecnici di GSP, quelli reperibili anche alla domenica all&#8217;ora di pranzo,\u00a0 poco dopo le 16 l&#8217;acqua \u00e8 tornat nelle case delle frazioni.<\/p>\n<p>&nbsp;<\/p>\n<hr \/>\n<p>&nbsp;<\/p>\n<p>&nbsp;<\/p>\n<p><span style=\"color: #0000ff;\"><strong>ACQUA DI NUOVO\u00a0 POTABILE <\/strong><\/span>\u00a0in localit\u00e0 <span style=\"color: #ff0000;\">COLLAZ <span style=\"color: #000000;\">di Cencenighe<\/span><\/span><\/p>\n<p>&nbsp;<\/p>\n<p><strong>ACQUA INQUINATA\u00a0 A LA VALLE AGORDINA<\/strong> nelle localit\u00e0<span style=\"color: #ff0000;\"> MUDA EST E AGRE<\/span> pu\u00f2 essere usata per scopi alimentari SOLO PREVIA bollitura.<\/p>\n<p><strong>ACQUA INQUINATA\u00a0 A GOSALDO<\/strong><span style=\"color: #ff0000;\"> LE FOCHE, LAMBROI, DENEORE, MAGAIT, REN, SELLE, COL TAMAI, BITTI, GIARDOI E PETTUINE <span style=\"color: #000000;\">GSP ha, comunque, gi\u00e0 adottato le necessarie misure per la disinfezione dell&#8217;acqua presente nei serbatoi e nella rete idrica con l&#8217;aggiunta di cloro.<\/span><\/span><\/p>\n<p>&nbsp;<\/p>\n<hr \/>\n<p>&nbsp;<\/p>\n<blockquote>\n<h3>NELLA NOTTE SCOSSA DI TERREMOTO NEL VENEZIANO<\/h3>\n<\/blockquote>\n<p>&nbsp;<\/p>\n<p><strong>VENEZIA<\/strong> Lieve scossa di terremoto questa notte alle 3.46 con epicentro ad Annone Veneto. Profondit\u00e0 3 chilometri, magnitudo 1,9. Terremoto localizzato dalla sala sismica INGV di Roma.<\/p>\n<p><a class=\"dt-pswp-item\" href=\"https:\/\/www.radiopiu.net\/wordpress\/wp-content\/uploads\/2022\/09\/UNO.jpg\" data-dt-img-description=\"\" data-large_image_width=\"338\" data-large_image_height=\"264\"><img loading=\"lazy\" decoding=\"async\" class=\"alignnone size-thumbnail wp-image-297816\" src=\"https:\/\/www.radiopiu.net\/wordpress\/wp-content\/uploads\/2022\/09\/UNO-150x150.jpg\" alt=\"\" width=\"150\" height=\"150\" \/><\/a><\/p>\n<p>&nbsp;<\/p>\n<p>&nbsp;<\/p>\n<hr \/>\n<p>&nbsp;<\/p>\n<blockquote>\n<h3>MALORE PER UN&#8217;ESCURSIONISTA A FORCELLA LAGAZUOI<\/h3>\n<\/blockquote>\n<p><strong>CORTINA\u00a0<\/strong>Attorno alle 10.20 di ieri la Centrale del 118 \u00e8 stata attivata per un&#8217;escursionista colta da malore, mentre si trovava in compagnia all&#8217;altezza di Forcella Lagazuoi. La 54enne di New York, che aveva accusato svenimento, nausea e vertigini improvvise, una volta valutate le sue condizioni \u00e8 stata recuperata in hovering dall&#8217;elicottero del Suem di Pieve di Cadore e trasportata all&#8217;ospedale di Belluno per le dovute verifiche.<\/p>\n<p>&nbsp;<\/p>\n<p>&nbsp;<\/p>\n<hr \/>\n<p>&nbsp;<\/p>\n<blockquote>\n<h3>COLTA DA MALORE AI CADINI DEL BRENTON<\/h3>\n<\/blockquote>\n<p><strong><a class=\"dt-pswp-item\" href=\"https:\/\/www.radiopiu.net\/wordpress\/wp-content\/uploads\/2022\/09\/salt_20220918_181723_498.jpg\" data-dt-img-description=\"\" data-large_image_width=\"1773\" data-large_image_height=\"2364\"><img loading=\"lazy\" decoding=\"async\" class=\" wp-image-297775 alignleft\" src=\"https:\/\/www.radiopiu.net\/wordpress\/wp-content\/uploads\/2022\/09\/salt_20220918_181723_498-150x150.jpg\" alt=\"\" width=\"118\" height=\"118\" \/><\/a>SOSPIROLO<\/strong> Ieri alle 16.45 circa la Centrale del 118 \u00e8 stata allertata per un&#8217;escursionista colta da malore nelle vicinanze di uno dei ponticelli dei Cadini del Brenton in Valle del Mis. A dare l&#8217;allarme uno dei compagni sceso fino alla biglietteria, a dieci minuti di distanza, per riuscire a trovare campo. La 56enne di Paese (TV) \u00e8 stata raggiunta da quattro soccorritori di Belluno, intervenuti in supporto all&#8217;equipaggio dell&#8217;elicottero del Suem di Pieve di Cadore, medico, infermiera e tecnico di elisoccorso calati con un verricello di 15 metri. Prestate le prime cure, la donna caricata in barella \u00e8 stata spostata in un punto privo di vegetazione e issata a bordo, per essere poi trasportata all&#8217;ospedale di Belluno per gli approfondimenti del caso.<\/p>\n<p>&nbsp;<\/p>\n<p>&nbsp;<\/p>\n<hr \/>\n<p>&nbsp;<\/p>\n<blockquote>\n<h3>IL SIT IN PER SALVARE LO SPORT<\/h3>\n<\/blockquote>\n<p><strong>ALLEGHE<\/strong> All&#8217;esterno dello Stadio Alvise De Toni di Alleghe il sit in organizzato dal Alleghe Hockey ed Agordino Ghiaccio &amp; Sport dopo l&#8217;annunciata chiusura del palaghiaccio da parte dell&#8217;amministrazione comunale. Una manifestazione pacifica per salvare lo sport in generale.<\/p>\n<p>LO STADIO DEL GHIACCIO DI ALLEGHE &#8220;UN&#8217;ISTITUZIONE&#8221; HA DETTO IERI AD ALLEGHE IL CONSIGLIERE REGIONALE SILVIA CESTARO. &#8220;NESSUNA ALTERNATIVA&#8221;, CHIARO IL SINDACO DANILO DE TONI &#8220;Nessuna, prima ci sono i servizi essenziali&#8221;. IERI AD ALLEGHE IL SIT INT ORGANIZZATO DA ALLEGHE HOCKEY, AGORDINO GHIACCIO SPORT. TANTE LE ASSOCIAZIONI, I GRUPPI SPORTIVI, LA SQUADRA DELLA PISCINA COMPRENSORIALE DI AGORDO, GENITORI, GIOCATORI, EX GIOCATORI CHE AL DE TONI HANNO SCRITTO PAGINE DI STORIA. VALERIA ROSSON DI AGORDINO GHIACCIO E SPORT HA INVITATO A FARE SQUADRA. INEVITABILI I CONTRACCOLPI PER L&#8217;AGORDINO HA DETTO IL PRESIDENTE DI FEDERALBERGHI WALTER DE CASSAN. &#8220;IO NON CI STO&#8221; HA TUONATO IL PRESIDENTE ADRIANO LEVIS &#8220;PERCHE&#8217; LO STADIO E&#8217; UN&#8217;ISTITUZIONE PER L&#8217;ITALIA DELL&#8217;HOCKEY&#8221;. IL SENATORE LUCA DE CARLO HA SINTETIZZATO &#8220;AIUTI SUBITO&#8221;.<\/p>\n<p>&nbsp;<\/p>\n<p>&nbsp;<\/p>\n<p>&nbsp;<\/p>\n<p><strong>L&#8217;INTERVISTA A MANUEL DE TONI<\/strong><\/p>\n<audio class=\"wp-audio-shortcode\" id=\"audio-297560-1\" preload=\"none\" style=\"width: 100%;\" controls=\"controls\"><source type=\"audio\/mpeg\" src=\"https:\/\/www.radiopiu.net\/wordpress\/wp-content\/uploads\/2022\/09\/INTERVISTA-MANUEL-DE-TONI.mp3?_=1\" \/><a href=\"https:\/\/www.radiopiu.net\/wordpress\/wp-content\/uploads\/2022\/09\/INTERVISTA-MANUEL-DE-TONI.mp3\">https:\/\/www.radiopiu.net\/wordpress\/wp-content\/uploads\/2022\/09\/INTERVISTA-MANUEL-DE-TONI.mp3<\/a><\/audio>\n<p>&nbsp;<\/p>\n<p><strong>LA DIRETTA RADIO PIU&#8217;<\/strong><\/p>\n<p>https:\/\/www.facebook.com\/marco.baghy.1\/videos\/646014167126016<\/p>\n<p>&nbsp;<\/p>\n<p><strong>LA FOTOGALLERY<\/strong><\/p>\n\n\t\t\t<style type='text\/css'>\n\t\t\t\t#gallery-1 {\n\t\t\t\t\tmargin: auto;\n\t\t\t\t}\n\t\t\t\t#gallery-1 .gallery-item {\n\t\t\t\t\tfloat: left;\n\t\t\t\t\tmargin-top: 10px;\n\t\t\t\t\ttext-align: center;\n\t\t\t\t\twidth: 25%;\n\t\t\t\t}\n\t\t\t\t#gallery-1 img {\n\t\t\t\t\tborder: 2px solid #cfcfcf;\n\t\t\t\t}\n\t\t\t\t#gallery-1 .gallery-caption {\n\t\t\t\t\tmargin-left: 0;\n\t\t\t\t}\n\t\t\t\t\/* see gallery_shortcode() in wp-includes\/media.php *\/\n\t\t\t<\/style>\n\t\t<div id='gallery-1' class='dt-gallery-container gallery galleryid-297560 gallery-columns-4 gallery-size-thumbnail'><dl class='gallery-item'>\n\t\t\t\t<dt class='gallery-icon landscape'>\n\t\t\t\t\t<a class=\"rollover rollover-zoom dt-pswp-item\" title=\"aad0acfb-06fc-463e-9f2f-6430cbf6b206\" data-dt-img-description=\"\" data-large_image_width=\"1024\" data-large_image_height=\"768\"href='https:\/\/www.radiopiu.net\/wordpress\/wp-content\/uploads\/2022\/09\/aad0acfb-06fc-463e-9f2f-6430cbf6b206.jpg'><img loading=\"lazy\" decoding=\"async\" width=\"150\" height=\"150\" src=\"https:\/\/www.radiopiu.net\/wordpress\/wp-content\/uploads\/2022\/09\/aad0acfb-06fc-463e-9f2f-6430cbf6b206-150x150.jpg\" class=\"attachment-thumbnail size-thumbnail\" alt=\"\" \/><\/a>\n\t\t\t\t<\/dt><\/dl><dl class='gallery-item'>\n\t\t\t\t<dt class='gallery-icon landscape'>\n\t\t\t\t\t<a class=\"rollover rollover-zoom dt-pswp-item\" title=\"4779e01d-9693-41e4-807a-485f566f1a89\" data-dt-img-description=\"\" data-large_image_width=\"1024\" data-large_image_height=\"768\"href='https:\/\/www.radiopiu.net\/wordpress\/wp-content\/uploads\/2022\/09\/4779e01d-9693-41e4-807a-485f566f1a89.jpg'><img loading=\"lazy\" decoding=\"async\" width=\"150\" height=\"150\" src=\"https:\/\/www.radiopiu.net\/wordpress\/wp-content\/uploads\/2022\/09\/4779e01d-9693-41e4-807a-485f566f1a89-150x150.jpg\" class=\"attachment-thumbnail size-thumbnail\" alt=\"\" \/><\/a>\n\t\t\t\t<\/dt><\/dl><dl class='gallery-item'>\n\t\t\t\t<dt class='gallery-icon landscape'>\n\t\t\t\t\t<a class=\"rollover rollover-zoom dt-pswp-item\" title=\"0af9ebb9-6b77-4c5c-816c-05764d163ffc\" data-dt-img-description=\"\" data-large_image_width=\"1024\" data-large_image_height=\"589\"href='https:\/\/www.radiopiu.net\/wordpress\/wp-content\/uploads\/2022\/09\/0af9ebb9-6b77-4c5c-816c-05764d163ffc.jpg'><img loading=\"lazy\" decoding=\"async\" width=\"150\" height=\"150\" src=\"https:\/\/www.radiopiu.net\/wordpress\/wp-content\/uploads\/2022\/09\/0af9ebb9-6b77-4c5c-816c-05764d163ffc-150x150.jpg\" class=\"attachment-thumbnail size-thumbnail\" alt=\"\" \/><\/a>\n\t\t\t\t<\/dt><\/dl><dl class='gallery-item'>\n\t\t\t\t<dt class='gallery-icon landscape'>\n\t\t\t\t\t<a class=\"rollover rollover-zoom dt-pswp-item\" title=\"47514550-6173-4033-9051-1810ee308b5a\" data-dt-img-description=\"\" data-large_image_width=\"1024\" data-large_image_height=\"768\"href='https:\/\/www.radiopiu.net\/wordpress\/wp-content\/uploads\/2022\/09\/47514550-6173-4033-9051-1810ee308b5a.jpg'><img loading=\"lazy\" decoding=\"async\" width=\"150\" height=\"150\" src=\"https:\/\/www.radiopiu.net\/wordpress\/wp-content\/uploads\/2022\/09\/47514550-6173-4033-9051-1810ee308b5a-150x150.jpg\" class=\"attachment-thumbnail size-thumbnail\" alt=\"\" \/><\/a>\n\t\t\t\t<\/dt><\/dl><br style=\"clear: both\" \/><dl class='gallery-item'>\n\t\t\t\t<dt class='gallery-icon landscape'>\n\t\t\t\t\t<a class=\"rollover rollover-zoom dt-pswp-item\" title=\"12f0b301-fe58-4c25-aade-aff1ed5e7bcf\" data-dt-img-description=\"\" data-large_image_width=\"1024\" data-large_image_height=\"768\"href='https:\/\/www.radiopiu.net\/wordpress\/wp-content\/uploads\/2022\/09\/12f0b301-fe58-4c25-aade-aff1ed5e7bcf.jpg'><img loading=\"lazy\" decoding=\"async\" width=\"150\" height=\"150\" src=\"https:\/\/www.radiopiu.net\/wordpress\/wp-content\/uploads\/2022\/09\/12f0b301-fe58-4c25-aade-aff1ed5e7bcf-150x150.jpg\" class=\"attachment-thumbnail size-thumbnail\" alt=\"\" \/><\/a>\n\t\t\t\t<\/dt><\/dl><dl class='gallery-item'>\n\t\t\t\t<dt class='gallery-icon landscape'>\n\t\t\t\t\t<a class=\"rollover rollover-zoom dt-pswp-item\" title=\"5d4c4936-ae1f-4098-9a1c-a732f1ea6b88\" data-dt-img-description=\"\" data-large_image_width=\"1024\" data-large_image_height=\"768\"href='https:\/\/www.radiopiu.net\/wordpress\/wp-content\/uploads\/2022\/09\/5d4c4936-ae1f-4098-9a1c-a732f1ea6b88.jpg'><img loading=\"lazy\" decoding=\"async\" width=\"150\" height=\"150\" src=\"https:\/\/www.radiopiu.net\/wordpress\/wp-content\/uploads\/2022\/09\/5d4c4936-ae1f-4098-9a1c-a732f1ea6b88-150x150.jpg\" class=\"attachment-thumbnail size-thumbnail\" alt=\"\" \/><\/a>\n\t\t\t\t<\/dt><\/dl><dl class='gallery-item'>\n\t\t\t\t<dt class='gallery-icon landscape'>\n\t\t\t\t\t<a class=\"rollover rollover-zoom dt-pswp-item\" title=\"20bf06f6-709c-4f74-bacd-54d4aa8fdd6e\" data-dt-img-description=\"\" data-large_image_width=\"1024\" data-large_image_height=\"768\"href='https:\/\/www.radiopiu.net\/wordpress\/wp-content\/uploads\/2022\/09\/20bf06f6-709c-4f74-bacd-54d4aa8fdd6e.jpg'><img loading=\"lazy\" decoding=\"async\" width=\"150\" height=\"150\" src=\"https:\/\/www.radiopiu.net\/wordpress\/wp-content\/uploads\/2022\/09\/20bf06f6-709c-4f74-bacd-54d4aa8fdd6e-150x150.jpg\" class=\"attachment-thumbnail size-thumbnail\" alt=\"\" \/><\/a>\n\t\t\t\t<\/dt><\/dl><dl class='gallery-item'>\n\t\t\t\t<dt class='gallery-icon portrait'>\n\t\t\t\t\t<a class=\"rollover rollover-zoom dt-pswp-item\" title=\"ca82b8c6-a3cd-40bc-a3be-0dc711ba6c55\" data-dt-img-description=\"\" data-large_image_width=\"866\" data-large_image_height=\"1024\"href='https:\/\/www.radiopiu.net\/wordpress\/wp-content\/uploads\/2022\/09\/ca82b8c6-a3cd-40bc-a3be-0dc711ba6c55.jpg'><img loading=\"lazy\" decoding=\"async\" width=\"150\" height=\"150\" src=\"https:\/\/www.radiopiu.net\/wordpress\/wp-content\/uploads\/2022\/09\/ca82b8c6-a3cd-40bc-a3be-0dc711ba6c55-150x150.jpg\" class=\"attachment-thumbnail size-thumbnail\" alt=\"\" \/><\/a>\n\t\t\t\t<\/dt><\/dl><br style=\"clear: both\" \/><dl class='gallery-item'>\n\t\t\t\t<dt class='gallery-icon portrait'>\n\t\t\t\t\t<a class=\"rollover rollover-zoom dt-pswp-item\" title=\"6d89371b-2e19-4fb0-a881-eea9eb1f49da\" data-dt-img-description=\"\" data-large_image_width=\"554\" data-large_image_height=\"1024\"href='https:\/\/www.radiopiu.net\/wordpress\/wp-content\/uploads\/2022\/09\/6d89371b-2e19-4fb0-a881-eea9eb1f49da.jpg'><img loading=\"lazy\" decoding=\"async\" width=\"150\" height=\"150\" src=\"https:\/\/www.radiopiu.net\/wordpress\/wp-content\/uploads\/2022\/09\/6d89371b-2e19-4fb0-a881-eea9eb1f49da-150x150.jpg\" class=\"attachment-thumbnail size-thumbnail\" alt=\"\" \/><\/a>\n\t\t\t\t<\/dt><\/dl><dl class='gallery-item'>\n\t\t\t\t<dt class='gallery-icon landscape'>\n\t\t\t\t\t<a class=\"rollover rollover-zoom dt-pswp-item\" title=\"ddfa1ea9-a587-4988-8181-41e80ec7431f\" data-dt-img-description=\"\" data-large_image_width=\"1024\" data-large_image_height=\"768\"href='https:\/\/www.radiopiu.net\/wordpress\/wp-content\/uploads\/2022\/09\/ddfa1ea9-a587-4988-8181-41e80ec7431f.jpg'><img loading=\"lazy\" decoding=\"async\" width=\"150\" height=\"150\" src=\"https:\/\/www.radiopiu.net\/wordpress\/wp-content\/uploads\/2022\/09\/ddfa1ea9-a587-4988-8181-41e80ec7431f-150x150.jpg\" class=\"attachment-thumbnail size-thumbnail\" alt=\"\" \/><\/a>\n\t\t\t\t<\/dt><\/dl><dl class='gallery-item'>\n\t\t\t\t<dt class='gallery-icon landscape'>\n\t\t\t\t\t<a class=\"rollover rollover-zoom dt-pswp-item\" title=\"9542f544-678d-4381-b1e5-0b8cbdd6dd01\" data-dt-img-description=\"\" data-large_image_width=\"1024\" data-large_image_height=\"768\"href='https:\/\/www.radiopiu.net\/wordpress\/wp-content\/uploads\/2022\/09\/9542f544-678d-4381-b1e5-0b8cbdd6dd01.jpg'><img loading=\"lazy\" decoding=\"async\" width=\"150\" height=\"150\" src=\"https:\/\/www.radiopiu.net\/wordpress\/wp-content\/uploads\/2022\/09\/9542f544-678d-4381-b1e5-0b8cbdd6dd01-150x150.jpg\" class=\"attachment-thumbnail size-thumbnail\" alt=\"\" \/><\/a>\n\t\t\t\t<\/dt><\/dl><dl class='gallery-item'>\n\t\t\t\t<dt class='gallery-icon portrait'>\n\t\t\t\t\t<a class=\"rollover rollover-zoom dt-pswp-item\" title=\"520b1220-402a-4599-9765-6b39a5a3afe9\" data-dt-img-description=\"\" data-large_image_width=\"692\" data-large_image_height=\"1024\"href='https:\/\/www.radiopiu.net\/wordpress\/wp-content\/uploads\/2022\/09\/520b1220-402a-4599-9765-6b39a5a3afe9.jpg'><img loading=\"lazy\" decoding=\"async\" width=\"150\" height=\"150\" src=\"https:\/\/www.radiopiu.net\/wordpress\/wp-content\/uploads\/2022\/09\/520b1220-402a-4599-9765-6b39a5a3afe9-150x150.jpg\" class=\"attachment-thumbnail size-thumbnail\" alt=\"\" \/><\/a>\n\t\t\t\t<\/dt><\/dl><br style=\"clear: both\" \/><dl class='gallery-item'>\n\t\t\t\t<dt class='gallery-icon portrait'>\n\t\t\t\t\t<a class=\"rollover rollover-zoom dt-pswp-item\" title=\"3893ed97-97fc-44b9-827f-6cce24c8ab89\" data-dt-img-description=\"\" data-large_image_width=\"750\" data-large_image_height=\"1024\"href='https:\/\/www.radiopiu.net\/wordpress\/wp-content\/uploads\/2022\/09\/3893ed97-97fc-44b9-827f-6cce24c8ab89.jpg'><img loading=\"lazy\" decoding=\"async\" width=\"150\" height=\"150\" src=\"https:\/\/www.radiopiu.net\/wordpress\/wp-content\/uploads\/2022\/09\/3893ed97-97fc-44b9-827f-6cce24c8ab89-150x150.jpg\" class=\"attachment-thumbnail size-thumbnail\" alt=\"\" \/><\/a>\n\t\t\t\t<\/dt><\/dl><dl class='gallery-item'>\n\t\t\t\t<dt class='gallery-icon portrait'>\n\t\t\t\t\t<a class=\"rollover rollover-zoom dt-pswp-item\" title=\"c62782e5-3067-4ceb-bff4-a3eb58426a81\" data-dt-img-description=\"\" data-large_image_width=\"914\" data-large_image_height=\"1024\"href='https:\/\/www.radiopiu.net\/wordpress\/wp-content\/uploads\/2022\/09\/c62782e5-3067-4ceb-bff4-a3eb58426a81.jpg'><img loading=\"lazy\" decoding=\"async\" width=\"150\" height=\"150\" src=\"https:\/\/www.radiopiu.net\/wordpress\/wp-content\/uploads\/2022\/09\/c62782e5-3067-4ceb-bff4-a3eb58426a81-150x150.jpg\" class=\"attachment-thumbnail size-thumbnail\" alt=\"\" \/><\/a>\n\t\t\t\t<\/dt><\/dl><dl class='gallery-item'>\n\t\t\t\t<dt class='gallery-icon portrait'>\n\t\t\t\t\t<a class=\"rollover rollover-zoom dt-pswp-item\" title=\"7344686a-e530-4c0f-8cf1-f2b1f8076ad2\" data-dt-img-description=\"\" data-large_image_width=\"990\" data-large_image_height=\"1024\"href='https:\/\/www.radiopiu.net\/wordpress\/wp-content\/uploads\/2022\/09\/7344686a-e530-4c0f-8cf1-f2b1f8076ad2.jpg'><img loading=\"lazy\" decoding=\"async\" width=\"150\" height=\"150\" src=\"https:\/\/www.radiopiu.net\/wordpress\/wp-content\/uploads\/2022\/09\/7344686a-e530-4c0f-8cf1-f2b1f8076ad2-150x150.jpg\" class=\"attachment-thumbnail size-thumbnail\" alt=\"\" \/><\/a>\n\t\t\t\t<\/dt><\/dl><dl class='gallery-item'>\n\t\t\t\t<dt class='gallery-icon portrait'>\n\t\t\t\t\t<a class=\"rollover rollover-zoom dt-pswp-item\" title=\"8c5b178e-9940-4e35-a16c-cdb8070fcdb3\" data-dt-img-description=\"\" data-large_image_width=\"845\" data-large_image_height=\"1024\"href='https:\/\/www.radiopiu.net\/wordpress\/wp-content\/uploads\/2022\/09\/8c5b178e-9940-4e35-a16c-cdb8070fcdb3.jpg'><img loading=\"lazy\" decoding=\"async\" width=\"150\" height=\"150\" src=\"https:\/\/www.radiopiu.net\/wordpress\/wp-content\/uploads\/2022\/09\/8c5b178e-9940-4e35-a16c-cdb8070fcdb3-150x150.jpg\" class=\"attachment-thumbnail size-thumbnail\" alt=\"\" \/><\/a>\n\t\t\t\t<\/dt><\/dl><br style=\"clear: both\" \/>\n\t\t\t<\/div>\n\n<p>&nbsp;<\/p>\n<div style=\"width: 848px;\" class=\"wp-video\"><video class=\"wp-video-shortcode\" id=\"video-297560-1\" width=\"848\" height=\"480\" preload=\"metadata\" controls=\"controls\"><source type=\"video\/mp4\" src=\"https:\/\/www.radiopiu.net\/wordpress\/wp-content\/uploads\/2022\/09\/WhatsApp-Video-2022-09-18-at-13.56.04.mp4?_=1\" \/><a href=\"https:\/\/www.radiopiu.net\/wordpress\/wp-content\/uploads\/2022\/09\/WhatsApp-Video-2022-09-18-at-13.56.04.mp4\">https:\/\/www.radiopiu.net\/wordpress\/wp-content\/uploads\/2022\/09\/WhatsApp-Video-2022-09-18-at-13.56.04.mp4<\/a><\/video><\/div>\n<p>&nbsp;<\/p>\n<hr \/>\n<p>&nbsp;<\/p>\n<blockquote>\n<h3>PISTA DA BOB DI CORTINA, ANCHE IL COMITATO OLIMPICO HA DETTO\u00a0 SI&#8217;<\/h3>\n<\/blockquote>\n<p><strong><a class=\"dt-pswp-item\" href=\"https:\/\/www.radiopiu.net\/wordpress\/wp-content\/uploads\/2021\/04\/cortina_guide_bob-1.jpg\" data-dt-img-description=\"\" data-large_image_width=\"600\" data-large_image_height=\"300\"><img loading=\"lazy\" decoding=\"async\" class=\"alignleft wp-image-204667 size-thumbnail\" src=\"https:\/\/www.radiopiu.net\/wordpress\/wp-content\/uploads\/2021\/04\/cortina_guide_bob-1-150x150.jpg\" alt=\"\" width=\"150\" height=\"150\" \/><\/a>BELLUNO <\/strong>\u00ab<em>Nonostante sia stata per mesi al centro delle polemiche, la pista da bob a Cortina si far\u00e0. Il Cio, tramite il presidente Thomas Bach, ha dato l\u2019ok finale all\u2019opera. A questo punto, trasformiamo l\u2019energia di negativit\u00e0 e contrariet\u00e0 in una occasione per spingere al massimo sulla sostenibilit\u00e0: ambientale, economica e sociale<\/em>\u00bb. Cos\u00ec il presidente della Provincia di Belluno rispetto alla riqualificazione della pista \u201cEugenio Monti\u201d di Cortina, per la quale \u00e8 arrivato venerd\u00ec scorso anche il \u201cs\u00ec\u201d del presidente del Cio.\u00a0 L\u2019impianto ospiter\u00e0 le gare di bob, skeleton e slittino delle Olimpiadi invernali 2026. \u00ab<em>Senza queste discipline, peraltro previste nel masterplan olimpico, Cortina avrebbe solo alcune gare di sci alpino femminile e il curling, come ha ricordato anche il presidente del Coni Malag\u00f2. Ma il punto vero \u00e8 un altro: visto che la pista si far\u00e0, abbiamo il dovere di fare in modo che sia sostenibile, e che Cortina diventi il riferimento europeo per gli sport del ghiaccio. La Provincia lavorer\u00e0 per questo obiettivo, consapevole che la decisione finale di realizzare l\u2019opera non \u00e8 stata facile, soprattutto in un momento storico in cui l\u2019aumento dei costi in tutti i settori economici rende obbligatorio ponderare pi\u00f9 di prima qualsiasi scelta. Ma non possiamo cadere nell\u2019errore di mettere tutti i problemi in un unico calderone, come se in questo momento bloccare la costruzione di un\u2019opera finanziata potesse risolvere la speculazione sugli aumenti delle bollette. Altrimenti non dovremmo fare pi\u00f9 nulla<\/em>\u00bb sottolinea il presidente. \u00ab<em>Intanto va ricordato che si tratta di una riqualificazione e non di una costruzione ex novo. Bisogna spingere quindi perch\u00e9 la sostenibilit\u00e0 sia anche economica e sociale, basata su tecnologie che consentano di realizzare riduzione nei consumi e nei costi. Prima della chiusura dell\u2019impianto, gli albergatori di Cortina e di San Vito registravano presenze anche fuori stagione in concomitanza con gli allenamenti degli atleti. E l\u2019indotto che ne derivava non era affatto trascurabile. A questo punto, si faccia in modo che la struttura sia utilizzata a livello europeo per tutti gli sportivi di bob, skeleton e slittino, in modo da lavorare tutto l\u2019anno. La vera sfida \u00e8 proprio questa: preparare un piano di gestione in grado di massimizzare l\u2019utilizzo e ridurre i costi, in modo che la pista resti un punto di riferimento dopo la chiusura dei Giochi. Lo stesso ragionamento lo facciamo sulle infrastrutture viarie: le Olimpiadi lascino in eredit\u00e0 al territorio opere utili per le comunit\u00e0 locali, in grado di annullare l\u2019isolamento delle valli bellunesi<\/em>\u00bb. \u00ab<em>Pensare di formare a Cortina, in un impianto all\u2019avanguardia, i futuri campioni dello sport del ghiaccio, \u00e8 l\u2019obiettivo<\/em>\u00bb conclude il presidente della Provincia. \u00ab<em>Qui \u00e8 nato lo sport del bob, qui si \u00e8 sviluppata la tradizione di questa disciplina. Qui dovranno essere coltivati i talenti, non solo italiani<\/em>\u00bb.<\/p>\n<p>&nbsp;<\/p>\n<hr \/>\n<p>&nbsp;<\/p>\n<h2>VIGILI DEL FUOCO DI BELLUNO NELLE MARCHE<\/h2>\n<p><strong><a class=\"dt-pswp-item\" href=\"https:\/\/www.radiopiu.net\/wordpress\/wp-content\/uploads\/2020\/05\/VIGILI-DEL-FUOCO-LOGO.png\" data-dt-img-description=\"\" data-large_image_width=\"1200\" data-large_image_height=\"1200\"><img loading=\"lazy\" decoding=\"async\" class=\" wp-image-138743 alignleft\" src=\"https:\/\/www.radiopiu.net\/wordpress\/wp-content\/uploads\/2020\/05\/VIGILI-DEL-FUOCO-LOGO-150x150.png\" alt=\"\" width=\"97\" height=\"97\" srcset=\"https:\/\/www.radiopiu.net\/wordpress\/wp-content\/uploads\/2020\/05\/VIGILI-DEL-FUOCO-LOGO-150x150.png 150w, https:\/\/www.radiopiu.net\/wordpress\/wp-content\/uploads\/2020\/05\/VIGILI-DEL-FUOCO-LOGO-300x300.png 300w, https:\/\/www.radiopiu.net\/wordpress\/wp-content\/uploads\/2020\/05\/VIGILI-DEL-FUOCO-LOGO-1024x1024.png 1024w, https:\/\/www.radiopiu.net\/wordpress\/wp-content\/uploads\/2020\/05\/VIGILI-DEL-FUOCO-LOGO-768x768.png 768w, https:\/\/www.radiopiu.net\/wordpress\/wp-content\/uploads\/2020\/05\/VIGILI-DEL-FUOCO-LOGO.png 1200w\" sizes=\"auto, (max-width: 97px) 100vw, 97px\" \/><\/a>BELLUNO<\/strong> Vigili del fuoco nelle Marche. Come sempre, in caso di bisogno di aiuto, i pompieri sono sempre i primi a rendersi disponibili e anche in questo caso sono scesi verso il centro Italia per aiutare la popolazione colpita dall&#8217;alluvione. Il gruppo operativo speciale dei Vigili del Fuoco di Belluno \u00e8 partito con delle macchine per movimento terra. Pala gommata, escavatori, camion i mezzi portati nelle Marche.\u00a0 Sette\u00a0 pompieri bellunesi viaggeranno verso le zone alluvionate per dare una mano alla popolazione.<\/p>\n<p>&nbsp;<\/p>\n<div style=\"width: 1200px;\" class=\"wp-video\"><video class=\"wp-video-shortcode\" id=\"video-297560-2\" width=\"1200\" height=\"675\" preload=\"metadata\" controls=\"controls\"><source type=\"video\/mp4\" src=\"https:\/\/www.radiopiu.net\/wordpress\/wp-content\/uploads\/2022\/09\/WhatsApp-Video-2022-09-17-at-20.15.49.mp4?_=2\" \/><a href=\"https:\/\/www.radiopiu.net\/wordpress\/wp-content\/uploads\/2022\/09\/WhatsApp-Video-2022-09-17-at-20.15.49.mp4\">https:\/\/www.radiopiu.net\/wordpress\/wp-content\/uploads\/2022\/09\/WhatsApp-Video-2022-09-17-at-20.15.49.mp4<\/a><\/video><\/div>\n<p>&nbsp;<\/p>\n<p>Vigili del fuoco dei comandi del Veneto in rinforzo al dispositivo nazionale per l\u2019emergenza maltempo nelle Marche. Nel tardo pomeriggio di sabato sono partiti da Belluno gli automezzi della colonna mobile regionale del modulo movimento terra pesanti con 5 automezzi . Da Verona \u00e8 partito il modulo movimento terra leggero, con piccoli escavatori e 5 operatori. Domenica partiranno da Padova altri 7 vigili del fuoco del modulo eventi climatici. Presenti gi\u00e0 nelle Marche, sui diversi scenari alluvionali, 9 operatori del comando di Venezia e Treviso intervenuti con personale del modulo per il contrasto al rischio acquatico. Inoltre stanno operando anche due piloti SAPR (Sistema Aeromobile a Pilotaggio Remoto) della direzione interregionale dei vigili del fuoco del Veneto e Trentino Alto Adige.<\/p>\n\n\t\t\t<style type='text\/css'>\n\t\t\t\t#gallery-2 {\n\t\t\t\t\tmargin: auto;\n\t\t\t\t}\n\t\t\t\t#gallery-2 .gallery-item {\n\t\t\t\t\tfloat: left;\n\t\t\t\t\tmargin-top: 10px;\n\t\t\t\t\ttext-align: center;\n\t\t\t\t\twidth: 50%;\n\t\t\t\t}\n\t\t\t\t#gallery-2 img {\n\t\t\t\t\tborder: 2px solid #cfcfcf;\n\t\t\t\t}\n\t\t\t\t#gallery-2 .gallery-caption {\n\t\t\t\t\tmargin-left: 0;\n\t\t\t\t}\n\t\t\t\t\/* see gallery_shortcode() in wp-includes\/media.php *\/\n\t\t\t<\/style>\n\t\t<div id='gallery-2' class='dt-gallery-container gallery galleryid-297560 gallery-columns-2 gallery-size-medium'><dl class='gallery-item'>\n\t\t\t\t<dt class='gallery-icon landscape'>\n\t\t\t\t\t<a class=\"rollover rollover-zoom dt-pswp-item\" title=\"fa3343a0-963f-41cf-b15e-d91202abb2e1\" data-dt-img-description=\"\" data-large_image_width=\"1092\" data-large_image_height=\"576\"href='https:\/\/www.radiopiu.net\/wordpress\/wp-content\/uploads\/2022\/09\/fa3343a0-963f-41cf-b15e-d91202abb2e1.jpg'><img loading=\"lazy\" decoding=\"async\" width=\"300\" height=\"158\" src=\"https:\/\/www.radiopiu.net\/wordpress\/wp-content\/uploads\/2022\/09\/fa3343a0-963f-41cf-b15e-d91202abb2e1-300x158.jpg\" class=\"attachment-medium size-medium\" alt=\"\" srcset=\"https:\/\/www.radiopiu.net\/wordpress\/wp-content\/uploads\/2022\/09\/fa3343a0-963f-41cf-b15e-d91202abb2e1-300x158.jpg 300w, https:\/\/www.radiopiu.net\/wordpress\/wp-content\/uploads\/2022\/09\/fa3343a0-963f-41cf-b15e-d91202abb2e1-1024x540.jpg 1024w, https:\/\/www.radiopiu.net\/wordpress\/wp-content\/uploads\/2022\/09\/fa3343a0-963f-41cf-b15e-d91202abb2e1-768x405.jpg 768w, https:\/\/www.radiopiu.net\/wordpress\/wp-content\/uploads\/2022\/09\/fa3343a0-963f-41cf-b15e-d91202abb2e1.jpg 1092w\" sizes=\"auto, (max-width: 300px) 100vw, 300px\" \/><\/a>\n\t\t\t\t<\/dt><\/dl><dl class='gallery-item'>\n\t\t\t\t<dt class='gallery-icon landscape'>\n\t\t\t\t\t<a class=\"rollover rollover-zoom dt-pswp-item\" title=\"fccbaecb-8aad-45ab-9e45-54c2a5b84aea\" data-dt-img-description=\"\" data-large_image_width=\"1152\" data-large_image_height=\"532\"href='https:\/\/www.radiopiu.net\/wordpress\/wp-content\/uploads\/2022\/09\/fccbaecb-8aad-45ab-9e45-54c2a5b84aea.jpg'><img loading=\"lazy\" decoding=\"async\" width=\"300\" height=\"139\" src=\"https:\/\/www.radiopiu.net\/wordpress\/wp-content\/uploads\/2022\/09\/fccbaecb-8aad-45ab-9e45-54c2a5b84aea-300x139.jpg\" class=\"attachment-medium size-medium\" alt=\"\" srcset=\"https:\/\/www.radiopiu.net\/wordpress\/wp-content\/uploads\/2022\/09\/fccbaecb-8aad-45ab-9e45-54c2a5b84aea-300x139.jpg 300w, https:\/\/www.radiopiu.net\/wordpress\/wp-content\/uploads\/2022\/09\/fccbaecb-8aad-45ab-9e45-54c2a5b84aea-1024x473.jpg 1024w, https:\/\/www.radiopiu.net\/wordpress\/wp-content\/uploads\/2022\/09\/fccbaecb-8aad-45ab-9e45-54c2a5b84aea-768x355.jpg 768w, https:\/\/www.radiopiu.net\/wordpress\/wp-content\/uploads\/2022\/09\/fccbaecb-8aad-45ab-9e45-54c2a5b84aea.jpg 1152w\" sizes=\"auto, (max-width: 300px) 100vw, 300px\" \/><\/a>\n\t\t\t\t<\/dt><\/dl><br style=\"clear: both\" \/>\n\t\t\t<\/div>\n\n<blockquote>\n<h3>PROTEZIONE CIVILE IN PARTENZA PER LE MARCHE<\/h3>\n<p><em>L&#8217;assessore Gianpaolo Bottacin: &#8221; Nelle prossime ore partir\u00e0 un ulteriore contingente di volontari della Protezione Civile Ana per Orta (prevalentemente di Belluno) che rimarranno presumibilmente fino a domenica. Inoltre \u00e8 in partenza un ulteriore contingente di volontari per Senigallia&#8221;<\/em><\/p><\/blockquote>\n<p>&nbsp;<\/p>\n<hr \/>\n<p>&nbsp;<\/p>\n<blockquote>\n<h3>FALCO PELLEGRINO PREDA UN PICCIONE IN PIAZZA MARTIRI. INTERVENTO DI RECUPERO DELLA POLIZIA PROVINCIALE<\/h3>\n<\/blockquote>\n<p><strong><a class=\"dt-pswp-item\" href=\"https:\/\/www.radiopiu.net\/wordpress\/wp-content\/uploads\/2022\/09\/Schermata-2022-09-17-alle-17.47.36.png\" data-dt-img-description=\"\" data-large_image_width=\"940\" data-large_image_height=\"610\"><img loading=\"lazy\" decoding=\"async\" class=\"size-thumbnail wp-image-297675 alignleft\" src=\"https:\/\/www.radiopiu.net\/wordpress\/wp-content\/uploads\/2022\/09\/Schermata-2022-09-17-alle-17.47.36-150x150.png\" alt=\"\" width=\"150\" height=\"150\" \/><\/a>BELLUNO <\/strong>Intervento di recupero, sabato mattina, per la Polizia Provinciale. Gli agenti sono stati chiamati in Piazza dei Martiri, a Belluno, dove un falco pellegrino aveva appena predato un piccione di citt\u00e0.\u00a0 Il rapace \u00e8 piombato sulla preda e la stava consumando proprio sul liston, tra gli sguardi curiosi di decine di bellunesi, in giornata di mercato. Motivo per cui i vigili urbani del capoluogo hanno richiesto l\u2019intervento delle guardie provinciali. Gli agenti di Palazzo Piloni hanno catturato il falco servendosi solamente di un paio di guanti. \u00abL\u2019animale, un maschio adulto, aveva un atteggiamento particolarmente confidente, cosa non insolita per un falco pellegrino affamato\u00bb spiega il consigliere provinciale delegato alla gestione faunistica. \u00abSiccome non presentava ferite, o anelli che potessero far pensare a un esemplare addomesticato, gli agenti lo hanno portato in ambiente rurale, per permettergli di finire la predazione in un contesto pi\u00f9 consono. Hanno monitorato il suo comportamento e hanno potuto verificare che una volta completato il pasto, il falco si \u00e8 involato. Con ogni probabilit\u00e0 l\u2019animale era affamato da giorni e una volta rifocillatosi, si \u00e8 allontanato senza problemi\u00bb. Verr\u00e0 comunque monitorata dalle guardie provinciali nei prossimi giorni la zona in cui l\u2019animale si \u00e8 allontanato. In caso di necessit\u00e0, \u00e8 gi\u00e0 stato allertato il veterinario del Cras di Treviso, con cui la Provincia di Belluno \u00e8 convenzionata. \u00abLa predazione in centro citt\u00e0 non \u00e8 del tutto insolita: spesso si vedono esemplari di falco pellegrino aggirarsi nella zona del campanile del Duomo &#8211; continua il consigliere delegato -. Stiamo parlando di un rapace cacciatore d\u2019eccezione, che anzi svolge un ruolo ecologico fondamentale. Proprio il falco pellegrino, animale preferito da Federico II di Svevia nelle sue battute di caccia reale, in picchiata pu\u00f2 raggiungere i 300 chilometri orari, e proprio per questo viene utilizzato nelle piste degli aeroporti, per allontanare gli stormi di uccelli che creerebbero problemi alle operazioni di decollo e atterraggio dei velivoli\u00bb.<\/p>\n<p><strong>IL VIDEO<\/strong><\/p>\n<div style=\"width: 1200px;\" class=\"wp-video\"><video class=\"wp-video-shortcode\" id=\"video-297560-3\" width=\"1200\" height=\"675\" preload=\"metadata\" controls=\"controls\"><source type=\"video\/mp4\" src=\"https:\/\/www.radiopiu.net\/wordpress\/wp-content\/uploads\/2022\/09\/FALCO.mp4?_=3\" \/><a href=\"https:\/\/www.radiopiu.net\/wordpress\/wp-content\/uploads\/2022\/09\/FALCO.mp4\">https:\/\/www.radiopiu.net\/wordpress\/wp-content\/uploads\/2022\/09\/FALCO.mp4<\/a><\/video><\/div>\n<p>&nbsp;<\/p>\n<hr \/>\n<p>&nbsp;<\/p>\n<p><a class=\"dt-pswp-item\" href=\"https:\/\/www.radiopiu.net\/wordpress\/wp-content\/uploads\/2022\/09\/24f81611-3f13-4f40-8e85-c600b3484aba.jpg\" data-dt-img-description=\"\" data-large_image_width=\"800\" data-large_image_height=\"800\"><img loading=\"lazy\" decoding=\"async\" class=\"wp-image-297772 size-medium aligncenter\" src=\"https:\/\/www.radiopiu.net\/wordpress\/wp-content\/uploads\/2022\/09\/24f81611-3f13-4f40-8e85-c600b3484aba-300x300.jpg\" alt=\"\" width=\"300\" height=\"300\" srcset=\"https:\/\/www.radiopiu.net\/wordpress\/wp-content\/uploads\/2022\/09\/24f81611-3f13-4f40-8e85-c600b3484aba-300x300.jpg 300w, https:\/\/www.radiopiu.net\/wordpress\/wp-content\/uploads\/2022\/09\/24f81611-3f13-4f40-8e85-c600b3484aba-150x150.jpg 150w, https:\/\/www.radiopiu.net\/wordpress\/wp-content\/uploads\/2022\/09\/24f81611-3f13-4f40-8e85-c600b3484aba-768x768.jpg 768w, https:\/\/www.radiopiu.net\/wordpress\/wp-content\/uploads\/2022\/09\/24f81611-3f13-4f40-8e85-c600b3484aba.jpg 800w\" sizes=\"auto, (max-width: 300px) 100vw, 300px\" \/><\/a><\/p>\n<p>&nbsp;<\/p>\n<blockquote class=\"wp-embedded-content\" data-secret=\"rfJiU8GZFH\"><p><a href=\"https:\/\/www.radiopiu.net\/wordpress\/aziendazerosettembre18\/\">OLTRE 1700 NUOVE POSITIVITA&#8217; E TRE DECESSI IN 24 ORE. CALANO I RICOVERI<\/a><\/p><\/blockquote>\n<p><iframe loading=\"lazy\" class=\"wp-embedded-content\" sandbox=\"allow-scripts\" security=\"restricted\" style=\"position: absolute; clip: rect(1px, 1px, 1px, 1px);\" title=\"&#8220;OLTRE 1700 NUOVE POSITIVITA&#8217; E TRE DECESSI IN 24 ORE. CALANO I RICOVERI&#8221; &#8212; Radio Pi\u00f9\" src=\"https:\/\/www.radiopiu.net\/wordpress\/aziendazerosettembre18\/embed\/#?secret=jemkZ6RBC2#?secret=rfJiU8GZFH\" data-secret=\"rfJiU8GZFH\" width=\"600\" height=\"338\" frameborder=\"0\" marginwidth=\"0\" marginheight=\"0\" scrolling=\"no\"><\/iframe><\/p>\n<p>&nbsp;<\/p>\n<h2>I GRAFICI DI TIZIANO DE COL<\/h2>\n\n\t\t\t<style type='text\/css'>\n\t\t\t\t#gallery-3 {\n\t\t\t\t\tmargin: auto;\n\t\t\t\t}\n\t\t\t\t#gallery-3 .gallery-item {\n\t\t\t\t\tfloat: left;\n\t\t\t\t\tmargin-top: 10px;\n\t\t\t\t\ttext-align: center;\n\t\t\t\t\twidth: 33%;\n\t\t\t\t}\n\t\t\t\t#gallery-3 img {\n\t\t\t\t\tborder: 2px solid #cfcfcf;\n\t\t\t\t}\n\t\t\t\t#gallery-3 .gallery-caption {\n\t\t\t\t\tmargin-left: 0;\n\t\t\t\t}\n\t\t\t\t\/* see gallery_shortcode() in wp-includes\/media.php *\/\n\t\t\t<\/style>\n\t\t<div id='gallery-3' class='dt-gallery-container gallery galleryid-297560 gallery-columns-3 gallery-size-thumbnail'><dl class='gallery-item'>\n\t\t\t\t<dt class='gallery-icon landscape'>\n\t\t\t\t\t<a class=\"rollover rollover-zoom dt-pswp-item\" title=\"9cc3fd91-fe9b-4ab3-a559-90a550335968\" data-dt-img-description=\"\" data-large_image_width=\"610\" data-large_image_height=\"360\"href='https:\/\/www.radiopiu.net\/wordpress\/wp-content\/uploads\/2022\/09\/9cc3fd91-fe9b-4ab3-a559-90a550335968.jpg'><img loading=\"lazy\" decoding=\"async\" width=\"150\" height=\"150\" src=\"https:\/\/www.radiopiu.net\/wordpress\/wp-content\/uploads\/2022\/09\/9cc3fd91-fe9b-4ab3-a559-90a550335968-150x150.jpg\" class=\"attachment-thumbnail size-thumbnail\" alt=\"\" \/><\/a>\n\t\t\t\t<\/dt><\/dl><dl class='gallery-item'>\n\t\t\t\t<dt class='gallery-icon landscape'>\n\t\t\t\t\t<a class=\"rollover rollover-zoom dt-pswp-item\" title=\"7887392a-c6b0-42ac-a99f-c1b14cc00021\" data-dt-img-description=\"\" data-large_image_width=\"599\" data-large_image_height=\"367\"href='https:\/\/www.radiopiu.net\/wordpress\/wp-content\/uploads\/2022\/09\/7887392a-c6b0-42ac-a99f-c1b14cc00021.jpg'><img loading=\"lazy\" decoding=\"async\" width=\"150\" height=\"150\" src=\"https:\/\/www.radiopiu.net\/wordpress\/wp-content\/uploads\/2022\/09\/7887392a-c6b0-42ac-a99f-c1b14cc00021-150x150.jpg\" class=\"attachment-thumbnail size-thumbnail\" alt=\"\" \/><\/a>\n\t\t\t\t<\/dt><\/dl><dl class='gallery-item'>\n\t\t\t\t<dt class='gallery-icon landscape'>\n\t\t\t\t\t<a class=\"rollover rollover-zoom dt-pswp-item\" title=\"324da4d7-a179-4c5e-aae8-47eda4ecd63d\" data-dt-img-description=\"\" data-large_image_width=\"606\" data-large_image_height=\"364\"href='https:\/\/www.radiopiu.net\/wordpress\/wp-content\/uploads\/2022\/09\/324da4d7-a179-4c5e-aae8-47eda4ecd63d.jpg'><img loading=\"lazy\" decoding=\"async\" width=\"150\" height=\"150\" src=\"https:\/\/www.radiopiu.net\/wordpress\/wp-content\/uploads\/2022\/09\/324da4d7-a179-4c5e-aae8-47eda4ecd63d-150x150.jpg\" class=\"attachment-thumbnail size-thumbnail\" alt=\"\" \/><\/a>\n\t\t\t\t<\/dt><\/dl><br style=\"clear: both\" \/><dl class='gallery-item'>\n\t\t\t\t<dt class='gallery-icon landscape'>\n\t\t\t\t\t<a class=\"rollover rollover-zoom dt-pswp-item\" title=\"f4687130-19e3-4cb7-b872-a1f8fe0baae1\" data-dt-img-description=\"\" data-large_image_width=\"600\" data-large_image_height=\"361\"href='https:\/\/www.radiopiu.net\/wordpress\/wp-content\/uploads\/2022\/09\/f4687130-19e3-4cb7-b872-a1f8fe0baae1.jpg'><img loading=\"lazy\" decoding=\"async\" width=\"150\" height=\"150\" src=\"https:\/\/www.radiopiu.net\/wordpress\/wp-content\/uploads\/2022\/09\/f4687130-19e3-4cb7-b872-a1f8fe0baae1-150x150.jpg\" class=\"attachment-thumbnail size-thumbnail\" alt=\"\" \/><\/a>\n\t\t\t\t<\/dt><\/dl><dl class='gallery-item'>\n\t\t\t\t<dt class='gallery-icon landscape'>\n\t\t\t\t\t<a class=\"rollover rollover-zoom dt-pswp-item\" title=\"46ae5179-ff4f-4ff9-a474-7d25172ee6b8\" data-dt-img-description=\"\" data-large_image_width=\"614\" data-large_image_height=\"357\"href='https:\/\/www.radiopiu.net\/wordpress\/wp-content\/uploads\/2022\/09\/46ae5179-ff4f-4ff9-a474-7d25172ee6b8.jpg'><img loading=\"lazy\" decoding=\"async\" width=\"150\" height=\"150\" src=\"https:\/\/www.radiopiu.net\/wordpress\/wp-content\/uploads\/2022\/09\/46ae5179-ff4f-4ff9-a474-7d25172ee6b8-150x150.jpg\" class=\"attachment-thumbnail size-thumbnail\" alt=\"\" \/><\/a>\n\t\t\t\t<\/dt><\/dl><dl class='gallery-item'>\n\t\t\t\t<dt class='gallery-icon landscape'>\n\t\t\t\t\t<a class=\"rollover rollover-zoom dt-pswp-item\" title=\"dee1ed4f-2753-4485-a8ed-d1b5ada65299\" data-dt-img-description=\"\" data-large_image_width=\"610\" data-large_image_height=\"360\"href='https:\/\/www.radiopiu.net\/wordpress\/wp-content\/uploads\/2022\/09\/dee1ed4f-2753-4485-a8ed-d1b5ada65299.jpg'><img loading=\"lazy\" decoding=\"async\" width=\"150\" height=\"150\" src=\"https:\/\/www.radiopiu.net\/wordpress\/wp-content\/uploads\/2022\/09\/dee1ed4f-2753-4485-a8ed-d1b5ada65299-150x150.jpg\" class=\"attachment-thumbnail size-thumbnail\" alt=\"\" \/><\/a>\n\t\t\t\t<\/dt><\/dl><br style=\"clear: both\" \/>\n\t\t\t<\/div>\n\n<p>&nbsp;<\/p>\n<hr \/>\n<p>&nbsp;<\/p>\n<blockquote>\n<h3>DECLINO COGNITIVO: AGIRE ATTIVAMENTE<\/h3>\n<\/blockquote>\n<p><strong><a class=\"dt-pswp-item\" href=\"https:\/\/www.radiopiu.net\/wordpress\/wp-content\/uploads\/2022\/09\/22-settembre-2021.png\" data-dt-img-description=\"\" data-large_image_width=\"940\" data-large_image_height=\"788\"><img loading=\"lazy\" decoding=\"async\" class=\"alignleft wp-image-297612 size-thumbnail\" src=\"https:\/\/www.radiopiu.net\/wordpress\/wp-content\/uploads\/2022\/09\/22-settembre-2021-150x150.png\" alt=\"\" width=\"150\" height=\"150\" \/><\/a>BELLUNO <\/strong>In occasione della 29^ Giornata Mondiale dell\u2019Alzheimer, l\u2019Ulss1 Dolomiti propone un incontro online che si terr\u00e0 in Google Meet il 22 settembre 2022 alle ore 18.00 con la neurologa Roberta Padoan del Centro Decadimento Cognitivo e Demenze. Il tema dell\u2019incontro sar\u00e0: Declino cognitivo: agire AttivaMente. Dalla prevenzione alla terapia non farmacologica. L\u2019iniziativa \u00e8 aperta a tutta la cittadinanza e vuole essere un\u2019occasione per fornire informazioni su una malattia che interessa dall\u2019 1% al 5% della popolazione oltre i 65 anni ,con una prevalenza che raddoppia ogni quattro anni giungendo ad una percentuale di circa il 30% all\u2019et\u00e0 di 85 anni. Per partecipare all\u2019incontro online ci si pu\u00f2 collegare direttamente al link: <a href=\"https:\/\/meet.google.com\/knz-rpum-qeb\">https:\/\/meet.google.com\/knz-rpum-qeb<\/a>\u00a0oppure inviare una mail a <a href=\"mailto:comunicazione@aulss1.veneto.it\">comunicazione@aulss1.veneto.it<\/a> (il link per il collegamento sar\u00e0 inviato in risposta alla mail).<\/p>\n<p>&nbsp;<\/p>\n<p>&nbsp;<\/p>\n<hr \/>\n<p>&nbsp;<\/p>\n<blockquote>\n<h3><img decoding=\"async\" src=\"https:\/\/www.radiopiu.net\/wordpress\/wp-content\/uploads\/2022\/09\/b2358257-1fef-4a98-aebd-151cad302bed.jpg\" \/><\/h3>\n<h3><\/h3>\n<h3><\/h3>\n<h3>IL RITORNO DI SPORT IN PIAZZA AD AGORDO E IL FLASH MOB PER SALVARE LO SPORT<\/h3>\n<\/blockquote>\n<p><strong>AGORDO<\/strong> Si \u00e8 svolto nel pomeriggio sabato l&#8217;edizione 2022 di Sport In Piazza ad Agordo. Un evento dedicato ai giovani agordini che hanno potuto fare il primo approccio con tante discipline sportive. Dal tennis allo sci di fondo, passando per hockey, danza, karate e altro. Quasi 20 discipline diverse da provare divertendosi con gli amici. Un evento organizzato dall&#8217;AICS Belluno assieme alle societ\u00e0 sportive dell&#8217;Agordino. Un modo per avvicinare alla pratica dello sport i tanti giovani accorsi da tutta la vallata. Un&#8217;occasione per le societ\u00e0 sportive di attirare l&#8217;attenzione anche sul caro bollette che in questi giorni sta mettendo in difficolt\u00e0 in primis Alleghe Hockey e Agordino Ghiaccio &amp; Sport, le due societ\u00e0 che usufruiscono dello stadio Alvise De Toni di Alleghe che come annunciato dal sindaco Danilo De Toni a fine mese potrebbe chiudere causa il caro energia<\/p>\n<p><strong>LA DIRETTA RADIO PIU&#8217;<\/strong><\/p>\n<p>https:\/\/www.facebook.com\/marco.baghy.1\/videos\/408993304680271<\/p>\n<p>&nbsp;<\/p>\n<p><strong>LA FOTOGALLERY<\/strong><\/p>\n\n\t\t\t<style type='text\/css'>\n\t\t\t\t#gallery-4 {\n\t\t\t\t\tmargin: auto;\n\t\t\t\t}\n\t\t\t\t#gallery-4 .gallery-item {\n\t\t\t\t\tfloat: left;\n\t\t\t\t\tmargin-top: 10px;\n\t\t\t\t\ttext-align: center;\n\t\t\t\t\twidth: 25%;\n\t\t\t\t}\n\t\t\t\t#gallery-4 img {\n\t\t\t\t\tborder: 2px solid #cfcfcf;\n\t\t\t\t}\n\t\t\t\t#gallery-4 .gallery-caption {\n\t\t\t\t\tmargin-left: 0;\n\t\t\t\t}\n\t\t\t\t\/* see gallery_shortcode() in wp-includes\/media.php *\/\n\t\t\t<\/style>\n\t\t<div id='gallery-4' class='dt-gallery-container gallery galleryid-297560 gallery-columns-4 gallery-size-thumbnail'><dl class='gallery-item'>\n\t\t\t\t<dt class='gallery-icon landscape'>\n\t\t\t\t\t<a class=\"rollover rollover-zoom dt-pswp-item\" title=\"c154432a-71ac-4334-a0e0-339c11770797\" data-dt-img-description=\"\" data-large_image_width=\"1024\" data-large_image_height=\"768\"href='https:\/\/www.radiopiu.net\/wordpress\/wp-content\/uploads\/2022\/09\/c154432a-71ac-4334-a0e0-339c11770797.jpg'><img loading=\"lazy\" decoding=\"async\" width=\"150\" height=\"150\" src=\"https:\/\/www.radiopiu.net\/wordpress\/wp-content\/uploads\/2022\/09\/c154432a-71ac-4334-a0e0-339c11770797-150x150.jpg\" class=\"attachment-thumbnail size-thumbnail\" alt=\"\" \/><\/a>\n\t\t\t\t<\/dt><\/dl><dl class='gallery-item'>\n\t\t\t\t<dt class='gallery-icon landscape'>\n\t\t\t\t\t<a class=\"rollover rollover-zoom dt-pswp-item\" title=\"7e921927-4d68-4b61-8531-25cab15e0233\" data-dt-img-description=\"\" data-large_image_width=\"1024\" data-large_image_height=\"850\"href='https:\/\/www.radiopiu.net\/wordpress\/wp-content\/uploads\/2022\/09\/7e921927-4d68-4b61-8531-25cab15e0233.jpg'><img loading=\"lazy\" decoding=\"async\" width=\"150\" height=\"150\" src=\"https:\/\/www.radiopiu.net\/wordpress\/wp-content\/uploads\/2022\/09\/7e921927-4d68-4b61-8531-25cab15e0233-150x150.jpg\" class=\"attachment-thumbnail size-thumbnail\" alt=\"\" \/><\/a>\n\t\t\t\t<\/dt><\/dl><dl class='gallery-item'>\n\t\t\t\t<dt class='gallery-icon landscape'>\n\t\t\t\t\t<a class=\"rollover rollover-zoom dt-pswp-item\" title=\"4f248573-f65a-4a19-b3cc-c23511582d44\" data-dt-img-description=\"\" data-large_image_width=\"1024\" data-large_image_height=\"912\"href='https:\/\/www.radiopiu.net\/wordpress\/wp-content\/uploads\/2022\/09\/4f248573-f65a-4a19-b3cc-c23511582d44.jpg'><img loading=\"lazy\" decoding=\"async\" width=\"150\" height=\"150\" src=\"https:\/\/www.radiopiu.net\/wordpress\/wp-content\/uploads\/2022\/09\/4f248573-f65a-4a19-b3cc-c23511582d44-150x150.jpg\" class=\"attachment-thumbnail size-thumbnail\" alt=\"\" \/><\/a>\n\t\t\t\t<\/dt><\/dl><dl class='gallery-item'>\n\t\t\t\t<dt class='gallery-icon portrait'>\n\t\t\t\t\t<a class=\"rollover rollover-zoom dt-pswp-item\" title=\"328dc824-20b1-4541-92c9-1968e308f063\" data-dt-img-description=\"\" data-large_image_width=\"665\" data-large_image_height=\"1024\"href='https:\/\/www.radiopiu.net\/wordpress\/wp-content\/uploads\/2022\/09\/328dc824-20b1-4541-92c9-1968e308f063.jpg'><img loading=\"lazy\" decoding=\"async\" width=\"150\" height=\"150\" src=\"https:\/\/www.radiopiu.net\/wordpress\/wp-content\/uploads\/2022\/09\/328dc824-20b1-4541-92c9-1968e308f063-150x150.jpg\" class=\"attachment-thumbnail size-thumbnail\" alt=\"\" \/><\/a>\n\t\t\t\t<\/dt><\/dl><br style=\"clear: both\" \/><dl class='gallery-item'>\n\t\t\t\t<dt class='gallery-icon landscape'>\n\t\t\t\t\t<a class=\"rollover rollover-zoom dt-pswp-item\" title=\"7ed4b806-1de1-4b2b-80c0-1c1885314eb8\" data-dt-img-description=\"\" data-large_image_width=\"1024\" data-large_image_height=\"882\"href='https:\/\/www.radiopiu.net\/wordpress\/wp-content\/uploads\/2022\/09\/7ed4b806-1de1-4b2b-80c0-1c1885314eb8.jpg'><img loading=\"lazy\" decoding=\"async\" width=\"150\" height=\"150\" src=\"https:\/\/www.radiopiu.net\/wordpress\/wp-content\/uploads\/2022\/09\/7ed4b806-1de1-4b2b-80c0-1c1885314eb8-150x150.jpg\" class=\"attachment-thumbnail size-thumbnail\" alt=\"\" \/><\/a>\n\t\t\t\t<\/dt><\/dl><dl class='gallery-item'>\n\t\t\t\t<dt class='gallery-icon landscape'>\n\t\t\t\t\t<a class=\"rollover rollover-zoom dt-pswp-item\" title=\"d9a5a2bc-fd40-470a-b31e-c7fd0d582e48\" data-dt-img-description=\"\" data-large_image_width=\"1024\" data-large_image_height=\"768\"href='https:\/\/www.radiopiu.net\/wordpress\/wp-content\/uploads\/2022\/09\/d9a5a2bc-fd40-470a-b31e-c7fd0d582e48.jpg'><img loading=\"lazy\" decoding=\"async\" width=\"150\" height=\"150\" src=\"https:\/\/www.radiopiu.net\/wordpress\/wp-content\/uploads\/2022\/09\/d9a5a2bc-fd40-470a-b31e-c7fd0d582e48-150x150.jpg\" class=\"attachment-thumbnail size-thumbnail\" alt=\"\" \/><\/a>\n\t\t\t\t<\/dt><\/dl><dl class='gallery-item'>\n\t\t\t\t<dt class='gallery-icon portrait'>\n\t\t\t\t\t<a class=\"rollover rollover-zoom dt-pswp-item\" title=\"f7a7fc3b-e440-4684-8ba6-fd8097d60f17\" data-dt-img-description=\"\" data-large_image_width=\"841\" data-large_image_height=\"1024\"href='https:\/\/www.radiopiu.net\/wordpress\/wp-content\/uploads\/2022\/09\/f7a7fc3b-e440-4684-8ba6-fd8097d60f17.jpg'><img loading=\"lazy\" decoding=\"async\" width=\"150\" height=\"150\" src=\"https:\/\/www.radiopiu.net\/wordpress\/wp-content\/uploads\/2022\/09\/f7a7fc3b-e440-4684-8ba6-fd8097d60f17-150x150.jpg\" class=\"attachment-thumbnail size-thumbnail\" alt=\"\" \/><\/a>\n\t\t\t\t<\/dt><\/dl><dl class='gallery-item'>\n\t\t\t\t<dt class='gallery-icon portrait'>\n\t\t\t\t\t<a class=\"rollover rollover-zoom dt-pswp-item\" title=\"94081661-7fbf-4d12-b8f0-9969c1f9645e\" data-dt-img-description=\"\" data-large_image_width=\"925\" data-large_image_height=\"1024\"href='https:\/\/www.radiopiu.net\/wordpress\/wp-content\/uploads\/2022\/09\/94081661-7fbf-4d12-b8f0-9969c1f9645e.jpg'><img loading=\"lazy\" decoding=\"async\" width=\"150\" height=\"150\" src=\"https:\/\/www.radiopiu.net\/wordpress\/wp-content\/uploads\/2022\/09\/94081661-7fbf-4d12-b8f0-9969c1f9645e-150x150.jpg\" class=\"attachment-thumbnail size-thumbnail\" alt=\"\" \/><\/a>\n\t\t\t\t<\/dt><\/dl><br style=\"clear: both\" \/><dl class='gallery-item'>\n\t\t\t\t<dt class='gallery-icon portrait'>\n\t\t\t\t\t<a class=\"rollover rollover-zoom dt-pswp-item\" title=\"b8a17448-5086-47e8-a6fc-ab58102afb44\" data-dt-img-description=\"\" data-large_image_width=\"677\" data-large_image_height=\"1024\"href='https:\/\/www.radiopiu.net\/wordpress\/wp-content\/uploads\/2022\/09\/b8a17448-5086-47e8-a6fc-ab58102afb44.jpg'><img loading=\"lazy\" decoding=\"async\" width=\"150\" height=\"150\" src=\"https:\/\/www.radiopiu.net\/wordpress\/wp-content\/uploads\/2022\/09\/b8a17448-5086-47e8-a6fc-ab58102afb44-150x150.jpg\" class=\"attachment-thumbnail size-thumbnail\" alt=\"\" \/><\/a>\n\t\t\t\t<\/dt><\/dl><dl class='gallery-item'>\n\t\t\t\t<dt class='gallery-icon portrait'>\n\t\t\t\t\t<a class=\"rollover rollover-zoom dt-pswp-item\" title=\"01ac9d50-3923-4834-9613-c2de312730f0\" data-dt-img-description=\"\" data-large_image_width=\"647\" data-large_image_height=\"1024\"href='https:\/\/www.radiopiu.net\/wordpress\/wp-content\/uploads\/2022\/09\/01ac9d50-3923-4834-9613-c2de312730f0.jpg'><img loading=\"lazy\" decoding=\"async\" width=\"150\" height=\"150\" src=\"https:\/\/www.radiopiu.net\/wordpress\/wp-content\/uploads\/2022\/09\/01ac9d50-3923-4834-9613-c2de312730f0-150x150.jpg\" class=\"attachment-thumbnail size-thumbnail\" alt=\"\" \/><\/a>\n\t\t\t\t<\/dt><\/dl><dl class='gallery-item'>\n\t\t\t\t<dt class='gallery-icon landscape'>\n\t\t\t\t\t<a class=\"rollover rollover-zoom dt-pswp-item\" title=\"bd155d5f-3496-4aa9-b908-938f9398d199\" data-dt-img-description=\"\" data-large_image_width=\"1024\" data-large_image_height=\"768\"href='https:\/\/www.radiopiu.net\/wordpress\/wp-content\/uploads\/2022\/09\/bd155d5f-3496-4aa9-b908-938f9398d199.jpg'><img loading=\"lazy\" decoding=\"async\" width=\"150\" height=\"150\" src=\"https:\/\/www.radiopiu.net\/wordpress\/wp-content\/uploads\/2022\/09\/bd155d5f-3496-4aa9-b908-938f9398d199-150x150.jpg\" class=\"attachment-thumbnail size-thumbnail\" alt=\"\" \/><\/a>\n\t\t\t\t<\/dt><\/dl><dl class='gallery-item'>\n\t\t\t\t<dt class='gallery-icon landscape'>\n\t\t\t\t\t<a class=\"rollover rollover-zoom dt-pswp-item\" title=\"d460efde-0ada-40fa-8ca0-1eebaa4d884c\" data-dt-img-description=\"\" data-large_image_width=\"1024\" data-large_image_height=\"620\"href='https:\/\/www.radiopiu.net\/wordpress\/wp-content\/uploads\/2022\/09\/d460efde-0ada-40fa-8ca0-1eebaa4d884c.jpg'><img loading=\"lazy\" decoding=\"async\" width=\"150\" height=\"150\" src=\"https:\/\/www.radiopiu.net\/wordpress\/wp-content\/uploads\/2022\/09\/d460efde-0ada-40fa-8ca0-1eebaa4d884c-150x150.jpg\" class=\"attachment-thumbnail size-thumbnail\" alt=\"\" \/><\/a>\n\t\t\t\t<\/dt><\/dl><br style=\"clear: both\" \/><dl class='gallery-item'>\n\t\t\t\t<dt class='gallery-icon landscape'>\n\t\t\t\t\t<a class=\"rollover rollover-zoom dt-pswp-item\" title=\"9d897892-5392-40e0-992e-3487041cfa13\" data-dt-img-description=\"\" data-large_image_width=\"1024\" data-large_image_height=\"671\"href='https:\/\/www.radiopiu.net\/wordpress\/wp-content\/uploads\/2022\/09\/9d897892-5392-40e0-992e-3487041cfa13.jpg'><img loading=\"lazy\" decoding=\"async\" width=\"150\" height=\"150\" src=\"https:\/\/www.radiopiu.net\/wordpress\/wp-content\/uploads\/2022\/09\/9d897892-5392-40e0-992e-3487041cfa13-150x150.jpg\" class=\"attachment-thumbnail size-thumbnail\" alt=\"\" \/><\/a>\n\t\t\t\t<\/dt><\/dl><dl class='gallery-item'>\n\t\t\t\t<dt class='gallery-icon portrait'>\n\t\t\t\t\t<a class=\"rollover rollover-zoom dt-pswp-item\" title=\"6c8af3ee-e65d-47c9-86b0-8c1cda78a0f0\" data-dt-img-description=\"\" data-large_image_width=\"825\" data-large_image_height=\"1024\"href='https:\/\/www.radiopiu.net\/wordpress\/wp-content\/uploads\/2022\/09\/6c8af3ee-e65d-47c9-86b0-8c1cda78a0f0.jpg'><img loading=\"lazy\" decoding=\"async\" width=\"150\" height=\"150\" src=\"https:\/\/www.radiopiu.net\/wordpress\/wp-content\/uploads\/2022\/09\/6c8af3ee-e65d-47c9-86b0-8c1cda78a0f0-150x150.jpg\" class=\"attachment-thumbnail size-thumbnail\" alt=\"\" \/><\/a>\n\t\t\t\t<\/dt><\/dl><dl class='gallery-item'>\n\t\t\t\t<dt class='gallery-icon portrait'>\n\t\t\t\t\t<a class=\"rollover rollover-zoom dt-pswp-item\" title=\"f9b1dd7f-0ebe-4296-9e9f-2fed2c6da04c\" data-dt-img-description=\"\" data-large_image_width=\"986\" data-large_image_height=\"1024\"href='https:\/\/www.radiopiu.net\/wordpress\/wp-content\/uploads\/2022\/09\/f9b1dd7f-0ebe-4296-9e9f-2fed2c6da04c.jpg'><img loading=\"lazy\" decoding=\"async\" width=\"150\" height=\"150\" src=\"https:\/\/www.radiopiu.net\/wordpress\/wp-content\/uploads\/2022\/09\/f9b1dd7f-0ebe-4296-9e9f-2fed2c6da04c-150x150.jpg\" class=\"attachment-thumbnail size-thumbnail\" alt=\"\" \/><\/a>\n\t\t\t\t<\/dt><\/dl><dl class='gallery-item'>\n\t\t\t\t<dt class='gallery-icon landscape'>\n\t\t\t\t\t<a class=\"rollover rollover-zoom dt-pswp-item\" title=\"2acac8af-e00c-438c-a98c-b3d9f08d5e17\" data-dt-img-description=\"\" data-large_image_width=\"1024\" data-large_image_height=\"956\"href='https:\/\/www.radiopiu.net\/wordpress\/wp-content\/uploads\/2022\/09\/2acac8af-e00c-438c-a98c-b3d9f08d5e17.jpg'><img loading=\"lazy\" decoding=\"async\" width=\"150\" height=\"150\" src=\"https:\/\/www.radiopiu.net\/wordpress\/wp-content\/uploads\/2022\/09\/2acac8af-e00c-438c-a98c-b3d9f08d5e17-150x150.jpg\" class=\"attachment-thumbnail size-thumbnail\" alt=\"\" \/><\/a>\n\t\t\t\t<\/dt><\/dl><br style=\"clear: both\" \/><dl class='gallery-item'>\n\t\t\t\t<dt class='gallery-icon portrait'>\n\t\t\t\t\t<a class=\"rollover rollover-zoom dt-pswp-item\" title=\"f06baa15-89cb-4f3f-841b-4f1c0fd88878\" data-dt-img-description=\"\" data-large_image_width=\"689\" data-large_image_height=\"1024\"href='https:\/\/www.radiopiu.net\/wordpress\/wp-content\/uploads\/2022\/09\/f06baa15-89cb-4f3f-841b-4f1c0fd88878.jpg'><img loading=\"lazy\" decoding=\"async\" width=\"150\" height=\"150\" src=\"https:\/\/www.radiopiu.net\/wordpress\/wp-content\/uploads\/2022\/09\/f06baa15-89cb-4f3f-841b-4f1c0fd88878-150x150.jpg\" class=\"attachment-thumbnail size-thumbnail\" alt=\"\" \/><\/a>\n\t\t\t\t<\/dt><\/dl><dl class='gallery-item'>\n\t\t\t\t<dt class='gallery-icon landscape'>\n\t\t\t\t\t<a class=\"rollover rollover-zoom dt-pswp-item\" title=\"64186794-d719-470c-96aa-6c61ec57b052\" data-dt-img-description=\"\" data-large_image_width=\"1024\" data-large_image_height=\"897\"href='https:\/\/www.radiopiu.net\/wordpress\/wp-content\/uploads\/2022\/09\/64186794-d719-470c-96aa-6c61ec57b052.jpg'><img loading=\"lazy\" decoding=\"async\" width=\"150\" height=\"150\" src=\"https:\/\/www.radiopiu.net\/wordpress\/wp-content\/uploads\/2022\/09\/64186794-d719-470c-96aa-6c61ec57b052-150x150.jpg\" class=\"attachment-thumbnail size-thumbnail\" alt=\"\" \/><\/a>\n\t\t\t\t<\/dt><\/dl><dl class='gallery-item'>\n\t\t\t\t<dt class='gallery-icon landscape'>\n\t\t\t\t\t<a class=\"rollover rollover-zoom dt-pswp-item\" title=\"1a6eef04-877b-48dc-b4ed-532e907b03ec\" data-dt-img-description=\"\" data-large_image_width=\"1024\" data-large_image_height=\"698\"href='https:\/\/www.radiopiu.net\/wordpress\/wp-content\/uploads\/2022\/09\/1a6eef04-877b-48dc-b4ed-532e907b03ec.jpg'><img loading=\"lazy\" decoding=\"async\" width=\"150\" height=\"150\" src=\"https:\/\/www.radiopiu.net\/wordpress\/wp-content\/uploads\/2022\/09\/1a6eef04-877b-48dc-b4ed-532e907b03ec-150x150.jpg\" class=\"attachment-thumbnail size-thumbnail\" alt=\"\" \/><\/a>\n\t\t\t\t<\/dt><\/dl><dl class='gallery-item'>\n\t\t\t\t<dt class='gallery-icon portrait'>\n\t\t\t\t\t<a class=\"rollover rollover-zoom dt-pswp-item\" title=\"55deac33-c853-41cf-bb5b-98df1b6cd8a6\" data-dt-img-description=\"\" data-large_image_width=\"596\" data-large_image_height=\"1024\"href='https:\/\/www.radiopiu.net\/wordpress\/wp-content\/uploads\/2022\/09\/55deac33-c853-41cf-bb5b-98df1b6cd8a6.jpg'><img loading=\"lazy\" decoding=\"async\" width=\"150\" height=\"150\" src=\"https:\/\/www.radiopiu.net\/wordpress\/wp-content\/uploads\/2022\/09\/55deac33-c853-41cf-bb5b-98df1b6cd8a6-150x150.jpg\" class=\"attachment-thumbnail size-thumbnail\" alt=\"\" \/><\/a>\n\t\t\t\t<\/dt><\/dl><br style=\"clear: both\" \/><dl class='gallery-item'>\n\t\t\t\t<dt class='gallery-icon landscape'>\n\t\t\t\t\t<a class=\"rollover rollover-zoom dt-pswp-item\" title=\"59d6efaa-5fad-40da-ba96-1406569a2f8c\" data-dt-img-description=\"\" data-large_image_width=\"1024\" data-large_image_height=\"768\"href='https:\/\/www.radiopiu.net\/wordpress\/wp-content\/uploads\/2022\/09\/59d6efaa-5fad-40da-ba96-1406569a2f8c.jpg'><img loading=\"lazy\" decoding=\"async\" width=\"150\" height=\"150\" src=\"https:\/\/www.radiopiu.net\/wordpress\/wp-content\/uploads\/2022\/09\/59d6efaa-5fad-40da-ba96-1406569a2f8c-150x150.jpg\" class=\"attachment-thumbnail size-thumbnail\" alt=\"\" \/><\/a>\n\t\t\t\t<\/dt><\/dl><dl class='gallery-item'>\n\t\t\t\t<dt class='gallery-icon landscape'>\n\t\t\t\t\t<a class=\"rollover rollover-zoom dt-pswp-item\" title=\"270431bd-cf4c-42ce-953c-e473aee5a594\" data-dt-img-description=\"\" data-large_image_width=\"1024\" data-large_image_height=\"499\"href='https:\/\/www.radiopiu.net\/wordpress\/wp-content\/uploads\/2022\/09\/270431bd-cf4c-42ce-953c-e473aee5a594.jpg'><img loading=\"lazy\" decoding=\"async\" width=\"150\" height=\"150\" src=\"https:\/\/www.radiopiu.net\/wordpress\/wp-content\/uploads\/2022\/09\/270431bd-cf4c-42ce-953c-e473aee5a594-150x150.jpg\" class=\"attachment-thumbnail size-thumbnail\" alt=\"\" \/><\/a>\n\t\t\t\t<\/dt><\/dl><dl class='gallery-item'>\n\t\t\t\t<dt class='gallery-icon landscape'>\n\t\t\t\t\t<a class=\"rollover rollover-zoom dt-pswp-item\" title=\"024842d8-bee3-4e7c-8ab0-27181ce884dd\" data-dt-img-description=\"\" data-large_image_width=\"1024\" data-large_image_height=\"947\"href='https:\/\/www.radiopiu.net\/wordpress\/wp-content\/uploads\/2022\/09\/024842d8-bee3-4e7c-8ab0-27181ce884dd.jpg'><img loading=\"lazy\" decoding=\"async\" width=\"150\" height=\"150\" src=\"https:\/\/www.radiopiu.net\/wordpress\/wp-content\/uploads\/2022\/09\/024842d8-bee3-4e7c-8ab0-27181ce884dd-150x150.jpg\" class=\"attachment-thumbnail size-thumbnail\" alt=\"\" \/><\/a>\n\t\t\t\t<\/dt><\/dl>\n\t\t\t\t<br style='clear: both' \/>\n\t\t\t<\/div>\n\n<p>&nbsp;<\/p>\n<p><strong>IL FLASH MOB PER SALVARE LO SPORT<\/strong><\/p>\n<p>https:\/\/www.facebook.com\/marco.baghy.1\/videos\/1112415926358833<\/p>\n<p>&nbsp;<\/p>\n\n\t\t\t<style type='text\/css'>\n\t\t\t\t#gallery-5 {\n\t\t\t\t\tmargin: auto;\n\t\t\t\t}\n\t\t\t\t#gallery-5 .gallery-item {\n\t\t\t\t\tfloat: left;\n\t\t\t\t\tmargin-top: 10px;\n\t\t\t\t\ttext-align: center;\n\t\t\t\t\twidth: 33%;\n\t\t\t\t}\n\t\t\t\t#gallery-5 img {\n\t\t\t\t\tborder: 2px solid #cfcfcf;\n\t\t\t\t}\n\t\t\t\t#gallery-5 .gallery-caption {\n\t\t\t\t\tmargin-left: 0;\n\t\t\t\t}\n\t\t\t\t\/* see gallery_shortcode() in wp-includes\/media.php *\/\n\t\t\t<\/style>\n\t\t<div id='gallery-5' class='dt-gallery-container gallery galleryid-297560 gallery-columns-3 gallery-size-thumbnail'><dl class='gallery-item'>\n\t\t\t\t<dt class='gallery-icon landscape'>\n\t\t\t\t\t<a class=\"rollover rollover-zoom dt-pswp-item\" title=\"ee02a052-e243-4184-ac05-8c3b718f6266\" data-dt-img-description=\"\" data-large_image_width=\"1024\" data-large_image_height=\"768\"href='https:\/\/www.radiopiu.net\/wordpress\/wp-content\/uploads\/2022\/09\/ee02a052-e243-4184-ac05-8c3b718f6266.jpg'><img loading=\"lazy\" decoding=\"async\" width=\"150\" height=\"150\" src=\"https:\/\/www.radiopiu.net\/wordpress\/wp-content\/uploads\/2022\/09\/ee02a052-e243-4184-ac05-8c3b718f6266-150x150.jpg\" class=\"attachment-thumbnail size-thumbnail\" alt=\"\" \/><\/a>\n\t\t\t\t<\/dt><\/dl><dl class='gallery-item'>\n\t\t\t\t<dt class='gallery-icon landscape'>\n\t\t\t\t\t<a class=\"rollover rollover-zoom dt-pswp-item\" title=\"b2358257-1fef-4a98-aebd-151cad302bed\" data-dt-img-description=\"\" data-large_image_width=\"1024\" data-large_image_height=\"768\"href='https:\/\/www.radiopiu.net\/wordpress\/wp-content\/uploads\/2022\/09\/b2358257-1fef-4a98-aebd-151cad302bed.jpg'><img loading=\"lazy\" decoding=\"async\" width=\"150\" height=\"150\" src=\"https:\/\/www.radiopiu.net\/wordpress\/wp-content\/uploads\/2022\/09\/b2358257-1fef-4a98-aebd-151cad302bed-150x150.jpg\" class=\"attachment-thumbnail size-thumbnail\" alt=\"\" \/><\/a>\n\t\t\t\t<\/dt><\/dl><dl class='gallery-item'>\n\t\t\t\t<dt class='gallery-icon landscape'>\n\t\t\t\t\t<a class=\"rollover rollover-zoom dt-pswp-item\" title=\"8aa094a7-2eb4-44a6-ac7d-17c45c346d50\" data-dt-img-description=\"\" data-large_image_width=\"1024\" data-large_image_height=\"768\"href='https:\/\/www.radiopiu.net\/wordpress\/wp-content\/uploads\/2022\/09\/8aa094a7-2eb4-44a6-ac7d-17c45c346d50.jpg'><img loading=\"lazy\" decoding=\"async\" width=\"150\" height=\"150\" src=\"https:\/\/www.radiopiu.net\/wordpress\/wp-content\/uploads\/2022\/09\/8aa094a7-2eb4-44a6-ac7d-17c45c346d50-150x150.jpg\" class=\"attachment-thumbnail size-thumbnail\" alt=\"\" \/><\/a>\n\t\t\t\t<\/dt><\/dl><br style=\"clear: both\" \/>\n\t\t\t<\/div>\n\n<p>&nbsp;<\/p>\n<hr \/>\n<p>&nbsp;<\/p>\n<h2><span style=\"color: #ff0000;\"><a class=\"dt-pswp-item\" href=\"https:\/\/www.radiopiu.net\/wordpress\/wp-content\/uploads\/2022\/09\/0-1.png\" data-dt-img-description=\"\" data-large_image_width=\"1787\" data-large_image_height=\"1926\"><img loading=\"lazy\" decoding=\"async\" class=\"size-thumbnail wp-image-297783 alignleft\" src=\"https:\/\/www.radiopiu.net\/wordpress\/wp-content\/uploads\/2022\/09\/0-1-150x150.png\" alt=\"\" width=\"150\" height=\"150\" \/><\/a>DAL CORRIERE DELLE ALPI<\/span><\/h2>\n<h3>SILVIA SEGALLA E PAOLO SCANDOLIN, DA LUGLIO IN CAMPER A MALGA CIAPELA IN ATTESA DI COMPRARE CASA<\/h3>\n<p>Come ogni lunedi Gianni Santomaso dalle pagine del Corriere delle Alpi racconta una storia, un personaggio, un pezzo di vita dell\u2019Agordino \u201cVivere l\u2019Agordino\u201d una raccolta spaccato di vita agordina con le immancabili vignette di Erica Andrich<\/p>\n<p><strong>di Gianni Santomaso<\/strong><\/p>\n<p>&nbsp;<\/p>\n<p>&nbsp;<\/p>\n<hr \/>\n<p>&nbsp;<\/p>\n<blockquote>\n<h3>BORSE DI STUDIO \u201cRUDI DE GASPERIN\u201d<\/h3>\n<\/blockquote>\n<p><strong>BELLUNO<\/strong> C\u2019\u00e8 tempo fino al 2 ottobre per partecipare al bando indetto dal Rotary Club Belluno della seconda edizione delle borse di studio \u201cRudi De Gasperin\u201d. Un impegno globale di 18mila euro. Le borse di studio (del valore di 6.000 euro l\u2019una per l\u2019intero triennio di studi) sono a favore di altrettanti studenti bisognosi e meritevoli residenti nella provincia di Belluno, che si iscriveranno a corsi di laurea triennali in qualsiasi universit\u00e0 italiana nelle discipline di area tecnico \u2013 scientifica.\u00a0 Potranno partecipare al bando i giovani con meno di 25 anni e un Isee inferiore ai 45mila euro, iscritti al primo anno di universit\u00e0 e che abbiano ottenuto un voto di maturit\u00e0 uguale a superiore a 90\/100. Una commissione valuter\u00e0 i profili pi\u00f9 meritevoli che otterranno i primi 2.000 euro gi\u00e0 al momento dell\u2019immatricolazione. Poi le altre erogazioni scatteranno al conseguimento di specifici obiettivi. La domanda di partecipazione dovr\u00e0 essere inviata tramite pec all\u2019indirizzo:\u00a0<a href=\"mailto:rotarybelluno@pec.it\">rotarybelluno@pec.it<\/a>. Per maggiori informazione e per leggere il bando completo:\u00a0<a href=\"http:\/\/www.rotarybelluno.it\">www.rotarybelluno.it<\/a><\/p>\n<p>&nbsp;<\/p>\n<p>&nbsp;<\/p>\n<hr \/>\n<p>&nbsp;<\/p>\n<blockquote>\n<h3 class=\"entry-title\">CARO BOLLETTE: IL NUOVO GOVERNO DOVREBBE EROGARE SOSTEGNI PER ALMENO 35 MILIARDI<\/h3>\n<\/blockquote>\n<p><strong>Boom insoluti: se non si interviene con risorse adeguate, entro fine anno il 30% di famiglie e Pmi potrebbe non essere pi\u00f9 in grado di pagare luce e gas<\/strong><br \/>\nAmmonta ad almeno 35 miliardi di euro l\u2019 \u201ceredit\u00e0\u201d che il nuovo Governo si trover\u00e0 in dote. O meglio, l\u2019importo che dovrebbe farsi carico entro la fine di quest\u2019anno, almeno per dimezzare gli effetti della crisi energetica in corso. Altrimenti, il rischio che moltissime imprese e altrettante famiglie non siano nelle condizioni di pagare le bollette e, conseguentemente, di vedersi chiudere la fornitura, \u00e8 molto elevato. A dirlo \u00e8 l\u2019Ufficio studi della CGIA.<\/p>\n<p>Come \u00e8 stata calcolata questa cifra ? Se consideriamo che, rispetto l\u2019anno scorso, i rincari energetici del 2022 cubano 127,4 miliardi di euro, a questo importo vanno sottratti i 58,8 miliardi di sostegni fin qui erogati dal Governo Draghi per contrastare il caro bollette. Importo, quest\u2019ultimo, che include anche i 14 miliardi circa che il Governo Draghi ha approvato ieri. Rispetto al 2021, pertanto, le famiglie e le imprese, al netto degli aiuti stanziati, dovranno farsi carico di un aumento del costo dell\u2019energia elettrica e del gas che sfiora i 70 miliardi di euro.<\/p>\n<p><strong>Bisogna approvare anche la legge di Bilancio 2023<\/strong><br \/>\nRitenendo improbabile un azzeramento di questo incremento, secondo l\u2019Ufficio studi della CGIA il nuovo esecutivo che \u201cuscir\u00e0\u201d dalle urne il prossimo 25 settembre dovr\u00e0, entro la fine dell\u2019anno, recuperarne almeno la met\u00e0 (35 miliardi) per sostenere chi non ha i soldi per pagarle, altrimenti il rischio che il Paese \u201ccollassi\u201d \u00e8 molto probabile. Un impegno economico da far tremare le vene ai polsi, visto che entro la fine dell\u2019anno, a meno che non \u201cscivoliamo\u201d verso l\u2019esercizio provvisorio, il nuovo Parlamento dovr\u00e0 approvare anche la legge di Bilancio per il 2023 per svariate decine di miliardi di euro.<\/p>\n<p><strong>Rischiamo che entro fine anno il 30% di utenze domestiche e Pmi non riesca a pagare le bollette<\/strong><br \/>\nSecondo l\u2019indagine campionaria condotta nel febbraio scorso da Arte, il 15,4 per cento delle pmi e degli utenti domestici (molti dei quali sono costituiti da lavoratori autonomi e partite Iva) non era riuscito a onorare il pagamento delle bollette di luce e gas. Gli insoluti ammontavano a 26 milioni di euro, una cifra che, nel frattempo, \u00e8 sicuramente aumentata. Sette mesi fa l\u2019ammontare dei debiti si aggirava in media tra i 7-800 euro al mese per gli utenti domestici, di circa 5 mila euro per le piccole imprese e le partite Iva. Con gli aumenti che in questi ultimi mesi hanno caratterizzato le bollette di luce e gas, segnala l\u2019Ufficio studi della CGIA, corriamo il pericolo che entro la fine dell\u2019anno siano almeno il 30 per cento le utenze domestiche e le Pmi non in grado di pagare le bollette.<\/p>\n<p><strong>Aiuti: 180 miliardi per il Covid, \u201csolo\u201d 58,8 contro il caro energia<\/strong><br \/>\nSecondo molti esperti, gli effetti economici negativi del caro bollette che si sono abbattuti quest\u2019anno su famiglie e imprese sarebbero equiparabili a quelli provocati negli ultimi 2 anni dalla pandemia. Ricordiamo che tra le chiusure stabilite per decreto a moltissimi settori economici e le limitazioni alla mobilit\u00e0 delle persone imposte per legge, tra il 2020 e il 2021 i governi che si sono succeduti hanno erogato 180 miliardi di euro di aiuti. Grazie ai ristori, ai contributi a fondo perduto e ai crediti di imposta, il Paese \u00e8 rimasto in piedi. Certo, il debito pubblico rispetto al Pil era salito al 155 per cento (anno 2020), tuttavia la crisi sociale \u00e8 rimasta sotto controllo e il nostro Paese, con una intensit\u00e0 superiore a molti altri, \u00e8 riuscito a risollevarsi. Prova ne sia che, ad oggi, pur toccando sempre una soglia molto preoccupante, il rapporto debito\/Pil \u00e8 sceso al 148 per cento. Con la crisi energetica, invece, nel 2022 le misure per mitigare il caro bollette sono state pari a 58,8 miliardi di euro; risorse che, va sottolineato, sono state stanziate senza ricorrere a nessun scostamento di bilancio, anche se appare evidente a tutti che appaiono insufficienti per fronteggiare una crisi energetica che ci ha riportati indietro di quasi 50 anni. Almeno fino a quando l\u2019Unione Europea non imporr\u00e0 un tetto al prezzo del gas e il disaccoppiamento tra lo stesso e quello dell\u2019energia elettrica prodotta dalle rinnovabili.<\/p>\n<p><strong>Non c\u2019\u00e8 alternativa: bisogna fare lo scostamento di bilancio<\/strong><br \/>\nI primi 100 giorni del nuovo esecutivo saranno irti di problemi e di difficolt\u00e0. Lo sapevamo. E chiunque vinca le elezioni, in particolar modo all\u2019inizio, avr\u00e0 poche risorse economiche a disposizione. Cosa altrettanto nota. Tuttavia, se queste misure di contenimento degli aumenti dei costi energetici verranno approvate, dovranno essere recuperate attraverso nuovo deficit. Altrimenti, per moltissimi fornitori, i mancati pagamenti\/morosit\u00e0 da parte degli utenti, in particolar modo delle bollette di novembre e dicembre che sono tra le pi\u00f9 care dell\u2019anno, subiranno un\u2019impennata mai vista prima. E\u2019 evidente, almeno sino al momento in cui l\u2019UE non trover\u00e0 un accordo sull\u2019introduzione di un tetto al prezzo del gas e al disaccoppiamento di quest\u2019ultimo da quello dell\u2019energia elettrica prodotta con le rinnovabili, l\u2019unica cosa da fare \u00e8 ristorare imprese e famiglie in difficolt\u00e0, compensando almeno la met\u00e0 dell\u2019aumento del costo per l\u2019energia, recuperando le risorse attraverso un aumento del debito pubblico. Ovviamente con l\u2019assenso di Bruxelles che, nel frattempo, dovrebbe allentare i vincoli normativi sugli aiuti di Stato.<\/p>\n<p><strong>\u201cSolo\u201d un terzo del nostro debito pubblico \u00e8 a rischio<\/strong><br \/>\nGrazie alla poderosa iniezione di liquidit\u00e0 introdotta in questi ultimi 5-6 anni dalla BCE con il Quantitative easing, un terzo del nostro debito pubblico \u00e8 ora detenuto da Francoforte. Pertanto, oltre 900 miliardi sarebbero praticamente al \u201criparo\u201d da qualsiasi forma di speculazione finanziaria internazionale. Se teniamo conto che della parte rimanente un altro 66 per cento circa \u00e8 detenuto dai risparmitori italiani (famiglie, banche, assicurazioni, etc.), vuol dire che \u201csolo\u201d un terzo del debito pubblico totale italiano sarebbe in mano a investitori stranieri che, potenzialmente, potrebbero \u201cinnescare\u201d, nel caso non ritenessero il nostro Paese solvibile, un forte aumento dello spread e un conseguente tracollo finanziario. Avendo accertato che la situazione \u00e8 meno critica di quanto potrebbe sembrare, ci\u00f2 non vuol dire che possiamo aumentare a dismisura la spesa pubblica, infischiandoci di tutto e di tutti. Ci mancherebbe. Tuttavia, se non vogliamo che un pezzo importante della nostra economia sia destinato a chiudere, a nostro avviso \u00e8 necessario mettere in campo altri 35 miliardi di aiuti entro la fine dell\u2019anno che potrebbero, come extrema ratio, essere compensati da un corrispondente incremento del debito pubblico.<\/p>\n<p><strong>In alternativa, tassare al 75% gli extraprofitti delle imprese energetiche ?<\/strong><br \/>\nIn alternativa allo scostamento di bilancio, i 35 miliardi di euro necessari per \u201csalvare\u201d molte famiglie e altrettante imprese potrebbero essere recuperati attraverso l\u2019inasprimento della tassazione degli extraprofitti delle imprese energetiche ? Questa proposta, lanciata nei giorni scorsi da alcuni leader politici italiani, appare praticabile ? In linea teorica s\u00ec, anche se va segnalato che con l\u2019attuale tassazione fissata per decreto al 25 per cento, l\u2019erario punta a riscuotere poco pi\u00f9 di 10 miliardi di euro. Pertanto, per incassare i 35 miliardi bisognerebbe portare il livello di tassazione attorno al 75 per cento.\u00a0<strong>Si ricorda che, tuttavia, le imprese energetiche alla scadenza della prima rata prevista verso la fine dello scorso mese di giugno hanno pagato poco meno di 1 miliardo rispetto ai 4 attesi; \u201caccetterebbero\u201d di vedersi triplicare il prelievo ?<\/strong><\/p>\n<p class=\"photoswipe-wrapper\"><a class=\"dt-pswp-item pspw-wrap-ready\" href=\"https:\/\/www.radiopiu.net\/wordpress\/wp-content\/uploads\/2022\/09\/Schermata-2022-09-17-alle-16.13.05.png\" data-dt-img-description=\"\" data-large_image_width=\"1100\" data-large_image_height=\"698\"><img loading=\"lazy\" decoding=\"async\" class=\"alignleft size-medium wp-image-297642\" src=\"https:\/\/www.radiopiu.net\/wordpress\/wp-content\/uploads\/2022\/09\/Schermata-2022-09-17-alle-16.13.05-300x190.png\" sizes=\"auto, (max-width: 300px) 100vw, 300px\" srcset=\"https:\/\/www.radiopiu.net\/wordpress\/wp-content\/uploads\/2022\/09\/Schermata-2022-09-17-alle-16.13.05-300x190.png 300w, https:\/\/www.radiopiu.net\/wordpress\/wp-content\/uploads\/2022\/09\/Schermata-2022-09-17-alle-16.13.05-1024x650.png 1024w, https:\/\/www.radiopiu.net\/wordpress\/wp-content\/uploads\/2022\/09\/Schermata-2022-09-17-alle-16.13.05-768x487.png 768w, https:\/\/www.radiopiu.net\/wordpress\/wp-content\/uploads\/2022\/09\/Schermata-2022-09-17-alle-16.13.05.png 1100w\" alt=\"\" width=\"300\" height=\"190\" \/><\/a><\/p>\n<p><em>(*) cifra al netto dei 7,2 miliardi di euro stanziati per il 2022 a famiglie e imprese per contenere gli aumenti del prezzo alla pompa dei carburanti (benzina, diesel, gas, etc.). Questi 58,8 miliardi includono anche i 14 miliardi circa approvati ieri dal Governo Draghi<\/em><\/p>\n<p><em>Nota metodologica<\/em><br \/>\n<em>Le stime relative all\u2019incremento di costo sono state costruite a partire dai dati 2021 dell\u2019indagine sulla spesa mensile delle famiglie dell\u2019Istat relativamente alle voci energia elettrica e gas naturale\/di citt\u00e0. Dal momento che tali dati risultano, per le famiglie, congrui rispetto alla stima della stessa spesa utilizzando i consumi delle famiglie (in GWh) e i prezzi medi di elettricit\u00e0 e gas del database di Eurostat (ponderati per classi di consumi energetici), si \u00e8 applicata questa metodologia per stimare i costi in capo alle imprese nel 2021. L\u2019anno scorso, pertanto, la spesa complessiva \u00e8 stata di 80 miliardi di euro.<\/em><br \/>\n<em>La previsione dei costi per l\u2019anno 2022 (da parte di famiglie e di imprese) \u00e8 invece frutto di una stima che tiene conto di un prezzo medio annuo di mercato dell\u2019energia elettrica pari a 375 euro al MWh (ipotesi che si verificherebbe se il prezzo attuale dell\u2019energia elettrica, circa 500 euro per MWh, si mantenesse tale per la parte restante dell\u2019anno) e di un prezzo medio del gas pari a 150 euro per MWh (ipotesi che si verificherebbe se il prezzo attuale del gas, circa 200 euro per MWh, si mantenesse tale per la parte restante del 2022). Complessivamente il costo per l\u2019anno in corso \u00e8 stato stimato in circa 207,4 miliardi di euro.<\/em><br \/>\n<em>Si fa presente che l\u2019aumento delle bollette risulta meno che proporzionale rispetto a quello di mercato in quanto l\u2019aumento del prezzo della materia prima non impatta su tutto il costo complessivo della bolletta (che comprende anche costi di commercializzazione, trasmissione, oneri, tasse, margini ecc.).<\/em><\/p>\n<p>&nbsp;<\/p>\n<p>&nbsp;<\/p>\n<hr \/>\n<p>&nbsp;<\/p>\n<blockquote>\n<h3>OHANNES GUREKIAN, UN PROGETTISTA ARMENO DELLE DOLOMITI<\/h3>\n<\/blockquote>\n<p><strong><a class=\"dt-pswp-item\" href=\"https:\/\/www.radiopiu.net\/wordpress\/wp-content\/uploads\/2022\/09\/Unknown.jpeg\" data-dt-img-description=\"\" data-large_image_width=\"1536\" data-large_image_height=\"2048\"><img loading=\"lazy\" decoding=\"async\" class=\"size-thumbnail wp-image-297481 alignleft\" src=\"https:\/\/www.radiopiu.net\/wordpress\/wp-content\/uploads\/2022\/09\/Unknown-150x150.jpeg\" alt=\"\" width=\"150\" height=\"150\" \/><\/a>BELLUNO <\/strong>Ritorna nel vivo la rassegna culturale &#8220;Ohann\u00e9s Gurekian, un progettista armeno delle Dolomiti&#8221; proposta quest&#8217;anno dall&#8217;Ordine degli Architetti\u00a0 della Provincia <strong>VENERD\u00cc 23<\/strong> settembre la Sala Don Tamis di Agordo convegno in presenza,\u00a0 la monografia <em>\u201cOhann\u00e9s Gurekian. L&#8217;ingegneria, l&#8217;architettura, l&#8217;urbanistica)\u201d<\/em>. Relatori, oltre ai presidenti di Ordine e Fondazione, agli autori, l&#8217;editore l&#8217;architetto Alberto Winterle, autore della presentazione.\u00a0 Dallo stesso giorno, fino al giorno 29 ottobre, sar\u00e0 possibile visitare il percorso espositivo presso la biblioteca civica di Agordo.\u00a0 <strong>SABATO 1<\/strong> ottobre\u00a0 &#8220;escursione architettonica&#8221; fra i vicoli del paese di Frassen\u00e9 Agordino, che per lungo tempo Gurekian elesse quale luogo di residenza, per vedere dal vivo alcune delle realizzazioni dei suoi progetti.\u00a0 <strong>SABATO 8<\/strong> ottobre (notte di plenilunio) trekking da Frassen\u00e9 al Rifugio Scarpa-Gurekian raccontando cosa lega questo luogo alla storia di Ohann\u00e9s Gurekian. Poi ci sar\u00e0 la possibilit\u00e0 di fermarsi per cenare.<\/p>\n<p>&nbsp;<\/p>\n<hr \/>\n<p>&nbsp;<\/p>\n<blockquote>\n<h3><b><a class=\"dt-pswp-item\" href=\"https:\/\/www.radiopiu.net\/wordpress\/wp-content\/uploads\/2022\/09\/aaa-5.jpg\" data-dt-img-description=\"\" data-large_image_width=\"427\" data-large_image_height=\"216\"><img loading=\"lazy\" decoding=\"async\" class=\"wp-image-297277 alignleft\" src=\"https:\/\/www.radiopiu.net\/wordpress\/wp-content\/uploads\/2022\/09\/aaa-5-300x152.jpg\" alt=\"\" width=\"164\" height=\"83\" srcset=\"https:\/\/www.radiopiu.net\/wordpress\/wp-content\/uploads\/2022\/09\/aaa-5-300x152.jpg 300w, https:\/\/www.radiopiu.net\/wordpress\/wp-content\/uploads\/2022\/09\/aaa-5.jpg 427w\" sizes=\"auto, (max-width: 164px) 100vw, 164px\" \/><\/a>AL VIA \u201cINTRECCI\u201d,\u00a0 <\/b><b>TRE SERATE DI MUSICA E ARTE AL TEATRO SAN GAETANO DI CASTION<\/b><\/h3>\n<\/blockquote>\n<p><strong>BELLUNO<\/strong> Inizia \u201cIntrecci\u201d, una rassegna di musica d\u2019autrice e d\u2019autore che sar\u00e0 protagonista al Teatro San Gaetano: 24 settembre, e 1 ottobre. Torna in patria Grazia Donadel, in arte Grazia Di Grace, che presenter\u00e0 \u201cRadici\u201d, il suo nuovo spettacolo all\u2019insegna della contaminazione, accompagnata dalla danzatrice Marta Tabacco. Chiuder\u00e0 Giorgia Canton, veronese di nascita e bellunese di adozione, con il disco in uscita \u201cLa musica se ne frega\u201d. In apertura, si esibiranno i giovani Fosca, Nicole Lorenzet e Oasi, mentre il palcoscenico verr\u00e0 abitato dalle opere di Patrizia Burigo, Giovanni Pinosio e Cecilia Beati.<\/p>\n<p>&nbsp;<\/p>\n<p>&nbsp;<\/p>\n<hr \/>\n<p>&nbsp;<\/p>\n<blockquote>\n<h3>RITORNA L&#8217;UNIVERSITA&#8217; DEGLI ANZIANI AD AGORDO<\/h3>\n<\/blockquote>\n<p><strong><a class=\"dt-pswp-item\" href=\"https:\/\/www.radiopiu.net\/wordpress\/wp-content\/uploads\/2022\/09\/UNIVERSITA-ANZIANI-AGORDO-min.jpg\" data-dt-img-description=\"\" data-large_image_width=\"500\" data-large_image_height=\"500\"><img loading=\"lazy\" decoding=\"async\" class=\" wp-image-297212 alignleft\" src=\"https:\/\/www.radiopiu.net\/wordpress\/wp-content\/uploads\/2022\/09\/UNIVERSITA-ANZIANI-AGORDO-min-150x150.jpg\" alt=\"\" width=\"113\" height=\"113\" srcset=\"https:\/\/www.radiopiu.net\/wordpress\/wp-content\/uploads\/2022\/09\/UNIVERSITA-ANZIANI-AGORDO-min-150x150.jpg 150w, https:\/\/www.radiopiu.net\/wordpress\/wp-content\/uploads\/2022\/09\/UNIVERSITA-ANZIANI-AGORDO-min-300x300.jpg 300w, https:\/\/www.radiopiu.net\/wordpress\/wp-content\/uploads\/2022\/09\/UNIVERSITA-ANZIANI-AGORDO-min.jpg 500w\" sizes=\"auto, (max-width: 113px) 100vw, 113px\" \/><\/a>AGORDO<\/strong> Con il mese di ottobre ritornano le lezioni dell&#8217;Universit\u00e0 degli Anziani ad Agordo. Ogni marted\u00ec dalle 15 alle 17 in Sala Don Tamis un appuntamento in presenza. Il primo appuntamento della serie \u00e8 per il 4 ottobre quando ci sar\u00e0 l&#8217;inaugurazione dell&#8217;anno accademico con la presenza di Marco Perale, giornalista e storico bellunese che parler\u00e0 di Dino Buzzati e la Mostra di Belluno. La quota d&#8217;iscrizione \u00e8 di 35 euro da versare il primo giorno di frequenza. Per informazioni 0437 62416 oppure 333 8638929.<\/p>\n<p><strong>TUTTI GLI APPUNTAMENTI IN PROGRAMMA<\/strong><\/p>\n<a href=\"https:\/\/www.radiopiu.net\/wordpress\/wp-content\/uploads\/2022\/09\/aaa.pdf\" class=\"pdfemb-viewer\" style=\"\" data-width=\"max\" data-height=\"max\" data-toolbar=\"top\" data-toolbar-fixed=\"on\">aaa<\/a>\n<p>&nbsp;<\/p>\n<hr \/>\n<p>&nbsp;<\/p>\n<blockquote>\n<h3>ANGELA, UNA STORIA VERA<\/h3>\n<\/blockquote>\n<p><strong>LIMANA<\/strong> Il Comune di Limana organizza, in occasione della giornata internazionale della malattia di Alzheimer, la presentazione del libro <strong>ANGELA. Una storia vera <\/strong>di <em>Maristella Cedronella. <\/em><strong><span style=\"color: #ff0000;\">Mercoledi <\/span><\/strong>alle <strong><span style=\"color: #ff0000;\">20.30<\/span><\/strong>\u00a0 nella <strong><span style=\"color: #ff0000;\">Sala Nocivelli. <\/span><\/strong>Moderer\u00e0 l&#8217;incontro Mara Colombo.<\/p>\n<p>&nbsp;<\/p>\n<p>&nbsp;<\/p>\n<hr \/>\n<p>&nbsp;<\/p>\n<blockquote>\n<h3>LA MELA DI AISM<\/h3>\n<\/blockquote>\n<p><strong>BELLUNO <\/strong>Sabato 1, domenica 2 e marted\u00ec 4 ottobre, in vari Comuni della Provincia di Belluno si svolger\u00e0 l\u2019evento d\u2019informazione, sensibilizzazione e raccolta fondi \u201cLa Mela di AISM\u201d, diretto a garantire e potenziare i servizi destinati a persone con sclerosi multipla. Per le prenotazioni del sacchetto di mele da 1,800 chilogrammi contattare lo 0437-981680 o 366-6125610. Le prenotazioni sono aperte fino al 20 settembre.<\/p>\n<p>&nbsp;<\/p>\n<p>&nbsp;<\/p>\n<hr \/>\n<p>&nbsp;<\/p>\n<blockquote>\n<h2>PROLOCO DI RIVAMONTE AGORDINO<\/h2>\n<\/blockquote>\n<div>\n<div class=\"hael596l alzwoclg jl2a5g8c qjfq86k5 r227ecj6 gt60zsk1 s1m0hq7j\">\n<div class=\"cgu29s5g\">\n<div class=\"alzwoclg cqf1kptm siwo0mpr gu5uzgus\">\n<div class=\"jroqu855 nthtkgg5\"><strong>14-15-16 OTTOBRE 2022<\/strong><\/div>\n<\/div>\n<\/div>\n<\/div>\n<\/div>\n<div>\n<div class=\"\" dir=\"auto\">\n<div id=\"jsc_c_1y\" class=\"d2hqwtrz r227ecj6 ez8dtbzv gt60zsk1\" data-ad-comet-preview=\"message\" data-ad-preview=\"message\">\n<div class=\"alzwoclg cqf1kptm siwo0mpr gu5uzgus\">\n<div class=\"jroqu855 nthtkgg5\">\n<div class=\"m8h3af8h l7ghb35v kjdc1dyq kmwttqpk gh25dzvf n3t5jt4f\">\n<div dir=\"auto\">Finalmente ritorna l&#8217;Oktoberfest. Tre giorni di festa in compagnia di buona musica e buon cibo: Canederli, \u00a0Spatzle<\/div>\n<div dir=\"auto\">Stinco con crauti e patate fritte e Buona birra in bicchieri di vetro\u00a0 \u00a0 \u00a0<strong>STAY TUNED<\/strong><br \/>\n<a class=\"dt-pswp-item\" href=\"https:\/\/www.radiopiu.net\/wordpress\/wp-content\/uploads\/2022\/09\/306610049_3398892650338616_7875061756741663012_n.jpg\" data-dt-img-description=\"\" data-large_image_width=\"720\" data-large_image_height=\"261\"><img loading=\"lazy\" decoding=\"async\" class=\"alignnone wp-image-296989 size-full\" src=\"https:\/\/www.radiopiu.net\/wordpress\/wp-content\/uploads\/2022\/09\/306610049_3398892650338616_7875061756741663012_n.jpg\" alt=\"\" width=\"720\" height=\"261\" srcset=\"https:\/\/www.radiopiu.net\/wordpress\/wp-content\/uploads\/2022\/09\/306610049_3398892650338616_7875061756741663012_n.jpg 720w, https:\/\/www.radiopiu.net\/wordpress\/wp-content\/uploads\/2022\/09\/306610049_3398892650338616_7875061756741663012_n-300x109.jpg 300w\" sizes=\"auto, (max-width: 720px) 100vw, 720px\" \/><\/a><\/div>\n<div dir=\"auto\"><\/div>\n<\/div>\n<\/div>\n<\/div>\n<\/div>\n<\/div>\n<\/div>\n<p>&nbsp;<\/p>\n<hr \/>\n<p>&nbsp;<\/p>\n<blockquote>\n<h3>DOMENICA 23 OTTOBRE LA GRANDE FESTA ALLA FABBRICA IN PEDAVENA DI LA VALLE<\/h3>\n<\/blockquote>\n<p><a class=\"dt-pswp-item\" href=\"https:\/\/www.radiopiu.net\/wordpress\/wp-content\/uploads\/2022\/09\/be36ec51-e02a-4ee2-8c75-860605e2253f.jpg\" data-dt-img-description=\"\" data-large_image_width=\"1200\" data-large_image_height=\"628\"><img loading=\"lazy\" decoding=\"async\" class=\"aligncenter wp-image-296751 size-medium\" src=\"https:\/\/www.radiopiu.net\/wordpress\/wp-content\/uploads\/2022\/09\/be36ec51-e02a-4ee2-8c75-860605e2253f-300x157.jpg\" alt=\"\" width=\"300\" height=\"157\" srcset=\"https:\/\/www.radiopiu.net\/wordpress\/wp-content\/uploads\/2022\/09\/be36ec51-e02a-4ee2-8c75-860605e2253f-300x157.jpg 300w, https:\/\/www.radiopiu.net\/wordpress\/wp-content\/uploads\/2022\/09\/be36ec51-e02a-4ee2-8c75-860605e2253f-1024x536.jpg 1024w, https:\/\/www.radiopiu.net\/wordpress\/wp-content\/uploads\/2022\/09\/be36ec51-e02a-4ee2-8c75-860605e2253f-768x402.jpg 768w, https:\/\/www.radiopiu.net\/wordpress\/wp-content\/uploads\/2022\/09\/be36ec51-e02a-4ee2-8c75-860605e2253f.jpg 1200w\" sizes=\"auto, (max-width: 300px) 100vw, 300px\" \/><\/a><\/p>\n<p>&nbsp;<\/p>\n<hr \/>\n<p>&nbsp;<\/p>\n<blockquote>\n<h3>TORNA LA FRASSENE&#8217; &#8211; RIFUGIO SCARPA<\/h3>\n<\/blockquote>\n<p><strong>VOLTAGO<\/strong> Domenica 25 settembre ritorna la Frassen\u00e8 &#8211; Rifugio Scarpa, la cronoscalata di 4 km con 700 metri di dislivello. La partenza \u00e8 prevista per le 10 e le iscrizioni si possono fare al 346 4190977 oppure al Little Bar fino a 30 minuti dalla partenza. Costo 10 euro con gadget e pasta party. In caso di maltempo la manifestazione verr\u00e0 annullata.<\/p>\n<p>&nbsp;<\/p>\n<p>&nbsp;<\/p>\n<hr \/>\n<p>&nbsp;<\/p>\n<blockquote>\n<h3>A FALCADE TRE GIORNI CON LA DESMONTEGADA<\/h3>\n<\/blockquote>\n<p><strong><a class=\"dt-pswp-item\" href=\"https:\/\/www.radiopiu.net\/wordpress\/wp-content\/uploads\/2022\/09\/20bf397d-2354-42bb-9ccf-a54b1d4b2fcd.jpg\" data-dt-img-description=\"\" data-large_image_width=\"725\" data-large_image_height=\"1024\"><img loading=\"lazy\" decoding=\"async\" class=\"alignleft wp-image-297327 \" src=\"https:\/\/www.radiopiu.net\/wordpress\/wp-content\/uploads\/2022\/09\/20bf397d-2354-42bb-9ccf-a54b1d4b2fcd-212x300.jpg\" alt=\"\" width=\"145\" height=\"205\" srcset=\"https:\/\/www.radiopiu.net\/wordpress\/wp-content\/uploads\/2022\/09\/20bf397d-2354-42bb-9ccf-a54b1d4b2fcd-212x300.jpg 212w, https:\/\/www.radiopiu.net\/wordpress\/wp-content\/uploads\/2022\/09\/20bf397d-2354-42bb-9ccf-a54b1d4b2fcd.jpg 725w\" sizes=\"auto, (max-width: 145px) 100vw, 145px\" \/><\/a>FALCADE<\/strong> Saranno tre giorni di festa a Falcade nel fine settimana del 23-24 e 25 settembre. Appuntamento con la diciottesima edizione della Desmontegada 2022. Si inizia venerd\u00ec 23 alle 17 con il beveron del malgher e valk a pede, alle 18 la presentazione del progetto &#8220;Il cammino delle Dolomiti genuine&#8221; e alle 18:30 l&#8217;apertura della birra per i 125 anni della Birreria Pedavena. Cena con saltada de manz e menestra de rane e musica con Melody Music. Sabato 24 dalle 11 il passaggio per le vie del centro storico di Falcade del bestiame che ritorna dalle malghe, alle 12 piatti tipici sotto al tendone e musica con la Banda di Liesing. Alle 14:30 l&#8217;incontro con i malgari, 16 la scota e musica con la banda di Forni Avoltri. Sotto al tendone Musica con CiccioBanda Street Band e dalle 18 cena con piatti tipici. Alle 21 musica con Koa Quintet. Domenica alle 10 canzoni e spiegazioni geologiche con Leggende delle Dolomiti, dalle 12 pranzo con toro allo spiedo e intrattenimento con la Banda da Fodom. Nel pomeriggio alle 14:30 sfilata ed esibizioni dei gruppi folk agordini e dalle 17:30 fino a chiusura tendone musica con i Prestazione Occasionale.<\/p>\n<p>&nbsp;<\/p>\n<p>&nbsp;<\/p>\n<hr \/>\n<p>&nbsp;<\/p>\n<blockquote>\n<h3>FOLKLOR JALPE&#8217; DE LA MARMOLEDA<\/h3>\n<\/blockquote>\n<p><strong>ROCCA PIETORE<\/strong> 1 e 2 ottobre a Rocca Pietore torna Folklor Jalp\u00e8 De La Marmol\u00e8da. Sotto al tendone riscaldato due giorni di festa con il gruppo Folk Marmol\u00e8da. Sabato 1 ottobre dalle 18 aperitivo in musica con i Volxalp, dalle 19 stand gastronomico con piatti tipici, alle 22 il rock dei Sinfobia e chiusura con DJ set. Domenica 2 ottobre la Santa Messa alle 11, dalle 12:30 pranzo con piatti tipici e musica con Die Derstige. Alle 14:30 la sfilata dei gruppi folk, alle 18 musica con i Pazedins e finale con la cucina tipica dalle 19.<\/p>\n<p>&nbsp;<\/p>\n<p>&nbsp;<\/p>\n<hr \/>\n<p>&nbsp;<\/p>\n<blockquote>\n<h3>MOSTRA MERCATO A VILLA PATT DI SEDICO<\/h3>\n<\/blockquote>\n<p><strong>SEDICO<\/strong> Il 24 e 25 settembre torna a Villa Patt di Sedico la mostra mercato, colori sapori e profumi d&#8217;autunno. Esposizione di prodotti agricoli, hobbistica e artigianato, mostra bonsai e mostra micologica. Sabato 24 apertura alle 10, pranzo con piatti tipici bellunesi e cena con polenta e schiz. Alle 20:30 lo spettacolo teatrale &#8220;Noi che&#8221;. Domenica 25 dalle 9 alle 12:30 il convegno Alpi Dolomiti, dalle 10 l&#8217;apertura del mercato e il battesimo della sella con i cavalli. alle 12 apertura dello stad gastronomico con piatti tipici e polenta e cervo. Chiusura della mostra mercato alle 19.<\/p>\n<p>&nbsp;<\/p>\n<p>&nbsp;<\/p>\n<hr \/>\n<p>&nbsp;<\/p>\n<blockquote>\n<h3>LA MOSTRA MERCATO DI SANTA GIUSTINA<\/h3>\n<\/blockquote>\n<p><strong>SANTA GIUSTINA <\/strong>Dopo due anni torna la Mostra Mercato delle attivit\u00e0 agricole, artigianali e commerciali di Santa Giustina: la tensostruttura allestita in piazza Maggiore nella settimana precedente sar\u00e0 messa a disposizione dell\u2019Associazionismo per eventi collaterali alla manifestazione fieristica e patrocinati dal Comune. Due gli eventi proposti dalla Pro Loco Santagiustinese: venerd\u00ec 23 settembre infatti \u00e8 in programma la serata musicale \u201cAutumn Fest Santa Giustina\u201d che avr\u00e0 inizio alle 18.00, mentre sabato 24 la stessa Pro Loco propone <strong>lo spettacolo \u201cLe noze tribolade\u201d della compagnia teatrale \u201cAnfibi spaiati\u201d. <\/strong>Domenica 25 settembre torna la tradizionale marcia non competitiva \u201cPedonata della rosa\u201d organizzata dall\u2019Associazione Persone Down in collaborazione con la Polisportiva Santa Giustina \u2013 Settore Atletica: l\u2019evento di solidariet\u00e0 e sport prender\u00e0 il via da piazza Maggiore alle 10.45 e a seguire il pranzo e le premiazioni sotto il tendone. Nel frattempo si sta delineando la disposizione degli stand ed \u00e8 ancora possibile per gli operatori economici prenotare spazi liberi sotto il tendone per le tre giornate o spazi esterni.<\/p>\n<p>&nbsp;<\/p>\n<p>&nbsp;<\/p>\n<hr \/>\n<p>&nbsp;<\/p>\n<blockquote>\n<h3>RIPARTONO I CORSI DELL&#8217;ADA<\/h3>\n<\/blockquote>\n<p>di GIANNI SANTOMASO<\/p>\n<audio class=\"wp-audio-shortcode\" id=\"audio-297560-2\" preload=\"none\" style=\"width: 100%;\" controls=\"controls\"><source type=\"audio\/mpeg\" src=\"https:\/\/www.radiopiu.net\/wordpress\/wp-content\/uploads\/2022\/09\/ripartenza-corsi-ada-gianni.mp3?_=2\" \/><a href=\"https:\/\/www.radiopiu.net\/wordpress\/wp-content\/uploads\/2022\/09\/ripartenza-corsi-ada-gianni.mp3\">https:\/\/www.radiopiu.net\/wordpress\/wp-content\/uploads\/2022\/09\/ripartenza-corsi-ada-gianni.mp3<\/a><\/audio>\n<p>&nbsp;<\/p>\n<hr \/>\n<p>&nbsp;<\/p>\n<blockquote>\n<h3>\u201cTOIO LE TARGHE\u201d COL NEGOZIO LA RINASCENTE: NEL SUO PICCOLO, CONTRIBUI&#8217;\u2026 AL PROGRESSO<\/h3>\n<\/blockquote>\n<p><strong>di Renato Bona<\/strong><\/p>\n<p>Con questo servizio concludiamo la \u201crilettura\u201d del capitolo \u201cLe attivit\u00e0 commerciali\u201d, parte non secondaria del libro \u201cIl lavoro nelle Valli del Piave e del Vajont prima del 9 ottobre 1963\u201d (l\u2019anno tragico della catastrofe &#8211; dr.), realizzato nel 2008 con la Grafiche Longaronesi, dalla longaronese trapiantata a Belluno Elda Deon Cardin. Partiamo con \u201cLa Rinascente di Vittorio Letarghe\u201d col ricordo che ne ha tracciato lo scomparso Giuseppe De Vecchi: \u201cper noi ragazzi, ma anche per la maggioranza degli adulti, il proprietario de \u201cLa Rinascente\u201d si chiamava \u2018Toio Le Targhe\u2019; solamente l\u2019ufficiale di stato civile e pochi altri conoscevano correttamente il suo cognome. Poi anche il nome dato al negozio era un modo scherzoso di dire dovuto pi\u00f9 agli adulti che ai ragazzi: per noi il negozio era indicato come via \u2018da Toio Le Targhe\u2019 e si trovava dove la piazza Margherita si chiudeva e lasciava passare soltanto la strada per la Valle di Zoldo\u201d. Stabilite indicazioni del negozio e del personaggio, ecco in sintesi cosa c\u2019era di singolare nell\u2019uomo che \u201cl\u2019acqua del Vajont si port\u00f2 vis quando aveva 66 anni, la moglie 56 e la figlia Delia 14\u2026\u201d: \u201cAveva il bernoccolo del commerciante: noi ragazzi presso di lui abbiamo sempre trovato le novit\u00e0, gli ultimi passatempi, i giocattoli semplici, le stranezze, le palline di \u2018car\u00e0mus\u2019, le pistole, le maschere, le figurine e tutte le infinite variazioni di trastulli fatti in latta leggera una volta, e in plastica in questi ultimi anni. Anche le donnette trovavano quanto loro serviva&#8230;\u201d. Insomma:\u201d\u2026 se una cosa era introvabile al mercato del venerd\u00ec e negli altri negozi del paese era certamente in vendita alla \u2018Rinascente di Toio Le Targhe\u2019\u201d. E concludeva: \u201cVittorio stava attento alle osservazioni delle sue clienti. E fu cos\u00ec che scopr\u00ec un difetto nelle suole di gomma che vendeva: il filo che le univa alle tomaie si consumava prestissimo perch\u00e9, data la durezza della gomma, i punti rimanevano scoperti a tutto attrito col suolo. Egli allora provvide invitando i suoi fornitori a preparare suole di gomma con una apposita scanalatura per la protezione dei punti. Tutto cos\u00ec, piccolezza con piccolezza; ma come tanta brava gente laboriosa di questo mondo, anche \u2018Toio Le Targhe\u2019, nel suo piccolo, contribu\u00ec\u2026 al progresso\u201d. Altra attivit\u00e0 quella della ditta \u201cMarina Borgo e Comp\u201d con negozio di generi coloniali a Longarone e successivamente vendita al dettaglio di mercerie, che &#8211; lo scrive Alberto De Pra &#8211; venne fondata a Longarone nel giugno 1913 da Giacomo Borgo, figlio di Pomponio, e dalla moglie Marina Dal Fabbro. Dopo l\u2019invasione austriaca di Longarone mentre Giacomo era soldato automobilista, la moglie con le due figlie Lia e Fernanda fugg\u00ec prima a Milano poi nella veronese Soave. Il 20 ottobre 1918, mentre la guerra finiva, Giacomo mor\u00ec a San Bonifacio, colpito da febbre spagnola. Moglie e figlie tornarono quindi a Longarone, era il marzo 1919. L\u2019attivit\u00e0 commerciale riprese, allargata alla vendita di sali e tabacchi e con l\u2019edizione di cartoline paesaggistiche della zona longaronese. Cess\u00f2 definitivamente nel 1922. Concludiamo citando anche la \u201cEzio Marogna e Figli\u201d che &#8211; come ha ricordato Rita Marogna &#8211; operava nel commercio all\u2019ingrosso di vini e liquori. Diplomato in agraria ed enologia, Marogna, nativo di Sassari, si trasfer\u00ec a Treviso prima degli anni \u201820 come dirigente di una ditta produttrice di vini e liquori. Nel 1932 si trasferisce a Longarone con la moglie ed i figli Attilio e Luciana ed avvi\u00f2 il commercio, sospeso a causa della seconda guerra mondiale e poi ripreso col figlio in ampie cantine ubicate nella propriet\u00e0 \u201cSperti\u201d; il vino veniva conservato in grandi botti di rovere e travasato poi in damigiane di vetro impagliate; le consegue erano effettuate con camion di propriet\u00e0, anche in Agordino, Zoldano e Cadore. L\u2019attivit\u00e0 \u00e8 andata avanti fino alla met\u00e0 degli anni \u201850.<\/p>\n\n\t\t\t<style type='text\/css'>\n\t\t\t\t#gallery-6 {\n\t\t\t\t\tmargin: auto;\n\t\t\t\t}\n\t\t\t\t#gallery-6 .gallery-item {\n\t\t\t\t\tfloat: left;\n\t\t\t\t\tmargin-top: 10px;\n\t\t\t\t\ttext-align: center;\n\t\t\t\t\twidth: 20%;\n\t\t\t\t}\n\t\t\t\t#gallery-6 img {\n\t\t\t\t\tborder: 2px solid #cfcfcf;\n\t\t\t\t}\n\t\t\t\t#gallery-6 .gallery-caption {\n\t\t\t\t\tmargin-left: 0;\n\t\t\t\t}\n\t\t\t\t\/* see gallery_shortcode() in wp-includes\/media.php *\/\n\t\t\t<\/style>\n\t\t<div id='gallery-6' class='dt-gallery-container gallery galleryid-297560 gallery-columns-5 gallery-size-thumbnail'><dl class='gallery-item'>\n\t\t\t\t<dt class='gallery-icon landscape'>\n\t\t\t\t\t<a class=\"rollover rollover-zoom dt-pswp-item\" title=\"305124174_432570495606804_4695731906926003525_n\" data-dt-img-description=\"\" data-large_image_width=\"621\" data-large_image_height=\"403\"href='https:\/\/www.radiopiu.net\/wordpress\/wp-content\/uploads\/2022\/09\/305124174_432570495606804_4695731906926003525_n.jpg'><img loading=\"lazy\" decoding=\"async\" width=\"150\" height=\"150\" src=\"https:\/\/www.radiopiu.net\/wordpress\/wp-content\/uploads\/2022\/09\/305124174_432570495606804_4695731906926003525_n-150x150.jpg\" class=\"attachment-thumbnail size-thumbnail\" alt=\"\" \/><\/a>\n\t\t\t\t<\/dt><\/dl><dl class='gallery-item'>\n\t\t\t\t<dt class='gallery-icon landscape'>\n\t\t\t\t\t<a class=\"rollover rollover-zoom dt-pswp-item\" title=\"307260850_624841352621247_3696403746474789977_n\" data-dt-img-description=\"\" data-large_image_width=\"539\" data-large_image_height=\"403\"href='https:\/\/www.radiopiu.net\/wordpress\/wp-content\/uploads\/2022\/09\/307260850_624841352621247_3696403746474789977_n.jpg'><img loading=\"lazy\" decoding=\"async\" width=\"150\" height=\"150\" src=\"https:\/\/www.radiopiu.net\/wordpress\/wp-content\/uploads\/2022\/09\/307260850_624841352621247_3696403746474789977_n-150x150.jpg\" class=\"attachment-thumbnail size-thumbnail\" alt=\"\" \/><\/a>\n\t\t\t\t<\/dt><\/dl><dl class='gallery-item'>\n\t\t\t\t<dt class='gallery-icon landscape'>\n\t\t\t\t\t<a class=\"rollover rollover-zoom dt-pswp-item\" title=\"306864345_2945908752376296_2597760825862054514_n\" data-dt-img-description=\"\" data-large_image_width=\"695\" data-large_image_height=\"403\"href='https:\/\/www.radiopiu.net\/wordpress\/wp-content\/uploads\/2022\/09\/306864345_2945908752376296_2597760825862054514_n.jpg'><img loading=\"lazy\" decoding=\"async\" width=\"150\" height=\"150\" src=\"https:\/\/www.radiopiu.net\/wordpress\/wp-content\/uploads\/2022\/09\/306864345_2945908752376296_2597760825862054514_n-150x150.jpg\" class=\"attachment-thumbnail size-thumbnail\" alt=\"\" \/><\/a>\n\t\t\t\t<\/dt><\/dl><dl class='gallery-item'>\n\t\t\t\t<dt class='gallery-icon landscape'>\n\t\t\t\t\t<a class=\"rollover rollover-zoom dt-pswp-item\" title=\"307529796_411176080952123_4386953804868070907_n\" data-dt-img-description=\"\" data-large_image_width=\"579\" data-large_image_height=\"403\"href='https:\/\/www.radiopiu.net\/wordpress\/wp-content\/uploads\/2022\/09\/307529796_411176080952123_4386953804868070907_n.jpg'><img loading=\"lazy\" decoding=\"async\" width=\"150\" height=\"150\" src=\"https:\/\/www.radiopiu.net\/wordpress\/wp-content\/uploads\/2022\/09\/307529796_411176080952123_4386953804868070907_n-150x150.jpg\" class=\"attachment-thumbnail size-thumbnail\" alt=\"\" \/><\/a>\n\t\t\t\t<\/dt><\/dl><dl class='gallery-item'>\n\t\t\t\t<dt class='gallery-icon landscape'>\n\t\t\t\t\t<a class=\"rollover rollover-zoom dt-pswp-item\" title=\"302992248_781170796421420_1424924297891935399_n\" data-dt-img-description=\"\" data-large_image_width=\"516\" data-large_image_height=\"403\"href='https:\/\/www.radiopiu.net\/wordpress\/wp-content\/uploads\/2022\/09\/302992248_781170796421420_1424924297891935399_n.jpg'><img loading=\"lazy\" decoding=\"async\" width=\"150\" height=\"150\" src=\"https:\/\/www.radiopiu.net\/wordpress\/wp-content\/uploads\/2022\/09\/302992248_781170796421420_1424924297891935399_n-150x150.jpg\" class=\"attachment-thumbnail size-thumbnail\" alt=\"\" \/><\/a>\n\t\t\t\t<\/dt><\/dl><br style=\"clear: both\" \/><dl class='gallery-item'>\n\t\t\t\t<dt class='gallery-icon landscape'>\n\t\t\t\t\t<a class=\"rollover rollover-zoom dt-pswp-item\" title=\"306164550_761854078232580_1907801744957616669_n\" data-dt-img-description=\"\" data-large_image_width=\"630\" data-large_image_height=\"403\"href='https:\/\/www.radiopiu.net\/wordpress\/wp-content\/uploads\/2022\/09\/306164550_761854078232580_1907801744957616669_n.jpg'><img loading=\"lazy\" decoding=\"async\" width=\"150\" height=\"150\" src=\"https:\/\/www.radiopiu.net\/wordpress\/wp-content\/uploads\/2022\/09\/306164550_761854078232580_1907801744957616669_n-150x150.jpg\" class=\"attachment-thumbnail size-thumbnail\" alt=\"\" \/><\/a>\n\t\t\t\t<\/dt><\/dl><dl class='gallery-item'>\n\t\t\t\t<dt class='gallery-icon landscape'>\n\t\t\t\t\t<a class=\"rollover rollover-zoom dt-pswp-item\" title=\"306399349_686941936391215_2236777515112597658_n\" data-dt-img-description=\"\" data-large_image_width=\"634\" data-large_image_height=\"403\"href='https:\/\/www.radiopiu.net\/wordpress\/wp-content\/uploads\/2022\/09\/306399349_686941936391215_2236777515112597658_n.jpg'><img loading=\"lazy\" decoding=\"async\" width=\"150\" height=\"150\" src=\"https:\/\/www.radiopiu.net\/wordpress\/wp-content\/uploads\/2022\/09\/306399349_686941936391215_2236777515112597658_n-150x150.jpg\" class=\"attachment-thumbnail size-thumbnail\" alt=\"\" \/><\/a>\n\t\t\t\t<\/dt><\/dl><dl class='gallery-item'>\n\t\t\t\t<dt class='gallery-icon landscape'>\n\t\t\t\t\t<a class=\"rollover rollover-zoom dt-pswp-item\" title=\"306362720_1508524916239367_235773072483019247_n\" data-dt-img-description=\"\" data-large_image_width=\"629\" data-large_image_height=\"403\"href='https:\/\/www.radiopiu.net\/wordpress\/wp-content\/uploads\/2022\/09\/306362720_1508524916239367_235773072483019247_n.jpg'><img loading=\"lazy\" decoding=\"async\" width=\"150\" height=\"150\" src=\"https:\/\/www.radiopiu.net\/wordpress\/wp-content\/uploads\/2022\/09\/306362720_1508524916239367_235773072483019247_n-150x150.jpg\" class=\"attachment-thumbnail size-thumbnail\" alt=\"\" \/><\/a>\n\t\t\t\t<\/dt><\/dl><dl class='gallery-item'>\n\t\t\t\t<dt class='gallery-icon landscape'>\n\t\t\t\t\t<a class=\"rollover rollover-zoom dt-pswp-item\" title=\"305473367_1080993976114559_5027753676556027752_n\" data-dt-img-description=\"\" data-large_image_width=\"624\" data-large_image_height=\"403\"href='https:\/\/www.radiopiu.net\/wordpress\/wp-content\/uploads\/2022\/09\/305473367_1080993976114559_5027753676556027752_n.jpg'><img loading=\"lazy\" decoding=\"async\" width=\"150\" height=\"150\" src=\"https:\/\/www.radiopiu.net\/wordpress\/wp-content\/uploads\/2022\/09\/305473367_1080993976114559_5027753676556027752_n-150x150.jpg\" class=\"attachment-thumbnail size-thumbnail\" alt=\"\" \/><\/a>\n\t\t\t\t<\/dt><\/dl><dl class='gallery-item'>\n\t\t\t\t<dt class='gallery-icon landscape'>\n\t\t\t\t\t<a class=\"rollover rollover-zoom dt-pswp-item\" title=\"306226930_492138222422672_4310167351310873783_n\" data-dt-img-description=\"\" data-large_image_width=\"686\" data-large_image_height=\"403\"href='https:\/\/www.radiopiu.net\/wordpress\/wp-content\/uploads\/2022\/09\/306226930_492138222422672_4310167351310873783_n.jpg'><img loading=\"lazy\" decoding=\"async\" width=\"150\" height=\"150\" src=\"https:\/\/www.radiopiu.net\/wordpress\/wp-content\/uploads\/2022\/09\/306226930_492138222422672_4310167351310873783_n-150x150.jpg\" class=\"attachment-thumbnail size-thumbnail\" alt=\"\" \/><\/a>\n\t\t\t\t<\/dt><\/dl><br style=\"clear: both\" \/><dl class='gallery-item'>\n\t\t\t\t<dt class='gallery-icon landscape'>\n\t\t\t\t\t<a class=\"rollover rollover-zoom dt-pswp-item\" title=\"305988744_642574207388894_2464698698200480446_n\" data-dt-img-description=\"\" data-large_image_width=\"580\" data-large_image_height=\"403\"href='https:\/\/www.radiopiu.net\/wordpress\/wp-content\/uploads\/2022\/09\/305988744_642574207388894_2464698698200480446_n.jpg'><img loading=\"lazy\" decoding=\"async\" width=\"150\" height=\"150\" src=\"https:\/\/www.radiopiu.net\/wordpress\/wp-content\/uploads\/2022\/09\/305988744_642574207388894_2464698698200480446_n-150x150.jpg\" class=\"attachment-thumbnail size-thumbnail\" alt=\"\" \/><\/a>\n\t\t\t\t<\/dt><\/dl><dl class='gallery-item'>\n\t\t\t\t<dt class='gallery-icon portrait'>\n\t\t\t\t\t<a class=\"rollover rollover-zoom dt-pswp-item\" title=\"307094295_3334026156845331_6497831660269747060_n\" data-dt-img-description=\"\" data-large_image_width=\"320\" data-large_image_height=\"480\"href='https:\/\/www.radiopiu.net\/wordpress\/wp-content\/uploads\/2022\/09\/307094295_3334026156845331_6497831660269747060_n.jpg'><img loading=\"lazy\" decoding=\"async\" width=\"150\" height=\"150\" src=\"https:\/\/www.radiopiu.net\/wordpress\/wp-content\/uploads\/2022\/09\/307094295_3334026156845331_6497831660269747060_n-150x150.jpg\" class=\"attachment-thumbnail size-thumbnail\" alt=\"\" \/><\/a>\n\t\t\t\t<\/dt><\/dl><dl class='gallery-item'>\n\t\t\t\t<dt class='gallery-icon landscape'>\n\t\t\t\t\t<a class=\"rollover rollover-zoom dt-pswp-item\" title=\"306220973_531688158718981_4212926260690358660_n\" data-dt-img-description=\"\" data-large_image_width=\"638\" data-large_image_height=\"403\"href='https:\/\/www.radiopiu.net\/wordpress\/wp-content\/uploads\/2022\/09\/306220973_531688158718981_4212926260690358660_n.jpg'><img loading=\"lazy\" decoding=\"async\" width=\"150\" height=\"150\" src=\"https:\/\/www.radiopiu.net\/wordpress\/wp-content\/uploads\/2022\/09\/306220973_531688158718981_4212926260690358660_n-150x150.jpg\" class=\"attachment-thumbnail size-thumbnail\" alt=\"\" \/><\/a>\n\t\t\t\t<\/dt><\/dl><dl class='gallery-item'>\n\t\t\t\t<dt class='gallery-icon portrait'>\n\t\t\t\t\t<a class=\"rollover rollover-zoom dt-pswp-item\" title=\"306596078_775188457098112_2597651506189846836_n\" data-dt-img-description=\"\" data-large_image_width=\"319\" data-large_image_height=\"480\"href='https:\/\/www.radiopiu.net\/wordpress\/wp-content\/uploads\/2022\/09\/306596078_775188457098112_2597651506189846836_n.jpg'><img loading=\"lazy\" decoding=\"async\" width=\"150\" height=\"150\" src=\"https:\/\/www.radiopiu.net\/wordpress\/wp-content\/uploads\/2022\/09\/306596078_775188457098112_2597651506189846836_n-150x150.jpg\" class=\"attachment-thumbnail size-thumbnail\" alt=\"\" \/><\/a>\n\t\t\t\t<\/dt><\/dl><dl class='gallery-item'>\n\t\t\t\t<dt class='gallery-icon landscape'>\n\t\t\t\t\t<a class=\"rollover rollover-zoom dt-pswp-item\" title=\"305119161_1497707710679923_462697029683273830_n\" data-dt-img-description=\"\" data-large_image_width=\"758\" data-large_image_height=\"403\"href='https:\/\/www.radiopiu.net\/wordpress\/wp-content\/uploads\/2022\/09\/305119161_1497707710679923_462697029683273830_n.jpg'><img loading=\"lazy\" decoding=\"async\" width=\"150\" height=\"150\" src=\"https:\/\/www.radiopiu.net\/wordpress\/wp-content\/uploads\/2022\/09\/305119161_1497707710679923_462697029683273830_n-150x150.jpg\" class=\"attachment-thumbnail size-thumbnail\" alt=\"\" \/><\/a>\n\t\t\t\t<\/dt><\/dl><br style=\"clear: both\" \/>\n\t\t\t<\/div>\n\n<p>&nbsp;<\/p>\n<p>NELLE FOTO (riproduzioni dal libro di Elda Deon Cardin \u201cIl lavoro nelle Valli del Piave e del Vajont prima del 9 ottobre 1963\u201d): il negozio (terzo da destra, con tre finestre) di Vittorio Lettarghe all\u2019inizio di via Marconi verso Pirago (collezione Circolo fotografico Bruto Recalchi); primi anni \u201820: da sinistra Fernanda e Amalia Borgo, mamma Marina Dal Fabbro ed Ester Borgo sulla gradinata che dalla stazione portava nella piazza Jacopo Tasso (collezione Alberto Der Pra); cartolina con intestazione della \u201cRagno &amp; Palmieri\u201d; il nome del negozio di vini e liquori dell\u2019azienda con sedi a Trani e Longarone \u00e8 dipinto sulla facciata dell\u2019edificio nella via Nazionale (foto P. Breveglieri Belluno, cartolina viaggiata 26 aprile 1910, collezione Elda Deon Cardin); cartolina con intestazione della ditta di Longarone \u201cMorselli Gaetano, fabbrica acque gazzate, deposito Birra Pedavena\u201d; la sede della \u201cMorselli\u201d nella casa Carnelutto del Piazzale Stazione (edizione M. Cavinato, collezione Edc); cartolina con intestazione della \u201cEzio Marogna &amp; figlio\u201d; cartolina con intestazione della \u201cOrazio Filippin di Erto, panificio, alimentari, vini per esportazione; interno del negozio di Orazio Filippin \u201cDaci\u201d con il reparto dolciumi illuminato dalla vetrina dei gelati (collezione Piera Filippin); cartolina con intestazione \u201cVittorio Emanuele Zadra, negozio ferramenta, ottoname, colori, chincaglierie, fabbrica cucine economiche, lavorazione in ferro, rame ecc.\u201d; la sede della \u201cZadra\u201d (foto P. Breveglieri, collezione Edc); cartolina con intestazione della \u201cAntonio Marin, deposito lampade e materiali per installazioni elettriche, combustibile e apparecchi \u201cMeta\u201d, occhiali e oggetti d\u2019ottica\u201d; etichetta dell\u2019elettrocoperta prodotta dalla fine anni \u201850 dalla ditta Giovanni Marin, figlio di Antonio, con negozio nella via Roma di Longarone (collezione Agostino Sacchet); intestazione della ditta \u201cAlberto Tovanella, commercio materiali edili ed affini\u201d; sotto la ferrovia di Longarone i magazzini di materiali edili della \u201cFontanella\u201d (foto Ghedina, estate 1963, collezione Gianni Olivier).<\/p>\n<p>&nbsp;<\/p>\n<p>&nbsp;<\/p>\n<hr \/>\n<p>&nbsp;<\/p>\n<h2><span style=\"color: #ff0000;\">IERI ALLA RADIO<\/span><\/h2>\n<h2><strong><a class=\"dt-pswp-item\" href=\"https:\/\/www.radiopiu.net\/wordpress\/wp-content\/uploads\/2020\/12\/DON-GIORGIO-LISE.jpg\" data-dt-img-description=\"\" data-large_image_width=\"1600\" data-large_image_height=\"901\"><img loading=\"lazy\" decoding=\"async\" class=\"size-thumbnail wp-image-177420 alignleft\" src=\"https:\/\/www.radiopiu.net\/wordpress\/wp-content\/uploads\/2020\/12\/DON-GIORGIO-LISE-150x150.jpg\" alt=\"\" width=\"150\" height=\"150\" \/><\/a><\/strong><span style=\"color: #ff9900;\">DUE MINUTI PER TE<\/span><\/h2>\n<p><strong>APPUNTAMENTO DELLA DOMENICA CON MONSIGNOR GIORGIO LISE<\/strong><\/p>\n<audio class=\"wp-audio-shortcode\" id=\"audio-297560-3\" preload=\"none\" style=\"width: 100%;\" controls=\"controls\"><source type=\"audio\/mpeg\" src=\"https:\/\/www.radiopiu.net\/wordpress\/wp-content\/uploads\/2022\/09\/DON-GIORGIO-2.mp3?_=3\" \/><a href=\"https:\/\/www.radiopiu.net\/wordpress\/wp-content\/uploads\/2022\/09\/DON-GIORGIO-2.mp3\">https:\/\/www.radiopiu.net\/wordpress\/wp-content\/uploads\/2022\/09\/DON-GIORGIO-2.mp3<\/a><\/audio>\n<p>&nbsp;<\/p>\n<hr \/>\n<p>&nbsp;<\/p>\n<h2><span style=\"color: #33cccc;\">LA RASSEGNA STAMPA DA L&#8217;AMICO DEL POPOLO<\/span><\/h2>\n<p><strong><a class=\"dt-pswp-item\" href=\"https:\/\/www.radiopiu.net\/wordpress\/wp-content\/uploads\/2022\/09\/Beat.0342-scaled.jpg\" data-dt-img-description=\"\" data-large_image_width=\"2560\" data-large_image_height=\"1707\"><img loading=\"lazy\" decoding=\"async\" class=\"alignleft wp-image-296766 size-thumbnail\" src=\"https:\/\/www.radiopiu.net\/wordpress\/wp-content\/uploads\/2022\/09\/Beat.0342-150x150.jpg\" alt=\"\" width=\"150\" height=\"150\" \/><\/a>di Gianni Santomaso<\/strong><\/p>\n<p>OSPITE: Marilisa Lucchetta, assessore del comune di Canale D&#8217;Agordo<\/p>\n<audio class=\"wp-audio-shortcode\" id=\"audio-297560-4\" preload=\"none\" style=\"width: 100%;\" controls=\"controls\"><source type=\"audio\/mpeg\" src=\"https:\/\/www.radiopiu.net\/wordpress\/wp-content\/uploads\/2022\/09\/RASSEGNA-GIANNI-2.mp3?_=4\" \/><a href=\"https:\/\/www.radiopiu.net\/wordpress\/wp-content\/uploads\/2022\/09\/RASSEGNA-GIANNI-2.mp3\">https:\/\/www.radiopiu.net\/wordpress\/wp-content\/uploads\/2022\/09\/RASSEGNA-GIANNI-2.mp3<\/a><\/audio>\n<p>&nbsp;<\/p>\n<hr \/>\n<p>&nbsp;<\/p>\n<div>\n<div class=\"b654a4as d2edcug0\">\n<div class=\"rq0escxv hkbzh7o3 jwdofwj8 n8tt0mok r8blr3vg hyh9befq\">\n<p><a class=\"dt-pswp-item\" href=\"https:\/\/www.radiopiu.net\/wordpress\/wp-content\/uploads\/2020\/10\/pp.jpg\" data-dt-img-description=\"\" data-large_image_width=\"640\" data-large_image_height=\"640\"><img loading=\"lazy\" decoding=\"async\" class=\"wp-image-163678 alignleft\" src=\"https:\/\/www.radiopiu.net\/wordpress\/wp-content\/uploads\/2020\/10\/pp-300x300.jpg\" alt=\"\" width=\"106\" height=\"106\" srcset=\"https:\/\/www.radiopiu.net\/wordpress\/wp-content\/uploads\/2020\/10\/pp-300x300.jpg 300w, https:\/\/www.radiopiu.net\/wordpress\/wp-content\/uploads\/2020\/10\/pp-150x150.jpg 150w, https:\/\/www.radiopiu.net\/wordpress\/wp-content\/uploads\/2020\/10\/pp-125x125.jpg 125w, https:\/\/www.radiopiu.net\/wordpress\/wp-content\/uploads\/2020\/10\/pp-200x200.jpg 200w, https:\/\/www.radiopiu.net\/wordpress\/wp-content\/uploads\/2020\/10\/pp-80x80.jpg 80w, https:\/\/www.radiopiu.net\/wordpress\/wp-content\/uploads\/2020\/10\/pp-480x480.jpg 480w, https:\/\/www.radiopiu.net\/wordpress\/wp-content\/uploads\/2020\/10\/pp.jpg 640w\" sizes=\"auto, (max-width: 106px) 100vw, 106px\" \/><\/a><\/p>\n<\/div>\n<\/div>\n<\/div>\n<div>\n<div class=\"page-title-head hgroup\">\n<div class=\"page-title-head hgroup\">\n<div class=\"b654a4as d2edcug0\">\n<div class=\"j83agx80 btwxx1t3 lhclo0ds hop8lmos nkwizq5d scwd0bx6 roh60bw9\">\n<div class=\"rq0escxv hkbzh7o3 jwdofwj8 n8tt0mok r8blr3vg hyh9befq\">\n<div class=\"do00u71z l9j0dhe7 k4urcfbm\">\n<h2><span style=\"color: #000080;\">DON CESARE, IL PENSIERO DEL GIORNO. ALLA RADIO ALLE 7 DEL MATTINO E ALLE 19.30 DELLA SERA.\u00a0<\/span><\/h2>\n<\/div>\n<\/div>\n<\/div>\n<\/div>\n<\/div>\n<\/div>\n<\/div>\n<div class=\"do00u71z l9j0dhe7 k4urcfbm\">\n<div class=\"page-title-head hgroup\">\n<div class=\"page-title-head hgroup\">\n<div class=\"b654a4as d2edcug0\">\n<div class=\"j83agx80 btwxx1t3 lhclo0ds hop8lmos nkwizq5d scwd0bx6 roh60bw9\">\n<div class=\"rq0escxv hkbzh7o3 jwdofwj8 n8tt0mok r8blr3vg hyh9befq\">\n<div class=\"do00u71z l9j0dhe7 k4urcfbm\">\n<div class=\"page-title-head hgroup\">\n<div class=\"page-title-head hgroup\">\n<div class=\"b654a4as d2edcug0\">\n<div class=\"j83agx80 btwxx1t3 lhclo0ds hop8lmos nkwizq5d scwd0bx6 roh60bw9\">\n<div class=\"rq0escxv hkbzh7o3 jwdofwj8 n8tt0mok r8blr3vg hyh9befq\">\n<div class=\"do00u71z l9j0dhe7 k4urcfbm\">\n<div class=\"ecm0bbzt e5nlhep0 a8c37x1j\">\n<div class=\"kvgmc6g5 cxmmr5t8 oygrvhab hcukyx3x c1et5uql\">\n<div class=\"gmail-kvgmc6g5 gmail-cxmmr5t8 gmail-oygrvhab gmail-hcukyx3x gmail-c1et5uql gmail-ii04i59q\">\n<div class=\"page-title-head hgroup\">\n<div class=\"page-title-head hgroup\">\n<div class=\"b654a4as d2edcug0\">\n<div class=\"j83agx80 btwxx1t3 lhclo0ds hop8lmos nkwizq5d scwd0bx6 roh60bw9\">\n<div class=\"rq0escxv hkbzh7o3 jwdofwj8 n8tt0mok r8blr3vg hyh9befq\">\n<div class=\"do00u71z l9j0dhe7 k4urcfbm\">\n<div class=\"page-title-head hgroup\">\n<div class=\"page-title-head hgroup\">\n<div class=\"b654a4as d2edcug0\">\n<div class=\"j83agx80 btwxx1t3 lhclo0ds hop8lmos nkwizq5d scwd0bx6 roh60bw9\">\n<div class=\"rq0escxv hkbzh7o3 jwdofwj8 n8tt0mok r8blr3vg hyh9befq\">\n<div class=\"do00u71z l9j0dhe7 k4urcfbm\">\n<div class=\"page-title-head hgroup\">\n<div class=\"page-title-head hgroup\">\n<div class=\"b654a4as d2edcug0\">\n<div class=\"j83agx80 btwxx1t3 lhclo0ds hop8lmos nkwizq5d scwd0bx6 roh60bw9\">\n<div class=\"rq0escxv hkbzh7o3 jwdofwj8 n8tt0mok r8blr3vg hyh9befq\">\n<div class=\"do00u71z l9j0dhe7 k4urcfbm\">\n<div class=\"ecm0bbzt e5nlhep0 a8c37x1j\">\n<div class=\"kvgmc6g5 cxmmr5t8 oygrvhab hcukyx3x c1et5uql\">\n<div class=\"gmail-kvgmc6g5 gmail-cxmmr5t8 gmail-oygrvhab gmail-hcukyx3x gmail-c1et5uql gmail-ii04i59q\">\n<div class=\"page-title-head hgroup\">\n<div class=\"page-title-head hgroup\">\n<div class=\"b654a4as d2edcug0\">\n<div class=\"j83agx80 btwxx1t3 lhclo0ds hop8lmos nkwizq5d scwd0bx6 roh60bw9\">\n<div class=\"rq0escxv hkbzh7o3 jwdofwj8 n8tt0mok r8blr3vg hyh9befq\">\n<div class=\"do00u71z l9j0dhe7 k4urcfbm\"><\/div>\n<div>\n<audio class=\"wp-audio-shortcode\" id=\"audio-297560-5\" preload=\"none\" style=\"width: 100%;\" controls=\"controls\"><source type=\"audio\/mpeg\" src=\"https:\/\/www.radiopiu.net\/wordpress\/wp-content\/uploads\/2022\/09\/CESARE-12.mp3?_=5\" \/><a href=\"https:\/\/www.radiopiu.net\/wordpress\/wp-content\/uploads\/2022\/09\/CESARE-12.mp3\">https:\/\/www.radiopiu.net\/wordpress\/wp-content\/uploads\/2022\/09\/CESARE-12.mp3<\/a><\/audio>\n<p>&nbsp;<\/p>\n<\/div>\n<div>\n<p>&nbsp;<\/p>\n<\/div>\n<\/div>\n<\/div>\n<\/div>\n<\/div>\n<\/div>\n<\/div>\n<\/div>\n<\/div>\n<div class=\"ecm0bbzt e5nlhep0 a8c37x1j\">\n<div class=\"kvgmc6g5 cxmmr5t8 oygrvhab hcukyx3x c1et5uql\">\n<div class=\"gmail-kvgmc6g5 gmail-cxmmr5t8 gmail-oygrvhab gmail-hcukyx3x gmail-c1et5uql gmail-ii04i59q\">\n<div class=\"page-title-head hgroup\">\n<div class=\"page-title-head hgroup\">\n<div class=\"b654a4as d2edcug0\">\n<div class=\"j83agx80 btwxx1t3 lhclo0ds hop8lmos nkwizq5d scwd0bx6 roh60bw9\">\n<div class=\"rq0escxv hkbzh7o3 jwdofwj8 n8tt0mok r8blr3vg hyh9befq\">\n<div class=\"do00u71z l9j0dhe7 k4urcfbm\">\n<hr \/>\n<p>&nbsp;<\/p>\n<p><span style=\"color: #0000ff;\">MUSICA PIU&#8217;\u00a0<\/span><\/p>\n<p><a href=\"https:\/\/www.radiopiu.net\/wordpress\/giornale-radiopiu-20-settembre-2021-direttore-mirko-mezzacasa\/pp-79\/\" rel=\"attachment wp-att-232921\"><img loading=\"lazy\" decoding=\"async\" class=\"wp-image-232921 alignleft\" src=\"https:\/\/www.radiopiu.net\/wordpress\/wp-content\/uploads\/2021\/09\/pp-1-300x300.jpg\" alt=\"\" width=\"135\" height=\"135\" srcset=\"https:\/\/www.radiopiu.net\/wordpress\/wp-content\/uploads\/2021\/09\/pp-1-300x300.jpg 300w, https:\/\/www.radiopiu.net\/wordpress\/wp-content\/uploads\/2021\/09\/pp-1-150x150.jpg 150w, https:\/\/www.radiopiu.net\/wordpress\/wp-content\/uploads\/2021\/09\/pp-1.jpg 640w\" sizes=\"auto, (max-width: 135px) 100vw, 135px\" \/><\/a><\/p>\n<div class=\"mkdf-post-text\">\n<div class=\"mkdf-post-text-inner\">\n<div class=\"mkdf-post-text-main\">\n<div class=\"mkdf-post-text\">\n<div class=\"mkdf-post-text-inner\">\n<div class=\"mkdf-post-text-main\">\n<div class=\"mkdf-post-text\">\n<div class=\"mkdf-post-text-inner\">\n<div class=\"mkdf-post-text-main\">\n<div class=\"page-title-head hgroup\">\n<div class=\"page-title-head hgroup\">\n<div class=\"mkdf-post-text\">\n<div class=\"mkdf-post-text-inner\">\n<div class=\"mkdf-post-text-main\">\n<div class=\"mkdf-post-text\">\n<div class=\"mkdf-post-text-inner\">\n<div class=\"mkdf-post-text-main\">\n<div class=\"page-title-head hgroup\">\n<div class=\"page-title-head hgroup\">\n<div class=\"page-title-head hgroup\">\n<div class=\"page-title-head hgroup\">\n<div class=\"b654a4as d2edcug0\">\n<div class=\"page-title-head hgroup\">\n<div class=\"page-title-head hgroup\">\n<div class=\"page-title-head hgroup\">\n<div class=\"page-title-head hgroup\">\n<div class=\"b654a4as d2edcug0\">\n<div class=\"page-title-head hgroup\">\n<div class=\"page-title-head hgroup\">\n<div class=\"page-title-head hgroup\">\n<div class=\"page-title-head hgroup\">\n<div class=\"b654a4as d2edcug0\">\n<div class=\"mkdf-post-text\">\n<div class=\"mkdf-post-text-inner\">\n<div class=\"mkdf-post-text-main\">\n<div class=\"mkdf-post-text\">\n<div class=\"mkdf-post-text-inner\">\n<div class=\"mkdf-post-text-main\">\n<div class=\"mkdf-post-text\">\n<div class=\"mkdf-post-text-inner\">\n<div class=\"mkdf-post-text-main\">\n<div class=\"page-title-head hgroup\">\n<div class=\"page-title-head hgroup\">\n<div class=\"mkdf-post-text\">\n<div class=\"mkdf-post-text-inner\">\n<div class=\"mkdf-post-text-main\">\n<div class=\"mkdf-post-text\">\n<div class=\"mkdf-post-text-inner\">\n<div class=\"mkdf-post-text-main\">\n<div class=\"page-title-head hgroup\">\n<div class=\"page-title-head hgroup\">\n<div class=\"page-title-head hgroup\">\n<div class=\"page-title-head hgroup\">\n<div class=\"b654a4as d2edcug0\">\n<div class=\"page-title-head hgroup\">\n<div class=\"page-title-head hgroup\">\n<div class=\"page-title-head hgroup\">\n<div class=\"page-title-head hgroup\">\n<div class=\"b654a4as d2edcug0\">\n<div class=\"page-title-head hgroup\">\n<div class=\"page-title-head hgroup\">\n<div class=\"page-title-head hgroup\">\n<div class=\"page-title-head hgroup\">\n<div class=\"b654a4as d2edcug0\">\n<div><\/div>\n<div><\/div>\n<div>\n<p><strong>MUSICA ALLA RADIO, IL PROGRAMMA DI LORIS SCUSSEL &#8220;COLLAGE OPERAZIONE NOSTALGIA&#8221; DAL LUNEDI AL VENERDI ALLE 16.00\u00a0 E ALLE 23\u00a0<\/strong><\/p>\n<\/div>\n<\/div>\n<p>&nbsp;<\/p>\n<\/div>\n<\/div>\n<\/div>\n<\/div>\n<\/div>\n<\/div>\n<\/div>\n<\/div>\n<\/div>\n<\/div>\n<\/div>\n<\/div>\n<\/div>\n<\/div>\n<\/div>\n<\/div>\n<\/div>\n<\/div>\n<\/div>\n<\/div>\n<\/div>\n<\/div>\n<\/div>\n<\/div>\n<\/div>\n<\/div>\n<\/div>\n<\/div>\n<\/div>\n<\/div>\n<\/div>\n<\/div>\n<\/div>\n<\/div>\n<\/div>\n<\/div>\n<\/div>\n<\/div>\n<\/div>\n<\/div>\n<\/div>\n<\/div>\n<\/div>\n<\/div>\n<\/div>\n<\/div>\n<\/div>\n<\/div>\n<\/div>\n<\/div>\n<\/div>\n<\/div>\n<\/div>\n<\/div>\n<\/div>\n<\/div>\n<\/div>\n<\/div>\n<\/div>\n<\/div>\n<\/div>\n<\/div>\n<\/div>\n<div>\n<div class=\"page-title-head hgroup\">\n<div class=\"page-title-head hgroup\">\n<div class=\"page-title-head hgroup\">\n<div class=\"page-title-head hgroup\">\n<div class=\"b654a4as d2edcug0\">\n<div class=\"page-title-head hgroup\">\n<div class=\"page-title-head hgroup\">\n<div class=\"page-title-head hgroup\">\n<div class=\"page-title-head hgroup\">\n<div class=\"b654a4as d2edcug0\">\n<div class=\"page-title-head hgroup\">\n<div class=\"page-title-head hgroup\">\n<div class=\"page-title-head hgroup\">\n<div class=\"page-title-head hgroup\">\n<div class=\"page-title-head hgroup\">\n<div class=\"page-title-head hgroup\">\n<div class=\"page-title-head hgroup\">\n<div class=\"page-title-head hgroup\">\n<div class=\"page-title-head hgroup\">\n<div class=\"b654a4as d2edcug0\">\n<div class=\"page-title-head hgroup\">\n<div class=\"page-title-head hgroup\">\n<div class=\"page-title-head hgroup\">\n<div class=\"page-title-head hgroup\">\n<div class=\"b654a4as d2edcug0\">\n<div class=\"page-title-head hgroup\">\n<div class=\"page-title-head hgroup\">\n<div class=\"page-title-head hgroup\">\n<div class=\"page-title-head hgroup\">\n<div class=\"page-title-head hgroup\">\n<div class=\"mkdf-post-text\">\n<div class=\"mkdf-post-text-inner\">\n<div class=\"mkdf-post-text-main\">\n<div class=\"mkdf-post-text\">\n<div class=\"mkdf-post-text-inner\">\n<div class=\"mkdf-post-text-main\">\n<div class=\"mkdf-post-text\">\n<div class=\"mkdf-post-text-inner\">\n<div class=\"mkdf-post-text-main\">\n<div class=\"page-title-head hgroup\">\n<div class=\"page-title-head hgroup\">\n<div class=\"mkdf-post-text\">\n<div class=\"mkdf-post-text-inner\">\n<div class=\"mkdf-post-text-main\">\n<div class=\"mkdf-post-text\">\n<div class=\"mkdf-post-text-inner\">\n<div class=\"mkdf-post-text-main\">\n<div class=\"page-title-head hgroup\">\n<div class=\"page-title-head hgroup\">\n<div class=\"page-title-head hgroup\">\n<div class=\"page-title-head hgroup\">\n<div class=\"b654a4as d2edcug0\">\n<div class=\"page-title-head hgroup\">\n<div class=\"page-title-head hgroup\">\n<div class=\"page-title-head hgroup\">\n<div class=\"page-title-head hgroup\">\n<div class=\"b654a4as d2edcug0\">\n<div class=\"page-title-head hgroup\">\n<div class=\"page-title-head hgroup\">\n<div class=\"page-title-head hgroup\">\n<p>&nbsp;<\/p>\n<p>&nbsp;<\/p>\n<p><strong><a class=\"dt-pswp-item\" href=\"https:\/\/www.radiopiu.net\/wordpress\/wp-content\/uploads\/2022\/09\/CCR.jpg\" data-dt-img-description=\"\" data-large_image_width=\"224\" data-large_image_height=\"225\"><img loading=\"lazy\" decoding=\"async\" class=\" wp-image-297712 alignleft\" src=\"https:\/\/www.radiopiu.net\/wordpress\/wp-content\/uploads\/2022\/09\/CCR-150x150.jpg\" alt=\"\" width=\"129\" height=\"129\" srcset=\"https:\/\/www.radiopiu.net\/wordpress\/wp-content\/uploads\/2022\/09\/CCR-150x150.jpg 150w, https:\/\/www.radiopiu.net\/wordpress\/wp-content\/uploads\/2022\/09\/CCR.jpg 224w\" sizes=\"auto, (max-width: 129px) 100vw, 129px\" \/><\/a>di Loris Scussel<\/strong><\/p>\n<p>Mentre ci avviciniamo alla ripresa di Collage con la nuova serie, la quarta, continua la messa in onda delle repliche. Questa settimana daremo spazio ai cosiddetti complessi \u201cbeat\u201d dedicando loro due puntate poi ritroveremo alcuni successi provenienti dalle Hit Parade degli anni 60\/70, ci sar\u00e0 anche una trasmissione dedicata ai sogni nelle canzoni oltre ai cantautori di casa nostra e naturalmente alla musica internazionale per completare le proposte del programma. Collage va in onda dal luned\u00ec al venerd\u00ec alle 16,00 e alle 23,00 naturalmente su Radio Pi\u00f9.<\/p>\n<p>&nbsp;<\/p>\n<hr \/>\n<p>&nbsp;<\/p>\n<p><a class=\"dt-pswp-item\" href=\"https:\/\/www.radiopiu.net\/wordpress\/wp-content\/uploads\/2018\/09\/WhatsApp-Image-2018-09-20-at-16.04.06.jpeg\" data-dt-img-description=\"\" data-large_image_width=\"800\" data-large_image_height=\"100\"><img loading=\"lazy\" decoding=\"async\" class=\"aligncenter wp-image-61378 size-full\" src=\"https:\/\/www.radiopiu.net\/wordpress\/wp-content\/uploads\/2018\/09\/WhatsApp-Image-2018-09-20-at-16.04.06.jpeg\" alt=\"\" width=\"800\" height=\"100\" srcset=\"https:\/\/www.radiopiu.net\/wordpress\/wp-content\/uploads\/2018\/09\/WhatsApp-Image-2018-09-20-at-16.04.06.jpeg 800w, https:\/\/www.radiopiu.net\/wordpress\/wp-content\/uploads\/2018\/09\/WhatsApp-Image-2018-09-20-at-16.04.06-300x38.jpeg 300w, https:\/\/www.radiopiu.net\/wordpress\/wp-content\/uploads\/2018\/09\/WhatsApp-Image-2018-09-20-at-16.04.06-768x96.jpeg 768w\" sizes=\"auto, (max-width: 800px) 100vw, 800px\" \/><\/a><\/p>\n<p>&nbsp;<\/p>\n<p><center><b>Lunedi 19<\/b><\/center><b>Tempo atteso: <\/b>Cielo sereno o al pi\u00f9 poco nuvoloso per il passaggio di qualche velatura; fino al primo mattino qualche addensamento su Dolomiti settentrionali. Aria tersa ed ottima visibilit\u00e0. Contesto termico ancora fresco per il periodo e ventoso al mattino in quota.<br \/>\n<b>Precipitazioni: <\/b>Assenti.<br \/>\n<b>Temperature: <\/b>Minime in lieve aumento in quota, massime generalmente stazionarie. Valori ancora al di sotto della media. Su Prealpi &#8211; a 1500 m: min 7 max 11, a 2000 m: min 3 max 6 Dolomiti &#8211; a 2000 m: min 1 max 4, a 3000 m: min -7 max -5<br \/>\n<b>Venti: <\/b>In quota fino al mattino forti in graduale attenuazione dalle ore centrali e nel pomeriggio a moderati da ovest\/nordovest, deboli variabili nelle valli con qualche rinforzo al mattino, a 15-30 km\/h a 2000 m e 30-65 km\/h a 3000 m.<\/p>\n<hr \/>\n<p><center><b>Martedi 20<\/b><\/center><b>Tempo atteso: <\/b>Al mattino sereno o poco nuvoloso, nelle ore centrali e nel pomeriggio qualche irregolare annuvolamento in un contesto di tempo stabile.<br \/>\n<b>Precipitazioni: <\/b>Assenti.<br \/>\n<b>Temperature: <\/b>Temperature stazionarie su valori ancora un p\u00f2 al di sotto della media del periodo Su Prealpi a 1500 m: min 6 max 11, a 2000 m: min 2 max 6 Dolomiti &#8211; a 2000 m: min 1 max 6, a 3000 m: min -6 max -4<br \/>\n<b>Venti: <\/b>Venti in quota moderati da nordovest, deboli variabili nelle valli. a 10-20 km\/h a 2000 m e 20-30 km\/h a 3000 m.<\/p>\n<hr \/>\n<p><center><b>Mercoledi 21<\/b><\/center>Da poco a parzialmente nuvoloso con possibili nubi basse fino al primo mattino, maggior nuvolosit\u00e0 su Prealpi dove non \u00e8 esclusa qualche goccia. Temperature pressoch\u00e8 stazionarie su Dolomiti, in lieve calo su Prealpi. Venti in quota al mattino moderati in attenuazione a deboli settentrionali al pomeriggio, deboli variabili nelle valli.<\/p>\n<hr \/>\n<p><center><b>Giovedi 22<\/b><\/center>Sereno o poco nuvoloso su Dolomiti, su Prealpi qualche nube in pi\u00f9 specie al mattino. Temperature stazionarie. Venti in quota moderati settentrionali. Previsore: DDL<\/p>\n<p>&nbsp;<\/p>\n<hr \/>\n<p>&nbsp;<\/p>\n<p><a href=\"https:\/\/www.radiopiu.net\/wordpress\/giornale-radiopiu-26-settembre-2018-direttore-mirko-mezzacasa\/viabilita-2\/\" rel=\"attachment wp-att-61954\"><img loading=\"lazy\" decoding=\"async\" class=\"aligncenter wp-image-61954 size-full\" src=\"https:\/\/www.radiopiu.net\/wordpress\/wp-content\/uploads\/2018\/09\/viabilita.jpeg\" sizes=\"auto, (max-width: 800px) 100vw, 800px\" srcset=\"https:\/\/www.radiopiu.net\/wordpress\/wp-content\/uploads\/2018\/09\/viabilita.jpeg 800w, https:\/\/www.radiopiu.net\/wordpress\/wp-content\/uploads\/2018\/09\/viabilita-300x38.jpeg 300w, https:\/\/www.radiopiu.net\/wordpress\/wp-content\/uploads\/2018\/09\/viabilita-768x96.jpeg 768w\" alt=\"\" width=\"800\" height=\"100\" \/><\/a><\/p>\n<blockquote>\n<h3><\/h3>\n<h3>GALLERIA DI SEGUSINO CHIUSA PER 4 MESI<\/h3>\n<\/blockquote>\n<p><strong><a class=\"dt-pswp-item\" href=\"https:\/\/www.radiopiu.net\/wordpress\/wp-content\/uploads\/2020\/05\/VENETO-STRADE.png\" data-dt-img-description=\"\" data-large_image_width=\"400\" data-large_image_height=\"400\"><img loading=\"lazy\" decoding=\"async\" class=\" wp-image-135574 alignleft\" src=\"https:\/\/www.radiopiu.net\/wordpress\/wp-content\/uploads\/2020\/05\/VENETO-STRADE-150x150.png\" alt=\"\" width=\"102\" height=\"102\" srcset=\"https:\/\/www.radiopiu.net\/wordpress\/wp-content\/uploads\/2020\/05\/VENETO-STRADE-150x150.png 150w, https:\/\/www.radiopiu.net\/wordpress\/wp-content\/uploads\/2020\/05\/VENETO-STRADE-300x300.png 300w, https:\/\/www.radiopiu.net\/wordpress\/wp-content\/uploads\/2020\/05\/VENETO-STRADE.png 400w\" sizes=\"auto, (max-width: 102px) 100vw, 102px\" \/><\/a><\/strong><\/p>\n<p><strong>SEGUSINO<\/strong> Fino al 4 novembre, compresi sabati domeniche e festivi infrasettimanali, un&#8217;interdizione totale al transito per l&#8217;intera tratta della galleria di Segusino in seguito a dei lavori per messa in sicurezza della condotta acquedottistica<\/p>\n<p>&nbsp;<\/p>\n<\/div>\n<\/div>\n<blockquote><p>&nbsp;<\/p><\/blockquote>\n<div class=\"page-title-head hgroup\">\n<p>&nbsp;<\/p>\n<div class=\"page-title-head hgroup\">\n<p>&nbsp;<\/p>\n<hr \/>\n<p>&nbsp;<\/p>\n<p>&nbsp;<\/p>\n<p><img loading=\"lazy\" decoding=\"async\" class=\"wp-image-60761 size-full aligncenter\" src=\"https:\/\/www.radiopiu.net\/wordpress\/wp-content\/uploads\/2018\/09\/sport.jpg\" alt=\"\" width=\"800\" height=\"100\" srcset=\"https:\/\/www.radiopiu.net\/wordpress\/wp-content\/uploads\/2018\/09\/sport.jpg 800w, https:\/\/www.radiopiu.net\/wordpress\/wp-content\/uploads\/2018\/09\/sport-300x38.jpg 300w, https:\/\/www.radiopiu.net\/wordpress\/wp-content\/uploads\/2018\/09\/sport-768x96.jpg 768w\" sizes=\"auto, (max-width: 800px) 100vw, 800px\" \/><\/p>\n<\/div>\n<\/div>\n<\/div>\n<div class=\"page-title-head hgroup\">\n<div class=\"page-title-head hgroup\">\n<p><span style=\"color: #0000ff;\"><strong>\u00a0<\/strong><\/span><\/p>\n<p><span style=\"color: #0000ff;\"><strong>CALCIO<\/strong><\/span><\/p>\n<blockquote>\n<h3>UN PUNTO PER L&#8217;AGORDINA ALL&#8217;ESORDIO IN CAMPIONATO. L&#8217;ALPES CESIO PAREGGIA SUL FINALE<\/h3>\n<\/blockquote>\n<p><strong><a class=\"dt-pswp-item\" href=\"https:\/\/www.radiopiu.net\/wordpress\/wp-content\/uploads\/2021\/11\/CALCIO-2021.jpg\" data-dt-img-description=\"\" data-large_image_width=\"2560\" data-large_image_height=\"1707\"><img loading=\"lazy\" decoding=\"async\" class=\"size-thumbnail wp-image-242798 alignleft\" src=\"https:\/\/www.radiopiu.net\/wordpress\/wp-content\/uploads\/2021\/11\/CALCIO-2021-150x150.jpg\" alt=\"\" width=\"150\" height=\"150\" \/><\/a>SECONDA CATEGORIA GIR. T \/ AGORDINA \u2013 ALPES CESIO 2-2 \u00a0(Gol Agordina: 2 Del Chin) <\/strong><\/p>\n<p>Un solo punto per l\u2019Agordina nella prima partita del campionato di Seconda Categoria. Una vera e propria beffa, lo si pu\u00f2 definire cos\u00ec il risultato finale del match giocato ad Agordo. La formazione di Lorenzi meritava di pi\u00f9 ma nel finale di gara l\u2019Alpes Cesio ha avuto il jolly di giornata con una punizione arrivata dopo un recupero di 6\u2019. Gli agordini hanno spinto per tutta la partita ma non hanno saputo essere cinici sotto porta, gli avversari hanno preso la palla al balzo trovando il gol proprio nelle due occasioni nitide della sfida. Parte bene la squadra di Lorenzi. Dopo una fase di studio abbastanza corta, la squadra di Agordo passa in vantaggio al 7\u2019. Tutto nasce da un\u2019azione da calcio d\u2019angolo, palla al centro e colpo vincente di Del Chin che batte il portiere avversario. L\u2019Agordina continua a spingere. Del Chin colpisce in pieno l\u2019incrocio dei pali. Cala il ritmo la squadra di Agordo e gli avversari provano ad impensierire i padroni di casa con qualche azione ma non pericolosa. La partita continua con un certo equilibrio tanto che si gioca a centrocampo. Ritmo blando della partita che concede qualcosa in pi\u00f9 al Cesio. Ci prova l\u2019Agordina al 37\u2019 con Del Din che manca di poco il tappin vincente. Al 42\u2019 gli ospiti pareggiano i conti con Kajbe che batte il portiere agordino. Nel secondo tempo torna a premere la compagine di Agordo e va vicina al gol con Del Chin. Risponde l\u2019Alpes Cesio ma la conclusione termina fuori. Le squadre giocano meglio e lo spettacolo non manca. Entrambe le formazioni hanno l\u2019occasione di portarsi in vantaggio. Al 65\u2019 arriva il secondo gol dell\u2019Agordina. Del Din serve al centro per Del Chin che da solo spinge in fondo al sacco il pallone. Continua a spingere la squadra di Lorenzi che si avvicina al gol in pi\u00f9 occasioni. Nel finale la beffa, dopo 6\u2019 di recupero l\u2019Alpes Cesio pareggia i conti su calcio di punizione.<\/p>\n<p>&nbsp;<\/p>\n<p><strong>GIOVANISSIMI PROVINCIALI \/ CAMPIONATO NON ANCORA INIZIATO<\/strong><\/p>\n<p>&nbsp;<\/p>\n<p><strong>ALLIEVI REGIONALI \/ AGORDINA \u2013 PONZANO 0-4<\/strong><\/p>\n<p>Il Ponzano espugna l\u2019Ivano Dorigo alla prima partita del campionato Allievi Regionali. Un match proibitivo per la compagine allenata da Renato Orzetti che non \u00e8 riuscita a tenere testa agli avversari, nettamente superiori agli agordini. Nonostante il risultato l\u2019Agordina ha giocato bene la prima frazione di gioco concedendo poco al Ponzano e giocando con ordine. A sbloccare la partita una disattenzione difensiva dei giocatori di Agordo a pochi minuti dal termine del primo tempo. Nella ripresa l\u2019Agordina continua a lottare ma il Ponzano raddoppia e subito dopo trova il terzo gol di giornata su calcio di rigore. Sul finale i trevigiani calano il poker. Ora la testa alla prossima sfida per questo gruppo di giovani che devono ancora amalgamarsi come vuole coach Orzetti.<\/p>\n<p>&nbsp;<\/p>\n<p><strong>JUNIORES PROVINCIALI \/ CAMPIONATO NON ANCORA INIZIATO<\/strong><\/p>\n<p>&nbsp;<\/p>\n<p><strong>JUNIORES REGIONALI \/ VITTSANGIACOMO \u2013 FIORI BARP 2-3<\/strong><\/p>\n<p>Inizia con una vittoria il campionato Juniores Regionale per il Fiori Barp. La squadra di Mas di Sedico vince di misura a pochi minuti dal termine dopo una sfida combattuta. I bluarancio di Sedico vanno subito vicini\u00a0 al gol con Hykolli che colpisce il palo. Il Vittsangiacomo passa in vantaggio al 10\u2019. Solo nella ripresa il Fiori Barp pareggia i conti al 70\u2019. Calcio d\u2019angolo e colpo vincente di Hykolli. Lo stesso giocatore si rende protagonista pochi minuti dopo nel raddoppio della compagine di Mas, \u00e8 proprio Hykolli a trovare il tappin vincente su tiro di Fumei. A 10\u2019 dal termine i padroni di casa riescono a trovare il gol del pareggio. Colpo di scena nel finale con Vieceli che si mangia mezza difesa prima di trovare la rete che consegna i primi tre punti stagionali al Fiori Barp.<\/p>\n<p>&nbsp;<\/p>\n<blockquote>\n<h3>LA FAMIGLIA AGORDINA CALCIO SI E&#8217; PRESENTATA UFFICIALMENTE<\/h3>\n<\/blockquote>\n<p><strong>AGORDO\u00a0<\/strong>Si \u00e8 svolta allo stadio Ivano Dorigo di Agordo la presentazione ufficiale dell&#8217;Agordina Calcio. Una passerella di giocatori, dai pi\u00f9 giovani fino alla prima squadra, di fronte al pubblico delle grandi occasioni. La tribuna dell&#8217;Ivano Dorigo di Agordo era colma tra genitori e calciatori delle varie categorie. Un motivo per far capire a tutto l&#8217;Agordino che nella famiglia Agordina arrivano giocatori da tutti i 16 comuni della vallata. I primi a sfilare sono stati i pulcini, Primi calci e scuola calcio, i pi\u00f9 giovani, accompagnati proprio dal Presidente Cosmo Forcella. Subito dopo il saluto del Presidente della LND di Belluno Orazio Zanin che ha voluto ringraziare l&#8217;intera societ\u00e0 per l&#8217;impegno negli anni e fare l&#8217;augurio di una buona stagione a tutti giocatori. Subito dopo \u00e8 toccato alla squadra Esordienti e poi ai sindaci presenti la parola per il saluto istituzionale. La passerella \u00e8 continuata con le altre categorie: Giovanissimi, Allievi Juniores e prima squadra. Finale a sorpresa con il presidente LND di Belluno Orazio Zanin che ha voluto omaggiare il coach dell&#8217;Agordina di Seconda Categoria Marco Lorenzi con una spilla per l&#8217;impegno profuso negli anni come allenatore della formazione di Agordo.<\/p>\n<p><strong>LE FOTO DI SQUADRA<\/strong><\/p>\n\n\t\t\t<style type='text\/css'>\n\t\t\t\t#gallery-7 {\n\t\t\t\t\tmargin: auto;\n\t\t\t\t}\n\t\t\t\t#gallery-7 .gallery-item {\n\t\t\t\t\tfloat: left;\n\t\t\t\t\tmargin-top: 10px;\n\t\t\t\t\ttext-align: center;\n\t\t\t\t\twidth: 33%;\n\t\t\t\t}\n\t\t\t\t#gallery-7 img {\n\t\t\t\t\tborder: 2px solid #cfcfcf;\n\t\t\t\t}\n\t\t\t\t#gallery-7 .gallery-caption {\n\t\t\t\t\tmargin-left: 0;\n\t\t\t\t}\n\t\t\t\t\/* see gallery_shortcode() in wp-includes\/media.php *\/\n\t\t\t<\/style>\n\t\t<div id='gallery-7' class='dt-gallery-container gallery galleryid-297560 gallery-columns-3 gallery-size-thumbnail'><dl class='gallery-item'>\n\t\t\t\t<dt class='gallery-icon landscape'>\n\t\t\t\t\t<a class=\"rollover rollover-zoom dt-pswp-item\" title=\"PICCOLI CALCI AGORDINA 2022\" data-dt-img-description=\"\" data-large_image_width=\"2040\" data-large_image_height=\"1530\"href='https:\/\/www.radiopiu.net\/wordpress\/wp-content\/uploads\/2022\/09\/PICCOLI-CALCI-AGORDINA-2022.jpg'><img loading=\"lazy\" decoding=\"async\" width=\"150\" height=\"150\" src=\"https:\/\/www.radiopiu.net\/wordpress\/wp-content\/uploads\/2022\/09\/PICCOLI-CALCI-AGORDINA-2022-150x150.jpg\" class=\"attachment-thumbnail size-thumbnail\" alt=\"\" aria-describedby=\"gallery-7-297693\" \/><\/a>\n\t\t\t\t<\/dt>\n\t\t\t\t\t<dd class='wp-caption-text gallery-caption' id='gallery-7-297693'>\n\t\t\t\t\tPRIMI CALCI-PULCINI\n\t\t\t\t\t<\/dd><\/dl><dl class='gallery-item'>\n\t\t\t\t<dt class='gallery-icon landscape'>\n\t\t\t\t\t<a class=\"rollover rollover-zoom dt-pswp-item\" title=\"ESORDIENTI AGORDINA 2022\" data-dt-img-description=\"\" data-large_image_width=\"1600\" data-large_image_height=\"1307\"href='https:\/\/www.radiopiu.net\/wordpress\/wp-content\/uploads\/2022\/09\/ESORDIENTI-AGORDINA-2022.jpg'><img loading=\"lazy\" decoding=\"async\" width=\"150\" height=\"150\" src=\"https:\/\/www.radiopiu.net\/wordpress\/wp-content\/uploads\/2022\/09\/ESORDIENTI-AGORDINA-2022-150x150.jpg\" class=\"attachment-thumbnail size-thumbnail\" alt=\"\" aria-describedby=\"gallery-7-297689\" \/><\/a>\n\t\t\t\t<\/dt>\n\t\t\t\t\t<dd class='wp-caption-text gallery-caption' id='gallery-7-297689'>\n\t\t\t\t\tESORDIENTI\n\t\t\t\t\t<\/dd><\/dl><dl class='gallery-item'>\n\t\t\t\t<dt class='gallery-icon landscape'>\n\t\t\t\t\t<a class=\"rollover rollover-zoom dt-pswp-item\" title=\"GIOVANISSIMI AGORDINA 2022\" data-dt-img-description=\"\" data-large_image_width=\"1600\" data-large_image_height=\"1307\"href='https:\/\/www.radiopiu.net\/wordpress\/wp-content\/uploads\/2022\/09\/GIOVANISSIMI-AGORDINA-2022.jpg'><img loading=\"lazy\" decoding=\"async\" width=\"150\" height=\"150\" src=\"https:\/\/www.radiopiu.net\/wordpress\/wp-content\/uploads\/2022\/09\/GIOVANISSIMI-AGORDINA-2022-150x150.jpg\" class=\"attachment-thumbnail size-thumbnail\" alt=\"\" aria-describedby=\"gallery-7-297691\" \/><\/a>\n\t\t\t\t<\/dt>\n\t\t\t\t\t<dd class='wp-caption-text gallery-caption' id='gallery-7-297691'>\n\t\t\t\t\tGIOVANISSIMI\n\t\t\t\t\t<\/dd><\/dl><br style=\"clear: both\" \/><dl class='gallery-item'>\n\t\t\t\t<dt class='gallery-icon landscape'>\n\t\t\t\t\t<a class=\"rollover rollover-zoom dt-pswp-item\" title=\"ALLIEVI AGORDINA 2022\" data-dt-img-description=\"\" data-large_image_width=\"1600\" data-large_image_height=\"1200\"href='https:\/\/www.radiopiu.net\/wordpress\/wp-content\/uploads\/2022\/09\/ALLIEVI-AGORDINA-2022.jpg'><img loading=\"lazy\" decoding=\"async\" width=\"150\" height=\"150\" src=\"https:\/\/www.radiopiu.net\/wordpress\/wp-content\/uploads\/2022\/09\/ALLIEVI-AGORDINA-2022-150x150.jpg\" class=\"attachment-thumbnail size-thumbnail\" alt=\"\" aria-describedby=\"gallery-7-297694\" \/><\/a>\n\t\t\t\t<\/dt>\n\t\t\t\t\t<dd class='wp-caption-text gallery-caption' id='gallery-7-297694'>\n\t\t\t\t\tALLIEVI\n\t\t\t\t\t<\/dd><\/dl><dl class='gallery-item'>\n\t\t\t\t<dt class='gallery-icon landscape'>\n\t\t\t\t\t<a class=\"rollover rollover-zoom dt-pswp-item\" title=\"JUNIORES AGORDINA 2022\" data-dt-img-description=\"\" data-large_image_width=\"1600\" data-large_image_height=\"1200\"href='https:\/\/www.radiopiu.net\/wordpress\/wp-content\/uploads\/2022\/09\/JUNIORES-AGORDINA-2022.jpg'><img loading=\"lazy\" decoding=\"async\" width=\"150\" height=\"150\" src=\"https:\/\/www.radiopiu.net\/wordpress\/wp-content\/uploads\/2022\/09\/JUNIORES-AGORDINA-2022-150x150.jpg\" class=\"attachment-thumbnail size-thumbnail\" alt=\"\" aria-describedby=\"gallery-7-297692\" \/><\/a>\n\t\t\t\t<\/dt>\n\t\t\t\t\t<dd class='wp-caption-text gallery-caption' id='gallery-7-297692'>\n\t\t\t\t\tJUNIORES\n\t\t\t\t\t<\/dd><\/dl><dl class='gallery-item'>\n\t\t\t\t<dt class='gallery-icon landscape'>\n\t\t\t\t\t<a class=\"rollover rollover-zoom dt-pswp-item\" title=\"PRIMA SQUADRA AGORDINA 2022\" data-dt-img-description=\"\" data-large_image_width=\"2040\" data-large_image_height=\"1530\"href='https:\/\/www.radiopiu.net\/wordpress\/wp-content\/uploads\/2022\/09\/PRIMA-SQUADRA-AGORDINA-2022.jpg'><img loading=\"lazy\" decoding=\"async\" width=\"150\" height=\"150\" src=\"https:\/\/www.radiopiu.net\/wordpress\/wp-content\/uploads\/2022\/09\/PRIMA-SQUADRA-AGORDINA-2022-150x150.jpg\" class=\"attachment-thumbnail size-thumbnail\" alt=\"\" \/><\/a>\n\t\t\t\t<\/dt><\/dl><br style=\"clear: both\" \/>\n\t\t\t<\/div>\n\n<p>&nbsp;<\/p>\n<p><strong>ALCUNI SCATTI DELLA PRESENTAZIONE<\/strong><\/p>\n\n\t\t\t<style type='text\/css'>\n\t\t\t\t#gallery-8 {\n\t\t\t\t\tmargin: auto;\n\t\t\t\t}\n\t\t\t\t#gallery-8 .gallery-item {\n\t\t\t\t\tfloat: left;\n\t\t\t\t\tmargin-top: 10px;\n\t\t\t\t\ttext-align: center;\n\t\t\t\t\twidth: 25%;\n\t\t\t\t}\n\t\t\t\t#gallery-8 img {\n\t\t\t\t\tborder: 2px solid #cfcfcf;\n\t\t\t\t}\n\t\t\t\t#gallery-8 .gallery-caption {\n\t\t\t\t\tmargin-left: 0;\n\t\t\t\t}\n\t\t\t\t\/* see gallery_shortcode() in wp-includes\/media.php *\/\n\t\t\t<\/style>\n\t\t<div id='gallery-8' class='dt-gallery-container gallery galleryid-297560 gallery-columns-4 gallery-size-thumbnail'><dl class='gallery-item'>\n\t\t\t\t<dt class='gallery-icon landscape'>\n\t\t\t\t\t<a class=\"rollover rollover-zoom dt-pswp-item\" title=\"013fc8a5-b7ed-4bcf-84ca-d03e0d909700\" data-dt-img-description=\"\" data-large_image_width=\"2040\" data-large_image_height=\"1530\"href='https:\/\/www.radiopiu.net\/wordpress\/wp-content\/uploads\/2022\/09\/013fc8a5-b7ed-4bcf-84ca-d03e0d909700.jpg'><img loading=\"lazy\" decoding=\"async\" width=\"150\" height=\"150\" src=\"https:\/\/www.radiopiu.net\/wordpress\/wp-content\/uploads\/2022\/09\/013fc8a5-b7ed-4bcf-84ca-d03e0d909700-150x150.jpg\" class=\"attachment-thumbnail size-thumbnail\" alt=\"\" \/><\/a>\n\t\t\t\t<\/dt><\/dl><dl class='gallery-item'>\n\t\t\t\t<dt class='gallery-icon landscape'>\n\t\t\t\t\t<a class=\"rollover rollover-zoom dt-pswp-item\" title=\"5c91f0bc-7183-4411-ab09-c7458d8caeb3\" data-dt-img-description=\"\" data-large_image_width=\"2040\" data-large_image_height=\"1530\"href='https:\/\/www.radiopiu.net\/wordpress\/wp-content\/uploads\/2022\/09\/5c91f0bc-7183-4411-ab09-c7458d8caeb3.jpg'><img loading=\"lazy\" decoding=\"async\" width=\"150\" height=\"150\" src=\"https:\/\/www.radiopiu.net\/wordpress\/wp-content\/uploads\/2022\/09\/5c91f0bc-7183-4411-ab09-c7458d8caeb3-150x150.jpg\" class=\"attachment-thumbnail size-thumbnail\" alt=\"\" \/><\/a>\n\t\t\t\t<\/dt><\/dl><dl class='gallery-item'>\n\t\t\t\t<dt class='gallery-icon landscape'>\n\t\t\t\t\t<a class=\"rollover rollover-zoom dt-pswp-item\" title=\"e377d3a2-8ec5-4e9f-8071-df5dc6ed71c7\" data-dt-img-description=\"\" data-large_image_width=\"2040\" data-large_image_height=\"1530\"href='https:\/\/www.radiopiu.net\/wordpress\/wp-content\/uploads\/2022\/09\/e377d3a2-8ec5-4e9f-8071-df5dc6ed71c7.jpg'><img loading=\"lazy\" decoding=\"async\" width=\"150\" height=\"150\" src=\"https:\/\/www.radiopiu.net\/wordpress\/wp-content\/uploads\/2022\/09\/e377d3a2-8ec5-4e9f-8071-df5dc6ed71c7-150x150.jpg\" class=\"attachment-thumbnail size-thumbnail\" alt=\"\" \/><\/a>\n\t\t\t\t<\/dt><\/dl><dl class='gallery-item'>\n\t\t\t\t<dt class='gallery-icon landscape'>\n\t\t\t\t\t<a class=\"rollover rollover-zoom dt-pswp-item\" title=\"3e37f2f4-0f36-435c-94e2-4cf47cb50488\" data-dt-img-description=\"\" data-large_image_width=\"2040\" data-large_image_height=\"1530\"href='https:\/\/www.radiopiu.net\/wordpress\/wp-content\/uploads\/2022\/09\/3e37f2f4-0f36-435c-94e2-4cf47cb50488.jpg'><img loading=\"lazy\" decoding=\"async\" width=\"150\" height=\"150\" src=\"https:\/\/www.radiopiu.net\/wordpress\/wp-content\/uploads\/2022\/09\/3e37f2f4-0f36-435c-94e2-4cf47cb50488-150x150.jpg\" class=\"attachment-thumbnail size-thumbnail\" alt=\"\" \/><\/a>\n\t\t\t\t<\/dt><\/dl><br style=\"clear: both\" \/><dl class='gallery-item'>\n\t\t\t\t<dt class='gallery-icon landscape'>\n\t\t\t\t\t<a class=\"rollover rollover-zoom dt-pswp-item\" title=\"42234f70-4d52-4f5b-8313-1e411a225bab\" data-dt-img-description=\"\" data-large_image_width=\"2040\" data-large_image_height=\"1530\"href='https:\/\/www.radiopiu.net\/wordpress\/wp-content\/uploads\/2022\/09\/42234f70-4d52-4f5b-8313-1e411a225bab.jpg'><img loading=\"lazy\" decoding=\"async\" width=\"150\" height=\"150\" src=\"https:\/\/www.radiopiu.net\/wordpress\/wp-content\/uploads\/2022\/09\/42234f70-4d52-4f5b-8313-1e411a225bab-150x150.jpg\" class=\"attachment-thumbnail size-thumbnail\" alt=\"\" \/><\/a>\n\t\t\t\t<\/dt><\/dl><dl class='gallery-item'>\n\t\t\t\t<dt class='gallery-icon landscape'>\n\t\t\t\t\t<a class=\"rollover rollover-zoom dt-pswp-item\" title=\"90a663cb-bb97-4ad2-bb52-de40a7ba318d\" data-dt-img-description=\"\" data-large_image_width=\"2040\" data-large_image_height=\"1530\"href='https:\/\/www.radiopiu.net\/wordpress\/wp-content\/uploads\/2022\/09\/90a663cb-bb97-4ad2-bb52-de40a7ba318d.jpg'><img loading=\"lazy\" decoding=\"async\" width=\"150\" height=\"150\" src=\"https:\/\/www.radiopiu.net\/wordpress\/wp-content\/uploads\/2022\/09\/90a663cb-bb97-4ad2-bb52-de40a7ba318d-150x150.jpg\" class=\"attachment-thumbnail size-thumbnail\" alt=\"\" \/><\/a>\n\t\t\t\t<\/dt><\/dl><dl class='gallery-item'>\n\t\t\t\t<dt class='gallery-icon portrait'>\n\t\t\t\t\t<a class=\"rollover rollover-zoom dt-pswp-item\" title=\"1ca1ec2d-f9d6-4abc-a32b-9c64e0e48119\" data-dt-img-description=\"\" data-large_image_width=\"1530\" data-large_image_height=\"2040\"href='https:\/\/www.radiopiu.net\/wordpress\/wp-content\/uploads\/2022\/09\/1ca1ec2d-f9d6-4abc-a32b-9c64e0e48119.jpg'><img loading=\"lazy\" decoding=\"async\" width=\"150\" height=\"150\" src=\"https:\/\/www.radiopiu.net\/wordpress\/wp-content\/uploads\/2022\/09\/1ca1ec2d-f9d6-4abc-a32b-9c64e0e48119-150x150.jpg\" class=\"attachment-thumbnail size-thumbnail\" alt=\"\" \/><\/a>\n\t\t\t\t<\/dt><\/dl><dl class='gallery-item'>\n\t\t\t\t<dt class='gallery-icon landscape'>\n\t\t\t\t\t<a class=\"rollover rollover-zoom dt-pswp-item\" title=\"352a81df-2720-4f5d-a318-7c0d4d42a71d\" data-dt-img-description=\"\" data-large_image_width=\"2040\" data-large_image_height=\"1530\"href='https:\/\/www.radiopiu.net\/wordpress\/wp-content\/uploads\/2022\/09\/352a81df-2720-4f5d-a318-7c0d4d42a71d.jpg'><img loading=\"lazy\" decoding=\"async\" width=\"150\" height=\"150\" src=\"https:\/\/www.radiopiu.net\/wordpress\/wp-content\/uploads\/2022\/09\/352a81df-2720-4f5d-a318-7c0d4d42a71d-150x150.jpg\" class=\"attachment-thumbnail size-thumbnail\" alt=\"\" \/><\/a>\n\t\t\t\t<\/dt><\/dl><br style=\"clear: both\" \/>\n\t\t\t<\/div>\n\n<p>&nbsp;<\/p>\n<hr \/>\n<p>&nbsp;<\/p>\n<p><span style=\"color: #0000ff;\"><strong>PALLAVOLO<\/strong><\/span><\/p>\n<blockquote>\n<h3>GRAZIANI LASCIA LA SFORTUNA ALLE SPALLE<\/h3>\n<\/blockquote>\n<p><strong><a class=\"dt-pswp-item\" href=\"https:\/\/www.radiopiu.net\/wordpress\/wp-content\/uploads\/2022\/09\/Graziani_in_ricezione.jpg\" data-dt-img-description=\"\" data-large_image_width=\"800\" data-large_image_height=\"400\"><img loading=\"lazy\" decoding=\"async\" class=\"size-thumbnail wp-image-297637 alignleft\" src=\"https:\/\/www.radiopiu.net\/wordpress\/wp-content\/uploads\/2022\/09\/Graziani_in_ricezione-150x150.jpg\" alt=\"\" width=\"150\" height=\"150\" \/><\/a>BELLUNO<\/strong> No, non \u00e8 stato un periodo fortunato per Alessandro Graziani: prima, a ridosso di Ferragosto, la grande paura vissuta a Monaco di Baviera, in seguito alla terribile caduta della compagna Letizia Paternoster agli Europei di ciclismo su pista. Poi, la gastroenterite che lo ha bloccato a letto per una settimana, debilitandolo e facendogli saltare una fetta di preparazione, oltre a due test amichevoli: quello con l\u2019Itas Trentino e la trasferta di Porto Viro col Delta.<span class=\"gmail-Apple-converted-space\">\u00a0<\/span>Ma ora lo schiacciatore della Da Rold Logistics Belluno \u00e8 pronto a chiudere a chiave il cassetto della sfortuna. E a riprendersi il suo posto sul palcoscenico sportivo. Mercoled\u00ec 21, a Lambioi, Graziani e soci torneranno sul parquet per affrontare il Volley Team San Don\u00e0. L\u2019atleta genovese ha le idee chiare: \u00ab<em>La versione attuale della Da Rold Logistics \u00e8 giovanissima, l\u2019espertone del gruppo sono io &#8211; sorride -. E quando l\u2019et\u00e0 media \u00e8 cos\u00ec bassa, la fame e la sana competitivit\u00e0 interna inducono a non porsi dei limiti. Possiamo puntare l\u2019asticella in alto, ma dipende da noi. Lo scorso anno Prata ci ha insegnato che, con un gruppo giovane, ma ben strutturato e gestito, \u00e8 possibile arrivare lontano<\/em>\u00bb.<span class=\"gmail-Apple-converted-space\">\u00a0<\/span><\/p>\n<p>&nbsp;<\/p>\n<p>&nbsp;<\/p>\n<hr \/>\n<p>&nbsp;<\/p>\n<p><span style=\"color: #0000ff;\"><strong>MOTORI<\/strong><\/span><\/p>\n<blockquote>\n<h3>TREDICESIMA POSIZIONE PER ANDREA FONTANA A VALLELUNGA<\/h3>\n<\/blockquote>\n<p><strong><a class=\"dt-pswp-item\" href=\"https:\/\/www.radiopiu.net\/wordpress\/wp-content\/uploads\/2022\/05\/andrea-fontana-2022-1.jpg\" data-dt-img-description=\"\" data-large_image_width=\"1024\" data-large_image_height=\"657\"><img loading=\"lazy\" decoding=\"async\" class=\"size-thumbnail wp-image-274445 alignleft\" src=\"https:\/\/www.radiopiu.net\/wordpress\/wp-content\/uploads\/2022\/05\/andrea-fontana-2022-1-150x150.jpg\" alt=\"\" width=\"150\" height=\"150\" \/><\/a>VALLELUNGA<\/strong> Si \u00e8 corso in questo fine settimana il quarto appuntamento della Porsche Carrera Cup Italia al circuito di Vallelunga. Non \u00e8 stato un weekend dei migliori per il pilota bellunese Andrea Fontana. Nelle qualifiche il pontalpino ha chiuso con il tredicesimo posto in griglia. Sabato in gara 1 Fontana \u00e8 riuscito a recuperare qualche posizione ma nel finale \u00e8 stato coinvolto in un incidente che gli \u00e8 costato 25&#8243; di penalit\u00e0 finendo al 23\u00b0 posto in griglia nella gara della domenica. In gara 2 Andrea Fontana ha tirato fuori le unghie ma non \u00e8 riuscito a terminare in top ten. Alla partenza un incidente ha chiamato in causa la safety car dopo mezzo giro. Alla ripartenza Fontana ha ingranato la marcia giusta ed ha recuperato posizione su posizione fino a chiudere al 13\u00b0 posto. Ora qualche giorno di riposo per poi andare a Monza per la penultima tappa del Porsche Carrera Cup che si svolger\u00e0 nel fine settimana del 8-9 ottobre.<\/p>\n<p><em>Andrea Fontana &#8220;La rimonta dal fondo di oggi si chiude a ridosso della top, al 13\u00b0 posto! Peccato perch\u00e9 con la temperatura di oggi le pressioni delle gomme sono schizzate alle stelle e dopo i primi giri siamo andati un po\u2019 in crisi, si sarebbe potuto finire tra i primi dieci\u2026 cercheremo di rifarci a Monza per il 5\u00b0 round del carrera cup il 8-9 ottobre&#8221;\u00a0<\/em><\/p>\n<p>&nbsp;<\/p>\n<hr \/>\n<blockquote>\n<h3>VENTESIMO POSTO ASSOLUTO PER DENIS MEZZACASA IN CROAZIA<\/h3>\n<\/blockquote>\n<p><strong><a class=\"dt-pswp-item\" href=\"https:\/\/www.radiopiu.net\/wordpress\/wp-content\/uploads\/2022\/09\/9b92f953-e95e-4e09-ba8a-e2c322f20435.jpg\" data-dt-img-description=\"\" data-large_image_width=\"1440\" data-large_image_height=\"1080\"><img loading=\"lazy\" decoding=\"async\" class=\"size-thumbnail wp-image-297763 alignleft\" src=\"https:\/\/www.radiopiu.net\/wordpress\/wp-content\/uploads\/2022\/09\/9b92f953-e95e-4e09-ba8a-e2c322f20435-150x150.jpg\" alt=\"\" width=\"150\" height=\"150\" \/><\/a>BUZETSKI (CROAZIA)<\/strong><\/p>\n<p>di Roberto Bona<\/p>\n<audio class=\"wp-audio-shortcode\" id=\"audio-297560-6\" preload=\"none\" style=\"width: 100%;\" controls=\"controls\"><source type=\"audio\/mpeg\" src=\"https:\/\/www.radiopiu.net\/wordpress\/wp-content\/uploads\/2022\/09\/gr-19-sport-denis-mezzacasa.mp3?_=6\" \/><a href=\"https:\/\/www.radiopiu.net\/wordpress\/wp-content\/uploads\/2022\/09\/gr-19-sport-denis-mezzacasa.mp3\">https:\/\/www.radiopiu.net\/wordpress\/wp-content\/uploads\/2022\/09\/gr-19-sport-denis-mezzacasa.mp3<\/a><\/audio>\n<p>&nbsp;<\/p>\n<hr \/>\n<p>&nbsp;<\/p>\n<p><span style=\"color: #0000ff;\"><strong>CORSA SU STRADA<\/strong><\/span><\/p>\n<blockquote>\n<h3>A LAGGIO DI CADORE IL CAMPIONATO PROVINCIALE DI CORSA SU STRADA DI CSI BELLUNO<\/h3>\n<\/blockquote>\n<p><strong>VIGO DI CADORE<\/strong> Sono stati un centinaio i concorrenti che ieri hanno dato vita al campionato provinciale di corsa su strada di Csi Belluno. Si \u00e8 gareggiato a Laggio di Vigo di Cadore, per l\u2019organizzazione dell\u2019Unione sportiva Aquilotti di Pelos, coadiuvati dal Soccorso Alpino (il ricavato della manifestazione andr\u00e0 a finanziare i lavori di sistemazione del bivacco sul Monte Tudaio), dalla Protezione Civile e altre realt\u00e0 locali. Apprezzato il circuito cittadino che ha visto confrontarsi grandi e piccoli (in gara tutte le categorie, da Cuccioli a Veterani) in un&#8217; atmosfera di grande festa. Prima della partenza \u00e8 stato osservato un minuto di silenzio per le vittime dell\u2019alluvione nelle Marche (come per tutti gli eventi Csi del fine settimana) e in memoria di Libero Da Rin De Nicol\u00f2, prezioso collaboratore dell\u2019Us Aquilotti, scomparso nei giorni scorsi. Questi i vincitori del Provinciale su strada. Cuccioli: Chiara De Nard (Atletica Lamon) e Mauro Miglietta (Aquilotti Pelos); Esordienti: Miriam Triches (Atletica Agordina) e Riccardo Passuello (As Pozzale); Ragazzi: Lucia Turrin (Virtus Nemeggio) e Mattia Simeoni (Astra Quero); Cadetti: Alessia Miniutti (Astra Quero) e Marco Menia Cadore (Quantin Alpenplus); Allievi: Gloria Fusina (Atletica Agordina) e Daniel Tom\u00e8 (Astra Quero); Juniores: Naike Bergamo (Giocallena Atleticadore); Seniores: Marina Giotto (La Piave 2000) e Osvaldo Zanella (Marciatori Calalzo); Amatori A: Manuela Bulf (Atletica Agordina) e Mirko Da Vi\u00e0 (Marciatori Calalzo); Amatori B: Silvia Vecellio (Giocallena Atleticadore) e Gabriele De Nard (Atletica Lamon); Veterani A: Viviana Pilat (Atletica Agordina) e Giovanni Unterpertinger (Marciatori Calalzo); Veterani B: Luisa Casagrande (Atletica Trichiana) e Gianni De Conti (Atletica Trichiana).<\/p>\n\n\t\t\t<style type='text\/css'>\n\t\t\t\t#gallery-9 {\n\t\t\t\t\tmargin: auto;\n\t\t\t\t}\n\t\t\t\t#gallery-9 .gallery-item {\n\t\t\t\t\tfloat: left;\n\t\t\t\t\tmargin-top: 10px;\n\t\t\t\t\ttext-align: center;\n\t\t\t\t\twidth: 25%;\n\t\t\t\t}\n\t\t\t\t#gallery-9 img {\n\t\t\t\t\tborder: 2px solid #cfcfcf;\n\t\t\t\t}\n\t\t\t\t#gallery-9 .gallery-caption {\n\t\t\t\t\tmargin-left: 0;\n\t\t\t\t}\n\t\t\t\t\/* see gallery_shortcode() in wp-includes\/media.php *\/\n\t\t\t<\/style>\n\t\t<div id='gallery-9' class='dt-gallery-container gallery galleryid-297560 gallery-columns-4 gallery-size-thumbnail'><dl class='gallery-item'>\n\t\t\t\t<dt class='gallery-icon landscape'>\n\t\t\t\t\t<a class=\"rollover rollover-zoom dt-pswp-item\" title=\"seniores donne\" data-dt-img-description=\"\" data-large_image_width=\"2048\" data-large_image_height=\"1536\"href='https:\/\/www.radiopiu.net\/wordpress\/wp-content\/uploads\/2022\/09\/seniores-donne.jpg'><img loading=\"lazy\" decoding=\"async\" width=\"150\" height=\"150\" src=\"https:\/\/www.radiopiu.net\/wordpress\/wp-content\/uploads\/2022\/09\/seniores-donne-150x150.jpg\" class=\"attachment-thumbnail size-thumbnail\" alt=\"\" \/><\/a>\n\t\t\t\t<\/dt><\/dl><dl class='gallery-item'>\n\t\t\t\t<dt class='gallery-icon landscape'>\n\t\t\t\t\t<a class=\"rollover rollover-zoom dt-pswp-item\" title=\"seniores uomini\" data-dt-img-description=\"\" data-large_image_width=\"2048\" data-large_image_height=\"1536\"href='https:\/\/www.radiopiu.net\/wordpress\/wp-content\/uploads\/2022\/09\/seniores-uomini.jpg'><img loading=\"lazy\" decoding=\"async\" width=\"150\" height=\"150\" src=\"https:\/\/www.radiopiu.net\/wordpress\/wp-content\/uploads\/2022\/09\/seniores-uomini-150x150.jpg\" class=\"attachment-thumbnail size-thumbnail\" alt=\"\" \/><\/a>\n\t\t\t\t<\/dt><\/dl><dl class='gallery-item'>\n\t\t\t\t<dt class='gallery-icon landscape'>\n\t\t\t\t\t<a class=\"rollover rollover-zoom dt-pswp-item\" title=\"cadetti\" data-dt-img-description=\"\" data-large_image_width=\"2048\" data-large_image_height=\"1365\"href='https:\/\/www.radiopiu.net\/wordpress\/wp-content\/uploads\/2022\/09\/cadetti.jpg'><img loading=\"lazy\" decoding=\"async\" width=\"150\" height=\"150\" src=\"https:\/\/www.radiopiu.net\/wordpress\/wp-content\/uploads\/2022\/09\/cadetti-150x150.jpg\" class=\"attachment-thumbnail size-thumbnail\" alt=\"\" \/><\/a>\n\t\t\t\t<\/dt><\/dl><dl class='gallery-item'>\n\t\t\t\t<dt class='gallery-icon landscape'>\n\t\t\t\t\t<a class=\"rollover rollover-zoom dt-pswp-item\" title=\"amatori B maschile\" data-dt-img-description=\"\" data-large_image_width=\"2048\" data-large_image_height=\"1536\"href='https:\/\/www.radiopiu.net\/wordpress\/wp-content\/uploads\/2022\/09\/amatori-B-maschile.jpg'><img loading=\"lazy\" decoding=\"async\" width=\"150\" height=\"150\" src=\"https:\/\/www.radiopiu.net\/wordpress\/wp-content\/uploads\/2022\/09\/amatori-B-maschile-150x150.jpg\" class=\"attachment-thumbnail size-thumbnail\" alt=\"\" \/><\/a>\n\t\t\t\t<\/dt><\/dl><br style=\"clear: both\" \/>\n\t\t\t<\/div>\n\n<p>&nbsp;<\/p>\n<hr \/>\n<p>&nbsp;<\/p>\n<p><span style=\"color: #0000ff;\"><strong>CORSA IN MONTAGNA<\/strong><\/span><\/p>\n<blockquote>\n<h3>LUCA FABRIS ED ENRICO BONATI VINCONO LA QUINTA EDIZIONE DELLA TRANSCAVALLO EQUINOX RUN<\/h3>\n<\/blockquote>\n<p><strong><a class=\"dt-pswp-item\" href=\"https:\/\/www.radiopiu.net\/wordpress\/wp-content\/uploads\/2022\/09\/Facco_Luca-98-scaled.jpg\" data-dt-img-description=\"\" data-large_image_width=\"2560\" data-large_image_height=\"1707\"><img loading=\"lazy\" decoding=\"async\" class=\"size-thumbnail wp-image-297790 alignleft\" src=\"https:\/\/www.radiopiu.net\/wordpress\/wp-content\/uploads\/2022\/09\/Facco_Luca-98-150x150.jpg\" alt=\"\" width=\"150\" height=\"150\" \/><\/a>ALPAGO<\/strong> Sulle montagne iridate dell\u2019Alpago \u00e8 andata in scena la quinta edizione della Transcavallo Equinox Run. Una giornata soleggiata con temperature autunnali ha fatto da cornice alla gara podistica disputata lungo i sentieri e sulle vette che durante l\u2019inverno diventano il paradiso dello scialpinismo e della Transcavallo.\u2028 In campo maschile \u00e8 andata in scena la sfida agonistica tra il team di Luca Fabris e Enrico Bonati che ha condotto la testa della corsa sin da subito e il team di Michele e Giulia Marchesoni. Luca Fabris e Enrico Bonati hanno chiuso con il tempo di 2h40\u201920\u2019\u2019 con 11\u201934\u2019\u2019 di vantaggio sui Marchesoni. In terza posizione la coppia formata da Marco Bortolot e Francesco De Riz. \u2028 Tra le donne la vittoria \u00e8 andata a Sara Cavalet e Silvia De Col. Le vincitrici hanno fermato il cronometro in 3h29\u201909\u2019\u2019. In seconda posizione si sono classificate le sorelle Monica e Michaela Bortoluzzi, mentre sul terzo gradino del podio sono salite Chiara Mares e Loretta Fistarol\u2028. Tra le coppie miste domino con record per la squadra di Michele e Giulia Marchesoni davanti alla squadra formata da Annelise Felderer e Markus Planoetscher (quarti classificati assoluti). Il nuovo \u201cbest time\u201d \u00e8 di 2h51\u201954\u2019\u2019. Sul\u00a0terzo gradino del podio sono saliti Juri De Bastiani e Sara Campigotto.<\/p>\n<\/div>\n<\/div>\n<\/div>\n<\/div>\n<\/div>\n<\/div>\n<\/div>\n<\/div>\n<\/div>\n<\/div>\n<\/div>\n<\/div>\n<\/div>\n<\/div>\n<\/div>\n<\/div>\n<\/div>\n<\/div>\n<\/div>\n<\/div>\n<\/div>\n<\/div>\n<\/div>\n<\/div>\n<\/div>\n<\/div>\n<\/div>\n<\/div>\n<\/div>\n<\/div>\n<\/div>\n<\/div>\n<\/div>\n<\/div>\n<\/div>\n<\/div>\n<\/div>\n<\/div>\n<\/div>\n<\/div>\n<\/div>\n<\/div>\n<\/div>\n<\/div>\n<\/div>\n<\/div>\n<\/div>\n<\/div>\n<\/div>\n<\/div>\n<\/div>\n<\/div>\n<\/div>\n<\/div>\n<\/div>\n<\/div>\n<\/div>\n<\/div>\n<\/div>\n<\/div>\n<\/div>\n<\/div>\n<\/div>\n<\/div>\n<\/div>\n<\/div>\n<\/div>\n<\/div>\n<\/div>\n<\/div>\n<\/div>\n<\/div>\n<\/div>\n<\/div>\n<\/div>\n<\/div>\n<\/div>\n<\/div>\n<\/div>\n<\/div>\n<\/div>\n<\/div>\n<\/div>\n<\/div>\n<\/div>\n<\/div>\n<\/div>\n<\/div>\n<\/div>\n<\/div>\n<\/div>\n<\/div>\n<\/div>\n<\/div>\n<\/div>\n<\/div>\n<\/div>\n<\/div>\n<\/div>\n<\/div>\n<\/div>\n<\/div>\n<\/div>\n","protected":false},"excerpt":{"rendered":"<p>RADIO PIU INFORMAZIONE il canale su TELEGRAM informazione di prima\u00a0\u00a0mano e in tempo reale. iscriviti ed aiutaci a farlo conoscere &nbsp; &nbsp; IL 22 SETTEMBRE BREVI INTERRUZIONI SULLA SR 203 AGORDINA \u00a0 SEDICO Veneto Strade comunica che il 22 settembre la SR 203 Agordina sar\u00e0 interessata da brevi interruzioni della durata di 5 minuti per&hellip;<\/p>\n","protected":false},"author":4,"featured_media":297669,"comment_status":"closed","ping_status":"closed","sticky":false,"template":"","format":"standard","meta":{"_monsterinsights_skip_tracking":false,"_monsterinsights_sitenote_active":false,"_monsterinsights_sitenote_note":"","_monsterinsights_sitenote_category":0,"footnotes":""},"categories":[51,86,49],"tags":[],"class_list":["post-297560","post","type-post","status-publish","format-standard","has-post-thumbnail","hentry","category-evidenza-top","category-gr","category-news-18","category-51","category-86","category-49","description-off"],"img_url":"https:\/\/www.radiopiu.net\/wordpress\/wp-content\/uploads\/2022\/09\/b2358257-1fef-4a98-aebd-151cad302bed.jpg","_links":{"self":[{"href":"https:\/\/www.radiopiu.net\/wordpress\/wp-json\/wp\/v2\/posts\/297560","targetHints":{"allow":["GET"]}}],"collection":[{"href":"https:\/\/www.radiopiu.net\/wordpress\/wp-json\/wp\/v2\/posts"}],"about":[{"href":"https:\/\/www.radiopiu.net\/wordpress\/wp-json\/wp\/v2\/types\/post"}],"author":[{"embeddable":true,"href":"https:\/\/www.radiopiu.net\/wordpress\/wp-json\/wp\/v2\/users\/4"}],"replies":[{"embeddable":true,"href":"https:\/\/www.radiopiu.net\/wordpress\/wp-json\/wp\/v2\/comments?post=297560"}],"version-history":[{"count":0,"href":"https:\/\/www.radiopiu.net\/wordpress\/wp-json\/wp\/v2\/posts\/297560\/revisions"}],"wp:featuredmedia":[{"embeddable":true,"href":"https:\/\/www.radiopiu.net\/wordpress\/wp-json\/wp\/v2\/media\/297669"}],"wp:attachment":[{"href":"https:\/\/www.radiopiu.net\/wordpress\/wp-json\/wp\/v2\/media?parent=297560"}],"wp:term":[{"taxonomy":"category","embeddable":true,"href":"https:\/\/www.radiopiu.net\/wordpress\/wp-json\/wp\/v2\/categories?post=297560"},{"taxonomy":"post_tag","embeddable":true,"href":"https:\/\/www.radiopiu.net\/wordpress\/wp-json\/wp\/v2\/tags?post=297560"}],"curies":[{"name":"wp","href":"https:\/\/api.w.org\/{rel}","templated":true}]}}