{"id":297562,"date":"2022-09-17T05:26:24","date_gmt":"2022-09-17T03:26:24","guid":{"rendered":"https:\/\/www.radiopiu.net\/wordpress\/?p=297562"},"modified":"2022-09-17T05:56:21","modified_gmt":"2022-09-17T03:56:21","slug":"anef-lancia-il-manifesto-per-la-montagna-le-nuove-cariche","status":"publish","type":"post","link":"https:\/\/www.radiopiu.net\/wordpress\/anef-lancia-il-manifesto-per-la-montagna-le-nuove-cariche\/","title":{"rendered":"ANEF LANCIA IL MANIFESTO PER LA MONTAGNA, LE NUOVE CARICHE"},"content":{"rendered":"<p>Dall\u2019annuale Assemblea di ANEF (Associazione Nazionale Esercenti Funiviari) \u00e8 emerso un documento di sintesi, un manifesto, che raccoglie le emergenze, le necessit\u00e0, le proposte per una nuova centralit\u00e0 delle terre alte: un accorato appello alla politica in vista delle elezioni di settembre. Il Manifesto \u00e8 frutto del lavoro di circa 280 fra aziende, imprenditori, istituzioni e protagonisti della vita nelle terre alte. Un documento che pone l&#8217;attenzione sul valore e sulle potenzialit\u00e0 dei territori montani, come spazio di vita peculiare e unico per chi ci abita (o ci potrebbe abitare) e per chi ci lavora (o ci potrebbe lavorare) e come patrimonio territoriale di cui siamo tutti beneficiari e responsabili. Questo, oltre a ribadire l\u2019importanza del settore impianti a fune come motore dell\u2019intera economia di montagna, definisce i passi e gli impegni futuri che saranno rivolti a una sempre maggiore dedizione per garantire la\u00a0sostenibilit\u00e0 ambientale, economica e sociale della montagna.<\/p>\n<p>Rinnovate le cariche elettive. Confermata all\u2019unanimit\u00e0 Valeria Ghezzi alla Presidenza, con una proroga di due anni al suo mandato. Per il Veneto entra in Consiglio generale Renzo Minella (eletto) con Marco Grigoletto (componente di diritto). Entra inoltre Giovanni Valle in qualit\u00e0 di revisore supplente e Marco Zardini in qualit\u00e0 di probo viro. Ringraziando tutti i soci per la fiducia rinnovata, Valeria Ghezzi ha cos\u00ec commentato la sua rielezione \u201cRingrazio tutti gli associati della stima e della fiducia che mi hanno accordato in tutti questi anni. Il nostro \u00e8 stato un grandissimo lavoro di squadra che ci ha permesso di superare le sfide degli anni passati e ci permetter\u00e0 di affrontare uniti le prossime\u201d.<\/p>\n<p>Assemble Generale ANEFDa sinistra, gli impiantisti Giuliano Grani (Emilia Romagna), Sergio Gibelli (Piemonte), Giordano Corrado (Valle d&#8217;Aosta), Sandro Lazzari past president ANEF, Marco Grigoletto (Veneto), Luca Guadagnini (Trentino), Danilo Chatrian (Valle d&#8217;Aosta),\u00a0Helmut Sartori (Alto Adige), Rolando Galli (Toscana), Massimo Fossati (Lombardia), Marco Rocca (Lombardia), Andy Varallo ( Alto Adige), Cristian Gasperi (Trentino), Nicola Bosticco (Piemonte), Alessandro Mottinelli (Lombardia) \u00a0Photo credit: Emanuele Casalboni<\/p>\n<p><a class=\"dt-pswp-item\" href=\"https:\/\/www.radiopiu.net\/wordpress\/wp-content\/uploads\/2022\/09\/80b1f49060056aeb78d122acec669dc89a47a5f1b728cdb9e52416ef61fd0c76.jpg\" data-dt-img-description=\"\" data-large_image_width=\"2000\" data-large_image_height=\"1333\"><img loading=\"lazy\" decoding=\"async\" class=\"alignnone wp-image-297563 \" src=\"https:\/\/www.radiopiu.net\/wordpress\/wp-content\/uploads\/2022\/09\/80b1f49060056aeb78d122acec669dc89a47a5f1b728cdb9e52416ef61fd0c76-1024x682.jpg\" alt=\"\" width=\"468\" height=\"312\" srcset=\"https:\/\/www.radiopiu.net\/wordpress\/wp-content\/uploads\/2022\/09\/80b1f49060056aeb78d122acec669dc89a47a5f1b728cdb9e52416ef61fd0c76-1024x682.jpg 1024w, https:\/\/www.radiopiu.net\/wordpress\/wp-content\/uploads\/2022\/09\/80b1f49060056aeb78d122acec669dc89a47a5f1b728cdb9e52416ef61fd0c76-300x200.jpg 300w, https:\/\/www.radiopiu.net\/wordpress\/wp-content\/uploads\/2022\/09\/80b1f49060056aeb78d122acec669dc89a47a5f1b728cdb9e52416ef61fd0c76-768x512.jpg 768w, https:\/\/www.radiopiu.net\/wordpress\/wp-content\/uploads\/2022\/09\/80b1f49060056aeb78d122acec669dc89a47a5f1b728cdb9e52416ef61fd0c76-1536x1024.jpg 1536w, https:\/\/www.radiopiu.net\/wordpress\/wp-content\/uploads\/2022\/09\/80b1f49060056aeb78d122acec669dc89a47a5f1b728cdb9e52416ef61fd0c76.jpg 2000w\" sizes=\"auto, (max-width: 468px) 100vw, 468px\" \/><\/a><\/p>\n<p>&nbsp;<\/p>\n<p>&nbsp;<\/p>\n<hr \/>\n<p>&nbsp;<\/p>\n<p>&nbsp;<\/p>\n","protected":false},"excerpt":{"rendered":"<p>Dall\u2019annuale Assemblea di ANEF (Associazione Nazionale Esercenti Funiviari) \u00e8 emerso un documento di sintesi, un manifesto, che raccoglie le emergenze, le necessit\u00e0, le proposte per una nuova centralit\u00e0 delle terre alte: un accorato appello alla politica in vista delle elezioni di settembre. Il Manifesto \u00e8 frutto del lavoro di circa 280 fra aziende, imprenditori, istituzioni&hellip;<\/p>\n","protected":false},"author":4,"featured_media":297563,"comment_status":"closed","ping_status":"closed","sticky":false,"template":"","format":"standard","meta":{"_monsterinsights_skip_tracking":false,"_monsterinsights_sitenote_active":false,"_monsterinsights_sitenote_note":"","_monsterinsights_sitenote_category":0,"footnotes":""},"categories":[51,49],"tags":[],"class_list":["post-297562","post","type-post","status-publish","format-standard","has-post-thumbnail","hentry","category-evidenza-top","category-news-18","category-51","category-49","description-off"],"img_url":"https:\/\/www.radiopiu.net\/wordpress\/wp-content\/uploads\/2022\/09\/80b1f49060056aeb78d122acec669dc89a47a5f1b728cdb9e52416ef61fd0c76.jpg","_links":{"self":[{"href":"https:\/\/www.radiopiu.net\/wordpress\/wp-json\/wp\/v2\/posts\/297562","targetHints":{"allow":["GET"]}}],"collection":[{"href":"https:\/\/www.radiopiu.net\/wordpress\/wp-json\/wp\/v2\/posts"}],"about":[{"href":"https:\/\/www.radiopiu.net\/wordpress\/wp-json\/wp\/v2\/types\/post"}],"author":[{"embeddable":true,"href":"https:\/\/www.radiopiu.net\/wordpress\/wp-json\/wp\/v2\/users\/4"}],"replies":[{"embeddable":true,"href":"https:\/\/www.radiopiu.net\/wordpress\/wp-json\/wp\/v2\/comments?post=297562"}],"version-history":[{"count":0,"href":"https:\/\/www.radiopiu.net\/wordpress\/wp-json\/wp\/v2\/posts\/297562\/revisions"}],"wp:featuredmedia":[{"embeddable":true,"href":"https:\/\/www.radiopiu.net\/wordpress\/wp-json\/wp\/v2\/media\/297563"}],"wp:attachment":[{"href":"https:\/\/www.radiopiu.net\/wordpress\/wp-json\/wp\/v2\/media?parent=297562"}],"wp:term":[{"taxonomy":"category","embeddable":true,"href":"https:\/\/www.radiopiu.net\/wordpress\/wp-json\/wp\/v2\/categories?post=297562"},{"taxonomy":"post_tag","embeddable":true,"href":"https:\/\/www.radiopiu.net\/wordpress\/wp-json\/wp\/v2\/tags?post=297562"}],"curies":[{"name":"wp","href":"https:\/\/api.w.org\/{rel}","templated":true}]}}