{"id":297738,"date":"2022-09-18T13:08:21","date_gmt":"2022-09-18T11:08:21","guid":{"rendered":"https:\/\/www.radiopiu.net\/wordpress\/?p=297738"},"modified":"2022-09-19T07:25:51","modified_gmt":"2022-09-19T05:25:51","slug":"tredicesima-posizione-per-andrea-fontana-a-vallelunga","status":"publish","type":"post","link":"https:\/\/www.radiopiu.net\/wordpress\/tredicesima-posizione-per-andrea-fontana-a-vallelunga\/","title":{"rendered":"TREDICESIMA POSIZIONE PER ANDREA FONTANA A VALLELUNGA"},"content":{"rendered":"<p><strong><a class=\"dt-pswp-item\" href=\"https:\/\/www.radiopiu.net\/wordpress\/wp-content\/uploads\/2022\/05\/andrea-fontana-2022-1.jpg\" data-dt-img-description=\"\" data-large_image_width=\"1024\" data-large_image_height=\"657\"><img loading=\"lazy\" decoding=\"async\" class=\"size-thumbnail wp-image-274445 alignleft\" src=\"https:\/\/www.radiopiu.net\/wordpress\/wp-content\/uploads\/2022\/05\/andrea-fontana-2022-1-150x150.jpg\" alt=\"\" width=\"150\" height=\"150\" \/><\/a>VALLELUNGA<\/strong> Si \u00e8 corso in questo fine settimana il quarto appuntamento della Porsche Carrera Cup Italia al circuito di Vallelunga. Non \u00e8 stato un weekend dei migliori per il pilota bellunese Andrea Fontana. Nelle qualifiche il pontalpino ha chiuso con il tredicesimo posto in griglia. Sabato in gara 1 Fontana \u00e8 riuscito a recuperare qualche posizione ma nel finale \u00e8 stato coinvolto in un incidente che gli \u00e8 costato 25&#8243; di penalit\u00e0 finendo al 23\u00b0 posto in griglia nella gara della domenica. In gara 2 Andrea Fontana ha tirato fuori le unghie ma non \u00e8 riuscito a terminare in top ten. Alla partenza un incidente ha chiamato in causa la safety car dopo mezzo giro. Alla ripartenza Fontana ha ingranato la marcia giusta ed ha recuperato posizione su posizione fino a chiudere al 13\u00b0 posto. Ora qualche giorno di riposo per poi andare a Monza per la penultima tappa del Porsche Carrera Cup che si svolger\u00e0 nel fine settimana del 8-9 ottobre.<\/p>\n<blockquote><p><em>Andrea Fontana &#8220;La rimonta dal fondo di oggi si chiude a ridosso della top, al 13\u00b0 posto! Peccato perch\u00e9 con la temperatura di oggi le pressioni delle gomme sono schizzate alle stelle e dopo i primi giri siamo andati un po\u2019 in crisi, si sarebbe potuto finire tra i primi dieci\u2026 cercheremo di rifarci a Monza per il 5\u00b0 round del carrera cup il 8-9 ottobre&#8221;<\/em><\/p><\/blockquote>\n<p>&nbsp;<\/p>\n<p>******<\/p>\n","protected":false},"excerpt":{"rendered":"<p>VALLELUNGA Si \u00e8 corso in questo fine settimana il quarto appuntamento della Porsche Carrera Cup Italia al circuito di Vallelunga. Non \u00e8 stato un weekend dei migliori per il pilota bellunese Andrea Fontana. Nelle qualifiche il pontalpino ha chiuso con il tredicesimo posto in griglia. Sabato in gara 1 Fontana \u00e8 riuscito a recuperare qualche&hellip;<\/p>\n","protected":false},"author":4,"featured_media":274445,"comment_status":"closed","ping_status":"closed","sticky":false,"template":"","format":"standard","meta":{"_monsterinsights_skip_tracking":false,"_monsterinsights_sitenote_active":false,"_monsterinsights_sitenote_note":"","_monsterinsights_sitenote_category":0,"footnotes":""},"categories":[104,49],"tags":[],"class_list":["post-297738","post","type-post","status-publish","format-standard","has-post-thumbnail","hentry","category-evidenza_3","category-news-18","category-104","category-49","description-off"],"img_url":"https:\/\/www.radiopiu.net\/wordpress\/wp-content\/uploads\/2022\/05\/andrea-fontana-2022-1.jpg","_links":{"self":[{"href":"https:\/\/www.radiopiu.net\/wordpress\/wp-json\/wp\/v2\/posts\/297738","targetHints":{"allow":["GET"]}}],"collection":[{"href":"https:\/\/www.radiopiu.net\/wordpress\/wp-json\/wp\/v2\/posts"}],"about":[{"href":"https:\/\/www.radiopiu.net\/wordpress\/wp-json\/wp\/v2\/types\/post"}],"author":[{"embeddable":true,"href":"https:\/\/www.radiopiu.net\/wordpress\/wp-json\/wp\/v2\/users\/4"}],"replies":[{"embeddable":true,"href":"https:\/\/www.radiopiu.net\/wordpress\/wp-json\/wp\/v2\/comments?post=297738"}],"version-history":[{"count":0,"href":"https:\/\/www.radiopiu.net\/wordpress\/wp-json\/wp\/v2\/posts\/297738\/revisions"}],"wp:featuredmedia":[{"embeddable":true,"href":"https:\/\/www.radiopiu.net\/wordpress\/wp-json\/wp\/v2\/media\/274445"}],"wp:attachment":[{"href":"https:\/\/www.radiopiu.net\/wordpress\/wp-json\/wp\/v2\/media?parent=297738"}],"wp:term":[{"taxonomy":"category","embeddable":true,"href":"https:\/\/www.radiopiu.net\/wordpress\/wp-json\/wp\/v2\/categories?post=297738"},{"taxonomy":"post_tag","embeddable":true,"href":"https:\/\/www.radiopiu.net\/wordpress\/wp-json\/wp\/v2\/tags?post=297738"}],"curies":[{"name":"wp","href":"https:\/\/api.w.org\/{rel}","templated":true}]}}