{"id":297795,"date":"2022-09-18T23:59:53","date_gmt":"2022-09-18T21:59:53","guid":{"rendered":"https:\/\/www.radiopiu.net\/wordpress\/?p=297795"},"modified":"2022-09-19T05:35:50","modified_gmt":"2022-09-19T03:35:50","slug":"toio-le-targhe-col-negozio-la-rinascente-nel-suo-piccolo-contribui-al-progresso","status":"publish","type":"post","link":"https:\/\/www.radiopiu.net\/wordpress\/toio-le-targhe-col-negozio-la-rinascente-nel-suo-piccolo-contribui-al-progresso\/","title":{"rendered":"\u201cTOIO LE TARGHE\u201d COL NEGOZIO LA RINASCENTE: NEL SUO PICCOLO, CONTRIBUI&#8217;\u2026 AL PROGRESSO"},"content":{"rendered":"<p><strong>di Renato Bona<\/strong><\/p>\n<p>Con questo servizio concludiamo la \u201crilettura\u201d del capitolo \u201cLe attivit\u00e0 commerciali\u201d, parte non secondaria del libro \u201cIl lavoro nelle Valli del Piave e del Vajont prima del 9 ottobre 1963\u201d (l\u2019anno tragico della catastrofe &#8211; dr.), realizzato nel 2008 con la Grafiche Longaronesi, dalla longaronese trapiantata a Belluno Elda Deon Cardin. Partiamo con \u201cLa Rinascente di Vittorio Letarghe\u201d col ricordo che ne ha tracciato lo scomparso Giuseppe De Vecchi: \u201cper noi ragazzi, ma anche per la maggioranza degli adulti, il proprietario de \u201cLa Rinascente\u201d si chiamava \u2018Toio Le Targhe\u2019; solamente l\u2019ufficiale di stato civile e pochi altri conoscevano correttamente il suo cognome. Poi anche il nome dato al negozio era un modo scherzoso di dire dovuto pi\u00f9 agli adulti che ai ragazzi: per noi il negozio era indicato come via \u2018da Toio Le Targhe\u2019 e si trovava dove la piazza Margherita si chiudeva e lasciava passare soltanto la strada per la Valle di Zoldo\u201d. Stabilite indicazioni del negozio e del personaggio, ecco in sintesi cosa c\u2019era di singolare nell\u2019uomo che \u201cl\u2019acqua del Vajont si port\u00f2 vis quando aveva 66 anni, la moglie 56 e la figlia Delia 14\u2026\u201d: \u201cAveva il bernoccolo del commerciante: noi ragazzi presso di lui abbiamo sempre trovato le novit\u00e0, gli ultimi passatempi, i giocattoli semplici, le stranezze, le palline di \u2018car\u00e0mus\u2019, le pistole, le maschere, le figurine e tutte le infinite variazioni di trastulli fatti in latta leggera una volta, e in plastica in questi ultimi anni. Anche le donnette trovavano quanto loro serviva&#8230;\u201d. Insomma:\u201d\u2026 se una cosa era introvabile al mercato del venerd\u00ec e negli altri negozi del paese era certamente in vendita alla \u2018Rinascente di Toio Le Targhe\u2019\u201d. E concludeva: \u201cVittorio stava attento alle osservazioni delle sue clienti. E fu cos\u00ec che scopr\u00ec un difetto nelle suole di gomma che vendeva: il filo che le univa alle tomaie si consumava prestissimo perch\u00e9, data la durezza della gomma, i punti rimanevano scoperti a tutto attrito col suolo. Egli allora provvide invitando i suoi fornitori a preparare suole di gomma con una apposita scanalatura per la protezione dei punti. Tutto cos\u00ec, piccolezza con piccolezza; ma come tanta brava gente laboriosa di questo mondo, anche \u2018Toio Le Targhe\u2019, nel suo piccolo, contribu\u00ec\u2026 al progresso\u201d. Altra attivit\u00e0 quella della ditta \u201cMarina Borgo e Comp\u201d con negozio di generi coloniali a Longarone e successivamente vendita al dettaglio di mercerie, che &#8211; lo scrive Alberto De Pra &#8211; venne fondata a Longarone nel giugno 1913 da Giacomo Borgo, figlio di Pomponio, e dalla moglie Marina Dal Fabbro. Dopo l\u2019invasione austriaca di Longarone mentre Giacomo era soldato automobilista, la moglie con le due figlie Lia e Fernanda fugg\u00ec prima a Milano poi nella veronese Soave. Il 20 ottobre 1918, mentre la guerra finiva, Giacomo mor\u00ec a San Bonifacio, colpito da febbre spagnola. Moglie e figlie tornarono quindi a Longarone, era il marzo 1919. L\u2019attivit\u00e0 commerciale riprese, allargata alla vendita di sali e tabacchi e con l\u2019edizione di cartoline paesaggistiche della zona longaronese. Cess\u00f2 definitivamente nel 1922. Concludiamo citando anche la \u201cEzio Marogna e Figli\u201d che &#8211; come ha ricordato Rita Marogna &#8211; operava nel commercio all\u2019ingrosso di vini e liquori. Diplomato in agraria ed enologia, Marogna, nativo di Sassari, si trasfer\u00ec a Treviso prima degli anni \u201820 come dirigente di una ditta produttrice di vini e liquori. Nel 1932 si trasferisce a Longarone con la moglie ed i figli Attilio e Luciana ed avvi\u00f2 il commercio, sospeso a causa della seconda guerra mondiale e poi ripreso col figlio in ampie cantine ubicate nella propriet\u00e0 \u201cSperti\u201d; il vino veniva conservato in grandi botti di rovere e travasato poi in damigiane di vetro impagliate; le consegue erano effettuate con camion di propriet\u00e0, anche in Agordino, Zoldano e Cadore. L\u2019attivit\u00e0 \u00e8 andata avanti fino alla met\u00e0 degli anni \u201850.<\/p>\n\n\t\t\t<style type='text\/css'>\n\t\t\t\t#gallery-1 {\n\t\t\t\t\tmargin: auto;\n\t\t\t\t}\n\t\t\t\t#gallery-1 .gallery-item {\n\t\t\t\t\tfloat: left;\n\t\t\t\t\tmargin-top: 10px;\n\t\t\t\t\ttext-align: center;\n\t\t\t\t\twidth: 20%;\n\t\t\t\t}\n\t\t\t\t#gallery-1 img {\n\t\t\t\t\tborder: 2px solid #cfcfcf;\n\t\t\t\t}\n\t\t\t\t#gallery-1 .gallery-caption {\n\t\t\t\t\tmargin-left: 0;\n\t\t\t\t}\n\t\t\t\t\/* see gallery_shortcode() in wp-includes\/media.php *\/\n\t\t\t<\/style>\n\t\t<div id='gallery-1' class='dt-gallery-container gallery galleryid-297795 gallery-columns-5 gallery-size-thumbnail'><dl class='gallery-item'>\n\t\t\t\t<dt class='gallery-icon landscape'>\n\t\t\t\t\t<a class=\"rollover rollover-zoom dt-pswp-item\" title=\"305124174_432570495606804_4695731906926003525_n\" data-dt-img-description=\"\" data-large_image_width=\"621\" data-large_image_height=\"403\"href='https:\/\/www.radiopiu.net\/wordpress\/wp-content\/uploads\/2022\/09\/305124174_432570495606804_4695731906926003525_n.jpg'><img loading=\"lazy\" decoding=\"async\" width=\"150\" height=\"150\" src=\"https:\/\/www.radiopiu.net\/wordpress\/wp-content\/uploads\/2022\/09\/305124174_432570495606804_4695731906926003525_n-150x150.jpg\" class=\"attachment-thumbnail size-thumbnail\" alt=\"\" \/><\/a>\n\t\t\t\t<\/dt><\/dl><dl class='gallery-item'>\n\t\t\t\t<dt class='gallery-icon landscape'>\n\t\t\t\t\t<a class=\"rollover rollover-zoom dt-pswp-item\" title=\"307260850_624841352621247_3696403746474789977_n\" data-dt-img-description=\"\" data-large_image_width=\"539\" data-large_image_height=\"403\"href='https:\/\/www.radiopiu.net\/wordpress\/wp-content\/uploads\/2022\/09\/307260850_624841352621247_3696403746474789977_n.jpg'><img loading=\"lazy\" decoding=\"async\" width=\"150\" height=\"150\" src=\"https:\/\/www.radiopiu.net\/wordpress\/wp-content\/uploads\/2022\/09\/307260850_624841352621247_3696403746474789977_n-150x150.jpg\" class=\"attachment-thumbnail size-thumbnail\" alt=\"\" \/><\/a>\n\t\t\t\t<\/dt><\/dl><dl class='gallery-item'>\n\t\t\t\t<dt class='gallery-icon landscape'>\n\t\t\t\t\t<a class=\"rollover rollover-zoom dt-pswp-item\" title=\"306864345_2945908752376296_2597760825862054514_n\" data-dt-img-description=\"\" data-large_image_width=\"695\" data-large_image_height=\"403\"href='https:\/\/www.radiopiu.net\/wordpress\/wp-content\/uploads\/2022\/09\/306864345_2945908752376296_2597760825862054514_n.jpg'><img loading=\"lazy\" decoding=\"async\" width=\"150\" height=\"150\" src=\"https:\/\/www.radiopiu.net\/wordpress\/wp-content\/uploads\/2022\/09\/306864345_2945908752376296_2597760825862054514_n-150x150.jpg\" class=\"attachment-thumbnail size-thumbnail\" alt=\"\" \/><\/a>\n\t\t\t\t<\/dt><\/dl><dl class='gallery-item'>\n\t\t\t\t<dt class='gallery-icon landscape'>\n\t\t\t\t\t<a class=\"rollover rollover-zoom dt-pswp-item\" title=\"307529796_411176080952123_4386953804868070907_n\" data-dt-img-description=\"\" data-large_image_width=\"579\" data-large_image_height=\"403\"href='https:\/\/www.radiopiu.net\/wordpress\/wp-content\/uploads\/2022\/09\/307529796_411176080952123_4386953804868070907_n.jpg'><img loading=\"lazy\" decoding=\"async\" width=\"150\" height=\"150\" src=\"https:\/\/www.radiopiu.net\/wordpress\/wp-content\/uploads\/2022\/09\/307529796_411176080952123_4386953804868070907_n-150x150.jpg\" class=\"attachment-thumbnail size-thumbnail\" alt=\"\" \/><\/a>\n\t\t\t\t<\/dt><\/dl><dl class='gallery-item'>\n\t\t\t\t<dt class='gallery-icon landscape'>\n\t\t\t\t\t<a class=\"rollover rollover-zoom dt-pswp-item\" title=\"302992248_781170796421420_1424924297891935399_n\" data-dt-img-description=\"\" data-large_image_width=\"516\" data-large_image_height=\"403\"href='https:\/\/www.radiopiu.net\/wordpress\/wp-content\/uploads\/2022\/09\/302992248_781170796421420_1424924297891935399_n.jpg'><img loading=\"lazy\" decoding=\"async\" width=\"150\" height=\"150\" src=\"https:\/\/www.radiopiu.net\/wordpress\/wp-content\/uploads\/2022\/09\/302992248_781170796421420_1424924297891935399_n-150x150.jpg\" class=\"attachment-thumbnail size-thumbnail\" alt=\"\" \/><\/a>\n\t\t\t\t<\/dt><\/dl><br style=\"clear: both\" \/><dl class='gallery-item'>\n\t\t\t\t<dt class='gallery-icon landscape'>\n\t\t\t\t\t<a class=\"rollover rollover-zoom dt-pswp-item\" title=\"306164550_761854078232580_1907801744957616669_n\" data-dt-img-description=\"\" data-large_image_width=\"630\" data-large_image_height=\"403\"href='https:\/\/www.radiopiu.net\/wordpress\/wp-content\/uploads\/2022\/09\/306164550_761854078232580_1907801744957616669_n.jpg'><img loading=\"lazy\" decoding=\"async\" width=\"150\" height=\"150\" src=\"https:\/\/www.radiopiu.net\/wordpress\/wp-content\/uploads\/2022\/09\/306164550_761854078232580_1907801744957616669_n-150x150.jpg\" class=\"attachment-thumbnail size-thumbnail\" alt=\"\" \/><\/a>\n\t\t\t\t<\/dt><\/dl><dl class='gallery-item'>\n\t\t\t\t<dt class='gallery-icon landscape'>\n\t\t\t\t\t<a class=\"rollover rollover-zoom dt-pswp-item\" title=\"306399349_686941936391215_2236777515112597658_n\" data-dt-img-description=\"\" data-large_image_width=\"634\" data-large_image_height=\"403\"href='https:\/\/www.radiopiu.net\/wordpress\/wp-content\/uploads\/2022\/09\/306399349_686941936391215_2236777515112597658_n.jpg'><img loading=\"lazy\" decoding=\"async\" width=\"150\" height=\"150\" src=\"https:\/\/www.radiopiu.net\/wordpress\/wp-content\/uploads\/2022\/09\/306399349_686941936391215_2236777515112597658_n-150x150.jpg\" class=\"attachment-thumbnail size-thumbnail\" alt=\"\" \/><\/a>\n\t\t\t\t<\/dt><\/dl><dl class='gallery-item'>\n\t\t\t\t<dt class='gallery-icon landscape'>\n\t\t\t\t\t<a class=\"rollover rollover-zoom dt-pswp-item\" title=\"306362720_1508524916239367_235773072483019247_n\" data-dt-img-description=\"\" data-large_image_width=\"629\" data-large_image_height=\"403\"href='https:\/\/www.radiopiu.net\/wordpress\/wp-content\/uploads\/2022\/09\/306362720_1508524916239367_235773072483019247_n.jpg'><img loading=\"lazy\" decoding=\"async\" width=\"150\" height=\"150\" src=\"https:\/\/www.radiopiu.net\/wordpress\/wp-content\/uploads\/2022\/09\/306362720_1508524916239367_235773072483019247_n-150x150.jpg\" class=\"attachment-thumbnail size-thumbnail\" alt=\"\" \/><\/a>\n\t\t\t\t<\/dt><\/dl><dl class='gallery-item'>\n\t\t\t\t<dt class='gallery-icon landscape'>\n\t\t\t\t\t<a class=\"rollover rollover-zoom dt-pswp-item\" title=\"305473367_1080993976114559_5027753676556027752_n\" data-dt-img-description=\"\" data-large_image_width=\"624\" data-large_image_height=\"403\"href='https:\/\/www.radiopiu.net\/wordpress\/wp-content\/uploads\/2022\/09\/305473367_1080993976114559_5027753676556027752_n.jpg'><img loading=\"lazy\" decoding=\"async\" width=\"150\" height=\"150\" src=\"https:\/\/www.radiopiu.net\/wordpress\/wp-content\/uploads\/2022\/09\/305473367_1080993976114559_5027753676556027752_n-150x150.jpg\" class=\"attachment-thumbnail size-thumbnail\" alt=\"\" \/><\/a>\n\t\t\t\t<\/dt><\/dl><dl class='gallery-item'>\n\t\t\t\t<dt class='gallery-icon landscape'>\n\t\t\t\t\t<a class=\"rollover rollover-zoom dt-pswp-item\" title=\"306226930_492138222422672_4310167351310873783_n\" data-dt-img-description=\"\" data-large_image_width=\"686\" data-large_image_height=\"403\"href='https:\/\/www.radiopiu.net\/wordpress\/wp-content\/uploads\/2022\/09\/306226930_492138222422672_4310167351310873783_n.jpg'><img loading=\"lazy\" decoding=\"async\" width=\"150\" height=\"150\" src=\"https:\/\/www.radiopiu.net\/wordpress\/wp-content\/uploads\/2022\/09\/306226930_492138222422672_4310167351310873783_n-150x150.jpg\" class=\"attachment-thumbnail size-thumbnail\" alt=\"\" \/><\/a>\n\t\t\t\t<\/dt><\/dl><br style=\"clear: both\" \/><dl class='gallery-item'>\n\t\t\t\t<dt class='gallery-icon landscape'>\n\t\t\t\t\t<a class=\"rollover rollover-zoom dt-pswp-item\" title=\"305988744_642574207388894_2464698698200480446_n\" data-dt-img-description=\"\" data-large_image_width=\"580\" data-large_image_height=\"403\"href='https:\/\/www.radiopiu.net\/wordpress\/wp-content\/uploads\/2022\/09\/305988744_642574207388894_2464698698200480446_n.jpg'><img loading=\"lazy\" decoding=\"async\" width=\"150\" height=\"150\" src=\"https:\/\/www.radiopiu.net\/wordpress\/wp-content\/uploads\/2022\/09\/305988744_642574207388894_2464698698200480446_n-150x150.jpg\" class=\"attachment-thumbnail size-thumbnail\" alt=\"\" \/><\/a>\n\t\t\t\t<\/dt><\/dl><dl class='gallery-item'>\n\t\t\t\t<dt class='gallery-icon portrait'>\n\t\t\t\t\t<a class=\"rollover rollover-zoom dt-pswp-item\" title=\"307094295_3334026156845331_6497831660269747060_n\" data-dt-img-description=\"\" data-large_image_width=\"320\" data-large_image_height=\"480\"href='https:\/\/www.radiopiu.net\/wordpress\/wp-content\/uploads\/2022\/09\/307094295_3334026156845331_6497831660269747060_n.jpg'><img loading=\"lazy\" decoding=\"async\" width=\"150\" height=\"150\" src=\"https:\/\/www.radiopiu.net\/wordpress\/wp-content\/uploads\/2022\/09\/307094295_3334026156845331_6497831660269747060_n-150x150.jpg\" class=\"attachment-thumbnail size-thumbnail\" alt=\"\" \/><\/a>\n\t\t\t\t<\/dt><\/dl><dl class='gallery-item'>\n\t\t\t\t<dt class='gallery-icon landscape'>\n\t\t\t\t\t<a class=\"rollover rollover-zoom dt-pswp-item\" title=\"306220973_531688158718981_4212926260690358660_n\" data-dt-img-description=\"\" data-large_image_width=\"638\" data-large_image_height=\"403\"href='https:\/\/www.radiopiu.net\/wordpress\/wp-content\/uploads\/2022\/09\/306220973_531688158718981_4212926260690358660_n.jpg'><img loading=\"lazy\" decoding=\"async\" width=\"150\" height=\"150\" src=\"https:\/\/www.radiopiu.net\/wordpress\/wp-content\/uploads\/2022\/09\/306220973_531688158718981_4212926260690358660_n-150x150.jpg\" class=\"attachment-thumbnail size-thumbnail\" alt=\"\" \/><\/a>\n\t\t\t\t<\/dt><\/dl><dl class='gallery-item'>\n\t\t\t\t<dt class='gallery-icon portrait'>\n\t\t\t\t\t<a class=\"rollover rollover-zoom dt-pswp-item\" title=\"306596078_775188457098112_2597651506189846836_n\" data-dt-img-description=\"\" data-large_image_width=\"319\" data-large_image_height=\"480\"href='https:\/\/www.radiopiu.net\/wordpress\/wp-content\/uploads\/2022\/09\/306596078_775188457098112_2597651506189846836_n.jpg'><img loading=\"lazy\" decoding=\"async\" width=\"150\" height=\"150\" src=\"https:\/\/www.radiopiu.net\/wordpress\/wp-content\/uploads\/2022\/09\/306596078_775188457098112_2597651506189846836_n-150x150.jpg\" class=\"attachment-thumbnail size-thumbnail\" alt=\"\" \/><\/a>\n\t\t\t\t<\/dt><\/dl><dl class='gallery-item'>\n\t\t\t\t<dt class='gallery-icon landscape'>\n\t\t\t\t\t<a class=\"rollover rollover-zoom dt-pswp-item\" title=\"305119161_1497707710679923_462697029683273830_n\" data-dt-img-description=\"\" data-large_image_width=\"758\" data-large_image_height=\"403\"href='https:\/\/www.radiopiu.net\/wordpress\/wp-content\/uploads\/2022\/09\/305119161_1497707710679923_462697029683273830_n.jpg'><img loading=\"lazy\" decoding=\"async\" width=\"150\" height=\"150\" src=\"https:\/\/www.radiopiu.net\/wordpress\/wp-content\/uploads\/2022\/09\/305119161_1497707710679923_462697029683273830_n-150x150.jpg\" class=\"attachment-thumbnail size-thumbnail\" alt=\"\" \/><\/a>\n\t\t\t\t<\/dt><\/dl><br style=\"clear: both\" \/>\n\t\t\t<\/div>\n\n<p>&nbsp;<\/p>\n<p>NELLE FOTO (riproduzioni dal libro di Elda Deon Cardin \u201cIl lavoro nelle Valli del Piave e del Vajont prima del 9 ottobre 1963\u201d): il negozio (terzo da destra, con tre finestre) di Vittorio Lettarghe all\u2019inizio di via Marconi verso Pirago (collezione Circolo fotografico Bruto Recalchi); primi anni \u201820: da sinistra Fernanda e Amalia Borgo, mamma Marina Dal Fabbro ed Ester Borgo sulla gradinata che dalla stazione portava nella piazza Jacopo Tasso (collezione Alberto Der Pra); cartolina con intestazione della \u201cRagno &amp; Palmieri\u201d; il nome del negozio di vini e liquori dell\u2019azienda con sedi a Trani e Longarone \u00e8 dipinto sulla facciata dell\u2019edificio nella via Nazionale (foto P. Breveglieri Belluno, cartolina viaggiata 26 aprile 1910, collezione Elda Deon Cardin); cartolina con intestazione della ditta di Longarone \u201cMorselli Gaetano, fabbrica acque gazzate, deposito Birra Pedavena\u201d; la sede della \u201cMorselli\u201d nella casa Carnelutto del Piazzale Stazione (edizione M. Cavinato, collezione Edc); cartolina con intestazione della \u201cEzio Marogna &amp; figlio\u201d; cartolina con intestazione della \u201cOrazio Filippin di Erto, panificio, alimentari, vini per esportazione; interno del negozio di Orazio Filippin \u201cDaci\u201d con il reparto dolciumi illuminato dalla vetrina dei gelati (collezione Piera Filippin); cartolina con intestazione \u201cVittorio Emanuele Zadra, negozio ferramenta, ottoname, colori, chincaglierie, fabbrica cucine economiche, lavorazione in ferro, rame ecc.\u201d; la sede della \u201cZadra\u201d (foto P. Breveglieri, collezione Edc); cartolina con intestazione della \u201cAntonio Marin, deposito lampade e materiali per installazioni elettriche, combustibile e apparecchi \u201cMeta\u201d, occhiali e oggetti d\u2019ottica\u201d; etichetta dell\u2019elettrocoperta prodotta dalla fine anni \u201850 dalla ditta Giovanni Marin, figlio di Antonio, con negozio nella via Roma di Longarone (collezione Agostino Sacchet); intestazione della ditta \u201cAlberto Tovanella, commercio materiali edili ed affini\u201d; sotto la ferrovia di Longarone i magazzini di materiali edili della \u201cFontanella\u201d (foto Ghedina, estate 1963, collezione Gianni Olivier).<\/p>\n<p>&nbsp;<\/p>\n<p>&nbsp;<\/p>\n<p>&nbsp;<\/p>\n<p>******<\/p>\n","protected":false},"excerpt":{"rendered":"<p>di Renato Bona Con questo servizio concludiamo la \u201crilettura\u201d del capitolo \u201cLe attivit\u00e0 commerciali\u201d, parte non secondaria del libro \u201cIl lavoro nelle Valli del Piave e del Vajont prima del 9 ottobre 1963\u201d (l\u2019anno tragico della catastrofe &#8211; dr.), realizzato nel 2008 con la Grafiche Longaronesi, dalla longaronese trapiantata a Belluno Elda Deon Cardin. Partiamo&hellip;<\/p>\n","protected":false},"author":4,"featured_media":297810,"comment_status":"closed","ping_status":"closed","sticky":false,"template":"","format":"standard","meta":{"_monsterinsights_skip_tracking":false,"_monsterinsights_sitenote_active":false,"_monsterinsights_sitenote_note":"","_monsterinsights_sitenote_category":0,"footnotes":""},"categories":[104,49],"tags":[],"class_list":["post-297795","post","type-post","status-publish","format-standard","has-post-thumbnail","hentry","category-evidenza_3","category-news-18","category-104","category-49","description-off"],"img_url":"https:\/\/www.radiopiu.net\/wordpress\/wp-content\/uploads\/2022\/09\/305119161_1497707710679923_462697029683273830_n.jpg","_links":{"self":[{"href":"https:\/\/www.radiopiu.net\/wordpress\/wp-json\/wp\/v2\/posts\/297795","targetHints":{"allow":["GET"]}}],"collection":[{"href":"https:\/\/www.radiopiu.net\/wordpress\/wp-json\/wp\/v2\/posts"}],"about":[{"href":"https:\/\/www.radiopiu.net\/wordpress\/wp-json\/wp\/v2\/types\/post"}],"author":[{"embeddable":true,"href":"https:\/\/www.radiopiu.net\/wordpress\/wp-json\/wp\/v2\/users\/4"}],"replies":[{"embeddable":true,"href":"https:\/\/www.radiopiu.net\/wordpress\/wp-json\/wp\/v2\/comments?post=297795"}],"version-history":[{"count":0,"href":"https:\/\/www.radiopiu.net\/wordpress\/wp-json\/wp\/v2\/posts\/297795\/revisions"}],"wp:featuredmedia":[{"embeddable":true,"href":"https:\/\/www.radiopiu.net\/wordpress\/wp-json\/wp\/v2\/media\/297810"}],"wp:attachment":[{"href":"https:\/\/www.radiopiu.net\/wordpress\/wp-json\/wp\/v2\/media?parent=297795"}],"wp:term":[{"taxonomy":"category","embeddable":true,"href":"https:\/\/www.radiopiu.net\/wordpress\/wp-json\/wp\/v2\/categories?post=297795"},{"taxonomy":"post_tag","embeddable":true,"href":"https:\/\/www.radiopiu.net\/wordpress\/wp-json\/wp\/v2\/tags?post=297795"}],"curies":[{"name":"wp","href":"https:\/\/api.w.org\/{rel}","templated":true}]}}