{"id":297866,"date":"2022-09-20T05:42:59","date_gmt":"2022-09-20T03:42:59","guid":{"rendered":"https:\/\/www.radiopiu.net\/wordpress\/?p=297866"},"modified":"2022-09-20T05:52:50","modified_gmt":"2022-09-20T03:52:50","slug":"297866-2","status":"publish","type":"post","link":"https:\/\/www.radiopiu.net\/wordpress\/297866-2\/","title":{"rendered":"CARO STELLA &#8220;ATTACCARE LA MONTAGNA PRODUCE SEMPRE UN DANNO&#8221;"},"content":{"rendered":"<p><strong>L&#8217;INTERVENTO<\/strong><\/p>\n<p><strong>di\u00a0 MARCO BUSSONE, Presidente Uncem _Unione Nazionale Comuni Comunit\u00e0 Enti montani<\/strong><\/p>\n<p>&nbsp;<\/p>\n<blockquote>\n<h3><em>Caro Gian Antonio,<\/em><\/h3>\n<\/blockquote>\n<p><img loading=\"lazy\" decoding=\"async\" class=\"alignleft\" src=\"https:\/\/www.radiopiu.net\/wordpress\/wp-content\/uploads\/2018\/12\/BUSSONE_FLAI_CGIL11122018.jpg\" width=\"299\" height=\"199\" \/>le Tue analisi sono sempre ben fatte. Sei un buon notista e non devo dirtelo io. Ma perdonami, dimentichi un po\u2019 di aspetti nel pezzo scritto sul Corriere qualche giorno fa in merito alla tragedia delle Marche. Anche del tuo passato personale vi sono dimenticanze, in quell&#8217;articolo. Dimentichi ad esempio, Gian Antonio, che l\u2019acqua per effetto della forza di gravit\u00e0 scende dall\u2019alto e aumenta la velocit\u00e0 e la forza. Che i territori italiani appenninici sono complessi e che tu questa complessit\u00e0 l\u2019hai spesso semplificata. Come quando con un tuo collega (anche mio collega) hai attaccato per mesi e anni l\u2018unica forma di autogoverno e di tutela dei territori, democratica e con storia pluridecennale, imitata da tanti altri Paesi UE. Enti locali che sono sempre stati &#8220;per la bonifica&#8221; e per progetti contro l\u2019abbandono. Enti che hanno lavorato come in tutte le democrazie facendo errori e facendo cose buone, nel dialogo continuo tra Comuni, nella relazione articolata e difficile per fare meglio sui territori. 15 anni fa hai attaccato le 350 Comunit\u00e0 montane italiane dandole in pasto all\u2019antipolitica, additandole a cuore della spesa pubblica italica. Dovresti ricordare. Il punto non \u00e8 che hai attaccato in s\u00e8 l\u2019Ente locale, Comunit\u00e0 montana (e poi anche le Province, e poi anche i Comuni piccoli e poi anche il Parlamento&#8230;). Non \u00e8 certo responsabilit\u00e0 Tua se queste Istituzioni da 15 anni sono sempre pi\u00f9 in crisi. Il punto non \u00e8 che non consideri, anche nel pezzo di qualche giorno, che solo con la presenza dell\u2019uomo sui territori montani si preserva chi sta un basso. Solo con la gestione e la pianificazione forestale si evitano i &#8220;tappi&#8221; di legno in basso sotto i ponti, solo con l&#8217;agricoltura e la zootecnia in quota si evitano dissesti, solo con paesi ordinati e curati, non certo sotto campane di vetro per borghi turistici, si tengono in vita le comunit\u00e0. Dovresti saperle queste cose, ma non le scrivi. Eppure, con quelle tue pubbliche denunce &#8211; 15 anni fa e forse anche dopo &#8211; senza contraddittorio, va detto e riconosciuto che hai alimentato un\u2019antipolitica che oggi ha enormi responsabilit\u00e0 nelle non-scelte, anche per la cura e la manutenzione dei territori. Cucire, certo. Lo diciamo. Prevenire, certo. Lo facciamo. Sostenere chi vive nelle fragilit\u00e0. Lo facciamo. Provare a definire regie uniche. Ci proviamo. Serve molto altro, tu dirai. E ci proviamo anche qui. Affinch\u00e9 certo &#8220;benaltrismo&#8221; sia di stimolo per fare meglio, rilanciare, non sedersi. Certo, ci mancherebbe. Ma senza un sistema politico solido, senza un sistema istituzionale vero, senza Montagna governata da Sindaci che operano insieme oltre ogni divisione anche fisica e ideologica, non si va lontano. Di certo guardiamo avanti! Mica vogliamo tornare indietro nella storia e nelle storie, Gian Antonio! Vogliamo costruire un nuovo sistema istituzionale, che scelga le Autonomie e la sussidiariet\u00e0. Senza inganni. Dopo quel Tuo libro, l&#8217;antipolitica \u00e8 stata cavalcata con efficacia e ancora oggi molti pensano sia la soluzione. Chi ha voluto eliminare le Comunit\u00e0 montane \u00e8 poi tornato sui suoi passi con apparenti e inutili scuse, dicendo &#8220;ci siamo sbagliati&#8221;. Il caos istituzionale dei Comuni, dei Sindaci-soli (compresi quelli delle grandi e medie Citt\u00e0) si \u00e8 compiuto. E oggi chiede Politiche e Politica vera per gli Enti locali, per i territori, per la cura. Scriverne &#8211; di cura dei territori, di fragilit\u00e0 o di &#8220;montagne che uccidono&#8221; crollando e franando &#8211; \u00e8 facile. Conosco le regole e anche un po&#8217; di dose di retorica necessaria. Scriverne dicendo molte cose che servono, per l&#8217;Italia, per la Politica oggi. Ed \u00e8 pi\u00f9 facile ancora scrivere oggi di quelle scelte che non sarebbero servite, come attaccare chi consideravi il margine inutile del Paese, fisico, geografico, ideale. Margine da spazzar via. Senza capire che ieri era e oggi \u00e8 al centro di nuove dinamiche che affrontano le sfide della crisi climatica, energetica, ambientale, sociale, antropologica. Perch\u00e9 i territori nelle transizioni ci sono gi\u00e0, lavorano tanto, sono innovatori e anche la buona stampa dovrebbe e potrebbe raccontarlo, senza dare sempre in testa alla &#8220;politica&#8221; (Sindaci compresi) che non fa mai abbastanza.<\/p>\n<p>&nbsp;<\/p>\n<p>&nbsp;<\/p>\n<hr \/>\n<p>&nbsp;<\/p>\n","protected":false},"excerpt":{"rendered":"<p>L&#8217;INTERVENTO di\u00a0 MARCO BUSSONE, Presidente Uncem _Unione Nazionale Comuni Comunit\u00e0 Enti montani &nbsp; Caro Gian Antonio, le Tue analisi sono sempre ben fatte. Sei un buon notista e non devo dirtelo io. Ma perdonami, dimentichi un po\u2019 di aspetti nel pezzo scritto sul Corriere qualche giorno fa in merito alla tragedia delle Marche. Anche del&hellip;<\/p>\n","protected":false},"author":4,"featured_media":69122,"comment_status":"closed","ping_status":"closed","sticky":false,"template":"","format":"standard","meta":{"_monsterinsights_skip_tracking":false,"_monsterinsights_sitenote_active":false,"_monsterinsights_sitenote_note":"","_monsterinsights_sitenote_category":0,"footnotes":""},"categories":[104,49],"tags":[],"class_list":["post-297866","post","type-post","status-publish","format-standard","has-post-thumbnail","hentry","category-evidenza_3","category-news-18","category-104","category-49","description-off"],"img_url":"https:\/\/www.radiopiu.net\/wordpress\/wp-content\/uploads\/2018\/12\/BUSSONE_FLAI_CGIL11122018.jpg","_links":{"self":[{"href":"https:\/\/www.radiopiu.net\/wordpress\/wp-json\/wp\/v2\/posts\/297866","targetHints":{"allow":["GET"]}}],"collection":[{"href":"https:\/\/www.radiopiu.net\/wordpress\/wp-json\/wp\/v2\/posts"}],"about":[{"href":"https:\/\/www.radiopiu.net\/wordpress\/wp-json\/wp\/v2\/types\/post"}],"author":[{"embeddable":true,"href":"https:\/\/www.radiopiu.net\/wordpress\/wp-json\/wp\/v2\/users\/4"}],"replies":[{"embeddable":true,"href":"https:\/\/www.radiopiu.net\/wordpress\/wp-json\/wp\/v2\/comments?post=297866"}],"version-history":[{"count":0,"href":"https:\/\/www.radiopiu.net\/wordpress\/wp-json\/wp\/v2\/posts\/297866\/revisions"}],"wp:featuredmedia":[{"embeddable":true,"href":"https:\/\/www.radiopiu.net\/wordpress\/wp-json\/wp\/v2\/media\/69122"}],"wp:attachment":[{"href":"https:\/\/www.radiopiu.net\/wordpress\/wp-json\/wp\/v2\/media?parent=297866"}],"wp:term":[{"taxonomy":"category","embeddable":true,"href":"https:\/\/www.radiopiu.net\/wordpress\/wp-json\/wp\/v2\/categories?post=297866"},{"taxonomy":"post_tag","embeddable":true,"href":"https:\/\/www.radiopiu.net\/wordpress\/wp-json\/wp\/v2\/tags?post=297866"}],"curies":[{"name":"wp","href":"https:\/\/api.w.org\/{rel}","templated":true}]}}