{"id":298038,"date":"2022-09-21T05:41:03","date_gmt":"2022-09-21T03:41:03","guid":{"rendered":"https:\/\/www.radiopiu.net\/wordpress\/?p=298038"},"modified":"2022-09-21T05:53:18","modified_gmt":"2022-09-21T03:53:18","slug":"lettera-a-caner-perche-sparla-riferendosi-ai-comuni-dove-si-auspica-il-passaggio-allalto-adige","status":"publish","type":"post","link":"https:\/\/www.radiopiu.net\/wordpress\/lettera-a-caner-perche-sparla-riferendosi-ai-comuni-dove-si-auspica-il-passaggio-allalto-adige\/","title":{"rendered":"LETTERA A CANER &#8220;Perch\u00e8 &#8220;sparla&#8221;, riferendosi ai Comuni dove si auspica il passaggio all&#8217;Alto Adige&#8221;"},"content":{"rendered":"<h3>Damiano Demattia, ci ha reso partecipi anche per la pubblicazione di un contributo inviato all&#8217;assessore regionale Federico Caner<\/h3>\n<p>&nbsp;<\/p>\n<p>&nbsp;<\/p>\n<p><img loading=\"lazy\" decoding=\"async\" class=\"alignleft\" src=\"https:\/\/www.radiopiu.net\/wordpress\/wp-content\/uploads\/2020\/06\/FEDERICO-CANER-conf.-stampa-2.jpg\" width=\"227\" height=\"170\" \/>Ieri sera ho sentito e visto un servizio su TBD dove il Sig. Federico Caner assessore veneto ha parlato su autonomia veneta e bellunese e questo va bene, ma ha anche \u201csparlato\u201d riferendosi ai comuni dove si \u00e8 votato per il passaggio in Alto Adige. Ricordo al Sig. Caner che la regione veneto ha usufruito, attraverso la ulss e veneto strade e non solo, dei finanziamenti tratti dal fondo comuni di confine: pronto soccorso di agordo, la tangenziale di agordo, impianti di risalita ecc.ecc. Mi pare che la sanit\u00e0 veneta e le strade siano competenze della regione e non dei fondi di confine. Ricordo inoltre al Sig. Caner che i fondi di confine esistono perch\u00e9 sono stati, in alcuni comuni come Fodom, stravinti i referendum per il passaggio in Alto Adige e non per merito della regione veneto della quale lei \u00e8 un esponente politico. Cecch\u00e8 lei ne dica il referndum da noi ha avuto quel risultato non per i \u201csoldini\u201d come lei afferma ma per ben altre motivazioni diverse e pi\u00f9 profonde che non sto qui ad elencare anche perch\u00e9 voi non le volete ne sentire ne capire. Assessore Caner, mi dispiace che lei si senta preso per il naso , ma le rammento che noi ci sentiamo presi per il \u2026. da ben 15 anni (data referendum) da tutti i politici, da Roma a Venezia e per finire da Belluno. In questo intervento trasmesso da tele belluno Lei rivendica la paternit\u00e0 di finanziamenti regionali per le strutture alberghiere ma quasi minacciando di bloccare tutto se i comuni ladini tirolesi andranno avanti con la rivendicazione sacrosanta di veder attuato il referendum del 2007. Bene, se la regione ritiene che le strutture alberghiere, ma anche altro, siano un aggravio per la stessa istituzione non fate altro che permettere che questi territori ritornino da dove sono veniti: S\u00fcdtirol. Per lei \u00e8 facile parlare in questi termini dove \u00e8 sicuro di ricevere applausi, ma sinceramente a Fodom non \u00e8 stato accolto con un battimani ma con una certa percezione di arroganza da parte della dirigenza veneta.<\/p>\n<p>Damiano Demattia .<\/p>\n<p>&nbsp;<\/p>\n<p>&nbsp;<\/p>\n<hr \/>\n<p>&nbsp;<\/p>\n","protected":false},"excerpt":{"rendered":"<p>Damiano Demattia, ci ha reso partecipi anche per la pubblicazione di un contributo inviato all&#8217;assessore regionale Federico Caner &nbsp; &nbsp; Ieri sera ho sentito e visto un servizio su TBD dove il Sig. Federico Caner assessore veneto ha parlato su autonomia veneta e bellunese e questo va bene, ma ha anche \u201csparlato\u201d riferendosi ai comuni&hellip;<\/p>\n","protected":false},"author":4,"featured_media":143995,"comment_status":"closed","ping_status":"closed","sticky":false,"template":"","format":"standard","meta":{"_monsterinsights_skip_tracking":false,"_monsterinsights_sitenote_active":false,"_monsterinsights_sitenote_note":"","_monsterinsights_sitenote_category":0,"footnotes":""},"categories":[51,49],"tags":[],"class_list":["post-298038","post","type-post","status-publish","format-standard","has-post-thumbnail","hentry","category-evidenza-top","category-news-18","category-51","category-49","description-off"],"img_url":"https:\/\/www.radiopiu.net\/wordpress\/wp-content\/uploads\/2020\/06\/FEDERICO-CANER-conf.-stampa-2.jpg","_links":{"self":[{"href":"https:\/\/www.radiopiu.net\/wordpress\/wp-json\/wp\/v2\/posts\/298038","targetHints":{"allow":["GET"]}}],"collection":[{"href":"https:\/\/www.radiopiu.net\/wordpress\/wp-json\/wp\/v2\/posts"}],"about":[{"href":"https:\/\/www.radiopiu.net\/wordpress\/wp-json\/wp\/v2\/types\/post"}],"author":[{"embeddable":true,"href":"https:\/\/www.radiopiu.net\/wordpress\/wp-json\/wp\/v2\/users\/4"}],"replies":[{"embeddable":true,"href":"https:\/\/www.radiopiu.net\/wordpress\/wp-json\/wp\/v2\/comments?post=298038"}],"version-history":[{"count":0,"href":"https:\/\/www.radiopiu.net\/wordpress\/wp-json\/wp\/v2\/posts\/298038\/revisions"}],"wp:featuredmedia":[{"embeddable":true,"href":"https:\/\/www.radiopiu.net\/wordpress\/wp-json\/wp\/v2\/media\/143995"}],"wp:attachment":[{"href":"https:\/\/www.radiopiu.net\/wordpress\/wp-json\/wp\/v2\/media?parent=298038"}],"wp:term":[{"taxonomy":"category","embeddable":true,"href":"https:\/\/www.radiopiu.net\/wordpress\/wp-json\/wp\/v2\/categories?post=298038"},{"taxonomy":"post_tag","embeddable":true,"href":"https:\/\/www.radiopiu.net\/wordpress\/wp-json\/wp\/v2\/tags?post=298038"}],"curies":[{"name":"wp","href":"https:\/\/api.w.org\/{rel}","templated":true}]}}