{"id":298049,"date":"2022-09-21T05:38:37","date_gmt":"2022-09-21T03:38:37","guid":{"rendered":"https:\/\/www.radiopiu.net\/wordpress\/?p=298049"},"modified":"2022-09-21T05:55:18","modified_gmt":"2022-09-21T03:55:18","slug":"radio-collare-per-il-primo-lupo-nel-parco-nazionale-delle-dolomiti-bellunesi","status":"publish","type":"post","link":"https:\/\/www.radiopiu.net\/wordpress\/radio-collare-per-il-primo-lupo-nel-parco-nazionale-delle-dolomiti-bellunesi\/","title":{"rendered":"RADIO COLLARE PER IL PRIMO LUPO NEL PARCO NAZIONALE DELLE DOLOMITI BELLUNESI"},"content":{"rendered":"<p><a class=\"dt-pswp-item\" href=\"https:\/\/www.radiopiu.net\/wordpress\/wp-content\/uploads\/2022\/09\/Primi-segnali-inviati-da-lupa-collarata_Foto-Bruno-Boz.jpg\" data-dt-img-description=\"\" data-large_image_width=\"1920\" data-large_image_height=\"1280\"><img loading=\"lazy\" decoding=\"async\" class=\"size-thumbnail wp-image-298050 alignleft\" src=\"https:\/\/www.radiopiu.net\/wordpress\/wp-content\/uploads\/2022\/09\/Primi-segnali-inviati-da-lupa-collarata_Foto-Bruno-Boz-150x150.jpg\" alt=\"\" width=\"150\" height=\"150\" \/><\/a> <span style=\"font-family: Arial, sans-serif;\"><span style=\"font-size: small;\">Nei giorni scorsi ha preso avvio nel Parco uno studio sul comportamento e l\u2019ecologia del lupo attraverso la radiotelemetria satellitare. <\/span><\/span><span style=\"font-family: Arial, sans-serif;\"><span style=\"font-size: small;\">La ricerca, finanziata dal Ministero della Transizione Ecologica, nasce dalla collaborazione tra il Parco Nazionale Dolomiti Bellunesi e il Dipartimento di medicina veterinaria dell\u2019Universit\u00e0 di Sassari. <\/span><\/span><span style=\"font-family: Arial, sans-serif;\"><span style=\"font-size: small;\">Il progetto \u00e8 coordinato dal professor Marco Apollonio e prevede di dotare alcuni lupi di radiocollari satellitari: strumenti in grado di rilevare e trasmettere ai ricercatori tutti i dati sulle localizzazioni e gli spostamenti degli animali. <\/span><\/span><span style=\"font-family: Arial, sans-serif;\"><span style=\"font-size: small;\">Dopo appena una settimana dall\u2019inizio delle attivit\u00e0 \u00e8 stato gi\u00e0 possibile mettere il radiocollare a un lupo: un\u2019operazione difficile, che nell\u2019area del Parco non sarebbe stata possibile con gli strumenti tradizionali che utilizzano la rete GSM, per questo motivo \u00e8 stato utilizzato un nuovo sistema di allerta, messo a punto specificatamente per aree senza segnale telefonico e mai utilizzato prima di oggi in Italia. <\/span><\/span><span style=\"font-family: Arial, sans-serif;\"><span style=\"font-size: small;\">L\u2019esemplare radiocollarato \u00e8 la femmina alfa del branco, che si \u00e8 riprodotta nella scorsa primavera e che \u00e8 stata battezzata Novi. <\/span><\/span><span style=\"font-family: Arial, sans-serif;\"><span style=\"font-size: small;\">Il radiocollare \u00e8 stato applicato all\u2019alba del 13 settembre, sotto il costante controllo di un veterinario; Novi non ha subito il minimo trauma ed \u00e8 tornata dai suoi cuccioli nel sito di <\/span><\/span><span style=\"font-family: Arial, sans-serif;\"><span style=\"font-size: small;\"><i>rendez vous <\/i><\/span><\/span><span style=\"font-family: Arial, sans-serif;\"><span style=\"font-size: small;\">Il collare di cui \u00e8 dotata pu\u00f2 attivare dei sistemi di allerta (<\/span><\/span><span style=\"font-family: Arial, sans-serif;\"><span style=\"font-size: small;\"><i>proximity sensors<\/i><\/span><\/span><span style=\"font-family: Arial, sans-serif;\"><span style=\"font-size: small;\"> e <\/span><\/span><span style=\"font-family: Arial, sans-serif;\"><span style=\"font-size: small;\"><i>virtual fences<\/i><\/span><\/span><span style=\"font-family: Arial, sans-serif;\"><span style=\"font-size: small;\">), per prevenire attacchi al patrimonio zootecnico o avvicinamenti a insediamenti, utilizzando un sistema gi\u00e0 sperimentato con successo in Veneto. <\/span><\/span><span style=\"font-size: small; font-family: Arial, sans-serif;\">Le informazioni sugli spostamenti dell\u2019animale, che saranno trasmesse dal radiocollare, permetteranno di approfondire le conoscenze sul comportamento dei lupi nel Parco; di raccogliere informazioni sulle loro strategie di caccia, sul numero e sulle caratteristiche dei selvatici predati; di migliorare l\u2019efficacia dei sistemi di prevenzione degli attacchi del lupo al bestiame domestico.<\/span><\/p>\n<p class=\"western\" align=\"justify\">\n<p align=\"justify\">\n<hr \/>\n<p align=\"justify\">\n","protected":false},"excerpt":{"rendered":"<p>Nei giorni scorsi ha preso avvio nel Parco uno studio sul comportamento e l\u2019ecologia del lupo attraverso la radiotelemetria satellitare. La ricerca, finanziata dal Ministero della Transizione Ecologica, nasce dalla collaborazione tra il Parco Nazionale Dolomiti Bellunesi e il Dipartimento di medicina veterinaria dell\u2019Universit\u00e0 di Sassari. Il progetto \u00e8 coordinato dal professor Marco Apollonio e&hellip;<\/p>\n","protected":false},"author":4,"featured_media":298050,"comment_status":"closed","ping_status":"closed","sticky":false,"template":"","format":"standard","meta":{"_monsterinsights_skip_tracking":false,"_monsterinsights_sitenote_active":false,"_monsterinsights_sitenote_note":"","_monsterinsights_sitenote_category":0,"footnotes":""},"categories":[51,49],"tags":[],"class_list":["post-298049","post","type-post","status-publish","format-standard","has-post-thumbnail","hentry","category-evidenza-top","category-news-18","category-51","category-49","description-off"],"img_url":"https:\/\/www.radiopiu.net\/wordpress\/wp-content\/uploads\/2022\/09\/Primi-segnali-inviati-da-lupa-collarata_Foto-Bruno-Boz.jpg","_links":{"self":[{"href":"https:\/\/www.radiopiu.net\/wordpress\/wp-json\/wp\/v2\/posts\/298049","targetHints":{"allow":["GET"]}}],"collection":[{"href":"https:\/\/www.radiopiu.net\/wordpress\/wp-json\/wp\/v2\/posts"}],"about":[{"href":"https:\/\/www.radiopiu.net\/wordpress\/wp-json\/wp\/v2\/types\/post"}],"author":[{"embeddable":true,"href":"https:\/\/www.radiopiu.net\/wordpress\/wp-json\/wp\/v2\/users\/4"}],"replies":[{"embeddable":true,"href":"https:\/\/www.radiopiu.net\/wordpress\/wp-json\/wp\/v2\/comments?post=298049"}],"version-history":[{"count":0,"href":"https:\/\/www.radiopiu.net\/wordpress\/wp-json\/wp\/v2\/posts\/298049\/revisions"}],"wp:featuredmedia":[{"embeddable":true,"href":"https:\/\/www.radiopiu.net\/wordpress\/wp-json\/wp\/v2\/media\/298050"}],"wp:attachment":[{"href":"https:\/\/www.radiopiu.net\/wordpress\/wp-json\/wp\/v2\/media?parent=298049"}],"wp:term":[{"taxonomy":"category","embeddable":true,"href":"https:\/\/www.radiopiu.net\/wordpress\/wp-json\/wp\/v2\/categories?post=298049"},{"taxonomy":"post_tag","embeddable":true,"href":"https:\/\/www.radiopiu.net\/wordpress\/wp-json\/wp\/v2\/tags?post=298049"}],"curies":[{"name":"wp","href":"https:\/\/api.w.org\/{rel}","templated":true}]}}