{"id":298056,"date":"2022-09-21T05:42:10","date_gmt":"2022-09-21T03:42:10","guid":{"rendered":"https:\/\/www.radiopiu.net\/wordpress\/?p=298056"},"modified":"2022-09-21T05:53:59","modified_gmt":"2022-09-21T03:53:59","slug":"viva-la-protezione-civile-viva-in-viaggio-per-le-marche-video","status":"publish","type":"post","link":"https:\/\/www.radiopiu.net\/wordpress\/viva-la-protezione-civile-viva-in-viaggio-per-le-marche-video\/","title":{"rendered":"VIVA LA PROTEZIONE CIVILE &#8220;VIVA&#8221;! IN VIAGGIO PER LE MARCHE &#8211; video &#8211;"},"content":{"rendered":"<blockquote>\n<h3>VENETO IN AIUTO ALLE POPOLAZIONI ALLUVIONATE. L\u2019IMPEGNO DELLA PROTEZIONE CIVILE<\/h3>\n<\/blockquote>\n<p><strong>VENEZIA<\/strong>\u00a0Sono sette le squadre, una per ciascuna provincia del Veneto, con circa 6-7 volontari ciascuna, per un totale di una cinquantina di volontari della Protezione Civile regionale, che\u00a0 oggi partiranno per portare soccorso alle aree alluvionate a Senigallia in particolare.\u00a0 Operazione di soccorso avviata\u00a0 dopo la richiesta di attivazione da parte del Dipartimento Nazionale della Protezione Civile del Veneto. Ciascuna delle sette squadre provinciali partir\u00e0 con un mezzo ribaltabile, un modulo antincendio boschivo per ripulire il fango e le attrezzature necessarie, come ad esempio bobcat e attrezzature utili alla rimozione di alberi di alberi o vecchi elettrodomestici andati persi nella piena dei fiumi. L\u2019Assessore regionale alla Protezione Civile del Veneto Gianpaolo Bottacin coordina le operazioni.<\/p>\n<p>&nbsp;<\/p>\n<p><strong>VIDEO LE COLONNE: DA BELLUNO E DA VENEZIA<\/strong><\/p>\n<div style=\"width: 848px;\" class=\"wp-video\"><video class=\"wp-video-shortcode\" id=\"video-298056-1\" width=\"848\" height=\"480\" preload=\"metadata\" controls=\"controls\"><source type=\"video\/mp4\" src=\"https:\/\/www.radiopiu.net\/wordpress\/wp-content\/uploads\/2022\/09\/WhatsApp-Video-2022-09-20-at-11.27.18.mp4?_=1\" \/><a href=\"https:\/\/www.radiopiu.net\/wordpress\/wp-content\/uploads\/2022\/09\/WhatsApp-Video-2022-09-20-at-11.27.18.mp4\">https:\/\/www.radiopiu.net\/wordpress\/wp-content\/uploads\/2022\/09\/WhatsApp-Video-2022-09-20-at-11.27.18.mp4<\/a><\/video><\/div>\n<p>&nbsp;<\/p>\n<p>&nbsp;<\/p>\n<p><em> <img decoding=\"async\" class=\"alignleft\" src=\"https:\/\/www.radiopiu.net\/wordpress\/wp-content\/uploads\/2022\/09\/AAA-9.jpg\" \/>\u201cI nostri volontari e i tecnici regionali della Protezione Civile del Veneto sono gi\u00e0 operativi in una zona del centro di Senigallia, lungo il fiume, e stanno portando soccorso alle popolazioni colpite dalla furia del maltempo della scorsa settimana. Una squadra per ciascuna delle nostre province \u00e8 sul posto con un organico di 54 persone, dotati dei mezzi necessari per il ripristino dopo l\u2019alluvione. Il Veneto far\u00e0 tutto il possibile per aiutare gli amici marchigiani e fare in modo che la situazione delle zone cos\u00ec dolorosamente colpite dal maltempo torni al pi\u00f9 presto alla normalit\u00e0\u201d.<\/em> Cos\u00ec il Presidente della Regione del Veneto annuncia che sono gi\u00e0 operative nella zona assegnata del centro di Senigallia le 7 squadre della Protezione Civile del Veneto, arrivate questa mattina in territorio marchigiano per aiutare le popolazioni colpite dall\u2019alluvione della scorsa settimana. L\u2019Assessore regionale alla Protezione Civile del Veneto sta seguendo le varie fasi delle operazioni che sono iniziate questa mattina con l\u2019arrivo sul posto delle prime squadre provinciali. L\u2019organico complessivo dei soccorritori veneti della Protezione Civile \u00e8 composto da due funzionari regionali e di 54 volontari appartenenti a tutte e sette le province venete. Il personale \u00e8 arrivato con adeguate dotazioni composte da 6\u00a0mezzi per il trasporto persone, 13 autocarri,7 moduli AIB, un mezzo radio, una sala operativa mobile, 3 rimorchi, 10 macchine operatrici, una spazzatrice, motopompe, torri faro e gruppi elettrogeni. Da ieri sui luoghi degli allagamenti ci sono gi\u00e0 i volontari veneti dell\u2019Associazione Nazionale Alpini, oltre alla squadra scouting della Protezione Civile del Veneto che ha effettuato le prime ricognizioni per gli interventi di oggi.<\/p>\n<p><strong>\u00a0L&#8217;ASSESSORE GIANPAOLO BOTTACIN<\/strong><\/p>\n<div style=\"width: 640px;\" class=\"wp-video\"><video class=\"wp-video-shortcode\" id=\"video-298056-2\" width=\"640\" height=\"352\" preload=\"metadata\" controls=\"controls\"><source type=\"video\/mp4\" src=\"https:\/\/www.radiopiu.net\/wordpress\/wp-content\/uploads\/2022\/09\/bottacin.mp4?_=2\" \/><a href=\"https:\/\/www.radiopiu.net\/wordpress\/wp-content\/uploads\/2022\/09\/bottacin.mp4\">https:\/\/www.radiopiu.net\/wordpress\/wp-content\/uploads\/2022\/09\/bottacin.mp4<\/a><\/video><\/div>\n<p>&nbsp;<\/p>\n<div>\n<p>&nbsp;<\/p>\n<\/div>\n<hr \/>\n<p>&nbsp;<\/p>\n<div>\n<p>&nbsp;<\/p>\n<p><span style=\"font-size: large;\">Alla richiesta di attivazione da parte della Regione Veneto hanno risposto i gruppi di Protezione Civile di Auronzo, Ana Belluno, Aib Sospirolo e Antelao di Pieve di Cadore. Parallelamente si \u00e8 mossa anche la colonna mobile dell\u2019Ana nazionale, con contingenti dei gruppi di Belluno e Feltre.<\/span><\/p>\n<\/div>\n<p>&nbsp;<\/p>\n<div>\n\n\t\t\t<style type='text\/css'>\n\t\t\t\t#gallery-1 {\n\t\t\t\t\tmargin: auto;\n\t\t\t\t}\n\t\t\t\t#gallery-1 .gallery-item {\n\t\t\t\t\tfloat: left;\n\t\t\t\t\tmargin-top: 10px;\n\t\t\t\t\ttext-align: center;\n\t\t\t\t\twidth: 25%;\n\t\t\t\t}\n\t\t\t\t#gallery-1 img {\n\t\t\t\t\tborder: 2px solid #cfcfcf;\n\t\t\t\t}\n\t\t\t\t#gallery-1 .gallery-caption {\n\t\t\t\t\tmargin-left: 0;\n\t\t\t\t}\n\t\t\t\t\/* see gallery_shortcode() in wp-includes\/media.php *\/\n\t\t\t<\/style>\n\t\t<div id='gallery-1' class='dt-gallery-container gallery galleryid-298056 gallery-columns-4 gallery-size-thumbnail'><dl class='gallery-item'>\n\t\t\t\t<dt class='gallery-icon landscape'>\n\t\t\t\t\t<a class=\"rollover rollover-zoom dt-pswp-item\" title=\"PHOTO-2022-09-20-10-22-32\" data-dt-img-description=\"\" data-large_image_width=\"1024\" data-large_image_height=\"683\"href='https:\/\/www.radiopiu.net\/wordpress\/wp-content\/uploads\/2022\/09\/PHOTO-2022-09-20-10-22-32.jpg'><img loading=\"lazy\" decoding=\"async\" width=\"150\" height=\"150\" src=\"https:\/\/www.radiopiu.net\/wordpress\/wp-content\/uploads\/2022\/09\/PHOTO-2022-09-20-10-22-32-150x150.jpg\" class=\"attachment-thumbnail size-thumbnail\" alt=\"\" \/><\/a>\n\t\t\t\t<\/dt><\/dl><dl class='gallery-item'>\n\t\t\t\t<dt class='gallery-icon landscape'>\n\t\t\t\t\t<a class=\"rollover rollover-zoom dt-pswp-item\" title=\"PHOTO-2022-09-20-10-22-31 2\" data-dt-img-description=\"\" data-large_image_width=\"1024\" data-large_image_height=\"683\"href='https:\/\/www.radiopiu.net\/wordpress\/wp-content\/uploads\/2022\/09\/PHOTO-2022-09-20-10-22-31-2.jpg'><img loading=\"lazy\" decoding=\"async\" width=\"150\" height=\"150\" src=\"https:\/\/www.radiopiu.net\/wordpress\/wp-content\/uploads\/2022\/09\/PHOTO-2022-09-20-10-22-31-2-150x150.jpg\" class=\"attachment-thumbnail size-thumbnail\" alt=\"\" \/><\/a>\n\t\t\t\t<\/dt><\/dl><dl class='gallery-item'>\n\t\t\t\t<dt class='gallery-icon portrait'>\n\t\t\t\t\t<a class=\"rollover rollover-zoom dt-pswp-item\" title=\"PHOTO-2022-09-19-18-45-36 2\" data-dt-img-description=\"\" data-large_image_width=\"1536\" data-large_image_height=\"2048\"href='https:\/\/www.radiopiu.net\/wordpress\/wp-content\/uploads\/2022\/09\/PHOTO-2022-09-19-18-45-36-2.jpg'><img loading=\"lazy\" decoding=\"async\" width=\"150\" height=\"150\" src=\"https:\/\/www.radiopiu.net\/wordpress\/wp-content\/uploads\/2022\/09\/PHOTO-2022-09-19-18-45-36-2-150x150.jpg\" class=\"attachment-thumbnail size-thumbnail\" alt=\"\" \/><\/a>\n\t\t\t\t<\/dt><\/dl><dl class='gallery-item'>\n\t\t\t\t<dt class='gallery-icon portrait'>\n\t\t\t\t\t<a class=\"rollover rollover-zoom dt-pswp-item\" title=\"PHOTO-2022-09-19-18-45-36\" data-dt-img-description=\"\" data-large_image_width=\"1536\" data-large_image_height=\"2048\"href='https:\/\/www.radiopiu.net\/wordpress\/wp-content\/uploads\/2022\/09\/PHOTO-2022-09-19-18-45-36.jpg'><img loading=\"lazy\" decoding=\"async\" width=\"150\" height=\"150\" src=\"https:\/\/www.radiopiu.net\/wordpress\/wp-content\/uploads\/2022\/09\/PHOTO-2022-09-19-18-45-36-150x150.jpg\" class=\"attachment-thumbnail size-thumbnail\" alt=\"\" \/><\/a>\n\t\t\t\t<\/dt><\/dl><br style=\"clear: both\" \/><dl class='gallery-item'>\n\t\t\t\t<dt class='gallery-icon landscape'>\n\t\t\t\t\t<a class=\"rollover rollover-zoom dt-pswp-item\" title=\"PHOTO-2022-09-20-10-21-29\" data-dt-img-description=\"\" data-large_image_width=\"1024\" data-large_image_height=\"683\"href='https:\/\/www.radiopiu.net\/wordpress\/wp-content\/uploads\/2022\/09\/PHOTO-2022-09-20-10-21-29.jpg'><img loading=\"lazy\" decoding=\"async\" width=\"150\" height=\"150\" src=\"https:\/\/www.radiopiu.net\/wordpress\/wp-content\/uploads\/2022\/09\/PHOTO-2022-09-20-10-21-29-150x150.jpg\" class=\"attachment-thumbnail size-thumbnail\" alt=\"\" \/><\/a>\n\t\t\t\t<\/dt><\/dl><dl class='gallery-item'>\n\t\t\t\t<dt class='gallery-icon landscape'>\n\t\t\t\t\t<a class=\"rollover rollover-zoom dt-pswp-item\" title=\"PHOTO-2022-09-20-10-22-31\" data-dt-img-description=\"\" data-large_image_width=\"1024\" data-large_image_height=\"683\"href='https:\/\/www.radiopiu.net\/wordpress\/wp-content\/uploads\/2022\/09\/PHOTO-2022-09-20-10-22-31.jpg'><img loading=\"lazy\" decoding=\"async\" width=\"150\" height=\"150\" src=\"https:\/\/www.radiopiu.net\/wordpress\/wp-content\/uploads\/2022\/09\/PHOTO-2022-09-20-10-22-31-150x150.jpg\" class=\"attachment-thumbnail size-thumbnail\" alt=\"\" \/><\/a>\n\t\t\t\t<\/dt><\/dl><dl class='gallery-item'>\n\t\t\t\t<dt class='gallery-icon landscape'>\n\t\t\t\t\t<a class=\"rollover rollover-zoom dt-pswp-item\" title=\"PHOTO-2022-09-20-10-22-30\" data-dt-img-description=\"\" data-large_image_width=\"1024\" data-large_image_height=\"683\"href='https:\/\/www.radiopiu.net\/wordpress\/wp-content\/uploads\/2022\/09\/PHOTO-2022-09-20-10-22-30.jpg'><img loading=\"lazy\" decoding=\"async\" width=\"150\" height=\"150\" src=\"https:\/\/www.radiopiu.net\/wordpress\/wp-content\/uploads\/2022\/09\/PHOTO-2022-09-20-10-22-30-150x150.jpg\" class=\"attachment-thumbnail size-thumbnail\" alt=\"\" \/><\/a>\n\t\t\t\t<\/dt><\/dl>\n\t\t\t\t<br style='clear: both' \/>\n\t\t\t<\/div>\n\n<p>&nbsp;<\/p>\n<p>&nbsp;<\/p>\n<\/div>\n","protected":false},"excerpt":{"rendered":"<p>VENETO IN AIUTO ALLE POPOLAZIONI ALLUVIONATE. L\u2019IMPEGNO DELLA PROTEZIONE CIVILE VENEZIA\u00a0Sono sette le squadre, una per ciascuna provincia del Veneto, con circa 6-7 volontari ciascuna, per un totale di una cinquantina di volontari della Protezione Civile regionale, che\u00a0 oggi partiranno per portare soccorso alle aree alluvionate a Senigallia in particolare.\u00a0 Operazione di soccorso avviata\u00a0 dopo&hellip;<\/p>\n","protected":false},"author":4,"featured_media":298058,"comment_status":"closed","ping_status":"closed","sticky":false,"template":"","format":"standard","meta":{"_monsterinsights_skip_tracking":false,"_monsterinsights_sitenote_active":false,"_monsterinsights_sitenote_note":"","_monsterinsights_sitenote_category":0,"footnotes":""},"categories":[51,49],"tags":[],"class_list":["post-298056","post","type-post","status-publish","format-standard","has-post-thumbnail","hentry","category-evidenza-top","category-news-18","category-51","category-49","description-off"],"img_url":"https:\/\/www.radiopiu.net\/wordpress\/wp-content\/uploads\/2022\/09\/AAA-9.jpg","_links":{"self":[{"href":"https:\/\/www.radiopiu.net\/wordpress\/wp-json\/wp\/v2\/posts\/298056","targetHints":{"allow":["GET"]}}],"collection":[{"href":"https:\/\/www.radiopiu.net\/wordpress\/wp-json\/wp\/v2\/posts"}],"about":[{"href":"https:\/\/www.radiopiu.net\/wordpress\/wp-json\/wp\/v2\/types\/post"}],"author":[{"embeddable":true,"href":"https:\/\/www.radiopiu.net\/wordpress\/wp-json\/wp\/v2\/users\/4"}],"replies":[{"embeddable":true,"href":"https:\/\/www.radiopiu.net\/wordpress\/wp-json\/wp\/v2\/comments?post=298056"}],"version-history":[{"count":0,"href":"https:\/\/www.radiopiu.net\/wordpress\/wp-json\/wp\/v2\/posts\/298056\/revisions"}],"wp:featuredmedia":[{"embeddable":true,"href":"https:\/\/www.radiopiu.net\/wordpress\/wp-json\/wp\/v2\/media\/298058"}],"wp:attachment":[{"href":"https:\/\/www.radiopiu.net\/wordpress\/wp-json\/wp\/v2\/media?parent=298056"}],"wp:term":[{"taxonomy":"category","embeddable":true,"href":"https:\/\/www.radiopiu.net\/wordpress\/wp-json\/wp\/v2\/categories?post=298056"},{"taxonomy":"post_tag","embeddable":true,"href":"https:\/\/www.radiopiu.net\/wordpress\/wp-json\/wp\/v2\/tags?post=298056"}],"curies":[{"name":"wp","href":"https:\/\/api.w.org\/{rel}","templated":true}]}}