{"id":298066,"date":"2022-09-21T05:43:57","date_gmt":"2022-09-21T03:43:57","guid":{"rendered":"https:\/\/www.radiopiu.net\/wordpress\/?p=298066"},"modified":"2022-09-21T05:53:48","modified_gmt":"2022-09-21T03:53:48","slug":"caro-bollette-chiude-la-sala-lettura-della-biblioteca-abm","status":"publish","type":"post","link":"https:\/\/www.radiopiu.net\/wordpress\/caro-bollette-chiude-la-sala-lettura-della-biblioteca-abm\/","title":{"rendered":"CARO BOLLETTE: CHIUDE LA SALA LETTURA DELLA BIBLIOTECA ABM"},"content":{"rendered":"<p><strong><a class=\"dt-pswp-item\" href=\"https:\/\/www.radiopiu.net\/wordpress\/wp-content\/uploads\/2022\/09\/biblio_dino_buzzati_abm.jpeg\" data-dt-img-description=\"\" data-large_image_width=\"2000\" data-large_image_height=\"1128\"><img loading=\"lazy\" decoding=\"async\" class=\"size-thumbnail wp-image-298067 alignleft\" src=\"https:\/\/www.radiopiu.net\/wordpress\/wp-content\/uploads\/2022\/09\/biblio_dino_buzzati_abm-150x150.jpeg\" alt=\"\" width=\"150\" height=\"150\" \/><\/a>BELLUNO<\/strong> Il caro bollette colpisce anche l\u2019Associazione Bellunesi nel Mondo.<em> \u00abAbbiamo ricevuto questa settimana la bolletta della luce riferita ai mesi di luglio e agosto &#8211; fa sapere il presidente Abm Oscar De Bona &#8211; e la cifra \u00e8 triplicata rispetto al 2021. Non oso immaginare come si prospetteranno i prossimi mesi, sia per la luce, sia per il riscaldamento\u00bb. <\/em>La sede dell\u2019Associazione Bellunesi nel Mondo, presente in via Cavour 3 a Belluno, offre infatti diversi servizi aperti al pubblico. Tra questi anche la Biblioteca delle migrazioni \u201cDino Buzzati\u201d in cui \u00e8 presente, oltre al servizio di interprestito, una sala lettura.<em> \u00abA malincuore siamo costretti a sospendere un servizio molto utilizzato in questi ultimi anni dagli studenti bellunesi e non solo. Siamo un ente privato e purtroppo questa scelta \u00e8 d\u2019obbligo. A preoccuparci \u00e8 anche il MiM Belluno, Museo interattivo delle Migrazioni. Un museo visitato da molti studenti soprattutto nel periodo invernale. Avevamo optato per un biglietto \u201cleggero\u201d rivolto agli studenti, ma visti i tempi dovremo rimodulare l\u2019offerta\u00bb.<\/em><br \/>\nGli uffici Abm hanno anche rimodulato l\u2019utilizzo dell\u2019energia elettrica spegnendo anche l\u2019insegna esterna e adottando fari a led mirati alle postazioni di lavoro.<br \/>\n<em>\u00abE pensare &#8211; conclude con un sorriso amaro De Bona &#8211; che avevamo pensato di installare nella nostra sede una stufa a pellets per ridurre il consumo della caldaia a gas. Fortuna che non l\u2019abbiamo fatto, dato che oggi un sacco di pellets costa anche \u20ac 13,00 a differenza del 2021 che era pari a \u20ac 4,40. \u00c8 il caso di parlare di speculazione? Credo proprio di s\u00ec. Peccato che, come sempre, a rimetterci \u00e8 la parte sociale e culturale. Sono davvero preoccupato per il nostro futuro&#8230; a breve termine\u00bb.<\/em><\/p>\n<p>&nbsp;<\/p>\n<hr \/>\n<p>&nbsp;<\/p>\n","protected":false},"excerpt":{"rendered":"<p>BELLUNO Il caro bollette colpisce anche l\u2019Associazione Bellunesi nel Mondo. \u00abAbbiamo ricevuto questa settimana la bolletta della luce riferita ai mesi di luglio e agosto &#8211; fa sapere il presidente Abm Oscar De Bona &#8211; e la cifra \u00e8 triplicata rispetto al 2021. Non oso immaginare come si prospetteranno i prossimi mesi, sia per la&hellip;<\/p>\n","protected":false},"author":4,"featured_media":298068,"comment_status":"closed","ping_status":"closed","sticky":false,"template":"","format":"standard","meta":{"_monsterinsights_skip_tracking":false,"_monsterinsights_sitenote_active":false,"_monsterinsights_sitenote_note":"","_monsterinsights_sitenote_category":0,"footnotes":""},"categories":[51,49],"tags":[],"class_list":["post-298066","post","type-post","status-publish","format-standard","has-post-thumbnail","hentry","category-evidenza-top","category-news-18","category-51","category-49","description-off"],"img_url":"https:\/\/www.radiopiu.net\/wordpress\/wp-content\/uploads\/2022\/09\/biblio_dino_buzzati_abm_bis.jpeg","_links":{"self":[{"href":"https:\/\/www.radiopiu.net\/wordpress\/wp-json\/wp\/v2\/posts\/298066","targetHints":{"allow":["GET"]}}],"collection":[{"href":"https:\/\/www.radiopiu.net\/wordpress\/wp-json\/wp\/v2\/posts"}],"about":[{"href":"https:\/\/www.radiopiu.net\/wordpress\/wp-json\/wp\/v2\/types\/post"}],"author":[{"embeddable":true,"href":"https:\/\/www.radiopiu.net\/wordpress\/wp-json\/wp\/v2\/users\/4"}],"replies":[{"embeddable":true,"href":"https:\/\/www.radiopiu.net\/wordpress\/wp-json\/wp\/v2\/comments?post=298066"}],"version-history":[{"count":0,"href":"https:\/\/www.radiopiu.net\/wordpress\/wp-json\/wp\/v2\/posts\/298066\/revisions"}],"wp:featuredmedia":[{"embeddable":true,"href":"https:\/\/www.radiopiu.net\/wordpress\/wp-json\/wp\/v2\/media\/298068"}],"wp:attachment":[{"href":"https:\/\/www.radiopiu.net\/wordpress\/wp-json\/wp\/v2\/media?parent=298066"}],"wp:term":[{"taxonomy":"category","embeddable":true,"href":"https:\/\/www.radiopiu.net\/wordpress\/wp-json\/wp\/v2\/categories?post=298066"},{"taxonomy":"post_tag","embeddable":true,"href":"https:\/\/www.radiopiu.net\/wordpress\/wp-json\/wp\/v2\/tags?post=298066"}],"curies":[{"name":"wp","href":"https:\/\/api.w.org\/{rel}","templated":true}]}}