{"id":298169,"date":"2022-09-21T10:32:01","date_gmt":"2022-09-21T08:32:01","guid":{"rendered":"https:\/\/www.radiopiu.net\/wordpress\/?p=298169"},"modified":"2022-09-21T10:32:01","modified_gmt":"2022-09-21T08:32:01","slug":"guardando-il-mare-dalle-dolomiti","status":"publish","type":"post","link":"https:\/\/www.radiopiu.net\/wordpress\/guardando-il-mare-dalle-dolomiti\/","title":{"rendered":"GUARDANDO IL MARE DALLE DOLOMITI"},"content":{"rendered":"<p>&nbsp;<\/p>\n<p><strong>DI CLAUDIO PRA<\/strong><\/p>\n<p>Che dalle Dolomiti, in giornate di eccezionale trasparenza, si possa vedere il mare \u00e8 noto (cos\u00ec come pu\u00f2 accadere il contrario). Il fenomeno prende il nome di stravedamento. Luned\u00ec dal Pizzocco, sopra S.Gregorio nelle Alpi, ho scattato questa foto spingendo lo zoom a 400 mm. di focale. Nell&#8217;immagine si vede Venezia e persino il Campanile di S. Marco<\/p>\n<p>&nbsp;<\/p>\n<p><a class=\"dt-pswp-item\" href=\"https:\/\/www.radiopiu.net\/wordpress\/wp-content\/uploads\/2022\/09\/9f28011d-b9d0-47fa-bb89-214db433ab78.jpg\" data-dt-img-description=\"\" data-large_image_width=\"1280\" data-large_image_height=\"1256\"><img loading=\"lazy\" decoding=\"async\" class=\"alignnone wp-image-298170 size-full\" src=\"https:\/\/www.radiopiu.net\/wordpress\/wp-content\/uploads\/2022\/09\/9f28011d-b9d0-47fa-bb89-214db433ab78.jpg\" alt=\"\" width=\"1280\" height=\"1256\" srcset=\"https:\/\/www.radiopiu.net\/wordpress\/wp-content\/uploads\/2022\/09\/9f28011d-b9d0-47fa-bb89-214db433ab78.jpg 1280w, https:\/\/www.radiopiu.net\/wordpress\/wp-content\/uploads\/2022\/09\/9f28011d-b9d0-47fa-bb89-214db433ab78-300x294.jpg 300w, https:\/\/www.radiopiu.net\/wordpress\/wp-content\/uploads\/2022\/09\/9f28011d-b9d0-47fa-bb89-214db433ab78-1024x1005.jpg 1024w, https:\/\/www.radiopiu.net\/wordpress\/wp-content\/uploads\/2022\/09\/9f28011d-b9d0-47fa-bb89-214db433ab78-768x754.jpg 768w\" sizes=\"auto, (max-width: 1280px) 100vw, 1280px\" \/><\/a><\/p>\n<p>&nbsp;<\/p>\n","protected":false},"excerpt":{"rendered":"<p>&nbsp; DI CLAUDIO PRA Che dalle Dolomiti, in giornate di eccezionale trasparenza, si possa vedere il mare \u00e8 noto (cos\u00ec come pu\u00f2 accadere il contrario). Il fenomeno prende il nome di stravedamento. Luned\u00ec dal Pizzocco, sopra S.Gregorio nelle Alpi, ho scattato questa foto spingendo lo zoom a 400 mm. di focale. Nell&#8217;immagine si vede Venezia&hellip;<\/p>\n","protected":false},"author":4,"featured_media":298170,"comment_status":"closed","ping_status":"closed","sticky":false,"template":"","format":"standard","meta":{"_monsterinsights_skip_tracking":false,"_monsterinsights_sitenote_active":false,"_monsterinsights_sitenote_note":"","_monsterinsights_sitenote_category":0,"footnotes":""},"categories":[51,49],"tags":[],"class_list":["post-298169","post","type-post","status-publish","format-standard","has-post-thumbnail","hentry","category-evidenza-top","category-news-18","category-51","category-49","description-off"],"img_url":"https:\/\/www.radiopiu.net\/wordpress\/wp-content\/uploads\/2022\/09\/9f28011d-b9d0-47fa-bb89-214db433ab78.jpg","_links":{"self":[{"href":"https:\/\/www.radiopiu.net\/wordpress\/wp-json\/wp\/v2\/posts\/298169","targetHints":{"allow":["GET"]}}],"collection":[{"href":"https:\/\/www.radiopiu.net\/wordpress\/wp-json\/wp\/v2\/posts"}],"about":[{"href":"https:\/\/www.radiopiu.net\/wordpress\/wp-json\/wp\/v2\/types\/post"}],"author":[{"embeddable":true,"href":"https:\/\/www.radiopiu.net\/wordpress\/wp-json\/wp\/v2\/users\/4"}],"replies":[{"embeddable":true,"href":"https:\/\/www.radiopiu.net\/wordpress\/wp-json\/wp\/v2\/comments?post=298169"}],"version-history":[{"count":0,"href":"https:\/\/www.radiopiu.net\/wordpress\/wp-json\/wp\/v2\/posts\/298169\/revisions"}],"wp:featuredmedia":[{"embeddable":true,"href":"https:\/\/www.radiopiu.net\/wordpress\/wp-json\/wp\/v2\/media\/298170"}],"wp:attachment":[{"href":"https:\/\/www.radiopiu.net\/wordpress\/wp-json\/wp\/v2\/media?parent=298169"}],"wp:term":[{"taxonomy":"category","embeddable":true,"href":"https:\/\/www.radiopiu.net\/wordpress\/wp-json\/wp\/v2\/categories?post=298169"},{"taxonomy":"post_tag","embeddable":true,"href":"https:\/\/www.radiopiu.net\/wordpress\/wp-json\/wp\/v2\/tags?post=298169"}],"curies":[{"name":"wp","href":"https:\/\/api.w.org\/{rel}","templated":true}]}}