{"id":298403,"date":"2022-09-23T05:40:10","date_gmt":"2022-09-23T03:40:10","guid":{"rendered":"https:\/\/www.radiopiu.net\/wordpress\/?p=298403"},"modified":"2022-09-23T08:31:24","modified_gmt":"2022-09-23T06:31:24","slug":"il-circolo-auser-col-bel-di-tiser-e-lentusiasmo-dei-ventanni","status":"publish","type":"post","link":"https:\/\/www.radiopiu.net\/wordpress\/il-circolo-auser-col-bel-di-tiser-e-lentusiasmo-dei-ventanni\/","title":{"rendered":"IL CIRCOLO AUSER COL BEL DI TISER E L&#8217;ENTUSIASMO DEI VENT&#8217;ANNI"},"content":{"rendered":"<p><strong><a class=\"dt-pswp-item\" href=\"https:\/\/www.radiopiu.net\/wordpress\/wp-content\/uploads\/2022\/09\/Schermata-2022-09-22-alle-19.16.20.png\" data-dt-img-description=\"\" data-large_image_width=\"1452\" data-large_image_height=\"1242\"><img loading=\"lazy\" decoding=\"async\" class=\" wp-image-298405 alignleft\" src=\"https:\/\/www.radiopiu.net\/wordpress\/wp-content\/uploads\/2022\/09\/Schermata-2022-09-22-alle-19.16.20-300x257.png\" alt=\"\" width=\"177\" height=\"152\" srcset=\"https:\/\/www.radiopiu.net\/wordpress\/wp-content\/uploads\/2022\/09\/Schermata-2022-09-22-alle-19.16.20-300x257.png 300w, https:\/\/www.radiopiu.net\/wordpress\/wp-content\/uploads\/2022\/09\/Schermata-2022-09-22-alle-19.16.20-1024x876.png 1024w, https:\/\/www.radiopiu.net\/wordpress\/wp-content\/uploads\/2022\/09\/Schermata-2022-09-22-alle-19.16.20-768x657.png 768w, https:\/\/www.radiopiu.net\/wordpress\/wp-content\/uploads\/2022\/09\/Schermata-2022-09-22-alle-19.16.20.png 1452w\" sizes=\"auto, (max-width: 177px) 100vw, 177px\" \/><\/a>GOSALDO<\/strong> Compie vent&#8217;anni l&#8217;Auser Col Bel di Tiser. Auser si occupa dei diritti degli anziani e della sensibilizzazione di questa parte della popolazione che ha mille risorse da scoprire e mettere in gioco. A fare conoscere l\u2019associazione Auser a Tiser fu Angelo Torrassa che, avendo sposato una nativa del paese, si affezion\u00f2 subito a questi luoghi cos\u00ec diversi della sua Genova. Constatando che la zona era ed \u00e8 tuttora, abitata in prevalenza da anziani, ritenne fosse utile ed opportuno dar vita ad un centro dove riunirsi, confrontarsi ed anche divertirsi. Torrassa, con l\u2019aiuto di Florestano Monestier &#8211; detto Nano &#8211; ed altre persone disponibili, diede quindi avvio alla costituzione dell\u2019Auser <em>Col Bel<\/em> presso i locali della vecchia scuola elementare. Purtroppo non ebbe modo di vedere la nascita effettiva dell\u2019Associazione, avvenuta nel luglio 2002, in quanto venne a mancare prima. A continuare l\u2019opera avviata da Angelo Torrassa fu proprio Monestier che assunse la carica di Presidente, e supportato da un\u00a0 gruppo di volontari, mise molto impegno nel venire incontro al prossimo pi\u00f9 debole, prestando la massima attenzione e costanza nei confronti in particolare delle esigenze degli anziani ma non solo. L\u2019Auser <em>Col Bel<\/em> \u00e8 una associazione di Promozione Sociale e, pertanto, svolge l\u2019attivit\u00e0 prevalentemente rivolta a Soci, creando momenti da trascorrere in amichevole compagnia per scambiare quattro chiacchiere, confrontarsi e divertirsi. Le serate conviviali sono allietate dal suono della fisarmonica, dai balli e da tante sane risate; mentre l\u2019apertura quotidiana del bar all\u2019interno dei locali, e l\u2019organizzazione in collaborazione con il Gruppo Alpini di Tiser della festa di San Rocco &#8211; Patrono di Tiser \u2013 oltre ad altre attivit\u00e0 minori, contribuiscono a mantenere viva la comunit\u00e0 di questo piccolo centro di montagna. Non va per\u00f2 dimenticato un servizio fondamentale per la popolazione della zona: l\u2019accompagnamento verso i vari ospedali Bellunesi per visite, terapie ed altre faccende quotidiane. effettuato dai volontari per tutte quelle persone anziane non autosufficienti o automunite. Dal 2010 il Presidente \u00e8 Valter Dario Todesco che, con l\u2019aiuto dei Consiglieri e dei volontari,\u00a0 continua con perizia e impegno l\u2019attivit\u00e0 dell\u2019Associazione. Una realt\u00e0 che come i ragazzi ventenni, sprizza energia, voglia di fare e di crescere. L\u2019Auser di Tiser pu\u00f2 considerarsi un esempio anche per tante comunit\u00e0 sparse nel Veneto. Un piccolo paese di montagna, con poche anime, che in proporzione conta pi\u00f9 tesserati di tante citt\u00e0.<\/p>\n<p>&nbsp;<\/p>\n<blockquote class=\"wp-embedded-content\" data-secret=\"vRklKRfDtj\"><p><a href=\"https:\/\/www.radiopiu.net\/wordpress\/l-auser-col-bel-tiser-compie-i-primi-20-anni\/\">L&#8217; AUSER COL BEL TISER  COMPIE I PRIMI 20 ANNI<\/a><\/p><\/blockquote>\n<p><iframe loading=\"lazy\" class=\"wp-embedded-content\" sandbox=\"allow-scripts\" security=\"restricted\" style=\"position: absolute; clip: rect(1px, 1px, 1px, 1px);\" title=\"&#8220;L&#8217; AUSER COL BEL TISER  COMPIE I PRIMI 20 ANNI&#8221; &#8212; Radio Pi\u00f9\" src=\"https:\/\/www.radiopiu.net\/wordpress\/l-auser-col-bel-tiser-compie-i-primi-20-anni\/embed\/#?secret=y4M71S6mRZ#?secret=vRklKRfDtj\" data-secret=\"vRklKRfDtj\" width=\"600\" height=\"338\" frameborder=\"0\" marginwidth=\"0\" marginheight=\"0\" scrolling=\"no\"><\/iframe><\/p>\n<p>&nbsp;<\/p>\n<p>******<\/p>\n","protected":false},"excerpt":{"rendered":"<p>GOSALDO Compie vent&#8217;anni l&#8217;Auser Col Bel di Tiser. Auser si occupa dei diritti degli anziani e della sensibilizzazione di questa parte della popolazione che ha mille risorse da scoprire e mettere in gioco. A fare conoscere l\u2019associazione Auser a Tiser fu Angelo Torrassa che, avendo sposato una nativa del paese, si affezion\u00f2 subito a questi&hellip;<\/p>\n","protected":false},"author":4,"featured_media":298405,"comment_status":"closed","ping_status":"closed","sticky":false,"template":"","format":"standard","meta":{"_monsterinsights_skip_tracking":false,"_monsterinsights_sitenote_active":false,"_monsterinsights_sitenote_note":"","_monsterinsights_sitenote_category":0,"footnotes":""},"categories":[51,49],"tags":[],"class_list":["post-298403","post","type-post","status-publish","format-standard","has-post-thumbnail","hentry","category-evidenza-top","category-news-18","category-51","category-49","description-off"],"img_url":"https:\/\/www.radiopiu.net\/wordpress\/wp-content\/uploads\/2022\/09\/Schermata-2022-09-22-alle-19.16.20.png","_links":{"self":[{"href":"https:\/\/www.radiopiu.net\/wordpress\/wp-json\/wp\/v2\/posts\/298403","targetHints":{"allow":["GET"]}}],"collection":[{"href":"https:\/\/www.radiopiu.net\/wordpress\/wp-json\/wp\/v2\/posts"}],"about":[{"href":"https:\/\/www.radiopiu.net\/wordpress\/wp-json\/wp\/v2\/types\/post"}],"author":[{"embeddable":true,"href":"https:\/\/www.radiopiu.net\/wordpress\/wp-json\/wp\/v2\/users\/4"}],"replies":[{"embeddable":true,"href":"https:\/\/www.radiopiu.net\/wordpress\/wp-json\/wp\/v2\/comments?post=298403"}],"version-history":[{"count":0,"href":"https:\/\/www.radiopiu.net\/wordpress\/wp-json\/wp\/v2\/posts\/298403\/revisions"}],"wp:featuredmedia":[{"embeddable":true,"href":"https:\/\/www.radiopiu.net\/wordpress\/wp-json\/wp\/v2\/media\/298405"}],"wp:attachment":[{"href":"https:\/\/www.radiopiu.net\/wordpress\/wp-json\/wp\/v2\/media?parent=298403"}],"wp:term":[{"taxonomy":"category","embeddable":true,"href":"https:\/\/www.radiopiu.net\/wordpress\/wp-json\/wp\/v2\/categories?post=298403"},{"taxonomy":"post_tag","embeddable":true,"href":"https:\/\/www.radiopiu.net\/wordpress\/wp-json\/wp\/v2\/tags?post=298403"}],"curies":[{"name":"wp","href":"https:\/\/api.w.org\/{rel}","templated":true}]}}