{"id":298408,"date":"2022-09-24T05:43:44","date_gmt":"2022-09-24T03:43:44","guid":{"rendered":"https:\/\/www.radiopiu.net\/wordpress\/?p=298408"},"modified":"2022-09-24T07:21:12","modified_gmt":"2022-09-24T05:21:12","slug":"giornale-radiopiu-24-settembre-2022-direttore-mirko-mezzacasa","status":"publish","type":"post","link":"https:\/\/www.radiopiu.net\/wordpress\/giornale-radiopiu-24-settembre-2022-direttore-mirko-mezzacasa\/","title":{"rendered":"GIORNALE RADIOPIU 24 SETTEMBRE 2022 DIRETTORE MIRKO MEZZACASA"},"content":{"rendered":"<h3><a class=\"dt-pswp-item\" href=\"https:\/\/www.radiopiu.net\/wordpress\/wp-content\/uploads\/2022\/09\/b73d9819-b1ba-481a-a734-7215eb04fe16-1.jpg\" data-dt-img-description=\"\" data-large_image_width=\"1024\" data-large_image_height=\"768\"><img loading=\"lazy\" decoding=\"async\" class=\"size-medium wp-image-298558 aligncenter\" src=\"https:\/\/www.radiopiu.net\/wordpress\/wp-content\/uploads\/2022\/09\/b73d9819-b1ba-481a-a734-7215eb04fe16-1-300x225.jpg\" alt=\"\" width=\"300\" height=\"225\" srcset=\"https:\/\/www.radiopiu.net\/wordpress\/wp-content\/uploads\/2022\/09\/b73d9819-b1ba-481a-a734-7215eb04fe16-1-300x225.jpg 300w, https:\/\/www.radiopiu.net\/wordpress\/wp-content\/uploads\/2022\/09\/b73d9819-b1ba-481a-a734-7215eb04fe16-1-768x576.jpg 768w, https:\/\/www.radiopiu.net\/wordpress\/wp-content\/uploads\/2022\/09\/b73d9819-b1ba-481a-a734-7215eb04fe16-1.jpg 1024w\" sizes=\"auto, (max-width: 300px) 100vw, 300px\" \/><\/a><\/h3>\n<p>FOTO ANNALISA DAL MAS<\/p>\n<p>&nbsp;<\/p>\n<h3 class=\"kvgmc6g5 cxmmr5t8 oygrvhab hcukyx3x c1et5uql\"><span style=\"color: #0000ff;\"><strong>RADIO PIU INFORMAZIONE il canale su TELEGRAM informazione di prima\u00a0\u00a0<\/strong><strong>mano e in tempo reale. iscriviti ed aiutaci a farlo conoscere<\/strong><\/span><\/h3>\n<p>&nbsp;<\/p>\n<p>&nbsp;<\/p>\n<hr \/>\n<p>&nbsp;<\/p>\n<blockquote>\n<h3>DOMANI IL PUNTO TAMPONI STRAORDINARIO A PALUDI<\/h3>\n<\/blockquote>\n<p><strong>BELLUNO <\/strong>L\u2019Ulss Dolomiti attiva per DOMANI dalle 8.30 alle 12.30 un punto tamponi a Paludi per persone con sintomatologia covid, ad ACCESSO LIBERO. Sar\u00e0 presente un operatore sanitario per il triage all\u2019ingresso. NON \u00e8 quindi necessario chiamare il 118 o la Guardia medica per l\u2019impegnativa. Si invitano le persone a NON rivolgersi al 118 per richieste di prescrizione di tampone.<\/p>\n<p>&nbsp;<\/p>\n<p>&nbsp;<\/p>\n<hr \/>\n<p>&nbsp;<\/p>\n<p><strong>ACQUA INQUINATA\u00a0 A GOSALDO<\/strong><span style=\"color: #ff0000;\"> LE FOCHE, LAMBROI, DENEORE, MAGAIT, REN, SELLE, COL TAMAI, BITTI, GIARDOI E PETTUINE <\/span><span style=\"color: #ff0000;\"><span style=\"color: #000000;\">servizio autobotti a le Foche e Lambroi<\/span><\/span><\/p>\n<p><span style=\"color: #0000ff;\"><strong>ACQUA DI NUOVO\u00a0 POTABILE<\/strong> <\/span>\u00a0in localit\u00e0 <span style=\"color: #ff0000;\">COLLAZ <span style=\"color: #000000;\">di <strong>CENCENIGHE<\/strong>, \u00a0nelle localit\u00e0<span style=\"color: #ff0000;\"> MUDA EST E AGRE <span style=\"color: #000000;\">di <\/span>\u00a0<span style=\"color: #000000;\"><strong>LA VALLE AGORDINA<\/strong> ed <\/span>\u00a0<span style=\"color: #000000;\">nelle localit\u00e0<\/span> RONCH e CANACEDE <span style=\"color: #000000;\">di\u00a0<strong>SAN TOMASO AGORDINO<\/strong><\/span><\/span><\/span><\/span><\/p>\n<p>&nbsp;<\/p>\n<hr \/>\n<p>&nbsp;<\/p>\n<blockquote>\n<h3><a class=\"dt-pswp-item\" href=\"https:\/\/www.radiopiu.net\/wordpress\/wp-content\/uploads\/2022\/09\/6528823379203319082.jpg\" data-dt-img-description=\"\" data-large_image_width=\"500\" data-large_image_height=\"261\"><img loading=\"lazy\" decoding=\"async\" class=\"wp-image-298556 alignleft\" src=\"https:\/\/www.radiopiu.net\/wordpress\/wp-content\/uploads\/2022\/09\/6528823379203319082-300x157.jpg\" alt=\"\" width=\"187\" height=\"98\" srcset=\"https:\/\/www.radiopiu.net\/wordpress\/wp-content\/uploads\/2022\/09\/6528823379203319082-300x157.jpg 300w, https:\/\/www.radiopiu.net\/wordpress\/wp-content\/uploads\/2022\/09\/6528823379203319082.jpg 500w\" sizes=\"auto, (max-width: 187px) 100vw, 187px\" \/><\/a>ADDIO A CATIA REDI, UNA LUNGA LOTTA CONTRO IL CANCRO ANCHE RACCONTATA SUI SOCIAL<\/h3>\n<\/blockquote>\n<p>&nbsp;<\/p>\n<p><strong>BELLUNO<\/strong> Dopo sette anni con tanta voglia di combattere per la vita ci ha lasciato Catia Redi, aveva solo 50 anni. Da un mese era stata ricoverata a Casa Tua 2. Lavorava all&#8217;occhialeria Marchon di Alpago. \u00c8 stata per diverso tempo una delle protagoniste\u00a0 del gruppo bellunolanotte, sui social raccontava la sua malattia, viveva a Cavarzano<\/p>\n<p>&nbsp;<\/p>\n<hr \/>\n<p>&nbsp;<\/p>\n<blockquote>\n<h3>TRAVOLTA DALLA MUCCA, SEMPRE GRAVI LE CONDIZIONI DI SILVIA ZATTA<\/h3>\n<\/blockquote>\n<p><strong>REDAZIONE<\/strong> Sono sempre gravi le condizioni di\u00a0Silvia Zatta, caricata da una delle bestie che fino a qualche secondo prima stavano tranquillamente pascolando. E&#8217; ricoverata nel reparto di neurologia all&#8217;ospedale di Treviso, non ha ripreso conoscenza dal momento dell&#8217;incidente, ma respira autonomamente e non si trova in terapia intensiva.\u00a0 Dal momento in cui ha picchiato la testa sull&#8217;asfalto ha perduto conoscenza.<\/p>\n<p>&nbsp;<\/p>\n<hr \/>\n<p>&nbsp;<\/p>\n<blockquote>\n<h3>CHIESTO IL RINVIO A GIUDIZIO PER IL &#8220;PIRATA&#8221; DELLA STRADA, NEL NOVEMBRE 2021 INVESTI&#8217; E UCCISE UNA DONNA<\/h3>\n<\/blockquote>\n<p><strong><a class=\"dt-pswp-item\" href=\"https:\/\/www.radiopiu.net\/wordpress\/wp-content\/uploads\/2022\/09\/a468bee1-ad99-4c0d-a0e0-70379a33f8b1.jpg\" data-dt-img-description=\"\" data-large_image_width=\"1024\" data-large_image_height=\"768\"><img loading=\"lazy\" decoding=\"async\" class=\" wp-image-298525 alignleft\" src=\"https:\/\/www.radiopiu.net\/wordpress\/wp-content\/uploads\/2022\/09\/a468bee1-ad99-4c0d-a0e0-70379a33f8b1-300x225.jpg\" alt=\"\" width=\"165\" height=\"124\" srcset=\"https:\/\/www.radiopiu.net\/wordpress\/wp-content\/uploads\/2022\/09\/a468bee1-ad99-4c0d-a0e0-70379a33f8b1-300x225.jpg 300w, https:\/\/www.radiopiu.net\/wordpress\/wp-content\/uploads\/2022\/09\/a468bee1-ad99-4c0d-a0e0-70379a33f8b1-768x576.jpg 768w, https:\/\/www.radiopiu.net\/wordpress\/wp-content\/uploads\/2022\/09\/a468bee1-ad99-4c0d-a0e0-70379a33f8b1.jpg 1024w\" sizes=\"auto, (max-width: 165px) 100vw, 165px\" \/><\/a>FONZASO\u00a0<\/strong>Indagato per omicidio stradale, fuga e omissione di soccorso<\/p>\n<p>di Moreno Gioli<\/p>\n<audio class=\"wp-audio-shortcode\" id=\"audio-298408-1\" preload=\"none\" style=\"width: 100%;\" controls=\"controls\"><source type=\"audio\/mpeg\" src=\"https:\/\/www.radiopiu.net\/wordpress\/wp-content\/uploads\/2022\/09\/GIOLI-MORTA-A-FONZASO.mp3?_=1\" \/><a href=\"https:\/\/www.radiopiu.net\/wordpress\/wp-content\/uploads\/2022\/09\/GIOLI-MORTA-A-FONZASO.mp3\">https:\/\/www.radiopiu.net\/wordpress\/wp-content\/uploads\/2022\/09\/GIOLI-MORTA-A-FONZASO.mp3<\/a><\/audio>\n<p>&nbsp;<\/p>\n<hr \/>\n<p>&nbsp;<\/p>\n<blockquote>\n<h3>L&#8217;ALTRA NOTTE GARAGE IN FIAMME A FISTERRE<\/h3>\n<\/blockquote>\n<p><strong>BELLUNO<\/strong> I vigili del fuoco sono intervenuti\u00a0 a Fisterre Via Michele Cappellari per un incendio di un garage di un\u2019abitazione abbandonata. I pompieri arrivati da Belluno con un\u2019autopompa, un\u2019autobotte, un\u2019autoscala e 9 operatori, sono riusciti a circoscrivere e spegnere le fiamme, evitando l\u2019estensione del rogo alle strutture attigue. Sul posto i carabinieri e la polizia di stato. Le cause dell\u2019incendio sono al vaglio dei tecnici dei vigili del fuoco. Le operazioni di completo spegnimento e bonifica sono terminate alle 2:30.<\/p>\n\n\t\t\t<style type='text\/css'>\n\t\t\t\t#gallery-1 {\n\t\t\t\t\tmargin: auto;\n\t\t\t\t}\n\t\t\t\t#gallery-1 .gallery-item {\n\t\t\t\t\tfloat: left;\n\t\t\t\t\tmargin-top: 10px;\n\t\t\t\t\ttext-align: center;\n\t\t\t\t\twidth: 25%;\n\t\t\t\t}\n\t\t\t\t#gallery-1 img {\n\t\t\t\t\tborder: 2px solid #cfcfcf;\n\t\t\t\t}\n\t\t\t\t#gallery-1 .gallery-caption {\n\t\t\t\t\tmargin-left: 0;\n\t\t\t\t}\n\t\t\t\t\/* see gallery_shortcode() in wp-includes\/media.php *\/\n\t\t\t<\/style>\n\t\t<div id='gallery-1' class='dt-gallery-container gallery galleryid-298408 gallery-columns-4 gallery-size-thumbnail'><dl class='gallery-item'>\n\t\t\t\t<dt class='gallery-icon portrait'>\n\t\t\t\t\t<a class=\"rollover rollover-zoom dt-pswp-item\" title=\"aa43a58c-1da5-4b91-9f0b-11820e115f02\" data-dt-img-description=\"\" data-large_image_width=\"960\" data-large_image_height=\"1280\"href='https:\/\/www.radiopiu.net\/wordpress\/wp-content\/uploads\/2022\/09\/aa43a58c-1da5-4b91-9f0b-11820e115f02.jpg'><img loading=\"lazy\" decoding=\"async\" width=\"150\" height=\"150\" src=\"https:\/\/www.radiopiu.net\/wordpress\/wp-content\/uploads\/2022\/09\/aa43a58c-1da5-4b91-9f0b-11820e115f02-150x150.jpg\" class=\"attachment-thumbnail size-thumbnail\" alt=\"\" \/><\/a>\n\t\t\t\t<\/dt><\/dl><dl class='gallery-item'>\n\t\t\t\t<dt class='gallery-icon landscape'>\n\t\t\t\t\t<a class=\"rollover rollover-zoom dt-pswp-item\" title=\"c821b5b6-081a-4f9a-9011-8c893b5e0f12\" data-dt-img-description=\"\" data-large_image_width=\"1280\" data-large_image_height=\"960\"href='https:\/\/www.radiopiu.net\/wordpress\/wp-content\/uploads\/2022\/09\/c821b5b6-081a-4f9a-9011-8c893b5e0f12.jpg'><img loading=\"lazy\" decoding=\"async\" width=\"150\" height=\"150\" src=\"https:\/\/www.radiopiu.net\/wordpress\/wp-content\/uploads\/2022\/09\/c821b5b6-081a-4f9a-9011-8c893b5e0f12-150x150.jpg\" class=\"attachment-thumbnail size-thumbnail\" alt=\"\" \/><\/a>\n\t\t\t\t<\/dt><\/dl><dl class='gallery-item'>\n\t\t\t\t<dt class='gallery-icon landscape'>\n\t\t\t\t\t<a class=\"rollover rollover-zoom dt-pswp-item\" title=\"231ba1d3-cb2f-4dfc-ab34-306318c56dbe\" data-dt-img-description=\"\" data-large_image_width=\"1280\" data-large_image_height=\"924\"href='https:\/\/www.radiopiu.net\/wordpress\/wp-content\/uploads\/2022\/09\/231ba1d3-cb2f-4dfc-ab34-306318c56dbe.jpg'><img loading=\"lazy\" decoding=\"async\" width=\"150\" height=\"150\" src=\"https:\/\/www.radiopiu.net\/wordpress\/wp-content\/uploads\/2022\/09\/231ba1d3-cb2f-4dfc-ab34-306318c56dbe-150x150.jpg\" class=\"attachment-thumbnail size-thumbnail\" alt=\"\" \/><\/a>\n\t\t\t\t<\/dt><\/dl><dl class='gallery-item'>\n\t\t\t\t<dt class='gallery-icon landscape'>\n\t\t\t\t\t<a class=\"rollover rollover-zoom dt-pswp-item\" title=\"1ac23fc5-b615-4d5a-8368-3cb9c91b21c8\" data-dt-img-description=\"\" data-large_image_width=\"1142\" data-large_image_height=\"672\"href='https:\/\/www.radiopiu.net\/wordpress\/wp-content\/uploads\/2022\/09\/1ac23fc5-b615-4d5a-8368-3cb9c91b21c8.jpg'><img loading=\"lazy\" decoding=\"async\" width=\"150\" height=\"150\" src=\"https:\/\/www.radiopiu.net\/wordpress\/wp-content\/uploads\/2022\/09\/1ac23fc5-b615-4d5a-8368-3cb9c91b21c8-150x150.jpg\" class=\"attachment-thumbnail size-thumbnail\" alt=\"\" \/><\/a>\n\t\t\t\t<\/dt><\/dl><br style=\"clear: both\" \/>\n\t\t\t<\/div>\n\n<p>&nbsp;<\/p>\n<hr \/>\n<p>&nbsp;<\/p>\n<blockquote>\n<h3>CADE CON LA MOUNTAIN BIKE A CORTINA<\/h3>\n<\/blockquote>\n<p><strong>CORTINA<\/strong> Attorno alle 14.40 di ieri la Centrale del Suem ha allertato il Soccorso alpino di Cortina per un ragazzo caduto dalla mountain bike, lungo la pista di downhill del Bike Park di Socrepes. Una squadra del Soccorso alpino della Guardia di Finanza ha quindi raggiunto in fuoristrada il 27enne di Sansepolcro (AR), che aveva riportato un probabile trauma alla spalla ed era stato accompagnato alla fine del percorso, e lo ha trasportato all&#8217;ospedale.<\/p>\n<p>&nbsp;<\/p>\n<p>&nbsp;<\/p>\n<p>&nbsp;<\/p>\n<hr \/>\n<p>&nbsp;<\/p>\n<blockquote>\n<h3>LE TELECAMERE DI AGORA&#8217; IN DIRETTA DALLO STADIO ALVISE DE TONI DI ALLEGHE<\/h3>\n<\/blockquote>\n<p><strong>REDAZIONE<\/strong> Le telecamere di Agor\u00e0, il programma di approfondimento di Rai 3, sono entrate allo stadio Alvise De Toni di Alleghe. A richiamare l&#8217;attenzione del programma televisivo le ultime notizie riguardanti la chiusura del palaghiaccio per il caro energia. Sulla pista ghiacciata alleghese si sono alternati ai microfoni il sindaco di Alleghe Danilo De Toni, Il Presidente dell&#8217;Alleghe Hockey Adriano Levis e Mirko Mezzacasa direttore responsabile di Radio PI\u00f9. Il sindaco ha fatto vedere l&#8217;ultima bolletta di oltre 50 mila euro.<\/p>\n<p><strong>IL VIDEO<\/strong><\/p>\n<div style=\"width: 1200px;\" class=\"wp-video\"><video class=\"wp-video-shortcode\" id=\"video-298408-1\" width=\"1200\" height=\"675\" preload=\"metadata\" controls=\"controls\"><source type=\"video\/mp4\" src=\"https:\/\/www.radiopiu.net\/wordpress\/wp-content\/uploads\/2022\/09\/AGORA-ALLEGHE.mp4?_=1\" \/><a href=\"https:\/\/www.radiopiu.net\/wordpress\/wp-content\/uploads\/2022\/09\/AGORA-ALLEGHE.mp4\">https:\/\/www.radiopiu.net\/wordpress\/wp-content\/uploads\/2022\/09\/AGORA-ALLEGHE.mp4<\/a><\/video><\/div>\n<p>&nbsp;<\/p>\n<hr \/>\n<p>&nbsp;<\/p>\n<blockquote>\n<h2>PALAGHIACCIO DI FELTRE, REGIONE E CONI RISPONDONO ALL&#8217;APPELLO DEL COMUNE<\/h2>\n<\/blockquote>\n<p><img loading=\"lazy\" decoding=\"async\" class=\"alignleft\" src=\"https:\/\/www.radiopiu.net\/wordpress\/wp-content\/uploads\/2020\/03\/Palaghiaccio-drio-le-Rive.jpg\" width=\"209\" height=\"157\" \/><strong>FELTRE<\/strong> Regione Veneto e CONI rispondono \u201cpresente\u201d all\u2019appello lanciato pochi giorni fa dal Comune di Feltre, per mano dell\u2019assessore allo Sport, sulla delicata questione dei costi di gestione del palaghiaccio cittadino a seguito della preventivata \u201cesplosione\u201d dei prezzi dell\u2019energia. <em>\u201cDopo esserci pi\u00f9 volte confrontati con i gestori della cooperativa Elementa, nei giorni scorsi ho ritenuto opportuno e doveroso inviare una lettera al presidente della Provincia di Belluno, al presidente della Regione Veneto e all\u2019assessore allo Sport, nonch\u00e9 al Presidente nazionale del CONI Giovanni Malg\u00f2, per rappresentare loro lo scenario molto preoccupante che si va delineando\u201d, sottolinea l\u2019assessore allo sport del Comune di Feltre, che aggiunge: \u201cSono estremamente fiducioso e felice per le risposte che abbiamo ricevuto a stretto giro di posta. Il presidente della Regione ha dato indicazione all\u2019assessorato allo Sport di prendere subito in carico la questione, mentre anche da Roma il presidente del CONI ci ha fornito rassicurazioni sul fatto che il problema \u00e8 ben noto e non mancheranno in tal senso azioni coordinate anche con il prossimo governo\u201d. <\/em>Come noto, a seguito dell\u2019impennata dei costi energetici, la maggior spesa per la produzione di ghiaccio al Palafeltre \u00e8 preventivabile, per la prossima stagione invernale, in circa 340 mila euro. E questo, mentre alcuni impianti (Alleghe e Pieve di Cadore) hanno gi\u00e0 dichiarato l\u2019intenzione di chiudere e altri sembrano sul punto di farlo.<em> \u201cIn questo contesto difficilissimo, aggiunge l\u2019assessore allo Sport del Comune di Feltre, \u00e8 evidente che la nostra struttura cittadina assume ancor pi\u00f9 un ruolo comprensoriale che dobbiamo assolutamente salvaguardare per vitare che un intero settore sportivo ne possa risentire con conseguenze davvero preoccupanti. Confido che le rassicurazioni scritte gi\u00e0 raccolte siano il preambolo ad un impegno concreto di tutti gli enti coinvolti gi\u00e0 a breve termine\u201d.<\/em><\/p>\n<p>&nbsp;<\/p>\n<hr \/>\n<p>&nbsp;<\/p>\n<blockquote>\n<h3>ANNULLATA LA TAPPA DI COPPA DEL MONDO DI SKI CROSS AD ALLEGHE<\/h3>\n<\/blockquote>\n<p><strong><a class=\"dt-pswp-item\" href=\"https:\/\/www.radiopiu.net\/wordpress\/wp-content\/uploads\/2022\/09\/ski-cross.jpg\" data-dt-img-description=\"\" data-large_image_width=\"1080\" data-large_image_height=\"565\"><img loading=\"lazy\" decoding=\"async\" class=\" wp-image-298507 alignleft\" src=\"https:\/\/www.radiopiu.net\/wordpress\/wp-content\/uploads\/2022\/09\/ski-cross-300x157.jpg\" alt=\"\" width=\"185\" height=\"97\" srcset=\"https:\/\/www.radiopiu.net\/wordpress\/wp-content\/uploads\/2022\/09\/ski-cross-300x157.jpg 300w, https:\/\/www.radiopiu.net\/wordpress\/wp-content\/uploads\/2022\/09\/ski-cross-1024x536.jpg 1024w, https:\/\/www.radiopiu.net\/wordpress\/wp-content\/uploads\/2022\/09\/ski-cross-768x402.jpg 768w, https:\/\/www.radiopiu.net\/wordpress\/wp-content\/uploads\/2022\/09\/ski-cross.jpg 1080w\" sizes=\"auto, (max-width: 185px) 100vw, 185px\" \/><\/a>ALLEGHE <\/strong>Richiesta, assegnata a pieno titolo e poi rinunciata. Aveva fatto notizia l\u2019inserimento nel calendario di Coppa del Mondo di skicross della gara titolata dal 27 al 29 dicembre ad Alleghe. Una notizia che ha fatto \u201crumore\u201d nel comprensorio Ski Civetta, il pi\u00f9 grande del Veneto, parte integrante di Dolomiti Superski e famoso per i suoi 72 km di piste di ogni livello. Le gare di skicross del 27, 28 e 29 dicembre facevano parte di un progetto a pi\u00f9 largo respiro e di pi\u00f9 anni, anche per far conoscere maggiormente l\u2019offerta di Ski Civetta. Parliamo al passato, perch\u00e9 il Comitato Organizzatore dell\u2019Alleghe Skicross World Cup ha deciso per correttezza di informare gi\u00e0 per tempo la FIS della decisione, suo malgrado, di annullare le gare. La difficile e imprevedibile situazione energetica, ha consigliato di concentrare gli sforzi dei gestori del comprensorio sciistico sulla preparazione delle piste per lo sci turistico-sportivo e non agonistico. La realizzazione della pista di skicross comporterebbe una grossa produzione di neve programmata e lavori ad hoc per il tracciato fin dai primi giorni di dicembre. I costi di produzione neve e di gestione sono gi\u00e0 lievitati, e ancora non si sa fino a quanto potranno aumentare. Cos\u00ec, per salvaguardare l\u2019attivit\u00e0 dei tanti turisti attesi sulle piste di Alleghe \u00e8 stato deciso di declinare l\u2019invito della FIS per il 2022 spostando gli obiettivi al 2023, e di preparare al meglio la stagione garantendo, come consuetudine, piste in perfette condizioni per tutti, in tutta la ski area. Proprio alcuni giorni fa il segretario generale della Federazione Internazionale, Michel Vion, aveva avvertito che la FIS si aspetta pi\u00f9 di una cancellazione di grandi eventi, senza escludere i Campionati del Mondo, per i problemi legati ai costi dell\u2019energia e alla disponibilit\u00e0 d\u2019acqua. <em>(foto: fis-ski.com)<\/em><\/p>\n<p>&nbsp;<\/p>\n<hr \/>\n<p>&nbsp;<\/p>\n<blockquote>\n<h3>LA NUOVA VIABILITA&#8217; PER LUXOTTICA, 200 PARCHEGGI IN PIU&#8217;, CICLABILE NON PREVISTA AL MOMENTO<\/h3>\n<\/blockquote>\n<p><strong><a class=\"dt-pswp-item\" href=\"https:\/\/www.radiopiu.net\/wordpress\/wp-content\/uploads\/2022\/09\/0f194b45-b722-47cc-990f-c1b9a85547fb.jpg\" data-dt-img-description=\"\" data-large_image_width=\"977\" data-large_image_height=\"549\"><img loading=\"lazy\" decoding=\"async\" class=\" wp-image-298498 alignleft\" src=\"https:\/\/www.radiopiu.net\/wordpress\/wp-content\/uploads\/2022\/09\/0f194b45-b722-47cc-990f-c1b9a85547fb-300x169.jpg\" alt=\"\" width=\"174\" height=\"98\" srcset=\"https:\/\/www.radiopiu.net\/wordpress\/wp-content\/uploads\/2022\/09\/0f194b45-b722-47cc-990f-c1b9a85547fb-300x169.jpg 300w, https:\/\/www.radiopiu.net\/wordpress\/wp-content\/uploads\/2022\/09\/0f194b45-b722-47cc-990f-c1b9a85547fb-768x432.jpg 768w, https:\/\/www.radiopiu.net\/wordpress\/wp-content\/uploads\/2022\/09\/0f194b45-b722-47cc-990f-c1b9a85547fb.jpg 977w\" sizes=\"auto, (max-width: 174px) 100vw, 174px\" \/><\/a>AGORDO<\/strong> Chiara abita a Giove, la frazione di Agordo che si pu\u00f2 raggiungere solo dalla localit\u00e0 Valcozzena, zona industriale Luxottica. Alla redazione ci ha chiesto se c&#8217;\u00e8 traccia della pista ciclabile sui progetti della nuova variante alla viabilit\u00e0 principale. Da fonte sindacale apprendiamo che i\u00a0 lavori in localit\u00e0 Valcozzena termineranno il 31 ottobre. Al termine si conteranno 1500 posti auto, 200 in pi\u00f9 dopo i nuovi lavori. Nel caso in cui il Comune voglia fare una ciclopedonale dovr\u00e0 provvedere all&#8217;asfaltatura. Nel frattempo l&#8217;azienda ha incontrato la commissione trasporti della RSU Luxottica di Agordo. Oltre ai 200 parcheggi in pi\u00f9, ci sar\u00e0 lo spostamento dell&#8217;area dedicata alle due ruote che verr\u00e0 spostata verso il tornello a sud ampliandola con relativa doppia tettoia. Rester\u00e0 a disposizione delle maestranze l&#8217;area sterrata vicino all&#8217;ex edificio One Sight e alcuni parcheggi verranno realizzati con la colonnina per la ricarica di auto elettriche. Il progetto globale prevede anche una pista ciclopedonale ma sar\u00e0 realizzata in un secondo tempo dal Comune di Agordo, nel frattempo verranno effettuati dei lavori di preparazione.<\/p>\n<p>&nbsp;<\/p>\n<p>&nbsp;<\/p>\n<p>&nbsp;<\/p>\n<hr \/>\n<p>&nbsp;<\/p>\n<div class=\"page-title-head hgroup\">\n<blockquote>\n<h3 class=\"entry-title\">IL NUOVO PROGRAMMA DI ACQUISTO DI AZIONI PROPRIE DI ESSILORLUXOTTICA<\/h3>\n<\/blockquote>\n<\/div>\n<div class=\"page-title-breadcrumbs\"><strong><a class=\"dt-pswp-item\" href=\"https:\/\/www.radiopiu.net\/wordpress\/wp-content\/uploads\/2022\/09\/aaaa-15.jpg\" data-dt-img-description=\"\" data-large_image_width=\"309\" data-large_image_height=\"109\"><img loading=\"lazy\" decoding=\"async\" class=\" wp-image-298439 alignleft\" src=\"https:\/\/www.radiopiu.net\/wordpress\/wp-content\/uploads\/2022\/09\/aaaa-15-300x106.jpg\" alt=\"\" width=\"187\" height=\"66\" srcset=\"https:\/\/www.radiopiu.net\/wordpress\/wp-content\/uploads\/2022\/09\/aaaa-15-300x106.jpg 300w, https:\/\/www.radiopiu.net\/wordpress\/wp-content\/uploads\/2022\/09\/aaaa-15.jpg 309w\" sizes=\"auto, (max-width: 187px) 100vw, 187px\" \/><\/a>REDAZIONE<\/strong> EssilorLuxottica annuncia il lancio di un programma di acquisto di azioni proprie, segnale di fiducia della Societ\u00e0 nella sua capacit\u00e0 di creare valore e nelle sue prospettive di lungo periodo.<br \/>\nShopping (da ieri al 31 marzo) per \u00a0un massimo di un milione e mezzo di azioni destinate ad essere assegnate o trasferite ai dipendenti e ai dirigenti dell&#8217;azienda nel contesto di piani di compartecipazione agli utili, bonus e premi di performance basati su azioni, piani di stock option e di azionariato diffuso dei dipendenti.<\/div>\n<p>&nbsp;<\/p>\n<hr \/>\n<p>&nbsp;<\/p>\n<blockquote>\n<h3>IERI: FEDON E SOROPTIMIST PER IL 40ESIMO DI FONDAZIONE<\/h3>\n<\/blockquote>\n<p><strong><a class=\"dt-pswp-item\" href=\"https:\/\/www.radiopiu.net\/wordpress\/wp-content\/uploads\/2018\/11\/fedon-e1499089341320.jpg\" data-dt-img-description=\"\" data-large_image_width=\"781\" data-large_image_height=\"438\"><img loading=\"lazy\" decoding=\"async\" class=\"wp-image-66948 alignleft\" src=\"https:\/\/www.radiopiu.net\/wordpress\/wp-content\/uploads\/2018\/11\/fedon-e1499089341320-300x168.jpg\" alt=\"\" width=\"154\" height=\"86\" srcset=\"https:\/\/www.radiopiu.net\/wordpress\/wp-content\/uploads\/2018\/11\/fedon-e1499089341320-300x168.jpg 300w, https:\/\/www.radiopiu.net\/wordpress\/wp-content\/uploads\/2018\/11\/fedon-e1499089341320-768x431.jpg 768w, https:\/\/www.radiopiu.net\/wordpress\/wp-content\/uploads\/2018\/11\/fedon-e1499089341320.jpg 781w\" sizes=\"auto, (max-width: 154px) 100vw, 154px\" \/><\/a>BELLUNO<\/strong> Fedon ieri era al fianco dell\u2019associazione Soroptimist International Club di Belluno-Feltre per il suo quarantesimo anniversario, festeggiato con la mostra dal titolo MELUSINE&#8217;S POEM BUZZ. Omaggio a Dino Buzzati. Una trentina di sculture in bronzo patinato della scultrice italo lussemburghese Bettina Scholl Sabbatini.\u00a0 Soroptimist \u00e8 l\u2019associazione mondiale di donne impegnate in attivit\u00e0 professionali e manageriali che attraverso di essa realizzano progetti a sostegno dei diritti umani, delle donne, dell\u2019inclusione e dello sviluppo sostenibile, tematiche importanti e condivise da Fedon che negli ultimi anni ha sempre pi\u00f9 individuato nella sostenibilit\u00e0 e nelle sue svariate sfaccettature un asset aziendale strategico.<\/p>\n<p>&nbsp;<\/p>\n<p>&nbsp;<\/p>\n<p>&nbsp;<\/p>\n<hr \/>\n<p>&nbsp;<\/p>\n<blockquote>\n<h3>COME LIBERARSI DEL DIVANO CARICANDO I COSTI SULLA COMUNITA&#8217;<\/h3>\n<\/blockquote>\n<p><strong>LIVINALLONGO<\/strong> Ci sono diversi modi per liberarsi di un divano, l&#8217;unico corretto \u00e8 certamente quello di portarlo all&#8217;ecocentro. Quello meno ortodosso consiste invece nel caricare il vecchio amico della schiena sull&#8217;auto,\u00a0 oppure su\u00a0 un furgone, per poi abbandonarlo in un angolo pi\u00f9 o meno nascosto. A Cherz di Livinallongo c&#8217;\u00e8 chi \u00e8 andato oltre, il divano lo ha scaraventato a valle lungo un pendio. Nemmeno 50 anni fa c&#8217;era chi arrivava a tanto.\u00a0 Le\u00a0 sanzioni previste per gli incivili\u00a0 sono pesanti, meritate per chi\u00a0 abbandona nell\u2019ambiente rifiuti che vanno conferiti, peraltro gratuitamente, in ecocentro.<\/p>\n<p><em>&#8220;C\u2019\u00e8 l\u2019idiota che ha abbandonato il materasso &#8211; spiega il sindaco Leandro Grones &#8211; ma c\u2019\u00e8 anche chi &#8211; come l&#8217;assessore Gianni Palla &#8211;\u00a0 \u00a0lo ha recuperato e portato in strada per il successivo conferimento che avr\u00e0 dei costi, pur piccoli, a carico della collettivit\u00e0 fodoma&#8221;\u00a0<\/em><\/p>\n<p><strong>IL SINDACO LEANDRO GRONES<\/strong><\/p>\n<audio class=\"wp-audio-shortcode\" id=\"audio-298408-2\" preload=\"none\" style=\"width: 100%;\" controls=\"controls\"><source type=\"audio\/mpeg\" src=\"https:\/\/www.radiopiu.net\/wordpress\/wp-content\/uploads\/2022\/09\/LEANDRO.mp3?_=2\" \/><a href=\"https:\/\/www.radiopiu.net\/wordpress\/wp-content\/uploads\/2022\/09\/LEANDRO.mp3\">https:\/\/www.radiopiu.net\/wordpress\/wp-content\/uploads\/2022\/09\/LEANDRO.mp3<\/a><\/audio>\n<p>&nbsp;<\/p>\n\n\t\t\t<style type='text\/css'>\n\t\t\t\t#gallery-2 {\n\t\t\t\t\tmargin: auto;\n\t\t\t\t}\n\t\t\t\t#gallery-2 .gallery-item {\n\t\t\t\t\tfloat: left;\n\t\t\t\t\tmargin-top: 10px;\n\t\t\t\t\ttext-align: center;\n\t\t\t\t\twidth: 50%;\n\t\t\t\t}\n\t\t\t\t#gallery-2 img {\n\t\t\t\t\tborder: 2px solid #cfcfcf;\n\t\t\t\t}\n\t\t\t\t#gallery-2 .gallery-caption {\n\t\t\t\t\tmargin-left: 0;\n\t\t\t\t}\n\t\t\t\t\/* see gallery_shortcode() in wp-includes\/media.php *\/\n\t\t\t<\/style>\n\t\t<div id='gallery-2' class='dt-gallery-container gallery galleryid-298408 gallery-columns-2 gallery-size-thumbnail'><dl class='gallery-item'>\n\t\t\t\t<dt class='gallery-icon portrait'>\n\t\t\t\t\t<a class=\"rollover rollover-zoom dt-pswp-item\" title=\"66fae48e-b328-43c3-8791-124c5bac5daa\" data-dt-img-description=\"\" data-large_image_width=\"768\" data-large_image_height=\"1024\"href='https:\/\/www.radiopiu.net\/wordpress\/wp-content\/uploads\/2022\/09\/66fae48e-b328-43c3-8791-124c5bac5daa.jpg'><img loading=\"lazy\" decoding=\"async\" width=\"150\" height=\"150\" src=\"https:\/\/www.radiopiu.net\/wordpress\/wp-content\/uploads\/2022\/09\/66fae48e-b328-43c3-8791-124c5bac5daa-150x150.jpg\" class=\"attachment-thumbnail size-thumbnail\" alt=\"\" \/><\/a>\n\t\t\t\t<\/dt><\/dl><dl class='gallery-item'>\n\t\t\t\t<dt class='gallery-icon portrait'>\n\t\t\t\t\t<a class=\"rollover rollover-zoom dt-pswp-item\" title=\"378c3f63-9a60-41ad-b322-c9ad320126a6\" data-dt-img-description=\"\" data-large_image_width=\"463\" data-large_image_height=\"485\"href='https:\/\/www.radiopiu.net\/wordpress\/wp-content\/uploads\/2022\/09\/378c3f63-9a60-41ad-b322-c9ad320126a6.jpg'><img loading=\"lazy\" decoding=\"async\" width=\"150\" height=\"150\" src=\"https:\/\/www.radiopiu.net\/wordpress\/wp-content\/uploads\/2022\/09\/378c3f63-9a60-41ad-b322-c9ad320126a6-150x150.jpg\" class=\"attachment-thumbnail size-thumbnail\" alt=\"\" \/><\/a>\n\t\t\t\t<\/dt><\/dl><br style=\"clear: both\" \/>\n\t\t\t<\/div>\n\n<p>&nbsp;<\/p>\n<hr \/>\n<p>&nbsp;<\/p>\n<blockquote>\n<h3>GIRO D&#8217;ITALIA 2023, DUE GIORNI BELLUNESI<\/h3>\n<\/blockquote>\n<p><strong><a class=\"dt-pswp-item\" href=\"https:\/\/www.radiopiu.net\/wordpress\/wp-content\/uploads\/2021\/06\/Premiazione-Bogo-Giro-Under-23-Nevegal-1-scaled.jpg\" data-dt-img-description=\"\" data-large_image_width=\"2560\" data-large_image_height=\"1707\"><img loading=\"lazy\" decoding=\"async\" class=\"wp-image-215530 alignleft\" src=\"https:\/\/www.radiopiu.net\/wordpress\/wp-content\/uploads\/2021\/06\/Premiazione-Bogo-Giro-Under-23-Nevegal-1-300x200.jpg\" alt=\"\" width=\"162\" height=\"108\" srcset=\"https:\/\/www.radiopiu.net\/wordpress\/wp-content\/uploads\/2021\/06\/Premiazione-Bogo-Giro-Under-23-Nevegal-1-300x200.jpg 300w, https:\/\/www.radiopiu.net\/wordpress\/wp-content\/uploads\/2021\/06\/Premiazione-Bogo-Giro-Under-23-Nevegal-1-1024x683.jpg 1024w, https:\/\/www.radiopiu.net\/wordpress\/wp-content\/uploads\/2021\/06\/Premiazione-Bogo-Giro-Under-23-Nevegal-1-768x512.jpg 768w, https:\/\/www.radiopiu.net\/wordpress\/wp-content\/uploads\/2021\/06\/Premiazione-Bogo-Giro-Under-23-Nevegal-1-1536x1024.jpg 1536w, https:\/\/www.radiopiu.net\/wordpress\/wp-content\/uploads\/2021\/06\/Premiazione-Bogo-Giro-Under-23-Nevegal-1-2048x1365.jpg 2048w\" sizes=\"auto, (max-width: 162px) 100vw, 162px\" \/><\/a>REDAZIONE\u00a0<\/strong> Due giorni di grande ciclismo il\u00a0 25 maggio e\u00a0 26 maggio. Per il secondo anno di fila la corsa rosa si decider\u00e0 nel Bellunese. La corsa arriver\u00e0 in Veneto mercoled\u00ec 24 maggio con l&#8217;arrivo di Caorle, per poi proporre la Oderzo &#8211; Palafavera e la Longarone &#8211; Tre Cime di Lavaredo:\u00a0 tappa leggendaria e ben sei passi dolomitici. Dopo il doveroso omaggio al 60\u00b0 anniversario del Vajont a Longarone: Ponte nelle Alpi, Belluno, Agordo, Alleghe, Caprile e Arabba,\u00a0 Passo Campolongo, Val Parol, Falzarego, Passo Giau, Cortina, Passo Tre Croci e quindi Misurina e Tre Cime di Lavaredo<\/p>\n<p>&nbsp;<\/p>\n<p>&nbsp;<\/p>\n<hr \/>\n<p>&nbsp;<\/p>\n<blockquote>\n<h3>QUELLA SCRITTA CHE TANTO FA PARLARE<\/h3>\n<\/blockquote>\n<p><strong>FALCADE<\/strong> Chiara Bertotto ha riportato un post e una foto: &#8220;Una partenza, non importa per quale scopo, porta sempre con se un po\u2019 di tristezza, un ultimo saluto, un ultimo pensiero, molti non lo noteranno nemmeno ma scalder\u00e0 il cuore alla persona a cui \u00e8 dedicato\u2026&#8221; Il riferimento alla scritta che compare sul primo tornante della strada che da Falcade sale al San Pellegrino. Da decenni quella scritta impera sul muro di contenimento. C&#8217;\u00e8 chi la ricorda fin dagli anni ottanta, ogni tanto viene rinfrescata. Sulla pagina facebook &#8220;Sei di Falcade&#8221; commenti e ricordi. Qualcuno\u00a0 ricorda anche un nome &#8220;Rosy&#8221; che sarebbe comparso nella prima scrittura, molti altri ricordano &#8220;Roby&#8221; \u00e8 ovvia la successiva curiosit\u00e0:\u00a0 chi \u00e8 Roby? Anch&#8217;io ricordo quel Roby, fin dagli anni Ottanta quando si saliva un paio di volte la settimana il Passo per seguire nelle trasferte in Alto Adige, Val di Fassa e Fiemme l&#8217;Alleghe Hockey. Avevo sempre pensato fosse l&#8217;amico&#8230;della mia amica, che partiva per lavoro una volta all&#8217;anno.<\/p>\n<h1><strong><span style=\"color: #0000ff;\"><a style=\"color: #0000ff;\" href=\"https:\/\/www.facebook.com\/photo\/?fbid=8360495730627251&amp;set=gm.5585781098132919&amp;idorvanity=696601703717574\">CLICCA QUI<\/a><\/span><\/strong><\/h1>\n<p>&nbsp;<\/p>\n<p><a class=\"dt-pswp-item\" href=\"https:\/\/www.radiopiu.net\/wordpress\/wp-content\/uploads\/2022\/09\/303243044_8360495717293919_6915105472520345340_n.jpg\" data-dt-img-description=\"\" data-large_image_width=\"822\" data-large_image_height=\"540\"><img loading=\"lazy\" decoding=\"async\" class=\"alignnone size-medium wp-image-298557\" src=\"https:\/\/www.radiopiu.net\/wordpress\/wp-content\/uploads\/2022\/09\/303243044_8360495717293919_6915105472520345340_n-300x197.jpg\" alt=\"\" width=\"300\" height=\"197\" srcset=\"https:\/\/www.radiopiu.net\/wordpress\/wp-content\/uploads\/2022\/09\/303243044_8360495717293919_6915105472520345340_n-300x197.jpg 300w, https:\/\/www.radiopiu.net\/wordpress\/wp-content\/uploads\/2022\/09\/303243044_8360495717293919_6915105472520345340_n-768x505.jpg 768w, https:\/\/www.radiopiu.net\/wordpress\/wp-content\/uploads\/2022\/09\/303243044_8360495717293919_6915105472520345340_n.jpg 822w\" sizes=\"auto, (max-width: 300px) 100vw, 300px\" \/><\/a><\/p>\n<p>&nbsp;<\/p>\n<p>&nbsp;<\/p>\n<hr \/>\n<p>&nbsp;<\/p>\n<blockquote>\n<h3><strong><a class=\"dt-pswp-item\" href=\"https:\/\/www.radiopiu.net\/wordpress\/wp-content\/uploads\/2022\/09\/20bf397d-2354-42bb-9ccf-a54b1d4b2fcd.jpg\" data-dt-img-description=\"\" data-large_image_width=\"725\" data-large_image_height=\"1024\"><img loading=\"lazy\" decoding=\"async\" class=\"alignleft wp-image-297327 \" src=\"https:\/\/www.radiopiu.net\/wordpress\/wp-content\/uploads\/2022\/09\/20bf397d-2354-42bb-9ccf-a54b1d4b2fcd-212x300.jpg\" alt=\"\" width=\"145\" height=\"205\" srcset=\"https:\/\/www.radiopiu.net\/wordpress\/wp-content\/uploads\/2022\/09\/20bf397d-2354-42bb-9ccf-a54b1d4b2fcd-212x300.jpg 212w, https:\/\/www.radiopiu.net\/wordpress\/wp-content\/uploads\/2022\/09\/20bf397d-2354-42bb-9ccf-a54b1d4b2fcd.jpg 725w\" sizes=\"auto, (max-width: 145px) 100vw, 145px\" \/><\/a><\/strong>A FALCADE TRE GIORNI CON LA DESMONTEGADA<\/h3>\n<\/blockquote>\n<p><span style=\"color: #ff0000;\"><strong>lo speciale alla RADIO<\/strong><\/span><\/p>\n<p><strong>di Claudio Fontanive<\/strong><\/p>\n<p><strong><strong class=\"photoswipe-wrapper\">FALCADE <\/strong><\/strong>Saranno tre giorni di festa a Falcade nel fine settimana del 23-24 e 25 settembre. <span style=\"color: #ff0000;\">OGGI<\/span> dalle 11 il passaggio per le vie del centro storico di Falcade del bestiame che ritorna dalle malghe, alle 12 piatti tipici sotto al tendone e musica con la Banda di Liesing. Alle 14:30 l\u2019incontro con i malgari, 16 la scota e musica con la banda di Forni Avoltri. Sotto al tendone Musica con CiccioBanda Street Band e dalle 18 cena con piatti tipici. Alle 21 musica con Koa Quintet.<span style=\"color: #ff0000;\"> DOMANI<\/span> alle 10 canzoni e spiegazioni geologiche con Leggende delle Dolomiti, dalle 12 pranzo con toro allo spiedo e intrattenimento con la Banda da Fodom. Nel pomeriggio alle 14:30 sfilata ed esibizioni dei gruppi folk agordini e dalle 17:30 fino a chiusura tendone musica con i Prestazione Occasionale.<\/p>\n<p>AUDIO<\/p>\n<audio class=\"wp-audio-shortcode\" id=\"audio-298408-3\" preload=\"none\" style=\"width: 100%;\" controls=\"controls\"><source type=\"audio\/mpeg\" src=\"https:\/\/www.radiopiu.net\/wordpress\/wp-content\/uploads\/2022\/09\/se-desmonteghea-intervista-1.mp3?_=3\" \/><a href=\"https:\/\/www.radiopiu.net\/wordpress\/wp-content\/uploads\/2022\/09\/se-desmonteghea-intervista-1.mp3\">https:\/\/www.radiopiu.net\/wordpress\/wp-content\/uploads\/2022\/09\/se-desmonteghea-intervista-1.mp3<\/a><\/audio>\n<p>&nbsp;<\/p>\n<p>&nbsp;<\/p>\n<p>&nbsp;<\/p>\n<hr \/>\n<p>&nbsp;<\/p>\n<p>&nbsp;<\/p>\n<blockquote>\n<h3><a class=\"dt-pswp-item\" href=\"https:\/\/www.radiopiu.net\/wordpress\/wp-content\/uploads\/2018\/07\/villa-patt.jpg\" data-dt-img-description=\"\" data-large_image_width=\"5312\" data-large_image_height=\"2988\"><img loading=\"lazy\" decoding=\"async\" class=\"wp-image-53095 alignleft\" src=\"https:\/\/www.radiopiu.net\/wordpress\/wp-content\/uploads\/2018\/07\/villa-patt-300x169.jpg\" alt=\"\" width=\"190\" height=\"107\" srcset=\"https:\/\/www.radiopiu.net\/wordpress\/wp-content\/uploads\/2018\/07\/villa-patt-300x169.jpg 300w, https:\/\/www.radiopiu.net\/wordpress\/wp-content\/uploads\/2018\/07\/villa-patt-768x432.jpg 768w, https:\/\/www.radiopiu.net\/wordpress\/wp-content\/uploads\/2018\/07\/villa-patt-1024x576.jpg 1024w\" sizes=\"auto, (max-width: 190px) 100vw, 190px\" \/><\/a>MOSTRA MERCATO A VILLA PATT DI SEDICO<\/h3>\n<\/blockquote>\n<p><span style=\"color: #ff0000;\"><strong>lo speciale alla RADIO<\/strong><\/span><\/p>\n<p><strong>di\u00a0 CLAUDIO FONTANIVE\u00a0<\/strong><\/p>\n<p><strong>SEDICO <\/strong>Oggi e domani torna a Villa Patt di Sedico la mostra mercato, colori sapori e profumi d\u2019autunno. Esposizione di prodotti agricoli, hobbistica e artigianato, mostra bonsai e mostra micologica. <span style=\"color: #ff0000;\">Oggi<\/span> alle 10, pranzo con piatti tipici bellunesi e cena con polenta e schiz. Alle 20:30 lo spettacolo teatrale \u201cNoi che\u201d. <span style=\"color: #ff0000;\">Domani<\/span>\u00a0 dalle 9 alle 12:30 il convegno Alpi Dolomiti, dalle 10 l\u2019apertura del mercato e il battesimo della sella con i cavalli. alle 12 apertura dello stad gastronomico con piatti tipici e polenta e cervo. Chiusura della mostra mercato alle 19.<\/p>\n<p>AUDIO<\/p>\n<audio class=\"wp-audio-shortcode\" id=\"audio-298408-4\" preload=\"none\" style=\"width: 100%;\" controls=\"controls\"><source type=\"audio\/mpeg\" src=\"https:\/\/www.radiopiu.net\/wordpress\/wp-content\/uploads\/2022\/09\/claudio-mezzavilla-sedico.mp3?_=4\" \/><a href=\"https:\/\/www.radiopiu.net\/wordpress\/wp-content\/uploads\/2022\/09\/claudio-mezzavilla-sedico.mp3\">https:\/\/www.radiopiu.net\/wordpress\/wp-content\/uploads\/2022\/09\/claudio-mezzavilla-sedico.mp3<\/a><\/audio>\n<p>&nbsp;<\/p>\n<p>&nbsp;<\/p>\n<hr \/>\n<p>&nbsp;<\/p>\n<blockquote>\n<h2><strong>CASEUS: TRA UNA SETTIMANA 20 FORMAGGI BELLUNESI IN MOSTRA <\/strong><\/h2>\n<\/blockquote>\n<p><strong><a class=\"dt-pswp-item\" href=\"https:\/\/www.radiopiu.net\/wordpress\/wp-content\/uploads\/2022\/05\/FORMAGGIO.png\" data-dt-img-description=\"\" data-large_image_width=\"944\" data-large_image_height=\"876\"><img loading=\"lazy\" decoding=\"async\" class=\"wp-image-275282 alignleft\" src=\"https:\/\/www.radiopiu.net\/wordpress\/wp-content\/uploads\/2022\/05\/FORMAGGIO-300x278.png\" alt=\"\" width=\"139\" height=\"129\" srcset=\"https:\/\/www.radiopiu.net\/wordpress\/wp-content\/uploads\/2022\/05\/FORMAGGIO-300x278.png 300w, https:\/\/www.radiopiu.net\/wordpress\/wp-content\/uploads\/2022\/05\/FORMAGGIO-768x713.png 768w, https:\/\/www.radiopiu.net\/wordpress\/wp-content\/uploads\/2022\/05\/FORMAGGIO.png 944w\" sizes=\"auto, (max-width: 139px) 100vw, 139px\" \/><\/a>BELLUNO<\/strong> Caseus\u00a0 sar\u00e0 un appuntamento dove il comparto caseario si mostra in tutta la sua arte, cultura e sapore, \u00a0sabato 1 e domenica 2 ottobre a Villa Contarini di Piazzola sul Brenta (Padova). Salgono a 511 i formaggi totali iscritti all\u2019evento, di questi sono 394 le produzioni che partecipano al concorso Casues Veneti, premier\u00e0 i 39 prodotti caseari pi\u00f9 meritevoli della Regione, tante sono le eccellenze venete tra stagionature, lavorazioni e affinamenti. Tra i partecipanti 20 formaggi Bellunesi, 35 formaggi padovani, 156 formaggi trevigiani, 18 formaggi veneziani, 124 formaggi vicentini e 41 formaggi veronesi. Sono, invece, 117 i formaggi iscritti al 4\u00b0 Concorso dei Formaggi di Fattoria<\/p>\n<p>&nbsp;<\/p>\n<p>&nbsp;<\/p>\n<p>&nbsp;<\/p>\n<p>&nbsp;<\/p>\n<hr \/>\n<p>&nbsp;<\/p>\n<blockquote>\n<h3>I PRIMI VENT&#8217;ANNI DEL CIRCOLO AUSER COL BEL DI TISER<\/h3>\n<\/blockquote>\n<p><a class=\"dt-pswp-item\" href=\"https:\/\/www.radiopiu.net\/wordpress\/wp-content\/uploads\/2022\/01\/pp.jpg\" data-dt-img-description=\"VALTER TODESCO\" data-large_image_width=\"640\" data-large_image_height=\"640\"><img loading=\"lazy\" decoding=\"async\" class=\" wp-image-252480 alignleft\" src=\"https:\/\/www.radiopiu.net\/wordpress\/wp-content\/uploads\/2022\/01\/pp-300x300.jpg\" alt=\"\" width=\"220\" height=\"220\" srcset=\"https:\/\/www.radiopiu.net\/wordpress\/wp-content\/uploads\/2022\/01\/pp-300x300.jpg 300w, https:\/\/www.radiopiu.net\/wordpress\/wp-content\/uploads\/2022\/01\/pp-150x150.jpg 150w, https:\/\/www.radiopiu.net\/wordpress\/wp-content\/uploads\/2022\/01\/pp.jpg 640w\" sizes=\"auto, (max-width: 220px) 100vw, 220px\" \/><\/a><\/p>\n<p><b>\u00a0GOSALDO\u00a0 <\/b>Oltre 300 iscritti per un&#8217;associazione importante anti spopolamento. E&#8217; l&#8217;Auser Col Bel di Tiser fondata del 2002 grazie all&#8217;impegno di Angelo Torrassa mancato poco prima del taglio del nastro.\u00a0 Lo ricorda l&#8217;attuale Presidente Valter Todesco, con lui parliamo delle iniziative in corso e anche del compleanno.<\/p>\n<p>&nbsp;<\/p>\n<p><strong>AUDIO<\/strong><\/p>\n<audio class=\"wp-audio-shortcode\" id=\"audio-298408-5\" preload=\"none\" style=\"width: 100%;\" controls=\"controls\"><source type=\"audio\/mpeg\" src=\"https:\/\/www.radiopiu.net\/wordpress\/wp-content\/uploads\/2021\/01\/VALTER-TODESCO-COL-BEL.mp3?_=5\" \/><a href=\"https:\/\/www.radiopiu.net\/wordpress\/wp-content\/uploads\/2021\/01\/VALTER-TODESCO-COL-BEL.mp3\">https:\/\/www.radiopiu.net\/wordpress\/wp-content\/uploads\/2021\/01\/VALTER-TODESCO-COL-BEL.mp3<\/a><\/audio>\n<p>&nbsp;<\/p>\n<p>&nbsp;<\/p>\n<hr \/>\n<blockquote>\n<h3><\/h3>\n<h3>ANCHE L&#8217;AUSER IMPEGNATO NELLA GARA DI SOLIDARIETA&#8217; PER LE POPOLAZIONI ALLUVIONATE<\/h3>\n<\/blockquote>\n<p><strong>BELLUNO<\/strong> L&#8217;<span dir=\"ltr\" role=\"presentation\">Auser Nazionale unitamente ad Auser Marche, ha aperto una campagna di <\/span><span dir=\"ltr\" role=\"presentation\">Raccolta Fondi a<\/span><span dir=\"ltr\" role=\"presentation\"> sostegno delle popolazioni coinvolte<\/span><span dir=\"ltr\" role=\"presentation\">. <\/span><span dir=\"ltr\" role=\"presentation\">E\u2019 stato attivato un conto corrente dedicato nel quale far confluire le sottoscrizioni:\u00a0 <\/span><span dir=\"ltr\" role=\"presentation\">IBAN IT 82 I 01030 03201 000002810732 Intestato a Auser ODV Federazione Nazionale <\/span><span dir=\"ltr\" role=\"presentation\">con causale \u201cRaccolta fondi popolazioni alluvionate Marche\u201d<\/span><\/p>\n<blockquote><p>&nbsp;<\/p><\/blockquote>\n<p>&nbsp;<\/p>\n<hr \/>\n<p>&nbsp;<\/p>\n<p><a class=\"dt-pswp-item\" href=\"https:\/\/www.radiopiu.net\/wordpress\/wp-content\/uploads\/2022\/09\/5fe65d9e-4b4c-4158-b308-606ce9d6d5c2.jpg\" data-dt-img-description=\"\" data-large_image_width=\"800\" data-large_image_height=\"800\"><img loading=\"lazy\" decoding=\"async\" class=\"size-medium wp-image-298502 aligncenter\" src=\"https:\/\/www.radiopiu.net\/wordpress\/wp-content\/uploads\/2022\/09\/5fe65d9e-4b4c-4158-b308-606ce9d6d5c2-300x300.jpg\" alt=\"\" width=\"300\" height=\"300\" srcset=\"https:\/\/www.radiopiu.net\/wordpress\/wp-content\/uploads\/2022\/09\/5fe65d9e-4b4c-4158-b308-606ce9d6d5c2-300x300.jpg 300w, https:\/\/www.radiopiu.net\/wordpress\/wp-content\/uploads\/2022\/09\/5fe65d9e-4b4c-4158-b308-606ce9d6d5c2-150x150.jpg 150w, https:\/\/www.radiopiu.net\/wordpress\/wp-content\/uploads\/2022\/09\/5fe65d9e-4b4c-4158-b308-606ce9d6d5c2-768x768.jpg 768w, https:\/\/www.radiopiu.net\/wordpress\/wp-content\/uploads\/2022\/09\/5fe65d9e-4b4c-4158-b308-606ce9d6d5c2.jpg 800w\" sizes=\"auto, (max-width: 300px) 100vw, 300px\" \/><\/a><\/p>\n<p>&nbsp;<\/p>\n<blockquote class=\"wp-embedded-content\" data-secret=\"GtUXdH9X1B\"><p><a href=\"https:\/\/www.radiopiu.net\/wordpress\/aziendazerosettembre23\/\">NELLE TERAPIE INTENSIVE DEL VENETO RIMANGONO 20 PAZIENTI COVID. DUE I DECESSI NELLE 24 ORE<\/a><\/p><\/blockquote>\n<p><iframe loading=\"lazy\" class=\"wp-embedded-content\" sandbox=\"allow-scripts\" security=\"restricted\" style=\"position: absolute; clip: rect(1px, 1px, 1px, 1px);\" title=\"&#8220;NELLE TERAPIE INTENSIVE DEL VENETO RIMANGONO 20 PAZIENTI COVID. DUE I DECESSI NELLE 24 ORE&#8221; &#8212; Radio Pi\u00f9\" src=\"https:\/\/www.radiopiu.net\/wordpress\/aziendazerosettembre23\/embed\/#?secret=Hdro7NlLcm#?secret=GtUXdH9X1B\" data-secret=\"GtUXdH9X1B\" width=\"600\" height=\"338\" frameborder=\"0\" marginwidth=\"0\" marginheight=\"0\" scrolling=\"no\"><\/iframe><\/p>\n<p>&nbsp;<\/p>\n<h2>I GRAFICI DI TIZIANO DE COL<\/h2>\n\n\t\t\t<style type='text\/css'>\n\t\t\t\t#gallery-3 {\n\t\t\t\t\tmargin: auto;\n\t\t\t\t}\n\t\t\t\t#gallery-3 .gallery-item {\n\t\t\t\t\tfloat: left;\n\t\t\t\t\tmargin-top: 10px;\n\t\t\t\t\ttext-align: center;\n\t\t\t\t\twidth: 33%;\n\t\t\t\t}\n\t\t\t\t#gallery-3 img {\n\t\t\t\t\tborder: 2px solid #cfcfcf;\n\t\t\t\t}\n\t\t\t\t#gallery-3 .gallery-caption {\n\t\t\t\t\tmargin-left: 0;\n\t\t\t\t}\n\t\t\t\t\/* see gallery_shortcode() in wp-includes\/media.php *\/\n\t\t\t<\/style>\n\t\t<div id='gallery-3' class='dt-gallery-container gallery galleryid-298408 gallery-columns-3 gallery-size-thumbnail'><dl class='gallery-item'>\n\t\t\t\t<dt class='gallery-icon landscape'>\n\t\t\t\t\t<a class=\"rollover rollover-zoom dt-pswp-item\" title=\"2edac460-3619-458a-8af1-86fd991929cf\" data-dt-img-description=\"\" data-large_image_width=\"589\" data-large_image_height=\"358\"href='https:\/\/www.radiopiu.net\/wordpress\/wp-content\/uploads\/2022\/09\/2edac460-3619-458a-8af1-86fd991929cf.jpg'><img loading=\"lazy\" decoding=\"async\" width=\"150\" height=\"150\" src=\"https:\/\/www.radiopiu.net\/wordpress\/wp-content\/uploads\/2022\/09\/2edac460-3619-458a-8af1-86fd991929cf-150x150.jpg\" class=\"attachment-thumbnail size-thumbnail\" alt=\"\" \/><\/a>\n\t\t\t\t<\/dt><\/dl><dl class='gallery-item'>\n\t\t\t\t<dt class='gallery-icon landscape'>\n\t\t\t\t\t<a class=\"rollover rollover-zoom dt-pswp-item\" title=\"619b4f91-5fc4-4b16-826a-341239265660\" data-dt-img-description=\"\" data-large_image_width=\"611\" data-large_image_height=\"362\"href='https:\/\/www.radiopiu.net\/wordpress\/wp-content\/uploads\/2022\/09\/619b4f91-5fc4-4b16-826a-341239265660.jpg'><img loading=\"lazy\" decoding=\"async\" width=\"150\" height=\"150\" src=\"https:\/\/www.radiopiu.net\/wordpress\/wp-content\/uploads\/2022\/09\/619b4f91-5fc4-4b16-826a-341239265660-150x150.jpg\" class=\"attachment-thumbnail size-thumbnail\" alt=\"\" \/><\/a>\n\t\t\t\t<\/dt><\/dl><dl class='gallery-item'>\n\t\t\t\t<dt class='gallery-icon landscape'>\n\t\t\t\t\t<a class=\"rollover rollover-zoom dt-pswp-item\" title=\"1cc333ec-9934-44ad-8c42-77c03bbfa891\" data-dt-img-description=\"\" data-large_image_width=\"614\" data-large_image_height=\"365\"href='https:\/\/www.radiopiu.net\/wordpress\/wp-content\/uploads\/2022\/09\/1cc333ec-9934-44ad-8c42-77c03bbfa891.jpg'><img loading=\"lazy\" decoding=\"async\" width=\"150\" height=\"150\" src=\"https:\/\/www.radiopiu.net\/wordpress\/wp-content\/uploads\/2022\/09\/1cc333ec-9934-44ad-8c42-77c03bbfa891-150x150.jpg\" class=\"attachment-thumbnail size-thumbnail\" alt=\"\" \/><\/a>\n\t\t\t\t<\/dt><\/dl><br style=\"clear: both\" \/><dl class='gallery-item'>\n\t\t\t\t<dt class='gallery-icon landscape'>\n\t\t\t\t\t<a class=\"rollover rollover-zoom dt-pswp-item\" title=\"e726761d-5783-40b0-a119-c0659b4d8942\" data-dt-img-description=\"\" data-large_image_width=\"602\" data-large_image_height=\"364\"href='https:\/\/www.radiopiu.net\/wordpress\/wp-content\/uploads\/2022\/09\/e726761d-5783-40b0-a119-c0659b4d8942.jpg'><img loading=\"lazy\" decoding=\"async\" width=\"150\" height=\"150\" src=\"https:\/\/www.radiopiu.net\/wordpress\/wp-content\/uploads\/2022\/09\/e726761d-5783-40b0-a119-c0659b4d8942-150x150.jpg\" class=\"attachment-thumbnail size-thumbnail\" alt=\"\" \/><\/a>\n\t\t\t\t<\/dt><\/dl><dl class='gallery-item'>\n\t\t\t\t<dt class='gallery-icon landscape'>\n\t\t\t\t\t<a class=\"rollover rollover-zoom dt-pswp-item\" title=\"1c672bdf-6802-4682-8d86-5c276d8e359d\" data-dt-img-description=\"\" data-large_image_width=\"612\" data-large_image_height=\"361\"href='https:\/\/www.radiopiu.net\/wordpress\/wp-content\/uploads\/2022\/09\/1c672bdf-6802-4682-8d86-5c276d8e359d.jpg'><img loading=\"lazy\" decoding=\"async\" width=\"150\" height=\"150\" src=\"https:\/\/www.radiopiu.net\/wordpress\/wp-content\/uploads\/2022\/09\/1c672bdf-6802-4682-8d86-5c276d8e359d-150x150.jpg\" class=\"attachment-thumbnail size-thumbnail\" alt=\"\" \/><\/a>\n\t\t\t\t<\/dt><\/dl><dl class='gallery-item'>\n\t\t\t\t<dt class='gallery-icon landscape'>\n\t\t\t\t\t<a class=\"rollover rollover-zoom dt-pswp-item\" title=\"8907dd4d-e1d7-42d8-a459-efd4ed7cc984\" data-dt-img-description=\"\" data-large_image_width=\"614\" data-large_image_height=\"356\"href='https:\/\/www.radiopiu.net\/wordpress\/wp-content\/uploads\/2022\/09\/8907dd4d-e1d7-42d8-a459-efd4ed7cc984.jpg'><img loading=\"lazy\" decoding=\"async\" width=\"150\" height=\"150\" src=\"https:\/\/www.radiopiu.net\/wordpress\/wp-content\/uploads\/2022\/09\/8907dd4d-e1d7-42d8-a459-efd4ed7cc984-150x150.jpg\" class=\"attachment-thumbnail size-thumbnail\" alt=\"\" \/><\/a>\n\t\t\t\t<\/dt><\/dl><br style=\"clear: both\" \/>\n\t\t\t<\/div>\n\n<p>&nbsp;<\/p>\n<p>&nbsp;<\/p>\n<p>&nbsp;<\/p>\n<hr \/>\n<p>&nbsp;<\/p>\n<blockquote>\n<h3>GIORNATA DELLA LINGUA DEI SEGNI: VIDEO INFORMATIVI TRADOTTI IN LINGUA DEI SEGNI<\/h3>\n<\/blockquote>\n<p><strong><a class=\"dt-pswp-item\" href=\"https:\/\/www.radiopiu.net\/wordpress\/wp-content\/uploads\/2021\/03\/ULSS-1.jpg\" data-dt-img-description=\"\" data-large_image_width=\"776\" data-large_image_height=\"408\"><img loading=\"lazy\" decoding=\"async\" class=\"wp-image-198838 alignleft\" src=\"https:\/\/www.radiopiu.net\/wordpress\/wp-content\/uploads\/2021\/03\/ULSS-1-300x158.jpg\" alt=\"\" width=\"161\" height=\"85\" srcset=\"https:\/\/www.radiopiu.net\/wordpress\/wp-content\/uploads\/2021\/03\/ULSS-1-300x158.jpg 300w, https:\/\/www.radiopiu.net\/wordpress\/wp-content\/uploads\/2021\/03\/ULSS-1-768x404.jpg 768w, https:\/\/www.radiopiu.net\/wordpress\/wp-content\/uploads\/2021\/03\/ULSS-1.jpg 776w\" sizes=\"auto, (max-width: 161px) 100vw, 161px\" \/><\/a>BELLUNO <\/strong>Come accedere al Pronto Soccorso? Come prenotare le visite? Come richiedere le impegnative di cura domiciliare? L\u2019Ulss Dolomiti, nell\u2019ambito di un pi\u00f9 ampio progetto regionale, ha realizzato e pubblicato dei video informativi tradotti in lingua dei segni per favorire l\u2019accesso alle strutture delle persone sorde. La tecnologia, infatti aiuta a superare le barriere. Il servizio di video-interpretariato garantito da VEASYT Live!, spinoff dell\u2019Universit\u00e0 Ca\u2019 Foscari Venezia, permette di fruire dell\u2019interprete di LIS da computer, tablet o smartphone in videochiamata. Dalla richiesta di necessit\u00e0 del servizio, il video-interprete risponde entro pochi secondi ed \u00e8 immediatamente disponibile a supportare il dialogo medico-paziente sordo. Considerate le particolari caratteristiche del territorio bellunese, fornire un servizio di video-interpretariato da remoto significa abbattere le barriere organizzative dell\u2019interpretariato LIS e accorciare le distanze, continuando a garantire qualit\u00e0 e professionalit\u00e0. Questo \u00e8 possibile grazie all\u2019applicazione di innovazioni tecnologiche in ambito socio-linguistico. I temi affrontati nei messaggi informativi, pubblicati al link <a href=\"https:\/\/regioneveneto.veasyt.com\/aulss1-videoinformativi\">https:\/\/regioneveneto.veasyt.com\/aulss1-videoinformativi<\/a><\/p>\n<p>&nbsp;<\/p>\n<hr \/>\n<p>&nbsp;<\/p>\n<blockquote>\n<h3>I NUOVI PERCORSI LIS DEL MIM BELLUNESE<\/h3>\n<\/blockquote>\n<p><strong><a class=\"dt-pswp-item\" href=\"https:\/\/www.radiopiu.net\/wordpress\/wp-content\/uploads\/2022\/09\/MIM_LIS_PERCORSO.jpeg\" data-dt-img-description=\"\" data-large_image_width=\"2016\" data-large_image_height=\"1134\"><img loading=\"lazy\" decoding=\"async\" class=\"wp-image-298504 alignleft\" src=\"https:\/\/www.radiopiu.net\/wordpress\/wp-content\/uploads\/2022\/09\/MIM_LIS_PERCORSO-300x169.jpeg\" alt=\"\" width=\"170\" height=\"96\" srcset=\"https:\/\/www.radiopiu.net\/wordpress\/wp-content\/uploads\/2022\/09\/MIM_LIS_PERCORSO-300x169.jpeg 300w, https:\/\/www.radiopiu.net\/wordpress\/wp-content\/uploads\/2022\/09\/MIM_LIS_PERCORSO-1024x576.jpeg 1024w, https:\/\/www.radiopiu.net\/wordpress\/wp-content\/uploads\/2022\/09\/MIM_LIS_PERCORSO-768x432.jpeg 768w, https:\/\/www.radiopiu.net\/wordpress\/wp-content\/uploads\/2022\/09\/MIM_LIS_PERCORSO-1536x864.jpeg 1536w, https:\/\/www.radiopiu.net\/wordpress\/wp-content\/uploads\/2022\/09\/MIM_LIS_PERCORSO.jpeg 2016w\" sizes=\"auto, (max-width: 170px) 100vw, 170px\" \/><\/a>BELLUNO<\/strong>\u00a0 Il MiM Belluno, Museo interattivo delle Migrazioni (museo di propriet\u00e0 dell\u2019Associazione Bellunesi nel Mondo) da questa settimana propone anche i percorsi in LIS (Lingua Italiana dei Segni) con le guide virtuali Laura Fedeli e Laura Volpato. Percorsi grazie ai quali anche le persone sorde possono vivere un\u2019esperienza di visita al museo in totale autonomia, ma senza rinunciare alle informazioni e ai consigli che potrebbe fornire l\u2019accompagnamento di una guida in carne ed ossa.<\/p>\n<p>&nbsp;<\/p>\n<p>&nbsp;<\/p>\n<hr \/>\n<p>&nbsp;<\/p>\n<blockquote>\n<h3>DONNE E MENOPAUSA: INCONTRO PER LA GIORNATA MONDIALE DEL CUORE<\/h3>\n<\/blockquote>\n<p><strong>BELLUNO <\/strong>In occasione della Giornata mondiale del Cuore, l\u2019Ulss Dolomiti ha aderito all\u2019iniziativa della Fondazione Onda, Osservatorio nazionale sulla salute della donna e di genere, dedicata alle malattie cardiovascolari proponendo un incontro sul tema. Donne e menopausa: prevenzione della malattia cardiovascolare, che si svolger\u00e0 Mercoled\u00ec 28 settembre alle 18.00 nella sala convegni dell\u2019ospedale di Feltre. Il relatore sar\u00e0 il dott. Christian Piergentili della Cardiologia di Feltre. L\u2019ingresso \u00e8 libero, non serve prenotazione. La capienza della sala \u00e8 di 75 posti.<\/p>\n<p>&nbsp;<\/p>\n<p>&nbsp;<\/p>\n<hr \/>\n<p>&nbsp;<\/p>\n<blockquote>\n<h2>VOLONTARI BELLUNESI A SENIGALLIA<\/h2>\n<h3>L&#8217;ASSESSORE REGIONALE GIANPAOLO BOTTACIN<\/h3>\n<\/blockquote>\n<div style=\"width: 640px;\" class=\"wp-video\"><video class=\"wp-video-shortcode\" id=\"video-298408-2\" width=\"640\" height=\"352\" preload=\"metadata\" controls=\"controls\"><source type=\"video\/mp4\" src=\"https:\/\/www.radiopiu.net\/wordpress\/wp-content\/uploads\/2022\/09\/WhatsApp-Video-2022-09-23-at-14.43.31.mp4?_=2\" \/><a href=\"https:\/\/www.radiopiu.net\/wordpress\/wp-content\/uploads\/2022\/09\/WhatsApp-Video-2022-09-23-at-14.43.31.mp4\">https:\/\/www.radiopiu.net\/wordpress\/wp-content\/uploads\/2022\/09\/WhatsApp-Video-2022-09-23-at-14.43.31.mp4<\/a><\/video><\/div>\n<div style=\"width: 640px;\" class=\"wp-video\"><video class=\"wp-video-shortcode\" id=\"video-298408-3\" width=\"640\" height=\"352\" preload=\"metadata\" controls=\"controls\"><source type=\"video\/mp4\" src=\"https:\/\/www.radiopiu.net\/wordpress\/wp-content\/uploads\/2022\/09\/WhatsApp-Video-2022-09-23-at-14.37.19.mp4?_=3\" \/><a href=\"https:\/\/www.radiopiu.net\/wordpress\/wp-content\/uploads\/2022\/09\/WhatsApp-Video-2022-09-23-at-14.37.19.mp4\">https:\/\/www.radiopiu.net\/wordpress\/wp-content\/uploads\/2022\/09\/WhatsApp-Video-2022-09-23-at-14.37.19.mp4<\/a><\/video><\/div>\n<p>&nbsp;<\/p>\n<p>&nbsp;<\/p>\n<p>&nbsp;<\/p>\n<hr \/>\n<p>&nbsp;<\/p>\n<blockquote>\n<h3>ANCHE ALLEGHE VOTA IL PASSAGGIO DELLA DMO DA CONSORZIO A FONDAZIONE<\/h3>\n<\/blockquote>\n<p><strong>ALLEGHE<\/strong>\u00a0Mercoledi alle 20 consiglio comunale convocato dal sindaco Danilo De Toni. All\u2019ordine del giorno la quinta variazione al bilancio, la modifica al piano degli investimenti, la trasformazione del Consorzio Dolomiti in Fondazione e relativa approvazione del nuovo statuto, approvazione schema di convenzione per la convenzione in forma associata per il Segretario Comunale con i Comuni di Alleghe, Selva di Cadore, San Tomaso e Zoppe\u2019 di Cadore.<\/p>\n<p>&nbsp;<\/p>\n<p>&nbsp;<\/p>\n<hr \/>\n<p>&nbsp;<\/p>\n<blockquote>\n<h3>DUE VARIAZIONI NEL CONSIGLIO COMUNALE DEL SINDACO SALVATERRA<\/h3>\n<\/blockquote>\n<p><strong>FALCADE<\/strong> Giovedi alle 20 consiglio comunale in Municipio, all&#8217;ordine del giorno 9^ e 10^ variazione al bilancio; trasformazione del consorzio DMO in fondazione; servizio idrico integrato; programma lavori pubblici.<\/p>\n<p>&nbsp;<\/p>\n<hr \/>\n<p>&nbsp;<\/p>\n<p>&nbsp;<\/p>\n<blockquote>\n<h3>DAL BOSCO ALLA PRODUZIONE DI ENERGIA, UNA FILIERA PER BELLLUNO NELLE LINEE GREEN DEL PNRR<\/h3>\n<\/blockquote>\n<p><strong><a class=\"dt-pswp-item\" href=\"https:\/\/www.radiopiu.net\/wordpress\/wp-content\/uploads\/2022\/09\/aaaaaa.jpg\" data-dt-img-description=\"\" data-large_image_width=\"265\" data-large_image_height=\"257\"><img loading=\"lazy\" decoding=\"async\" class=\"wp-image-298472 alignleft\" src=\"https:\/\/www.radiopiu.net\/wordpress\/wp-content\/uploads\/2022\/09\/aaaaaa.jpg\" alt=\"\" width=\"146\" height=\"142\" \/><\/a>BELLUNO<\/strong> Venerdi 30 settembre nella sala Eliso Dal Pont &#8220;Bianchi&#8221; alle 9.30 per iniziativa della CGIL Belluno sar\u00e0 trattato un tema importante come la potenzialit\u00e0 per la creazione locale di una filiera del bosco per la creazione di energia. Introdurr\u00e0 ai lavori Mauro De Carli, Segretario generale della Cgil di Belluno, conclusione del segretario Cgil Veneto, Paolo Righetti dopo gli interventi di Sebastiano Grosselle (segreteria Cgil Belluno), Paola Fatto, Daniele Perin, Raffaele Cavalli, Francesco Loreggian (Universit\u00e0 di Padova),\u00a0 Francesco De Bettin (presidente Dba group), Marco Staunovo Polacco (presidente Bim Piave Belluno) e Simone Deola (consigliere provinciale).<\/p>\n<p>&nbsp;<\/p>\n<p>&nbsp;<\/p>\n<hr \/>\n<blockquote>\n<h3><\/h3>\n<h3><strong>TRA FINE SETTEMBRE E INIZIO OTTOBRE 2022 NASCERANNO TRE NUOVI GRUPPI DELL&#8217;ASSOCIAZIONE LIBERA<\/strong><\/h3>\n<\/blockquote>\n<p><strong><a class=\"dt-pswp-item\" href=\"https:\/\/www.radiopiu.net\/wordpress\/wp-content\/uploads\/2022\/03\/LIBERA-MAFIE.png\" data-dt-img-description=\"\" data-large_image_width=\"860\" data-large_image_height=\"756\"><img loading=\"lazy\" decoding=\"async\" class=\"wp-image-267115 alignleft\" src=\"https:\/\/www.radiopiu.net\/wordpress\/wp-content\/uploads\/2022\/03\/LIBERA-MAFIE-300x264.png\" alt=\"\" width=\"155\" height=\"136\" \/><\/a>BELLUNO <\/strong>Nelle prossime settimane in provincia di Belluno nasceranno ben tre nuovi gruppi, detti presidi, dell&#8217;associazione Libera che gi\u00e0 opera a livello provinciale e con il presidio del Cadore sui temi della diffusione della legalit\u00e0 e della cittadinanza attiva. Si tratta di tre realt\u00e0 che si formate nelle scorse settimane e saranno ufficialmente avviate con alcuni incontri pubblici: Presidio della valbelluna, per le zone di Limana, Sedico, Sospirolo e Borgo Valbelluna, con assemblea prevista per gioved\u00ec 29 ottobre alle ore 20.30 nella ex chiesa di San Pietro a Mel. Presidio \u201cBellunese Orientale\u201d, per le zone di Zoldano, conca dell\u2019Alpago, Longarone, Ponte nelle Alpi e Soverzene,\u00a0 con assemblea prevista per sabato 1 ottobre alle ore 17 nella sala polifunzionale di Fusine di Val di Zoldo. Presidio dell\u2019agordino, che raggruppa la vallata, con assemblea prevista per gioved\u00ec 6 ottobre alle ore 20,30 nella sala don Tamis ad Agordo. Durante tutti gli incontri, aperti a tutta la cittadinanza che potr\u00e0 aderire anche sul momento, si legger\u00e0 il patto di nascita del presidio con le azioni programmatiche contestualizzate per ciascun territorio, inoltre si elegger\u00e0 un referente che guider\u00e0 il presidio e si far\u00e0 un\u2019intitolazione del nuovo gruppo alla memoria di una vittima innocente di mafia. Libera Belluno ringrazia tutti i singoli cittadini e i vari membri dei gruppi di lavoro, le istituzioni scolastiche e la Scuole in Rete per un mondo di solidariet\u00e0 e pace, le amministrazioni comunali e le associazioni di volontariato dei vari territori interessati che in questi mesi hanno contribuito con grande impegno e dedizione al prezioso lavoro per la creazione di queste nuove realt\u00e0. Gli appuntamenti sono propedeutici ad un grande evento previsto per mercoled\u00ec 19 ottobre con la partecipazione del fondatore di Libera don Luigi Ciotti che, nel pomeriggio, sar\u00e0 a Ponte nelle Alpi per un incontro con scuole e cittadinanza in cui terr\u00e0 a battesimo i tre nuovi presidi. Seguir\u00e0 anche un cena su prenotazione aperta a tutti. I dettagli di questa giornata saranno comunicati nelle prossime settimane.<\/p>\n<p>&nbsp;<\/p>\n<p>&nbsp;<\/p>\n<p>&nbsp;<\/p>\n<hr \/>\n<blockquote>\n<h3><span style=\"color: #ff0000;\">\u00a0<\/span><\/h3>\n<h3><span style=\"color: #ff0000;\">RADIO PIU IN ESTERNO, CANDATEN_SEDICO\u00a0<\/span><\/h3>\n<\/blockquote>\n<div id=\"title\" class=\"style-scope ytd-watch-metadata\">\n<h1 class=\"style-scope ytd-watch-metadata\">VAIA DIVENTA ARTE 2022<\/h1>\n<\/div>\n<div id=\"top-row\" class=\"style-scope ytd-watch-metadata\">\n<div id=\"description\" class=\"item style-scope ytd-watch-metadata\">\n<div id=\"description-inner\" class=\"style-scope ytd-watch-metadata\"><span class=\"style-scope yt-formatted-string\" dir=\"auto\">Pomeriggio d&#8217;arte, cultura, tradizioni nell&#8217;area di Candaten (Sedico). con Marco Martalart scultore del legno ed artista del bosco; Manuel Cicchetti (fotografo) Angelo Miotto (giornalista); Francesca Gallo (artigiana che canta). Moderatore Mirko Mezzacasa, direttore Radio Pi\u00f9.\u00a0<\/span><\/div>\n<div><\/div>\n<\/div>\n<\/div>\n<p><iframe loading=\"lazy\" title=\"VAIA DIVENTA ARTE 2022\" width=\"1200\" height=\"675\" src=\"https:\/\/www.youtube.com\/embed\/OZtxHUWJvCI?feature=oembed\" frameborder=\"0\" allow=\"accelerometer; autoplay; clipboard-write; encrypted-media; gyroscope; picture-in-picture\" allowfullscreen><\/iframe><\/p>\n<p>&nbsp;<\/p>\n<hr \/>\n<p>&nbsp;<\/p>\n<blockquote>\n<h3>MAX GAZZE&#8217; CHIUDE LA RASSEGNA &#8220;SUONI DELLE DOLOMITI&#8221;<\/h3>\n<\/blockquote>\n<p><strong><a class=\"dt-pswp-item\" href=\"https:\/\/www.radiopiu.net\/wordpress\/wp-content\/uploads\/2022\/09\/a57f116a-4a46-4197-badf-8bef3803cf50.jpg\" data-dt-img-description=\"\" data-large_image_width=\"1280\" data-large_image_height=\"720\"><img loading=\"lazy\" decoding=\"async\" class=\"wp-image-298515 alignleft\" src=\"https:\/\/www.radiopiu.net\/wordpress\/wp-content\/uploads\/2022\/09\/a57f116a-4a46-4197-badf-8bef3803cf50-300x169.jpg\" alt=\"\" width=\"202\" height=\"114\" srcset=\"https:\/\/www.radiopiu.net\/wordpress\/wp-content\/uploads\/2022\/09\/a57f116a-4a46-4197-badf-8bef3803cf50-300x169.jpg 300w, https:\/\/www.radiopiu.net\/wordpress\/wp-content\/uploads\/2022\/09\/a57f116a-4a46-4197-badf-8bef3803cf50-1024x576.jpg 1024w, https:\/\/www.radiopiu.net\/wordpress\/wp-content\/uploads\/2022\/09\/a57f116a-4a46-4197-badf-8bef3803cf50-768x432.jpg 768w, https:\/\/www.radiopiu.net\/wordpress\/wp-content\/uploads\/2022\/09\/a57f116a-4a46-4197-badf-8bef3803cf50.jpg 1280w\" sizes=\"auto, (max-width: 202px) 100vw, 202px\" \/><\/a>di Claudio Pra<\/strong><\/p>\n<p>La 23ma edizione della rassegna &#8220;I suoni delle Dolomiti&#8221; \u00e8 stata chiusa dal concerto in Val San Nicol\u00f3 di Max Gazz\u00e9, che ha intrattenuto il numerosissimo pubblico presente per quasi due ore. Un evento favorito dal meteo, con la splendida Conca di Jonta circondata dalle Montagne a fare da sfondo. Lo stesso cantautore romano ha ammesso di sentirsi ispirato in un luogo simile, dove ha proposto tutti i suoi maggiori successi oltre ad altre canzoni meno note, tra tanti simpatici siparietti con la band e con il pubblico in un contesto empatico fuori dal consueto.<\/p>\n<p>&nbsp;<\/p>\n<p>&nbsp;<\/p>\n<div style=\"width: 640px;\" class=\"wp-video\"><video class=\"wp-video-shortcode\" id=\"video-298408-4\" width=\"640\" height=\"352\" preload=\"metadata\" controls=\"controls\"><source type=\"video\/mp4\" src=\"https:\/\/www.radiopiu.net\/wordpress\/wp-content\/uploads\/2022\/09\/WhatsApp-Video-2022-09-23-at-18.04.37.mp4?_=4\" \/><a href=\"https:\/\/www.radiopiu.net\/wordpress\/wp-content\/uploads\/2022\/09\/WhatsApp-Video-2022-09-23-at-18.04.37.mp4\">https:\/\/www.radiopiu.net\/wordpress\/wp-content\/uploads\/2022\/09\/WhatsApp-Video-2022-09-23-at-18.04.37.mp4<\/a><\/video><\/div>\n<p>&nbsp;<\/p>\n<p>&nbsp;<\/p>\n<p>&nbsp;<\/p>\n<hr \/>\n<p>&nbsp;<\/p>\n<blockquote>\n<h3>OGGI IN COMUNE LA PRESENTAZIONE DI OLTRE LE VETTE<\/h3>\n<\/blockquote>\n<p><strong>BELLUNO <\/strong><em>OLTRE LE VETTE. METAFORE, UOMINI, LUOGHI DELLA MONTAGNA. A BELLUNO DAL 6 AL 17 OTTOBRE. TANTI APUNTAMENTI, A INGRESSO GRATUITO CON OFFERTA LIBERA. SERATE CON ALPINISTI E PROTAGONISTI DELLA MONTAGNA, SPETTACOLI A TEATRO, PRESENTAZIONE DI LIBRI, CONFERENZE E CONVEGNI RIVOLTI ALLE SCUOLE, MOSTRE ED EVENTI ALL&#8217;APERTO. IN QUESTA VENTISEIESIMA EDIZIONE, NUMEROSE LE NOVITA&#8217;, SARA&#8217; PRESENTE UNO SCRITTORE IN RESIDENZA, CHE TERRA&#8217; UN INUSUALE CICLO DI INCONTRI, PASSEGGIATE E MEDITAZIONI NELLA NATURA. PROGRAMMA COMPLETO SU WWW.OLTRELEVETTE.IT E SUI SOCIAL.<\/em><\/p>\n<p>&nbsp;<\/p>\n<p>&nbsp;<\/p>\n<hr \/>\n<p>&nbsp;<\/p>\n<h2><span style=\"color: #ff0000;\">L&#8217;INVITO<\/span><\/h2>\n<p><strong>di ROBERTO FAVERO<\/strong><\/p>\n<blockquote><p><em>&#8220;Cari Amici,\u00a0 oggi alle\u00a0 18 presso la sala Don Tamis, di Agordo, con ingresso gratuito, si terr\u00e0 la prima delle tre conferenze previste sulla storia del colore. Parler\u00e0 il Dottor Bernardo Molinas sulla fisica della luce. La seconda conferenza sar\u00e0 tenuta sabato 15 ottobre dal Dottor Renzo Barbazza sulla sensazione e la percezione della luce da parte del nostro cervello. Concluder\u00e0 il ciclo di conferenze, il giorno venerd\u00ec 4 novembre, il Dottor Roberto Favero, sulla luce e la fotografia scientifica. Invitandovi, quindi, ad essere presenti agli incontri, a nome dei relatori e delle Associazioni Organizzatrici, vi auguro un caloroso arrivederci.<\/em><br \/>\n<em>Roberto Favero&#8221;\u00a0<\/em><\/p>\n<p>&nbsp;<\/p>\n<p>&nbsp;<\/p><\/blockquote>\n<hr \/>\n<p>&nbsp;<\/p>\n<p>&nbsp;<\/p>\n<blockquote>\n<h3>IL MANICOMIO E LA CITTA&#8217;, VOCI ATTRAVERSO I MURI<\/h3>\n<\/blockquote>\n<p><strong><a class=\"dt-pswp-item\" href=\"https:\/\/www.radiopiu.net\/wordpress\/wp-content\/uploads\/2022\/09\/IMG_1664-300x200-1.jpg\" data-dt-img-description=\"\" data-large_image_width=\"300\" data-large_image_height=\"200\"><img loading=\"lazy\" decoding=\"async\" class=\"wp-image-298462 alignleft\" src=\"https:\/\/www.radiopiu.net\/wordpress\/wp-content\/uploads\/2022\/09\/IMG_1664-300x200-1.jpg\" alt=\"\" width=\"193\" height=\"128\" \/><\/a>FELTRE<\/strong> Oggi alle 16,30 nella sede della palazzina Bonsembiante a Borgo Ruga (Ex Ospedale psichiatrico), nell&#8217;ambito del progetto &#8220;Geografie della memoria. Voci dal manicomio&#8221;, avr\u00e0 luogo un incontro per discutere con la cittadinanza sui risultati dei materiali raccolti durante la Scuola di storia orale \u201cIl manicomio e la citt\u00e0: voci attraverso i muri\u201d che si \u00e8 svolta a Feltre dal 13 al 15 maggio 2022 e ha coinvolto numerosi studiose\/i e partecipanti. Alle\u00a0 18, nella stessa sede, ci sar\u00e0 la presentazione del volume di Barbara Cagni, Per sempre, altrove, un romanzo ambientato negli anni &#8217;50 che racconta la storia di Berta, una donna bellunese emigrata all&#8217;estero per dimenticare il proprio dolore. La solitudine e lo sradicamento finiranno per farla precipitare in uno stato di alienazione mentale, che la porter\u00e0 al manicomio di Feltre, negli anni in cui il direttore era Gino Meneghel.\u00a0 Alle 19,15 in piazza Maggiore, verr\u00e0 inaugurata la mostra fotografica<\/p>\n<p>&nbsp;<\/p>\n<p>&nbsp;<\/p>\n<p>&nbsp;<\/p>\n<hr \/>\n<blockquote>\n<h3><\/h3>\n<h3>RITORNA LA GIORNATA DELLA ROSA, DOMANI A SANTA GIUSTINA<\/h3>\n<\/blockquote>\n<p>Domani\u00a0 \u00a0Santa Giustina ospiter\u00e0 la tradizionale manifestazione la \u201cGiornata della Rosa\u201d promossa, fin dal 1992, dall\u2019AIPD della provincia di Belluno a sostegno delle proprie attivit\u00e0, e, da qualche anno, in collaborazione con l\u2019Associazione Sportiva locale \u201cI Geveri\u201d. L\u2019evento \u201cclou\u201d \u00e8 la marcia non competitiva distinta in due percorsi lungo le vie centrali e periferiche del paese, il via alle 10.45. Durante la manifestazione si potr\u00e0 sostenere l\u2019Associazione acquistando anche i biglietti della annuale Lotteria. I numeri vincenti saranno estratti mercoled\u00ec 26 ottobre alle ore 17:30 presso il Municipio di Pedavena. Sotto il tendone ci sar\u00e0 anche l\u2019intrattenimento musicale da parte dell\u2019Associazione culturale \u201cArca Sonora\u201d.<\/p>\n<p>&nbsp;<\/p>\n<p>&nbsp;<\/p>\n<hr \/>\n<p>&nbsp;<\/p>\n<p>&nbsp;<\/p>\n<blockquote class=\"wp-embedded-content\" data-secret=\"JieIM1v1lR\"><p><a href=\"https:\/\/www.radiopiu.net\/wordpress\/di-elio-arico-le-foto-al-maestro-augusto-murer-omaggio-a-100-anni-dalla-nascita\/\">DI ELIO ARICO&#8217;, LE FOTO AL MAESTRO AUGUSTO MURER. OMAGGIO A 100 ANNI DALLA NASCITA<\/a><\/p><\/blockquote>\n<p><iframe loading=\"lazy\" class=\"wp-embedded-content\" sandbox=\"allow-scripts\" security=\"restricted\" style=\"position: absolute; clip: rect(1px, 1px, 1px, 1px);\" title=\"&#8220;DI ELIO ARICO&#8217;, LE FOTO AL MAESTRO AUGUSTO MURER. OMAGGIO A 100 ANNI DALLA NASCITA&#8221; &#8212; Radio Pi\u00f9\" src=\"https:\/\/www.radiopiu.net\/wordpress\/di-elio-arico-le-foto-al-maestro-augusto-murer-omaggio-a-100-anni-dalla-nascita\/embed\/#?secret=kIuGlSTMB6#?secret=JieIM1v1lR\" data-secret=\"JieIM1v1lR\" width=\"600\" height=\"338\" frameborder=\"0\" marginwidth=\"0\" marginheight=\"0\" scrolling=\"no\"><\/iframe><\/p>\n<p>&nbsp;<\/p>\n<hr \/>\n<p>&nbsp;<\/p>\n<p>&nbsp;<\/p>\n<blockquote>\n<h3>\u00a0I CORSI DELL&#8217;ADA<\/h3>\n<\/blockquote>\n<p><strong>di GIANNI SANTOMASO<\/strong><\/p>\n<audio class=\"wp-audio-shortcode\" id=\"audio-298408-6\" preload=\"none\" style=\"width: 100%;\" controls=\"controls\"><source type=\"audio\/mpeg\" src=\"https:\/\/www.radiopiu.net\/wordpress\/wp-content\/uploads\/2022\/09\/ripartenza-corsi-ada-gianni.mp3?_=6\" \/><a href=\"https:\/\/www.radiopiu.net\/wordpress\/wp-content\/uploads\/2022\/09\/ripartenza-corsi-ada-gianni.mp3\">https:\/\/www.radiopiu.net\/wordpress\/wp-content\/uploads\/2022\/09\/ripartenza-corsi-ada-gianni.mp3<\/a><\/audio>\n<p>&nbsp;<\/p>\n<div style=\"width: 848px;\" class=\"wp-video\"><video class=\"wp-video-shortcode\" id=\"video-298408-5\" width=\"848\" height=\"480\" preload=\"metadata\" controls=\"controls\"><source type=\"video\/mp4\" src=\"https:\/\/www.radiopiu.net\/wordpress\/wp-content\/uploads\/2022\/08\/WhatsApp-Video-2022-08-30-at-17.21.20.mp4?_=5\" \/><a href=\"https:\/\/www.radiopiu.net\/wordpress\/wp-content\/uploads\/2022\/08\/WhatsApp-Video-2022-08-30-at-17.21.20.mp4\">https:\/\/www.radiopiu.net\/wordpress\/wp-content\/uploads\/2022\/08\/WhatsApp-Video-2022-08-30-at-17.21.20.mp4<\/a><\/video><\/div>\n<p>&nbsp;<\/p>\n<p>&nbsp;<\/p>\n<p>&nbsp;<\/p>\n<hr \/>\n<p>&nbsp;<\/p>\n<blockquote>\n<h3>RITORNA L&#8217;UNIVERSITA&#8217; DEGLI ANZIANI AD AGORDO<\/h3>\n<\/blockquote>\n<p><strong><a class=\"dt-pswp-item\" href=\"https:\/\/www.radiopiu.net\/wordpress\/wp-content\/uploads\/2022\/09\/UNIVERSITA-ANZIANI-AGORDO-min.jpg\" data-dt-img-description=\"\" data-large_image_width=\"500\" data-large_image_height=\"500\"><img loading=\"lazy\" decoding=\"async\" class=\" wp-image-297212 alignleft\" src=\"https:\/\/www.radiopiu.net\/wordpress\/wp-content\/uploads\/2022\/09\/UNIVERSITA-ANZIANI-AGORDO-min-150x150.jpg\" alt=\"\" width=\"113\" height=\"113\" srcset=\"https:\/\/www.radiopiu.net\/wordpress\/wp-content\/uploads\/2022\/09\/UNIVERSITA-ANZIANI-AGORDO-min-150x150.jpg 150w, https:\/\/www.radiopiu.net\/wordpress\/wp-content\/uploads\/2022\/09\/UNIVERSITA-ANZIANI-AGORDO-min-300x300.jpg 300w, https:\/\/www.radiopiu.net\/wordpress\/wp-content\/uploads\/2022\/09\/UNIVERSITA-ANZIANI-AGORDO-min.jpg 500w\" sizes=\"auto, (max-width: 113px) 100vw, 113px\" \/><\/a>AGORDO<\/strong> Con il mese di ottobre ritornano le lezioni dell&#8217;Universit\u00e0 degli Anziani ad Agordo. Ogni marted\u00ec dalle 15 alle 17 in Sala Don Tamis un appuntamento in presenza. Il primo appuntamento della serie \u00e8 per il 4 ottobre quando ci sar\u00e0 l&#8217;inaugurazione dell&#8217;anno accademico con la presenza di Marco Perale, giornalista e storico bellunese che parler\u00e0 di Dino Buzzati e la Mostra di Belluno. La quota d&#8217;iscrizione \u00e8 di 35 euro da versare il primo giorno di frequenza. Per informazioni 0437 62416 oppure 333 8638929.<\/p>\n<p><strong>TUTTI GLI APPUNTAMENTI IN PROGRAMMA<\/strong><\/p>\n<a href=\"https:\/\/www.radiopiu.net\/wordpress\/wp-content\/uploads\/2022\/09\/aaa.pdf\" class=\"pdfemb-viewer\" style=\"\" data-width=\"max\" data-height=\"max\" data-toolbar=\"top\" data-toolbar-fixed=\"on\">aaa<\/a>\n<p>&nbsp;<\/p>\n<p>&nbsp;<\/p>\n<hr \/>\n<blockquote>\n<h3><\/h3>\n<h3><a class=\"dt-pswp-item\" href=\"https:\/\/www.radiopiu.net\/wordpress\/wp-content\/uploads\/2022\/09\/e21441ab-5414-42e6-89a3-5a7bb7347520.jpg\" data-dt-img-description=\"\" data-large_image_width=\"902\" data-large_image_height=\"1280\"><img loading=\"lazy\" decoding=\"async\" class=\"wp-image-298173 alignleft\" src=\"https:\/\/www.radiopiu.net\/wordpress\/wp-content\/uploads\/2022\/09\/e21441ab-5414-42e6-89a3-5a7bb7347520-211x300.jpg\" alt=\"\" width=\"105\" height=\"150\" srcset=\"https:\/\/www.radiopiu.net\/wordpress\/wp-content\/uploads\/2022\/09\/e21441ab-5414-42e6-89a3-5a7bb7347520-211x300.jpg 211w, https:\/\/www.radiopiu.net\/wordpress\/wp-content\/uploads\/2022\/09\/e21441ab-5414-42e6-89a3-5a7bb7347520-722x1024.jpg 722w, https:\/\/www.radiopiu.net\/wordpress\/wp-content\/uploads\/2022\/09\/e21441ab-5414-42e6-89a3-5a7bb7347520-768x1090.jpg 768w, https:\/\/www.radiopiu.net\/wordpress\/wp-content\/uploads\/2022\/09\/e21441ab-5414-42e6-89a3-5a7bb7347520.jpg 902w\" sizes=\"auto, (max-width: 105px) 100vw, 105px\" \/><\/a><\/h3>\n<h3>FOLKLOR JALPE&#8217; DE LA MARMOLEDA<\/h3>\n<\/blockquote>\n<p><strong>ROCCA PIETORE<\/strong> 1 e 2 ottobre a Rocca Pietore torna Folklor Jalp\u00e8 De La Marmol\u00e8da. Sotto al tendone riscaldato due giorni di festa con il gruppo Folk Marmol\u00e8da. Sabato 1 ottobre dalle 18 aperitivo in musica con i Volxalp, dalle 19 stand gastronomico con piatti tipici, alle 22 il rock dei Sinfobia e chiusura con DJ set. Domenica 2 ottobre la Santa Messa alle 11, dalle 12:30 pranzo con piatti tipici e musica con Die Derstige. Alle 14:30 la sfilata dei gruppi folk, alle 18 musica con i Pazedins e finale con la cucina tipica dalle 19.<\/p>\n<p>&nbsp;<\/p>\n<hr \/>\n<p>&nbsp;<\/p>\n<blockquote>\n<h3>OHANNES GUREKIAN, UN PROGETTISTA ARMENO DELLE DOLOMITI<\/h3>\n<\/blockquote>\n<p><strong><a class=\"dt-pswp-item\" href=\"https:\/\/www.radiopiu.net\/wordpress\/wp-content\/uploads\/2022\/09\/Unknown.jpeg\" data-dt-img-description=\"\" data-large_image_width=\"1536\" data-large_image_height=\"2048\"><img loading=\"lazy\" decoding=\"async\" class=\"size-thumbnail wp-image-297481 alignleft\" src=\"https:\/\/www.radiopiu.net\/wordpress\/wp-content\/uploads\/2022\/09\/Unknown-150x150.jpeg\" alt=\"\" width=\"150\" height=\"150\" \/><\/a>BELLUNO <\/strong>Fino al giorno 29 ottobre, sar\u00e0 possibile visitare il percorso espositivo presso la biblioteca civica di Agordo.\u00a0 <strong>SABATO 1<\/strong> ottobre\u00a0 &#8220;escursione architettonica&#8221; fra i vicoli del paese di Frassen\u00e9 Agordino, che per lungo tempo Gurekian elesse quale luogo di residenza, per vedere dal vivo alcune delle realizzazioni dei suoi progetti.\u00a0 <strong>SABATO 8<\/strong> ottobre (notte di plenilunio) trekking da Frassen\u00e9 al Rifugio Scarpa-Gurekian raccontando cosa lega questo luogo alla storia di Ohann\u00e9s Gurekian. Poi ci sar\u00e0 la possibilit\u00e0 di fermarsi per cenare.<\/p>\n<p>&nbsp;<\/p>\n<p>&nbsp;<\/p>\n<hr \/>\n<p>&nbsp;<\/p>\n<blockquote>\n<h3>SECONDA SERATA DI \u201cINTRECCI\u201d, RASSEGNA DI MUSICA ORIGINALE E ARTE AL TEATRO DI CASTION<\/h3>\n<\/blockquote>\n<p><strong><a class=\"dt-pswp-item\" href=\"https:\/\/www.radiopiu.net\/wordpress\/wp-content\/uploads\/2022\/09\/intrecci-prima-serata.jpg\" data-dt-img-description=\"\" data-large_image_width=\"1500\" data-large_image_height=\"1000\"><img loading=\"lazy\" decoding=\"async\" class=\"wp-image-298494 alignleft\" src=\"https:\/\/www.radiopiu.net\/wordpress\/wp-content\/uploads\/2022\/09\/intrecci-prima-serata-300x200.jpg\" alt=\"\" width=\"146\" height=\"97\" srcset=\"https:\/\/www.radiopiu.net\/wordpress\/wp-content\/uploads\/2022\/09\/intrecci-prima-serata-300x200.jpg 300w, https:\/\/www.radiopiu.net\/wordpress\/wp-content\/uploads\/2022\/09\/intrecci-prima-serata-1024x683.jpg 1024w, https:\/\/www.radiopiu.net\/wordpress\/wp-content\/uploads\/2022\/09\/intrecci-prima-serata-768x512.jpg 768w, https:\/\/www.radiopiu.net\/wordpress\/wp-content\/uploads\/2022\/09\/intrecci-prima-serata.jpg 1500w\" sizes=\"auto, (max-width: 146px) 100vw, 146px\" \/><\/a>BELLUNO <\/strong>Dopo la calorosa accoglienza della prima serata, oggi torna \u201cIntrecci\u201d, rassegna al debutto quest\u2019anno al Teatro San Gaetano di Castion. Il secondo dei tre appuntamenti vedr\u00e0 il debutto di \u201cRadici\u201d, spettacolo ideato da Grazia Di Grace, nome d\u2019arte della bellunese Grazia Donadel.\u00a0 L\u2019artista, di stanza a Verona, torna a casa e chiude il cerchio. Radici nasce durante la quarantena, si sviluppa e cambia forma varie volte. E\u2019 intreccio creativo di arti diverse: musica, danza, poesia, sculture in fil di ferro. Parte integrante dello spettacolo saranno, infatti, anche le opere di Giovanni Pinosio e la danzatrice Marta Tabacco. E\u2019 comune urgenza espressiva che diventa gesto, che diventa parola, che diventa canto. I personaggi musicali si intrecciano all\u2019interno di un unico luogo, che \u00e8 il labirinto, la casa interiore, il palcoscenico del mondo. Danzano e cantano ciascuno la propria voce, traendo nutrimento dalle stesse radici e, deposte finalmente le maschere, tornano finalmente a casa. Appuntamento alle 21.00. L\u2019ingresso \u00e8 gratuito ma \u00e8 gradita la prenotazione tramite messaggio al 3484956557 o inviando una mail a <a title=\"mailto:demvale@libero.it\" href=\"mailto:demvale@libero.it\">demvale@libero.it<\/a>.<\/p>\n<p>&nbsp;<\/p>\n<p>&nbsp;<\/p>\n<hr \/>\n<p>&nbsp;<\/p>\n<h1><span style=\"color: #ff0000;\">IERI ALLA RADIO\u00a0<\/span><\/h1>\n<h2><span style=\"color: #008080;\">&#8220;DINTORN E FORA VIA&#8221; A CURA DEL MUSLA, IL NUOVO PROGRAMMA\u00a0<\/span><\/h2>\n<p>&nbsp;<\/p>\n<blockquote><p><strong><a class=\"dt-pswp-item\" href=\"https:\/\/www.radiopiu.net\/wordpress\/wp-content\/uploads\/2022\/09\/WhatsApp-Image-2022-09-22-at-19.12.49.jpeg\" data-dt-img-description=\"\" data-large_image_width=\"975\" data-large_image_height=\"500\"><img loading=\"lazy\" decoding=\"async\" class=\" wp-image-298431 alignleft\" src=\"https:\/\/www.radiopiu.net\/wordpress\/wp-content\/uploads\/2022\/09\/WhatsApp-Image-2022-09-22-at-19.12.49-300x154.jpeg\" alt=\"\" width=\"189\" height=\"97\" srcset=\"https:\/\/www.radiopiu.net\/wordpress\/wp-content\/uploads\/2022\/09\/WhatsApp-Image-2022-09-22-at-19.12.49-300x154.jpeg 300w, https:\/\/www.radiopiu.net\/wordpress\/wp-content\/uploads\/2022\/09\/WhatsApp-Image-2022-09-22-at-19.12.49-768x394.jpeg 768w, https:\/\/www.radiopiu.net\/wordpress\/wp-content\/uploads\/2022\/09\/WhatsApp-Image-2022-09-22-at-19.12.49.jpeg 975w\" sizes=\"auto, (max-width: 189px) 100vw, 189px\" \/><\/a>PUNTATA DEL 23 SETTEMBRE- ELEONORA TROI<\/strong><\/p><\/blockquote>\n<p>AUDIO<\/p>\n<audio class=\"wp-audio-shortcode\" id=\"audio-298408-7\" preload=\"none\" style=\"width: 100%;\" controls=\"controls\"><source type=\"audio\/mpeg\" src=\"https:\/\/www.radiopiu.net\/wordpress\/wp-content\/uploads\/2022\/09\/MUSLA-5.mp3?_=7\" \/><a href=\"https:\/\/www.radiopiu.net\/wordpress\/wp-content\/uploads\/2022\/09\/MUSLA-5.mp3\">https:\/\/www.radiopiu.net\/wordpress\/wp-content\/uploads\/2022\/09\/MUSLA-5.mp3<\/a><\/audio>\n<p>&nbsp;<\/p>\n<p>&nbsp;<\/p>\n<p>&nbsp;<\/p>\n<hr \/>\n<p>&nbsp;<\/p>\n<h1><span style=\"color: #ff0000;\">IERI <\/span><span style=\"color: #ff0000;\">ALLA RADIO\u00a0<\/span><\/h1>\n<p><iframe loading=\"lazy\" title=\"EDUCAZIONE ALL&#039;USO DOMESTICO DELL&#039;ENERGIA ELETTRICA\" width=\"1200\" height=\"675\" src=\"https:\/\/www.youtube.com\/embed\/euSh7sJqek4?feature=oembed\" frameborder=\"0\" allow=\"accelerometer; autoplay; clipboard-write; encrypted-media; gyroscope; picture-in-picture\" allowfullscreen><\/iframe><\/p>\n<p><strong>LA RACCOLTA COMPLETA<\/strong><\/p>\n<blockquote class=\"wp-embedded-content\" data-secret=\"ZzBVWaesy4\"><p><a href=\"https:\/\/www.radiopiu.net\/wordpress\/tecnologie-con-francesco-zillio\/\">EPCENTER &#8211; FRANCESCO ZILLIO<\/a><\/p><\/blockquote>\n<p><iframe loading=\"lazy\" class=\"wp-embedded-content\" sandbox=\"allow-scripts\" security=\"restricted\" style=\"position: absolute; clip: rect(1px, 1px, 1px, 1px);\" title=\"&#8220;EPCENTER &#8211; FRANCESCO ZILLIO&#8221; &#8212; Radio Pi\u00f9\" src=\"https:\/\/www.radiopiu.net\/wordpress\/tecnologie-con-francesco-zillio\/embed\/#?secret=XX0LpjhP13#?secret=ZzBVWaesy4\" data-secret=\"ZzBVWaesy4\" width=\"600\" height=\"338\" frameborder=\"0\" marginwidth=\"0\" marginheight=\"0\" scrolling=\"no\"><\/iframe><\/p>\n<p>&nbsp;<\/p>\n<div>\n<hr \/>\n<\/div>\n<div><\/div>\n<div>\n<div class=\"ecm0bbzt e5nlhep0 a8c37x1j\">\n<div class=\"kvgmc6g5 cxmmr5t8 oygrvhab hcukyx3x c1et5uql\">\n<div class=\"gmail-kvgmc6g5 gmail-cxmmr5t8 gmail-oygrvhab gmail-hcukyx3x gmail-c1et5uql gmail-ii04i59q\">\n<div class=\"page-title-head hgroup\">\n<blockquote>\n<h2>PROLOCO DI RIVAMONTE AGORDINO<\/h2>\n<\/blockquote>\n<div>\n<div class=\"hael596l alzwoclg jl2a5g8c qjfq86k5 r227ecj6 gt60zsk1 s1m0hq7j\">\n<div class=\"cgu29s5g\">\n<div class=\"alzwoclg cqf1kptm siwo0mpr gu5uzgus\">\n<div class=\"jroqu855 nthtkgg5\"><strong>14-15-16 OTTOBRE 2022<\/strong><\/div>\n<\/div>\n<\/div>\n<\/div>\n<\/div>\n<div>\n<div class=\"\" dir=\"auto\">\n<div id=\"jsc_c_1y\" class=\"d2hqwtrz r227ecj6 ez8dtbzv gt60zsk1\" data-ad-comet-preview=\"message\" data-ad-preview=\"message\">\n<div class=\"alzwoclg cqf1kptm siwo0mpr gu5uzgus\">\n<div class=\"jroqu855 nthtkgg5\">\n<div class=\"m8h3af8h l7ghb35v kjdc1dyq kmwttqpk gh25dzvf n3t5jt4f\">\n<div dir=\"auto\">Finalmente ritorna l&#8217;Oktoberfest. Tre giorni di festa in compagnia di buona musica e buon cibo: Canederli, \u00a0Spatzle<\/div>\n<div dir=\"auto\">Stinco con crauti e patate fritte e Buona birra in bicchieri di vetro\u00a0 \u00a0 \u00a0<strong>STAY TUNED<\/strong><br \/>\n<a class=\"dt-pswp-item\" href=\"https:\/\/www.radiopiu.net\/wordpress\/wp-content\/uploads\/2022\/09\/306610049_3398892650338616_7875061756741663012_n.jpg\" data-dt-img-description=\"\" data-large_image_width=\"720\" data-large_image_height=\"261\"><img loading=\"lazy\" decoding=\"async\" class=\"alignnone wp-image-296989 size-full\" src=\"https:\/\/www.radiopiu.net\/wordpress\/wp-content\/uploads\/2022\/09\/306610049_3398892650338616_7875061756741663012_n.jpg\" alt=\"\" width=\"720\" height=\"261\" srcset=\"https:\/\/www.radiopiu.net\/wordpress\/wp-content\/uploads\/2022\/09\/306610049_3398892650338616_7875061756741663012_n.jpg 720w, https:\/\/www.radiopiu.net\/wordpress\/wp-content\/uploads\/2022\/09\/306610049_3398892650338616_7875061756741663012_n-300x109.jpg 300w\" sizes=\"auto, (max-width: 720px) 100vw, 720px\" \/><\/a><\/div>\n<div dir=\"auto\"><\/div>\n<\/div>\n<\/div>\n<\/div>\n<\/div>\n<\/div>\n<\/div>\n<p>&nbsp;<\/p>\n<hr \/>\n<p>&nbsp;<\/p>\n<blockquote>\n<h3>DOMENICA 23 OTTOBRE LA GRANDE FESTA ALLA FABBRICA IN PEDAVENA DI LA VALLE<\/h3>\n<\/blockquote>\n<p><a class=\"dt-pswp-item\" href=\"https:\/\/www.radiopiu.net\/wordpress\/wp-content\/uploads\/2022\/09\/be36ec51-e02a-4ee2-8c75-860605e2253f.jpg\" data-dt-img-description=\"\" data-large_image_width=\"1200\" data-large_image_height=\"628\"><img loading=\"lazy\" decoding=\"async\" class=\"aligncenter wp-image-296751 size-medium\" src=\"https:\/\/www.radiopiu.net\/wordpress\/wp-content\/uploads\/2022\/09\/be36ec51-e02a-4ee2-8c75-860605e2253f-300x157.jpg\" alt=\"\" width=\"300\" height=\"157\" srcset=\"https:\/\/www.radiopiu.net\/wordpress\/wp-content\/uploads\/2022\/09\/be36ec51-e02a-4ee2-8c75-860605e2253f-300x157.jpg 300w, https:\/\/www.radiopiu.net\/wordpress\/wp-content\/uploads\/2022\/09\/be36ec51-e02a-4ee2-8c75-860605e2253f-1024x536.jpg 1024w, https:\/\/www.radiopiu.net\/wordpress\/wp-content\/uploads\/2022\/09\/be36ec51-e02a-4ee2-8c75-860605e2253f-768x402.jpg 768w, https:\/\/www.radiopiu.net\/wordpress\/wp-content\/uploads\/2022\/09\/be36ec51-e02a-4ee2-8c75-860605e2253f.jpg 1200w\" sizes=\"auto, (max-width: 300px) 100vw, 300px\" \/><\/a><\/p>\n<p>&nbsp;<\/p>\n<hr \/>\n<p>&nbsp;<\/p>\n<blockquote class=\"wp-embedded-content\" data-secret=\"VbdFCegRNA\"><p><a href=\"https:\/\/www.radiopiu.net\/wordpress\/alice-per-gli-altri-unesperienza-da-raccontare\/\">ALICE PER GLI ALTRI, UN&#8217;ESPERIENZA DA RACCONTARE<\/a><\/p><\/blockquote>\n<p><iframe loading=\"lazy\" class=\"wp-embedded-content\" sandbox=\"allow-scripts\" security=\"restricted\" style=\"position: absolute; clip: rect(1px, 1px, 1px, 1px);\" title=\"&#8220;ALICE PER GLI ALTRI, UN&#8217;ESPERIENZA DA RACCONTARE&#8221; &#8212; Radio Pi\u00f9\" src=\"https:\/\/www.radiopiu.net\/wordpress\/alice-per-gli-altri-unesperienza-da-raccontare\/embed\/#?secret=DNgNiiDpBI#?secret=VbdFCegRNA\" data-secret=\"VbdFCegRNA\" width=\"600\" height=\"338\" frameborder=\"0\" marginwidth=\"0\" marginheight=\"0\" scrolling=\"no\"><\/iframe><\/p>\n<p>&nbsp;<\/p>\n<p>&nbsp;<\/p>\n<p>&nbsp;<\/p>\n<hr \/>\n<p>&nbsp;<\/p>\n<div>\n<div class=\"b654a4as d2edcug0\">\n<div class=\"rq0escxv hkbzh7o3 jwdofwj8 n8tt0mok r8blr3vg hyh9befq\">\n<p><a class=\"dt-pswp-item\" href=\"https:\/\/www.radiopiu.net\/wordpress\/wp-content\/uploads\/2020\/10\/pp.jpg\" data-dt-img-description=\"\" data-large_image_width=\"640\" data-large_image_height=\"640\"><img loading=\"lazy\" decoding=\"async\" class=\"wp-image-163678 alignleft\" src=\"https:\/\/www.radiopiu.net\/wordpress\/wp-content\/uploads\/2020\/10\/pp-300x300.jpg\" alt=\"\" width=\"106\" height=\"106\" srcset=\"https:\/\/www.radiopiu.net\/wordpress\/wp-content\/uploads\/2020\/10\/pp-300x300.jpg 300w, https:\/\/www.radiopiu.net\/wordpress\/wp-content\/uploads\/2020\/10\/pp-150x150.jpg 150w, https:\/\/www.radiopiu.net\/wordpress\/wp-content\/uploads\/2020\/10\/pp-125x125.jpg 125w, https:\/\/www.radiopiu.net\/wordpress\/wp-content\/uploads\/2020\/10\/pp-200x200.jpg 200w, https:\/\/www.radiopiu.net\/wordpress\/wp-content\/uploads\/2020\/10\/pp-80x80.jpg 80w, https:\/\/www.radiopiu.net\/wordpress\/wp-content\/uploads\/2020\/10\/pp-480x480.jpg 480w, https:\/\/www.radiopiu.net\/wordpress\/wp-content\/uploads\/2020\/10\/pp.jpg 640w\" sizes=\"auto, (max-width: 106px) 100vw, 106px\" \/><\/a><\/p>\n<\/div>\n<\/div>\n<\/div>\n<div>\n<div class=\"page-title-head hgroup\">\n<div class=\"page-title-head hgroup\">\n<div class=\"b654a4as d2edcug0\">\n<div class=\"j83agx80 btwxx1t3 lhclo0ds hop8lmos nkwizq5d scwd0bx6 roh60bw9\">\n<div class=\"rq0escxv hkbzh7o3 jwdofwj8 n8tt0mok r8blr3vg hyh9befq\">\n<div class=\"do00u71z l9j0dhe7 k4urcfbm\">\n<h2><span style=\"color: #000080;\">DON CESARE, IL PENSIERO DEL GIORNO. ALLA RADIO ALLE 7 DEL MATTINO E ALLE 19.30 DELLA SERA.\u00a0<\/span><\/h2>\n<audio class=\"wp-audio-shortcode\" id=\"audio-298408-8\" preload=\"none\" style=\"width: 100%;\" controls=\"controls\"><source type=\"audio\/mpeg\" src=\"https:\/\/www.radiopiu.net\/wordpress\/wp-content\/uploads\/2022\/09\/CESARE-15.mp3?_=8\" \/><a href=\"https:\/\/www.radiopiu.net\/wordpress\/wp-content\/uploads\/2022\/09\/CESARE-15.mp3\">https:\/\/www.radiopiu.net\/wordpress\/wp-content\/uploads\/2022\/09\/CESARE-15.mp3<\/a><\/audio>\n<p>&nbsp;<\/p>\n<p>&nbsp;<\/p>\n<p>&nbsp;<\/p>\n<hr \/>\n<p>&nbsp;<\/p>\n<div>\n<div class=\"ecm0bbzt e5nlhep0 a8c37x1j\">\n<div class=\"kvgmc6g5 cxmmr5t8 oygrvhab hcukyx3x c1et5uql\">\n<div class=\"gmail-kvgmc6g5 gmail-cxmmr5t8 gmail-oygrvhab gmail-hcukyx3x gmail-c1et5uql gmail-ii04i59q\">\n<div class=\"page-title-head hgroup\">\n<div class=\"page-title-head hgroup\">\n<div class=\"b654a4as d2edcug0\">\n<div class=\"j83agx80 btwxx1t3 lhclo0ds hop8lmos nkwizq5d scwd0bx6 roh60bw9\">\n<div class=\"rq0escxv hkbzh7o3 jwdofwj8 n8tt0mok r8blr3vg hyh9befq\">\n<div class=\"do00u71z l9j0dhe7 k4urcfbm\">\n<p><span style=\"color: #0000ff;\">MUSICA PIU&#8217;\u00a0<\/span><\/p>\n<p><a href=\"https:\/\/www.radiopiu.net\/wordpress\/giornale-radiopiu-20-settembre-2021-direttore-mirko-mezzacasa\/pp-79\/\" rel=\"attachment wp-att-232921\"><img loading=\"lazy\" decoding=\"async\" class=\"wp-image-232921 alignleft\" src=\"https:\/\/www.radiopiu.net\/wordpress\/wp-content\/uploads\/2021\/09\/pp-1-300x300.jpg\" alt=\"\" width=\"135\" height=\"135\" srcset=\"https:\/\/www.radiopiu.net\/wordpress\/wp-content\/uploads\/2021\/09\/pp-1-300x300.jpg 300w, https:\/\/www.radiopiu.net\/wordpress\/wp-content\/uploads\/2021\/09\/pp-1-150x150.jpg 150w, https:\/\/www.radiopiu.net\/wordpress\/wp-content\/uploads\/2021\/09\/pp-1.jpg 640w\" sizes=\"auto, (max-width: 135px) 100vw, 135px\" \/><\/a><\/p>\n<div class=\"mkdf-post-text\">\n<div class=\"mkdf-post-text-inner\">\n<div class=\"mkdf-post-text-main\">\n<div class=\"mkdf-post-text\">\n<div class=\"mkdf-post-text-inner\">\n<div class=\"mkdf-post-text-main\">\n<div class=\"mkdf-post-text\">\n<div class=\"mkdf-post-text-inner\">\n<div class=\"mkdf-post-text-main\">\n<div class=\"page-title-head hgroup\">\n<div class=\"page-title-head hgroup\">\n<div class=\"mkdf-post-text\">\n<div class=\"mkdf-post-text-inner\">\n<div class=\"mkdf-post-text-main\">\n<div class=\"mkdf-post-text\">\n<div class=\"mkdf-post-text-inner\">\n<div class=\"mkdf-post-text-main\">\n<div class=\"page-title-head hgroup\">\n<div class=\"page-title-head hgroup\">\n<div class=\"page-title-head hgroup\">\n<div class=\"page-title-head hgroup\">\n<div class=\"b654a4as d2edcug0\">\n<div class=\"page-title-head hgroup\">\n<div class=\"page-title-head hgroup\">\n<div class=\"page-title-head hgroup\">\n<div class=\"page-title-head hgroup\">\n<div class=\"b654a4as d2edcug0\">\n<div class=\"page-title-head hgroup\">\n<div class=\"page-title-head hgroup\">\n<div class=\"page-title-head hgroup\">\n<div class=\"page-title-head hgroup\">\n<div class=\"b654a4as d2edcug0\">\n<div class=\"mkdf-post-text\">\n<div class=\"mkdf-post-text-inner\">\n<div class=\"mkdf-post-text-main\">\n<div class=\"mkdf-post-text\">\n<div class=\"mkdf-post-text-inner\">\n<div class=\"mkdf-post-text-main\">\n<div class=\"mkdf-post-text\">\n<div class=\"mkdf-post-text-inner\">\n<div class=\"mkdf-post-text-main\">\n<div class=\"page-title-head hgroup\">\n<div class=\"page-title-head hgroup\">\n<div class=\"mkdf-post-text\">\n<div class=\"mkdf-post-text-inner\">\n<div class=\"mkdf-post-text-main\">\n<div class=\"mkdf-post-text\">\n<div class=\"mkdf-post-text-inner\">\n<div class=\"mkdf-post-text-main\">\n<div class=\"page-title-head hgroup\">\n<div class=\"page-title-head hgroup\">\n<div class=\"page-title-head hgroup\">\n<div class=\"page-title-head hgroup\">\n<div class=\"b654a4as d2edcug0\">\n<div class=\"page-title-head hgroup\">\n<div class=\"page-title-head hgroup\">\n<div class=\"page-title-head hgroup\">\n<div class=\"page-title-head hgroup\">\n<div class=\"b654a4as d2edcug0\">\n<div class=\"page-title-head hgroup\">\n<div class=\"page-title-head hgroup\">\n<div class=\"page-title-head hgroup\">\n<div class=\"page-title-head hgroup\">\n<div class=\"b654a4as d2edcug0\">\n<div><\/div>\n<div><\/div>\n<div>\n<p><strong>MUSICA ALLA RADIO, IL PROGRAMMA DI LORIS SCUSSEL &#8220;COLLAGE OPERAZIONE NOSTALGIA&#8221; DAL LUNEDI AL VENERDI ALLE 16.00\u00a0 E ALLE 23\u00a0<\/strong><\/p>\n<p>&nbsp;<\/p>\n<p>&nbsp;<\/p>\n<p>&nbsp;<\/p>\n<hr \/>\n<p>&nbsp;<\/p>\n<p><a class=\"dt-pswp-item\" href=\"https:\/\/www.radiopiu.net\/wordpress\/wp-content\/uploads\/2018\/09\/WhatsApp-Image-2018-09-20-at-16.04.06.jpeg\" data-dt-img-description=\"\" data-large_image_width=\"800\" data-large_image_height=\"100\"><img loading=\"lazy\" decoding=\"async\" class=\"aligncenter wp-image-61378 size-full\" src=\"https:\/\/www.radiopiu.net\/wordpress\/wp-content\/uploads\/2018\/09\/WhatsApp-Image-2018-09-20-at-16.04.06.jpeg\" alt=\"\" width=\"800\" height=\"100\" srcset=\"https:\/\/www.radiopiu.net\/wordpress\/wp-content\/uploads\/2018\/09\/WhatsApp-Image-2018-09-20-at-16.04.06.jpeg 800w, https:\/\/www.radiopiu.net\/wordpress\/wp-content\/uploads\/2018\/09\/WhatsApp-Image-2018-09-20-at-16.04.06-300x38.jpeg 300w, https:\/\/www.radiopiu.net\/wordpress\/wp-content\/uploads\/2018\/09\/WhatsApp-Image-2018-09-20-at-16.04.06-768x96.jpeg 768w\" sizes=\"auto, (max-width: 800px) 100vw, 800px\" \/><\/a><\/p>\n<p>&nbsp;<\/p>\n<p><center><b>Sabato 24<\/b><\/center><b>Tempo atteso: <\/b>Tempo variabile con alternanza di annuvolamenti e di parziali schiarite; possibile presenza di nubi basse in molte valli prealpine nelle ore pi\u00f9 fredde in lento dissolvimento. Il soleggiamento al mattino in genere sar\u00e0 poco significativo per il passaggio di nubi alte anche consistenti, nella seconda parte della giornata molto scarso per l&#8217;arrivo anche di nubi medie stratiformi.<br \/>\n<b>Precipitazioni: <\/b>Assenti (0%) in mattinata, mentre nella seconda parte della giornata la probabilit\u00e0 di precipitazioni sar\u00e0 in graduale aumento su tutte le zone montane fino ad alta (75-100%) nella sera\/notte, nevose oltre i 2200-2500m. Le precipitazioni saranno inizialmente deboli da locali a sparse, nella notte da sparse a diffuse localmente di moderata intensit\u00e0 e non \u00e8 escluso qualche rovescio, specie sulle zone prealpine. Tra sabato e domenica sono previsti quantitativi in media compresi tra i 10 e i 30 mm, con punte di 40 mm sulle zone montane pi\u00f9 orientali.<br \/>\n<b>Temperature: <\/b>Minime in contenuto aumento, massime in lieve o contenuta diminuzione. Escursione termica giornaliera pi\u00f9 contenuta rispetto ai giorni precedenti. Su Prealpi a 1500 m min 6\u00b0, max 7\u00b0C; a 2000 m min 3\u00b0, max 4\u00b0C. Su Dolomiti a 2000 m min 3\u00b0, max 5\u00b0C; a 3000 m min -1\u00b0, max 0\u00b0C.<br \/>\n<b>Venti: <\/b>Nelle valli in genere deboli, in quota da moderati a tesi da sud-ovest, a 15-25 km\/h a 2000 m e a 20-35 km\/h a 3000 m.<\/p>\n<hr \/>\n<p><center><b>Domenica 25<\/b><\/center><b>Tempo atteso: <\/b>Tempo variabile a tratti perturbato, specie nelle prime ore, con cielo in prevalenza molto nuvoloso o coperto. In mattinata saranno possibili parziali schiarite, ma nel corso della giornata il cielo tender\u00e0 a rimanere in prevalenza irregolarmente nuvoloso con possibili altre precipitazioni.<br \/>\n<b>Precipitazioni: <\/b>Probabilit\u00e0 alta di precipitazioni (75-100%) specie nelle prime ore sulle Dolomiti e Prealpi bellunesi, probabilit\u00e0 in temporanea diminuzione sulle Prealpi vicentine e veronesi, con qualche pausa in mattinata e in seguito dalle ore centrali probabilit\u00e0 medio-alta (50-75%) di ulteriori precipitazioni in prevalenza modeste anche se non sono del tutto esclusi dei locali rovesci in particolare nel corso del pomeriggio. Il limite delle nevicate si attester\u00e0 intorno ai 2300-2600 m.<br \/>\n<b>Temperature: <\/b>Minime perlopi\u00f9 stazionarie in quota, in lieve aumento nelle valli, massime in contenuto aumento con valori di qualche grado inferiori alle medie del periodo. Su Prealpi a 1500 m min 7\u00b0, max 8\u00b0C; a 2000 m min 4\u00b0, max 6\u00b0C. Su Dolomiti a 2000 m min 3\u00b0, max 7\u00b0C; a 3000 m min -2\u00b0, max 0\u00b0C.<br \/>\n<b>Venti: <\/b>Nelle valli generalmente deboli variabili, in quota moderati o tesi sud-occidentali, a 10-20 km\/h a 2000 m e a 20-35 km\/h a 3000 m.<\/p>\n<hr \/>\n<p><center><b>Lunedi 26<\/b><\/center>Tempo variabile con cielo irregolarmente nuvoloso e qualche parziale e temporanea schiarita. Nel corso della giornata possibili precipitazioni sparse, intermittenti e in prevalenza modeste localmente, anche con qualche rovescio specie sulle zone prealpine; limite delle nevicate intorno ai 2000-2300 m. Temperature minime in lieve o contenuto calo, massime stazionarie nelle valli in lieve calo in alta montagna. Venti in quota ancora moderati da sud-ovest.<\/p>\n<hr \/>\n<p><center><b>Martedi 27<\/b><\/center>Ancora tempo variabile a tratti moderatamente perturbato con cielo in prevalenza molto nuvoloso o coperto e con qualche parziale e temporanea schiarita specie al mattino. Possibili precipitazioni da sparse a diffuse con quota neve intorno ai 1700-2o00 m. Temperature in contenuta diminuzione. Venti in quota moderati o tesi al mattino sud-occidentali, tendenti a ruotare dai quadranti settentrionali nella seconda parte della giornata. Previsore: M.Padoan<\/p>\n<p>&nbsp;<\/p>\n<p>&nbsp;<\/p>\n<hr \/>\n<p>&nbsp;<\/p>\n<p><a href=\"https:\/\/www.radiopiu.net\/wordpress\/giornale-radiopiu-26-settembre-2018-direttore-mirko-mezzacasa\/viabilita-2\/\" rel=\"attachment wp-att-61954\"><img loading=\"lazy\" decoding=\"async\" class=\"aligncenter wp-image-61954 size-full\" src=\"https:\/\/www.radiopiu.net\/wordpress\/wp-content\/uploads\/2018\/09\/viabilita.jpeg\" sizes=\"auto, (max-width: 800px) 100vw, 800px\" srcset=\"https:\/\/www.radiopiu.net\/wordpress\/wp-content\/uploads\/2018\/09\/viabilita.jpeg 800w, https:\/\/www.radiopiu.net\/wordpress\/wp-content\/uploads\/2018\/09\/viabilita-300x38.jpeg 300w, https:\/\/www.radiopiu.net\/wordpress\/wp-content\/uploads\/2018\/09\/viabilita-768x96.jpeg 768w\" alt=\"\" width=\"800\" height=\"100\" \/><\/a><\/p>\n<p>&nbsp;<\/p>\n<p>&nbsp;<\/p>\n<p><em><strong>DIVIETO DI TRANSITO VEICOLARE A FADES DI LA VALLE AGORDINA TRA L&#8217;INCROCIO CON LA SR 347 E IL CIVICO 2. FINO AL 18 NOVEMBRE, SABATO, DOMENICA E FESTIVI COMPRESI. IL DIVIETO AVRA&#8217; EFFICACIA NEI GIORNI DI EFFETTIVA ESECUZIONE DEL CANTIERE.<\/strong><\/em><\/p>\n<p>&nbsp;<\/p>\n<blockquote class=\"wp-embedded-content\" data-secret=\"YMBUSLxVJ0\"><p><a href=\"https:\/\/www.radiopiu.net\/wordpress\/viabilita\/\">viabilita<\/a><\/p><\/blockquote>\n<p><iframe loading=\"lazy\" class=\"wp-embedded-content\" sandbox=\"allow-scripts\" security=\"restricted\" style=\"position: absolute; clip: rect(1px, 1px, 1px, 1px);\" title=\"&#8220;viabilita&#8221; &#8212; Radio Pi\u00f9\" src=\"https:\/\/www.radiopiu.net\/wordpress\/viabilita\/embed\/#?secret=ZW1gB5RGfV#?secret=YMBUSLxVJ0\" data-secret=\"YMBUSLxVJ0\" width=\"600\" height=\"338\" frameborder=\"0\" marginwidth=\"0\" marginheight=\"0\" scrolling=\"no\"><\/iframe><\/p>\n<p>&nbsp;<\/p>\n<hr \/>\n<p>&nbsp;<\/p>\n<p>&nbsp;<\/p>\n<p><img loading=\"lazy\" decoding=\"async\" class=\"wp-image-60761 size-full aligncenter\" src=\"https:\/\/www.radiopiu.net\/wordpress\/wp-content\/uploads\/2018\/09\/sport.jpg\" alt=\"\" width=\"800\" height=\"100\" srcset=\"https:\/\/www.radiopiu.net\/wordpress\/wp-content\/uploads\/2018\/09\/sport.jpg 800w, https:\/\/www.radiopiu.net\/wordpress\/wp-content\/uploads\/2018\/09\/sport-300x38.jpg 300w, https:\/\/www.radiopiu.net\/wordpress\/wp-content\/uploads\/2018\/09\/sport-768x96.jpg 768w\" sizes=\"auto, (max-width: 800px) 100vw, 800px\" \/><\/p>\n<p>&nbsp;<\/p>\n<p><span style=\"color: #0000ff;\"><strong>CALCIO<\/strong><\/span><\/p>\n<blockquote>\n<h3>GLI APPUNTAMENTI CALCISTICI DELL&#8217;AGORDINA CALCIO<\/h3>\n<\/blockquote>\n<p><strong><a class=\"dt-pswp-item\" href=\"https:\/\/www.radiopiu.net\/wordpress\/wp-content\/uploads\/2019\/07\/pallone-calcio-2019.jpg\" data-dt-img-description=\"\" data-large_image_width=\"4460\" data-large_image_height=\"2977\"><img loading=\"lazy\" decoding=\"async\" class=\"wp-image-91405 alignleft\" src=\"https:\/\/www.radiopiu.net\/wordpress\/wp-content\/uploads\/2019\/07\/pallone-calcio-2019-300x200.jpg\" alt=\"\" width=\"141\" height=\"94\" srcset=\"https:\/\/www.radiopiu.net\/wordpress\/wp-content\/uploads\/2019\/07\/pallone-calcio-2019-300x200.jpg 300w, https:\/\/www.radiopiu.net\/wordpress\/wp-content\/uploads\/2019\/07\/pallone-calcio-2019-768x513.jpg 768w, https:\/\/www.radiopiu.net\/wordpress\/wp-content\/uploads\/2019\/07\/pallone-calcio-2019-1024x684.jpg 1024w\" sizes=\"auto, (max-width: 141px) 100vw, 141px\" \/><\/a>REDAZIONE<\/strong> Tornano in campo le squadre dell\u2019Agordina Calcio nel fine settimana. Dopo l\u2019esordio per la categoria Allievi e per la prima squadra in Seconda Categoria, questa settimana si gioca la seconda giornata dei campionati FIGC. Due le partite in programma all\u2019Ivano Dorigo di Agordo nella giornata di domani. Alle 10:30 \u00e8 il turno degli Allievi Regionali che proveranno a riscattarsi dopo la sconfitta di 7 giorni fa con il Ponzano. Ad Agordo arriva l\u2019Indomita Treviso e anche questa volta non sar\u00e0 una passeggiata per i ragazzi di Orzetti a caccia dei primi punti stagionali. Alle 16:30 sar\u00e0 il turno della prima squadra allenata da Marco Lorenzi. Non \u00e8 stato un esordio da incorniciare quello di domenica scorsa per l\u2019Agordina che ha subito il pareggio in pieno recupero. L\u2019imperativo \u00e8 quello di fare meglio questa settimana. All\u2019Ivano Dorigo arriva l\u2019Itlas Santa Giustina Serravalle, una squadra ostica che gi\u00e0 l\u2019anno scorso aveva messo in difficolt\u00e0 gli agordini. Oggi pomeriggio in campo anche la squadra Juniores Regionale del Fiori Barp che a Gron di Sospirolo giocher\u00e0 contro l\u2019Union QDP. Calcio d\u2019inizio alle 15:30. Domani alle 16:30 appuntamento su Radio Pi\u00f9 con \u201cDomenica Pi\u00f9 Sport\u201d per seguire in diretta l\u2019Agordina Calcio.<\/p>\n<p>&nbsp;<\/p>\n<p>&nbsp;<\/p>\n<hr \/>\n<p>&nbsp;<\/p>\n<p><span style=\"color: #0000ff;\"><strong>HOCKEY SU GHIACCIO<\/strong><\/span><\/p>\n<blockquote>\n<h3 class=\"entry-title\">AD ALLEGHE ARRIVA IL CALDARO PER LA PRIMA SFIDA DELLA STAGIONE IHL<\/h3>\n<\/blockquote>\n<p><strong class=\"photoswipe-wrapper\"><a class=\"dt-pswp-item pspw-wrap-ready\" href=\"https:\/\/i0.wp.com\/www.radiopiu.net\/wordpress\/wp-content\/uploads\/2022\/09\/Schermata-2022-09-22-alle-18.52.56.png?ssl=1\" data-dt-img-description=\"\" data-large_image_width=\"1192\" data-large_image_height=\"694\"><img loading=\"lazy\" decoding=\"async\" class=\" wp-image-298397 alignleft\" src=\"https:\/\/i0.wp.com\/www.radiopiu.net\/wordpress\/wp-content\/uploads\/2022\/09\/Schermata-2022-09-22-alle-18.52.56.png?resize=199%2C116&amp;ssl=1\" sizes=\"auto, (max-width: 199px) 100vw, 199px\" srcset=\"https:\/\/i0.wp.com\/www.radiopiu.net\/wordpress\/wp-content\/uploads\/2022\/09\/Schermata-2022-09-22-alle-18.52.56.png?resize=300%2C175&amp;ssl=1 300w, https:\/\/i0.wp.com\/www.radiopiu.net\/wordpress\/wp-content\/uploads\/2022\/09\/Schermata-2022-09-22-alle-18.52.56.png?resize=1024%2C596&amp;ssl=1 1024w, https:\/\/i0.wp.com\/www.radiopiu.net\/wordpress\/wp-content\/uploads\/2022\/09\/Schermata-2022-09-22-alle-18.52.56.png?resize=768%2C447&amp;ssl=1 768w, https:\/\/i0.wp.com\/www.radiopiu.net\/wordpress\/wp-content\/uploads\/2022\/09\/Schermata-2022-09-22-alle-18.52.56.png?w=1192&amp;ssl=1 1192w\" alt=\"\" width=\"199\" height=\"116\" \/><\/a>di Roberto Miana, portavoce dell\u2019Alleghe Hockey<\/strong><\/p>\n<p>Prima giornata del campionato di Italian Hockey League 2022\/2023. Sabato 24 settembre alle 18:30 le Civette ospitano al \u201cDe Toni\u201d il Caldaro. Debutto di IHL decisamente proibitivo per la squadra di coach Fontana, contro un avversario protagonista degli ultimi campionati e secondo gli addetti ai lavori una delle pretendenti pi\u00f9 accreditate alla vittoria finale. Dalla stagione 2015\/2016, da quando Alleghe e Caldaro si affrontano nel campionato di serie B di hockey su ghiaccio (IHL), le Civette hanno incrociato le stecche con i Lucci 18 volte. Il bilancio generale conta 5 vittorie Alleghesi e 13 del Caldaro. Se prendiamo in considerazione le sole gare disputate al \u201cDe Toni\u201d di Alleghe, nelle 9 sfide disputate si sono registrati 2 successi dei padroni di casa e 7 degli ospiti. Nell\u2019ultima gara giocata tra le due squadre ai piedi del Civetta, il 6 gennaio scorso, si sono imposti gli ospiti con un perentorio 3-0. Conteggiando le reti totali segnate in questa sfida, l\u2019Alleghe ha messo a referto 41 marcature contro 68 del Caldaro. Nel frattempo la societ\u00e0 si sta\u2019 prodigando per affrontare le conseguenze del caro bollette energetiche, quintuplicate nell\u2019ultimo mese e che dal primo di ottobre porteranno alla chiusura del \u201cDe Toni\u201d, con conseguente migrazione della prima squadra a Feltre per gli allenamenti settimanali e l\u2019eventuale disputa in trasferta delle gare di campionato del mese di ottobre, nell\u2019attesa che si possa trovare una soluzione a questo grave problema.<\/p>\n<p><strong>ALLEGHE Hockey \u2013 SV Kaltern CALDARO<\/strong><br \/>\nSabato 24 settembre ore 18:30 \u2013 Stadio \u201cAlvise De Toni\u201d di Alleghe (BL). Arbitri: Luca Cassol e Mirko Da Pian con giudici di linea Lorenzo Dell\u2019Amico e Fabrizio De Toni). PARTITA APERTA AL PUBBLICO. Collegamenti in DIRETTA RADIOFONICA su Radio Pi\u00f9 (www.radiopiu.net) con \u201cHockey al punto giusto\u201d, in studio Marco Gaz e dal \u201cDe Toni\u201d interventi di Federico Paganin<\/p>\n<p>&nbsp;<\/p>\n<p>&nbsp;<\/p>\n<hr \/>\n<p>&nbsp;<\/p>\n<p><span style=\"color: #0000ff;\"><strong>PALLAVOLO\u00a0<\/strong><\/span><\/p>\n<blockquote>\n<h3><a class=\"dt-pswp-item\" href=\"https:\/\/www.radiopiu.net\/wordpress\/wp-content\/uploads\/2022\/09\/HL_Immobiliare_Volley_2022_2023.jpg\" data-dt-img-description=\"\" data-large_image_width=\"1600\" data-large_image_height=\"1200\"><img loading=\"lazy\" decoding=\"async\" class=\"size-medium wp-image-298453 alignleft\" src=\"https:\/\/www.radiopiu.net\/wordpress\/wp-content\/uploads\/2022\/09\/HL_Immobiliare_Volley_2022_2023-300x225.jpg\" alt=\"\" width=\"300\" height=\"225\" srcset=\"https:\/\/www.radiopiu.net\/wordpress\/wp-content\/uploads\/2022\/09\/HL_Immobiliare_Volley_2022_2023-300x225.jpg 300w, https:\/\/www.radiopiu.net\/wordpress\/wp-content\/uploads\/2022\/09\/HL_Immobiliare_Volley_2022_2023-1024x768.jpg 1024w, https:\/\/www.radiopiu.net\/wordpress\/wp-content\/uploads\/2022\/09\/HL_Immobiliare_Volley_2022_2023-768x576.jpg 768w, https:\/\/www.radiopiu.net\/wordpress\/wp-content\/uploads\/2022\/09\/HL_Immobiliare_Volley_2022_2023-1536x1152.jpg 1536w, https:\/\/www.radiopiu.net\/wordpress\/wp-content\/uploads\/2022\/09\/HL_Immobiliare_Volley_2022_2023.jpg 1600w\" sizes=\"auto, (max-width: 300px) 100vw, 300px\" \/><\/a><\/h3>\n<h3><\/h3>\n<h3>IL DEBUTTO DELLA FEMMINILE IN COPPA VENETO, BELLUNO-FELTRE ED E&#8217; GIA&#8217; DERBY<\/h3>\n<\/blockquote>\n<p>Debutto in Coppa della Pallavolo Belluno questa sera alle 18,30\u00a0nel segno del derby, visto che al palasport di via Gabelli arriver\u00e0 la Cassa Rurale Dolomiti Feltre.\u00a0 La Coppa Veneto \u00e8 la competizione che fa da apripista al campionato: <em>\u00abLe prossime sfide non saranno delle semplici amichevoli dice Martina Fantinel &#8211;\u00a0 il risultato conta: in pi\u00f9, siamo un gruppo rinnovato, con ragazze che provengono da esperienze diverse e devono trovare l\u2019amalgama. Mettiamola cos\u00ec: in questo momento siamo tante musiciste al lavoro per diventare un\u2019orchestra&#8221;.\u00a0<\/em><\/p>\n<p>&nbsp;<\/p>\n<p>&nbsp;<\/p>\n<blockquote>\n<h3>LA PALLAVOLO MASCHILE BELLUNO SUPERA MONSELICE<\/h3>\n<\/blockquote>\n<p><b><a class=\"dt-pswp-item\" href=\"https:\/\/www.radiopiu.net\/wordpress\/wp-content\/uploads\/2022\/09\/Novello_show.jpg\" data-dt-img-description=\"\" data-large_image_width=\"1280\" data-large_image_height=\"855\"><img loading=\"lazy\" decoding=\"async\" class=\"wp-image-298540 alignleft\" src=\"https:\/\/www.radiopiu.net\/wordpress\/wp-content\/uploads\/2022\/09\/Novello_show-300x200.jpg\" alt=\"\" width=\"159\" height=\"106\" srcset=\"https:\/\/www.radiopiu.net\/wordpress\/wp-content\/uploads\/2022\/09\/Novello_show-300x200.jpg 300w, https:\/\/www.radiopiu.net\/wordpress\/wp-content\/uploads\/2022\/09\/Novello_show-1024x684.jpg 1024w, https:\/\/www.radiopiu.net\/wordpress\/wp-content\/uploads\/2022\/09\/Novello_show-768x513.jpg 768w, https:\/\/www.radiopiu.net\/wordpress\/wp-content\/uploads\/2022\/09\/Novello_show.jpg 1280w\" sizes=\"auto, (max-width: 159px) 100vw, 159px\" \/><\/a>DA ROLD LOGISTICS BELLUNO-TMB MONSELICE 3-1<\/b><strong> (25-19, 27-29, 25-20, 25-19)<\/strong><\/p>\n<p>A 20 giorni di distanza dal confronto di Schiavonia, cambia la location: non l\u2019epilogo: a spuntarla contro Monselice \u00e8 sempre la Da Rold Logistics. Dopo cinque set, in terra padovana. Dopo quattro, alla Spes Arena. E il merito \u00e8 soprattutto di un irresistibile Marco Novello, autore di 22 punti, arricchiti da 4 battute vincenti e un muro. Un vero e proprio show. Ma non in solitaria, perch\u00e9 \u00e8 l\u2019intera formazione di Gian Luca Colussi a esprimersi su buoni livelli. E a sole 48 dal test &#8211; sempre vittorioso &#8211; con San Don\u00e0.<span class=\"gmail-Apple-converted-space\">\u00a0<\/span><\/p>\n<p>&nbsp;<\/p>\n<p>&nbsp;<\/p>\n<hr \/>\n<p>&nbsp;<\/p>\n<p><span style=\"color: #0000ff;\"><strong>CORSA IN MONTAGNA<\/strong><\/span><\/p>\n<p>&nbsp;<\/p>\n<blockquote>\n<h3>TORNA LA FRASSENE&#8217; &#8211; RIFUGIO SCARPA<\/h3>\n<\/blockquote>\n<p><strong>VOLTAGO<\/strong>\u00a0 Domani ritorna la Frassen\u00e8 &#8211; Rifugio Scarpa, la cronoscalata di 4 km con 700 metri di dislivello. La partenza \u00e8 prevista per le 10 e le iscrizioni si possono fare al 346 4190977 oppure al Little Bar fino a 30 minuti dalla partenza. Costo 10 euro con gadget e pasta party. In caso di maltempo la manifestazione verr\u00e0 annullata.<\/p>\n<p>&nbsp;<\/p>\n<hr \/>\n<p>&nbsp;<\/p>\n<blockquote>\n<h2>DOLOMITI RESCUE RACE, AL VIA L\u2019 XI EDIZIONE<\/h2>\n<p><em>manifestazione nazionale ed internazionale riservata ai componenti dei mountain rescue team di tutto il mondo, con prove tecniche e di resistenza.\u00a0<\/em><\/p>\n\n\t\t\t<style type='text\/css'>\n\t\t\t\t#gallery-4 {\n\t\t\t\t\tmargin: auto;\n\t\t\t\t}\n\t\t\t\t#gallery-4 .gallery-item {\n\t\t\t\t\tfloat: left;\n\t\t\t\t\tmargin-top: 10px;\n\t\t\t\t\ttext-align: center;\n\t\t\t\t\twidth: 50%;\n\t\t\t\t}\n\t\t\t\t#gallery-4 img {\n\t\t\t\t\tborder: 2px solid #cfcfcf;\n\t\t\t\t}\n\t\t\t\t#gallery-4 .gallery-caption {\n\t\t\t\t\tmargin-left: 0;\n\t\t\t\t}\n\t\t\t\t\/* see gallery_shortcode() in wp-includes\/media.php *\/\n\t\t\t<\/style>\n\t\t<div id='gallery-4' class='dt-gallery-container gallery galleryid-298408 gallery-columns-2 gallery-size-thumbnail'><dl class='gallery-item'>\n\t\t\t\t<dt class='gallery-icon landscape'>\n\t\t\t\t\t<a class=\"rollover rollover-zoom dt-pswp-item\" title=\"Drr pic\" data-dt-img-description=\"\" data-large_image_width=\"1600\" data-large_image_height=\"1067\"href='https:\/\/www.radiopiu.net\/wordpress\/wp-content\/uploads\/2022\/09\/Drr-pic.jpg'><img loading=\"lazy\" decoding=\"async\" width=\"150\" height=\"150\" src=\"https:\/\/www.radiopiu.net\/wordpress\/wp-content\/uploads\/2022\/09\/Drr-pic-150x150.jpg\" class=\"attachment-thumbnail size-thumbnail\" alt=\"\" \/><\/a>\n\t\t\t\t<\/dt><\/dl><dl class='gallery-item'>\n\t\t\t\t<dt class='gallery-icon landscape'>\n\t\t\t\t\t<a class=\"rollover rollover-zoom dt-pswp-item\" title=\"Partenza\" data-dt-img-description=\"\" data-large_image_width=\"2560\" data-large_image_height=\"1707\"href='https:\/\/www.radiopiu.net\/wordpress\/wp-content\/uploads\/2022\/09\/Partenza-scaled.jpg'><img loading=\"lazy\" decoding=\"async\" width=\"150\" height=\"150\" src=\"https:\/\/www.radiopiu.net\/wordpress\/wp-content\/uploads\/2022\/09\/Partenza-150x150.jpg\" class=\"attachment-thumbnail size-thumbnail\" alt=\"\" \/><\/a>\n\t\t\t\t<\/dt><\/dl><br style=\"clear: both\" \/>\n\t\t\t<\/div>\n\n<p>&nbsp;<\/p><\/blockquote>\n<p><strong>PIEVE DI CADORE<\/strong> Organizzata dalla stazione del Soccorso alpino di Pieve di Cadore, con il supporto della II Delegazione Dolomiti Bellunesi e del Soccorso alpino e speleologico Veneto, la gara si tiene a squadre di quattro componenti ciascuna, dotate di materiale tecnico individuale e di gruppo.\u00a0 L\u2019edizione 2022 \u00e8 in calendario dal 30 settembre, con la presentazione ufficiale a tutti i team iscritti, al 1 ottobre, giorno della competizione. Oltre a squadre in arrivo da tutta Italia (sar\u00e0 presente anche la Sardegna), quest\u2019anno gareggeranno componenti dei mountain rescue team di Repubblica Ceca, Polonia, Romania, Austria, Croazia.<\/p>\n<p>&nbsp;<\/p>\n<p>&nbsp;<\/p>\n<hr \/>\n<p>&nbsp;<\/p>\n<\/div>\n<\/div>\n<\/div>\n<\/div>\n<\/div>\n<\/div>\n<\/div>\n<\/div>\n<\/div>\n<\/div>\n<\/div>\n<\/div>\n<\/div>\n<\/div>\n<\/div>\n<\/div>\n<\/div>\n<\/div>\n<\/div>\n<\/div>\n<\/div>\n<\/div>\n<\/div>\n<\/div>\n<\/div>\n<\/div>\n<\/div>\n<\/div>\n<\/div>\n<\/div>\n<\/div>\n<\/div>\n<\/div>\n<\/div>\n<\/div>\n<\/div>\n<\/div>\n<\/div>\n<\/div>\n<\/div>\n<\/div>\n<\/div>\n<\/div>\n<\/div>\n<\/div>\n<\/div>\n<\/div>\n<\/div>\n<\/div>\n<\/div>\n<\/div>\n<\/div>\n<\/div>\n<\/div>\n<\/div>\n<\/div>\n<\/div>\n<\/div>\n<\/div>\n<\/div>\n<\/div>\n<\/div>\n<\/div>\n<\/div>\n<\/div>\n<\/div>\n<\/div>\n<\/div>\n<\/div>\n<\/div>\n<\/div>\n<\/div>\n<\/div>\n<\/div>\n<\/div>\n<\/div>\n<\/div>\n<\/div>\n<\/div>\n<\/div>\n<\/div>\n<\/div>\n<\/div>\n<\/div>\n<\/div>\n<\/div>\n<\/div>\n","protected":false},"excerpt":{"rendered":"<p>FOTO ANNALISA DAL MAS &nbsp; RADIO PIU INFORMAZIONE il canale su TELEGRAM informazione di prima\u00a0\u00a0mano e in tempo reale. iscriviti ed aiutaci a farlo conoscere &nbsp; &nbsp; &nbsp; DOMANI IL PUNTO TAMPONI STRAORDINARIO A PALUDI BELLUNO L\u2019Ulss Dolomiti attiva per DOMANI dalle 8.30 alle 12.30 un punto tamponi a Paludi per persone con sintomatologia covid,&hellip;<\/p>\n","protected":false},"author":4,"featured_media":298557,"comment_status":"closed","ping_status":"closed","sticky":false,"template":"","format":"standard","meta":{"_monsterinsights_skip_tracking":false,"_monsterinsights_sitenote_active":false,"_monsterinsights_sitenote_note":"","_monsterinsights_sitenote_category":0,"footnotes":""},"categories":[51,86,49],"tags":[],"class_list":["post-298408","post","type-post","status-publish","format-standard","has-post-thumbnail","hentry","category-evidenza-top","category-gr","category-news-18","category-51","category-86","category-49","description-off"],"img_url":"https:\/\/www.radiopiu.net\/wordpress\/wp-content\/uploads\/2022\/09\/303243044_8360495717293919_6915105472520345340_n.jpg","_links":{"self":[{"href":"https:\/\/www.radiopiu.net\/wordpress\/wp-json\/wp\/v2\/posts\/298408","targetHints":{"allow":["GET"]}}],"collection":[{"href":"https:\/\/www.radiopiu.net\/wordpress\/wp-json\/wp\/v2\/posts"}],"about":[{"href":"https:\/\/www.radiopiu.net\/wordpress\/wp-json\/wp\/v2\/types\/post"}],"author":[{"embeddable":true,"href":"https:\/\/www.radiopiu.net\/wordpress\/wp-json\/wp\/v2\/users\/4"}],"replies":[{"embeddable":true,"href":"https:\/\/www.radiopiu.net\/wordpress\/wp-json\/wp\/v2\/comments?post=298408"}],"version-history":[{"count":0,"href":"https:\/\/www.radiopiu.net\/wordpress\/wp-json\/wp\/v2\/posts\/298408\/revisions"}],"wp:featuredmedia":[{"embeddable":true,"href":"https:\/\/www.radiopiu.net\/wordpress\/wp-json\/wp\/v2\/media\/298557"}],"wp:attachment":[{"href":"https:\/\/www.radiopiu.net\/wordpress\/wp-json\/wp\/v2\/media?parent=298408"}],"wp:term":[{"taxonomy":"category","embeddable":true,"href":"https:\/\/www.radiopiu.net\/wordpress\/wp-json\/wp\/v2\/categories?post=298408"},{"taxonomy":"post_tag","embeddable":true,"href":"https:\/\/www.radiopiu.net\/wordpress\/wp-json\/wp\/v2\/tags?post=298408"}],"curies":[{"name":"wp","href":"https:\/\/api.w.org\/{rel}","templated":true}]}}