{"id":298411,"date":"2022-09-23T18:00:01","date_gmt":"2022-09-23T16:00:01","guid":{"rendered":"https:\/\/www.radiopiu.net\/wordpress\/?p=298411"},"modified":"2022-09-24T06:08:50","modified_gmt":"2022-09-24T04:08:50","slug":"gli-appuntamenti-calcistici-dellagordina-calcio","status":"publish","type":"post","link":"https:\/\/www.radiopiu.net\/wordpress\/gli-appuntamenti-calcistici-dellagordina-calcio\/","title":{"rendered":"GLI APPUNTAMENTI CALCISTICI DELL&#8217;AGORDINA CALCIO"},"content":{"rendered":"<p><strong><a class=\"dt-pswp-item\" href=\"https:\/\/www.radiopiu.net\/wordpress\/wp-content\/uploads\/2019\/07\/pallone-calcio-2019.jpg\" data-dt-img-description=\"\" data-large_image_width=\"4460\" data-large_image_height=\"2977\"><img loading=\"lazy\" decoding=\"async\" class=\"wp-image-91405 alignleft\" src=\"https:\/\/www.radiopiu.net\/wordpress\/wp-content\/uploads\/2019\/07\/pallone-calcio-2019-300x200.jpg\" alt=\"\" width=\"141\" height=\"94\" srcset=\"https:\/\/www.radiopiu.net\/wordpress\/wp-content\/uploads\/2019\/07\/pallone-calcio-2019-300x200.jpg 300w, https:\/\/www.radiopiu.net\/wordpress\/wp-content\/uploads\/2019\/07\/pallone-calcio-2019-768x513.jpg 768w, https:\/\/www.radiopiu.net\/wordpress\/wp-content\/uploads\/2019\/07\/pallone-calcio-2019-1024x684.jpg 1024w\" sizes=\"auto, (max-width: 141px) 100vw, 141px\" \/><\/a>REDAZIONE<\/strong> Tornano in campo le squadre dell\u2019Agordina Calcio nel fine settimana. Dopo l\u2019esordio per la categoria Allievi e per la prima squadra in Seconda Categoria, questa settimana si gioca la seconda giornata dei campionati FIGC. Due le partite in programma all\u2019Ivano Dorigo di Agordo nella giornata di domani. Alle 10:30 \u00e8 il turno degli Allievi Regionali che proveranno a riscattarsi dopo la sconfitta di 7 giorni fa con il Ponzano. Ad Agordo arriva l\u2019Indomita Treviso e anche questa volta non sar\u00e0 una passeggiata per i ragazzi di Orzetti a caccia dei primi punti stagionali. Alle 16:30 sar\u00e0 il turno della prima squadra allenata da Marco Lorenzi. Non \u00e8 stato un esordio da incorniciare quello di domenica scorsa per l\u2019Agordina che ha subito il pareggio in pieno recupero. L\u2019imperativo \u00e8 quello di fare meglio questa settimana. All\u2019Ivano Dorigo arriva l\u2019Itlas Santa Giustina Serravalle, una squadra ostica che gi\u00e0 l\u2019anno scorso aveva messo in difficolt\u00e0 gli agordini. Oggi pomeriggio in campo anche la squadra Juniores Regionale del Fiori Barp che a Gron di Sospirolo giocher\u00e0 contro l\u2019Union QDP. Calcio d\u2019inizio alle 15:30. Domani alle 16:30 appuntamento su Radio Pi\u00f9 con \u201cDomenica Pi\u00f9 Sport\u201d per seguire in diretta l\u2019Agordina Calcio.<\/p>\n<p>&nbsp;<\/p>\n<p>&nbsp;<\/p>\n<p>*****<\/p>\n","protected":false},"excerpt":{"rendered":"<p>REDAZIONE Tornano in campo le squadre dell\u2019Agordina Calcio nel fine settimana. Dopo l\u2019esordio per la categoria Allievi e per la prima squadra in Seconda Categoria, questa settimana si gioca la seconda giornata dei campionati FIGC. Due le partite in programma all\u2019Ivano Dorigo di Agordo nella giornata di domani. Alle 10:30 \u00e8 il turno degli Allievi&hellip;<\/p>\n","protected":false},"author":4,"featured_media":91405,"comment_status":"closed","ping_status":"closed","sticky":false,"template":"","format":"standard","meta":{"_monsterinsights_skip_tracking":false,"_monsterinsights_sitenote_active":false,"_monsterinsights_sitenote_note":"","_monsterinsights_sitenote_category":0,"footnotes":""},"categories":[104,49],"tags":[],"class_list":["post-298411","post","type-post","status-publish","format-standard","has-post-thumbnail","hentry","category-evidenza_3","category-news-18","category-104","category-49","description-off"],"img_url":"https:\/\/www.radiopiu.net\/wordpress\/wp-content\/uploads\/2019\/07\/pallone-calcio-2019.jpg","_links":{"self":[{"href":"https:\/\/www.radiopiu.net\/wordpress\/wp-json\/wp\/v2\/posts\/298411","targetHints":{"allow":["GET"]}}],"collection":[{"href":"https:\/\/www.radiopiu.net\/wordpress\/wp-json\/wp\/v2\/posts"}],"about":[{"href":"https:\/\/www.radiopiu.net\/wordpress\/wp-json\/wp\/v2\/types\/post"}],"author":[{"embeddable":true,"href":"https:\/\/www.radiopiu.net\/wordpress\/wp-json\/wp\/v2\/users\/4"}],"replies":[{"embeddable":true,"href":"https:\/\/www.radiopiu.net\/wordpress\/wp-json\/wp\/v2\/comments?post=298411"}],"version-history":[{"count":0,"href":"https:\/\/www.radiopiu.net\/wordpress\/wp-json\/wp\/v2\/posts\/298411\/revisions"}],"wp:featuredmedia":[{"embeddable":true,"href":"https:\/\/www.radiopiu.net\/wordpress\/wp-json\/wp\/v2\/media\/91405"}],"wp:attachment":[{"href":"https:\/\/www.radiopiu.net\/wordpress\/wp-json\/wp\/v2\/media?parent=298411"}],"wp:term":[{"taxonomy":"category","embeddable":true,"href":"https:\/\/www.radiopiu.net\/wordpress\/wp-json\/wp\/v2\/categories?post=298411"},{"taxonomy":"post_tag","embeddable":true,"href":"https:\/\/www.radiopiu.net\/wordpress\/wp-json\/wp\/v2\/tags?post=298411"}],"curies":[{"name":"wp","href":"https:\/\/api.w.org\/{rel}","templated":true}]}}