{"id":298506,"date":"2022-09-23T18:08:48","date_gmt":"2022-09-23T16:08:48","guid":{"rendered":"https:\/\/www.radiopiu.net\/wordpress\/?p=298506"},"modified":"2022-09-23T18:21:36","modified_gmt":"2022-09-23T16:21:36","slug":"max-gazze-chiude-la-rassegna-suoni-delle-dolomiti","status":"publish","type":"post","link":"https:\/\/www.radiopiu.net\/wordpress\/max-gazze-chiude-la-rassegna-suoni-delle-dolomiti\/","title":{"rendered":"MAX GAZZE&#8217; CHIUDE LA RASSEGNA &#8220;SUONI DELLE DOLOMITI&#8221;"},"content":{"rendered":"<p><strong><a class=\"dt-pswp-item\" href=\"https:\/\/www.radiopiu.net\/wordpress\/wp-content\/uploads\/2022\/09\/a57f116a-4a46-4197-badf-8bef3803cf50.jpg\" data-dt-img-description=\"\" data-large_image_width=\"1280\" data-large_image_height=\"720\"><img loading=\"lazy\" decoding=\"async\" class=\"wp-image-298515 alignleft\" src=\"https:\/\/www.radiopiu.net\/wordpress\/wp-content\/uploads\/2022\/09\/a57f116a-4a46-4197-badf-8bef3803cf50-300x169.jpg\" alt=\"\" width=\"202\" height=\"114\" srcset=\"https:\/\/www.radiopiu.net\/wordpress\/wp-content\/uploads\/2022\/09\/a57f116a-4a46-4197-badf-8bef3803cf50-300x169.jpg 300w, https:\/\/www.radiopiu.net\/wordpress\/wp-content\/uploads\/2022\/09\/a57f116a-4a46-4197-badf-8bef3803cf50-1024x576.jpg 1024w, https:\/\/www.radiopiu.net\/wordpress\/wp-content\/uploads\/2022\/09\/a57f116a-4a46-4197-badf-8bef3803cf50-768x432.jpg 768w, https:\/\/www.radiopiu.net\/wordpress\/wp-content\/uploads\/2022\/09\/a57f116a-4a46-4197-badf-8bef3803cf50.jpg 1280w\" sizes=\"auto, (max-width: 202px) 100vw, 202px\" \/><\/a>di Claudio Pra<\/strong><\/p>\n<p>La 23ma edizione della rassegna &#8220;I suoni delle Dolomiti&#8221; \u00e8 stata chiusa dal concerto in Val San Nicol\u00f3 di Max Gazz\u00e9, che ha intrattenuto il numerosissimo pubblico presente per quasi due ore. Un evento favorito dal meteo, con la splendida Conca di Jonta circondata dalle Montagne a fare da sfondo. Lo stesso cantautore romano ha ammesso di sentirsi ispirato in un luogo simile, dove ha proposto tutti i suoi maggiori successi oltre ad altre canzoni meno note, tra tanti simpatici siparietti con la band e con il pubblico in un contesto empatico fuori dal consueto.<\/p>\n<p>&nbsp;<\/p>\n<p>&nbsp;<\/p>\n<div style=\"width: 640px;\" class=\"wp-video\"><video class=\"wp-video-shortcode\" id=\"video-298506-1\" width=\"640\" height=\"352\" preload=\"metadata\" controls=\"controls\"><source type=\"video\/mp4\" src=\"https:\/\/www.radiopiu.net\/wordpress\/wp-content\/uploads\/2022\/09\/WhatsApp-Video-2022-09-23-at-18.04.37.mp4?_=1\" \/><a href=\"https:\/\/www.radiopiu.net\/wordpress\/wp-content\/uploads\/2022\/09\/WhatsApp-Video-2022-09-23-at-18.04.37.mp4\">https:\/\/www.radiopiu.net\/wordpress\/wp-content\/uploads\/2022\/09\/WhatsApp-Video-2022-09-23-at-18.04.37.mp4<\/a><\/video><\/div>\n<p>&nbsp;<\/p>\n<p>&nbsp;<\/p>\n<p>******<\/p>\n","protected":false},"excerpt":{"rendered":"<p>di Claudio Pra La 23ma edizione della rassegna &#8220;I suoni delle Dolomiti&#8221; \u00e8 stata chiusa dal concerto in Val San Nicol\u00f3 di Max Gazz\u00e9, che ha intrattenuto il numerosissimo pubblico presente per quasi due ore. Un evento favorito dal meteo, con la splendida Conca di Jonta circondata dalle Montagne a fare da sfondo. Lo stesso&hellip;<\/p>\n","protected":false},"author":4,"featured_media":298515,"comment_status":"closed","ping_status":"closed","sticky":false,"template":"","format":"standard","meta":{"_monsterinsights_skip_tracking":false,"_monsterinsights_sitenote_active":false,"_monsterinsights_sitenote_note":"","_monsterinsights_sitenote_category":0,"footnotes":""},"categories":[104,49],"tags":[],"class_list":["post-298506","post","type-post","status-publish","format-standard","has-post-thumbnail","hentry","category-evidenza_3","category-news-18","category-104","category-49","description-off"],"img_url":"https:\/\/www.radiopiu.net\/wordpress\/wp-content\/uploads\/2022\/09\/a57f116a-4a46-4197-badf-8bef3803cf50.jpg","_links":{"self":[{"href":"https:\/\/www.radiopiu.net\/wordpress\/wp-json\/wp\/v2\/posts\/298506","targetHints":{"allow":["GET"]}}],"collection":[{"href":"https:\/\/www.radiopiu.net\/wordpress\/wp-json\/wp\/v2\/posts"}],"about":[{"href":"https:\/\/www.radiopiu.net\/wordpress\/wp-json\/wp\/v2\/types\/post"}],"author":[{"embeddable":true,"href":"https:\/\/www.radiopiu.net\/wordpress\/wp-json\/wp\/v2\/users\/4"}],"replies":[{"embeddable":true,"href":"https:\/\/www.radiopiu.net\/wordpress\/wp-json\/wp\/v2\/comments?post=298506"}],"version-history":[{"count":0,"href":"https:\/\/www.radiopiu.net\/wordpress\/wp-json\/wp\/v2\/posts\/298506\/revisions"}],"wp:featuredmedia":[{"embeddable":true,"href":"https:\/\/www.radiopiu.net\/wordpress\/wp-json\/wp\/v2\/media\/298515"}],"wp:attachment":[{"href":"https:\/\/www.radiopiu.net\/wordpress\/wp-json\/wp\/v2\/media?parent=298506"}],"wp:term":[{"taxonomy":"category","embeddable":true,"href":"https:\/\/www.radiopiu.net\/wordpress\/wp-json\/wp\/v2\/categories?post=298506"},{"taxonomy":"post_tag","embeddable":true,"href":"https:\/\/www.radiopiu.net\/wordpress\/wp-json\/wp\/v2\/tags?post=298506"}],"curies":[{"name":"wp","href":"https:\/\/api.w.org\/{rel}","templated":true}]}}