{"id":298545,"date":"2022-09-26T05:49:45","date_gmt":"2022-09-26T03:49:45","guid":{"rendered":"https:\/\/www.radiopiu.net\/wordpress\/?p=298545"},"modified":"2022-09-26T07:31:48","modified_gmt":"2022-09-26T05:31:48","slug":"giornale-radiopiu-26-settembre-2022-direttore-mirko-mezzacas","status":"publish","type":"post","link":"https:\/\/www.radiopiu.net\/wordpress\/giornale-radiopiu-26-settembre-2022-direttore-mirko-mezzacas\/","title":{"rendered":"GIORNALE RADIOPIU 26 SETTEMBRE 2022 DIRETTORE MIRKO MEZZACASA"},"content":{"rendered":"<h3 class=\"kvgmc6g5 cxmmr5t8 oygrvhab hcukyx3x c1et5uql\"><span style=\"color: #0000ff;\"><strong>RADIO PIU INFORMAZIONE il canale su TELEGRAM informazione di prima\u00a0\u00a0<\/strong><strong>mano e in tempo reale. iscriviti ed aiutaci a farlo conoscere<\/strong><\/span><\/h3>\n<p>&nbsp;<\/p>\n<hr \/>\n<p>&nbsp;<\/p>\n<p><strong>ACQUA INQUINATA\u00a0 A GOSALDO<\/strong><span style=\"color: #ff0000;\"> LE FOCHE, LAMBROI, DENEORE, MAGAIT, REN, SELLE, COL TAMAI, BITTI, GIARDOI E PETTUINE <\/span><span style=\"color: #ff0000;\"><span style=\"color: #000000;\">servizio autobotti a le Foche e Lambroi<\/span><\/span><\/p>\n<p><span style=\"color: #0000ff;\"><strong>ACQUA DI NUOVO\u00a0 POTABILE<\/strong> <\/span>\u00a0in localit\u00e0 <span style=\"color: #ff0000;\">COLLAZ <span style=\"color: #000000;\">di <strong>CENCENIGHE<\/strong>, \u00a0nelle localit\u00e0 MUDA EST E AGRE di \u00a0<strong>LA VALLE AGORDINA<\/strong> ed \u00a0nelle localit\u00e0 RONCH e CANACEDE di\u00a0<strong>SAN TOMASO AGORDINO<\/strong><\/span><\/span><\/p>\n<p>&nbsp;<\/p>\n<p>&nbsp;<\/p>\n<hr \/>\n<p>&nbsp;<\/p>\n<blockquote>\n<h3>CADE DALLA MOUNTAIN BIKE AL BIKE PARK DI CORTINA<\/h3>\n<\/blockquote>\n<p><strong>CORTINA<\/strong> Attorno a mezzogiorno di sabato l&#8217;elicottero del Suem di Pieve di Cadore \u00e8 intervenuto lungo il tracciato del Bike Park di Cortina, dove un trentenne di Conegliano (TV), era caduto con la mountain bike sbattendo la testa. Atterrati sul prato nelle vicinanze, equipe medica e tecnico di elisoccorso hanno raggiunto il ragazzo, che aveva ripreso conoscenza. Dopo avergli prestato le prime cure per un sospetto lieve trauma cranico, i soccorritori lo hanno imbarellato e con l&#8217;aiuto dei suoi compagni lo hanno trasportato fino all&#8217;eliambulanza, a una ventina di metri di distanza. Il trentenne \u00e8 stato quindi portato all&#8217;ospedale di Belluno.<\/p>\n<p>&nbsp;<\/p>\n<p>&nbsp;<\/p>\n<hr \/>\n<p>&nbsp;<\/p>\n<blockquote>\n<h3 class=\"entry-title\">PERDE IL CONTROLLO DELLA MOUNTAIN BIKE E SBATTE VIOLENTEMENTE IL VOLTO<\/h3>\n<\/blockquote>\n<p><strong>CORTINA<\/strong> Ieri attorno alle 14.30 l\u2019elicottero del Suem di Pieve di Cadore \u00e8 stato inviato lungo la pista di downhill del Bike Park per l\u2019incidente di un ragazzo. Il 18enne di Cortina d\u2019Ampezzo (BL), perso il controllo della propria mountain bike, aveva infatti sbattuto con violenza il volto e riportato altri possibili traumi. Preso in consegna dall\u2019equipe medica e dal tecnico di elisoccorso sbarcati nelle vicinanze, al giovane sono state prestate subito le prime cure per un probabile trauma al viso e al collo. Una volta a bordo, l\u2019infortunato \u00e8 stato trasportato all\u2019ospedale di Belluno.<\/p>\n<p>&nbsp;<\/p>\n<hr \/>\n<p>&nbsp;<\/p>\n<blockquote>\n<h3><a class=\"dt-pswp-item\" href=\"https:\/\/www.radiopiu.net\/wordpress\/wp-content\/uploads\/2022\/09\/SSSS-1.jpg\" data-dt-img-description=\"\" data-large_image_width=\"445\" data-large_image_height=\"226\"><img loading=\"lazy\" decoding=\"async\" class=\"wp-image-298722 alignleft\" src=\"https:\/\/www.radiopiu.net\/wordpress\/wp-content\/uploads\/2022\/09\/SSSS-1-300x152.jpg\" alt=\"\" width=\"199\" height=\"101\" srcset=\"https:\/\/www.radiopiu.net\/wordpress\/wp-content\/uploads\/2022\/09\/SSSS-1-300x152.jpg 300w, https:\/\/www.radiopiu.net\/wordpress\/wp-content\/uploads\/2022\/09\/SSSS-1.jpg 445w\" sizes=\"auto, (max-width: 199px) 100vw, 199px\" \/><\/a>VANDALI AL CITTA&#8217; DI BOLOGNA<\/h3>\n<\/blockquote>\n<p><strong>BELLUNO<\/strong>\u00a0 Hanno sfasciato una giostra per bambini \u00a0al parco Citt\u00e0 di Bologna, 100 metri dopo la telecamera che purtroppo, fanno sapere dal comando della Polizia locale, i frame delle immagini non permetto il riconoscimento del volto degli autori della bravata. Danneggiata una trave del diametro di una ventina di centimetri della carrucola, l&#8217;area \u00e8 stata perimetrata ed \u00e8 partita una denuncia querela contro ignoti.<\/p>\n<p><strong>Marco Perale<\/strong>: &#8220;<em>Un sentito ringraziamento agli idioti che al Parco Bologna sono riusciti a spezzare una trave di oltre 20 cm di diametro, probabilmente appendendosi in gruppo, distruggendo uno dei giochi pi\u00f9 amati dai bambini di Belluno. \u00c8 rotta da due settimane. Attendiamo con ansia il pronto intervento degli assessori ai lavori pubblici e manutenzione e alla sicurezza, oltre che naturalmente del Sindaco&#8230;.&#8221;<\/em><\/p>\n<p>&nbsp;<\/p>\n\n\t\t\t<style type='text\/css'>\n\t\t\t\t#gallery-1 {\n\t\t\t\t\tmargin: auto;\n\t\t\t\t}\n\t\t\t\t#gallery-1 .gallery-item {\n\t\t\t\t\tfloat: left;\n\t\t\t\t\tmargin-top: 10px;\n\t\t\t\t\ttext-align: center;\n\t\t\t\t\twidth: 50%;\n\t\t\t\t}\n\t\t\t\t#gallery-1 img {\n\t\t\t\t\tborder: 2px solid #cfcfcf;\n\t\t\t\t}\n\t\t\t\t#gallery-1 .gallery-caption {\n\t\t\t\t\tmargin-left: 0;\n\t\t\t\t}\n\t\t\t\t\/* see gallery_shortcode() in wp-includes\/media.php *\/\n\t\t\t<\/style>\n\t\t<div id='gallery-1' class='dt-gallery-container gallery galleryid-298545 gallery-columns-2 gallery-size-thumbnail'><dl class='gallery-item'>\n\t\t\t\t<dt class='gallery-icon landscape'>\n\t\t\t\t\t<a class=\"rollover rollover-zoom dt-pswp-item\" title=\"307691964_10228785434926106_3115636743521845458_n\" data-dt-img-description=\"\" data-large_image_width=\"600\" data-large_image_height=\"450\"href='https:\/\/www.radiopiu.net\/wordpress\/wp-content\/uploads\/2022\/09\/307691964_10228785434926106_3115636743521845458_n.jpg'><img loading=\"lazy\" decoding=\"async\" width=\"150\" height=\"150\" src=\"https:\/\/www.radiopiu.net\/wordpress\/wp-content\/uploads\/2022\/09\/307691964_10228785434926106_3115636743521845458_n-150x150.jpg\" class=\"attachment-thumbnail size-thumbnail\" alt=\"\" \/><\/a>\n\t\t\t\t<\/dt><\/dl><dl class='gallery-item'>\n\t\t\t\t<dt class='gallery-icon portrait'>\n\t\t\t\t\t<a class=\"rollover rollover-zoom dt-pswp-item\" title=\"308759345_10228785437446169_836619593130103875_n\" data-dt-img-description=\"\" data-large_image_width=\"450\" data-large_image_height=\"600\"href='https:\/\/www.radiopiu.net\/wordpress\/wp-content\/uploads\/2022\/09\/308759345_10228785437446169_836619593130103875_n.jpg'><img loading=\"lazy\" decoding=\"async\" width=\"150\" height=\"150\" src=\"https:\/\/www.radiopiu.net\/wordpress\/wp-content\/uploads\/2022\/09\/308759345_10228785437446169_836619593130103875_n-150x150.jpg\" class=\"attachment-thumbnail size-thumbnail\" alt=\"\" \/><\/a>\n\t\t\t\t<\/dt><\/dl><br style=\"clear: both\" \/>\n\t\t\t<\/div>\n\n<p>&nbsp;<\/p>\n<p>&nbsp;<\/p>\n<p>&nbsp;<\/p>\n<hr \/>\n<p>&nbsp;<\/p>\n<blockquote>\n<h3>IL GRIDO DI AIUTO ALLEGHE LO HA LANCIATO DA TEMPO<\/h3>\n<\/blockquote>\n<p><strong><a class=\"dt-pswp-item\" href=\"https:\/\/www.radiopiu.net\/wordpress\/wp-content\/uploads\/2022\/09\/PALAGHIACCIO-Alleghe.jpg\" data-dt-img-description=\"\" data-large_image_width=\"640\" data-large_image_height=\"480\"><img loading=\"lazy\" decoding=\"async\" class=\" wp-image-297105 alignleft\" src=\"https:\/\/www.radiopiu.net\/wordpress\/wp-content\/uploads\/2022\/09\/PALAGHIACCIO-Alleghe-300x225.jpg\" alt=\"\" width=\"199\" height=\"149\" srcset=\"https:\/\/www.radiopiu.net\/wordpress\/wp-content\/uploads\/2022\/09\/PALAGHIACCIO-Alleghe-300x225.jpg 300w, https:\/\/www.radiopiu.net\/wordpress\/wp-content\/uploads\/2022\/09\/PALAGHIACCIO-Alleghe.jpg 640w\" sizes=\"auto, (max-width: 199px) 100vw, 199px\" \/><\/a>di Danilo De Toni, Sindaco di Alleghe<\/strong><\/p>\n<p>&#8220;<em>Leggendo il pezzo riguardante lo stadio di Feltre sulla stampa locale, sembrerebbe che solo il comune di Feltre di sia mosso per chiedere aiuti contro il rischio chiusura della struttura . Vorrei precisare che gi\u00e0 il giorno in cui ho ricevuto la bolletta ,sentito anche il collega Casagrande di pieve di Cadore, ho contattato il presidente della Federazione Gioss, il ministro D&#8217;Inca, il presidente della Provincia ,e i referenti regionali per chiedere quali misure potevano essere prese per sostenere la gestione di queste strutture importanti per le nostre valli . Quindi quanto chiesto da Feltre alle istituzioni era gi\u00e0 stato anticipato dalle nostre amministrazioni<\/em>&#8220;.<\/p>\n<p>&nbsp;<\/p>\n<hr \/>\n<p>&nbsp;<\/p>\n<p>&nbsp;<\/p>\n<blockquote>\n<h3>ALLEGHE HOCKEY: LA SOLUZIONE MOMENTANEA ALLA CHIUSURA DELLO STADIO<\/h3>\n<\/blockquote>\n<p><strong><a class=\"dt-pswp-item\" href=\"https:\/\/www.radiopiu.net\/wordpress\/wp-content\/uploads\/2021\/09\/ALLEGHE-PANCHINA.jpg\" data-dt-img-description=\"\" data-large_image_width=\"1000\" data-large_image_height=\"665\"><img loading=\"lazy\" decoding=\"async\" class=\" wp-image-233998 alignleft\" src=\"https:\/\/www.radiopiu.net\/wordpress\/wp-content\/uploads\/2021\/09\/ALLEGHE-PANCHINA-300x200.jpg\" alt=\"\" width=\"192\" height=\"128\" srcset=\"https:\/\/www.radiopiu.net\/wordpress\/wp-content\/uploads\/2021\/09\/ALLEGHE-PANCHINA-300x200.jpg 300w, https:\/\/www.radiopiu.net\/wordpress\/wp-content\/uploads\/2021\/09\/ALLEGHE-PANCHINA-768x511.jpg 768w, https:\/\/www.radiopiu.net\/wordpress\/wp-content\/uploads\/2021\/09\/ALLEGHE-PANCHINA.jpg 1000w\" sizes=\"auto, (max-width: 192px) 100vw, 192px\" \/><\/a>ALLEGHE<\/strong> Mancano ancora pochi giorni alla chiusura dello stadio Alvise De Toni di Alleghe. Il sindaco Danilo De Toni ha annunciato che il giorno 30 settembre sar\u00e0 l&#8217;ultimo giorno in cui si potr\u00e0 usare la pista ghiacciata alleghese. Intanto l&#8217;Alleghe Hockey vuole continuare la stagione di IHL iniziata sabato sera con la sconfitta con il Caladaro in quella che, al momento, era la prima e ultima partita ufficiale del De Toni. A partire dal mese di ottobre la societ\u00e0 corre ai ripari e si allener\u00e0 a Feltre per due volte a settimana. Per quanto riguarda le partite casalinghe in programma, la societ\u00e0 ha chiesto alle squadre interessate l&#8217;inversione di campo per poter giocare pi\u00f9 partite possibile e ritrovarsi con il girone di ritorno della stagione regolare con la maggior parte di match da giocare in casa con la speranza che lo stadio di Alleghe riapra. Ce lo ha spiegato il coach alleghese Alessandro Fontana intervistato all&#8217;interno del programma &#8220;Domenica Pi\u00f9 Sport&#8221;<\/p>\n<p><strong>ALESSANDRO FONTANA, ALLENATORE DELL&#8217;ALLEGHE HOCKEY<\/strong><\/p>\n<audio class=\"wp-audio-shortcode\" id=\"audio-298545-1\" preload=\"none\" style=\"width: 100%;\" controls=\"controls\"><source type=\"audio\/mpeg\" src=\"https:\/\/www.radiopiu.net\/wordpress\/wp-content\/uploads\/2022\/09\/ALESSANDRO-FONTANA-FUTURO-ALLEGHE.mp3?_=1\" \/><a href=\"https:\/\/www.radiopiu.net\/wordpress\/wp-content\/uploads\/2022\/09\/ALESSANDRO-FONTANA-FUTURO-ALLEGHE.mp3\">https:\/\/www.radiopiu.net\/wordpress\/wp-content\/uploads\/2022\/09\/ALESSANDRO-FONTANA-FUTURO-ALLEGHE.mp3<\/a><\/audio>\n<p>&nbsp;<\/p>\n<p>&nbsp;<\/p>\n<p>&nbsp;<\/p>\n<hr \/>\n<p>&nbsp;<\/p>\n<blockquote>\n<h3>COMPLETATA LA NUOVA SQUADRA DEL COMANDO PROVINCIALE DEI CARABINIERI, PRESENTATI I TRE NUOVI INNESTI<\/h3>\n<\/blockquote>\n<p><strong><a class=\"dt-pswp-item\" href=\"https:\/\/www.radiopiu.net\/wordpress\/wp-content\/uploads\/2022\/09\/75901bfa-9d9c-40fa-ba58-bb934eb72c7a.jpg\" data-dt-img-description=\"\" data-large_image_width=\"1600\" data-large_image_height=\"902\"><img loading=\"lazy\" decoding=\"async\" class=\" wp-image-298598 alignleft\" src=\"https:\/\/www.radiopiu.net\/wordpress\/wp-content\/uploads\/2022\/09\/75901bfa-9d9c-40fa-ba58-bb934eb72c7a-300x169.jpg\" alt=\"\" width=\"167\" height=\"94\" srcset=\"https:\/\/www.radiopiu.net\/wordpress\/wp-content\/uploads\/2022\/09\/75901bfa-9d9c-40fa-ba58-bb934eb72c7a-300x169.jpg 300w, https:\/\/www.radiopiu.net\/wordpress\/wp-content\/uploads\/2022\/09\/75901bfa-9d9c-40fa-ba58-bb934eb72c7a-1024x577.jpg 1024w, https:\/\/www.radiopiu.net\/wordpress\/wp-content\/uploads\/2022\/09\/75901bfa-9d9c-40fa-ba58-bb934eb72c7a-768x433.jpg 768w, https:\/\/www.radiopiu.net\/wordpress\/wp-content\/uploads\/2022\/09\/75901bfa-9d9c-40fa-ba58-bb934eb72c7a-1536x866.jpg 1536w, https:\/\/www.radiopiu.net\/wordpress\/wp-content\/uploads\/2022\/09\/75901bfa-9d9c-40fa-ba58-bb934eb72c7a.jpg 1600w\" sizes=\"auto, (max-width: 167px) 100vw, 167px\" \/><\/a>BELLUNO<\/strong><\/p>\n<p>di Moreno Gioli<\/p>\n<audio class=\"wp-audio-shortcode\" id=\"audio-298545-2\" preload=\"none\" style=\"width: 100%;\" controls=\"controls\"><source type=\"audio\/mpeg\" src=\"https:\/\/www.radiopiu.net\/wordpress\/wp-content\/uploads\/2022\/09\/GIOLI-CARABINIERI.mp3?_=2\" \/><a href=\"https:\/\/www.radiopiu.net\/wordpress\/wp-content\/uploads\/2022\/09\/GIOLI-CARABINIERI.mp3\">https:\/\/www.radiopiu.net\/wordpress\/wp-content\/uploads\/2022\/09\/GIOLI-CARABINIERI.mp3<\/a><\/audio>\n<p>&nbsp;<\/p>\n<p><strong>ALESSANDRO BUI, COMANDANTE DEI CARABINIERI DELLA COMPAGNIA DI CORTINA<\/strong><\/p>\n<audio class=\"wp-audio-shortcode\" id=\"audio-298545-3\" preload=\"none\" style=\"width: 100%;\" controls=\"controls\"><source type=\"audio\/mpeg\" src=\"https:\/\/www.radiopiu.net\/wordpress\/wp-content\/uploads\/2022\/09\/BUI.mp3?_=3\" \/><a href=\"https:\/\/www.radiopiu.net\/wordpress\/wp-content\/uploads\/2022\/09\/BUI.mp3\">https:\/\/www.radiopiu.net\/wordpress\/wp-content\/uploads\/2022\/09\/BUI.mp3<\/a><\/audio>\n<p>&nbsp;<\/p>\n<p><strong>CHRISTIAN COSTANTINI, COMANDANTE DEL NUCLEO OPERATIVO PROVINCIALE DEI CARABINIERI<\/strong><\/p>\n<audio class=\"wp-audio-shortcode\" id=\"audio-298545-4\" preload=\"none\" style=\"width: 100%;\" controls=\"controls\"><source type=\"audio\/mpeg\" src=\"https:\/\/www.radiopiu.net\/wordpress\/wp-content\/uploads\/2022\/09\/COSTANTINI.mp3?_=4\" \/><a href=\"https:\/\/www.radiopiu.net\/wordpress\/wp-content\/uploads\/2022\/09\/COSTANTINI.mp3\">https:\/\/www.radiopiu.net\/wordpress\/wp-content\/uploads\/2022\/09\/COSTANTINI.mp3<\/a><\/audio>\n<p>&nbsp;<\/p>\n<p><strong>GIANCARLO CARRARO, CAPO UFFICIO DEL COMANDO PROVINCIALE DEI CARABINIERI<\/strong><\/p>\n<audio class=\"wp-audio-shortcode\" id=\"audio-298545-5\" preload=\"none\" style=\"width: 100%;\" controls=\"controls\"><source type=\"audio\/mpeg\" src=\"https:\/\/www.radiopiu.net\/wordpress\/wp-content\/uploads\/2022\/09\/tenente-colonnello-CARRARO.mp3?_=5\" \/><a href=\"https:\/\/www.radiopiu.net\/wordpress\/wp-content\/uploads\/2022\/09\/tenente-colonnello-CARRARO.mp3\">https:\/\/www.radiopiu.net\/wordpress\/wp-content\/uploads\/2022\/09\/tenente-colonnello-CARRARO.mp3<\/a><\/audio>\n<p>&nbsp;<\/p>\n<hr \/>\n<p>&nbsp;<\/p>\n<blockquote>\n<h2>SEGNALAZIONI INASCOLTATE E PERICOLO GHIACCIO IN AGGUATO<\/h2>\n<\/blockquote>\n<p><strong>Riceviamo a volentieri pubblichiamo<\/strong><\/p>\n<p>&nbsp;<\/p>\n<p><em><span class=\"f7rl1if4 adechonz f6oz4yja dahkl6ri axrg9lpx rufpak1n qtovjlwq qbmienfq rfyhaz4c rdmi1yqr ohrdq8us nswx41af fawcizw8 l1aqi3e3 sdu1flz4\"><strong>LA VALLE<\/strong> Sono due mesi che un idrante in via Lantrago, altezza civico 95 perde copiosamente acqua, l&#8217; ho anche segnalato al servizio guasti di gsp, avevano detto che avrebbero mandato qualcuno, ma dopo due settimane la situazione \u00e8 la medesima. PERICOLO GHIACCIO Avevo indicato il fatto che al momento non crea disagio alla circolazione o pericolo, ma appena geler\u00e0 diventer\u00e0 una lastra di ghiaccio. IL CONTROSENSO\u00a0 in pi\u00f9 si parla tanto di sprechi, di essere parsimoniosi e per due mesi abbondanti \u00e8 sgorgata acqua senza tregua.<\/span><\/em><\/p>\n<p>Roberta.<\/p>\n\n\t\t\t<style type='text\/css'>\n\t\t\t\t#gallery-2 {\n\t\t\t\t\tmargin: auto;\n\t\t\t\t}\n\t\t\t\t#gallery-2 .gallery-item {\n\t\t\t\t\tfloat: left;\n\t\t\t\t\tmargin-top: 10px;\n\t\t\t\t\ttext-align: center;\n\t\t\t\t\twidth: 33%;\n\t\t\t\t}\n\t\t\t\t#gallery-2 img {\n\t\t\t\t\tborder: 2px solid #cfcfcf;\n\t\t\t\t}\n\t\t\t\t#gallery-2 .gallery-caption {\n\t\t\t\t\tmargin-left: 0;\n\t\t\t\t}\n\t\t\t\t\/* see gallery_shortcode() in wp-includes\/media.php *\/\n\t\t\t<\/style>\n\t\t<div id='gallery-2' class='dt-gallery-container gallery galleryid-298545 gallery-columns-3 gallery-size-thumbnail'><dl class='gallery-item'>\n\t\t\t\t<dt class='gallery-icon portrait'>\n\t\t\t\t\t<a class=\"rollover\" href='https:\/\/www.radiopiu.net\/wordpress\/segnalazioni-inascoltate-e-pericolo-ghiaccio-in-agguato\/aaaa-68\/'><img loading=\"lazy\" decoding=\"async\" width=\"150\" height=\"150\" src=\"https:\/\/www.radiopiu.net\/wordpress\/wp-content\/uploads\/2022\/09\/AAAA-16-150x150.jpg\" class=\"attachment-thumbnail size-thumbnail\" alt=\"\" \/><\/a>\n\t\t\t\t<\/dt><\/dl><dl class='gallery-item'>\n\t\t\t\t<dt class='gallery-icon landscape'>\n\t\t\t\t\t<a class=\"rollover\" href='https:\/\/www.radiopiu.net\/wordpress\/segnalazioni-inascoltate-e-pericolo-ghiaccio-in-agguato\/ssss-33\/'><img loading=\"lazy\" decoding=\"async\" width=\"150\" height=\"150\" src=\"https:\/\/www.radiopiu.net\/wordpress\/wp-content\/uploads\/2022\/09\/SSSS-150x150.jpg\" class=\"attachment-thumbnail size-thumbnail\" alt=\"\" \/><\/a>\n\t\t\t\t<\/dt><\/dl><dl class='gallery-item'>\n\t\t\t\t<dt class='gallery-icon landscape'>\n\t\t\t\t\t<a class=\"rollover\" href='https:\/\/www.radiopiu.net\/wordpress\/segnalazioni-inascoltate-e-pericolo-ghiaccio-in-agguato\/fff-8\/'><img loading=\"lazy\" decoding=\"async\" width=\"150\" height=\"150\" src=\"https:\/\/www.radiopiu.net\/wordpress\/wp-content\/uploads\/2022\/09\/FFF-150x150.jpg\" class=\"attachment-thumbnail size-thumbnail\" alt=\"\" \/><\/a>\n\t\t\t\t<\/dt><\/dl><br style=\"clear: both\" \/>\n\t\t\t<\/div>\n\n<p>&nbsp;<\/p>\n<p>&nbsp;<\/p>\n<p>&nbsp;<\/p>\n<hr \/>\n<p>&nbsp;<\/p>\n<p><a class=\"dt-pswp-item\" href=\"https:\/\/www.radiopiu.net\/wordpress\/wp-content\/uploads\/2022\/09\/b52b302b-7175-4290-9cfe-338133a268c8.jpg\" data-dt-img-description=\"\" data-large_image_width=\"800\" data-large_image_height=\"800\"><img loading=\"lazy\" decoding=\"async\" class=\"size-medium wp-image-298669 aligncenter\" src=\"https:\/\/www.radiopiu.net\/wordpress\/wp-content\/uploads\/2022\/09\/b52b302b-7175-4290-9cfe-338133a268c8-300x300.jpg\" alt=\"\" width=\"300\" height=\"300\" srcset=\"https:\/\/www.radiopiu.net\/wordpress\/wp-content\/uploads\/2022\/09\/b52b302b-7175-4290-9cfe-338133a268c8-300x300.jpg 300w, https:\/\/www.radiopiu.net\/wordpress\/wp-content\/uploads\/2022\/09\/b52b302b-7175-4290-9cfe-338133a268c8-150x150.jpg 150w, https:\/\/www.radiopiu.net\/wordpress\/wp-content\/uploads\/2022\/09\/b52b302b-7175-4290-9cfe-338133a268c8-768x768.jpg 768w, https:\/\/www.radiopiu.net\/wordpress\/wp-content\/uploads\/2022\/09\/b52b302b-7175-4290-9cfe-338133a268c8.jpg 800w\" sizes=\"auto, (max-width: 300px) 100vw, 300px\" \/><\/a><\/p>\n<p>&nbsp;<\/p>\n<blockquote class=\"wp-embedded-content\" data-secret=\"ZBmm3q0yZm\"><p><a href=\"https:\/\/www.radiopiu.net\/wordpress\/aziendazerosettembre25\/\">UN DECESSO E 2717 NUOVE POSITIVITA&#8217; IN 24 NEL VENETO<\/a><\/p><\/blockquote>\n<p><iframe loading=\"lazy\" class=\"wp-embedded-content\" sandbox=\"allow-scripts\" security=\"restricted\" style=\"position: absolute; clip: rect(1px, 1px, 1px, 1px);\" title=\"&#8220;UN DECESSO E 2717 NUOVE POSITIVITA&#8217; IN 24 NEL VENETO&#8221; &#8212; Radio Pi\u00f9\" src=\"https:\/\/www.radiopiu.net\/wordpress\/aziendazerosettembre25\/embed\/#?secret=FxcrUjHJRi#?secret=ZBmm3q0yZm\" data-secret=\"ZBmm3q0yZm\" width=\"600\" height=\"338\" frameborder=\"0\" marginwidth=\"0\" marginheight=\"0\" scrolling=\"no\"><\/iframe><\/p>\n<p>&nbsp;<\/p>\n<h2>I GRAFICI DI TIZIANO DE COL<\/h2>\n\n\t\t\t<style type='text\/css'>\n\t\t\t\t#gallery-3 {\n\t\t\t\t\tmargin: auto;\n\t\t\t\t}\n\t\t\t\t#gallery-3 .gallery-item {\n\t\t\t\t\tfloat: left;\n\t\t\t\t\tmargin-top: 10px;\n\t\t\t\t\ttext-align: center;\n\t\t\t\t\twidth: 33%;\n\t\t\t\t}\n\t\t\t\t#gallery-3 img {\n\t\t\t\t\tborder: 2px solid #cfcfcf;\n\t\t\t\t}\n\t\t\t\t#gallery-3 .gallery-caption {\n\t\t\t\t\tmargin-left: 0;\n\t\t\t\t}\n\t\t\t\t\/* see gallery_shortcode() in wp-includes\/media.php *\/\n\t\t\t<\/style>\n\t\t<div id='gallery-3' class='dt-gallery-container gallery galleryid-298545 gallery-columns-3 gallery-size-thumbnail'><dl class='gallery-item'>\n\t\t\t\t<dt class='gallery-icon landscape'>\n\t\t\t\t\t<a class=\"rollover rollover-zoom dt-pswp-item\" title=\"78ded158-c918-492c-97a5-4d79d7d48e63\" data-dt-img-description=\"\" data-large_image_width=\"591\" data-large_image_height=\"367\"href='https:\/\/www.radiopiu.net\/wordpress\/wp-content\/uploads\/2022\/09\/78ded158-c918-492c-97a5-4d79d7d48e63.jpg'><img loading=\"lazy\" decoding=\"async\" width=\"150\" height=\"150\" src=\"https:\/\/www.radiopiu.net\/wordpress\/wp-content\/uploads\/2022\/09\/78ded158-c918-492c-97a5-4d79d7d48e63-150x150.jpg\" class=\"attachment-thumbnail size-thumbnail\" alt=\"\" \/><\/a>\n\t\t\t\t<\/dt><\/dl><dl class='gallery-item'>\n\t\t\t\t<dt class='gallery-icon landscape'>\n\t\t\t\t\t<a class=\"rollover rollover-zoom dt-pswp-item\" title=\"1a40e6f3-fc24-47db-a770-5867e7ce9059\" data-dt-img-description=\"\" data-large_image_width=\"599\" data-large_image_height=\"361\"href='https:\/\/www.radiopiu.net\/wordpress\/wp-content\/uploads\/2022\/09\/1a40e6f3-fc24-47db-a770-5867e7ce9059.jpg'><img loading=\"lazy\" decoding=\"async\" width=\"150\" height=\"150\" src=\"https:\/\/www.radiopiu.net\/wordpress\/wp-content\/uploads\/2022\/09\/1a40e6f3-fc24-47db-a770-5867e7ce9059-150x150.jpg\" class=\"attachment-thumbnail size-thumbnail\" alt=\"\" \/><\/a>\n\t\t\t\t<\/dt><\/dl><dl class='gallery-item'>\n\t\t\t\t<dt class='gallery-icon landscape'>\n\t\t\t\t\t<a class=\"rollover rollover-zoom dt-pswp-item\" title=\"5b0464bf-1c24-4b31-b066-ab69ac47fe80\" data-dt-img-description=\"\" data-large_image_width=\"606\" data-large_image_height=\"374\"href='https:\/\/www.radiopiu.net\/wordpress\/wp-content\/uploads\/2022\/09\/5b0464bf-1c24-4b31-b066-ab69ac47fe80.jpg'><img loading=\"lazy\" decoding=\"async\" width=\"150\" height=\"150\" src=\"https:\/\/www.radiopiu.net\/wordpress\/wp-content\/uploads\/2022\/09\/5b0464bf-1c24-4b31-b066-ab69ac47fe80-150x150.jpg\" class=\"attachment-thumbnail size-thumbnail\" alt=\"\" \/><\/a>\n\t\t\t\t<\/dt><\/dl><br style=\"clear: both\" \/><dl class='gallery-item'>\n\t\t\t\t<dt class='gallery-icon landscape'>\n\t\t\t\t\t<a class=\"rollover rollover-zoom dt-pswp-item\" title=\"9119eb91-7a0a-49a4-b5ee-572ff797927d\" data-dt-img-description=\"\" data-large_image_width=\"618\" data-large_image_height=\"366\"href='https:\/\/www.radiopiu.net\/wordpress\/wp-content\/uploads\/2022\/09\/9119eb91-7a0a-49a4-b5ee-572ff797927d.jpg'><img loading=\"lazy\" decoding=\"async\" width=\"150\" height=\"150\" src=\"https:\/\/www.radiopiu.net\/wordpress\/wp-content\/uploads\/2022\/09\/9119eb91-7a0a-49a4-b5ee-572ff797927d-150x150.jpg\" class=\"attachment-thumbnail size-thumbnail\" alt=\"\" \/><\/a>\n\t\t\t\t<\/dt><\/dl><dl class='gallery-item'>\n\t\t\t\t<dt class='gallery-icon landscape'>\n\t\t\t\t\t<a class=\"rollover rollover-zoom dt-pswp-item\" title=\"371290bb-6c1c-4673-8e27-0c7a8c3aa620\" data-dt-img-description=\"\" data-large_image_width=\"608\" data-large_image_height=\"357\"href='https:\/\/www.radiopiu.net\/wordpress\/wp-content\/uploads\/2022\/09\/371290bb-6c1c-4673-8e27-0c7a8c3aa620.jpg'><img loading=\"lazy\" decoding=\"async\" width=\"150\" height=\"150\" src=\"https:\/\/www.radiopiu.net\/wordpress\/wp-content\/uploads\/2022\/09\/371290bb-6c1c-4673-8e27-0c7a8c3aa620-150x150.jpg\" class=\"attachment-thumbnail size-thumbnail\" alt=\"\" \/><\/a>\n\t\t\t\t<\/dt><\/dl><dl class='gallery-item'>\n\t\t\t\t<dt class='gallery-icon landscape'>\n\t\t\t\t\t<a class=\"rollover rollover-zoom dt-pswp-item\" title=\"14b09981-e816-4fe2-8a40-ab4dab9f6b1e\" data-dt-img-description=\"\" data-large_image_width=\"612\" data-large_image_height=\"362\"href='https:\/\/www.radiopiu.net\/wordpress\/wp-content\/uploads\/2022\/09\/14b09981-e816-4fe2-8a40-ab4dab9f6b1e.jpg'><img loading=\"lazy\" decoding=\"async\" width=\"150\" height=\"150\" src=\"https:\/\/www.radiopiu.net\/wordpress\/wp-content\/uploads\/2022\/09\/14b09981-e816-4fe2-8a40-ab4dab9f6b1e-150x150.jpg\" class=\"attachment-thumbnail size-thumbnail\" alt=\"\" \/><\/a>\n\t\t\t\t<\/dt><\/dl><br style=\"clear: both\" \/>\n\t\t\t<\/div>\n\n<p>&nbsp;<\/p>\n<hr \/>\n<p>&nbsp;<\/p>\n<blockquote>\n<h3>OLTRE LE VETTE A BELLUNO DAL 7 AL 16 OTTOBRE<\/h3>\n<\/blockquote>\n<p><strong><a class=\"dt-pswp-item\" href=\"https:\/\/www.radiopiu.net\/wordpress\/wp-content\/uploads\/2022\/09\/immagine-oltrelevette2022-totaro.jpg\" data-dt-img-description=\"\" data-large_image_width=\"1106\" data-large_image_height=\"789\"><img loading=\"lazy\" decoding=\"async\" class=\"wp-image-298605 alignleft\" src=\"https:\/\/www.radiopiu.net\/wordpress\/wp-content\/uploads\/2022\/09\/immagine-oltrelevette2022-totaro-300x214.jpg\" alt=\"\" width=\"158\" height=\"113\" srcset=\"https:\/\/www.radiopiu.net\/wordpress\/wp-content\/uploads\/2022\/09\/immagine-oltrelevette2022-totaro-300x214.jpg 300w, https:\/\/www.radiopiu.net\/wordpress\/wp-content\/uploads\/2022\/09\/immagine-oltrelevette2022-totaro-1024x731.jpg 1024w, https:\/\/www.radiopiu.net\/wordpress\/wp-content\/uploads\/2022\/09\/immagine-oltrelevette2022-totaro-768x548.jpg 768w, https:\/\/www.radiopiu.net\/wordpress\/wp-content\/uploads\/2022\/09\/immagine-oltrelevette2022-totaro.jpg 1106w\" sizes=\"auto, (max-width: 158px) 100vw, 158px\" \/><\/a>BELLUNO<\/strong> Si svolgera\u0300 come di consueto nella prima meta\u0300 del mese di ottobre a Belluno la 26a edizione di Oltre le vette \u2013 Metafore, uomini, luoghi della montagna, manifestazione dell\u2019assessorato alla cultura del Comune di Belluno organizzata insieme alla Fondazione Teatri delle Dolomiti. Il tema di quest\u2019anno e\u0300 La montagna: limiti e liberta\u0300 e proprio su questa apparente contraddizione il pubblico e\u0300 invitato a riflettere attraverso gli oltre 40 eventi proposti, che per la prima volta coinvolgono 6 comuni e diverse sedi del capoluogo, a dimostrazione che Oltre le vette puo\u0300 essere davvero un punto di riferimento culturale per l\u2019intero territorio. Un\u2019altra novita\u0300 e\u0300 l\u2019utilizzo di Palazzo Bembo come cornice per molti eventi: nelle accoglienti sale dell\u2019ex ospedale cittadino, nel nuovo moderno quartiere nel cuore del centro storico, saranno infatti allestite due mostre e saranno presentati i tanti scrittori ospiti della rassegna e le loro opere. Sono confermate anche in questa edizione le storiche collaborazioni con la Fondazione Dolomiti UNESCO, il Parco Nazionale Dolomiti Bellunesi, il CAI \u2013 Club Alpino Italiano, la Provincia di Belluno, la Fondazione Angelini \u2013 Centro Studi sulla Montagna e numerosi altri enti ed associazioni del territorio che cooperano per la definizione di un programma davvero articolato. Oltre Le Vette gode del patrocinio di Ministero della transizione ecologica, Regione Veneto, Convenzione delle Alpi, Trento Film Festival, Provincia di Belluno, Unione montana bellunese, Comune di Agordo, Comune di Alpago, Comune di Cesiomaggiore, Comune di Ponte nelle Alpi, Comune di Sedico, Comune di Val di Zoldo, FAI sezione di Belluno.<\/p>\n<p><strong>L&#8217;ASSESSORE ALLA CULTURA DEL COMUNE DI BELLUNO RAFFAELE ADDAMIANO<\/strong><\/p>\n<audio class=\"wp-audio-shortcode\" id=\"audio-298545-6\" preload=\"none\" style=\"width: 100%;\" controls=\"controls\"><source type=\"audio\/mpeg\" src=\"https:\/\/www.radiopiu.net\/wordpress\/wp-content\/uploads\/2022\/09\/Assessore-Addamiano-OLV.mp3?_=6\" \/><a href=\"https:\/\/www.radiopiu.net\/wordpress\/wp-content\/uploads\/2022\/09\/Assessore-Addamiano-OLV.mp3\">https:\/\/www.radiopiu.net\/wordpress\/wp-content\/uploads\/2022\/09\/Assessore-Addamiano-OLV.mp3<\/a><\/audio>\n<p>&nbsp;<\/p>\n<p><strong>VALERIA BENNI, ORGANIZZATRICE DI OLTRE LE VETTE<\/strong><\/p>\n<audio class=\"wp-audio-shortcode\" id=\"audio-298545-7\" preload=\"none\" style=\"width: 100%;\" controls=\"controls\"><source type=\"audio\/mpeg\" src=\"https:\/\/www.radiopiu.net\/wordpress\/wp-content\/uploads\/2022\/09\/Valeria-Benni-OLV.mp3?_=7\" \/><a href=\"https:\/\/www.radiopiu.net\/wordpress\/wp-content\/uploads\/2022\/09\/Valeria-Benni-OLV.mp3\">https:\/\/www.radiopiu.net\/wordpress\/wp-content\/uploads\/2022\/09\/Valeria-Benni-OLV.mp3<\/a><\/audio>\n<p>&nbsp;<\/p>\n<p>&nbsp;<\/p>\n<hr \/>\n<p>&nbsp;<\/p>\n<blockquote>\n<h3>ANCHE ALLEGHE VOTA IL PASSAGGIO DELLA DMO DA CONSORZIO A FONDAZIONE<\/h3>\n<\/blockquote>\n<p><strong>ALLEGHE<\/strong>\u00a0Mercoledi alle 20 consiglio comunale convocato dal sindaco Danilo De Toni. All\u2019ordine del giorno la quinta variazione al bilancio, la modifica al piano degli investimenti, la trasformazione del Consorzio Dolomiti in Fondazione e relativa approvazione del nuovo statuto, approvazione schema di convenzione per la convenzione in forma associata per il Segretario Comunale con i Comuni di Alleghe, Selva di Cadore, San Tomaso e Zoppe\u2019 di Cadore.<\/p>\n<p>&nbsp;<\/p>\n<p>&nbsp;<\/p>\n<hr \/>\n<p>&nbsp;<\/p>\n<blockquote>\n<h3>DUE VARIAZIONI NEL CONSIGLIO COMUNALE DEL SINDACO SALVATERRA<\/h3>\n<\/blockquote>\n<p><strong>FALCADE<\/strong> Giovedi alle 20 consiglio comunale in Municipio, all&#8217;ordine del giorno 9^ e 10^ variazione al bilancio; trasformazione del consorzio DMO in fondazione; servizio idrico integrato; programma lavori pubblici.<\/p>\n<p>&nbsp;<\/p>\n<hr \/>\n<p>&nbsp;<\/p>\n<blockquote>\n<h3 class=\"entry-title\">NUOVO GOVERNO, PRIMI 100 GIORNI CHOC. NON SOLO AUTONOMIA: IN VENETO VANNO COMPLETATE LE GRANDI OPERE INCOMPIUTE<\/h3>\n<\/blockquote>\n<p>Senza approvare alcuna misura promessa in questa campagna elettorale, il nuovo Governo dovr\u00e0 comunque trovare entro il prossimo 31 dicembre almeno 40 miliardi di euro; di cui 5 miliardi per estendere anche al mese di dicembre gli effetti contro il caro energia introdotti la settimana scorsa con il decreto Aiuti ter e altri 35 miliardi per consentire, attraverso la prossima legge di bilancio, che alcuni provvedimenti introdotti dal Governo Draghi non decadano con l\u2019avvio del nuovo anno.<\/p>\n<p>In altre parole, sottolinea l\u2019Ufficio studi della CGIA, il nuovo esecutivo che \u201cuscir\u00e0\u201d dalle urne ha gi\u00e0 una ipoteca da 40 miliardi di euro e sar\u00e0 quasi impossibile mantenere, almeno nei primi 100 giorni, le promesse elettorali annunciate in questi ultimi due mesi; come, ad esempio, la drastica riduzione delle tasse, la riforma delle pensioni, il taglio del cuneo fiscale, etc., etc.<\/p>\n<p>Senza contare che se il nuovo inquilino di Palazzo Chigi vorr\u00e0 intervenire con ulteriori provvedimenti per mitigare il caro energia saranno necessari, come da tempo sottolineano gli artigiani mestrini, altri 35 miliardi di euro per ridurre di almeno la met\u00e0 i rincari che si sono abbattuti quest\u2019anno a livello nazionale su famiglie e imprese, di cui 5 miliardi dovrebbero ristorare i veneti.<\/p>\n<p><strong>Il nuovo governo e le \u201cincompiute\u201d in Veneto<\/strong><br \/>\nOltre all\u2019autonomia, speriamo che il nuovo esecutivo, ovviamente con il supporto della Regione e degli enti locali veneti, riprenda in mano o eserciti un forte impulso alla realizzazione di alcune delle grandi opere \u201cincompiute\u201d che il nostro territorio attende da almeno 40 anni. Se i lavori di ultimazione del Mose e della Pedemontana veneta sono in dirittura d\u2019arrivo, in materia di alta velocit\u00e0\/alta capacit\u00e0 ferroviaria la tratta Verona-Padova \u00e8 in fase di realizzazione. L\u2019attivazione per fasi \u00e8 prevista a partire dalla fine del 2025. L\u2019apertura dei cantieri della Bologna-Padova, invece, dovrebbe avvenire quanto prima. Diverse, infine, sono le infrastrutture rimaste ancora a livello progettuale o poco pi\u00f9. Tra le pi\u00f9 importanti ricordiamo l\u2019idrovia Padova-Venezia, che comunque \u00e8 stata inserita tra gli interventi da finanziare con il Pnrr, il prolungamento verso Trento della A31 Valdastico, il completamento della A27 verso Monaco e la realizzazione del Sistema Ferroviario Metropolitano Veneto (SFMR).<\/p>\n<p><strong>E\u2019 in arrivo la stagflazione<\/strong><br \/>\nIl pericolo che anche l\u2019economia del Veneto stia scivolando lentamente verso la stagflazione \u00e8 molto elevato. Questo fenomeno, ai pi\u00f9 sconosciuto, si manifesta raramente, ovvero quando ad una crescita economica tendente allo zero, o addirittura negativa, si affianca un\u2019inflazione molto alta che fa aumentare in misura molto preoccupante il tasso di disoccupazione.<\/p>\n<p>Uno scenario che potrebbe verificarsi l\u2019anno prossimo anche nella nostra regione, cos\u00ec come gi\u00e0 \u00e8 successo nella seconda met\u00e0 degli anni \u201970 del secolo scorso. Gli effetti della guerra in Ucraina, l\u2019aumento dei prezzi delle materie prime e dei prodotti energetici rischiano, nel medio periodo, di spingere l\u2019economia verso una crescita pari a zero, con una inflazione che si avvierebbe a toccare le due cifre.<\/p>\n<p><strong>Bisogna tagliare le tasse e la spesa corrente<\/strong><br \/>\nContrastare la stagflazione \u00e8 un\u2019operazione estremamente complessa. Per invertire la spinta inflazionistica, gli esperti sostengono che le\u00a0banche centrali\u00a0dovrebbero contenere le misure espansive e aumentare i tassi di interesse, operazione gi\u00e0 in corso che provocher\u00e0 una diminuzione della massa monetaria in circolazione. E\u2019 evidente che avendo un rapporto debito\/Pil tra i pi\u00f9 elevati al mondo, con un ulteriore aumento dei tassi di interesse l\u2019Italia registrerebbe un deciso incremento del costo del debito pubblico. Altres\u00ec, bisognerebbe intervenire simultaneamente almeno su altri due versanti: in primo luogo, attraverso la drastica riduzione della spesa corrente e, in secondo luogo, con il taglio della pressione fiscale, unici strumenti efficaci in grado di stimolare i consumi e per questa via alimentare anche la domanda aggregata di beni e servizi. Operazioni, queste ultime, non facili da applicare in misura importante, almeno fino a quando non verr\u00e0 \u201crivisto\u201d il Patto di Stabilit\u00e0 a livello europeo.<\/p>\n<p><strong>La legge di bilancio 2023<\/strong><br \/>\nEntro il 27 settembre sar\u00e0 il governo uscente a presentare la Nota di aggiornamento al documento di economia e finanza (Nadef), mentre spetter\u00e0 al nuovo esecutivo redigere entro il 15 ottobre il Documento programmatico di bilancio (Dpb) ed entro il 20 ottobre il disegno di legge di bilancio. Scadenze, queste ultime due, che quasi certamente non potranno essere rispettate, visto che la prima seduta delle nuove Camere \u00e8 stata fissata il 13 ottobre. Anche approvare in tempo la finanziaria 2023 non sar\u00e0 facile: per legge va votata entro il 31 dicembre, altrimenti si rischia l\u2019esercizio provvisorio. Pertanto, i tempi a disposizione sono strettissimi e non sar\u00e0 facile trovare le tutte le risorse per confermare anche per l\u2019anno venturo molti provvedimenti introdotti dal governo Draghi. Esse sono:<br \/>\nquasi 15 miliardi di euro per rinnovare nei primo trimestre le misure contro il caro energia previste dal decreto Aiuti ter;<br \/>\nalmeno 8,5 miliardi di euro per indicizzare le pensioni;<br \/>\nalmeno 5 miliardi per il rinnovo del contratto del pubblico impiego;<br \/>\n4,5 miliardi di euro per lo sconto contributivo del 2 per cento a carico dei lavoratori dipendenti con reddito fino a 35 mila euro;<br \/>\n2 miliardi di euro di spese indifferibili.<\/p>\n<p>&nbsp;<\/p>\n<p>&nbsp;<\/p>\n<hr \/>\n<p>&nbsp;<\/p>\n<blockquote>\n<h3>DAL BOSCO ALLA PRODUZIONE DI ENERGIA, UNA FILIERA PER BELLLUNO NELLE LINEE GREEN DEL PNRR<\/h3>\n<\/blockquote>\n<p><strong><a class=\"dt-pswp-item\" href=\"https:\/\/www.radiopiu.net\/wordpress\/wp-content\/uploads\/2022\/09\/aaaaaa.jpg\" data-dt-img-description=\"\" data-large_image_width=\"265\" data-large_image_height=\"257\"><img loading=\"lazy\" decoding=\"async\" class=\"wp-image-298472 alignleft\" src=\"https:\/\/www.radiopiu.net\/wordpress\/wp-content\/uploads\/2022\/09\/aaaaaa.jpg\" alt=\"\" width=\"146\" height=\"142\" \/><\/a>BELLUNO<\/strong> Venerdi 30 settembre nella sala Eliso Dal Pont &#8220;Bianchi&#8221; alle 9.30 per iniziativa della CGIL Belluno sar\u00e0 trattato un tema importante come la potenzialit\u00e0 per la creazione locale di una filiera del bosco per la creazione di energia. Introdurr\u00e0 ai lavori Mauro De Carli, Segretario generale della Cgil di Belluno, conclusione del segretario Cgil Veneto, Paolo Righetti dopo gli interventi di Sebastiano Grosselle (segreteria Cgil Belluno), Paola Fatto, Daniele Perin, Raffaele Cavalli, Francesco Loreggian (Universit\u00e0 di Padova),\u00a0 Francesco De Bettin (presidente Dba group), Marco Staunovo Polacco (presidente Bim Piave Belluno) e Simone Deola (consigliere provinciale).<\/p>\n<p>&nbsp;<\/p>\n<p>&nbsp;<\/p>\n<hr \/>\n<p>&nbsp;<\/p>\n<div id=\"title\" class=\"style-scope ytd-watch-metadata\">\n<h1 class=\"style-scope ytd-watch-metadata\">VAIA DIVENTA ARTE 2022<\/h1>\n<\/div>\n<div id=\"top-row\" class=\"style-scope ytd-watch-metadata\">\n<div id=\"description\" class=\"item style-scope ytd-watch-metadata\">\n<div id=\"description-inner\" class=\"style-scope ytd-watch-metadata\"><span class=\"style-scope yt-formatted-string\" dir=\"auto\">Pomeriggio d&#8217;arte, cultura, tradizioni nell&#8217;area di Candaten (Sedico). con Marco Martalart scultore del legno ed artista del bosco; Manuel Cicchetti (fotografo) Angelo Miotto (giornalista); Francesca Gallo (artigiana che canta). Moderatore Mirko Mezzacasa, direttore Radio Pi\u00f9.\u00a0<\/span><\/div>\n<div><\/div>\n<\/div>\n<\/div>\n<p><iframe loading=\"lazy\" title=\"VAIA DIVENTA ARTE 2022\" width=\"1200\" height=\"675\" src=\"https:\/\/www.youtube.com\/embed\/OZtxHUWJvCI?feature=oembed\" frameborder=\"0\" allow=\"accelerometer; autoplay; clipboard-write; encrypted-media; gyroscope; picture-in-picture\" allowfullscreen><\/iframe><\/p>\n<p>&nbsp;<\/p>\n<hr \/>\n<p>&nbsp;<\/p>\n<blockquote>\n<h3>LA DESMONTEGADA DI FALCADE<\/h3>\n<\/blockquote>\n<p><strong>FALCADE\u00a0<\/strong>Si \u00e8 svolta sabato a Falcade la Desmontegada 2022. Per le vie del paese hanno sfilato gli animali scesi dalle malghe accompagnati dai malgari e non solo.<\/p>\n<p><strong>LA DIRETTA RADIO PIU\u2019<\/strong><\/p>\n<p>https:\/\/www.facebook.com\/mirko.mezzacasa\/videos\/760408548397386\/<\/p>\n<p>&nbsp;<\/p>\n<h2><span style=\"color: #ff0000;\"><b>IL CONCERTO DELLA BANDA DA FODOM<\/b><\/span><\/h2>\n<h1><strong>PER GUARDARE IL VIDEO<span style=\"color: #0000ff;\"><a style=\"color: #0000ff;\" href=\"https:\/\/www.facebook.com\/marco.baghy.1\/videos\/784352979518417\/\"> CLICCA QUI<\/a><\/span><\/strong><\/h1>\n<p>&nbsp;<\/p>\n<p><strong>FALCADE<\/strong> A Falcade la sfilata delle bande, ultimo appuntamento di rilievo della tre giorni di Se Desmonteghea a Falcade.<\/p>\n<p><strong>LA DIRETTA RADIO PIU&#8217;<\/strong><\/p>\n<p>https:\/\/www.facebook.com\/marco.baghy.1\/videos\/1436998440141476<\/p>\n<p>&nbsp;<\/p>\n<p>&nbsp;<\/p>\n<hr \/>\n<p>&nbsp;<\/p>\n<blockquote>\n<h3>LA FISICA DELLA LUCE CON IL DOTTOR BERNARDO MOLINAS<\/h3>\n<\/blockquote>\n<p><strong>AGORDO<\/strong> Presso la sala Don Tamis, di Agordo, si \u00e8 svolta sabato la prima delle tre conferenze previste sulla storia del colore con il Dottor Bernardo Molinas sulla fisica della luce.<\/p>\n<h1><strong>LA DIRETTA RADIO PIU&#8217; &#8211; <span style=\"color: #0000ff;\"><a style=\"color: #0000ff;\" href=\"https:\/\/www.facebook.com\/marco.baghy.1\/videos\/1099312474123311\">CLICCA QUI<\/a><\/span><\/strong><\/h1>\n<p>&nbsp;<\/p>\n<p>&nbsp;<\/p>\n<hr \/>\n<p>&nbsp;<\/p>\n<blockquote class=\"wp-embedded-content\" data-secret=\"siFrhlIWhI\"><p><a href=\"https:\/\/www.radiopiu.net\/wordpress\/di-elio-arico-le-foto-al-maestro-augusto-murer-omaggio-a-100-anni-dalla-nascita\/\">DI ELIO ARICO&#8217;, LE FOTO AL MAESTRO AUGUSTO MURER. OMAGGIO A 100 ANNI DALLA NASCITA<\/a><\/p><\/blockquote>\n<p><iframe loading=\"lazy\" class=\"wp-embedded-content\" sandbox=\"allow-scripts\" security=\"restricted\" style=\"position: absolute; clip: rect(1px, 1px, 1px, 1px);\" title=\"&#8220;DI ELIO ARICO&#8217;, LE FOTO AL MAESTRO AUGUSTO MURER. OMAGGIO A 100 ANNI DALLA NASCITA&#8221; &#8212; Radio Pi\u00f9\" src=\"https:\/\/www.radiopiu.net\/wordpress\/di-elio-arico-le-foto-al-maestro-augusto-murer-omaggio-a-100-anni-dalla-nascita\/embed\/#?secret=pPbxcI24hK#?secret=siFrhlIWhI\" data-secret=\"siFrhlIWhI\" width=\"600\" height=\"338\" frameborder=\"0\" marginwidth=\"0\" marginheight=\"0\" scrolling=\"no\"><\/iframe><\/p>\n<p>&nbsp;<\/p>\n<hr \/>\n<p>&nbsp;<\/p>\n<p>&nbsp;<\/p>\n<blockquote>\n<h3>\u00a0I CORSI DELL&#8217;ADA<\/h3>\n<\/blockquote>\n<p><strong>di GIANNI SANTOMASO<\/strong><\/p>\n<audio class=\"wp-audio-shortcode\" id=\"audio-298545-8\" preload=\"none\" style=\"width: 100%;\" controls=\"controls\"><source type=\"audio\/mpeg\" src=\"https:\/\/www.radiopiu.net\/wordpress\/wp-content\/uploads\/2022\/09\/ripartenza-corsi-ada-gianni.mp3?_=8\" \/><a href=\"https:\/\/www.radiopiu.net\/wordpress\/wp-content\/uploads\/2022\/09\/ripartenza-corsi-ada-gianni.mp3\">https:\/\/www.radiopiu.net\/wordpress\/wp-content\/uploads\/2022\/09\/ripartenza-corsi-ada-gianni.mp3<\/a><\/audio>\n<p>&nbsp;<\/p>\n<div style=\"width: 848px;\" class=\"wp-video\"><video class=\"wp-video-shortcode\" id=\"video-298545-1\" width=\"848\" height=\"480\" preload=\"metadata\" controls=\"controls\"><source type=\"video\/mp4\" src=\"https:\/\/www.radiopiu.net\/wordpress\/wp-content\/uploads\/2022\/08\/WhatsApp-Video-2022-08-30-at-17.21.20.mp4?_=1\" \/><a href=\"https:\/\/www.radiopiu.net\/wordpress\/wp-content\/uploads\/2022\/08\/WhatsApp-Video-2022-08-30-at-17.21.20.mp4\">https:\/\/www.radiopiu.net\/wordpress\/wp-content\/uploads\/2022\/08\/WhatsApp-Video-2022-08-30-at-17.21.20.mp4<\/a><\/video><\/div>\n<p>&nbsp;<\/p>\n<p>&nbsp;<\/p>\n<hr \/>\n<p>&nbsp;<\/p>\n<blockquote>\n<h3 dir=\"auto\">LE FERRARI AD ALLEGHE \u2013 EVENTO F.O.C.I.<\/h3>\n<\/blockquote>\n<div dir=\"auto\"><\/div>\n<div dir=\"auto\"><strong>ALLEGHE<\/strong> Alleghe si tinge di rosso, lunedi dalle 10:30 alle\u00a0 11:15 almeno 40 auto Ferrari sosteranno al piazzale dello Stadio del ghiaccio di Alleghe per le foto di rito e la gioia degli amanti del Cavallino<\/div>\n<p><a class=\"dt-pswp-item\" href=\"https:\/\/www.radiopiu.net\/wordpress\/wp-content\/uploads\/2022\/09\/308956893_5480935931995776_1662303743342285913_n.png\" data-dt-img-description=\"\" data-large_image_width=\"960\" data-large_image_height=\"720\"><img loading=\"lazy\" decoding=\"async\" class=\"alignnone wp-image-298738\" src=\"https:\/\/www.radiopiu.net\/wordpress\/wp-content\/uploads\/2022\/09\/308956893_5480935931995776_1662303743342285913_n-300x225.png\" alt=\"\" width=\"231\" height=\"173\" srcset=\"https:\/\/www.radiopiu.net\/wordpress\/wp-content\/uploads\/2022\/09\/308956893_5480935931995776_1662303743342285913_n-300x225.png 300w, https:\/\/www.radiopiu.net\/wordpress\/wp-content\/uploads\/2022\/09\/308956893_5480935931995776_1662303743342285913_n-768x576.png 768w, https:\/\/www.radiopiu.net\/wordpress\/wp-content\/uploads\/2022\/09\/308956893_5480935931995776_1662303743342285913_n.png 960w\" sizes=\"auto, (max-width: 231px) 100vw, 231px\" \/><\/a><\/p>\n<p>&nbsp;<\/p>\n<hr \/>\n<p>&nbsp;<\/p>\n<blockquote>\n<h3><a class=\"dt-pswp-item\" href=\"https:\/\/www.radiopiu.net\/wordpress\/wp-content\/uploads\/2022\/09\/aaa-12.jpg\" data-dt-img-description=\"\" data-large_image_width=\"260\" data-large_image_height=\"210\"><img loading=\"lazy\" decoding=\"async\" class=\" wp-image-298736 alignleft\" src=\"https:\/\/www.radiopiu.net\/wordpress\/wp-content\/uploads\/2022\/09\/aaa-12.jpg\" alt=\"\" width=\"162\" height=\"131\" \/><\/a>AUTODIFESA FEMMINILE &#8211; VIPER<\/h3>\n<\/blockquote>\n<p><strong>ARSIE<\/strong>&#8216; Una lezione gratuita,\u00a0 tre ore dalle 9 del mattino alle 12 di domenica 9 ottobre, \u00e8 il progetto dedicato alla difesa femminile, organizzato da Ving Tsun Academy.\u00a0 Si svolge presso palestra\u00a0 della scuola dell&#8217;infanzia di via Nazionale 37 a Fastro.\u00a0 Per prenotazioni ed informazioni:\u00a0 Sifu Christian Baggio, telefono 3479850726\u00a0 <a class=\"qi72231t nu7423ey n3hqoq4p r86q59rh b3qcqh3k fq87ekyn bdao358l fsf7x5fv rse6dlih s5oniofx m8h3af8h l7ghb35v kjdc1dyq kmwttqpk srn514ro oxkhqvkx rl78xhln nch0832m cr00lzj9 rn8ck1ys s3jn8y49 icdlwmnq cxfqmxzd ezidihy3\" tabindex=\"0\" role=\"link\" href=\"https:\/\/l.facebook.com\/l.php?u=http%3A%2F%2Fwww.vta-i.org%2F%3Ffbclid%3DIwAR2NIu90emTYTuUUlVqhhY9NqZgseq-C7uproC2Mk-GMrnJ8Hlfzn3J4L4M&amp;h=AT3MyyL4fnfKMhwQE4uQJAkGgI0q5lB246Kgoi_LVWcH2fGFNc-SY3Sx7qlCOBnThLs7-lo8AvPJKaC4pbQ40dIzBgfxM6v73EhioBDNWtmDMg59fBHDqCtBoZYJUng52s7l&amp;__tn__=-UK-R&amp;c[0]=AT3FOofnWJiATPPxPvtf6iv8omfFWoeHOmgvEkw-Yr43JWvsHExfOYkO_KTvNIHdYD62tSwj21Sm9TrVDVTEHE5zH9KcQuR6mJKkHjNZ5tEKvcqSkQoq04FQuD1SQ9FUavMr640P2xf3_U8qGr1Yx-HBJUTE8yA2Fz1HpcwgX7Ieajg1PXD6k77YRMMzwTGjTylhgOhknQQ\" target=\"_blank\" rel=\"nofollow noopener\">www.vta-i.org<\/a><\/p>\n<p>&nbsp;<\/p>\n<p>&nbsp;<\/p>\n<p>&nbsp;<\/p>\n<hr \/>\n<p>&nbsp;<\/p>\n<blockquote>\n<h3>RITORNA L&#8217;UNIVERSITA&#8217; DEGLI ANZIANI AD AGORDO<\/h3>\n<\/blockquote>\n<p><strong><a class=\"dt-pswp-item\" href=\"https:\/\/www.radiopiu.net\/wordpress\/wp-content\/uploads\/2022\/09\/UNIVERSITA-ANZIANI-AGORDO-min.jpg\" data-dt-img-description=\"\" data-large_image_width=\"500\" data-large_image_height=\"500\"><img loading=\"lazy\" decoding=\"async\" class=\" wp-image-297212 alignleft\" src=\"https:\/\/www.radiopiu.net\/wordpress\/wp-content\/uploads\/2022\/09\/UNIVERSITA-ANZIANI-AGORDO-min-150x150.jpg\" alt=\"\" width=\"113\" height=\"113\" srcset=\"https:\/\/www.radiopiu.net\/wordpress\/wp-content\/uploads\/2022\/09\/UNIVERSITA-ANZIANI-AGORDO-min-150x150.jpg 150w, https:\/\/www.radiopiu.net\/wordpress\/wp-content\/uploads\/2022\/09\/UNIVERSITA-ANZIANI-AGORDO-min-300x300.jpg 300w, https:\/\/www.radiopiu.net\/wordpress\/wp-content\/uploads\/2022\/09\/UNIVERSITA-ANZIANI-AGORDO-min.jpg 500w\" sizes=\"auto, (max-width: 113px) 100vw, 113px\" \/><\/a>AGORDO<\/strong> Con il mese di ottobre ritornano le lezioni dell&#8217;Universit\u00e0 degli Anziani ad Agordo. Ogni marted\u00ec dalle 15 alle 17 in Sala Don Tamis un appuntamento in presenza. Il primo appuntamento della serie \u00e8 per il 4 ottobre quando ci sar\u00e0 l&#8217;inaugurazione dell&#8217;anno accademico con la presenza di Marco Perale, giornalista e storico bellunese che parler\u00e0 di Dino Buzzati e la Mostra di Belluno. La quota d&#8217;iscrizione \u00e8 di 35 euro da versare il primo giorno di frequenza. Per informazioni 0437 62416 oppure 333 8638929.<\/p>\n<p><strong>TUTTI GLI APPUNTAMENTI IN PROGRAMMA<\/strong><\/p>\n<a href=\"https:\/\/www.radiopiu.net\/wordpress\/wp-content\/uploads\/2022\/09\/aaa.pdf\" class=\"pdfemb-viewer\" style=\"\" data-width=\"max\" data-height=\"max\" data-toolbar=\"top\" data-toolbar-fixed=\"on\">aaa<\/a>\n<p>&nbsp;<\/p>\n<p>&nbsp;<\/p>\n<hr \/>\n<blockquote>\n<h3><\/h3>\n<h3><a class=\"dt-pswp-item\" href=\"https:\/\/www.radiopiu.net\/wordpress\/wp-content\/uploads\/2022\/09\/e21441ab-5414-42e6-89a3-5a7bb7347520.jpg\" data-dt-img-description=\"\" data-large_image_width=\"902\" data-large_image_height=\"1280\"><img loading=\"lazy\" decoding=\"async\" class=\"wp-image-298173 alignleft\" src=\"https:\/\/www.radiopiu.net\/wordpress\/wp-content\/uploads\/2022\/09\/e21441ab-5414-42e6-89a3-5a7bb7347520-211x300.jpg\" alt=\"\" width=\"105\" height=\"150\" srcset=\"https:\/\/www.radiopiu.net\/wordpress\/wp-content\/uploads\/2022\/09\/e21441ab-5414-42e6-89a3-5a7bb7347520-211x300.jpg 211w, https:\/\/www.radiopiu.net\/wordpress\/wp-content\/uploads\/2022\/09\/e21441ab-5414-42e6-89a3-5a7bb7347520-722x1024.jpg 722w, https:\/\/www.radiopiu.net\/wordpress\/wp-content\/uploads\/2022\/09\/e21441ab-5414-42e6-89a3-5a7bb7347520-768x1090.jpg 768w, https:\/\/www.radiopiu.net\/wordpress\/wp-content\/uploads\/2022\/09\/e21441ab-5414-42e6-89a3-5a7bb7347520.jpg 902w\" sizes=\"auto, (max-width: 105px) 100vw, 105px\" \/><\/a><\/h3>\n<h3>FOLKLOR JALPE&#8217; DE LA MARMOLEDA<\/h3>\n<\/blockquote>\n<p><strong>ROCCA PIETORE<\/strong> 1 e 2 ottobre a Rocca Pietore torna Folklor Jalp\u00e8 De La Marmol\u00e8da. Sotto al tendone riscaldato due giorni di festa con il gruppo Folk Marmol\u00e8da. Sabato 1 ottobre dalle 18 aperitivo in musica con i Volxalp, dalle 19 stand gastronomico con piatti tipici, alle 22 il rock dei Sinfobia e chiusura con DJ set. Domenica 2 ottobre la Santa Messa alle 11, dalle 12:30 pranzo con piatti tipici e musica con Die Derstige. Alle 14:30 la sfilata dei gruppi folk, alle 18 musica con i Pazedins e finale con la cucina tipica dalle 19.<\/p>\n<p>&nbsp;<\/p>\n<hr \/>\n<p>&nbsp;<\/p>\n<blockquote>\n<h3>OHANNES GUREKIAN, UN PROGETTISTA ARMENO DELLE DOLOMITI<\/h3>\n<\/blockquote>\n<p><strong><a class=\"dt-pswp-item\" href=\"https:\/\/www.radiopiu.net\/wordpress\/wp-content\/uploads\/2022\/09\/Unknown.jpeg\" data-dt-img-description=\"\" data-large_image_width=\"1536\" data-large_image_height=\"2048\"><img loading=\"lazy\" decoding=\"async\" class=\" wp-image-297481 alignleft\" src=\"https:\/\/www.radiopiu.net\/wordpress\/wp-content\/uploads\/2022\/09\/Unknown-150x150.jpeg\" alt=\"\" width=\"95\" height=\"95\" \/><\/a>BELLUNO <\/strong>Fino al giorno 29 ottobre, sar\u00e0 possibile visitare il percorso espositivo presso la biblioteca civica di Agordo.\u00a0 <strong>SABATO 1<\/strong> ottobre\u00a0 &#8220;escursione architettonica&#8221; fra i vicoli del paese di Frassen\u00e9 Agordino, che per lungo tempo Gurekian elesse quale luogo di residenza, per vedere dal vivo alcune delle realizzazioni dei suoi progetti.\u00a0 <strong>SABATO 8<\/strong> ottobre (notte di plenilunio) trekking da Frassen\u00e9 al Rifugio Scarpa-Gurekian raccontando cosa lega questo luogo alla storia di Ohann\u00e9s Gurekian. Poi ci sar\u00e0 la possibilit\u00e0 di fermarsi per cenare.<\/p>\n<p>&nbsp;<\/p>\n<p>&nbsp;<\/p>\n<p>&nbsp;<\/p>\n<hr \/>\n<p>&nbsp;<\/p>\n<blockquote>\n<h2>PROLOCO DI RIVAMONTE AGORDINO<\/h2>\n<\/blockquote>\n<div>\n<div class=\"hael596l alzwoclg jl2a5g8c qjfq86k5 r227ecj6 gt60zsk1 s1m0hq7j\">\n<div class=\"cgu29s5g\">\n<div class=\"alzwoclg cqf1kptm siwo0mpr gu5uzgus\">\n<div class=\"jroqu855 nthtkgg5\"><strong>14-15-16 OTTOBRE 2022<\/strong><\/div>\n<\/div>\n<\/div>\n<\/div>\n<\/div>\n<div>\n<div class=\"\" dir=\"auto\">\n<div id=\"jsc_c_1y\" class=\"d2hqwtrz r227ecj6 ez8dtbzv gt60zsk1\" data-ad-comet-preview=\"message\" data-ad-preview=\"message\">\n<div class=\"alzwoclg cqf1kptm siwo0mpr gu5uzgus\">\n<div class=\"jroqu855 nthtkgg5\">\n<div class=\"m8h3af8h l7ghb35v kjdc1dyq kmwttqpk gh25dzvf n3t5jt4f\">\n<div dir=\"auto\">Finalmente ritorna l&#8217;Oktoberfest. Tre giorni di festa in compagnia di buona musica e buon cibo: Canederli, \u00a0Spatzle<\/div>\n<div dir=\"auto\">Stinco con crauti e patate fritte e Buona birra in bicchieri di vetro\u00a0 \u00a0 \u00a0<strong>STAY TUNED<\/strong><br \/>\n<a class=\"dt-pswp-item\" href=\"https:\/\/www.radiopiu.net\/wordpress\/wp-content\/uploads\/2022\/09\/306610049_3398892650338616_7875061756741663012_n.jpg\" data-dt-img-description=\"\" data-large_image_width=\"720\" data-large_image_height=\"261\"><img loading=\"lazy\" decoding=\"async\" class=\"alignnone wp-image-296989 size-full\" src=\"https:\/\/www.radiopiu.net\/wordpress\/wp-content\/uploads\/2022\/09\/306610049_3398892650338616_7875061756741663012_n.jpg\" alt=\"\" width=\"720\" height=\"261\" srcset=\"https:\/\/www.radiopiu.net\/wordpress\/wp-content\/uploads\/2022\/09\/306610049_3398892650338616_7875061756741663012_n.jpg 720w, https:\/\/www.radiopiu.net\/wordpress\/wp-content\/uploads\/2022\/09\/306610049_3398892650338616_7875061756741663012_n-300x109.jpg 300w\" sizes=\"auto, (max-width: 720px) 100vw, 720px\" \/><\/a><\/div>\n<div dir=\"auto\"><\/div>\n<\/div>\n<\/div>\n<\/div>\n<\/div>\n<\/div>\n<\/div>\n<p>&nbsp;<\/p>\n<hr \/>\n<p>&nbsp;<\/p>\n<blockquote>\n<h3>DOMENICA 23 OTTOBRE LA GRANDE FESTA ALLA FABBRICA IN PEDAVENA DI LA VALLE<\/h3>\n<\/blockquote>\n<p><a class=\"dt-pswp-item\" href=\"https:\/\/www.radiopiu.net\/wordpress\/wp-content\/uploads\/2022\/09\/be36ec51-e02a-4ee2-8c75-860605e2253f.jpg\" data-dt-img-description=\"\" data-large_image_width=\"1200\" data-large_image_height=\"628\"><img loading=\"lazy\" decoding=\"async\" class=\"aligncenter wp-image-296751 size-medium\" src=\"https:\/\/www.radiopiu.net\/wordpress\/wp-content\/uploads\/2022\/09\/be36ec51-e02a-4ee2-8c75-860605e2253f-300x157.jpg\" alt=\"\" width=\"300\" height=\"157\" srcset=\"https:\/\/www.radiopiu.net\/wordpress\/wp-content\/uploads\/2022\/09\/be36ec51-e02a-4ee2-8c75-860605e2253f-300x157.jpg 300w, https:\/\/www.radiopiu.net\/wordpress\/wp-content\/uploads\/2022\/09\/be36ec51-e02a-4ee2-8c75-860605e2253f-1024x536.jpg 1024w, https:\/\/www.radiopiu.net\/wordpress\/wp-content\/uploads\/2022\/09\/be36ec51-e02a-4ee2-8c75-860605e2253f-768x402.jpg 768w, https:\/\/www.radiopiu.net\/wordpress\/wp-content\/uploads\/2022\/09\/be36ec51-e02a-4ee2-8c75-860605e2253f.jpg 1200w\" sizes=\"auto, (max-width: 300px) 100vw, 300px\" \/><\/a><\/p>\n<p>&nbsp;<\/p>\n<hr \/>\n<p>&nbsp;<\/p>\n<blockquote class=\"wp-embedded-content\" data-secret=\"S45RJS1kMI\"><p><a href=\"https:\/\/www.radiopiu.net\/wordpress\/alice-per-gli-altri-unesperienza-da-raccontare\/\">ALICE PER GLI ALTRI, UN&#8217;ESPERIENZA DA RACCONTARE<\/a><\/p><\/blockquote>\n<p><iframe loading=\"lazy\" class=\"wp-embedded-content\" sandbox=\"allow-scripts\" security=\"restricted\" style=\"position: absolute; clip: rect(1px, 1px, 1px, 1px);\" title=\"&#8220;ALICE PER GLI ALTRI, UN&#8217;ESPERIENZA DA RACCONTARE&#8221; &#8212; Radio Pi\u00f9\" src=\"https:\/\/www.radiopiu.net\/wordpress\/alice-per-gli-altri-unesperienza-da-raccontare\/embed\/#?secret=ARFssYAnP2#?secret=S45RJS1kMI\" data-secret=\"S45RJS1kMI\" width=\"600\" height=\"338\" frameborder=\"0\" marginwidth=\"0\" marginheight=\"0\" scrolling=\"no\"><\/iframe><\/p>\n<p>&nbsp;<\/p>\n<hr \/>\n<p>&nbsp;<\/p>\n<blockquote>\n<h2>NEL SETTEMBRE 1945 LE PRIME INIZIATIVE PASTORALI DI DON EDOARDO FURLANO NEL VECCHIO BORGO PRA<\/h2>\n<\/blockquote>\n<p>Secondo vecchi documenti l\u2019edificio sacro edificato nel 1797 ad iniziativa di don Giuseppe Burloni, cost\u00f2 mille lire Finalmente hanno preso il via a Borgo Pra i lavori per il restauro della chiesa di San Giuseppe che fa parte della Parrocchia di San Giovanni Bosco e dunque della Diocesi di Belluno-Feltre. Progettista e direttore dei lavori \u00e8 l\u2019architetto Alberto Alpago Novello con la bellunese \u201cCoprogetti ingegneriarchitettura\u201d, responsabile della sicurezza il perito industriale Paolo Da Rold; l\u2019impresa di costruzione \u00e8 la \u201cRestaurarte\u201d di Diego De Martin di Bolzano Bellunese. L\u2019importo dei lavori \u00e8 quantificato in 214 mila euro e l\u2019intervento edilizio \u00e8 realizzato con il contributo dell\u20198 per mille alla Chiesa cattolica. Quanto sopra ci consente una rivisitazione della storia oltre che della parrocchia salesiana (attualmente guidata da don Claudio Zamperin, succeduto due anni fa a don Guido Novella il quale si attiv\u00f2 per propiziare l\u2019attuale intervento), della stessa chiesa che, secondo un servizio di Antonio Fontana per il libro di Francesco \u201cCheco\u201d De Luca \u201cUna ruota che gira da un quarto di secolo\u201d sulle attivit\u00e0 storico culturali della sala \u201cDe Luca\u201d dal 26 maggio 1980 al 26 maggio 2005, \u00e8 anche merito di \u201cun pio sacerdote (prima di essere sacerdote esercit\u00f2 il mestiere di calzolaio), don Giuseppe Burloni che alla fine del 1796 o, come ci \u00e8 confermato da documenti, agli inizi del 1797, cominci\u00f2 ad erigere una chiesetta presso il bivio che da un lato mena a Baldenich, dall\u2019altro al Quartier Cadore e a Nogar\u00e8. La intitol\u00f2 alla \u2018Beata Vergine del Buon Consiglio\u2019, fu terminata il 10 agosto 1805 e venne a costare lire 1000. Prima dell\u2019epoca, al suo posto esisteva un \u2018altari\u00f2l\u2019 pure dedicato alla Madonna\u201d. Ancora Fontana: \u201cBurloni fu ordinato sacerdote dal vescovo Giovanni B. Sandi che resse la diocesi di Belluno dal 1757 al 1785; dopo essere stato parroco a Frassen\u00e9 Agordino per 5 anni, torn\u00f2 a Belluno e \u201cvide l\u2019opportunit\u00e0 di una chiesetta nel Borgo di San Lucano chiamato del Pra, dove pure esso dimorava. Mor\u00ec di tifo assieme al suo discepolo don Bonaventura Panciera, sacerdote d\u2019anni 27, nell\u2019esercizio dei suoi doveri sacerdotali mentre soccorreva gli infermi, il 23 luglio 1817\u201d. Detto che del pio sacerdote esiste un quadro di autore ignoto conservato nella sacrestia, l\u2019estensore della nota richiama un documento del 25 febbraio 1797 in cui si legge fra l\u2019altro: \u201cIn questi giorni si piant\u00f2 sentinella al fondo della riva di Baldeniga la fabbrica della chiesa di Burloni\u2026 Il vescovo and\u00f2 a benedire e celebrare la prima Messa nella chiesa della B.V. del Buon Consiglio al principio della Riva per andare a Baldeniga\u201d e scrive che era vescovo in quel tempo mons. Sebastiano Alcaini che resse la Diocesi di Belluno dal 1785 al 1803, e conclude: \u201cDon Giuseppe la volle, come detto, in onore della B.V. del Buon Consiglio di cui propag\u00f2, con altre opere la devozione, e l\u2019arricch\u00ec con arredi e quadri di altre chiese soppresse con l\u2019arrivo dei francesi (tra l\u2019altro due angeli lignei della scuola del Brustolon vengono dall\u2019altare maggiore della chiesa dei Gesuiti, attuale distretto militare\u201d. Un salto nel tempo e dal sito <span role=\"gridcell\"><a class=\"qi72231t nu7423ey n3hqoq4p r86q59rh b3qcqh3k fq87ekyn bdao358l fsf7x5fv rse6dlih s5oniofx m8h3af8h l7ghb35v kjdc1dyq kmwttqpk srn514ro oxkhqvkx rl78xhln nch0832m cr00lzj9 s3jn8y49 icdlwmnq cxfqmxzd o570zoyu jxuftiz4\" tabindex=\"-1\" role=\"link\" href=\"https:\/\/l.facebook.com\/l.php?u=http%3A%2F%2Fwww.donboscobelluno.it%2Fstoria%3Ffbclid%3DIwAR2GUN59XJWK7i52ZCSdQ2-KedO1w1-VjEkqE3iX-l4vwV7OFDAwAvE8WXg&amp;h=AT1RqtMcZB4MausT0p2PlHVWn-Kh-47Wh1ebWDhsAudvYZi-WKYQF0OwE3_WS3-9VoW_KxJ_D5T7wLtCYAt1QN3bVo2gg3R2Um04ohYhsFtLtihIFhwEtroPEkpg6Ogep5o\" target=\"_blank\" rel=\"nofollow noopener\">http:\/\/www.donboscobelluno.it\/storia<\/a><\/span><\/p>\n<div>\n<div id=\"0DE9E47C-871A-4F90-8440-B190C216800A_9\" class=\"mcafee_ok\" tabindex=\"0\"><\/div>\n<\/div>\n<p>si apprende che \u201cSubito dopo l\u2019ultima guerra, il vescovo mons. G. Bortignon chiese ai salesiani, gi\u00e0 presenti in citt\u00e0 con l\u2019istituto Sperti, di svolgere un\u2019attivit\u00e0 pastorale nel vecchio Borgo Pra\u201d e &#8211; si legge ancora &#8211; l\u2019Ispettore don Tittarelli assegn\u00f2 l\u2019incarico a don Edoardo Furlano che nel settembre 1945 avvi\u00f2 le prime iniziative per la formazione dei giovani e per la pastorale degli adulti\u201d. Una curiosit\u00e0 legata al nome del neo beato Papa Giovanni Paolo I, Albino Luciani, il \u201cpapa bellunese del sorriso\u201d: nella chiesa del Borgo, dedicata a San Giuseppe, un sacerdote diocesano si occupava della celebrazione dell\u2019eucarestia domenicale e l\u2019ultimo fu proprio Luciani il quale prediligeva e conosceva bene il Borgo, non mancava all\u2019occasione di illustrare la situazione a don Edoardo\u201d. Gi\u00e0, il Borgo. Nel territorio risiedevano all\u2019epoca sulle 1200 persone e la situazione sociale, in quei difficili e tristi momenti del dopoguerra, era di particolare disagio generale. Tuttavia il Borgo \u201caveva una sua identit\u00e0 che la popolazione cercava di mantenere e consolidare\u201d. E\u2019 in questo contesto di grandi difficolt\u00e0 che don Edoardo \u201cport\u00f2 per primo il messaggio di don Bosco\u201d, coadiuvato da don Mariotto che all\u2019epoca dirigeva l\u2019istituto salesiano \u201cAgosti\u201d. Nel 1946, \u201cviste le iniziative attuate e promosse per la crescita religiosa, morale e civile della popolazione, il vescovo mons. Girolamo Bortignon istitu\u00ec la Rettoria indipendente di San Giuseppe di Borgo Pra, mantenendola per\u00f2 nella giurisdizione della parrocchia di Santo Stefano, e fu confermato nell\u2019incarico don Furlano\u201d a detta del quale in quel periodo emersero le profonde qualit\u00e0 umane del Borgo, per tanto tempo lasciato abbandonato. I sei anni di preparazione della Parrocchia furono i pi\u00f9 duri e difficili ma nel contempo \u201cfervidi di animazione, dei valori religiosi ed umani\u201d. Il notevole aumento della popolazione nella zona di Baldenich rese evidente che la Rettoria non era pi\u00f9 in grado di fronteggiare la nuova situazione e lo stesso vescovo Gioacchino Muccin avvertiva la necessit\u00e0 di staccare definitivamente tutto Borgo Pra ed il nuovo Quartier Cadore da Santo Stefano. Proposta che trov\u00f2 il convinto sostegno di Albino Luciani, nel frattempo divenuto vicario generale della diocesi. Fu cos\u00ec che, superate varie resistenze, il 24 ottobre 1951 venne canonicamente istituita la Parrocchia di Borgo Pra denominata San Giovanni Bosco, che ebbe come primo parroco proprio don Edoardo Furlano che aveva vissuto e animato tutta l\u2019attivit\u00e0 religiosa ed assistenziale del Borgo fin dall\u2019inizio. Lo stesso anno il territorio di Nogar\u00e8 e la sua storica chiesa vennero giuridicamente scorporati dalla parrocchia di Cusighe per diventare parte della neonata parrocchia dove purtroppo la chiesa non era pi\u00f9 sufficiente per le normali attivit\u00e0. E cos\u00ec il 21 maggio 1962 il vescovo Muccin benedisse e pose la prima pietra della nuova chiesa parrocchiale sull\u2019area accanto all\u2019istituto salesiano \u201cAgosti\u201d. Lo stesso presule consacr\u00f2 la Chiesa di San Giovanni Bosco il 4 luglio 1966.<\/p>\n\n\t\t\t<style type='text\/css'>\n\t\t\t\t#gallery-4 {\n\t\t\t\t\tmargin: auto;\n\t\t\t\t}\n\t\t\t\t#gallery-4 .gallery-item {\n\t\t\t\t\tfloat: left;\n\t\t\t\t\tmargin-top: 10px;\n\t\t\t\t\ttext-align: center;\n\t\t\t\t\twidth: 16%;\n\t\t\t\t}\n\t\t\t\t#gallery-4 img {\n\t\t\t\t\tborder: 2px solid #cfcfcf;\n\t\t\t\t}\n\t\t\t\t#gallery-4 .gallery-caption {\n\t\t\t\t\tmargin-left: 0;\n\t\t\t\t}\n\t\t\t\t\/* see gallery_shortcode() in wp-includes\/media.php *\/\n\t\t\t<\/style>\n\t\t<div id='gallery-4' class='dt-gallery-container gallery galleryid-298545 gallery-columns-6 gallery-size-thumbnail'><dl class='gallery-item'>\n\t\t\t\t<dt class='gallery-icon landscape'>\n\t\t\t\t\t<a class=\"rollover rollover-zoom dt-pswp-item\" title=\"308079307_390227863137645_7481326995520966737_n\" data-dt-img-description=\"\" data-large_image_width=\"169\" data-large_image_height=\"130\"href='https:\/\/www.radiopiu.net\/wordpress\/wp-content\/uploads\/2022\/09\/308079307_390227863137645_7481326995520966737_n.jpg'><img loading=\"lazy\" decoding=\"async\" width=\"150\" height=\"130\" src=\"https:\/\/www.radiopiu.net\/wordpress\/wp-content\/uploads\/2022\/09\/308079307_390227863137645_7481326995520966737_n-150x130.jpg\" class=\"attachment-thumbnail size-thumbnail\" alt=\"\" \/><\/a>\n\t\t\t\t<\/dt><\/dl><dl class='gallery-item'>\n\t\t\t\t<dt class='gallery-icon portrait'>\n\t\t\t\t\t<a class=\"rollover rollover-zoom dt-pswp-item\" title=\"307183930_1155266981731059_3815272608684546490_n\" data-dt-img-description=\"\" data-large_image_width=\"160\" data-large_image_height=\"224\"href='https:\/\/www.radiopiu.net\/wordpress\/wp-content\/uploads\/2022\/09\/307183930_1155266981731059_3815272608684546490_n.jpg'><img loading=\"lazy\" decoding=\"async\" width=\"150\" height=\"150\" src=\"https:\/\/www.radiopiu.net\/wordpress\/wp-content\/uploads\/2022\/09\/307183930_1155266981731059_3815272608684546490_n-150x150.jpg\" class=\"attachment-thumbnail size-thumbnail\" alt=\"\" \/><\/a>\n\t\t\t\t<\/dt><\/dl><dl class='gallery-item'>\n\t\t\t\t<dt class='gallery-icon portrait'>\n\t\t\t\t\t<a class=\"rollover rollover-zoom dt-pswp-item\" title=\"306860435_503158968302928_7655630638016615547_n\" data-dt-img-description=\"\" data-large_image_width=\"152\" data-large_image_height=\"206\"href='https:\/\/www.radiopiu.net\/wordpress\/wp-content\/uploads\/2022\/09\/306860435_503158968302928_7655630638016615547_n.jpg'><img loading=\"lazy\" decoding=\"async\" width=\"150\" height=\"150\" src=\"https:\/\/www.radiopiu.net\/wordpress\/wp-content\/uploads\/2022\/09\/306860435_503158968302928_7655630638016615547_n-150x150.jpg\" class=\"attachment-thumbnail size-thumbnail\" alt=\"\" \/><\/a>\n\t\t\t\t<\/dt><\/dl><dl class='gallery-item'>\n\t\t\t\t<dt class='gallery-icon portrait'>\n\t\t\t\t\t<a class=\"rollover rollover-zoom dt-pswp-item\" title=\"307885916_420688653536098_1271407774546842626_n\" data-dt-img-description=\"\" data-large_image_width=\"140\" data-large_image_height=\"210\"href='https:\/\/www.radiopiu.net\/wordpress\/wp-content\/uploads\/2022\/09\/307885916_420688653536098_1271407774546842626_n.jpg'><img loading=\"lazy\" decoding=\"async\" width=\"140\" height=\"150\" src=\"https:\/\/www.radiopiu.net\/wordpress\/wp-content\/uploads\/2022\/09\/307885916_420688653536098_1271407774546842626_n-140x150.jpg\" class=\"attachment-thumbnail size-thumbnail\" alt=\"\" \/><\/a>\n\t\t\t\t<\/dt><\/dl><dl class='gallery-item'>\n\t\t\t\t<dt class='gallery-icon landscape'>\n\t\t\t\t\t<a class=\"rollover rollover-zoom dt-pswp-item\" title=\"308255350_777039070076930_8935898108895855971_n\" data-dt-img-description=\"\" data-large_image_width=\"300\" data-large_image_height=\"168\"href='https:\/\/www.radiopiu.net\/wordpress\/wp-content\/uploads\/2022\/09\/308255350_777039070076930_8935898108895855971_n.jpg'><img loading=\"lazy\" decoding=\"async\" width=\"150\" height=\"150\" src=\"https:\/\/www.radiopiu.net\/wordpress\/wp-content\/uploads\/2022\/09\/308255350_777039070076930_8935898108895855971_n-150x150.jpg\" class=\"attachment-thumbnail size-thumbnail\" alt=\"\" \/><\/a>\n\t\t\t\t<\/dt><\/dl><dl class='gallery-item'>\n\t\t\t\t<dt class='gallery-icon portrait'>\n\t\t\t\t\t<a class=\"rollover rollover-zoom dt-pswp-item\" title=\"307282058_1262630177886829_4202854473738538470_n\" data-dt-img-description=\"\" data-large_image_width=\"140\" data-large_image_height=\"210\"href='https:\/\/www.radiopiu.net\/wordpress\/wp-content\/uploads\/2022\/09\/307282058_1262630177886829_4202854473738538470_n.jpg'><img loading=\"lazy\" decoding=\"async\" width=\"140\" height=\"150\" src=\"https:\/\/www.radiopiu.net\/wordpress\/wp-content\/uploads\/2022\/09\/307282058_1262630177886829_4202854473738538470_n-140x150.jpg\" class=\"attachment-thumbnail size-thumbnail\" alt=\"\" \/><\/a>\n\t\t\t\t<\/dt><\/dl><br style=\"clear: both\" \/><dl class='gallery-item'>\n\t\t\t\t<dt class='gallery-icon landscape'>\n\t\t\t\t\t<a class=\"rollover rollover-zoom dt-pswp-item\" title=\"279130920_670198874213895_4897586003453096557_n\" data-dt-img-description=\"\" data-large_image_width=\"275\" data-large_image_height=\"183\"href='https:\/\/www.radiopiu.net\/wordpress\/wp-content\/uploads\/2022\/09\/279130920_670198874213895_4897586003453096557_n.jpg'><img loading=\"lazy\" decoding=\"async\" width=\"150\" height=\"150\" src=\"https:\/\/www.radiopiu.net\/wordpress\/wp-content\/uploads\/2022\/09\/279130920_670198874213895_4897586003453096557_n-150x150.jpg\" class=\"attachment-thumbnail size-thumbnail\" alt=\"\" \/><\/a>\n\t\t\t\t<\/dt><\/dl><dl class='gallery-item'>\n\t\t\t\t<dt class='gallery-icon landscape'>\n\t\t\t\t\t<a class=\"rollover rollover-zoom dt-pswp-item\" title=\"307822030_488443316524294_4579808835010620576_n\" data-dt-img-description=\"\" data-large_image_width=\"275\" data-large_image_height=\"206\"href='https:\/\/www.radiopiu.net\/wordpress\/wp-content\/uploads\/2022\/09\/307822030_488443316524294_4579808835010620576_n.jpg'><img loading=\"lazy\" decoding=\"async\" width=\"150\" height=\"150\" src=\"https:\/\/www.radiopiu.net\/wordpress\/wp-content\/uploads\/2022\/09\/307822030_488443316524294_4579808835010620576_n-150x150.jpg\" class=\"attachment-thumbnail size-thumbnail\" alt=\"\" \/><\/a>\n\t\t\t\t<\/dt><\/dl><dl class='gallery-item'>\n\t\t\t\t<dt class='gallery-icon portrait'>\n\t\t\t\t\t<a class=\"rollover rollover-zoom dt-pswp-item\" title=\"306801135_454994709928793_1120082900917948560_n\" data-dt-img-description=\"\" data-large_image_width=\"155\" data-large_image_height=\"206\"href='https:\/\/www.radiopiu.net\/wordpress\/wp-content\/uploads\/2022\/09\/306801135_454994709928793_1120082900917948560_n.jpg'><img loading=\"lazy\" decoding=\"async\" width=\"150\" height=\"150\" src=\"https:\/\/www.radiopiu.net\/wordpress\/wp-content\/uploads\/2022\/09\/306801135_454994709928793_1120082900917948560_n-150x150.jpg\" class=\"attachment-thumbnail size-thumbnail\" alt=\"\" \/><\/a>\n\t\t\t\t<\/dt><\/dl><dl class='gallery-item'>\n\t\t\t\t<dt class='gallery-icon landscape'>\n\t\t\t\t\t<a class=\"rollover rollover-zoom dt-pswp-item\" title=\"307820459_615368240067826_549917703573864087_n\" data-dt-img-description=\"\" data-large_image_width=\"265\" data-large_image_height=\"190\"href='https:\/\/www.radiopiu.net\/wordpress\/wp-content\/uploads\/2022\/09\/307820459_615368240067826_549917703573864087_n.jpg'><img loading=\"lazy\" decoding=\"async\" width=\"150\" height=\"150\" src=\"https:\/\/www.radiopiu.net\/wordpress\/wp-content\/uploads\/2022\/09\/307820459_615368240067826_549917703573864087_n-150x150.jpg\" class=\"attachment-thumbnail size-thumbnail\" alt=\"\" \/><\/a>\n\t\t\t\t<\/dt><\/dl><dl class='gallery-item'>\n\t\t\t\t<dt class='gallery-icon landscape'>\n\t\t\t\t\t<a class=\"rollover rollover-zoom dt-pswp-item\" title=\"307978608_482700333747335_4257743428253671688_n\" data-dt-img-description=\"\" data-large_image_width=\"320\" data-large_image_height=\"201\"href='https:\/\/www.radiopiu.net\/wordpress\/wp-content\/uploads\/2022\/09\/307978608_482700333747335_4257743428253671688_n.jpg'><img loading=\"lazy\" decoding=\"async\" width=\"150\" height=\"150\" src=\"https:\/\/www.radiopiu.net\/wordpress\/wp-content\/uploads\/2022\/09\/307978608_482700333747335_4257743428253671688_n-150x150.jpg\" class=\"attachment-thumbnail size-thumbnail\" alt=\"\" \/><\/a>\n\t\t\t\t<\/dt><\/dl><dl class='gallery-item'>\n\t\t\t\t<dt class='gallery-icon landscape'>\n\t\t\t\t\t<a class=\"rollover rollover-zoom dt-pswp-item\" title=\"308268816_1562116324245345_9102161270859587587_n\" data-dt-img-description=\"\" data-large_image_width=\"269\" data-large_image_height=\"187\"href='https:\/\/www.radiopiu.net\/wordpress\/wp-content\/uploads\/2022\/09\/308268816_1562116324245345_9102161270859587587_n.jpg'><img loading=\"lazy\" decoding=\"async\" width=\"150\" height=\"150\" src=\"https:\/\/www.radiopiu.net\/wordpress\/wp-content\/uploads\/2022\/09\/308268816_1562116324245345_9102161270859587587_n-150x150.jpg\" class=\"attachment-thumbnail size-thumbnail\" alt=\"\" \/><\/a>\n\t\t\t\t<\/dt><\/dl><br style=\"clear: both\" \/>\n\t\t\t<\/div>\n\n<p>NELLE FOTO ( Renato Bona, sito del Catalogo generale beni culturali): la chiesa di San Giuseppe a Borgo Pra; lavori in corso; opere di Brustolon e Moech nel vecchio edificio sacro; Antonio Fontana che ne ha ricordato la storia sul libro di \u201cCheco\u201d De Luca; il primo parroco, l\u2019indimenticato don Edoardo Furlano; l\u2019attuale parroco di Don Bosco, Claudio Zamperin; il predecessore, Guido Novella ora a Roma; posa della prima pietra della nuova parrocchiale a Baldenich; la lapide che la gente di Borgo Pra ha voluto a ricordo dei \u201csemplici preziosi insegnamenti di Albino Luciani\u201d.<\/p>\n<p>&nbsp;<\/p>\n<hr \/>\n<p>&nbsp;<\/p>\n<h2><span style=\"color: #ff0000;\"><strong>IERI ALLA RADIO<\/strong><\/span><\/h2>\n<h2><strong><a class=\"dt-pswp-item\" href=\"https:\/\/www.radiopiu.net\/wordpress\/wp-content\/uploads\/2020\/12\/DON-GIORGIO-LISE.jpg\" data-dt-img-description=\"\" data-large_image_width=\"1600\" data-large_image_height=\"901\"><img loading=\"lazy\" decoding=\"async\" class=\"wp-image-177420 alignleft\" src=\"https:\/\/www.radiopiu.net\/wordpress\/wp-content\/uploads\/2020\/12\/DON-GIORGIO-LISE-300x169.jpg\" alt=\"\" width=\"160\" height=\"90\" srcset=\"https:\/\/www.radiopiu.net\/wordpress\/wp-content\/uploads\/2020\/12\/DON-GIORGIO-LISE-300x169.jpg 300w, https:\/\/www.radiopiu.net\/wordpress\/wp-content\/uploads\/2020\/12\/DON-GIORGIO-LISE-1024x577.jpg 1024w, https:\/\/www.radiopiu.net\/wordpress\/wp-content\/uploads\/2020\/12\/DON-GIORGIO-LISE-768x432.jpg 768w, https:\/\/www.radiopiu.net\/wordpress\/wp-content\/uploads\/2020\/12\/DON-GIORGIO-LISE-1536x865.jpg 1536w, https:\/\/www.radiopiu.net\/wordpress\/wp-content\/uploads\/2020\/12\/DON-GIORGIO-LISE.jpg 1600w\" sizes=\"auto, (max-width: 160px) 100vw, 160px\" \/><\/a><\/strong><span style=\"color: #3366ff;\">DUE MINUTI PER TE<\/span><\/h2>\n<p><strong>APPUNTAMENTO DELLA DOMENICA CON MONSIGNOR GIORGIO LISE<\/strong><\/p>\n<audio class=\"wp-audio-shortcode\" id=\"audio-298545-9\" preload=\"none\" style=\"width: 100%;\" controls=\"controls\"><source type=\"audio\/mpeg\" src=\"https:\/\/www.radiopiu.net\/wordpress\/wp-content\/uploads\/2022\/09\/DON-GIORGIO-3.mp3?_=9\" \/><a href=\"https:\/\/www.radiopiu.net\/wordpress\/wp-content\/uploads\/2022\/09\/DON-GIORGIO-3.mp3\">https:\/\/www.radiopiu.net\/wordpress\/wp-content\/uploads\/2022\/09\/DON-GIORGIO-3.mp3<\/a><\/audio>\n<p>&nbsp;<\/p>\n<hr \/>\n<p>&nbsp;<\/p>\n<div>\n<div class=\"b654a4as d2edcug0\">\n<div class=\"rq0escxv hkbzh7o3 jwdofwj8 n8tt0mok r8blr3vg hyh9befq\">\n<p><a class=\"dt-pswp-item\" href=\"https:\/\/www.radiopiu.net\/wordpress\/wp-content\/uploads\/2020\/10\/pp.jpg\" data-dt-img-description=\"\" data-large_image_width=\"640\" data-large_image_height=\"640\"><img loading=\"lazy\" decoding=\"async\" class=\"wp-image-163678 alignleft\" src=\"https:\/\/www.radiopiu.net\/wordpress\/wp-content\/uploads\/2020\/10\/pp-300x300.jpg\" alt=\"\" width=\"106\" height=\"106\" srcset=\"https:\/\/www.radiopiu.net\/wordpress\/wp-content\/uploads\/2020\/10\/pp-300x300.jpg 300w, https:\/\/www.radiopiu.net\/wordpress\/wp-content\/uploads\/2020\/10\/pp-150x150.jpg 150w, https:\/\/www.radiopiu.net\/wordpress\/wp-content\/uploads\/2020\/10\/pp-125x125.jpg 125w, https:\/\/www.radiopiu.net\/wordpress\/wp-content\/uploads\/2020\/10\/pp-200x200.jpg 200w, https:\/\/www.radiopiu.net\/wordpress\/wp-content\/uploads\/2020\/10\/pp-80x80.jpg 80w, https:\/\/www.radiopiu.net\/wordpress\/wp-content\/uploads\/2020\/10\/pp-480x480.jpg 480w, https:\/\/www.radiopiu.net\/wordpress\/wp-content\/uploads\/2020\/10\/pp.jpg 640w\" sizes=\"auto, (max-width: 106px) 100vw, 106px\" \/><\/a><\/p>\n<\/div>\n<\/div>\n<\/div>\n<div>\n<div class=\"page-title-head hgroup\">\n<div class=\"page-title-head hgroup\">\n<div class=\"b654a4as d2edcug0\">\n<div class=\"j83agx80 btwxx1t3 lhclo0ds hop8lmos nkwizq5d scwd0bx6 roh60bw9\">\n<div class=\"rq0escxv hkbzh7o3 jwdofwj8 n8tt0mok r8blr3vg hyh9befq\">\n<div class=\"do00u71z l9j0dhe7 k4urcfbm\">\n<h2><span style=\"color: #000080;\">DON CESARE, IL PENSIERO DEL GIORNO. ALLA RADIO ALLE 7 DEL MATTINO E ALLE 19.30 DELLA SERA.\u00a0<\/span><\/h2>\n<p>&nbsp;<\/p>\n<audio class=\"wp-audio-shortcode\" id=\"audio-298545-10\" preload=\"none\" style=\"width: 100%;\" controls=\"controls\"><source type=\"audio\/mpeg\" src=\"https:\/\/www.radiopiu.net\/wordpress\/wp-content\/uploads\/2022\/09\/CESARE-16.mp3?_=10\" \/><a href=\"https:\/\/www.radiopiu.net\/wordpress\/wp-content\/uploads\/2022\/09\/CESARE-16.mp3\">https:\/\/www.radiopiu.net\/wordpress\/wp-content\/uploads\/2022\/09\/CESARE-16.mp3<\/a><\/audio>\n<p>&nbsp;<\/p>\n<p>&nbsp;<\/p>\n<hr \/>\n<p>&nbsp;<\/p>\n<div>\n<div class=\"ecm0bbzt e5nlhep0 a8c37x1j\">\n<div class=\"kvgmc6g5 cxmmr5t8 oygrvhab hcukyx3x c1et5uql\">\n<div class=\"gmail-kvgmc6g5 gmail-cxmmr5t8 gmail-oygrvhab gmail-hcukyx3x gmail-c1et5uql gmail-ii04i59q\">\n<div class=\"page-title-head hgroup\">\n<div class=\"page-title-head hgroup\">\n<div class=\"b654a4as d2edcug0\">\n<div class=\"j83agx80 btwxx1t3 lhclo0ds hop8lmos nkwizq5d scwd0bx6 roh60bw9\">\n<div class=\"rq0escxv hkbzh7o3 jwdofwj8 n8tt0mok r8blr3vg hyh9befq\">\n<div class=\"do00u71z l9j0dhe7 k4urcfbm\">\n<p><span style=\"color: #0000ff;\">MUSICA PIU&#8217;\u00a0<\/span><\/p>\n<p><a href=\"https:\/\/www.radiopiu.net\/wordpress\/giornale-radiopiu-20-settembre-2021-direttore-mirko-mezzacasa\/pp-79\/\" rel=\"attachment wp-att-232921\"><img loading=\"lazy\" decoding=\"async\" class=\"wp-image-232921 alignleft\" src=\"https:\/\/www.radiopiu.net\/wordpress\/wp-content\/uploads\/2021\/09\/pp-1-300x300.jpg\" alt=\"\" width=\"135\" height=\"135\" srcset=\"https:\/\/www.radiopiu.net\/wordpress\/wp-content\/uploads\/2021\/09\/pp-1-300x300.jpg 300w, https:\/\/www.radiopiu.net\/wordpress\/wp-content\/uploads\/2021\/09\/pp-1-150x150.jpg 150w, https:\/\/www.radiopiu.net\/wordpress\/wp-content\/uploads\/2021\/09\/pp-1.jpg 640w\" sizes=\"auto, (max-width: 135px) 100vw, 135px\" \/><\/a><\/p>\n<div class=\"mkdf-post-text\">\n<div class=\"mkdf-post-text-inner\">\n<div class=\"mkdf-post-text-main\">\n<div class=\"mkdf-post-text\">\n<div class=\"mkdf-post-text-inner\">\n<div class=\"mkdf-post-text-main\">\n<div class=\"mkdf-post-text\">\n<div class=\"mkdf-post-text-inner\">\n<div class=\"mkdf-post-text-main\">\n<div class=\"page-title-head hgroup\">\n<div class=\"page-title-head hgroup\">\n<div class=\"mkdf-post-text\">\n<div class=\"mkdf-post-text-inner\">\n<div class=\"mkdf-post-text-main\">\n<div class=\"mkdf-post-text\">\n<div class=\"mkdf-post-text-inner\">\n<div class=\"mkdf-post-text-main\">\n<div class=\"page-title-head hgroup\">\n<div class=\"page-title-head hgroup\">\n<div class=\"page-title-head hgroup\">\n<div class=\"page-title-head hgroup\">\n<div class=\"b654a4as d2edcug0\">\n<div class=\"page-title-head hgroup\">\n<div class=\"page-title-head hgroup\">\n<div class=\"page-title-head hgroup\">\n<div class=\"page-title-head hgroup\">\n<div class=\"b654a4as d2edcug0\">\n<div class=\"page-title-head hgroup\">\n<div class=\"page-title-head hgroup\">\n<div class=\"page-title-head hgroup\">\n<div class=\"page-title-head hgroup\">\n<div class=\"b654a4as d2edcug0\">\n<div class=\"mkdf-post-text\">\n<div class=\"mkdf-post-text-inner\">\n<div class=\"mkdf-post-text-main\">\n<div class=\"mkdf-post-text\">\n<div class=\"mkdf-post-text-inner\">\n<div class=\"mkdf-post-text-main\">\n<div class=\"mkdf-post-text\">\n<div class=\"mkdf-post-text-inner\">\n<div class=\"mkdf-post-text-main\">\n<div class=\"page-title-head hgroup\">\n<div class=\"page-title-head hgroup\">\n<div class=\"mkdf-post-text\">\n<div class=\"mkdf-post-text-inner\">\n<div class=\"mkdf-post-text-main\">\n<div class=\"mkdf-post-text\">\n<div class=\"mkdf-post-text-inner\">\n<div class=\"mkdf-post-text-main\">\n<div class=\"page-title-head hgroup\">\n<div class=\"page-title-head hgroup\">\n<div class=\"page-title-head hgroup\">\n<div class=\"page-title-head hgroup\">\n<div class=\"b654a4as d2edcug0\">\n<div class=\"page-title-head hgroup\">\n<div class=\"page-title-head hgroup\">\n<div class=\"page-title-head hgroup\">\n<div class=\"page-title-head hgroup\">\n<div class=\"b654a4as d2edcug0\">\n<div class=\"page-title-head hgroup\">\n<div class=\"page-title-head hgroup\">\n<div class=\"page-title-head hgroup\">\n<div class=\"page-title-head hgroup\">\n<div class=\"b654a4as d2edcug0\">\n<div><\/div>\n<div><\/div>\n<div>\n<p><strong>MUSICA ALLA RADIO, IL PROGRAMMA DI LORIS SCUSSEL &#8220;COLLAGE OPERAZIONE NOSTALGIA&#8221; DAL LUNEDI AL VENERDI ALLE 16.00\u00a0 E ALLE 23\u00a0<\/strong><\/p>\n<p>&nbsp;<\/p>\n<p>&nbsp;<\/p>\n<p>&nbsp;<\/p>\n<p><strong><a class=\"dt-pswp-item\" href=\"https:\/\/www.radiopiu.net\/wordpress\/wp-content\/uploads\/2022\/09\/Love-me-tender.jpg\" data-dt-img-description=\"\" data-large_image_width=\"300\" data-large_image_height=\"300\"><img loading=\"lazy\" decoding=\"async\" class=\"wp-image-298638 alignleft\" src=\"https:\/\/www.radiopiu.net\/wordpress\/wp-content\/uploads\/2022\/09\/Love-me-tender.jpg\" alt=\"\" width=\"127\" height=\"127\" srcset=\"https:\/\/www.radiopiu.net\/wordpress\/wp-content\/uploads\/2022\/09\/Love-me-tender.jpg 300w, https:\/\/www.radiopiu.net\/wordpress\/wp-content\/uploads\/2022\/09\/Love-me-tender-150x150.jpg 150w\" sizes=\"auto, (max-width: 127px) 100vw, 127px\" \/><\/a>di Loris Scussel<\/strong><\/p>\n<p>Ultima settimana di repliche per Collage prima della nuova programmazione della nuova serie, la quarta. Partiremo con una puntata dedicata a Milano, ci saranno poi le canzoni della TV in bianco e nero, ascolteremo una trasmissione in ricordo del mio amico Franco con cui ho condiviso la prima esperienza in una radio libera, canzoni originali diventate cover famose in Italia, canzoni per sorridere un po\u2019 e cos\u00ec via nella consueta imprevedibilit\u00e0 tra le scelte musicali del programma. Collage va in onda dal luned\u00ec al venerd\u00ec alle 16,00 e alle 23,00 naturalmente su Radio Pi\u00f9<\/p>\n<p>&nbsp;<\/p>\n<p>&nbsp;<\/p>\n<hr \/>\n<p>&nbsp;<\/p>\n<p><a class=\"dt-pswp-item\" href=\"https:\/\/www.radiopiu.net\/wordpress\/wp-content\/uploads\/2018\/09\/WhatsApp-Image-2018-09-20-at-16.04.06.jpeg\" data-dt-img-description=\"\" data-large_image_width=\"800\" data-large_image_height=\"100\"><img loading=\"lazy\" decoding=\"async\" class=\"aligncenter wp-image-61378 size-full\" src=\"https:\/\/www.radiopiu.net\/wordpress\/wp-content\/uploads\/2018\/09\/WhatsApp-Image-2018-09-20-at-16.04.06.jpeg\" alt=\"\" width=\"800\" height=\"100\" srcset=\"https:\/\/www.radiopiu.net\/wordpress\/wp-content\/uploads\/2018\/09\/WhatsApp-Image-2018-09-20-at-16.04.06.jpeg 800w, https:\/\/www.radiopiu.net\/wordpress\/wp-content\/uploads\/2018\/09\/WhatsApp-Image-2018-09-20-at-16.04.06-300x38.jpeg 300w, https:\/\/www.radiopiu.net\/wordpress\/wp-content\/uploads\/2018\/09\/WhatsApp-Image-2018-09-20-at-16.04.06-768x96.jpeg 768w\" sizes=\"auto, (max-width: 800px) 100vw, 800px\" \/><\/a><\/p>\n<p>&nbsp;<\/p>\n<p><center><b>Lunedi 26<\/b><\/center><b>Tempo atteso: <\/b>Tempo variabile a tratti lievemente instabile; al mattino generalmente poco nuvoloso, specie sulle Dolomiti e in quota, con possibili nubi basse e qualche foschia o banchi di nebbia in molte valli nelle ore pi\u00f9 fredde; nel corso della mattinata graduale aumento della nuvolosit\u00e0 con cielo irregolarmente nuvoloso nelle ore centrali, con possibili fenomeni in seguito. Alla sera temporanee e parziali schiarite.<br \/>\n<b>Precipitazioni: <\/b>Al mattino generalmente assenti (0-10%); nella seconda parte della giornata probabilit\u00e0 medio-bassa (25-50%) di precipitazioni sparse, intermittenti e in prevalenza modeste, localmente anche con qualche rovescio; limite delle nevicate intorno ai 2000-2300 m. I nuovi apporti potranno oscillare in media tra i 5 e i 15 mm.<br \/>\n<b>Temperature: <\/b>In contenuta diminuzione, specie le minime e in alta montagna, su valori inferiori di qualche grado inferiori alla norma. Su Prealpi a 1500 m min 5\u00b0, max 10\u00b0C; a 2000 m min 2\u00b0, max 7\u00b0C. Su Dolomiti a 2000 m min 1\u00b0, max 6\u00b0C; a 3000 m min -4\u00b0, max 0\u00b0C.<br \/>\n<b>Venti: <\/b>Nelle valli generalmente deboli o a tratti moderati a regime di brezza; in quota ancora deboli o moderati da sud-ovest, a 5-15 km\/h a 2000 m e a 15-20 km\/h a 3000 m.<\/p>\n<hr \/>\n<p><center><b>Martedi 27<\/b><\/center><b>Tempo atteso: <\/b>Ancora tempo variabile a tratti lievemente perturbato; al mattino cielo nuvoloso o molto nuvoloso con possibili nubi basse o foschie o banchi di nebbia in molte valli nelle ore pi\u00f9 fredde in lento dissolvimento e possibili fenomeni nel corso della mattinata fino al primo pomeriggio; schiarite soprattutto verso sera.<br \/>\n<b>Precipitazioni: <\/b>Dal mattino e fino al primo pomeriggio, probabilit\u00e0 medio-bassa (25-50%) di precipitazioni da sparse a diffuse e intermittenti, deboli o moderate anche a carattere di rovescio, con quota neve intorno ai 1800-2100 m sulle Dolomiti e 2000-2300 sulle Prealpi. I nuovi apporti potranno oscillare in media tra i 5 e i 20 mm.<br \/>\n<b>Temperature: <\/b>In diminuzione, specie le massime e ancora inferiori alla norma, con le minime misurate a fine giornata. Su Prealpi a 1500 m min 4\u00b0, max 8\u00b0C; a 2000 m min 2\u00b0, max 5\u00b0C. Su Dolomiti a 2000 m min 1\u00b0, max 5\u00b0C; a 3000 m min -5\u00b0, max -2\u00b0C.<br \/>\n<b>Venti: <\/b>Nelle valli deboli variabili, in quota in prevalenza moderati, nelle prime ore ancora sud-occidentali, in seguito in rotazione dai quadranti settentrionali, a 5-15 km\/h a 2000 m e a 20-25 km\/h a 3000 m.<\/p>\n<hr \/>\n<p><center><b>Mercoledi 28<\/b><\/center>Tempo variabile specie al mattino con possibili nubi basse in molte valli fino all&#8217;alba, ma pi\u00f9 soleggiato rispetto ai giorni precedenti, con annuvolamenti diurni associati a frequenti schiarite. Precipitazioni assenti o molto scarse per qualche piovasco eventualmente nevoso oltre i 1900-2200 m. Temperature minime in contenuta diminuzione, massime in leggero o contenuto aumento. Venti in alta montagna nelle prime ore moderati settentrionali, tendenti a divenire dalla mattinata moderati dai quadranti occidentali.<\/p>\n<hr \/>\n<p><center><b>Giovedi 29<\/b><\/center>Cielo nuvoloso o molto nuvoloso, specie nelle ore centrali, con possibili nubi basse in molte valli nelle ore pi\u00f9 fredde. Possibili precipitazioni su gran parte delle zone montane, specie nella seconda parte della giornata con quota delle nevicate intorno ai 1900-2200 m. Temperature minime stazionarie o in lieve aumento, massime in lieve calo. Venti in quota ancora moderati occidentali. Previsore: M.Padoan<\/p>\n<p>&nbsp;<\/p>\n<p>&nbsp;<\/p>\n<hr \/>\n<p>&nbsp;<\/p>\n<p><a href=\"https:\/\/www.radiopiu.net\/wordpress\/giornale-radiopiu-26-settembre-2018-direttore-mirko-mezzacasa\/viabilita-2\/\" rel=\"attachment wp-att-61954\"><img loading=\"lazy\" decoding=\"async\" class=\"aligncenter wp-image-61954 size-full\" src=\"https:\/\/www.radiopiu.net\/wordpress\/wp-content\/uploads\/2018\/09\/viabilita.jpeg\" sizes=\"auto, (max-width: 800px) 100vw, 800px\" srcset=\"https:\/\/www.radiopiu.net\/wordpress\/wp-content\/uploads\/2018\/09\/viabilita.jpeg 800w, https:\/\/www.radiopiu.net\/wordpress\/wp-content\/uploads\/2018\/09\/viabilita-300x38.jpeg 300w, https:\/\/www.radiopiu.net\/wordpress\/wp-content\/uploads\/2018\/09\/viabilita-768x96.jpeg 768w\" alt=\"\" width=\"800\" height=\"100\" \/><\/a><\/p>\n<p>&nbsp;<\/p>\n<p>&nbsp;<\/p>\n<p><em><strong>DIVIETO DI TRANSITO VEICOLARE A FADES DI LA VALLE AGORDINA TRA L&#8217;INCROCIO CON LA SR 347 E IL CIVICO 2. FINO AL 18 NOVEMBRE, SABATO, DOMENICA E FESTIVI COMPRESI. IL DIVIETO AVRA&#8217; EFFICACIA NEI GIORNI DI EFFETTIVA ESECUZIONE DEL CANTIERE.<\/strong><\/em><\/p>\n<p>&nbsp;<\/p>\n<blockquote class=\"wp-embedded-content\" data-secret=\"pohIZmHpB9\"><p><a href=\"https:\/\/www.radiopiu.net\/wordpress\/viabilita\/\">viabilita<\/a><\/p><\/blockquote>\n<p><iframe loading=\"lazy\" class=\"wp-embedded-content\" sandbox=\"allow-scripts\" security=\"restricted\" style=\"position: absolute; clip: rect(1px, 1px, 1px, 1px);\" title=\"&#8220;viabilita&#8221; &#8212; Radio Pi\u00f9\" src=\"https:\/\/www.radiopiu.net\/wordpress\/viabilita\/embed\/#?secret=mDwICYMa7I#?secret=pohIZmHpB9\" data-secret=\"pohIZmHpB9\" width=\"600\" height=\"338\" frameborder=\"0\" marginwidth=\"0\" marginheight=\"0\" scrolling=\"no\"><\/iframe><\/p>\n<p>&nbsp;<\/p>\n<hr \/>\n<p>&nbsp;<\/p>\n<p>&nbsp;<\/p>\n<p><img loading=\"lazy\" decoding=\"async\" class=\"wp-image-60761 size-full aligncenter\" src=\"https:\/\/www.radiopiu.net\/wordpress\/wp-content\/uploads\/2018\/09\/sport.jpg\" alt=\"\" width=\"800\" height=\"100\" srcset=\"https:\/\/www.radiopiu.net\/wordpress\/wp-content\/uploads\/2018\/09\/sport.jpg 800w, https:\/\/www.radiopiu.net\/wordpress\/wp-content\/uploads\/2018\/09\/sport-300x38.jpg 300w, https:\/\/www.radiopiu.net\/wordpress\/wp-content\/uploads\/2018\/09\/sport-768x96.jpg 768w\" sizes=\"auto, (max-width: 800px) 100vw, 800px\" \/><\/p>\n<p>&nbsp;<\/p>\n<p><span style=\"color: #0000ff;\"><strong>CORSA IN MONTAGNA<\/strong><\/span><\/p>\n<blockquote>\n<h3>LA STAFFETTA AZZURRA TORNA CON PODIO CON L&#8217;AGORDINO CAGNATI<\/h3>\n<\/blockquote>\n<p><em>Ai Campionati Italiani\u00a0 di Staffetta di corsa in montagna a Galiano del Capo in Puglia, dopo anni una staffetta interamente bellunese, bergamasca di adozione, \u00e8 tornata sul podio di un Campionato Italiano Nella maschile\u00a0 Roberto Cassol, Lorenzo Cagnati, Isacco Costa e Roberto Cassol conquistano la medaglia d&#8217;argento.\u00a0\u00a0&#8220;Mi mancava ritornare nel mondo della Corsa in Montagna dopo tutto questo tempo&#8221;<\/em> conclude l&#8217;agordino Lorenzo Cagnati.<\/p>\n<p>&nbsp;<\/p>\n<p>FOTO pagina Facebook, Lorenzo Cagnati.<\/p>\n\n\t\t\t<style type='text\/css'>\n\t\t\t\t#gallery-5 {\n\t\t\t\t\tmargin: auto;\n\t\t\t\t}\n\t\t\t\t#gallery-5 .gallery-item {\n\t\t\t\t\tfloat: left;\n\t\t\t\t\tmargin-top: 10px;\n\t\t\t\t\ttext-align: center;\n\t\t\t\t\twidth: 50%;\n\t\t\t\t}\n\t\t\t\t#gallery-5 img {\n\t\t\t\t\tborder: 2px solid #cfcfcf;\n\t\t\t\t}\n\t\t\t\t#gallery-5 .gallery-caption {\n\t\t\t\t\tmargin-left: 0;\n\t\t\t\t}\n\t\t\t\t\/* see gallery_shortcode() in wp-includes\/media.php *\/\n\t\t\t<\/style>\n\t\t<div id='gallery-5' class='dt-gallery-container gallery galleryid-298545 gallery-columns-2 gallery-size-medium'><dl class='gallery-item'>\n\t\t\t\t<dt class='gallery-icon landscape'>\n\t\t\t\t\t<a class=\"rollover rollover-zoom dt-pswp-item\" title=\"306327533_6027773487266673_7099535546683525153_n\" data-dt-img-description=\"\" data-large_image_width=\"1000\" data-large_image_height=\"667\"href='https:\/\/www.radiopiu.net\/wordpress\/wp-content\/uploads\/2022\/09\/306327533_6027773487266673_7099535546683525153_n.jpg'><img loading=\"lazy\" decoding=\"async\" width=\"300\" height=\"200\" src=\"https:\/\/www.radiopiu.net\/wordpress\/wp-content\/uploads\/2022\/09\/306327533_6027773487266673_7099535546683525153_n-300x200.jpg\" class=\"attachment-medium size-medium\" alt=\"\" srcset=\"https:\/\/www.radiopiu.net\/wordpress\/wp-content\/uploads\/2022\/09\/306327533_6027773487266673_7099535546683525153_n-300x200.jpg 300w, https:\/\/www.radiopiu.net\/wordpress\/wp-content\/uploads\/2022\/09\/306327533_6027773487266673_7099535546683525153_n-768x512.jpg 768w, https:\/\/www.radiopiu.net\/wordpress\/wp-content\/uploads\/2022\/09\/306327533_6027773487266673_7099535546683525153_n.jpg 1000w\" sizes=\"auto, (max-width: 300px) 100vw, 300px\" \/><\/a>\n\t\t\t\t<\/dt><\/dl><dl class='gallery-item'>\n\t\t\t\t<dt class='gallery-icon landscape'>\n\t\t\t\t\t<a class=\"rollover rollover-zoom dt-pswp-item\" title=\"307761634_6027773503933338_6984465996168694168_n\" data-dt-img-description=\"\" data-large_image_width=\"593\" data-large_image_height=\"395\"href='https:\/\/www.radiopiu.net\/wordpress\/wp-content\/uploads\/2022\/09\/307761634_6027773503933338_6984465996168694168_n.jpg'><img loading=\"lazy\" decoding=\"async\" width=\"300\" height=\"200\" src=\"https:\/\/www.radiopiu.net\/wordpress\/wp-content\/uploads\/2022\/09\/307761634_6027773503933338_6984465996168694168_n-300x200.jpg\" class=\"attachment-medium size-medium\" alt=\"\" srcset=\"https:\/\/www.radiopiu.net\/wordpress\/wp-content\/uploads\/2022\/09\/307761634_6027773503933338_6984465996168694168_n-300x200.jpg 300w, https:\/\/www.radiopiu.net\/wordpress\/wp-content\/uploads\/2022\/09\/307761634_6027773503933338_6984465996168694168_n.jpg 593w\" sizes=\"auto, (max-width: 300px) 100vw, 300px\" \/><\/a>\n\t\t\t\t<\/dt><\/dl><br style=\"clear: both\" \/>\n\t\t\t<\/div>\n\n<p>&nbsp;<\/p>\n<p>&nbsp;<\/p>\n<p>&nbsp;<\/p>\n<p><span style=\"color: #0000ff;\"><strong>CALCIO<\/strong><\/span><\/p>\n<blockquote>\n<h3>PAREGGIO IN EXTREMIS PER L&#8217;AGORDINA CONTRO L&#8217;ITLAS SANTA GIUSTINA SERRAVALLE<\/h3>\n<\/blockquote>\n<p><strong><a class=\"dt-pswp-item\" href=\"https:\/\/www.radiopiu.net\/wordpress\/wp-content\/uploads\/2018\/12\/CALCIO-VINTAGE.jpg\" data-dt-img-description=\"\" data-large_image_width=\"800\" data-large_image_height=\"500\"><img loading=\"lazy\" decoding=\"async\" class=\"wp-image-69635 alignleft\" src=\"https:\/\/www.radiopiu.net\/wordpress\/wp-content\/uploads\/2018\/12\/CALCIO-VINTAGE-300x188.jpg\" alt=\"\" width=\"158\" height=\"99\" srcset=\"https:\/\/www.radiopiu.net\/wordpress\/wp-content\/uploads\/2018\/12\/CALCIO-VINTAGE-300x188.jpg 300w, https:\/\/www.radiopiu.net\/wordpress\/wp-content\/uploads\/2018\/12\/CALCIO-VINTAGE-768x480.jpg 768w, https:\/\/www.radiopiu.net\/wordpress\/wp-content\/uploads\/2018\/12\/CALCIO-VINTAGE.jpg 800w\" sizes=\"auto, (max-width: 158px) 100vw, 158px\" \/><\/a>SECONDA CATEGORIA GIR. T \/ AGORDINA \u2013 ITLAS SANTA GIUSTINA SERRAVALLE 2-2 (Gol Agordina: Del Din, Costa) <\/strong><\/p>\n<p>Secondo pareggio su altrettante partite giocate per l\u2019Agordina. La squadra di Lorenzi ha giocato bene non sfruttando a pieno le occasioni arrivate. Un pareggio arrivato in pieno recupero con un calcio piazzato di Francesco Costa dopo che l\u2019Itlas Santa Giustina Serravalle aveva trovato il vantaggio ad inizio secondo tempo e la prima frazione era terminata 1 a 1. Meritavano di pi\u00f9 gli agordini che non sono stati precisi sotto porta nelle tante occasioni arrivate. La prossima settimana la formazione di Agordo giocher\u00e0 contro il Ponte Nelle Alpi. Match equilibrato ma l\u2019Agordina ci prova fin da subito con Paganin che al 1\u2019 scalda le mani all\u2019estremo difensore avversario con un tiro potente ma centrale. Le squadre sembrano non volersi fare del male ma ad attaccare pi\u00f9 incisivamente \u00e8 la squadra di Agordo. Ancora Paganin pericoloso che colpisce il palo e sfiora il gol con un colpo di testa. Al 19\u2019 si sblocca la partita. Ad andare a segno sono gli uomini di Lorenzi. Confusione in area e tiro vincente di Del Din che spedisce la sfera sotto all\u2019incrocio. Alla prima vera azione da gol i trevigiani pareggiano i conti. Al 35\u2019 Fullin trova una conclusione imparabile per il portiere agordino. Ripresa con le squadre che si affrontano a viso aperto. L\u2019Itlas va vicina al gol alla prima disattenzione difensiva della squadra di Agordo con un tiro che sorvola di poco la traversa. Si gioca sotto una pioggia battente ma nonostante tutto la sfida \u00e8 piacevole. L\u2019Agordina mette in campo forze fresche alla ricerca del gol. Ad avere la meglio \u00e8 la compagine ospite che passa in vantaggio con Ostet al 65\u2019 che si mangia due difensori prima di colpire a rete. In pieno recupero l\u2019Agordina tira fuori le unghie e da calcio piazzato pareggia i conti con una splendida punizione di Francesco Costa.<\/p>\n<p>&nbsp;<\/p>\n<p><strong>GIOVANISSIMI PROVINCIALI \/ CAMPIONATO NON ANCORA INIZIATO<\/strong><\/p>\n<p>&nbsp;<\/p>\n<p><strong>ALLIEVI REGIONALI \/ AGORDINA \u2013 INDOMITA TREVISO 0-1<\/strong><\/p>\n<p>Seconda sconfitta su altrettante partite giocate per gli Allievi dell\u2019Agordina nel campionato regionale. La squadra di Renato Orzetti non riesce a raggiungere il pareggio ma esce a testa alta da un match dove si sono visti dei miglioramenti dal punto di vista calcistico per gli agordini. I trevigiani portano a casa 3 punti dopo una sfida giocata alla pari e ben gestita da entrambe le compagini. Ci sono ancora margini di miglioramento per la formazione di Agordo che ora si preparer\u00e0 alla prossima sfida in programma il prossimo fine settimana.<\/p>\n<p>&nbsp;<\/p>\n<p><strong>JUNIORES PROVINCIALI \/ CAMPIONATO NON ANCORA INIZIATO<\/strong><\/p>\n<p>&nbsp;<\/p>\n<p><strong>JUNIORES REGIONALI \/ FIORI BARP \u2013 UNION QDP 1-1<\/strong><\/p>\n<p>Dopo la bella vittoria all\u2019esordio, il Fiori Barp pareggia contro i trevigiani dell\u2019Union QDP nella seconda giornata del campionato Juniores Regionale. Un risultato amaro \u00a0per quanto visto sul campo di Gron di Sospirolo. A passare in vantaggio \u00e8 la squadra ospite che dopo soli 2\u2019 trova il gol con un\u2019incornata vincete su mischia in area. Il Fiori Barp prova a reagire e pareggia i conti al 35\u2019. Cross dalla sinistra per Fumei che al volo supera il portiere avversario. Finale di primo tempo con la squadra di Mas all\u2019attacco che sfiora il vantaggio in due occasioni. Nella ripresa il Fiori Barp ha alcune occasioni nitide ma a 10\u2019 dal termine Durante si divora la rete del vantaggio colpendo in pieno il palo.<\/p>\n<p>&nbsp;<\/p>\n<p>&nbsp;<\/p>\n<hr \/>\n<p>&nbsp;<\/p>\n<p><span style=\"color: #0000ff;\"><strong>HOCKEY SU GHIACCIO<\/strong><\/span><\/p>\n<blockquote>\n<h3 class=\"entry-title\">SUBITO UNA SCONFITTA PER L\u2019ALLEGHE. IL CALDARO FA LA VOCE GROSSA AL DE TONI<\/h3>\n<\/blockquote>\n<p><strong class=\"photoswipe-wrapper\"><a class=\"dt-pswp-item pspw-wrap-ready\" href=\"https:\/\/i0.wp.com\/www.radiopiu.net\/wordpress\/wp-content\/uploads\/2019\/08\/logo-alleghe-hockey.png?ssl=1\" data-dt-img-description=\"\" data-large_image_width=\"547\" data-large_image_height=\"512\"><img loading=\"lazy\" decoding=\"async\" class=\"wp-image-95699 alignleft\" src=\"https:\/\/i0.wp.com\/www.radiopiu.net\/wordpress\/wp-content\/uploads\/2019\/08\/logo-alleghe-hockey.png?resize=137%2C128&amp;ssl=1\" sizes=\"auto, (max-width: 137px) 100vw, 137px\" srcset=\"https:\/\/i0.wp.com\/www.radiopiu.net\/wordpress\/wp-content\/uploads\/2019\/08\/logo-alleghe-hockey.png?resize=300%2C281&amp;ssl=1 300w, https:\/\/i0.wp.com\/www.radiopiu.net\/wordpress\/wp-content\/uploads\/2019\/08\/logo-alleghe-hockey.png?w=547&amp;ssl=1 547w\" alt=\"\" width=\"137\" height=\"128\" \/><\/a>ALLEGHE \u2013 CALDARO 1-9<\/strong><br \/>\nPARZIALI: 1-2, 0-2, 0-5<br \/>\nGOL: pt. 13\u201906\u201d R. Felderer, 13\u201919\u201d Fink, 18\u201941\u201d Novikovs. st. 0\u201927\u201d De Don\u00e0, 11\u201956\u201d Virtala. tt. 2\u201928\u201d Vinatzer, 2\u201936\u201d e 10\u201927\u201d T. Virtala, 8\u201957\u201d Uffelmann, 18\u201900\u201d M. Virtala<\/p>\n<p>Prima partita ufficiale della stagione e subito una sconfitta per l\u2019Alleghe Hockey. Nella partita inaugurale dell\u2019IHL il Caldaro fa la voce grossa e nel giro di 30\u2019 chiudono la sfida del De Toni. Le civette ci provano ma non riescono a tenere il passo dei lucci. Ad inaugurare lo score dei biancorossi in questa stagione \u00e8 stato il nuovo straniero Novikovs che ha giocato una buona partita. Gli altoatesini hanno giocato un\u2019ottima partita, uno squadrone che punta in alto in questa stagione. Ora la testa alla prossima sfida in programma sabato prossimo alle 18:45 quando gli agordini saranno in trasferta per affrontare il Pergine. Primi minuti di gara senza tante emozioni. Una lunga fase di studio tra le due compagini. Dopo 5\u2019 il primo powerplay in favore delle civette che cercano di imbastire il rompo per sbloccare la partita. Il Caldaro ci prova in contropiede ma Zanardi \u00e8 attento. I lucci ingranano la marcia giusta e in pochi secondi trovano due gol. Raphael Felderer trova il pertugio giusto dopo un batti e ribatti. Il raddoppio arriva da Fink che aprofitta di una generale dormita dei padroni di casa per infilare Zanardi per la seconda volta. A pochi secondi dalla prima sirena i biancorossi accorciano le distanze. Passaggio lungo per Novikovs che a tu per tu con Morndel lo fa sedere prima di gonfiare la rete. Periodo centrale che parte con il terzo gol degli altoatesini. Alla prima penalit\u00e0 a favore i lucci incrementano il vantaggio con De Don\u00e0. Il Caldaro sembra avere una marcia in pi\u00f9 mettendo in difficolt\u00e0 la difesa alleghese. Ospiti che calano il poker dopo una bella triangolazione che ha premiato Virtala che a pochi metri dalla porta ha battuto il golie agordino. Nella terza frazione gli altoatesini continuano a premere e vanno a segno altre due volte nel giro di pochi secondi, prima con Vinatzer poi con Virtala. Nel momento migliore per le civette, il Caldaro trova la settima rete della serata con Uffelmann. A chiudere definitivamente la sfida \u00e8 Teemu Virtala che sigla la tripletta personale e il fratello Markus a 2\u2019 dal termine.<\/p>\n<p>&nbsp;<\/p>\n<hr \/>\n<blockquote><p><strong>\u00a0<\/strong><\/p>\n<p><strong>UNDER 17<\/strong><\/p><\/blockquote>\n<p><strong>VALPELLICE &#8211; ALLEGHE 4-3<\/strong><\/p>\n<p><strong>GOL ALLEGHE<\/strong>: 2 Nicol\u00f2 Fontanive, Tommaso Costantini<\/p>\n<p>Esordio con sconfitta di misura per l&#8217;Under 17 dell&#8217;Alleghe Hockey che allo stadio Cotta Morandini di Torre Pellice viene beffato dal Valpellice a 3&#8242; dalla fine. Una partita al quanto equilibrata con gli alleghesi che passano in vantaggio dopo pochi minuti grazie alla rete di Nicol\u00f2 Fontanive. I padroni di casa rispondono poco prima del finale di prima frazione. Nel secondo tempo \u00e8 ancora l&#8217;Alleghe a portarsi in vantaggio con Costantini ma nell&#8217;ultimo minuto della frazione centrale i piemontesi vanno a segno due volte in rapida successione. Terzo tempo concitato con le civette che riescono a pareggiare ma a 3&#8242; dal termine il Valpellice chiude la partita con il quarto gol di giornata.<\/p>\n<p>&nbsp;<\/p>\n<blockquote><p><strong>UNDER 9<\/strong><\/p><\/blockquote>\n<p>Sabato si \u00e8 giocato allo stadio Scola di Alba di Canazei, il primo dei tornei previsti per la categoria under 9, dove l&#8217;Alleghe Hockey ha affrontato le formazioni di HC Fassa, HC Vadifiemme, e HC Val Badia. 8 giocatori ed un portiere a rappresentare Alleghe Hockey per una giornata che, come al solito, \u00e8 votata al<br \/>\ndivertimento di tutti i bambini i quali giocando iniziano a fare proprie le prime nozioni dell&#8217;hockey su ghiaccio. Accompagnati da Kiki De Toni le Civettine si sono ben distinte nei tre incontri disputati.<\/p>\n<p>&nbsp;<\/p>\n<hr \/>\n<p>&nbsp;<\/p>\n<p>&nbsp;<\/p>\n<p><span style=\"color: #0000ff;\"><strong>CORSA IN MONTAGNA<\/strong><\/span><\/p>\n<blockquote>\n<h3>DANIELE DE COLO&#8217; E GIULIA TITTON SI AGGIUDICANO LA CRONOSCALATA FRASSENE&#8217; &#8211; RIFUGIO SCARPA<\/h3>\n<\/blockquote>\n<p><strong>VOLTAGO<\/strong> Dopo tanti anni di assenza \u00e8 tornata la cronoscalata Frassen\u00e8 &#8211; Rifugio Scarpa. Buona partecipazione alla gara che ha impegnato 47 concorrenti sui 4 km e 700 metri di dislivello del tracciato. Dominio assoluto dell&#8217;atleta di Taibon Agordino Daniele De Col\u00f2 che ha chiuso la gara con il tempo di 36&#8217;45&#8221; staccando di ben 4&#8242; il secondo arrivato Piergiorgio Crepaz. Sul terzo gradino del podio Fabrizio De Marco. In ambito femminile la vittoria \u00e8 andata a Giulia Titton, seconda Monica Todesco e in terza posizione Marzia Gnech.<\/p>\n\n\t\t\t<style type='text\/css'>\n\t\t\t\t#gallery-6 {\n\t\t\t\t\tmargin: auto;\n\t\t\t\t}\n\t\t\t\t#gallery-6 .gallery-item {\n\t\t\t\t\tfloat: left;\n\t\t\t\t\tmargin-top: 10px;\n\t\t\t\t\ttext-align: center;\n\t\t\t\t\twidth: 20%;\n\t\t\t\t}\n\t\t\t\t#gallery-6 img {\n\t\t\t\t\tborder: 2px solid #cfcfcf;\n\t\t\t\t}\n\t\t\t\t#gallery-6 .gallery-caption {\n\t\t\t\t\tmargin-left: 0;\n\t\t\t\t}\n\t\t\t\t\/* see gallery_shortcode() in wp-includes\/media.php *\/\n\t\t\t<\/style>\n\t\t<div id='gallery-6' class='dt-gallery-container gallery galleryid-298545 gallery-columns-5 gallery-size-thumbnail'><dl class='gallery-item'>\n\t\t\t\t<dt class='gallery-icon portrait'>\n\t\t\t\t\t<a class=\"rollover rollover-zoom dt-pswp-item\" title=\"4325edff-d6dc-4b1f-b401-c7f434e70f0c\" data-dt-img-description=\"\" data-large_image_width=\"899\" data-large_image_height=\"1599\"href='https:\/\/www.radiopiu.net\/wordpress\/wp-content\/uploads\/2022\/09\/4325edff-d6dc-4b1f-b401-c7f434e70f0c.jpg'><img loading=\"lazy\" decoding=\"async\" width=\"150\" height=\"150\" src=\"https:\/\/www.radiopiu.net\/wordpress\/wp-content\/uploads\/2022\/09\/4325edff-d6dc-4b1f-b401-c7f434e70f0c-150x150.jpg\" class=\"attachment-thumbnail size-thumbnail\" alt=\"\" aria-describedby=\"gallery-6-298678\" \/><\/a>\n\t\t\t\t<\/dt>\n\t\t\t\t\t<dd class='wp-caption-text gallery-caption' id='gallery-6-298678'>\n\t\t\t\t\tLA CLASSIFICA\n\t\t\t\t\t<\/dd><\/dl><dl class='gallery-item'>\n\t\t\t\t<dt class='gallery-icon portrait'>\n\t\t\t\t\t<a class=\"rollover rollover-zoom dt-pswp-item\" title=\"bdec303c-e012-408e-b535-58b9cce233e3\" data-dt-img-description=\"\" data-large_image_width=\"720\" data-large_image_height=\"1600\"href='https:\/\/www.radiopiu.net\/wordpress\/wp-content\/uploads\/2022\/09\/bdec303c-e012-408e-b535-58b9cce233e3.jpg'><img loading=\"lazy\" decoding=\"async\" width=\"150\" height=\"150\" src=\"https:\/\/www.radiopiu.net\/wordpress\/wp-content\/uploads\/2022\/09\/bdec303c-e012-408e-b535-58b9cce233e3-150x150.jpg\" class=\"attachment-thumbnail size-thumbnail\" alt=\"\" \/><\/a>\n\t\t\t\t<\/dt><\/dl><dl class='gallery-item'>\n\t\t\t\t<dt class='gallery-icon portrait'>\n\t\t\t\t\t<a class=\"rollover rollover-zoom dt-pswp-item\" title=\"954e7f4a-1c81-429a-b297-aa0ed38f80e6\" data-dt-img-description=\"\" data-large_image_width=\"720\" data-large_image_height=\"1600\"href='https:\/\/www.radiopiu.net\/wordpress\/wp-content\/uploads\/2022\/09\/954e7f4a-1c81-429a-b297-aa0ed38f80e6.jpg'><img loading=\"lazy\" decoding=\"async\" width=\"150\" height=\"150\" src=\"https:\/\/www.radiopiu.net\/wordpress\/wp-content\/uploads\/2022\/09\/954e7f4a-1c81-429a-b297-aa0ed38f80e6-150x150.jpg\" class=\"attachment-thumbnail size-thumbnail\" alt=\"\" \/><\/a>\n\t\t\t\t<\/dt><\/dl><dl class='gallery-item'>\n\t\t\t\t<dt class='gallery-icon landscape'>\n\t\t\t\t\t<a class=\"rollover rollover-zoom dt-pswp-item\" title=\"cb8d7074-105f-46bc-89d7-57a853e98eff\" data-dt-img-description=\"\" data-large_image_width=\"1600\" data-large_image_height=\"1200\"href='https:\/\/www.radiopiu.net\/wordpress\/wp-content\/uploads\/2022\/09\/cb8d7074-105f-46bc-89d7-57a853e98eff.jpg'><img loading=\"lazy\" decoding=\"async\" width=\"150\" height=\"150\" src=\"https:\/\/www.radiopiu.net\/wordpress\/wp-content\/uploads\/2022\/09\/cb8d7074-105f-46bc-89d7-57a853e98eff-150x150.jpg\" class=\"attachment-thumbnail size-thumbnail\" alt=\"\" \/><\/a>\n\t\t\t\t<\/dt><\/dl><dl class='gallery-item'>\n\t\t\t\t<dt class='gallery-icon portrait'>\n\t\t\t\t\t<a class=\"rollover rollover-zoom dt-pswp-item\" title=\"d9b22619-548e-44bd-beb0-9ef1fa0aafb5\" data-dt-img-description=\"\" data-large_image_width=\"1200\" data-large_image_height=\"1600\"href='https:\/\/www.radiopiu.net\/wordpress\/wp-content\/uploads\/2022\/09\/d9b22619-548e-44bd-beb0-9ef1fa0aafb5.jpg'><img loading=\"lazy\" decoding=\"async\" width=\"150\" height=\"150\" src=\"https:\/\/www.radiopiu.net\/wordpress\/wp-content\/uploads\/2022\/09\/d9b22619-548e-44bd-beb0-9ef1fa0aafb5-150x150.jpg\" class=\"attachment-thumbnail size-thumbnail\" alt=\"\" \/><\/a>\n\t\t\t\t<\/dt><\/dl><br style=\"clear: both\" \/>\n\t\t\t<\/div>\n\n<hr \/>\n<p>&nbsp;<\/p>\n<blockquote>\n<h3>ASTRID MIOLA E GIORGIA MARCHET, GRANDI A SAN STINO DI LIVENZA<\/h3>\n<\/blockquote>\n<p><strong>REDAZIONE\u00a0<\/strong> \u00a021\u00aa edizione del Trofeo Tra Livenza e Malgher: vittoria per l&#8217;azzurra feltrina Giorgia Marchet\u00a0 e secondo posto per l&#8217;agordina Astrid Miola (Torpado Ursus).\u00a0 Undicesima Serena D&#8217;Inc\u00e0. Nella MasterWomen quarta piazza per Serena Rigo. Altre vittorie bellunesi: Nicola Savi sul podio come Simone De Bona, terzo. Successo per Marco Agricola tra i Master 4.\u00a0 Mauro Scagliarini ha messo in fila tutta la concorrenza della categoria Master 5 e secondo posto per Ivo Savi tra gli Under 23<\/p>\n\n\t\t\t<style type='text\/css'>\n\t\t\t\t#gallery-7 {\n\t\t\t\t\tmargin: auto;\n\t\t\t\t}\n\t\t\t\t#gallery-7 .gallery-item {\n\t\t\t\t\tfloat: left;\n\t\t\t\t\tmargin-top: 10px;\n\t\t\t\t\ttext-align: center;\n\t\t\t\t\twidth: 25%;\n\t\t\t\t}\n\t\t\t\t#gallery-7 img {\n\t\t\t\t\tborder: 2px solid #cfcfcf;\n\t\t\t\t}\n\t\t\t\t#gallery-7 .gallery-caption {\n\t\t\t\t\tmargin-left: 0;\n\t\t\t\t}\n\t\t\t\t\/* see gallery_shortcode() in wp-includes\/media.php *\/\n\t\t\t<\/style>\n\t\t<div id='gallery-7' class='dt-gallery-container gallery galleryid-298545 gallery-columns-4 gallery-size-thumbnail'><dl class='gallery-item'>\n\t\t\t\t<dt class='gallery-icon landscape'>\n\t\t\t\t\t<a class=\"rollover rollover-zoom dt-pswp-item\" title=\"308521426_3392505017649192_7010176614977091440_n\" data-dt-img-description=\"\" data-large_image_width=\"761\" data-large_image_height=\"761\"href='https:\/\/www.radiopiu.net\/wordpress\/wp-content\/uploads\/2022\/09\/308521426_3392505017649192_7010176614977091440_n.jpg'><img loading=\"lazy\" decoding=\"async\" width=\"150\" height=\"150\" src=\"https:\/\/www.radiopiu.net\/wordpress\/wp-content\/uploads\/2022\/09\/308521426_3392505017649192_7010176614977091440_n-150x150.jpg\" class=\"attachment-thumbnail size-thumbnail\" alt=\"\" srcset=\"https:\/\/www.radiopiu.net\/wordpress\/wp-content\/uploads\/2022\/09\/308521426_3392505017649192_7010176614977091440_n-150x150.jpg 150w, https:\/\/www.radiopiu.net\/wordpress\/wp-content\/uploads\/2022\/09\/308521426_3392505017649192_7010176614977091440_n-300x300.jpg 300w, https:\/\/www.radiopiu.net\/wordpress\/wp-content\/uploads\/2022\/09\/308521426_3392505017649192_7010176614977091440_n.jpg 761w\" sizes=\"auto, (max-width: 150px) 100vw, 150px\" \/><\/a>\n\t\t\t\t<\/dt><\/dl><dl class='gallery-item'>\n\t\t\t\t<dt class='gallery-icon landscape'>\n\t\t\t\t\t<a class=\"rollover rollover-zoom dt-pswp-item\" title=\"308675941_3392505024315858_3449345488785325598_n\" data-dt-img-description=\"\" data-large_image_width=\"900\" data-large_image_height=\"900\"href='https:\/\/www.radiopiu.net\/wordpress\/wp-content\/uploads\/2022\/09\/308675941_3392505024315858_3449345488785325598_n.jpg'><img loading=\"lazy\" decoding=\"async\" width=\"150\" height=\"150\" src=\"https:\/\/www.radiopiu.net\/wordpress\/wp-content\/uploads\/2022\/09\/308675941_3392505024315858_3449345488785325598_n-150x150.jpg\" class=\"attachment-thumbnail size-thumbnail\" alt=\"\" srcset=\"https:\/\/www.radiopiu.net\/wordpress\/wp-content\/uploads\/2022\/09\/308675941_3392505024315858_3449345488785325598_n-150x150.jpg 150w, https:\/\/www.radiopiu.net\/wordpress\/wp-content\/uploads\/2022\/09\/308675941_3392505024315858_3449345488785325598_n-300x300.jpg 300w, https:\/\/www.radiopiu.net\/wordpress\/wp-content\/uploads\/2022\/09\/308675941_3392505024315858_3449345488785325598_n-768x768.jpg 768w, https:\/\/www.radiopiu.net\/wordpress\/wp-content\/uploads\/2022\/09\/308675941_3392505024315858_3449345488785325598_n.jpg 900w\" sizes=\"auto, (max-width: 150px) 100vw, 150px\" \/><\/a>\n\t\t\t\t<\/dt><\/dl><dl class='gallery-item'>\n\t\t\t\t<dt class='gallery-icon landscape'>\n\t\t\t\t\t<a class=\"rollover rollover-zoom dt-pswp-item\" title=\"308845240_3392505027649191_4933182976646700982_n\" data-dt-img-description=\"\" data-large_image_width=\"792\" data-large_image_height=\"792\"href='https:\/\/www.radiopiu.net\/wordpress\/wp-content\/uploads\/2022\/09\/308845240_3392505027649191_4933182976646700982_n.jpg'><img loading=\"lazy\" decoding=\"async\" width=\"150\" height=\"150\" src=\"https:\/\/www.radiopiu.net\/wordpress\/wp-content\/uploads\/2022\/09\/308845240_3392505027649191_4933182976646700982_n-150x150.jpg\" class=\"attachment-thumbnail size-thumbnail\" alt=\"\" srcset=\"https:\/\/www.radiopiu.net\/wordpress\/wp-content\/uploads\/2022\/09\/308845240_3392505027649191_4933182976646700982_n-150x150.jpg 150w, https:\/\/www.radiopiu.net\/wordpress\/wp-content\/uploads\/2022\/09\/308845240_3392505027649191_4933182976646700982_n-300x300.jpg 300w, https:\/\/www.radiopiu.net\/wordpress\/wp-content\/uploads\/2022\/09\/308845240_3392505027649191_4933182976646700982_n-768x768.jpg 768w, https:\/\/www.radiopiu.net\/wordpress\/wp-content\/uploads\/2022\/09\/308845240_3392505027649191_4933182976646700982_n.jpg 792w\" sizes=\"auto, (max-width: 150px) 100vw, 150px\" \/><\/a>\n\t\t\t\t<\/dt><\/dl><dl class='gallery-item'>\n\t\t\t\t<dt class='gallery-icon landscape'>\n\t\t\t\t\t<a class=\"rollover rollover-zoom dt-pswp-item\" title=\"308629409_3392505020982525_3273692913461561823_n\" data-dt-img-description=\"\" data-large_image_width=\"900\" data-large_image_height=\"900\"href='https:\/\/www.radiopiu.net\/wordpress\/wp-content\/uploads\/2022\/09\/308629409_3392505020982525_3273692913461561823_n.jpg'><img loading=\"lazy\" decoding=\"async\" width=\"150\" height=\"150\" src=\"https:\/\/www.radiopiu.net\/wordpress\/wp-content\/uploads\/2022\/09\/308629409_3392505020982525_3273692913461561823_n-150x150.jpg\" class=\"attachment-thumbnail size-thumbnail\" alt=\"\" srcset=\"https:\/\/www.radiopiu.net\/wordpress\/wp-content\/uploads\/2022\/09\/308629409_3392505020982525_3273692913461561823_n-150x150.jpg 150w, https:\/\/www.radiopiu.net\/wordpress\/wp-content\/uploads\/2022\/09\/308629409_3392505020982525_3273692913461561823_n-300x300.jpg 300w, https:\/\/www.radiopiu.net\/wordpress\/wp-content\/uploads\/2022\/09\/308629409_3392505020982525_3273692913461561823_n-768x768.jpg 768w, https:\/\/www.radiopiu.net\/wordpress\/wp-content\/uploads\/2022\/09\/308629409_3392505020982525_3273692913461561823_n.jpg 900w\" sizes=\"auto, (max-width: 150px) 100vw, 150px\" \/><\/a>\n\t\t\t\t<\/dt><\/dl><br style=\"clear: both\" \/>\n\t\t\t<\/div>\n\n<p>&nbsp;<\/p>\n<hr \/>\n<p>&nbsp;<\/p>\n<\/div>\n<\/div>\n<\/div>\n<\/div>\n<\/div>\n<\/div>\n<\/div>\n<\/div>\n<\/div>\n<\/div>\n<\/div>\n<\/div>\n<\/div>\n<\/div>\n<\/div>\n<\/div>\n<\/div>\n<\/div>\n<\/div>\n<\/div>\n<\/div>\n<\/div>\n<\/div>\n<\/div>\n<\/div>\n<\/div>\n<\/div>\n<\/div>\n<\/div>\n<\/div>\n<\/div>\n<\/div>\n<\/div>\n<\/div>\n<\/div>\n<\/div>\n<\/div>\n<\/div>\n<\/div>\n<\/div>\n<\/div>\n<\/div>\n<\/div>\n<\/div>\n<\/div>\n<\/div>\n<\/div>\n<\/div>\n<\/div>\n<\/div>\n<\/div>\n<\/div>\n<\/div>\n<\/div>\n<\/div>\n<\/div>\n<\/div>\n<\/div>\n<\/div>\n<\/div>\n<\/div>\n<\/div>\n<\/div>\n<\/div>\n<\/div>\n<\/div>\n<\/div>\n<\/div>\n<\/div>\n<\/div>\n<\/div>\n<\/div>\n<\/div>\n<\/div>\n<\/div>\n<\/div>\n<\/div>\n<\/div>\n<\/div>\n<\/div>\n<\/div>\n<\/div>\n","protected":false},"excerpt":{"rendered":"<p>RADIO PIU INFORMAZIONE il canale su TELEGRAM informazione di prima\u00a0\u00a0mano e in tempo reale. iscriviti ed aiutaci a farlo conoscere &nbsp; &nbsp; ACQUA INQUINATA\u00a0 A GOSALDO LE FOCHE, LAMBROI, DENEORE, MAGAIT, REN, SELLE, COL TAMAI, BITTI, GIARDOI E PETTUINE servizio autobotti a le Foche e Lambroi ACQUA DI NUOVO\u00a0 POTABILE \u00a0in localit\u00e0 COLLAZ di CENCENIGHE,&hellip;<\/p>\n","protected":false},"author":4,"featured_media":298722,"comment_status":"closed","ping_status":"closed","sticky":false,"template":"","format":"standard","meta":{"_monsterinsights_skip_tracking":false,"_monsterinsights_sitenote_active":false,"_monsterinsights_sitenote_note":"","_monsterinsights_sitenote_category":0,"footnotes":""},"categories":[51,86,49],"tags":[],"class_list":["post-298545","post","type-post","status-publish","format-standard","has-post-thumbnail","hentry","category-evidenza-top","category-gr","category-news-18","category-51","category-86","category-49","description-off"],"img_url":"https:\/\/www.radiopiu.net\/wordpress\/wp-content\/uploads\/2022\/09\/SSSS-1.jpg","_links":{"self":[{"href":"https:\/\/www.radiopiu.net\/wordpress\/wp-json\/wp\/v2\/posts\/298545","targetHints":{"allow":["GET"]}}],"collection":[{"href":"https:\/\/www.radiopiu.net\/wordpress\/wp-json\/wp\/v2\/posts"}],"about":[{"href":"https:\/\/www.radiopiu.net\/wordpress\/wp-json\/wp\/v2\/types\/post"}],"author":[{"embeddable":true,"href":"https:\/\/www.radiopiu.net\/wordpress\/wp-json\/wp\/v2\/users\/4"}],"replies":[{"embeddable":true,"href":"https:\/\/www.radiopiu.net\/wordpress\/wp-json\/wp\/v2\/comments?post=298545"}],"version-history":[{"count":0,"href":"https:\/\/www.radiopiu.net\/wordpress\/wp-json\/wp\/v2\/posts\/298545\/revisions"}],"wp:featuredmedia":[{"embeddable":true,"href":"https:\/\/www.radiopiu.net\/wordpress\/wp-json\/wp\/v2\/media\/298722"}],"wp:attachment":[{"href":"https:\/\/www.radiopiu.net\/wordpress\/wp-json\/wp\/v2\/media?parent=298545"}],"wp:term":[{"taxonomy":"category","embeddable":true,"href":"https:\/\/www.radiopiu.net\/wordpress\/wp-json\/wp\/v2\/categories?post=298545"},{"taxonomy":"post_tag","embeddable":true,"href":"https:\/\/www.radiopiu.net\/wordpress\/wp-json\/wp\/v2\/tags?post=298545"}],"curies":[{"name":"wp","href":"https:\/\/api.w.org\/{rel}","templated":true}]}}