{"id":298627,"date":"2022-09-24T20:36:52","date_gmt":"2022-09-24T18:36:52","guid":{"rendered":"https:\/\/www.radiopiu.net\/wordpress\/?p=298627"},"modified":"2022-09-26T06:10:21","modified_gmt":"2022-09-26T04:10:21","slug":"subito-una-sconfitta-per-lalleghe-il-caldaro-fa-la-voce-grossa-al-de-toni","status":"publish","type":"post","link":"https:\/\/www.radiopiu.net\/wordpress\/subito-una-sconfitta-per-lalleghe-il-caldaro-fa-la-voce-grossa-al-de-toni\/","title":{"rendered":"SUBITO UNA SCONFITTA PER L&#8217;ALLEGHE. IL CALDARO FA LA VOCE GROSSA AL DE TONI"},"content":{"rendered":"<p><strong><a class=\"dt-pswp-item\" href=\"https:\/\/www.radiopiu.net\/wordpress\/wp-content\/uploads\/2019\/08\/logo-alleghe-hockey.png\" data-dt-img-description=\"\" data-large_image_width=\"547\" data-large_image_height=\"512\"><img loading=\"lazy\" decoding=\"async\" class=\"wp-image-95699 alignleft\" src=\"https:\/\/www.radiopiu.net\/wordpress\/wp-content\/uploads\/2019\/08\/logo-alleghe-hockey-300x281.png\" alt=\"\" width=\"137\" height=\"128\" srcset=\"https:\/\/www.radiopiu.net\/wordpress\/wp-content\/uploads\/2019\/08\/logo-alleghe-hockey-300x281.png 300w, https:\/\/www.radiopiu.net\/wordpress\/wp-content\/uploads\/2019\/08\/logo-alleghe-hockey.png 547w\" sizes=\"auto, (max-width: 137px) 100vw, 137px\" \/><\/a>ALLEGHE \u2013 CALDARO 1-9<\/strong><br \/>\nPARZIALI: 1-2, 0-2, 0-5<br \/>\nGOL: pt. 13\u201906\u201d R. Felderer, 13\u201919\u201d Fink, 18\u201941\u201d Novikovs. st. 0\u201927\u201d De Don\u00e0, 11\u201956\u201d Virtala. tt. 2\u201928\u201d Vinatzer, 2\u201936\u201d e 10\u201927\u201d T. Virtala, 8\u201957\u201d Uffelmann, 18\u201900\u201d M. Virtala<\/p>\n<p>Prima partita ufficiale della stagione e subito una sconfitta per l\u2019Alleghe Hockey. Nella partita inaugurale dell\u2019IHL il Caldaro fa la voce grossa e nel giro di 30\u2019 chiudono la sfida del De Toni. Le civette ci provano ma non riescono a tenere il passo dei lucci. Ad inaugurare lo score dei biancorossi in questa stagione \u00e8 stato il nuovo straniero Novikovs che ha giocato una buona partita. Gli altoatesini hanno giocato un\u2019ottima partita, uno squadrone che punta in alto in questa stagione. Ora la testa alla prossima sfida in programma sabato prossimo alle 18:45 quando gli agordini saranno in trasferta per affrontare il Pergine. Primi minuti di gara senza tante emozioni. Una lunga fase di studio tra le due compagini. Dopo 5\u2019 il primo powerplay in favore delle civette che cercano di imbastire il rompo per sbloccare la partita. Il Caldaro ci prova in contropiede ma Zanardi \u00e8 attento. I lucci ingranano la marcia giusta e in pochi secondi trovano due gol. Raphael Felderer trova il pertugio giusto dopo un batti e ribatti. Il raddoppio arriva da Fink che aprofitta di una generale dormita dei padroni di casa per infilare Zanardi per la seconda volta. A pochi secondi dalla prima sirena i biancorossi accorciano le distanze. Passaggio lungo per Novikovs che a tu per tu con Morndel lo fa sedere prima di gonfiare la rete. Periodo centrale che parte con il terzo gol degli altoatesini. Alla prima penalit\u00e0 a favore i lucci incrementano il vantaggio con De Don\u00e0. Il Caldaro sembra avere una marcia in pi\u00f9 mettendo in difficolt\u00e0 la difesa alleghese. Ospiti che calano il poker dopo una bella triangolazione che ha premiato Virtala che a pochi metri dalla porta ha battuto il golie agordino. Nella terza frazione gli altoatesini continuano a premere e vanno a segno altre due volte nel giro di pochi secondi, prima con Vinatzer poi con Virtala. Nel momento migliore per le civette, il Caldaro trova la settima rete della serata con Uffelmann. A chiudere definitivamente la sfida \u00e8 Teemu Virtala che sigla la tripletta personale e il fratello Markus a 2\u2019 dal termine.<\/p>\n<p>&nbsp;<\/p>\n<p>&nbsp;<\/p>\n<p>&nbsp;<\/p>\n<p>******<\/p>\n","protected":false},"excerpt":{"rendered":"<p>ALLEGHE \u2013 CALDARO 1-9 PARZIALI: 1-2, 0-2, 0-5 GOL: pt. 13\u201906\u201d R. Felderer, 13\u201919\u201d Fink, 18\u201941\u201d Novikovs. st. 0\u201927\u201d De Don\u00e0, 11\u201956\u201d Virtala. tt. 2\u201928\u201d Vinatzer, 2\u201936\u201d e 10\u201927\u201d T. Virtala, 8\u201957\u201d Uffelmann, 18\u201900\u201d M. Virtala Prima partita ufficiale della stagione e subito una sconfitta per l\u2019Alleghe Hockey. Nella partita inaugurale dell\u2019IHL il Caldaro fa&hellip;<\/p>\n","protected":false},"author":4,"featured_media":255780,"comment_status":"closed","ping_status":"closed","sticky":false,"template":"","format":"standard","meta":{"_monsterinsights_skip_tracking":false,"_monsterinsights_sitenote_active":false,"_monsterinsights_sitenote_note":"","_monsterinsights_sitenote_category":0,"footnotes":""},"categories":[104,49],"tags":[],"class_list":["post-298627","post","type-post","status-publish","format-standard","has-post-thumbnail","hentry","category-evidenza_3","category-news-18","category-104","category-49","description-off"],"img_url":"https:\/\/www.radiopiu.net\/wordpress\/wp-content\/uploads\/2022\/01\/HOCKEY-2022.jpg","_links":{"self":[{"href":"https:\/\/www.radiopiu.net\/wordpress\/wp-json\/wp\/v2\/posts\/298627","targetHints":{"allow":["GET"]}}],"collection":[{"href":"https:\/\/www.radiopiu.net\/wordpress\/wp-json\/wp\/v2\/posts"}],"about":[{"href":"https:\/\/www.radiopiu.net\/wordpress\/wp-json\/wp\/v2\/types\/post"}],"author":[{"embeddable":true,"href":"https:\/\/www.radiopiu.net\/wordpress\/wp-json\/wp\/v2\/users\/4"}],"replies":[{"embeddable":true,"href":"https:\/\/www.radiopiu.net\/wordpress\/wp-json\/wp\/v2\/comments?post=298627"}],"version-history":[{"count":0,"href":"https:\/\/www.radiopiu.net\/wordpress\/wp-json\/wp\/v2\/posts\/298627\/revisions"}],"wp:featuredmedia":[{"embeddable":true,"href":"https:\/\/www.radiopiu.net\/wordpress\/wp-json\/wp\/v2\/media\/255780"}],"wp:attachment":[{"href":"https:\/\/www.radiopiu.net\/wordpress\/wp-json\/wp\/v2\/media?parent=298627"}],"wp:term":[{"taxonomy":"category","embeddable":true,"href":"https:\/\/www.radiopiu.net\/wordpress\/wp-json\/wp\/v2\/categories?post=298627"},{"taxonomy":"post_tag","embeddable":true,"href":"https:\/\/www.radiopiu.net\/wordpress\/wp-json\/wp\/v2\/tags?post=298627"}],"curies":[{"name":"wp","href":"https:\/\/api.w.org\/{rel}","templated":true}]}}