{"id":298686,"date":"2022-09-27T05:35:06","date_gmt":"2022-09-27T03:35:06","guid":{"rendered":"https:\/\/www.radiopiu.net\/wordpress\/?p=298686"},"modified":"2022-09-27T09:26:01","modified_gmt":"2022-09-27T07:26:01","slug":"giornale-radiopiu-27-settembre-2022-direttore-mirko-mezzacasa","status":"publish","type":"post","link":"https:\/\/www.radiopiu.net\/wordpress\/giornale-radiopiu-27-settembre-2022-direttore-mirko-mezzacasa\/","title":{"rendered":"GIORNALE RADIOPIU 27 SETTEMBRE 2022 DIRETTORE MIRKO MEZZACASA"},"content":{"rendered":"<h3 class=\"kvgmc6g5 cxmmr5t8 oygrvhab hcukyx3x c1et5uql\"><span style=\"color: #0000ff;\"><strong><a class=\"dt-pswp-item\" href=\"https:\/\/www.radiopiu.net\/wordpress\/wp-content\/uploads\/2022\/09\/309052740_5329945663789584_3389149885812723854_n.jpg\" data-dt-img-description=\"\" data-large_image_width=\"731\" data-large_image_height=\"1024\"><img loading=\"lazy\" decoding=\"async\" class=\"size-medium wp-image-298805 alignleft\" src=\"https:\/\/www.radiopiu.net\/wordpress\/wp-content\/uploads\/2022\/09\/309052740_5329945663789584_3389149885812723854_n-214x300.jpg\" alt=\"\" width=\"214\" height=\"300\" srcset=\"https:\/\/www.radiopiu.net\/wordpress\/wp-content\/uploads\/2022\/09\/309052740_5329945663789584_3389149885812723854_n-214x300.jpg 214w, https:\/\/www.radiopiu.net\/wordpress\/wp-content\/uploads\/2022\/09\/309052740_5329945663789584_3389149885812723854_n.jpg 731w\" sizes=\"auto, (max-width: 214px) 100vw, 214px\" \/><\/a><\/strong><\/span><\/h3>\n<h3><\/h3>\n<h3><\/h3>\n<h3 class=\"kvgmc6g5 cxmmr5t8 oygrvhab hcukyx3x c1et5uql\"><span style=\"color: #0000ff;\"><strong>RADIO PIU INFORMAZIONE il canale su TELEGRAM informazione di prima\u00a0\u00a0<\/strong><strong>mano e in tempo reale. iscriviti ed aiutaci a farlo conoscere<\/strong><\/span><\/h3>\n<p>SULLA PAGINA FACEBOOK DI <span style=\"color: #0000ff;\"><strong><a style=\"color: #0000ff;\" href=\"https:\/\/www.facebook.com\/claudio.bez.7\">CLAUDIO BEZ<\/a> <\/strong><\/span>LA SPLENDIDA RACCOLTA D&#8217;ARTE LEGATA ALL&#8217;EVENTO FALCADINO DELLO SCORSO FINE SETTIMANA I disegni della Desmontegada <span style=\"color: #0000ff;\"><strong><a style=\"color: #0000ff;\" href=\"https:\/\/www.facebook.com\/photo\/?fbid=5329936450457172&amp;set=pcb.5329945903789560\">CLICCA QUI<\/a><\/strong><\/span><\/p>\n<p>&nbsp;<\/p>\n<p>&nbsp;<\/p>\n<p>&nbsp;<\/p>\n<p>&nbsp;<\/p>\n<p>&nbsp;<\/p>\n<hr \/>\n<p>&nbsp;<\/p>\n<p><strong>RIVAMONTE AGORDINO: Chiusura temporanea Ecocentro per manifestazione \u201cRiva l\u2019Oktoberfest\u201d<\/strong><\/p>\n<p><strong>AGORDO<\/strong> L\u2019Ecocentro di Rivamonte Agordino rimarr\u00e0 chiuso sabato 8 e sabato 15 ottobre 2022 come richiesto dal Comune per consentire lo svolgimento della manifestazione denominata \u201cRiva l\u2019Oktoberfest\u201d. Si ricorda che\u00a0le utenze possono accedere a\u00a0qualsiasi Ecocentro del territorio dell\u2019Unione Montana Agordina,\u00a0verificando sedi e orari di apertura\u00a0nella pagina ECOCENTRO.<\/p>\n<p>&nbsp;<\/p>\n<p>&nbsp;<\/p>\n<hr \/>\n<p>&nbsp;<\/p>\n<p><strong>ACQUA INQUINATA\u00a0 A GOSALDO<\/strong><span style=\"color: #ff0000;\"> LE FOCHE, LAMBROI, DENEORE, MAGAIT, REN, SELLE, COL TAMAI, BITTI, GIARDOI E PETTUINE <\/span><span style=\"color: #ff0000;\"><span style=\"color: #000000;\">servizio autobotti a le Foche e Lambroi<\/span><\/span><\/p>\n<p><span style=\"color: #0000ff;\"><strong>ACQUA DI NUOVO\u00a0 POTABILE<\/strong> <\/span>\u00a0in localit\u00e0 <span style=\"color: #ff0000;\">COLLAZ <span style=\"color: #000000;\">di <strong>CENCENIGHE<\/strong>, \u00a0nelle localit\u00e0 MUDA EST E AGRE di \u00a0<strong>LA VALLE AGORDINA<\/strong> ed \u00a0nelle localit\u00e0 RONCH e CANACEDE di\u00a0<strong>SAN TOMASO AGORDINO<\/strong><\/span><\/span><\/p>\n<p>&nbsp;<\/p>\n<hr \/>\n<p>&nbsp;<\/p>\n<blockquote>\n<h2>IERI SERA 0re 19.45 INCREDIBILE GRANDINATA AD ORZES DI BELLUNO<\/h2>\n<\/blockquote>\n<p>&nbsp;<\/p>\n<p><strong>SEGNALAZIONE GIORGIO TRICHES<\/strong><\/p>\n<p>&nbsp;<\/p>\n<div style=\"width: 848px;\" class=\"wp-video\"><video class=\"wp-video-shortcode\" id=\"video-298686-1\" width=\"848\" height=\"480\" preload=\"metadata\" controls=\"controls\"><source type=\"video\/mp4\" src=\"https:\/\/www.radiopiu.net\/wordpress\/wp-content\/uploads\/2022\/09\/WhatsApp-Video-2022-09-26-at-20.01.22.mp4?_=1\" \/><a href=\"https:\/\/www.radiopiu.net\/wordpress\/wp-content\/uploads\/2022\/09\/WhatsApp-Video-2022-09-26-at-20.01.22.mp4\">https:\/\/www.radiopiu.net\/wordpress\/wp-content\/uploads\/2022\/09\/WhatsApp-Video-2022-09-26-at-20.01.22.mp4<\/a><\/video><\/div>\n<p>&nbsp;<\/p>\n<p><strong>VIGNOLE, OLD BAR, ALBERTO GAZ<\/strong><\/p>\n<p><a class=\"dt-pswp-item\" href=\"https:\/\/www.radiopiu.net\/wordpress\/wp-content\/uploads\/2022\/09\/SSSSSS.jpg\" data-dt-img-description=\"\" data-large_image_width=\"554\" data-large_image_height=\"499\"><img loading=\"lazy\" decoding=\"async\" class=\"alignnone size-medium wp-image-298890\" src=\"https:\/\/www.radiopiu.net\/wordpress\/wp-content\/uploads\/2022\/09\/SSSSSS-300x270.jpg\" alt=\"\" width=\"300\" height=\"270\" srcset=\"https:\/\/www.radiopiu.net\/wordpress\/wp-content\/uploads\/2022\/09\/SSSSSS-300x270.jpg 300w, https:\/\/www.radiopiu.net\/wordpress\/wp-content\/uploads\/2022\/09\/SSSSSS.jpg 554w\" sizes=\"auto, (max-width: 300px) 100vw, 300px\" \/>\u00a0<\/a><\/p>\n<p>&nbsp;<\/p>\n<blockquote>\n<h3><a class=\"dt-pswp-item\" href=\"https:\/\/www.radiopiu.net\/wordpress\/wp-content\/uploads\/2022\/09\/aaa-14.jpg\" data-dt-img-description=\"\" data-large_image_width=\"272\" data-large_image_height=\"171\"><img loading=\"lazy\" decoding=\"async\" class=\"wp-image-298897 alignleft\" src=\"https:\/\/www.radiopiu.net\/wordpress\/wp-content\/uploads\/2022\/09\/aaa-14.jpg\" alt=\"\" width=\"153\" height=\"96\" \/><\/a>PAURA PER IL FULMINE A SAN PIETRO DI CADORE<\/h3>\n<\/blockquote>\n<p>Ieri alle 15 a Costalta la\u00a0 cabina elettrica di trasformazione dell&#8217;Enel \u00e8 stata colpita da un fulmine. La scia luminosa, il rumore e lo spavento sono stati registrati, comunque, in tutto il territorio. L&#8217;incendio ha mandato in fiamme il trasformatore e messo fuori uso la postazione.\u00a0 Saranno necessari alcuni giorni per ripristinare la cabina. Quanto accaduto \u00e8 stato subito anche riportato nel social Facebook, da Patrizia Rizzo\u00a0 che ha informato i compaesani, allegando delle significative immagini dei danni.<\/p>\n<p>&nbsp;<\/p>\n<hr \/>\n<p>&nbsp;<\/p>\n<blockquote>\n<h3>FRATELLI D&#8217;ITALIA PRIMO PARTITO IN ITALIA E IN VENETO, DE CARLO AL SENATO E PERENZIN FUORI PER UN SOFFIO, A FELTRE SUPERATO IL 19 PER CENTO. BELLUNO MANDA LA LEGHISTA BISA ALLA CAMERA. DE MENECH LASCIA DOPO 10 ANNI.<\/h3>\n<\/blockquote>\n<p><strong><a class=\"dt-pswp-item\" href=\"https:\/\/www.radiopiu.net\/wordpress\/wp-content\/uploads\/2022\/09\/Fratelli-dItalia-Attesa-e-festeggiamenti-scrutini-elezioni-politiche-2022-9-scaled.jpg\" data-dt-img-description=\"\" data-large_image_width=\"2560\" data-large_image_height=\"1707\"><img loading=\"lazy\" decoding=\"async\" class=\" wp-image-298793 alignleft\" src=\"https:\/\/www.radiopiu.net\/wordpress\/wp-content\/uploads\/2022\/09\/Fratelli-dItalia-Attesa-e-festeggiamenti-scrutini-elezioni-politiche-2022-9-300x200.jpg\" alt=\"\" width=\"176\" height=\"117\" srcset=\"https:\/\/www.radiopiu.net\/wordpress\/wp-content\/uploads\/2022\/09\/Fratelli-dItalia-Attesa-e-festeggiamenti-scrutini-elezioni-politiche-2022-9-300x200.jpg 300w, https:\/\/www.radiopiu.net\/wordpress\/wp-content\/uploads\/2022\/09\/Fratelli-dItalia-Attesa-e-festeggiamenti-scrutini-elezioni-politiche-2022-9-1024x683.jpg 1024w, https:\/\/www.radiopiu.net\/wordpress\/wp-content\/uploads\/2022\/09\/Fratelli-dItalia-Attesa-e-festeggiamenti-scrutini-elezioni-politiche-2022-9-768x512.jpg 768w, https:\/\/www.radiopiu.net\/wordpress\/wp-content\/uploads\/2022\/09\/Fratelli-dItalia-Attesa-e-festeggiamenti-scrutini-elezioni-politiche-2022-9-1536x1024.jpg 1536w, https:\/\/www.radiopiu.net\/wordpress\/wp-content\/uploads\/2022\/09\/Fratelli-dItalia-Attesa-e-festeggiamenti-scrutini-elezioni-politiche-2022-9-2048x1365.jpg 2048w\" sizes=\"auto, (max-width: 176px) 100vw, 176px\" \/><\/a>MESTRE<\/strong> Fratelli d&#8217;Italia esce vincitrice assoluta dalle urne, risultando il primo partito a livello nazionale e in Veneto, dove sfonda il tetto del 30%. \u201c<em>Una fortissima crescita, nata dopo le Europee del 2019, frutto del grandissimo lavoro di una classe dirigente maturata tanto nelle piazze quanto nelle istituzioni<\/em>\u201d, commenta il coordinatore regionale &#8211; e riconfermato senatore \u2013 Luca De Carlo. \u201c<em>Cinque anni fa eravamo poco sopra il 4%, oggi in regione siamo oltre il 30%: \u00e8 un risultato eccezionale<\/em>\u201d. Il risultato elettorale conferma quanto sempre sostenuto da De Carlo: \u201c<em>Il centrodestra quando \u00e8 unito vince: questa vittoria porta con s\u00e9 grandi responsabilit\u00e0 e non dobbiamo tradire le aspettative che i cittadini hanno posto in noi. Il Veneto ha bisogno di un&#8217;iniezione di fiducia e di risorse<\/em>\u201d. Chiare quindi le priorit\u00e0: \u201c<em>Mettere in sicurezza economica la nazione, dal caro-bollette a tutti i costi per cittadini e imprese. Poi spazio alle riforme, dal presidenzialismo all&#8217;autonomia<\/em>\u201d.<\/p>\n<p><strong>LUCA DE CARLO, FRATELLI D&#8217;ITALIA<\/strong><\/p>\n<div style=\"width: 1200px;\" class=\"wp-video\"><video class=\"wp-video-shortcode\" id=\"video-298686-2\" width=\"1200\" height=\"675\" preload=\"metadata\" controls=\"controls\"><source type=\"video\/mp4\" src=\"https:\/\/www.radiopiu.net\/wordpress\/wp-content\/uploads\/2022\/09\/Luca-De-Carlo-Coordinatore-regionale-FdI-Unico-bellunese-eletto.mp4?_=2\" \/><a href=\"https:\/\/www.radiopiu.net\/wordpress\/wp-content\/uploads\/2022\/09\/Luca-De-Carlo-Coordinatore-regionale-FdI-Unico-bellunese-eletto.mp4\">https:\/\/www.radiopiu.net\/wordpress\/wp-content\/uploads\/2022\/09\/Luca-De-Carlo-Coordinatore-regionale-FdI-Unico-bellunese-eletto.mp4<\/a><\/video><\/div>\n<p>&nbsp;<\/p>\n<hr \/>\n<p>&nbsp;<\/p>\n<p>&nbsp;<\/p>\n<blockquote>\n<h3>IL COMMENTO DEL COMMISSARIO DELLA LEGA NORD BELLUNO, FRANCO GIDONI<\/h3>\n<\/blockquote>\n<p><em>\u201cCon la nostra campagna elettorale abbiamo dimostrato di essere vicini ai territori, ora siamo consapevoli che saremo uno dei tasselli principali della coalizione\u201d. Sono le parole del commissario provinciale della Lega Franco Gidoni, espresse a poche ore dalla chiusura delle urne. Per un commento pi\u00f9 dettagliato il partito si riserva un maggior approfondimento nella giornata di domani ma intanto, quello che salta agli occhi oggi, \u00e8 la soddisfazione per una campagna elettorale che ha saputo toccare le piazze dei comuni principali come di quelli pi\u00f9 piccoli della provincia per dimostrare ai bellunesi la presenza e la volont\u00e0 di portare a Roma, davvero, i temi della montagna. \u201cAbbiamo fortemente creduto in queste elezioni e siamo consapevoli di rappresentare un tassello importante \u2013 le parole del commissario -. Quelle che sono state le nostre proposte in campagna elettorale troveranno accoglimento e realizzazione nel prossimo Governo, i bellunesi possono starne certi. Ora attendiamo di capire quanta gente si \u00e8 recata alle urne e i primi risultati dello spoglio\u201d.<span class=\"gmail-Apple-converted-space\">\u00a0<\/span><\/em><\/p>\n<p>&nbsp;<\/p>\n<hr \/>\n<p>&nbsp;<\/p>\n<blockquote>\n<h3>RISPETTO ALLA REGIONALI FORZA ITALIA RECUPERA 2 PUNTI<\/h3>\n<\/blockquote>\n<p>Dario Scopel, coordinatore in provincia di Forza Italia:<em> \u201cForza Italia recupera alcune posizioni rispetto alle regionali e consolida il ruolo di guida del polo moderato. Ora al lavoro uniti per dare al Paese le risposte di cui ha bisogno\u201d.<\/em><\/p>\n<div style=\"width: 848px;\" class=\"wp-video\"><video class=\"wp-video-shortcode\" id=\"video-298686-3\" width=\"848\" height=\"480\" preload=\"metadata\" controls=\"controls\"><source type=\"video\/mp4\" src=\"https:\/\/www.radiopiu.net\/wordpress\/wp-content\/uploads\/2022\/09\/SCOPEL.mp4?_=3\" \/><a href=\"https:\/\/www.radiopiu.net\/wordpress\/wp-content\/uploads\/2022\/09\/SCOPEL.mp4\">https:\/\/www.radiopiu.net\/wordpress\/wp-content\/uploads\/2022\/09\/SCOPEL.mp4<\/a><\/video><\/div>\n<p>&nbsp;<\/p>\n<p>&nbsp;<\/p>\n<hr \/>\n<p>&nbsp;<\/p>\n<blockquote>\n<h3>FLOP DEL PD A LIVELLO NAZIONALE E REGIONALE<\/h3>\n<\/blockquote>\n<p><strong><a class=\"dt-pswp-item\" href=\"https:\/\/www.radiopiu.net\/wordpress\/wp-content\/uploads\/2018\/11\/PD.png\" data-dt-img-description=\"\" data-large_image_width=\"226\" data-large_image_height=\"182\"><img loading=\"lazy\" decoding=\"async\" class=\"wp-image-67744 alignleft\" src=\"https:\/\/www.radiopiu.net\/wordpress\/wp-content\/uploads\/2018\/11\/PD.png\" alt=\"\" width=\"135\" height=\"109\" \/><\/a>VENEZIA<\/strong> \u201c<em>Il flop del PD in Veneto e a livello Nazionale \u00e8 il risultato di scelte sbagliate sulla composizione delle liste, sul non rispetto delle proprie regole a partire dallo statuto che prevede le primarie e rispetta le scelte dei territori, sulle scelte sbagliate in tema di alleanze frutto di una serie di errori imperdonabili e infine sulla campagna elettorale poco chiara e diretta<\/em>\u201d \u00e8 il commento a caldo dei consiglieri regionali del Veneto del Partito Democratico Andrea Zanoni e Anna Maria Bigon. Se vogliamo governare l\u2019Italia e soprattutto il Veneto \u2013 hanno concluso Zanoni e Bigon &#8211; serve perci\u00f2 un cambiamento radicale, rispettare lo statuto, rispettare le decisioni degli organismi locali del Partito Democratico, coinvolgere e rispettare le scelte della base, dei territori, occuparsi di pi\u00f9 dei problemi dei veneti, di politica vissuta, di ambiente e sanit\u00e0 in particolare, ma per fare ci\u00f2 \u00e8 evidente che al PD serve un cambiamento radicale, anche della dirigenza, dove le scelte non vengono fatte in tavoli politici a latere, ma dai rappresentanti locali eletti negli organismi di partito.<\/p>\n<p>&nbsp;<\/p>\n<p><strong>IL DEPUTATO USCENTE ROGER DE MENECH &#8220;Un risultato non soddisfacente del PD&#8221;.<\/strong><\/p>\n<audio class=\"wp-audio-shortcode\" id=\"audio-298686-1\" preload=\"none\" style=\"width: 100%;\" controls=\"controls\"><source type=\"audio\/mpeg\" src=\"https:\/\/www.radiopiu.net\/wordpress\/wp-content\/uploads\/2022\/09\/roger.mp3?_=1\" \/><a href=\"https:\/\/www.radiopiu.net\/wordpress\/wp-content\/uploads\/2022\/09\/roger.mp3\">https:\/\/www.radiopiu.net\/wordpress\/wp-content\/uploads\/2022\/09\/roger.mp3<\/a><\/audio>\n<p>&nbsp;<\/p>\n<p>&nbsp;<\/p>\n<blockquote>\n<h2>\u201cPartito Democratico da rifondare: si torni tra la gente, si parta dai giovani\u201d<\/h2>\n<h2><em>Il commento di Maria Teresa Cassol <\/em><\/h2>\n<\/blockquote>\n<p><a class=\"dt-pswp-item\" href=\"https:\/\/www.radiopiu.net\/wordpress\/wp-content\/uploads\/2022\/09\/gazebo-lamon-800x445-1.jpg\" data-dt-img-description=\"\" data-large_image_width=\"800\" data-large_image_height=\"445\"><img loading=\"lazy\" decoding=\"async\" class=\"size-medium wp-image-298887 alignleft\" src=\"https:\/\/www.radiopiu.net\/wordpress\/wp-content\/uploads\/2022\/09\/gazebo-lamon-800x445-1-300x167.jpg\" alt=\"\" width=\"300\" height=\"167\" srcset=\"https:\/\/www.radiopiu.net\/wordpress\/wp-content\/uploads\/2022\/09\/gazebo-lamon-800x445-1-300x167.jpg 300w, https:\/\/www.radiopiu.net\/wordpress\/wp-content\/uploads\/2022\/09\/gazebo-lamon-800x445-1-768x427.jpg 768w, https:\/\/www.radiopiu.net\/wordpress\/wp-content\/uploads\/2022\/09\/gazebo-lamon-800x445-1.jpg 800w\" sizes=\"auto, (max-width: 300px) 100vw, 300px\" \/><\/a>\u201cI partiti, iniziando dal Partito Democratico, devono tornare a stare tra la gente: il PD \u00e8 un grande partito, che va per\u00f2 rifondato identificando le priorit\u00e0 e ripartendo dai giovani, quei giovani che tanto hanno supportato la mia campagna elettorale dal punto di vista dei temi, delle strategie comunicative e \u2013 banalmente \u2013 anche dell&#8217;organizzazione dei mercati con i montaggi dei gazebo\u201d: Maria Teresa Cassol, candidata all&#8217;uninominale per la Camera come esponente del centrosinistra (Partito Democratico, Alleanza Verdi e Sinistra, +Europa e Impegno Civico) nel collegio elettorale di Belluno, commenta cos\u00ec l&#8217;esito del voto del 25 settembre. \u201cSono pronta a mettermi a disposizione in questa transizione e a farmi poi da parte per dare vita a un vero rinnovamento. &#8211; continua Cassol \u2013 Intanto, non posso che sottolineare l&#8217;ottimo risultato ottenuto soprattutto nel capoluogo, superiore a tutti gli altri capoluoghi del Veneto tranne Padova, e ringraziare le 488 persone che in citt\u00e0 mi hanno votata pur non votando nessuna delle liste. Un risultato ottenuto grazie al grande lavoro della squadra che mi ha sostenuto e alle 40318 persone che mi hanno votata; voti che mi riempiono d\u2019orgoglio, ma che non sono bastati a raggiungere l&#8217;elezione per poter rappresentare in Parlamento la nostra Provincia\u201d. Tanti i temi locali e globali da tenere sotto osservazione, dalle particolari caratteristiche e difficolt\u00e0 del territorio fino alla lotta al cambiamento climatico, al superamento delle disuguaglianze, alla collocazione europea dell\u2019Italia, ai diritti delle persone: \u201cLa nostra provincia ora rischia di trovarsi rappresentata da un solo parlamentare di una forza che non \u00e8 maggioranza nel paese, pur avendo acquisito la maggioranza dei seggi\u201d, analizza ancora Cassol. Ottimi i ricordi di questa breve e inusuale campagna elettorale: \u201cUn mese scarso, ma ricco di tante esperienze ed incontri; un\u2019avventura cominciata con spirito di servizio e supportata dalla mia grande famiglia, dagli amici di una vita, dai colleghi pi\u00f9 vicini. In queste giornate ho partecipato a incontri tematici e confronti con altri candidati in cui ho cercato anche di raccontare chi sono poich\u00e9, come diceva Nenni, \u201cle idee camminano sulle gambe delle persone\u201d. Con le parti sociali \u00e8 stata conoscenza reciproca e disamina della situazione del lavoro nella nostra provincia, di progetti di sviluppo rispettoso dell\u2019ambiente e che porti benessere a tutti, per una montagna abitata\u201d.<br \/>\nIl futuro prossimo di Cassol sar\u00e0 legato al lavoro; alla famiglia, anche quella \u201callargata\u201d; allo studio, per dare gli ultimi esami per la seconda laurea; alla politica, che la vedr\u00e0 ancora impegnata come consigliere di minoranza e di membro della commissione pari opportunit\u00e0 in Comune di Belluno.<\/p>\n<p>&nbsp;<\/p>\n<hr \/>\n<p>&nbsp;<\/p>\n<blockquote>\n<h3>UNCEM AUGURA BUON LAVORO AGLI ELETTI<\/h3>\n<\/blockquote>\n<p><strong><a class=\"dt-pswp-item\" href=\"https:\/\/www.radiopiu.net\/wordpress\/wp-content\/uploads\/2020\/11\/logoUNCEM_no_scritta-wdtr.jpg\" data-dt-img-description=\"\" data-large_image_width=\"640\" data-large_image_height=\"640\"><img loading=\"lazy\" decoding=\"async\" class=\"wp-image-170846 alignleft\" src=\"https:\/\/www.radiopiu.net\/wordpress\/wp-content\/uploads\/2020\/11\/logoUNCEM_no_scritta-wdtr-300x300.jpg\" alt=\"\" width=\"108\" height=\"108\" srcset=\"https:\/\/www.radiopiu.net\/wordpress\/wp-content\/uploads\/2020\/11\/logoUNCEM_no_scritta-wdtr-300x300.jpg 300w, https:\/\/www.radiopiu.net\/wordpress\/wp-content\/uploads\/2020\/11\/logoUNCEM_no_scritta-wdtr-150x150.jpg 150w, https:\/\/www.radiopiu.net\/wordpress\/wp-content\/uploads\/2020\/11\/logoUNCEM_no_scritta-wdtr.jpg 640w\" sizes=\"auto, (max-width: 108px) 100vw, 108px\" \/><\/a>ROMA<\/strong> L&#8217;Uncem fa le congratulazioni a tutti e a tutte le elette e gli eletti. Buon lavoro da Uncem a chi inizia o prosegue il lavoro alla Camera o al Senato, a chi entrer\u00e0 per la prima volta in Parlamento. E buon lavoro ancora a chi non \u00e8 stato eletto: il suo impegno non \u00e8 vano. Abbiamo molto lavoro da fare con il Parlamento che si compone e con il prossimo Governo. La bassa affluenza, in particolare in alcune aree del Paese, e anche in moltissime aree interne e montane, nonch\u00e9 in moltissimi piccoli Comuni, richiede un grande lavoro delle Istituzioni affinch\u00e9 l&#8217;azione politica sappia dare speranza, fiducia, impegno, dialogo. Lavoro che Parlamento e Governo dovranno concretizzare per far sentire lo Stato vicino a tutti, anche nelle zone pi\u00f9 lontane dai centri nevralgici della politica. Uno Stato vicino a tutti che generi coesione. Ecco quello che \u00e8 importante da oggi.<\/p>\n<p>&nbsp;<\/p>\n<hr \/>\n<p>&nbsp;<\/p>\n<p>&nbsp;<\/p>\n<blockquote>\n<h2>CONFARTIGIANATO E IL NUOVO GOVERNO<\/h2>\n<\/blockquote>\n<p><span style=\"font-family: Helvetica Neue; font-size: large;\"><strong>BELLUNO<\/strong> \u00abComplimenti a chi \u00e8 stato chiamato dai cittadini a guidare il Paese. In un momento storico complicato, il Governo dovr\u00e0 dare risposte impastate di concretezza alle tante domande che avvolgono l\u2019immediato futuro. L\u2019auspicio \u00e8 che un occhio di riguardo venga rivolto alla montagna\u00bb. Ad affermarlo \u00e8 la presidente di Confartigianato Belluno, Claudia Scarzanella, alla luce dei risultati emersi dalle urne.\u00a0 <\/span><span style=\"font-family: Helvetica Neue; font-size: large;\">\u00abAnche in considerazione della perdita di rappresentanza per il Bellunese, confidiamo nell\u2019attenzione delle alte sfere governative rispetto a un territorio, alle sue attivit\u00e0 e alle imprese costrette a fare i conti con una serie di difficolt\u00e0. A cominciare dall\u2019aumento spropositato delle bollette di luce e gas\u00bb.\u00a0 <\/span><span style=\"font-family: Helvetica Neue; font-size: large;\">In termini di richieste, la cartina di tornasole \u00e8 rappresentata dal documento \u201cCostruiamo insieme il futuro del Paese\u201d, con le 10 proposte di Confartigianato Imprese Veneto: \u00abGrazie all\u2019ampio sostegno dell\u2019elettorato, ci auguriamo che il Governo porti a termine i cinque anni di legislatura e dia quindi un segnale chiaro e inequivocabile di stabilit\u00e0, anche per legittimare quella credibilit\u00e0 internazionale di cui il Paese ha bisogno. In questo senso, \u00e8 importante che vengano confermati gli obiettivi &#8211; e, di riflesso, le riforme &#8211; relativi al Piano nazionale di ripresa e resilienza. Senza considerare il caro energia, se \u00e8 vero che, come emerso dall\u2019esito di un questionario promosso nei giorni scorsi, un artigiano bellunese su dieci teme la chiusura della propria attivit\u00e0\u00bb.\u00a0<\/span><\/p>\n<p>&nbsp;<\/p>\n<p>&nbsp;<\/p>\n<p>&nbsp;<\/p>\n<hr \/>\n<p>&nbsp;<\/p>\n<blockquote>\n<h3>ELISOCCORSO. AMPLIATA ALLE ORE SERALI L\u2019ATTIVITA\u2019 DALLA BASE DI PIEVE DI CADORE. DA GIOVEDI\u2019 29 SETTEMBRE \u201cFALCO\u201d VOLERA\u2019 TUTTI I GIORNI FINO ALLE 21.00<\/h3>\n<\/blockquote>\n<p><strong><a class=\"dt-pswp-item\" href=\"https:\/\/www.radiopiu.net\/wordpress\/wp-content\/uploads\/2022\/09\/309142707_771246390814523_5693451179006834112_n.jpg\" data-dt-img-description=\"\" data-large_image_width=\"2048\" data-large_image_height=\"1212\"><img loading=\"lazy\" decoding=\"async\" class=\"size-medium wp-image-298850 alignleft\" src=\"https:\/\/www.radiopiu.net\/wordpress\/wp-content\/uploads\/2022\/09\/309142707_771246390814523_5693451179006834112_n-300x178.jpg\" alt=\"\" width=\"300\" height=\"178\" srcset=\"https:\/\/www.radiopiu.net\/wordpress\/wp-content\/uploads\/2022\/09\/309142707_771246390814523_5693451179006834112_n-300x178.jpg 300w, https:\/\/www.radiopiu.net\/wordpress\/wp-content\/uploads\/2022\/09\/309142707_771246390814523_5693451179006834112_n-1024x606.jpg 1024w, https:\/\/www.radiopiu.net\/wordpress\/wp-content\/uploads\/2022\/09\/309142707_771246390814523_5693451179006834112_n-768x455.jpg 768w, https:\/\/www.radiopiu.net\/wordpress\/wp-content\/uploads\/2022\/09\/309142707_771246390814523_5693451179006834112_n-1536x909.jpg 1536w, https:\/\/www.radiopiu.net\/wordpress\/wp-content\/uploads\/2022\/09\/309142707_771246390814523_5693451179006834112_n.jpg 2048w\" sizes=\"auto, (max-width: 300px) 100vw, 300px\" \/><\/a>VENEZIA<\/strong> Dal 29 settembre 2022 l\u2019elisoccorso SUEM 118 \u201cFalco\u201d sar\u00e0 operativo dalle 9.00 alle 21.00 dalla base HEMS di Pieve di Cadore \u201cAngelo Costola\u201d. Si conferma cos\u00ec l\u2019importante ampliamento delle ore di operativit\u00e0 che il Presidente della Regione Luca Zaia aveva annunciato nelle settimane scorse, all\u2019inaugurazione dell\u2019eliporto cadorino. Dopo il necessario periodo di addestramento degli equipaggi, quindi, Falco \u00e8 ora pronto per spiccare il volo anche dopo le effemeridi, con una estensione dell\u2019attivit\u00e0 nelle ore serali. Attualmente, infatti, per condizioni di visibilit\u00e0, nel periodo invernale quando le ore di luce sono ridotte, l\u2019operativit\u00e0 dell\u2019elisoccorso termina tra le 16.30-17.30. Da gioved\u00ec prossimo, invece &#8211; grazie alle moderne tecnologie e all\u2019addestramento di parte del personale &#8211; l\u2019operativit\u00e0 verr\u00e0 estesa alle 21:00 tutti i giorni. Parte dell\u2019equipaggio presso la Base di Pieve, infatti, \u00e8 ora in possesso delle previste abilitazioni per il volo con visori notturni e l\u2019elicottero attualmente impiegato \u00e8 certificato per tali operazioni nelle ore di buio. \u00a0In provincia di Belluno, gli approdi attualmente certificati per il volo notturno sono 45, capillarmente sparsi in tutto il territorio.<\/p>\n<p>&nbsp;<\/p>\n<hr \/>\n<p>&nbsp;<\/p>\n<blockquote>\n<h3>TRAVOLTO DALLA CATASTA DI LEGNA<\/h3>\n<\/blockquote>\n<p><strong>SANTO STEFANO<\/strong> Un uomo \u00e8 rimasto ferito sotto la catasta di legna nel bosco.\u00a0 La centrale ha fatto decollare l&#8217;elicottero che in pochi minuti ha raggiunto il luogo dell&#8217;incidente. Il medico ha stabilizzato l&#8217;uomo e una volta caricato, il ferito \u00e8 stato trasportato all&#8217;ospedale di Belluno, ma non \u00e8 in condizioni gravi.<\/p>\n<p>&nbsp;<\/p>\n<hr \/>\n<p>&nbsp;<\/p>\n<blockquote>\n<h3>RUBA QUATTRO TELEFONI MA NELLA FUGA PERDE LA CARTA D&#8217;IDENTITA&#8217;: PRESO<\/h3>\n<\/blockquote>\n<p><strong>BELLUNO<\/strong> Sicuramente non \u00e8 un tipo sveglio. Dopo aver rubato quattro telefonini in un locale di Col di Salce il giovane italiano domiciliato in citt\u00e0 ne ha buttato uno nel parcheggio perdendo la propria carta d&#8217;identit\u00e0 ed \u00e8 stato individuato e denunciato per furto aggravato. Le vittime si sono accorte del furto verso le 2 del mattino e hanno chiamato le forze di polizia per presentare una denuncia. L&#8217;uomo \u00e8 stato rintracciato grazie anche alla collaborazione del titolare del locale e addosso gli sono stati trovati tre dei cellulari mancanti.<\/p>\n<p>&nbsp;<\/p>\n<hr \/>\n<p>&nbsp;<\/p>\n<blockquote>\n<h3>SETTE ALLORA MINORI NEI GUAI PER LA DROGA IN CLASSE.<\/h3>\n<\/blockquote>\n<p><strong>FELTRE<\/strong> Sette ragazzi feltrini sono stati denunciati alla Procura dei Minori, dopo che una loro compagna di scuola ha avuto tachicardia e allucinazioni in classe dopo aver assunto marijuana. I difensori di fiducia Davide Fent e Giuseppe Fantauzzi hanno chiesto al giudice perdoni giudiziali, messe alla prova e stralci. Rinvio al mese di aprile dell&#8217;anno prossimo per tutte le verifiche.\u00a0 Alla ragazza la droga le era stata offerta da un cugino alla fermata dell&#8217;autobus di fronte all&#8217;ospedale Santa Maria del Prato.<\/p>\n<p>&nbsp;<\/p>\n<hr \/>\n<p>&nbsp;<\/p>\n<p>&nbsp;<\/p>\n<blockquote>\n<h2>BLACK OUT IMPOSTO: LA CAUSA IL DANNEGGIAMENTO DEL QUADRO ELETTRICO<\/h2>\n<p><strong><img loading=\"lazy\" decoding=\"async\" class=\"alignleft\" src=\"https:\/\/www.radiopiu.net\/wordpress\/wp-content\/uploads\/2022\/09\/wolf-3022813__340.webp\" width=\"117\" height=\"78\" \/><\/strong><\/p><\/blockquote>\n<p><strong>BELLUNO<\/strong> A seguito del danneggiamento di un quadro della pubblica illuminazione in Via Vittorio Veneto, in prossimit\u00e0 dell&#8217;incrocio con via Tito Livio Burattini, rimarranno al buio il tratto di via Vittorio Veneto, fra i supermercati Super W e Emisfero (centro commerciale Veneggia), parte di via Tito Livio Burattini, sino alla ferrovia, e via Goffredo Mameli. I Servizi manutentivi prevedono di poter ripristinare l&#8217;illuminazione nella giornata di domani, marted\u00ec 27, o, al pi\u00f9 tardi, in quella di mercoled\u00ec 28 settembre. <em>&#8220;Ci scusiamo per il disagio e assicuriamo il massimo impegno per ripristinare al pi\u00f9 presto una situazione di normalit\u00e0&#8221;<\/em> il messaggio dal palazzo Municipale.<\/p>\n<p>&nbsp;<\/p>\n<hr \/>\n<p>&nbsp;<\/p>\n<p>&nbsp;<\/p>\n<p>&nbsp;<\/p>\n<blockquote>\n<h2>LA STORIA SI RIPETE: IN LUXOTTICA VIA AI SABATI LAVORATIVI<\/h2>\n<\/blockquote>\n<p><strong><img loading=\"lazy\" decoding=\"async\" class=\"alignleft\" src=\"https:\/\/www.radiopiu.net\/wordpress\/wp-content\/uploads\/2022\/06\/LUXOTTICA-9-scaled.jpg\" width=\"222\" height=\"148\" \/>AGORDO<\/strong>\u00a0 Azienda e RSU hanno firmato un accordo riguardante i sabati lavorativi di ottobre. Sono previsti 1 o 2 sabati a seconda delle aree per quanto riguarda i reparti produttivi dello stabilimento. I reparti che lavoreranno 2 sabati avranno 1 incentivato e 1 flessibilit\u00e0; per le aree con 1 solo sabato \u00e8 prevista flessibilit\u00e0. Tutti i dettagli nelle bacheche dei reparti interessati.\u00a0 Verr\u00e0 messo a disposizione il servizio di trasporto ma solo in base alle preadesioni effettuate dagli interessati su My personal desk entro il marted\u00ec precedente. (quindi entro domani per il sabato 1 ottobre).\u00a0 Per la parte di produzione dello stabilimento \u00e8 anche stato siglato il ponte del 31 ottobre, verr\u00e0 utilizzata a copertura una giornata di flessibilit\u00e0 negativa. &#8220;Per quanto riguarda gli uffici &#8211; concludono i Delegati Uiltec-Uil Luxottica Agordo &#8211;\u00a0 avr\u00e0 luogo nei prossimi giorni un incontro con oggetto il ponte del 31 ottobre&#8221;.<\/p>\n<p>&nbsp;<\/p>\n<p>&nbsp;<\/p>\n<hr \/>\n<blockquote>\n<h3><\/h3>\n<h3>ENZO PICOTTI RICEVUTO IN MUNICIPIO PER FESTEGGIARE IL CENTESIMO COMPLEANNO<\/h3>\n<\/blockquote>\n<p><strong><a class=\"dt-pswp-item\" href=\"https:\/\/www.radiopiu.net\/wordpress\/wp-content\/uploads\/2022\/09\/Foto-Picotti-1.jpg\" data-dt-img-description=\"\" data-large_image_width=\"2340\" data-large_image_height=\"1512\"><img loading=\"lazy\" decoding=\"async\" class=\"size-medium wp-image-298817 alignleft\" src=\"https:\/\/www.radiopiu.net\/wordpress\/wp-content\/uploads\/2022\/09\/Foto-Picotti-1-300x194.jpg\" alt=\"\" width=\"300\" height=\"194\" srcset=\"https:\/\/www.radiopiu.net\/wordpress\/wp-content\/uploads\/2022\/09\/Foto-Picotti-1-300x194.jpg 300w, https:\/\/www.radiopiu.net\/wordpress\/wp-content\/uploads\/2022\/09\/Foto-Picotti-1-1024x662.jpg 1024w, https:\/\/www.radiopiu.net\/wordpress\/wp-content\/uploads\/2022\/09\/Foto-Picotti-1-768x496.jpg 768w, https:\/\/www.radiopiu.net\/wordpress\/wp-content\/uploads\/2022\/09\/Foto-Picotti-1-1536x992.jpg 1536w, https:\/\/www.radiopiu.net\/wordpress\/wp-content\/uploads\/2022\/09\/Foto-Picotti-1-2048x1323.jpg 2048w\" sizes=\"auto, (max-width: 300px) 100vw, 300px\" \/><\/a>FELTRE <\/strong><em>\u201cIn occasione del centesimo compleanno, in segno di riconoscenza per la dedizione e l\u2019attaccamento dimostrati alla Comunit\u00e0 Feltrina\u201d.<\/em> Sono queste le parole riportate sull\u2019attestato di benemerenza che l\u2019Amministrazione comunale di Feltre, rappresentata dal sindaco Viviana Fusaro e dall\u2019assessore Alberto Curto ha consegnato all\u2019ingegner Enzo Picotti, in occasione del ragguardevole traguardo raggiunto. L\u2019ingegner Enzo Picotti \u00e8 stato ricevuto in municipio con la moglie, i tre figli ed alcuni altri parenti ed amici. Nato in provincia di Udine il 26 settembre del 1922, dopo gli studi universitari conclusi a Padova, l\u2019ingegner Enzo Picotti si \u00e8 trasferito a Feltre, dove ha lavorato per molti anni nello stabilimento dell\u2019allora Metallurgica Feltrina. Membro del consiglio comunale negli anni Sessanta, \u00e8 stato anche presidente dell\u2019asilo \u201cSanguinazzi\u201d, oltre che componente della fabbriceria parrocchiale, facendosi sempre apprezzare per la rettitudine e l\u2019impegno profuso. Nel 1966 gli \u00e8 stato conferito il titolo di Cavaliere dal presidente della Repubblica Saragat.<\/p>\n<blockquote><p><em>\u201cSiamo onorati di consegnare all\u2019ingegner Picotti questo segno di riconoscenza per quanto ha dato alla nostra citt\u00e0 in ambito professionale e personale, ma anche con il suo impegno pubblico. Siamo davvero felici che lui e i suoi familiari possano sentirsi a casa, per un giorno anche in maniera non soltanto simbolica, nel nostro municipio\u201d,<\/em> ha sottolineato il sindaco durante la breve cerimonia.<\/p><\/blockquote>\n<p>&nbsp;<\/p>\n<hr \/>\n<p>&nbsp;<\/p>\n<blockquote>\n<h3>IL SALUTO A DON MIRKO, IL BENVENUTO A DON GIANCARLO<\/h3>\n<\/blockquote>\n<p><strong><a class=\"dt-pswp-item\" href=\"https:\/\/www.radiopiu.net\/wordpress\/wp-content\/uploads\/2022\/09\/aaa-13.jpg\" data-dt-img-description=\"\" data-large_image_width=\"261\" data-large_image_height=\"255\"><img loading=\"lazy\" decoding=\"async\" class=\"wp-image-298896 alignleft\" src=\"https:\/\/www.radiopiu.net\/wordpress\/wp-content\/uploads\/2022\/09\/aaa-13.jpg\" alt=\"\" width=\"97\" height=\"95\" \/><\/a>SEDICO<\/strong> Le parrocchie di Sedico, Bribano e Roe hanno salutato don Mirko Pozzobon chiamato a guidare le parrocchie di Boscariz, Farra e Mugnai di Feltre.\u00a0 L&#8217;intera comunit\u00e0 sedicense ha espresso la sua riconoscenza a don Mirko Pozzobon per l&#8217;opera prestata in questi tre anni. Le tre parrocchie proseguiranno il loro cammino guidate da don Sandro Gabrieli e da don Giancarlo Gasperin, che torna a Sedico con il ruolo di parroco in solido<\/p>\n<p>&nbsp;<\/p>\n<p>&nbsp;<\/p>\n<hr \/>\n<p>&nbsp;<\/p>\n<p><span style=\"color: #ff0000;\"><strong>LA LETTERA<\/strong><\/span><\/p>\n<blockquote>\n<h2>DIRITTO ALLO STUDIO, NECESSITA&#8217; DI UN CONVITTO.<\/h2>\n<\/blockquote>\n<p>Cortina D\u2019Ampezzo<\/p>\n<p>Scrivo a nome dei alcuni genitori dei ragazzi che quest\u2019anno avrebbero dovuto alloggiare nel convitto di Cortina d\u2019Ampezzo. Scrivo \u201cavrebbero\u201d perch\u00e9 a poco pi\u00f9 di 24 ore dall\u2019orario dell\u2019incontro per la prima notte in convitto, abbiamo ricevuto la comunicazione da parte della scuola dell\u2019assenza del servizio, che telefonicamente ci era stato invece confermato pochi giorni prima. Ci siamo subito attivati per capire cos\u2019era successo e quale fosse la possibile soluzione. Il convitto non \u00e8 agibile e non lo \u00e8 da anni (ma il servizio era attivo) e, in un gioco di responsabilit\u00e0, ogni istituzione si \u00e8 liberata del problema. In queste prime settimane c\u2019\u00e8 chi ha percorso tutti i giorni un tragitto di un\u2019ora e mezza per portare il figlio a scuola (in totale 6 ore di viaggio al giorno) e chi ha trovato accoglienza temporanea da famiglie della zona. E\u2019 una situazione insostenibile per noi genitori ma soprattutto per i ragazzi.\u00a0<a name=\"_GoBack\"><\/a> Abbiamo letto dichiarazioni al giornale della consigliera Monica Dalus, in cui non si accenna minimamente al fatto che il preavviso sia stato cos\u00ec assurdamente breve ma che soprattutto afferma che quattro ragazzi hanno trovato sistemazione, quando tutti i nostri ragazzi non hanno nessun alloggio, se non temporaneo. Viene inoltre scritto che noi genitori abbiamo rifiutato la soluzione di alloggiare i ragazzi a Misurina: Misurina pu\u00f2 essere una soluzione? Una distanza di 30 minuti, una strada disagevole, insicura, a volte chiusa e con servizi di linea limitati. I ragazzi che poi hanno attivit\u00e0 a Cortina nel pomeriggio si troverebbero di nuovo ad affrontare lunghi spostamenti. Dopo aver letto la sua intervista abbiamo provato a metterci in contatto telefonicamente, ma anche questa possibilit\u00e0 ci \u00e8 stata negata, ne dobbiamo parlare in presenza (si, perch\u00e9 non vogliono riunioni online) mercoled\u00ec prossimo. Noi genitori faremo ancora km e perderemo una giornata di lavoro solo per sentirci dire di persona che il convitto quest\u2019anno non ci sar\u00e0.I nostri ragazzi sono venuti a Cortina, citt\u00e0 delle Olimpiadi, con delle aspettative e dei sogni. Ecco che tutto \u00e8 stato distrutto, aspettative, sogni e il diritto allo studio, tanto caro alla nostra Costituzione.<\/p>\n<p>&nbsp;<\/p>\n<hr \/>\n<p>&nbsp;<\/p>\n<p>&nbsp;<\/p>\n<blockquote>\n<h2>EPIDEMIA DA COVID IN RIPRESA, OLTRE 700 NUOVI CASI IN SETTE GIORNI E DUE DECESSI<\/h2>\n<\/blockquote>\n<p><span style=\"color: #000000;\"><span style=\"font-size: medium;\">Nella settimana qui analizzata si consolidano i segnali epidemiologici gi\u00e0 registrati di una evidente ripresa epidemica. La consistenza di tale ripresa sar\u00e0 definita nelle prossime settimane. <\/span><\/span><span style=\"color: #000000;\"><span style=\"font-size: medium;\">Nel dettaglio, i nuovi casi rilevati nell\u2019ultima settimana sono <\/span><\/span><span style=\"color: #000000;\"><span style=\"font-size: medium;\"><b>717 <\/b><\/span><\/span><span style=\"color: #000000;\"><span style=\"font-size: medium;\">(<\/span><\/span><span style=\"color: #000000;\"><span style=\"font-size: medium;\"><b>+207<\/b><\/span><\/span><span style=\"color: #000000;\"><span style=\"font-size: medium;\"> rispetto alla scorsa settimana), con un conseguente tasso di incidenza settimanale di nuovi casi di <\/span><\/span><span style=\"color: #000000;\"><span style=\"font-size: medium;\"><b>361 <\/b><\/span><\/span><span style=\"color: #000000;\"><span style=\"font-size: medium;\"><b>casi su 100 mila abitanti<\/b><\/span><\/span><span style=\"color: #000000;\"><span style=\"font-size: medium;\">, in aumento rispetto al precedente periodo di osservazione, sempre <\/span><\/span><span style=\"color: #000000;\"><span style=\"font-size: medium;\"><b>superiore all&#8217;<\/b><\/span><\/span><span style=\"color: #000000;\"><span style=\"font-size: medium;\"><b>incidenza nazionale<\/b><\/span><\/span><span style=\"color: #000000;\"><span style=\"font-size: medium;\"> (241 su 100 mila abitanti) anch\u2019essa in aumento . <\/span><\/span><span style=\"font-size: medium; color: #000000;\">L\u2019evidente consistenza della circolazione virale raccomanda il mantenimento della massima attenzione preventiva (mascherina FFP2 nei luoghi chiusi o aperti affollati, frequente lavaggio delle mani, autoisolamento in caso di sintomatologia), al fine di tutelare soprattutto le persone anziane e fragili con sistema immunitario meno rispondente. Nella mappa dei Comuni a maggiore contagio per la seconda settimana di fila spicca Rocca Pietore (2000 casi ogni 100 mila abitanti), l&#8217;altro Comune dai numeri grandi \u00e8 invece Fonzaso. Anche questa settimana 8 Comuni privi di nuovi casi di covid. I<\/span><span style=\"color: #000000;\"> nuovi casi si collocano prevalentemente nelle fasce centrali 25-64 anni, con un ulteriore aumento nella fascia 0-14 anni, evidentemente legato all\u2019aggregazione in luoghi chiusi (scuole, mezzi di trasporti, palestre, etc).\u00a0<\/span>Nella settimana \u00e8 deceduto un uomo di anni 95 e\u00a0 una donna di 97. In ospedale 28 ricoverati, 3 negli ospedali di comunit\u00e0<\/p>\n\n\t\t\t<style type='text\/css'>\n\t\t\t\t#gallery-1 {\n\t\t\t\t\tmargin: auto;\n\t\t\t\t}\n\t\t\t\t#gallery-1 .gallery-item {\n\t\t\t\t\tfloat: left;\n\t\t\t\t\tmargin-top: 10px;\n\t\t\t\t\ttext-align: center;\n\t\t\t\t\twidth: 33%;\n\t\t\t\t}\n\t\t\t\t#gallery-1 img {\n\t\t\t\t\tborder: 2px solid #cfcfcf;\n\t\t\t\t}\n\t\t\t\t#gallery-1 .gallery-caption {\n\t\t\t\t\tmargin-left: 0;\n\t\t\t\t}\n\t\t\t\t\/* see gallery_shortcode() in wp-includes\/media.php *\/\n\t\t\t<\/style>\n\t\t<div id='gallery-1' class='dt-gallery-container gallery galleryid-298686 gallery-columns-3 gallery-size-thumbnail'><dl class='gallery-item'>\n\t\t\t\t<dt class='gallery-icon landscape'>\n\t\t\t\t\t<a class=\"rollover rollover-zoom dt-pswp-item\" title=\"ae5d72aa-c3cb-4966-80e7-59288b60b42d\" data-dt-img-description=\"\" data-large_image_width=\"1125\" data-large_image_height=\"983\"href='https:\/\/www.radiopiu.net\/wordpress\/wp-content\/uploads\/2022\/09\/ae5d72aa-c3cb-4966-80e7-59288b60b42d.jpg'><img loading=\"lazy\" decoding=\"async\" width=\"150\" height=\"150\" src=\"https:\/\/www.radiopiu.net\/wordpress\/wp-content\/uploads\/2022\/09\/ae5d72aa-c3cb-4966-80e7-59288b60b42d-150x150.jpg\" class=\"attachment-thumbnail size-thumbnail\" alt=\"\" \/><\/a>\n\t\t\t\t<\/dt><\/dl><dl class='gallery-item'>\n\t\t\t\t<dt class='gallery-icon landscape'>\n\t\t\t\t\t<a class=\"rollover rollover-zoom dt-pswp-item\" title=\"860d3079-5595-469d-9afc-cc53fa9af0d6\" data-dt-img-description=\"\" data-large_image_width=\"955\" data-large_image_height=\"595\"href='https:\/\/www.radiopiu.net\/wordpress\/wp-content\/uploads\/2022\/09\/860d3079-5595-469d-9afc-cc53fa9af0d6.jpg'><img loading=\"lazy\" decoding=\"async\" width=\"150\" height=\"150\" src=\"https:\/\/www.radiopiu.net\/wordpress\/wp-content\/uploads\/2022\/09\/860d3079-5595-469d-9afc-cc53fa9af0d6-150x150.jpg\" class=\"attachment-thumbnail size-thumbnail\" alt=\"\" \/><\/a>\n\t\t\t\t<\/dt><\/dl><dl class='gallery-item'>\n\t\t\t\t<dt class='gallery-icon landscape'>\n\t\t\t\t\t<a class=\"rollover rollover-zoom dt-pswp-item\" title=\"7e05af23-6b53-4f15-94f9-b3e0728e520d\" data-dt-img-description=\"\" data-large_image_width=\"847\" data-large_image_height=\"581\"href='https:\/\/www.radiopiu.net\/wordpress\/wp-content\/uploads\/2022\/09\/7e05af23-6b53-4f15-94f9-b3e0728e520d.jpg'><img loading=\"lazy\" decoding=\"async\" width=\"150\" height=\"150\" src=\"https:\/\/www.radiopiu.net\/wordpress\/wp-content\/uploads\/2022\/09\/7e05af23-6b53-4f15-94f9-b3e0728e520d-150x150.jpg\" class=\"attachment-thumbnail size-thumbnail\" alt=\"\" \/><\/a>\n\t\t\t\t<\/dt><\/dl><br style=\"clear: both\" \/>\n\t\t\t<\/div>\n\n<p>&nbsp;<\/p>\n<p>&nbsp;<\/p>\n<hr \/>\n<p>&nbsp;<\/p>\n<p><a class=\"dt-pswp-item\" href=\"https:\/\/www.radiopiu.net\/wordpress\/wp-content\/uploads\/2022\/09\/48979210-1ea8-4ca9-861f-42483c0b2ce2.jpg\" data-dt-img-description=\"\" data-large_image_width=\"800\" data-large_image_height=\"800\"><img loading=\"lazy\" decoding=\"async\" class=\"wp-image-298874 aligncenter\" src=\"https:\/\/www.radiopiu.net\/wordpress\/wp-content\/uploads\/2022\/09\/48979210-1ea8-4ca9-861f-42483c0b2ce2.jpg\" alt=\"\" width=\"423\" height=\"423\" srcset=\"https:\/\/www.radiopiu.net\/wordpress\/wp-content\/uploads\/2022\/09\/48979210-1ea8-4ca9-861f-42483c0b2ce2.jpg 800w, https:\/\/www.radiopiu.net\/wordpress\/wp-content\/uploads\/2022\/09\/48979210-1ea8-4ca9-861f-42483c0b2ce2-300x300.jpg 300w, https:\/\/www.radiopiu.net\/wordpress\/wp-content\/uploads\/2022\/09\/48979210-1ea8-4ca9-861f-42483c0b2ce2-150x150.jpg 150w, https:\/\/www.radiopiu.net\/wordpress\/wp-content\/uploads\/2022\/09\/48979210-1ea8-4ca9-861f-42483c0b2ce2-768x768.jpg 768w\" sizes=\"auto, (max-width: 423px) 100vw, 423px\" \/><\/a><\/p>\n<p>&nbsp;<\/p>\n<p>&nbsp;<\/p>\n<blockquote class=\"wp-embedded-content\" data-secret=\"HNTM1ShgbS\"><p><a href=\"https:\/\/www.radiopiu.net\/wordpress\/aziendazerosettembre26\/\">POCO PIU&#8217; DI MILLE NUOVE POSITIVITA&#8217; IN 24 ORE. DUE DECESSI E RICOVERI IN LEGGERO AUMENTO<\/a><\/p><\/blockquote>\n<p><iframe loading=\"lazy\" class=\"wp-embedded-content\" sandbox=\"allow-scripts\" security=\"restricted\" style=\"position: absolute; clip: rect(1px, 1px, 1px, 1px);\" title=\"&#8220;POCO PIU&#8217; DI MILLE NUOVE POSITIVITA&#8217; IN 24 ORE. DUE DECESSI E RICOVERI IN LEGGERO AUMENTO&#8221; &#8212; Radio Pi\u00f9\" src=\"https:\/\/www.radiopiu.net\/wordpress\/aziendazerosettembre26\/embed\/#?secret=x59HdlDYFV#?secret=HNTM1ShgbS\" data-secret=\"HNTM1ShgbS\" width=\"600\" height=\"338\" frameborder=\"0\" marginwidth=\"0\" marginheight=\"0\" scrolling=\"no\"><\/iframe><\/p>\n<p>&nbsp;<\/p>\n<h2>I GRAFICI DI TIZIANO DE COL<\/h2>\n<p>&nbsp;<\/p>\n\n\t\t\t<style type='text\/css'>\n\t\t\t\t#gallery-2 {\n\t\t\t\t\tmargin: auto;\n\t\t\t\t}\n\t\t\t\t#gallery-2 .gallery-item {\n\t\t\t\t\tfloat: left;\n\t\t\t\t\tmargin-top: 10px;\n\t\t\t\t\ttext-align: center;\n\t\t\t\t\twidth: 33%;\n\t\t\t\t}\n\t\t\t\t#gallery-2 img {\n\t\t\t\t\tborder: 2px solid #cfcfcf;\n\t\t\t\t}\n\t\t\t\t#gallery-2 .gallery-caption {\n\t\t\t\t\tmargin-left: 0;\n\t\t\t\t}\n\t\t\t\t\/* see gallery_shortcode() in wp-includes\/media.php *\/\n\t\t\t<\/style>\n\t\t<div id='gallery-2' class='dt-gallery-container gallery galleryid-298686 gallery-columns-3 gallery-size-thumbnail'><dl class='gallery-item'>\n\t\t\t\t<dt class='gallery-icon landscape'>\n\t\t\t\t\t<a class=\"rollover\" href='https:\/\/www.radiopiu.net\/wordpress\/giornale-radiopiu-27-settembre-2022-direttore-mirko-mezzacasa\/0605afa8-e3d7-48c0-af14-3ec24638baf0\/'><img loading=\"lazy\" decoding=\"async\" width=\"150\" height=\"150\" src=\"https:\/\/www.radiopiu.net\/wordpress\/wp-content\/uploads\/2022\/09\/0605afa8-e3d7-48c0-af14-3ec24638baf0-150x150.jpg\" class=\"attachment-thumbnail size-thumbnail\" alt=\"\" \/><\/a>\n\t\t\t\t<\/dt><\/dl><dl class='gallery-item'>\n\t\t\t\t<dt class='gallery-icon landscape'>\n\t\t\t\t\t<a class=\"rollover\" href='https:\/\/www.radiopiu.net\/wordpress\/giornale-radiopiu-27-settembre-2022-direttore-mirko-mezzacasa\/af2ad05f-a14b-4684-8c7d-36f3e4b299cd\/'><img loading=\"lazy\" decoding=\"async\" width=\"150\" height=\"150\" src=\"https:\/\/www.radiopiu.net\/wordpress\/wp-content\/uploads\/2022\/09\/af2ad05f-a14b-4684-8c7d-36f3e4b299cd-150x150.jpg\" class=\"attachment-thumbnail size-thumbnail\" alt=\"\" \/><\/a>\n\t\t\t\t<\/dt><\/dl><dl class='gallery-item'>\n\t\t\t\t<dt class='gallery-icon landscape'>\n\t\t\t\t\t<a class=\"rollover\" href='https:\/\/www.radiopiu.net\/wordpress\/giornale-radiopiu-27-settembre-2022-direttore-mirko-mezzacasa\/b7460cbc-ddda-4279-a449-644b4f529ecb\/'><img loading=\"lazy\" decoding=\"async\" width=\"150\" height=\"150\" src=\"https:\/\/www.radiopiu.net\/wordpress\/wp-content\/uploads\/2022\/09\/b7460cbc-ddda-4279-a449-644b4f529ecb-150x150.jpg\" class=\"attachment-thumbnail size-thumbnail\" alt=\"\" \/><\/a>\n\t\t\t\t<\/dt><\/dl><br style=\"clear: both\" \/><dl class='gallery-item'>\n\t\t\t\t<dt class='gallery-icon landscape'>\n\t\t\t\t\t<a class=\"rollover\" href='https:\/\/www.radiopiu.net\/wordpress\/giornale-radiopiu-27-settembre-2022-direttore-mirko-mezzacasa\/11bfdb6c-1b9e-42be-9d9a-947db0a19362\/'><img loading=\"lazy\" decoding=\"async\" width=\"150\" height=\"150\" src=\"https:\/\/www.radiopiu.net\/wordpress\/wp-content\/uploads\/2022\/09\/11bfdb6c-1b9e-42be-9d9a-947db0a19362-150x150.jpg\" class=\"attachment-thumbnail size-thumbnail\" alt=\"\" \/><\/a>\n\t\t\t\t<\/dt><\/dl><dl class='gallery-item'>\n\t\t\t\t<dt class='gallery-icon landscape'>\n\t\t\t\t\t<a class=\"rollover\" href='https:\/\/www.radiopiu.net\/wordpress\/giornale-radiopiu-27-settembre-2022-direttore-mirko-mezzacasa\/35e49b2d-5154-4d54-bf10-77b65031f999\/'><img loading=\"lazy\" decoding=\"async\" width=\"150\" height=\"150\" src=\"https:\/\/www.radiopiu.net\/wordpress\/wp-content\/uploads\/2022\/09\/35e49b2d-5154-4d54-bf10-77b65031f999-150x150.jpg\" class=\"attachment-thumbnail size-thumbnail\" alt=\"\" \/><\/a>\n\t\t\t\t<\/dt><\/dl><dl class='gallery-item'>\n\t\t\t\t<dt class='gallery-icon landscape'>\n\t\t\t\t\t<a class=\"rollover\" href='https:\/\/www.radiopiu.net\/wordpress\/giornale-radiopiu-27-settembre-2022-direttore-mirko-mezzacasa\/df8d933e-7737-44ef-b5d0-20ff03718490\/'><img loading=\"lazy\" decoding=\"async\" width=\"150\" height=\"150\" src=\"https:\/\/www.radiopiu.net\/wordpress\/wp-content\/uploads\/2022\/09\/df8d933e-7737-44ef-b5d0-20ff03718490-150x150.jpg\" class=\"attachment-thumbnail size-thumbnail\" alt=\"\" \/><\/a>\n\t\t\t\t<\/dt><\/dl><br style=\"clear: both\" \/>\n\t\t\t<\/div>\n\n<p>&nbsp;<\/p>\n<p>&nbsp;<\/p>\n<hr \/>\n<p>&nbsp;<\/p>\n<blockquote>\n<h3>STANNO PER VOLGERE AL TERMINE I LAVORI DELLA PISTA D&#8217;ATLETICA A BELLUNO<\/h3>\n<\/blockquote>\n<p><strong><a class=\"dt-pswp-item\" href=\"https:\/\/www.radiopiu.net\/wordpress\/wp-content\/uploads\/2022\/09\/Pista-atletica-lavori_1.jpeg\" data-dt-img-description=\"\" data-large_image_width=\"1599\" data-large_image_height=\"738\"><img loading=\"lazy\" decoding=\"async\" class=\"wp-image-298800 alignleft\" src=\"https:\/\/www.radiopiu.net\/wordpress\/wp-content\/uploads\/2022\/09\/Pista-atletica-lavori_1-300x138.jpeg\" alt=\"\" width=\"165\" height=\"76\" srcset=\"https:\/\/www.radiopiu.net\/wordpress\/wp-content\/uploads\/2022\/09\/Pista-atletica-lavori_1-300x138.jpeg 300w, https:\/\/www.radiopiu.net\/wordpress\/wp-content\/uploads\/2022\/09\/Pista-atletica-lavori_1-1024x473.jpeg 1024w, https:\/\/www.radiopiu.net\/wordpress\/wp-content\/uploads\/2022\/09\/Pista-atletica-lavori_1-768x354.jpeg 768w, https:\/\/www.radiopiu.net\/wordpress\/wp-content\/uploads\/2022\/09\/Pista-atletica-lavori_1-1536x709.jpeg 1536w, https:\/\/www.radiopiu.net\/wordpress\/wp-content\/uploads\/2022\/09\/Pista-atletica-lavori_1.jpeg 1599w\" sizes=\"auto, (max-width: 165px) 100vw, 165px\" \/><\/a>BELLUNO<\/strong> Sono a buon punto i lavori al Polisportivo di Belluno: entro la settimana sar\u00e0 terminata la posa della nuova pista di atletica. Il progetto, affidato alla ditta Tagliapietra Srl di Basiliano (Udine) per 480 mila euro, ha subito ritardi a causa della difficolt\u00e0 nel reperire il materiale del fondo della pista, il tartan, ma da qualche settimana il cantiere \u00e8 ripreso di gran lena tanto che la consegna lavori \u00e8 prevista tra pochi giorni.\u00a0 L\u2019intervento, atteso da anni dalle societ\u00e0 sportive che utilizzano l\u2019impianto, \u00e8 solo la prima parte di un pi\u00f9 ampio disegno di restyling dell\u2019area. Il rinnovo della pista di atletica coster\u00e0 al Comune complessivamente\u00a0 735 mila euro derivanti dall\u2019avanzo di amministrazione, di cui 480 mila di lavori, e permetter\u00e0 di adeguarla agli standard Fidal, per poter tornare ad ospitare, per esempio, le competizioni nazionali ufficiali. La seconda parte del progetto prevede il rifacimento completo delle tribune per portare la capienza complessiva dagli attuali 250 posti a 600, oltre alla ristrutturazione della zona accoglienza ovvero spogliatoi e servizi. L\u2019intervento, ampio, si trova all\u2019interno del piano di rigenerazione 2 e vale, da solo, 4 milioni di euro.<\/p>\n<p><strong>FRANCO ROCCON, ASSESSORE AI LAVORI PUBBLICI DEL COMUNE DI BELLUNO<\/strong><\/p>\n<div style=\"width: 848px;\" class=\"wp-video\"><video class=\"wp-video-shortcode\" id=\"video-298686-4\" width=\"848\" height=\"480\" preload=\"metadata\" controls=\"controls\"><source type=\"video\/mp4\" src=\"https:\/\/www.radiopiu.net\/wordpress\/wp-content\/uploads\/2022\/09\/Roccon-su-pista-atletica.mp4?_=4\" \/><a href=\"https:\/\/www.radiopiu.net\/wordpress\/wp-content\/uploads\/2022\/09\/Roccon-su-pista-atletica.mp4\">https:\/\/www.radiopiu.net\/wordpress\/wp-content\/uploads\/2022\/09\/Roccon-su-pista-atletica.mp4<\/a><\/video><\/div>\n<p>&nbsp;<\/p>\n<p>&nbsp;<\/p>\n<p>&nbsp;<\/p>\n<hr \/>\n<p>&nbsp;<\/p>\n<p>&nbsp;<\/p>\n<blockquote>\n<h2>UNA CIFRA A BILANCIO PER FARE FRONTE ALLE SPESE PER LO STUDIO. LA RICETTA LORENZINI<\/h2>\n<\/blockquote>\n<p><strong> <a class=\"dt-pswp-item\" href=\"https:\/\/www.radiopiu.net\/wordpress\/wp-content\/uploads\/2021\/09\/LUCA-LORENZINI.jpg\" data-dt-img-description=\"LUCA LORENZINI - CANDIDATO SINDACO A SELVA DI CADORE\" data-large_image_width=\"1200\" data-large_image_height=\"1295\"><img loading=\"lazy\" decoding=\"async\" class=\"size-medium wp-image-230840 alignleft\" src=\"https:\/\/www.radiopiu.net\/wordpress\/wp-content\/uploads\/2021\/09\/LUCA-LORENZINI-278x300.jpg\" alt=\"\" width=\"278\" height=\"300\" srcset=\"https:\/\/www.radiopiu.net\/wordpress\/wp-content\/uploads\/2021\/09\/LUCA-LORENZINI-278x300.jpg 278w, https:\/\/www.radiopiu.net\/wordpress\/wp-content\/uploads\/2021\/09\/LUCA-LORENZINI-949x1024.jpg 949w, https:\/\/www.radiopiu.net\/wordpress\/wp-content\/uploads\/2021\/09\/LUCA-LORENZINI-768x829.jpg 768w, https:\/\/www.radiopiu.net\/wordpress\/wp-content\/uploads\/2021\/09\/LUCA-LORENZINI.jpg 1200w\" sizes=\"auto, (max-width: 278px) 100vw, 278px\" \/><\/a>SELVA DI CADORE.<\/strong> Fornire un aiuto concreto alle famiglie degli studenti delle scuole medie e superiori. \u00c8 questo il senso del regolamento che \u00e8 stato approvato venerd\u00ec dal consiglio comunale di Selva di Cadore. Si tratta di un provvedimento voluto dal sindaco Luca Lorenzini e dall\u2019assessora all\u2019istruzione Elena Dolcetta Capuzzo e che durer\u00e0 per i restanti quattro anni della legislatura. <em>\u00abOgni anno \u2013 spiega Lorenzini \u2013 stanzieremo una cifra a bilancio per poter concretizzare il nostro obiettivo che \u00e8 quello di sostenere la residenzialit\u00e0 delle famiglie offrendo loro un aiuto economico per far fronte alle spese che avranno per garantire il diritto allo studio dei propri figli iscritti a scuole medie o superiori fuori comune\u00bb<\/em>. Per il primo anno la somma complessiva prevista dalla giunta \u00e8 di 19 mila euro. <em>\u00abPer le famiglie \u2013 dice Lorenzini \u2013 ci sono due possibilit\u00e0 di contributo: una \u00e8 quella di ottenere 800 euro l\u2019anno nel caso il proprio figlio\/a che frequenta le scuole superiori sia ospitato in un convitto o in una casa famiglia durante la settimana; l\u2019altra, che \u00e8 rivolta sia agli studenti delle medie che delle superiori, prevede un aiuto di 335 euro (medie) e 230 euro (superiori) annui per il pagamento degli abbonamenti alle corriere DolomitiBus che prendono per andare rispettivamente alle medie di Caprile e nelle varie scuole superiori della vallata\/provincia\u00bb<\/em>. Le domande per ottenere i contributi potranno essere inoltrate al Comune entro la met\u00e0 di gennaio e saranno liquidate entro febbraio. Le iniziative della giunta per abbassare le spese scolastiche delle famiglie potrebbero tuttavia non finire qui. <em>\u00abStiamo valutando di aggiungere anche un altro provvedimento a partire dal 2023 \u2013 dice il sindaco di Selva \u2013 il quale consisterebbe nel rendere gratuito il pulmino per gli studenti della materna e delle elementari\u00bb<\/em>. Nel consiglio di venerd\u00ec \u00e8 stata inoltre approvata una variazione al bilancio di previsione.<em> \u00abAbbiamo spostato dei soldi da un capitolo all\u2019altro per far fronte al caro energia che si fa sentire anche sulle bollette degli enti pubblici \u2013 dice Lorenzini \u2013 inoltre abbiamo provveduto a un adeguamento tecnico relativo al progetto a valere sul Pnrr per il recupero dei borghi. A inizio dicembre abbiamo firmato il disciplinare e ora occorrer\u00e0 andare avanti con la redazione dei progetti esecutivi dei singoli interventi per riuscire ad appaltare i lavori tra l\u2019inverno e la primavera 2023\u00bb.<\/em><br \/>\n\u00c8 stata inoltre rinnovata per altri 8 anni la convenzione con Bim Infrastrutture per la gestione della centralina idroelettrica comunale sul Rio Cordon.<em> \u00abI termini rimangono gli stessi \u2013 dice Lorenzini \u2013 il Comune ottiene il 78% dei ricavi e il Bim cura la manutenzione ordinaria e la parte amministrativa. Quest\u2019anno la centralina ha funzionato poco: i dati dei primi due trimestri hanno segnalato un calo notevole di produzione rispetto al 2020 e 2021\u00bb<\/em><\/p>\n<p>&nbsp;<\/p>\n<p>&nbsp;<\/p>\n<hr \/>\n<p>&nbsp;<\/p>\n<p>&nbsp;<\/p>\n<blockquote>\n<h3>MASTER IN PREVENZIONE ED EMERGENZA AD ALTA QUOTA: 14 NUOVI DIPLOMATI<\/h3>\n<\/blockquote>\n<p><strong>BELLUNO<\/strong> Complimenti ai 14 nuovi diplomati del Master in Prevenzione ed Emergenza in territorio Montano- UNIPD attivato in Ulss Dolomiti dall&#8217; Universit\u00e0 degli Studi di Padova che sono stati festeggiati dal direttore del corso Vincenzo Baldo, dai diversi docenti, dai partner del progetto Soccorso Alpino Dolomiti Bellunesi &#8211; CNSAS, dai Vigili del Fuoco, dalle Guide Alpini e della Federazione Sicurezza Piste oltre che dal Vice sindaco di Feltre Claudio Dalla Palma e dal direttore sanitario dell&#8217;Ulss Dolomiti Maria Caterina De Marco. Una scelta consapevole, che onora la montagna e chi la vive. Dal 2016 al 2022 sono stati diplomati 74 studenti. Per l\u2019anno accademico 2022-2023 sono gi\u00e0 state raccolte molte preiscrizioni per i 17 posti disponibili. Le preiscrizioni sono comunque aperte fino all\u20197 ottobre 2022. Possono iscriversi: tutti i laureati delle professioni sanitarie; i laureati in ingegneria ambientale e civile, in psicologia, in biologia, in medicina e chirurgia etc. Un\u2019altra peculiarit\u00e0 del Master \u00e8 rappresentata dagli insegnanti. Oltre ai professori universitari di rilievo, le docenze sono arricchite da esperti di varie istituzioni del territorio come ARPAV, Soccorso Alpino, Vigili del Fuoco, Guide Alpine, Soccorso piste.<\/p>\n<p>&nbsp;<\/p>\n<p>&nbsp;<\/p>\n<p>&nbsp;<\/p>\n<p>&nbsp;<\/p>\n<hr \/>\n<p>&nbsp;<\/p>\n<blockquote>\n<h3>FAMIGLIA FELTRINA: ASSEGNATI I PREMI \u201cBEATO BERNARDINO\u201d E &#8220;FELTRE &amp; LAVORO&#8221;<\/h3>\n<\/blockquote>\n<p><strong><a class=\"dt-pswp-item\" href=\"https:\/\/www.radiopiu.net\/wordpress\/wp-content\/uploads\/2022\/09\/FAMIGLIA-FELTRINA.png\" data-dt-img-description=\"\" data-large_image_width=\"860\" data-large_image_height=\"516\"><img loading=\"lazy\" decoding=\"async\" class=\"wp-image-298790 alignleft\" src=\"https:\/\/www.radiopiu.net\/wordpress\/wp-content\/uploads\/2022\/09\/FAMIGLIA-FELTRINA-300x180.png\" alt=\"\" width=\"178\" height=\"107\" srcset=\"https:\/\/www.radiopiu.net\/wordpress\/wp-content\/uploads\/2022\/09\/FAMIGLIA-FELTRINA-300x180.png 300w, https:\/\/www.radiopiu.net\/wordpress\/wp-content\/uploads\/2022\/09\/FAMIGLIA-FELTRINA-768x461.png 768w, https:\/\/www.radiopiu.net\/wordpress\/wp-content\/uploads\/2022\/09\/FAMIGLIA-FELTRINA.png 860w\" sizes=\"auto, (max-width: 178px) 100vw, 178px\" \/><\/a>FELTRE <\/strong>Il Consiglio Direttivo di Famiglia Feltrina, riunitosi nei giorni scorsi, ha designato i vincitori dei tradizionali riconoscimenti d\u2019autunno che verranno consegnati nel corso dell\u2019assemblea in programma domenica 16 ottobre nella Sala degli Stemmi del Municipio di Feltre. Per quanto riguarda il premio \u201cBeato Bernardino\u201d, il consiglio ha individuato quale meritevole del riconoscimento l\u2019associazione T.I.L.T. (Tutti insieme lavoriamo per il territorio). Il sodalizio, nato nel 2014, si avvale oggi di oltre 20 socie e circa 80 volontarie, impegnate in una serie di attivit\u00e0 legate in primis alla raccolta, alla rigenerazione e al riuso di abiti, libri, giocattoli e altri materiali di impiego comune, che vengono poi ceduti a prezzi particolarmente accessibili. Con il ricavato di queste e altre attivit\u00e0, l\u2019associazione ha finanziato in questi anni una serie di donazioni di strumenti e arredi di particolare valore e significato, anche sociale, a vantaggio di strutture assistenziali, educative e sanitarie. Il Premio \u201cFeltre &amp; Lavoro\u201d, destinato ad attivit\u00e0 economiche radicate nel territorio che si sono particolarmente distinte per dinamicit\u00e0, soprattutto nella creazione di nuove opportunit\u00e0 di occupazione, \u00e8 invece stato assegnato alla ditta IMECO di Feltre. Attiva nel campo delle coperture di edifici industriali, azienda della famiglia Turrin.<\/p>\n<p>Il Consiglio Direttivo di Famiglia Feltrina ha anche rinnovato le cariche per il prossimo triennio. Enrico Gaz \u00e8 stato riconfermato all\u2019unanimit\u00e0 alla guida del sodalizio, cos\u00ec come i vicepresidenti Carlo Barbante e Antonio Francesco Bortoli. Mario Andreina e Manlio Doglioni continueranno ad occuparsi, rispettivamente, della tesoreria e della segreteria.<\/p>\n<p>&nbsp;<\/p>\n<p>&nbsp;<\/p>\n<hr \/>\n<p>&nbsp;<\/p>\n<blockquote>\n<h3>CONVOCATA L&#8217;ASSEMBLEA DI ASCA<\/h3>\n<\/blockquote>\n<p><strong>AGORDO<\/strong> Domani alle 18 presso la sala Don Tamis ad Agordo \u00e8 convocata l&#8217;Assemblea Consortile di Asca per la nomina del Presidente e dei componenti del Consiglio di Presidenza.<\/p>\n<p>&nbsp;<\/p>\n<p>&nbsp;<\/p>\n<hr \/>\n<p>&nbsp;<\/p>\n<blockquote>\n<h3>ANCHE ALLEGHE VOTA IL PASSAGGIO DELLA DMO DA CONSORZIO A FONDAZIONE<\/h3>\n<\/blockquote>\n<p><strong>ALLEGHE <\/strong>Domani (mercoled\u00ec) alle 20 si riunisce il consiglio comunale di Alleghe, convocato dal sindaco Danilo De Toni. La seduta si aprir\u00e0 con la ratifica di due delibere di giunta relative rispettivamente alla quinta e alla sesta variazione al bilancio di previsione. Quindi si approver\u00e0 il nuovo statuto nell\u2019ambito dell\u2019operazione di trasformazione del Consorzio Dmo Dolomiti in Fondazione Dmo Dolomiti. Infine si approver\u00e0 lo schema di convenzione per la gestione in forma associata del segretario comunale con i Comuni di Selva, San Tomaso e Zopp\u00e8 di Cadore.<\/p>\n<p>&nbsp;<\/p>\n<p>&nbsp;<\/p>\n<hr \/>\n<p>&nbsp;<\/p>\n<blockquote>\n<h3>DUE VARIAZIONI NEL CONSIGLIO COMUNALE DEL SINDACO SALVATERRA<\/h3>\n<\/blockquote>\n<p><strong>FALCADE<\/strong>. Si aprir\u00e0 con la ratifica della delibera di giunta del 4 settembre relativa alla nona variazione al bilancio di previsione e con l\u2019approvazione della decima variazione allo stesso il consiglio comunale di Falcade convocato dal vicesindaco Alvise Luchetta per gioved\u00ec alle 20. Si discuter\u00e0 anche della trasformazione del consorzio Dmo Dolomiti in una fondazione, delle modifiche al piano triennale dei lavori pubblici e della modifica di bozza di convenzione per la realizzazione di interventi sulle reti acquedottistiche finanziati col Pnrr per conto del Comune.<\/p>\n<p>&nbsp;<\/p>\n<p>&nbsp;<\/p>\n<hr \/>\n<p>&nbsp;<\/p>\n<blockquote>\n<h3>CONSIGLIO COMUNALE A CENCENIGHE<\/h3>\n<\/blockquote>\n<p><strong>CENCENIGHE<\/strong>\u00a0Il sindaco di Cencenighe, Mauro Soppelsa, ha convocato il consiglio comunale per gioved\u00ec alle 20.30. All\u2019ordine del giorno c\u2019\u00e8 in primis la ratifica della deliberazione di giunta comunale relativa alla variazione di bilancio numero 4 adottata in via d\u2019urgenza il 4 agosto. Quindi si approveranno la quinta variazione al bilancio e la convenzione con la Provincia per la gestione dei fondi di cui al decreto ministeriale 394\/2021 per i lavori di messa in sicurezza della viabilit\u00e0 pubblica lungo la regionale 203.<\/p>\n<p>&nbsp;<\/p>\n<p>&nbsp;<\/p>\n<hr \/>\n<p>&nbsp;<\/p>\n<blockquote>\n<h3>DAL BOSCO ALLA PRODUZIONE DI ENERGIA, UNA FILIERA PER BELLLUNO NELLE LINEE GREEN DEL PNRR<\/h3>\n<\/blockquote>\n<p><strong><a class=\"dt-pswp-item\" href=\"https:\/\/www.radiopiu.net\/wordpress\/wp-content\/uploads\/2022\/09\/aaaaaa.jpg\" data-dt-img-description=\"\" data-large_image_width=\"265\" data-large_image_height=\"257\"><img loading=\"lazy\" decoding=\"async\" class=\"wp-image-298472 alignleft\" src=\"https:\/\/www.radiopiu.net\/wordpress\/wp-content\/uploads\/2022\/09\/aaaaaa.jpg\" alt=\"\" width=\"146\" height=\"142\" \/><\/a>BELLUNO<\/strong> Venerdi 30 settembre nella sala Eliso Dal Pont &#8220;Bianchi&#8221; alle 9.30 per iniziativa della CGIL Belluno sar\u00e0 trattato un tema importante come la potenzialit\u00e0 per la creazione locale di una filiera del bosco per la creazione di energia. Introdurr\u00e0 ai lavori Mauro De Carli, Segretario generale della Cgil di Belluno, conclusione del segretario Cgil Veneto, Paolo Righetti dopo gli interventi di Sebastiano Grosselle (segreteria Cgil Belluno), Paola Fatto, Daniele Perin, Raffaele Cavalli, Francesco Loreggian (Universit\u00e0 di Padova),\u00a0 Francesco De Bettin (presidente Dba group), Marco Staunovo Polacco (presidente Bim Piave Belluno) e Simone Deola (consigliere provinciale).<\/p>\n<p>&nbsp;<\/p>\n<hr \/>\n<p>&nbsp;<\/p>\n<p>&nbsp;<\/p>\n<p>&nbsp;<\/p>\n<blockquote>\n<h3>OLTRE LE VETTE A BELLUNO DAL 7 AL 16 OTTOBRE<\/h3>\n<\/blockquote>\n<p><strong><a class=\"dt-pswp-item\" href=\"https:\/\/www.radiopiu.net\/wordpress\/wp-content\/uploads\/2022\/09\/immagine-oltrelevette2022-totaro.jpg\" data-dt-img-description=\"\" data-large_image_width=\"1106\" data-large_image_height=\"789\"><img loading=\"lazy\" decoding=\"async\" class=\"wp-image-298605 alignleft\" src=\"https:\/\/www.radiopiu.net\/wordpress\/wp-content\/uploads\/2022\/09\/immagine-oltrelevette2022-totaro-300x214.jpg\" alt=\"\" width=\"158\" height=\"113\" srcset=\"https:\/\/www.radiopiu.net\/wordpress\/wp-content\/uploads\/2022\/09\/immagine-oltrelevette2022-totaro-300x214.jpg 300w, https:\/\/www.radiopiu.net\/wordpress\/wp-content\/uploads\/2022\/09\/immagine-oltrelevette2022-totaro-1024x731.jpg 1024w, https:\/\/www.radiopiu.net\/wordpress\/wp-content\/uploads\/2022\/09\/immagine-oltrelevette2022-totaro-768x548.jpg 768w, https:\/\/www.radiopiu.net\/wordpress\/wp-content\/uploads\/2022\/09\/immagine-oltrelevette2022-totaro.jpg 1106w\" sizes=\"auto, (max-width: 158px) 100vw, 158px\" \/><\/a>BELLUNO<\/strong> Si svolgera\u0300 come di consueto nella prima meta\u0300 del mese di ottobre a Belluno la 26a edizione di Oltre le vette \u2013 Metafore, uomini, luoghi della montagna, manifestazione dell\u2019assessorato alla cultura del Comune di Belluno organizzata insieme alla Fondazione Teatri delle Dolomiti.<\/p>\n<p>&nbsp;<\/p>\n<p><strong>VALERIA BENNI, ORGANIZZATRICE DI OLTRE LE VETTE<\/strong><\/p>\n<audio class=\"wp-audio-shortcode\" id=\"audio-298686-2\" preload=\"none\" style=\"width: 100%;\" controls=\"controls\"><source type=\"audio\/mpeg\" src=\"https:\/\/www.radiopiu.net\/wordpress\/wp-content\/uploads\/2022\/09\/Valeria-Benni-OLV.mp3?_=2\" \/><a href=\"https:\/\/www.radiopiu.net\/wordpress\/wp-content\/uploads\/2022\/09\/Valeria-Benni-OLV.mp3\">https:\/\/www.radiopiu.net\/wordpress\/wp-content\/uploads\/2022\/09\/Valeria-Benni-OLV.mp3<\/a><\/audio>\n<p>&nbsp;<\/p>\n<hr \/>\n<p>&nbsp;<\/p>\n<blockquote>\n<h3>DA LUNEDI NUOVA SEDE DELL&#8217;UFFICIO POSTALE DI VODO DI CADORE<\/h3>\n<\/blockquote>\n<p><strong>VODO DI CADORE<\/strong> in via Nazionale 47, oggi alle 12 inaugurazione del nuovo ufficio.\u00a0 Sar\u00e0 presente il sindaco Domenico Belfi con il responsabile degli Uffici Postali della Provincia di Belluno Vincenzo Cassaro ed il responsabile Relazioni Istituzionali Nord Est di Poste Italiane Matteo Magnaghi.<\/p>\n<p>&nbsp;<\/p>\n<p>&nbsp;<\/p>\n<hr \/>\n<p>&nbsp;<\/p>\n<blockquote>\n<h3>VENETO LEGGE, L&#8217;IMPEGNO LIMANESE CON RINFRESCO<\/h3>\n<\/blockquote>\n<p><strong>LIMANA<\/strong> Venerdi 30 settembrela Biblioteca di Limana parteciper\u00e0 alla 6^ edizione della Maratona di Lettura Il Veneto Legge, un progetto promosso dall\u2019Assessorato alla Cultura della Regione Veneto che vede come protagonista il libro e la lettura. La Biblioteca di Limana propone dalle 15.15 a sera un ricco programma di letture e coinvolger\u00e0 tutte le fasce d\u2019et\u00e0. Tutti gli incontri si terranno presso la Sala Nocivelli della Biblioteca di Limana a ingresso gratuito con piccolo rinfresco<\/p>\n<p><strong>PROGRAMMA\u00a0<\/strong>Ore 15.15 &#8220;Le voci del bosco&#8221;, brani tratti dal libro di Mauro Corona, letture per bambini 6-10 anni con Antonella e Roberta; \u00a016.30 &#8220;I piccoli segreti della montagna&#8221;, letture per bambini 3-5 anni con Carolina e Maristella; \u00a017.45 &#8220;La memoria di Gena&#8221;, brani tratti da &#8220;I piccoli maestri&#8221; di Luigi Meneghello e approfondimenti sulla Valle del Mis. Letture per ragazzi dagli 11 anni in su con Fl\u00f2; 20.30 &#8220;Ultima sera di settembre in compagnia di Buzzati&#8221;, letture con la Compagnia del moccolo (Angelo, Piero, Elena e Nanni)<\/p>\n<p>&nbsp;<\/p>\n<hr \/>\n<p>&nbsp;<\/p>\n<blockquote>\n<h2>DONNE E AGRICOLTURA<\/h2>\n<\/blockquote>\n<p><strong>BORGO VALBELLUNA<\/strong> L&#8217;impegno femminile ieri, oggi e domani \u00e8 il filo conduttore dell&#8217;incontro del 5 ottobre a Mel, alle 20.30 nella chiesa di San Pietro. Relatrici: Daniela Perco (antropologa), Chiara Bortolas (Donne Impresa della Coldiretti) Elisa Colle (imprenditrice) Martina Vergerio (impreditrice) Elena Bill\u00f2 (imprenditrice) Cinzia Sanzovo (imprenditrice)<\/p>\n<p>&nbsp;<\/p>\n<hr \/>\n<p>&nbsp;<\/p>\n<blockquote>\n<h3>RAPPORTI TRA LEGGENDE DOLOMITICHE E QUELLE DELLE POPOLAZIONI EUROPEE<\/h3>\n<\/blockquote>\n<p><strong>di\u00a0 RENATO BONA<\/strong><\/p>\n<p>\u201cLe antiche voci dei Monti Pallidi\u201d \u00e8 il titolo del libro col quale lo scomparso Giuliano Palmieri (nato a Longarone nel 1940 e mancato subito prima del Natale 2008; per lustri apprezzato docente di latino e greco nel liceo classico di Treviso; fra l\u2019altro era appassionato di archeologia, la prima grande passione della sua vita, e contribu\u00ec a fondare il Gruppo archeologico trevigiano di cui fu il primo direttore, e collabor\u00f2, alla fondazione del Museo di Crocetta del Montello di cui \u00e8 stato conservatore onorario per l\u2019archeologia; affezionato alla montagna, in particolare alle Dolomiti, trascorreva le estati nella casetta di Val Fiorentina, zona di cui \u00e8 originaria la moglie Anna, ed ebbe modo di entrare in contatto con attivi archeologi dilettanti locali tra cui, in particolare, Vittorino Cazzetta, scopritore della sepoltura di Mondeval e non solo, tragicamente scomparso nel 1966; ancora: collabor\u00f2 alla fondazione e strutturazione del piccolo ma interessante Museo archeologico di Selva di Cadore) che illustra mito e folclore delle Dolomiti. Il pregevole lavoro (edito da Canova nel 2002) \u00e8 di fatto il seguito di \u201cI regni perduti dei Monti Pallidi\u201d (scritto nel 1966 col figlio Marco) che, come si legge nel sito \u201cilregnodeifanes.it\u201d, \u00e8 l\u2019esame dei rapporti tra le leggende dolomitiche (in genere, non quella dei Fanes) e quelle delle altre popolazioni europee. Di particolare interesse l\u2019analisi delle \u2018maschere\u2019 di alcuni carnevali dolomitici e non. Il libro (in copertina l\u2019Om Salvarek di Rivamonte Agordino,) come spiega la prefazione, preceduta dalla frase dedicata al ricordo di Vittorino Cazzetta: \u201cIl reperto non \u00e8 mai un punto d\u2019arrivo, al contrario, segna lo sviluppo della ricerca\u201d &#8211; \u201c\u00e8 un frutto settoriale di un\u2019analisi essenzialmente archeologica delle leggende pre romane raccolte da Karl Felix Wolff, il ricercatore di Bolzano il quale all\u2019inizio del secolo salv\u00f2 e rielabor\u00f2 i miti del mondo ladino dolomitico che, senza la sua opera, si sarebbero persi e dimenticati per sempre, annullando un patrimonio che si sta rivelando vastissimo per dati e notizie, spesso fondamentali non solo per quest\u2019area, ma anche per lo scenario dell\u2019alto Adriatico e transalpino\u201d &#8211; e si articola nei seguenti capitoli (sui quali speriamo di poter tornare in altre occasioni -ndr.): \u201cL\u2019uomo e le Dolomiti\u201d, \u201cIl mito di re Laurino\u201d; \u201cLe fiabe dei fratelli Grimm e le leggende raccolte da Wolf\u201d; \u201cGli antichi paralleli\u201d; \u201cLe ultime tracce nel folclore ladino\u201d; chiudono le Conclusioni, la ricca Bibliografia ed i ringraziamenti ad amici e studiosi oltre che, ovviamente, a quant\u2019altri hanno validamente collaborato per l\u2019edizione di \u201cLe antiche voci dei Monti Pallidi\u201d; il tutto preceduto da una dedica (alla moglie \u2013 ndr.): \u201cL\u2019antico profumo di queste storie ad Anna, la storia pi\u00f9 bella della mia vita\u201d.<\/p>\n\n\t\t\t<style type='text\/css'>\n\t\t\t\t#gallery-3 {\n\t\t\t\t\tmargin: auto;\n\t\t\t\t}\n\t\t\t\t#gallery-3 .gallery-item {\n\t\t\t\t\tfloat: left;\n\t\t\t\t\tmargin-top: 10px;\n\t\t\t\t\ttext-align: center;\n\t\t\t\t\twidth: 12%;\n\t\t\t\t}\n\t\t\t\t#gallery-3 img {\n\t\t\t\t\tborder: 2px solid #cfcfcf;\n\t\t\t\t}\n\t\t\t\t#gallery-3 .gallery-caption {\n\t\t\t\t\tmargin-left: 0;\n\t\t\t\t}\n\t\t\t\t\/* see gallery_shortcode() in wp-includes\/media.php *\/\n\t\t\t<\/style>\n\t\t<div id='gallery-3' class='dt-gallery-container gallery galleryid-298686 gallery-columns-8 gallery-size-thumbnail'><dl class='gallery-item'>\n\t\t\t\t<dt class='gallery-icon portrait'>\n\t\t\t\t\t<a class=\"rollover\" href='https:\/\/www.radiopiu.net\/wordpress\/giornale-radiopiu-27-settembre-2022-direttore-mirko-mezzacasa\/308369901_3344755795846366_4791935038500294335_n\/'><img loading=\"lazy\" decoding=\"async\" width=\"150\" height=\"150\" src=\"https:\/\/www.radiopiu.net\/wordpress\/wp-content\/uploads\/2022\/09\/308369901_3344755795846366_4791935038500294335_n-150x150.jpg\" class=\"attachment-thumbnail size-thumbnail\" alt=\"\" \/><\/a>\n\t\t\t\t<\/dt><\/dl><dl class='gallery-item'>\n\t\t\t\t<dt class='gallery-icon portrait'>\n\t\t\t\t\t<a class=\"rollover\" href='https:\/\/www.radiopiu.net\/wordpress\/giornale-radiopiu-27-settembre-2022-direttore-mirko-mezzacasa\/308856091_492155172820590_5669014357093544237_n\/'><img loading=\"lazy\" decoding=\"async\" width=\"150\" height=\"150\" src=\"https:\/\/www.radiopiu.net\/wordpress\/wp-content\/uploads\/2022\/09\/308856091_492155172820590_5669014357093544237_n-150x150.jpg\" class=\"attachment-thumbnail size-thumbnail\" alt=\"\" \/><\/a>\n\t\t\t\t<\/dt><\/dl><dl class='gallery-item'>\n\t\t\t\t<dt class='gallery-icon portrait'>\n\t\t\t\t\t<a class=\"rollover\" href='https:\/\/www.radiopiu.net\/wordpress\/giornale-radiopiu-27-settembre-2022-direttore-mirko-mezzacasa\/309080497_1272749470142884_2950463724431357088_n\/'><img loading=\"lazy\" decoding=\"async\" width=\"150\" height=\"150\" src=\"https:\/\/www.radiopiu.net\/wordpress\/wp-content\/uploads\/2022\/09\/309080497_1272749470142884_2950463724431357088_n-150x150.jpg\" class=\"attachment-thumbnail size-thumbnail\" alt=\"\" \/><\/a>\n\t\t\t\t<\/dt><\/dl><dl class='gallery-item'>\n\t\t\t\t<dt class='gallery-icon landscape'>\n\t\t\t\t\t<a class=\"rollover\" href='https:\/\/www.radiopiu.net\/wordpress\/giornale-radiopiu-27-settembre-2022-direttore-mirko-mezzacasa\/308981028_612328043712216_7873335642638687604_n\/'><img loading=\"lazy\" decoding=\"async\" width=\"150\" height=\"150\" src=\"https:\/\/www.radiopiu.net\/wordpress\/wp-content\/uploads\/2022\/09\/308981028_612328043712216_7873335642638687604_n-150x150.jpg\" class=\"attachment-thumbnail size-thumbnail\" alt=\"\" \/><\/a>\n\t\t\t\t<\/dt><\/dl><dl class='gallery-item'>\n\t\t\t\t<dt class='gallery-icon portrait'>\n\t\t\t\t\t<a class=\"rollover\" href='https:\/\/www.radiopiu.net\/wordpress\/giornale-radiopiu-27-settembre-2022-direttore-mirko-mezzacasa\/308438530_437343491599897_9153042535612566493_n\/'><img loading=\"lazy\" decoding=\"async\" width=\"150\" height=\"150\" src=\"https:\/\/www.radiopiu.net\/wordpress\/wp-content\/uploads\/2022\/09\/308438530_437343491599897_9153042535612566493_n-150x150.jpg\" class=\"attachment-thumbnail size-thumbnail\" alt=\"\" \/><\/a>\n\t\t\t\t<\/dt><\/dl><dl class='gallery-item'>\n\t\t\t\t<dt class='gallery-icon portrait'>\n\t\t\t\t\t<a class=\"rollover\" href='https:\/\/www.radiopiu.net\/wordpress\/giornale-radiopiu-27-settembre-2022-direttore-mirko-mezzacasa\/308442153_674433610306752_10228007674846204_n\/'><img loading=\"lazy\" decoding=\"async\" width=\"150\" height=\"150\" src=\"https:\/\/www.radiopiu.net\/wordpress\/wp-content\/uploads\/2022\/09\/308442153_674433610306752_10228007674846204_n-150x150.jpg\" class=\"attachment-thumbnail size-thumbnail\" alt=\"\" \/><\/a>\n\t\t\t\t<\/dt><\/dl><dl class='gallery-item'>\n\t\t\t\t<dt class='gallery-icon landscape'>\n\t\t\t\t\t<a class=\"rollover\" href='https:\/\/www.radiopiu.net\/wordpress\/giornale-radiopiu-27-settembre-2022-direttore-mirko-mezzacasa\/308409552_750407286022567_8603481083250924711_n\/'><img loading=\"lazy\" decoding=\"async\" width=\"150\" height=\"150\" src=\"https:\/\/www.radiopiu.net\/wordpress\/wp-content\/uploads\/2022\/09\/308409552_750407286022567_8603481083250924711_n-150x150.jpg\" class=\"attachment-thumbnail size-thumbnail\" alt=\"\" \/><\/a>\n\t\t\t\t<\/dt><\/dl><dl class='gallery-item'>\n\t\t\t\t<dt class='gallery-icon portrait'>\n\t\t\t\t\t<a class=\"rollover\" href='https:\/\/www.radiopiu.net\/wordpress\/giornale-radiopiu-27-settembre-2022-direttore-mirko-mezzacasa\/309056094_619113242924174_6245261809674493250_n\/'><img loading=\"lazy\" decoding=\"async\" width=\"150\" height=\"150\" src=\"https:\/\/www.radiopiu.net\/wordpress\/wp-content\/uploads\/2022\/09\/309056094_619113242924174_6245261809674493250_n-150x150.jpg\" class=\"attachment-thumbnail size-thumbnail\" alt=\"\" \/><\/a>\n\t\t\t\t<\/dt><\/dl><br style=\"clear: both\" \/><dl class='gallery-item'>\n\t\t\t\t<dt class='gallery-icon portrait'>\n\t\t\t\t\t<a class=\"rollover\" href='https:\/\/www.radiopiu.net\/wordpress\/giornale-radiopiu-27-settembre-2022-direttore-mirko-mezzacasa\/308347135_1087117522195676_5162922573595724544_n\/'><img loading=\"lazy\" decoding=\"async\" width=\"150\" height=\"150\" src=\"https:\/\/www.radiopiu.net\/wordpress\/wp-content\/uploads\/2022\/09\/308347135_1087117522195676_5162922573595724544_n-150x150.jpg\" class=\"attachment-thumbnail size-thumbnail\" alt=\"\" \/><\/a>\n\t\t\t\t<\/dt><\/dl><dl class='gallery-item'>\n\t\t\t\t<dt class='gallery-icon portrait'>\n\t\t\t\t\t<a class=\"rollover\" href='https:\/\/www.radiopiu.net\/wordpress\/giornale-radiopiu-27-settembre-2022-direttore-mirko-mezzacasa\/308580558_1807980396207774_630396423314293308_n\/'><img loading=\"lazy\" decoding=\"async\" width=\"150\" height=\"150\" src=\"https:\/\/www.radiopiu.net\/wordpress\/wp-content\/uploads\/2022\/09\/308580558_1807980396207774_630396423314293308_n-150x150.jpg\" class=\"attachment-thumbnail size-thumbnail\" alt=\"\" \/><\/a>\n\t\t\t\t<\/dt><\/dl><dl class='gallery-item'>\n\t\t\t\t<dt class='gallery-icon portrait'>\n\t\t\t\t\t<a class=\"rollover\" href='https:\/\/www.radiopiu.net\/wordpress\/giornale-radiopiu-27-settembre-2022-direttore-mirko-mezzacasa\/308393815_404794514962165_4004658511787166093_n\/'><img loading=\"lazy\" decoding=\"async\" width=\"150\" height=\"150\" src=\"https:\/\/www.radiopiu.net\/wordpress\/wp-content\/uploads\/2022\/09\/308393815_404794514962165_4004658511787166093_n-150x150.jpg\" class=\"attachment-thumbnail size-thumbnail\" alt=\"\" \/><\/a>\n\t\t\t\t<\/dt><\/dl><dl class='gallery-item'>\n\t\t\t\t<dt class='gallery-icon portrait'>\n\t\t\t\t\t<a class=\"rollover\" href='https:\/\/www.radiopiu.net\/wordpress\/giornale-radiopiu-27-settembre-2022-direttore-mirko-mezzacasa\/309137519_630928248589329_4354970681182167734_n\/'><img loading=\"lazy\" decoding=\"async\" width=\"150\" height=\"150\" src=\"https:\/\/www.radiopiu.net\/wordpress\/wp-content\/uploads\/2022\/09\/309137519_630928248589329_4354970681182167734_n-150x150.jpg\" class=\"attachment-thumbnail size-thumbnail\" alt=\"\" \/><\/a>\n\t\t\t\t<\/dt><\/dl><dl class='gallery-item'>\n\t\t\t\t<dt class='gallery-icon landscape'>\n\t\t\t\t\t<a class=\"rollover\" href='https:\/\/www.radiopiu.net\/wordpress\/giornale-radiopiu-27-settembre-2022-direttore-mirko-mezzacasa\/308857932_1074371103439832_826991169829821322_n\/'><img loading=\"lazy\" decoding=\"async\" width=\"150\" height=\"150\" src=\"https:\/\/www.radiopiu.net\/wordpress\/wp-content\/uploads\/2022\/09\/308857932_1074371103439832_826991169829821322_n-150x150.jpg\" class=\"attachment-thumbnail size-thumbnail\" alt=\"\" \/><\/a>\n\t\t\t\t<\/dt><\/dl><dl class='gallery-item'>\n\t\t\t\t<dt class='gallery-icon portrait'>\n\t\t\t\t\t<a class=\"rollover\" href='https:\/\/www.radiopiu.net\/wordpress\/giornale-radiopiu-27-settembre-2022-direttore-mirko-mezzacasa\/308514831_810715860279530_7052376726030318673_n\/'><img loading=\"lazy\" decoding=\"async\" width=\"150\" height=\"150\" src=\"https:\/\/www.radiopiu.net\/wordpress\/wp-content\/uploads\/2022\/09\/308514831_810715860279530_7052376726030318673_n-150x150.jpg\" class=\"attachment-thumbnail size-thumbnail\" alt=\"\" \/><\/a>\n\t\t\t\t<\/dt><\/dl><dl class='gallery-item'>\n\t\t\t\t<dt class='gallery-icon portrait'>\n\t\t\t\t\t<a class=\"rollover\" href='https:\/\/www.radiopiu.net\/wordpress\/giornale-radiopiu-27-settembre-2022-direttore-mirko-mezzacasa\/308451476_5948467198517751_6589783180521180533_n\/'><img loading=\"lazy\" decoding=\"async\" width=\"150\" height=\"150\" src=\"https:\/\/www.radiopiu.net\/wordpress\/wp-content\/uploads\/2022\/09\/308451476_5948467198517751_6589783180521180533_n-150x150.jpg\" class=\"attachment-thumbnail size-thumbnail\" alt=\"\" \/><\/a>\n\t\t\t\t<\/dt><\/dl><dl class='gallery-item'>\n\t\t\t\t<dt class='gallery-icon portrait'>\n\t\t\t\t\t<a class=\"rollover\" href='https:\/\/www.radiopiu.net\/wordpress\/giornale-radiopiu-27-settembre-2022-direttore-mirko-mezzacasa\/308628438_1234359314077108_7466289402759143211_n\/'><img loading=\"lazy\" decoding=\"async\" width=\"150\" height=\"150\" src=\"https:\/\/www.radiopiu.net\/wordpress\/wp-content\/uploads\/2022\/09\/308628438_1234359314077108_7466289402759143211_n-150x150.jpg\" class=\"attachment-thumbnail size-thumbnail\" alt=\"\" \/><\/a>\n\t\t\t\t<\/dt><\/dl><br style=\"clear: both\" \/>\n\t\t\t<\/div>\n\n<p>NELLE FOTO (riproduzioni da \u201cLe antiche voci dei Monti Pallidi\u201d; Palmieri; Giuliano Laveder; sito \u201cilregnodeifanes.it\u201d; Giuliano Dal Mas; Soia; Centro ricerche sociali e culturali Dosoledo; Darman): la copertina del libro; l\u2019autore prof. Giuliano Palmieri; anni \u201850: Val Fiorentina con l\u2019intenso sfruttamento agricolo; la statua di Teodorico e di re Laurino a Bolzano; statuina in legno di re Laurino; i fratelli Grimm in una stampa tedesca dell\u2019800; il Castello di Andraz in una litografia ottocentesca; in cammino per una vecchia mulattiera, nel mondo delle leggende delle valli dell\u2019Alto Cordevole; strada della vena dove passava il minerale del Fursil diretto ai forni di Andraz, Valparola e di Piccolin in Val Badia; fioritura di papaveri da oppio i cui semi sono molto usati nella cucina ladina ed austriaca; la cascata delle Comelle: si dice che gli spiriti delle acque dessero la pazzia; l\u2019Anguana dal piede di capra in un disegno attribuito a Tiziano; Rivamonte Agordino: la danza delle giovani donne attorno all\u2019Om salvarek che le tocca col ramo di betulla, portatore di fertilit\u00e0; Fornesighe: la Gnaga, signora del carnevale di un piccolo paese della Val Zoldana con la sua antica maschera di legno, nella gerla porta una bambina, simbolo del nuovo anno; a Dosoledo la danza del Mataz\u00ecn e del Lach\u00e9; Rocca Pietore: il Mataz\u00ecn di Sottoguda col suo variopinto costume, la mazza e il cappello che per tradizione deve essere ornato almeno da100 fiori.<\/p>\n<p>&nbsp;<\/p>\n<hr \/>\n<p>&nbsp;<\/p>\n<div id=\"title\" class=\"style-scope ytd-watch-metadata\">\n<h1 class=\"style-scope ytd-watch-metadata\">VAIA DIVENTA ARTE 2022<\/h1>\n<\/div>\n<div id=\"top-row\" class=\"style-scope ytd-watch-metadata\">\n<div id=\"description\" class=\"item style-scope ytd-watch-metadata\">\n<div id=\"description-inner\" class=\"style-scope ytd-watch-metadata\"><span class=\"style-scope yt-formatted-string\" dir=\"auto\">Pomeriggio d&#8217;arte, cultura, tradizioni nell&#8217;area di Candaten (Sedico). con Marco Martalart scultore del legno ed artista del bosco; Manuel Cicchetti (fotografo) Angelo Miotto (giornalista); Francesca Gallo (artigiana che canta). Moderatore Mirko Mezzacasa, direttore Radio Pi\u00f9.\u00a0<\/span><\/div>\n<div><\/div>\n<\/div>\n<\/div>\n<p><iframe loading=\"lazy\" title=\"VAIA DIVENTA ARTE 2022\" width=\"1200\" height=\"675\" src=\"https:\/\/www.youtube.com\/embed\/OZtxHUWJvCI?feature=oembed\" frameborder=\"0\" allow=\"accelerometer; autoplay; clipboard-write; encrypted-media; gyroscope; picture-in-picture\" allowfullscreen><\/iframe><\/p>\n<p>&nbsp;<\/p>\n<hr \/>\n<p>&nbsp;<\/p>\n<blockquote>\n<h3>MESSA E CONCERTO PER I 44 ANNI DALLA MORTE DI BEATO PAPA LUCIANI<\/h3>\n<\/blockquote>\n<p><strong><a class=\"dt-pswp-item\" href=\"https:\/\/www.radiopiu.net\/wordpress\/wp-content\/uploads\/2022\/09\/Schermata-2022-09-26-alle-10.37.16.png\" data-dt-img-description=\"\" data-large_image_width=\"1114\" data-large_image_height=\"762\"><img loading=\"lazy\" decoding=\"async\" class=\" wp-image-298786 alignleft\" src=\"https:\/\/www.radiopiu.net\/wordpress\/wp-content\/uploads\/2022\/09\/Schermata-2022-09-26-alle-10.37.16-300x205.png\" alt=\"\" width=\"218\" height=\"149\" srcset=\"https:\/\/www.radiopiu.net\/wordpress\/wp-content\/uploads\/2022\/09\/Schermata-2022-09-26-alle-10.37.16-300x205.png 300w, https:\/\/www.radiopiu.net\/wordpress\/wp-content\/uploads\/2022\/09\/Schermata-2022-09-26-alle-10.37.16-1024x700.png 1024w, https:\/\/www.radiopiu.net\/wordpress\/wp-content\/uploads\/2022\/09\/Schermata-2022-09-26-alle-10.37.16-768x525.png 768w, https:\/\/www.radiopiu.net\/wordpress\/wp-content\/uploads\/2022\/09\/Schermata-2022-09-26-alle-10.37.16.png 1114w\" sizes=\"auto, (max-width: 218px) 100vw, 218px\" \/><\/a>CANALE D&#8217;AGORDO<\/strong> Domani Canale d&#8217;Agordo ricordera\u0300 il 44\u00b0 anniversario della morte di Beato papa Giovanni Paolo I avvenuta il 28 settembre 1978. Per l&#8217;occasione il Musal \u2013 Museo Albino Luciani (www.musal.it) ha organizzato due appuntamenti. Alle 18.00, presso la chiesa di San Giovanni Battista di Canale d&#8217;Agordo, si terra\u0300 la Santa Messa. A seguire, alle 20.30, sempre la chiesa arcipretale di Canale d&#8217;Agordo ospitera\u0300 il concerto del Quartetto Veneto in memoria di papa Luciani. Il Quartetto Veneto e\u0300 una formazione nata piu\u0300 di 20 anni fa unendo musicisti provenienti dalle diverse istituzioni concertistiche: nel corso della sua storia ha partecipato a diverse stagioni musicali e si e\u0300 distinta per le sue eccellenti esecuzioni. <span style=\"color: #000000;\"><span style=\"font-family: Arial, sans-serif;\"><span style=\"font-size: small;\"><span lang=\"it-IT\">Il <\/span><\/span><\/span><\/span><span style=\"color: #000000;\"><span style=\"font-family: Arial, sans-serif;\"><span style=\"font-size: small;\"><span lang=\"it-IT\"><b>c<\/b>oncerto di Canale d&#8217;Agordo <\/span><\/span><\/span><\/span><span style=\"color: #000000;\"><span style=\"font-family: Arial, sans-serif;\"><span style=\"font-size: small;\"><span lang=\"it-IT\">sar\u00e0 articolato attraverso un <\/span><\/span><\/span><\/span><span style=\"color: #000000;\"><span style=\"font-family: Arial, sans-serif;\"><span style=\"font-size: small;\"><span lang=\"it-IT\">ampio <\/span><\/span><\/span><\/span><span style=\"color: #000000;\"><span style=\"font-family: Arial, sans-serif;\"><span style=\"font-size: small;\"><span lang=\"it-IT\"><i>excursus<\/i><\/span><\/span><\/span><\/span> <span style=\"color: #000000;\"><span style=\"font-family: Arial, sans-serif;\"><span style=\"font-size: small;\"><span lang=\"it-IT\">che inizier\u00e0 con l\u2019interpretazione di <\/span><\/span><\/span><\/span><span style=\"color: #000000;\"><span style=\"font-family: Arial, sans-serif;\"><span style=\"font-size: small;\"><span lang=\"it-IT\">brani del periodo classico <\/span><\/span><\/span><\/span><span style=\"color: #000000;\"><span style=\"font-family: Arial, sans-serif;\"><span style=\"font-size: small;\"><span lang=\"it-IT\">di Bach, seguiti da altri autori quali Pachelbel, Vivaldi, Benedetto Marcello e Mozart, per passare poi all\u2019esecuzione di <\/span><\/span><\/span><\/span><span style=\"color: #000000;\"><span style=\"font-family: Arial, sans-serif;\"><span style=\"font-size: small;\"><span lang=\"it-IT\">autori romantici <\/span><\/span><\/span><\/span><span style=\"color: #000000;\"><span style=\"font-family: Arial, sans-serif;\"><span style=\"font-size: small;\"><span lang=\"it-IT\">quali Mascagni e Elgar e concludersi con alcuni brani di Morricone, Williams e Jenkins.<\/span><\/span><\/span><\/span><\/p>\n<p>&nbsp;<\/p>\n<p>&nbsp;<\/p>\n<blockquote>\n<h2>LA BEATIFICAZIONE DIETRO LE QUINTE con Marilisa Luchetta<\/h2>\n<\/blockquote>\n<p><strong>CANALE D\u2019AGORDO<\/strong>. \u00abSenza alcuna titubanza tutti hanno chiesto: &#8220;Cosa possiamo fare?&#8221;. Grazie a questa collaborazione le celebrazioni per la beatificazione di papa Luciani hanno potuto svolgersi al meglio\u00bb. Dopo aver lasciato che le voci si abbassassero un po\u2019, che l\u2019emozione per un evento storico per la comunit\u00e0 di Canale d\u2019Agordo e per l\u2019intero Agordino si contenesse, che la luce dei riflettori si attenuasse, l\u2019assessora alla cultura del Comune di Canale, Marilisa Luchetta, offre un p<a class=\"dt-pswp-item\" href=\"https:\/\/www.radiopiu.net\/wordpress\/wp-content\/uploads\/2022\/03\/marilisa.png\" data-dt-img-description=\"\" data-large_image_width=\"135\" data-large_image_height=\"99\"><img loading=\"lazy\" decoding=\"async\" class=\"wp-image-267461 size-full alignleft\" src=\"https:\/\/www.radiopiu.net\/wordpress\/wp-content\/uploads\/2022\/03\/marilisa.png\" alt=\"\" width=\"135\" height=\"99\" \/><\/a>unto di vista ulteriore da cui guardare gli eventi che si sono succeduti attorno alla beatificazione di Albino Luciani: quello del dietro le quinte. \u00abIn questi quattro anni e mezzo di amministrazione \u2013 dice &#8211; non ci siamo fatti mancare niente, da Vaia al Covid, fino alla beatificazione. Quest\u2019ultima, per\u00f2, ha portato una grande sferzata di energia che ha coinvolto tutti\u00bb. Da tempo il Comune di Canale aveva concordato con la prefettura e la questura le linee guida da seguire nell\u2019organizzazione degli eventi che ha visto fra i protagonisti tante persone del volontariato locale e non solo. \u00abSe tutto \u00e8 andato liscio \u2013 dice Luchetta &#8211; \u00e8 perch\u00e9 c\u2019\u00e8 stata un\u2019organizzazione massiccia. Tutto ha funzionato perch\u00e9 tante forze si sono messe assieme per onorare nella maniera pi\u00f9 consona il nostro don Albino. Il Comune, dal canto suo, ha messo sul tavolo tutte le proprie risorse coinvolgendo un sacco di associazioni ed enti del territorio che vorremmo ringraziare: la pro loco, la parrocchia, i vigili del fuoco volontari, l\u2019Auser, i gruppi Ana di Canale, Caviola, Vallada e Falcade, la protezione civile di Belluno, il panificio Crock, le amministrazioni comunali di Falcade, Vallada e Cencenighe, la Croce Verde Val Biois, la prefettura e la questura, i carabinieri e la guardia di finanza. Infine i cacciatori di Canale che hanno messo a disposizione la struttura che hanno in gestione per ospitare un mega rinfresco\u00bb. \u00abTale momento conviviale \u2013 prosegue Luchetta \u2013 \u00e8 stato offerto dalla famiglia Dussin, ristoratori di Bassano Del Grappa devoti del papa. Essi hanno prima coinvolto vari produttori vicentini e poi sono arrivati con il servizio catering e hanno preparato il rinfresco per 300 persone proprio al Bait dei Cazador. \u00c8 stata una meravigli vedere come l\u2019unione delle forze abbia permesso di portare a compimento giornate cos\u00ec impegnative\u00bb. Per quanto riguarda gli eventi su papa Luciani, il programma prosegue con quelli dedicati all\u2019anniversario della morte avvenuta il 28 settembre 1978. Domani (mercoled\u00ec) alle 18 nella chiesa arcipretale di Canale d&#8217;Agordo verr\u00e0 celebrata una messa. A seguire, alle 20.30, sempre in chiesa, si terr\u00e0 il concerto del Quartetto Veneto, una formazione nata pi\u00f9 di 20 anni fa unendo musicisti provenienti dalle diverse istituzioni concertistiche. A Canale inizier\u00e0 con l\u2019interpretazione di brani del periodo classico di Bach, seguiti da altri autori quali Pachelbel, Vivaldi, Benedetto Marcello e Mozart, per passare poi all\u2019esecuzione di autori romantici quali Mascagni e Elgar e concludere con alcuni brani di Morricone, Williams e Jenkins.<\/p>\n<p>&nbsp;<\/p>\n<p>&nbsp;<\/p>\n<hr \/>\n<p>&nbsp;<\/p>\n<blockquote>\n<h3>I CORSI DELL&#8217;ADA<\/h3>\n<\/blockquote>\n<p><strong>di GIANNI SANTOMASO<\/strong><\/p>\n<audio class=\"wp-audio-shortcode\" id=\"audio-298686-3\" preload=\"none\" style=\"width: 100%;\" controls=\"controls\"><source type=\"audio\/mpeg\" src=\"https:\/\/www.radiopiu.net\/wordpress\/wp-content\/uploads\/2022\/09\/ripartenza-corsi-ada-gianni.mp3?_=3\" \/><a href=\"https:\/\/www.radiopiu.net\/wordpress\/wp-content\/uploads\/2022\/09\/ripartenza-corsi-ada-gianni.mp3\">https:\/\/www.radiopiu.net\/wordpress\/wp-content\/uploads\/2022\/09\/ripartenza-corsi-ada-gianni.mp3<\/a><\/audio>\n<p>&nbsp;<\/p>\n<div style=\"width: 848px;\" class=\"wp-video\"><video class=\"wp-video-shortcode\" id=\"video-298686-5\" width=\"848\" height=\"480\" preload=\"metadata\" controls=\"controls\"><source type=\"video\/mp4\" src=\"https:\/\/www.radiopiu.net\/wordpress\/wp-content\/uploads\/2022\/08\/WhatsApp-Video-2022-08-30-at-17.21.20.mp4?_=5\" \/><a href=\"https:\/\/www.radiopiu.net\/wordpress\/wp-content\/uploads\/2022\/08\/WhatsApp-Video-2022-08-30-at-17.21.20.mp4\">https:\/\/www.radiopiu.net\/wordpress\/wp-content\/uploads\/2022\/08\/WhatsApp-Video-2022-08-30-at-17.21.20.mp4<\/a><\/video><\/div>\n<p>&nbsp;<\/p>\n<hr \/>\n<p>&nbsp;<\/p>\n<p>&nbsp;<\/p>\n<blockquote>\n<h3 dir=\"auto\">LE FERRARI AD ALLEGHE \u2013 EVENTO F.O.C.I.<\/h3>\n<\/blockquote>\n<div dir=\"auto\"><\/div>\n<div dir=\"auto\"><strong>ALLEGHE<\/strong> Alleghe si tinge di rosso, lunedi dalle 10:30 alle\u00a0 11:15 almeno 40 auto Ferrari sosteranno al piazzale dello Stadio del ghiaccio di Alleghe per le foto di rito e la gioia degli amanti del Cavallino<\/div>\n<p><a class=\"dt-pswp-item\" href=\"https:\/\/www.radiopiu.net\/wordpress\/wp-content\/uploads\/2022\/09\/308956893_5480935931995776_1662303743342285913_n.png\" data-dt-img-description=\"\" data-large_image_width=\"960\" data-large_image_height=\"720\"><img loading=\"lazy\" decoding=\"async\" class=\"alignnone wp-image-298738\" src=\"https:\/\/www.radiopiu.net\/wordpress\/wp-content\/uploads\/2022\/09\/308956893_5480935931995776_1662303743342285913_n-300x225.png\" alt=\"\" width=\"231\" height=\"173\" srcset=\"https:\/\/www.radiopiu.net\/wordpress\/wp-content\/uploads\/2022\/09\/308956893_5480935931995776_1662303743342285913_n-300x225.png 300w, https:\/\/www.radiopiu.net\/wordpress\/wp-content\/uploads\/2022\/09\/308956893_5480935931995776_1662303743342285913_n-768x576.png 768w, https:\/\/www.radiopiu.net\/wordpress\/wp-content\/uploads\/2022\/09\/308956893_5480935931995776_1662303743342285913_n.png 960w\" sizes=\"auto, (max-width: 231px) 100vw, 231px\" \/><\/a><\/p>\n<hr \/>\n<p>&nbsp;<\/p>\n<p>&nbsp;<\/p>\n<blockquote>\n<h3><a class=\"dt-pswp-item\" href=\"https:\/\/www.radiopiu.net\/wordpress\/wp-content\/uploads\/2022\/09\/aaa-12.jpg\" data-dt-img-description=\"\" data-large_image_width=\"260\" data-large_image_height=\"210\"><img loading=\"lazy\" decoding=\"async\" class=\" wp-image-298736 alignleft\" src=\"https:\/\/www.radiopiu.net\/wordpress\/wp-content\/uploads\/2022\/09\/aaa-12.jpg\" alt=\"\" width=\"162\" height=\"131\" \/><\/a>AUTODIFESA FEMMINILE &#8211; VIPER<\/h3>\n<\/blockquote>\n<p><strong>ARSIE<\/strong>&#8216; Una lezione gratuita,\u00a0 tre ore dalle 9 del mattino alle 12 di domenica 9 ottobre, \u00e8 il progetto dedicato alla difesa femminile, organizzato da Ving Tsun Academy.\u00a0 Si svolge presso palestra\u00a0 della scuola dell&#8217;infanzia di via Nazionale 37 a Fastro.\u00a0 Per prenotazioni ed informazioni:\u00a0 Sifu Christian Baggio, telefono 3479850726\u00a0 <a class=\"qi72231t nu7423ey n3hqoq4p r86q59rh b3qcqh3k fq87ekyn bdao358l fsf7x5fv rse6dlih s5oniofx m8h3af8h l7ghb35v kjdc1dyq kmwttqpk srn514ro oxkhqvkx rl78xhln nch0832m cr00lzj9 rn8ck1ys s3jn8y49 icdlwmnq cxfqmxzd ezidihy3\" tabindex=\"0\" role=\"link\" href=\"https:\/\/l.facebook.com\/l.php?u=http%3A%2F%2Fwww.vta-i.org%2F%3Ffbclid%3DIwAR2NIu90emTYTuUUlVqhhY9NqZgseq-C7uproC2Mk-GMrnJ8Hlfzn3J4L4M&amp;h=AT3MyyL4fnfKMhwQE4uQJAkGgI0q5lB246Kgoi_LVWcH2fGFNc-SY3Sx7qlCOBnThLs7-lo8AvPJKaC4pbQ40dIzBgfxM6v73EhioBDNWtmDMg59fBHDqCtBoZYJUng52s7l&amp;__tn__=-UK-R&amp;c[0]=AT3FOofnWJiATPPxPvtf6iv8omfFWoeHOmgvEkw-Yr43JWvsHExfOYkO_KTvNIHdYD62tSwj21Sm9TrVDVTEHE5zH9KcQuR6mJKkHjNZ5tEKvcqSkQoq04FQuD1SQ9FUavMr640P2xf3_U8qGr1Yx-HBJUTE8yA2Fz1HpcwgX7Ieajg1PXD6k77YRMMzwTGjTylhgOhknQQ\" target=\"_blank\" rel=\"nofollow noopener\">www.vta-i.org<\/a><\/p>\n<p>&nbsp;<\/p>\n<p>&nbsp;<\/p>\n<p>&nbsp;<\/p>\n<hr \/>\n<p>&nbsp;<\/p>\n<blockquote>\n<h3>BRETELLE LASCHE CERCA GIOVANI<\/h3>\n<\/blockquote>\n<p><strong>BELLUNO\u00a0 <\/strong>La compagnia teatrale Bretelle Lasche cerca ragazzi dai 15 ai 17 anni, motivati, per il nuovo spettacolo che sta allestendo, con previsione di<br \/>\ndebutto per la tarda primavera 2023.\u00a0 Non ci sono costi da sostenere, salvo quelli di iscrizione e assicurazione (quantificabili in 15 euro complessivi). Per proporre la propria candidatura o ricevere\u00a0 informazioni: \u00a0mail o un messaggio WhatsApp a bretellelasche@gmail.com o al numero 3293676945.Riunione di presentazione del progetto venerd\u00ec 7 ottobre alle 14 nella sede di via Feltre vicino al parcheggio ex Moi. Oltre ai ragazzi interessati a recitare, sono invitati tutti gli studenti che vogliano collaborare per la parte tecnica dello spettacolo (luci, audio, video, scenografie).<\/p>\n<p>&nbsp;<\/p>\n<hr \/>\n<p>&nbsp;<\/p>\n<blockquote>\n<h3>RITORNA L&#8217;UNIVERSITA&#8217; DEGLI ANZIANI AD AGORDO<\/h3>\n<\/blockquote>\n<p><strong><a class=\"dt-pswp-item\" href=\"https:\/\/www.radiopiu.net\/wordpress\/wp-content\/uploads\/2022\/09\/UNIVERSITA-ANZIANI-AGORDO-min.jpg\" data-dt-img-description=\"\" data-large_image_width=\"500\" data-large_image_height=\"500\"><img loading=\"lazy\" decoding=\"async\" class=\" wp-image-297212 alignleft\" src=\"https:\/\/www.radiopiu.net\/wordpress\/wp-content\/uploads\/2022\/09\/UNIVERSITA-ANZIANI-AGORDO-min-150x150.jpg\" alt=\"\" width=\"113\" height=\"113\" srcset=\"https:\/\/www.radiopiu.net\/wordpress\/wp-content\/uploads\/2022\/09\/UNIVERSITA-ANZIANI-AGORDO-min-150x150.jpg 150w, https:\/\/www.radiopiu.net\/wordpress\/wp-content\/uploads\/2022\/09\/UNIVERSITA-ANZIANI-AGORDO-min-300x300.jpg 300w, https:\/\/www.radiopiu.net\/wordpress\/wp-content\/uploads\/2022\/09\/UNIVERSITA-ANZIANI-AGORDO-min.jpg 500w\" sizes=\"auto, (max-width: 113px) 100vw, 113px\" \/><\/a>AGORDOAGORDO- <\/strong>Dopo la forzata sospensione degli ultimi due anni, dovuta al Coronavirus, riprende l\u2019attivit\u00e0 della sezione di Agordo dell\u2019Universit\u00e0 Adulti\/Anziani di Belluno. Sar\u00e0 Marco Perale, noto giornalista e storico, a inaugurare, marted\u00ec 4\u00b0 ottobre, alle 15 in sala don Tamis ad Agordo, il 25\u00b0 anno accademico della sezione che nel 2019-20 contava circa centocinquanta iscritti. Lo far\u00e0 con una prolusione parlando di \u00abDino Buzzati 50 anni dopo. La mostra di Belluno\u00bb. \u00c8 solo il primo dei vari importanti anniversari ricorrenti nel 2022 e che il Comitato di gestione, coordinato da Gabriele Bernardi, ha ritenuto di trattare nel corso del 1\u00b0 trimestre delle lezioni, riguardanti in particolare modo personaggi e avvenimenti di carattere locale. Il Comitato ricorda che alla prolusione sono come sempre invitati non solo gli iscritti, ma tutti coloro che desiderano partecipare a un momento di approfondimento culturale sempre di interessante attualit\u00e0. Questo il programma delle lezioni, sempre il marted\u00ec dalle 15 alle 17 in sala don Tamis (fra parentesi il nome del relatore). Marted\u00ec 11 ottobre: Il delirium, o stato confusionale (Giampaolo Ben) e Ohann\u00e9s Gurekian (1902-1984), progettista armeno nelle Dolomiti (Sara Gnech); 18 ottobre: Il \u2018mago\u2019 Pietro d\u2019Abano, tra storia e leggenda (Gregorio Piaia); 25 ottobre: Valerio Da Pos (1740-1822), poeta contadino, nel 200\u00b0 della morte (Dino Bridda; 8 novembre: Socrate: vivere e morire filosoficamente (Lisa De Luca) e Le carte di credito e debito (Giovanni De Gasperi); 15 novembre: La grande emigrazione in Brasile di fine \u2019800 (Luca Luchetta); 22 novembre: Le montagne di Mario Rigoni Stern (Sara Luchetta) e Augusto Murer (1922-1985) nel centenario della nascita (Dino Bridda); 29 novembre: Alluvioni a confronto: 1966-2018 (Vittorio Fenti); 6 dicembre: Don Antonio Della Lucia, profeta agordino (Loris Serafini) e Gio.Batta Rossi (1922-2010), linguista agordino a 100 anni dalla nascita (Luisa Manfroi); 13 dicembre: 50 anni di Belumat e ricordo di Gianni Secco (Giorgio Fornasier); 20 dicembre: I re Magi tra storia e leggenda (Fiorella Candiani), quindi chiusura del 1\u00b0 trimestre con brindisi e scambio di auguri natalizi e di fine anno. Non \u00e8 stato al momento ancora definito il programma delle attivit\u00e0 complementari che dovrebbe prevedere il laboratorio artistico (tutti i gioved\u00ec) seguito dall\u2019affermata artista alleghese Laura Ballis e quello di informatica a cura di Enza Dagai. Lo stesso vale per il programma visite (al momento solo alla mostra su Ohann\u00e9s Gurekian nella biblioteca civica di Agordo) e gite d\u2019istruzione e altre iniziative da programmare nel corso dell\u2019anno. Info: 0437-62416 (coordinatore) e 333-8638929 (segretaria).<\/p>\n<p><strong>TUTTI GLI APPUNTAMENTI IN PROGRAMMA<\/strong><\/p>\n<a href=\"https:\/\/www.radiopiu.net\/wordpress\/wp-content\/uploads\/2022\/09\/aaa.pdf\" class=\"pdfemb-viewer\" style=\"\" data-width=\"max\" data-height=\"max\" data-toolbar=\"top\" data-toolbar-fixed=\"on\">aaa<\/a>\n<p>&nbsp;<\/p>\n<p>&nbsp;<\/p>\n<hr \/>\n<blockquote>\n<h3><\/h3>\n<h3><a class=\"dt-pswp-item\" href=\"https:\/\/www.radiopiu.net\/wordpress\/wp-content\/uploads\/2022\/09\/e21441ab-5414-42e6-89a3-5a7bb7347520.jpg\" data-dt-img-description=\"\" data-large_image_width=\"902\" data-large_image_height=\"1280\"><img loading=\"lazy\" decoding=\"async\" class=\"wp-image-298173 alignleft\" src=\"https:\/\/www.radiopiu.net\/wordpress\/wp-content\/uploads\/2022\/09\/e21441ab-5414-42e6-89a3-5a7bb7347520-211x300.jpg\" alt=\"\" width=\"105\" height=\"150\" srcset=\"https:\/\/www.radiopiu.net\/wordpress\/wp-content\/uploads\/2022\/09\/e21441ab-5414-42e6-89a3-5a7bb7347520-211x300.jpg 211w, https:\/\/www.radiopiu.net\/wordpress\/wp-content\/uploads\/2022\/09\/e21441ab-5414-42e6-89a3-5a7bb7347520-722x1024.jpg 722w, https:\/\/www.radiopiu.net\/wordpress\/wp-content\/uploads\/2022\/09\/e21441ab-5414-42e6-89a3-5a7bb7347520-768x1090.jpg 768w, https:\/\/www.radiopiu.net\/wordpress\/wp-content\/uploads\/2022\/09\/e21441ab-5414-42e6-89a3-5a7bb7347520.jpg 902w\" sizes=\"auto, (max-width: 105px) 100vw, 105px\" \/><\/a><\/h3>\n<h3>FOLKLOR JALPE&#8217; DE LA MARMOLEDA<\/h3>\n<\/blockquote>\n<p><strong>ROCCA PIETORE<\/strong> 1 e 2 ottobre a Rocca Pietore torna Folklor Jalp\u00e8 De La Marmol\u00e8da. Sotto al tendone riscaldato due giorni di festa con il gruppo Folk Marmol\u00e8da. Sabato 1 ottobre dalle 18 aperitivo in musica con i Volxalp, dalle 19 stand gastronomico con piatti tipici, alle 22 il rock dei Sinfobia e chiusura con DJ set. Domenica 2 ottobre la Santa Messa alle 11, dalle 12:30 pranzo con piatti tipici e musica con Die Derstige. Alle 14:30 la sfilata dei gruppi folk, alle 18 musica con i Pazedins e finale con la cucina tipica dalle 19.<\/p>\n<p>&nbsp;<\/p>\n<p>&nbsp;<\/p>\n<hr \/>\n<p>&nbsp;<\/p>\n<blockquote>\n<h3>OHANNES GUREKIAN, UN PROGETTISTA ARMENO DELLE DOLOMITI<\/h3>\n<\/blockquote>\n<p><strong><a class=\"dt-pswp-item\" href=\"https:\/\/www.radiopiu.net\/wordpress\/wp-content\/uploads\/2022\/09\/Unknown.jpeg\" data-dt-img-description=\"\" data-large_image_width=\"1536\" data-large_image_height=\"2048\"><img loading=\"lazy\" decoding=\"async\" class=\" wp-image-297481 alignleft\" src=\"https:\/\/www.radiopiu.net\/wordpress\/wp-content\/uploads\/2022\/09\/Unknown-150x150.jpeg\" alt=\"\" width=\"95\" height=\"95\" \/><\/a>BELLUNO <\/strong>Fino al giorno 29 ottobre, sar\u00e0 possibile visitare il percorso espositivo presso la biblioteca civica di Agordo.\u00a0 <strong>SABATO 1<\/strong> ottobre\u00a0 &#8220;escursione architettonica&#8221; fra i vicoli del paese di Frassen\u00e9 Agordino, che per lungo tempo Gurekian elesse quale luogo di residenza, per vedere dal vivo alcune delle realizzazioni dei suoi progetti.\u00a0 <strong>SABATO 8<\/strong> ottobre (notte di plenilunio) trekking da Frassen\u00e9 al Rifugio Scarpa-Gurekian raccontando cosa lega questo luogo alla storia di Ohann\u00e9s Gurekian. Poi ci sar\u00e0 la possibilit\u00e0 di fermarsi per cenare.<\/p>\n<p>&nbsp;<\/p>\n<hr \/>\n<p>&nbsp;<\/p>\n<blockquote>\n<h3><\/h3>\n<h3>69^ STAGIONE DEL CIRCOLO CULTURALE BELLUNESE<\/h3>\n<\/blockquote>\n<p><strong>BELLUNO<\/strong> Al via la seconda parte della 69a Stagione 2022 del Circolo Culturale Bellunese, sulle note del flauto di Federica Lotti, accompagnata al pianoforte da Massimo Somenzi. Il concerto si tiene nell&#8217;Auditorium del liceo Lollino di Belluno, venerd\u00ec 30 settembre, alle ore 20:30. La serata sar\u00e0 introdotta da un tradizionale Benvenuto in Musica degli alunni della Classe di flauto del Liceo musicale \u201cG. Renier\u201d, prof.ssa Giorgia Reolon. Informazioni e note di sala complete sul sito belrcircolo.org.<\/p>\n<p>&nbsp;<\/p>\n<hr \/>\n<p>&nbsp;<\/p>\n<p>&nbsp;<\/p>\n<blockquote>\n<h1>Elezioni e caro energia. Come stanno reagendo i fondi pensioni ai cambiamenti cui stiamo assistendo?<\/h1>\n<\/blockquote>\n<p>&nbsp;<\/p>\n<p><a href=\"https:\/\/www.facebook.com\/watch\/?v=465055995554353\">https:\/\/www.facebook.com\/watch\/?v=465055995554353<\/a><\/p>\n<p>&nbsp;<\/p>\n<hr \/>\n<p>&nbsp;<\/p>\n<blockquote>\n<h2>PROLOCO DI RIVAMONTE AGORDINO<\/h2>\n<\/blockquote>\n<div>\n<div class=\"hael596l alzwoclg jl2a5g8c qjfq86k5 r227ecj6 gt60zsk1 s1m0hq7j\">\n<div class=\"cgu29s5g\">\n<div class=\"alzwoclg cqf1kptm siwo0mpr gu5uzgus\">\n<div class=\"jroqu855 nthtkgg5\"><strong>14-15-16 OTTOBRE 2022<\/strong><\/div>\n<\/div>\n<\/div>\n<\/div>\n<\/div>\n<div>\n<div class=\"\" dir=\"auto\">\n<div id=\"jsc_c_1y\" class=\"d2hqwtrz r227ecj6 ez8dtbzv gt60zsk1\" data-ad-comet-preview=\"message\" data-ad-preview=\"message\">\n<div class=\"alzwoclg cqf1kptm siwo0mpr gu5uzgus\">\n<div class=\"jroqu855 nthtkgg5\">\n<div class=\"m8h3af8h l7ghb35v kjdc1dyq kmwttqpk gh25dzvf n3t5jt4f\">\n<div dir=\"auto\">Finalmente ritorna l&#8217;Oktoberfest. Tre giorni di festa in compagnia di buona musica e buon cibo: Canederli, \u00a0Spatzle<\/div>\n<div dir=\"auto\">Stinco con crauti e patate fritte e Buona birra in bicchieri di vetro\u00a0 \u00a0 \u00a0<strong>STAY TUNED<\/strong><br \/>\n<a class=\"dt-pswp-item\" href=\"https:\/\/www.radiopiu.net\/wordpress\/wp-content\/uploads\/2022\/09\/306610049_3398892650338616_7875061756741663012_n.jpg\" data-dt-img-description=\"\" data-large_image_width=\"720\" data-large_image_height=\"261\"><img loading=\"lazy\" decoding=\"async\" class=\"alignnone wp-image-296989 size-full\" src=\"https:\/\/www.radiopiu.net\/wordpress\/wp-content\/uploads\/2022\/09\/306610049_3398892650338616_7875061756741663012_n.jpg\" alt=\"\" width=\"720\" height=\"261\" srcset=\"https:\/\/www.radiopiu.net\/wordpress\/wp-content\/uploads\/2022\/09\/306610049_3398892650338616_7875061756741663012_n.jpg 720w, https:\/\/www.radiopiu.net\/wordpress\/wp-content\/uploads\/2022\/09\/306610049_3398892650338616_7875061756741663012_n-300x109.jpg 300w\" sizes=\"auto, (max-width: 720px) 100vw, 720px\" \/><\/a><\/div>\n<div dir=\"auto\"><\/div>\n<\/div>\n<\/div>\n<\/div>\n<\/div>\n<\/div>\n<\/div>\n<p>&nbsp;<\/p>\n<hr \/>\n<p>&nbsp;<\/p>\n<blockquote>\n<h3>DOMENICA 23 OTTOBRE LA GRANDE FESTA ALLA FABBRICA IN PEDAVENA DI LA VALLE<\/h3>\n<\/blockquote>\n<p><a class=\"dt-pswp-item\" href=\"https:\/\/www.radiopiu.net\/wordpress\/wp-content\/uploads\/2022\/09\/be36ec51-e02a-4ee2-8c75-860605e2253f.jpg\" data-dt-img-description=\"\" data-large_image_width=\"1200\" data-large_image_height=\"628\"><img loading=\"lazy\" decoding=\"async\" class=\"aligncenter wp-image-296751 size-medium\" src=\"https:\/\/www.radiopiu.net\/wordpress\/wp-content\/uploads\/2022\/09\/be36ec51-e02a-4ee2-8c75-860605e2253f-300x157.jpg\" alt=\"\" width=\"300\" height=\"157\" srcset=\"https:\/\/www.radiopiu.net\/wordpress\/wp-content\/uploads\/2022\/09\/be36ec51-e02a-4ee2-8c75-860605e2253f-300x157.jpg 300w, https:\/\/www.radiopiu.net\/wordpress\/wp-content\/uploads\/2022\/09\/be36ec51-e02a-4ee2-8c75-860605e2253f-1024x536.jpg 1024w, https:\/\/www.radiopiu.net\/wordpress\/wp-content\/uploads\/2022\/09\/be36ec51-e02a-4ee2-8c75-860605e2253f-768x402.jpg 768w, https:\/\/www.radiopiu.net\/wordpress\/wp-content\/uploads\/2022\/09\/be36ec51-e02a-4ee2-8c75-860605e2253f.jpg 1200w\" sizes=\"auto, (max-width: 300px) 100vw, 300px\" \/><\/a><\/p>\n<p>&nbsp;<\/p>\n<hr \/>\n<p>&nbsp;<\/p>\n<blockquote>\n<h3>LA MARATONA DI LETTURA ALLA BIBLIOTECA DI LIMANA<\/h3>\n<\/blockquote>\n<p><strong>LIMANA <\/strong>Venerd\u00ec la Biblioteca di Limana parteciper\u00e0 alla 6^ edizione della Maratona di Lettura <em>Il Veneto Legge<\/em>, un progetto promosso dall\u2019Assessorato alla Cultura della Regione Veneto, in collaborazione con enti ed associazioni culturali varie del territorio regionale, che vede come protagonista il libro e la lettura. La Biblioteca di Limana propone un ricco programma di letture e coinvolger\u00e0 tutte le fasce d\u2019et\u00e0. Tutti gli incontri si terranno presso la Sala Nocivelli della Biblioteca di Limana. INGRESSI GRATUITI A TUTTE LE LETTURE, che saranno accompagnate da un piccolo rinfresco<\/p>\n<p>&nbsp;<\/p>\n<p>&nbsp;<\/p>\n<hr \/>\n<p>&nbsp;<\/p>\n<blockquote class=\"wp-embedded-content\" data-secret=\"7VPbJtis3Z\"><p><a href=\"https:\/\/www.radiopiu.net\/wordpress\/alice-per-gli-altri-unesperienza-da-raccontare\/\">ALICE PER GLI ALTRI, UN&#8217;ESPERIENZA DA RACCONTARE<\/a><\/p><\/blockquote>\n<p><iframe loading=\"lazy\" class=\"wp-embedded-content\" sandbox=\"allow-scripts\" security=\"restricted\" style=\"position: absolute; clip: rect(1px, 1px, 1px, 1px);\" title=\"&#8220;ALICE PER GLI ALTRI, UN&#8217;ESPERIENZA DA RACCONTARE&#8221; &#8212; Radio Pi\u00f9\" src=\"https:\/\/www.radiopiu.net\/wordpress\/alice-per-gli-altri-unesperienza-da-raccontare\/embed\/#?secret=jpNpkkDIsV#?secret=7VPbJtis3Z\" data-secret=\"7VPbJtis3Z\" width=\"600\" height=\"338\" frameborder=\"0\" marginwidth=\"0\" marginheight=\"0\" scrolling=\"no\"><\/iframe><\/p>\n<p>&nbsp;<\/p>\n<hr \/>\n<p>&nbsp;<\/p>\n<h2><span style=\"color: #ff0000;\"><strong>IERI ALLA RADIO<\/strong><\/span><\/h2>\n<h2><strong><a class=\"dt-pswp-item\" href=\"https:\/\/www.radiopiu.net\/wordpress\/wp-content\/uploads\/2022\/05\/Vertik-Area-Dolomiti_-foto-di-Valerio-Scarpa-rotated-960x480-1.jpg\" data-dt-img-description=\"\" data-large_image_width=\"960\" data-large_image_height=\"480\"><img loading=\"lazy\" decoding=\"async\" class=\" wp-image-273442 alignleft\" src=\"https:\/\/www.radiopiu.net\/wordpress\/wp-content\/uploads\/2022\/05\/Vertik-Area-Dolomiti_-foto-di-Valerio-Scarpa-rotated-960x480-1-300x150.jpg\" alt=\"\" width=\"194\" height=\"97\" srcset=\"https:\/\/www.radiopiu.net\/wordpress\/wp-content\/uploads\/2022\/05\/Vertik-Area-Dolomiti_-foto-di-Valerio-Scarpa-rotated-960x480-1-300x150.jpg 300w, https:\/\/www.radiopiu.net\/wordpress\/wp-content\/uploads\/2022\/05\/Vertik-Area-Dolomiti_-foto-di-Valerio-Scarpa-rotated-960x480-1-768x384.jpg 768w, https:\/\/www.radiopiu.net\/wordpress\/wp-content\/uploads\/2022\/05\/Vertik-Area-Dolomiti_-foto-di-Valerio-Scarpa-rotated-960x480-1.jpg 960w\" sizes=\"auto, (max-width: 194px) 100vw, 194px\" \/><\/a><span style=\"color: #993300;\">VALERIO SCARPA E LA VERTIK AREA DI SAN TOMASO. I PROGRAMMI DELL&#8217;AUTUNNO<\/span><\/strong><\/h2>\n<p><strong>di Claudio Fontanive<\/strong><\/p>\n<p>OSPITE: Valerio Scarpa<\/p>\n<audio class=\"wp-audio-shortcode\" id=\"audio-298686-4\" preload=\"none\" style=\"width: 100%;\" controls=\"controls\"><source type=\"audio\/mpeg\" src=\"https:\/\/www.radiopiu.net\/wordpress\/wp-content\/uploads\/2022\/09\/valerio-scarpa-vertik-1.mp3?_=4\" \/><a href=\"https:\/\/www.radiopiu.net\/wordpress\/wp-content\/uploads\/2022\/09\/valerio-scarpa-vertik-1.mp3\">https:\/\/www.radiopiu.net\/wordpress\/wp-content\/uploads\/2022\/09\/valerio-scarpa-vertik-1.mp3<\/a><\/audio>\n<p>&nbsp;<\/p>\n<hr \/>\n<p>&nbsp;<\/p>\n<h2><span style=\"color: #00ccff;\">SALUTE E SOCIETA&#8217;<\/span><\/h2>\n<p><strong><a class=\"dt-pswp-item\" href=\"https:\/\/www.radiopiu.net\/wordpress\/wp-content\/uploads\/2022\/09\/a8d4a9f7-feed-d2fa-7e3d-e3bf4d83b14b.png\" data-dt-img-description=\"\" data-large_image_width=\"1178\" data-large_image_height=\"785\"><img loading=\"lazy\" decoding=\"async\" class=\"wp-image-298777 alignleft\" src=\"https:\/\/www.radiopiu.net\/wordpress\/wp-content\/uploads\/2022\/09\/a8d4a9f7-feed-d2fa-7e3d-e3bf4d83b14b-300x200.png\" alt=\"\" width=\"147\" height=\"98\" srcset=\"https:\/\/www.radiopiu.net\/wordpress\/wp-content\/uploads\/2022\/09\/a8d4a9f7-feed-d2fa-7e3d-e3bf4d83b14b-300x200.png 300w, https:\/\/www.radiopiu.net\/wordpress\/wp-content\/uploads\/2022\/09\/a8d4a9f7-feed-d2fa-7e3d-e3bf4d83b14b-1024x682.png 1024w, https:\/\/www.radiopiu.net\/wordpress\/wp-content\/uploads\/2022\/09\/a8d4a9f7-feed-d2fa-7e3d-e3bf4d83b14b-768x512.png 768w, https:\/\/www.radiopiu.net\/wordpress\/wp-content\/uploads\/2022\/09\/a8d4a9f7-feed-d2fa-7e3d-e3bf4d83b14b.png 1178w\" sizes=\"auto, (max-width: 147px) 100vw, 147px\" \/><\/a>PUNTATA DEL 26 SETTEMBRE 2022<\/strong><\/p>\n<p>Speciale congresso Esmo 2022: Carcinoma ovarico avanzato e tumori ginecologici con Domenica Lorusso, Fondazione Policlinico Universitario A.Gemelli di Roma. Tumori polmonari con Alessandra Bearz, Centro di Riferimento Oncologico di Aviano,Silvia Novello, Universit\u00e0 degli Studi di Torino, e Filippo de Marinis, Direttore della Divisione di Oncologia Toracica dell\u2019Istituto Europeo di Oncologia (IEO) di Milano. Carcinoma prostatico avanzato con Enrico Cortesi, Policlinico Umberto I di Roma<\/p>\n<audio class=\"wp-audio-shortcode\" id=\"audio-298686-5\" preload=\"none\" style=\"width: 100%;\" controls=\"controls\"><source type=\"audio\/mpeg\" src=\"https:\/\/www.radiopiu.net\/wordpress\/wp-content\/uploads\/2022\/09\/SALUTE-1.mp3?_=5\" \/><a href=\"https:\/\/www.radiopiu.net\/wordpress\/wp-content\/uploads\/2022\/09\/SALUTE-1.mp3\">https:\/\/www.radiopiu.net\/wordpress\/wp-content\/uploads\/2022\/09\/SALUTE-1.mp3<\/a><\/audio>\n<p>&nbsp;<\/p>\n<p><strong>LA RACCOLTA COMPLETA<\/strong><\/p>\n<blockquote class=\"wp-embedded-content\" data-secret=\"HPlcfUTA61\"><p><a href=\"https:\/\/www.radiopiu.net\/wordpress\/saluteesocieta\/\">Salute e Societ\u00e0<\/a><\/p><\/blockquote>\n<p><iframe loading=\"lazy\" class=\"wp-embedded-content\" sandbox=\"allow-scripts\" security=\"restricted\" style=\"position: absolute; clip: rect(1px, 1px, 1px, 1px);\" title=\"&#8220;Salute e Societ\u00e0&#8221; &#8212; Radio Pi\u00f9\" src=\"https:\/\/www.radiopiu.net\/wordpress\/saluteesocieta\/embed\/#?secret=lppuyrBx5b#?secret=HPlcfUTA61\" data-secret=\"HPlcfUTA61\" width=\"600\" height=\"338\" frameborder=\"0\" marginwidth=\"0\" marginheight=\"0\" scrolling=\"no\"><\/iframe><\/p>\n<p>&nbsp;<\/p>\n<hr \/>\n<p>&nbsp;<\/p>\n<h2><span style=\"color: #800080;\">ALMANACCO LADINO<\/span><\/h2>\n<p><strong>PUNTATA DEL 26 SETTEMBRE 2022<\/strong><\/p>\n<audio class=\"wp-audio-shortcode\" id=\"audio-298686-6\" preload=\"none\" style=\"width: 100%;\" controls=\"controls\"><source type=\"audio\/mpeg\" src=\"https:\/\/www.radiopiu.net\/wordpress\/wp-content\/uploads\/2022\/09\/LADINO-26-SETTEMBRE-2022.mp3?_=6\" \/><a href=\"https:\/\/www.radiopiu.net\/wordpress\/wp-content\/uploads\/2022\/09\/LADINO-26-SETTEMBRE-2022.mp3\">https:\/\/www.radiopiu.net\/wordpress\/wp-content\/uploads\/2022\/09\/LADINO-26-SETTEMBRE-2022.mp3<\/a><\/audio>\n<p>&nbsp;<\/p>\n<p><strong>LA RACCOLTA COMPLETA<\/strong><\/p>\n<blockquote class=\"wp-embedded-content\" data-secret=\"UEHdpPWKtn\"><p><a href=\"https:\/\/www.radiopiu.net\/wordpress\/almanacco-ladino\/\">Almanacco Ladino<\/a><\/p><\/blockquote>\n<p><iframe loading=\"lazy\" class=\"wp-embedded-content\" sandbox=\"allow-scripts\" security=\"restricted\" style=\"position: absolute; clip: rect(1px, 1px, 1px, 1px);\" title=\"&#8220;Almanacco Ladino&#8221; &#8212; Radio Pi\u00f9\" src=\"https:\/\/www.radiopiu.net\/wordpress\/almanacco-ladino\/embed\/#?secret=yXTi45C07g#?secret=UEHdpPWKtn\" data-secret=\"UEHdpPWKtn\" width=\"600\" height=\"338\" frameborder=\"0\" marginwidth=\"0\" marginheight=\"0\" scrolling=\"no\"><\/iframe><\/p>\n<p>&nbsp;<\/p>\n<hr \/>\n<p>&nbsp;<\/p>\n<div>\n<div class=\"b654a4as d2edcug0\">\n<div class=\"rq0escxv hkbzh7o3 jwdofwj8 n8tt0mok r8blr3vg hyh9befq\">\n<p><a class=\"dt-pswp-item\" href=\"https:\/\/www.radiopiu.net\/wordpress\/wp-content\/uploads\/2020\/10\/pp.jpg\" data-dt-img-description=\"\" data-large_image_width=\"640\" data-large_image_height=\"640\"><img loading=\"lazy\" decoding=\"async\" class=\"wp-image-163678 alignleft\" src=\"https:\/\/www.radiopiu.net\/wordpress\/wp-content\/uploads\/2020\/10\/pp-300x300.jpg\" alt=\"\" width=\"106\" height=\"106\" srcset=\"https:\/\/www.radiopiu.net\/wordpress\/wp-content\/uploads\/2020\/10\/pp-300x300.jpg 300w, https:\/\/www.radiopiu.net\/wordpress\/wp-content\/uploads\/2020\/10\/pp-150x150.jpg 150w, https:\/\/www.radiopiu.net\/wordpress\/wp-content\/uploads\/2020\/10\/pp-125x125.jpg 125w, https:\/\/www.radiopiu.net\/wordpress\/wp-content\/uploads\/2020\/10\/pp-200x200.jpg 200w, https:\/\/www.radiopiu.net\/wordpress\/wp-content\/uploads\/2020\/10\/pp-80x80.jpg 80w, https:\/\/www.radiopiu.net\/wordpress\/wp-content\/uploads\/2020\/10\/pp-480x480.jpg 480w, https:\/\/www.radiopiu.net\/wordpress\/wp-content\/uploads\/2020\/10\/pp.jpg 640w\" sizes=\"auto, (max-width: 106px) 100vw, 106px\" \/><\/a><\/p>\n<\/div>\n<\/div>\n<\/div>\n<div>\n<div class=\"page-title-head hgroup\">\n<div class=\"page-title-head hgroup\">\n<div class=\"b654a4as d2edcug0\">\n<div class=\"j83agx80 btwxx1t3 lhclo0ds hop8lmos nkwizq5d scwd0bx6 roh60bw9\">\n<div class=\"rq0escxv hkbzh7o3 jwdofwj8 n8tt0mok r8blr3vg hyh9befq\">\n<div class=\"do00u71z l9j0dhe7 k4urcfbm\">\n<h2><span style=\"color: #000080;\">DON CESARE, IL PENSIERO DEL GIORNO. ALLA RADIO ALLE 7 DEL MATTINO E ALLE 19.30 DELLA SERA.\u00a0<\/span><\/h2>\n<audio class=\"wp-audio-shortcode\" id=\"audio-298686-7\" preload=\"none\" style=\"width: 100%;\" controls=\"controls\"><source type=\"audio\/mpeg\" src=\"https:\/\/www.radiopiu.net\/wordpress\/wp-content\/uploads\/2022\/09\/CESARE-17.mp3?_=7\" \/><a href=\"https:\/\/www.radiopiu.net\/wordpress\/wp-content\/uploads\/2022\/09\/CESARE-17.mp3\">https:\/\/www.radiopiu.net\/wordpress\/wp-content\/uploads\/2022\/09\/CESARE-17.mp3<\/a><\/audio>\n<p>&nbsp;<\/p>\n<p>&nbsp;<\/p>\n<p>&nbsp;<\/p>\n<hr \/>\n<p>&nbsp;<\/p>\n<div>\n<div class=\"ecm0bbzt e5nlhep0 a8c37x1j\">\n<div class=\"kvgmc6g5 cxmmr5t8 oygrvhab hcukyx3x c1et5uql\">\n<div class=\"gmail-kvgmc6g5 gmail-cxmmr5t8 gmail-oygrvhab gmail-hcukyx3x gmail-c1et5uql gmail-ii04i59q\">\n<div class=\"page-title-head hgroup\">\n<div class=\"page-title-head hgroup\">\n<div class=\"b654a4as d2edcug0\">\n<div class=\"j83agx80 btwxx1t3 lhclo0ds hop8lmos nkwizq5d scwd0bx6 roh60bw9\">\n<div class=\"rq0escxv hkbzh7o3 jwdofwj8 n8tt0mok r8blr3vg hyh9befq\">\n<div class=\"do00u71z l9j0dhe7 k4urcfbm\">\n<p><span style=\"color: #0000ff;\">MUSICA PIU&#8217;\u00a0<\/span><\/p>\n<p><a href=\"https:\/\/www.radiopiu.net\/wordpress\/giornale-radiopiu-20-settembre-2021-direttore-mirko-mezzacasa\/pp-79\/\" rel=\"attachment wp-att-232921\"><img loading=\"lazy\" decoding=\"async\" class=\"wp-image-232921 alignleft\" src=\"https:\/\/www.radiopiu.net\/wordpress\/wp-content\/uploads\/2021\/09\/pp-1-300x300.jpg\" alt=\"\" width=\"135\" height=\"135\" srcset=\"https:\/\/www.radiopiu.net\/wordpress\/wp-content\/uploads\/2021\/09\/pp-1-300x300.jpg 300w, https:\/\/www.radiopiu.net\/wordpress\/wp-content\/uploads\/2021\/09\/pp-1-150x150.jpg 150w, https:\/\/www.radiopiu.net\/wordpress\/wp-content\/uploads\/2021\/09\/pp-1.jpg 640w\" sizes=\"auto, (max-width: 135px) 100vw, 135px\" \/><\/a><\/p>\n<div class=\"mkdf-post-text\">\n<div class=\"mkdf-post-text-inner\">\n<div class=\"mkdf-post-text-main\">\n<div class=\"mkdf-post-text\">\n<div class=\"mkdf-post-text-inner\">\n<div class=\"mkdf-post-text-main\">\n<div class=\"mkdf-post-text\">\n<div class=\"mkdf-post-text-inner\">\n<div class=\"mkdf-post-text-main\">\n<div class=\"page-title-head hgroup\">\n<div class=\"page-title-head hgroup\">\n<div class=\"mkdf-post-text\">\n<div class=\"mkdf-post-text-inner\">\n<div class=\"mkdf-post-text-main\">\n<div class=\"mkdf-post-text\">\n<div class=\"mkdf-post-text-inner\">\n<div class=\"mkdf-post-text-main\">\n<div class=\"page-title-head hgroup\">\n<div class=\"page-title-head hgroup\">\n<div class=\"page-title-head hgroup\">\n<div class=\"page-title-head hgroup\">\n<div class=\"b654a4as d2edcug0\">\n<div class=\"page-title-head hgroup\">\n<div class=\"page-title-head hgroup\">\n<div class=\"page-title-head hgroup\">\n<div class=\"page-title-head hgroup\">\n<div class=\"b654a4as d2edcug0\">\n<div class=\"page-title-head hgroup\">\n<div class=\"page-title-head hgroup\">\n<div class=\"page-title-head hgroup\">\n<div class=\"page-title-head hgroup\">\n<div class=\"b654a4as d2edcug0\">\n<div class=\"mkdf-post-text\">\n<div class=\"mkdf-post-text-inner\">\n<div class=\"mkdf-post-text-main\">\n<div class=\"mkdf-post-text\">\n<div class=\"mkdf-post-text-inner\">\n<div class=\"mkdf-post-text-main\">\n<div class=\"mkdf-post-text\">\n<div class=\"mkdf-post-text-inner\">\n<div class=\"mkdf-post-text-main\">\n<div class=\"page-title-head hgroup\">\n<div class=\"page-title-head hgroup\">\n<div class=\"mkdf-post-text\">\n<div class=\"mkdf-post-text-inner\">\n<div class=\"mkdf-post-text-main\">\n<div class=\"mkdf-post-text\">\n<div class=\"mkdf-post-text-inner\">\n<div class=\"mkdf-post-text-main\">\n<div class=\"page-title-head hgroup\">\n<div class=\"page-title-head hgroup\">\n<div class=\"page-title-head hgroup\">\n<div class=\"page-title-head hgroup\">\n<div class=\"b654a4as d2edcug0\">\n<div class=\"page-title-head hgroup\">\n<div class=\"page-title-head hgroup\">\n<div class=\"page-title-head hgroup\">\n<div class=\"page-title-head hgroup\">\n<div class=\"b654a4as d2edcug0\">\n<div class=\"page-title-head hgroup\">\n<div class=\"page-title-head hgroup\">\n<div class=\"page-title-head hgroup\">\n<div class=\"page-title-head hgroup\">\n<div class=\"b654a4as d2edcug0\">\n<div><\/div>\n<div><\/div>\n<div>\n<p><strong>MUSICA ALLA RADIO, IL PROGRAMMA DI LORIS SCUSSEL &#8220;COLLAGE OPERAZIONE NOSTALGIA&#8221; DAL LUNEDI AL VENERDI ALLE 16.00\u00a0 E ALLE 23\u00a0<\/strong><\/p>\n<p>&nbsp;<\/p>\n<p>&nbsp;<\/p>\n<p>&nbsp;<\/p>\n<p><strong><a class=\"dt-pswp-item\" href=\"https:\/\/www.radiopiu.net\/wordpress\/wp-content\/uploads\/2022\/09\/Love-me-tender.jpg\" data-dt-img-description=\"\" data-large_image_width=\"300\" data-large_image_height=\"300\"><img loading=\"lazy\" decoding=\"async\" class=\"wp-image-298638 alignleft\" src=\"https:\/\/www.radiopiu.net\/wordpress\/wp-content\/uploads\/2022\/09\/Love-me-tender.jpg\" alt=\"\" width=\"127\" height=\"127\" srcset=\"https:\/\/www.radiopiu.net\/wordpress\/wp-content\/uploads\/2022\/09\/Love-me-tender.jpg 300w, https:\/\/www.radiopiu.net\/wordpress\/wp-content\/uploads\/2022\/09\/Love-me-tender-150x150.jpg 150w\" sizes=\"auto, (max-width: 127px) 100vw, 127px\" \/><\/a>di Loris Scussel<\/strong><\/p>\n<p>Ultima settimana di repliche per Collage prima della nuova programmazione della nuova serie, la quarta. Partiremo con una puntata dedicata a Milano, ci saranno poi le canzoni della TV in bianco e nero, ascolteremo una trasmissione in ricordo del mio amico Franco con cui ho condiviso la prima esperienza in una radio libera, canzoni originali diventate cover famose in Italia, canzoni per sorridere un po\u2019 e cos\u00ec via nella consueta imprevedibilit\u00e0 tra le scelte musicali del programma. Collage va in onda dal luned\u00ec al venerd\u00ec alle 16,00 e alle 23,00 naturalmente su Radio Pi\u00f9<\/p>\n<p>&nbsp;<\/p>\n<p>&nbsp;<\/p>\n<hr \/>\n<p>&nbsp;<\/p>\n<p><a class=\"dt-pswp-item\" href=\"https:\/\/www.radiopiu.net\/wordpress\/wp-content\/uploads\/2018\/09\/WhatsApp-Image-2018-09-20-at-16.04.06.jpeg\" data-dt-img-description=\"\" data-large_image_width=\"800\" data-large_image_height=\"100\"><img loading=\"lazy\" decoding=\"async\" class=\"aligncenter wp-image-61378 size-full\" src=\"https:\/\/www.radiopiu.net\/wordpress\/wp-content\/uploads\/2018\/09\/WhatsApp-Image-2018-09-20-at-16.04.06.jpeg\" alt=\"\" width=\"800\" height=\"100\" srcset=\"https:\/\/www.radiopiu.net\/wordpress\/wp-content\/uploads\/2018\/09\/WhatsApp-Image-2018-09-20-at-16.04.06.jpeg 800w, https:\/\/www.radiopiu.net\/wordpress\/wp-content\/uploads\/2018\/09\/WhatsApp-Image-2018-09-20-at-16.04.06-300x38.jpeg 300w, https:\/\/www.radiopiu.net\/wordpress\/wp-content\/uploads\/2018\/09\/WhatsApp-Image-2018-09-20-at-16.04.06-768x96.jpeg 768w\" sizes=\"auto, (max-width: 800px) 100vw, 800px\" \/><\/a><\/p>\n<p>&nbsp;<\/p>\n<p><center><b>Martedi 27<\/b><\/center><b>Tempo atteso: <\/b>Ancora tempo variabile a tratti lievemente perturbato; al mattino e fino al primo pomeriggio cielo nuvoloso o molto nuvoloso con possibili fenomeni; dalle ore centrali le prime schiarite con rasserenamenti serali.<br \/>\n<b>Precipitazioni: <\/b>Dalle prime ore e fino al primo pomeriggio, probabilit\u00e0 medio-bassa (25-50%) di precipitazioni da sparse a diffuse e intermittenti, di debole o moderata intensit\u00e0 anche a carattere di rovescio, con quota neve intorno ai 2000-2300 m sulle Dolomiti e 2100-2300 sulle Prealpi. I nuovi apporti potranno essere ancora modesti e oscillare in media tra i 3 e i 10 mm.<br \/>\n<b>Temperature: <\/b>Minime in lieve calo in alta montagna, stazionarie o in lieve aumento nelle valli; massime in lieve o contenuta diminuzione a tutte le quote e ancora inferiori alla norma, con le minime misurate a fine giornata; modesta escursione termica giornaliera. Su Prealpi a 1500 m min 5\u00b0, max 8\u00b0C; a 2000 m min 2\u00b0, max 5\u00b0C. Su Dolomiti a 2000 m min 1\u00b0, max 5\u00b0C; a 3000 m min -4\u00b0, max -3\u00b0C.<br \/>\n<b>Venti: <\/b>Nelle valli deboli variabili, in quota moderati, al mattino ancora sud-occidentali, dalle ore centrali in rotazione dai quadranti settentrionali, a 15-20 km\/h a 2000 m e a 20-30 km\/h a 3000 m.<\/p>\n<hr \/>\n<p><center><b>Mercoledi 28<\/b><\/center><b>Tempo atteso: <\/b>Tempo variabile; solo al mattino soleggiato o soleggiato in parte per nubi basse e qualche foschia o banco di nebbia nelle ore pi\u00f9 fredde. Nel corso della mattinata e nel pomeriggio cielo in prevalenza nuvoloso a tratti anche molto nuvoloso con fenomeni scarsi o assenti.<br \/>\n<b>Precipitazioni: <\/b>Generalmente assenti (0-10%), salvo qualche sporadico e breve piovasco nel pomeriggio, specie lungo i pendii dei rilievi, eventualmente nevoso oltre i 2000 m.<br \/>\n<b>Temperature: <\/b>Minime in lieve ulteriore diminuzione, specie nelle valli, massime in leggero o contenuto aumento nelle valli e in lieve calo in alta montagna. Su Prealpi a 1500 m min 5\u00b0, max 8\u00b0C; a 2000 m min 2\u00b0, max 5\u00b0C. Su Dolomiti a 2000 m min 1\u00b0, max 5\u00b0C; a 3000 m min -5\u00b0, max -2\u00b0C.<br \/>\n<b>Venti: <\/b>Nelle valli deboli o moderati a regime di brezza, in alta montagna moderati o tesi in prevalenza da sud-ovest, a 15-25 km\/h a 2000 m e a 25-35 km\/h a 3000 m.<\/p>\n<hr \/>\n<p><center><b>Giovedi 29<\/b><\/center>Cielo nuvoloso o molto nuvoloso, con possibili nubi basse in molte valli nelle ore pi\u00f9 fredde in lento dissolvimento. Possibili precipitazioni su gran parte delle zone montane, specie nella seconda parte della giornata con quota delle nevicate intorno ai 2100-2400 m. Temperature in lieve o contenuto aumento in alta montagna e le minime nelle valli, in lieve calo le massime nelle valli. Venti in quota ancora moderati sud-occidentali.<\/p>\n<hr \/>\n<p><center><b>Venerdi 30<\/b><\/center>Ancora tempo piuttosto nuvoloso o molto nuvoloso con nubi basse nelle ore pi\u00f9 fredde in molte valli. Probabili precipitazioni deboli o moderate e intermittenti su gran parte del territorio montano, con quota neve intorno ai 2100-2400 m. Temperature minime senza variazioni di rilievo, massime in lieve diminuzione con valori che si manterranno inferiori alle medie stagionali. Clima ancora piuttosto umido. Venti in quota deboli o moderati da sud-ovest. Previsore: M.Padoan<\/p>\n<p>&nbsp;<\/p>\n<p>&nbsp;<\/p>\n<hr \/>\n<p>&nbsp;<\/p>\n<p><a href=\"https:\/\/www.radiopiu.net\/wordpress\/giornale-radiopiu-26-settembre-2018-direttore-mirko-mezzacasa\/viabilita-2\/\" rel=\"attachment wp-att-61954\"><img loading=\"lazy\" decoding=\"async\" class=\"aligncenter wp-image-61954 size-full\" src=\"https:\/\/www.radiopiu.net\/wordpress\/wp-content\/uploads\/2018\/09\/viabilita.jpeg\" sizes=\"auto, (max-width: 800px) 100vw, 800px\" srcset=\"https:\/\/www.radiopiu.net\/wordpress\/wp-content\/uploads\/2018\/09\/viabilita.jpeg 800w, https:\/\/www.radiopiu.net\/wordpress\/wp-content\/uploads\/2018\/09\/viabilita-300x38.jpeg 300w, https:\/\/www.radiopiu.net\/wordpress\/wp-content\/uploads\/2018\/09\/viabilita-768x96.jpeg 768w\" alt=\"\" width=\"800\" height=\"100\" \/><\/a><\/p>\n<p>&nbsp;<\/p>\n<p>&nbsp;<\/p>\n<p><em><strong>DIVIETO DI TRANSITO VEICOLARE A FADES DI LA VALLE AGORDINA TRA L&#8217;INCROCIO CON LA SR 347 E IL CIVICO 2. FINO AL 18 NOVEMBRE, SABATO, DOMENICA E FESTIVI COMPRESI. IL DIVIETO AVRA&#8217; EFFICACIA NEI GIORNI DI EFFETTIVA ESECUZIONE DEL CANTIERE.<\/strong><\/em><\/p>\n<p>&nbsp;<\/p>\n<blockquote class=\"wp-embedded-content\" data-secret=\"KHTqyVjrSr\"><p><a href=\"https:\/\/www.radiopiu.net\/wordpress\/viabilita\/\">viabilita<\/a><\/p><\/blockquote>\n<p><iframe loading=\"lazy\" class=\"wp-embedded-content\" sandbox=\"allow-scripts\" security=\"restricted\" style=\"position: absolute; clip: rect(1px, 1px, 1px, 1px);\" title=\"&#8220;viabilita&#8221; &#8212; Radio Pi\u00f9\" src=\"https:\/\/www.radiopiu.net\/wordpress\/viabilita\/embed\/#?secret=1F3RL6GeEe#?secret=KHTqyVjrSr\" data-secret=\"KHTqyVjrSr\" width=\"600\" height=\"338\" frameborder=\"0\" marginwidth=\"0\" marginheight=\"0\" scrolling=\"no\"><\/iframe><\/p>\n<p>&nbsp;<\/p>\n<hr \/>\n<p>&nbsp;<\/p>\n<p>&nbsp;<\/p>\n<p><img loading=\"lazy\" decoding=\"async\" class=\"wp-image-60761 size-full aligncenter\" src=\"https:\/\/www.radiopiu.net\/wordpress\/wp-content\/uploads\/2018\/09\/sport.jpg\" alt=\"\" width=\"800\" height=\"100\" srcset=\"https:\/\/www.radiopiu.net\/wordpress\/wp-content\/uploads\/2018\/09\/sport.jpg 800w, https:\/\/www.radiopiu.net\/wordpress\/wp-content\/uploads\/2018\/09\/sport-300x38.jpg 300w, https:\/\/www.radiopiu.net\/wordpress\/wp-content\/uploads\/2018\/09\/sport-768x96.jpg 768w\" sizes=\"auto, (max-width: 800px) 100vw, 800px\" \/><\/p>\n<p>&nbsp;<\/p>\n<p><span style=\"color: #0000ff;\"><strong>CALCIO<\/strong><\/span><\/p>\n<blockquote>\n<h3>UNA SCONFITTA PER IL LE VILLE NELLA PARTITA INAUGURALE DEL CAMPIONATO CSI<\/h3>\n<\/blockquote>\n<p><strong><a class=\"dt-pswp-item\" href=\"https:\/\/www.radiopiu.net\/wordpress\/wp-content\/uploads\/2020\/09\/US-LE-VILLE.jpg\" data-dt-img-description=\"\" data-large_image_width=\"585\" data-large_image_height=\"576\"><img loading=\"lazy\" decoding=\"async\" class=\"wp-image-163077 alignleft\" src=\"https:\/\/www.radiopiu.net\/wordpress\/wp-content\/uploads\/2020\/09\/US-LE-VILLE-300x295.jpg\" alt=\"\" width=\"141\" height=\"139\" srcset=\"https:\/\/www.radiopiu.net\/wordpress\/wp-content\/uploads\/2020\/09\/US-LE-VILLE-300x295.jpg 300w, https:\/\/www.radiopiu.net\/wordpress\/wp-content\/uploads\/2020\/09\/US-LE-VILLE-80x80.jpg 80w, https:\/\/www.radiopiu.net\/wordpress\/wp-content\/uploads\/2020\/09\/US-LE-VILLE-488x480.jpg 488w, https:\/\/www.radiopiu.net\/wordpress\/wp-content\/uploads\/2020\/09\/US-LE-VILLE.jpg 585w\" sizes=\"auto, (max-width: 141px) 100vw, 141px\" \/><\/a>AGORDO<\/strong> \u00c8 iniziata ufficialmente sabato scorso la stagione del Le Ville nel campionato CSI Open A1. Non \u00e8 stato un inizio da incorniciare per i ragazzi allenati da Romano Costantini che nella prima uscita hanno perso 2 a 0 contro il Nemeggio. Un risultato bugiardo perch\u00e9 la formazione di Agordo si \u00e8 ben distinta in campo creando anche delle buone occasioni. Gli avversari hanno tirato in porta 3 volte ed hanno portato a casa la vittoria. Per il Le Ville un buon organico, quasi 30 giocatori in rosa tanto che Costantini ha solo l&#8217;indecisione della scelta su chi convocare alle partite.<\/p>\n<p><strong>ROMANO COSTANTINI, ALLENATORE DEL LE VILLE<\/strong><\/p>\n<audio class=\"wp-audio-shortcode\" id=\"audio-298686-8\" preload=\"none\" style=\"width: 100%;\" controls=\"controls\"><source type=\"audio\/mpeg\" src=\"https:\/\/www.radiopiu.net\/wordpress\/wp-content\/uploads\/2022\/09\/ROMANO-COSTANTINI-LE-VILLE.mp3?_=8\" \/><a href=\"https:\/\/www.radiopiu.net\/wordpress\/wp-content\/uploads\/2022\/09\/ROMANO-COSTANTINI-LE-VILLE.mp3\">https:\/\/www.radiopiu.net\/wordpress\/wp-content\/uploads\/2022\/09\/ROMANO-COSTANTINI-LE-VILLE.mp3<\/a><\/audio>\n<p>&nbsp;<\/p>\n<p>&nbsp;<\/p>\n<\/div>\n<\/div>\n<\/div>\n<\/div>\n<\/div>\n<\/div>\n<\/div>\n<\/div>\n<\/div>\n<\/div>\n<\/div>\n<\/div>\n<\/div>\n<\/div>\n<\/div>\n<\/div>\n<\/div>\n<\/div>\n<\/div>\n<\/div>\n<\/div>\n<\/div>\n<\/div>\n<\/div>\n<\/div>\n<\/div>\n<\/div>\n<\/div>\n<\/div>\n<\/div>\n<\/div>\n<\/div>\n<\/div>\n<\/div>\n<\/div>\n<\/div>\n<\/div>\n<\/div>\n<\/div>\n<\/div>\n<\/div>\n<\/div>\n<\/div>\n<\/div>\n<\/div>\n<\/div>\n<\/div>\n<\/div>\n<\/div>\n<\/div>\n<\/div>\n<\/div>\n<\/div>\n<\/div>\n<\/div>\n<\/div>\n<\/div>\n<\/div>\n<\/div>\n<\/div>\n<\/div>\n<\/div>\n<\/div>\n<\/div>\n<\/div>\n<\/div>\n<\/div>\n<\/div>\n<\/div>\n<\/div>\n<\/div>\n<\/div>\n<\/div>\n<\/div>\n<\/div>\n<\/div>\n<\/div>\n<\/div>\n<\/div>\n<\/div>\n<\/div>\n<\/div>\n","protected":false},"excerpt":{"rendered":"<p>RADIO PIU INFORMAZIONE il canale su TELEGRAM informazione di prima\u00a0\u00a0mano e in tempo reale. iscriviti ed aiutaci a farlo conoscere SULLA PAGINA FACEBOOK DI CLAUDIO BEZ LA SPLENDIDA RACCOLTA D&#8217;ARTE LEGATA ALL&#8217;EVENTO FALCADINO DELLO SCORSO FINE SETTIMANA I disegni della Desmontegada CLICCA QUI &nbsp; &nbsp; &nbsp; &nbsp; &nbsp; &nbsp; RIVAMONTE AGORDINO: Chiusura temporanea Ecocentro per&hellip;<\/p>\n","protected":false},"author":4,"featured_media":298890,"comment_status":"closed","ping_status":"closed","sticky":false,"template":"","format":"standard","meta":{"_monsterinsights_skip_tracking":false,"_monsterinsights_sitenote_active":false,"_monsterinsights_sitenote_note":"","_monsterinsights_sitenote_category":0,"footnotes":""},"categories":[51,86,49],"tags":[],"class_list":["post-298686","post","type-post","status-publish","format-standard","has-post-thumbnail","hentry","category-evidenza-top","category-gr","category-news-18","category-51","category-86","category-49","description-off"],"img_url":"https:\/\/www.radiopiu.net\/wordpress\/wp-content\/uploads\/2022\/09\/SSSSSS.jpg","_links":{"self":[{"href":"https:\/\/www.radiopiu.net\/wordpress\/wp-json\/wp\/v2\/posts\/298686","targetHints":{"allow":["GET"]}}],"collection":[{"href":"https:\/\/www.radiopiu.net\/wordpress\/wp-json\/wp\/v2\/posts"}],"about":[{"href":"https:\/\/www.radiopiu.net\/wordpress\/wp-json\/wp\/v2\/types\/post"}],"author":[{"embeddable":true,"href":"https:\/\/www.radiopiu.net\/wordpress\/wp-json\/wp\/v2\/users\/4"}],"replies":[{"embeddable":true,"href":"https:\/\/www.radiopiu.net\/wordpress\/wp-json\/wp\/v2\/comments?post=298686"}],"version-history":[{"count":0,"href":"https:\/\/www.radiopiu.net\/wordpress\/wp-json\/wp\/v2\/posts\/298686\/revisions"}],"wp:featuredmedia":[{"embeddable":true,"href":"https:\/\/www.radiopiu.net\/wordpress\/wp-json\/wp\/v2\/media\/298890"}],"wp:attachment":[{"href":"https:\/\/www.radiopiu.net\/wordpress\/wp-json\/wp\/v2\/media?parent=298686"}],"wp:term":[{"taxonomy":"category","embeddable":true,"href":"https:\/\/www.radiopiu.net\/wordpress\/wp-json\/wp\/v2\/categories?post=298686"},{"taxonomy":"post_tag","embeddable":true,"href":"https:\/\/www.radiopiu.net\/wordpress\/wp-json\/wp\/v2\/tags?post=298686"}],"curies":[{"name":"wp","href":"https:\/\/api.w.org\/{rel}","templated":true}]}}