{"id":298688,"date":"2022-09-26T02:11:27","date_gmt":"2022-09-26T00:11:27","guid":{"rendered":"https:\/\/www.radiopiu.net\/wordpress\/?p=298688"},"modified":"2022-09-26T06:09:57","modified_gmt":"2022-09-26T04:09:57","slug":"nel-settembre-1945-le-prime-iniziative-pastorali-di-don-edoardo-furlano-nel-vecchio-borgo-pra","status":"publish","type":"post","link":"https:\/\/www.radiopiu.net\/wordpress\/nel-settembre-1945-le-prime-iniziative-pastorali-di-don-edoardo-furlano-nel-vecchio-borgo-pra\/","title":{"rendered":"NEL SETTEMBRE 1945 LE PRIME INIZIATIVE PASTORALI DI DON EDOARDO FURLANO NEL VECCHIO BORGO PRA"},"content":{"rendered":"<p>Secondo vecchi documenti l\u2019edificio sacro edificato nel 1797 ad iniziativa di don Giuseppe Burloni, cost\u00f2 mille lire Finalmente hanno preso il via a Borgo Pra i lavori per il restauro della chiesa di San Giuseppe che fa parte della Parrocchia di San Giovanni Bosco e dunque della Diocesi di Belluno-Feltre. Progettista e direttore dei lavori \u00e8 l\u2019architetto Alberto Alpago Novello con la bellunese \u201cCoprogetti ingegneriarchitettura\u201d, responsabile della sicurezza il perito industriale Paolo Da Rold; l\u2019impresa di costruzione \u00e8 la \u201cRestaurarte\u201d di Diego De Martin di Bolzano Bellunese. L\u2019importo dei lavori \u00e8 quantificato in 214 mila euro e l\u2019intervento edilizio \u00e8 realizzato con il contributo dell\u20198 per mille alla Chiesa cattolica. Quanto sopra ci consente una rivisitazione della storia oltre che della parrocchia salesiana (attualmente guidata da don Claudio Zamperin, succeduto due anni fa a don Guido Novella il quale si attiv\u00f2 per propiziare l\u2019attuale intervento), della stessa chiesa che, secondo un servizio di Antonio Fontana per il libro di Francesco \u201cCheco\u201d De Luca \u201cUna ruota che gira da un quarto di secolo\u201d sulle attivit\u00e0 storico culturali della sala \u201cDe Luca\u201d dal 26 maggio 1980 al 26 maggio 2005, \u00e8 anche merito di \u201cun pio sacerdote (prima di essere sacerdote esercit\u00f2 il mestiere di calzolaio), don Giuseppe Burloni che alla fine del 1796 o, come ci \u00e8 confermato da documenti, agli inizi del 1797, cominci\u00f2 ad erigere una chiesetta presso il bivio che da un lato mena a Baldenich, dall\u2019altro al Quartier Cadore e a Nogar\u00e8. La intitol\u00f2 alla \u2018Beata Vergine del Buon Consiglio\u2019, fu terminata il 10 agosto 1805 e venne a costare lire 1000. Prima dell\u2019epoca, al suo posto esisteva un \u2018altari\u00f2l\u2019 pure dedicato alla Madonna\u201d. Ancora Fontana: \u201cBurloni fu ordinato sacerdote dal vescovo Giovanni B. Sandi che resse la diocesi di Belluno dal 1757 al 1785; dopo essere stato parroco a Frassen\u00e9 Agordino per 5 anni, torn\u00f2 a Belluno e \u201cvide l\u2019opportunit\u00e0 di una chiesetta nel Borgo di San Lucano chiamato del Pra, dove pure esso dimorava. Mor\u00ec di tifo assieme al suo discepolo don Bonaventura Panciera, sacerdote d\u2019anni 27, nell\u2019esercizio dei suoi doveri sacerdotali mentre soccorreva gli infermi, il 23 luglio 1817\u201d. Detto che del pio sacerdote esiste un quadro di autore ignoto conservato nella sacrestia, l\u2019estensore della nota richiama un documento del 25 febbraio 1797 in cui si legge fra l\u2019altro: \u201cIn questi giorni si piant\u00f2 sentinella al fondo della riva di Baldeniga la fabbrica della chiesa di Burloni\u2026 Il vescovo and\u00f2 a benedire e celebrare la prima Messa nella chiesa della B.V. del Buon Consiglio al principio della Riva per andare a Baldeniga\u201d e scrive che era vescovo in quel tempo mons. Sebastiano Alcaini che resse la Diocesi di Belluno dal 1785 al 1803, e conclude: \u201cDon Giuseppe la volle, come detto, in onore della B.V. del Buon Consiglio di cui propag\u00f2, con altre opere la devozione, e l\u2019arricch\u00ec con arredi e quadri di altre chiese soppresse con l\u2019arrivo dei francesi (tra l\u2019altro due angeli lignei della scuola del Brustolon vengono dall\u2019altare maggiore della chiesa dei Gesuiti, attuale distretto militare\u201d. Un salto nel tempo e dal sito <span role=\"gridcell\"><a class=\"qi72231t nu7423ey n3hqoq4p r86q59rh b3qcqh3k fq87ekyn bdao358l fsf7x5fv rse6dlih s5oniofx m8h3af8h l7ghb35v kjdc1dyq kmwttqpk srn514ro oxkhqvkx rl78xhln nch0832m cr00lzj9 s3jn8y49 icdlwmnq cxfqmxzd o570zoyu jxuftiz4\" tabindex=\"-1\" role=\"link\" href=\"https:\/\/l.facebook.com\/l.php?u=http%3A%2F%2Fwww.donboscobelluno.it%2Fstoria%3Ffbclid%3DIwAR2GUN59XJWK7i52ZCSdQ2-KedO1w1-VjEkqE3iX-l4vwV7OFDAwAvE8WXg&amp;h=AT1RqtMcZB4MausT0p2PlHVWn-Kh-47Wh1ebWDhsAudvYZi-WKYQF0OwE3_WS3-9VoW_KxJ_D5T7wLtCYAt1QN3bVo2gg3R2Um04ohYhsFtLtihIFhwEtroPEkpg6Ogep5o\" target=\"_blank\" rel=\"nofollow noopener\">http:\/\/www.donboscobelluno.it\/storia<\/a><\/span><\/p>\n<div>\n<div id=\"0DE9E47C-871A-4F90-8440-B190C216800A_9\" class=\"mcafee_ok\" tabindex=\"0\"><\/div>\n<\/div>\n<p>si apprende che \u201cSubito dopo l\u2019ultima guerra, il vescovo mons. G. Bortignon chiese ai salesiani, gi\u00e0 presenti in citt\u00e0 con l\u2019istituto Sperti, di svolgere un\u2019attivit\u00e0 pastorale nel vecchio Borgo Pra\u201d e &#8211; si legge ancora &#8211; l\u2019Ispettore don Tittarelli assegn\u00f2 l\u2019incarico a don Edoardo Furlano che nel settembre 1945 avvi\u00f2 le prime iniziative per la formazione dei giovani e per la pastorale degli adulti\u201d. Una curiosit\u00e0 legata al nome del neo beato Papa Giovanni Paolo I, Albino Luciani, il \u201cpapa bellunese del sorriso\u201d: nella chiesa del Borgo, dedicata a San Giuseppe, un sacerdote diocesano si occupava della celebrazione dell\u2019eucarestia domenicale e l\u2019ultimo fu proprio Luciani il quale prediligeva e conosceva bene il Borgo, non mancava all\u2019occasione di illustrare la situazione a don Edoardo\u201d. Gi\u00e0, il Borgo. Nel territorio risiedevano all\u2019epoca sulle 1200 persone e la situazione sociale, in quei difficili e tristi momenti del dopoguerra, era di particolare disagio generale. Tuttavia il Borgo \u201caveva una sua identit\u00e0 che la popolazione cercava di mantenere e consolidare\u201d. E\u2019 in questo contesto di grandi difficolt\u00e0 che don Edoardo \u201cport\u00f2 per primo il messaggio di don Bosco\u201d, coadiuvato da don Mariotto che all\u2019epoca dirigeva l\u2019istituto salesiano \u201cAgosti\u201d. Nel 1946, \u201cviste le iniziative attuate e promosse per la crescita religiosa, morale e civile della popolazione, il vescovo mons. Girolamo Bortignon istitu\u00ec la Rettoria indipendente di San Giuseppe di Borgo Pra, mantenendola per\u00f2 nella giurisdizione della parrocchia di Santo Stefano, e fu confermato nell\u2019incarico don Furlano\u201d a detta del quale in quel periodo emersero le profonde qualit\u00e0 umane del Borgo, per tanto tempo lasciato abbandonato. I sei anni di preparazione della Parrocchia furono i pi\u00f9 duri e difficili ma nel contempo \u201cfervidi di animazione, dei valori religiosi ed umani\u201d. Il notevole aumento della popolazione nella zona di Baldenich rese evidente che la Rettoria non era pi\u00f9 in grado di fronteggiare la nuova situazione e lo stesso vescovo Gioacchino Muccin avvertiva la necessit\u00e0 di staccare definitivamente tutto Borgo Pra ed il nuovo Quartier Cadore da Santo Stefano. Proposta che trov\u00f2 il convinto sostegno di Albino Luciani, nel frattempo divenuto vicario generale della diocesi. Fu cos\u00ec che, superate varie resistenze, il 24 ottobre 1951 venne canonicamente istituita la Parrocchia di Borgo Pra denominata San Giovanni Bosco, che ebbe come primo parroco proprio don Edoardo Furlano che aveva vissuto e animato tutta l\u2019attivit\u00e0 religiosa ed assistenziale del Borgo fin dall\u2019inizio. Lo stesso anno il territorio di Nogar\u00e8 e la sua storica chiesa vennero giuridicamente scorporati dalla parrocchia di Cusighe per diventare parte della neonata parrocchia dove purtroppo la chiesa non era pi\u00f9 sufficiente per le normali attivit\u00e0. E cos\u00ec il 21 maggio 1962 il vescovo Muccin benedisse e pose la prima pietra della nuova chiesa parrocchiale sull\u2019area accanto all\u2019istituto salesiano \u201cAgosti\u201d. Lo stesso presule consacr\u00f2 la Chiesa di San Giovanni Bosco il 4 luglio 1966.<\/p>\n\n\t\t\t<style type='text\/css'>\n\t\t\t\t#gallery-1 {\n\t\t\t\t\tmargin: auto;\n\t\t\t\t}\n\t\t\t\t#gallery-1 .gallery-item {\n\t\t\t\t\tfloat: left;\n\t\t\t\t\tmargin-top: 10px;\n\t\t\t\t\ttext-align: center;\n\t\t\t\t\twidth: 16%;\n\t\t\t\t}\n\t\t\t\t#gallery-1 img {\n\t\t\t\t\tborder: 2px solid #cfcfcf;\n\t\t\t\t}\n\t\t\t\t#gallery-1 .gallery-caption {\n\t\t\t\t\tmargin-left: 0;\n\t\t\t\t}\n\t\t\t\t\/* see gallery_shortcode() in wp-includes\/media.php *\/\n\t\t\t<\/style>\n\t\t<div id='gallery-1' class='dt-gallery-container gallery galleryid-298688 gallery-columns-6 gallery-size-thumbnail'><dl class='gallery-item'>\n\t\t\t\t<dt class='gallery-icon landscape'>\n\t\t\t\t\t<a class=\"rollover rollover-zoom dt-pswp-item\" title=\"308079307_390227863137645_7481326995520966737_n\" data-dt-img-description=\"\" data-large_image_width=\"169\" data-large_image_height=\"130\"href='https:\/\/www.radiopiu.net\/wordpress\/wp-content\/uploads\/2022\/09\/308079307_390227863137645_7481326995520966737_n.jpg'><img loading=\"lazy\" decoding=\"async\" width=\"150\" height=\"130\" src=\"https:\/\/www.radiopiu.net\/wordpress\/wp-content\/uploads\/2022\/09\/308079307_390227863137645_7481326995520966737_n-150x130.jpg\" class=\"attachment-thumbnail size-thumbnail\" alt=\"\" \/><\/a>\n\t\t\t\t<\/dt><\/dl><dl class='gallery-item'>\n\t\t\t\t<dt class='gallery-icon portrait'>\n\t\t\t\t\t<a class=\"rollover rollover-zoom dt-pswp-item\" title=\"307183930_1155266981731059_3815272608684546490_n\" data-dt-img-description=\"\" data-large_image_width=\"160\" data-large_image_height=\"224\"href='https:\/\/www.radiopiu.net\/wordpress\/wp-content\/uploads\/2022\/09\/307183930_1155266981731059_3815272608684546490_n.jpg'><img loading=\"lazy\" decoding=\"async\" width=\"150\" height=\"150\" src=\"https:\/\/www.radiopiu.net\/wordpress\/wp-content\/uploads\/2022\/09\/307183930_1155266981731059_3815272608684546490_n-150x150.jpg\" class=\"attachment-thumbnail size-thumbnail\" alt=\"\" \/><\/a>\n\t\t\t\t<\/dt><\/dl><dl class='gallery-item'>\n\t\t\t\t<dt class='gallery-icon portrait'>\n\t\t\t\t\t<a class=\"rollover rollover-zoom dt-pswp-item\" title=\"306860435_503158968302928_7655630638016615547_n\" data-dt-img-description=\"\" data-large_image_width=\"152\" data-large_image_height=\"206\"href='https:\/\/www.radiopiu.net\/wordpress\/wp-content\/uploads\/2022\/09\/306860435_503158968302928_7655630638016615547_n.jpg'><img loading=\"lazy\" decoding=\"async\" width=\"150\" height=\"150\" src=\"https:\/\/www.radiopiu.net\/wordpress\/wp-content\/uploads\/2022\/09\/306860435_503158968302928_7655630638016615547_n-150x150.jpg\" class=\"attachment-thumbnail size-thumbnail\" alt=\"\" \/><\/a>\n\t\t\t\t<\/dt><\/dl><dl class='gallery-item'>\n\t\t\t\t<dt class='gallery-icon portrait'>\n\t\t\t\t\t<a class=\"rollover rollover-zoom dt-pswp-item\" title=\"307885916_420688653536098_1271407774546842626_n\" data-dt-img-description=\"\" data-large_image_width=\"140\" data-large_image_height=\"210\"href='https:\/\/www.radiopiu.net\/wordpress\/wp-content\/uploads\/2022\/09\/307885916_420688653536098_1271407774546842626_n.jpg'><img loading=\"lazy\" decoding=\"async\" width=\"140\" height=\"150\" src=\"https:\/\/www.radiopiu.net\/wordpress\/wp-content\/uploads\/2022\/09\/307885916_420688653536098_1271407774546842626_n-140x150.jpg\" class=\"attachment-thumbnail size-thumbnail\" alt=\"\" \/><\/a>\n\t\t\t\t<\/dt><\/dl><dl class='gallery-item'>\n\t\t\t\t<dt class='gallery-icon landscape'>\n\t\t\t\t\t<a class=\"rollover rollover-zoom dt-pswp-item\" title=\"308255350_777039070076930_8935898108895855971_n\" data-dt-img-description=\"\" data-large_image_width=\"300\" data-large_image_height=\"168\"href='https:\/\/www.radiopiu.net\/wordpress\/wp-content\/uploads\/2022\/09\/308255350_777039070076930_8935898108895855971_n.jpg'><img loading=\"lazy\" decoding=\"async\" width=\"150\" height=\"150\" src=\"https:\/\/www.radiopiu.net\/wordpress\/wp-content\/uploads\/2022\/09\/308255350_777039070076930_8935898108895855971_n-150x150.jpg\" class=\"attachment-thumbnail size-thumbnail\" alt=\"\" \/><\/a>\n\t\t\t\t<\/dt><\/dl><dl class='gallery-item'>\n\t\t\t\t<dt class='gallery-icon portrait'>\n\t\t\t\t\t<a class=\"rollover rollover-zoom dt-pswp-item\" title=\"307282058_1262630177886829_4202854473738538470_n\" data-dt-img-description=\"\" data-large_image_width=\"140\" data-large_image_height=\"210\"href='https:\/\/www.radiopiu.net\/wordpress\/wp-content\/uploads\/2022\/09\/307282058_1262630177886829_4202854473738538470_n.jpg'><img loading=\"lazy\" decoding=\"async\" width=\"140\" height=\"150\" src=\"https:\/\/www.radiopiu.net\/wordpress\/wp-content\/uploads\/2022\/09\/307282058_1262630177886829_4202854473738538470_n-140x150.jpg\" class=\"attachment-thumbnail size-thumbnail\" alt=\"\" \/><\/a>\n\t\t\t\t<\/dt><\/dl><br style=\"clear: both\" \/><dl class='gallery-item'>\n\t\t\t\t<dt class='gallery-icon landscape'>\n\t\t\t\t\t<a class=\"rollover rollover-zoom dt-pswp-item\" title=\"279130920_670198874213895_4897586003453096557_n\" data-dt-img-description=\"\" data-large_image_width=\"275\" data-large_image_height=\"183\"href='https:\/\/www.radiopiu.net\/wordpress\/wp-content\/uploads\/2022\/09\/279130920_670198874213895_4897586003453096557_n.jpg'><img loading=\"lazy\" decoding=\"async\" width=\"150\" height=\"150\" src=\"https:\/\/www.radiopiu.net\/wordpress\/wp-content\/uploads\/2022\/09\/279130920_670198874213895_4897586003453096557_n-150x150.jpg\" class=\"attachment-thumbnail size-thumbnail\" alt=\"\" \/><\/a>\n\t\t\t\t<\/dt><\/dl><dl class='gallery-item'>\n\t\t\t\t<dt class='gallery-icon landscape'>\n\t\t\t\t\t<a class=\"rollover rollover-zoom dt-pswp-item\" title=\"307822030_488443316524294_4579808835010620576_n\" data-dt-img-description=\"\" data-large_image_width=\"275\" data-large_image_height=\"206\"href='https:\/\/www.radiopiu.net\/wordpress\/wp-content\/uploads\/2022\/09\/307822030_488443316524294_4579808835010620576_n.jpg'><img loading=\"lazy\" decoding=\"async\" width=\"150\" height=\"150\" src=\"https:\/\/www.radiopiu.net\/wordpress\/wp-content\/uploads\/2022\/09\/307822030_488443316524294_4579808835010620576_n-150x150.jpg\" class=\"attachment-thumbnail size-thumbnail\" alt=\"\" \/><\/a>\n\t\t\t\t<\/dt><\/dl><dl class='gallery-item'>\n\t\t\t\t<dt class='gallery-icon portrait'>\n\t\t\t\t\t<a class=\"rollover rollover-zoom dt-pswp-item\" title=\"306801135_454994709928793_1120082900917948560_n\" data-dt-img-description=\"\" data-large_image_width=\"155\" data-large_image_height=\"206\"href='https:\/\/www.radiopiu.net\/wordpress\/wp-content\/uploads\/2022\/09\/306801135_454994709928793_1120082900917948560_n.jpg'><img loading=\"lazy\" decoding=\"async\" width=\"150\" height=\"150\" src=\"https:\/\/www.radiopiu.net\/wordpress\/wp-content\/uploads\/2022\/09\/306801135_454994709928793_1120082900917948560_n-150x150.jpg\" class=\"attachment-thumbnail size-thumbnail\" alt=\"\" \/><\/a>\n\t\t\t\t<\/dt><\/dl><dl class='gallery-item'>\n\t\t\t\t<dt class='gallery-icon landscape'>\n\t\t\t\t\t<a class=\"rollover rollover-zoom dt-pswp-item\" title=\"307820459_615368240067826_549917703573864087_n\" data-dt-img-description=\"\" data-large_image_width=\"265\" data-large_image_height=\"190\"href='https:\/\/www.radiopiu.net\/wordpress\/wp-content\/uploads\/2022\/09\/307820459_615368240067826_549917703573864087_n.jpg'><img loading=\"lazy\" decoding=\"async\" width=\"150\" height=\"150\" src=\"https:\/\/www.radiopiu.net\/wordpress\/wp-content\/uploads\/2022\/09\/307820459_615368240067826_549917703573864087_n-150x150.jpg\" class=\"attachment-thumbnail size-thumbnail\" alt=\"\" \/><\/a>\n\t\t\t\t<\/dt><\/dl><dl class='gallery-item'>\n\t\t\t\t<dt class='gallery-icon landscape'>\n\t\t\t\t\t<a class=\"rollover rollover-zoom dt-pswp-item\" title=\"307978608_482700333747335_4257743428253671688_n\" data-dt-img-description=\"\" data-large_image_width=\"320\" data-large_image_height=\"201\"href='https:\/\/www.radiopiu.net\/wordpress\/wp-content\/uploads\/2022\/09\/307978608_482700333747335_4257743428253671688_n.jpg'><img loading=\"lazy\" decoding=\"async\" width=\"150\" height=\"150\" src=\"https:\/\/www.radiopiu.net\/wordpress\/wp-content\/uploads\/2022\/09\/307978608_482700333747335_4257743428253671688_n-150x150.jpg\" class=\"attachment-thumbnail size-thumbnail\" alt=\"\" \/><\/a>\n\t\t\t\t<\/dt><\/dl><dl class='gallery-item'>\n\t\t\t\t<dt class='gallery-icon landscape'>\n\t\t\t\t\t<a class=\"rollover rollover-zoom dt-pswp-item\" title=\"308268816_1562116324245345_9102161270859587587_n\" data-dt-img-description=\"\" data-large_image_width=\"269\" data-large_image_height=\"187\"href='https:\/\/www.radiopiu.net\/wordpress\/wp-content\/uploads\/2022\/09\/308268816_1562116324245345_9102161270859587587_n.jpg'><img loading=\"lazy\" decoding=\"async\" width=\"150\" height=\"150\" src=\"https:\/\/www.radiopiu.net\/wordpress\/wp-content\/uploads\/2022\/09\/308268816_1562116324245345_9102161270859587587_n-150x150.jpg\" class=\"attachment-thumbnail size-thumbnail\" alt=\"\" \/><\/a>\n\t\t\t\t<\/dt><\/dl><br style=\"clear: both\" \/>\n\t\t\t<\/div>\n\n<p>NELLE FOTO ( Renato Bona, sito del Catalogo generale beni culturali): la chiesa di San Giuseppe a Borgo Pra; lavori in corso; opere di Brustolon e Moech nel vecchio edificio sacro; Antonio Fontana che ne ha ricordato la storia sul libro di \u201cCheco\u201d De Luca; il primo parroco, l\u2019indimenticato don Edoardo Furlano; l\u2019attuale parroco di Don Bosco, Claudio Zamperin; il predecessore, Guido Novella ora a Roma; posa della prima pietra della nuova parrocchiale a Baldenich; la lapide che la gente di Borgo Pra ha voluto a ricordo dei \u201csemplici preziosi insegnamenti di Albino Luciani\u201d.<\/p>\n","protected":false},"excerpt":{"rendered":"<p>Secondo vecchi documenti l\u2019edificio sacro edificato nel 1797 ad iniziativa di don Giuseppe Burloni, cost\u00f2 mille lire Finalmente hanno preso il via a Borgo Pra i lavori per il restauro della chiesa di San Giuseppe che fa parte della Parrocchia di San Giovanni Bosco e dunque della Diocesi di Belluno-Feltre. Progettista e direttore dei lavori&hellip;<\/p>\n","protected":false},"author":4,"featured_media":298703,"comment_status":"closed","ping_status":"closed","sticky":false,"template":"","format":"standard","meta":{"_monsterinsights_skip_tracking":false,"_monsterinsights_sitenote_active":false,"_monsterinsights_sitenote_note":"","_monsterinsights_sitenote_category":0,"footnotes":""},"categories":[104,49],"tags":[],"class_list":["post-298688","post","type-post","status-publish","format-standard","has-post-thumbnail","hentry","category-evidenza_3","category-news-18","category-104","category-49","description-off"],"img_url":"https:\/\/www.radiopiu.net\/wordpress\/wp-content\/uploads\/2022\/09\/279130920_670198874213895_4897586003453096557_n.jpg","_links":{"self":[{"href":"https:\/\/www.radiopiu.net\/wordpress\/wp-json\/wp\/v2\/posts\/298688","targetHints":{"allow":["GET"]}}],"collection":[{"href":"https:\/\/www.radiopiu.net\/wordpress\/wp-json\/wp\/v2\/posts"}],"about":[{"href":"https:\/\/www.radiopiu.net\/wordpress\/wp-json\/wp\/v2\/types\/post"}],"author":[{"embeddable":true,"href":"https:\/\/www.radiopiu.net\/wordpress\/wp-json\/wp\/v2\/users\/4"}],"replies":[{"embeddable":true,"href":"https:\/\/www.radiopiu.net\/wordpress\/wp-json\/wp\/v2\/comments?post=298688"}],"version-history":[{"count":0,"href":"https:\/\/www.radiopiu.net\/wordpress\/wp-json\/wp\/v2\/posts\/298688\/revisions"}],"wp:featuredmedia":[{"embeddable":true,"href":"https:\/\/www.radiopiu.net\/wordpress\/wp-json\/wp\/v2\/media\/298703"}],"wp:attachment":[{"href":"https:\/\/www.radiopiu.net\/wordpress\/wp-json\/wp\/v2\/media?parent=298688"}],"wp:term":[{"taxonomy":"category","embeddable":true,"href":"https:\/\/www.radiopiu.net\/wordpress\/wp-json\/wp\/v2\/categories?post=298688"},{"taxonomy":"post_tag","embeddable":true,"href":"https:\/\/www.radiopiu.net\/wordpress\/wp-json\/wp\/v2\/tags?post=298688"}],"curies":[{"name":"wp","href":"https:\/\/api.w.org\/{rel}","templated":true}]}}