{"id":298832,"date":"2022-09-26T23:59:12","date_gmt":"2022-09-26T21:59:12","guid":{"rendered":"https:\/\/www.radiopiu.net\/wordpress\/?p=298832"},"modified":"2022-09-26T15:05:47","modified_gmt":"2022-09-26T13:05:47","slug":"rapporti-tra-leggende-dolomitiche-e-quelle-delle-popolazioni-europee","status":"publish","type":"post","link":"https:\/\/www.radiopiu.net\/wordpress\/rapporti-tra-leggende-dolomitiche-e-quelle-delle-popolazioni-europee\/","title":{"rendered":"RAPPORTI TRA LEGGENDE DOLOMITICHE E QUELLE DELLE POPOLAZIONI EUROPEE"},"content":{"rendered":"<p><strong>di\u00a0 RENATO BONA<\/strong><\/p>\n<p>\u201cLe antiche voci dei Monti Pallidi\u201d \u00e8 il titolo del libro col quale lo scomparso Giuliano Palmieri (nato a Longarone nel 1940 e mancato subito prima del Natale 2008; per lustri apprezzato docente di latino e greco nel liceo classico di Treviso; fra l\u2019altro era appassionato di archeologia, la prima grande passione della sua vita, e contribu\u00ec a fondare il Gruppo archeologico trevigiano di cui fu il primo direttore, e collabor\u00f2, alla fondazione del Museo di Crocetta del Montello di cui \u00e8 stato conservatore onorario per l\u2019archeologia; affezionato alla montagna, in particolare alle Dolomiti, trascorreva le estati nella casetta di Val Fiorentina, zona di cui \u00e8 originaria la moglie Anna, ed ebbe modo di entrare in contatto con attivi archeologi dilettanti locali tra cui, in particolare, Vittorino Cazzetta, scopritore della sepoltura di Mondeval e non solo, tragicamente scomparso nel 1966; ancora: collabor\u00f2 alla fondazione e strutturazione del piccolo ma interessante Museo archeologico di Selva di Cadore) che illustra mito e folclore delle Dolomiti. Il pregevole lavoro (edito da Canova nel 2002) \u00e8 di fatto il seguito di \u201cI regni perduti dei Monti Pallidi\u201d (scritto nel 1966 col figlio Marco) che, come si legge nel sito \u201cilregnodeifanes.it\u201d, \u00e8 l\u2019esame dei rapporti tra le leggende dolomitiche (in genere, non quella dei Fanes) e quelle delle altre popolazioni europee. Di particolare interesse l\u2019analisi delle \u2018maschere\u2019 di alcuni carnevali dolomitici e non. Il libro (in copertina l\u2019Om Salvarek di Rivamonte Agordino,) come spiega la prefazione, preceduta dalla frase dedicata al ricordo di Vittorino Cazzetta: \u201cIl reperto non \u00e8 mai un punto d\u2019arrivo, al contrario, segna lo sviluppo della ricerca\u201d &#8211; \u201c\u00e8 un frutto settoriale di un\u2019analisi essenzialmente archeologica delle leggende pre romane raccolte da Karl Felix Wolff, il ricercatore di Bolzano il quale all\u2019inizio del secolo salv\u00f2 e rielabor\u00f2 i miti del mondo ladino dolomitico che, senza la sua opera, si sarebbero persi e dimenticati per sempre, annullando un patrimonio che si sta rivelando vastissimo per dati e notizie, spesso fondamentali non solo per quest\u2019area, ma anche per lo scenario dell\u2019alto Adriatico e transalpino\u201d &#8211; e si articola nei seguenti capitoli (sui quali speriamo di poter tornare in altre occasioni -ndr.): \u201cL\u2019uomo e le Dolomiti\u201d, \u201cIl mito di re Laurino\u201d; \u201cLe fiabe dei fratelli Grimm e le leggende raccolte da Wolf\u201d; \u201cGli antichi paralleli\u201d; \u201cLe ultime tracce nel folclore ladino\u201d; chiudono le Conclusioni, la ricca Bibliografia ed i ringraziamenti ad amici e studiosi oltre che, ovviamente, a quant\u2019altri hanno validamente collaborato per l\u2019edizione di \u201cLe antiche voci dei Monti Pallidi\u201d; il tutto preceduto da una dedica (alla moglie \u2013 ndr.): \u201cL\u2019antico profumo di queste storie ad Anna, la storia pi\u00f9 bella della mia vita\u201d.<\/p>\n\n\t\t\t<style type='text\/css'>\n\t\t\t\t#gallery-1 {\n\t\t\t\t\tmargin: auto;\n\t\t\t\t}\n\t\t\t\t#gallery-1 .gallery-item {\n\t\t\t\t\tfloat: left;\n\t\t\t\t\tmargin-top: 10px;\n\t\t\t\t\ttext-align: center;\n\t\t\t\t\twidth: 12%;\n\t\t\t\t}\n\t\t\t\t#gallery-1 img {\n\t\t\t\t\tborder: 2px solid #cfcfcf;\n\t\t\t\t}\n\t\t\t\t#gallery-1 .gallery-caption {\n\t\t\t\t\tmargin-left: 0;\n\t\t\t\t}\n\t\t\t\t\/* see gallery_shortcode() in wp-includes\/media.php *\/\n\t\t\t<\/style>\n\t\t<div id='gallery-1' class='dt-gallery-container gallery galleryid-298832 gallery-columns-8 gallery-size-thumbnail'><dl class='gallery-item'>\n\t\t\t\t<dt class='gallery-icon portrait'>\n\t\t\t\t\t<a class=\"rollover\" href='https:\/\/www.radiopiu.net\/wordpress\/giornale-radiopiu-27-settembre-2022-direttore-mirko-mezzacasa\/308369901_3344755795846366_4791935038500294335_n\/'><img loading=\"lazy\" decoding=\"async\" width=\"150\" height=\"150\" src=\"https:\/\/www.radiopiu.net\/wordpress\/wp-content\/uploads\/2022\/09\/308369901_3344755795846366_4791935038500294335_n-150x150.jpg\" class=\"attachment-thumbnail size-thumbnail\" alt=\"\" \/><\/a>\n\t\t\t\t<\/dt><\/dl><dl class='gallery-item'>\n\t\t\t\t<dt class='gallery-icon portrait'>\n\t\t\t\t\t<a class=\"rollover\" href='https:\/\/www.radiopiu.net\/wordpress\/giornale-radiopiu-27-settembre-2022-direttore-mirko-mezzacasa\/308856091_492155172820590_5669014357093544237_n\/'><img loading=\"lazy\" decoding=\"async\" width=\"150\" height=\"150\" src=\"https:\/\/www.radiopiu.net\/wordpress\/wp-content\/uploads\/2022\/09\/308856091_492155172820590_5669014357093544237_n-150x150.jpg\" class=\"attachment-thumbnail size-thumbnail\" alt=\"\" \/><\/a>\n\t\t\t\t<\/dt><\/dl><dl class='gallery-item'>\n\t\t\t\t<dt class='gallery-icon portrait'>\n\t\t\t\t\t<a class=\"rollover\" href='https:\/\/www.radiopiu.net\/wordpress\/giornale-radiopiu-27-settembre-2022-direttore-mirko-mezzacasa\/309080497_1272749470142884_2950463724431357088_n\/'><img loading=\"lazy\" decoding=\"async\" width=\"150\" height=\"150\" src=\"https:\/\/www.radiopiu.net\/wordpress\/wp-content\/uploads\/2022\/09\/309080497_1272749470142884_2950463724431357088_n-150x150.jpg\" class=\"attachment-thumbnail size-thumbnail\" alt=\"\" \/><\/a>\n\t\t\t\t<\/dt><\/dl><dl class='gallery-item'>\n\t\t\t\t<dt class='gallery-icon landscape'>\n\t\t\t\t\t<a class=\"rollover\" href='https:\/\/www.radiopiu.net\/wordpress\/giornale-radiopiu-27-settembre-2022-direttore-mirko-mezzacasa\/308981028_612328043712216_7873335642638687604_n\/'><img loading=\"lazy\" decoding=\"async\" width=\"150\" height=\"150\" src=\"https:\/\/www.radiopiu.net\/wordpress\/wp-content\/uploads\/2022\/09\/308981028_612328043712216_7873335642638687604_n-150x150.jpg\" class=\"attachment-thumbnail size-thumbnail\" alt=\"\" \/><\/a>\n\t\t\t\t<\/dt><\/dl><dl class='gallery-item'>\n\t\t\t\t<dt class='gallery-icon portrait'>\n\t\t\t\t\t<a class=\"rollover\" href='https:\/\/www.radiopiu.net\/wordpress\/giornale-radiopiu-27-settembre-2022-direttore-mirko-mezzacasa\/308438530_437343491599897_9153042535612566493_n\/'><img loading=\"lazy\" decoding=\"async\" width=\"150\" height=\"150\" src=\"https:\/\/www.radiopiu.net\/wordpress\/wp-content\/uploads\/2022\/09\/308438530_437343491599897_9153042535612566493_n-150x150.jpg\" class=\"attachment-thumbnail size-thumbnail\" alt=\"\" \/><\/a>\n\t\t\t\t<\/dt><\/dl><dl class='gallery-item'>\n\t\t\t\t<dt class='gallery-icon portrait'>\n\t\t\t\t\t<a class=\"rollover\" href='https:\/\/www.radiopiu.net\/wordpress\/giornale-radiopiu-27-settembre-2022-direttore-mirko-mezzacasa\/308442153_674433610306752_10228007674846204_n\/'><img loading=\"lazy\" decoding=\"async\" width=\"150\" height=\"150\" src=\"https:\/\/www.radiopiu.net\/wordpress\/wp-content\/uploads\/2022\/09\/308442153_674433610306752_10228007674846204_n-150x150.jpg\" class=\"attachment-thumbnail size-thumbnail\" alt=\"\" \/><\/a>\n\t\t\t\t<\/dt><\/dl><dl class='gallery-item'>\n\t\t\t\t<dt class='gallery-icon landscape'>\n\t\t\t\t\t<a class=\"rollover\" href='https:\/\/www.radiopiu.net\/wordpress\/giornale-radiopiu-27-settembre-2022-direttore-mirko-mezzacasa\/308409552_750407286022567_8603481083250924711_n\/'><img loading=\"lazy\" decoding=\"async\" width=\"150\" height=\"150\" src=\"https:\/\/www.radiopiu.net\/wordpress\/wp-content\/uploads\/2022\/09\/308409552_750407286022567_8603481083250924711_n-150x150.jpg\" class=\"attachment-thumbnail size-thumbnail\" alt=\"\" \/><\/a>\n\t\t\t\t<\/dt><\/dl><dl class='gallery-item'>\n\t\t\t\t<dt class='gallery-icon portrait'>\n\t\t\t\t\t<a class=\"rollover\" href='https:\/\/www.radiopiu.net\/wordpress\/giornale-radiopiu-27-settembre-2022-direttore-mirko-mezzacasa\/309056094_619113242924174_6245261809674493250_n\/'><img loading=\"lazy\" decoding=\"async\" width=\"150\" height=\"150\" src=\"https:\/\/www.radiopiu.net\/wordpress\/wp-content\/uploads\/2022\/09\/309056094_619113242924174_6245261809674493250_n-150x150.jpg\" class=\"attachment-thumbnail size-thumbnail\" alt=\"\" \/><\/a>\n\t\t\t\t<\/dt><\/dl><br style=\"clear: both\" \/><dl class='gallery-item'>\n\t\t\t\t<dt class='gallery-icon portrait'>\n\t\t\t\t\t<a class=\"rollover\" href='https:\/\/www.radiopiu.net\/wordpress\/giornale-radiopiu-27-settembre-2022-direttore-mirko-mezzacasa\/308347135_1087117522195676_5162922573595724544_n\/'><img loading=\"lazy\" decoding=\"async\" width=\"150\" height=\"150\" src=\"https:\/\/www.radiopiu.net\/wordpress\/wp-content\/uploads\/2022\/09\/308347135_1087117522195676_5162922573595724544_n-150x150.jpg\" class=\"attachment-thumbnail size-thumbnail\" alt=\"\" \/><\/a>\n\t\t\t\t<\/dt><\/dl><dl class='gallery-item'>\n\t\t\t\t<dt class='gallery-icon portrait'>\n\t\t\t\t\t<a class=\"rollover\" href='https:\/\/www.radiopiu.net\/wordpress\/giornale-radiopiu-27-settembre-2022-direttore-mirko-mezzacasa\/308580558_1807980396207774_630396423314293308_n\/'><img loading=\"lazy\" decoding=\"async\" width=\"150\" height=\"150\" src=\"https:\/\/www.radiopiu.net\/wordpress\/wp-content\/uploads\/2022\/09\/308580558_1807980396207774_630396423314293308_n-150x150.jpg\" class=\"attachment-thumbnail size-thumbnail\" alt=\"\" \/><\/a>\n\t\t\t\t<\/dt><\/dl><dl class='gallery-item'>\n\t\t\t\t<dt class='gallery-icon portrait'>\n\t\t\t\t\t<a class=\"rollover\" href='https:\/\/www.radiopiu.net\/wordpress\/giornale-radiopiu-27-settembre-2022-direttore-mirko-mezzacasa\/308393815_404794514962165_4004658511787166093_n\/'><img loading=\"lazy\" decoding=\"async\" width=\"150\" height=\"150\" src=\"https:\/\/www.radiopiu.net\/wordpress\/wp-content\/uploads\/2022\/09\/308393815_404794514962165_4004658511787166093_n-150x150.jpg\" class=\"attachment-thumbnail size-thumbnail\" alt=\"\" \/><\/a>\n\t\t\t\t<\/dt><\/dl><dl class='gallery-item'>\n\t\t\t\t<dt class='gallery-icon portrait'>\n\t\t\t\t\t<a class=\"rollover\" href='https:\/\/www.radiopiu.net\/wordpress\/giornale-radiopiu-27-settembre-2022-direttore-mirko-mezzacasa\/309137519_630928248589329_4354970681182167734_n\/'><img loading=\"lazy\" decoding=\"async\" width=\"150\" height=\"150\" src=\"https:\/\/www.radiopiu.net\/wordpress\/wp-content\/uploads\/2022\/09\/309137519_630928248589329_4354970681182167734_n-150x150.jpg\" class=\"attachment-thumbnail size-thumbnail\" alt=\"\" \/><\/a>\n\t\t\t\t<\/dt><\/dl><dl class='gallery-item'>\n\t\t\t\t<dt class='gallery-icon landscape'>\n\t\t\t\t\t<a class=\"rollover\" href='https:\/\/www.radiopiu.net\/wordpress\/giornale-radiopiu-27-settembre-2022-direttore-mirko-mezzacasa\/308857932_1074371103439832_826991169829821322_n\/'><img loading=\"lazy\" decoding=\"async\" width=\"150\" height=\"150\" src=\"https:\/\/www.radiopiu.net\/wordpress\/wp-content\/uploads\/2022\/09\/308857932_1074371103439832_826991169829821322_n-150x150.jpg\" class=\"attachment-thumbnail size-thumbnail\" alt=\"\" \/><\/a>\n\t\t\t\t<\/dt><\/dl><dl class='gallery-item'>\n\t\t\t\t<dt class='gallery-icon portrait'>\n\t\t\t\t\t<a class=\"rollover\" href='https:\/\/www.radiopiu.net\/wordpress\/giornale-radiopiu-27-settembre-2022-direttore-mirko-mezzacasa\/308514831_810715860279530_7052376726030318673_n\/'><img loading=\"lazy\" decoding=\"async\" width=\"150\" height=\"150\" src=\"https:\/\/www.radiopiu.net\/wordpress\/wp-content\/uploads\/2022\/09\/308514831_810715860279530_7052376726030318673_n-150x150.jpg\" class=\"attachment-thumbnail size-thumbnail\" alt=\"\" \/><\/a>\n\t\t\t\t<\/dt><\/dl><dl class='gallery-item'>\n\t\t\t\t<dt class='gallery-icon portrait'>\n\t\t\t\t\t<a class=\"rollover\" href='https:\/\/www.radiopiu.net\/wordpress\/giornale-radiopiu-27-settembre-2022-direttore-mirko-mezzacasa\/308451476_5948467198517751_6589783180521180533_n\/'><img loading=\"lazy\" decoding=\"async\" width=\"150\" height=\"150\" src=\"https:\/\/www.radiopiu.net\/wordpress\/wp-content\/uploads\/2022\/09\/308451476_5948467198517751_6589783180521180533_n-150x150.jpg\" class=\"attachment-thumbnail size-thumbnail\" alt=\"\" \/><\/a>\n\t\t\t\t<\/dt><\/dl><dl class='gallery-item'>\n\t\t\t\t<dt class='gallery-icon portrait'>\n\t\t\t\t\t<a class=\"rollover\" href='https:\/\/www.radiopiu.net\/wordpress\/giornale-radiopiu-27-settembre-2022-direttore-mirko-mezzacasa\/308628438_1234359314077108_7466289402759143211_n\/'><img loading=\"lazy\" decoding=\"async\" width=\"150\" height=\"150\" src=\"https:\/\/www.radiopiu.net\/wordpress\/wp-content\/uploads\/2022\/09\/308628438_1234359314077108_7466289402759143211_n-150x150.jpg\" class=\"attachment-thumbnail size-thumbnail\" alt=\"\" \/><\/a>\n\t\t\t\t<\/dt><\/dl><br style=\"clear: both\" \/>\n\t\t\t<\/div>\n\n<p>NELLE FOTO (riproduzioni da \u201cLe antiche voci dei Monti Pallidi\u201d; Palmieri; Giuliano Laveder; sito \u201cilregnodeifanes.it\u201d; Giuliano Dal Mas; Soia; Centro ricerche sociali e culturali Dosoledo; Darman): la copertina del libro; l\u2019autore prof. Giuliano Palmieri; anni \u201850: Val Fiorentina con l\u2019intenso sfruttamento agricolo; la statua di Teodorico e di re Laurino a Bolzano; statuina in legno di re Laurino; i fratelli Grimm in una stampa tedesca dell\u2019800; il Castello di Andraz in una litografia ottocentesca; in cammino per una vecchia mulattiera, nel mondo delle leggende delle valli dell\u2019Alto Cordevole; strada della vena dove passava il minerale del Fursil diretto ai forni di Andraz, Valparola e di Piccolin in Val Badia; fioritura di papaveri da oppio i cui semi sono molto usati nella cucina ladina ed austriaca; la cascata delle Comelle: si dice che gli spiriti delle acque dessero la pazzia; l\u2019Anguana dal piede di capra in un disegno attribuito a Tiziano; Rivamonte Agordino: la danza delle giovani donne attorno all\u2019Om salvarek che le tocca col ramo di betulla, portatore di fertilit\u00e0; Fornesighe: la Gnaga, signora del carnevale di un piccolo paese della Val Zoldana con la sua antica maschera di legno, nella gerla porta una bambina, simbolo del nuovo anno; a Dosoledo la danza del Mataz\u00ecn e del Lach\u00e9; Rocca Pietore: il Mataz\u00ecn di Sottoguda col suo variopinto costume, la mazza e il cappello che per tradizione deve essere ornato almeno da100 fiori.<\/p>\n<p>&nbsp;<\/p>\n","protected":false},"excerpt":{"rendered":"<p>di\u00a0 RENATO BONA \u201cLe antiche voci dei Monti Pallidi\u201d \u00e8 il titolo del libro col quale lo scomparso Giuliano Palmieri (nato a Longarone nel 1940 e mancato subito prima del Natale 2008; per lustri apprezzato docente di latino e greco nel liceo classico di Treviso; fra l\u2019altro era appassionato di archeologia, la prima grande passione&hellip;<\/p>\n","protected":false},"author":4,"featured_media":298841,"comment_status":"closed","ping_status":"closed","sticky":false,"template":"","format":"standard","meta":{"_monsterinsights_skip_tracking":false,"_monsterinsights_sitenote_active":false,"_monsterinsights_sitenote_note":"","_monsterinsights_sitenote_category":0,"footnotes":""},"categories":[104,49],"tags":[],"class_list":["post-298832","post","type-post","status-publish","format-standard","has-post-thumbnail","hentry","category-evidenza_3","category-news-18","category-104","category-49","description-off"],"img_url":"https:\/\/www.radiopiu.net\/wordpress\/wp-content\/uploads\/2022\/09\/308514831_810715860279530_7052376726030318673_n.jpg","_links":{"self":[{"href":"https:\/\/www.radiopiu.net\/wordpress\/wp-json\/wp\/v2\/posts\/298832","targetHints":{"allow":["GET"]}}],"collection":[{"href":"https:\/\/www.radiopiu.net\/wordpress\/wp-json\/wp\/v2\/posts"}],"about":[{"href":"https:\/\/www.radiopiu.net\/wordpress\/wp-json\/wp\/v2\/types\/post"}],"author":[{"embeddable":true,"href":"https:\/\/www.radiopiu.net\/wordpress\/wp-json\/wp\/v2\/users\/4"}],"replies":[{"embeddable":true,"href":"https:\/\/www.radiopiu.net\/wordpress\/wp-json\/wp\/v2\/comments?post=298832"}],"version-history":[{"count":0,"href":"https:\/\/www.radiopiu.net\/wordpress\/wp-json\/wp\/v2\/posts\/298832\/revisions"}],"wp:featuredmedia":[{"embeddable":true,"href":"https:\/\/www.radiopiu.net\/wordpress\/wp-json\/wp\/v2\/media\/298841"}],"wp:attachment":[{"href":"https:\/\/www.radiopiu.net\/wordpress\/wp-json\/wp\/v2\/media?parent=298832"}],"wp:term":[{"taxonomy":"category","embeddable":true,"href":"https:\/\/www.radiopiu.net\/wordpress\/wp-json\/wp\/v2\/categories?post=298832"},{"taxonomy":"post_tag","embeddable":true,"href":"https:\/\/www.radiopiu.net\/wordpress\/wp-json\/wp\/v2\/tags?post=298832"}],"curies":[{"name":"wp","href":"https:\/\/api.w.org\/{rel}","templated":true}]}}