{"id":298845,"date":"2022-09-26T15:18:45","date_gmt":"2022-09-26T13:18:45","guid":{"rendered":"https:\/\/www.radiopiu.net\/wordpress\/?p=298845"},"modified":"2022-09-26T15:21:55","modified_gmt":"2022-09-26T13:21:55","slug":"black-out-imposto-la-causa-il-danneggiamento-del-quadro-elettrico","status":"publish","type":"post","link":"https:\/\/www.radiopiu.net\/wordpress\/black-out-imposto-la-causa-il-danneggiamento-del-quadro-elettrico\/","title":{"rendered":"BLACK OUT IMPOSTO: LA CAUSA IL DANNEGGIAMENTO DEL QUADRO ELETTRICO"},"content":{"rendered":"<p><strong><img loading=\"lazy\" decoding=\"async\" class=\"alignleft\" src=\"https:\/\/www.radiopiu.net\/wordpress\/wp-content\/uploads\/2022\/09\/wolf-3022813__340.webp\" width=\"117\" height=\"78\" \/>BELLUNO<\/strong> A seguito del danneggiamento di un quadro della pubblica illuminazione in Via Vittorio Veneto, in prossimit\u00e0 dell&#8217;incrocio con via Tito Livio Burattini, rimarranno al buio il tratto di via Vittorio Veneto, fra i supermercati Super W e Emisfero (centro commerciale Veneggia), parte di via Tito Livio Burattini, sino alla ferrovia, e via Goffredo Mameli. I Servizi manutentivi prevedono di poter ripristinare l&#8217;illuminazione nella giornata di domani, marted\u00ec 27, o, al pi\u00f9 tardi, in quella di mercoled\u00ec 28 settembre. <em>&#8220;Ci scusiamo per il disagio e assicuriamo il massimo impegno per ripristinare al pi\u00f9 presto una situazione di normalit\u00e0&#8221;<\/em> il messaggio dal palazzo Municipale.<\/p>\n<p>&nbsp;<\/p>\n<p>:____<\/p>\n","protected":false},"excerpt":{"rendered":"<p>BELLUNO A seguito del danneggiamento di un quadro della pubblica illuminazione in Via Vittorio Veneto, in prossimit\u00e0 dell&#8217;incrocio con via Tito Livio Burattini, rimarranno al buio il tratto di via Vittorio Veneto, fra i supermercati Super W e Emisfero (centro commerciale Veneggia), parte di via Tito Livio Burattini, sino alla ferrovia, e via Goffredo Mameli.&hellip;<\/p>\n","protected":false},"author":4,"featured_media":298846,"comment_status":"closed","ping_status":"closed","sticky":false,"template":"","format":"standard","meta":{"_monsterinsights_skip_tracking":false,"_monsterinsights_sitenote_active":false,"_monsterinsights_sitenote_note":"","_monsterinsights_sitenote_category":0,"footnotes":""},"categories":[51,49],"tags":[],"class_list":["post-298845","post","type-post","status-publish","format-standard","has-post-thumbnail","hentry","category-evidenza-top","category-news-18","category-51","category-49","description-off"],"img_url":"https:\/\/www.radiopiu.net\/wordpress\/wp-content\/uploads\/2022\/09\/wolf-3022813__340.webp","_links":{"self":[{"href":"https:\/\/www.radiopiu.net\/wordpress\/wp-json\/wp\/v2\/posts\/298845","targetHints":{"allow":["GET"]}}],"collection":[{"href":"https:\/\/www.radiopiu.net\/wordpress\/wp-json\/wp\/v2\/posts"}],"about":[{"href":"https:\/\/www.radiopiu.net\/wordpress\/wp-json\/wp\/v2\/types\/post"}],"author":[{"embeddable":true,"href":"https:\/\/www.radiopiu.net\/wordpress\/wp-json\/wp\/v2\/users\/4"}],"replies":[{"embeddable":true,"href":"https:\/\/www.radiopiu.net\/wordpress\/wp-json\/wp\/v2\/comments?post=298845"}],"version-history":[{"count":0,"href":"https:\/\/www.radiopiu.net\/wordpress\/wp-json\/wp\/v2\/posts\/298845\/revisions"}],"wp:featuredmedia":[{"embeddable":true,"href":"https:\/\/www.radiopiu.net\/wordpress\/wp-json\/wp\/v2\/media\/298846"}],"wp:attachment":[{"href":"https:\/\/www.radiopiu.net\/wordpress\/wp-json\/wp\/v2\/media?parent=298845"}],"wp:term":[{"taxonomy":"category","embeddable":true,"href":"https:\/\/www.radiopiu.net\/wordpress\/wp-json\/wp\/v2\/categories?post=298845"},{"taxonomy":"post_tag","embeddable":true,"href":"https:\/\/www.radiopiu.net\/wordpress\/wp-json\/wp\/v2\/tags?post=298845"}],"curies":[{"name":"wp","href":"https:\/\/api.w.org\/{rel}","templated":true}]}}