{"id":298851,"date":"2022-09-26T17:26:19","date_gmt":"2022-09-26T15:26:19","guid":{"rendered":"https:\/\/www.radiopiu.net\/wordpress\/?p=298851"},"modified":"2022-09-26T17:26:19","modified_gmt":"2022-09-26T15:26:19","slug":"la-storia-si-ripete-in-luxottica-via-ai-sabati-lavorativi","status":"publish","type":"post","link":"https:\/\/www.radiopiu.net\/wordpress\/la-storia-si-ripete-in-luxottica-via-ai-sabati-lavorativi\/","title":{"rendered":"LA STORIA SI RIPETE: IN LUXOTTICA VIA AI SABATI LAVORATIVI"},"content":{"rendered":"<p><strong>AGORDO<\/strong>\u00a0 Azienda e RSU hanno firmato un accordo riguardante i sabati lavorativi di ottobre. Sono previsti 1 o 2 sabati a seconda delle aree per quanto riguarda i reparti produttivi dello stabilimento. I reparti che lavoreranno 2 sabati avranno 1 incentivato e 1 flessibilit\u00e0; per le aree con 1 solo sabato \u00e8 prevista flessibilit\u00e0. Tutti i dettagli nelle bacheche dei reparti interessati.\u00a0 Verr\u00e0 messo a disposizione il servizio di trasporto ma solo in base alle preadesioni effettuate dagli interessati su My personal desk entro il marted\u00ec precedente. (quindi entro domani per il sabato 1 ottobre).\u00a0 Per la parte di produzione dello stabilimento \u00e8 anche stato siglato il ponte del 31 ottobre, verr\u00e0 utilizzata a copertura una giornata di flessibilit\u00e0 negativa. &#8220;Per quanto riguarda gli uffici &#8211; concludono i Delegati Uiltec-Uil Luxottica Agordo &#8211;\u00a0 avr\u00e0 luogo nei prossimi giorni un incontro con oggetto il ponte del 31 ottobre&#8221;.<\/p>\n<p>&nbsp;<\/p>\n<p>&nbsp;<\/p>\n<p>&nbsp;<\/p>\n<hr \/>\n<p>&nbsp;<\/p>\n","protected":false},"excerpt":{"rendered":"<p>AGORDO\u00a0 Azienda e RSU hanno firmato un accordo riguardante i sabati lavorativi di ottobre. Sono previsti 1 o 2 sabati a seconda delle aree per quanto riguarda i reparti produttivi dello stabilimento. I reparti che lavoreranno 2 sabati avranno 1 incentivato e 1 flessibilit\u00e0; per le aree con 1 solo sabato \u00e8 prevista flessibilit\u00e0. Tutti&hellip;<\/p>\n","protected":false},"author":4,"featured_media":284030,"comment_status":"closed","ping_status":"closed","sticky":false,"template":"","format":"standard","meta":{"_monsterinsights_skip_tracking":false,"_monsterinsights_sitenote_active":false,"_monsterinsights_sitenote_note":"","_monsterinsights_sitenote_category":0,"footnotes":""},"categories":[51,49],"tags":[],"class_list":["post-298851","post","type-post","status-publish","format-standard","has-post-thumbnail","hentry","category-evidenza-top","category-news-18","category-51","category-49","description-off"],"img_url":"https:\/\/www.radiopiu.net\/wordpress\/wp-content\/uploads\/2022\/06\/LUXOTTICA-9-scaled.jpg","_links":{"self":[{"href":"https:\/\/www.radiopiu.net\/wordpress\/wp-json\/wp\/v2\/posts\/298851","targetHints":{"allow":["GET"]}}],"collection":[{"href":"https:\/\/www.radiopiu.net\/wordpress\/wp-json\/wp\/v2\/posts"}],"about":[{"href":"https:\/\/www.radiopiu.net\/wordpress\/wp-json\/wp\/v2\/types\/post"}],"author":[{"embeddable":true,"href":"https:\/\/www.radiopiu.net\/wordpress\/wp-json\/wp\/v2\/users\/4"}],"replies":[{"embeddable":true,"href":"https:\/\/www.radiopiu.net\/wordpress\/wp-json\/wp\/v2\/comments?post=298851"}],"version-history":[{"count":0,"href":"https:\/\/www.radiopiu.net\/wordpress\/wp-json\/wp\/v2\/posts\/298851\/revisions"}],"wp:featuredmedia":[{"embeddable":true,"href":"https:\/\/www.radiopiu.net\/wordpress\/wp-json\/wp\/v2\/media\/284030"}],"wp:attachment":[{"href":"https:\/\/www.radiopiu.net\/wordpress\/wp-json\/wp\/v2\/media?parent=298851"}],"wp:term":[{"taxonomy":"category","embeddable":true,"href":"https:\/\/www.radiopiu.net\/wordpress\/wp-json\/wp\/v2\/categories?post=298851"},{"taxonomy":"post_tag","embeddable":true,"href":"https:\/\/www.radiopiu.net\/wordpress\/wp-json\/wp\/v2\/tags?post=298851"}],"curies":[{"name":"wp","href":"https:\/\/api.w.org\/{rel}","templated":true}]}}