{"id":298960,"date":"2022-09-27T15:06:11","date_gmt":"2022-09-27T13:06:11","guid":{"rendered":"https:\/\/www.radiopiu.net\/wordpress\/?p=298960"},"modified":"2022-09-27T15:11:19","modified_gmt":"2022-09-27T13:11:19","slug":"voltago-palestra-per-ladri","status":"publish","type":"post","link":"https:\/\/www.radiopiu.net\/wordpress\/voltago-palestra-per-ladri\/","title":{"rendered":"VOLTAGO, PALESTRA PER LADRI&#8230;O PER IL SOLITO LADRO"},"content":{"rendered":"<div class=\"hael596l alzwoclg jl2a5g8c qjfq86k5 r227ecj6 gt60zsk1 s1m0hq7j\">\n<div class=\"cgu29s5g\">\n<div class=\"alzwoclg cqf1kptm siwo0mpr gu5uzgus\">\n<div class=\"jroqu855 nthtkgg5\">\n<div class=\"k1z55t6l tpi2lg9u oog5qr5w\">\n<div dir=\"ltr\"><strong><img loading=\"lazy\" decoding=\"async\" class=\"alignleft\" src=\"https:\/\/www.radiopiu.net\/wordpress\/wp-content\/uploads\/2019\/03\/voltago-4.jpg\" width=\"210\" height=\"118\" \/>VOLTAGO<\/strong>E&#8217; ormai la terza se non addirittura la quarta segnalazione, ognuna riporta le stesse caratteristiche: un giovane extracomunitario arriva in paese, gira di casa in casa e quando pu\u00f2 allunga le mani. A volte \u00e8 riuscito a metterle su oro e preziosi ed ogni volta \u00e8 partito il grido d&#8217;allarme. A una decina di giorni dall&#8217;ultimo episodio riecco l&#8217;allarme sui social:\u00a0 <em>&#8220;ATTENZIONE. A Voltago in casa nostra \u00e8 appena entrato un extracomunitario che abbiamo colto in flagrante mentre rubava. Appena ci ha visti ha mollato la refurtiva ed \u00e8 scappato. Ovviamente abbiamo gi\u00e0 allertato le forze dell\u2019ordine. Fate attenzione e condividete&#8221;<\/em> ha lasciato scritto Karin su Facebook, consiglio da ascoltare e mettere in pratica con il controllo di vicinato.\u00a0 La stessa segnalazione da altra persona era arriva il giorno successivo sui terminali della redazione.<\/div>\n<div dir=\"ltr\"><\/div>\n<div dir=\"ltr\"><\/div>\n<\/div>\n<div dir=\"ltr\">\n<hr \/>\n<\/div>\n<\/div>\n<\/div>\n<\/div>\n<\/div>\n","protected":false},"excerpt":{"rendered":"<p>VOLTAGOE&#8217; ormai la terza se non addirittura la quarta segnalazione, ognuna riporta le stesse caratteristiche: un giovane extracomunitario arriva in paese, gira di casa in casa e quando pu\u00f2 allunga le mani. A volte \u00e8 riuscito a metterle su oro e preziosi ed ogni volta \u00e8 partito il grido d&#8217;allarme. A una decina di giorni&hellip;<\/p>\n","protected":false},"author":4,"featured_media":79959,"comment_status":"closed","ping_status":"closed","sticky":false,"template":"","format":"standard","meta":{"_monsterinsights_skip_tracking":false,"_monsterinsights_sitenote_active":false,"_monsterinsights_sitenote_note":"","_monsterinsights_sitenote_category":0,"footnotes":""},"categories":[51,49],"tags":[],"class_list":["post-298960","post","type-post","status-publish","format-standard","has-post-thumbnail","hentry","category-evidenza-top","category-news-18","category-51","category-49","description-off"],"img_url":"https:\/\/www.radiopiu.net\/wordpress\/wp-content\/uploads\/2019\/03\/voltago-4.jpg","_links":{"self":[{"href":"https:\/\/www.radiopiu.net\/wordpress\/wp-json\/wp\/v2\/posts\/298960","targetHints":{"allow":["GET"]}}],"collection":[{"href":"https:\/\/www.radiopiu.net\/wordpress\/wp-json\/wp\/v2\/posts"}],"about":[{"href":"https:\/\/www.radiopiu.net\/wordpress\/wp-json\/wp\/v2\/types\/post"}],"author":[{"embeddable":true,"href":"https:\/\/www.radiopiu.net\/wordpress\/wp-json\/wp\/v2\/users\/4"}],"replies":[{"embeddable":true,"href":"https:\/\/www.radiopiu.net\/wordpress\/wp-json\/wp\/v2\/comments?post=298960"}],"version-history":[{"count":0,"href":"https:\/\/www.radiopiu.net\/wordpress\/wp-json\/wp\/v2\/posts\/298960\/revisions"}],"wp:featuredmedia":[{"embeddable":true,"href":"https:\/\/www.radiopiu.net\/wordpress\/wp-json\/wp\/v2\/media\/79959"}],"wp:attachment":[{"href":"https:\/\/www.radiopiu.net\/wordpress\/wp-json\/wp\/v2\/media?parent=298960"}],"wp:term":[{"taxonomy":"category","embeddable":true,"href":"https:\/\/www.radiopiu.net\/wordpress\/wp-json\/wp\/v2\/categories?post=298960"},{"taxonomy":"post_tag","embeddable":true,"href":"https:\/\/www.radiopiu.net\/wordpress\/wp-json\/wp\/v2\/tags?post=298960"}],"curies":[{"name":"wp","href":"https:\/\/api.w.org\/{rel}","templated":true}]}}