{"id":299056,"date":"2022-09-29T11:20:24","date_gmt":"2022-09-29T09:20:24","guid":{"rendered":"https:\/\/www.radiopiu.net\/wordpress\/?p=299056"},"modified":"2022-09-29T11:20:43","modified_gmt":"2022-09-29T09:20:43","slug":"misurina-non-vuole-perdere-il-pio-xii-la-lettera-di-una-mamma","status":"publish","type":"post","link":"https:\/\/www.radiopiu.net\/wordpress\/misurina-non-vuole-perdere-il-pio-xii-la-lettera-di-una-mamma\/","title":{"rendered":"MISURINA NON VUOLE PERDERE IL PIO XII, LA LETTERA DI UNA MAMMA"},"content":{"rendered":"<p><strong>AURONZO<\/strong> Il 31 dicembre chiude l&#8217;istituto Pio XII di Misurina, la speranza che qualcosa da qui al 31 dicembre possa cambiare nelle decisioni dell&#8217;ente proprietario del centro di eccellenza nella cura delle malattie asmatiche infantili resta viva. \u00abSiamo aperti al dialogo, se qualcuno \u00e8 davvero interessato a salvare l&#8217;istituto si faccia avanti\u00bb, ha detto il direttore Roberto Arduini.<\/p>\n<p><span style=\"color: #ff0000;\"><strong>\u00a0<\/strong><\/span><\/p>\n<p><strong>La lettera di una mamma, Sophie\u00a0<\/strong><\/p>\n<p><em><span style=\"color: #000000;\"> <span class=\"gvxzyvdx aeinzg81 t7p7dqev gh25dzvf exr7barw b6ax4al1 gem102v4 ncib64c9 mrvwc6qr sx8pxkcf f597kf1v cpcgwwas m2nijcs8 hxfwr5lz k1z55t6l oog5qr5w tes86rjd pbevjfx6\" dir=\"auto\" lang=\"it-IT\">Racconto l&#8217;avventura di mia figlia:\u00a0 era piccola, soffriva sempre di bronchite, laringite otite il pediatra diceva che era normale. Poi quei raffreddori strani all&#8217;improvviso senza aver preso freddo.\u00a0 Quattro anni fa chiedo al pediatra di visitarla. Mi viene dato un appuntamento dopo 6 mesi a Belluno. A questa visita ci dicono che \u00e8 allergica ( fanno alcuni test) mi danno una terapia che la bambina dovr\u00e0 seguire , prossimo controllo a 6 mesi. La terapia &#8220;funzionicchia&#8221; perch\u00e9 dalla sera verso le 17\/18 inizia a tossire e non smette fino alle 4 del mattino cos\u00ec tutte le sere e notti. Passano i 6 mesi ma non veniamo ricontattati dall&#8217;ospedale di Belluno. O il medico \u00e8 in ferie oppure non c&#8217;\u00e8, o addirittura non hanno calendario per le visite cos\u00ec passano i mesi, anzi un anno.\u00a0 Decido di chiedere un impegnativa per Misurina ( mi viene fatta ma quasi torcendo il naso). Arriviamo al giorno della visita accolti da una suora simpaticissima originaria di Voltago, ci fa visitare il centro anche le stanze della regina. Facciamo la visita mia figlia risulta asmatica e allergica a tutt&#8217;altro di quello che hanno detto a Belluno, le viene fatta la spirometria e prescritta una cura da seguire (ha funzionato mia figlia non ha mai pi\u00f9 tossito una notte da allora). Non ho pagato nulla perch\u00e9 la Regione con i residenti ha una convenzione e non si pagano le visite ( si poteva fare le visite anche di sabato e domenica) ma tanti questo non lo sanno. Poi ho dovuto chiedere all&#8217;ospedale di Belluno l&#8217;esenzione per patologia anche per quella ci sono voluti mesi. I controlli a Misurina ogni 6 mesi regolari come un orologio.\u00a0 Non potete immaginare cosa perderemo se chiuder\u00e0 il centro. Sar\u00e0 una perdita per tutti per tutti i nostri figli.<\/span><\/span><\/em><\/p>\n<p><em><span style=\"color: #000000;\">\u00a0<\/span><\/em><\/p>\n<p><span style=\"color: #ff0000;\"><strong>IERI ALLA RADIO<\/strong><\/span><\/p>\n<blockquote>\n<h3>CHIUDE IL CENTRO PIO XII DI MISURINA PER BIMBI ASMATICI<\/h3>\n<\/blockquote>\n<p><a class=\"dt-pswp-item\" href=\"https:\/\/www.radiopiu.net\/wordpress\/wp-content\/uploads\/2022\/09\/aaa-16.jpg\" data-dt-img-description=\"\" data-large_image_width=\"235\" data-large_image_height=\"115\"><img loading=\"lazy\" decoding=\"async\" class=\"size-full wp-image-299057 alignleft\" src=\"https:\/\/www.radiopiu.net\/wordpress\/wp-content\/uploads\/2022\/09\/aaa-16.jpg\" alt=\"\" width=\"235\" height=\"115\" \/><\/a><strong>MISURINA<\/strong> L&#8217;istituto Pio XII di Misurina per la cura delle malattie asmatiche infantili, chiuder\u00e0 i battenti il 31 dicembre. Il documento \u00e8 gi\u00e0 stato firmato da Roberto Arduini, presidente dell&#8217;opera diocesana San Bernardo degli Uberti di Parma, ente proprietario della struttura.\u00a0 Gi\u00e0 nel 2019 il primo allarme, la Regione Veneto\u00a0 stanzi\u00f2 un milione e duecentomila euro per garantire la continuit\u00e0. Dopo tre anni altre perdite e meno ricoveri e la\u00a0 perdita \u00e8\u00a0 di 700mila euro annui. Oggi nella struttura \u00e8 ricoverato un solo bambino a fronte di un costo annuo di solo mantenimento pari a un milione e ottocentomila euro. La struttura ha una capienza massima di cento posti letto, ma per garantire un servizio a pieno regime\u00a0 basterebbero una trentina di bambini al mese.\u00a0 A peggiorare ulteriormente la situazione\u00a0 i rincari di luce e gas. La propriet\u00e0 \u00e8 disposta a sedersi attorno ad un tavolo davanti a un interesse concreto per le sorti dell&#8217;istituto.<br \/>\n<strong>VENEZIA<\/strong>L&#8217;assessore regionale Manuela Lanzarin <em>&#8220;Abbiamo aperto, come Regione, da molto tempo con l&#8217;Opera diocesana di Parma un tavolo per capire come poterla aiutare.\u00a0 Ma il problema \u00e8 che gli utenti sono pochi. Abbiamo cercato di far valere questa struttura di eccellenza a livello nazionale. Incontreremo l&#8217;Opera diocesana per capire cosa possiamo fare&#8221;.<\/em><\/p>\n<p>&nbsp;<\/p>\n<hr \/>\n<p>&nbsp;<\/p>\n","protected":false},"excerpt":{"rendered":"<p>AURONZO Il 31 dicembre chiude l&#8217;istituto Pio XII di Misurina, la speranza che qualcosa da qui al 31 dicembre possa cambiare nelle decisioni dell&#8217;ente proprietario del centro di eccellenza nella cura delle malattie asmatiche infantili resta viva. \u00abSiamo aperti al dialogo, se qualcuno \u00e8 davvero interessato a salvare l&#8217;istituto si faccia avanti\u00bb, ha detto il&hellip;<\/p>\n","protected":false},"author":4,"featured_media":299057,"comment_status":"closed","ping_status":"closed","sticky":false,"template":"","format":"standard","meta":{"_monsterinsights_skip_tracking":false,"_monsterinsights_sitenote_active":false,"_monsterinsights_sitenote_note":"","_monsterinsights_sitenote_category":0,"footnotes":""},"categories":[51,49],"tags":[],"class_list":["post-299056","post","type-post","status-publish","format-standard","has-post-thumbnail","hentry","category-evidenza-top","category-news-18","category-51","category-49","description-off"],"img_url":"https:\/\/www.radiopiu.net\/wordpress\/wp-content\/uploads\/2022\/09\/aaa-16.jpg","_links":{"self":[{"href":"https:\/\/www.radiopiu.net\/wordpress\/wp-json\/wp\/v2\/posts\/299056","targetHints":{"allow":["GET"]}}],"collection":[{"href":"https:\/\/www.radiopiu.net\/wordpress\/wp-json\/wp\/v2\/posts"}],"about":[{"href":"https:\/\/www.radiopiu.net\/wordpress\/wp-json\/wp\/v2\/types\/post"}],"author":[{"embeddable":true,"href":"https:\/\/www.radiopiu.net\/wordpress\/wp-json\/wp\/v2\/users\/4"}],"replies":[{"embeddable":true,"href":"https:\/\/www.radiopiu.net\/wordpress\/wp-json\/wp\/v2\/comments?post=299056"}],"version-history":[{"count":0,"href":"https:\/\/www.radiopiu.net\/wordpress\/wp-json\/wp\/v2\/posts\/299056\/revisions"}],"wp:featuredmedia":[{"embeddable":true,"href":"https:\/\/www.radiopiu.net\/wordpress\/wp-json\/wp\/v2\/media\/299057"}],"wp:attachment":[{"href":"https:\/\/www.radiopiu.net\/wordpress\/wp-json\/wp\/v2\/media?parent=299056"}],"wp:term":[{"taxonomy":"category","embeddable":true,"href":"https:\/\/www.radiopiu.net\/wordpress\/wp-json\/wp\/v2\/categories?post=299056"},{"taxonomy":"post_tag","embeddable":true,"href":"https:\/\/www.radiopiu.net\/wordpress\/wp-json\/wp\/v2\/tags?post=299056"}],"curies":[{"name":"wp","href":"https:\/\/api.w.org\/{rel}","templated":true}]}}