{"id":299184,"date":"2022-09-28T10:20:00","date_gmt":"2022-09-28T08:20:00","guid":{"rendered":"https:\/\/www.radiopiu.net\/wordpress\/?p=299184"},"modified":"2022-09-28T11:22:20","modified_gmt":"2022-09-28T09:22:20","slug":"sicurezza-sulla-montagna-bellunese-la-cassa-rurale-dolomiti-dona-10-mila-euro-alla-delegazione-bellunese-del-soccorso-alpino","status":"publish","type":"post","link":"https:\/\/www.radiopiu.net\/wordpress\/sicurezza-sulla-montagna-bellunese-la-cassa-rurale-dolomiti-dona-10-mila-euro-alla-delegazione-bellunese-del-soccorso-alpino\/","title":{"rendered":"SICUREZZA SULLA MONTAGNA BELLUNESE: LA CASSA RURALE DOLOMITI DONA 10 MILA EURO ALLA DELEGAZIONE BELLUNESE DEL SOCCORSO ALPINO"},"content":{"rendered":"<p><strong><a class=\"dt-pswp-item\" href=\"https:\/\/www.radiopiu.net\/wordpress\/wp-content\/uploads\/2022\/09\/Foto-CRD-Soccorso-Alpino-BL-scaled.jpg\" data-dt-img-description=\"\" data-large_image_width=\"2560\" data-large_image_height=\"1440\"><img loading=\"lazy\" decoding=\"async\" class=\" wp-image-299185 alignleft\" src=\"https:\/\/www.radiopiu.net\/wordpress\/wp-content\/uploads\/2022\/09\/Foto-CRD-Soccorso-Alpino-BL-300x169.jpg\" alt=\"\" width=\"193\" height=\"109\" srcset=\"https:\/\/www.radiopiu.net\/wordpress\/wp-content\/uploads\/2022\/09\/Foto-CRD-Soccorso-Alpino-BL-300x169.jpg 300w, https:\/\/www.radiopiu.net\/wordpress\/wp-content\/uploads\/2022\/09\/Foto-CRD-Soccorso-Alpino-BL-1024x576.jpg 1024w, https:\/\/www.radiopiu.net\/wordpress\/wp-content\/uploads\/2022\/09\/Foto-CRD-Soccorso-Alpino-BL-768x432.jpg 768w, https:\/\/www.radiopiu.net\/wordpress\/wp-content\/uploads\/2022\/09\/Foto-CRD-Soccorso-Alpino-BL-1536x864.jpg 1536w, https:\/\/www.radiopiu.net\/wordpress\/wp-content\/uploads\/2022\/09\/Foto-CRD-Soccorso-Alpino-BL-2048x1152.jpg 2048w\" sizes=\"auto, (max-width: 193px) 100vw, 193px\" \/><\/a>BELLUNO <\/strong>\u201c<em>Il nostro istituto porta la montagna, e in particolar modo le Dolomiti, nella propria ragione sociale, ma anche in molte delle proprie iniziative imprenditoriali e, cosa ancor pi\u00f9 importante, tra i motivi primari e fondativi della propria attivit\u00e0 e del proprio essere banca del territorio. Per queste ragioni \u00e8 stato per noi naturale, e quasi doveroso, pensare ad una donazione significativa a favore di coloro che impiegano il loro tempo e le loro energie, talvolta persino a rischio della propria incolumit\u00e0, per garantire sicurezza e soccorsi a chi frequenta le nostre montagn<\/em>e\u201d. Cos\u00ec il <em>presidente della Cassa Rurale Dolomiti, Carlo Vadagnini<\/em>, a margine dell\u2019incontro svoltosi presso la sede della Delegazione Dolomiti Bellunesi del Corpo Nazionale di Soccorso Alpino e Speleologico a Belluno. Con questa iniziativa &#8211; ha aggiunto il presidente Vadagnini \u2013 la banca vuole sottolineare l\u2019attivit\u00e0 degli operatori del Soccorso Alpino al termine di una stagione particolarmente difficile e dolorosa, caratterizzata, in particolar modo, dalla tragedia della Marmolada, costata la vita, ad inizio dello scorso mese di luglio, a 11 persone. L\u2019attivit\u00e0 dei soccorsi, preziosa e insostituibile, deve andare avanti per\u00f2, di pari passo, con quella legata alla diffusione di una vera e propria cultura della prevenzione. A tale riguardo il <em>direttore generale della Cassa Rurale Dolomiti, Ruggero Lucin<\/em>, ha ricordato le iniziative di sensibilizzazione avviate al riguardo dall\u2019istituto in questi anni e destinate in particolar modo ai ragazzi e alle loro famiglie, anche tramite gli istituti scolastici.<\/p>\n<p><strong>CARLO VADAGNINI, PRESIDENTE DELLA CASSA RURALE DOLOMITI<\/strong><\/p>\n<audio class=\"wp-audio-shortcode\" id=\"audio-299184-1\" preload=\"none\" style=\"width: 100%;\" controls=\"controls\"><source type=\"audio\/mpeg\" src=\"https:\/\/www.radiopiu.net\/wordpress\/wp-content\/uploads\/2022\/09\/Vadagnini-Pres.-Cassa-Rurale-Dolomiti.mp3?_=1\" \/><a href=\"https:\/\/www.radiopiu.net\/wordpress\/wp-content\/uploads\/2022\/09\/Vadagnini-Pres.-Cassa-Rurale-Dolomiti.mp3\">https:\/\/www.radiopiu.net\/wordpress\/wp-content\/uploads\/2022\/09\/Vadagnini-Pres.-Cassa-Rurale-Dolomiti.mp3<\/a><\/audio>\n<p>&nbsp;<\/p>\n<p><strong>ALEX BARATTIN, DELEGATO DEL SOCCORSO ALPINO BELLUNESE<\/strong><\/p>\n<audio class=\"wp-audio-shortcode\" id=\"audio-299184-2\" preload=\"none\" style=\"width: 100%;\" controls=\"controls\"><source type=\"audio\/mpeg\" src=\"https:\/\/www.radiopiu.net\/wordpress\/wp-content\/uploads\/2022\/09\/Barattin-Delegato-Soccorso-Alpino-Bellunese.mp3?_=2\" \/><a href=\"https:\/\/www.radiopiu.net\/wordpress\/wp-content\/uploads\/2022\/09\/Barattin-Delegato-Soccorso-Alpino-Bellunese.mp3\">https:\/\/www.radiopiu.net\/wordpress\/wp-content\/uploads\/2022\/09\/Barattin-Delegato-Soccorso-Alpino-Bellunese.mp3<\/a><\/audio>\n<p>&nbsp;<\/p>\n<p>&nbsp;<\/p>\n<p>******<\/p>\n","protected":false},"excerpt":{"rendered":"<p>BELLUNO \u201cIl nostro istituto porta la montagna, e in particolar modo le Dolomiti, nella propria ragione sociale, ma anche in molte delle proprie iniziative imprenditoriali e, cosa ancor pi\u00f9 importante, tra i motivi primari e fondativi della propria attivit\u00e0 e del proprio essere banca del territorio. Per queste ragioni \u00e8 stato per noi naturale, e&hellip;<\/p>\n","protected":false},"author":4,"featured_media":299185,"comment_status":"closed","ping_status":"closed","sticky":false,"template":"","format":"standard","meta":{"_monsterinsights_skip_tracking":false,"_monsterinsights_sitenote_active":false,"_monsterinsights_sitenote_note":"","_monsterinsights_sitenote_category":0,"footnotes":""},"categories":[49],"tags":[],"class_list":["post-299184","post","type-post","status-publish","format-standard","has-post-thumbnail","hentry","category-news-18","category-49","description-off"],"img_url":"https:\/\/www.radiopiu.net\/wordpress\/wp-content\/uploads\/2022\/09\/Foto-CRD-Soccorso-Alpino-BL-scaled.jpg","_links":{"self":[{"href":"https:\/\/www.radiopiu.net\/wordpress\/wp-json\/wp\/v2\/posts\/299184","targetHints":{"allow":["GET"]}}],"collection":[{"href":"https:\/\/www.radiopiu.net\/wordpress\/wp-json\/wp\/v2\/posts"}],"about":[{"href":"https:\/\/www.radiopiu.net\/wordpress\/wp-json\/wp\/v2\/types\/post"}],"author":[{"embeddable":true,"href":"https:\/\/www.radiopiu.net\/wordpress\/wp-json\/wp\/v2\/users\/4"}],"replies":[{"embeddable":true,"href":"https:\/\/www.radiopiu.net\/wordpress\/wp-json\/wp\/v2\/comments?post=299184"}],"version-history":[{"count":0,"href":"https:\/\/www.radiopiu.net\/wordpress\/wp-json\/wp\/v2\/posts\/299184\/revisions"}],"wp:featuredmedia":[{"embeddable":true,"href":"https:\/\/www.radiopiu.net\/wordpress\/wp-json\/wp\/v2\/media\/299185"}],"wp:attachment":[{"href":"https:\/\/www.radiopiu.net\/wordpress\/wp-json\/wp\/v2\/media?parent=299184"}],"wp:term":[{"taxonomy":"category","embeddable":true,"href":"https:\/\/www.radiopiu.net\/wordpress\/wp-json\/wp\/v2\/categories?post=299184"},{"taxonomy":"post_tag","embeddable":true,"href":"https:\/\/www.radiopiu.net\/wordpress\/wp-json\/wp\/v2\/tags?post=299184"}],"curies":[{"name":"wp","href":"https:\/\/api.w.org\/{rel}","templated":true}]}}