{"id":299316,"date":"2022-09-30T06:01:04","date_gmt":"2022-09-30T04:01:04","guid":{"rendered":"https:\/\/www.radiopiu.net\/wordpress\/?p=299316"},"modified":"2022-09-30T09:07:19","modified_gmt":"2022-09-30T07:07:19","slug":"giornale-radiopiu-30-settembre-2022-direttore-mirko-mezzacasa","status":"publish","type":"post","link":"https:\/\/www.radiopiu.net\/wordpress\/giornale-radiopiu-30-settembre-2022-direttore-mirko-mezzacasa\/","title":{"rendered":"GIORNALE RADIOPIU 30 SETTEMBRE 2022 DIRETTORE MIRKO MEZZACASA"},"content":{"rendered":"<h3 class=\"kvgmc6g5 cxmmr5t8 oygrvhab hcukyx3x c1et5uql\"><span style=\"color: #0000ff;\"><strong>RADIO PIU INFORMAZIONE il canale su TELEGRAM informazione di prima\u00a0\u00a0<\/strong><strong>mano e in tempo reale. iscriviti ed aiutaci a farlo conoscere<\/strong><\/span><\/h3>\n<p>&nbsp;<\/p>\n<hr \/>\n<p>&nbsp;<\/p>\n<p><strong>RIVAMONTE AGORDINO: Chiusura temporanea Ecocentro per manifestazione \u201cRiva l\u2019Oktoberfest\u201d<\/strong><\/p>\n<p><strong>AGORDO<\/strong> L\u2019Ecocentro di Rivamonte Agordino rimarr\u00e0 chiuso sabato 8 e sabato 15 ottobre 2022 come richiesto dal Comune per consentire lo svolgimento della manifestazione denominata \u201cRiva l\u2019Oktoberfest\u201d. Si ricorda che\u00a0le utenze possono accedere a\u00a0qualsiasi Ecocentro del territorio dell\u2019Unione Montana Agordina,\u00a0verificando sedi e orari di apertura\u00a0nella pagina ECOCENTRO.<\/p>\n<p>&nbsp;<\/p>\n<p>&nbsp;<\/p>\n<hr \/>\n<p>&nbsp;<\/p>\n<p><strong>ACQUA INQUINATA\u00a0 A GOSALDO<\/strong><span style=\"color: #ff0000;\"> LE FOCHE, LAMBROI, DENEORE, MAGAIT, REN, SELLE, COL TAMAI, BITTI, GIARDOI E PETTUINE <\/span><span style=\"color: #ff0000;\"><span style=\"color: #000000;\">servizio autobotti a le Foche e Lambroi<\/span><\/span><\/p>\n<p>&nbsp;<\/p>\n<p>&nbsp;<\/p>\n<hr \/>\n<blockquote>\n<h3>LUCA ZAIA MINISTRO? &#8220;MI DEVO OCCUPARE DEL VENETO, C&#8217;E&#8217; IL PROGETTO INTEL SE MOLLO IL VENETO&#8230;&#8221;<\/h3>\n<\/blockquote>\n<p><strong><img loading=\"lazy\" decoding=\"async\" class=\"alignleft\" src=\"https:\/\/www.radiopiu.net\/wordpress\/wp-content\/uploads\/2022\/09\/Senza-nome-15.jpg\" width=\"169\" height=\"130\" \/>VENEZIA<\/strong> Punto stampa con il Governatore del Veneto che non manca di analizzare anche il recente voto del 25 settembre. Zaia Ministro? Anche no risponde Zaia. A proposito della staffetta all&#8217;interno della Lega? &#8220;Ma che staffetta&#8221; taglia corto il Presidente. Infine focus sull&#8217;autonomia.<\/p>\n<p>&nbsp;<\/p>\n<p>&nbsp;<\/p>\n<p><strong>AUDIO<\/strong><\/p>\n<audio class=\"wp-audio-shortcode\" id=\"audio-299316-1\" preload=\"none\" style=\"width: 100%;\" controls=\"controls\"><source type=\"audio\/mpeg\" src=\"https:\/\/www.radiopiu.net\/wordpress\/wp-content\/uploads\/2022\/09\/zaia-1.mp3?_=1\" \/><a href=\"https:\/\/www.radiopiu.net\/wordpress\/wp-content\/uploads\/2022\/09\/zaia-1.mp3\">https:\/\/www.radiopiu.net\/wordpress\/wp-content\/uploads\/2022\/09\/zaia-1.mp3<\/a><\/audio>\n<p>&nbsp;<\/p>\n<p><strong>ZAIA E FEDRIGA UNITI NEL PROSECCO, PROGETTI E PROGRAMMI DA PIAZZA UNITA&#8217; D&#8217;ITALIA A TRIESTE<\/strong><\/p>\n<div style=\"width: 848px;\" class=\"wp-video\"><video class=\"wp-video-shortcode\" id=\"video-299316-1\" width=\"848\" height=\"480\" preload=\"metadata\" controls=\"controls\"><source type=\"video\/mp4\" src=\"https:\/\/www.radiopiu.net\/wordpress\/wp-content\/uploads\/2022\/09\/WhatsApp-Video-2022-09-29-at-12.40.54.mp4?_=1\" \/><a href=\"https:\/\/www.radiopiu.net\/wordpress\/wp-content\/uploads\/2022\/09\/WhatsApp-Video-2022-09-29-at-12.40.54.mp4\">https:\/\/www.radiopiu.net\/wordpress\/wp-content\/uploads\/2022\/09\/WhatsApp-Video-2022-09-29-at-12.40.54.mp4<\/a><\/video><\/div>\n<p>&nbsp;<\/p>\n<p>&nbsp;<\/p>\n<hr \/>\n<p>&nbsp;<\/p>\n<blockquote>\n<h3>POMERIGGIO DI INCIDENTI, L&#8217;ALTRA SERA INVESTITA UNA RAGAZZA IN VIA COL DI LANA<\/h3>\n<\/blockquote>\n<p><strong><a class=\"dt-pswp-item\" href=\"https:\/\/www.radiopiu.net\/wordpress\/wp-content\/uploads\/2022\/09\/aaa-17.jpg\" data-dt-img-description=\"\" data-large_image_width=\"478\" data-large_image_height=\"236\"><img loading=\"lazy\" decoding=\"async\" class=\" wp-image-299485 alignleft\" src=\"https:\/\/www.radiopiu.net\/wordpress\/wp-content\/uploads\/2022\/09\/aaa-17-300x148.jpg\" alt=\"\" width=\"288\" height=\"142\" srcset=\"https:\/\/www.radiopiu.net\/wordpress\/wp-content\/uploads\/2022\/09\/aaa-17-300x148.jpg 300w, https:\/\/www.radiopiu.net\/wordpress\/wp-content\/uploads\/2022\/09\/aaa-17.jpg 478w\" sizes=\"auto, (max-width: 288px) 100vw, 288px\" \/><\/a>BELLUNO\u00a0<\/strong> Due incidenti ieri pomeriggio, a\u00a0 Cavessago,\u00a0 salita per Castion alle 17.45, causa maltempo una utilitaria ha cozzato contro il muretto di una abitazione. Nell&#8217;uscita fuoristrada autonoma leggermente ferito il conducente. Poco dopo un furgoncino daily si \u00e8\u00a0 ribaltato su un fianco, probabilmente <a class=\"dt-pswp-item\" href=\"https:\/\/www.radiopiu.net\/wordpress\/wp-content\/uploads\/2022\/09\/Senza-nome-17.jpg\" data-dt-img-description=\"\" data-large_image_width=\"470\" data-large_image_height=\"331\"><img loading=\"lazy\" decoding=\"async\" class=\"wp-image-299489 alignright\" src=\"https:\/\/www.radiopiu.net\/wordpress\/wp-content\/uploads\/2022\/09\/Senza-nome-17-300x211.jpg\" alt=\"\" width=\"166\" height=\"117\" srcset=\"https:\/\/www.radiopiu.net\/wordpress\/wp-content\/uploads\/2022\/09\/Senza-nome-17-300x211.jpg 300w, https:\/\/www.radiopiu.net\/wordpress\/wp-content\/uploads\/2022\/09\/Senza-nome-17.jpg 470w\" sizes=\"auto, (max-width: 166px) 100vw, 166px\" \/><\/a>prendendo una cunetta a lato strada. Nessun ferito (foto corriere alpi). In via Col di Lana mercoledi sera alle 22.30 una ragazza \u00e8 stata investita da un&#8217;utilitaria nei pressi del passaggio pedonale prima del distributore. Nessuna ferita grave fortunatamente. Un pick up si \u00e8 infine schiantato 50 metri prima, contro il muro della caserma degli alpini. Ilpick up \u00e8 rimbalzato sul marciapiede dopo la botta sul muro.<br \/>\nIeri lungo la statale di Alemagna a Castellavazzo prima della galleria\u00a0 tamponamento tra tre vetture, il camion che seguiva \u00e8 riuscito ad evitare il quarto impatto, due i feriti leggeri e chiusura della strada per un paio d&#8217;ore.La dinamica \u00e8\u00a0 in via di ricostruzione da parte delle pattuglie di polizia intervenute con i\u00a0 vigili del fuoco volontari di Longarone<\/p>\n<p>&nbsp;<\/p>\n<p>&nbsp;<\/p>\n<hr \/>\n<p>&nbsp;<\/p>\n<p><span style=\"color: #ff0000;\">la storia si ripete<\/span><\/p>\n<blockquote>\n<h3>ENNESIMO INVESTIMENTO LUNGO L&#8217;AGORDINA IN UNA PROVINCIA CHE LASCIA MORIRE GLI ANIMALI SULLA STRADA, IN PIENA ZONA PARCO.<\/h3>\n<\/blockquote>\n<p><em>Nessuna conseguenza per l&#8217;uomo al volante dell&#8217;auto seriamente danneggiata<\/em><\/p>\n<p><strong>BELLUNO<\/strong>\u00a0 Cervo investito e nuova ondata di polemiche in piena zona Parco Nazionale delle Dolomiti Bellunesi lungo la regionale 203 agordina. Una cerva con le zampe fratturate\u00a0 dopo l&#8217;investimento\u00a0 \u00e8 stata lasciata nel prato a lato della carreggiata per tutta una notte, agonizzante. \u00c8 stata trovata morta il mattino successivo all&#8217;incidente. Nell&#8217;area del Parco non c&#8217;\u00e8 un servizio di reperibilit\u00e0 veterinaria.<\/p>\n<p>&nbsp;<\/p>\n<hr \/>\n<p>&nbsp;<\/p>\n<blockquote>\n<h3>INCIDENTE DOMESTICO, INTERVENGONO I POMPIERI<\/h3>\n<\/blockquote>\n<p><strong>FELTRE<\/strong> I vigili del fuoco\u00a0 hanno smontato la finestra per soccorrere una anziana di Villabruna, rimasta bloccata a terra dopo una caduta in casa.\u00a0 Hanno potuto cos\u00ec far entrare i sanitari del Pronto soccorso, che hanno portato l&#8217;anziana in ospedale.<\/p>\n<p><strong>FONZASO<\/strong> I Carabinieri con i vigili del fuoco sono intervenuti in zona industriale per soccorrere una persona\u00a0 ferita in modo non grave a bordo dell&#8217;auto uscita di strada autonomamente.<\/p>\n<p>&nbsp;<\/p>\n<hr \/>\n<p>&nbsp;<\/p>\n<blockquote>\n<h3>LA PROCURA CHIEDE L&#8217;ARCHIVIAZIONE BIS. NESSUN COLPEVOLE PER LA MORTE DI DAVIDE<\/h3>\n<\/blockquote>\n<p><strong>OGGI SUL CORRIERE DELLE ALPI<\/strong><\/p>\n<p><strong>DI GIGI SOSSO<\/strong><\/p>\n<p><strong><a class=\"dt-pswp-item\" href=\"https:\/\/www.radiopiu.net\/wordpress\/wp-content\/uploads\/2022\/09\/Senza-nome-16.jpg\" data-dt-img-description=\"\" data-large_image_width=\"306\" data-large_image_height=\"455\"><img loading=\"lazy\" decoding=\"async\" class=\" wp-image-299487 alignleft\" src=\"https:\/\/www.radiopiu.net\/wordpress\/wp-content\/uploads\/2022\/09\/Senza-nome-16-202x300.jpg\" alt=\"\" width=\"147\" height=\"218\" srcset=\"https:\/\/www.radiopiu.net\/wordpress\/wp-content\/uploads\/2022\/09\/Senza-nome-16-202x300.jpg 202w, https:\/\/www.radiopiu.net\/wordpress\/wp-content\/uploads\/2022\/09\/Senza-nome-16.jpg 306w\" sizes=\"auto, (max-width: 147px) 100vw, 147px\" \/><\/a>SEDICO<\/strong> Morto a 18 anni senza un colpevole. Il supplemento di indagini, ordinato lo scorso aprile dal giudice per le indagini preliminari Elisabetta Scolozzi, non ha portato novit\u00e0 sostanziali sul decesso del giovane pallavolista Davide Bristot.La Procura della Repubblica ha chiesto per la seconda volta l&#8217;archiviazione del fascicolo per omicidio colposo a carico del medico del Pronto soccorso dell&#8217;ospedale San Martino di Belluno, che il 13 luglio 2021 si era occupato del ragazzo, prima di mandarlo a casa. Bristot ha perso la vita nel corso della stessa notte. Quello che continua a mancare, secondo il pubblico ministero Simone Marcon, \u00e8 il nesso causale tra la condotta del dottore e il successivo decesso. Eppure il medico legale Antonello Cirnelli, che ha eseguito l&#8217;autopsia, aveva scritto nella consulenza commissionata dal magistrato di \u00abcolpa grave per imprudenza e negligenza\u00bb. In altre parole, il sanitario avrebbe dovuto fare di pi\u00f9, magari anche trattenendo il paziente, per prevenire l&#8217;aritmia cardiaca, che ha portato all&#8217;arresto cardio-circolatorio. L&#8217;avvocato della famiglia, Chiara Tartari era ieri a palazzo di giustizia per avere gli atti d&#8217;indagine. Tecnicamente Paolino Bristot e Barbara Vanz potrebbero presentare una nuova opposizione all&#8217;archiviazione, ma a questo punto con poche speranza.<\/p>\n<p>L&#8217;ARTICOLO COMPLETO SUL QUOTIDIANO OGGI IN EDICOLA<\/p>\n<p>&nbsp;<\/p>\n<p>ARCHIVIO RADIOPIU<\/p>\n<blockquote class=\"wp-embedded-content\" data-secret=\"qCocjgofBY\"><p><a href=\"https:\/\/www.radiopiu.net\/wordpress\/dramma-a-sedico\/\">DRAMMA A SEDICO, MUORE NEL SONNO A 18 ANNI, LO RITROVA LA MAMMA<\/a><\/p><\/blockquote>\n<p><iframe loading=\"lazy\" class=\"wp-embedded-content\" sandbox=\"allow-scripts\" security=\"restricted\" style=\"position: absolute; clip: rect(1px, 1px, 1px, 1px);\" title=\"&#8220;DRAMMA A SEDICO, MUORE NEL SONNO A 18 ANNI, LO RITROVA LA MAMMA&#8221; &#8212; Radio Pi\u00f9\" src=\"https:\/\/www.radiopiu.net\/wordpress\/dramma-a-sedico\/embed\/#?secret=6JPmdN3CDg#?secret=qCocjgofBY\" data-secret=\"qCocjgofBY\" width=\"600\" height=\"338\" frameborder=\"0\" marginwidth=\"0\" marginheight=\"0\" scrolling=\"no\"><\/iframe><\/p>\n<p>&nbsp;<\/p>\n<hr \/>\n<p>&nbsp;<\/p>\n<blockquote>\n<h3>AUMENTANO I COSTI, DALL&#8217;AGORDINO L&#8217;INVITO A SCENDERE IN PIAZZA<\/h3>\n<\/blockquote>\n<div class=\"jroqu855 nthtkgg5\"><strong>RIVAMONTE<\/strong> <em>&#8220;Non serve essere commercianti artigiani albergatori&#8230;. per capire che qualcosa non sta funzionando. Mostriamo tutti interesse qualunque sia la categoria nella quale ci riconosciamo comunicando il nostro nome alla mail o un semplice messaggio per restare aggiornati e uniti&#8221;.<\/em> Questo il messaggio dell&#8217;imprenditrice agordina Malvina Gnech di Rivamonte (Bepi Bosol),\u00a0 che campeggia sulla sua pagina facebook con accanto il\u00a0 documento che riportiamo. Parte dall&#8217;Agordino un grido di allarme che si propone di muovere le masse e portare la gente in piazza. I primi firmatari del documento sono proprio Malvina e Valerio Scarpa che gestisce la vertik area di San Tomaso. Sempre a San Tomaso i gestori della pizzeria Off Line di Celat per contenere\u00a0 le spese riducono gli spazi della sala: &#8220;A causa dei rincari vari, ci vediamo costretti a ridurre la sala il giovedi e venerdi. Con i nuovi spazi abbiamo 20 coperti, quindi meglio prenotare.<\/div>\n<div><a class=\"dt-pswp-item\" href=\"https:\/\/www.radiopiu.net\/wordpress\/wp-content\/uploads\/2022\/09\/309827835_10209716373942794_3907926821405620302_n.jpg\" data-dt-img-description=\"\" data-large_image_width=\"526\" data-large_image_height=\"572\"><img loading=\"lazy\" decoding=\"async\" class=\"alignnone wp-image-299495 size-full\" src=\"https:\/\/www.radiopiu.net\/wordpress\/wp-content\/uploads\/2022\/09\/309827835_10209716373942794_3907926821405620302_n.jpg\" alt=\"\" width=\"526\" height=\"572\" srcset=\"https:\/\/www.radiopiu.net\/wordpress\/wp-content\/uploads\/2022\/09\/309827835_10209716373942794_3907926821405620302_n.jpg 526w, https:\/\/www.radiopiu.net\/wordpress\/wp-content\/uploads\/2022\/09\/309827835_10209716373942794_3907926821405620302_n-276x300.jpg 276w\" sizes=\"auto, (max-width: 526px) 100vw, 526px\" \/><br \/>\n<\/a><\/div>\n<div><\/div>\n<p>&nbsp;<\/p>\n<p>&nbsp;<\/p>\n<hr \/>\n<p>&nbsp;<\/p>\n<blockquote>\n<h3>CONVITTO CHIUSO A CORTINA, L&#8217;IPOTESI: UN&#8217;ASSOCIAZIONE TRA I GENITORI<\/h3>\n<\/blockquote>\n<p><strong><img loading=\"lazy\" decoding=\"async\" class=\"alignleft\" src=\"https:\/\/www.radiopiu.net\/wordpress\/wp-content\/uploads\/2022\/09\/Senza-nome-18.jpg\" width=\"186\" height=\"84\" \/>CORTINA<\/strong>\u00a0 La soluzione alla chiusura del convitto di Cortina potrebbe essere\u00a0 un&#8217;associazione tra i genitori e una convenzione con il Comune per gestire la foresteria e accogliere gli studenti degli istituti superiori. Marted\u00ec prossimo\u00a0 riunione a Belluno in Provincia per riaprire la foresteria. Non \u00e8 ancora del tutto esclusa neppure una soluzione a breve termine, che possa consentire di non perdere questo anno scolastico.<\/p>\n<p>&nbsp;<\/p>\n<p><strong>LA LETTERA<\/strong><\/p>\n<blockquote>\n<h2>DIRITTO ALLO STUDIO, NECESSITA\u2019 DI UN CONVITTO.<\/h2>\n<\/blockquote>\n<p>Cortina D\u2019Ampezzo<\/p>\n<p>Scrivo a nome dei alcuni genitori dei ragazzi che quest\u2019anno avrebbero dovuto alloggiare nel convitto di Cortina d\u2019Ampezzo. Scrivo \u201cavrebbero\u201d perch\u00e9 a poco pi\u00f9 di 24 ore dall\u2019orario dell\u2019incontro per la prima notte in convitto, abbiamo ricevuto la comunicazione da parte della scuola dell\u2019assenza del servizio, che telefonicamente ci era stato invece confermato pochi giorni prima. Ci siamo subito attivati per capire cos\u2019era successo e quale fosse la possibile soluzione. Il convitto non \u00e8 agibile e non lo \u00e8 da anni (ma il servizio era attivo) e, in un gioco di responsabilit\u00e0, ogni istituzione si \u00e8 liberata del problema. In queste prime settimane c\u2019\u00e8 chi ha percorso tutti i giorni un tragitto di un\u2019ora e mezza per portare il figlio a scuola (in totale 6 ore di viaggio al giorno) e chi ha trovato accoglienza temporanea da famiglie della zona. E\u2019 una situazione insostenibile per noi genitori ma soprattutto per i ragazzi.\u00a0<a name=\"_GoBack\"><\/a>\u00a0Abbiamo letto dichiarazioni al giornale della consigliera Monica Dalus, in cui non si accenna minimamente al fatto che il preavviso sia stato cos\u00ec assurdamente breve ma che soprattutto afferma che quattro ragazzi hanno trovato sistemazione, quando tutti i nostri ragazzi non hanno nessun alloggio, se non temporaneo. Viene inoltre scritto che noi genitori abbiamo rifiutato la soluzione di alloggiare i ragazzi a Misurina: Misurina pu\u00f2 essere una soluzione? Una distanza di 30 minuti, una strada disagevole, insicura, a volte chiusa e con servizi di linea limitati. I ragazzi che poi hanno attivit\u00e0 a Cortina nel pomeriggio si troverebbero di nuovo ad affrontare lunghi spostamenti. Dopo aver letto la sua intervista abbiamo provato a metterci in contatto telefonicamente, ma anche questa possibilit\u00e0 ci \u00e8 stata negata, ne dobbiamo parlare in presenza (si, perch\u00e9 non vogliono riunioni online) mercoled\u00ec prossimo. Noi genitori faremo ancora km e perderemo una giornata di lavoro solo per sentirci dire di persona che il convitto quest\u2019anno non ci sar\u00e0.I nostri ragazzi sono venuti a Cortina, citt\u00e0 delle Olimpiadi, con delle aspettative e dei sogni. Ecco che tutto \u00e8 stato distrutto, aspettative, sogni e il diritto allo studio, tanto caro alla nostra Costituzione.<\/p>\n<p>&nbsp;<\/p>\n<p>&nbsp;<\/p>\n<hr \/>\n<blockquote>\n<h3><\/h3>\n<h3>ESEGUITO A TOMO UN IMPORTANTE INTERVENTO DI MESSA IN SICUREZZA DEL CANALONE TRA VIA FRASCARO E VIA CAMPO GRANDO<\/h3>\n<\/blockquote>\n<p><strong>FELTRE <\/strong>Si \u00e8 concluso nei giorni scorsi nella frazione di Tomo un significativo intervento di mitigazione del rischio idrogeologico. Il lavoro ha riguardato, in particolare, la rimozione di materiale ghiaioso che si era accumulato, per un\u2019altezza variabile compresa tra 120 e 160 centimetri, a monte di alcune briglie posizionate lungo un canalone situato tra la fine via Frascaro e l\u2019inizio di via Campo Grando, in localit\u00e0 valle di Caoril.<\/p>\n<p><strong>TIZIANA PENCO, ASSESSORE ALL&#8217;AMBIENTE DEL COMUNE DI FELTRE<\/strong><\/p>\n<audio class=\"wp-audio-shortcode\" id=\"audio-299316-2\" preload=\"none\" style=\"width: 100%;\" controls=\"controls\"><source type=\"audio\/mpeg\" src=\"https:\/\/www.radiopiu.net\/wordpress\/wp-content\/uploads\/2022\/09\/TIZIANA-PENCO-TOMO.mp3?_=2\" \/><a href=\"https:\/\/www.radiopiu.net\/wordpress\/wp-content\/uploads\/2022\/09\/TIZIANA-PENCO-TOMO.mp3\">https:\/\/www.radiopiu.net\/wordpress\/wp-content\/uploads\/2022\/09\/TIZIANA-PENCO-TOMO.mp3<\/a><\/audio>\n<p>&nbsp;<\/p>\n\n\t\t\t<style type='text\/css'>\n\t\t\t\t#gallery-1 {\n\t\t\t\t\tmargin: auto;\n\t\t\t\t}\n\t\t\t\t#gallery-1 .gallery-item {\n\t\t\t\t\tfloat: left;\n\t\t\t\t\tmargin-top: 10px;\n\t\t\t\t\ttext-align: center;\n\t\t\t\t\twidth: 50%;\n\t\t\t\t}\n\t\t\t\t#gallery-1 img {\n\t\t\t\t\tborder: 2px solid #cfcfcf;\n\t\t\t\t}\n\t\t\t\t#gallery-1 .gallery-caption {\n\t\t\t\t\tmargin-left: 0;\n\t\t\t\t}\n\t\t\t\t\/* see gallery_shortcode() in wp-includes\/media.php *\/\n\t\t\t<\/style>\n\t\t<div id='gallery-1' class='dt-gallery-container gallery galleryid-299316 gallery-columns-2 gallery-size-medium'><dl class='gallery-item'>\n\t\t\t\t<dt class='gallery-icon landscape'>\n\t\t\t\t\t<a class=\"rollover rollover-zoom dt-pswp-item\" title=\"Sopralluogo dopo pulizia\" data-dt-img-description=\"\" data-large_image_width=\"1600\" data-large_image_height=\"1200\"href='https:\/\/www.radiopiu.net\/wordpress\/wp-content\/uploads\/2022\/09\/Sopralluogo-dopo-pulizia.jpg'><img loading=\"lazy\" decoding=\"async\" width=\"300\" height=\"225\" src=\"https:\/\/www.radiopiu.net\/wordpress\/wp-content\/uploads\/2022\/09\/Sopralluogo-dopo-pulizia-300x225.jpg\" class=\"attachment-medium size-medium\" alt=\"\" srcset=\"https:\/\/www.radiopiu.net\/wordpress\/wp-content\/uploads\/2022\/09\/Sopralluogo-dopo-pulizia-300x225.jpg 300w, https:\/\/www.radiopiu.net\/wordpress\/wp-content\/uploads\/2022\/09\/Sopralluogo-dopo-pulizia-1024x768.jpg 1024w, https:\/\/www.radiopiu.net\/wordpress\/wp-content\/uploads\/2022\/09\/Sopralluogo-dopo-pulizia-768x576.jpg 768w, https:\/\/www.radiopiu.net\/wordpress\/wp-content\/uploads\/2022\/09\/Sopralluogo-dopo-pulizia-1536x1152.jpg 1536w, https:\/\/www.radiopiu.net\/wordpress\/wp-content\/uploads\/2022\/09\/Sopralluogo-dopo-pulizia.jpg 1600w\" sizes=\"auto, (max-width: 300px) 100vw, 300px\" \/><\/a>\n\t\t\t\t<\/dt><\/dl><dl class='gallery-item'>\n\t\t\t\t<dt class='gallery-icon landscape'>\n\t\t\t\t\t<a class=\"rollover rollover-zoom dt-pswp-item\" title=\"Briglie Tomo prima dell&#039;intervento\" data-dt-img-description=\"\" data-large_image_width=\"2016\" data-large_image_height=\"1512\"href='https:\/\/www.radiopiu.net\/wordpress\/wp-content\/uploads\/2022\/09\/Briglie-Tomo-prima-dellintervento.jpg'><img loading=\"lazy\" decoding=\"async\" width=\"300\" height=\"225\" src=\"https:\/\/www.radiopiu.net\/wordpress\/wp-content\/uploads\/2022\/09\/Briglie-Tomo-prima-dellintervento-300x225.jpg\" class=\"attachment-medium size-medium\" alt=\"\" srcset=\"https:\/\/www.radiopiu.net\/wordpress\/wp-content\/uploads\/2022\/09\/Briglie-Tomo-prima-dellintervento-300x225.jpg 300w, https:\/\/www.radiopiu.net\/wordpress\/wp-content\/uploads\/2022\/09\/Briglie-Tomo-prima-dellintervento-1024x768.jpg 1024w, https:\/\/www.radiopiu.net\/wordpress\/wp-content\/uploads\/2022\/09\/Briglie-Tomo-prima-dellintervento-768x576.jpg 768w, https:\/\/www.radiopiu.net\/wordpress\/wp-content\/uploads\/2022\/09\/Briglie-Tomo-prima-dellintervento-1536x1152.jpg 1536w, https:\/\/www.radiopiu.net\/wordpress\/wp-content\/uploads\/2022\/09\/Briglie-Tomo-prima-dellintervento.jpg 2016w\" sizes=\"auto, (max-width: 300px) 100vw, 300px\" \/><\/a>\n\t\t\t\t<\/dt><\/dl><br style=\"clear: both\" \/>\n\t\t\t<\/div>\n\n<p>&nbsp;<\/p>\n<hr \/>\n<p>&nbsp;<\/p>\n<blockquote>\n<h3>QUESTIONE UNIONE MONTANA, I SINDACI DOPO IL &#8220;RICHIAMO&#8221; DEL PREFETTO<\/h3>\n<\/blockquote>\n<p><strong><img loading=\"lazy\" decoding=\"async\" class=\"alignleft\" src=\"https:\/\/www.radiopiu.net\/wordpress\/wp-content\/uploads\/2022\/09\/2d68bbd0-ef31-4d42-972d-0009fd7b6249.jpg\" width=\"203\" height=\"143\" \/>BELLUNO<\/strong> Enormi problemi di personale nell&#8217;Unione Montana Belluno-Ponte nelle Alpi. Dopo l&#8217;invito del Prefetto incontro tra i primi cittadini intenzionati a fare squadra e risolvere anche i problemi dei pagamenti. Da Oscar De Pellegrin il grazie al Prefetto per la convocazione ad un tavolo importante per fare chiarezza. Oggi \u00e8 stato dato seguito all&#8217;idea con un gruppo operativo ma anche con date per un cronoprogramma per risolvere i problemi che oggi preoccupano. Il sindaco di Belluno spiega perch\u00e9 il bilancio 2020 non \u00e8 stato approvato. Per ora nessun termine sulle tempistiche che potranno variare.<\/p>\n<p><strong>IL SINDACO DI PONTE NELLE ALPI PAOLO VENDRAMINI<\/strong><\/p>\n<audio class=\"wp-audio-shortcode\" id=\"audio-299316-3\" preload=\"none\" style=\"width: 100%;\" controls=\"controls\"><source type=\"audio\/mpeg\" src=\"https:\/\/www.radiopiu.net\/wordpress\/wp-content\/uploads\/2022\/09\/SINDACO-VENDRAMINI.mp3?_=3\" \/><a href=\"https:\/\/www.radiopiu.net\/wordpress\/wp-content\/uploads\/2022\/09\/SINDACO-VENDRAMINI.mp3\">https:\/\/www.radiopiu.net\/wordpress\/wp-content\/uploads\/2022\/09\/SINDACO-VENDRAMINI.mp3<\/a><\/audio>\n<p><strong>IL SINDACO DI BELLUNO OSCAR DE PELLEGRIN<\/strong><\/p>\n<audio class=\"wp-audio-shortcode\" id=\"audio-299316-4\" preload=\"none\" style=\"width: 100%;\" controls=\"controls\"><source type=\"audio\/mpeg\" src=\"https:\/\/www.radiopiu.net\/wordpress\/wp-content\/uploads\/2022\/09\/SINDACO-OSCAR.mp3?_=4\" \/><a href=\"https:\/\/www.radiopiu.net\/wordpress\/wp-content\/uploads\/2022\/09\/SINDACO-OSCAR.mp3\">https:\/\/www.radiopiu.net\/wordpress\/wp-content\/uploads\/2022\/09\/SINDACO-OSCAR.mp3<\/a><\/audio>\n<p>&nbsp;<\/p>\n<p>&nbsp;<\/p>\n<hr \/>\n<blockquote>\n<h3><\/h3>\n<h3>DA DOMANI CAMBIANO LE MODALITA\u2019 DI ALLERTAMENTO DEL CENTRO FUNZIONALE DECENTRATO REGIONALE PER RISCHIO IDROGEOLOGICO PER TEMPORALI E DI SEGNALAZIONE DI TERREMOTO<\/h3>\n<p><em>La Direzione della Protezione Civile della Regione del Veneto comunica:\u00a0 in esecuzione di una delibera proposta dall\u2019Assessore alla Protezione Civile Gianpaolo Bottacin<\/em><\/p><\/blockquote>\n<p><strong><a class=\"dt-pswp-item\" href=\"https:\/\/www.radiopiu.net\/wordpress\/wp-content\/uploads\/2018\/06\/temporale.jpg\" data-dt-img-description=\"\" data-large_image_width=\"1920\" data-large_image_height=\"1272\"><img loading=\"lazy\" decoding=\"async\" class=\"wp-image-50334 alignleft\" src=\"https:\/\/www.radiopiu.net\/wordpress\/wp-content\/uploads\/2018\/06\/temporale-300x199.jpg\" alt=\"\" width=\"199\" height=\"132\" srcset=\"https:\/\/www.radiopiu.net\/wordpress\/wp-content\/uploads\/2018\/06\/temporale-300x199.jpg 300w, https:\/\/www.radiopiu.net\/wordpress\/wp-content\/uploads\/2018\/06\/temporale-768x509.jpg 768w, https:\/\/www.radiopiu.net\/wordpress\/wp-content\/uploads\/2018\/06\/temporale-1024x678.jpg 1024w, https:\/\/www.radiopiu.net\/wordpress\/wp-content\/uploads\/2018\/06\/temporale.jpg 1920w\" sizes=\"auto, (max-width: 199px) 100vw, 199px\" \/><\/a>VENEZIA<\/strong> Dal primo ottobre cambieranno le modalit\u00e0 di allertamento del Centro Funzionale Decentrato della Regione del Veneto per il rischio idrogeologico per temporali e le modalit\u00e0 di segnalazione di terremoto. Le principali modifiche riguardano i documenti e i criteri di allertamento. L\u2019allerta per temporali non prevede pi\u00f9 il codice ROSSO il massimo livello di allerta per temporali \u00e8 quello ARANCIONE, con probabilit\u00e0 bassa\/contenuta di temporali forti non organizzati il territorio \u00e8 in codice VERDE (in precedenza era GIALLO).\u00a0 Con probabilit\u00e0 medio-alta l\u2019allerta \u00e8 ARANCIONE anche per le zone di allerta prevalentemente \u201cdi pianura\u201d. In precedenza era ARANCIONE solo per le zone montane, altrove al pi\u00f9 GIALLA.\u00a0 Sono stati omogeneizzati i criteri di allertamento per tutte le zone di allerta, senza distinzione tra zone montane e pianeggianti Sono stati meglio esplicitati i criteri di allertamento per eventuali fenomeni persistenti, caso particolare dei fenomeni organizzati.<\/p>\n<p>&nbsp;<\/p>\n<hr \/>\n<p>&nbsp;<\/p>\n<p>&nbsp;<\/p>\n<blockquote>\n<h3>UN CAMPO FOTOVOLTAICO PER DARE AL COMUNE\u00a0 UN MEGAWATT PER IL TERRITORIO. INTANTO SI RIDUCONO I CONSUMI CON LAMPIONI SPENTI DALLA MEZZANOTTE ALLE CINQUE DEL MATTINO<\/h3>\n<\/blockquote>\n<p><strong><a class=\"dt-pswp-item\" href=\"https:\/\/www.radiopiu.net\/wordpress\/wp-content\/uploads\/2022\/05\/download-15.jpg\" data-dt-img-description=\"\" data-large_image_width=\"275\" data-large_image_height=\"183\"><img loading=\"lazy\" decoding=\"async\" class=\"size-full wp-image-275044 alignleft\" src=\"https:\/\/www.radiopiu.net\/wordpress\/wp-content\/uploads\/2022\/05\/download-15.jpg\" alt=\"\" width=\"275\" height=\"183\" \/><\/a>VOLTAGO<\/strong>. Da un lato l\u2019idea di realizzare un campo fotovoltaico per liberare risorse per l\u2019assunzione di personale, dall\u2019altro la necessit\u00e0 impellente di spegnere i lampioni di notte per risparmiare dopo la bolletta di settembre. L\u2019amministrazione comunale di Voltago, guidata dal sindaco Giuseppe Schena, si sta muovendo su due fronti per avere risultati sia a lungo che a breve termine sul piano del risparmio energetico e, di conseguenza, sulla gestione della spesa corrente da cui dipendono le possibilit\u00e0 di manovra dei Comuni.<br \/>\nLo scorso 21 settembre l\u2019ufficio tecnico comunale ha infatti affidato l\u2019incarico all\u2019ingegner Giancarlo Manganella di Feltre per la redazione del progetto di fattibilit\u00e0 tecnico-economica per la realizzazione di un campo fotovoltaico della potenza di un megawatt sul territorio del Comune di Voltago. \u00abAbbiamo stanziato 10 mila euro per fare questo studio \u2013 spiega il sindaco Giuseppe Schena \u2013 il progettista ha il compito di fare le verifiche e di individuare, se c\u2019\u00e8, l\u2019area di propriet\u00e0 comunale ottimale dove installare i pannelli fotovoltaici. Ci sono tante cose di cui tener conto a partire dai vincoli paesaggistici e ambientali. Non \u00e8 detto che riusciremo a centrare l\u2019obiettivo. Nel caso non fosse possibile dare concretezza alla nostra idea, pagheremo la perizia al <a class=\"dt-pswp-item\" href=\"https:\/\/www.radiopiu.net\/wordpress\/wp-content\/uploads\/2021\/09\/GIUSEPPE-SCHENA.jpg\" data-dt-img-description=\"GIUSEPPE SCHENA - CANDIDATO SINDACO A VOLTAGO\" data-large_image_width=\"931\" data-large_image_height=\"1240\"><img loading=\"lazy\" decoding=\"async\" class=\"size-medium wp-image-230838 alignright\" src=\"https:\/\/www.radiopiu.net\/wordpress\/wp-content\/uploads\/2021\/09\/GIUSEPPE-SCHENA-225x300.jpg\" alt=\"\" width=\"225\" height=\"300\" srcset=\"https:\/\/www.radiopiu.net\/wordpress\/wp-content\/uploads\/2021\/09\/GIUSEPPE-SCHENA-225x300.jpg 225w, https:\/\/www.radiopiu.net\/wordpress\/wp-content\/uploads\/2021\/09\/GIUSEPPE-SCHENA-769x1024.jpg 769w, https:\/\/www.radiopiu.net\/wordpress\/wp-content\/uploads\/2021\/09\/GIUSEPPE-SCHENA-768x1023.jpg 768w, https:\/\/www.radiopiu.net\/wordpress\/wp-content\/uploads\/2021\/09\/GIUSEPPE-SCHENA.jpg 931w\" sizes=\"auto, (max-width: 225px) 100vw, 225px\" \/><\/a>tecnico e cercheremo altre soluzioni\u00bb.Il Comune di Voltago ha infatti un problema da risolvere e cio\u00e8 quello di sbloccare risorse per poter assumere nuovo personale. \u00abIl modo per farlo \u2013 dice Schena \u2013 \u00e8 quello di sbloccare l\u2019indice assunzionale, riducendo la spesa corrente. Noi abbiamo bisogno di assumere un vigile (al momento abbiamo una convenzione con il Comune di Rivamonte per il servizio a chiamata della loro guardia) e un responsabile dell\u2019ufficio tecnico a tempo pieno (attualmente \u00e8 a 18 ore). Per questo l\u2019ipotesi che abbiamo fatto \u00e8 quella di puntare sul campo di pannelli fotovoltaici, un\u2019operazione che ci consentirebbe di risparmiare soldi nella bolletta energetica. L\u2019idea di base \u00e8 quella di un campo di due ettari. Ora dobbiamo attendere i risultati della perizia del tecnico e poi sar\u00e0 eventualmente nostra cura illustrarli in un incontro con la cittadinanza\u00bb. Nel frattempo la giunta Schena ha deciso di intervenire subito per ridurre i consumi di energia elettrica dopo che la bolletta di settembre \u00e8 andata oltre le previsioni. A breve, infatti, i lampioni dell\u2019illuminazione pubblica presenti sul territorio comunale verranno spenti dalla mezzanotte alle 5 del mattino. L\u2019indirizzo per agire in questo senso \u00e8 stato dato al sindaco dalla giunta nella seduta di venerd\u00ec scorso. \u00abTale volont\u00e0 \u2013 spiega Schena \u2013 verr\u00e0 resa concreta con una mia ordinanza. Prima, per\u00f2, aspetto un sopralluogo da parte della ditta che aveva installato i nuovi corpi illuminanti a led per capire se c\u2019\u00e8 la possibilit\u00e0 di inserire un sistema sull\u2019impianto che consenta un controllo da remoto. In caso di emergenza, per esempio una nevicata, dobbiamo poter essere in grado di riaccendere le luci anche durante la notte in modo da facilitare e rendere pi\u00f9 sicure le operazioni di sgombero neve\u00bb. A spingere la giunta a tale provvedimento sono stati i dati forniti dall\u2019ufficio ragioneria. \u00abA bilancio avevamo gi\u00e0 messo una cifra che teneva conto delle maggiorazioni nei costi dell\u2019energia \u2013 conclude il sindaco di Voltago \u2013 con la bolletta di settembre abbiamo avuto tuttavia un aumento di 20 mila euro. Spegnendo i 352 lampioni presenti sul territorio comunale stimiamo di risparmiare circa 20 mila euro in un anno. Ovviamente con la tariffa attuale\u00bb.<\/p>\n<p>&nbsp;<\/p>\n<blockquote>\n<h3>L&#8217;AUMENTO IN BOLLETTA\u00a0 VANIFICA LO SFORZO DEL COMUNE NELL&#8217;EFFICENTAMENTO ENERGETICO<\/h3>\n<\/blockquote>\n<p>La crescita del c<a class=\"dt-pswp-item\" href=\"https:\/\/www.radiopiu.net\/wordpress\/wp-content\/uploads\/2021\/05\/enel.jpg\" data-dt-img-description=\"\" data-large_image_width=\"1920\" data-large_image_height=\"1276\"><img loading=\"lazy\" decoding=\"async\" class=\"size-medium wp-image-207692 alignleft\" src=\"https:\/\/www.radiopiu.net\/wordpress\/wp-content\/uploads\/2021\/05\/enel-300x199.jpg\" alt=\"\" width=\"300\" height=\"199\" srcset=\"https:\/\/www.radiopiu.net\/wordpress\/wp-content\/uploads\/2021\/05\/enel-300x199.jpg 300w, https:\/\/www.radiopiu.net\/wordpress\/wp-content\/uploads\/2021\/05\/enel-1024x681.jpg 1024w, https:\/\/www.radiopiu.net\/wordpress\/wp-content\/uploads\/2021\/05\/enel-768x510.jpg 768w, https:\/\/www.radiopiu.net\/wordpress\/wp-content\/uploads\/2021\/05\/enel-1536x1021.jpg 1536w, https:\/\/www.radiopiu.net\/wordpress\/wp-content\/uploads\/2021\/05\/enel.jpg 1920w\" sizes=\"auto, (max-width: 300px) 100vw, 300px\" \/><\/a>osto dell\u2019energia ha di fatto azzerato il risparmio ottenuto dal Comune di Voltago con la sostituzione dei vecchi punti luce. Il costo dell\u2019energia consumata dalla rete pubblica stradale era infatti diminuito da 28 mila euro a 11.500 euro nel 2020 dopo gli interventi di efficientamento energetico. Nel 2021 era gi\u00e0 salito a 19 mila euro. La proiezione per il 2022 \u00e8 di 32 mila euro. Dal luglio scorso e fino a dicembre, al prezzo attuale, l\u2019aumento sulla previsione che il Comune aveva stimato ad aprile \u00e8 di circa 20 mila euro: 12 mila in pi\u00f9 per l\u2019illuminazione pubblica e 8 mila per gli immobili di propriet\u00e0 comunale. Per quanto riguarda il 2023 la proiezione, stimata con prezzo al 1\u00b0 luglio 2022, \u00e8 di una spesa pari a 37 mila euro, con un aumento di 25 mila euro rispetto alle previsioni fatte dagli uffici. \u00abCon l\u2019operazione di razionamento dell\u2019energia pubblica stradale che andremo ad effettuare prossimamente \u2013 spiega il sindaco di Voltago, Giuseppe Schena &#8211; vogliamo assicurare il riscaldamento delle strutture essenziali del nostro comune come la scuola dell\u2019infanzia e quella primaria\u00bb.<\/p>\n<p>&nbsp;<\/p>\n<p>&nbsp;<\/p>\n<hr \/>\n<blockquote>\n<h3><\/h3>\n<h3>LUXOTTICA: LO STRAORDINARIO INCENTIVATO PIACE, RISULTATI TOP IN TUTTI I REPARTI<\/h3>\n<\/blockquote>\n<p><strong><img loading=\"lazy\" decoding=\"async\" class=\"alignleft\" src=\"https:\/\/www.radiopiu.net\/wordpress\/wp-content\/uploads\/2022\/06\/Luxottica-firmato-il-contratto-aziendale-per-lo-stabilimento-di-Pederobba_articleimage.jpg\" width=\"268\" height=\"164\" \/>AGORDO<\/strong> Continuano a rispondere bene alla richiesta dell\u2019azienda gli operai dello stabilimento Luxottica di Agordo. Anche sabato scorso l\u2019adesione allo straordinario incentivato ha avuto degli ottimi risultati tanto che tutti i reparti interessati dal sabato lavorativo hanno raggiunto il raddoppio in busta paga delle ore lavorate. Spetta agli operai decidere se farsi monetizzare con la prossima busta paga il sabato lavorativo o mettere le ore da parte per poterle utilizzare al momento del bisogno. Da sabato 1 ottobre parte la seconda tranche di fine settimana lavorativi. Per alcuni reparti le maestranze saranno chiamate al lavoro 2 sabati, altri invece solo uno. Questa volta in accordo la RSU si \u00e8 deciso di optare per uno straordinario incentivato (non obbligatorio) e una flessibilit\u00e0 che coinvolge tutto lo stabilimento, dove tutti dovranno presentarsi al lavoro come una normale giornata lavorativa.<\/p>\n<p>&nbsp;<\/p>\n<p>&nbsp;<\/p>\n<p>&nbsp;<\/p>\n<hr \/>\n<p>&nbsp;<\/p>\n<blockquote>\n<h3>QUEL CAVALLO CHE NON C&#8217;E&#8217; PIU&#8217;, DAVA IL BENVENUTO A BELLUNO<\/h3>\n<\/blockquote>\n<p><a class=\"dt-pswp-item\" href=\"https:\/\/www.radiopiu.net\/wordpress\/wp-content\/uploads\/2022\/09\/Senza-nome-14.jpg\" data-dt-img-description=\"\" data-large_image_width=\"179\" data-large_image_height=\"240\"><img loading=\"lazy\" decoding=\"async\" class=\"size-full wp-image-299416 alignleft\" src=\"https:\/\/www.radiopiu.net\/wordpress\/wp-content\/uploads\/2022\/09\/Senza-nome-14.jpg\" alt=\"\" width=\"179\" height=\"240\" \/><\/a><strong>BELLUNO<\/strong> In via Agordo, fronte distributore, lungo la regionale 204 che porta in citt\u00e0 eravamo abituati a quella bellezza scolpita nella pietra dalla Bullstone. Ora il cavallo non c&#8217;\u00e8 pi\u00f9 \u00e8 stato smantellato, era un piacere vederlo dalla strada.<em> &#8220;Era molto bello, altro che case funerarie&#8221;<\/em> suggerisce Andrea Piat dalla pagina facebook &#8220;Sei di Belluno se&#8221;. <em>&#8220;Perch\u00e9 lo hanno tolto? Un bell&#8217;emblema&#8221;<\/em> dice Gianni Gamper. Giustamente Gino sottolinea come fosse collocato privatamente su un terreno privato, quindi operazione pi\u00f9 che legittima. Ma rimangono i ricordi come quello di Marika Da Rold <em>&#8220;Era sempre nominato nella settimana enigmistica come cavallo pi\u00f9 grande di tutta Europa&#8221;.\u00a0<\/em>Roberto, da tempo attento alle vicende del cavallo di pietra annota che l&#8217;opera era stata messa in vendita, chiss\u00e0 forse riprender\u00e0 il galoppo in qualche altro giardino pubblico o privato. Ma ci sono anche i pareri diversi, come quello di Ugo Tolomeo <em>&#8220;A parte il fatto che era una insegna pubblicitaria della Bullstone e che non rappresentava per niente Belluno, la sua rimozione \u00e8 stata eseguita privatamente. I bellunesi dovrebbero abituarsi all&#8217;idea che nulla \u00e8 per sempre. Il cavallo Bullstone come l&#8217;ex distributore Agip a Baldenich. Almeno il cavallo \u00e8 stato tolto senza conseguenze visive inopportune. Cosa che non si pu\u00f2 dire per l&#8217;ex distributore Agip. Ci\u00f2 che \u00e8 rimasto, dopo l&#8217;abbattimento della pensilina, \u00e8 una vera schifezza agli occhi di chi entra in citt\u00e0&#8221;.\u00a0<\/em><\/p>\n<blockquote><p>Il titolare Ivano Viel precisa che l&#8217;azienda non \u00e8 mai stata chiusa e che il cavallo di Pietra era un&#8217;opera in vendita che \u00e8 stata acquistata.<\/p><\/blockquote>\n<p><strong>Quel giorno&#8230; Damiano Soppelsa di Agordo passava di l\u00e0&#8230;<\/strong><\/p>\n\n\t\t\t<style type='text\/css'>\n\t\t\t\t#gallery-2 {\n\t\t\t\t\tmargin: auto;\n\t\t\t\t}\n\t\t\t\t#gallery-2 .gallery-item {\n\t\t\t\t\tfloat: left;\n\t\t\t\t\tmargin-top: 10px;\n\t\t\t\t\ttext-align: center;\n\t\t\t\t\twidth: 33%;\n\t\t\t\t}\n\t\t\t\t#gallery-2 img {\n\t\t\t\t\tborder: 2px solid #cfcfcf;\n\t\t\t\t}\n\t\t\t\t#gallery-2 .gallery-caption {\n\t\t\t\t\tmargin-left: 0;\n\t\t\t\t}\n\t\t\t\t\/* see gallery_shortcode() in wp-includes\/media.php *\/\n\t\t\t<\/style>\n\t\t<div id='gallery-2' class='dt-gallery-container gallery galleryid-299316 gallery-columns-3 gallery-size-thumbnail'><dl class='gallery-item'>\n\t\t\t\t<dt class='gallery-icon landscape'>\n\t\t\t\t\t<a class=\"rollover rollover-zoom dt-pswp-item\" title=\"46f7a6b7-3e0b-43c2-a4b3-c33e478bb98b\" data-dt-img-description=\"\" data-large_image_width=\"2048\" data-large_image_height=\"2048\"href='https:\/\/www.radiopiu.net\/wordpress\/wp-content\/uploads\/2022\/09\/46f7a6b7-3e0b-43c2-a4b3-c33e478bb98b.jpg'><img loading=\"lazy\" decoding=\"async\" width=\"150\" height=\"150\" src=\"https:\/\/www.radiopiu.net\/wordpress\/wp-content\/uploads\/2022\/09\/46f7a6b7-3e0b-43c2-a4b3-c33e478bb98b-150x150.jpg\" class=\"attachment-thumbnail size-thumbnail\" alt=\"\" srcset=\"https:\/\/www.radiopiu.net\/wordpress\/wp-content\/uploads\/2022\/09\/46f7a6b7-3e0b-43c2-a4b3-c33e478bb98b-150x150.jpg 150w, https:\/\/www.radiopiu.net\/wordpress\/wp-content\/uploads\/2022\/09\/46f7a6b7-3e0b-43c2-a4b3-c33e478bb98b-300x300.jpg 300w, https:\/\/www.radiopiu.net\/wordpress\/wp-content\/uploads\/2022\/09\/46f7a6b7-3e0b-43c2-a4b3-c33e478bb98b-1024x1024.jpg 1024w, https:\/\/www.radiopiu.net\/wordpress\/wp-content\/uploads\/2022\/09\/46f7a6b7-3e0b-43c2-a4b3-c33e478bb98b-768x768.jpg 768w, https:\/\/www.radiopiu.net\/wordpress\/wp-content\/uploads\/2022\/09\/46f7a6b7-3e0b-43c2-a4b3-c33e478bb98b-1536x1536.jpg 1536w, https:\/\/www.radiopiu.net\/wordpress\/wp-content\/uploads\/2022\/09\/46f7a6b7-3e0b-43c2-a4b3-c33e478bb98b.jpg 2048w\" sizes=\"auto, (max-width: 150px) 100vw, 150px\" \/><\/a>\n\t\t\t\t<\/dt><\/dl><dl class='gallery-item'>\n\t\t\t\t<dt class='gallery-icon landscape'>\n\t\t\t\t\t<a class=\"rollover rollover-zoom dt-pswp-item\" title=\"d8497bbf-19f0-40c9-b226-f14c76bc5f12\" data-dt-img-description=\"\" data-large_image_width=\"2048\" data-large_image_height=\"2048\"href='https:\/\/www.radiopiu.net\/wordpress\/wp-content\/uploads\/2022\/09\/d8497bbf-19f0-40c9-b226-f14c76bc5f12.jpg'><img loading=\"lazy\" decoding=\"async\" width=\"150\" height=\"150\" src=\"https:\/\/www.radiopiu.net\/wordpress\/wp-content\/uploads\/2022\/09\/d8497bbf-19f0-40c9-b226-f14c76bc5f12-150x150.jpg\" class=\"attachment-thumbnail size-thumbnail\" alt=\"\" srcset=\"https:\/\/www.radiopiu.net\/wordpress\/wp-content\/uploads\/2022\/09\/d8497bbf-19f0-40c9-b226-f14c76bc5f12-150x150.jpg 150w, https:\/\/www.radiopiu.net\/wordpress\/wp-content\/uploads\/2022\/09\/d8497bbf-19f0-40c9-b226-f14c76bc5f12-300x300.jpg 300w, https:\/\/www.radiopiu.net\/wordpress\/wp-content\/uploads\/2022\/09\/d8497bbf-19f0-40c9-b226-f14c76bc5f12-1024x1024.jpg 1024w, https:\/\/www.radiopiu.net\/wordpress\/wp-content\/uploads\/2022\/09\/d8497bbf-19f0-40c9-b226-f14c76bc5f12-768x768.jpg 768w, https:\/\/www.radiopiu.net\/wordpress\/wp-content\/uploads\/2022\/09\/d8497bbf-19f0-40c9-b226-f14c76bc5f12-1536x1536.jpg 1536w, https:\/\/www.radiopiu.net\/wordpress\/wp-content\/uploads\/2022\/09\/d8497bbf-19f0-40c9-b226-f14c76bc5f12.jpg 2048w\" sizes=\"auto, (max-width: 150px) 100vw, 150px\" \/><\/a>\n\t\t\t\t<\/dt><\/dl><dl class='gallery-item'>\n\t\t\t\t<dt class='gallery-icon landscape'>\n\t\t\t\t\t<a class=\"rollover rollover-zoom dt-pswp-item\" title=\"88e0ab6b-dbac-4b4d-8b84-7bf20e2464be\" data-dt-img-description=\"\" data-large_image_width=\"2048\" data-large_image_height=\"2048\"href='https:\/\/www.radiopiu.net\/wordpress\/wp-content\/uploads\/2022\/09\/88e0ab6b-dbac-4b4d-8b84-7bf20e2464be.jpg'><img loading=\"lazy\" decoding=\"async\" width=\"150\" height=\"150\" src=\"https:\/\/www.radiopiu.net\/wordpress\/wp-content\/uploads\/2022\/09\/88e0ab6b-dbac-4b4d-8b84-7bf20e2464be-150x150.jpg\" class=\"attachment-thumbnail size-thumbnail\" alt=\"\" srcset=\"https:\/\/www.radiopiu.net\/wordpress\/wp-content\/uploads\/2022\/09\/88e0ab6b-dbac-4b4d-8b84-7bf20e2464be-150x150.jpg 150w, https:\/\/www.radiopiu.net\/wordpress\/wp-content\/uploads\/2022\/09\/88e0ab6b-dbac-4b4d-8b84-7bf20e2464be-300x300.jpg 300w, https:\/\/www.radiopiu.net\/wordpress\/wp-content\/uploads\/2022\/09\/88e0ab6b-dbac-4b4d-8b84-7bf20e2464be-1024x1024.jpg 1024w, https:\/\/www.radiopiu.net\/wordpress\/wp-content\/uploads\/2022\/09\/88e0ab6b-dbac-4b4d-8b84-7bf20e2464be-768x768.jpg 768w, https:\/\/www.radiopiu.net\/wordpress\/wp-content\/uploads\/2022\/09\/88e0ab6b-dbac-4b4d-8b84-7bf20e2464be-1536x1536.jpg 1536w, https:\/\/www.radiopiu.net\/wordpress\/wp-content\/uploads\/2022\/09\/88e0ab6b-dbac-4b4d-8b84-7bf20e2464be.jpg 2048w\" sizes=\"auto, (max-width: 150px) 100vw, 150px\" \/><\/a>\n\t\t\t\t<\/dt><\/dl><br style=\"clear: both\" \/>\n\t\t\t<\/div>\n\n<div class=\"jg3vgc78 cgu29s5g lq84ybu9 hf30pyar r227ecj6\">\n<div class=\"dc62g630 gh25dzvf aglvbi8b bq6c9xl4\">\n<div class=\"mfclru0v bq6c9xl4 om3e55n1 fxk3tzhb\">\n<div class=\"mfclru0v aeinzg81 i15ihif8 cgu29s5g tgm57n0e\">\n<div class=\"kgnml90y rt34pxt2 jao8r537 pdqhzjwd dtqh1a21 bdao358l pbevjfx6 aglvbi8b m8h3af8h l7ghb35v kjdc1dyq kmwttqpk gvxzyvdx l4uc2m3f om3e55n1 ss6ugidx t7p7dqev\">\n<div class=\"e4ay1f3w r5g9zsuq aesu6q9g q46jt4gp\"><span class=\"\"><span class=\"rse6dlih\"><a class=\"qi72231t nu7423ey n3hqoq4p r86q59rh b3qcqh3k fq87ekyn bdao358l fsf7x5fv rse6dlih s5oniofx m8h3af8h l7ghb35v kjdc1dyq kmwttqpk srn514ro oxkhqvkx rl78xhln nch0832m cr00lzj9 rn8ck1ys s3jn8y49 icdlwmnq jxuftiz4 cxfqmxzd\" tabindex=\"0\" role=\"link\" href=\"https:\/\/www.facebook.com\/groups\/61488111720\/user\/1600868098\/?__cft__[0]=AZWab_i4XKCCdYep09ITMhZIKTBRLrERnNJr49SSw_t-meMKaz9dVUJ5X945a37ez62hRAH7geapZbxYZ5ZW3N5ooBFfUZXQXiPPBkpCIubWAVF0c6PMS8EDSXd0-2YONruZc0Qf5uvWTj3RYyf9jo4M1Goctcqtky7voGghS3tJYjiG53VjuZ0oM1Tr_LN94vk&amp;__tn__=R]-R\" aria-hidden=\"false\"><span class=\"fxk3tzhb\"><span class=\"gvxzyvdx aeinzg81 t7p7dqev gh25dzvf exr7barw b6ax4al1 gem102v4 ncib64c9 mrvwc6qr sx8pxkcf f597kf1v cpcgwwas f5mw3jnl szxhu1pg nfkogyam kkmhubc1 innypi6y pbevjfx6\" dir=\"auto\">Manuel Rosso<\/span><\/span><\/a> &#8220;<\/span><\/span>Io ero l\u00ec che lavoravo quando <a class=\"qi72231t nu7423ey n3hqoq4p r86q59rh b3qcqh3k fq87ekyn bdao358l fsf7x5fv rse6dlih s5oniofx m8h3af8h l7ghb35v kjdc1dyq kmwttqpk srn514ro oxkhqvkx rl78xhln nch0832m cr00lzj9 rn8ck1ys s3jn8y49 icdlwmnq cxfqmxzd pbevjfx6 innypi6y\" tabindex=\"0\" role=\"link\" href=\"https:\/\/www.facebook.com\/groups\/61488111720\/user\/100010914038689\/?__cft__[0]=AZWab_i4XKCCdYep09ITMhZIKTBRLrERnNJr49SSw_t-meMKaz9dVUJ5X945a37ez62hRAH7geapZbxYZ5ZW3N5ooBFfUZXQXiPPBkpCIubWAVF0c6PMS8EDSXd0-2YONruZc0Qf5uvWTj3RYyf9jo4M1Goctcqtky7voGghS3tJYjiG53VjuZ0oM1Tr_LN94vk&amp;__tn__=R]-R\"><span class=\"rse6dlih\">Ivano Wiel<\/span><\/a> lo fece installare nel prato su progetto di <a class=\"qi72231t nu7423ey n3hqoq4p r86q59rh b3qcqh3k fq87ekyn bdao358l fsf7x5fv rse6dlih s5oniofx m8h3af8h l7ghb35v kjdc1dyq kmwttqpk srn514ro oxkhqvkx rl78xhln nch0832m cr00lzj9 rn8ck1ys s3jn8y49 icdlwmnq cxfqmxzd pbevjfx6 innypi6y\" tabindex=\"0\" role=\"link\" href=\"https:\/\/www.facebook.com\/groups\/61488111720\/user\/100006697263391\/?__cft__[0]=AZWab_i4XKCCdYep09ITMhZIKTBRLrERnNJr49SSw_t-meMKaz9dVUJ5X945a37ez62hRAH7geapZbxYZ5ZW3N5ooBFfUZXQXiPPBkpCIubWAVF0c6PMS8EDSXd0-2YONruZc0Qf5uvWTj3RYyf9jo4M1Goctcqtky7voGghS3tJYjiG53VjuZ0oM1Tr_LN94vk&amp;__tn__=R]-R\"><span class=\"rse6dlih\">Dario Dall&#8217;Olio<\/span><\/a>&#8220;<\/div>\n<\/div>\n<\/div>\n<\/div>\n<\/div>\n<\/div>\n<p>Le belle foto di Dario Dall&#8217;Olio (pagina facebook) che scrive <em>&#8220;scultura Guinness di <a class=\"qi72231t nu7423ey n3hqoq4p r86q59rh b3qcqh3k fq87ekyn bdao358l fsf7x5fv rse6dlih s5oniofx m8h3af8h l7ghb35v kjdc1dyq kmwttqpk srn514ro oxkhqvkx rl78xhln nch0832m cr00lzj9 rn8ck1ys s3jn8y49 icdlwmnq cxfqmxzd d1w2l3lo tes86rjd\" tabindex=\"0\" role=\"link\" href=\"https:\/\/www.facebook.com\/dario.dallolio?__cft__[0]=AZXbhkCztLVFZPBmbmTaqHDYYn0Hj-s8sJPRDj0ybIlzGpwFrWxvqW71ieTa27yNvDGeKII1uOJE5TLK_FtlNxYfMbUEuQdKhBvMRWxG4RQoN1USXg0BSBvfuOV2Z5sZgvUw2l3a9dLZQzKM85tBkSKZHm3pmI6C04Nzr7AChytehoIhlEBH46P0V37W_CqTwLE&amp;__tn__=-]K-R\"><span class=\"rse6dlih\">Dario Dall&#8217;Olio<\/span><\/a> Evvia &#8230;&#8230;.. verso nuove Avventure&#8221;<\/em><\/p>\n<p>&nbsp;<\/p>\n\n\t\t\t<style type='text\/css'>\n\t\t\t\t#gallery-3 {\n\t\t\t\t\tmargin: auto;\n\t\t\t\t}\n\t\t\t\t#gallery-3 .gallery-item {\n\t\t\t\t\tfloat: left;\n\t\t\t\t\tmargin-top: 10px;\n\t\t\t\t\ttext-align: center;\n\t\t\t\t\twidth: 25%;\n\t\t\t\t}\n\t\t\t\t#gallery-3 img {\n\t\t\t\t\tborder: 2px solid #cfcfcf;\n\t\t\t\t}\n\t\t\t\t#gallery-3 .gallery-caption {\n\t\t\t\t\tmargin-left: 0;\n\t\t\t\t}\n\t\t\t\t\/* see gallery_shortcode() in wp-includes\/media.php *\/\n\t\t\t<\/style>\n\t\t<div id='gallery-3' class='dt-gallery-container gallery galleryid-299316 gallery-columns-4 gallery-size-thumbnail'><dl class='gallery-item'>\n\t\t\t\t<dt class='gallery-icon landscape'>\n\t\t\t\t\t<a class=\"rollover rollover-zoom dt-pswp-item\" title=\"218235108_3049025695330643_2542683644809771754_n\" data-dt-img-description=\"\" data-large_image_width=\"712\" data-large_image_height=\"712\"href='https:\/\/www.radiopiu.net\/wordpress\/wp-content\/uploads\/2022\/09\/218235108_3049025695330643_2542683644809771754_n.jpg'><img loading=\"lazy\" decoding=\"async\" width=\"150\" height=\"150\" src=\"https:\/\/www.radiopiu.net\/wordpress\/wp-content\/uploads\/2022\/09\/218235108_3049025695330643_2542683644809771754_n-150x150.jpg\" class=\"attachment-thumbnail size-thumbnail\" alt=\"\" srcset=\"https:\/\/www.radiopiu.net\/wordpress\/wp-content\/uploads\/2022\/09\/218235108_3049025695330643_2542683644809771754_n-150x150.jpg 150w, https:\/\/www.radiopiu.net\/wordpress\/wp-content\/uploads\/2022\/09\/218235108_3049025695330643_2542683644809771754_n-300x300.jpg 300w, https:\/\/www.radiopiu.net\/wordpress\/wp-content\/uploads\/2022\/09\/218235108_3049025695330643_2542683644809771754_n.jpg 712w\" sizes=\"auto, (max-width: 150px) 100vw, 150px\" \/><\/a>\n\t\t\t\t<\/dt><\/dl><dl class='gallery-item'>\n\t\t\t\t<dt class='gallery-icon portrait'>\n\t\t\t\t\t<a class=\"rollover rollover-zoom dt-pswp-item\" title=\"309218184_3382647191968490_3268657426973027719_n\" data-dt-img-description=\"\" data-large_image_width=\"395\" data-large_image_height=\"600\"href='https:\/\/www.radiopiu.net\/wordpress\/wp-content\/uploads\/2022\/09\/309218184_3382647191968490_3268657426973027719_n.jpg'><img loading=\"lazy\" decoding=\"async\" width=\"150\" height=\"150\" src=\"https:\/\/www.radiopiu.net\/wordpress\/wp-content\/uploads\/2022\/09\/309218184_3382647191968490_3268657426973027719_n-150x150.jpg\" class=\"attachment-thumbnail size-thumbnail\" alt=\"\" \/><\/a>\n\t\t\t\t<\/dt><\/dl><dl class='gallery-item'>\n\t\t\t\t<dt class='gallery-icon portrait'>\n\t\t\t\t\t<a class=\"rollover rollover-zoom dt-pswp-item\" title=\"308021812_3382647228635153_1431270464266214603_n\" data-dt-img-description=\"\" data-large_image_width=\"569\" data-large_image_height=\"600\"href='https:\/\/www.radiopiu.net\/wordpress\/wp-content\/uploads\/2022\/09\/308021812_3382647228635153_1431270464266214603_n.jpg'><img loading=\"lazy\" decoding=\"async\" width=\"150\" height=\"150\" src=\"https:\/\/www.radiopiu.net\/wordpress\/wp-content\/uploads\/2022\/09\/308021812_3382647228635153_1431270464266214603_n-150x150.jpg\" class=\"attachment-thumbnail size-thumbnail\" alt=\"\" \/><\/a>\n\t\t\t\t<\/dt><\/dl><dl class='gallery-item'>\n\t\t\t\t<dt class='gallery-icon portrait'>\n\t\t\t\t\t<a class=\"rollover rollover-zoom dt-pswp-item\" title=\"307993323_3382647421968467_4035714493134175433_n\" data-dt-img-description=\"\" data-large_image_width=\"449\" data-large_image_height=\"600\"href='https:\/\/www.radiopiu.net\/wordpress\/wp-content\/uploads\/2022\/09\/307993323_3382647421968467_4035714493134175433_n.jpg'><img loading=\"lazy\" decoding=\"async\" width=\"150\" height=\"150\" src=\"https:\/\/www.radiopiu.net\/wordpress\/wp-content\/uploads\/2022\/09\/307993323_3382647421968467_4035714493134175433_n-150x150.jpg\" class=\"attachment-thumbnail size-thumbnail\" alt=\"\" \/><\/a>\n\t\t\t\t<\/dt><\/dl><br style=\"clear: both\" \/>\n\t\t\t<\/div>\n\n<p>&nbsp;<\/p>\n<p>&nbsp;<\/p>\n<p>&nbsp;<\/p>\n<p>&nbsp;<\/p>\n<hr \/>\n<p>&nbsp;<\/p>\n<p>&nbsp;<\/p>\n<blockquote>\n<h3>50 SOPRALLUOGHI E 25 INTERVENTI NELLE FRAZIONI<\/h3>\n<\/blockquote>\n<p><strong> <a class=\"dt-pswp-item\" href=\"https:\/\/www.radiopiu.net\/wordpress\/wp-content\/uploads\/2022\/06\/oscar-de-pellegrin.png\" data-dt-img-description=\"OSCAR DE PELLEGRIN\" data-large_image_width=\"2000\" data-large_image_height=\"1804\"><img loading=\"lazy\" decoding=\"async\" class=\"wp-image-281257 alignleft\" src=\"https:\/\/www.radiopiu.net\/wordpress\/wp-content\/uploads\/2022\/06\/oscar-de-pellegrin-300x271.png\" alt=\"\" width=\"173\" height=\"156\" srcset=\"https:\/\/www.radiopiu.net\/wordpress\/wp-content\/uploads\/2022\/06\/oscar-de-pellegrin-300x271.png 300w, https:\/\/www.radiopiu.net\/wordpress\/wp-content\/uploads\/2022\/06\/oscar-de-pellegrin-1024x924.png 1024w, https:\/\/www.radiopiu.net\/wordpress\/wp-content\/uploads\/2022\/06\/oscar-de-pellegrin-768x693.png 768w, https:\/\/www.radiopiu.net\/wordpress\/wp-content\/uploads\/2022\/06\/oscar-de-pellegrin-1536x1385.png 1536w, https:\/\/www.radiopiu.net\/wordpress\/wp-content\/uploads\/2022\/06\/oscar-de-pellegrin.png 2000w\" sizes=\"auto, (max-width: 173px) 100vw, 173px\" \/><\/a>BELLUNO<\/strong>\u00a0 Circa venticinque interventi in un paio di mesi, una cinquantina di uscite sul territorio e un centinaio di persone incontrate.<em> \u201cLa coperta \u00e8 corta \u2013 dichiara il sindaco, Oscar De Pellegrin -, ma fin dalla nostra campagna abbiamo assicurato che non sarebbe mancata l\u2019attenzione alle frazioni\u201d<\/em>. Tre o quattro volte a settimana il consigliere di maggioranza Massimo Garzotto esce in sopralluogo seguendo le segnalazioni dei cittadini e cercando di dare risposta immediata, dove possibile.<em> \u201cE\u2019 un modo per essere vicini alle persone \u2013 dichiara -, quando arriva una chiamata o un messaggio intervengo nel giro di uno o due giorni. A volte risolviamo il tutto in una settimana, lavoro compreso\u201d. <\/em>Cos\u00ec nelle ultime settimane \u00e8 stata rimessa a nuovo la pista ciclabile di Salce, dove \u00e8 stato steso un fondo nuovo, pulito il bordo strada da entrambi i lati e tagliata l\u2019erba. Allo stesso modo sono stati puliti tombini e caditoie di Vezzano, Cavarzano e Cusighe, sono state coperte buche nelle strade vicinali con l\u2019asfalto a freddo e si sono cercati fondi esterni per rimettere in funzione la ferrata Sperti nella Schiara. Nei prossimi giorni si interverr\u00e0 in Nevegal per la sostituzione di alcuni cartelli rotti lungo la sentieristica. Per i lavori pi\u00f9 importanti la delega passa all\u2019assessorato ai lavori pubblici.<\/p>\n<p>&nbsp;<\/p>\n<hr \/>\n<p>&nbsp;<\/p>\n<p>&nbsp;<\/p>\n<blockquote>\n<h3>LA TELEMEDICINA AL CENTRO DEL CONVEGNO ANAP<\/h3>\n<\/blockquote>\n<p><strong>BELLUNO <\/strong>Al centro del confronto di Pedavena, le proposte e le prospettive della telemedicina: ovvero, l\u2019insieme di tecniche mediche e informatiche che permettono di curare il paziente a distanza. E di fornire servizi utili: soprattutto alle persone pi\u00f9 anziane. La presidente ANAP Belluno, Antinesca De Pol: <em>\u00abLa vita ha le sue tappe, ognuna delle quali \u00e8 caratterizzata da eventi ed esigenze. Attraverso le iniziative dell\u2019ANAP, cerchiamo di sensibilizzare chi di competenza, ma anche i diretti interessati, rispetto a una migliore qualit\u00e0 di vita per la persona non pi\u00f9 in et\u00e0 lavorativa\u00bb.\u00a0 <\/em>All\u2019appuntamento di Pedavena erano presenti il vice presidente Anap Veneto, Raffaele Zordanazzo, la presidente Confartigianato Imprese Belluno, Claudia Scarzanella, il sindaco Nicola Castellaz, la consigliera provinciale Serenella Bogana,\u00a0 Monica Briani, dirigente Programmazione sanitaria della Regione e Mauro Fantinel della Cardiologia dell\u2019ospedale Santa Maria del Prato di Feltre.<\/p>\n\n\t\t\t<style type='text\/css'>\n\t\t\t\t#gallery-4 {\n\t\t\t\t\tmargin: auto;\n\t\t\t\t}\n\t\t\t\t#gallery-4 .gallery-item {\n\t\t\t\t\tfloat: left;\n\t\t\t\t\tmargin-top: 10px;\n\t\t\t\t\ttext-align: center;\n\t\t\t\t\twidth: 33%;\n\t\t\t\t}\n\t\t\t\t#gallery-4 img {\n\t\t\t\t\tborder: 2px solid #cfcfcf;\n\t\t\t\t}\n\t\t\t\t#gallery-4 .gallery-caption {\n\t\t\t\t\tmargin-left: 0;\n\t\t\t\t}\n\t\t\t\t\/* see gallery_shortcode() in wp-includes\/media.php *\/\n\t\t\t<\/style>\n\t\t<div id='gallery-4' class='dt-gallery-container gallery galleryid-299316 gallery-columns-3 gallery-size-thumbnail'><dl class='gallery-item'>\n\t\t\t\t<dt class='gallery-icon landscape'>\n\t\t\t\t\t<a class=\"rollover rollover-zoom dt-pswp-item\" title=\"Convegno_a_Pedavena_2\" data-dt-img-description=\"\" data-large_image_width=\"1600\" data-large_image_height=\"1200\"href='https:\/\/www.radiopiu.net\/wordpress\/wp-content\/uploads\/2022\/09\/Convegno_a_Pedavena_2.jpg'><img loading=\"lazy\" decoding=\"async\" width=\"150\" height=\"150\" src=\"https:\/\/www.radiopiu.net\/wordpress\/wp-content\/uploads\/2022\/09\/Convegno_a_Pedavena_2-150x150.jpg\" class=\"attachment-thumbnail size-thumbnail\" alt=\"\" \/><\/a>\n\t\t\t\t<\/dt><\/dl><dl class='gallery-item'>\n\t\t\t\t<dt class='gallery-icon landscape'>\n\t\t\t\t\t<a class=\"rollover rollover-zoom dt-pswp-item\" title=\"Convegno_a_Pedavena_3\" data-dt-img-description=\"\" data-large_image_width=\"1600\" data-large_image_height=\"1200\"href='https:\/\/www.radiopiu.net\/wordpress\/wp-content\/uploads\/2022\/09\/Convegno_a_Pedavena_3.jpg'><img loading=\"lazy\" decoding=\"async\" width=\"150\" height=\"150\" src=\"https:\/\/www.radiopiu.net\/wordpress\/wp-content\/uploads\/2022\/09\/Convegno_a_Pedavena_3-150x150.jpg\" class=\"attachment-thumbnail size-thumbnail\" alt=\"\" \/><\/a>\n\t\t\t\t<\/dt><\/dl><dl class='gallery-item'>\n\t\t\t\t<dt class='gallery-icon landscape'>\n\t\t\t\t\t<a class=\"rollover rollover-zoom dt-pswp-item\" title=\"Convegno_a_Pedavena\" data-dt-img-description=\"\" data-large_image_width=\"1024\" data-large_image_height=\"768\"href='https:\/\/www.radiopiu.net\/wordpress\/wp-content\/uploads\/2022\/09\/Convegno_a_Pedavena.jpg'><img loading=\"lazy\" decoding=\"async\" width=\"150\" height=\"150\" src=\"https:\/\/www.radiopiu.net\/wordpress\/wp-content\/uploads\/2022\/09\/Convegno_a_Pedavena-150x150.jpg\" class=\"attachment-thumbnail size-thumbnail\" alt=\"\" \/><\/a>\n\t\t\t\t<\/dt><\/dl><br style=\"clear: both\" \/>\n\t\t\t<\/div>\n\n<p>&nbsp;<\/p>\n<hr \/>\n<p>&nbsp;<\/p>\n<blockquote>\n<h3>ELISA, IL FRATELLO MAURO E ROBERTA I NUOVI BARISTI AL VERTIK AREA<\/h3>\n<\/blockquote>\n<p><strong><img loading=\"lazy\" decoding=\"async\" class=\"alignleft\" src=\"https:\/\/www.radiopiu.net\/wordpress\/wp-content\/uploads\/2022\/09\/af9ac705-49e3-4c0e-a9e4-03c37c3c43f4.jpg\" width=\"134\" height=\"238\" \/>SAN TOMASO.<\/strong> Sono Elisa Vattai, il fratello Mauro e Roberta D\u2019Arrigo i nuovi gestori del bar-ristorante di propriet\u00e0 comunale annesso alla Vertik Area, la palestra di arrampicata di San Tomaso. I tre, rispettivamente 36, 30 e 28 anni, sono stati gli unici a partecipare al bando pubblicato dal Comune il 24 agosto e scaduto a met\u00e0 settembre. La loro speranza \u00e8 ora quella di aprire il locale con i primi di novembre. \u00c8 dunque durato poco il periodo in cui la conduzione dell\u2019esercizio pubblico in localit\u00e0 Al Pian \u00e8 rimasta vacante. Nel giugno scorso, infatti, l\u2019amministrazione comunale, guidata dal sindaco Moreno De Val, e Massimo Busin, che a dicembre 2021 era diventato il primo gestore del bar-ristorante, erano arrivati alla risoluzione consensuale del contratto<em> \u00abperch\u00e9 \u2013 aveva spiegato De Val \u2013 le vedute erano differenti\u00bb.<\/em> Ora si apre una nuova fase<em>. \u00abTutti tre \u2013 spiega Elisa Vattai \u2013 abbiamo sempre lavorato nel settore (rifugi, ristoranti, alberghi); mio fratello Mauro \u00e8 inoltre accompagnatore di mezza montagna e quindi vicino a quello che viene proposto nella Vertik Area; Roberta \u00e8 invece maestra di snowboard a dimostrazione di un attaccamento alla montagna e alle opportunit\u00e0 che essa offre anche nell\u2019ambito sportivo e turistico\u00bb. <\/em>Per Elisa e Mauro (che abitano a Canale) e Roberta (originaria di Santa Giustina, ma da quasi dieci anni in Agordino) sar\u00e0 la prima esperienza in proprio dopo tanti anni da dipendenti<em>. \u00abLa cosa \u00e8 nata in maniera inattesa \u2013 spiega Elisa che da 17 anni lavorava al rifugio Gigio Picol \u2013 un giorno Valerio Scarpa, il gestore della Vertik Area, ci ha chiesto se conoscevamo qualcuno interessato al bar-ristorante annesso. Cos\u00ec ci siamo detti: &#8220;Perch\u00e9 non proviamo noi?&#8221;. Abbiamo partecipato al bando e lo abbiamo vinto. Il contratto, 4320 euro l\u2019anno, sar\u00e0 di sette anni con possibilit\u00e0 di rinnovo\u00bb. <\/em>I nuovi gestori sono animati da buona volont\u00e0 e da idee.<em> \u00abIdee \u2013 dicono \u2013 che in questi anni non abbiamo potuto mettere a frutto perch\u00e9 eravamo dipendenti. Ora proveremo. Al momento apriremo un bar-paninoteca con qualche possibilit\u00e0 di piatti. Sar\u00e0 ad ogni modo un\u2019offerta &#8220;easy&#8221;, veloce e agile, pensata soprattutto per gli utenti della palestra, ma non solo. Abbiamo gi\u00e0 il nostro giro di amici-clienti che sicuramente verranno a farci visita e questo ci consente di partire con fiducia. Poi, un po\u2019 alla volta, metteremo in campo nuove idee: la struttura \u00e8 isolata, dispone di un ampio parcheggio e dello spazio per fare musica\u00bb.<\/em> Soddisfatto il sindaco De Val. \u00ab<em>Noi siamo super contenti \u2013 dice &#8211; \u00c8 una squadra giovane e, tra l\u2019altro, il padre di Elisa e Mauro \u00e8 di San Tomaso\u00bb.<\/em><\/p>\n<p>&nbsp;<\/p>\n<hr \/>\n<hr \/>\n<p>&nbsp;<\/p>\n<blockquote>\n<h3>CONSIGLIO COMUNALE DI FALCADE IN DIRETTA SUI CANALI DI RADIOPIU<\/h3>\n<\/blockquote>\n<p><strong><img loading=\"lazy\" decoding=\"async\" class=\"alignleft\" src=\"https:\/\/www.radiopiu.net\/wordpress\/wp-content\/uploads\/2022\/06\/FALCADE-SALVATERRA-2.jpg\" width=\"144\" height=\"81\" \/>FALCADE<\/strong>. Si apre con la ratifica della delibera di giunta del 4 settembre relativa alla nona variazione al bilancio di previsione e con l\u2019approvazione della decima variazione allo stesso il consiglio comunale di Falcade convocato dal vicesindaco Alvise Luchetta. Si discuter\u00e0 anche della trasformazione del consorzio Dmo Dolomiti in una fondazione, delle modifiche al piano triennale dei lavori pubblici e della modifica di bozza di convenzione per la realizzazione di interventi sulle reti acquedottistiche finanziati col Pnrr per conto del Comune.<\/p>\n<p><span style=\"color: #ff0000;\"><strong>DIRETTA RADIOPIU<\/strong><\/span><\/p>\n<p>https:\/\/www.facebook.com\/marco.baghy.1\/videos\/1272861020178367\/<\/p>\n<p>&nbsp;<\/p>\n<p>&nbsp;<\/p>\n<hr \/>\n<p>&nbsp;<\/p>\n<blockquote>\n<h3>RITORNA L&#8217;UNIVERSITA&#8217; DEGLI ANZIANI AD AGORDO<\/h3>\n<\/blockquote>\n<p><strong><a class=\"dt-pswp-item\" href=\"https:\/\/www.radiopiu.net\/wordpress\/wp-content\/uploads\/2022\/09\/UNIVERSITA-ANZIANI-AGORDO-min.jpg\" data-dt-img-description=\"\" data-large_image_width=\"500\" data-large_image_height=\"500\"><img loading=\"lazy\" decoding=\"async\" class=\" wp-image-297212 alignleft\" src=\"https:\/\/www.radiopiu.net\/wordpress\/wp-content\/uploads\/2022\/09\/UNIVERSITA-ANZIANI-AGORDO-min-150x150.jpg\" alt=\"\" width=\"113\" height=\"113\" srcset=\"https:\/\/www.radiopiu.net\/wordpress\/wp-content\/uploads\/2022\/09\/UNIVERSITA-ANZIANI-AGORDO-min-150x150.jpg 150w, https:\/\/www.radiopiu.net\/wordpress\/wp-content\/uploads\/2022\/09\/UNIVERSITA-ANZIANI-AGORDO-min-300x300.jpg 300w, https:\/\/www.radiopiu.net\/wordpress\/wp-content\/uploads\/2022\/09\/UNIVERSITA-ANZIANI-AGORDO-min.jpg 500w\" sizes=\"auto, (max-width: 113px) 100vw, 113px\" \/><\/a>AGORDO- <\/strong>Dopo la forzata sospensione degli ultimi due anni, dovuta al Coronavirus, riprende l\u2019attivit\u00e0 della sezione di Agordo dell\u2019Universit\u00e0 Adulti\/Anziani di Belluno. Sar\u00e0 Marco Perale, noto giornalista e storico, a inaugurare, marted\u00ec 4\u00b0 ottobre, alle 15 in sala don Tamis ad Agordo, il 25\u00b0 anno accademico della sezione che nel 2019-20 contava circa centocinquanta iscritti. Lo far\u00e0 con una prolusione parlando di \u00abDino Buzzati 50 anni dopo. La mostra di Belluno\u00bb. \u00c8 solo il primo dei vari importanti anniversari ricorrenti nel 2022 e che il Comitato di gestione, coordinato da Gabriele Bernardi, ha ritenuto di trattare nel corso del 1\u00b0 trimestre delle lezioni, riguardanti in particolare modo personaggi e avvenimenti di carattere locale. Il Comitato ricorda che alla prolusione sono come sempre invitati non solo gli iscritti, ma tutti coloro che desiderano partecipare a un momento di approfondimento culturale sempre di interessante attualit\u00e0. Questo il programma delle lezioni, sempre il marted\u00ec dalle 15 alle 17 in sala don Tamis (fra parentesi il nome del relatore). Marted\u00ec 11 ottobre: Il delirium, o stato confusionale (Giampaolo Ben) e Ohann\u00e9s Gurekian (1902-1984), progettista armeno nelle Dolomiti (Sara Gnech); 18 ottobre: Il \u2018mago\u2019 Pietro d\u2019Abano, tra storia e leggenda (Gregorio Piaia); 25 ottobre: Valerio Da Pos (1740-1822), poeta contadino, nel 200\u00b0 della morte (Dino Bridda; 8 novembre: Socrate: vivere e morire filosoficamente (Lisa De Luca) e Le carte di credito e debito (Giovanni De Gasperi); 15 novembre: La grande emigrazione in Brasile di fine \u2019800 (Luca Luchetta); 22 novembre: Le montagne di Mario Rigoni Stern (Sara Luchetta) e Augusto Murer (1922-1985) nel centenario della nascita (Dino Bridda); 29 novembre: Alluvioni a confronto: 1966-2018 (Vittorio Fenti); 6 dicembre: Don Antonio Della Lucia, profeta agordino (Loris Serafini) e Gio.Batta Rossi (1922-2010), linguista agordino a 100 anni dalla nascita (Luisa Manfroi); 13 dicembre: 50 anni di Belumat e ricordo di Gianni Secco (Giorgio Fornasier); 20 dicembre: I re Magi tra storia e leggenda (Fiorella Candiani), quindi chiusura del 1\u00b0 trimestre con brindisi e scambio di auguri natalizi e di fine anno. Non \u00e8 stato al momento ancora definito il programma delle attivit\u00e0 complementari che dovrebbe prevedere il laboratorio artistico (tutti i gioved\u00ec) seguito dall\u2019affermata artista alleghese Laura Ballis e quello di informatica a cura di Enza Dagai. Lo stesso vale per il programma visite (al momento solo alla mostra su Ohann\u00e9s Gurekian nella biblioteca civica di Agordo) e gite d\u2019istruzione e altre iniziative da programmare nel corso dell\u2019anno. Info: 0437-62416 (coordinatore) e 333-8638929 (segretaria).<\/p>\n<p><strong>TUTTI GLI APPUNTAMENTI IN PROGRAMMA<\/strong><\/p>\n<a href=\"https:\/\/www.radiopiu.net\/wordpress\/wp-content\/uploads\/2022\/09\/aaa.pdf\" class=\"pdfemb-viewer\" style=\"\" data-width=\"max\" data-height=\"max\" data-toolbar=\"top\" data-toolbar-fixed=\"on\">aaa<\/a>\n<p>&nbsp;<\/p>\n<p>&nbsp;<\/p>\n<p>&nbsp;<\/p>\n<p>&nbsp;<\/p>\n<hr \/>\n<p>&nbsp;<\/p>\n<p>&nbsp;<\/p>\n<p><a class=\"dt-pswp-item\" href=\"https:\/\/www.radiopiu.net\/wordpress\/wp-content\/uploads\/2022\/09\/3d7cb3cf-6597-4884-ac4d-69b4df5c8b84.jpg\" data-dt-img-description=\"\" data-large_image_width=\"800\" data-large_image_height=\"800\"><img loading=\"lazy\" decoding=\"async\" class=\"size-medium wp-image-299437 aligncenter\" src=\"https:\/\/www.radiopiu.net\/wordpress\/wp-content\/uploads\/2022\/09\/3d7cb3cf-6597-4884-ac4d-69b4df5c8b84-300x300.jpg\" alt=\"\" width=\"300\" height=\"300\" srcset=\"https:\/\/www.radiopiu.net\/wordpress\/wp-content\/uploads\/2022\/09\/3d7cb3cf-6597-4884-ac4d-69b4df5c8b84-300x300.jpg 300w, https:\/\/www.radiopiu.net\/wordpress\/wp-content\/uploads\/2022\/09\/3d7cb3cf-6597-4884-ac4d-69b4df5c8b84-150x150.jpg 150w, https:\/\/www.radiopiu.net\/wordpress\/wp-content\/uploads\/2022\/09\/3d7cb3cf-6597-4884-ac4d-69b4df5c8b84-768x768.jpg 768w, https:\/\/www.radiopiu.net\/wordpress\/wp-content\/uploads\/2022\/09\/3d7cb3cf-6597-4884-ac4d-69b4df5c8b84.jpg 800w\" sizes=\"auto, (max-width: 300px) 100vw, 300px\" \/><\/a><\/p>\n<p>&nbsp;<\/p>\n<blockquote class=\"wp-embedded-content\" data-secret=\"DxAE8l30ye\"><p><a href=\"https:\/\/www.radiopiu.net\/wordpress\/aziendazerosettembre29\/\">SONO 5222 I NUOVI POSITIVI IN VENETO DELLE ULTIME 24 ORE. CINQUE I DECESSI, RICOVERI IN AUMENTO<\/a><\/p><\/blockquote>\n<p><iframe loading=\"lazy\" class=\"wp-embedded-content\" sandbox=\"allow-scripts\" security=\"restricted\" style=\"position: absolute; clip: rect(1px, 1px, 1px, 1px);\" title=\"&#8220;SONO 5222 I NUOVI POSITIVI IN VENETO DELLE ULTIME 24 ORE. CINQUE I DECESSI, RICOVERI IN AUMENTO&#8221; &#8212; Radio Pi\u00f9\" src=\"https:\/\/www.radiopiu.net\/wordpress\/aziendazerosettembre29\/embed\/#?secret=eP3eOKDmYE#?secret=DxAE8l30ye\" data-secret=\"DxAE8l30ye\" width=\"600\" height=\"338\" frameborder=\"0\" marginwidth=\"0\" marginheight=\"0\" scrolling=\"no\"><\/iframe><\/p>\n<p>&nbsp;<\/p>\n<h2>I GRAFICI DI TIZIANO DE COL<\/h2>\n\n\t\t\t<style type='text\/css'>\n\t\t\t\t#gallery-5 {\n\t\t\t\t\tmargin: auto;\n\t\t\t\t}\n\t\t\t\t#gallery-5 .gallery-item {\n\t\t\t\t\tfloat: left;\n\t\t\t\t\tmargin-top: 10px;\n\t\t\t\t\ttext-align: center;\n\t\t\t\t\twidth: 33%;\n\t\t\t\t}\n\t\t\t\t#gallery-5 img {\n\t\t\t\t\tborder: 2px solid #cfcfcf;\n\t\t\t\t}\n\t\t\t\t#gallery-5 .gallery-caption {\n\t\t\t\t\tmargin-left: 0;\n\t\t\t\t}\n\t\t\t\t\/* see gallery_shortcode() in wp-includes\/media.php *\/\n\t\t\t<\/style>\n\t\t<div id='gallery-5' class='dt-gallery-container gallery galleryid-299316 gallery-columns-3 gallery-size-thumbnail'><dl class='gallery-item'>\n\t\t\t\t<dt class='gallery-icon landscape'>\n\t\t\t\t\t<a class=\"rollover rollover-zoom dt-pswp-item\" title=\"456628df-ec0e-4e05-bbea-1babad3b217a\" data-dt-img-description=\"\" data-large_image_width=\"590\" data-large_image_height=\"368\"href='https:\/\/www.radiopiu.net\/wordpress\/wp-content\/uploads\/2022\/09\/456628df-ec0e-4e05-bbea-1babad3b217a.jpg'><img loading=\"lazy\" decoding=\"async\" width=\"150\" height=\"150\" src=\"https:\/\/www.radiopiu.net\/wordpress\/wp-content\/uploads\/2022\/09\/456628df-ec0e-4e05-bbea-1babad3b217a-150x150.jpg\" class=\"attachment-thumbnail size-thumbnail\" alt=\"\" \/><\/a>\n\t\t\t\t<\/dt><\/dl><dl class='gallery-item'>\n\t\t\t\t<dt class='gallery-icon landscape'>\n\t\t\t\t\t<a class=\"rollover rollover-zoom dt-pswp-item\" title=\"bdee9de0-59ac-45ef-9805-0f7ebf664ca5\" data-dt-img-description=\"\" data-large_image_width=\"604\" data-large_image_height=\"358\"href='https:\/\/www.radiopiu.net\/wordpress\/wp-content\/uploads\/2022\/09\/bdee9de0-59ac-45ef-9805-0f7ebf664ca5.jpg'><img loading=\"lazy\" decoding=\"async\" width=\"150\" height=\"150\" src=\"https:\/\/www.radiopiu.net\/wordpress\/wp-content\/uploads\/2022\/09\/bdee9de0-59ac-45ef-9805-0f7ebf664ca5-150x150.jpg\" class=\"attachment-thumbnail size-thumbnail\" alt=\"\" \/><\/a>\n\t\t\t\t<\/dt><\/dl><dl class='gallery-item'>\n\t\t\t\t<dt class='gallery-icon landscape'>\n\t\t\t\t\t<a class=\"rollover rollover-zoom dt-pswp-item\" title=\"25126899-4f87-479c-a961-ad3dedbf85f9\" data-dt-img-description=\"\" data-large_image_width=\"602\" data-large_image_height=\"362\"href='https:\/\/www.radiopiu.net\/wordpress\/wp-content\/uploads\/2022\/09\/25126899-4f87-479c-a961-ad3dedbf85f9.jpg'><img loading=\"lazy\" decoding=\"async\" width=\"150\" height=\"150\" src=\"https:\/\/www.radiopiu.net\/wordpress\/wp-content\/uploads\/2022\/09\/25126899-4f87-479c-a961-ad3dedbf85f9-150x150.jpg\" class=\"attachment-thumbnail size-thumbnail\" alt=\"\" \/><\/a>\n\t\t\t\t<\/dt><\/dl><br style=\"clear: both\" \/><dl class='gallery-item'>\n\t\t\t\t<dt class='gallery-icon landscape'>\n\t\t\t\t\t<a class=\"rollover rollover-zoom dt-pswp-item\" title=\"2750b4b2-201c-4d94-b3cd-926ad37d4259\" data-dt-img-description=\"\" data-large_image_width=\"608\" data-large_image_height=\"361\"href='https:\/\/www.radiopiu.net\/wordpress\/wp-content\/uploads\/2022\/09\/2750b4b2-201c-4d94-b3cd-926ad37d4259.jpg'><img loading=\"lazy\" decoding=\"async\" width=\"150\" height=\"150\" src=\"https:\/\/www.radiopiu.net\/wordpress\/wp-content\/uploads\/2022\/09\/2750b4b2-201c-4d94-b3cd-926ad37d4259-150x150.jpg\" class=\"attachment-thumbnail size-thumbnail\" alt=\"\" \/><\/a>\n\t\t\t\t<\/dt><\/dl><dl class='gallery-item'>\n\t\t\t\t<dt class='gallery-icon landscape'>\n\t\t\t\t\t<a class=\"rollover rollover-zoom dt-pswp-item\" title=\"bc5eaadf-1c78-4d38-9006-f4c9f71aedfe\" data-dt-img-description=\"\" data-large_image_width=\"610\" data-large_image_height=\"356\"href='https:\/\/www.radiopiu.net\/wordpress\/wp-content\/uploads\/2022\/09\/bc5eaadf-1c78-4d38-9006-f4c9f71aedfe.jpg'><img loading=\"lazy\" decoding=\"async\" width=\"150\" height=\"150\" src=\"https:\/\/www.radiopiu.net\/wordpress\/wp-content\/uploads\/2022\/09\/bc5eaadf-1c78-4d38-9006-f4c9f71aedfe-150x150.jpg\" class=\"attachment-thumbnail size-thumbnail\" alt=\"\" \/><\/a>\n\t\t\t\t<\/dt><\/dl><dl class='gallery-item'>\n\t\t\t\t<dt class='gallery-icon landscape'>\n\t\t\t\t\t<a class=\"rollover rollover-zoom dt-pswp-item\" title=\"aa5081d4-0237-4951-9bab-b8946c7a1118\" data-dt-img-description=\"\" data-large_image_width=\"610\" data-large_image_height=\"354\"href='https:\/\/www.radiopiu.net\/wordpress\/wp-content\/uploads\/2022\/09\/aa5081d4-0237-4951-9bab-b8946c7a1118.jpg'><img loading=\"lazy\" decoding=\"async\" width=\"150\" height=\"150\" src=\"https:\/\/www.radiopiu.net\/wordpress\/wp-content\/uploads\/2022\/09\/aa5081d4-0237-4951-9bab-b8946c7a1118-150x150.jpg\" class=\"attachment-thumbnail size-thumbnail\" alt=\"\" \/><\/a>\n\t\t\t\t<\/dt><\/dl><br style=\"clear: both\" \/>\n\t\t\t<\/div>\n\n<hr \/>\n<p>&nbsp;<\/p>\n<blockquote>\n<h3>AMBULATORIO STOMIZZATI ANCHE AD AURONZO<\/h3>\n<\/blockquote>\n<p class=\"western\"><span style=\"color: #222222;\"><span style=\"font-family: Calibri, serif;\"><em>Con l\u2019attivazione di questo nuovo servizio infermieristico anche in Auronzo, ora tutti gli ospedali dell\u2019Ulss Dolomiti sono dotati di ambulatorio per le persone con stomia.<\/em><\/span><\/span><\/p>\n<p><a class=\"dt-pswp-item\" href=\"https:\/\/www.radiopiu.net\/wordpress\/wp-content\/uploads\/2022\/09\/WhatsApp-Image-2022-09-28-at-15.34.26.jpeg\" data-dt-img-description=\"\" data-large_image_width=\"2048\" data-large_image_height=\"1536\"><img loading=\"lazy\" decoding=\"async\" class=\"wp-image-299434 alignleft\" src=\"https:\/\/www.radiopiu.net\/wordpress\/wp-content\/uploads\/2022\/09\/WhatsApp-Image-2022-09-28-at-15.34.26-300x225.jpeg\" alt=\"\" width=\"159\" height=\"119\" srcset=\"https:\/\/www.radiopiu.net\/wordpress\/wp-content\/uploads\/2022\/09\/WhatsApp-Image-2022-09-28-at-15.34.26-300x225.jpeg 300w, https:\/\/www.radiopiu.net\/wordpress\/wp-content\/uploads\/2022\/09\/WhatsApp-Image-2022-09-28-at-15.34.26-1024x768.jpeg 1024w, https:\/\/www.radiopiu.net\/wordpress\/wp-content\/uploads\/2022\/09\/WhatsApp-Image-2022-09-28-at-15.34.26-768x576.jpeg 768w, https:\/\/www.radiopiu.net\/wordpress\/wp-content\/uploads\/2022\/09\/WhatsApp-Image-2022-09-28-at-15.34.26-1536x1152.jpeg 1536w, https:\/\/www.radiopiu.net\/wordpress\/wp-content\/uploads\/2022\/09\/WhatsApp-Image-2022-09-28-at-15.34.26.jpeg 2048w\" sizes=\"auto, (max-width: 159px) 100vw, 159px\" \/><\/a><br \/>\n<strong>AURONZO<\/strong> <span style=\"font-family: Calibri, serif;\">E\u2019 stato avviato un nuovo servizio all\u2019ospedale di Auronzo: <\/span><span style=\"color: #222222;\"><span style=\"font-family: Calibri, serif;\">l\u2019ambulatorio per stomizzati,rivolto alle persone portatrici di stomia intestinale o urinaria. <\/span><\/span><span style=\"color: #222222;\"><span style=\"font-family: Calibri, serif;\">L\u2019ambulatorio \u00e8 gestito da infermieri specializzati che hanno l\u2019obiettivo di assicurare ai pazienti un\u2019assistenza a tutto tondo. Le persone con stomia, infatti, possono sviluppare nel tempo importanti lesioni cutanee in corso di trattamenti oncologici e non solo, che necessitano di assistenza infermieristica avanzata a livello ambulatoriale. <\/span><\/span><span style=\"color: #222222;\"><span style=\"font-family: Calibri, serif;\">Attualmente sono oltre 250 i pazienti con stomia seguiti in Ulss Dolomiti: oltre agli ambulatori di Belluno, Agordo, Pieve di Cadore e Feltre, da oggi si aggiunge anche l\u2019ambulatorio di Auronzo.<\/span><\/span><\/p>\n<p>&nbsp;<\/p>\n<p>&nbsp;<\/p>\n<p>&nbsp;<\/p>\n<hr \/>\n<p><em><a class=\"dt-pswp-item\" href=\"https:\/\/www.radiopiu.net\/wordpress\/wp-content\/uploads\/2022\/09\/WhatsApp-Image-2022-09-29-at-12.57.26.jpeg\" data-dt-img-description=\"\" data-large_image_width=\"899\" data-large_image_height=\"1599\"><img loading=\"lazy\" decoding=\"async\" class=\"size-medium wp-image-299436 alignleft\" src=\"https:\/\/www.radiopiu.net\/wordpress\/wp-content\/uploads\/2022\/09\/WhatsApp-Image-2022-09-29-at-12.57.26-169x300.jpeg\" alt=\"\" width=\"169\" height=\"300\" srcset=\"https:\/\/www.radiopiu.net\/wordpress\/wp-content\/uploads\/2022\/09\/WhatsApp-Image-2022-09-29-at-12.57.26-169x300.jpeg 169w, https:\/\/www.radiopiu.net\/wordpress\/wp-content\/uploads\/2022\/09\/WhatsApp-Image-2022-09-29-at-12.57.26-576x1024.jpeg 576w, https:\/\/www.radiopiu.net\/wordpress\/wp-content\/uploads\/2022\/09\/WhatsApp-Image-2022-09-29-at-12.57.26-768x1366.jpeg 768w, https:\/\/www.radiopiu.net\/wordpress\/wp-content\/uploads\/2022\/09\/WhatsApp-Image-2022-09-29-at-12.57.26-864x1536.jpeg 864w, https:\/\/www.radiopiu.net\/wordpress\/wp-content\/uploads\/2022\/09\/WhatsApp-Image-2022-09-29-at-12.57.26.jpeg 899w\" sizes=\"auto, (max-width: 169px) 100vw, 169px\" \/><\/a><\/em><\/p>\n<blockquote>\n<h3>MONTAGNA TERAPIA, IL GRUPPO SI ALLARGA<\/h3>\n<\/blockquote>\n<p><em>Camminare in montagna consente di ascoltare il proprio corpo, di sentirsi immersi in una natura accogliente, ma anche di scoprire con umilt\u00e0 e a piccoli passi che certi limiti si possono superare mentre altri devono essere rispettati.<\/em><\/p>\n<p><strong>BELLUNO<\/strong> Sta prendendo piede la montagnaterapia in ulss Dolomiti. Ieri, all&#8217;escursione nelle malghe della Valmorel, insieme alle Psichiatrie di Feltre e Belluno, ha partecipato anche il gruppo della Psichiatria di Oderzo. Nonostante il tempo poco clemente, la giornata \u00e8 stata accolta con calore dai partecipanti. Durante il tragitto, passo dopo passo, camminando insieme, il gruppo ha iniziato questa nuova esperienza, ammirando il panorama, scoprendo specie vegetali, osservando gli animali e sostando alle malghe lungo il percorso. Oggi c&#8217;\u00e8 stato anche un incontro ravvicinato con una salamandra!<\/p>\n<div><\/div>\n<p>&nbsp;<\/p>\n<p>&nbsp;<\/p>\n<hr \/>\n<blockquote>\n<h3><\/h3>\n<h3>PROGETTO EVOLUTION, DA UN&#8217;IDEA DELL&#8217;APPIA CNA<\/h3>\n<\/blockquote>\n<p><em>\u201c<span style=\"font-family: Arial Narrow, serif;\"><span style=\"font-size: small;\">Con questo progetto l\u2019APPIA CNA &#8211; spiega il presidente dell\u2019APPIA CNA Massimo Sposato &#8211; vuole indirizzare verso tale nuova consapevolezza le realt\u00e0 del lavoro e dell\u2019impresa, fornendo nuovi strumenti di analisi e di crescita.\u201d<\/span><\/span><\/em><\/p>\n<p><strong><a class=\"dt-pswp-item\" href=\"https:\/\/www.radiopiu.net\/wordpress\/wp-content\/uploads\/2022\/09\/th-10.jpg\" data-dt-img-description=\"\" data-large_image_width=\"170\" data-large_image_height=\"87\"><img loading=\"lazy\" decoding=\"async\" class=\"size-full wp-image-299246 alignleft\" src=\"https:\/\/www.radiopiu.net\/wordpress\/wp-content\/uploads\/2022\/09\/th-10.jpg\" alt=\"\" width=\"170\" height=\"87\" \/><\/a>BELLUNO<\/strong><span style=\"font-family: Arial Narrow, serif;\"><span style=\"font-size: small;\"> \u201cEvolution &#8211; competenze per il lavoro di domani \u2013 Strategie di sviluppo delle competenze di imprenditorialit\u00e0 per giovani e donne\u201d. <\/span><\/span><span style=\"font-family: Arial Narrow, serif;\"><span style=\"font-size: small;\">Il progetto, avvalendosi del contributo e supporto di diverse figure accademiche ed istituzionali, vuole analizzare gli scenari economico-sociali del territorio, per fornire, al tessuto imprenditoriale e alle comunit\u00e0 locali, nuove chiavi interpretative di quello che sar\u00e0 l\u2019essere e il fare azienda nella provincia di Belluno.\u00a0 I<\/span><\/span><span style=\"font-family: Arial Narrow, serif;\"><span style=\"font-size: small;\">l percorso progettuale si articola in tre momenti. <\/span><\/span><span style=\"font-family: Arial Narrow, serif;\"><span style=\"font-size: small;\">Il primo di questi, in programma per il 4 ottobre prossimo, servir\u00e0 a declinare il concetto di sostenibilit\u00e0 dal punto di vista ambientale, economico e sociale. <\/span><\/span><span style=\"font-family: Arial Narrow, serif;\"><span style=\"font-size: small;\">Il secondo incontro previsto si terr\u00e0 l\u20198 novembre e sar\u00e0 incentrato sul capitale umano. <\/span><\/span><span style=\"font-family: Arial Narrow, serif;\"><span style=\"font-size: small;\">Il progetto trover\u00e0 poi compimento il 2 dicembre in un laboratorio progettuale che permetter\u00e0 di approfondire il design. <\/span><\/span>\u201c<span style=\"font-family: Arial Narrow, serif;\"><span style=\"font-size: small;\">Il progetto Evolution \u2013 aggiunge Cristian Sacchet, direttore dell\u2019APPIA CNA &#8211; offre utili strumenti di accrescimento delle competenze, in linea con le trasformazioni in atto nel mondo del lavoro&#8221;\u00a0<\/span><\/span><\/p>\n<p>&nbsp;<\/p>\n<hr \/>\n<p>&nbsp;<\/p>\n<p><strong> <a class=\"dt-pswp-item\" href=\"https:\/\/www.radiopiu.net\/wordpress\/wp-content\/uploads\/2022\/01\/280px-DBGosaldoPala3.jpg\" data-dt-img-description=\"\" data-large_image_width=\"280\" data-large_image_height=\"181\"><img loading=\"lazy\" decoding=\"async\" class=\"wp-image-255077 alignleft\" src=\"https:\/\/www.radiopiu.net\/wordpress\/wp-content\/uploads\/2022\/01\/280px-DBGosaldoPala3.jpg\" alt=\"\" width=\"145\" height=\"94\" \/><\/a>GOSALDO.<\/strong> Scade il 7 ottobre il bando per l\u2019assegnazione per quattro anni rinnovabili di due alloggi di propriet\u00e0 comunale non arredati ubicati nell\u2019immobile sito in via Croce Rossa a Gosaldo. Entrambi gli alloggi (uno di 101 e l\u2019altro di 72 metri quadri) sono formati da tre vani, oltre cucina e servizi, e sono dotati di cantina, autorimessa singola (rispettivamente di 25 e 65 metri quadri) con attestato di prestazione energetica degli edifici (APE) classe G. Info contattando il Comune di Gosaldo.<\/p>\n<p>&nbsp;<\/p>\n<p>&nbsp;<\/p>\n<hr \/>\n<p>&nbsp;<\/p>\n<blockquote>\n<h3 class=\"entry-title\">PRONTO SOCCORSO DI AGORDO, LUNEDI LA CONSEGNA DI NUOVI LOCALI RISTRUTTURATI. CI SARA\u2019 L\u2019ASSESSORE LANZARIN<\/h3>\n<\/blockquote>\n<p><strong><img loading=\"lazy\" decoding=\"async\" class=\"alignleft\" src=\"https:\/\/www.radiopiu.net\/wordpress\/wp-content\/uploads\/2022\/09\/th-8.jpg\" width=\"162\" height=\"91\" \/>AGORDO<\/strong>\u00a0Come da programmi saranno consegnati lunedi i nuovi locali ristrutturati del Pronto Soccorso di Agordo (secondo stralcio). Una seconda fase che ha previsto al pari della prima importanti interventi di ristrutturazione ed ampliamento. L\u2019assessore alla sanit\u00e0, Manuela Lanzarin, lunedi alle 11 sar\u00e0 ad Agordo, presso il pronto soccorso, per la consegna ufficiale dei nuovi locali alla presenza del direttore generale della Ulss1 Maria Grazia Carraro.<\/p>\n<p>&nbsp;<\/p>\n<p>&nbsp;<\/p>\n<hr \/>\n<p>&nbsp;<\/p>\n<blockquote>\n<h3>AL VIA I CORSI PER ASSAGGIATORI DI FORMAGGI<\/h3>\n<\/blockquote>\n<p><strong><a class=\"dt-pswp-item\" href=\"https:\/\/www.radiopiu.net\/wordpress\/wp-content\/uploads\/2018\/10\/formaggio.jpg\" data-dt-img-description=\"\" data-large_image_width=\"1280\" data-large_image_height=\"853\"><img loading=\"lazy\" decoding=\"async\" class=\"wp-image-65340 alignleft\" src=\"https:\/\/www.radiopiu.net\/wordpress\/wp-content\/uploads\/2018\/10\/formaggio-300x200.jpg\" alt=\"\" width=\"171\" height=\"114\" srcset=\"https:\/\/www.radiopiu.net\/wordpress\/wp-content\/uploads\/2018\/10\/formaggio-300x200.jpg 300w, https:\/\/www.radiopiu.net\/wordpress\/wp-content\/uploads\/2018\/10\/formaggio-768x512.jpg 768w, https:\/\/www.radiopiu.net\/wordpress\/wp-content\/uploads\/2018\/10\/formaggio-1024x682.jpg 1024w, https:\/\/www.radiopiu.net\/wordpress\/wp-content\/uploads\/2018\/10\/formaggio.jpg 1280w\" sizes=\"auto, (max-width: 171px) 100vw, 171px\" \/><\/a>BELLUNO<\/strong> Conoscere i formaggi, raccontarli e saperli abbinare a vini e altri prodotti in percorsi di degustazioni sempre pi\u00f9 richiesti da amanti della buona tavola e turisti. \u00c8 l\u2019obiettivo del corso organizzato da Onaf, organizzazione nazionale assaggiatori di formaggi, con il patrocinio di Confagricoltura Belluno, che partir\u00e0 il 10 ottobre e si svolger\u00e0 nella sala convegni della casa di riposo Gaggia Lante a Cavarzano. I corsi per assaggiatori di formaggi riscuotono crescente interesse anche in ambito agricolo, sia da parte degli allevatori, interessati ad approfondire la conoscenza dei prodotti per illustrarne le caratteristiche ai consumatori, sia agli agriturismi che ricevono sempre pi\u00f9 richieste dei turisti di percorsi enogastronomici con abbinamenti speciali con vini, confetture e mieli. \u201c\u00c8 importante essere dei bravi casari e saper fare bene il formaggio \u2013 sottolinea Diego Donazzolo, presidente di Confagricoltura Belluno -, ma oggi \u00e8 importante anche saperlo raccontare ai consumatori. Inoltre questi corsi favoriscono il confronto tra i produttori, che \u00e8 uno stimolo fondamentale per crescere e affinare le proprie produzioni\u201d.<\/p>\n<p>&nbsp;<\/p>\n<hr \/>\n<p>&nbsp;<\/p>\n<p>&nbsp;<\/p>\n<blockquote>\n<h3>BEATO LUCIANI, IL DOCUMENTARIO DI ROBERTO SORAMAE&#8217;<\/h3>\n<\/blockquote>\n<p><strong><a class=\"dt-pswp-item\" href=\"https:\/\/www.radiopiu.net\/wordpress\/wp-content\/uploads\/2022\/09\/Roberto-Soramae-bn-768x576-1.jpg\" data-dt-img-description=\"\" data-large_image_width=\"768\" data-large_image_height=\"576\"><img loading=\"lazy\" decoding=\"async\" class=\" wp-image-299477 alignleft\" src=\"https:\/\/www.radiopiu.net\/wordpress\/wp-content\/uploads\/2022\/09\/Roberto-Soramae-bn-768x576-1-300x225.jpg\" alt=\"\" width=\"243\" height=\"182\" srcset=\"https:\/\/www.radiopiu.net\/wordpress\/wp-content\/uploads\/2022\/09\/Roberto-Soramae-bn-768x576-1-300x225.jpg 300w, https:\/\/www.radiopiu.net\/wordpress\/wp-content\/uploads\/2022\/09\/Roberto-Soramae-bn-768x576-1.jpg 768w\" sizes=\"auto, (max-width: 243px) 100vw, 243px\" \/><\/a>CANALE D\u2019AGORDO<\/strong>. \u201cAlbino Luciani: un miracolo dalle Dolomiti\u201d, il nuovo filmato del regista agordino Roberto Sorama\u00e8, \u00e8 ora in vendita, disponibile in dvd e su chiavetta usb all\u2019Ufficio UNPLI di Belluno, alla Pro Loco e al Museo Albino Luciani di Canale d\u2019Agordo e su richiesta anche presso gli altri uffici territoriali (info e prenotazioni: belluno@unpliveneto.it tel. 0437 1831211). Il documentario inedito, realizzato dal Comitato Unpli delle Pro Loco bellunesi, grazie al contributo di Unpli Veneto, della Pro Loco di Canale d\u2019Agordo e della Fondazione Papa Luciani Onlus, racconta le origini di Papa Luciani. Esso \u00e8 il risultato di un pi\u00f9 ampio progetto, al quale ha contribuito la Regione Veneto, e che ha interessato anche il restauro della via crucis Papa Luciani lungo il percorso da Canale d\u2019Agordo a Falcade. Attraverso immagini d\u2019epoca, testimonianze e citazioni, il filmato mette in luce le radici di Albino Luciani, le emozioni e l\u2019ambiente che hanno attraversato la sua vita e che lo hanno portato alla beatificazione, avvenuta per il miracolo di Candela Giarda, la giovane argentina guarita grazie alla sua intercessione.<\/p>\n<p>&nbsp;<\/p>\n<p>&nbsp;<\/p>\n<hr \/>\n<p>&nbsp;<\/p>\n<blockquote>\n<h3>STRADA DI DIGOMAN A SENSO UNICO ALTERNATO FINO AL 7 OTTOBRE<\/h3>\n<\/blockquote>\n<p><strong><a class=\"dt-pswp-item\" href=\"https:\/\/www.radiopiu.net\/wordpress\/wp-content\/uploads\/2020\/05\/VENETO-STRADE.png\" data-dt-img-description=\"\" data-large_image_width=\"400\" data-large_image_height=\"400\"><img loading=\"lazy\" decoding=\"async\" class=\"wp-image-135574 alignleft\" src=\"https:\/\/www.radiopiu.net\/wordpress\/wp-content\/uploads\/2020\/05\/VENETO-STRADE-300x300.png\" alt=\"\" width=\"140\" height=\"140\" srcset=\"https:\/\/www.radiopiu.net\/wordpress\/wp-content\/uploads\/2020\/05\/VENETO-STRADE-300x300.png 300w, https:\/\/www.radiopiu.net\/wordpress\/wp-content\/uploads\/2020\/05\/VENETO-STRADE-150x150.png 150w, https:\/\/www.radiopiu.net\/wordpress\/wp-content\/uploads\/2020\/05\/VENETO-STRADE.png 400w\" sizes=\"auto, (max-width: 140px) 100vw, 140px\" \/><\/a><\/strong><\/p>\n<p><strong>\u00a0<\/strong><\/p>\n<p><strong>VOLTAGO<\/strong> Veneto Strade comunica che dal 29 settembre e fino al 7 ottobre, esclusi sabato e domenica, la SP 26 di Digoman sar\u00e0 interessata da un&#8217;istituzione di senso unico alternato regolato da semaforo in comune di Voltago. Nel periodo interessato sar\u00e0 istituito anche il divieto di transito ai veicoli aventi massa a pieno carico superiore alle 7,5 tonnellate. Sar\u00e0 posta idonea segnaletica.<\/p>\n<p>&nbsp;<\/p>\n<p>&nbsp;<\/p>\n<p>&nbsp;<\/p>\n<hr \/>\n<blockquote>\n<h3><\/h3>\n<h3>SP 8 DI SAN TOMASO, PROROGATA LA CHIUSURA A FASCE ORARIE FINO ALL&#8217;11 NOVEMBRE<\/h3>\n<\/blockquote>\n<p><strong><img loading=\"lazy\" decoding=\"async\" class=\"alignleft\" src=\"https:\/\/www.radiopiu.net\/wordpress\/wp-content\/uploads\/2021\/11\/81aa72cc-d66b-44fa-afd5-7103ae531a24.jpg\" width=\"154\" height=\"113\" \/>SAN TOMASO<\/strong> Da un mese sono iniziati i lavori sulla SP 8 di San Tomaso a Col Zares\u00e8. Veneto Strade ha comunicato la proroga dell&#8217;ordinanza fino al 11 novembre. E\u2019 dal 17 luglio del 2014 che per raggiungere San Tomaso da Cencenighe \u00e8 d\u2019obbligo il rispetto del semaforo, ma dalla prossima stagione autunnale a lavori terminati e micropali piantati tutto cambier\u00e0. Ai residenti soprattutto viene richiesto ancora un sacrificio, ma pur di rivedere aperta quella strada nella sua normalit\u00e0 \u00e8 giustificato e lecito. Fino al 11 novembre, esclusi festivi e prefestivi, la strada chiuder\u00e0 totalmente dalle 7.15 alle 12.45 e dalle 14.15 alle 17.45. Negli altri orari senso unico alternato regolato da semaforo.<\/p>\n<p>&nbsp;<\/p>\n<p><em><strong>DIVIETO DI TRANSITO VEICOLARE A FADES DI LA VALLE AGORDINA TRA L&#8217;INCROCIO CON LA SR 347 E IL CIVICO 2. FINO AL 18 NOVEMBRE, SABATO, DOMENICA E FESTIVI COMPRESI. IL DIVIETO AVRA&#8217; EFFICACIA NEI GIORNI DI EFFETTIVA ESECUZIONE DEL CANTIERE.\u00a0<\/strong><\/em><\/p>\n<p>&nbsp;<\/p>\n<hr \/>\n<p>&nbsp;<\/p>\n<blockquote>\n<h3>L&#8217;UNIONE MONTANA PRESENTA IL BILANCIO CONSOLIDATO 2021<\/h3>\n<\/blockquote>\n<p><strong>AGORDO<\/strong> Consiglio dell&#8217;Unione Montana, lunedi alle 20 in sala Don Tamis. All&#8217;ordine del giorno l&#8217;approvazione del bilancio consolidato 2021, la presentazione del documento unico di programmazione (DUP), delega all&#8217;Unione Montana per il servizio associato di manutenzioni ambientali, trasformazione del consorzio DMO a Fondazione, comunicazioni del presidente Paolo Frena.<\/p>\n<p>&nbsp;<\/p>\n<p>&nbsp;<\/p>\n<hr \/>\n<p>&nbsp;<\/p>\n<blockquote>\n<h3>IL SINDACO COMUNICA L&#8217;AMMONTARE DEL CONTRIBUTO STATALE<\/h3>\n<\/blockquote>\n<p><strong>TAIBON.<\/strong> Il sindaco di Taibon, Silvia Tormen, ha convocato il consiglio comunale per domani alle 8.30. All\u2019ordine del giorno la ratifica di una variazione al bilancio di previsione e l\u2019approvazione del documento unico di programmazione (Dup). Il consiglio sar\u00e0 quindi chiamato all\u2019approvazione della convenzione con la Provincia per la gestione di fondi ministeriali. Il sindaco dar\u00e0 poi comunicazione in merito alla concessione al Comune di Taibon di altri contributi statali.<\/p>\n<p>&nbsp;<\/p>\n<hr \/>\n<p>&nbsp;<\/p>\n<blockquote>\n<h3>DAL BOSCO ALLA PRODUZIONE DI ENERGIA, UNA FILIERA PER BELLLUNO NELLE LINEE GREEN DEL PNRR<\/h3>\n<\/blockquote>\n<p><strong><a class=\"dt-pswp-item\" href=\"https:\/\/www.radiopiu.net\/wordpress\/wp-content\/uploads\/2022\/09\/aaaaaa.jpg\" data-dt-img-description=\"\" data-large_image_width=\"265\" data-large_image_height=\"257\"><img loading=\"lazy\" decoding=\"async\" class=\"wp-image-298472 alignleft\" src=\"https:\/\/www.radiopiu.net\/wordpress\/wp-content\/uploads\/2022\/09\/aaaaaa.jpg\" alt=\"\" width=\"146\" height=\"142\" \/><\/a>BELLUNO<\/strong> Oggi nella sala Eliso Dal Pont &#8220;Bianchi&#8221; alle 9.30 per iniziativa della CGIL Belluno sar\u00e0 trattato un tema importante come la potenzialit\u00e0 per la creazione locale di una filiera del bosco per la creazione di energia. Introdurr\u00e0 ai lavori Mauro De Carli, Segretario generale della Cgil di Belluno, conclusione del segretario Cgil Veneto, Paolo Righetti dopo gli interventi di Sebastiano Grosselle (segreteria Cgil Belluno), Paola Fatto, Daniele Perin, Raffaele Cavalli, Francesco Loreggian (Universit\u00e0 di Padova),\u00a0 Francesco De Bettin (presidente Dba group), Marco Staunovo Polacco (presidente Bim Piave Belluno) e Simone Deola (consigliere provinciale).<\/p>\n<p>&nbsp;<\/p>\n<p>&nbsp;<\/p>\n<p>&nbsp;<\/p>\n<hr \/>\n<p>&nbsp;<\/p>\n<blockquote>\n<h3>OLTRE LE VETTE A BELLUNO DAL 7 AL 16 OTTOBRE<\/h3>\n<\/blockquote>\n<p><strong><a class=\"dt-pswp-item\" href=\"https:\/\/www.radiopiu.net\/wordpress\/wp-content\/uploads\/2022\/09\/immagine-oltrelevette2022-totaro.jpg\" data-dt-img-description=\"\" data-large_image_width=\"1106\" data-large_image_height=\"789\"><img loading=\"lazy\" decoding=\"async\" class=\"wp-image-298605 alignleft\" src=\"https:\/\/www.radiopiu.net\/wordpress\/wp-content\/uploads\/2022\/09\/immagine-oltrelevette2022-totaro-300x214.jpg\" alt=\"\" width=\"158\" height=\"113\" srcset=\"https:\/\/www.radiopiu.net\/wordpress\/wp-content\/uploads\/2022\/09\/immagine-oltrelevette2022-totaro-300x214.jpg 300w, https:\/\/www.radiopiu.net\/wordpress\/wp-content\/uploads\/2022\/09\/immagine-oltrelevette2022-totaro-1024x731.jpg 1024w, https:\/\/www.radiopiu.net\/wordpress\/wp-content\/uploads\/2022\/09\/immagine-oltrelevette2022-totaro-768x548.jpg 768w, https:\/\/www.radiopiu.net\/wordpress\/wp-content\/uploads\/2022\/09\/immagine-oltrelevette2022-totaro.jpg 1106w\" sizes=\"auto, (max-width: 158px) 100vw, 158px\" \/><\/a>BELLUNO<\/strong> Si svolgera\u0300 come di consueto nella prima meta\u0300 del mese di ottobre a Belluno la 26a edizione di Oltre le vette \u2013 Metafore, uomini, luoghi della montagna, manifestazione dell\u2019assessorato alla cultura del Comune di Belluno organizzata insieme alla Fondazione Teatri delle Dolomiti.<\/p>\n<p>&nbsp;<\/p>\n<p><strong>VALERIA BENNI, ORGANIZZATRICE DI OLTRE LE VETTE<\/strong><\/p>\n<audio class=\"wp-audio-shortcode\" id=\"audio-299316-5\" preload=\"none\" style=\"width: 100%;\" controls=\"controls\"><source type=\"audio\/mpeg\" src=\"https:\/\/www.radiopiu.net\/wordpress\/wp-content\/uploads\/2022\/09\/Valeria-Benni-OLV.mp3?_=5\" \/><a href=\"https:\/\/www.radiopiu.net\/wordpress\/wp-content\/uploads\/2022\/09\/Valeria-Benni-OLV.mp3\">https:\/\/www.radiopiu.net\/wordpress\/wp-content\/uploads\/2022\/09\/Valeria-Benni-OLV.mp3<\/a><\/audio>\n<p>&nbsp;<\/p>\n<hr \/>\n<p>&nbsp;<\/p>\n<blockquote>\n<h3>VENETO LEGGE, L&#8217;IMPEGNO LIMANESE CON RINFRESCO<\/h3>\n<\/blockquote>\n<p><strong>LIMANA<\/strong> Oggi la Biblioteca di Limana parteciper\u00e0 alla 6^ edizione della Maratona di Lettura Il Veneto Legge, un progetto promosso dall\u2019Assessorato alla Cultura della Regione Veneto che vede come protagonista il libro e la lettura. La Biblioteca di Limana propone dalle 15.15 a sera un ricco programma di letture e coinvolger\u00e0 tutte le fasce d\u2019et\u00e0. Tutti gli incontri si terranno presso la Sala Nocivelli della Biblioteca di Limana a ingresso gratuito con piccolo rinfresco<\/p>\n<p><strong>PROGRAMMA\u00a0<\/strong>Ore 15.15 &#8220;Le voci del bosco&#8221;, brani tratti dal libro di Mauro Corona, letture per bambini 6-10 anni con Antonella e Roberta; \u00a016.30 &#8220;I piccoli segreti della montagna&#8221;, letture per bambini 3-5 anni con Carolina e Maristella; \u00a017.45 &#8220;La memoria di Gena&#8221;, brani tratti da &#8220;I piccoli maestri&#8221; di Luigi Meneghello e approfondimenti sulla Valle del Mis. Letture per ragazzi dagli 11 anni in su con Fl\u00f2; 20.30 &#8220;Ultima sera di settembre in compagnia di Buzzati&#8221;, letture con la Compagnia del moccolo (Angelo, Piero, Elena e Nanni)<\/p>\n<p>&nbsp;<\/p>\n<hr \/>\n<p>&nbsp;<\/p>\n<blockquote>\n<h2>DONNE E AGRICOLTURA<\/h2>\n<\/blockquote>\n<p><strong>BORGO VALBELLUNA<\/strong> L&#8217;impegno femminile ieri, oggi e domani \u00e8 il filo conduttore dell&#8217;incontro del 5 ottobre a Mel, alle 20.30 nella chiesa di San Pietro. Relatrici: Daniela Perco (antropologa), Chiara Bortolas (Donne Impresa della Coldiretti) Elisa Colle (imprenditrice) Martina Vergerio (impreditrice) Elena Bill\u00f2 (imprenditrice) Cinzia Sanzovo (imprenditrice)<\/p>\n<p>&nbsp;<\/p>\n<hr \/>\n<p>&nbsp;<\/p>\n<p>&nbsp;<\/p>\n<h2><span style=\"color: #33cccc;\">PRIMA IL CAMMINO, ORA LA RACCOLTA FONDI PER L&#8217;ADOS, OGGI LA PRIMA SERATA AL NOF FILO&#8217; DI CENCENIGHE<\/span><\/h2>\n<p><a class=\"dt-pswp-item\" href=\"https:\/\/www.radiopiu.net\/wordpress\/wp-content\/uploads\/2022\/09\/4c4f94b5-fab3-4659-9a07-49bdb222e14b.jpg\" data-dt-img-description=\"\" data-large_image_width=\"1131\" data-large_image_height=\"1600\"><img loading=\"lazy\" decoding=\"async\" class=\"size-medium wp-image-299334 alignleft\" src=\"https:\/\/www.radiopiu.net\/wordpress\/wp-content\/uploads\/2022\/09\/4c4f94b5-fab3-4659-9a07-49bdb222e14b-212x300.jpg\" alt=\"\" width=\"212\" height=\"300\" srcset=\"https:\/\/www.radiopiu.net\/wordpress\/wp-content\/uploads\/2022\/09\/4c4f94b5-fab3-4659-9a07-49bdb222e14b-212x300.jpg 212w, https:\/\/www.radiopiu.net\/wordpress\/wp-content\/uploads\/2022\/09\/4c4f94b5-fab3-4659-9a07-49bdb222e14b-724x1024.jpg 724w, https:\/\/www.radiopiu.net\/wordpress\/wp-content\/uploads\/2022\/09\/4c4f94b5-fab3-4659-9a07-49bdb222e14b-768x1086.jpg 768w, https:\/\/www.radiopiu.net\/wordpress\/wp-content\/uploads\/2022\/09\/4c4f94b5-fab3-4659-9a07-49bdb222e14b-1086x1536.jpg 1086w, https:\/\/www.radiopiu.net\/wordpress\/wp-content\/uploads\/2022\/09\/4c4f94b5-fab3-4659-9a07-49bdb222e14b.jpg 1131w\" sizes=\"auto, (max-width: 212px) 100vw, 212px\" \/><\/a><strong>REDAZIONE<\/strong> Oggi raccontiamo la storia di Ilaria Zasso e Francesca Dai Pra. Entrambe hanno percorso il cammino per Santiago e una volta tornate a casa hanno messo in calendario tre incontri per presentare un loro documentario sul viaggio spirituale in Portogallo e Spagna. Il video in prima visione viene presentato questa sera\u00a0 al Nof Filo&#8217; di Cencenighe, seguiranno altre due serate a Caviola ed Agordo, prossimamente forse anche a Belluno. Il ricavato delle serate ad offerta libera sar\u00e0 interamente devoluto all&#8217;Ados<\/p>\n<p>&nbsp;<\/p>\n<p>&nbsp;<\/p>\n<p>&nbsp;<\/p>\n<p>&nbsp;<\/p>\n<p>&nbsp;<\/p>\n<p><strong>L&#8217;INTERVISTA ALLA RADIO<\/strong><\/p>\n<audio class=\"wp-audio-shortcode\" id=\"audio-299316-6\" preload=\"none\" style=\"width: 100%;\" controls=\"controls\"><source type=\"audio\/mpeg\" src=\"https:\/\/www.radiopiu.net\/wordpress\/wp-content\/uploads\/2022\/09\/francesca-e-ilaria.mp3?_=6\" \/><a href=\"https:\/\/www.radiopiu.net\/wordpress\/wp-content\/uploads\/2022\/09\/francesca-e-ilaria.mp3\">https:\/\/www.radiopiu.net\/wordpress\/wp-content\/uploads\/2022\/09\/francesca-e-ilaria.mp3<\/a><\/audio>\n<p>&nbsp;<\/p>\n<hr \/>\n<p>&nbsp;<\/p>\n<blockquote class=\"wp-embedded-content\" data-secret=\"jKNDQAiRKg\"><p><a href=\"https:\/\/www.radiopiu.net\/wordpress\/vittorio-fenti-alla-radio-da-un-campo-base-del-2010-lintervista-alla-radio\/\">VITTORIO FENTI ALLA RADIO, DA UN &#8220;CAMPO BASE&#8221; DEL 2010 l&#8217;intervista<\/a><\/p><\/blockquote>\n<p><iframe loading=\"lazy\" class=\"wp-embedded-content\" sandbox=\"allow-scripts\" security=\"restricted\" style=\"position: absolute; clip: rect(1px, 1px, 1px, 1px);\" title=\"&#8220;VITTORIO FENTI ALLA RADIO, DA UN &#8220;CAMPO BASE&#8221; DEL 2010 l&#8217;intervista&#8221; &#8212; Radio Pi\u00f9\" src=\"https:\/\/www.radiopiu.net\/wordpress\/vittorio-fenti-alla-radio-da-un-campo-base-del-2010-lintervista-alla-radio\/embed\/#?secret=9bn9pBBigQ#?secret=jKNDQAiRKg\" data-secret=\"jKNDQAiRKg\" width=\"600\" height=\"338\" frameborder=\"0\" marginwidth=\"0\" marginheight=\"0\" scrolling=\"no\"><\/iframe><\/p>\n<p>&nbsp;<\/p>\n<p>&nbsp;<\/p>\n<hr \/>\n<p>&nbsp;<\/p>\n<blockquote>\n<h3>SABATO 8 OTTOBRE TORNA LA FIERA DEL BESTIAM AD AGORDO<\/h3>\n<\/blockquote>\n<p><strong><a class=\"dt-pswp-item\" href=\"https:\/\/www.radiopiu.net\/wordpress\/wp-content\/uploads\/2022\/09\/Schermata-2022-09-28-alle-09.34.45.png\" data-dt-img-description=\"\" data-large_image_width=\"1308\" data-large_image_height=\"908\"><img loading=\"lazy\" decoding=\"async\" class=\"wp-image-299174 alignleft\" src=\"https:\/\/www.radiopiu.net\/wordpress\/wp-content\/uploads\/2022\/09\/Schermata-2022-09-28-alle-09.34.45-300x208.png\" alt=\"\" width=\"162\" height=\"112\" srcset=\"https:\/\/www.radiopiu.net\/wordpress\/wp-content\/uploads\/2022\/09\/Schermata-2022-09-28-alle-09.34.45-300x208.png 300w, https:\/\/www.radiopiu.net\/wordpress\/wp-content\/uploads\/2022\/09\/Schermata-2022-09-28-alle-09.34.45-1024x711.png 1024w, https:\/\/www.radiopiu.net\/wordpress\/wp-content\/uploads\/2022\/09\/Schermata-2022-09-28-alle-09.34.45-768x533.png 768w, https:\/\/www.radiopiu.net\/wordpress\/wp-content\/uploads\/2022\/09\/Schermata-2022-09-28-alle-09.34.45.png 1308w\" sizes=\"auto, (max-width: 162px) 100vw, 162px\" \/><\/a>AGORDO<\/strong> Torna sabato 8 ottobre la Fiera Del Bestiam sul Broi di Agordo. La manifestazione gemellata con Se Desmonteghea torna con il mercato dei prodotti agricoli ed artigianali, l&#8217;esposizione zootecnica con le aziende agricole, l&#8217;esposizione di macchine e attrezzatura agricole e la &#8220;Scota&#8221; del Belot. Ci sar\u00e0 la possibilit\u00e0 di pranzare con i piatti tipici e la cucina degli Alpini. Abbinata a la Fiera Del Bestiam anche Formai e Vin in Villa con 5 stand di formaggi in abbinamento a vini di cantine venete, friulane, trentine, lombarde piemontesi e prodotti da forno del territorio. Nell&#8217;occasione sar\u00e0 possibile visitare Villa Crotta &#8211; De Manzoni e la chiesa Arcidiaconale di Agordo.<\/p>\n<p>&nbsp;<\/p>\n<hr \/>\n<p>&nbsp;<\/p>\n<blockquote>\n<h3>NOTE DI NOTTE CON IL CORO FODOM, DOMANI ALLE 20.45 NELLA SALA CONGRESSI DI ARABBA<\/h3>\n<\/blockquote>\n<p><span style=\"color: #ff0000;\">L&#8217;INVITO ALLA RADIO (ITALIANO E FODOM)<\/span><\/p>\n<audio class=\"wp-audio-shortcode\" id=\"audio-299316-7\" preload=\"none\" style=\"width: 100%;\" controls=\"controls\"><source type=\"audio\/mpeg\" src=\"https:\/\/www.radiopiu.net\/wordpress\/wp-content\/uploads\/2022\/09\/CORO-FODOM-ITALIANO-OK.mp3?_=7\" \/><a href=\"https:\/\/www.radiopiu.net\/wordpress\/wp-content\/uploads\/2022\/09\/CORO-FODOM-ITALIANO-OK.mp3\">https:\/\/www.radiopiu.net\/wordpress\/wp-content\/uploads\/2022\/09\/CORO-FODOM-ITALIANO-OK.mp3<\/a><\/audio>\n<p>&nbsp;<\/p>\n<audio class=\"wp-audio-shortcode\" id=\"audio-299316-8\" preload=\"none\" style=\"width: 100%;\" controls=\"controls\"><source type=\"audio\/mpeg\" src=\"https:\/\/www.radiopiu.net\/wordpress\/wp-content\/uploads\/2022\/09\/CORO-FODOM-LADINO-OK.mp3?_=8\" \/><a href=\"https:\/\/www.radiopiu.net\/wordpress\/wp-content\/uploads\/2022\/09\/CORO-FODOM-LADINO-OK.mp3\">https:\/\/www.radiopiu.net\/wordpress\/wp-content\/uploads\/2022\/09\/CORO-FODOM-LADINO-OK.mp3<\/a><\/audio>\n<p>&nbsp;<\/p>\n<p><a class=\"dt-pswp-item\" href=\"https:\/\/www.radiopiu.net\/wordpress\/wp-content\/uploads\/2022\/09\/302864486_5894365653949692_2605161867020119659_n-1.jpg\" data-dt-img-description=\"\" data-large_image_width=\"509\" data-large_image_height=\"720\"><img loading=\"lazy\" decoding=\"async\" class=\"alignnone size-medium wp-image-299410\" src=\"https:\/\/www.radiopiu.net\/wordpress\/wp-content\/uploads\/2022\/09\/302864486_5894365653949692_2605161867020119659_n-1-212x300.jpg\" alt=\"\" width=\"212\" height=\"300\" srcset=\"https:\/\/www.radiopiu.net\/wordpress\/wp-content\/uploads\/2022\/09\/302864486_5894365653949692_2605161867020119659_n-1-212x300.jpg 212w, https:\/\/www.radiopiu.net\/wordpress\/wp-content\/uploads\/2022\/09\/302864486_5894365653949692_2605161867020119659_n-1.jpg 509w\" sizes=\"auto, (max-width: 212px) 100vw, 212px\" \/><\/a><\/p>\n<p>&nbsp;<\/p>\n<hr \/>\n<p>&nbsp;<\/p>\n<p>&nbsp;<\/p>\n<blockquote>\n<h3><a class=\"dt-pswp-item\" href=\"https:\/\/www.radiopiu.net\/wordpress\/wp-content\/uploads\/2022\/09\/AAAA-17.jpg\" data-dt-img-description=\"\" data-large_image_width=\"250\" data-large_image_height=\"242\"><img loading=\"lazy\" decoding=\"async\" class=\"wp-image-299005 alignleft\" src=\"https:\/\/www.radiopiu.net\/wordpress\/wp-content\/uploads\/2022\/09\/AAAA-17.jpg\" alt=\"\" width=\"112\" height=\"108\" \/><\/a>ALLA RADIO&#8230; IL SINGOLO DI MARCO V. DAL FARRA<\/h3>\n<\/blockquote>\n<h3>Con la presentazione di Marco<\/h3>\n<audio class=\"wp-audio-shortcode\" id=\"audio-299316-9\" preload=\"none\" style=\"width: 100%;\" controls=\"controls\"><source type=\"audio\/mpeg\" src=\"https:\/\/www.radiopiu.net\/wordpress\/wp-content\/uploads\/2022\/09\/dal-farra.mp3?_=9\" \/><a href=\"https:\/\/www.radiopiu.net\/wordpress\/wp-content\/uploads\/2022\/09\/dal-farra.mp3\">https:\/\/www.radiopiu.net\/wordpress\/wp-content\/uploads\/2022\/09\/dal-farra.mp3<\/a><\/audio>\n<p>&nbsp;<\/p>\n<p>&nbsp;<\/p>\n<p>&nbsp;<\/p>\n<hr \/>\n<p>&nbsp;<\/p>\n<blockquote>\n<h3>I CORSI DELL&#8217;ADA<\/h3>\n<\/blockquote>\n<p><strong>di GIANNI SANTOMASO<\/strong><\/p>\n<audio class=\"wp-audio-shortcode\" id=\"audio-299316-10\" preload=\"none\" style=\"width: 100%;\" controls=\"controls\"><source type=\"audio\/mpeg\" src=\"https:\/\/www.radiopiu.net\/wordpress\/wp-content\/uploads\/2022\/09\/ripartenza-corsi-ada-gianni.mp3?_=10\" \/><a href=\"https:\/\/www.radiopiu.net\/wordpress\/wp-content\/uploads\/2022\/09\/ripartenza-corsi-ada-gianni.mp3\">https:\/\/www.radiopiu.net\/wordpress\/wp-content\/uploads\/2022\/09\/ripartenza-corsi-ada-gianni.mp3<\/a><\/audio>\n<p>&nbsp;<\/p>\n<div style=\"width: 848px;\" class=\"wp-video\"><video class=\"wp-video-shortcode\" id=\"video-299316-2\" width=\"848\" height=\"480\" preload=\"metadata\" controls=\"controls\"><source type=\"video\/mp4\" src=\"https:\/\/www.radiopiu.net\/wordpress\/wp-content\/uploads\/2022\/08\/WhatsApp-Video-2022-08-30-at-17.21.20.mp4?_=2\" \/><a href=\"https:\/\/www.radiopiu.net\/wordpress\/wp-content\/uploads\/2022\/08\/WhatsApp-Video-2022-08-30-at-17.21.20.mp4\">https:\/\/www.radiopiu.net\/wordpress\/wp-content\/uploads\/2022\/08\/WhatsApp-Video-2022-08-30-at-17.21.20.mp4<\/a><\/video><\/div>\n<p>&nbsp;<\/p>\n<hr \/>\n<p>&nbsp;<\/p>\n<blockquote>\n<h3 dir=\"auto\">LE FERRARI AD ALLEGHE \u2013 EVENTO F.O.C.I.<\/h3>\n<\/blockquote>\n<div dir=\"auto\"><\/div>\n<div dir=\"auto\"><strong>ALLEGHE<\/strong> Alleghe si tinge di rosso, lunedi dalle 10:30 alle\u00a0 11:15 almeno 40 auto Ferrari sosteranno al piazzale dello Stadio del ghiaccio di Alleghe per le foto di rito e la gioia degli amanti del Cavallino<\/div>\n<p><a class=\"dt-pswp-item\" href=\"https:\/\/www.radiopiu.net\/wordpress\/wp-content\/uploads\/2022\/09\/308956893_5480935931995776_1662303743342285913_n.png\" data-dt-img-description=\"\" data-large_image_width=\"960\" data-large_image_height=\"720\"><img loading=\"lazy\" decoding=\"async\" class=\"alignnone wp-image-298738\" src=\"https:\/\/www.radiopiu.net\/wordpress\/wp-content\/uploads\/2022\/09\/308956893_5480935931995776_1662303743342285913_n-300x225.png\" alt=\"\" width=\"231\" height=\"173\" srcset=\"https:\/\/www.radiopiu.net\/wordpress\/wp-content\/uploads\/2022\/09\/308956893_5480935931995776_1662303743342285913_n-300x225.png 300w, https:\/\/www.radiopiu.net\/wordpress\/wp-content\/uploads\/2022\/09\/308956893_5480935931995776_1662303743342285913_n-768x576.png 768w, https:\/\/www.radiopiu.net\/wordpress\/wp-content\/uploads\/2022\/09\/308956893_5480935931995776_1662303743342285913_n.png 960w\" sizes=\"auto, (max-width: 231px) 100vw, 231px\" \/><\/a><\/p>\n<hr \/>\n<p>&nbsp;<\/p>\n<p>&nbsp;<\/p>\n<blockquote>\n<h3><a class=\"dt-pswp-item\" href=\"https:\/\/www.radiopiu.net\/wordpress\/wp-content\/uploads\/2022\/09\/aaa-12.jpg\" data-dt-img-description=\"\" data-large_image_width=\"260\" data-large_image_height=\"210\"><img loading=\"lazy\" decoding=\"async\" class=\" wp-image-298736 alignleft\" src=\"https:\/\/www.radiopiu.net\/wordpress\/wp-content\/uploads\/2022\/09\/aaa-12.jpg\" alt=\"\" width=\"162\" height=\"131\" \/><\/a>AUTODIFESA FEMMINILE &#8211; VIPER<\/h3>\n<\/blockquote>\n<p><strong>ARSIE<\/strong>&#8216; Una lezione gratuita,\u00a0 tre ore dalle 9 del mattino alle 12 di domenica 9 ottobre, \u00e8 il progetto dedicato alla difesa femminile, organizzato da Ving Tsun Academy.\u00a0 Si svolge presso palestra\u00a0 della scuola dell&#8217;infanzia di via Nazionale 37 a Fastro.\u00a0 Per prenotazioni ed informazioni:\u00a0 Sifu Christian Baggio, telefono 3479850726\u00a0 <a class=\"qi72231t nu7423ey n3hqoq4p r86q59rh b3qcqh3k fq87ekyn bdao358l fsf7x5fv rse6dlih s5oniofx m8h3af8h l7ghb35v kjdc1dyq kmwttqpk srn514ro oxkhqvkx rl78xhln nch0832m cr00lzj9 rn8ck1ys s3jn8y49 icdlwmnq cxfqmxzd ezidihy3\" tabindex=\"0\" role=\"link\" href=\"https:\/\/l.facebook.com\/l.php?u=http%3A%2F%2Fwww.vta-i.org%2F%3Ffbclid%3DIwAR2NIu90emTYTuUUlVqhhY9NqZgseq-C7uproC2Mk-GMrnJ8Hlfzn3J4L4M&amp;h=AT3MyyL4fnfKMhwQE4uQJAkGgI0q5lB246Kgoi_LVWcH2fGFNc-SY3Sx7qlCOBnThLs7-lo8AvPJKaC4pbQ40dIzBgfxM6v73EhioBDNWtmDMg59fBHDqCtBoZYJUng52s7l&amp;__tn__=-UK-R&amp;c[0]=AT3FOofnWJiATPPxPvtf6iv8omfFWoeHOmgvEkw-Yr43JWvsHExfOYkO_KTvNIHdYD62tSwj21Sm9TrVDVTEHE5zH9KcQuR6mJKkHjNZ5tEKvcqSkQoq04FQuD1SQ9FUavMr640P2xf3_U8qGr1Yx-HBJUTE8yA2Fz1HpcwgX7Ieajg1PXD6k77YRMMzwTGjTylhgOhknQQ\" target=\"_blank\" rel=\"nofollow noopener\">www.vta-i.org<\/a><\/p>\n<p>&nbsp;<\/p>\n<p>&nbsp;<\/p>\n<hr \/>\n<p>&nbsp;<\/p>\n<p><span style=\"color: #ff0000;\"><strong>IL TUO VOTO E&#8217; IMPORTANTE<\/strong><\/span><\/p>\n<blockquote>\n<h3>SOPRALLUOGO DEL FAI NEI SERRAI DI SOTTOGUDA. SERVONO 2500 VOTI PER LA CHIESETTA DI SANT&#8217;ANTONIO<\/h3>\n<\/blockquote>\n<p><strong><a class=\"dt-pswp-item\" href=\"https:\/\/www.radiopiu.net\/wordpress\/wp-content\/uploads\/2022\/09\/Schermata-2022-09-28-alle-12.41.53.png\" data-dt-img-description=\"\" data-large_image_width=\"2132\" data-large_image_height=\"1336\"><img loading=\"lazy\" decoding=\"async\" class=\" wp-image-299235 alignleft\" src=\"https:\/\/www.radiopiu.net\/wordpress\/wp-content\/uploads\/2022\/09\/Schermata-2022-09-28-alle-12.41.53-300x188.png\" alt=\"\" width=\"217\" height=\"136\" srcset=\"https:\/\/www.radiopiu.net\/wordpress\/wp-content\/uploads\/2022\/09\/Schermata-2022-09-28-alle-12.41.53-300x188.png 300w, https:\/\/www.radiopiu.net\/wordpress\/wp-content\/uploads\/2022\/09\/Schermata-2022-09-28-alle-12.41.53-1024x642.png 1024w, https:\/\/www.radiopiu.net\/wordpress\/wp-content\/uploads\/2022\/09\/Schermata-2022-09-28-alle-12.41.53-768x481.png 768w, https:\/\/www.radiopiu.net\/wordpress\/wp-content\/uploads\/2022\/09\/Schermata-2022-09-28-alle-12.41.53-1536x963.png 1536w, https:\/\/www.radiopiu.net\/wordpress\/wp-content\/uploads\/2022\/09\/Schermata-2022-09-28-alle-12.41.53-2048x1283.png 2048w\" sizes=\"auto, (max-width: 217px) 100vw, 217px\" \/><\/a>ROCCA PIETORE\u00a0<\/strong>Nei giorni scorsi il sindaco di Rocca Pietore Andrea De Bernardin ha effettuato un sopralluogo nei Serrai assieme ad un referente Provinciale e una componente Nazionale del FAI (Fondo Ambiente Italiano). Passando davanti alla chiesetta di Sant\u2019Antonio, l&#8217;idea di candidarla a Luogo del Cuore del FAI. &#8220;Servono almeno 2500 voti. Le votazioni sono partite a maggio e si chiudono verso fine anno. Quindi siamo in ritardo ma ce la faremo!! Questo ci permetter\u00e0 di accedere anche ad un piccolo contributo economico del FAI per i lavori di recupero della nostra chiesetta danneggiata dagli eventi atmosferici&#8221; dice il primo cittadino di Rocca Pietore.<\/p>\n<p>&nbsp;<\/p>\n<p><strong>PER VOTARE <a href=\"https:\/\/fondoambiente.it\/luoghi\/chiesetta-di-sant-antonio-serrai-di-sottoguda?ldc\">CLICCA QUI<\/a><\/strong><\/p>\n<p>&nbsp;<\/p>\n<hr \/>\n<p>&nbsp;<\/p>\n<p>&nbsp;<\/p>\n<p>&nbsp;<\/p>\n<p><a class=\"dt-pswp-item\" href=\"https:\/\/www.radiopiu.net\/wordpress\/wp-content\/uploads\/2022\/09\/5436a110-03b3-411a-8d9a-d385ebfba0c2.jpg\" data-dt-img-description=\"\" data-large_image_width=\"1131\" data-large_image_height=\"1600\"><img loading=\"lazy\" decoding=\"async\" class=\"size-medium wp-image-298983 alignleft\" src=\"https:\/\/www.radiopiu.net\/wordpress\/wp-content\/uploads\/2022\/09\/5436a110-03b3-411a-8d9a-d385ebfba0c2-212x300.jpg\" alt=\"\" width=\"212\" height=\"300\" srcset=\"https:\/\/www.radiopiu.net\/wordpress\/wp-content\/uploads\/2022\/09\/5436a110-03b3-411a-8d9a-d385ebfba0c2-212x300.jpg 212w, https:\/\/www.radiopiu.net\/wordpress\/wp-content\/uploads\/2022\/09\/5436a110-03b3-411a-8d9a-d385ebfba0c2-724x1024.jpg 724w, https:\/\/www.radiopiu.net\/wordpress\/wp-content\/uploads\/2022\/09\/5436a110-03b3-411a-8d9a-d385ebfba0c2-768x1086.jpg 768w, https:\/\/www.radiopiu.net\/wordpress\/wp-content\/uploads\/2022\/09\/5436a110-03b3-411a-8d9a-d385ebfba0c2-1086x1536.jpg 1086w, https:\/\/www.radiopiu.net\/wordpress\/wp-content\/uploads\/2022\/09\/5436a110-03b3-411a-8d9a-d385ebfba0c2.jpg 1131w\" sizes=\"auto, (max-width: 212px) 100vw, 212px\" \/><\/a><\/p>\n<p>&nbsp;<\/p>\n<h3>L&#8217;AGORDINO DICE SI AL PRESIDIO &#8220;LIBERA&#8221;<\/h3>\n<p><em>Gioved\u00ec 6 ottobre alle 20.30 in sala don Tamis ad Agordo: nasce il presidio Libera Agordino. La cittadinanza \u00e8 invitata!<\/em><\/p>\n<p>&nbsp;<\/p>\n<p><strong>AGORDO<\/strong> Gioved\u00ec 6 ottobre alle 20.30 in sala don Tamis ad Agordo si svolger\u00e0 l\u2019assemblea costitutiva del presidio agordino di \u00abLibera. Associazioni, nomi e numeri contro le mafie\u00bb, la realt\u00e0 fondata da don Luigi Ciotti nel 1995. Dopo l\u2019illustrazione degli obiettivi del presidio e la presentazione della vittima innocente di mafia a cui esso verr\u00e0 intitolato, tutti i presenti potranno firmare il patto di presidio.<\/p>\n<p>&nbsp;<\/p>\n<p>&nbsp;<\/p>\n<p>&nbsp;<\/p>\n<hr \/>\n<p>&nbsp;<\/p>\n<blockquote>\n<h3>BRETELLE LASCHE CERCA GIOVANI<\/h3>\n<\/blockquote>\n<p><strong>BELLUNO\u00a0 <\/strong>La compagnia teatrale Bretelle Lasche cerca ragazzi dai 15 ai 17 anni, motivati, per il nuovo spettacolo che sta allestendo, con previsione di debutto per la tarda primavera 2023.\u00a0 Non ci sono costi da sostenere, salvo quelli di iscrizione e assicurazione (quantificabili in 15 euro complessivi). Per proporre la propria candidatura o ricevere\u00a0 informazioni: \u00a0mail o un messaggio WhatsApp a bretellelasche@gmail.com o al numero 3293676945.Riunione di presentazione del progetto venerd\u00ec 7 ottobre alle 14 nella sede di via Feltre vicino al parcheggio ex Moi. Oltre ai ragazzi interessati a recitare, sono invitati tutti gli studenti che vogliano collaborare per la parte tecnica dello spettacolo (luci, audio, video, scenografie).<\/p>\n<p>&nbsp;<\/p>\n<p>&nbsp;<\/p>\n<hr \/>\n<blockquote>\n<h3><\/h3>\n<h3><a class=\"dt-pswp-item\" href=\"https:\/\/www.radiopiu.net\/wordpress\/wp-content\/uploads\/2022\/09\/e21441ab-5414-42e6-89a3-5a7bb7347520.jpg\" data-dt-img-description=\"\" data-large_image_width=\"902\" data-large_image_height=\"1280\"><img loading=\"lazy\" decoding=\"async\" class=\"wp-image-298173 alignleft\" src=\"https:\/\/www.radiopiu.net\/wordpress\/wp-content\/uploads\/2022\/09\/e21441ab-5414-42e6-89a3-5a7bb7347520-211x300.jpg\" alt=\"\" width=\"105\" height=\"150\" srcset=\"https:\/\/www.radiopiu.net\/wordpress\/wp-content\/uploads\/2022\/09\/e21441ab-5414-42e6-89a3-5a7bb7347520-211x300.jpg 211w, https:\/\/www.radiopiu.net\/wordpress\/wp-content\/uploads\/2022\/09\/e21441ab-5414-42e6-89a3-5a7bb7347520-722x1024.jpg 722w, https:\/\/www.radiopiu.net\/wordpress\/wp-content\/uploads\/2022\/09\/e21441ab-5414-42e6-89a3-5a7bb7347520-768x1090.jpg 768w, https:\/\/www.radiopiu.net\/wordpress\/wp-content\/uploads\/2022\/09\/e21441ab-5414-42e6-89a3-5a7bb7347520.jpg 902w\" sizes=\"auto, (max-width: 105px) 100vw, 105px\" \/><\/a><\/h3>\n<h3>FOLKLOR JALPE&#8217; DE LA MARMOLEDA<\/h3>\n<\/blockquote>\n<p><strong>ROCCA PIETORE<\/strong> Domani e domenica a Rocca Pietore torna Folklor Jalp\u00e8 De La Marmol\u00e8da. Sotto al tendone riscaldato due giorni di festa con il gruppo Folk Marmol\u00e8da. Sabato 1 ottobre dalle 18 aperitivo in musica con i Volxalp, dalle 19 stand gastronomico con piatti tipici, alle 22 il rock dei Sinfobia e chiusura con DJ set. Domenica 2 ottobre la Santa Messa alle 11, dalle 12:30 pranzo con piatti tipici e musica con Die Derstige. Alle 14:30 la sfilata dei gruppi folk, alle 18 musica con i Pazedins e finale con la cucina tipica dalle 19.<\/p>\n<p>&nbsp;<\/p>\n<hr \/>\n<p>&nbsp;<\/p>\n<p>&nbsp;<\/p>\n<blockquote>\n<h3>RITORNA LA PEDONATA \u201cIL VENTO TRA I CAPELLI\u201d<\/h3>\n<\/blockquote>\n<p><strong><a class=\"dt-pswp-item\" href=\"https:\/\/www.radiopiu.net\/wordpress\/wp-content\/uploads\/2022\/09\/vtic1.jpeg\" data-dt-img-description=\"\" data-large_image_width=\"2021\" data-large_image_height=\"1346\"><img loading=\"lazy\" decoding=\"async\" class=\"wp-image-298940 alignleft\" src=\"https:\/\/www.radiopiu.net\/wordpress\/wp-content\/uploads\/2022\/09\/vtic1-300x200.jpeg\" alt=\"\" width=\"167\" height=\"111\" srcset=\"https:\/\/www.radiopiu.net\/wordpress\/wp-content\/uploads\/2022\/09\/vtic1-300x200.jpeg 300w, https:\/\/www.radiopiu.net\/wordpress\/wp-content\/uploads\/2022\/09\/vtic1-1024x682.jpeg 1024w, https:\/\/www.radiopiu.net\/wordpress\/wp-content\/uploads\/2022\/09\/vtic1-768x511.jpeg 768w, https:\/\/www.radiopiu.net\/wordpress\/wp-content\/uploads\/2022\/09\/vtic1-1536x1023.jpeg 1536w, https:\/\/www.radiopiu.net\/wordpress\/wp-content\/uploads\/2022\/09\/vtic1.jpeg 2021w\" sizes=\"auto, (max-width: 167px) 100vw, 167px\" \/><\/a>BELLUNO <\/strong>C\u2019\u00e8 grande attesa per la sedicesima pedonata non competitiva \u201cIl Vento tra i capelli\u201d che si terr\u00e0 domenica 2 ottobre grazie all\u2019organizzazione del Comitato Prevenzione Salute Donna. Lo start sar\u00e0 alle 10. Il percorso di 5 km si snoder\u00e0 lungo le vie del centro di Belluno con partenza e arrivo in Piazza dei Martiri.La scelta di svolgimento ad ottobre non \u00e8 casuale in quanto viene proposta in concomitanza con il mese della prevenzione e della salute per la donna.<\/p>\n<p>&nbsp;<\/p>\n<p>&nbsp;<\/p>\n<p>&nbsp;<\/p>\n<hr \/>\n<p>&nbsp;<\/p>\n<p>&nbsp;<\/p>\n<blockquote class=\"wp-embedded-content\" data-secret=\"Gd9qCW2nqJ\"><p><a href=\"https:\/\/www.radiopiu.net\/wordpress\/odio-la-radio-dieci-anni-dopo-di-mirko-mezzacasa\/\">&#8220;ODIO LA RADIO&#8221;&#8230; DIECI ANNI DOPO, di Mirko Mezzacasa<\/a><\/p><\/blockquote>\n<p><iframe loading=\"lazy\" class=\"wp-embedded-content\" sandbox=\"allow-scripts\" security=\"restricted\" style=\"position: absolute; clip: rect(1px, 1px, 1px, 1px);\" title=\"&#8220;&#8220;ODIO LA RADIO&#8221;&#8230; DIECI ANNI DOPO, di Mirko Mezzacasa&#8221; &#8212; Radio Pi\u00f9\" src=\"https:\/\/www.radiopiu.net\/wordpress\/odio-la-radio-dieci-anni-dopo-di-mirko-mezzacasa\/embed\/#?secret=w8dK6NHxWM#?secret=Gd9qCW2nqJ\" data-secret=\"Gd9qCW2nqJ\" width=\"600\" height=\"338\" frameborder=\"0\" marginwidth=\"0\" marginheight=\"0\" scrolling=\"no\"><\/iframe><\/p>\n<p>&nbsp;<\/p>\n<hr \/>\n<p>&nbsp;<\/p>\n<blockquote>\n<h3>OHANNES GUREKIAN, UN PROGETTISTA ARMENO DELLE DOLOMITI<\/h3>\n<\/blockquote>\n<p><strong><a class=\"dt-pswp-item\" href=\"https:\/\/www.radiopiu.net\/wordpress\/wp-content\/uploads\/2022\/09\/Unknown.jpeg\" data-dt-img-description=\"\" data-large_image_width=\"1536\" data-large_image_height=\"2048\"><img loading=\"lazy\" decoding=\"async\" class=\" wp-image-297481 alignleft\" src=\"https:\/\/www.radiopiu.net\/wordpress\/wp-content\/uploads\/2022\/09\/Unknown-150x150.jpeg\" alt=\"\" width=\"95\" height=\"95\" \/><\/a>BELLUNO <\/strong>Fino al giorno 29 ottobre, sar\u00e0 possibile visitare il percorso espositivo presso la biblioteca civica di Agordo.\u00a0 <strong>SABATO 1<\/strong> ottobre\u00a0 &#8220;escursione architettonica&#8221; fra i vicoli del paese di Frassen\u00e9 Agordino, che per lungo tempo Gurekian elesse quale luogo di residenza, per vedere dal vivo alcune delle realizzazioni dei suoi progetti.\u00a0 <strong>SABATO 8<\/strong> ottobre (notte di plenilunio) trekking da Frassen\u00e9 al Rifugio Scarpa-Gurekian raccontando cosa lega questo luogo alla storia di Ohann\u00e9s Gurekian. Poi ci sar\u00e0 la possibilit\u00e0 di fermarsi per cenare.<\/p>\n<p>&nbsp;<\/p>\n<hr \/>\n<p>&nbsp;<\/p>\n<blockquote>\n<h3><\/h3>\n<h3>69^ STAGIONE DEL CIRCOLO CULTURALE BELLUNESE<\/h3>\n<\/blockquote>\n<p><strong>BELLUNO<\/strong> Al via la seconda parte della 69a Stagione 2022 del Circolo Culturale Bellunese, sulle note del flauto di Federica Lotti, accompagnata al pianoforte da Massimo Somenzi. Il concerto si tiene nell&#8217;Auditorium del liceo Lollino di Belluno, oggi, alle ore 20:30. La serata sar\u00e0 introdotta da un tradizionale Benvenuto in Musica degli alunni della Classe di flauto del Liceo musicale \u201cG. Renier\u201d, prof.ssa Giorgia Reolon. Informazioni e note di sala complete sul sito belrcircolo.org.<\/p>\n<p>&nbsp;<\/p>\n<p>&nbsp;<\/p>\n<hr \/>\n<p>&nbsp;<\/p>\n<blockquote>\n<h2>PROLOCO DI RIVAMONTE AGORDINO<\/h2>\n<\/blockquote>\n<div>\n<div class=\"hael596l alzwoclg jl2a5g8c qjfq86k5 r227ecj6 gt60zsk1 s1m0hq7j\">\n<div class=\"cgu29s5g\">\n<div class=\"alzwoclg cqf1kptm siwo0mpr gu5uzgus\">\n<div class=\"jroqu855 nthtkgg5\"><strong>14-15-16 OTTOBRE 2022<\/strong><\/div>\n<\/div>\n<\/div>\n<\/div>\n<\/div>\n<div>\n<div class=\"\" dir=\"auto\">\n<div id=\"jsc_c_1y\" class=\"d2hqwtrz r227ecj6 ez8dtbzv gt60zsk1\" data-ad-comet-preview=\"message\" data-ad-preview=\"message\">\n<div class=\"alzwoclg cqf1kptm siwo0mpr gu5uzgus\">\n<div class=\"jroqu855 nthtkgg5\">\n<div class=\"m8h3af8h l7ghb35v kjdc1dyq kmwttqpk gh25dzvf n3t5jt4f\">\n<div dir=\"auto\">Finalmente ritorna l&#8217;Oktoberfest. Tre giorni di festa in compagnia di buona musica e buon cibo: Canederli, \u00a0Spatzle<\/div>\n<div dir=\"auto\">Stinco con crauti e patate fritte e Buona birra in bicchieri di vetro\u00a0 \u00a0 \u00a0<strong>STAY TUNED<\/strong><br \/>\n<a class=\"dt-pswp-item\" href=\"https:\/\/www.radiopiu.net\/wordpress\/wp-content\/uploads\/2022\/09\/306610049_3398892650338616_7875061756741663012_n.jpg\" data-dt-img-description=\"\" data-large_image_width=\"720\" data-large_image_height=\"261\"><img loading=\"lazy\" decoding=\"async\" class=\"alignnone wp-image-296989 size-full\" src=\"https:\/\/www.radiopiu.net\/wordpress\/wp-content\/uploads\/2022\/09\/306610049_3398892650338616_7875061756741663012_n.jpg\" alt=\"\" width=\"720\" height=\"261\" srcset=\"https:\/\/www.radiopiu.net\/wordpress\/wp-content\/uploads\/2022\/09\/306610049_3398892650338616_7875061756741663012_n.jpg 720w, https:\/\/www.radiopiu.net\/wordpress\/wp-content\/uploads\/2022\/09\/306610049_3398892650338616_7875061756741663012_n-300x109.jpg 300w\" sizes=\"auto, (max-width: 720px) 100vw, 720px\" \/><\/a><\/div>\n<div dir=\"auto\"><\/div>\n<\/div>\n<\/div>\n<\/div>\n<\/div>\n<\/div>\n<\/div>\n<p>&nbsp;<\/p>\n<hr \/>\n<p>&nbsp;<\/p>\n<blockquote>\n<h3>DOMENICA 23 OTTOBRE LA GRANDE FESTA ALLA FABBRICA IN PEDAVENA DI LA VALLE<\/h3>\n<\/blockquote>\n<p><a class=\"dt-pswp-item\" href=\"https:\/\/www.radiopiu.net\/wordpress\/wp-content\/uploads\/2022\/09\/be36ec51-e02a-4ee2-8c75-860605e2253f.jpg\" data-dt-img-description=\"\" data-large_image_width=\"1200\" data-large_image_height=\"628\"><img loading=\"lazy\" decoding=\"async\" class=\"aligncenter wp-image-296751 size-medium\" src=\"https:\/\/www.radiopiu.net\/wordpress\/wp-content\/uploads\/2022\/09\/be36ec51-e02a-4ee2-8c75-860605e2253f-300x157.jpg\" alt=\"\" width=\"300\" height=\"157\" srcset=\"https:\/\/www.radiopiu.net\/wordpress\/wp-content\/uploads\/2022\/09\/be36ec51-e02a-4ee2-8c75-860605e2253f-300x157.jpg 300w, https:\/\/www.radiopiu.net\/wordpress\/wp-content\/uploads\/2022\/09\/be36ec51-e02a-4ee2-8c75-860605e2253f-1024x536.jpg 1024w, https:\/\/www.radiopiu.net\/wordpress\/wp-content\/uploads\/2022\/09\/be36ec51-e02a-4ee2-8c75-860605e2253f-768x402.jpg 768w, https:\/\/www.radiopiu.net\/wordpress\/wp-content\/uploads\/2022\/09\/be36ec51-e02a-4ee2-8c75-860605e2253f.jpg 1200w\" sizes=\"auto, (max-width: 300px) 100vw, 300px\" \/><\/a><\/p>\n<p>&nbsp;<\/p>\n<p>&nbsp;<\/p>\n<hr \/>\n<p>&nbsp;<\/p>\n<blockquote>\n<h3>IL CONCERTO &#8220;LA VIA AL SANTUARIO&#8221;<\/h3>\n<\/blockquote>\n<p><strong>FELTRE <\/strong>Sar\u00e0 il chiostro del Santuario dei Santi Vittore e Corona di Feltre ad ospitare domani il concerto dell&#8217;Ensemble Murmur Mori, in occasione della 17esima edizione della rassegna \u201cLa via al Santuario. Itinerario musicale, poetico e di conoscenza\u201d: l&#8217;evento, organizzato dal Centro Studi Claviere di Vittorio Veneto, gode del patrocinio del Comune di Feltre e rientra nel progetto RetEventi Cultura Veneto 2022 per la provincia di Belluno. Tema della serata sar\u00e0 \u201cPoetesse, poeti e poesia giullaresca d\u2019Italia\u201d; l&#8217;ingresso \u2013 inizio del concerto alle ore 17.30 \u2013 \u00e8 ad offerta libera.<\/p>\n<p>&nbsp;<\/p>\n<p>&nbsp;<\/p>\n<hr \/>\n<p>&nbsp;<\/p>\n<blockquote>\n<h3>IL GRANDE FESTIVAL DEI CORI A LIMANA<\/h3>\n<\/blockquote>\n<p><strong>LIMANA<\/strong> Domenica 16 ottobre sotto la tensostruttura fronte alle scuole elementari di Limana si svolger\u00e0 la seconda edizione del Grande Festiaval dei Cori. Saranno 10 i cori bellunesi che si alterneranno per una giornata all&#8217;insegna del bel canto. Un evento con il patrocinio della Provincia di Belluno, Comune di Limana e Pro Loco. Organizza la Corale di Limana.<\/p>\n<p>&nbsp;<\/p>\n<p>&nbsp;<\/p>\n<hr \/>\n<p>&nbsp;<\/p>\n<blockquote class=\"wp-embedded-content\" data-secret=\"uppKZmZeEp\"><p><a href=\"https:\/\/www.radiopiu.net\/wordpress\/dedicato-a-monsignor-lino-mottes-il-giorno-della-cittadinanza-onoraria\/\">DEDICATO A MONSIGNOR LINO MOTTES, IL GIORNO DELLA CITTADINANZA ONORARIA<\/a><\/p><\/blockquote>\n<p><iframe loading=\"lazy\" class=\"wp-embedded-content\" sandbox=\"allow-scripts\" security=\"restricted\" style=\"position: absolute; clip: rect(1px, 1px, 1px, 1px);\" title=\"&#8220;DEDICATO A MONSIGNOR LINO MOTTES, IL GIORNO DELLA CITTADINANZA ONORARIA&#8221; &#8212; Radio Pi\u00f9\" src=\"https:\/\/www.radiopiu.net\/wordpress\/dedicato-a-monsignor-lino-mottes-il-giorno-della-cittadinanza-onoraria\/embed\/#?secret=OXtVlEZuo6#?secret=uppKZmZeEp\" data-secret=\"uppKZmZeEp\" width=\"600\" height=\"338\" frameborder=\"0\" marginwidth=\"0\" marginheight=\"0\" scrolling=\"no\"><\/iframe><\/p>\n<p>&nbsp;<\/p>\n<hr \/>\n<p>&nbsp;<\/p>\n<h2><span style=\"color: #ff6600;\">L&#8217;OPINIONE<\/span><\/h2>\n<blockquote>\n<h3>2 OTTOBRE LA FESTA DEI NONNI<\/h3>\n<\/blockquote>\n<p><strong><a class=\"dt-pswp-item\" href=\"https:\/\/www.radiopiu.net\/wordpress\/wp-content\/uploads\/2020\/03\/MANI-ANZIANI.jpg\" data-dt-img-description=\"\" data-large_image_width=\"1920\" data-large_image_height=\"1280\"><img loading=\"lazy\" decoding=\"async\" class=\" wp-image-125005 alignleft\" src=\"https:\/\/www.radiopiu.net\/wordpress\/wp-content\/uploads\/2020\/03\/MANI-ANZIANI-300x200.jpg\" alt=\"\" width=\"179\" height=\"119\" srcset=\"https:\/\/www.radiopiu.net\/wordpress\/wp-content\/uploads\/2020\/03\/MANI-ANZIANI-300x200.jpg 300w, https:\/\/www.radiopiu.net\/wordpress\/wp-content\/uploads\/2020\/03\/MANI-ANZIANI-1024x683.jpg 1024w, https:\/\/www.radiopiu.net\/wordpress\/wp-content\/uploads\/2020\/03\/MANI-ANZIANI-768x512.jpg 768w, https:\/\/www.radiopiu.net\/wordpress\/wp-content\/uploads\/2020\/03\/MANI-ANZIANI-1536x1024.jpg 1536w, https:\/\/www.radiopiu.net\/wordpress\/wp-content\/uploads\/2020\/03\/MANI-ANZIANI.jpg 1920w\" sizes=\"auto, (max-width: 179px) 100vw, 179px\" \/><\/a>di Franco Piacentini<\/strong><\/p>\n<p><em>Nel 2005, con la legge n. 159, fu istituita la \u201cfesta nazionale dei nonni\u201d indicando nel 2 ottobre di ogni anno il giorno per \u201cfesteggiare i nostri nonni e le nostre nonne\u201d. In quel periodo, di forti tensioni politiche, sociali e sindacali, ricordo, che anche la CGIL e lo SPI \u201csalutarono\u201d ironicamente quella legge per l\u2019eccessiva strumentalit\u00e0 nei confronti delle persone anziane, che all\u2019epoca avevano, e anche oggi hanno, ben poco da festeggiare.\u00a0 La stragrande maggioranza delle nonne e dei nonni, sono pensionate e pensionati con redditi, a dir poco, da fame e con notevoli problemi nelle cure sanitarie e negli aiuti assistenziali.\u00a0 Se malati e\/o non autosufficienti, con la necessit\u00e0 dell\u2019ospitalit\u00e0 in strutture protette (case di riposo \u2013 centri servizi), nei loro confronti, chiamando in causa i familiari o se completamente indigenti l\u2019amministrazione comunale, automaticamente scatta la pesante compartecipazione ai costi: dai 60 ai 90 euro giornalieri. Ribadite le inconfutabili difficolt\u00e0 che attanagliano moltissimi anziani, nella giornata del 2 ottobre le istituzioni locali (Comuni, Province e Regioni) e le Scuole, potrebbero promuovere iniziative per valorizzare il ruolo dei \u201cnonni\u201d, molti di loro impegnati nel volontariato. Sarebbe molto pi\u00f9 opportuno che queste Istituzioni pubbliche (Parlamento e Governo inclusi) il 2 ottobre 2022, per dare valore alla festa, si impegnassero ad affrontare, e risolvere, la pesante situazione sociale ed economica degli anziani e delle loro famiglie, evitando \u201cpelose e mortificanti sceneggiate\u201d di circostanza.\u00a0 Il 2 ottobre venga utilizzato per smascherare le tante inconcludenti e fumose promesse governative nazionali e alcune regionali, che di fatto sono state, e continuano ad essere, dei veri e propri \u201craggiri politici\u201d ai danni di: pensionati; anziani; disoccupati; disabili; non autosufficienti; poveri.\u00a0 Chi governa la cosa pubblica, accantoni le \u201cparate festaiole\u201d e concretizzi risposte esigibili alle seguenti priorit\u00e0 (anche) per le nonne e per i nonni. Ridurre i prezzi dei prodotti di largo consumo e dell\u2019energia; Abbassare tariffe e imposte; Creare occupazione; Sostenere e valorizzare il volontariato; Aumentare il potere d\u2019acquisto delle pensioni e delle retribuzioni; Finanziare adeguatamente il fondo sociosanitario; Istituire il fondo nazionale per la non autosufficienza e, qui in Veneto, finanziare quello regionale; \u00a0Definire i livelli essenziali sociali (LIVEAS) e aggiornare i LEA sanitari; Cancellare i tempi d\u2019attesa in sanit\u00e0; Ridurre al massimo la compartecipazione ai costi socio-assistenziali. Dopo aver raggiunto questi, ed altri, obiettivi sociali, allora si potr\u00e0 dare inizio alla festa dei nonni.<\/em><\/p>\n<p>&nbsp;<\/p>\n<p>&nbsp;<\/p>\n<hr \/>\n<p>&nbsp;<\/p>\n<h2><span style=\"color: #ff0000;\"><strong>IERI ALLA RADIO<\/strong><\/span><\/h2>\n<h2><span style=\"color: #008000;\">SPECIALE EP CENTER<\/span><\/h2>\n<p><strong>ARGOMENTO: RIDURRE IL RISCHIO ELETTRICO ED ECONOMIZZARE I CONSUMI<\/strong><\/p>\n<p><iframe loading=\"lazy\" title=\"ACCORGIMENTI PER RIDURRE IL RISCHIO ELETTRICO ED ECONOMIZZARE I CONSUMI\" width=\"1200\" height=\"675\" src=\"https:\/\/www.youtube.com\/embed\/HnPZS2rpV7Q?start=2&#038;feature=oembed\" frameborder=\"0\" allow=\"accelerometer; autoplay; clipboard-write; encrypted-media; gyroscope; picture-in-picture\" allowfullscreen><\/iframe><\/p>\n<div id=\"top-row\" class=\"style-scope ytd-watch-metadata\">\n<div id=\"description\" class=\"item style-scope ytd-watch-metadata\">\n<div id=\"description-inner\" class=\"style-scope ytd-watch-metadata\"><\/div>\n<\/div>\n<\/div>\n<p>&nbsp;<\/p>\n<hr \/>\n<p>&nbsp;<\/p>\n<div>\n<div class=\"b654a4as d2edcug0\">\n<div class=\"rq0escxv hkbzh7o3 jwdofwj8 n8tt0mok r8blr3vg hyh9befq\">\n<p><a class=\"dt-pswp-item\" href=\"https:\/\/www.radiopiu.net\/wordpress\/wp-content\/uploads\/2020\/10\/pp.jpg\" data-dt-img-description=\"\" data-large_image_width=\"640\" data-large_image_height=\"640\"><img loading=\"lazy\" decoding=\"async\" class=\"wp-image-163678 alignleft\" src=\"https:\/\/www.radiopiu.net\/wordpress\/wp-content\/uploads\/2020\/10\/pp-300x300.jpg\" alt=\"\" width=\"106\" height=\"106\" srcset=\"https:\/\/www.radiopiu.net\/wordpress\/wp-content\/uploads\/2020\/10\/pp-300x300.jpg 300w, https:\/\/www.radiopiu.net\/wordpress\/wp-content\/uploads\/2020\/10\/pp-150x150.jpg 150w, https:\/\/www.radiopiu.net\/wordpress\/wp-content\/uploads\/2020\/10\/pp-125x125.jpg 125w, https:\/\/www.radiopiu.net\/wordpress\/wp-content\/uploads\/2020\/10\/pp-200x200.jpg 200w, https:\/\/www.radiopiu.net\/wordpress\/wp-content\/uploads\/2020\/10\/pp-80x80.jpg 80w, https:\/\/www.radiopiu.net\/wordpress\/wp-content\/uploads\/2020\/10\/pp-480x480.jpg 480w, https:\/\/www.radiopiu.net\/wordpress\/wp-content\/uploads\/2020\/10\/pp.jpg 640w\" sizes=\"auto, (max-width: 106px) 100vw, 106px\" \/><\/a><\/p>\n<\/div>\n<\/div>\n<\/div>\n<div>\n<div class=\"page-title-head hgroup\">\n<div class=\"page-title-head hgroup\">\n<div class=\"b654a4as d2edcug0\">\n<div class=\"j83agx80 btwxx1t3 lhclo0ds hop8lmos nkwizq5d scwd0bx6 roh60bw9\">\n<div class=\"rq0escxv hkbzh7o3 jwdofwj8 n8tt0mok r8blr3vg hyh9befq\">\n<div class=\"do00u71z l9j0dhe7 k4urcfbm\">\n<h2><span style=\"color: #000080;\">DON CESARE, IL PENSIERO DEL GIORNO. ALLA RADIO ALLE 7 DEL MATTINO E ALLE 19.30 DELLA SERA.\u00a0<\/span><\/h2>\n<p>&nbsp;<\/p>\n<audio class=\"wp-audio-shortcode\" id=\"audio-299316-11\" preload=\"none\" style=\"width: 100%;\" controls=\"controls\"><source type=\"audio\/mpeg\" src=\"https:\/\/www.radiopiu.net\/wordpress\/wp-content\/uploads\/2022\/09\/CESARE-18.mp3?_=11\" \/><a href=\"https:\/\/www.radiopiu.net\/wordpress\/wp-content\/uploads\/2022\/09\/CESARE-18.mp3\">https:\/\/www.radiopiu.net\/wordpress\/wp-content\/uploads\/2022\/09\/CESARE-18.mp3<\/a><\/audio>\n<p>&nbsp;<\/p>\n<p>&nbsp;<\/p>\n<hr \/>\n<p>&nbsp;<\/p>\n<div>\n<div class=\"ecm0bbzt e5nlhep0 a8c37x1j\">\n<div class=\"kvgmc6g5 cxmmr5t8 oygrvhab hcukyx3x c1et5uql\">\n<div class=\"gmail-kvgmc6g5 gmail-cxmmr5t8 gmail-oygrvhab gmail-hcukyx3x gmail-c1et5uql gmail-ii04i59q\">\n<div class=\"page-title-head hgroup\">\n<div class=\"page-title-head hgroup\">\n<div class=\"b654a4as d2edcug0\">\n<div class=\"j83agx80 btwxx1t3 lhclo0ds hop8lmos nkwizq5d scwd0bx6 roh60bw9\">\n<div class=\"rq0escxv hkbzh7o3 jwdofwj8 n8tt0mok r8blr3vg hyh9befq\">\n<div class=\"do00u71z l9j0dhe7 k4urcfbm\">\n<p><span style=\"color: #0000ff;\">MUSICA PIU&#8217;\u00a0<\/span><\/p>\n<p><a href=\"https:\/\/www.radiopiu.net\/wordpress\/giornale-radiopiu-20-settembre-2021-direttore-mirko-mezzacasa\/pp-79\/\" rel=\"attachment wp-att-232921\"><img loading=\"lazy\" decoding=\"async\" class=\"wp-image-232921 alignleft\" src=\"https:\/\/www.radiopiu.net\/wordpress\/wp-content\/uploads\/2021\/09\/pp-1-300x300.jpg\" alt=\"\" width=\"135\" height=\"135\" srcset=\"https:\/\/www.radiopiu.net\/wordpress\/wp-content\/uploads\/2021\/09\/pp-1-300x300.jpg 300w, https:\/\/www.radiopiu.net\/wordpress\/wp-content\/uploads\/2021\/09\/pp-1-150x150.jpg 150w, https:\/\/www.radiopiu.net\/wordpress\/wp-content\/uploads\/2021\/09\/pp-1.jpg 640w\" sizes=\"auto, (max-width: 135px) 100vw, 135px\" \/><\/a><\/p>\n<div class=\"mkdf-post-text\">\n<div class=\"mkdf-post-text-inner\">\n<div class=\"mkdf-post-text-main\">\n<div class=\"mkdf-post-text\">\n<div class=\"mkdf-post-text-inner\">\n<div class=\"mkdf-post-text-main\">\n<div class=\"mkdf-post-text\">\n<div class=\"mkdf-post-text-inner\">\n<div class=\"mkdf-post-text-main\">\n<div class=\"page-title-head hgroup\">\n<div class=\"page-title-head hgroup\">\n<div class=\"mkdf-post-text\">\n<div class=\"mkdf-post-text-inner\">\n<div class=\"mkdf-post-text-main\">\n<div class=\"mkdf-post-text\">\n<div class=\"mkdf-post-text-inner\">\n<div class=\"mkdf-post-text-main\">\n<div class=\"page-title-head hgroup\">\n<div class=\"page-title-head hgroup\">\n<div class=\"page-title-head hgroup\">\n<div class=\"page-title-head hgroup\">\n<div class=\"b654a4as d2edcug0\">\n<div class=\"page-title-head hgroup\">\n<div class=\"page-title-head hgroup\">\n<div class=\"page-title-head hgroup\">\n<div class=\"page-title-head hgroup\">\n<div class=\"b654a4as d2edcug0\">\n<div class=\"page-title-head hgroup\">\n<div class=\"page-title-head hgroup\">\n<div class=\"page-title-head hgroup\">\n<div class=\"page-title-head hgroup\">\n<div class=\"b654a4as d2edcug0\">\n<div class=\"mkdf-post-text\">\n<div class=\"mkdf-post-text-inner\">\n<div class=\"mkdf-post-text-main\">\n<div class=\"mkdf-post-text\">\n<div class=\"mkdf-post-text-inner\">\n<div class=\"mkdf-post-text-main\">\n<div class=\"mkdf-post-text\">\n<div class=\"mkdf-post-text-inner\">\n<div class=\"mkdf-post-text-main\">\n<div class=\"page-title-head hgroup\">\n<div class=\"page-title-head hgroup\">\n<div class=\"mkdf-post-text\">\n<div class=\"mkdf-post-text-inner\">\n<div class=\"mkdf-post-text-main\">\n<div class=\"mkdf-post-text\">\n<div class=\"mkdf-post-text-inner\">\n<div class=\"mkdf-post-text-main\">\n<div class=\"page-title-head hgroup\">\n<div class=\"page-title-head hgroup\">\n<div class=\"page-title-head hgroup\">\n<div class=\"page-title-head hgroup\">\n<div class=\"b654a4as d2edcug0\">\n<div class=\"page-title-head hgroup\">\n<div class=\"page-title-head hgroup\">\n<div class=\"page-title-head hgroup\">\n<div class=\"page-title-head hgroup\">\n<div class=\"b654a4as d2edcug0\">\n<div class=\"page-title-head hgroup\">\n<div class=\"page-title-head hgroup\">\n<div class=\"page-title-head hgroup\">\n<div class=\"page-title-head hgroup\">\n<div class=\"b654a4as d2edcug0\">\n<div><\/div>\n<div><\/div>\n<div>\n<p><strong>MUSICA ALLA RADIO, IL PROGRAMMA DI LORIS SCUSSEL &#8220;COLLAGE OPERAZIONE NOSTALGIA&#8221; DAL LUNEDI AL VENERDI ALLE 16.00\u00a0 E ALLE 23\u00a0<\/strong><\/p>\n<p>&nbsp;<\/p>\n<p>&nbsp;<\/p>\n<p>&nbsp;<\/p>\n<p>&nbsp;<\/p>\n<hr \/>\n<p>&nbsp;<\/p>\n<p><a class=\"dt-pswp-item\" href=\"https:\/\/www.radiopiu.net\/wordpress\/wp-content\/uploads\/2018\/09\/WhatsApp-Image-2018-09-20-at-16.04.06.jpeg\" data-dt-img-description=\"\" data-large_image_width=\"800\" data-large_image_height=\"100\"><img loading=\"lazy\" decoding=\"async\" class=\"aligncenter wp-image-61378 size-full\" src=\"https:\/\/www.radiopiu.net\/wordpress\/wp-content\/uploads\/2018\/09\/WhatsApp-Image-2018-09-20-at-16.04.06.jpeg\" alt=\"\" width=\"800\" height=\"100\" srcset=\"https:\/\/www.radiopiu.net\/wordpress\/wp-content\/uploads\/2018\/09\/WhatsApp-Image-2018-09-20-at-16.04.06.jpeg 800w, https:\/\/www.radiopiu.net\/wordpress\/wp-content\/uploads\/2018\/09\/WhatsApp-Image-2018-09-20-at-16.04.06-300x38.jpeg 300w, https:\/\/www.radiopiu.net\/wordpress\/wp-content\/uploads\/2018\/09\/WhatsApp-Image-2018-09-20-at-16.04.06-768x96.jpeg 768w\" sizes=\"auto, (max-width: 800px) 100vw, 800px\" \/><\/a><\/p>\n<p>&nbsp;<\/p>\n<p><center><b>Venerdi 30<\/b><\/center><b>Tempo atteso: <\/b>Tempo instabile a tratti debolmente perturbato con cielo molto nuvoloso o coperto e poche chance di qualche irregolare e temporanea schiarita durante e ore centrali. Probabili precipitazioni sparse e discontinue possibili durante tutta la giornata. Contesto termico simile a gioved\u00ec in un ambiente assai uggioso.<br \/>\n<b>Precipitazioni: <\/b>Probabilit\u00e0 alta (70-90 %) di precipitazioni a tratti e discontinue possibili durante tutta la giornata, anche sottoforma di rovescio o isolato temporale su Prealpi. Complessivamente tra gioved\u00ec e venerd\u00ec sono previsti apporti assai irregolari sulla montagna veneta, valori medi di 10-20 mm, ma possibili anche fino a 40-50 mm, specie sulla fascia prealpina. Limite neve a 2100-2300 m.<br \/>\n<b>Temperature: <\/b>Senza variazioni di rilievo rispetto a gioved\u00ec. Debole escursione termica giornaliera a tutte le quote. Su Prealpi &#8211; a 1500 m: min 6 max 8, a 2000 m: min 4 max 5 Dolomiti &#8211; a 2000 m: min 4 max 5, a 3000 m: min -3 max -2<br \/>\n<b>Venti: <\/b>Nelle valli deboli di direzione variabile, localmente moderati su alcuni settori esposti ai quadranti meridionali; in quota moderati\/tesi da sud-ovest, a 10-20 km\/h a 2000 m e 25-35 km\/h a 3000 m.<\/p>\n<hr \/>\n<p><center><b>Sabato 1<\/b><\/center><b>Tempo atteso: <\/b>Nella notte e fino al primo mattino ampie schiarite con qualche nube bassa nei fondovalle, da met\u00e0 mattinata e fino al primo pomeriggio copertura nuvolosa di tipo stratiforme per nubi medio-alte, anche estese. In seguito generale attenuazione della nuvolosit\u00e0 specie su Prealpi occidentali.<br \/>\n<b>Precipitazioni: <\/b>Assenti (0%)<br \/>\n<b>Temperature: <\/b>Minime in leggero calo specie nelle valli e massime in ripresa Su Prealpi a 1500 m: min 7 max 12, a 2000 m: min 5 max 8 Dolomiti &#8211; a 2000 m: min 3 max 8, a 3000 m: min -1 max 1<br \/>\n<b>Venti: <\/b>Nelle valli venti deboli di direzione variabile; in quota tesi da sud-ovest al mattino, dal pomeriggio e verso sera in rinforzo da nord-ovest fino a forti oltre 2700\/2800 m. a 10-20 km\/h a 2000 m e 25-60 km\/h a 3000 m.<\/p>\n<hr \/>\n<p><center><b>Domenica 2<\/b><\/center>In prevalenza soleggiato, con ingresso di qualche annuvolamento da nord fino al mattino sulle creste dolomitiche pi\u00f9 settentrionali, via via sempre pi\u00f9 radi verso sud fino a cielo perlopi\u00f9 sereno sui rilievi prealpini. Temperature in generale rialzo, eccetto calo delle minime nei fondovalle. Venti perlopi\u00f9 deboli a regime di brezza nelle valli, localmente e a tratti moderati per qualche sporadico episodio di Foehn; in quota moderati\/tesi da ovest\/nord-ovest.<\/p>\n<hr \/>\n<p><center><b>Lunedi 3<\/b><\/center>Ben soleggiato con cielo in prevalenza sereno o poco nuvoloso per qualche velatura. Tra notte e mattino possibili nubi basse in qualche fondovalle. Temperature in generale lieve calo in quota, massime stazionarie o in lieve aumento a fondovalle. Venti in quota moderati\/tesi da nordovest.<\/p>\n<p>&nbsp;<\/p>\n<hr \/>\n<p>&nbsp;<\/p>\n<p><strong>OGNI GIORNO IL MERCATINO A RADIO PIU&#8217;, AL QUARANTESIMO MINUTO. IL PUNTO DI RIFERIMENTO PER CHI OFFRE O CERCA LAVORO NELL&#8217;ARCO DOLOMITICO, CENTINAIA DI VISUALIZZAZIONI AL GIORNO SUL SITO INTERNET, IN AUDIO ALLA RADIO E IN STREAMING IL TUTTO IL MONDO. IL MERCATINO DI RADIO PIU, PER INSERIRE I TUOI ANNUNCI SCRIVI A <span style=\"color: #0000ff;\">radiopiu@radiopiu.it<\/span><\/strong><\/p>\n<blockquote class=\"wp-embedded-content\" data-secret=\"08wbmYD8Xs\"><p><a href=\"https:\/\/www.radiopiu.net\/wordpress\/mercatino-e-mercatino-delle-pulci-per-i-vostri-annunci-radiopiuradiopiu-it\/\">MERCATINO<\/a><\/p><\/blockquote>\n<p><iframe loading=\"lazy\" class=\"wp-embedded-content\" sandbox=\"allow-scripts\" security=\"restricted\" style=\"position: absolute; clip: rect(1px, 1px, 1px, 1px);\" title=\"&#8220;MERCATINO&#8221; &#8212; Radio Pi\u00f9\" src=\"https:\/\/www.radiopiu.net\/wordpress\/mercatino-e-mercatino-delle-pulci-per-i-vostri-annunci-radiopiuradiopiu-it\/embed\/#?secret=WU6PzhMhRn#?secret=08wbmYD8Xs\" data-secret=\"08wbmYD8Xs\" width=\"600\" height=\"338\" frameborder=\"0\" marginwidth=\"0\" marginheight=\"0\" scrolling=\"no\"><\/iframe><\/p>\n<p>&nbsp;<\/p>\n<\/div>\n<p>&nbsp;<\/p>\n<div>\n<hr \/>\n<p>&nbsp;<\/p>\n<p><a href=\"https:\/\/www.radiopiu.net\/wordpress\/giornale-radiopiu-26-settembre-2018-direttore-mirko-mezzacasa\/viabilita-2\/\" rel=\"attachment wp-att-61954\"><img loading=\"lazy\" decoding=\"async\" class=\"aligncenter wp-image-61954 size-full\" src=\"https:\/\/www.radiopiu.net\/wordpress\/wp-content\/uploads\/2018\/09\/viabilita.jpeg\" sizes=\"auto, (max-width: 800px) 100vw, 800px\" srcset=\"https:\/\/www.radiopiu.net\/wordpress\/wp-content\/uploads\/2018\/09\/viabilita.jpeg 800w, https:\/\/www.radiopiu.net\/wordpress\/wp-content\/uploads\/2018\/09\/viabilita-300x38.jpeg 300w, https:\/\/www.radiopiu.net\/wordpress\/wp-content\/uploads\/2018\/09\/viabilita-768x96.jpeg 768w\" alt=\"\" width=\"800\" height=\"100\" \/><\/a><\/p>\n<p>&nbsp;<\/p>\n<blockquote class=\"wp-embedded-content\" data-secret=\"Q2Bp7SQSzW\"><p><a href=\"https:\/\/www.radiopiu.net\/wordpress\/viabilita\/\">viabilita<\/a><\/p><\/blockquote>\n<p><iframe loading=\"lazy\" class=\"wp-embedded-content\" sandbox=\"allow-scripts\" security=\"restricted\" style=\"position: absolute; clip: rect(1px, 1px, 1px, 1px);\" title=\"&#8220;viabilita&#8221; &#8212; Radio Pi\u00f9\" src=\"https:\/\/www.radiopiu.net\/wordpress\/viabilita\/embed\/#?secret=neMaXILk2i#?secret=Q2Bp7SQSzW\" data-secret=\"Q2Bp7SQSzW\" width=\"600\" height=\"338\" frameborder=\"0\" marginwidth=\"0\" marginheight=\"0\" scrolling=\"no\"><\/iframe><\/p>\n<p>&nbsp;<\/p>\n<hr \/>\n<p>&nbsp;<\/p>\n<p>&nbsp;<\/p>\n<p><img loading=\"lazy\" decoding=\"async\" class=\"wp-image-60761 size-full aligncenter\" src=\"https:\/\/www.radiopiu.net\/wordpress\/wp-content\/uploads\/2018\/09\/sport.jpg\" alt=\"\" width=\"800\" height=\"100\" srcset=\"https:\/\/www.radiopiu.net\/wordpress\/wp-content\/uploads\/2018\/09\/sport.jpg 800w, https:\/\/www.radiopiu.net\/wordpress\/wp-content\/uploads\/2018\/09\/sport-300x38.jpg 300w, https:\/\/www.radiopiu.net\/wordpress\/wp-content\/uploads\/2018\/09\/sport-768x96.jpg 768w\" sizes=\"auto, (max-width: 800px) 100vw, 800px\" \/><\/p>\n<p>&nbsp;<\/p>\n<p><span style=\"color: #0000ff;\"><strong>CALCIO<\/strong><\/span><\/p>\n<blockquote>\n<h3>CONFERMATI I CALENDARI DELLE SQUADRE GIOVANILI DELL&#8217;AGORDINA<\/h3>\n<\/blockquote>\n<p><strong>REDAZIONE<\/strong> Anche gli esordienti e la Juniores dell&#8217;Agordina inizieranno il loro campionato a partire da questo fine settimana. La FIGC di Belluno ha comunicato l&#8217;ultimo calendario che mancava all&#8217;appello, quello degli esordienti. La compagine del presidente Cosmo Forcella sar\u00e0 impegnata con tutte le categorie in cui si \u00e8 iscritta a partire dal 1 ottobre. Dopo l&#8217;inizio dei campionati regionali, al via dunque anche quelli a livello provinciale. La Juniores giocher\u00e0 al sabato pomeriggio mentre gli Esordienti hanno le partite in programma la domenica mattina. I pi\u00f9 grandi termineranno il girone di andata ad inizio novembre e giocheranno anche due partite del ritorno prima di Natale, mentre i pi\u00f9 giovani faranno il riposo invernale a partire da inizio dicembre. I campionati riprenderanno in primavera per concludersi con l&#8217;arrivo dell&#8217;estate.<\/p>\n<p><strong>I CALENDARI<\/strong><\/p>\n\n\t\t\t<style type='text\/css'>\n\t\t\t\t#gallery-6 {\n\t\t\t\t\tmargin: auto;\n\t\t\t\t}\n\t\t\t\t#gallery-6 .gallery-item {\n\t\t\t\t\tfloat: left;\n\t\t\t\t\tmargin-top: 10px;\n\t\t\t\t\ttext-align: center;\n\t\t\t\t\twidth: 50%;\n\t\t\t\t}\n\t\t\t\t#gallery-6 img {\n\t\t\t\t\tborder: 2px solid #cfcfcf;\n\t\t\t\t}\n\t\t\t\t#gallery-6 .gallery-caption {\n\t\t\t\t\tmargin-left: 0;\n\t\t\t\t}\n\t\t\t\t\/* see gallery_shortcode() in wp-includes\/media.php *\/\n\t\t\t<\/style>\n\t\t<div id='gallery-6' class='dt-gallery-container gallery galleryid-299316 gallery-columns-2 gallery-size-thumbnail'><dl class='gallery-item'>\n\t\t\t\t<dt class='gallery-icon landscape'>\n\t\t\t\t\t<a class=\"rollover rollover-zoom dt-pswp-item\" title=\"ESORDIENTI\" data-dt-img-description=\"\" data-large_image_width=\"2106\" data-large_image_height=\"1404\"href='https:\/\/www.radiopiu.net\/wordpress\/wp-content\/uploads\/2022\/09\/ESORDIENTI.png'><img loading=\"lazy\" decoding=\"async\" width=\"150\" height=\"150\" src=\"https:\/\/www.radiopiu.net\/wordpress\/wp-content\/uploads\/2022\/09\/ESORDIENTI-150x150.png\" class=\"attachment-thumbnail size-thumbnail\" alt=\"\" aria-describedby=\"gallery-6-299353\" \/><\/a>\n\t\t\t\t<\/dt>\n\t\t\t\t\t<dd class='wp-caption-text gallery-caption' id='gallery-6-299353'>\n\t\t\t\t\tESORDIENTI\n\t\t\t\t\t<\/dd><\/dl><dl class='gallery-item'>\n\t\t\t\t<dt class='gallery-icon landscape'>\n\t\t\t\t\t<a class=\"rollover rollover-zoom dt-pswp-item\" title=\"JUNIORES\" data-dt-img-description=\"\" data-large_image_width=\"1978\" data-large_image_height=\"1348\"href='https:\/\/www.radiopiu.net\/wordpress\/wp-content\/uploads\/2022\/09\/JUNIORES.png'><img loading=\"lazy\" decoding=\"async\" width=\"150\" height=\"150\" src=\"https:\/\/www.radiopiu.net\/wordpress\/wp-content\/uploads\/2022\/09\/JUNIORES-150x150.png\" class=\"attachment-thumbnail size-thumbnail\" alt=\"\" aria-describedby=\"gallery-6-299354\" \/><\/a>\n\t\t\t\t<\/dt>\n\t\t\t\t\t<dd class='wp-caption-text gallery-caption' id='gallery-6-299354'>\n\t\t\t\t\tJUNIORES\n\t\t\t\t\t<\/dd><\/dl><br style=\"clear: both\" \/>\n\t\t\t<\/div>\n\n<p>&nbsp;<\/p>\n<hr \/>\n<p>&nbsp;<\/p>\n<p><span style=\"color: #0000ff;\"><strong>PALLAVOLO<\/strong><\/span><\/p>\n<blockquote>\n<h3>ULTIMO TEST MATCH PER LA PALLAVOLO BELLUNO<\/h3>\n<\/blockquote>\n<p><strong><a class=\"dt-pswp-item\" href=\"https:\/\/www.radiopiu.net\/wordpress\/wp-content\/uploads\/2022\/09\/I_rinoceronti_affronteranno_Trento_Bolghera.jpg\" data-dt-img-description=\"\" data-large_image_width=\"1280\" data-large_image_height=\"855\"><img loading=\"lazy\" decoding=\"async\" class=\"wp-image-299362 alignleft\" src=\"https:\/\/www.radiopiu.net\/wordpress\/wp-content\/uploads\/2022\/09\/I_rinoceronti_affronteranno_Trento_Bolghera-300x200.jpg\" alt=\"\" width=\"153\" height=\"102\" srcset=\"https:\/\/www.radiopiu.net\/wordpress\/wp-content\/uploads\/2022\/09\/I_rinoceronti_affronteranno_Trento_Bolghera-300x200.jpg 300w, https:\/\/www.radiopiu.net\/wordpress\/wp-content\/uploads\/2022\/09\/I_rinoceronti_affronteranno_Trento_Bolghera-1024x684.jpg 1024w, https:\/\/www.radiopiu.net\/wordpress\/wp-content\/uploads\/2022\/09\/I_rinoceronti_affronteranno_Trento_Bolghera-768x513.jpg 768w, https:\/\/www.radiopiu.net\/wordpress\/wp-content\/uploads\/2022\/09\/I_rinoceronti_affronteranno_Trento_Bolghera.jpg 1280w\" sizes=\"auto, (max-width: 153px) 100vw, 153px\" \/><\/a>BELLUNO<\/strong> Tappa finale nel percorso di pre-campionato della <b>Pallavolo maschile Belluno<\/b>. Stasera alle 20, i rinoceronti saranno di scena in Trentino Alto Adige, ospiti della <b>Pallavolo Trento Bolghera<\/b>. Obiettivo? Continuare a crescere, oliare i meccanismi di gioco, affinare la condizione fisica e soprattutto la conoscenza all\u2019interno di un gruppo che ha gi\u00e0 dato segnali importanti. Come testimoniano le due vittorie della scorsa settimana con San Don\u00e0 e Monselice: \u00abMa in questa fase &#8211; argomenta coach Gian Luca Colussi &#8211; ogni risultato \u00e8 del tutto relativo. S\u00ec, vincere \u00e8 sempre gratificante, per\u00f2 contano maggiormente i passi avanti sotto il profilo del gioco\u00bb.<span class=\"gmail-Apple-converted-space\"> In vista della trasferta in Trentino, non manca qualche piccolo intoppo di natura fisica: nulla di preoccupante, in realt\u00e0. Si parla di semplici affaticamenti, ma non \u00e8 detto che la DRL si presenti al completo. \u00abAbbiamo voluto organizzare questa trasferta, che inizialmente non era prevista, anche per \u201ccrearci\u201d delle difficolt\u00e0 dal punto vista logistico, oltre che pallavolistico. Bolghera \u00e8 una squadra interessante: milita in B, ma ha un roster di rilievo, da alta classifica. E giocare in casa loro non \u00e8 una passeggiata. Sar\u00e0 una partita vera\u00bb.\u00a0\u00a0<\/span><\/p>\n<p>&nbsp;<\/p>\n<p>&nbsp;<\/p>\n<p>&nbsp;<\/p>\n<p>&nbsp;<\/p>\n<hr \/>\n<p>&nbsp;<\/p>\n<p>&nbsp;<\/p>\n<\/div>\n<\/div>\n<\/div>\n<\/div>\n<\/div>\n<\/div>\n<\/div>\n<\/div>\n<\/div>\n<\/div>\n<\/div>\n<\/div>\n<\/div>\n<\/div>\n<\/div>\n<\/div>\n<\/div>\n<\/div>\n<\/div>\n<\/div>\n<\/div>\n<\/div>\n<\/div>\n<\/div>\n<\/div>\n<\/div>\n<\/div>\n<\/div>\n<\/div>\n<\/div>\n<\/div>\n<\/div>\n<\/div>\n<\/div>\n<\/div>\n<\/div>\n<\/div>\n<\/div>\n<\/div>\n<\/div>\n<\/div>\n<\/div>\n<\/div>\n<\/div>\n<\/div>\n<\/div>\n<\/div>\n<\/div>\n<\/div>\n<\/div>\n<\/div>\n<\/div>\n<\/div>\n<\/div>\n<\/div>\n<\/div>\n<\/div>\n<\/div>\n<\/div>\n<\/div>\n<\/div>\n<\/div>\n<\/div>\n<\/div>\n<\/div>\n<\/div>\n<\/div>\n<\/div>\n<\/div>\n<\/div>\n<\/div>\n<\/div>\n<\/div>\n<\/div>\n<\/div>\n<\/div>\n<\/div>\n<\/div>\n<\/div>\n<\/div>\n<\/div>\n<\/div>\n","protected":false},"excerpt":{"rendered":"<p>RADIO PIU INFORMAZIONE il canale su TELEGRAM informazione di prima\u00a0\u00a0mano e in tempo reale. iscriviti ed aiutaci a farlo conoscere &nbsp; &nbsp; RIVAMONTE AGORDINO: Chiusura temporanea Ecocentro per manifestazione \u201cRiva l\u2019Oktoberfest\u201d AGORDO L\u2019Ecocentro di Rivamonte Agordino rimarr\u00e0 chiuso sabato 8 e sabato 15 ottobre 2022 come richiesto dal Comune per consentire lo svolgimento della manifestazione&hellip;<\/p>\n","protected":false},"author":4,"featured_media":299485,"comment_status":"closed","ping_status":"closed","sticky":false,"template":"","format":"standard","meta":{"_monsterinsights_skip_tracking":false,"_monsterinsights_sitenote_active":false,"_monsterinsights_sitenote_note":"","_monsterinsights_sitenote_category":0,"footnotes":""},"categories":[51,86,49],"tags":[],"class_list":["post-299316","post","type-post","status-publish","format-standard","has-post-thumbnail","hentry","category-evidenza-top","category-gr","category-news-18","category-51","category-86","category-49","description-off"],"img_url":"https:\/\/www.radiopiu.net\/wordpress\/wp-content\/uploads\/2022\/09\/aaa-17.jpg","_links":{"self":[{"href":"https:\/\/www.radiopiu.net\/wordpress\/wp-json\/wp\/v2\/posts\/299316","targetHints":{"allow":["GET"]}}],"collection":[{"href":"https:\/\/www.radiopiu.net\/wordpress\/wp-json\/wp\/v2\/posts"}],"about":[{"href":"https:\/\/www.radiopiu.net\/wordpress\/wp-json\/wp\/v2\/types\/post"}],"author":[{"embeddable":true,"href":"https:\/\/www.radiopiu.net\/wordpress\/wp-json\/wp\/v2\/users\/4"}],"replies":[{"embeddable":true,"href":"https:\/\/www.radiopiu.net\/wordpress\/wp-json\/wp\/v2\/comments?post=299316"}],"version-history":[{"count":0,"href":"https:\/\/www.radiopiu.net\/wordpress\/wp-json\/wp\/v2\/posts\/299316\/revisions"}],"wp:featuredmedia":[{"embeddable":true,"href":"https:\/\/www.radiopiu.net\/wordpress\/wp-json\/wp\/v2\/media\/299485"}],"wp:attachment":[{"href":"https:\/\/www.radiopiu.net\/wordpress\/wp-json\/wp\/v2\/media?parent=299316"}],"wp:term":[{"taxonomy":"category","embeddable":true,"href":"https:\/\/www.radiopiu.net\/wordpress\/wp-json\/wp\/v2\/categories?post=299316"},{"taxonomy":"post_tag","embeddable":true,"href":"https:\/\/www.radiopiu.net\/wordpress\/wp-json\/wp\/v2\/tags?post=299316"}],"curies":[{"name":"wp","href":"https:\/\/api.w.org\/{rel}","templated":true}]}}