{"id":299447,"date":"2022-11-19T05:30:47","date_gmt":"2022-11-19T04:30:47","guid":{"rendered":"https:\/\/www.radiopiu.net\/wordpress\/?p=299447"},"modified":"2022-11-19T05:52:58","modified_gmt":"2022-11-19T04:52:58","slug":"elisa-il-fratello-mauro-e-roberta-i-nuovi-baristi-al-vertik-area","status":"publish","type":"post","link":"https:\/\/www.radiopiu.net\/wordpress\/elisa-il-fratello-mauro-e-roberta-i-nuovi-baristi-al-vertik-area\/","title":{"rendered":"APRE OGGI IL VERTIK RUSTIK BAR A SAN TOMASO -archivio radiopiu-"},"content":{"rendered":"<p>&nbsp;<\/p>\n<p><strong>DAI NOTIZIARI DEL 29 SETTEMBRE<\/strong><\/p>\n<p><strong><img loading=\"lazy\" decoding=\"async\" class=\"alignleft\" src=\"https:\/\/www.radiopiu.net\/wordpress\/wp-content\/uploads\/2022\/09\/af9ac705-49e3-4c0e-a9e4-03c37c3c43f4.jpg\" width=\"134\" height=\"238\" \/>SAN TOMASO.<\/strong> Sono Elisa Vattai, il fratello Mauro e Roberta D\u2019Arrigo i nuovi gestori del bar-ristorante di propriet\u00e0 comunale annesso alla Vertik Area, la palestra di arrampicata di San Tomaso. I tre, rispettivamente 36, 30 e 28 anni, sono stati gli unici a partecipare al bando pubblicato dal Comune il 24 agosto e scaduto a met\u00e0 settembre. Si apre una nuova fase<em>. \u00abTutti tre \u2013 spiega Elisa Vattai \u2013 abbiamo sempre lavorato nel settore (rifugi, ristoranti, alberghi); mio fratello Mauro \u00e8 inoltre accompagnatore di mezza montagna e quindi vicino a quello che viene proposto nella Vertik Area; Roberta \u00e8 invece maestra di snowboard a dimostrazione di un attaccamento alla montagna e alle opportunit\u00e0 che essa offre anche nell\u2019ambito sportivo e turistico\u00bb. <\/em>Per Elisa e Mauro (che abitano a Canale) e Roberta (originaria di Santa Giustina, ma da quasi dieci anni in Agordino) sar\u00e0 la prima esperienza in proprio dopo tanti anni da dipendenti<em>. \u00abLa cosa \u00e8 nata in maniera inattesa \u2013 spiega Elisa che da 17 anni lavorava al rifugio Gigio Picol \u2013 un giorno Valerio Scarpa, il gestore della Vertik Area, ci ha chiesto se conoscevamo qualcuno interessato al bar-ristorante annesso. Cos\u00ec ci siamo detti: &#8220;Perch\u00e9 non proviamo noi?&#8221;. Abbiamo partecipato al bando e lo abbiamo vinto. Il contratto, 4320 euro l\u2019anno, sar\u00e0 di sette anni con possibilit\u00e0 di rinnovo\u00bb. <\/em>I nuovi gestori sono animati da buona volont\u00e0 e da idee.<em> \u00abIdee \u2013 dicono \u2013 che in questi anni non abbiamo potuto mettere a frutto perch\u00e9 eravamo dipendenti. Ora proveremo. Al momento apriremo un bar-paninoteca con qualche possibilit\u00e0 di piatti. Sar\u00e0 ad ogni modo un\u2019offerta &#8220;easy&#8221;, veloce e agile, pensata soprattutto per gli utenti della palestra, ma non solo. Abbiamo gi\u00e0 il nostro giro di amici-clienti che sicuramente verranno a farci visita e questo ci consente di partire con fiducia. Poi, un po\u2019 alla volta, metteremo in campo nuove idee: la struttura \u00e8 isolata, dispone di un ampio parcheggio e dello spazio per fare musica\u00bb.<\/em> Soddisfatto il sindaco De Val. \u00ab<em>Noi siamo super contenti \u2013 dice &#8211; \u00c8 una squadra giovane e, tra l\u2019altro, il padre di Elisa e Mauro \u00e8 di San Tomaso\u00bb.<\/em><\/p>\n<p>&nbsp;<\/p>\n<p>&nbsp;<\/p>\n<hr \/>\n<p>&nbsp;<\/p>\n","protected":false},"excerpt":{"rendered":"<p>&nbsp; DAI NOTIZIARI DEL 29 SETTEMBRE SAN TOMASO. Sono Elisa Vattai, il fratello Mauro e Roberta D\u2019Arrigo i nuovi gestori del bar-ristorante di propriet\u00e0 comunale annesso alla Vertik Area, la palestra di arrampicata di San Tomaso. I tre, rispettivamente 36, 30 e 28 anni, sono stati gli unici a partecipare al bando pubblicato dal Comune&hellip;<\/p>\n","protected":false},"author":4,"featured_media":299448,"comment_status":"closed","ping_status":"closed","sticky":false,"template":"","format":"standard","meta":{"_monsterinsights_skip_tracking":false,"_monsterinsights_sitenote_active":false,"_monsterinsights_sitenote_note":"","_monsterinsights_sitenote_category":0,"footnotes":""},"categories":[104,49],"tags":[],"class_list":["post-299447","post","type-post","status-publish","format-standard","has-post-thumbnail","hentry","category-evidenza_3","category-news-18","category-104","category-49","description-off"],"img_url":"https:\/\/www.radiopiu.net\/wordpress\/wp-content\/uploads\/2022\/09\/af9ac705-49e3-4c0e-a9e4-03c37c3c43f4.jpg","_links":{"self":[{"href":"https:\/\/www.radiopiu.net\/wordpress\/wp-json\/wp\/v2\/posts\/299447","targetHints":{"allow":["GET"]}}],"collection":[{"href":"https:\/\/www.radiopiu.net\/wordpress\/wp-json\/wp\/v2\/posts"}],"about":[{"href":"https:\/\/www.radiopiu.net\/wordpress\/wp-json\/wp\/v2\/types\/post"}],"author":[{"embeddable":true,"href":"https:\/\/www.radiopiu.net\/wordpress\/wp-json\/wp\/v2\/users\/4"}],"replies":[{"embeddable":true,"href":"https:\/\/www.radiopiu.net\/wordpress\/wp-json\/wp\/v2\/comments?post=299447"}],"version-history":[{"count":0,"href":"https:\/\/www.radiopiu.net\/wordpress\/wp-json\/wp\/v2\/posts\/299447\/revisions"}],"wp:featuredmedia":[{"embeddable":true,"href":"https:\/\/www.radiopiu.net\/wordpress\/wp-json\/wp\/v2\/media\/299448"}],"wp:attachment":[{"href":"https:\/\/www.radiopiu.net\/wordpress\/wp-json\/wp\/v2\/media?parent=299447"}],"wp:term":[{"taxonomy":"category","embeddable":true,"href":"https:\/\/www.radiopiu.net\/wordpress\/wp-json\/wp\/v2\/categories?post=299447"},{"taxonomy":"post_tag","embeddable":true,"href":"https:\/\/www.radiopiu.net\/wordpress\/wp-json\/wp\/v2\/tags?post=299447"}],"curies":[{"name":"wp","href":"https:\/\/api.w.org\/{rel}","templated":true}]}}