{"id":299491,"date":"2022-09-30T05:42:17","date_gmt":"2022-09-30T03:42:17","guid":{"rendered":"https:\/\/www.radiopiu.net\/wordpress\/?p=299491"},"modified":"2022-09-30T05:42:17","modified_gmt":"2022-09-30T03:42:17","slug":"convitto-chiuso-a-cortina-lipotesi-unassociazione-tra-i-genitori","status":"publish","type":"post","link":"https:\/\/www.radiopiu.net\/wordpress\/convitto-chiuso-a-cortina-lipotesi-unassociazione-tra-i-genitori\/","title":{"rendered":"CONVITTO CHIUSO A CORTINA, L&#8217;IPOTESI: UN&#8217;ASSOCIAZIONE TRA I GENITORI"},"content":{"rendered":"<p><strong><img loading=\"lazy\" decoding=\"async\" class=\"alignleft\" src=\"https:\/\/www.radiopiu.net\/wordpress\/wp-content\/uploads\/2022\/09\/Senza-nome-18.jpg\" width=\"186\" height=\"84\" \/>CORTINA<\/strong>\u00a0 La soluzione alla chiusura del convitto di Cortina potrebbe essere\u00a0 un&#8217;associazione tra i genitori e una convenzione con il Comune per gestire la foresteria e accogliere gli studenti degli istituti superiori. Marted\u00ec prossimo\u00a0 riunione a Belluno in Provincia per riaprire la foresteria. Non \u00e8 ancora del tutto esclusa neppure una soluzione a breve termine, che possa consentire di non perdere questo anno scolastico.<\/p>\n<p>&nbsp;<\/p>\n<p><strong>LA LETTERA<\/strong><\/p>\n<blockquote>\n<h2>DIRITTO ALLO STUDIO, NECESSITA\u2019 DI UN CONVITTO.<\/h2>\n<\/blockquote>\n<p>Cortina D\u2019Ampezzo<\/p>\n<p>Scrivo a nome dei alcuni genitori dei ragazzi che quest\u2019anno avrebbero dovuto alloggiare nel convitto di Cortina d\u2019Ampezzo. Scrivo \u201cavrebbero\u201d perch\u00e9 a poco pi\u00f9 di 24 ore dall\u2019orario dell\u2019incontro per la prima notte in convitto, abbiamo ricevuto la comunicazione da parte della scuola dell\u2019assenza del servizio, che telefonicamente ci era stato invece confermato pochi giorni prima. Ci siamo subito attivati per capire cos\u2019era successo e quale fosse la possibile soluzione. Il convitto non \u00e8 agibile e non lo \u00e8 da anni (ma il servizio era attivo) e, in un gioco di responsabilit\u00e0, ogni istituzione si \u00e8 liberata del problema. In queste prime settimane c\u2019\u00e8 chi ha percorso tutti i giorni un tragitto di un\u2019ora e mezza per portare il figlio a scuola (in totale 6 ore di viaggio al giorno) e chi ha trovato accoglienza temporanea da famiglie della zona. E\u2019 una situazione insostenibile per noi genitori ma soprattutto per i ragazzi.\u00a0<a name=\"_GoBack\"><\/a>\u00a0Abbiamo letto dichiarazioni al giornale della consigliera Monica Dalus, in cui non si accenna minimamente al fatto che il preavviso sia stato cos\u00ec assurdamente breve ma che soprattutto afferma che quattro ragazzi hanno trovato sistemazione, quando tutti i nostri ragazzi non hanno nessun alloggio, se non temporaneo. Viene inoltre scritto che noi genitori abbiamo rifiutato la soluzione di alloggiare i ragazzi a Misurina: Misurina pu\u00f2 essere una soluzione? Una distanza di 30 minuti, una strada disagevole, insicura, a volte chiusa e con servizi di linea limitati. I ragazzi che poi hanno attivit\u00e0 a Cortina nel pomeriggio si troverebbero di nuovo ad affrontare lunghi spostamenti. Dopo aver letto la sua intervista abbiamo provato a metterci in contatto telefonicamente, ma anche questa possibilit\u00e0 ci \u00e8 stata negata, ne dobbiamo parlare in presenza (si, perch\u00e9 non vogliono riunioni online) mercoled\u00ec prossimo. Noi genitori faremo ancora km e perderemo una giornata di lavoro solo per sentirci dire di persona che il convitto quest\u2019anno non ci sar\u00e0.I nostri ragazzi sono venuti a Cortina, citt\u00e0 delle Olimpiadi, con delle aspettative e dei sogni. Ecco che tutto \u00e8 stato distrutto, aspettative, sogni e il diritto allo studio, tanto caro alla nostra Costituzione.<\/p>\n<p>&nbsp;<\/p>\n<p>&nbsp;<\/p>\n<p>___<\/p>\n","protected":false},"excerpt":{"rendered":"<p>CORTINA\u00a0 La soluzione alla chiusura del convitto di Cortina potrebbe essere\u00a0 un&#8217;associazione tra i genitori e una convenzione con il Comune per gestire la foresteria e accogliere gli studenti degli istituti superiori. Marted\u00ec prossimo\u00a0 riunione a Belluno in Provincia per riaprire la foresteria. Non \u00e8 ancora del tutto esclusa neppure una soluzione a breve termine,&hellip;<\/p>\n","protected":false},"author":4,"featured_media":299492,"comment_status":"closed","ping_status":"closed","sticky":false,"template":"","format":"standard","meta":{"_monsterinsights_skip_tracking":false,"_monsterinsights_sitenote_active":false,"_monsterinsights_sitenote_note":"","_monsterinsights_sitenote_category":0,"footnotes":""},"categories":[51,49],"tags":[],"class_list":["post-299491","post","type-post","status-publish","format-standard","has-post-thumbnail","hentry","category-evidenza-top","category-news-18","category-51","category-49","description-off"],"img_url":"https:\/\/www.radiopiu.net\/wordpress\/wp-content\/uploads\/2022\/09\/Senza-nome-18.jpg","_links":{"self":[{"href":"https:\/\/www.radiopiu.net\/wordpress\/wp-json\/wp\/v2\/posts\/299491","targetHints":{"allow":["GET"]}}],"collection":[{"href":"https:\/\/www.radiopiu.net\/wordpress\/wp-json\/wp\/v2\/posts"}],"about":[{"href":"https:\/\/www.radiopiu.net\/wordpress\/wp-json\/wp\/v2\/types\/post"}],"author":[{"embeddable":true,"href":"https:\/\/www.radiopiu.net\/wordpress\/wp-json\/wp\/v2\/users\/4"}],"replies":[{"embeddable":true,"href":"https:\/\/www.radiopiu.net\/wordpress\/wp-json\/wp\/v2\/comments?post=299491"}],"version-history":[{"count":0,"href":"https:\/\/www.radiopiu.net\/wordpress\/wp-json\/wp\/v2\/posts\/299491\/revisions"}],"wp:featuredmedia":[{"embeddable":true,"href":"https:\/\/www.radiopiu.net\/wordpress\/wp-json\/wp\/v2\/media\/299492"}],"wp:attachment":[{"href":"https:\/\/www.radiopiu.net\/wordpress\/wp-json\/wp\/v2\/media?parent=299491"}],"wp:term":[{"taxonomy":"category","embeddable":true,"href":"https:\/\/www.radiopiu.net\/wordpress\/wp-json\/wp\/v2\/categories?post=299491"},{"taxonomy":"post_tag","embeddable":true,"href":"https:\/\/www.radiopiu.net\/wordpress\/wp-json\/wp\/v2\/tags?post=299491"}],"curies":[{"name":"wp","href":"https:\/\/api.w.org\/{rel}","templated":true}]}}