{"id":299612,"date":"2022-10-01T05:40:44","date_gmt":"2022-10-01T03:40:44","guid":{"rendered":"https:\/\/www.radiopiu.net\/wordpress\/?p=299612"},"modified":"2022-10-01T06:09:28","modified_gmt":"2022-10-01T04:09:28","slug":"in-vigore-da-domani-le-nuove-ordinanze-anti-smog","status":"publish","type":"post","link":"https:\/\/www.radiopiu.net\/wordpress\/in-vigore-da-domani-le-nuove-ordinanze-anti-smog\/","title":{"rendered":"IN VIGORE DA OGGI I LE NUOVE ORDINANZE ANTI SMOG"},"content":{"rendered":"<p><strong> <img loading=\"lazy\" decoding=\"async\" class=\"alignleft\" src=\"https:\/\/www.radiopiu.net\/wordpress\/wp-content\/uploads\/2018\/12\/smog.jpg\" width=\"216\" height=\"144\" \/>BELLUNO\u00a0<\/strong> Entrano in vigore da domani le due nuove ordinanze comunali \u201cantismog\u201d.<em>\u00a0<\/em>Le limitazioni con livello di \u201callerta verde\u201d \u2013 equivalente a \u201cnessuna allerta\u201d &#8211; riguardano i veicoli Euro 0 e 1 a benzina, quelli diesel ma fino ad Euro 4 e motocicli e ciclomotori Euro 1. Il livello di allerta 1 &#8211; colore arancio &#8211; si attiva quando vengono misurati e\/o previsti almeno 4 giorni consecutivi di superamento del valore limite giornaliero per il PM10 e prevede il blocco anche dei veicoli a benzina M1, M2, M3 e N1, N2, N3 a benzina Euro 2, dei veicoli a diesel M1, M2 e M3 fino a Euro 5 diesel, degli autoveicoli N1, N2, N3 a diesel fino a Euro 4 e dei motoveicoli fino a Euro 2. Il livello di allerta 2 &#8211; colore rosso &#8211; si attiva quando vengono misurati e\/o previsti almeno 10 giorni consecutivi di superamento del valore limite giornaliero per il PM10 che porta allo stop tra le 8.30 e le 12.30 anche per i veicoli commerciali Euro 5 diesel. Invariata la zona interessata dall&#8217;ordinanza, cos\u00ec come i \u201ccorridoi di libera circolazione\u201d che consentiranno agli automobilisti del capoluogo e da fuori comune di attraversare la citt\u00e0 e di raggiungere i parcheggi pubblici o la stazione ferroviaria senza infrangere i divieti.<\/p>\n<p><strong>Fuochi e stufe<\/strong><\/p>\n<p>Confermate anche le limitazioni per stufe e impianti termici e per l&#8217;accensione di fuochi all&#8217;aperto. Con allerta verde, scatta il divieto di combustione all&#8217;aperto di materiale vegetale che rester\u00e0 in vigore per tutto il periodo di validit\u00e0 dell&#8217;ordinanza e sar\u00e0 inoltre vietato l&#8217;utilizzo di stufe con classe di prestazione inferiore alle 3 stelle. In caso di allerta arancio, potranno essere utilizzate stufe con classe di prestazione non inferiore alle 4 stelle e scatter\u00e0 anche il divieto per fal\u00f2, barbecue e fuochi d&#8217;artificio; saranno possibili deroghe \u2013 ad esempio per fal\u00f2 tradizionali e i fuochi di Capodanno \u2013 solo dietro preventiva comunicazione al Sindaco. Con l&#8217;allerta rossa, ferme restando le precedenti prescrizioni, non saranno possibili deroghe a fal\u00f2 e fuochi d&#8217;artificio.<\/p>\n<p>&nbsp;<\/p>\n<p>&nbsp;<\/p>\n<p>___<\/p>\n<p>&nbsp;<\/p>\n<p>&nbsp;<\/p>\n","protected":false},"excerpt":{"rendered":"<p>BELLUNO\u00a0 Entrano in vigore da domani le due nuove ordinanze comunali \u201cantismog\u201d.\u00a0Le limitazioni con livello di \u201callerta verde\u201d \u2013 equivalente a \u201cnessuna allerta\u201d &#8211; riguardano i veicoli Euro 0 e 1 a benzina, quelli diesel ma fino ad Euro 4 e motocicli e ciclomotori Euro 1. Il livello di allerta 1 &#8211; colore arancio &#8211;&hellip;<\/p>\n","protected":false},"author":4,"featured_media":68776,"comment_status":"closed","ping_status":"closed","sticky":false,"template":"","format":"standard","meta":{"_monsterinsights_skip_tracking":false,"_monsterinsights_sitenote_active":false,"_monsterinsights_sitenote_note":"","_monsterinsights_sitenote_category":0,"footnotes":""},"categories":[51,49],"tags":[],"class_list":["post-299612","post","type-post","status-publish","format-standard","has-post-thumbnail","hentry","category-evidenza-top","category-news-18","category-51","category-49","description-off"],"img_url":"https:\/\/www.radiopiu.net\/wordpress\/wp-content\/uploads\/2018\/12\/smog.jpg","_links":{"self":[{"href":"https:\/\/www.radiopiu.net\/wordpress\/wp-json\/wp\/v2\/posts\/299612","targetHints":{"allow":["GET"]}}],"collection":[{"href":"https:\/\/www.radiopiu.net\/wordpress\/wp-json\/wp\/v2\/posts"}],"about":[{"href":"https:\/\/www.radiopiu.net\/wordpress\/wp-json\/wp\/v2\/types\/post"}],"author":[{"embeddable":true,"href":"https:\/\/www.radiopiu.net\/wordpress\/wp-json\/wp\/v2\/users\/4"}],"replies":[{"embeddable":true,"href":"https:\/\/www.radiopiu.net\/wordpress\/wp-json\/wp\/v2\/comments?post=299612"}],"version-history":[{"count":0,"href":"https:\/\/www.radiopiu.net\/wordpress\/wp-json\/wp\/v2\/posts\/299612\/revisions"}],"wp:featuredmedia":[{"embeddable":true,"href":"https:\/\/www.radiopiu.net\/wordpress\/wp-json\/wp\/v2\/media\/68776"}],"wp:attachment":[{"href":"https:\/\/www.radiopiu.net\/wordpress\/wp-json\/wp\/v2\/media?parent=299612"}],"wp:term":[{"taxonomy":"category","embeddable":true,"href":"https:\/\/www.radiopiu.net\/wordpress\/wp-json\/wp\/v2\/categories?post=299612"},{"taxonomy":"post_tag","embeddable":true,"href":"https:\/\/www.radiopiu.net\/wordpress\/wp-json\/wp\/v2\/tags?post=299612"}],"curies":[{"name":"wp","href":"https:\/\/api.w.org\/{rel}","templated":true}]}}