{"id":299634,"date":"2022-10-01T05:41:48","date_gmt":"2022-10-01T03:41:48","guid":{"rendered":"https:\/\/www.radiopiu.net\/wordpress\/?p=299634"},"modified":"2022-10-01T06:16:08","modified_gmt":"2022-10-01T04:16:08","slug":"luca-zaia-insiste-sulla-pista-da-bob-a-cortina-e-un-dare-avere","status":"publish","type":"post","link":"https:\/\/www.radiopiu.net\/wordpress\/luca-zaia-insiste-sulla-pista-da-bob-a-cortina-e-un-dare-avere\/","title":{"rendered":"LUCA ZAIA INSISTE SULLA PISTA DA BOB A CORTINA &#8220;E&#8217; UN DARE-AVERE&#8221;"},"content":{"rendered":"<p>&nbsp;<\/p>\n<p><strong>VENEZIA\u00a0<\/strong> Il bob \u00e8 un&#8217;eccellenza insiste il Presidente della Regione <em>&#8220;Il Cio ci ha premiato per questo.<\/em> <em>Non siamo innamorati di fare opere, ma oggi la pista da bob \u00e8 un&#8217;autentica porcheria&#8221;<\/em><\/p>\n<p>&nbsp;<\/p>\n<div style=\"width: 848px;\" class=\"wp-video\"><video class=\"wp-video-shortcode\" id=\"video-299634-1\" width=\"848\" height=\"480\" preload=\"metadata\" controls=\"controls\"><source type=\"video\/mp4\" src=\"https:\/\/www.radiopiu.net\/wordpress\/wp-content\/uploads\/2022\/09\/WhatsApp-Video-2022-09-30-at-17.44.32.mp4?_=1\" \/><a href=\"https:\/\/www.radiopiu.net\/wordpress\/wp-content\/uploads\/2022\/09\/WhatsApp-Video-2022-09-30-at-17.44.32.mp4\">https:\/\/www.radiopiu.net\/wordpress\/wp-content\/uploads\/2022\/09\/WhatsApp-Video-2022-09-30-at-17.44.32.mp4<\/a><\/video><\/div>\n<p>&nbsp;<\/p>\n<blockquote>\n<h3>NUOVA PISTA DA BOB PER I GIOCHI MILANO CORTINA 2026: LA RISPOSTA DEL CIO ALLA LETTERA FIRMATA DAI CITTADINI<\/h3>\n<\/blockquote>\n<p><strong><a class=\"dt-pswp-item\" href=\"https:\/\/www.radiopiu.net\/wordpress\/wp-content\/uploads\/2022\/09\/20211113_122745-scaled.jpg\" data-dt-img-description=\"\" data-large_image_width=\"2560\" data-large_image_height=\"1920\"><img loading=\"lazy\" decoding=\"async\" class=\"wp-image-299529 alignleft\" src=\"https:\/\/www.radiopiu.net\/wordpress\/wp-content\/uploads\/2022\/09\/20211113_122745-300x225.jpg\" alt=\"\" width=\"183\" height=\"137\" srcset=\"https:\/\/www.radiopiu.net\/wordpress\/wp-content\/uploads\/2022\/09\/20211113_122745-300x225.jpg 300w, https:\/\/www.radiopiu.net\/wordpress\/wp-content\/uploads\/2022\/09\/20211113_122745-1024x768.jpg 1024w, https:\/\/www.radiopiu.net\/wordpress\/wp-content\/uploads\/2022\/09\/20211113_122745-768x576.jpg 768w, https:\/\/www.radiopiu.net\/wordpress\/wp-content\/uploads\/2022\/09\/20211113_122745-1536x1152.jpg 1536w, https:\/\/www.radiopiu.net\/wordpress\/wp-content\/uploads\/2022\/09\/20211113_122745-2048x1536.jpg 2048w\" sizes=\"auto, (max-width: 183px) 100vw, 183px\" \/><\/a>CORTINA <\/strong>Il Comitato Olimpico Internazionale ha risposto alla lettera firmata da 1.260 cittadini ed inviata alla sede di Losanna il 16 settembre 2022. &#8220;<em>In data 28 settembre ci \u00e8 pervenuta una mail di risposta da parte di Christophe Dubi, Olympic Games Executive Director. La sintesi della replica CIO \u00e8 che a loro non interessa niente che si costruisca la pista di bob a Cortina d\u2019Ampezzo e che non \u00e8 necessaria per le Olimpiadi Milano Cortina 2026. Ovviamente dicono che se gli Enti pubblici italiani vogliono allestire una nuova pista, per ragioni di costi \u00e8 opportuno usarla anche per i Giochi olimpici. Testualmente: \u00abPer quanto riguarda la pista da bob, il CIO \u00e8 stato chiaro nella sua posizione, ovvero che costruire una nuova pista a Cortina non \u00e8 un requisito per i Giochi olimpici. Il CIO ha gi\u00e0 discusso la situazione con i comitati delle varie candidature ai tempi dell\u2019elezione di Milano-Cortina. \u00c8 inoltre stato portato all\u2019attenzione dal Comitato Coordinatore con le autorit\u00e0 locali, dopo l\u2019elezione. Siamo stati informati dalle autorit\u00e0 locali che questo sarebbe stato un progetto turistico e sportivo, il quale sarebbe comunque andato avanti, anche senza i Giochi olimpici. Date queste circostanze, il CIO ha concordato che la pista da bob sarebbe stata usata per i Giochi per questioni di costi e sostenibilit\u00e0, in quanto non avrebbe nessun senso avere un\u2019infrastruttura del genere e poi andare altrove. Visto che la pista sarebbe stata costruita comunque, anche senza i Giochi, abbiamo dunque concordato che questo progetto non sarebbe stato parte del budget previsto per i giochi olimpici invernali\u00bb. Ci siamo sentiti continuamente dire che se oggi abbiamo le Olimpiadi \u00e8 perch\u00e9 avevamo nel dossier la riqualificazione della pista da bob di Cortina. Il comunicato del Governatore veneto Zaia del 14 settembre scorso, in risposta alla lettera di iniziativa del Comitato Civico Cortina, riportava: <a class=\"dt-pswp-item\" href=\"https:\/\/www.radiopiu.net\/wordpress\/wp-content\/uploads\/2022\/09\/Inserimento-nuovo-tracciato-Diego.jpeg\" data-dt-img-description=\"\" data-large_image_width=\"1600\" data-large_image_height=\"1066\"><img loading=\"lazy\" decoding=\"async\" class=\"size-medium wp-image-299530 alignright\" src=\"https:\/\/www.radiopiu.net\/wordpress\/wp-content\/uploads\/2022\/09\/Inserimento-nuovo-tracciato-Diego-300x200.jpeg\" alt=\"\" width=\"300\" height=\"200\" srcset=\"https:\/\/www.radiopiu.net\/wordpress\/wp-content\/uploads\/2022\/09\/Inserimento-nuovo-tracciato-Diego-300x200.jpeg 300w, https:\/\/www.radiopiu.net\/wordpress\/wp-content\/uploads\/2022\/09\/Inserimento-nuovo-tracciato-Diego-1024x682.jpeg 1024w, https:\/\/www.radiopiu.net\/wordpress\/wp-content\/uploads\/2022\/09\/Inserimento-nuovo-tracciato-Diego-768x512.jpeg 768w, https:\/\/www.radiopiu.net\/wordpress\/wp-content\/uploads\/2022\/09\/Inserimento-nuovo-tracciato-Diego-1536x1023.jpeg 1536w, https:\/\/www.radiopiu.net\/wordpress\/wp-content\/uploads\/2022\/09\/Inserimento-nuovo-tracciato-Diego.jpeg 1600w\" sizes=\"auto, (max-width: 300px) 100vw, 300px\" \/><\/a>\u00abSe oggi abbiamo le Olimpiadi a Cortina, con una ricaduta gi\u00e0 palpabile e un aumento del Pil stimato da prestigiose Universit\u00e0 di almeno un miliardo di euro, \u00e8 per la vittoria di una candidatura che aveva come asse portante del dossier proprio il Bob. Ricordo che siamo stati premiati per il progetto di Olimpiadi meno costose, sostenibili, e con un asse portante nel Bob. Con l\u2019ulteriore progetto di estendere il tutto all\u2019intera area dolomitica, oltre Cortina\u00bb. \u00abLa pista di bob la vuole il Presidente Zaia e al CIO, dell\u2019impianto, non importa niente\u00bb ribadisce Marina Menardi, Presidente del Comitato Civico Cortina.\u00a0 \u00ab\u00c8 un\u2019opera inutile, costosa, ambientalmente insostenibile. La responsabilit\u00e0 presente e futura \u00e8 tutta italiana, da Malag\u00f2 a Zaia, passando per Ghedina e Lorenzi, Sindaci di Cortina<\/em>\u00bb.<\/p>\n<p><strong>LA LETTERA DEL CIO TRADOTTA<\/strong><\/p>\n<a href=\"https:\/\/www.radiopiu.net\/wordpress\/wp-content\/uploads\/2022\/09\/lettera_cio2_tradotta.pdf\" class=\"pdfemb-viewer\" style=\"\" data-width=\"max\" data-height=\"max\" data-toolbar=\"top\" data-toolbar-fixed=\"on\">lettera_cio2_tradotta<\/a>\n<p>&nbsp;<\/p>\n<p>&nbsp;<\/p>\n<p>&nbsp;<\/p>\n<p>&nbsp;<\/p>\n<p>&nbsp;<\/p>\n<hr \/>\n<p>&nbsp;<\/p>\n","protected":false},"excerpt":{"rendered":"<p>&nbsp; VENEZIA\u00a0 Il bob \u00e8 un&#8217;eccellenza insiste il Presidente della Regione &#8220;Il Cio ci ha premiato per questo. Non siamo innamorati di fare opere, ma oggi la pista da bob \u00e8 un&#8217;autentica porcheria&#8221; &nbsp; &nbsp; NUOVA PISTA DA BOB PER I GIOCHI MILANO CORTINA 2026: LA RISPOSTA DEL CIO ALLA LETTERA FIRMATA DAI CITTADINI CORTINA&hellip;<\/p>\n","protected":false},"author":4,"featured_media":127508,"comment_status":"closed","ping_status":"closed","sticky":false,"template":"","format":"standard","meta":{"_monsterinsights_skip_tracking":false,"_monsterinsights_sitenote_active":false,"_monsterinsights_sitenote_note":"","_monsterinsights_sitenote_category":0,"footnotes":""},"categories":[51,49],"tags":[],"class_list":["post-299634","post","type-post","status-publish","format-standard","has-post-thumbnail","hentry","category-evidenza-top","category-news-18","category-51","category-49","description-off"],"img_url":"https:\/\/www.radiopiu.net\/wordpress\/wp-content\/uploads\/2020\/04\/ZAIA-OOOKKK.png","_links":{"self":[{"href":"https:\/\/www.radiopiu.net\/wordpress\/wp-json\/wp\/v2\/posts\/299634","targetHints":{"allow":["GET"]}}],"collection":[{"href":"https:\/\/www.radiopiu.net\/wordpress\/wp-json\/wp\/v2\/posts"}],"about":[{"href":"https:\/\/www.radiopiu.net\/wordpress\/wp-json\/wp\/v2\/types\/post"}],"author":[{"embeddable":true,"href":"https:\/\/www.radiopiu.net\/wordpress\/wp-json\/wp\/v2\/users\/4"}],"replies":[{"embeddable":true,"href":"https:\/\/www.radiopiu.net\/wordpress\/wp-json\/wp\/v2\/comments?post=299634"}],"version-history":[{"count":0,"href":"https:\/\/www.radiopiu.net\/wordpress\/wp-json\/wp\/v2\/posts\/299634\/revisions"}],"wp:featuredmedia":[{"embeddable":true,"href":"https:\/\/www.radiopiu.net\/wordpress\/wp-json\/wp\/v2\/media\/127508"}],"wp:attachment":[{"href":"https:\/\/www.radiopiu.net\/wordpress\/wp-json\/wp\/v2\/media?parent=299634"}],"wp:term":[{"taxonomy":"category","embeddable":true,"href":"https:\/\/www.radiopiu.net\/wordpress\/wp-json\/wp\/v2\/categories?post=299634"},{"taxonomy":"post_tag","embeddable":true,"href":"https:\/\/www.radiopiu.net\/wordpress\/wp-json\/wp\/v2\/tags?post=299634"}],"curies":[{"name":"wp","href":"https:\/\/api.w.org\/{rel}","templated":true}]}}