{"id":299702,"date":"2022-10-01T09:59:40","date_gmt":"2022-10-01T07:59:40","guid":{"rendered":"https:\/\/www.radiopiu.net\/wordpress\/?p=299702"},"modified":"2022-10-01T09:59:40","modified_gmt":"2022-10-01T07:59:40","slug":"i-carabinieri-della-compagnia-di-cortina-dampezzo-fanno-una-sorpresa-ai-bambini-della-scuola-elementare-duca-daosta","status":"publish","type":"post","link":"https:\/\/www.radiopiu.net\/wordpress\/i-carabinieri-della-compagnia-di-cortina-dampezzo-fanno-una-sorpresa-ai-bambini-della-scuola-elementare-duca-daosta\/","title":{"rendered":"I CARABINIERI DELLA COMPAGNIA DI CORTINA D\u2019AMPEZZO FANNO UNA SORPRESA AI BAMBINI DELLA SCUOLA ELEMENTARE \u201cDUCA D\u2019AOSTA\u201d"},"content":{"rendered":"<p><strong>CORTINA <\/strong>Arrivare a scuola pensando di preparare qualche lavoretto per i nonni, in attesa della loro festa di domenica, e ritrovarsi una sorpresa: dei nonni speciali con l&#8217;uniforme dei Carabinieri in congedo che ti danno il benvenuto con un gran sorriso. \u00c8 stata grande l&#8217;emozione dei bambini della Scuola Elementare \u201cDuca d\u2019Aosta\u201d di Cortina d\u2019Ampezzo la mattinata di venerd\u00ec scorso quando hanno visto entrare in classe degli insoliti maestri. Per un giorno i Carabinieri della Compagnia di Cortina d\u2019Ampezzo insieme ai Carabinieri in congedo dell&#8217;Associazione Nazionale Carabinieri ampezzana, hanno incontrato i giovani cittadini per parlare di come aiutarsi reciprocamente a vivere bene e in sicurezza. Con parole semplici e tanti esempi i Carabinieri hanno aiutato i bambini a capire meglio un tema che tante volte \u00e8 difficile anche per gli adulti, declinando il significato di un motto che da tempo accompagna la comunicazione istituzionale dell&#8217;Arma: \u201cPossiamo Aiutarvi\u201d. Quest\u2019ultimo messaggio \u00e8 stato lasciato nelle mani dei piccoli alunni donandogli un adesivo, per ricordare loro che un Carabiniere \u00e8 una persona che pu\u00f2 aiutarli sempre. Un dono piccolo ma significativo ricevuto da nonni speciali che fino a poco tempo fa erano in servizio attivo nei Carabinieri. E per di pi\u00f9 accompagnati dalle loro mogli, socie dell&#8217;Associazione Carabinieri. All\u2019incontro hanno partecipato anche i Carabinieri della Squadra di Soccorso Alpino, conosciuti da bambini e grandi per averli visti impegnati sulle nostre montagne. Tantissimo entusiasmo da parte degli studenti delle classi 1\u00b0 ,2\u00b0 ,3\u00b0 ,4\u00b0 e 5\u00b0 elementare ma anche una bella emozione per i &#8220;nonni Carabinieri&#8221;, letteralmente tempestati di domande dai loro nuovi piccoli amici. L&#8217;incontro si \u00e8 concluso con l&#8217;invito del Cap. Alessandro Bui alla Dirigente Prof.ssa Monica Dalus di portare i piccoli studenti a visitare la Caserma dei Carabinieri di Cortina D\u2019Ampezzo. Nemmeno a dirlo: proposta accettata all&#8217;unisono dai bambini con un simpatico applauso.<\/p>\n\n\t\t\t<style type='text\/css'>\n\t\t\t\t#gallery-1 {\n\t\t\t\t\tmargin: auto;\n\t\t\t\t}\n\t\t\t\t#gallery-1 .gallery-item {\n\t\t\t\t\tfloat: left;\n\t\t\t\t\tmargin-top: 10px;\n\t\t\t\t\ttext-align: center;\n\t\t\t\t\twidth: 33%;\n\t\t\t\t}\n\t\t\t\t#gallery-1 img {\n\t\t\t\t\tborder: 2px solid #cfcfcf;\n\t\t\t\t}\n\t\t\t\t#gallery-1 .gallery-caption {\n\t\t\t\t\tmargin-left: 0;\n\t\t\t\t}\n\t\t\t\t\/* see gallery_shortcode() in wp-includes\/media.php *\/\n\t\t\t<\/style>\n\t\t<div id='gallery-1' class='dt-gallery-container gallery galleryid-299702 gallery-columns-3 gallery-size-thumbnail'><dl class='gallery-item'>\n\t\t\t\t<dt class='gallery-icon portrait'>\n\t\t\t\t\t<a class=\"rollover rollover-zoom dt-pswp-item\" title=\"IMG-20220930-WA0021\" data-dt-img-description=\"\" data-large_image_width=\"900\" data-large_image_height=\"1600\"href='https:\/\/www.radiopiu.net\/wordpress\/wp-content\/uploads\/2022\/10\/IMG-20220930-WA0021.jpg'><img loading=\"lazy\" decoding=\"async\" width=\"150\" height=\"150\" src=\"https:\/\/www.radiopiu.net\/wordpress\/wp-content\/uploads\/2022\/10\/IMG-20220930-WA0021-150x150.jpg\" class=\"attachment-thumbnail size-thumbnail\" alt=\"\" \/><\/a>\n\t\t\t\t<\/dt><\/dl><dl class='gallery-item'>\n\t\t\t\t<dt class='gallery-icon landscape'>\n\t\t\t\t\t<a class=\"rollover rollover-zoom dt-pswp-item\" title=\"IMG-20220930-WA0033(1)\" data-dt-img-description=\"\" data-large_image_width=\"1600\" data-large_image_height=\"900\"href='https:\/\/www.radiopiu.net\/wordpress\/wp-content\/uploads\/2022\/10\/IMG-20220930-WA00331.jpg'><img loading=\"lazy\" decoding=\"async\" width=\"150\" height=\"150\" src=\"https:\/\/www.radiopiu.net\/wordpress\/wp-content\/uploads\/2022\/10\/IMG-20220930-WA00331-150x150.jpg\" class=\"attachment-thumbnail size-thumbnail\" alt=\"\" \/><\/a>\n\t\t\t\t<\/dt><\/dl><dl class='gallery-item'>\n\t\t\t\t<dt class='gallery-icon portrait'>\n\t\t\t\t\t<a class=\"rollover rollover-zoom dt-pswp-item\" title=\"IMG-20220930-WA0040\" data-dt-img-description=\"\" data-large_image_width=\"1200\" data-large_image_height=\"1600\"href='https:\/\/www.radiopiu.net\/wordpress\/wp-content\/uploads\/2022\/10\/IMG-20220930-WA0040.jpg'><img loading=\"lazy\" decoding=\"async\" width=\"150\" height=\"150\" src=\"https:\/\/www.radiopiu.net\/wordpress\/wp-content\/uploads\/2022\/10\/IMG-20220930-WA0040-150x150.jpg\" class=\"attachment-thumbnail size-thumbnail\" alt=\"\" \/><\/a>\n\t\t\t\t<\/dt><\/dl><br style=\"clear: both\" \/>\n\t\t\t<\/div>\n\n<p>&nbsp;<\/p>\n<p>&nbsp;<\/p>\n<p>*******<\/p>\n","protected":false},"excerpt":{"rendered":"<p>CORTINA Arrivare a scuola pensando di preparare qualche lavoretto per i nonni, in attesa della loro festa di domenica, e ritrovarsi una sorpresa: dei nonni speciali con l&#8217;uniforme dei Carabinieri in congedo che ti danno il benvenuto con un gran sorriso. \u00c8 stata grande l&#8217;emozione dei bambini della Scuola Elementare \u201cDuca d\u2019Aosta\u201d di Cortina d\u2019Ampezzo&hellip;<\/p>\n","protected":false},"author":4,"featured_media":299704,"comment_status":"closed","ping_status":"closed","sticky":false,"template":"","format":"standard","meta":{"_monsterinsights_skip_tracking":false,"_monsterinsights_sitenote_active":false,"_monsterinsights_sitenote_note":"","_monsterinsights_sitenote_category":0,"footnotes":""},"categories":[49],"tags":[],"class_list":["post-299702","post","type-post","status-publish","format-standard","has-post-thumbnail","hentry","category-news-18","category-49","description-off"],"img_url":"https:\/\/www.radiopiu.net\/wordpress\/wp-content\/uploads\/2022\/10\/IMG-20220930-WA00331.jpg","_links":{"self":[{"href":"https:\/\/www.radiopiu.net\/wordpress\/wp-json\/wp\/v2\/posts\/299702","targetHints":{"allow":["GET"]}}],"collection":[{"href":"https:\/\/www.radiopiu.net\/wordpress\/wp-json\/wp\/v2\/posts"}],"about":[{"href":"https:\/\/www.radiopiu.net\/wordpress\/wp-json\/wp\/v2\/types\/post"}],"author":[{"embeddable":true,"href":"https:\/\/www.radiopiu.net\/wordpress\/wp-json\/wp\/v2\/users\/4"}],"replies":[{"embeddable":true,"href":"https:\/\/www.radiopiu.net\/wordpress\/wp-json\/wp\/v2\/comments?post=299702"}],"version-history":[{"count":0,"href":"https:\/\/www.radiopiu.net\/wordpress\/wp-json\/wp\/v2\/posts\/299702\/revisions"}],"wp:featuredmedia":[{"embeddable":true,"href":"https:\/\/www.radiopiu.net\/wordpress\/wp-json\/wp\/v2\/media\/299704"}],"wp:attachment":[{"href":"https:\/\/www.radiopiu.net\/wordpress\/wp-json\/wp\/v2\/media?parent=299702"}],"wp:term":[{"taxonomy":"category","embeddable":true,"href":"https:\/\/www.radiopiu.net\/wordpress\/wp-json\/wp\/v2\/categories?post=299702"},{"taxonomy":"post_tag","embeddable":true,"href":"https:\/\/www.radiopiu.net\/wordpress\/wp-json\/wp\/v2\/tags?post=299702"}],"curies":[{"name":"wp","href":"https:\/\/api.w.org\/{rel}","templated":true}]}}