{"id":299734,"date":"2022-10-02T05:16:09","date_gmt":"2022-10-02T03:16:09","guid":{"rendered":"https:\/\/www.radiopiu.net\/wordpress\/?p=299734"},"modified":"2022-10-03T12:30:42","modified_gmt":"2022-10-03T10:30:42","slug":"lunedi-alle-11-lassessore-lanzarin-partecipera-al-pronto-soccorso-di-agordo-alla-consegna-della-seconda-fase-dei-lavori-di-ristrutturazione","status":"publish","type":"post","link":"https:\/\/www.radiopiu.net\/wordpress\/lunedi-alle-11-lassessore-lanzarin-partecipera-al-pronto-soccorso-di-agordo-alla-consegna-della-seconda-fase-dei-lavori-di-ristrutturazione\/","title":{"rendered":"OGGI ALLE 11, L\u2019ASSESSORE LANZARIN PARTECIPERA\u2019, AL PRONTO SOCCORSO DI AGORDO, ALLA CONSEGNA DELLA SECONDA FASE DEI LAVORI DI RISTRUTTURAZIONE"},"content":{"rendered":"<p><strong><a class=\"dt-pswp-item\" href=\"https:\/\/www.radiopiu.net\/wordpress\/wp-content\/uploads\/2022\/07\/OSPEDALE-AGORDO.png\" data-dt-img-description=\"\" data-large_image_width=\"1316\" data-large_image_height=\"756\"><img loading=\"lazy\" decoding=\"async\" class=\" wp-image-289638 alignleft\" src=\"https:\/\/www.radiopiu.net\/wordpress\/wp-content\/uploads\/2022\/07\/OSPEDALE-AGORDO-300x172.png\" alt=\"\" width=\"173\" height=\"99\" srcset=\"https:\/\/www.radiopiu.net\/wordpress\/wp-content\/uploads\/2022\/07\/OSPEDALE-AGORDO-300x172.png 300w, https:\/\/www.radiopiu.net\/wordpress\/wp-content\/uploads\/2022\/07\/OSPEDALE-AGORDO-1024x588.png 1024w, https:\/\/www.radiopiu.net\/wordpress\/wp-content\/uploads\/2022\/07\/OSPEDALE-AGORDO-768x441.png 768w, https:\/\/www.radiopiu.net\/wordpress\/wp-content\/uploads\/2022\/07\/OSPEDALE-AGORDO.png 1316w\" sizes=\"auto, (max-width: 173px) 100vw, 173px\" \/><\/a>VENEZIA <\/strong>L\u2019Assessore alla Sanit\u00e0 e al Sociale, Manuela Lanzarin, parteciper\u00e0 luned\u00ec 3 ottobre 2022 alle ore 11, alla consegna della seconda fase dei lavori di ristrutturazione del Pronto Soccorso di Agordo (BL), avviati a gennaio. L\u2019importante intervento di ampliamento e di ammodernamento \u00e8 iniziato nel 2020 e i lavori sono stati organizzati per fasi, in modo da garantire sempre l\u2019operativit\u00e0 dell\u2019Unit\u00e0. Il primo stralcio \u00e8 stato consegnato a dicembre 2021 e successivamente \u00e8 stata avviata la seconda fase, che ha riguardato la ristrutturazione interna degli ambienti lasciati liberi dopo il trasferimento del \u201cvecchio\u201d PS, l\u2019adeguamento degli impianti, il completo rinnovo degli arredi, degli infissi e del cablaggio dell\u2019area. Particolare attenzione \u00e8 stata data alla funzionalit\u00e0 degli spazi per renderli agevoli all\u2019utilizzo da parte di pazienti e operatori.<\/p>\n<p>&nbsp;<\/p>\n<p>&nbsp;<\/p>\n<p>*****<\/p>\n<p>&nbsp;<\/p>\n","protected":false},"excerpt":{"rendered":"<p>VENEZIA L\u2019Assessore alla Sanit\u00e0 e al Sociale, Manuela Lanzarin, parteciper\u00e0 luned\u00ec 3 ottobre 2022 alle ore 11, alla consegna della seconda fase dei lavori di ristrutturazione del Pronto Soccorso di Agordo (BL), avviati a gennaio. L\u2019importante intervento di ampliamento e di ammodernamento \u00e8 iniziato nel 2020 e i lavori sono stati organizzati per fasi, in&hellip;<\/p>\n","protected":false},"author":4,"featured_media":289638,"comment_status":"closed","ping_status":"closed","sticky":false,"template":"","format":"standard","meta":{"_monsterinsights_skip_tracking":false,"_monsterinsights_sitenote_active":false,"_monsterinsights_sitenote_note":"","_monsterinsights_sitenote_category":0,"footnotes":""},"categories":[104,49],"tags":[],"class_list":["post-299734","post","type-post","status-publish","format-standard","has-post-thumbnail","hentry","category-evidenza_3","category-news-18","category-104","category-49","description-off"],"img_url":"https:\/\/www.radiopiu.net\/wordpress\/wp-content\/uploads\/2022\/07\/OSPEDALE-AGORDO.png","_links":{"self":[{"href":"https:\/\/www.radiopiu.net\/wordpress\/wp-json\/wp\/v2\/posts\/299734","targetHints":{"allow":["GET"]}}],"collection":[{"href":"https:\/\/www.radiopiu.net\/wordpress\/wp-json\/wp\/v2\/posts"}],"about":[{"href":"https:\/\/www.radiopiu.net\/wordpress\/wp-json\/wp\/v2\/types\/post"}],"author":[{"embeddable":true,"href":"https:\/\/www.radiopiu.net\/wordpress\/wp-json\/wp\/v2\/users\/4"}],"replies":[{"embeddable":true,"href":"https:\/\/www.radiopiu.net\/wordpress\/wp-json\/wp\/v2\/comments?post=299734"}],"version-history":[{"count":0,"href":"https:\/\/www.radiopiu.net\/wordpress\/wp-json\/wp\/v2\/posts\/299734\/revisions"}],"wp:featuredmedia":[{"embeddable":true,"href":"https:\/\/www.radiopiu.net\/wordpress\/wp-json\/wp\/v2\/media\/289638"}],"wp:attachment":[{"href":"https:\/\/www.radiopiu.net\/wordpress\/wp-json\/wp\/v2\/media?parent=299734"}],"wp:term":[{"taxonomy":"category","embeddable":true,"href":"https:\/\/www.radiopiu.net\/wordpress\/wp-json\/wp\/v2\/categories?post=299734"},{"taxonomy":"post_tag","embeddable":true,"href":"https:\/\/www.radiopiu.net\/wordpress\/wp-json\/wp\/v2\/tags?post=299734"}],"curies":[{"name":"wp","href":"https:\/\/api.w.org\/{rel}","templated":true}]}}