{"id":299746,"date":"2022-10-03T05:20:59","date_gmt":"2022-10-03T03:20:59","guid":{"rendered":"https:\/\/www.radiopiu.net\/wordpress\/?p=299746"},"modified":"2022-10-03T05:57:58","modified_gmt":"2022-10-03T03:57:58","slug":"dillo-a-radio-piu-bimbo-morsicato-dal-cane-fortunatamente-solo-ferite-superficiali","status":"publish","type":"post","link":"https:\/\/www.radiopiu.net\/wordpress\/dillo-a-radio-piu-bimbo-morsicato-dal-cane-fortunatamente-solo-ferite-superficiali\/","title":{"rendered":"DILLO A RADIO PIU&#8217;&#8230;BIMBO MORSICATO DAL CANE, FORTUNATAMENTE SOLO FERITE SUPERFICIALI"},"content":{"rendered":"<p><strong><a class=\"dt-pswp-item\" href=\"https:\/\/www.radiopiu.net\/wordpress\/wp-content\/uploads\/2022\/10\/Schermata-2022-10-01-alle-13.46.04-e1664625184832.png\" data-dt-img-description=\"\" data-large_image_width=\"812\" data-large_image_height=\"504\"><img loading=\"lazy\" decoding=\"async\" class=\" wp-image-299747 alignleft\" src=\"https:\/\/www.radiopiu.net\/wordpress\/wp-content\/uploads\/2022\/10\/Schermata-2022-10-01-alle-13.46.04-e1664625184832-300x186.png\" alt=\"\" width=\"171\" height=\"106\" srcset=\"https:\/\/www.radiopiu.net\/wordpress\/wp-content\/uploads\/2022\/10\/Schermata-2022-10-01-alle-13.46.04-e1664625184832-300x186.png 300w, https:\/\/www.radiopiu.net\/wordpress\/wp-content\/uploads\/2022\/10\/Schermata-2022-10-01-alle-13.46.04-e1664625184832-768x477.png 768w, https:\/\/www.radiopiu.net\/wordpress\/wp-content\/uploads\/2022\/10\/Schermata-2022-10-01-alle-13.46.04-e1664625184832.png 812w\" sizes=\"auto, (max-width: 171px) 100vw, 171px\" \/><\/a>REDAZIONE<\/strong> Riceviamo e pubblichiamo una lettera arrivata in redazione da parte di una nostra ascoltatrice della Valle del Biois che questa mattina \u00e8 dovuta ricorrere alle cure mediche perch\u00e9 suo figlio \u00e8 stato morsicato da un cane.<\/p>\n<p><strong>LA LETTERA<\/strong><\/p>\n<blockquote>\n<p dir=\"auto\"><em>Ecco cosa \u00e8 successo stamattina a mio figlio. Abitiamo in frazione Mas di Vallada Agordina, mio figlio di 11 anni si trovava sulla strada appena sopra casa verso le 9:30 di questa mattina, quando \u00e8 stato morso da un cane di grossa taglia che era al guinzaglio della sua padrona che stava passeggiando sulla strada. Il cane lo ha morso in due punti, strappando anche i pantaloni. Fortunatamente dopo la visita al Pronto Soccorso di Agordo le ferite si sono dimostrate superficiali.\u00a0 Quindi non \u00a0potendo farlo personalmente, visto che non so chi sia, ci tenevo a ringraziare pubblicamente l\u2019educata padrona del cane che non solo non ha chiesto come stava mio figlio ma si \u00a0\u00e8 anche rapidamente dileguata nel nulla. Non ho nulla contro i cani, \u00a0ma non posso condividere l\u2019atteggiamento di alcuni padroni che, come nel mio caso, provocano un danno che non \u00e8 immediatamente quantificabile e l\u2019unica attenzione che hanno \u00e8 quella di fuggire dalle proprie responsabilit\u00e0.<\/em><\/p>\n<p dir=\"auto\"><em>La mamma<\/em><\/p>\n<\/blockquote>\n<p dir=\"auto\">\n<p dir=\"auto\">\n<p dir=\"auto\">*****<\/p>\n","protected":false},"excerpt":{"rendered":"<p>REDAZIONE Riceviamo e pubblichiamo una lettera arrivata in redazione da parte di una nostra ascoltatrice della Valle del Biois che questa mattina \u00e8 dovuta ricorrere alle cure mediche perch\u00e9 suo figlio \u00e8 stato morsicato da un cane. LA LETTERA Ecco cosa \u00e8 successo stamattina a mio figlio. Abitiamo in frazione Mas di Vallada Agordina, mio&hellip;<\/p>\n","protected":false},"author":4,"featured_media":299747,"comment_status":"closed","ping_status":"closed","sticky":false,"template":"","format":"standard","meta":{"_monsterinsights_skip_tracking":false,"_monsterinsights_sitenote_active":false,"_monsterinsights_sitenote_note":"","_monsterinsights_sitenote_category":0,"footnotes":""},"categories":[103,49],"tags":[],"class_list":["post-299746","post","type-post","status-publish","format-standard","has-post-thumbnail","hentry","category-evidenza_2","category-news-18","category-103","category-49","description-off"],"img_url":"https:\/\/www.radiopiu.net\/wordpress\/wp-content\/uploads\/2022\/10\/Schermata-2022-10-01-alle-13.46.04-e1664625184832.png","_links":{"self":[{"href":"https:\/\/www.radiopiu.net\/wordpress\/wp-json\/wp\/v2\/posts\/299746","targetHints":{"allow":["GET"]}}],"collection":[{"href":"https:\/\/www.radiopiu.net\/wordpress\/wp-json\/wp\/v2\/posts"}],"about":[{"href":"https:\/\/www.radiopiu.net\/wordpress\/wp-json\/wp\/v2\/types\/post"}],"author":[{"embeddable":true,"href":"https:\/\/www.radiopiu.net\/wordpress\/wp-json\/wp\/v2\/users\/4"}],"replies":[{"embeddable":true,"href":"https:\/\/www.radiopiu.net\/wordpress\/wp-json\/wp\/v2\/comments?post=299746"}],"version-history":[{"count":0,"href":"https:\/\/www.radiopiu.net\/wordpress\/wp-json\/wp\/v2\/posts\/299746\/revisions"}],"wp:featuredmedia":[{"embeddable":true,"href":"https:\/\/www.radiopiu.net\/wordpress\/wp-json\/wp\/v2\/media\/299747"}],"wp:attachment":[{"href":"https:\/\/www.radiopiu.net\/wordpress\/wp-json\/wp\/v2\/media?parent=299746"}],"wp:term":[{"taxonomy":"category","embeddable":true,"href":"https:\/\/www.radiopiu.net\/wordpress\/wp-json\/wp\/v2\/categories?post=299746"},{"taxonomy":"post_tag","embeddable":true,"href":"https:\/\/www.radiopiu.net\/wordpress\/wp-json\/wp\/v2\/tags?post=299746"}],"curies":[{"name":"wp","href":"https:\/\/api.w.org\/{rel}","templated":true}]}}