{"id":299855,"date":"2022-10-03T05:22:40","date_gmt":"2022-10-03T03:22:40","guid":{"rendered":"https:\/\/www.radiopiu.net\/wordpress\/?p=299855"},"modified":"2022-10-03T05:53:55","modified_gmt":"2022-10-03T03:53:55","slug":"soccorsa-una-turista-sfinita-dalla-stanchezza","status":"publish","type":"post","link":"https:\/\/www.radiopiu.net\/wordpress\/soccorsa-una-turista-sfinita-dalla-stanchezza\/","title":{"rendered":"SOCCORSA UNA TURISTA SFINITA DALLA STANCHEZZA"},"content":{"rendered":"<p><strong>AURONZO DI CADORE<\/strong> Attorno alle 18.20 l&#8217;elicottero del Suem di Pieve di Cadore \u00e8 decollato in direzione della Val Giralba, per una escursionista sfinita dalla stanchezza. La 43enne di Ferrara, che stava scendendo assieme al marito lungo il sentiero numero 103, all&#8217;altezza del Pian de le Salere, a 1.400 metri di quota, non era pi\u00f9 stata in grado di proseguire. Recuperata dal tecnico di elisoccorso, la donna \u00e8 stata accompagnata all&#8217;ospedale di Pieve di Cadore per accertamenti. Una squadra del Soccorso alpino di Auronzo \u00e8 invece andata incontro al marito. \u00c8 per fortuna rientrato l&#8217;allarme per un escursionista disperso nella zona di Malga Mezzomiglio, per cui erano stati attivati il Soccorso alpino dell&#8217;Alpago e quello delle Prealpi Trevigiane. A far partire la ricerca gli amici di un uomo, partito pi\u00f9 tardi, con il quale avrebbero dovuto trovarsi, ma che non si era presentato all&#8217;appuntamento, senza essere raggiungibile al cellulare. Poco dopo l&#8217;uomo \u00e8 stato rintracciato dai compagni e l&#8217;allarme \u00e8 cessato.<\/p>\n<p>&nbsp;<\/p>\n<p>&nbsp;<\/p>\n<p>*****<\/p>\n","protected":false},"excerpt":{"rendered":"<p>AURONZO DI CADORE Attorno alle 18.20 l&#8217;elicottero del Suem di Pieve di Cadore \u00e8 decollato in direzione della Val Giralba, per una escursionista sfinita dalla stanchezza. La 43enne di Ferrara, che stava scendendo assieme al marito lungo il sentiero numero 103, all&#8217;altezza del Pian de le Salere, a 1.400 metri di quota, non era pi\u00f9&hellip;<\/p>\n","protected":false},"author":4,"featured_media":294603,"comment_status":"closed","ping_status":"closed","sticky":false,"template":"","format":"standard","meta":{"_monsterinsights_skip_tracking":false,"_monsterinsights_sitenote_active":false,"_monsterinsights_sitenote_note":"","_monsterinsights_sitenote_category":0,"footnotes":""},"categories":[51,49],"tags":[],"class_list":["post-299855","post","type-post","status-publish","format-standard","has-post-thumbnail","hentry","category-evidenza-top","category-news-18","category-51","category-49","description-off"],"img_url":"https:\/\/www.radiopiu.net\/wordpress\/wp-content\/uploads\/2022\/08\/salt_20220825_171725_606.jpg","_links":{"self":[{"href":"https:\/\/www.radiopiu.net\/wordpress\/wp-json\/wp\/v2\/posts\/299855","targetHints":{"allow":["GET"]}}],"collection":[{"href":"https:\/\/www.radiopiu.net\/wordpress\/wp-json\/wp\/v2\/posts"}],"about":[{"href":"https:\/\/www.radiopiu.net\/wordpress\/wp-json\/wp\/v2\/types\/post"}],"author":[{"embeddable":true,"href":"https:\/\/www.radiopiu.net\/wordpress\/wp-json\/wp\/v2\/users\/4"}],"replies":[{"embeddable":true,"href":"https:\/\/www.radiopiu.net\/wordpress\/wp-json\/wp\/v2\/comments?post=299855"}],"version-history":[{"count":0,"href":"https:\/\/www.radiopiu.net\/wordpress\/wp-json\/wp\/v2\/posts\/299855\/revisions"}],"wp:featuredmedia":[{"embeddable":true,"href":"https:\/\/www.radiopiu.net\/wordpress\/wp-json\/wp\/v2\/media\/294603"}],"wp:attachment":[{"href":"https:\/\/www.radiopiu.net\/wordpress\/wp-json\/wp\/v2\/media?parent=299855"}],"wp:term":[{"taxonomy":"category","embeddable":true,"href":"https:\/\/www.radiopiu.net\/wordpress\/wp-json\/wp\/v2\/categories?post=299855"},{"taxonomy":"post_tag","embeddable":true,"href":"https:\/\/www.radiopiu.net\/wordpress\/wp-json\/wp\/v2\/tags?post=299855"}],"curies":[{"name":"wp","href":"https:\/\/api.w.org\/{rel}","templated":true}]}}