{"id":299915,"date":"2022-10-03T09:48:36","date_gmt":"2022-10-03T07:48:36","guid":{"rendered":"https:\/\/www.radiopiu.net\/wordpress\/?p=299915"},"modified":"2022-10-03T09:48:36","modified_gmt":"2022-10-03T07:48:36","slug":"intervento-nella-notte-sulla-grande-di-lavaredo","status":"publish","type":"post","link":"https:\/\/www.radiopiu.net\/wordpress\/intervento-nella-notte-sulla-grande-di-lavaredo\/","title":{"rendered":"INTERVENTO NELLA NOTTE SULLA GRANDE DI LAVAREDO"},"content":{"rendered":"<p><strong><img loading=\"lazy\" decoding=\"async\" class=\"alignleft\" src=\"https:\/\/www.radiopiu.net\/wordpress\/wp-content\/uploads\/2022\/09\/salt_20220907_090012_974.jpg\" width=\"241\" height=\"181\" \/>AURONZO\u00a0<\/strong>Recuperati nella notte due alpinisti bavaresi, rimasti bloccati a 2.600 metri di altitudine sulla Grande delle Tre Cime di Lavaredo. Questa notte verso l&#8217;una il Soccorso alpino di Auronzo \u00e8 stato attivato dalla Centrale del Suem per due uomini tedeschi di 37 e 26 anni, che dicevano di avere rotto le corde al momento di rientrare, dopo essere saliti dalla Via normale, e di non essere pi\u00f9 in grado di proseguire. Sei soccorritori si sono portati all&#8217;inizio della via, mentre nevischiava e si stava formando una patina ghiacciata sulla roccia, e hanno cominciato la salita, finch\u00e9 non li hanno individuati a circa met\u00e0 del rientro. I due avevano abbandonato le corde pi\u00f9 in alto, tentando di scendere slegati arrampicottando, per poi essere costretti a fermarsi. Dopo averli assicurati, la squadra \u00e8 ridiscesa velocemente con loro lungo il tracciato per arrivare alle 4.30 al Rifugio Auronzo, dove gli alpinisti avevano la macchina e dove si sono fermati per le ultime ore della notte. I soccorritori sono quindi rientrati.<\/p>\n<p>&nbsp;<\/p>\n<p>&nbsp;<\/p>\n<p>&nbsp;<\/p>\n<hr \/>\n<p>&nbsp;<\/p>\n","protected":false},"excerpt":{"rendered":"<p>AURONZO\u00a0Recuperati nella notte due alpinisti bavaresi, rimasti bloccati a 2.600 metri di altitudine sulla Grande delle Tre Cime di Lavaredo. Questa notte verso l&#8217;una il Soccorso alpino di Auronzo \u00e8 stato attivato dalla Centrale del Suem per due uomini tedeschi di 37 e 26 anni, che dicevano di avere rotto le corde al momento di&hellip;<\/p>\n","protected":false},"author":4,"featured_media":296121,"comment_status":"closed","ping_status":"closed","sticky":false,"template":"","format":"standard","meta":{"_monsterinsights_skip_tracking":false,"_monsterinsights_sitenote_active":false,"_monsterinsights_sitenote_note":"","_monsterinsights_sitenote_category":0,"footnotes":""},"categories":[51,49],"tags":[],"class_list":["post-299915","post","type-post","status-publish","format-standard","has-post-thumbnail","hentry","category-evidenza-top","category-news-18","category-51","category-49","description-off"],"img_url":"https:\/\/www.radiopiu.net\/wordpress\/wp-content\/uploads\/2022\/09\/salt_20220907_090012_974.jpg","_links":{"self":[{"href":"https:\/\/www.radiopiu.net\/wordpress\/wp-json\/wp\/v2\/posts\/299915","targetHints":{"allow":["GET"]}}],"collection":[{"href":"https:\/\/www.radiopiu.net\/wordpress\/wp-json\/wp\/v2\/posts"}],"about":[{"href":"https:\/\/www.radiopiu.net\/wordpress\/wp-json\/wp\/v2\/types\/post"}],"author":[{"embeddable":true,"href":"https:\/\/www.radiopiu.net\/wordpress\/wp-json\/wp\/v2\/users\/4"}],"replies":[{"embeddable":true,"href":"https:\/\/www.radiopiu.net\/wordpress\/wp-json\/wp\/v2\/comments?post=299915"}],"version-history":[{"count":0,"href":"https:\/\/www.radiopiu.net\/wordpress\/wp-json\/wp\/v2\/posts\/299915\/revisions"}],"wp:featuredmedia":[{"embeddable":true,"href":"https:\/\/www.radiopiu.net\/wordpress\/wp-json\/wp\/v2\/media\/296121"}],"wp:attachment":[{"href":"https:\/\/www.radiopiu.net\/wordpress\/wp-json\/wp\/v2\/media?parent=299915"}],"wp:term":[{"taxonomy":"category","embeddable":true,"href":"https:\/\/www.radiopiu.net\/wordpress\/wp-json\/wp\/v2\/categories?post=299915"},{"taxonomy":"post_tag","embeddable":true,"href":"https:\/\/www.radiopiu.net\/wordpress\/wp-json\/wp\/v2\/tags?post=299915"}],"curies":[{"name":"wp","href":"https:\/\/api.w.org\/{rel}","templated":true}]}}