{"id":299925,"date":"2022-10-03T11:04:17","date_gmt":"2022-10-03T09:04:17","guid":{"rendered":"https:\/\/www.radiopiu.net\/wordpress\/?p=299925"},"modified":"2022-10-03T14:31:48","modified_gmt":"2022-10-03T12:31:48","slug":"agordo-sara-a-breve-intitolato-al-beato-luciani-oggi-linaugurazione-del-nuovo-pronto-soccorso","status":"publish","type":"post","link":"https:\/\/www.radiopiu.net\/wordpress\/agordo-sara-a-breve-intitolato-al-beato-luciani-oggi-linaugurazione-del-nuovo-pronto-soccorso\/","title":{"rendered":"L&#8217;OSPEDALE DI AGORDO SARA&#8217; A BREVE INTITOLATO AL BEATO LUCIANI, OGGI L&#8217;INAUGURAZIONE DEL NUOVO PRONTO SOCCORSO"},"content":{"rendered":"<p>&nbsp;<\/p>\n<blockquote>\n<h3 class=\"entry-title\"><em>\u00a0Il direttore generale Maria Grazia\u00a0 Carraro ha dato l&#8217;anticipazione importante: &#8220;A breve l&#8217;ospedale sar\u00e0 ufficialmente intitolato al Beato Giovanni Paolo I. Stiamo sentendo il vescovo per decidere la data migliore per l&#8217;organizzazione dell&#8217;evento&#8221;.<\/em><\/h3>\n<\/blockquote>\n<p><strong class=\"photoswipe-wrapper\"><a class=\"dt-pswp-item pspw-wrap-ready\" href=\"https:\/\/www.radiopiu.net\/wordpress\/wp-content\/uploads\/2022\/07\/OSPEDALE-AGORDO.png\" data-dt-img-description=\"\" data-large_image_width=\"1316\" data-large_image_height=\"756\"><img loading=\"lazy\" decoding=\"async\" class=\" wp-image-289638 alignleft\" src=\"https:\/\/www.radiopiu.net\/wordpress\/wp-content\/uploads\/2022\/07\/OSPEDALE-AGORDO-300x172.png\" sizes=\"auto, (max-width: 173px) 100vw, 173px\" srcset=\"https:\/\/www.radiopiu.net\/wordpress\/wp-content\/uploads\/2022\/07\/OSPEDALE-AGORDO-300x172.png 300w, https:\/\/www.radiopiu.net\/wordpress\/wp-content\/uploads\/2022\/07\/OSPEDALE-AGORDO-1024x588.png 1024w, https:\/\/www.radiopiu.net\/wordpress\/wp-content\/uploads\/2022\/07\/OSPEDALE-AGORDO-768x441.png 768w, https:\/\/www.radiopiu.net\/wordpress\/wp-content\/uploads\/2022\/07\/OSPEDALE-AGORDO.png 1316w\" alt=\"\" width=\"173\" height=\"99\" \/><\/a>VENEZIA<\/strong> \u00a0<em>\u201cCon questo secondo stralcio, moderno e funzionale, proseguiamo nel cammino di investimenti sulla sanit\u00e0 di montagna, che come Regione consideriamo fondamentale. Al termine dell\u2019intervento complessivo l\u2019ospedale di Agordo sar\u00e0 dotato di un Pronto Soccorso completamente nuovo, capace di rispondere alle necessit\u00e0 dei residenti e di costituire un\u2019offerta sanitaria di qualit\u00e0 ai tanti turisti che, d\u2019inverno e d\u2019estate, frequentano queste zone\u201d.<\/em> Lo ha detto l\u2019Assessore regionale alla Sanit\u00e0, Manuela Lanzarin, intervenendo alla consegna del secondo stralcio dei lavori di ristrutturazione del Pronto Soccorso dell\u2019Ospedale Agordino. La struttura \u00e8 oggetto di un significativo intervento di ampliamento e ammodernamento, finanziato con 2,5 milioni di euro dai Fondi per le Aree di Confine, con 500 mila euro della Regione Veneto e 92 mila euro di fondi dell\u2019Azienda 1 Dolomiti.<em>\u201cDopo l\u2019elisuperficie di Pieve di Cadore che ora ha prolungato la sua attivit\u00e0 fino alle 21\u2013 ha detto Lanzarin \u2013 questo nuovo Pronto Soccorso sta diventando un nuovo fiore all\u2019occhiello della sanit\u00e0 in montagna, dove non smettiamo e non smetteremo di investire, checch\u00e8 ne dicano gli immancabili polemisti professionali. Questo secondo stralcio ha particolare qualit\u00e0: la schock room \u00e8 ad esempio dotata di apparecchi di alta tecnologia, mentre la sala gessi collocata in Pronto Soccorso consente di mettere al centro il paziente, facendo muovere attorno a lui i medici\u201d.<\/em> Il pronto soccorso dell\u2019ospedale di Agordo gestisce le emergenze-urgenze dei pazienti in autopresentazione ma anche quelle che avvengono nel territorio (funzione SUEM). I volumi di attivit\u00e0 da gennaio a giugno 2022 sono stati: 5.819 accessi di PS. Nel 2021 gli accessi totali sono stati 10.146. Il PS di Agordo svolge come detto anche funzione di emergenza territoriale (SUEM) e accoglie ogni anno dai 10.000 ai 13.000 pazienti.<\/p>\n<blockquote>\n<h3><span style=\"font-family: Times New Roman, serif;\"><span style=\"font-family: Calibri, serif;\"><span style=\"font-size: medium;\">Nel prossimo futuro, la fase 3 riguarder\u00e0 la realizzazione della camera calda, della rimessa ambulanze e dell\u2019accesso pedonale da parte dell\u2019utenza<\/span><\/span><\/span><\/h3>\n<\/blockquote>\n\n\t\t\t<style type='text\/css'>\n\t\t\t\t#gallery-1 {\n\t\t\t\t\tmargin: auto;\n\t\t\t\t}\n\t\t\t\t#gallery-1 .gallery-item {\n\t\t\t\t\tfloat: left;\n\t\t\t\t\tmargin-top: 10px;\n\t\t\t\t\ttext-align: center;\n\t\t\t\t\twidth: 33%;\n\t\t\t\t}\n\t\t\t\t#gallery-1 img {\n\t\t\t\t\tborder: 2px solid #cfcfcf;\n\t\t\t\t}\n\t\t\t\t#gallery-1 .gallery-caption {\n\t\t\t\t\tmargin-left: 0;\n\t\t\t\t}\n\t\t\t\t\/* see gallery_shortcode() in wp-includes\/media.php *\/\n\t\t\t<\/style>\n\t\t<div id='gallery-1' class='dt-gallery-container gallery galleryid-299925 gallery-columns-3 gallery-size-medium'><dl class='gallery-item'>\n\t\t\t\t<dt class='gallery-icon landscape'>\n\t\t\t\t\t<a class=\"rollover rollover-zoom dt-pswp-item\" title=\"7c26f529-175c-4c4e-9db9-a43b7c621193\" data-dt-img-description=\"\" data-large_image_width=\"2000\" data-large_image_height=\"1496\"href='https:\/\/www.radiopiu.net\/wordpress\/wp-content\/uploads\/2022\/10\/7c26f529-175c-4c4e-9db9-a43b7c621193.jpg'><img loading=\"lazy\" decoding=\"async\" width=\"300\" height=\"224\" src=\"https:\/\/www.radiopiu.net\/wordpress\/wp-content\/uploads\/2022\/10\/7c26f529-175c-4c4e-9db9-a43b7c621193-300x224.jpg\" class=\"attachment-medium size-medium\" alt=\"\" srcset=\"https:\/\/www.radiopiu.net\/wordpress\/wp-content\/uploads\/2022\/10\/7c26f529-175c-4c4e-9db9-a43b7c621193-300x224.jpg 300w, https:\/\/www.radiopiu.net\/wordpress\/wp-content\/uploads\/2022\/10\/7c26f529-175c-4c4e-9db9-a43b7c621193-1024x766.jpg 1024w, https:\/\/www.radiopiu.net\/wordpress\/wp-content\/uploads\/2022\/10\/7c26f529-175c-4c4e-9db9-a43b7c621193-768x574.jpg 768w, https:\/\/www.radiopiu.net\/wordpress\/wp-content\/uploads\/2022\/10\/7c26f529-175c-4c4e-9db9-a43b7c621193-1536x1149.jpg 1536w, https:\/\/www.radiopiu.net\/wordpress\/wp-content\/uploads\/2022\/10\/7c26f529-175c-4c4e-9db9-a43b7c621193.jpg 2000w\" sizes=\"auto, (max-width: 300px) 100vw, 300px\" \/><\/a>\n\t\t\t\t<\/dt><\/dl><dl class='gallery-item'>\n\t\t\t\t<dt class='gallery-icon landscape'>\n\t\t\t\t\t<a class=\"rollover rollover-zoom dt-pswp-item\" title=\"cc3d5eb5-5496-4493-8f9c-21c015e8a330\" data-dt-img-description=\"\" data-large_image_width=\"2000\" data-large_image_height=\"1496\"href='https:\/\/www.radiopiu.net\/wordpress\/wp-content\/uploads\/2022\/10\/cc3d5eb5-5496-4493-8f9c-21c015e8a330.jpg'><img loading=\"lazy\" decoding=\"async\" width=\"300\" height=\"224\" src=\"https:\/\/www.radiopiu.net\/wordpress\/wp-content\/uploads\/2022\/10\/cc3d5eb5-5496-4493-8f9c-21c015e8a330-300x224.jpg\" class=\"attachment-medium size-medium\" alt=\"\" srcset=\"https:\/\/www.radiopiu.net\/wordpress\/wp-content\/uploads\/2022\/10\/cc3d5eb5-5496-4493-8f9c-21c015e8a330-300x224.jpg 300w, https:\/\/www.radiopiu.net\/wordpress\/wp-content\/uploads\/2022\/10\/cc3d5eb5-5496-4493-8f9c-21c015e8a330-1024x766.jpg 1024w, https:\/\/www.radiopiu.net\/wordpress\/wp-content\/uploads\/2022\/10\/cc3d5eb5-5496-4493-8f9c-21c015e8a330-768x574.jpg 768w, https:\/\/www.radiopiu.net\/wordpress\/wp-content\/uploads\/2022\/10\/cc3d5eb5-5496-4493-8f9c-21c015e8a330-1536x1149.jpg 1536w, https:\/\/www.radiopiu.net\/wordpress\/wp-content\/uploads\/2022\/10\/cc3d5eb5-5496-4493-8f9c-21c015e8a330.jpg 2000w\" sizes=\"auto, (max-width: 300px) 100vw, 300px\" \/><\/a>\n\t\t\t\t<\/dt><\/dl><dl class='gallery-item'>\n\t\t\t\t<dt class='gallery-icon landscape'>\n\t\t\t\t\t<a class=\"rollover rollover-zoom dt-pswp-item\" title=\"b6f974a6-85c0-4c8f-b4a7-5f9fcbd133a2\" data-dt-img-description=\"\" data-large_image_width=\"2000\" data-large_image_height=\"1496\"href='https:\/\/www.radiopiu.net\/wordpress\/wp-content\/uploads\/2022\/10\/b6f974a6-85c0-4c8f-b4a7-5f9fcbd133a2.jpg'><img loading=\"lazy\" decoding=\"async\" width=\"300\" height=\"224\" src=\"https:\/\/www.radiopiu.net\/wordpress\/wp-content\/uploads\/2022\/10\/b6f974a6-85c0-4c8f-b4a7-5f9fcbd133a2-300x224.jpg\" class=\"attachment-medium size-medium\" alt=\"\" srcset=\"https:\/\/www.radiopiu.net\/wordpress\/wp-content\/uploads\/2022\/10\/b6f974a6-85c0-4c8f-b4a7-5f9fcbd133a2-300x224.jpg 300w, https:\/\/www.radiopiu.net\/wordpress\/wp-content\/uploads\/2022\/10\/b6f974a6-85c0-4c8f-b4a7-5f9fcbd133a2-1024x766.jpg 1024w, https:\/\/www.radiopiu.net\/wordpress\/wp-content\/uploads\/2022\/10\/b6f974a6-85c0-4c8f-b4a7-5f9fcbd133a2-768x574.jpg 768w, https:\/\/www.radiopiu.net\/wordpress\/wp-content\/uploads\/2022\/10\/b6f974a6-85c0-4c8f-b4a7-5f9fcbd133a2-1536x1149.jpg 1536w, https:\/\/www.radiopiu.net\/wordpress\/wp-content\/uploads\/2022\/10\/b6f974a6-85c0-4c8f-b4a7-5f9fcbd133a2.jpg 2000w\" sizes=\"auto, (max-width: 300px) 100vw, 300px\" \/><\/a>\n\t\t\t\t<\/dt><\/dl><br style=\"clear: both\" \/>\n\t\t\t<\/div>\n\n<p>&nbsp;<\/p>\n<p><strong>DIRETTA RADIO PIU, GLI INTERVENTI DEL DIRETTORE GENERALE, DEL SINDACO DI BELLUNO E PRESIDENTE DELLA CONFERENZA DEI SINDACI OSCAR DEL PELLEGRIN, PAOLO FRENA PRESIDENTE UNIONE MONTANA AGORDINA, ASSESSORE MANUELA LANZARIN, VISITA PER I NUOVI LOCALI CON IL DOTTOR ROSSI<\/strong><\/p>\n<p>&nbsp;<\/p>\n<p>https:\/\/www.facebook.com\/marco.baghy.1\/videos\/3270639126539429\/<\/p>\n<p>&nbsp;<\/p>\n<p class=\"western\" style=\"text-align: left;\" align=\"center\"><span style=\"font-family: Times New Roman, serif;\"><span style=\"font-family: Calibri, serif;\"><span style=\"font-size: x-large;\"><b>Consegna seconda fase lavori \u2013<\/b><\/span><\/span><\/span><span style=\"font-family: Times New Roman, serif;\"><span style=\"font-family: Calibri, serif;\"><span style=\"font-size: x-large;\"><b>Ristrutturazione Pronto Soccorso Agordo <\/b><\/span><\/span><\/span><span style=\"font-family: Times New Roman, serif;\"><span style=\"font-family: Calibri, serif;\"><span style=\"font-size: large;\"><b>3 ottobre 2022 \u2013 ore 11.00<\/b><\/span><\/span><\/span><\/p>\n<p class=\"western\" align=\"justify\"><span style=\"font-family: Times New Roman, serif;\"><span style=\"font-family: Arial, serif;\"><span style=\"font-size: large;\"><b>RELAZIONE TECNICA<\/b><\/span><\/span><\/span><\/p>\n<p class=\"western\" align=\"justify\"><span style=\"font-family: Times New Roman, serif;\"><span style=\"font-family: Calibri, serif;\"><span style=\"font-size: medium;\">Il Pronto Soccorso di Agordo \u00e8 oggetto di un importante intervento di ampliamento e di ammodernamento, finanziato con 2,5 milioni di euro dai Fondi Comune di Confine e da 500 mila euro della Regione Veneto, che mira a rinnovare completamente l\u2019unit\u00e0 operativa. <\/span><\/span><\/span><span style=\"font-family: Times New Roman, serif;\"><span style=\"font-family: Calibri, serif;\"><span style=\"font-size: medium;\">I lavori, partiti a fine 2020, sono stati organizzati per fasi in modo da garantire sempre l\u2019operativit\u00e0. Il primo stralcio \u00e8 stato consegnato a dicembre 2021, e ha visto il trasferimento dell\u2019unit\u00e0 operativa nella nuova zona dedicata al PS, nata dalla ristrutturazione dell\u2019ex laboratorio analisi, dove sono stati collocati la sala di attesa, il bancone per il triage, un locale operativo contiguo al bancone triage dove viene eseguito il triage avanzato e dove sono collocate la centrale per il monitoraggio dei pazienti in OBI, due ambulatori e tre stanze per l\u2019Osservazione Breve Intensiva. <\/span><\/span><\/span><span style=\"font-family: Times New Roman, serif;\"><span style=\"font-family: Calibri, serif;\"><span style=\"font-size: medium;\">Da gennaio 2022 sono partiti gli interventi previsti nella fase 2, nei locali lasciati liberi dopo il trasferimento del \u201cvecchio\u201d PS. Sono stati realizzati: <\/span><\/span><\/span><span style=\"font-size: medium; font-family: Calibri, serif; color: #000000;\">una shock room, funzionale alla gestione del paziente critico, <\/span><span style=\"font-size: medium; font-family: Calibri, serif; color: #000000;\">una sala gessi, dove gli ortopedici potranno valutare e curare i pazienti con traumi ortopedici direttamente in PS (fondamentale in una zona ad alta vocazione turistica invernale) <\/span><span style=\"font-size: medium; font-family: Calibri, serif; color: #000000;\">una sala riunioni,\u00a0 <\/span><span style=\"color: #000000;\"><span style=\"font-family: Calibri, serif;\"><span style=\"font-size: medium;\">altri locali (<\/span><\/span><\/span><span style=\"font-family: Calibri, serif;\"><span style=\"font-size: medium;\">studio per il direttore, studio per il coordinatore<\/span><\/span><span style=\"color: #000000;\"><span style=\"font-family: Calibri, serif;\"><span style=\"font-size: medium;\">, <\/span><\/span><\/span><span style=\"font-family: Calibri, serif;\"><span style=\"font-size: medium;\">stanza per il medico di guardia<\/span><\/span><span style=\"color: #000000;\"><span style=\"font-family: Calibri, serif;\"><span style=\"font-size: medium;\">, <\/span><\/span><\/span><span style=\"font-family: Calibri, serif;\"><span style=\"font-size: medium;\">1 cucinino<\/span><\/span><span style=\"color: #000000;\"><span style=\"font-family: Calibri, serif;\"><span style=\"font-size: medium;\">, <\/span><\/span><\/span><span style=\"font-family: Calibri, serif;\"><span style=\"font-size: medium;\">sala d\u2019attesa per l\u2019ortopedia<\/span><\/span><span style=\"color: #000000;\"><span style=\"font-family: Calibri, serif;\"><span style=\"font-size: medium;\">, <\/span><\/span><\/span><span style=\"font-family: Calibri, serif;\"><span style=\"font-size: medium;\">servizi igienici per il personale).\u00a0<\/span><\/span><span style=\"font-family: Times New Roman, serif;\"><span style=\"font-family: Calibri, serif;\"><span style=\"font-size: medium;\">Oltre alla ristrutturazione interna degli ambienti, l\u2019adeguamento degli impianti, e il completo rinnovo degli arredi, degli infissi e del cablaggio dell\u2019area, particolare attenzione \u00e8 stata data alla funzionalit\u00e0 degli spazi per renderli agevoli all\u2019utilizzo da parte di pazienti e operatori.<\/span><\/span><\/span><\/p>\n<p class=\"western\" align=\"justify\"><span style=\"font-family: Times New Roman, serif;\"><span style=\"font-family: Calibri, serif;\"><span style=\"font-size: medium;\"><u><b>INNOVAZIONE E VANTAGGI <\/b><\/u><\/span><\/span><\/span><span style=\"color: #000000;\"><span style=\"font-family: Calibri, serif;\"><span style=\"font-size: medium;\">shock room<\/span><\/span><\/span><span style=\"font-family: Calibri, serif;\"><span style=\"font-size: medium;\">,<\/span><\/span><span style=\"color: #000000;\"><span style=\"font-family: Calibri, serif;\"><span style=\"font-size: medium;\"> dotata di apparecchiature tecnologicamente avanzate e dedicata al trattamento dei pazienti particolarmente critici. <\/span><\/span><\/span><span style=\"font-size: medium; font-family: Calibri, serif; color: #000000;\">sala gessi situata in Pronto Soccorso: consente di mettere il paziente al centro, facendo muovere l\u2019\u00e9quipe di ortopedici.\u00a0 <\/span><span style=\"font-size: medium; font-family: Calibri, serif;\">Il Pronto Soccorso di Agordo, dal trasferimento nei nuovi locali a dicembre 2021, \u00e8 dotato di apparecchiature di avanguardia, quali ventilatori adatti all\u2019emergenza, monitor multiparametrici con telemetria e sistemi di videosorveglianza. In particolare, una novit\u00e0 rispetto al recente passato sta nella valorizzazione della funzione di OBI &#8211; Osservazione Breve Intensiva con sei posti letto tutti monitorizzati per rispondere alle esigenze assistenziali degli utenti del Pronto Soccorso e per garantire il miglior supporto possibile ai reparti in caso di necessit\u00e0 per upgrade del setting di cura. <\/span><span style=\"font-family: Times New Roman, serif;\"><span style=\"font-family: Calibri, serif;\"><span style=\"font-size: medium;\">Negli ultimi anni \u00e8 stata implementata inoltre, grazie alla tecnologia della telemedicina, la collaborazione con l\u2019Ospedale di Belluno, rendendo possibile l\u2019invio in tempo reale degli ECG e degli esami radiologi, garantendo cos\u00ec una diagnosi precoce e riducendo i tempi di trattamento nelle patologie tempo dipendenti.<\/span><\/span><\/span><\/p>\n<p class=\"western\"><span style=\"font-family: Times New Roman, serif;\"><span style=\"font-family: Calibri, serif;\"><span style=\"font-size: medium;\">Il PS di Agordo svolge come detto anche funzione di emergenza territoriale (SUEM) e accoglie ogni anno dai 10.000 ai 13.000 pazienti. L\u2019attivit\u00e0 \u00e8 strettamente condizionata alla stagionalit\u00e0 degli accessi. Il richiamo turistico della zona, infatti, fa s\u00ec che nel periodo invernale e in quello estivo la popolazione residente nella vallata aumenti considerevolmente. In particolar modo, durante la stagione invernale si registrano numerosi accessi di pazienti con problematiche traumatologiche, il che, assieme ai considerevoli volumi di interventi di chirurgia ortopedica garantiti nella sede di Agordo, caratterizza ed orienta l\u2019attivit\u00e0 dell\u2019intero ospedale. La stretta collaborazione con la CO 118 di Pieve di Cadore assicura, poi, in caso di soccorso sul territorio di traumi maggiori o di pazienti con altre patologie tempo dipendenti, il pronto impiego dell\u2019elisoccorso, che da quest\u2019anno garantisce anche la copertura di intervento nelle ore notturne.<\/span><\/span><\/span><\/p>\n<p>&nbsp;<\/p>\n<p>&nbsp;<\/p>\n<hr \/>\n<p>&nbsp;<\/p>\n","protected":false},"excerpt":{"rendered":"<p>&nbsp; \u00a0Il direttore generale Maria Grazia\u00a0 Carraro ha dato l&#8217;anticipazione importante: &#8220;A breve l&#8217;ospedale sar\u00e0 ufficialmente intitolato al Beato Giovanni Paolo I. Stiamo sentendo il vescovo per decidere la data migliore per l&#8217;organizzazione dell&#8217;evento&#8221;. VENEZIA \u00a0\u201cCon questo secondo stralcio, moderno e funzionale, proseguiamo nel cammino di investimenti sulla sanit\u00e0 di montagna, che come Regione consideriamo&hellip;<\/p>\n","protected":false},"author":4,"featured_media":299934,"comment_status":"closed","ping_status":"closed","sticky":false,"template":"","format":"standard","meta":{"_monsterinsights_skip_tracking":false,"_monsterinsights_sitenote_active":false,"_monsterinsights_sitenote_note":"","_monsterinsights_sitenote_category":0,"footnotes":""},"categories":[51,49],"tags":[],"class_list":["post-299925","post","type-post","status-publish","format-standard","has-post-thumbnail","hentry","category-evidenza-top","category-news-18","category-51","category-49","description-off"],"img_url":"https:\/\/www.radiopiu.net\/wordpress\/wp-content\/uploads\/2022\/10\/cc3d5eb5-5496-4493-8f9c-21c015e8a330.jpg","_links":{"self":[{"href":"https:\/\/www.radiopiu.net\/wordpress\/wp-json\/wp\/v2\/posts\/299925","targetHints":{"allow":["GET"]}}],"collection":[{"href":"https:\/\/www.radiopiu.net\/wordpress\/wp-json\/wp\/v2\/posts"}],"about":[{"href":"https:\/\/www.radiopiu.net\/wordpress\/wp-json\/wp\/v2\/types\/post"}],"author":[{"embeddable":true,"href":"https:\/\/www.radiopiu.net\/wordpress\/wp-json\/wp\/v2\/users\/4"}],"replies":[{"embeddable":true,"href":"https:\/\/www.radiopiu.net\/wordpress\/wp-json\/wp\/v2\/comments?post=299925"}],"version-history":[{"count":0,"href":"https:\/\/www.radiopiu.net\/wordpress\/wp-json\/wp\/v2\/posts\/299925\/revisions"}],"wp:featuredmedia":[{"embeddable":true,"href":"https:\/\/www.radiopiu.net\/wordpress\/wp-json\/wp\/v2\/media\/299934"}],"wp:attachment":[{"href":"https:\/\/www.radiopiu.net\/wordpress\/wp-json\/wp\/v2\/media?parent=299925"}],"wp:term":[{"taxonomy":"category","embeddable":true,"href":"https:\/\/www.radiopiu.net\/wordpress\/wp-json\/wp\/v2\/categories?post=299925"},{"taxonomy":"post_tag","embeddable":true,"href":"https:\/\/www.radiopiu.net\/wordpress\/wp-json\/wp\/v2\/tags?post=299925"}],"curies":[{"name":"wp","href":"https:\/\/api.w.org\/{rel}","templated":true}]}}