{"id":299943,"date":"2022-10-03T12:47:23","date_gmt":"2022-10-03T10:47:23","guid":{"rendered":"https:\/\/www.radiopiu.net\/wordpress\/?p=299943"},"modified":"2022-10-03T12:47:23","modified_gmt":"2022-10-03T10:47:23","slug":"ricevuti-in-municipio-i-titolari-della-storica-fioreria-cortina","status":"publish","type":"post","link":"https:\/\/www.radiopiu.net\/wordpress\/ricevuti-in-municipio-i-titolari-della-storica-fioreria-cortina\/","title":{"rendered":"Ricevuti in municipio i titolari della storica \u201cFioreria Cortina\u201d."},"content":{"rendered":"<blockquote>\n<h3 class=\"western\" align=\"justify\"><span style=\"font-size: large;\"><b>L&#8217;attivit\u00e0 ha chiuso venerd\u00ec scorso, dopo oltre 70 anni.<\/b><\/span><\/h3>\n<\/blockquote>\n<p class=\"western\" align=\"justify\">\n<span style=\"font-family: Times New Roman, serif;\"><span style=\"font-size: large;\"><a class=\"dt-pswp-item\" href=\"https:\/\/www.radiopiu.net\/wordpress\/wp-content\/uploads\/2022\/10\/Fioreria-Cortina-scaled.jpg\" data-dt-img-description=\"\" data-large_image_width=\"2560\" data-large_image_height=\"1440\"><img loading=\"lazy\" decoding=\"async\" class=\"size-medium wp-image-299941 alignleft\" src=\"https:\/\/www.radiopiu.net\/wordpress\/wp-content\/uploads\/2022\/10\/Fioreria-Cortina-300x169.jpg\" alt=\"\" width=\"300\" height=\"169\" srcset=\"https:\/\/www.radiopiu.net\/wordpress\/wp-content\/uploads\/2022\/10\/Fioreria-Cortina-300x169.jpg 300w, https:\/\/www.radiopiu.net\/wordpress\/wp-content\/uploads\/2022\/10\/Fioreria-Cortina-1024x576.jpg 1024w, https:\/\/www.radiopiu.net\/wordpress\/wp-content\/uploads\/2022\/10\/Fioreria-Cortina-768x432.jpg 768w, https:\/\/www.radiopiu.net\/wordpress\/wp-content\/uploads\/2022\/10\/Fioreria-Cortina-1536x864.jpg 1536w, https:\/\/www.radiopiu.net\/wordpress\/wp-content\/uploads\/2022\/10\/Fioreria-Cortina-2048x1152.jpg 2048w\" sizes=\"auto, (max-width: 300px) 100vw, 300px\" \/><\/a>FELTRE Serena Cortina e Delfo Bertelle, titolari della storica fioreria \u201cCortina\u201d, che ha chiuso i battenti venerd\u00ec scorso dopo oltre 70 anni di attivit\u00e0, sono stati ricevuti stamane in municipio dal sindaco Viviana Fusaro, dal vicesindaco Claudio Dalla Palma e dall&#8217;assessore al commercio Alberto Curto, in rappresentanza di tutta l&#8217;Amministrazione. <\/span><\/span><span style=\"font-size: large; font-family: 'Times New Roman', serif;\">Ai due coniugi \u00e8 stato consegnato un attestato di encomio in segno di \u201cprofondo ringraziamento da parte della comunit\u00e0 feltrina per l&#8217;attivit\u00e0 svolta con tanta dedizione e disponibilit\u00e0 nel negozio di via Cesare Battisti, che ha rappresentato un punto di riferimento non solo per la clientela abituale, ma per tutti i cttadini, anche in periodi non semplici\u201d, ha sottolineato &#8211; tra l&#8217;altro &#8211; il sindaco. <\/span><span style=\"font-family: Times New Roman, serif;\"><span style=\"font-size: large;\">L&#8217;attivit\u00e0, come hanno ricordato i titolari, venne avviata il 14 maggio (giorno dei patroni cittadini!) del 1952 dal signor Mario, pap\u00e0 di Serena, la quale poi la rilev\u00f2 con il marito nel 1981. Ora, dopo oltre 70 anni, \u00e8 giunto il momento del meritato riposo. \u201cCi spiace che il negozio rimanga chiuso, hanno detto gli attuali proprietari; l&#8217;attivit\u00e0 va bene e ci auguriamo che qualcuno si faccia avanti per portare avanti una tradizione cos\u00ec consolidata in citt\u00e0\u201d.<\/span><\/span><\/p>\n<p align=\"justify\">\n<hr \/>\n<p align=\"justify\">\n","protected":false},"excerpt":{"rendered":"<p>L&#8217;attivit\u00e0 ha chiuso venerd\u00ec scorso, dopo oltre 70 anni. FELTRE Serena Cortina e Delfo Bertelle, titolari della storica fioreria \u201cCortina\u201d, che ha chiuso i battenti venerd\u00ec scorso dopo oltre 70 anni di attivit\u00e0, sono stati ricevuti stamane in municipio dal sindaco Viviana Fusaro, dal vicesindaco Claudio Dalla Palma e dall&#8217;assessore al commercio Alberto Curto, in&hellip;<\/p>\n","protected":false},"author":4,"featured_media":299941,"comment_status":"closed","ping_status":"closed","sticky":false,"template":"","format":"standard","meta":{"_monsterinsights_skip_tracking":false,"_monsterinsights_sitenote_active":false,"_monsterinsights_sitenote_note":"","_monsterinsights_sitenote_category":0,"footnotes":""},"categories":[49],"tags":[],"class_list":["post-299943","post","type-post","status-publish","format-standard","has-post-thumbnail","hentry","category-news-18","category-49","description-off"],"img_url":"https:\/\/www.radiopiu.net\/wordpress\/wp-content\/uploads\/2022\/10\/Fioreria-Cortina-scaled.jpg","_links":{"self":[{"href":"https:\/\/www.radiopiu.net\/wordpress\/wp-json\/wp\/v2\/posts\/299943","targetHints":{"allow":["GET"]}}],"collection":[{"href":"https:\/\/www.radiopiu.net\/wordpress\/wp-json\/wp\/v2\/posts"}],"about":[{"href":"https:\/\/www.radiopiu.net\/wordpress\/wp-json\/wp\/v2\/types\/post"}],"author":[{"embeddable":true,"href":"https:\/\/www.radiopiu.net\/wordpress\/wp-json\/wp\/v2\/users\/4"}],"replies":[{"embeddable":true,"href":"https:\/\/www.radiopiu.net\/wordpress\/wp-json\/wp\/v2\/comments?post=299943"}],"version-history":[{"count":0,"href":"https:\/\/www.radiopiu.net\/wordpress\/wp-json\/wp\/v2\/posts\/299943\/revisions"}],"wp:featuredmedia":[{"embeddable":true,"href":"https:\/\/www.radiopiu.net\/wordpress\/wp-json\/wp\/v2\/media\/299941"}],"wp:attachment":[{"href":"https:\/\/www.radiopiu.net\/wordpress\/wp-json\/wp\/v2\/media?parent=299943"}],"wp:term":[{"taxonomy":"category","embeddable":true,"href":"https:\/\/www.radiopiu.net\/wordpress\/wp-json\/wp\/v2\/categories?post=299943"},{"taxonomy":"post_tag","embeddable":true,"href":"https:\/\/www.radiopiu.net\/wordpress\/wp-json\/wp\/v2\/tags?post=299943"}],"curies":[{"name":"wp","href":"https:\/\/api.w.org\/{rel}","templated":true}]}}