{"id":300037,"date":"2022-10-05T00:00:14","date_gmt":"2022-10-04T22:00:14","guid":{"rendered":"https:\/\/www.radiopiu.net\/wordpress\/?p=300037"},"modified":"2022-10-06T05:49:11","modified_gmt":"2022-10-06T03:49:11","slug":"giornale-radiopiu-05-ottobre-2022-direttore-mirko-mezzacasa","status":"publish","type":"post","link":"https:\/\/www.radiopiu.net\/wordpress\/giornale-radiopiu-05-ottobre-2022-direttore-mirko-mezzacasa\/","title":{"rendered":"GIORNALE RADIOPIU 05 OTTOBRE 2022 DIRETTORE MIRKO MEZZACASA"},"content":{"rendered":"<h3 class=\"kvgmc6g5 cxmmr5t8 oygrvhab hcukyx3x c1et5uql\"><span style=\"color: #0000ff;\"><strong>RADIO PIU INFORMAZIONE il canale su TELEGRAM informazione di prima\u00a0\u00a0<\/strong><strong>mano e in tempo reale. iscriviti ed aiutaci a farlo conoscere<\/strong><\/span><\/h3>\n<p>&nbsp;<\/p>\n<hr \/>\n<p>&nbsp;<\/p>\n<p><strong>RIVAMONTE AGORDINO: Chiusura temporanea Ecocentro per manifestazione \u201cRiva l\u2019Oktoberfest\u201d<\/strong><\/p>\n<p><strong>AGORDO<\/strong> L\u2019Ecocentro di Rivamonte Agordino rimarr\u00e0 chiuso sabato 8 e sabato 15 ottobre 2022 come richiesto dal Comune per consentire lo svolgimento della manifestazione denominata \u201cRiva l\u2019Oktoberfest\u201d. Si ricorda che\u00a0le utenze possono accedere a\u00a0qualsiasi Ecocentro del territorio dell\u2019Unione Montana Agordina,\u00a0verificando sedi e orari di apertura\u00a0nella pagina ECOCENTRO.<\/p>\n<p>&nbsp;<\/p>\n<hr \/>\n<p>&nbsp;<\/p>\n<p><strong>ACQUA INQUINATA\u00a0 A GOSALDO<\/strong><span style=\"color: #ff0000;\"> LE FOCHE, LAMBROI, DENEORE, MAGAIT, REN, SELLE, COL TAMAI, BITTI, GIARDOI E PETTUINE <\/span><span style=\"color: #ff0000;\"><span style=\"color: #000000;\">servizio autobotti a le Foche e Lambroi<\/span><\/span><\/p>\n<p>&nbsp;<\/p>\n<hr \/>\n<p>&nbsp;<\/p>\n<blockquote>\n<h3>TRASPORTI: VENERDI SCIOPERO, GARANTITE LE PRESTAZIONI MINIME<\/h3>\n<\/blockquote>\n<p><strong><a class=\"dt-pswp-item\" href=\"https:\/\/www.radiopiu.net\/wordpress\/wp-content\/uploads\/2021\/10\/9396bbfc-2818-4225-b55d-9a56c39206f1.jpg\" data-dt-img-description=\"\" data-large_image_width=\"1599\" data-large_image_height=\"899\"><img loading=\"lazy\" decoding=\"async\" class=\"wp-image-237486 alignleft\" src=\"https:\/\/www.radiopiu.net\/wordpress\/wp-content\/uploads\/2021\/10\/9396bbfc-2818-4225-b55d-9a56c39206f1-300x169.jpg\" alt=\"\" width=\"178\" height=\"100\" srcset=\"https:\/\/www.radiopiu.net\/wordpress\/wp-content\/uploads\/2021\/10\/9396bbfc-2818-4225-b55d-9a56c39206f1-300x169.jpg 300w, https:\/\/www.radiopiu.net\/wordpress\/wp-content\/uploads\/2021\/10\/9396bbfc-2818-4225-b55d-9a56c39206f1-1024x576.jpg 1024w, https:\/\/www.radiopiu.net\/wordpress\/wp-content\/uploads\/2021\/10\/9396bbfc-2818-4225-b55d-9a56c39206f1-768x432.jpg 768w, https:\/\/www.radiopiu.net\/wordpress\/wp-content\/uploads\/2021\/10\/9396bbfc-2818-4225-b55d-9a56c39206f1-1536x864.jpg 1536w, https:\/\/www.radiopiu.net\/wordpress\/wp-content\/uploads\/2021\/10\/9396bbfc-2818-4225-b55d-9a56c39206f1.jpg 1599w\" sizes=\"auto, (max-width: 178px) 100vw, 178px\" \/><\/a>REDAZIONE<\/strong> In occasione dello sciopero generale regionale le segreterie regionali del Veneto, Cgil-Cisl-Uil\u00a0 hanno dato comunicazione di adesione. La Dolomitibus precisa che nell&#8217;ambito della rete servita l&#8217;accordo aziendale attuativo i materia di prestazioni minime, prevede che sia sempre garantito l&#8217;intero servizio nelle fasce: 5.40-8.09; 12.10-15.39. Non potranno essere garantite tutte le corse del servizio la cui partenza \u00e8 programmata al di fuori della summenzionate fasce di garanzia. Lo sciopero, della durata di un&#8217;ora sar\u00e0 articolato sull&#8217;ultim&#8217;ora del turno di lavoro dell&#8217;intera giornata di venerdi, da sabato i servizi saranno ripristinati regolarmente.<\/p>\n<p>&nbsp;<\/p>\n<hr \/>\n<p>&nbsp;<\/p>\n<blockquote>\n<h3>ANZIANO SCOMPARSO E RITROVATO<\/h3>\n<\/blockquote>\n<p><strong>BELLUNO<\/strong> \u00a0 Un anziano\u00a0 ieri pomeriggio \u00e8 improvvisamente sparito dalla sua abitazione in zona stadio. Polizia e Carabinieri l&#8217;hanno cercato in tutta la citt\u00e0 e le ricerche si sono estese fino a via Feltre, con una giustificata preoccupazione. Verso le 18 finalmente la buona notizia: l&#8217;uomo \u00e8 stato ritrovato e riportato a casa. Era in buone condizioni di salute.<\/p>\n<p>&nbsp;<\/p>\n<p>&nbsp;<\/p>\n<hr \/>\n<blockquote>\n<h3><a class=\"dt-pswp-item\" href=\"https:\/\/www.radiopiu.net\/wordpress\/wp-content\/uploads\/2022\/10\/Senza-nome-6.jpg\" data-dt-img-description=\"\" data-large_image_width=\"242\" data-large_image_height=\"305\"><img loading=\"lazy\" decoding=\"async\" class=\"wp-image-300198 alignleft\" src=\"https:\/\/www.radiopiu.net\/wordpress\/wp-content\/uploads\/2022\/10\/Senza-nome-6-238x300.jpg\" alt=\"\" width=\"98\" height=\"124\" srcset=\"https:\/\/www.radiopiu.net\/wordpress\/wp-content\/uploads\/2022\/10\/Senza-nome-6-238x300.jpg 238w, https:\/\/www.radiopiu.net\/wordpress\/wp-content\/uploads\/2022\/10\/Senza-nome-6.jpg 242w\" sizes=\"auto, (max-width: 98px) 100vw, 98px\" \/><\/a>PONTE NELLE ALPI PIANGE MARIA RITA, UNA VITA SPESA NELL&#8217;IMPEGNO<\/h3>\n<\/blockquote>\n<p><strong>PONTE NELLE ALPI<\/strong> E&#8217; mancata Maria Rita De Pasqual, volontaria e nota per il suo impegno nell&#8217;ambito sociale \u00abIl mio viaggio finisce qui, la malattia ha avuto la meglio. Ricordatemi con il sorriso\u00bb, \u00e8 il messaggio di commiato affidato alle epigrafi con cui ha invitato anche a sostenere l&#8217;Ail, l&#8217;associazione italiana contro le leucemie. L&#8217;ultimo saluto sar\u00e0 celebrato venerd\u00ec alle 10,30 nella chiesa di Cadola.<\/p>\n<p>&nbsp;<\/p>\n<hr \/>\n<p>&nbsp;<\/p>\n<blockquote>\n<h3>RECUPERATA UN&#8217;ESCURSIONISTA SULLA FERRATA TOMASELLI<\/h3>\n<\/blockquote>\n<p><strong>CORTINA<\/strong> Ieri alle 14.30 circa un&#8217;escursionista francese di 29 anni, dopo aver salito in solitaria la Ferrata Tomaselli alla Punta Sud di Fanes, mentre scendeva lungo l&#8217;altro tratto di cavo attrezzato, una trentina di metri pi\u00f9 sotto lo ha trovato staccato dalla roccia, con il fittone appoggiato sulla neve, \u00e8 non se l&#8217;\u00e8 sentita di proseguire nella discesa. Individuata dall&#8217;equipaggio dell&#8217;elicottero del Suem di Pieve di Cadore a 2.960 metri di quota, la ragazza \u00e8 stata recuperata con un verricello di 30 metri dal tecnico di elisoccorso, per essere poi trasportata al Passo Falzarego, dove aveva la macchina.<\/p>\n<p>&nbsp;<\/p>\n<p>&nbsp;<\/p>\n<hr \/>\n<p>&nbsp;<\/p>\n<blockquote>\n<h3>SCIVOLA IN UNA SCARPATA, ANZIANA RECUPERATA DAL SOCCORSO ALPINO<\/h3>\n<\/blockquote>\n<p><strong>CASTELLAVAZZO<\/strong> Attorno alle 15 di ieri la Centrale del 118 ha ricevuto la richiesta di aiuto di una 82enne di Castellavazzo, che era scivolata nella scarpata di un ruscello dietro casa. Una squadra del Soccorso alpino di Longarone \u00e8 quindi intervenuta in supporto al personale sanitario dell&#8217;ambulanza per provvedere al suo recupero. L&#8217;anziana, che sembrava avere riportato qualche escoriazioni, \u00e8 stata trasportata per i controlli del caso all&#8217;ospedale di Belluno.<\/p>\n<p>&nbsp;<\/p>\n<hr \/>\n<p>&nbsp;<\/p>\n<blockquote>\n<h3>LA MORTE DEL PICCOLO NICOLO&#8217;<\/h3>\n<\/blockquote>\n<p><strong>LONGARONE<\/strong>\u00a0 Nicol\u00f2 Feltrin, il bimbo di due anni morto per sospetta overdose\u00a0 non \u00e8 mai stato al parco Sidney\u00a0 Il 28 luglio scorso. Non c&#8217;\u00e8 riscontro della sua presenza e di quella del pap\u00e0 Diego nell&#8217;area giochi di Codissago. Non risulta neanche dalle telecamere. Il bimbo pertanto ha ingerito qualcosa in casa che gli \u00e8 stato fatale. L&#8217;ipotesi \u00e8 che sia accaduto in casa Feltrin. E cio\u00e8 che il bimbo abbia ingerito per caso la sostanza. L&#8217;indagine per omicidio colposo vede indagato il pap\u00e0 Diego Feltrin che a questo punto dovr\u00e0 spiegare anche altro agli inquirenti, alla luce di quegli aspetti contraddittori con la versione ufficiale.<\/p>\n<p>&nbsp;<\/p>\n<hr \/>\n<p>&nbsp;<\/p>\n<blockquote>\n<h3>DEFLUSSO ECOLOGICO, DAL 2023 I NUOVI OBBLIGHI DI RILASCIO PREVISTI DALLA NORMATIVA STATALE<\/h3>\n<\/blockquote>\n<p><strong><a class=\"dt-pswp-item\" href=\"https:\/\/www.radiopiu.net\/wordpress\/wp-content\/uploads\/2022\/10\/Senza-nome-4.jpg\" data-dt-img-description=\"\" data-large_image_width=\"166\" data-large_image_height=\"109\"><img loading=\"lazy\" decoding=\"async\" class=\"size-full wp-image-300100 alignleft\" src=\"https:\/\/www.radiopiu.net\/wordpress\/wp-content\/uploads\/2022\/10\/Senza-nome-4.jpg\" alt=\"\" width=\"166\" height=\"109\" \/><\/a>BELLUNO<\/strong> <em>\u00abDal 1\u00b0 gennaio 2023 la maggior parte dei prelievi idrici non solo per scopi idroelettrici dovr\u00e0 tener conto del cosiddetto deflusso ecologico. Gli obblighi di rilascio del deflusso ecologico sono normati da un decreto direttoriale del Ministero dell\u2019Ambiente conseguente all\u2019apertura di una procedura di infrazione per l\u2019Italia da parte della Commissione <a class=\"dt-pswp-item\" href=\"https:\/\/www.radiopiu.net\/wordpress\/wp-content\/uploads\/2022\/10\/Senza-nome.png\" data-dt-img-description=\"\" data-large_image_width=\"242\" data-large_image_height=\"216\"><img loading=\"lazy\" decoding=\"async\" class=\"wp-image-300102 alignright\" src=\"https:\/\/www.radiopiu.net\/wordpress\/wp-content\/uploads\/2022\/10\/Senza-nome.png\" alt=\"\" width=\"139\" height=\"124\" \/><\/a>Europea\u00bb.<\/em> Lo spiega il consigliere provinciale delegato all\u2019ambiente, Simone Deola, a seguito dei dubbi emersi da una parte dei gestori di centraline idroelettriche del Bellunese, preoccupati di dover ridurre in maniera drastica la produzione di energia. I gestori di impianti idroelettrici avevano chiesto tempo fa una moratoria rispetto al termine del 1\u00b0 gennaio 2023. La crisi energetica potrebbe accelerare una decisione in tal senso.<em> \u00abDecisione che &#8211; va bene sottolinearlo &#8211; dipende dal Ministero e dalla Comunit\u00e0 Europea che non esita a comminare pesanti sanzioni\u00bb conclude il consigliere Deola. \u00abLa Provincia ha inviato la lettera ai gestori solo come una sorta di scadenzario\u00bb. Aggiunge il presidente della Provincia, Roberto Padrin. \u00abLegata a questa tematica, \u00e8 anche la necessit\u00e0 di maggiore attenzione da parte dei consorzi irrigui, con investimenti sulla rete, per limitare i prelievi a monte e preservare la qualit\u00e0 oltre che la quantit\u00e0 della risorsa acqua\u00bb.<\/em><\/p>\n<p>&nbsp;<\/p>\n<hr \/>\n<p>&nbsp;<\/p>\n<blockquote>\n<h3>INCONTRO TASK FORCE REGIONALE PER RICOLLOCARE LAVORATORI EX ACC<\/h3>\n<\/blockquote>\n<p><strong><a class=\"dt-pswp-item\" href=\"https:\/\/www.radiopiu.net\/wordpress\/wp-content\/uploads\/2020\/06\/ACC-MEL.png\" data-dt-img-description=\"\" data-large_image_width=\"796\" data-large_image_height=\"796\"><img loading=\"lazy\" decoding=\"async\" class=\" wp-image-145345 alignleft\" src=\"https:\/\/www.radiopiu.net\/wordpress\/wp-content\/uploads\/2020\/06\/ACC-MEL-300x300.png\" alt=\"\" width=\"140\" height=\"140\" srcset=\"https:\/\/www.radiopiu.net\/wordpress\/wp-content\/uploads\/2020\/06\/ACC-MEL-300x300.png 300w, https:\/\/www.radiopiu.net\/wordpress\/wp-content\/uploads\/2020\/06\/ACC-MEL-150x150.png 150w, https:\/\/www.radiopiu.net\/wordpress\/wp-content\/uploads\/2020\/06\/ACC-MEL-768x768.png 768w, https:\/\/www.radiopiu.net\/wordpress\/wp-content\/uploads\/2020\/06\/ACC-MEL.png 796w\" sizes=\"auto, (max-width: 140px) 100vw, 140px\" \/><\/a>VENEZIA <\/strong>Si \u00e8 svolto nei giorni scorsi un tavolo regionale della task force \u201cdi promozione al lavoro delle competenze di ACC\u201d. Si tratta di una iniziativa voluta dalla Regione del Veneto che ha come obiettivo la ricollocazione dei dipendenti di Italia Wanbao-ACC non destinati all\u2019assorbimento in Sest spa. All\u2019incontro della task force, coordinato dall\u2019Unit\u00e0 di crisi aziendali di Veneto Lavoro, hanno partecipato i Centri per l\u2019impiego dell\u2019ambito di Belluno, le parti sindacali coinvolte, la rappresentanza aziendale di ACC in amministrazione straordinaria, Assolavoro e il Sindaco di Borgo Valbelluna. La riunione di aggiornamento ha avuto come obiettivo il monitoraggio dello stato di avanzamento delle attivit\u00e0 poste in essere. Nello specifico, si \u00e8 potuto evincere che rispetto al numero di 107 lavoratori non rientranti nel nuovo perimetro aziendale alla data di aggiudicazione a Sest di ACC (31 gennaio 2022), il bacino degli esuberi \u00e8 sceso a 84 unit\u00e0. Questa prima diminuzione \u00e8 il risultato di fuoriuscite volontarie e di ricollocamenti, anche in autonomia, da parte degli stessi lavoratori. Rispetto agli attuali 84 dipendenti del perimetro esterno e SEST, una parte significativa \u00e8 prossima al pensionamento. Ammontano invece a 34 i lavoratori che hanno risposto all\u2019offerta di supporto per la ricerca di impiego coordinata dai Centri per l\u2019Impiego di Veneto Lavoro. Il tavolo ha potuto apprezzare che, allo stato attuale, il Sistema pubblico regionale ha inviato oltre 100 candidature per l\u2019ambito metalmeccanico, industria e servizi e che tutti i lavoratori disponibili sono stati candidati ad una o pi\u00f9 offerte. Alcune candidature sono ancora in corso di valutazione da parte delle aziende. Per quanto riguarda i lavoratori con disabilit\u00e0 si sta costantemente interagendo con le aziende in obbligo che presentano disponibilit\u00e0 di mansioni compatibili con le caratteristiche di tali lavoratori e facilmente raggiungibili dagli stessi. Allo stato attuale, dei 34 lavoratori disponibili sono 8 quelli che stanno lavorando, mentre per tutti i restanti prosegue l\u2019attivit\u00e0 di ricerca. Infine, rispetto alle prime 41 assunzioni in SEST, il tavolo regionale ha preso atto con soddisfazione del riscontro positivo ricevuto dall\u2019Azienda in merito all\u2019alto livello di competenze professionali espresso dai lavoratori ex ACC.<\/p>\n<p>&nbsp;<\/p>\n<p>&nbsp;<\/p>\n<hr \/>\n<p>&nbsp;<\/p>\n<blockquote>\n<h3>CARO-ENERGIA: A LIMANA L\u2019AMMINISTRAZIONE CERCA SOLUZIONI. A SAMPOI PERDITE E GUASTI CONTINUI,\u00a0 SCATTA LO SPEGNIMENTO TOTALE<\/h3>\n<\/blockquote>\n<p><strong><a class=\"dt-pswp-item\" href=\"https:\/\/www.radiopiu.net\/wordpress\/wp-content\/uploads\/2021\/03\/1200px-Limana_BL.jpg\" data-dt-img-description=\"\" data-large_image_width=\"1200\" data-large_image_height=\"900\"><img loading=\"lazy\" decoding=\"async\" class=\"size-medium wp-image-195411 alignleft\" src=\"https:\/\/www.radiopiu.net\/wordpress\/wp-content\/uploads\/2021\/03\/1200px-Limana_BL-300x225.jpg\" alt=\"\" width=\"300\" height=\"225\" srcset=\"https:\/\/www.radiopiu.net\/wordpress\/wp-content\/uploads\/2021\/03\/1200px-Limana_BL-300x225.jpg 300w, https:\/\/www.radiopiu.net\/wordpress\/wp-content\/uploads\/2021\/03\/1200px-Limana_BL-1024x768.jpg 1024w, https:\/\/www.radiopiu.net\/wordpress\/wp-content\/uploads\/2021\/03\/1200px-Limana_BL-768x576.jpg 768w, https:\/\/www.radiopiu.net\/wordpress\/wp-content\/uploads\/2021\/03\/1200px-Limana_BL.jpg 1200w\" sizes=\"auto, (max-width: 300px) 100vw, 300px\" \/><\/a>LIMANA<\/strong> Le previsioni di maggior spesa per energia elettrica e riscaldamento ammontano a oltre 170.000\u20ac per l\u2019ultimo quadrimestre. Somme che, naturalmente, non ci sono. Per le scuole elementare e media la spesa attesa per luce e gas \u00e8 di 76.500\u20ac; oltre 14.000\u20ac di spesa sono previsti per illuminare e scaldare la biblioteca, mentre il Palimana, nel solo mese di dicembre, potrebbe costare 30.000\u20ac; se nel 2021, infine, sono bastati 5.700\u20ac per scaldare il Municipio, quest\u2019anno, secondo le previsioni, non ne basteranno 24.000.Dalla prossima settimana ulteriore limitazione all\u2019illuminazione pubblica. Pur avendo quasi dimezzato i consumi (da 98.000kWh a 54.000kWh) nel periodo aprile-agosto con lo spegnimento di circa met\u00e0 dei punti luce presenti sul territorio, tuttavia la bolletta \u00e8 cresciuta da 23.700\u20ac a 26.700\u20ac: un aumento di 3.000\u20ac concentrato quasi interamente su agosto.\u00a0 Spegnimento dalle 23, riaccensione al mattino solo sulle vie di accesso alle zone industriali e quelle della principale via del centro. A Sampoi cavidotti vetusti e lampade obsolete disperdono gi\u00e0 ore oltre 1.000kWh di energia al mese e continui guasti. <em>\u201cCi scusiamo con i cittadini per i disagi che subiranno\u201d dichiara il Sindaco Milena de Zanet \u201cma non riuscendo a risolvere i guasti non c\u2019\u00e8 altra scelta che disattivare tutte le linee e spegnere cos\u00ec tutti i lampioni\u201d. <\/em>Tuttavia la gara per l\u2019affidamento della gestione della rete di illuminazione pubblica ad una ditta esterna \u00e8 alle battute finali. Saranno inoltre eseguiti a breve sugli impianti di riscaldamento degli interventi di risparmio energetico per ottenere risparmi fino al 25% sui consumi. Ci\u00f2, prima dell\u2019impennata dei prezzi, avrebbero consentito al comune di ridurre la spesa media annua da 81.000\u20ac a circa 61.000\u20ac. Tuttavia il caro-bollette azzerer\u00e0 i risparmi. Strutture sportive: <em>&#8220;Dovremo adottare misure tanto drastiche quanto necessarie\u201d chiosa il Primo Cittadino. \u201cL\u2019obiettivo primario \u00e8 salvaguardare il benessere dei ragazzi nelle scuole, quindi taglieremo prima altrove.<\/em><\/p>\n<p>&nbsp;<\/p>\n<p>&nbsp;<\/p>\n<blockquote>\n<h3><a class=\"dt-pswp-item\" href=\"https:\/\/www.radiopiu.net\/wordpress\/wp-content\/uploads\/2022\/10\/Consiglieri-De-Francesch-e-Costa.jpeg\" data-dt-img-description=\"\" data-large_image_width=\"1080\" data-large_image_height=\"791\"><img loading=\"lazy\" decoding=\"async\" class=\" wp-image-300115 alignleft\" src=\"https:\/\/www.radiopiu.net\/wordpress\/wp-content\/uploads\/2022\/10\/Consiglieri-De-Francesch-e-Costa-300x220.jpeg\" alt=\"\" width=\"259\" height=\"190\" srcset=\"https:\/\/www.radiopiu.net\/wordpress\/wp-content\/uploads\/2022\/10\/Consiglieri-De-Francesch-e-Costa-300x220.jpeg 300w, https:\/\/www.radiopiu.net\/wordpress\/wp-content\/uploads\/2022\/10\/Consiglieri-De-Francesch-e-Costa-1024x750.jpeg 1024w, https:\/\/www.radiopiu.net\/wordpress\/wp-content\/uploads\/2022\/10\/Consiglieri-De-Francesch-e-Costa-768x562.jpeg 768w, https:\/\/www.radiopiu.net\/wordpress\/wp-content\/uploads\/2022\/10\/Consiglieri-De-Francesch-e-Costa.jpeg 1080w\" sizes=\"auto, (max-width: 259px) 100vw, 259px\" \/><\/a>E IL COMUNE D&#8217;ALPAGO COME SI STA MUOVENDO? LO CHIEDE LA MINORANZA.<\/h3>\n<\/blockquote>\n<p>&nbsp;<\/p>\n<p><strong>ALPAGO<\/strong> Il gruppo &#8220;Alpago, insieme per il futuro\u201d rappresentato dai consiglieri comunali Vanessa De Francesch e Federico Costa\u00a0 ha interrogato il Sindaco circa le spese dell&#8217;apparato amministrativo dopo il noto caro bollette. <em>&#8220;Abbiamo voluto sensibilizzare il primo cittadino e la Giunta- dicono i consiglieri &#8211; per sapere cosa stanno concretamente facendo, visto che altri Comuni della Provincia hanno gi\u00e0 posto in essere azioni concrete per contenere i costi dell\u2019energia&#8221;<\/em>\u00a0 Nella missiva recapitata al palazzo anche i consigli:\u00a0<em> &#8220;l\u2019uso parsimonioso dell\u2019energia \u00e8 la via da imboccare per dare ossigeno alle casse comunali, diminuendo cos\u00ec le spese correnti, e nel contempo \u00e8 necessario avere una visione pi\u00f9 ecologica, con scelte <\/em><em>tempestive e idee chiare per avviare un processo di modernizzazione del patrimonio comunale&#8221;<\/em><\/p>\n<p>&nbsp;<\/p>\n<hr \/>\n<p>&nbsp;<\/p>\n<blockquote>\n<h3>I LAVORI DI RISTRUTTURAZIONE DELL&#8217;OSPEDALE DI LAMON SONO IN RITARDO. PAZIENTI SPOSTATI TEMPORANEAMENTE A FELTRE<\/h3>\n<\/blockquote>\n<p><strong><a class=\"dt-pswp-item\" href=\"https:\/\/www.radiopiu.net\/wordpress\/wp-content\/uploads\/2022\/10\/578e5835-cafb-4963-aafb-c7092cf0bab8.jpg\" data-dt-img-description=\"\" data-large_image_width=\"1600\" data-large_image_height=\"902\"><img loading=\"lazy\" decoding=\"async\" class=\" wp-image-300176 alignleft\" src=\"https:\/\/www.radiopiu.net\/wordpress\/wp-content\/uploads\/2022\/10\/578e5835-cafb-4963-aafb-c7092cf0bab8-300x169.jpg\" alt=\"\" width=\"217\" height=\"122\" srcset=\"https:\/\/www.radiopiu.net\/wordpress\/wp-content\/uploads\/2022\/10\/578e5835-cafb-4963-aafb-c7092cf0bab8-300x169.jpg 300w, https:\/\/www.radiopiu.net\/wordpress\/wp-content\/uploads\/2022\/10\/578e5835-cafb-4963-aafb-c7092cf0bab8-1024x577.jpg 1024w, https:\/\/www.radiopiu.net\/wordpress\/wp-content\/uploads\/2022\/10\/578e5835-cafb-4963-aafb-c7092cf0bab8-768x433.jpg 768w, https:\/\/www.radiopiu.net\/wordpress\/wp-content\/uploads\/2022\/10\/578e5835-cafb-4963-aafb-c7092cf0bab8-1536x866.jpg 1536w, https:\/\/www.radiopiu.net\/wordpress\/wp-content\/uploads\/2022\/10\/578e5835-cafb-4963-aafb-c7092cf0bab8.jpg 1600w\" sizes=\"auto, (max-width: 217px) 100vw, 217px\" \/><\/a>LAMON<\/strong> I lavori per la ristrutturazione dell&#8217;ospedale di Lamon sono in ritardo di 10 mesi. con queste tempistiche si finirebbe a giugno 2024. Inoltre in questa fase il cantiere \u00e8 molto rumoroso, quindi l&#8217;Ulss ha deciso di spostare le degenze a Feltre, mantenendo a Lamon centro prelievi, medici di base, radiologia, tutti i servizi per il territorio. In questo modo si conta di recuperare circa 6 mesi e di poter far rientrare tutti a fine 2023. Con il termine dei lavori (di quasi 6 milioni in totale, dei quali 4 da fondi di confine) l&#8217;ospedale riabilitativo di Lamon avr\u00e0 72 posti e 7 per l&#8217;unit\u00e0 territoriale. in questi giorni si cerca di organizzare i locali all&#8217;ospedale di Feltre che accoglieranno i circa 30 utenti (al momento a Lamon la capienza \u00e8 ridotta) per i mesi che serviranno a completare i lavori.<\/p>\n<p><strong>di Moreno Gioli<\/strong><\/p>\n<audio class=\"wp-audio-shortcode\" id=\"audio-300037-1\" preload=\"none\" style=\"width: 100%;\" controls=\"controls\"><source type=\"audio\/mpeg\" src=\"https:\/\/www.radiopiu.net\/wordpress\/wp-content\/uploads\/2022\/10\/GIOLI-OSPEDALE-LAMON.mp3?_=1\" \/><a href=\"https:\/\/www.radiopiu.net\/wordpress\/wp-content\/uploads\/2022\/10\/GIOLI-OSPEDALE-LAMON.mp3\">https:\/\/www.radiopiu.net\/wordpress\/wp-content\/uploads\/2022\/10\/GIOLI-OSPEDALE-LAMON.mp3<\/a><\/audio>\n<p>&nbsp;<\/p>\n<p><strong>MARIA GRAZIA CARRARO, ULSS 1 DOLOMITI<\/strong><\/p>\n<div style=\"width: 852px;\" class=\"wp-video\"><video class=\"wp-video-shortcode\" id=\"video-300037-1\" width=\"852\" height=\"480\" preload=\"metadata\" controls=\"controls\"><source type=\"video\/mp4\" src=\"https:\/\/www.radiopiu.net\/wordpress\/wp-content\/uploads\/2022\/10\/WhatsApp-Video-2022-10-04-at-15.15.33.mp4?_=1\" \/><a href=\"https:\/\/www.radiopiu.net\/wordpress\/wp-content\/uploads\/2022\/10\/WhatsApp-Video-2022-10-04-at-15.15.33.mp4\">https:\/\/www.radiopiu.net\/wordpress\/wp-content\/uploads\/2022\/10\/WhatsApp-Video-2022-10-04-at-15.15.33.mp4<\/a><\/video><\/div>\n<p>&nbsp;<\/p>\n<blockquote>\n<h3><a class=\"dt-pswp-item\" href=\"https:\/\/www.radiopiu.net\/wordpress\/wp-content\/uploads\/2022\/10\/Senza-nome-8.jpg\" data-dt-img-description=\"\" data-large_image_width=\"563\" data-large_image_height=\"312\"><img loading=\"lazy\" decoding=\"async\" class=\" wp-image-300201 alignleft\" src=\"https:\/\/www.radiopiu.net\/wordpress\/wp-content\/uploads\/2022\/10\/Senza-nome-8-300x166.jpg\" alt=\"\" width=\"157\" height=\"87\" srcset=\"https:\/\/www.radiopiu.net\/wordpress\/wp-content\/uploads\/2022\/10\/Senza-nome-8-300x166.jpg 300w, https:\/\/www.radiopiu.net\/wordpress\/wp-content\/uploads\/2022\/10\/Senza-nome-8.jpg 563w\" sizes=\"auto, (max-width: 157px) 100vw, 157px\" \/><\/a>LA PREOCCUPAZIONE DEI CITTADINI<\/h3>\n<\/blockquote>\n<p><strong>LAMON<\/strong> I lamonesi temono l&#8217;accorpamento con Feltre per questo a Ponte Serra \u00e8 stato appeso uno striscione bianco con la scritta Lamon \u00e8 la riabilitazione, ci sono anche manifestini bianchi con una scritta analoga, che vuol dire anticipando i tempo, Non prendeteci in giro. Un segno di grande preoccupazione<\/p>\n<p>&nbsp;<\/p>\n<p>&nbsp;<\/p>\n<hr \/>\n<p>&nbsp;<\/p>\n<blockquote>\n<h3>FALCADE SI CANDIDA AD ALPINE PEARLS<\/h3>\n<\/blockquote>\n<p><strong><a class=\"dt-pswp-item\" href=\"https:\/\/www.radiopiu.net\/wordpress\/wp-content\/uploads\/2021\/07\/FALCADE_ESTATE-2990.jpg\" data-dt-img-description=\"\" data-large_image_width=\"900\" data-large_image_height=\"600\"><img loading=\"lazy\" decoding=\"async\" class=\" wp-image-220251 alignleft\" src=\"https:\/\/www.radiopiu.net\/wordpress\/wp-content\/uploads\/2021\/07\/FALCADE_ESTATE-2990-300x200.jpg\" alt=\"\" width=\"189\" height=\"126\" srcset=\"https:\/\/www.radiopiu.net\/wordpress\/wp-content\/uploads\/2021\/07\/FALCADE_ESTATE-2990-300x200.jpg 300w, https:\/\/www.radiopiu.net\/wordpress\/wp-content\/uploads\/2021\/07\/FALCADE_ESTATE-2990-768x512.jpg 768w, https:\/\/www.radiopiu.net\/wordpress\/wp-content\/uploads\/2021\/07\/FALCADE_ESTATE-2990.jpg 900w\" sizes=\"auto, (max-width: 189px) 100vw, 189px\" \/><\/a>FALCADE<\/strong><\/p>\n<p>di Gianni Santomaso<\/p>\n<audio class=\"wp-audio-shortcode\" id=\"audio-300037-2\" preload=\"none\" style=\"width: 100%;\" controls=\"controls\"><source type=\"audio\/mpeg\" src=\"https:\/\/www.radiopiu.net\/wordpress\/wp-content\/uploads\/2022\/10\/GIANNI-FALCADE-SI-CANDIDA-AD-ALPINE-PEARLS.mp3?_=2\" \/><a href=\"https:\/\/www.radiopiu.net\/wordpress\/wp-content\/uploads\/2022\/10\/GIANNI-FALCADE-SI-CANDIDA-AD-ALPINE-PEARLS.mp3\">https:\/\/www.radiopiu.net\/wordpress\/wp-content\/uploads\/2022\/10\/GIANNI-FALCADE-SI-CANDIDA-AD-ALPINE-PEARLS.mp3<\/a><\/audio>\n<p>&nbsp;<\/p>\n<hr \/>\n<p>&nbsp;<\/p>\n<blockquote>\n<h3>DILLO A RADIO PIU&#8217;&#8230;I PARCHEGGI PER DISABILI DELLA NUOVA AREA IN VALCOZZENA<\/h3>\n<\/blockquote>\n<p><strong>REDAZIONE<\/strong> Riceviamo e pubblichiamo due foto di un nostro ascoltatore che ci segnala l&#8217;incivilt\u00e0 nei nuovi parcheggi di Valcozzena dove qualcuno ha pensato di usufruire degli spazi riservati ai disabili per parcheggiare l&#8217;auto e andare al lavoro. &#8220;Capiamo che siamo in una situazione di lavori in corso e sistemazione dell&#8217;area ma..&#8221; il commento del nostro ascoltatore.<\/p>\n\n\t\t\t<style type='text\/css'>\n\t\t\t\t#gallery-1 {\n\t\t\t\t\tmargin: auto;\n\t\t\t\t}\n\t\t\t\t#gallery-1 .gallery-item {\n\t\t\t\t\tfloat: left;\n\t\t\t\t\tmargin-top: 10px;\n\t\t\t\t\ttext-align: center;\n\t\t\t\t\twidth: 50%;\n\t\t\t\t}\n\t\t\t\t#gallery-1 img {\n\t\t\t\t\tborder: 2px solid #cfcfcf;\n\t\t\t\t}\n\t\t\t\t#gallery-1 .gallery-caption {\n\t\t\t\t\tmargin-left: 0;\n\t\t\t\t}\n\t\t\t\t\/* see gallery_shortcode() in wp-includes\/media.php *\/\n\t\t\t<\/style>\n\t\t<div id='gallery-1' class='dt-gallery-container gallery galleryid-300037 gallery-columns-2 gallery-size-medium'><dl class='gallery-item'>\n\t\t\t\t<dt class='gallery-icon landscape'>\n\t\t\t\t\t<a class=\"rollover rollover-zoom dt-pswp-item\" title=\"20221004_130103\" data-dt-img-description=\"\" data-large_image_width=\"2560\" data-large_image_height=\"1440\"href='https:\/\/www.radiopiu.net\/wordpress\/wp-content\/uploads\/2022\/10\/20221004_130103-scaled.jpg'><img loading=\"lazy\" decoding=\"async\" width=\"300\" height=\"169\" src=\"https:\/\/www.radiopiu.net\/wordpress\/wp-content\/uploads\/2022\/10\/20221004_130103-300x169.jpg\" class=\"attachment-medium size-medium\" alt=\"\" srcset=\"https:\/\/www.radiopiu.net\/wordpress\/wp-content\/uploads\/2022\/10\/20221004_130103-300x169.jpg 300w, https:\/\/www.radiopiu.net\/wordpress\/wp-content\/uploads\/2022\/10\/20221004_130103-1024x576.jpg 1024w, https:\/\/www.radiopiu.net\/wordpress\/wp-content\/uploads\/2022\/10\/20221004_130103-768x432.jpg 768w, https:\/\/www.radiopiu.net\/wordpress\/wp-content\/uploads\/2022\/10\/20221004_130103-1536x864.jpg 1536w, https:\/\/www.radiopiu.net\/wordpress\/wp-content\/uploads\/2022\/10\/20221004_130103-2048x1152.jpg 2048w\" sizes=\"auto, (max-width: 300px) 100vw, 300px\" \/><\/a>\n\t\t\t\t<\/dt><\/dl><dl class='gallery-item'>\n\t\t\t\t<dt class='gallery-icon landscape'>\n\t\t\t\t\t<a class=\"rollover rollover-zoom dt-pswp-item\" title=\"20221004_130124\" data-dt-img-description=\"\" data-large_image_width=\"2560\" data-large_image_height=\"1440\"href='https:\/\/www.radiopiu.net\/wordpress\/wp-content\/uploads\/2022\/10\/20221004_130124-scaled.jpg'><img loading=\"lazy\" decoding=\"async\" width=\"300\" height=\"169\" src=\"https:\/\/www.radiopiu.net\/wordpress\/wp-content\/uploads\/2022\/10\/20221004_130124-300x169.jpg\" class=\"attachment-medium size-medium\" alt=\"\" srcset=\"https:\/\/www.radiopiu.net\/wordpress\/wp-content\/uploads\/2022\/10\/20221004_130124-300x169.jpg 300w, https:\/\/www.radiopiu.net\/wordpress\/wp-content\/uploads\/2022\/10\/20221004_130124-1024x576.jpg 1024w, https:\/\/www.radiopiu.net\/wordpress\/wp-content\/uploads\/2022\/10\/20221004_130124-768x432.jpg 768w, https:\/\/www.radiopiu.net\/wordpress\/wp-content\/uploads\/2022\/10\/20221004_130124-1536x864.jpg 1536w, https:\/\/www.radiopiu.net\/wordpress\/wp-content\/uploads\/2022\/10\/20221004_130124-2048x1152.jpg 2048w\" sizes=\"auto, (max-width: 300px) 100vw, 300px\" \/><\/a>\n\t\t\t\t<\/dt><\/dl><br style=\"clear: both\" \/>\n\t\t\t<\/div>\n\n<p>&nbsp;<\/p>\n<hr \/>\n<p>&nbsp;<\/p>\n<p><a class=\"dt-pswp-item\" href=\"https:\/\/www.radiopiu.net\/wordpress\/wp-content\/uploads\/2022\/10\/b6bc7af8-d567-480d-a1f8-e2f8ebdf0ceb.jpg\" data-dt-img-description=\"\" data-large_image_width=\"800\" data-large_image_height=\"800\"><img loading=\"lazy\" decoding=\"async\" class=\"size-medium wp-image-300186 aligncenter\" src=\"https:\/\/www.radiopiu.net\/wordpress\/wp-content\/uploads\/2022\/10\/b6bc7af8-d567-480d-a1f8-e2f8ebdf0ceb-300x300.jpg\" alt=\"\" width=\"300\" height=\"300\" srcset=\"https:\/\/www.radiopiu.net\/wordpress\/wp-content\/uploads\/2022\/10\/b6bc7af8-d567-480d-a1f8-e2f8ebdf0ceb-300x300.jpg 300w, https:\/\/www.radiopiu.net\/wordpress\/wp-content\/uploads\/2022\/10\/b6bc7af8-d567-480d-a1f8-e2f8ebdf0ceb-150x150.jpg 150w, https:\/\/www.radiopiu.net\/wordpress\/wp-content\/uploads\/2022\/10\/b6bc7af8-d567-480d-a1f8-e2f8ebdf0ceb-768x768.jpg 768w, https:\/\/www.radiopiu.net\/wordpress\/wp-content\/uploads\/2022\/10\/b6bc7af8-d567-480d-a1f8-e2f8ebdf0ceb.jpg 800w\" sizes=\"auto, (max-width: 300px) 100vw, 300px\" \/><\/a><\/p>\n<p>&nbsp;<\/p>\n<blockquote class=\"wp-embedded-content\" data-secret=\"iuBfMVsVho\"><p><a href=\"https:\/\/www.radiopiu.net\/wordpress\/aziendazeroottobre4\/\">IMPENNATA DI NUOVI CASI, OLTRE 400 A BELLUNO, RICOVERI IN AUMENTO +45 E 8 DECESSI<\/a><\/p><\/blockquote>\n<p><iframe loading=\"lazy\" class=\"wp-embedded-content\" sandbox=\"allow-scripts\" security=\"restricted\" style=\"position: absolute; clip: rect(1px, 1px, 1px, 1px);\" title=\"&#8220;IMPENNATA DI NUOVI CASI, OLTRE 400 A BELLUNO, RICOVERI IN AUMENTO +45 E 8 DECESSI&#8221; &#8212; Radio Pi\u00f9\" src=\"https:\/\/www.radiopiu.net\/wordpress\/aziendazeroottobre4\/embed\/#?secret=2PM0e22FLm#?secret=iuBfMVsVho\" data-secret=\"iuBfMVsVho\" width=\"600\" height=\"338\" frameborder=\"0\" marginwidth=\"0\" marginheight=\"0\" scrolling=\"no\"><\/iframe><\/p>\n<p>&nbsp;<\/p>\n<h2>I GRAFICI DI TIZIANO DE COL<\/h2>\n\n\t\t\t<style type='text\/css'>\n\t\t\t\t#gallery-2 {\n\t\t\t\t\tmargin: auto;\n\t\t\t\t}\n\t\t\t\t#gallery-2 .gallery-item {\n\t\t\t\t\tfloat: left;\n\t\t\t\t\tmargin-top: 10px;\n\t\t\t\t\ttext-align: center;\n\t\t\t\t\twidth: 33%;\n\t\t\t\t}\n\t\t\t\t#gallery-2 img {\n\t\t\t\t\tborder: 2px solid #cfcfcf;\n\t\t\t\t}\n\t\t\t\t#gallery-2 .gallery-caption {\n\t\t\t\t\tmargin-left: 0;\n\t\t\t\t}\n\t\t\t\t\/* see gallery_shortcode() in wp-includes\/media.php *\/\n\t\t\t<\/style>\n\t\t<div id='gallery-2' class='dt-gallery-container gallery galleryid-300037 gallery-columns-3 gallery-size-thumbnail'><dl class='gallery-item'>\n\t\t\t\t<dt class='gallery-icon landscape'>\n\t\t\t\t\t<a class=\"rollover rollover-zoom dt-pswp-item\" title=\"66a0c860-c669-4030-ad12-1f87e6ebc08e\" data-dt-img-description=\"\" data-large_image_width=\"595\" data-large_image_height=\"364\"href='https:\/\/www.radiopiu.net\/wordpress\/wp-content\/uploads\/2022\/10\/66a0c860-c669-4030-ad12-1f87e6ebc08e.jpg'><img loading=\"lazy\" decoding=\"async\" width=\"150\" height=\"150\" src=\"https:\/\/www.radiopiu.net\/wordpress\/wp-content\/uploads\/2022\/10\/66a0c860-c669-4030-ad12-1f87e6ebc08e-150x150.jpg\" class=\"attachment-thumbnail size-thumbnail\" alt=\"\" \/><\/a>\n\t\t\t\t<\/dt><\/dl><dl class='gallery-item'>\n\t\t\t\t<dt class='gallery-icon landscape'>\n\t\t\t\t\t<a class=\"rollover rollover-zoom dt-pswp-item\" title=\"74b93f8c-29f8-45c5-96ec-2571a99a1a44\" data-dt-img-description=\"\" data-large_image_width=\"585\" data-large_image_height=\"358\"href='https:\/\/www.radiopiu.net\/wordpress\/wp-content\/uploads\/2022\/10\/74b93f8c-29f8-45c5-96ec-2571a99a1a44.jpg'><img loading=\"lazy\" decoding=\"async\" width=\"150\" height=\"150\" src=\"https:\/\/www.radiopiu.net\/wordpress\/wp-content\/uploads\/2022\/10\/74b93f8c-29f8-45c5-96ec-2571a99a1a44-150x150.jpg\" class=\"attachment-thumbnail size-thumbnail\" alt=\"\" \/><\/a>\n\t\t\t\t<\/dt><\/dl><dl class='gallery-item'>\n\t\t\t\t<dt class='gallery-icon landscape'>\n\t\t\t\t\t<a class=\"rollover rollover-zoom dt-pswp-item\" title=\"f2b58837-c7dd-46d9-9bce-4432c47c3d14\" data-dt-img-description=\"\" data-large_image_width=\"612\" data-large_image_height=\"366\"href='https:\/\/www.radiopiu.net\/wordpress\/wp-content\/uploads\/2022\/10\/f2b58837-c7dd-46d9-9bce-4432c47c3d14.jpg'><img loading=\"lazy\" decoding=\"async\" width=\"150\" height=\"150\" src=\"https:\/\/www.radiopiu.net\/wordpress\/wp-content\/uploads\/2022\/10\/f2b58837-c7dd-46d9-9bce-4432c47c3d14-150x150.jpg\" class=\"attachment-thumbnail size-thumbnail\" alt=\"\" \/><\/a>\n\t\t\t\t<\/dt><\/dl><br style=\"clear: both\" \/><dl class='gallery-item'>\n\t\t\t\t<dt class='gallery-icon landscape'>\n\t\t\t\t\t<a class=\"rollover rollover-zoom dt-pswp-item\" title=\"56d6238f-7774-4e8f-b0b7-b4261ed0ca2c\" data-dt-img-description=\"\" data-large_image_width=\"616\" data-large_image_height=\"366\"href='https:\/\/www.radiopiu.net\/wordpress\/wp-content\/uploads\/2022\/10\/56d6238f-7774-4e8f-b0b7-b4261ed0ca2c.jpg'><img loading=\"lazy\" decoding=\"async\" width=\"150\" height=\"150\" src=\"https:\/\/www.radiopiu.net\/wordpress\/wp-content\/uploads\/2022\/10\/56d6238f-7774-4e8f-b0b7-b4261ed0ca2c-150x150.jpg\" class=\"attachment-thumbnail size-thumbnail\" alt=\"\" \/><\/a>\n\t\t\t\t<\/dt><\/dl><dl class='gallery-item'>\n\t\t\t\t<dt class='gallery-icon landscape'>\n\t\t\t\t\t<a class=\"rollover rollover-zoom dt-pswp-item\" title=\"4d641cf7-a1c4-476b-8072-c6a8c5a32261\" data-dt-img-description=\"\" data-large_image_width=\"618\" data-large_image_height=\"362\"href='https:\/\/www.radiopiu.net\/wordpress\/wp-content\/uploads\/2022\/10\/4d641cf7-a1c4-476b-8072-c6a8c5a32261.jpg'><img loading=\"lazy\" decoding=\"async\" width=\"150\" height=\"150\" src=\"https:\/\/www.radiopiu.net\/wordpress\/wp-content\/uploads\/2022\/10\/4d641cf7-a1c4-476b-8072-c6a8c5a32261-150x150.jpg\" class=\"attachment-thumbnail size-thumbnail\" alt=\"\" \/><\/a>\n\t\t\t\t<\/dt><\/dl><dl class='gallery-item'>\n\t\t\t\t<dt class='gallery-icon landscape'>\n\t\t\t\t\t<a class=\"rollover rollover-zoom dt-pswp-item\" title=\"7c2d3ef5-49b3-41d8-904f-7152db8e1d1d\" data-dt-img-description=\"\" data-large_image_width=\"610\" data-large_image_height=\"360\"href='https:\/\/www.radiopiu.net\/wordpress\/wp-content\/uploads\/2022\/10\/7c2d3ef5-49b3-41d8-904f-7152db8e1d1d.jpg'><img loading=\"lazy\" decoding=\"async\" width=\"150\" height=\"150\" src=\"https:\/\/www.radiopiu.net\/wordpress\/wp-content\/uploads\/2022\/10\/7c2d3ef5-49b3-41d8-904f-7152db8e1d1d-150x150.jpg\" class=\"attachment-thumbnail size-thumbnail\" alt=\"\" \/><\/a>\n\t\t\t\t<\/dt><\/dl><br style=\"clear: both\" \/>\n\t\t\t<\/div>\n\n<hr \/>\n<p>&nbsp;<\/p>\n<blockquote>\n<h3>NUOVO CENTRO VACCINALE DI SALCE: PRIMO GIORNO DI ATTIVIT\u00c0<\/h3>\n<\/blockquote>\n<p><strong>BELLUNO <\/strong>Si \u00e8 svolta nel nuovo centro vaccinale di popolazione (CVP) di Salce la prima seduta vaccinale dedicata ai richiami TBE e Covid. I numeri di vaccinazione di queste prime giornate di lavoro rimangono ancora \u201climitati\u201d per tarare al meglio i flussi e il funzionamento della struttura idonea a regime per gestire fino a 7-800 vaccinazioni al giorno. I locali e gli arredi sono stati consegnati all\u2019Ulss da Luxottica che ha curato l\u2019intero allestimento. I locali sono stati resi disponibili gratuitamente dalla propriet\u00e0 che ha risposto a una ricerca condotta dal Comune di Belluno. \u00a0Ad accogliere i vaccinandi c\u2019erano i volontari Cucchini. Nei prossimi giorni il centro vaccinale di Salce prevede varie sedute dedicate alla vaccinazione covid, prenotabile dal sito <a href=\"http:\/\/www.aulss1.veneto.it\">www.aulss1.veneto.it<\/a> \u00a0in affiancamento alle sedute attive a Feltre, in Cadore e in Agordino.<\/p>\n<p>&nbsp;<\/p>\n<p>&nbsp;<\/p>\n<hr \/>\n<p>&nbsp;<\/p>\n<blockquote>\n<h3>PARTITO IL PROGETTO \u201cGRUPPO GIOVANI\u201d A BELLUNO<\/h3>\n<\/blockquote>\n<p><strong>BELLUNO <\/strong>Per ascoltare la loro idea di citt\u00e0, per un confronto diretto, per favorire politiche che davvero vadano incontro ai bisogni e alle attese di tutta la popolazione. Per questo e altri motivi, l\u2019amministrazione comunale sta lavorando da settimane alla costituzione di un gruppo di giovani che si interfaccer\u00e0 con il Comune e che lavorer\u00e0 con la giunta su iniziative e progetti a favore dei ragazzi. Il primo passo, quello di costituire il nucleo iniziale con cui confrontarsi \u00e8 stato fatto, nelle scorse settimane a Palazzo Rosso si sono tenuti due incontri, ne seguir\u00e0 un terzo entro la fine del mese. L\u2019iniziativa \u00e8 rivolta ai cittadini bellunesi di et\u00e0 tra i 15 e i 30 anni, quindi studenti che ancora frequentano le superiori, universitari e anche\u00a0 giovani lavoratori.<\/p>\n<p><strong>OSCAR DE PELLEGRIN, SINDACO DI BELLUNO<\/strong><\/p>\n<div style=\"width: 1200px;\" class=\"wp-video\"><video class=\"wp-video-shortcode\" id=\"video-300037-2\" width=\"1200\" height=\"675\" preload=\"metadata\" controls=\"controls\"><source type=\"video\/mp4\" src=\"https:\/\/www.radiopiu.net\/wordpress\/wp-content\/uploads\/2022\/10\/OSCAR-DE-PELLEGRIN-GRUPPO-GIOVANI.mp4?_=2\" \/><a href=\"https:\/\/www.radiopiu.net\/wordpress\/wp-content\/uploads\/2022\/10\/OSCAR-DE-PELLEGRIN-GRUPPO-GIOVANI.mp4\">https:\/\/www.radiopiu.net\/wordpress\/wp-content\/uploads\/2022\/10\/OSCAR-DE-PELLEGRIN-GRUPPO-GIOVANI.mp4<\/a><\/video><\/div>\n<p>&nbsp;<\/p>\n<hr \/>\n<p>&nbsp;<\/p>\n<blockquote>\n<h3>PISTA CICLABILE DI PONTE NELLE ALPI PERICOLOSA PER CADUTA SASSI<\/h3>\n<\/blockquote>\n<p><em>S<\/em><em>ulla ciclabile per Soverzene il Comune era gi\u00e0 intervenuto<\/em><em>, il tracciato era stato completamente eroso dal fiume, ricostruito con finanziamenti regionali.\u00a0<\/em><\/p>\n<p><strong><a class=\"dt-pswp-item\" href=\"https:\/\/www.radiopiu.net\/wordpress\/wp-content\/uploads\/2022\/10\/f737add1-69e7-4bf0-ad26-8e53ab788e0f.jpg\" data-dt-img-description=\"\" data-large_image_width=\"2048\" data-large_image_height=\"1536\"><img loading=\"lazy\" decoding=\"async\" class=\"wp-image-300107 alignleft\" src=\"https:\/\/www.radiopiu.net\/wordpress\/wp-content\/uploads\/2022\/10\/f737add1-69e7-4bf0-ad26-8e53ab788e0f-300x225.jpg\" alt=\"\" width=\"188\" height=\"141\" srcset=\"https:\/\/www.radiopiu.net\/wordpress\/wp-content\/uploads\/2022\/10\/f737add1-69e7-4bf0-ad26-8e53ab788e0f-300x225.jpg 300w, https:\/\/www.radiopiu.net\/wordpress\/wp-content\/uploads\/2022\/10\/f737add1-69e7-4bf0-ad26-8e53ab788e0f-1024x768.jpg 1024w, https:\/\/www.radiopiu.net\/wordpress\/wp-content\/uploads\/2022\/10\/f737add1-69e7-4bf0-ad26-8e53ab788e0f-768x576.jpg 768w, https:\/\/www.radiopiu.net\/wordpress\/wp-content\/uploads\/2022\/10\/f737add1-69e7-4bf0-ad26-8e53ab788e0f-1536x1152.jpg 1536w, https:\/\/www.radiopiu.net\/wordpress\/wp-content\/uploads\/2022\/10\/f737add1-69e7-4bf0-ad26-8e53ab788e0f.jpg 2048w\" sizes=\"auto, (max-width: 188px) 100vw, 188px\" \/><\/a>PONTE NELL ALPI<\/strong> A detta dei consigliere comunali della Lega Nord, Paolo De Vettor e Angelo Levis, Il nuovo tratto di ciclabile, alla prima piena, sar\u00e0 portato via dal Piave. Lo hanno ribadito anche in consiglio comunale portando l&#8217;attenzione al tratto di pista che mette in collegamento il territorio comunale con Soverzene. Secondo i due esponenti della minoranza il percorso, realizzato in sostituzione di quello precedente ritenuto pericoloso per la caduta di sassi all\u2019altezza della parete dei Falchi, \u00e8 troppo a ridosso del corso d\u2019acqua e rischia di venire spazzato via. Gi\u00e0 ora, dopo qualche pioggia il fondo in ghiaia \u00e8 coperto da grandi pozzanghere. <em>\u201cL\u2019opera\u00a0 &#8211; dicono i consiglieri della Lega &#8211; sostituisce il precedente tratto che non \u00e8 mai stato chiuso. E\u2019 giusto pensare ad un percorso alternativo, ma non cos\u00ec vicino al Piave&#8221;.\u00a0\u00a0<\/em><\/p>\n<p><strong>ALLA RADIO<\/strong><\/p>\n<audio class=\"wp-audio-shortcode\" id=\"audio-300037-3\" preload=\"none\" style=\"width: 100%;\" controls=\"controls\"><source type=\"audio\/mpeg\" src=\"https:\/\/www.radiopiu.net\/wordpress\/wp-content\/uploads\/2022\/10\/Lega-su-pista-ciclabile.mp3?_=3\" \/><a href=\"https:\/\/www.radiopiu.net\/wordpress\/wp-content\/uploads\/2022\/10\/Lega-su-pista-ciclabile.mp3\">https:\/\/www.radiopiu.net\/wordpress\/wp-content\/uploads\/2022\/10\/Lega-su-pista-ciclabile.mp3<\/a><\/audio>\n<p>&nbsp;<\/p>\n<p>&nbsp;<\/p>\n<hr \/>\n<p>&nbsp;<\/p>\n<blockquote>\n<h2><strong><span style=\"font-size: 14px;\">A DIFESA DEGLI SPORT DEL GHIACCIO. L&#8217;IMPORTANZA DI FARE MASSA CRITICA, SABATO MANIFESTAZIONE IN CADORE<\/span><\/strong><\/h2>\n<\/blockquote>\n<p>&nbsp;<\/p>\n<p><strong><img decoding=\"async\" class=\"alignleft\" src=\"https:\/\/www.radiopiu.net\/wordpress\/wp-content\/uploads\/2022\/10\/pieve.jpg\" \/>REDAZIONE<\/strong> Sabato alle 15 si svolger\u00e0 una manifestazione di sensibilizzazione dopo i noti problemi legati al caro bollette e alla conseguente chiusura degli stadi del ghiaccio. Come ad Alleghe anche a Pieve di Cadore il problema \u00e8 concreto e lo stadio a luci spente. La manifestazione di sabato si svolger\u00e0 presso lo stadio del ghiaccio &#8220;Galvalux Arena&#8221;. Le societ\u00e0 del ghiaccio con grande preoccupazione per il futuro dei loro giovani si sono attivate organizzando l&#8217;incontro di sabato al quale sono stati invitate le societ\u00e0 sportive del territorio\u00a0 e i sindaci.\u00a0 Sar\u00e0 un\u00a0 sit- in contro l&#8217;inaccettabile aumento dei costi che ha costretto le amministrazioni a spegnere i compressori.<\/p>\n<p>&nbsp;<\/p>\n<p><strong>La lettera invito di <span id=\"page37R_mcid19\" class=\"markedContent\"><span dir=\"ltr\" role=\"presentation\">Andrea Panciera \u2013 Presidente Hockey Club Pieve di Cadore e <\/span><\/span><span id=\"page37R_mcid20\" class=\"markedContent\"><span dir=\"ltr\" role=\"presentation\">Cristina Marchi \u2013 Presidente U.S.G. Pieve di Cadore<\/span><\/span><\/strong><\/p>\n<p><span id=\"page37R_mcid1\" class=\"markedContent\"><span dir=\"ltr\" role=\"presentation\">&#8220;Stiamo attraversando un momento turbolento e difficile ed il \u201ccaro bollette\u201d degli ultimi mesi <\/span><span dir=\"ltr\" role=\"presentation\">sta mettendo a dura prova il tessuto sociale e produttivo del nostro Paese. <\/span><\/span><span id=\"page37R_mcid2\" class=\"markedContent\"><span dir=\"ltr\" role=\"presentation\">Questa situazione, gi\u00e0 di per s\u00e9 difficile, si innesta nella nostra provincia, in particolare nelle <\/span><span dir=\"ltr\" role=\"presentation\">Terre Alte, su un terreno purtroppo gi\u00e0 fertile per la presenza di un forte disagio adolescenziale, <\/span><span dir=\"ltr\" role=\"presentation\">certificato dall\u2019ULSS gi\u00e0 da alcuni anni ed acuitosi a seguito della pandemia da Covid-19. <\/span><\/span><span id=\"page37R_mcid3\" class=\"markedContent\"><span dir=\"ltr\" role=\"presentation\">Il disagio giovanile aumenta via via che i te<\/span><span dir=\"ltr\" role=\"presentation\">rritori presentano difficolt\u00e0 di relazione verso <\/span><span dir=\"ltr\" role=\"presentation\">l\u2019esterno per la scarsa presenza di servizi e dove spesso gli unici punti di ritrovo e socializzazione <\/span><span dir=\"ltr\" role=\"presentation\">risultano i bar, tanto che i ragazzini si avvicinano all\u2019alcool gi\u00e0 a 13 anni. <\/span><\/span><span id=\"page37R_mcid22\" class=\"markedContent\"><span dir=\"ltr\" role=\"presentation\">In questi territori le uniche strutture che permett<\/span><span dir=\"ltr\" role=\"presentation\">ono ai ragazzi di stare insieme nel ben-essere <\/span><span dir=\"ltr\" role=\"presentation\">psicofisico, di socializzare, di intrattenere relazioni e di crescere in ambienti sani, sono le strutture <\/span><\/span><span id=\"page37R_mcid23\" class=\"markedContent\"><span dir=\"ltr\" role=\"presentation\">sportive che, proprio per questo, assumono una valenza sociale rilevante e, spesso, unica. <\/span><\/span><span id=\"page37R_mcid5\" class=\"markedContent\"><span dir=\"ltr\" role=\"presentation\">Stiamo assistendo da settimane alla progressiva chiusura di molte strutture sportive nella <\/span><span dir=\"ltr\" role=\"presentation\">nostra provincia, ad incominciare dagli Stadi del Ghiaccio, indubbiamente strutture energivore, ma <\/span><span dir=\"ltr\" role=\"presentation\">che danno sfogo ed accoglienza a centinaia di ragazzi dai 4 anni in su. <\/span><\/span><span id=\"page37R_mcid6\" class=\"markedContent\"><span dir=\"ltr\" role=\"presentation\">Il primo a chiudere \u00e8 stata la struttura di Pieve e a seguire quella di Alleghe; Feltre e Val di <\/span><span dir=\"ltr\" role=\"presentation\">Zoldo sono a rischio e se chiuderanno anch\u2019esse in tutta la provincia di Belluno rimarr\u00e0 solo quella <\/span><span dir=\"ltr\" role=\"presentation\">di Cortina d\u2019Ampezzo. <\/span><\/span><span id=\"page37R_mcid7\" class=\"markedContent\"><span dir=\"ltr\" role=\"presentation\">Pur comprendendo le difficolt\u00e0 del momento, non possiamo pensare che la chiusura delle <\/span><span dir=\"ltr\" role=\"presentation\">strutture sportive costituisca la soluzione ad un problema senza che se ne creino altri. <\/span><\/span><span id=\"page37R_mcid8\" class=\"markedContent\"><span dir=\"ltr\" role=\"presentation\">Nelle nostre terre i ragazzi e le ragazze non hanno alternative all\u2019 aggregazione ed alla <\/span><span dir=\"ltr\" role=\"presentation\">socializzazione,<\/span> <span dir=\"ltr\" role=\"presentation\">se non esercitare<\/span> <span dir=\"ltr\" role=\"presentation\">una<\/span> <span dir=\"ltr\" role=\"presentation\">pratica sportiva;<\/span> <span dir=\"ltr\" role=\"presentation\">chiudere queste strutture significa <\/span><span dir=\"ltr\" role=\"presentation\">condannare i ragazzi all\u2019 isolamento. <\/span><\/span><span id=\"page37R_mcid9\" class=\"markedContent\"><span dir=\"ltr\" role=\"presentation\">Dobbiamo tenere alta l\u2019attenzione su queste problematiche affinch\u00e9 chi di dovere comprenda <\/span><span dir=\"ltr\" role=\"presentation\">la valenza sociale delle nostre strutture sportive e la necessit\u00e0 che ne venga garantita l\u2019apertura per <\/span><span dir=\"ltr\" role=\"presentation\">contrastare il disagio giovanile, lo spopolamento ed il depauperamento generale della montagna. <\/span><\/span><span id=\"page37R_mcid10\" class=\"markedContent\"><span dir=\"ltr\" role=\"presentation\">Ti chiediamo di aderire a questa giornata di sensibilizzazione per stringerci in un\u2019alleanza <\/span><span dir=\"ltr\" role=\"presentation\">sociale, perch\u00e9 il rischio concreto \u00e8 che dopo gli stadi del ghiaccio sia il turno delle altre strutture <\/span><span dir=\"ltr\" role=\"presentation\">presenti sul nostro territorio, gi\u00e0 poche e proprio per questo essenziali per garantire ai nostri giovani <\/span><span dir=\"ltr\" role=\"presentation\">ed alle nostre giovani un futuro. <span id=\"page37R_mcid11\" class=\"markedContent\">L\u2019invito che vi rivolgiamo \u00e8 quello di presenziare alla manifestazione\u00a0 <\/span><span id=\"page37R_mcid15\" class=\"markedContent\">portando i ragazzi con le divise sociali per fare massa critica e dire alla politica ed alle amministrazioni di tenere in considerazione i giovani, il nostro futuro, senza i quali futuro non ci sar\u00e0 e che si aspettano motivi e ragioni per permanere sul territorio e non stimoli ad emigrare in cerca di opportunit\u00e0 che a casa loro pi\u00f9 non trovano.<\/span><\/span><\/span><span id=\"page37R_mcid19\" class=\"markedContent\"><br role=\"presentation\" \/><\/span><\/p>\n<p>&nbsp;<\/p>\n<p>&nbsp;<\/p>\n<p>&nbsp;<\/p>\n<hr \/>\n<p>&nbsp;<\/p>\n<blockquote>\n<h3>NASCE SIAMO BELLUNO<\/h3>\n<\/blockquote>\n<p><strong><a class=\"dt-pswp-item\" href=\"https:\/\/www.radiopiu.net\/wordpress\/wp-content\/uploads\/2022\/10\/SIAMO-BELLUNO.png\" data-dt-img-description=\"\" data-large_image_width=\"430\" data-large_image_height=\"452\"><img loading=\"lazy\" decoding=\"async\" class=\"wp-image-300132 alignleft\" src=\"https:\/\/www.radiopiu.net\/wordpress\/wp-content\/uploads\/2022\/10\/SIAMO-BELLUNO-285x300.png\" alt=\"\" width=\"122\" height=\"128\" srcset=\"https:\/\/www.radiopiu.net\/wordpress\/wp-content\/uploads\/2022\/10\/SIAMO-BELLUNO-285x300.png 285w, https:\/\/www.radiopiu.net\/wordpress\/wp-content\/uploads\/2022\/10\/SIAMO-BELLUNO.png 430w\" sizes=\"auto, (max-width: 122px) 100vw, 122px\" \/><\/a>BELLUNO<\/strong> Una realta\u0300 civica, un laboratorio politico composto soprattutto da volti nuovi, che guarda all&#8217;intero territorio provinciale e <a class=\"dt-pswp-item\" href=\"https:\/\/www.radiopiu.net\/wordpress\/wp-content\/uploads\/2018\/03\/biagio.jpg\" data-dt-img-description=\"\" data-large_image_width=\"183\" data-large_image_height=\"275\"><img loading=\"lazy\" decoding=\"async\" class=\"wp-image-45153 alignright\" src=\"https:\/\/www.radiopiu.net\/wordpress\/wp-content\/uploads\/2018\/03\/biagio.jpg\" alt=\"\" width=\"95\" height=\"143\" \/><\/a>alle sue tematiche, con un occhio particolare al mondo giovanile: questo e\u0300 SiAmo Belluno. A dare origine al gruppo e\u0300 Biagio Giannone, gia\u0300 assessore al Comune di Belluno: \u00ab<em>Questa realta\u0300 nasce per dare uno sguardo diverso alla politica del nostro territorio: e\u0300 lo sguardo della societa\u0300 civile; e\u0300 quello dei giovani, molto spesso citati come protagonisti nelle campagne elettorali e poi poco ascoltati; e\u0300 quello di una realta\u0300 civica che vuole guardare oltre i confini comunali. Credo sia ora di passare dal \u201cparlare\u201d di politica al \u201cfare\u201d politica<\/em>\u00bb. Tra i primi obbiettivi c&#8217;e\u0300 infatti quello di creare una rete provinciale delle realta\u0300 civiche. SiAmo Belluno puo\u0300 contare gia\u0300 su una ventina di adesioni.<\/p>\n<p><strong>BIAGIO GIANNONE ALLA RADIO\u00a0<\/strong><\/p>\n<audio class=\"wp-audio-shortcode\" id=\"audio-300037-4\" preload=\"none\" style=\"width: 100%;\" controls=\"controls\"><source type=\"audio\/mpeg\" src=\"https:\/\/www.radiopiu.net\/wordpress\/wp-content\/uploads\/2022\/10\/biagio.mp3?_=4\" \/><a href=\"https:\/\/www.radiopiu.net\/wordpress\/wp-content\/uploads\/2022\/10\/biagio.mp3\">https:\/\/www.radiopiu.net\/wordpress\/wp-content\/uploads\/2022\/10\/biagio.mp3<\/a><\/audio>\n<p>&nbsp;<\/p>\n<hr \/>\n<p>&nbsp;<\/p>\n<blockquote>\n<h3>ESTATE 2022, I POSITIVI GIUDIZI DEI SINDACI NEL NUOVO DOSSIER UNCEM<\/h3>\n<\/blockquote>\n<p><strong><a class=\"dt-pswp-item\" href=\"https:\/\/www.radiopiu.net\/wordpress\/wp-content\/uploads\/2020\/11\/logoUNCEM_no_scritta-wdtr.jpg\" data-dt-img-description=\"\" data-large_image_width=\"640\" data-large_image_height=\"640\"><img loading=\"lazy\" decoding=\"async\" class=\"wp-image-170846 alignleft\" src=\"https:\/\/www.radiopiu.net\/wordpress\/wp-content\/uploads\/2020\/11\/logoUNCEM_no_scritta-wdtr-300x300.jpg\" alt=\"\" width=\"126\" height=\"126\" srcset=\"https:\/\/www.radiopiu.net\/wordpress\/wp-content\/uploads\/2020\/11\/logoUNCEM_no_scritta-wdtr-300x300.jpg 300w, https:\/\/www.radiopiu.net\/wordpress\/wp-content\/uploads\/2020\/11\/logoUNCEM_no_scritta-wdtr-150x150.jpg 150w, https:\/\/www.radiopiu.net\/wordpress\/wp-content\/uploads\/2020\/11\/logoUNCEM_no_scritta-wdtr.jpg 640w\" sizes=\"auto, (max-width: 126px) 100vw, 126px\" \/><\/a>ROMA<\/strong> Il turismo estivo nelle aree montane cresce e fa bene. 675 le risposte arrivate da parte di chi \u00e8 impegnato negli Enti e ha registrato importanti numeri nell\u2019estate appena conclusa. E gi\u00e0 si guarda all\u2019inverno con non poche difficolt\u00e0, dovute prima di tutto al caro-energia che tocca impianti a fune e strutture alberghiere. I flussi sono importanti e danno un buon gettito ai territori, alle comunit\u00e0. Uncem lo registra in un questionario per Sindaci e Amministratori locali, lanciato a luglio 2022. Rispetto ai mesi dell&#8217;estate 2022, emerge una buona soddisfazione dei Sindaci. Chiamati per\u00f2 a lavorare di pi\u00f9 insieme tra loro, tra Comuni, e con le imprese.\u00a0Se guardiamo allo stato dell\u2019organizzazione turistica della montagna italiana ci\u00f2 che colpisce \u00e8 la mancanza di sistema &#8211; non certo ovunque, ma in gran parte dei territori -, la compresenza di proposte in s\u00e9 valide e che tuttavia perdono la loro capacit\u00e0 di impatto se non si creano in ogni comprensorio dei veri sistemi turistico-sportivi integrati in cui l\u2019accoglienza, i trasporti, le attivit\u00e0 sciistiche e gli sport tradizionali e alternativi, l\u2019intrattenimento e l\u2019outdoor costituiscono unitariamente un\u2019offerta di soggiorno capace di attrarre una utenza plurale, eterogenea e multiforme per 365 giorni all\u2019anno. Il sistema turistico locale \u00e8 capace di generare economia attiva, che includa il ruolo delle comunit\u00e0, di chi risiede nei paesi, quale ruolo attivo e non prescindibile nella costruzione di una nuova offerta turistica. Si supera cos\u00ec ogni forma di antinomia tra il &#8220;white&#8221; e il &#8220;green&#8221; facendo diventare la parte invernale e quella estiva i diversi prodotti stagionali di un sistema turistico e sportivo integrato. Occorre lavorare per superare ogni municipalismo e campanilismo.\u00a0Fondamentale secondo l\u2019Uncem, nei diversi territori montani, il legame forte tra agricoltura, sport e turismo, da intendersi come trinomio che promuove le vallate e i beni agroalimentari d\u2019eccellenza, genera flussi turistici, valorizza il paesaggio, tutela l\u2019assetto idrogeologico, garantisce la nascita di nuove imprese, permette ai giovani di risiedere 365 giorni l\u2019anno in montagna. Il PNRR e i fondi strutturali comunitari devono agire favorendo tutto questo. E il nuovo Governo, con il nuovo Parlamento e tutte le Regioni dovranno ascoltare Enti e imprese, investendo bene risorse disponibili.<\/p>\n<p>&nbsp;<\/p>\n<p>&nbsp;<\/p>\n<hr \/>\n<p>&nbsp;<\/p>\n<blockquote>\n<h3>TORNANO DOLOMITI HORECA E DOLOMITI SHOW A LONGARONE<\/h3>\n<\/blockquote>\n<p><strong><a class=\"dt-pswp-item\" href=\"https:\/\/www.radiopiu.net\/wordpress\/wp-content\/uploads\/2022\/10\/Da-dx-Dal-Poz-Calcamuggi-Topinelli.jpg\" data-dt-img-description=\"\" data-large_image_width=\"1920\" data-large_image_height=\"1030\"><img loading=\"lazy\" decoding=\"async\" class=\" wp-image-300134 alignleft\" src=\"https:\/\/www.radiopiu.net\/wordpress\/wp-content\/uploads\/2022\/10\/Da-dx-Dal-Poz-Calcamuggi-Topinelli-300x161.jpg\" alt=\"\" width=\"166\" height=\"89\" srcset=\"https:\/\/www.radiopiu.net\/wordpress\/wp-content\/uploads\/2022\/10\/Da-dx-Dal-Poz-Calcamuggi-Topinelli-300x161.jpg 300w, https:\/\/www.radiopiu.net\/wordpress\/wp-content\/uploads\/2022\/10\/Da-dx-Dal-Poz-Calcamuggi-Topinelli-1024x549.jpg 1024w, https:\/\/www.radiopiu.net\/wordpress\/wp-content\/uploads\/2022\/10\/Da-dx-Dal-Poz-Calcamuggi-Topinelli-768x412.jpg 768w, https:\/\/www.radiopiu.net\/wordpress\/wp-content\/uploads\/2022\/10\/Da-dx-Dal-Poz-Calcamuggi-Topinelli-1536x824.jpg 1536w, https:\/\/www.radiopiu.net\/wordpress\/wp-content\/uploads\/2022\/10\/Da-dx-Dal-Poz-Calcamuggi-Topinelli.jpg 1920w\" sizes=\"auto, (max-width: 166px) 100vw, 166px\" \/><\/a>LONGARONE <\/strong>Presentata ieri in Sala Piloni, ospiti dell\u2019Amministrazione provinciale di Belluno, la 2. edizione di Expo Dolomiti HoReCa e la 6. Dolomiti Show. Due manifestazioni che tornano insieme, come gi\u00e0 nel 2019 prima della crisi pandemica, per sostenere lo sviluppo a tutto tondo dell\u2019ospitalit\u00e0 dolomitica. Previsto per luned\u00ec 10 ottobre alle ore 11 il taglio ufficiale del nastro con la partecipazione di due grandi testimonial, Paola Pezzo e Kristian Ghedina. Grande novit\u00e0 di quest\u2019anno, un\u2019altra iniziativa della Fiera di Longarone, Dolomiti Sport. A spiegarcene gli intenti il Presidente Bellati: \u201cil primo intento, e anche qui siamo insieme con la Regione, \u00e8 quello di lanciare la candidatura della Regione del Veneto a Regione europea dello sport del 2024. Secondo, \u00e8 sicuramente la promozione del 2026. Un momento importantissimo per via delle Olimpiadi, che verranno per\u00f2 ricordate come appuntamento importantissimo insieme con tantissimi soggetti\u201d. Grande attesa quindi per il convegno di marted\u00ec 11 ottobre dove, a partire dalle ore 14, si terr\u00e0 un evento di grande confronto con tutte quelle realt\u00e0 che rappresentano il mondo sportivo europeo, italiano e regionale, a partire dai suoi valori fondanti e pi\u00f9 importanti. La fiera sar\u00e0 aperta da luned\u00ec 10 a mercoled\u00ec 12 ottobre con orario 10-18.30 e l\u2019accesso sar\u00e0 riservato agli operatori di settore e su invito.<\/p>\n<p>&nbsp;<\/p>\n<p>&nbsp;<\/p>\n<hr \/>\n<p>&nbsp;<\/p>\n<blockquote>\n<h3>ISTRUZIONE UN DIRITTO NON SEMPRE SCONTATO, L&#8217;INCONTRO A BORGO VALBELLUNA<\/h3>\n<\/blockquote>\n<p><strong><a class=\"dt-pswp-item\" href=\"https:\/\/www.radiopiu.net\/wordpress\/wp-content\/uploads\/2022\/10\/Schermata-2022-10-04-alle-17.38.15.png\" data-dt-img-description=\"\" data-large_image_width=\"444\" data-large_image_height=\"470\"><img loading=\"lazy\" decoding=\"async\" class=\"wp-image-300173 alignleft\" src=\"https:\/\/www.radiopiu.net\/wordpress\/wp-content\/uploads\/2022\/10\/Schermata-2022-10-04-alle-17.38.15-283x300.png\" alt=\"\" width=\"112\" height=\"119\" srcset=\"https:\/\/www.radiopiu.net\/wordpress\/wp-content\/uploads\/2022\/10\/Schermata-2022-10-04-alle-17.38.15-283x300.png 283w, https:\/\/www.radiopiu.net\/wordpress\/wp-content\/uploads\/2022\/10\/Schermata-2022-10-04-alle-17.38.15.png 444w\" sizes=\"auto, (max-width: 112px) 100vw, 112px\" \/><\/a>BORGO VALBELLUNA <\/strong>Il tour dell\u2019attivista Miriam Rawi, sostenuto dall\u2019Associazione Insieme si Pu\u00f2, approda in Borgo Valbelluna per parlare con i ragazzi delle classi terze della secondaria di Mel. Afganistan, la terra dei Pashtun, Talebani, gli studenti fondamentalisti islamici, il burka, le bambine che non possono andare a scuola e le donne prive di qualsiasi diritto sono narrazioni\u00a0 che da anni sentiamo proposte dai mass media, ma che spesso, soprattutto dai pi\u00f9 giovani, vengono percepite come realt\u00e0 lontane e difficili da comprendere. Per far capire che cosa significhi non avere diritto nemmeno allo studio \u00e8 bastato che Mirian abbia chiesto alle ragazze presenti quante avessero dodici anni e abbia detto a queste di uscire dalla sala perch\u00e9, se fossero state in Afganistan, non avrebbero avuto il diritto di assistere all\u2019incontro. Il messaggio lasciato da Miriam ai ragazzi \u00e8 che ognuno nel proprio piccolo pu\u00f2 contribuire a questa rivoluzione raccontando quanto lei ha condiviso per tenere alta l\u2019attenzione.<\/p>\n<p>&nbsp;<\/p>\n<p>&nbsp;<\/p>\n<hr \/>\n<p>&nbsp;<\/p>\n<blockquote>\n<h3>SABATO AD AGORDO, CAVIOLA E FALCADE LA RACCOLTA FONDI PER LA FIBROSI CISTICA<\/h3>\n<\/blockquote>\n<p><strong>REDAZIONE<\/strong> Riprende la raccolta fondi per la ricerca sulla fibrosi cistica i cui risultati sono sempre pi\u00f9 importanti.\u00a0 Sabato 8 ottobre raccolta fond ad Agordo con gli alpini in occasione della Fiera del Bestiam; sempre sabato a Caviola al market Marilena Costa, Chiesa, Cooperativa e con gli alpini a Falcade presso la cooperativa. Verr\u00e0 offerta una piantina di ciclamini con offerta minima 10 euro.<\/p>\n<p>&nbsp;<\/p>\n<p>&nbsp;<\/p>\n<div dir=\"auto\">\n<hr \/>\n<p>&nbsp;<\/p>\n<blockquote>\n<h3>SABATO MATTINA IL CONSIGLIO COMUNALE A COLLE SANTA LUCIA<\/h3>\n<\/blockquote>\n<p><strong>COLLE SANTA LUCIA<\/strong> Il sindaco di Colle Santa Lucia Paolo Frena ha convocato il consiglio comunale per sabato mattina alle 8. Dopo la lettura e l&#8217;approvazione dei verbali della seduta precedente, si parler\u00e0 della settima e ottava variazione al bilancio 2022-2024, della riqualificazione dell&#8217;Ex Hotel Endrosadira al Passo Giau e delle modalit\u00e0 operative per l&#8217;applicazione delle perequazione urbanistica. Ultimo punto le comunicazione del sindaco.<\/p>\n<p>&nbsp;<\/p>\n<p>&nbsp;<\/p>\n<hr \/>\n<p>&nbsp;<\/p>\n<blockquote>\n<h3>APERTO UN BANDO DAL COMUNE DI ROCCA PIETORE<\/h3>\n<\/blockquote>\n<p><strong>ROCCA PIETORE<\/strong> Il comune di Rocca Pietore ha aperto un bando pubblico per soli esami per la copertura, a tempo pieno e indeterminato, di un posto di Collaboratore Professionale B3 &#8211; CCNL Funzioni Locali &#8211; Conduttore Macchine Operatrici Complesse &#8211; addetto ai servizi manutentivi e cimiteriali, da assumersi presso il Comune di Rocca Pietore. Le domande di partecipazione dovranno pervenire al Comune di Rocca Pietore secondo le modalit\u00e0 e i termini indicati nel Bando di Concorso. Per ogni informazione, i concorrenti potranno rivolgersi al Comune di Rocca Pietore (tel. 0437-721178; posta elettronica: anagrafe.rocca@agordino.bl.it).<\/p>\n<p>&nbsp;<\/p>\n<hr \/>\n<p>&nbsp;<\/p>\n<blockquote>\n<h3>CERCASI EDUCATORE PER L&#8217;ASILO NIDO DI AGORDO<\/h3>\n<\/blockquote>\n<p><strong>AGORDO<\/strong> L&#8217;Azienda Speciale Agordo Servizi ha aperto un bando per una selezione pubblica per la copertura di 1 posto a tempo indeterminato e pieno nel profilo di EDUCATORE DI ASILO NIDO (livello V) del contratto FISM per l&#8217;Asilo Nido Comunale di Agordo. La domanda di ammissione al concorso deve essere redatta, in carta semplice, e presentata mediante le seguenti alternative modalita\u0300: presentazione direttamente all\u2019Ufficio Protocollo dell\u2019AZIENDA SPECIALE &#8220;AGORDO SERVIZI&#8221; via Insurrezione n. 18\/C &#8211; 32021 Agordo BL; raccomandata A\/R indirizzata ad Azienda Speciale Agordo Servizi in via Insurrezione 18\/C &#8211; 32021 Agordo (BL); Per via telematica mediante Posta Elettronica Certificata (PEC) all\u2019indirizzo: 04315@pec.federfarma.it Qualsiasi sia la modalita\u0300 utilizzata per presentare la domanda, la stessa dovra\u0300 perentoriamente pervenire entro le ore 12:00 del giorno 15\/10\/2022. Il bando \u00e8 disponibile anche al seguente link:\u00a0 <a title=\"https:\/\/agordoasilonidocomunale.it\/bando-educatore-nido-di-agordo-termine-15-ottobre\/\" href=\"https:\/\/agordoasilonidocomunale.it\/bando-educatore-nido-di-agordo-termine-15-ottobre\/\" target=\"_blank\" rel=\"noopener\">https:\/\/agordoasilonidocomunale.it\/bando-educatore-nido-di-agordo-termine-15-ottobre\/<\/a><\/p>\n<p>&nbsp;<\/p>\n<p>&nbsp;<\/p>\n<hr \/>\n<p>&nbsp;<\/p>\n<\/div>\n<blockquote>\n<h3><a class=\"dt-pswp-item\" href=\"https:\/\/www.radiopiu.net\/wordpress\/wp-content\/uploads\/2022\/10\/aaaa-1.jpg\" data-dt-img-description=\"\" data-large_image_width=\"422\" data-large_image_height=\"192\"><img loading=\"lazy\" decoding=\"async\" class=\" wp-image-299947 alignleft\" src=\"https:\/\/www.radiopiu.net\/wordpress\/wp-content\/uploads\/2022\/10\/aaaa-1-300x136.jpg\" alt=\"\" width=\"269\" height=\"122\" srcset=\"https:\/\/www.radiopiu.net\/wordpress\/wp-content\/uploads\/2022\/10\/aaaa-1-300x136.jpg 300w, https:\/\/www.radiopiu.net\/wordpress\/wp-content\/uploads\/2022\/10\/aaaa-1.jpg 422w\" sizes=\"auto, (max-width: 269px) 100vw, 269px\" \/><\/a>NEL RICORDO DI TRE PARTIGIANI<\/h3>\n<\/blockquote>\n<p><strong>FELTRE\u00a0<\/strong> Oggi alle 11 in Largo Castaldi l&#8217;associazione ex Deportati e associazione Partigiani ricorda i tragici primi 3 giorni dell&#8217;ottobre 1944, vennero uccisi per impiccagione Giordano Schenal &#8220;Caronte&#8221;, Luigi Vendrame &#8220;Coppolo&#8221; e Virginio Castellan &#8220;Vasca&#8221;. Furono invece 114 i feltrini deportati nel lager di Bolzano. Interverranno le amministrazioni comunali di Feltre, Cesiomaggiore, Lamon, il segretario Anpi di Feltre Giovanni Perenzin. A seguire letture di testimonianze, momento di preghiera e canti del coro Vece Voci Feltrine. In caso di maltempo la cerimonia di svolger\u00e0 a Palazzo Borgasio di via Luzzo.<\/p>\n<p>&nbsp;<\/p>\n<p>&nbsp;<\/p>\n<hr \/>\n<p>&nbsp;<\/p>\n<blockquote>\n<h2>EVENTI AUTUNNALI IN VAL PETTORINA<\/h2>\n<\/blockquote>\n<p><strong>ROCCA PIETORE<\/strong> fra i\u00a0 boschi dipinti dei colori dell&#8217;autunno\u00a0 I prossimi appuntamenti sono: \u00a0Domenica 2 Ottobre mattina\u00a0 \u00a0Domenica 9 Ottobre pomeriggio \u00a0Sabato 15 Ottobre pomeriggio Per tutti i dettagli\u00a0 <span class=\"fxk3tzhb b2rh1bv3 gh55jysx m8h3af8h ewco64xe kjdc1dyq ms56khn7 bq6c9xl4 eohcrkr5 akh3l2rg\"><img loading=\"lazy\" decoding=\"async\" src=\"https:\/\/static.xx.fbcdn.net\/images\/emoji.php\/v9\/t4d\/1\/16\/1f4de.png\" alt=\"&#x1f4de;\" width=\"16\" height=\"16\" \/><\/span> 340 894 4032 Elena e Sara<a class=\"dt-pswp-item\" href=\"https:\/\/www.radiopiu.net\/wordpress\/wp-content\/uploads\/2022\/10\/1409872327879275310.jpg\" data-dt-img-description=\"\" data-large_image_width=\"500\" data-large_image_height=\"261\">\u00a0<\/a><\/p>\n<div class=\"m8h3af8h l7ghb35v kjdc1dyq kmwttqpk gh25dzvf n3t5jt4f\">\n<div dir=\"auto\"><\/div>\n<div dir=\"auto\">\n<p><strong>OSPITI: Sara Darman ed Elena Simeonato<\/strong><\/p>\n<audio class=\"wp-audio-shortcode\" id=\"audio-300037-5\" preload=\"none\" style=\"width: 100%;\" controls=\"controls\"><source type=\"audio\/mpeg\" src=\"https:\/\/www.radiopiu.net\/wordpress\/wp-content\/uploads\/2022\/09\/sara-darman-elena-simionato-passeggiate-marmolada.mp3?_=5\" \/><a href=\"https:\/\/www.radiopiu.net\/wordpress\/wp-content\/uploads\/2022\/09\/sara-darman-elena-simionato-passeggiate-marmolada.mp3\">https:\/\/www.radiopiu.net\/wordpress\/wp-content\/uploads\/2022\/09\/sara-darman-elena-simionato-passeggiate-marmolada.mp3<\/a><\/audio>\n<p>&nbsp;<\/p>\n\n\t\t\t<style type='text\/css'>\n\t\t\t\t#gallery-3 {\n\t\t\t\t\tmargin: auto;\n\t\t\t\t}\n\t\t\t\t#gallery-3 .gallery-item {\n\t\t\t\t\tfloat: left;\n\t\t\t\t\tmargin-top: 10px;\n\t\t\t\t\ttext-align: center;\n\t\t\t\t\twidth: 33%;\n\t\t\t\t}\n\t\t\t\t#gallery-3 img {\n\t\t\t\t\tborder: 2px solid #cfcfcf;\n\t\t\t\t}\n\t\t\t\t#gallery-3 .gallery-caption {\n\t\t\t\t\tmargin-left: 0;\n\t\t\t\t}\n\t\t\t\t\/* see gallery_shortcode() in wp-includes\/media.php *\/\n\t\t\t<\/style>\n\t\t<div id='gallery-3' class='dt-gallery-container gallery galleryid-300037 gallery-columns-3 gallery-size-thumbnail'><dl class='gallery-item'>\n\t\t\t\t<dt class='gallery-icon landscape'>\n\t\t\t\t\t<a class=\"rollover rollover-zoom dt-pswp-item\" title=\"b5e996c7-e2e6-4fec-9337-cd086d266e7f\" data-dt-img-description=\"\" data-large_image_width=\"1080\" data-large_image_height=\"1080\"href='https:\/\/www.radiopiu.net\/wordpress\/wp-content\/uploads\/2022\/09\/b5e996c7-e2e6-4fec-9337-cd086d266e7f.jpg'><img loading=\"lazy\" decoding=\"async\" width=\"150\" height=\"150\" src=\"https:\/\/www.radiopiu.net\/wordpress\/wp-content\/uploads\/2022\/09\/b5e996c7-e2e6-4fec-9337-cd086d266e7f-150x150.jpg\" class=\"attachment-thumbnail size-thumbnail\" alt=\"\" srcset=\"https:\/\/www.radiopiu.net\/wordpress\/wp-content\/uploads\/2022\/09\/b5e996c7-e2e6-4fec-9337-cd086d266e7f-150x150.jpg 150w, https:\/\/www.radiopiu.net\/wordpress\/wp-content\/uploads\/2022\/09\/b5e996c7-e2e6-4fec-9337-cd086d266e7f-300x300.jpg 300w, https:\/\/www.radiopiu.net\/wordpress\/wp-content\/uploads\/2022\/09\/b5e996c7-e2e6-4fec-9337-cd086d266e7f-1024x1024.jpg 1024w, https:\/\/www.radiopiu.net\/wordpress\/wp-content\/uploads\/2022\/09\/b5e996c7-e2e6-4fec-9337-cd086d266e7f-768x768.jpg 768w, https:\/\/www.radiopiu.net\/wordpress\/wp-content\/uploads\/2022\/09\/b5e996c7-e2e6-4fec-9337-cd086d266e7f.jpg 1080w\" sizes=\"auto, (max-width: 150px) 100vw, 150px\" \/><\/a>\n\t\t\t\t<\/dt><\/dl><dl class='gallery-item'>\n\t\t\t\t<dt class='gallery-icon landscape'>\n\t\t\t\t\t<a class=\"rollover rollover-zoom dt-pswp-item\" title=\"062d597d-f973-4277-9cc6-f67c6d992e99\" data-dt-img-description=\"\" data-large_image_width=\"1080\" data-large_image_height=\"1080\"href='https:\/\/www.radiopiu.net\/wordpress\/wp-content\/uploads\/2022\/09\/062d597d-f973-4277-9cc6-f67c6d992e99.jpg'><img loading=\"lazy\" decoding=\"async\" width=\"150\" height=\"150\" src=\"https:\/\/www.radiopiu.net\/wordpress\/wp-content\/uploads\/2022\/09\/062d597d-f973-4277-9cc6-f67c6d992e99-150x150.jpg\" class=\"attachment-thumbnail size-thumbnail\" alt=\"\" srcset=\"https:\/\/www.radiopiu.net\/wordpress\/wp-content\/uploads\/2022\/09\/062d597d-f973-4277-9cc6-f67c6d992e99-150x150.jpg 150w, https:\/\/www.radiopiu.net\/wordpress\/wp-content\/uploads\/2022\/09\/062d597d-f973-4277-9cc6-f67c6d992e99-300x300.jpg 300w, https:\/\/www.radiopiu.net\/wordpress\/wp-content\/uploads\/2022\/09\/062d597d-f973-4277-9cc6-f67c6d992e99-1024x1024.jpg 1024w, https:\/\/www.radiopiu.net\/wordpress\/wp-content\/uploads\/2022\/09\/062d597d-f973-4277-9cc6-f67c6d992e99-768x768.jpg 768w, https:\/\/www.radiopiu.net\/wordpress\/wp-content\/uploads\/2022\/09\/062d597d-f973-4277-9cc6-f67c6d992e99.jpg 1080w\" sizes=\"auto, (max-width: 150px) 100vw, 150px\" \/><\/a>\n\t\t\t\t<\/dt><\/dl><dl class='gallery-item'>\n\t\t\t\t<dt class='gallery-icon landscape'>\n\t\t\t\t\t<a class=\"rollover rollover-zoom dt-pswp-item\" title=\"ada9c7a0-4d54-4873-82d4-41f5480668d3\" data-dt-img-description=\"\" data-large_image_width=\"1080\" data-large_image_height=\"1080\"href='https:\/\/www.radiopiu.net\/wordpress\/wp-content\/uploads\/2022\/09\/ada9c7a0-4d54-4873-82d4-41f5480668d3.jpg'><img loading=\"lazy\" decoding=\"async\" width=\"150\" height=\"150\" src=\"https:\/\/www.radiopiu.net\/wordpress\/wp-content\/uploads\/2022\/09\/ada9c7a0-4d54-4873-82d4-41f5480668d3-150x150.jpg\" class=\"attachment-thumbnail size-thumbnail\" alt=\"\" srcset=\"https:\/\/www.radiopiu.net\/wordpress\/wp-content\/uploads\/2022\/09\/ada9c7a0-4d54-4873-82d4-41f5480668d3-150x150.jpg 150w, https:\/\/www.radiopiu.net\/wordpress\/wp-content\/uploads\/2022\/09\/ada9c7a0-4d54-4873-82d4-41f5480668d3-300x300.jpg 300w, https:\/\/www.radiopiu.net\/wordpress\/wp-content\/uploads\/2022\/09\/ada9c7a0-4d54-4873-82d4-41f5480668d3-1024x1024.jpg 1024w, https:\/\/www.radiopiu.net\/wordpress\/wp-content\/uploads\/2022\/09\/ada9c7a0-4d54-4873-82d4-41f5480668d3-768x768.jpg 768w, https:\/\/www.radiopiu.net\/wordpress\/wp-content\/uploads\/2022\/09\/ada9c7a0-4d54-4873-82d4-41f5480668d3.jpg 1080w\" sizes=\"auto, (max-width: 150px) 100vw, 150px\" \/><\/a>\n\t\t\t\t<\/dt><\/dl><br style=\"clear: both\" \/>\n\t\t\t<\/div>\n\n<p>&nbsp;<\/p>\n<hr \/>\n<p>&nbsp;<\/p>\n<blockquote>\n<h3>DA VENERDI SERE D&#8217;AUTUNNO, CONDUCE GIANPAOLO SORATROI<\/h3>\n<\/blockquote>\n<p><strong>AGORDO<\/strong> D<span style=\"color: #000000;\">opo uno stop forzato, ritorna quest&#8217;anno la prestigiosa rassegna culturale &#8221; Sere d&#8217;Autunno&#8221;.\u00a0 Nata in sordina nel 2007 per dare qualcosa ai soci nel &#8220;periodo morto&#8221; dell&#8217;attivit\u00e0 sezionale, in breve tempo \u00e8 diventata un&#8217;appuntamento atteso da tutta la vallata e non solo, tanto che ha dovuto cercare ospitalit\u00e0 in una sala pi\u00f9 capiente per soddisfare il numeroso pubblico. La Sala Don Tamis ad Agordo, \u00e8 diventata la location ufficiale e le Sere d&#8217;autunno sono diventate quel nodo al fazzoletto per tutti gli appassionati di montagna in tutte le sue forme. L&#8217;appuntamento \u00e8 quindi tutti i venerd\u00ec di ottobre nella &#8220;Sala Don F. Tamis&#8221; di Agordo con inizio alle ore 20.45. L&#8217;ingresso \u00e8 libero. Presenta Gianpaolo Soratroi. <strong>Venerdi: DAVIDE CHIESA, fino alla fine dell&#8217;Everest &#8211; salita al tetto del mondo in presa diretta<\/strong><\/span><\/p>\n<p>&nbsp;<\/p>\n<\/div>\n<div dir=\"auto\">\n<hr \/>\n<p>&nbsp;<\/p>\n<blockquote>\n<blockquote>\n<h3>OLTRE LE VETTE&#8230;E SONO 26 EDIZIONI<\/h3>\n<\/blockquote>\n<p><em>manifestazione dell\u2019assessorato alla cultura del Comune di Belluno organizzata insieme alla Fondazione Teatri delle Dolomiti.<\/em><\/p>\n<p><strong>BELLUNO<\/strong> La 26a edizione della rassegna &#8220;Oltre le vette,\u00a0 Metafore, uomini, luoghi della montagna&#8221;, si terr\u00e0 venerd\u00ec 7 ottobre alle\u00a0 17.30, a Palazzo Bembo, in via Loreto 32. Contemporaneamente, verranno inaugurate le mostre: &#8220;Alpimagia. Riti, leggende e misteri dei popoli alpini&#8221; e &#8220;Rete Natura 2000 nel Parco Nazionale delle Dolomiti Bellunesi. Habitat, piante e animali&#8221; (le mostre proseguiranno fino al 2 novembre 2022, a Palazzo Bembo).<\/p><\/blockquote>\n<p><strong><a class=\"dt-pswp-item\" href=\"https:\/\/www.radiopiu.net\/wordpress\/wp-content\/uploads\/2022\/09\/immagine-oltrelevette2022-totaro.jpg\" data-dt-img-description=\"\" data-large_image_width=\"1106\" data-large_image_height=\"789\"><img loading=\"lazy\" decoding=\"async\" class=\"wp-image-298605 alignleft\" src=\"https:\/\/www.radiopiu.net\/wordpress\/wp-content\/uploads\/2022\/09\/immagine-oltrelevette2022-totaro-300x214.jpg\" alt=\"\" width=\"158\" height=\"113\" srcset=\"https:\/\/www.radiopiu.net\/wordpress\/wp-content\/uploads\/2022\/09\/immagine-oltrelevette2022-totaro-300x214.jpg 300w, https:\/\/www.radiopiu.net\/wordpress\/wp-content\/uploads\/2022\/09\/immagine-oltrelevette2022-totaro-1024x731.jpg 1024w, https:\/\/www.radiopiu.net\/wordpress\/wp-content\/uploads\/2022\/09\/immagine-oltrelevette2022-totaro-768x548.jpg 768w, https:\/\/www.radiopiu.net\/wordpress\/wp-content\/uploads\/2022\/09\/immagine-oltrelevette2022-totaro.jpg 1106w\" sizes=\"auto, (max-width: 158px) 100vw, 158px\" \/><\/a><\/strong><\/p>\n<p>&nbsp;<\/p>\n<p><strong>VALERIA BENNI, ORGANIZZATRICE DI OLTRE LE VETTE<\/strong><\/p>\n<audio class=\"wp-audio-shortcode\" id=\"audio-300037-6\" preload=\"none\" style=\"width: 100%;\" controls=\"controls\"><source type=\"audio\/mpeg\" src=\"https:\/\/www.radiopiu.net\/wordpress\/wp-content\/uploads\/2022\/09\/Valeria-Benni-OLV.mp3?_=6\" \/><a href=\"https:\/\/www.radiopiu.net\/wordpress\/wp-content\/uploads\/2022\/09\/Valeria-Benni-OLV.mp3\">https:\/\/www.radiopiu.net\/wordpress\/wp-content\/uploads\/2022\/09\/Valeria-Benni-OLV.mp3<\/a><\/audio>\n<p>&nbsp;<\/p>\n<p><span style=\"color: #ff0000;\"><strong>ALLA RADIO<\/strong><\/span><\/p>\n<audio class=\"wp-audio-shortcode\" id=\"audio-300037-7\" preload=\"none\" style=\"width: 100%;\" controls=\"controls\"><source type=\"audio\/mpeg\" src=\"https:\/\/www.radiopiu.net\/wordpress\/wp-content\/uploads\/2022\/10\/OLTRE-LE-VETTE-LORIS.mp3?_=7\" \/><a href=\"https:\/\/www.radiopiu.net\/wordpress\/wp-content\/uploads\/2022\/10\/OLTRE-LE-VETTE-LORIS.mp3\">https:\/\/www.radiopiu.net\/wordpress\/wp-content\/uploads\/2022\/10\/OLTRE-LE-VETTE-LORIS.mp3<\/a><\/audio>\n<p>&nbsp;<\/p>\n<p>&nbsp;<\/p>\n<blockquote>\n<h3>OLTRE LE VETTE 2022, PAROLE DI CARTA E DI MONTAGNA<\/h3>\n<\/blockquote>\n<p><strong><a href=\"https:\/\/www.radiopiu.net\/wordpress\/wp-content\/uploads\/2022\/10\/Franco-Faggiani-OLV.webp\"><img loading=\"lazy\" decoding=\"async\" class=\" wp-image-299965 alignleft\" src=\"https:\/\/www.radiopiu.net\/wordpress\/wp-content\/uploads\/2022\/10\/Franco-Faggiani-OLV-300x200.webp\" alt=\"\" width=\"242\" height=\"161\" srcset=\"https:\/\/www.radiopiu.net\/wordpress\/wp-content\/uploads\/2022\/10\/Franco-Faggiani-OLV-300x200.webp 300w, https:\/\/www.radiopiu.net\/wordpress\/wp-content\/uploads\/2022\/10\/Franco-Faggiani-OLV-1024x682.webp 1024w, https:\/\/www.radiopiu.net\/wordpress\/wp-content\/uploads\/2022\/10\/Franco-Faggiani-OLV-768x512.webp 768w, https:\/\/www.radiopiu.net\/wordpress\/wp-content\/uploads\/2022\/10\/Franco-Faggiani-OLV-1536x1024.webp 1536w, https:\/\/www.radiopiu.net\/wordpress\/wp-content\/uploads\/2022\/10\/Franco-Faggiani-OLV-2048x1365.webp 2048w\" sizes=\"auto, (max-width: 242px) 100vw, 242px\" \/><\/a>BELLUNO<\/strong> <span dir=\"ltr\" role=\"presentation\">Si intitola<\/span> <span dir=\"ltr\" role=\"presentation\">Parole di carta e di montagna<\/span> <span dir=\"ltr\" role=\"presentation\">la rassegna dedicata ai libri all\u2019interno del vasto <\/span><span dir=\"ltr\" role=\"presentation\">programma del festival<\/span> <span dir=\"ltr\" role=\"presentation\">Oltre le vette \u2013 Metafore, uomini, luoghi della montagna<\/span> <span dir=\"ltr\" role=\"presentation\">in <\/span><span dir=\"ltr\" role=\"presentation\">programma a Belluno da 7 al 16 ottobre. Si tratta, come negli anni scorsi, di una serie di <\/span><span dir=\"ltr\" role=\"presentation\">presentazioni con gli autori di volumi che hanno la montagna come protagonista o come <\/span><span dir=\"ltr\" role=\"presentation\">sfondo,<\/span> <span dir=\"ltr\" role=\"presentation\">ma,<\/span> <span dir=\"ltr\" role=\"presentation\">rispetto<\/span> <span dir=\"ltr\" role=\"presentation\">al<\/span> <span dir=\"ltr\" role=\"presentation\">passato,<\/span> <span dir=\"ltr\" role=\"presentation\">questa<\/span> <span dir=\"ltr\" role=\"presentation\">26a<\/span> <span dir=\"ltr\" role=\"presentation\">edizione<\/span> <span dir=\"ltr\" role=\"presentation\">del<\/span> <span dir=\"ltr\" role=\"presentation\">festival<\/span> <span dir=\"ltr\" role=\"presentation\">bellunese<\/span> <span dir=\"ltr\" role=\"presentation\">presenta <\/span><span dir=\"ltr\" role=\"presentation\">un\u2019importante novit\u00e0.<\/span> <span dir=\"ltr\" role=\"presentation\">Scrittori in residenza<\/span> <span dir=\"ltr\" role=\"presentation\">si chiama infatti l\u2019iniziativa che gli organizzatori <\/span><span dir=\"ltr\" role=\"presentation\">&#8211; a partire da Valeria Benni, direttrice della manifestazione \u2013 hanno pensato per legare la <\/span><span dir=\"ltr\" role=\"presentation\">citt\u00e0<\/span> <span dir=\"ltr\" role=\"presentation\">e il suo territorio<\/span> <span dir=\"ltr\" role=\"presentation\">alla dimensione<\/span> <span dir=\"ltr\" role=\"presentation\">narrativa, saggistica<\/span> <span dir=\"ltr\" role=\"presentation\">o poetica,<\/span> <span dir=\"ltr\" role=\"presentation\">invitando<\/span> <span dir=\"ltr\" role=\"presentation\">uno <\/span><span dir=\"ltr\" role=\"presentation\">scrittore che per alcuni giorni soggiorner\u00e0 a Belluno, incontrando i lettori<\/span><span dir=\"ltr\" role=\"presentation\">. Quest\u2019anno lo <\/span><span dir=\"ltr\" role=\"presentation\">scrittore in residenza sar\u00e0 Tiziano Fratus, gi\u00e0 ospite di Oltre le vette nel 2015, un autore di<\/span><br role=\"presentation\" \/><span dir=\"ltr\" role=\"presentation\">successo ben conosciuto dal pubblico. <\/span><span dir=\"ltr\" role=\"presentation\">Fratus<\/span> <span dir=\"ltr\" role=\"presentation\">sar\u00e0<\/span> <span dir=\"ltr\" role=\"presentation\">dunque<\/span> <span dir=\"ltr\" role=\"presentation\">presente<\/span> <span dir=\"ltr\" role=\"presentation\">a<\/span> <span dir=\"ltr\" role=\"presentation\">Belluno<\/span> <span dir=\"ltr\" role=\"presentation\">da sabato 8 ottobre e per tre giorni <\/span><span dir=\"ltr\" role=\"presentation\">inizier\u00e0 la giornata alle 7 con una \u201cmeditazione silvestre\u201d in diverse zone verdi della <\/span><span dir=\"ltr\" role=\"presentation\">citt\u00e0 e dei dintorni. Alle 18, nella sala di Palazzo Bembo, che da quest\u2019anno ospita gli <\/span><span dir=\"ltr\" role=\"presentation\">eventi letterari di Oltre le vette, Fratus dialogher\u00e0 con<\/span> <span dir=\"ltr\" role=\"presentation\">Franco Faggiani<\/span><\/p>\n<p>&nbsp;<\/p>\n<p>&nbsp;<\/p>\n<blockquote>\n<h3>IL CONVEGNO &#8220;IL PIAVE E LE SUE ACQUE&#8221;<\/h3>\n<\/blockquote>\n<p><strong><a class=\"dt-pswp-item\" href=\"https:\/\/www.radiopiu.net\/wordpress\/wp-content\/uploads\/2022\/10\/Senza-nome-5.jpg\" data-dt-img-description=\"\" data-large_image_width=\"467\" data-large_image_height=\"258\"><img loading=\"lazy\" decoding=\"async\" class=\" wp-image-300108 alignleft\" src=\"https:\/\/www.radiopiu.net\/wordpress\/wp-content\/uploads\/2022\/10\/Senza-nome-5-300x166.jpg\" alt=\"\" width=\"255\" height=\"141\" srcset=\"https:\/\/www.radiopiu.net\/wordpress\/wp-content\/uploads\/2022\/10\/Senza-nome-5-300x166.jpg 300w, https:\/\/www.radiopiu.net\/wordpress\/wp-content\/uploads\/2022\/10\/Senza-nome-5.jpg 467w\" sizes=\"auto, (max-width: 255px) 100vw, 255px\" \/><\/a>BELLUNO<\/strong> Sabato alle 9 presso la Sala Eliseo Dal Pont \u201cBianchi\u201d di Belluno la Fondazione G. Angelini-Centro Studi sulla Montagna con l\u2019Universit\u00e0 di Padova e la Provincia di Belluno hanno organizzato, in occasione della rassegna culturale \u201cOltre le Vette\u201d del Comune di Belluno, Il convegno Il Piave e le sue acque. Il programma prevede l\u2019intervento di Luigi D\u2019Alpaos, (Universit\u00e0 di Padova), Gianpaolo Bottacin (assessore regione Veneto),\u00a0 Marina Colaizzi (segretaria dell\u2019Autorit\u00e0 di Distretto -Deflusso ecologico)\u00a0 Stefano Savio (ENEL Greenpower), Sara Pavan (Arpav) e Paolo Battagion (direttore Consorzio Piave) Alla Tavola Rotonda finale parteciperanno: Silvia Susanna (sindaco Musile di Piave), Mario De Bon (sindaco Sospirolo), Francesco Baruffi (Ordine Ingegneri Venezia), Amedeo Gerolimetto (presidente Consorzio Piave), Yannick Da Re (Ordine Ingegneri Treviso), Luigi D\u2019Alpaos (Ordine Ingegneri Belluno).<\/p>\n<p>&nbsp;<\/p>\n<p>&nbsp;<\/p>\n<p>&nbsp;<\/p>\n<\/div>\n<div dir=\"auto\">\n<hr \/>\n<p>&nbsp;<\/p>\n<blockquote>\n<h3>SABATO 8 OTTOBRE TORNA LA FIERA DEL BESTIAM AD AGORDO<\/h3>\n<\/blockquote>\n<p><strong><a class=\"dt-pswp-item\" href=\"https:\/\/www.radiopiu.net\/wordpress\/wp-content\/uploads\/2022\/09\/Schermata-2022-09-28-alle-09.34.45.png\" data-dt-img-description=\"\" data-large_image_width=\"1308\" data-large_image_height=\"908\"><img loading=\"lazy\" decoding=\"async\" class=\"wp-image-299174 alignleft\" src=\"https:\/\/www.radiopiu.net\/wordpress\/wp-content\/uploads\/2022\/09\/Schermata-2022-09-28-alle-09.34.45-300x208.png\" alt=\"\" width=\"162\" height=\"112\" srcset=\"https:\/\/www.radiopiu.net\/wordpress\/wp-content\/uploads\/2022\/09\/Schermata-2022-09-28-alle-09.34.45-300x208.png 300w, https:\/\/www.radiopiu.net\/wordpress\/wp-content\/uploads\/2022\/09\/Schermata-2022-09-28-alle-09.34.45-1024x711.png 1024w, https:\/\/www.radiopiu.net\/wordpress\/wp-content\/uploads\/2022\/09\/Schermata-2022-09-28-alle-09.34.45-768x533.png 768w, https:\/\/www.radiopiu.net\/wordpress\/wp-content\/uploads\/2022\/09\/Schermata-2022-09-28-alle-09.34.45.png 1308w\" sizes=\"auto, (max-width: 162px) 100vw, 162px\" \/><\/a>AGORDO<\/strong> Torna sabato 8 ottobre la Fiera Del Bestiam sul Broi di Agordo. La manifestazione gemellata con Se Desmonteghea torna con il mercato dei prodotti agricoli ed artigianali, l&#8217;esposizione zootecnica con le aziende agricole, l&#8217;esposizione di macchine e attrezzatura agricole e la &#8220;Scota&#8221; del Belot. Ci sar\u00e0 la possibilit\u00e0 di pranzare con i piatti tipici e la cucina degli Alpini. Abbinata a la Fiera Del Bestiam anche Formai e Vin in Villa con 5 stand di formaggi in abbinamento a vini di cantine venete, friulane, trentine, lombarde piemontesi e prodotti da forno del territorio. Nell&#8217;occasione sar\u00e0 possibile visitare Villa Crotta &#8211; De Manzoni e la chiesa Arcidiaconale di Agordo.<\/p>\n<blockquote>\n<h3><\/h3>\n<\/blockquote>\n<hr \/>\n<p>&nbsp;<\/p>\n<p><span style=\"color: #ff0000;\"><strong>AIUTI FINALIZZATI ALL&#8217;ACQUISTO DI GENERI ALIMENTARI<\/strong><\/span><\/p>\n<\/div>\n<\/div>\n<p><strong><a class=\"dt-pswp-item\" href=\"https:\/\/www.radiopiu.net\/wordpress\/wp-content\/uploads\/2022\/02\/DolomitiCert-Scarpa-Alleghe-Febbraio-2022-Incontro-Comune-scuole-scultori-1-scaled.jpg\" data-dt-img-description=\"\" data-large_image_width=\"2560\" data-large_image_height=\"1706\"><img loading=\"lazy\" decoding=\"async\" class=\" wp-image-260782 alignleft\" src=\"https:\/\/www.radiopiu.net\/wordpress\/wp-content\/uploads\/2022\/02\/DolomitiCert-Scarpa-Alleghe-Febbraio-2022-Incontro-Comune-scuole-scultori-1-300x200.jpg\" alt=\"\" width=\"227\" height=\"151\" srcset=\"https:\/\/www.radiopiu.net\/wordpress\/wp-content\/uploads\/2022\/02\/DolomitiCert-Scarpa-Alleghe-Febbraio-2022-Incontro-Comune-scuole-scultori-1-300x200.jpg 300w, https:\/\/www.radiopiu.net\/wordpress\/wp-content\/uploads\/2022\/02\/DolomitiCert-Scarpa-Alleghe-Febbraio-2022-Incontro-Comune-scuole-scultori-1-1024x683.jpg 1024w, https:\/\/www.radiopiu.net\/wordpress\/wp-content\/uploads\/2022\/02\/DolomitiCert-Scarpa-Alleghe-Febbraio-2022-Incontro-Comune-scuole-scultori-1-768x512.jpg 768w, https:\/\/www.radiopiu.net\/wordpress\/wp-content\/uploads\/2022\/02\/DolomitiCert-Scarpa-Alleghe-Febbraio-2022-Incontro-Comune-scuole-scultori-1-1536x1024.jpg 1536w, https:\/\/www.radiopiu.net\/wordpress\/wp-content\/uploads\/2022\/02\/DolomitiCert-Scarpa-Alleghe-Febbraio-2022-Incontro-Comune-scuole-scultori-1-2048x1365.jpg 2048w\" sizes=\"auto, (max-width: 227px) 100vw, 227px\" \/><\/a>ALLEGHE<\/strong> Le persone e le famiglie residenti nel Comune di Alleghe che, a causa degli effetti economici derivanti dall\u2019emergenza epidemiologica dovuta alla diffusione del virus Covid-19, si trovino in uno stato di bisogno per soddisfare le necessit\u00e0 pi\u00f9 urgenti ed essenziali, possono chiedere che vengano loro riconosciuti i BUONI SPESA per l\u2019acquisto di GENERI ALIMENTARI O PRODOTTI DI PRIMA NECESSIT\u00c0 IMPORTO DEL BUONO SPESA: l\u2019entit\u00e0 dell\u2019importo verr\u00e0 definito con successivo apposito provvedimento, partendo da un importo minimo di Euro 50,00, sulla base del numero dei componenti il nucleo familiare e in considerazione delle necessit\u00e0 dichiarate dal richiedente. Le richieste, redatte sull\u2019apposito modulo dovranno pervenire al Comune di Alleghe mediante invio di posta elettronica. Solo via residuale la domanda potr\u00e0 essere presentata telefonicamente, chiamando il numero 0437 523300 dal luned\u00ec al venerd\u00ec dalle 8 alle 10<\/p>\n<p>&nbsp;<\/p>\n<p>&nbsp;<\/p>\n<hr \/>\n<p>&nbsp;<\/p>\n<p>&nbsp;<\/p>\n<p>&nbsp;<\/p>\n<h3>LIBERA CHIAMA, L&#8217;AGORDINO RISPONDE ! speciale alla radio, pagina in aggiornamento quotidiano<\/h3>\n<h3><\/h3>\n<h3><span style=\"color: #ff0000;\">DAL CORRIERE DELLE ALPI<\/span><\/h3>\n<p>di Gianni Santomaso<\/p>\n<audio class=\"wp-audio-shortcode\" id=\"audio-300037-8\" preload=\"none\" style=\"width: 100%;\" controls=\"controls\"><source type=\"audio\/mpeg\" src=\"https:\/\/www.radiopiu.net\/wordpress\/wp-content\/uploads\/2022\/10\/GIANNI-SERATA-LIBERA.mp3?_=8\" \/><a href=\"https:\/\/www.radiopiu.net\/wordpress\/wp-content\/uploads\/2022\/10\/GIANNI-SERATA-LIBERA.mp3\">https:\/\/www.radiopiu.net\/wordpress\/wp-content\/uploads\/2022\/10\/GIANNI-SERATA-LIBERA.mp3<\/a><\/audio>\n<p><img loading=\"lazy\" decoding=\"async\" class=\"size-full wp-image-300066 alignleft\" src=\"https:\/\/www.radiopiu.net\/wordpress\/wp-content\/uploads\/2022\/10\/5436a110-03b3-411a-8d9a-d385ebfba0c2-212x300-1.jpg\" alt=\"\" width=\"212\" height=\"300\" \/><\/p>\n<h3>L\u2019AGORDINO DICE SI AL PRESIDIO \u201cLIBERA\u201d <em>Gioved\u00ec 6 ottobre alle 20.30 in sala don Tamis ad Agordo: nasce il presidioLibera Agordino. La cittadinanza \u00e8 invitata!<\/em><\/h3>\n<p><strong>AGORDO<\/strong> Domani alle 20.30 in sala don Tamis ad Agordo si svolger\u00e0 l\u2019assemblea costitutiva del presidio agordino di \u00abLibera. Associazioni, nomi e numeri contro le mafie\u00bb, la realt\u00e0 fondata da don Luigi Ciotti nel 1995. Dopo l\u2019illustrazione degli obiettivi del presidio e la presentazione della vittima innocente di mafia a cui esso verr\u00e0 intitolato, tutti i presenti potranno firmare il patto di presidio.<\/p>\n<p><strong>PUNTATA 1,\u00a0 CON GIANNI SANTOMASO<\/strong><\/p>\n<p><span style=\"color: #ff0000;\">Dallo spazio &#8220;reporter&#8221; delle 10.30 e 1900.<\/span><\/p>\n<p>Allora Gianni, iniziamo da lontano ancora prima di entrare nei dettagli della serata. Ovvero, &#8220;Libera nell&#8217;Agordino&#8221;, idea importante e qualificante. Come e quando nasce l&#8217;idea di abbracciare questa importante causa.<\/p>\n<audio class=\"wp-audio-shortcode\" id=\"audio-300037-9\" preload=\"none\" style=\"width: 100%;\" controls=\"controls\"><source type=\"audio\/mpeg\" src=\"https:\/\/www.radiopiu.net\/wordpress\/wp-content\/uploads\/2022\/10\/gianni-libera1-2.mp3?_=9\" \/><a href=\"https:\/\/www.radiopiu.net\/wordpress\/wp-content\/uploads\/2022\/10\/gianni-libera1-2.mp3\">https:\/\/www.radiopiu.net\/wordpress\/wp-content\/uploads\/2022\/10\/gianni-libera1-2.mp3<\/a><\/audio>\n<p>&nbsp;<\/p>\n<p>&nbsp;<\/p>\n<p>&nbsp;<\/p>\n<p>&nbsp;<\/p>\n<hr \/>\n<p>&nbsp;<\/p>\n<blockquote>\n<h3>OHANNES GUREKIAN, UN PROGETTISTA ARMENO DELLE DOLOMITI<\/h3>\n<\/blockquote>\n<p><strong><a class=\"dt-pswp-item\" href=\"https:\/\/www.radiopiu.net\/wordpress\/wp-content\/uploads\/2022\/09\/Unknown.jpeg\" data-dt-img-description=\"\" data-large_image_width=\"1536\" data-large_image_height=\"2048\"><img loading=\"lazy\" decoding=\"async\" class=\" wp-image-297481 alignleft\" src=\"https:\/\/www.radiopiu.net\/wordpress\/wp-content\/uploads\/2022\/09\/Unknown-150x150.jpeg\" alt=\"\" width=\"95\" height=\"95\" \/><\/a>BELLUNO <\/strong>Fino al giorno 29 ottobre, sar\u00e0 possibile visitare il percorso espositivo presso la biblioteca civica di Agordo.\u00a0 <strong>SABATO 8<\/strong> ottobre (notte di plenilunio) trekking da Frassen\u00e9 al Rifugio Scarpa-Gurekian raccontando cosa lega questo luogo alla storia di Ohann\u00e9s Gurekian. Poi ci sar\u00e0 la possibilit\u00e0 di fermarsi per cenare.<\/p>\n<p>&nbsp;<\/p>\n<p>&nbsp;<\/p>\n<p>&nbsp;<\/p>\n<hr \/>\n<p>&nbsp;<\/p>\n<blockquote>\n<h2>PROLOCO DI RIVAMONTE AGORDINO<\/h2>\n<\/blockquote>\n<div>\n<div class=\"hael596l alzwoclg jl2a5g8c qjfq86k5 r227ecj6 gt60zsk1 s1m0hq7j\">\n<div class=\"cgu29s5g\">\n<div class=\"alzwoclg cqf1kptm siwo0mpr gu5uzgus\">\n<div class=\"jroqu855 nthtkgg5\"><strong>14-15-16 OTTOBRE 2022<\/strong><\/div>\n<\/div>\n<\/div>\n<\/div>\n<\/div>\n<div>\n<div class=\"\" dir=\"auto\">\n<div id=\"jsc_c_1y\" class=\"d2hqwtrz r227ecj6 ez8dtbzv gt60zsk1\" data-ad-comet-preview=\"message\" data-ad-preview=\"message\">\n<div class=\"alzwoclg cqf1kptm siwo0mpr gu5uzgus\">\n<div class=\"jroqu855 nthtkgg5\">\n<div class=\"m8h3af8h l7ghb35v kjdc1dyq kmwttqpk gh25dzvf n3t5jt4f\">\n<div dir=\"auto\">Finalmente ritorna l&#8217;Oktoberfest. Tre giorni di festa in compagnia di buona musica e buon cibo: Canederli, \u00a0Spatzle<\/div>\n<div dir=\"auto\">Stinco con crauti e patate fritte e Buona birra in bicchieri di vetro\u00a0 \u00a0 \u00a0<strong>STAY TUNED<\/strong><br \/>\n<a class=\"dt-pswp-item\" href=\"https:\/\/www.radiopiu.net\/wordpress\/wp-content\/uploads\/2022\/09\/306610049_3398892650338616_7875061756741663012_n.jpg\" data-dt-img-description=\"\" data-large_image_width=\"720\" data-large_image_height=\"261\"><img loading=\"lazy\" decoding=\"async\" class=\"alignnone wp-image-296989 size-full\" src=\"https:\/\/www.radiopiu.net\/wordpress\/wp-content\/uploads\/2022\/09\/306610049_3398892650338616_7875061756741663012_n.jpg\" alt=\"\" width=\"720\" height=\"261\" srcset=\"https:\/\/www.radiopiu.net\/wordpress\/wp-content\/uploads\/2022\/09\/306610049_3398892650338616_7875061756741663012_n.jpg 720w, https:\/\/www.radiopiu.net\/wordpress\/wp-content\/uploads\/2022\/09\/306610049_3398892650338616_7875061756741663012_n-300x109.jpg 300w\" sizes=\"auto, (max-width: 720px) 100vw, 720px\" \/><\/a><\/div>\n<div dir=\"auto\"><\/div>\n<\/div>\n<\/div>\n<\/div>\n<\/div>\n<\/div>\n<\/div>\n<p>&nbsp;<\/p>\n<hr \/>\n<p>&nbsp;<\/p>\n<blockquote>\n<h3>DOMENICA 23 OTTOBRE LA GRANDE FESTA ALLA FABBRICA IN PEDAVENA DI LA VALLE<\/h3>\n<\/blockquote>\n<p><a class=\"dt-pswp-item\" href=\"https:\/\/www.radiopiu.net\/wordpress\/wp-content\/uploads\/2022\/09\/be36ec51-e02a-4ee2-8c75-860605e2253f.jpg\" data-dt-img-description=\"\" data-large_image_width=\"1200\" data-large_image_height=\"628\"><img loading=\"lazy\" decoding=\"async\" class=\"aligncenter wp-image-296751 size-medium\" src=\"https:\/\/www.radiopiu.net\/wordpress\/wp-content\/uploads\/2022\/09\/be36ec51-e02a-4ee2-8c75-860605e2253f-300x157.jpg\" alt=\"\" width=\"300\" height=\"157\" srcset=\"https:\/\/www.radiopiu.net\/wordpress\/wp-content\/uploads\/2022\/09\/be36ec51-e02a-4ee2-8c75-860605e2253f-300x157.jpg 300w, https:\/\/www.radiopiu.net\/wordpress\/wp-content\/uploads\/2022\/09\/be36ec51-e02a-4ee2-8c75-860605e2253f-1024x536.jpg 1024w, https:\/\/www.radiopiu.net\/wordpress\/wp-content\/uploads\/2022\/09\/be36ec51-e02a-4ee2-8c75-860605e2253f-768x402.jpg 768w, https:\/\/www.radiopiu.net\/wordpress\/wp-content\/uploads\/2022\/09\/be36ec51-e02a-4ee2-8c75-860605e2253f.jpg 1200w\" sizes=\"auto, (max-width: 300px) 100vw, 300px\" \/><\/a><\/p>\n<p>&nbsp;<\/p>\n<p>&nbsp;<\/p>\n<hr \/>\n<p>&nbsp;<\/p>\n<blockquote>\n<h3>A BELLUNO SI PARLA DELLA GESTIONE PERIOPERATORIA DELL&#8217;ANZIANO FRAGILE<\/h3>\n<\/blockquote>\n<p><strong>BELLUNO<\/strong> \u00c8 in programma per sabato 15 ottobre al Teatro Giovanni XXIII una serata organizzata dall&#8217;Ordine dei medici chirurghi e odontoiatri della provincia di Belluno. &#8220;La gestione perioperatoria dell&#8217;anziano fragile&#8221; il titolo dell&#8217;incontro che si terr\u00e0 a partire dalle 18. Ad aprire la giornata un incontro aperto a tutti sule cure di lungo termine nel sostegno della fragilit\u00e0 anziana con Luigi Guglielmi, giornalista dell&#8217;Amico Del Popolo, il dottor Massimiliano Mosca, geriatra, e la dottoressa Lucia Omiciuolo, direttore dell&#8217;Unit\u00e0 Opertiva di geriatria dell&#8217;ospedale di Feltre. Alle 18:30 lo spettacolo teatrale &#8220;Mamma a carico. Mia figlia ha 90 anni&#8221; di e con Gianna Coletti per la regia di Gabriele Scotti.<\/p>\n<p><strong>IL PROGRAMMA<\/strong><\/p>\n<a href=\"https:\/\/www.radiopiu.net\/wordpress\/wp-content\/uploads\/2022\/10\/Anziano-fragile-spettacolo.pdf\" class=\"pdfemb-viewer\" style=\"\" data-width=\"max\" data-height=\"max\" data-toolbar=\"top\" data-toolbar-fixed=\"on\">Anziano fragile spettacolo<\/a>\n<p>&nbsp;<\/p>\n<hr \/>\n<p>&nbsp;<\/p>\n<blockquote>\n<h3>IL GRANDE FESTIVAL DEI CORI A LIMANA<\/h3>\n<\/blockquote>\n<p><strong>LIMANA<\/strong> Domenica 16 ottobre sotto la tensostruttura fronte alle scuole elementari di Limana si svolger\u00e0 la seconda edizione del Grande Festiaval dei Cori. Saranno 10 i cori bellunesi che si alterneranno per una giornata all&#8217;insegna del bel canto. Un evento con il patrocinio della Provincia di Belluno, Comune di Limana e Pro Loco. Organizza la Corale di Limana.<\/p>\n<p>&nbsp;<\/p>\n<p>&nbsp;<\/p>\n<hr \/>\n<p>&nbsp;<\/p>\n<blockquote>\n<h3>DOMENICA DI CARTA, IL 9 OTTOBRE A BELLUNO<\/h3>\n<\/blockquote>\n<p><strong>BELLUNO <\/strong>L&#8217;Archivio di Stato di Belluno organizza, come ogni anno, un&#8217;apertura straordinaria domenicale rivolta alla promozione dell&#8217;Istituto, ed in particolare alle famiglie con bambini. L&#8217;iniziativa di quest&#8217;anno consiste in un laboratorio didattico sulla realizzazione di un piccolo quaderno decorato, che poi i bambini potranno portare a casa. Parallelamente potr\u00e0 essere visitata una significativa esposizione sulle legature d&#8217;archivio tratte dal patrimonio documentario dell&#8217;Istituto, che ha sede nell&#8217;antico complesso monumentale di S. Maria dei Battuti, anch&#8217;esso visitabile. Le iniziative, fruibili anche singolarmente, richiedono prenotazione. Primo appuntamento domenica 9 ottobre con &#8220;Carte legate, carte da legare&#8221; visitabile dalle 9 alle 13. Penotazioni allo 0437 940061 o mail a\u00a0 \u00a0 as-bl@cultura.gov.it<\/p>\n<p>&nbsp;<\/p>\n<p>&nbsp;<\/p>\n<hr \/>\n<p>&nbsp;<\/p>\n<blockquote>\n<h3>IL 31\u00b0 ANNIVERSARIO DELLA FAMIGLIA EX EMIGRANTI AGORDINI<\/h3>\n<\/blockquote>\n<p><strong>CENCENIGHE<\/strong> Si svolger\u00e0 domenica 23 ottobre il 31\u00b0 anniversario della Famiglia Ex Emigranti Agordini nel mondo. Alle 10:30 la santa messa accompagnata dal coro di Livinallongo. A seguire il corteo al monumento Ex Emigranti Agordini nel mondo per la deposizione della corona d&#8217;alloro preceduti dalla Banda Da Fodom. Rinfresco per tutti al Nof Fil\u00f2 di Cencenighe e intrattenimento musicale con la Banda Da Fodom.<\/p>\n<p>&nbsp;<\/p>\n<p>&nbsp;<\/p>\n<hr \/>\n<p>&nbsp;<\/p>\n<blockquote>\n<h3>\u201cAMORI\u201d DI ELDA DEON CARDIN: VECCHIE CARTOLINE ED IL SUO PAESE, LONGARONE<\/h3>\n<\/blockquote>\n<p><strong>di RENATO BONA<\/strong><\/p>\n<p>\u201cElda da sempre coltiva con passione soprattutto due amori, quello delle cartoline d\u2019epoca, testimoni amabili ed eloquenti del passato, e quello per il suo paese, Longarone, cui la legano i ricordi dell\u2019infanzia, la Longarone del \u2018pre-Vajont\u2019, un paese che oggi vive solo nelle foto e nella memoria, dopo che il tragico evento del 9 ottobre 1963 lo cancell\u00f2 in pochi minuti\u201d. Lo ha scritto l\u2019ex sindaco Gioacchino Bratti nella presentazione del libro \u201cIl lavoro nelle Valli del Piave e del Vajont prima del 9 ottobre 1963\u201d, realizzato nel novembre 2008, nel 45. anniversario della catastrofe, a cura di Elda Deon Cardin con il patrocinio del Comune (impaginazione e stampa di Grafiche Longaronesi) e impreziosito da poesie di Eliana Olivotto. Ed aggiungeva: \u201cTrattare le vicende del lavoro di Longarone e dei paesi vicini nelle sue varie forme \u00e8 senz\u2019altro entrare nell\u2019essenziale della realt\u00e0 della nostra terra, che proprio nel lavoro espresse tutta la sua anima e la sua vivacit\u00e0, ponendosi cos\u00ec spesso al primo posto in Provincia. Lavoro che si manifest\u00f2 nei famosi opifici che ressero a lungo la sorte dell\u2019economia bellunese, nel commercio multiforme e inventivo, che affondava le sue radici nelle grandi famiglie che a partire dal XVII secolo crearono la nuova Longarone\u2026\u201d. E lo fecero &#8211; aggiungeva &#8211; nei trasporti, nell\u2019ospitalit\u00e0 dei rinomati alberghi, che facevano del nostro paese tappa obbligata per chi dalla pianura saliva al Cadore, a Cortina o al Tirolo, come ci raccontano i dati dei viaggiatori di allora. Dunque una parte importante la svolsero anche gli alberghi e le trattorie, di cui si parla in apposito capitolo e dei quali ci occupiamo in questa occasione proponendo in apertura la riproduzione di una pubblicit\u00e0 &#8211; anno 1957 &#8211; dell\u2019albergo Posta, raffigurante lo stemma del Comune di Longarone e quello della famiglia Scotti. Proprio Francesco Scotti, figlio di Ottorino, ha fornito all\u2019autrice del libro notizie sull\u2019albergo \u201calla Posta\u201d che \u201cnacque nel 1800 come smistamento posta e cambio cavalli gestito dalla famiglia De Zan, in particolare dalla mamma di Ottorino Scotti\u201d. Ancora: dal 1934 e fino al 1955 venne gestito dalla famiglia Paiola quindi ristrutturato e dato in gestione per 7 anni al milanese Mario Mariani per il quale lavoravano, oltre a sua moglie, un cuoco, un aiuto cuoco, un direttore e tre camerieri. Elda Deon Cardin ha quindi proposto a proposito dell\u2019albergo \u201cLa Lepre (Marina)\u201d notizie che per la Guida Illustrata di Riccardo Volpe del 1896 erano state raccolte dalla viva voce di Piermarco Tovanella. E cos\u00ec si apprende che l\u2019albergo fu il primo aperto a Longarone; acquistato poi dal conte Luigi Marina che vi aggiunse il suo nome. In occasione della Grande Guerra la dependance fu adibita a ospedale militare da campo. Nel 1934 l\u2019acquisto da parte dei fratelli Giacomo e Antonio Tovanella; nel 1959 una grande ristrutturazione \u201cche diede una veste pi\u00f9 moderna all\u2019ambiente\u201d. L\u2019albergo Roma (nella foto Breveglieri, collezione Elda Deon Cardin) era invece della famiglia di Pietro Monego fu Paolino che, nato a Longarone l\u20198 maggio 1867, inizi\u00f2 l\u2019attivit\u00e0 come albergo e stallo il I gennaio 1901. Nel 1928 venne ceduto a Giulio Ferruccio Bottecchia il quale lo gest\u00ec fino al 1937: successivamente l\u2019edificio fu adibito ad asilo infantile, gestito dalle suore della Sacra famiglia. Viene quindi proposta l\u2019immagine (cartolina di inizio \u2018900 riprodotta da fotografo sconosciuto, collezione Edc) dell\u2019albergo \u201cAlle Due Corone\u201d di Castellavazzo di cui era proprietario e conduttore il cav. Angelo Mazzucco che si occupava anche di \u201cvendita burro e formaggio naturale all\u2019ingrosso\u201d. Spazio anche per l\u2019albergo ristorante a Roggia di Longarone di Luigi De Bona, classe 1900 (fu lui che acquist\u00f2 nel 1939 da Odone Platner il fabbricato che si vede nella foto che fa parte della collezione Bruna De Bona); l\u2019attivit\u00e0 venne gestita dalla moglie di Luigi, Ermida De Cesero, pure originaria di Soffranco. Poi, fino alla fine degli anni \u201850, da persone esterne alla famiglia e quindi di nuovo dai De Bona, compreso il figlio Gianni e sorelle. Nella foto del 22 dicembre 1962 (collezione Bdb) l\u2019interno della trattoria di Roggia con al banco le sorelle De Bona, da sinistra: Maria Grazia (perita nel disastro del Vajont), Bruna e Dina; in quella degli anni \u201860 (foto Edy Belluno, collezione Bdb): i fratelli Luigi e Bruna De Bona davanti all\u2019esercizio. E siamo giunti alla Trattoria Munarin, alla curva di Fa\u00e8 (foto Ghedina anni \u201850, collezione Letizia Munarin). La casa era propriet\u00e0 di G. Battista Protti ed era stata acquistata da Checchi Dal Fabbro per l\u2019attivit\u00e0 di produzione di bibite gazose; poi pass\u00f2 al maresciallo dei carabinieri Beniamino Munarin, veneziano, che nel 1942 era giunto a Longarone con la famiglia e che nel 1943 l\u2019acquist\u00f2 dopo il congedo e attiv\u00f2 un\u2019osteria poi trasformata in trattoria con alloggio; purtroppo, tutto fin\u00ec quella tragica notte del 9 ottobre 1963. Concludiamo con l\u2019immagine del ristorante \u201cAl Colomber\u201d, lungo la pittoresca strada Longarone-Erto: sulla destra dell\u2019orrido, il ponte omonimo, il pi\u00f9 alto Italia con i suoi 138 metri (calcografia Gazzettino di Venezia anni \u201820, collezione Edc); quella dell\u2019albergo Orazio Filippin a Erto (viaggiata il 24 maggio 1927, fotografo sconosciuto, collezione Edc); e quella di gruppo (foto Bruto Recalchi, collezione Umberto Olivier) che ci mostra Eloisa Bez e i suoi figli: da sinistra Oddone, Sofia, Dante e Aldo. A Codissago, per mezzo secolo, \u201cla B\u00e8za\u201d era sinonimo di osteria e tabacchi dove operava Eloisa Bez (longaronese classe 1887) figlia di Vincenza Tesa e Pietro Bez il quale fra l\u2019altro gest\u00ec per 20 anni l\u2019albergo Marina. Eloisa \u201cconduceva l\u2019albergo con impegno, tanto da suscitare l\u2019insofferenza del cuoco, proveniente dalle cucine imperiali asburgiche, il quale non nascondeva la sua gelosia del mestiere. Purtroppo, fu sposa e madre felice per troppo breve tempo: la carneficina del primo conflitto mondiale infatti la priv\u00f2 del marito Umberto Olivier \u201cTofol\u00f3n\u201d caduto sull\u2019Ortigara \u201ce mai pi\u00f9 restituito alla piet\u00e0 della sepoltura; e all\u2019et\u00e0 di 29 anni si ritrov\u00f2 vedova e con quattro orfani, il maggiore dei quali non aveva sei anni!<\/p>\n\n\t\t\t<style type='text\/css'>\n\t\t\t\t#gallery-4 {\n\t\t\t\t\tmargin: auto;\n\t\t\t\t}\n\t\t\t\t#gallery-4 .gallery-item {\n\t\t\t\t\tfloat: left;\n\t\t\t\t\tmargin-top: 10px;\n\t\t\t\t\ttext-align: center;\n\t\t\t\t\twidth: 14%;\n\t\t\t\t}\n\t\t\t\t#gallery-4 img {\n\t\t\t\t\tborder: 2px solid #cfcfcf;\n\t\t\t\t}\n\t\t\t\t#gallery-4 .gallery-caption {\n\t\t\t\t\tmargin-left: 0;\n\t\t\t\t}\n\t\t\t\t\/* see gallery_shortcode() in wp-includes\/media.php *\/\n\t\t\t<\/style>\n\t\t<div id='gallery-4' class='dt-gallery-container gallery galleryid-300037 gallery-columns-7 gallery-size-thumbnail'><dl class='gallery-item'>\n\t\t\t\t<dt class='gallery-icon landscape'>\n\t\t\t\t\t<a class=\"rollover\" href='https:\/\/www.radiopiu.net\/wordpress\/amori-di-elda-deon-cardin-vecchie-cartoline-ed-il-suo-paese-longarone\/310187299_630430048787898_3043796064750953773_n\/'><img loading=\"lazy\" decoding=\"async\" width=\"150\" height=\"150\" src=\"https:\/\/www.radiopiu.net\/wordpress\/wp-content\/uploads\/2022\/10\/310187299_630430048787898_3043796064750953773_n-150x150.jpg\" class=\"attachment-thumbnail size-thumbnail\" alt=\"\" \/><\/a>\n\t\t\t\t<\/dt><\/dl><dl class='gallery-item'>\n\t\t\t\t<dt class='gallery-icon landscape'>\n\t\t\t\t\t<a class=\"rollover\" href='https:\/\/www.radiopiu.net\/wordpress\/amori-di-elda-deon-cardin-vecchie-cartoline-ed-il-suo-paese-longarone\/310188163_3383437495204139_629792274634521266_n\/'><img loading=\"lazy\" decoding=\"async\" width=\"150\" height=\"150\" src=\"https:\/\/www.radiopiu.net\/wordpress\/wp-content\/uploads\/2022\/10\/310188163_3383437495204139_629792274634521266_n-150x150.jpg\" class=\"attachment-thumbnail size-thumbnail\" alt=\"\" \/><\/a>\n\t\t\t\t<\/dt><\/dl><dl class='gallery-item'>\n\t\t\t\t<dt class='gallery-icon portrait'>\n\t\t\t\t\t<a class=\"rollover\" href='https:\/\/www.radiopiu.net\/wordpress\/amori-di-elda-deon-cardin-vecchie-cartoline-ed-il-suo-paese-longarone\/310207469_605360557949054_5876426490464143416_n\/'><img loading=\"lazy\" decoding=\"async\" width=\"150\" height=\"150\" src=\"https:\/\/www.radiopiu.net\/wordpress\/wp-content\/uploads\/2022\/10\/310207469_605360557949054_5876426490464143416_n-150x150.jpg\" class=\"attachment-thumbnail size-thumbnail\" alt=\"\" \/><\/a>\n\t\t\t\t<\/dt><\/dl><dl class='gallery-item'>\n\t\t\t\t<dt class='gallery-icon landscape'>\n\t\t\t\t\t<a class=\"rollover\" href='https:\/\/www.radiopiu.net\/wordpress\/amori-di-elda-deon-cardin-vecchie-cartoline-ed-il-suo-paese-longarone\/310464732_1244917129384710_8818677339851423019_n\/'><img loading=\"lazy\" decoding=\"async\" width=\"150\" height=\"150\" src=\"https:\/\/www.radiopiu.net\/wordpress\/wp-content\/uploads\/2022\/10\/310464732_1244917129384710_8818677339851423019_n-150x150.jpg\" class=\"attachment-thumbnail size-thumbnail\" alt=\"\" \/><\/a>\n\t\t\t\t<\/dt><\/dl><dl class='gallery-item'>\n\t\t\t\t<dt class='gallery-icon portrait'>\n\t\t\t\t\t<a class=\"rollover\" href='https:\/\/www.radiopiu.net\/wordpress\/amori-di-elda-deon-cardin-vecchie-cartoline-ed-il-suo-paese-longarone\/310502745_2872021846275523_9036221519519769551_n\/'><img loading=\"lazy\" decoding=\"async\" width=\"150\" height=\"150\" src=\"https:\/\/www.radiopiu.net\/wordpress\/wp-content\/uploads\/2022\/10\/310502745_2872021846275523_9036221519519769551_n-150x150.jpg\" class=\"attachment-thumbnail size-thumbnail\" alt=\"\" \/><\/a>\n\t\t\t\t<\/dt><\/dl><dl class='gallery-item'>\n\t\t\t\t<dt class='gallery-icon portrait'>\n\t\t\t\t\t<a class=\"rollover\" href='https:\/\/www.radiopiu.net\/wordpress\/amori-di-elda-deon-cardin-vecchie-cartoline-ed-il-suo-paese-longarone\/310527713_2131442080377153_1856264227916367127_n\/'><img loading=\"lazy\" decoding=\"async\" width=\"150\" height=\"150\" src=\"https:\/\/www.radiopiu.net\/wordpress\/wp-content\/uploads\/2022\/10\/310527713_2131442080377153_1856264227916367127_n-150x150.jpg\" class=\"attachment-thumbnail size-thumbnail\" alt=\"\" \/><\/a>\n\t\t\t\t<\/dt><\/dl><dl class='gallery-item'>\n\t\t\t\t<dt class='gallery-icon portrait'>\n\t\t\t\t\t<a class=\"rollover\" href='https:\/\/www.radiopiu.net\/wordpress\/amori-di-elda-deon-cardin-vecchie-cartoline-ed-il-suo-paese-longarone\/310564947_374933491401279_4353767262076916194_n\/'><img loading=\"lazy\" decoding=\"async\" width=\"150\" height=\"150\" src=\"https:\/\/www.radiopiu.net\/wordpress\/wp-content\/uploads\/2022\/10\/310564947_374933491401279_4353767262076916194_n-150x150.jpg\" class=\"attachment-thumbnail size-thumbnail\" alt=\"\" \/><\/a>\n\t\t\t\t<\/dt><\/dl><br style=\"clear: both\" \/><dl class='gallery-item'>\n\t\t\t\t<dt class='gallery-icon portrait'>\n\t\t\t\t\t<a class=\"rollover\" href='https:\/\/www.radiopiu.net\/wordpress\/amori-di-elda-deon-cardin-vecchie-cartoline-ed-il-suo-paese-longarone\/310564947_1050571388974210_5594404938145496608_n\/'><img loading=\"lazy\" decoding=\"async\" width=\"150\" height=\"150\" src=\"https:\/\/www.radiopiu.net\/wordpress\/wp-content\/uploads\/2022\/10\/310564947_1050571388974210_5594404938145496608_n-150x150.jpg\" class=\"attachment-thumbnail size-thumbnail\" alt=\"\" \/><\/a>\n\t\t\t\t<\/dt><\/dl><dl class='gallery-item'>\n\t\t\t\t<dt class='gallery-icon landscape'>\n\t\t\t\t\t<a class=\"rollover\" href='https:\/\/www.radiopiu.net\/wordpress\/amori-di-elda-deon-cardin-vecchie-cartoline-ed-il-suo-paese-longarone\/310654183_474926027917268_2387111170794893116_n\/'><img loading=\"lazy\" decoding=\"async\" width=\"150\" height=\"150\" src=\"https:\/\/www.radiopiu.net\/wordpress\/wp-content\/uploads\/2022\/10\/310654183_474926027917268_2387111170794893116_n-150x150.jpg\" class=\"attachment-thumbnail size-thumbnail\" alt=\"\" \/><\/a>\n\t\t\t\t<\/dt><\/dl><dl class='gallery-item'>\n\t\t\t\t<dt class='gallery-icon landscape'>\n\t\t\t\t\t<a class=\"rollover\" href='https:\/\/www.radiopiu.net\/wordpress\/amori-di-elda-deon-cardin-vecchie-cartoline-ed-il-suo-paese-longarone\/310719656_1136533103941966_7807467307348254647_n\/'><img loading=\"lazy\" decoding=\"async\" width=\"150\" height=\"150\" src=\"https:\/\/www.radiopiu.net\/wordpress\/wp-content\/uploads\/2022\/10\/310719656_1136533103941966_7807467307348254647_n-150x150.jpg\" class=\"attachment-thumbnail size-thumbnail\" alt=\"\" \/><\/a>\n\t\t\t\t<\/dt><\/dl><dl class='gallery-item'>\n\t\t\t\t<dt class='gallery-icon portrait'>\n\t\t\t\t\t<a class=\"rollover\" href='https:\/\/www.radiopiu.net\/wordpress\/amori-di-elda-deon-cardin-vecchie-cartoline-ed-il-suo-paese-longarone\/310751785_398643462472398_2569162870698267935_n\/'><img loading=\"lazy\" decoding=\"async\" width=\"150\" height=\"150\" src=\"https:\/\/www.radiopiu.net\/wordpress\/wp-content\/uploads\/2022\/10\/310751785_398643462472398_2569162870698267935_n-150x150.jpg\" class=\"attachment-thumbnail size-thumbnail\" alt=\"\" \/><\/a>\n\t\t\t\t<\/dt><\/dl><dl class='gallery-item'>\n\t\t\t\t<dt class='gallery-icon landscape'>\n\t\t\t\t\t<a class=\"rollover\" href='https:\/\/www.radiopiu.net\/wordpress\/amori-di-elda-deon-cardin-vecchie-cartoline-ed-il-suo-paese-longarone\/309140610_903657863943475_2099995047819799708_n\/'><img loading=\"lazy\" decoding=\"async\" width=\"150\" height=\"150\" src=\"https:\/\/www.radiopiu.net\/wordpress\/wp-content\/uploads\/2022\/10\/309140610_903657863943475_2099995047819799708_n-150x150.jpg\" class=\"attachment-thumbnail size-thumbnail\" alt=\"\" \/><\/a>\n\t\t\t\t<\/dt><\/dl><dl class='gallery-item'>\n\t\t\t\t<dt class='gallery-icon portrait'>\n\t\t\t\t\t<a class=\"rollover\" href='https:\/\/www.radiopiu.net\/wordpress\/amori-di-elda-deon-cardin-vecchie-cartoline-ed-il-suo-paese-longarone\/310026990_1273418453472438_1029978206138893371_n\/'><img loading=\"lazy\" decoding=\"async\" width=\"149\" height=\"150\" src=\"https:\/\/www.radiopiu.net\/wordpress\/wp-content\/uploads\/2022\/10\/310026990_1273418453472438_1029978206138893371_n-149x150.jpg\" class=\"attachment-thumbnail size-thumbnail\" alt=\"\" \/><\/a>\n\t\t\t\t<\/dt><\/dl>\n\t\t\t\t<br style='clear: both' \/>\n\t\t\t<\/div>\n\n<h2><\/h2>\n<p>&nbsp;<\/p>\n<p>&nbsp;<\/p>\n<hr \/>\n<p>&nbsp;<\/p>\n<div>\n<div class=\"b654a4as d2edcug0\">\n<div class=\"rq0escxv hkbzh7o3 jwdofwj8 n8tt0mok r8blr3vg hyh9befq\">\n<p><a class=\"dt-pswp-item\" href=\"https:\/\/www.radiopiu.net\/wordpress\/wp-content\/uploads\/2020\/10\/pp.jpg\" data-dt-img-description=\"\" data-large_image_width=\"640\" data-large_image_height=\"640\"><img loading=\"lazy\" decoding=\"async\" class=\"wp-image-163678 alignleft\" src=\"https:\/\/www.radiopiu.net\/wordpress\/wp-content\/uploads\/2020\/10\/pp-300x300.jpg\" alt=\"\" width=\"106\" height=\"106\" srcset=\"https:\/\/www.radiopiu.net\/wordpress\/wp-content\/uploads\/2020\/10\/pp-300x300.jpg 300w, https:\/\/www.radiopiu.net\/wordpress\/wp-content\/uploads\/2020\/10\/pp-150x150.jpg 150w, https:\/\/www.radiopiu.net\/wordpress\/wp-content\/uploads\/2020\/10\/pp-125x125.jpg 125w, https:\/\/www.radiopiu.net\/wordpress\/wp-content\/uploads\/2020\/10\/pp-200x200.jpg 200w, https:\/\/www.radiopiu.net\/wordpress\/wp-content\/uploads\/2020\/10\/pp-80x80.jpg 80w, https:\/\/www.radiopiu.net\/wordpress\/wp-content\/uploads\/2020\/10\/pp-480x480.jpg 480w, https:\/\/www.radiopiu.net\/wordpress\/wp-content\/uploads\/2020\/10\/pp.jpg 640w\" sizes=\"auto, (max-width: 106px) 100vw, 106px\" \/><\/a><\/p>\n<\/div>\n<\/div>\n<\/div>\n<div>\n<div class=\"page-title-head hgroup\">\n<div class=\"page-title-head hgroup\">\n<div class=\"b654a4as d2edcug0\">\n<div class=\"j83agx80 btwxx1t3 lhclo0ds hop8lmos nkwizq5d scwd0bx6 roh60bw9\">\n<div class=\"rq0escxv hkbzh7o3 jwdofwj8 n8tt0mok r8blr3vg hyh9befq\">\n<div class=\"do00u71z l9j0dhe7 k4urcfbm\">\n<h2><span style=\"color: #000080;\">DON CESARE, IL PENSIERO DEL GIORNO. ALLA RADIO ALLE 7 DEL MATTINO E ALLE 19.30 DELLA SERA.\u00a0<\/span><\/h2>\n<audio class=\"wp-audio-shortcode\" id=\"audio-300037-10\" preload=\"none\" style=\"width: 100%;\" controls=\"controls\"><source type=\"audio\/mpeg\" src=\"https:\/\/www.radiopiu.net\/wordpress\/wp-content\/uploads\/2022\/10\/CESARE-4.mp3?_=10\" \/><a href=\"https:\/\/www.radiopiu.net\/wordpress\/wp-content\/uploads\/2022\/10\/CESARE-4.mp3\">https:\/\/www.radiopiu.net\/wordpress\/wp-content\/uploads\/2022\/10\/CESARE-4.mp3<\/a><\/audio>\n<p>&nbsp;<\/p>\n<div>\n<div class=\"ecm0bbzt e5nlhep0 a8c37x1j\">\n<div class=\"kvgmc6g5 cxmmr5t8 oygrvhab hcukyx3x c1et5uql\">\n<div class=\"gmail-kvgmc6g5 gmail-cxmmr5t8 gmail-oygrvhab gmail-hcukyx3x gmail-c1et5uql gmail-ii04i59q\">\n<div class=\"page-title-head hgroup\">\n<div class=\"page-title-head hgroup\">\n<div class=\"b654a4as d2edcug0\">\n<div class=\"j83agx80 btwxx1t3 lhclo0ds hop8lmos nkwizq5d scwd0bx6 roh60bw9\">\n<div class=\"rq0escxv hkbzh7o3 jwdofwj8 n8tt0mok r8blr3vg hyh9befq\">\n<div class=\"do00u71z l9j0dhe7 k4urcfbm\">\n<div class=\"mkdf-post-text\">\n<div class=\"mkdf-post-text-inner\">\n<div class=\"mkdf-post-text-main\">\n<div class=\"mkdf-post-text\">\n<div class=\"mkdf-post-text-inner\">\n<div class=\"mkdf-post-text-main\">\n<div class=\"mkdf-post-text\">\n<div class=\"mkdf-post-text-inner\">\n<div class=\"mkdf-post-text-main\">\n<div class=\"page-title-head hgroup\">\n<div class=\"page-title-head hgroup\">\n<div class=\"mkdf-post-text\">\n<div class=\"mkdf-post-text-inner\">\n<div class=\"mkdf-post-text-main\">\n<div class=\"mkdf-post-text\">\n<div class=\"mkdf-post-text-inner\">\n<div class=\"mkdf-post-text-main\">\n<div class=\"page-title-head hgroup\">\n<div class=\"page-title-head hgroup\">\n<div class=\"page-title-head hgroup\">\n<div class=\"page-title-head hgroup\">\n<div class=\"b654a4as d2edcug0\">\n<div class=\"page-title-head hgroup\">\n<div class=\"page-title-head hgroup\">\n<div class=\"page-title-head hgroup\">\n<div class=\"page-title-head hgroup\">\n<div class=\"b654a4as d2edcug0\">\n<div class=\"page-title-head hgroup\">\n<div class=\"page-title-head hgroup\">\n<div class=\"page-title-head hgroup\">\n<div class=\"page-title-head hgroup\">\n<div class=\"b654a4as d2edcug0\">\n<div class=\"mkdf-post-text\">\n<div class=\"mkdf-post-text-inner\">\n<div class=\"mkdf-post-text-main\">\n<div class=\"mkdf-post-text\">\n<div class=\"mkdf-post-text-inner\">\n<div class=\"mkdf-post-text-main\">\n<div class=\"mkdf-post-text\">\n<div class=\"mkdf-post-text-inner\">\n<div class=\"mkdf-post-text-main\">\n<div class=\"page-title-head hgroup\">\n<div class=\"page-title-head hgroup\">\n<div class=\"mkdf-post-text\">\n<div class=\"mkdf-post-text-inner\">\n<div class=\"mkdf-post-text-main\">\n<div class=\"mkdf-post-text\">\n<div class=\"mkdf-post-text-inner\">\n<div class=\"mkdf-post-text-main\">\n<div class=\"page-title-head hgroup\">\n<div class=\"page-title-head hgroup\">\n<div class=\"page-title-head hgroup\">\n<div class=\"page-title-head hgroup\">\n<div class=\"b654a4as d2edcug0\">\n<div class=\"page-title-head hgroup\">\n<div class=\"page-title-head hgroup\">\n<div class=\"page-title-head hgroup\">\n<div class=\"page-title-head hgroup\">\n<div class=\"b654a4as d2edcug0\">\n<div class=\"page-title-head hgroup\">\n<div class=\"page-title-head hgroup\">\n<div class=\"page-title-head hgroup\">\n<div class=\"page-title-head hgroup\">\n<div class=\"b654a4as d2edcug0\">\n<div>\n<hr \/>\n<p>&nbsp;<\/p>\n<h2><span style=\"color: #ff6600;\">COLLAGE OPERAZIONE NOSTALGIA<\/span><\/h2>\n<p><strong><a class=\"dt-pswp-item\" href=\"https:\/\/www.radiopiu.net\/wordpress\/wp-content\/uploads\/2022\/10\/Abba.jpg\" data-dt-img-description=\"\" data-large_image_width=\"300\" data-large_image_height=\"300\"><img loading=\"lazy\" decoding=\"async\" class=\" wp-image-299777 alignleft\" src=\"https:\/\/www.radiopiu.net\/wordpress\/wp-content\/uploads\/2022\/10\/Abba.jpg\" alt=\"\" width=\"129\" height=\"129\" srcset=\"https:\/\/www.radiopiu.net\/wordpress\/wp-content\/uploads\/2022\/10\/Abba.jpg 300w, https:\/\/www.radiopiu.net\/wordpress\/wp-content\/uploads\/2022\/10\/Abba-150x150.jpg 150w\" sizes=\"auto, (max-width: 129px) 100vw, 129px\" \/><\/a>di Loris Scussel<\/strong><\/p>\n<p>Da luned\u00ec riprender\u00e0 la consueta programmazione di Collage operazione nostalgia con la messa in onda della quarta serie caratterizzata dalla selezione di canzoni in ordine alfabetico, questa settimana quindi saranno protagoniste quelle che iniziano con le lettere A B C D E. Naturalmente troveremo canzoni pi\u00f9 o meno diverse tra loro in perfetta linea con lo spirito del programma, solo per citare alcuni esempi ascolteremo: \u00a0And I love her, Barbara Ann, California Dreamin, Dancing Queen, Emozioni e cos\u00ec via. Collage va in onda dal luned\u00ec al venerd\u00ec alle 16,00 ed in replica alle 23,00 naturalmente su Radio Pi\u00f9.<\/p>\n<p>&nbsp;<\/p>\n<p>&nbsp;<\/p>\n<hr \/>\n<p>&nbsp;<\/p>\n<div>\n<p>&nbsp;<\/p>\n<blockquote class=\"wp-embedded-content\" data-secret=\"jC9x4R9Vif\"><p><a href=\"https:\/\/www.radiopiu.net\/wordpress\/odio-la-radio-dieci-anni-dopo-di-mirko-mezzacasa\/\">&#8220;ODIO LA RADIO&#8221;&#8230; DIECI ANNI DOPO, di Mirko Mezzacasa<\/a><\/p><\/blockquote>\n<p><iframe loading=\"lazy\" class=\"wp-embedded-content\" sandbox=\"allow-scripts\" security=\"restricted\" style=\"position: absolute; clip: rect(1px, 1px, 1px, 1px);\" title=\"&#8220;&#8220;ODIO LA RADIO&#8221;&#8230; DIECI ANNI DOPO, di Mirko Mezzacasa&#8221; &#8212; Radio Pi\u00f9\" src=\"https:\/\/www.radiopiu.net\/wordpress\/odio-la-radio-dieci-anni-dopo-di-mirko-mezzacasa\/embed\/#?secret=G2GeD7r8zi#?secret=jC9x4R9Vif\" data-secret=\"jC9x4R9Vif\" width=\"600\" height=\"338\" frameborder=\"0\" marginwidth=\"0\" marginheight=\"0\" scrolling=\"no\"><\/iframe><\/p>\n<p>&nbsp;<\/p>\n<hr \/>\n<p>&nbsp;<\/p>\n<p><a class=\"dt-pswp-item\" href=\"https:\/\/www.radiopiu.net\/wordpress\/wp-content\/uploads\/2018\/09\/WhatsApp-Image-2018-09-20-at-16.04.06.jpeg\" data-dt-img-description=\"\" data-large_image_width=\"800\" data-large_image_height=\"100\"><img loading=\"lazy\" decoding=\"async\" class=\"aligncenter wp-image-61378 size-full\" src=\"https:\/\/www.radiopiu.net\/wordpress\/wp-content\/uploads\/2018\/09\/WhatsApp-Image-2018-09-20-at-16.04.06.jpeg\" alt=\"\" width=\"800\" height=\"100\" srcset=\"https:\/\/www.radiopiu.net\/wordpress\/wp-content\/uploads\/2018\/09\/WhatsApp-Image-2018-09-20-at-16.04.06.jpeg 800w, https:\/\/www.radiopiu.net\/wordpress\/wp-content\/uploads\/2018\/09\/WhatsApp-Image-2018-09-20-at-16.04.06-300x38.jpeg 300w, https:\/\/www.radiopiu.net\/wordpress\/wp-content\/uploads\/2018\/09\/WhatsApp-Image-2018-09-20-at-16.04.06-768x96.jpeg 768w\" sizes=\"auto, (max-width: 800px) 100vw, 800px\" \/><\/a><\/p>\n<p>&nbsp;<\/p>\n<p><center><b>Mercoledi 5<\/b><\/center><b>Tempo atteso: <\/b>Tempo soleggiato su Dolomiti con passaggio di sottili nubi alte, su Prealpi qualche addensamento anche consistente specie sui settori esposti alla Pianura nel pomeriggio\/sera e per nubi basse nei fondovalle, possibili fino al mattino e nuovamente in serata. Contesto termico assai mite per il periodo in quota e nei settori non interessati da nubi basse.<br \/>\n<b>Precipitazioni: <\/b>Assenti (0%)<br \/>\n<b>Temperature: <\/b>Stazionarie nelle valli e sui settori prealpini, in aumento in quota e sulle Dolomiti, in lieve calo su Prealpi. Su Prealpi &#8211; a 1500 m: min 10 max 14, a 2000 m: min 9 max 11 Dolomiti &#8211; a 2000 m: min 9 max 13, a 3000 m: min 4 max 9<br \/>\n<b>Venti: <\/b>In attenuazione fino a deboli occidentali in quota, deboli a regime di brezza nelle valli. a 10-20 km\/h a 2000 m e 10-20 km\/h a 3000 m.<\/p>\n<hr \/>\n<p><center><b>Giovedi 6<\/b><\/center><b>Tempo atteso: <\/b>Tempo ben soleggiato e stabile, con minor probabilit\u00e0 di nubi basse sui settori prealpini, dove saranno comunque ancora possibili fino al mattino, e cielo perlopi\u00f9 sereno in quota e sulle Dolomiti. In serata formazione di nubi basse, possibile anche in qualche valle delle Dolomiti.<br \/>\n<b>Precipitazioni: <\/b>Assenti (0%)<br \/>\n<b>Temperature: <\/b>In lieve calo in alta dove le minime saranno raggiunte in serata, altrove pressoch\u00e8 stazionarie. Prealpi &#8211; a 1500 m: min 11 max 14, a 2000 m: min 9 max 12 Dolomiti &#8211; a 2000 m: min 8 max 13, a 3000 m: min 4 max 8<br \/>\n<b>Venti: <\/b>Venti deboli occidentali in quota, brezze nelle valli, a 5-10 km\/h a 2000 m e 5-10 km\/h a 3000 m.<\/p>\n<hr \/>\n<p><center><b>Venerdi 7<\/b><\/center>Tempo stabile e ben soleggiato. Possibile qualche nube bassa fino al mattino e nuovamente in serata nei fondovalle Prealpini e sui settori esposti alla Pianura. Temperature pressoch\u00e8 stazionarie o in lieve calo le massime. Venti in quota deboli o moderati da sudovest, deboli variabili nelle valli.<\/p>\n<hr \/>\n<p><center><b>Sabato 8<\/b><\/center>Tempo ancora stabile ma con maggior nuvolosit\u00e0 rispetto a venerd\u00ec sia per nubi basse fino al mattino e in serata che per il passaggio di nubi medio-alte, specie nel pomeriggio\/sera quando non \u00e8 del tutta esclusa qualche goccia. Contesto termico sempre piuttosto mite per la stagione seppur con lieve calo delle massime. Venti in quota deboli o moderati da sudovest, deboli variabili nelle valli. Previsore: DDL<\/p>\n<p>&nbsp;<\/p>\n<hr \/>\n<p>&nbsp;<\/p>\n<p><strong>OGNI GIORNO IL MERCATINO A RADIO PIU&#8217;, AL QUARANTESIMO MINUTO. IL PUNTO DI RIFERIMENTO PER CHI OFFRE O CERCA LAVORO NELL&#8217;ARCO DOLOMITICO, CENTINAIA DI VISUALIZZAZIONI AL GIORNO SUL SITO INTERNET, IN AUDIO ALLA RADIO E IN STREAMING IL TUTTO IL MONDO. IL MERCATINO DI RADIO PIU, PER INSERIRE I TUOI ANNUNCI SCRIVI A <span style=\"color: #0000ff;\">radiopiu@radiopiu.it<\/span><\/strong><\/p>\n<blockquote class=\"wp-embedded-content\" data-secret=\"Am3tcxGHRB\"><p><a href=\"https:\/\/www.radiopiu.net\/wordpress\/mercatino-e-mercatino-delle-pulci-per-i-vostri-annunci-radiopiuradiopiu-it\/\">MERCATINO<\/a><\/p><\/blockquote>\n<p><iframe loading=\"lazy\" class=\"wp-embedded-content\" sandbox=\"allow-scripts\" security=\"restricted\" style=\"position: absolute; clip: rect(1px, 1px, 1px, 1px);\" title=\"&#8220;MERCATINO&#8221; &#8212; Radio Pi\u00f9\" src=\"https:\/\/www.radiopiu.net\/wordpress\/mercatino-e-mercatino-delle-pulci-per-i-vostri-annunci-radiopiuradiopiu-it\/embed\/#?secret=Ife1owuFsW#?secret=Am3tcxGHRB\" data-secret=\"Am3tcxGHRB\" width=\"600\" height=\"338\" frameborder=\"0\" marginwidth=\"0\" marginheight=\"0\" scrolling=\"no\"><\/iframe><\/p>\n<\/div>\n<p>&nbsp;<\/p>\n<p>&nbsp;<\/p>\n<div>\n<hr \/>\n<p>&nbsp;<\/p>\n<p><a href=\"https:\/\/www.radiopiu.net\/wordpress\/giornale-radiopiu-26-settembre-2018-direttore-mirko-mezzacasa\/viabilita-2\/\" rel=\"attachment wp-att-61954\"><img loading=\"lazy\" decoding=\"async\" class=\"aligncenter wp-image-61954 size-full\" src=\"https:\/\/www.radiopiu.net\/wordpress\/wp-content\/uploads\/2018\/09\/viabilita.jpeg\" sizes=\"auto, (max-width: 800px) 100vw, 800px\" srcset=\"https:\/\/www.radiopiu.net\/wordpress\/wp-content\/uploads\/2018\/09\/viabilita.jpeg 800w, https:\/\/www.radiopiu.net\/wordpress\/wp-content\/uploads\/2018\/09\/viabilita-300x38.jpeg 300w, https:\/\/www.radiopiu.net\/wordpress\/wp-content\/uploads\/2018\/09\/viabilita-768x96.jpeg 768w\" alt=\"\" width=\"800\" height=\"100\" \/><\/a><\/p>\n<p>&nbsp;<\/p>\n<blockquote>\n<h3>STRADA DI DIGOMAN A SENSO UNICO ALTERNATO FINO AL 7 OTTOBRE<\/h3>\n<\/blockquote>\n<p><strong><a class=\"dt-pswp-item\" href=\"https:\/\/www.radiopiu.net\/wordpress\/wp-content\/uploads\/2020\/05\/VENETO-STRADE.png\" data-dt-img-description=\"\" data-large_image_width=\"400\" data-large_image_height=\"400\"><img loading=\"lazy\" decoding=\"async\" class=\"wp-image-135574 alignleft\" src=\"https:\/\/www.radiopiu.net\/wordpress\/wp-content\/uploads\/2020\/05\/VENETO-STRADE-300x300.png\" alt=\"\" width=\"140\" height=\"140\" srcset=\"https:\/\/www.radiopiu.net\/wordpress\/wp-content\/uploads\/2020\/05\/VENETO-STRADE-300x300.png 300w, https:\/\/www.radiopiu.net\/wordpress\/wp-content\/uploads\/2020\/05\/VENETO-STRADE-150x150.png 150w, https:\/\/www.radiopiu.net\/wordpress\/wp-content\/uploads\/2020\/05\/VENETO-STRADE.png 400w\" sizes=\"auto, (max-width: 140px) 100vw, 140px\" \/><\/a><\/strong><\/p>\n<p><strong>VOLTAGO<\/strong> Veneto Strade comunica che dal 29 settembre e fino al 7 ottobre, esclusi sabato e domenica, la SP 26 di Digoman sar\u00e0 interessata da un&#8217;istituzione di senso unico alternato regolato da semaforo in comune di Voltago. Nel periodo interessato sar\u00e0 istituito anche il divieto di transito ai veicoli aventi massa a pieno carico superiore alle 7,5 tonnellate. Sar\u00e0 posta idonea segnaletica.<\/p>\n<p>&nbsp;<\/p>\n<p>&nbsp;<\/p>\n<p>&nbsp;<\/p>\n<hr \/>\n<blockquote>\n<h3><\/h3>\n<h3>SP 8 DI SAN TOMASO, PROROGATA LA CHIUSURA A FASCE ORARIE FINO ALL&#8217;11 NOVEMBRE<\/h3>\n<\/blockquote>\n<p><strong><img loading=\"lazy\" decoding=\"async\" class=\"alignleft\" src=\"https:\/\/www.radiopiu.net\/wordpress\/wp-content\/uploads\/2021\/11\/81aa72cc-d66b-44fa-afd5-7103ae531a24.jpg\" width=\"154\" height=\"113\" \/>SAN TOMASO<\/strong> Da un mese sono iniziati i lavori sulla SP 8 di San Tomaso a Col Zares\u00e8. Veneto Strade ha comunicato la proroga dell&#8217;ordinanza fino al 11 novembre. E\u2019 dal 17 luglio del 2014 che per raggiungere San Tomaso da Cencenighe \u00e8 d\u2019obbligo il rispetto del semaforo, ma dalla prossima stagione autunnale a lavori terminati e micropali piantati tutto cambier\u00e0. Ai residenti soprattutto viene richiesto ancora un sacrificio, ma pur di rivedere aperta quella strada nella sua normalit\u00e0 \u00e8 giustificato e lecito. Fino al 11 novembre, esclusi festivi e prefestivi, la strada chiuder\u00e0 totalmente dalle 7.15 alle 12.45 e dalle 14.15 alle 17.45. Negli altri orari senso unico alternato regolato da semaforo.<\/p>\n<p>&nbsp;<\/p>\n<p><em><strong>DIVIETO DI TRANSITO VEICOLARE A FADES DI LA VALLE AGORDINA TRA L&#8217;INCROCIO CON LA SR 347 E IL CIVICO 2. FINO AL 18 NOVEMBRE, SABATO, DOMENICA E FESTIVI COMPRESI. IL DIVIETO AVRA&#8217; EFFICACIA NEI GIORNI DI EFFETTIVA ESECUZIONE DEL CANTIERE.\u00a0\u00a0<\/strong><\/em><\/p>\n<p>&nbsp;<\/p>\n<p>AGGIORNAMENTO VENETO STRADE, AGGIORNAMENTO CONTINUO H 24<\/p>\n<p>&nbsp;<\/p>\n<blockquote class=\"wp-embedded-content\" data-secret=\"Xw7fTj2bEo\"><p><a href=\"https:\/\/www.radiopiu.net\/wordpress\/viabilita\/\">viabilita<\/a><\/p><\/blockquote>\n<p><iframe loading=\"lazy\" class=\"wp-embedded-content\" sandbox=\"allow-scripts\" security=\"restricted\" style=\"position: absolute; clip: rect(1px, 1px, 1px, 1px);\" title=\"&#8220;viabilita&#8221; &#8212; Radio Pi\u00f9\" src=\"https:\/\/www.radiopiu.net\/wordpress\/viabilita\/embed\/#?secret=JKYSTDEA8r#?secret=Xw7fTj2bEo\" data-secret=\"Xw7fTj2bEo\" width=\"600\" height=\"338\" frameborder=\"0\" marginwidth=\"0\" marginheight=\"0\" scrolling=\"no\"><\/iframe><\/p>\n<p>&nbsp;<\/p>\n<hr \/>\n<p>&nbsp;<\/p>\n<p>&nbsp;<\/p>\n<p><img loading=\"lazy\" decoding=\"async\" class=\"wp-image-60761 size-full aligncenter\" src=\"https:\/\/www.radiopiu.net\/wordpress\/wp-content\/uploads\/2018\/09\/sport.jpg\" alt=\"\" width=\"800\" height=\"100\" srcset=\"https:\/\/www.radiopiu.net\/wordpress\/wp-content\/uploads\/2018\/09\/sport.jpg 800w, https:\/\/www.radiopiu.net\/wordpress\/wp-content\/uploads\/2018\/09\/sport-300x38.jpg 300w, https:\/\/www.radiopiu.net\/wordpress\/wp-content\/uploads\/2018\/09\/sport-768x96.jpg 768w\" sizes=\"auto, (max-width: 800px) 100vw, 800px\" \/><\/p>\n<p>&nbsp;<\/p>\n<p><span style=\"color: #0000ff;\"><strong>PODISMO<\/strong><\/span><\/p>\n<blockquote>\n<h3><a class=\"dt-pswp-item\" href=\"https:\/\/www.radiopiu.net\/wordpress\/wp-content\/uploads\/2021\/11\/FERNANDO-SOCCOL.png\" data-dt-img-description=\"\" data-large_image_width=\"608\" data-large_image_height=\"444\"><img loading=\"lazy\" decoding=\"async\" class=\"wp-image-243446 alignleft\" src=\"https:\/\/www.radiopiu.net\/wordpress\/wp-content\/uploads\/2021\/11\/FERNANDO-SOCCOL-300x219.png\" alt=\"\" width=\"151\" height=\"111\" srcset=\"https:\/\/www.radiopiu.net\/wordpress\/wp-content\/uploads\/2021\/11\/FERNANDO-SOCCOL-300x219.png 300w, https:\/\/www.radiopiu.net\/wordpress\/wp-content\/uploads\/2021\/11\/FERNANDO-SOCCOL.png 608w\" sizes=\"auto, (max-width: 151px) 100vw, 151px\" \/><\/a>AGORDO SI CANDIDA AD OSPITARE I NAZIONALI SU STRADA CSI<\/h3>\n<\/blockquote>\n<p><strong>REDAZIONE<\/strong> Fernando Soccol dell&#8217;Atletica Agordina non solo commenta il quindi posto di domenica a Lonigo ma da un&#8217;importante anticipazione, a molti torner\u00e0 in mente il circuito de Le Miglia quando atleti internazionali sfilavano per il centro di Agordo<\/p>\n<audio class=\"wp-audio-shortcode\" id=\"audio-300037-11\" preload=\"none\" style=\"width: 100%;\" controls=\"controls\"><source type=\"audio\/mpeg\" src=\"https:\/\/www.radiopiu.net\/wordpress\/wp-content\/uploads\/2022\/10\/FERNANDO-CSI.mp3?_=11\" \/><a href=\"https:\/\/www.radiopiu.net\/wordpress\/wp-content\/uploads\/2022\/10\/FERNANDO-CSI.mp3\">https:\/\/www.radiopiu.net\/wordpress\/wp-content\/uploads\/2022\/10\/FERNANDO-CSI.mp3<\/a><\/audio>\n<p>&nbsp;<\/p>\n<hr \/>\n<p>&nbsp;<\/p>\n<p>&nbsp;<\/p>\n<\/div>\n<\/div>\n<\/div>\n<\/div>\n<\/div>\n<\/div>\n<\/div>\n<\/div>\n<\/div>\n<\/div>\n<\/div>\n<\/div>\n<\/div>\n<\/div>\n<\/div>\n<\/div>\n<\/div>\n<\/div>\n<\/div>\n<\/div>\n<\/div>\n<\/div>\n<\/div>\n<\/div>\n<\/div>\n<\/div>\n<\/div>\n<\/div>\n<\/div>\n<\/div>\n<\/div>\n<\/div>\n<\/div>\n<\/div>\n<\/div>\n<\/div>\n<\/div>\n<\/div>\n<\/div>\n<\/div>\n<\/div>\n<\/div>\n<\/div>\n<\/div>\n<\/div>\n<\/div>\n<\/div>\n<\/div>\n<\/div>\n<\/div>\n<\/div>\n<\/div>\n<\/div>\n<\/div>\n<\/div>\n<\/div>\n<\/div>\n<\/div>\n<\/div>\n<\/div>\n<\/div>\n<\/div>\n<\/div>\n<\/div>\n<\/div>\n<\/div>\n<\/div>\n<\/div>\n<\/div>\n<\/div>\n<\/div>\n<\/div>\n<\/div>\n<\/div>\n<\/div>\n<\/div>\n<\/div>\n<\/div>\n<\/div>\n<\/div>\n<\/div>\n<\/div>\n<\/div>\n","protected":false},"excerpt":{"rendered":"<p>RADIO PIU INFORMAZIONE il canale su TELEGRAM informazione di prima\u00a0\u00a0mano e in tempo reale. iscriviti ed aiutaci a farlo conoscere &nbsp; &nbsp; RIVAMONTE AGORDINO: Chiusura temporanea Ecocentro per manifestazione \u201cRiva l\u2019Oktoberfest\u201d AGORDO L\u2019Ecocentro di Rivamonte Agordino rimarr\u00e0 chiuso sabato 8 e sabato 15 ottobre 2022 come richiesto dal Comune per consentire lo svolgimento della manifestazione&hellip;<\/p>\n","protected":false},"author":4,"featured_media":300202,"comment_status":"closed","ping_status":"closed","sticky":false,"template":"","format":"standard","meta":{"_monsterinsights_skip_tracking":false,"_monsterinsights_sitenote_active":false,"_monsterinsights_sitenote_note":"","_monsterinsights_sitenote_category":0,"footnotes":""},"categories":[51,86,49],"tags":[],"class_list":["post-300037","post","type-post","status-publish","format-standard","has-post-thumbnail","hentry","category-evidenza-top","category-gr","category-news-18","category-51","category-86","category-49","description-off"],"img_url":"https:\/\/www.radiopiu.net\/wordpress\/wp-content\/uploads\/2022\/10\/Senza-nome-9.jpg","_links":{"self":[{"href":"https:\/\/www.radiopiu.net\/wordpress\/wp-json\/wp\/v2\/posts\/300037","targetHints":{"allow":["GET"]}}],"collection":[{"href":"https:\/\/www.radiopiu.net\/wordpress\/wp-json\/wp\/v2\/posts"}],"about":[{"href":"https:\/\/www.radiopiu.net\/wordpress\/wp-json\/wp\/v2\/types\/post"}],"author":[{"embeddable":true,"href":"https:\/\/www.radiopiu.net\/wordpress\/wp-json\/wp\/v2\/users\/4"}],"replies":[{"embeddable":true,"href":"https:\/\/www.radiopiu.net\/wordpress\/wp-json\/wp\/v2\/comments?post=300037"}],"version-history":[{"count":0,"href":"https:\/\/www.radiopiu.net\/wordpress\/wp-json\/wp\/v2\/posts\/300037\/revisions"}],"wp:featuredmedia":[{"embeddable":true,"href":"https:\/\/www.radiopiu.net\/wordpress\/wp-json\/wp\/v2\/media\/300202"}],"wp:attachment":[{"href":"https:\/\/www.radiopiu.net\/wordpress\/wp-json\/wp\/v2\/media?parent=300037"}],"wp:term":[{"taxonomy":"category","embeddable":true,"href":"https:\/\/www.radiopiu.net\/wordpress\/wp-json\/wp\/v2\/categories?post=300037"},{"taxonomy":"post_tag","embeddable":true,"href":"https:\/\/www.radiopiu.net\/wordpress\/wp-json\/wp\/v2\/tags?post=300037"}],"curies":[{"name":"wp","href":"https:\/\/api.w.org\/{rel}","templated":true}]}}