{"id":300073,"date":"2022-10-04T07:17:44","date_gmt":"2022-10-04T05:17:44","guid":{"rendered":"https:\/\/www.radiopiu.net\/wordpress\/?p=300073"},"modified":"2022-10-04T10:02:26","modified_gmt":"2022-10-04T08:02:26","slug":"a-difesa-degli-sport-del-ghiaccio-limportanza-di-fare-massa-critica-sabato-manifestazione-in-cadore","status":"publish","type":"post","link":"https:\/\/www.radiopiu.net\/wordpress\/a-difesa-degli-sport-del-ghiaccio-limportanza-di-fare-massa-critica-sabato-manifestazione-in-cadore\/","title":{"rendered":"A DIFESA DEGLI SPORT DEL GHIACCIO. L&#8217;IMPORTANZA DI FARE MASSA CRITICA, SABATO MANIFESTAZIONE IN CADORE"},"content":{"rendered":"<blockquote>\n<h3>A DIFESA DEGLI SPORT DEL GHIACCIO. L&#8217;IMPORTANZA DI FARE MASSA CRITICA, SABATO MANIFESTAZIONE IN CADORE<\/h3>\n<\/blockquote>\n<p>&nbsp;<\/p>\n<p><strong><img decoding=\"async\" class=\"alignleft\" src=\"https:\/\/www.radiopiu.net\/wordpress\/wp-content\/uploads\/2022\/10\/pieve.jpg\" \/>REDAZIONE<\/strong> Sabato alle 15 si svolger\u00e0 una manifestazione di sensibilizzazione dopo i noti problemi legati al caro bollette e alla conseguente chiusura degli stadi del ghiaccio. Come ad Alleghe anche a Pieve di Cadore il problema \u00e8 concreto e lo stadio a luci spente. La manifestazione di sabato si svolger\u00e0 presso lo stadio del ghiaccio &#8220;Galvalux Arena&#8221;. Le societ\u00e0 del ghiaccio con grande preoccupazione per il futuro dei loro giovani si sono attivate organizzando l&#8217;incontro di sabato al quale sono stati invitate le societ\u00e0 sportive del territorio\u00a0 e i sindaci.\u00a0 Sar\u00e0 un\u00a0 sit- in contro l&#8217;inaccettabile aumento dei costi che ha costretto le amministrazioni a spegnere i compressori.<\/p>\n<p>&nbsp;<\/p>\n<p><strong>La lettera invito di <span id=\"page37R_mcid19\" class=\"markedContent\"><span dir=\"ltr\" role=\"presentation\">Andrea Panciera \u2013 Presidente Hockey Club Pieve di Cadore e <\/span><\/span><span id=\"page37R_mcid20\" class=\"markedContent\"><span dir=\"ltr\" role=\"presentation\">Cristina Marchi \u2013 Presidente U.S.G. Pieve di Cadore<\/span><\/span><\/strong><\/p>\n<p><span id=\"page37R_mcid1\" class=\"markedContent\"><span dir=\"ltr\" role=\"presentation\">&#8220;Stiamo attraversando un momento turbolento e difficile ed il \u201ccaro bollette\u201d degli ultimi mesi <\/span><span dir=\"ltr\" role=\"presentation\">sta mettendo a dura prova il tessuto sociale e produttivo del nostro Paese. <\/span><\/span><span id=\"page37R_mcid2\" class=\"markedContent\"><span dir=\"ltr\" role=\"presentation\">Questa situazione, gi\u00e0 di per s\u00e9 difficile, si innesta nella nostra provincia, in particolare nelle <\/span><span dir=\"ltr\" role=\"presentation\">Terre Alte, su un terreno purtroppo gi\u00e0 fertile per la presenza di un forte disagio adolescenziale, <\/span><span dir=\"ltr\" role=\"presentation\">certificato dall\u2019ULSS gi\u00e0 da alcuni anni ed acuitosi a seguito della pandemia da Covid-19. <\/span><\/span><span id=\"page37R_mcid3\" class=\"markedContent\"><span dir=\"ltr\" role=\"presentation\">Il disagio giovanile aumenta via via che i te<\/span><span dir=\"ltr\" role=\"presentation\">rritori presentano difficolt\u00e0 di relazione verso <\/span><span dir=\"ltr\" role=\"presentation\">l\u2019esterno per la scarsa presenza di servizi e dove spesso gli unici punti di ritrovo e socializzazione <\/span><span dir=\"ltr\" role=\"presentation\">risultano i bar, tanto che i ragazzini si avvicinano all\u2019alcool gi\u00e0 a 13 anni. <\/span><\/span><span id=\"page37R_mcid22\" class=\"markedContent\"><span dir=\"ltr\" role=\"presentation\">In questi territori le uniche strutture che permett<\/span><span dir=\"ltr\" role=\"presentation\">ono ai ragazzi di stare insieme nel ben-essere <\/span><span dir=\"ltr\" role=\"presentation\">psicofisico, di socializzare, di intrattenere relazioni e di crescere in ambienti sani, sono le strutture <\/span><\/span><span id=\"page37R_mcid23\" class=\"markedContent\"><span dir=\"ltr\" role=\"presentation\">sportive che, proprio per questo, assumono una valenza sociale rilevante e, spesso, unica. <\/span><\/span><span id=\"page37R_mcid5\" class=\"markedContent\"><span dir=\"ltr\" role=\"presentation\">Stiamo assistendo da settimane alla progressiva chiusura di molte strutture sportive nella <\/span><span dir=\"ltr\" role=\"presentation\">nostra provincia, ad incominciare dagli Stadi del Ghiaccio, indubbiamente strutture energivore, ma <\/span><span dir=\"ltr\" role=\"presentation\">che danno sfogo ed accoglienza a centinaia di ragazzi dai 4 anni in su. <\/span><\/span><span id=\"page37R_mcid6\" class=\"markedContent\"><span dir=\"ltr\" role=\"presentation\">Il primo a chiudere \u00e8 stata la struttura di Pieve e a seguire quella di Alleghe; Feltre e Val di <\/span><span dir=\"ltr\" role=\"presentation\">Zoldo sono a rischio e se chiuderanno anch\u2019esse in tutta la provincia di Belluno rimarr\u00e0 solo quella <\/span><span dir=\"ltr\" role=\"presentation\">di Cortina d\u2019Ampezzo. <\/span><\/span><span id=\"page37R_mcid7\" class=\"markedContent\"><span dir=\"ltr\" role=\"presentation\">Pur comprendendo le difficolt\u00e0 del momento, non possiamo pensare che la chiusura delle <\/span><span dir=\"ltr\" role=\"presentation\">strutture sportive costituisca la soluzione ad un problema senza che se ne creino altri. <\/span><\/span><span id=\"page37R_mcid8\" class=\"markedContent\"><span dir=\"ltr\" role=\"presentation\">Nelle nostre terre i ragazzi e le ragazze non hanno alternative all\u2019 aggregazione ed alla <\/span><span dir=\"ltr\" role=\"presentation\">socializzazione,<\/span> <span dir=\"ltr\" role=\"presentation\">se non esercitare<\/span> <span dir=\"ltr\" role=\"presentation\">una<\/span> <span dir=\"ltr\" role=\"presentation\">pratica sportiva;<\/span> <span dir=\"ltr\" role=\"presentation\">chiudere queste strutture significa <\/span><span dir=\"ltr\" role=\"presentation\">condannare i ragazzi all\u2019 isolamento. <\/span><\/span><span id=\"page37R_mcid9\" class=\"markedContent\"><span dir=\"ltr\" role=\"presentation\">Dobbiamo tenere alta l\u2019attenzione su queste problematiche affinch\u00e9 chi di dovere comprenda <\/span><span dir=\"ltr\" role=\"presentation\">la valenza sociale delle nostre strutture sportive e la necessit\u00e0 che ne venga garantita l\u2019apertura per <\/span><span dir=\"ltr\" role=\"presentation\">contrastare il disagio giovanile, lo spopolamento ed il depauperamento generale della montagna. <\/span><\/span><span id=\"page37R_mcid10\" class=\"markedContent\"><span dir=\"ltr\" role=\"presentation\">Ti chiediamo di aderire a questa giornata di sensibilizzazione per stringerci in un\u2019alleanza <\/span><span dir=\"ltr\" role=\"presentation\">sociale, perch\u00e9 il rischio concreto \u00e8 che dopo gli stadi del ghiaccio sia il turno delle altre strutture <\/span><span dir=\"ltr\" role=\"presentation\">presenti sul nostro territorio, gi\u00e0 poche e proprio per questo essenziali per garantire ai nostri giovani <\/span><span dir=\"ltr\" role=\"presentation\">ed alle nostre giovani un futuro.<span id=\"page37R_mcid11\" class=\"markedContent\">L\u2019invito che vi rivolgiamo \u00e8 quello di presenziare alla manifestazione\u00a0 <\/span><span id=\"page37R_mcid15\" class=\"markedContent\">portando i ragazzi con le divise sociali per fare massa critica e dire alla politica ed alle amministrazioni di tenere in considerazione i giovani, il nostro futuro, senza i quali futuro non ci sar\u00e0 e che si aspettano motivi e ragioni per permanere sul territorio e non stimoli ad emigrare in cerca di opportunit\u00e0 che a casa loro pi\u00f9 non trovano.<\/span><\/span><\/span><span id=\"page37R_mcid19\" class=\"markedContent\"><br role=\"presentation\" \/><\/span><\/p>\n<p>&nbsp;<\/p>\n<p>&nbsp;<\/p>\n<p>___<\/p>\n","protected":false},"excerpt":{"rendered":"<p>A DIFESA DEGLI SPORT DEL GHIACCIO. L&#8217;IMPORTANZA DI FARE MASSA CRITICA, SABATO MANIFESTAZIONE IN CADORE &nbsp; REDAZIONE Sabato alle 15 si svolger\u00e0 una manifestazione di sensibilizzazione dopo i noti problemi legati al caro bollette e alla conseguente chiusura degli stadi del ghiaccio. Come ad Alleghe anche a Pieve di Cadore il problema \u00e8 concreto e&hellip;<\/p>\n","protected":false},"author":4,"featured_media":300075,"comment_status":"closed","ping_status":"closed","sticky":false,"template":"","format":"standard","meta":{"_monsterinsights_skip_tracking":false,"_monsterinsights_sitenote_active":false,"_monsterinsights_sitenote_note":"","_monsterinsights_sitenote_category":0,"footnotes":""},"categories":[104,49],"tags":[],"class_list":["post-300073","post","type-post","status-publish","format-standard","has-post-thumbnail","hentry","category-evidenza_3","category-news-18","category-104","category-49","description-off"],"img_url":"https:\/\/www.radiopiu.net\/wordpress\/wp-content\/uploads\/2022\/10\/pieve.jpg","_links":{"self":[{"href":"https:\/\/www.radiopiu.net\/wordpress\/wp-json\/wp\/v2\/posts\/300073","targetHints":{"allow":["GET"]}}],"collection":[{"href":"https:\/\/www.radiopiu.net\/wordpress\/wp-json\/wp\/v2\/posts"}],"about":[{"href":"https:\/\/www.radiopiu.net\/wordpress\/wp-json\/wp\/v2\/types\/post"}],"author":[{"embeddable":true,"href":"https:\/\/www.radiopiu.net\/wordpress\/wp-json\/wp\/v2\/users\/4"}],"replies":[{"embeddable":true,"href":"https:\/\/www.radiopiu.net\/wordpress\/wp-json\/wp\/v2\/comments?post=300073"}],"version-history":[{"count":0,"href":"https:\/\/www.radiopiu.net\/wordpress\/wp-json\/wp\/v2\/posts\/300073\/revisions"}],"wp:featuredmedia":[{"embeddable":true,"href":"https:\/\/www.radiopiu.net\/wordpress\/wp-json\/wp\/v2\/media\/300075"}],"wp:attachment":[{"href":"https:\/\/www.radiopiu.net\/wordpress\/wp-json\/wp\/v2\/media?parent=300073"}],"wp:term":[{"taxonomy":"category","embeddable":true,"href":"https:\/\/www.radiopiu.net\/wordpress\/wp-json\/wp\/v2\/categories?post=300073"},{"taxonomy":"post_tag","embeddable":true,"href":"https:\/\/www.radiopiu.net\/wordpress\/wp-json\/wp\/v2\/tags?post=300073"}],"curies":[{"name":"wp","href":"https:\/\/api.w.org\/{rel}","templated":true}]}}