{"id":300131,"date":"2022-10-04T15:58:53","date_gmt":"2022-10-04T13:58:53","guid":{"rendered":"https:\/\/www.radiopiu.net\/wordpress\/?p=300131"},"modified":"2022-10-04T15:58:53","modified_gmt":"2022-10-04T13:58:53","slug":"estate-2022-i-positivi-giudizi-dei-sindaci-nel-nuovo-dossier-uncem","status":"publish","type":"post","link":"https:\/\/www.radiopiu.net\/wordpress\/estate-2022-i-positivi-giudizi-dei-sindaci-nel-nuovo-dossier-uncem\/","title":{"rendered":"ESTATE 2022, I POSITIVI GIUDIZI DEI SINDACI NEL NUOVO DOSSIER UNCEM"},"content":{"rendered":"<p><strong><a class=\"dt-pswp-item\" href=\"https:\/\/www.radiopiu.net\/wordpress\/wp-content\/uploads\/2020\/11\/logoUNCEM_no_scritta-wdtr.jpg\" data-dt-img-description=\"\" data-large_image_width=\"640\" data-large_image_height=\"640\"><img loading=\"lazy\" decoding=\"async\" class=\"wp-image-170846 alignleft\" src=\"https:\/\/www.radiopiu.net\/wordpress\/wp-content\/uploads\/2020\/11\/logoUNCEM_no_scritta-wdtr-300x300.jpg\" alt=\"\" width=\"126\" height=\"126\" srcset=\"https:\/\/www.radiopiu.net\/wordpress\/wp-content\/uploads\/2020\/11\/logoUNCEM_no_scritta-wdtr-300x300.jpg 300w, https:\/\/www.radiopiu.net\/wordpress\/wp-content\/uploads\/2020\/11\/logoUNCEM_no_scritta-wdtr-150x150.jpg 150w, https:\/\/www.radiopiu.net\/wordpress\/wp-content\/uploads\/2020\/11\/logoUNCEM_no_scritta-wdtr.jpg 640w\" sizes=\"auto, (max-width: 126px) 100vw, 126px\" \/><\/a>ROMA<\/strong> Il turismo estivo nelle aree montane cresce e fa bene. 675 le risposte arrivate da parte di chi \u00e8 impegnato negli Enti e ha registrato importanti numeri nell\u2019estate appena conclusa. E gi\u00e0 si guarda all\u2019inverno con non poche difficolt\u00e0, dovute prima di tutto al caro-energia che tocca impianti a fune e strutture alberghiere. I flussi sono importanti e danno un buon gettito ai territori, alle comunit\u00e0. Uncem lo registra in un questionario per Sindaci e Amministratori locali, lanciato a luglio 2022. Rispetto ai mesi dell&#8217;estate 2022, emerge una buona soddisfazione dei Sindaci. Chiamati per\u00f2 a lavorare di pi\u00f9 insieme tra loro, tra Comuni, e con le imprese.\u00a0Se guardiamo allo stato dell\u2019organizzazione turistica della montagna italiana ci\u00f2 che colpisce \u00e8 la mancanza di sistema &#8211; non certo ovunque, ma in gran parte dei territori -, la compresenza di proposte in s\u00e9 valide e che tuttavia perdono la loro capacit\u00e0 di impatto se non si creano in ogni comprensorio dei veri sistemi turistico-sportivi integrati in cui l\u2019accoglienza, i trasporti, le attivit\u00e0 sciistiche e gli sport tradizionali e alternativi, l\u2019intrattenimento e l\u2019outdoor costituiscono unitariamente un\u2019offerta di soggiorno capace di attrarre una utenza plurale, eterogenea e multiforme per 365 giorni all\u2019anno. Il sistema turistico locale \u00e8 capace di generare economia attiva, che includa il ruolo delle comunit\u00e0, di chi risiede nei paesi, quale ruolo attivo e non prescindibile nella costruzione di una nuova offerta turistica. Si supera cos\u00ec ogni forma di antinomia tra il &#8220;white&#8221; e il &#8220;green&#8221; facendo diventare la parte invernale e quella estiva i diversi prodotti stagionali di un sistema turistico e sportivo integrato. Occorre lavorare per superare ogni municipalismo e campanilismo.\u00a0Fondamentale secondo l\u2019Uncem, nei diversi territori montani, il legame forte tra agricoltura, sport e turismo, da intendersi come trinomio che promuove le vallate e i beni agroalimentari d\u2019eccellenza, genera flussi turistici, valorizza il paesaggio, tutela l\u2019assetto idrogeologico, garantisce la nascita di nuove imprese, permette ai giovani di risiedere 365 giorni l\u2019anno in montagna. Il PNRR e i fondi strutturali comunitari devono agire favorendo tutto questo. E il nuovo Governo, con il nuovo Parlamento e tutte le Regioni dovranno ascoltare Enti e imprese, investendo bene risorse disponibili.<\/p>\n<p>&nbsp;<\/p>\n<p>&nbsp;<\/p>\n<p>******<\/p>\n","protected":false},"excerpt":{"rendered":"<p>ROMA Il turismo estivo nelle aree montane cresce e fa bene. 675 le risposte arrivate da parte di chi \u00e8 impegnato negli Enti e ha registrato importanti numeri nell\u2019estate appena conclusa. E gi\u00e0 si guarda all\u2019inverno con non poche difficolt\u00e0, dovute prima di tutto al caro-energia che tocca impianti a fune e strutture alberghiere. I&hellip;<\/p>\n","protected":false},"author":4,"featured_media":170846,"comment_status":"closed","ping_status":"closed","sticky":false,"template":"","format":"standard","meta":{"_monsterinsights_skip_tracking":false,"_monsterinsights_sitenote_active":false,"_monsterinsights_sitenote_note":"","_monsterinsights_sitenote_category":0,"footnotes":""},"categories":[49],"tags":[],"class_list":["post-300131","post","type-post","status-publish","format-standard","has-post-thumbnail","hentry","category-news-18","category-49","description-off"],"img_url":"https:\/\/www.radiopiu.net\/wordpress\/wp-content\/uploads\/2020\/11\/logoUNCEM_no_scritta-wdtr.jpg","_links":{"self":[{"href":"https:\/\/www.radiopiu.net\/wordpress\/wp-json\/wp\/v2\/posts\/300131","targetHints":{"allow":["GET"]}}],"collection":[{"href":"https:\/\/www.radiopiu.net\/wordpress\/wp-json\/wp\/v2\/posts"}],"about":[{"href":"https:\/\/www.radiopiu.net\/wordpress\/wp-json\/wp\/v2\/types\/post"}],"author":[{"embeddable":true,"href":"https:\/\/www.radiopiu.net\/wordpress\/wp-json\/wp\/v2\/users\/4"}],"replies":[{"embeddable":true,"href":"https:\/\/www.radiopiu.net\/wordpress\/wp-json\/wp\/v2\/comments?post=300131"}],"version-history":[{"count":0,"href":"https:\/\/www.radiopiu.net\/wordpress\/wp-json\/wp\/v2\/posts\/300131\/revisions"}],"wp:featuredmedia":[{"embeddable":true,"href":"https:\/\/www.radiopiu.net\/wordpress\/wp-json\/wp\/v2\/media\/170846"}],"wp:attachment":[{"href":"https:\/\/www.radiopiu.net\/wordpress\/wp-json\/wp\/v2\/media?parent=300131"}],"wp:term":[{"taxonomy":"category","embeddable":true,"href":"https:\/\/www.radiopiu.net\/wordpress\/wp-json\/wp\/v2\/categories?post=300131"},{"taxonomy":"post_tag","embeddable":true,"href":"https:\/\/www.radiopiu.net\/wordpress\/wp-json\/wp\/v2\/tags?post=300131"}],"curies":[{"name":"wp","href":"https:\/\/api.w.org\/{rel}","templated":true}]}}