{"id":300188,"date":"2022-10-06T09:34:47","date_gmt":"2022-10-06T07:34:47","guid":{"rendered":"https:\/\/www.radiopiu.net\/wordpress\/?p=300188"},"modified":"2022-10-06T14:46:33","modified_gmt":"2022-10-06T12:46:33","slug":"giornale-radiopiu-06-ottobre-2022-direttore-mirko-mezzacasa","status":"publish","type":"post","link":"https:\/\/www.radiopiu.net\/wordpress\/giornale-radiopiu-06-ottobre-2022-direttore-mirko-mezzacasa\/","title":{"rendered":"GIORNALE RADIOPIU 06 OTTOBRE 2022 DIRETTORE MIRKO MEZZACASA"},"content":{"rendered":"<h3 class=\"kvgmc6g5 cxmmr5t8 oygrvhab hcukyx3x c1et5uql\"><span style=\"color: #0000ff;\"><strong>RADIO PIU INFORMAZIONE il canale su TELEGRAM informazione di prima\u00a0\u00a0<\/strong><strong>mano e in tempo reale. iscriviti ed aiutaci a farlo conoscere<\/strong><\/span><\/h3>\n<blockquote>\n<h3>ultim&#8217;ora, 5.45 del mattino del 6 ottobre<br \/>\nCARABINIERI E SUEM SALVANO L&#8217;ANZIANO IN CASA DI RIPOSO<\/h3>\n<\/blockquote>\n<p><strong><img loading=\"lazy\" decoding=\"async\" class=\"alignleft\" src=\"https:\/\/www.radiopiu.net\/wordpress\/wp-content\/uploads\/2021\/02\/CASA-SOGGIORNO-TAIBON.jpg\" width=\"193\" height=\"122\" \/>TAIBON<\/strong> Aveva gi\u00e0 scavalcato il balcone del terrazzo al secondo piano della casa di soggiorno di Taibon Agordino, voleva buttarsi nel vuoto. Il personale della struttura \u00e8 subito intervenuto alle cinque e mezza di questa mattina\u00a0 e con fatica ha evitato il peggio, ma per risolvere e superare il momento drammatico a Taibon sono intervenuti i Carabinieri di Agordo e il personale del Suem. Non \u00e8 stata un&#8217;operazione facile perch\u00e9 l&#8217;anziano era in stato confusionale, ma alla fine tutto si \u00e8 risolto nel migliore dei modi perch\u00e9 gli uomini dell&#8217;Arma lo hanno caricato di forza, riportandolo dall&#8217;esterno all&#8217;interno del balcone,\u00a0 un&#8217;importante fase che ha poi permesso ai sanitari di prendersi cura dell&#8217;uomo. La presenza sul territorio e la prontezza dei carabinieri\u00a0 hanno scongiurato l\u2019estremo gesto.<\/p>\n<p>&nbsp;<\/p>\n<p>&nbsp;<\/p>\n<hr \/>\n<p>&nbsp;<\/p>\n<p><strong>RIVAMONTE AGORDINO: Chiusura temporanea Ecocentro per manifestazione \u201cRiva l\u2019Oktoberfest\u201d<\/strong><\/p>\n<p><strong>AGORDO<\/strong> L\u2019Ecocentro di Rivamonte Agordino rimarr\u00e0 chiuso sabato 8 e sabato 15 ottobre 2022 come richiesto dal Comune per consentire lo svolgimento della manifestazione denominata \u201cRiva l\u2019Oktoberfest\u201d. Si ricorda che\u00a0le utenze possono accedere a\u00a0qualsiasi Ecocentro del territorio dell\u2019Unione Montana Agordina,\u00a0verificando sedi e orari di apertura\u00a0nella pagina ECOCENTRO.<\/p>\n<p>&nbsp;<\/p>\n<hr \/>\n<p>&nbsp;<\/p>\n<p><strong>ACQUA INQUINATA\u00a0 A GOSALDO<\/strong><span style=\"color: #ff0000;\"> LE FOCHE, LAMBROI, DENEORE, MAGAIT, REN, SELLE, COL TAMAI, BITTI, GIARDOI E PETTUINE <\/span><span style=\"color: #ff0000;\"><span style=\"color: #000000;\">servizio autobotti a le Foche e Lambroi<\/span><\/span><\/p>\n<p>&nbsp;<\/p>\n<hr \/>\n<p>&nbsp;<\/p>\n<blockquote>\n<h3>ALCUNE FRAZIONI DI GOSALDO SENZA ACQUA POTABILE, I CITTADINI PROTESTANO<\/h3>\n<\/blockquote>\n<p><strong>GOSALDO<\/strong><\/p>\n<p>di Gianni Santomaso<\/p>\n<audio class=\"wp-audio-shortcode\" id=\"audio-300188-1\" preload=\"none\" style=\"width: 100%;\" controls=\"controls\"><source type=\"audio\/mpeg\" src=\"https:\/\/www.radiopiu.net\/wordpress\/wp-content\/uploads\/2022\/10\/GIANNI-LACQUDOTTO-DELLE-FRAZIONI-DI-GOSALDO.mp3?_=1\" \/><a href=\"https:\/\/www.radiopiu.net\/wordpress\/wp-content\/uploads\/2022\/10\/GIANNI-LACQUDOTTO-DELLE-FRAZIONI-DI-GOSALDO.mp3\">https:\/\/www.radiopiu.net\/wordpress\/wp-content\/uploads\/2022\/10\/GIANNI-LACQUDOTTO-DELLE-FRAZIONI-DI-GOSALDO.mp3<\/a><\/audio>\n<p>&nbsp;<\/p>\n\n\t\t\t<style type='text\/css'>\n\t\t\t\t#gallery-1 {\n\t\t\t\t\tmargin: auto;\n\t\t\t\t}\n\t\t\t\t#gallery-1 .gallery-item {\n\t\t\t\t\tfloat: left;\n\t\t\t\t\tmargin-top: 10px;\n\t\t\t\t\ttext-align: center;\n\t\t\t\t\twidth: 25%;\n\t\t\t\t}\n\t\t\t\t#gallery-1 img {\n\t\t\t\t\tborder: 2px solid #cfcfcf;\n\t\t\t\t}\n\t\t\t\t#gallery-1 .gallery-caption {\n\t\t\t\t\tmargin-left: 0;\n\t\t\t\t}\n\t\t\t\t\/* see gallery_shortcode() in wp-includes\/media.php *\/\n\t\t\t<\/style>\n\t\t<div id='gallery-1' class='dt-gallery-container gallery galleryid-300188 gallery-columns-4 gallery-size-thumbnail'><dl class='gallery-item'>\n\t\t\t\t<dt class='gallery-icon landscape'>\n\t\t\t\t\t<a class=\"rollover rollover-zoom dt-pswp-item\" title=\"d22e4cb0-d4d3-4814-b607-76cfecc72093\" data-dt-img-description=\"\" data-large_image_width=\"1599\" data-large_image_height=\"758\"href='https:\/\/www.radiopiu.net\/wordpress\/wp-content\/uploads\/2022\/10\/d22e4cb0-d4d3-4814-b607-76cfecc72093.jpg'><img loading=\"lazy\" decoding=\"async\" width=\"150\" height=\"150\" src=\"https:\/\/www.radiopiu.net\/wordpress\/wp-content\/uploads\/2022\/10\/d22e4cb0-d4d3-4814-b607-76cfecc72093-150x150.jpg\" class=\"attachment-thumbnail size-thumbnail\" alt=\"\" \/><\/a>\n\t\t\t\t<\/dt><\/dl><dl class='gallery-item'>\n\t\t\t\t<dt class='gallery-icon portrait'>\n\t\t\t\t\t<a class=\"rollover rollover-zoom dt-pswp-item\" title=\"ffc97251-ec0e-4f08-9467-4809e226fa90\" data-dt-img-description=\"\" data-large_image_width=\"720\" data-large_image_height=\"1600\"href='https:\/\/www.radiopiu.net\/wordpress\/wp-content\/uploads\/2022\/10\/ffc97251-ec0e-4f08-9467-4809e226fa90.jpg'><img loading=\"lazy\" decoding=\"async\" width=\"150\" height=\"150\" src=\"https:\/\/www.radiopiu.net\/wordpress\/wp-content\/uploads\/2022\/10\/ffc97251-ec0e-4f08-9467-4809e226fa90-150x150.jpg\" class=\"attachment-thumbnail size-thumbnail\" alt=\"\" \/><\/a>\n\t\t\t\t<\/dt><\/dl><dl class='gallery-item'>\n\t\t\t\t<dt class='gallery-icon landscape'>\n\t\t\t\t\t<a class=\"rollover rollover-zoom dt-pswp-item\" title=\"1f4db430-a230-4fac-af96-009b07b62894\" data-dt-img-description=\"\" data-large_image_width=\"1599\" data-large_image_height=\"758\"href='https:\/\/www.radiopiu.net\/wordpress\/wp-content\/uploads\/2022\/10\/1f4db430-a230-4fac-af96-009b07b62894.jpg'><img loading=\"lazy\" decoding=\"async\" width=\"150\" height=\"150\" src=\"https:\/\/www.radiopiu.net\/wordpress\/wp-content\/uploads\/2022\/10\/1f4db430-a230-4fac-af96-009b07b62894-150x150.jpg\" class=\"attachment-thumbnail size-thumbnail\" alt=\"\" \/><\/a>\n\t\t\t\t<\/dt><\/dl><dl class='gallery-item'>\n\t\t\t\t<dt class='gallery-icon landscape'>\n\t\t\t\t\t<a class=\"rollover rollover-zoom dt-pswp-item\" title=\"a50805cd-16e0-432e-9f53-f9d78660f361\" data-dt-img-description=\"\" data-large_image_width=\"1600\" data-large_image_height=\"757\"href='https:\/\/www.radiopiu.net\/wordpress\/wp-content\/uploads\/2022\/10\/a50805cd-16e0-432e-9f53-f9d78660f361.jpg'><img loading=\"lazy\" decoding=\"async\" width=\"150\" height=\"150\" src=\"https:\/\/www.radiopiu.net\/wordpress\/wp-content\/uploads\/2022\/10\/a50805cd-16e0-432e-9f53-f9d78660f361-150x150.jpg\" class=\"attachment-thumbnail size-thumbnail\" alt=\"\" \/><\/a>\n\t\t\t\t<\/dt><\/dl><br style=\"clear: both\" \/>\n\t\t\t<\/div>\n\n<p>&nbsp;<\/p>\n<div style=\"width: 848px;\" class=\"wp-video\"><video class=\"wp-video-shortcode\" id=\"video-300188-1\" width=\"848\" height=\"480\" preload=\"metadata\" controls=\"controls\"><source type=\"video\/mp4\" src=\"https:\/\/www.radiopiu.net\/wordpress\/wp-content\/uploads\/2022\/10\/WhatsApp-Video-2022-10-05-at-20.40.26.mp4?_=1\" \/><a href=\"https:\/\/www.radiopiu.net\/wordpress\/wp-content\/uploads\/2022\/10\/WhatsApp-Video-2022-10-05-at-20.40.26.mp4\">https:\/\/www.radiopiu.net\/wordpress\/wp-content\/uploads\/2022\/10\/WhatsApp-Video-2022-10-05-at-20.40.26.mp4<\/a><\/video><\/div>\n<p>&nbsp;<\/p>\n<p><strong>LA PETIZIONE DEGLI ABITANTI DELLA ZONA<\/strong><\/p>\n<a href=\"https:\/\/www.radiopiu.net\/wordpress\/wp-content\/uploads\/2022\/10\/PETIZIONE-ACQUEDOTTO-COL-DELLE-ROE.pdf\" class=\"pdfemb-viewer\" style=\"\" data-width=\"max\" data-height=\"max\" data-toolbar=\"top\" data-toolbar-fixed=\"on\">PETIZIONE ACQUEDOTTO COL DELLE ROE<\/a>\n<p>&nbsp;<\/p>\n<hr \/>\n<p>&nbsp;<\/p>\n<blockquote>\n<h3>ESCE DI STRADA COL FURGONE E TERMINA LA SUA CORSA CONTRO UN&#8217;ABITAZIONE. CONDUCENTE FERITO<\/h3>\n<\/blockquote>\n<p><strong>PUOS D&#8217;ALPAGO<\/strong> Intervento dei Vigili del Fuoco nel pomeriggio di ieri in Via del Cansiglio nella frazione di Cornei nel comune di Puos D\u2019Alpago per un&#8217;uscita di strada di un furgone che ha terminato la sua corsa contro un&#8217;abitazione. L&#8217;uomo alla guida \u00e8 rimasto ferito ma uscito da solo dal mezzo prima di essere assistito dal personale sanitario del SUEM ed essere trasferito in ospedale. La causa dell&#8217;incidente un probabile malore. I pompieri arrivati da Belluno con due squadre tra cui l\u2019autogr\u00f9, hanno messo in sicurezza il furgone e iniziato le operazioni di recupero. Il furgone \u00e8 stato rimesso in strada e portato via dal carro attrezzi. Le operazioni di soccorso dei Vigili del Fuoco sono terminate dopo circa due ore e mezza.<\/p>\n\n\t\t\t<style type='text\/css'>\n\t\t\t\t#gallery-2 {\n\t\t\t\t\tmargin: auto;\n\t\t\t\t}\n\t\t\t\t#gallery-2 .gallery-item {\n\t\t\t\t\tfloat: left;\n\t\t\t\t\tmargin-top: 10px;\n\t\t\t\t\ttext-align: center;\n\t\t\t\t\twidth: 33%;\n\t\t\t\t}\n\t\t\t\t#gallery-2 img {\n\t\t\t\t\tborder: 2px solid #cfcfcf;\n\t\t\t\t}\n\t\t\t\t#gallery-2 .gallery-caption {\n\t\t\t\t\tmargin-left: 0;\n\t\t\t\t}\n\t\t\t\t\/* see gallery_shortcode() in wp-includes\/media.php *\/\n\t\t\t<\/style>\n\t\t<div id='gallery-2' class='dt-gallery-container gallery galleryid-300188 gallery-columns-3 gallery-size-thumbnail'><dl class='gallery-item'>\n\t\t\t\t<dt class='gallery-icon portrait'>\n\t\t\t\t\t<a class=\"rollover rollover-zoom dt-pswp-item\" title=\"b400274a-992b-4663-90fb-23ec102896ec\" data-dt-img-description=\"\" data-large_image_width=\"590\" data-large_image_height=\"656\"href='https:\/\/www.radiopiu.net\/wordpress\/wp-content\/uploads\/2022\/10\/b400274a-992b-4663-90fb-23ec102896ec.jpg'><img loading=\"lazy\" decoding=\"async\" width=\"150\" height=\"150\" src=\"https:\/\/www.radiopiu.net\/wordpress\/wp-content\/uploads\/2022\/10\/b400274a-992b-4663-90fb-23ec102896ec-150x150.jpg\" class=\"attachment-thumbnail size-thumbnail\" alt=\"\" \/><\/a>\n\t\t\t\t<\/dt><\/dl><dl class='gallery-item'>\n\t\t\t\t<dt class='gallery-icon landscape'>\n\t\t\t\t\t<a class=\"rollover rollover-zoom dt-pswp-item\" title=\"a2b1f5e3-5869-422f-bc10-802f0c8c0ebf\" data-dt-img-description=\"\" data-large_image_width=\"590\" data-large_image_height=\"441\"href='https:\/\/www.radiopiu.net\/wordpress\/wp-content\/uploads\/2022\/10\/a2b1f5e3-5869-422f-bc10-802f0c8c0ebf.jpg'><img loading=\"lazy\" decoding=\"async\" width=\"150\" height=\"150\" src=\"https:\/\/www.radiopiu.net\/wordpress\/wp-content\/uploads\/2022\/10\/a2b1f5e3-5869-422f-bc10-802f0c8c0ebf-150x150.jpg\" class=\"attachment-thumbnail size-thumbnail\" alt=\"\" \/><\/a>\n\t\t\t\t<\/dt><\/dl><dl class='gallery-item'>\n\t\t\t\t<dt class='gallery-icon portrait'>\n\t\t\t\t\t<a class=\"rollover rollover-zoom dt-pswp-item\" title=\"589d57a2-c517-466c-94ab-a27ec79e9181\" data-dt-img-description=\"\" data-large_image_width=\"590\" data-large_image_height=\"812\"href='https:\/\/www.radiopiu.net\/wordpress\/wp-content\/uploads\/2022\/10\/589d57a2-c517-466c-94ab-a27ec79e9181.jpg'><img loading=\"lazy\" decoding=\"async\" width=\"150\" height=\"150\" src=\"https:\/\/www.radiopiu.net\/wordpress\/wp-content\/uploads\/2022\/10\/589d57a2-c517-466c-94ab-a27ec79e9181-150x150.jpg\" class=\"attachment-thumbnail size-thumbnail\" alt=\"\" \/><\/a>\n\t\t\t\t<\/dt><\/dl><br style=\"clear: both\" \/>\n\t\t\t<\/div>\n\n<p>&nbsp;<\/p>\n<hr \/>\n<p>&nbsp;<\/p>\n<blockquote>\n<h2>COMMERCIANTI CONTRO &#8220;CERTI&#8221; GIOVANI, QUESTIONE DI DECORO<\/h2>\n<\/blockquote>\n<p><strong><img loading=\"lazy\" decoding=\"async\" class=\"alignleft\" src=\"https:\/\/www.radiopiu.net\/wordpress\/wp-content\/uploads\/2022\/08\/294540518_422011536641247_1942219796620876388_n.jpg\" width=\"176\" height=\"117\" \/>REDAZIONE<\/strong> &#8220;Il titolare di un bar lancia un appello ad amministrazione comunale e prefetto \u00abQuestione di decoro e anche di calo degli incassi per colpa di alcuni giovani. Sputa su una donna in un caff\u00e8&#8221; cos\u00ec oggi titola il Corriere delle Alpi. Nell&#8217;articolo Gigi Sosso racconta che un giovane ha sputatp in faccia a una donna in un caff\u00e8 del list\u00f2n. E&#8217; stato denunciatoil personaggio che farebbe parte di una comitiva\u00a0 numerosa. Le telecamere della videosorveglianza, sia pubblica che privata, hanno gi\u00e0 documentato parecchie situazioni d&#8217;illegalit\u00e0. Paolo Candeago si \u00e8\u00a0 rivolto alla nuova amministrazione e anche alla Prefettura \u00abC&#8217;\u00e8 bisogno della\u00a0 presenza della polizia in piazza\u00bb, sottolinea<\/p>\n<p>&nbsp;<\/p>\n<hr \/>\n<p>&nbsp;<\/p>\n<blockquote>\n<h3>INDIVIDUATA L&#8217;AUTO USATA PER IL FURTO<\/h3>\n<\/blockquote>\n<p><strong>BELLUNO<\/strong> Due denunciati per furto nella zona artigianale di Levego. \u00c8 stata individuata, grazie ai leggitarga la Hyundai Santa Fe chiara con il rimorchio che alcuni sere fa era stata vista da un residente entrare nell&#8217;area all&#8217;altezza della rotatoria e uscirne a fari spenti, dirigendosi in direzione centro citt\u00e0. A bordo ci sarebbero stati due uomini originari della provincia di Trento, sospettati di aver trafugato del materiale da cantiere incustodito. Era stato un cittadino ad allertare le forze di polizia.<\/p>\n<p>&nbsp;<\/p>\n<hr \/>\n<p>&nbsp;<\/p>\n<blockquote>\n<h3>EVADE DAI DOMICILIARI E TORNA IN CARCERE<\/h3>\n<\/blockquote>\n<p><strong><a class=\"dt-pswp-item\" href=\"https:\/\/www.radiopiu.net\/wordpress\/wp-content\/uploads\/2021\/10\/88044da8-5deb-4f51-b72b-4c5cf14c0104.jpg\" data-dt-img-description=\"\" data-large_image_width=\"1920\" data-large_image_height=\"1080\"><img loading=\"lazy\" decoding=\"async\" class=\"wp-image-237581 alignleft\" src=\"https:\/\/www.radiopiu.net\/wordpress\/wp-content\/uploads\/2021\/10\/88044da8-5deb-4f51-b72b-4c5cf14c0104-300x169.jpg\" alt=\"\" width=\"197\" height=\"111\" srcset=\"https:\/\/www.radiopiu.net\/wordpress\/wp-content\/uploads\/2021\/10\/88044da8-5deb-4f51-b72b-4c5cf14c0104-300x169.jpg 300w, https:\/\/www.radiopiu.net\/wordpress\/wp-content\/uploads\/2021\/10\/88044da8-5deb-4f51-b72b-4c5cf14c0104-1024x576.jpg 1024w, https:\/\/www.radiopiu.net\/wordpress\/wp-content\/uploads\/2021\/10\/88044da8-5deb-4f51-b72b-4c5cf14c0104-768x432.jpg 768w, https:\/\/www.radiopiu.net\/wordpress\/wp-content\/uploads\/2021\/10\/88044da8-5deb-4f51-b72b-4c5cf14c0104-1536x864.jpg 1536w, https:\/\/www.radiopiu.net\/wordpress\/wp-content\/uploads\/2021\/10\/88044da8-5deb-4f51-b72b-4c5cf14c0104.jpg 1920w\" sizes=\"auto, (max-width: 197px) 100vw, 197px\" \/><\/a>AGORDO<\/strong> Usciva di casa per andare al Bar, ma agli arresti domiciliari questo non \u00e8 concesso, i carabinieri di Agordo hanno fatto scattare le manette sui polsi dell&#8217;uomo, trent&#8217;anni di origine nordafricana, arresto convalidato dal giudice per le indagini preliminari Enrica Marson. Il pubblico ministero di turno Roberta Gallego ha chiesto e ottenuto la custodia cautelare nel carcere bellunese di Baldenich per il pericolo della ripetizione del reato.\u00a0 Nel casellario giudiziale ha un certo numero di precedenti penali, anche di una certa rilevanza, ecco perch\u00e9 l&#8217;indagato era ristretto agli arresti domiciliari.<\/p>\n<p>&nbsp;<\/p>\n<p>&nbsp;<\/p>\n<hr \/>\n<p>&nbsp;<\/p>\n<blockquote>\n<h3>DMO: TRASFORMAZIONE IN FONDAZIONE PER ACCEDERE AI CONTRIBUTI<\/h3>\n<\/blockquote>\n<blockquote><p><em><img loading=\"lazy\" decoding=\"async\" class=\"alignleft\" src=\"https:\/\/www.radiopiu.net\/wordpress\/wp-content\/uploads\/2022\/10\/passport-2714675__340.jpg\" width=\"178\" height=\"142\" \/>Una trasformazione necessaria, l&#8217;attuale Dmo\u00a0 Srl (pubblico-privato con 46 soci) non pu\u00f2 accedere ai vari bandi europei, ecco il perch\u00e9 il ricorso alla Fondazione<\/em><\/p><\/blockquote>\n<p><strong>REDAZIONE<\/strong> Cambia volto la DMO, da consorzio a fondazione. Ogni Comune sta predisponendo le delibere ufficiali dopo la discussione in <a class=\"dt-pswp-item\" href=\"https:\/\/www.radiopiu.net\/wordpress\/wp-content\/uploads\/2019\/05\/ALLEGHE-DANILO-DE-TONI.jpeg\" data-dt-img-description=\"\" data-large_image_width=\"1373\" data-large_image_height=\"1600\"><img loading=\"lazy\" decoding=\"async\" class=\"wp-image-86463 alignright\" src=\"https:\/\/www.radiopiu.net\/wordpress\/wp-content\/uploads\/2019\/05\/ALLEGHE-DANILO-DE-TONI-257x300.jpeg\" alt=\"\" width=\"131\" height=\"153\" srcset=\"https:\/\/www.radiopiu.net\/wordpress\/wp-content\/uploads\/2019\/05\/ALLEGHE-DANILO-DE-TONI-257x300.jpeg 257w, https:\/\/www.radiopiu.net\/wordpress\/wp-content\/uploads\/2019\/05\/ALLEGHE-DANILO-DE-TONI-768x895.jpeg 768w, https:\/\/www.radiopiu.net\/wordpress\/wp-content\/uploads\/2019\/05\/ALLEGHE-DANILO-DE-TONI-879x1024.jpeg 879w, https:\/\/www.radiopiu.net\/wordpress\/wp-content\/uploads\/2019\/05\/ALLEGHE-DANILO-DE-TONI.jpeg 1373w\" sizes=\"auto, (max-width: 131px) 100vw, 131px\" \/><\/a>consiglio comunale cos\u00ec come la Provincia o come l&#8217;altra sera nel consiglio dell&#8217;Unione Montana Agordina (i privati porteranno i documenti all&#8217;approvazione dei loro consigli). In sala Don Tamsi, l&#8217;occasione per presentare l&#8217;iniziativa, grazie al sindaco di Alleghe Danilo De Toni, consigliere con delega provinciale. Nel suo intervento le motivazione della variazione<\/p>\n<audio class=\"wp-audio-shortcode\" id=\"audio-300188-2\" preload=\"none\" style=\"width: 100%;\" controls=\"controls\"><source type=\"audio\/mpeg\" src=\"https:\/\/www.radiopiu.net\/wordpress\/wp-content\/uploads\/2022\/10\/SINDACO-DANILO-SMO.mp3?_=2\" \/><a href=\"https:\/\/www.radiopiu.net\/wordpress\/wp-content\/uploads\/2022\/10\/SINDACO-DANILO-SMO.mp3\">https:\/\/www.radiopiu.net\/wordpress\/wp-content\/uploads\/2022\/10\/SINDACO-DANILO-SMO.mp3<\/a><\/audio>\n<p>&nbsp;<\/p>\n<p>Nell&#8217;intervento il sindaco di Alleghe, Danilo De Toni su una cosa ha insistito<em> &#8220;Non si pu\u00f2 competere con le istituzioni di Bolzano e Trento, le risorse che loro hanno sono molto superiori alle nostre&#8221; <\/em>Al proposito \u00e8 intervenuto il sindaco di Rocca Pietore Andrea De Bernardin<\/p>\n<audio class=\"wp-audio-shortcode\" id=\"audio-300188-3\" preload=\"none\" style=\"width: 100%;\" controls=\"controls\"><source type=\"audio\/mpeg\" src=\"https:\/\/www.radiopiu.net\/wordpress\/wp-content\/uploads\/2022\/10\/ANDREA-DMO-RIPRESA.mp3?_=3\" \/><a href=\"https:\/\/www.radiopiu.net\/wordpress\/wp-content\/uploads\/2022\/10\/ANDREA-DMO-RIPRESA.mp3\">https:\/\/www.radiopiu.net\/wordpress\/wp-content\/uploads\/2022\/10\/ANDREA-DMO-RIPRESA.mp3<\/a><\/audio>\n<section class=\"intro-blog\">\n<blockquote>\n<h3><\/h3>\n<h3 class=\"section-heading\"><em>Destination Management Organization<\/em><\/h3>\n<\/blockquote>\n<\/section>\n<section class=\"full-text\"><strong>DMO<\/strong> sta per Destination Marketing Organization Secondo l&#8217;Organizzazione Mondiale del Turismo, Il Destination Management Organization (DMO) \u00e8 la gestione coordinata di tutti gli elementi che compongono una destinazione (attrazioni, accesso, marketing, risorse umane, immagine e prezzi). Esso adotta un approccio strategico per collegare tra loro entit\u00e0 molto diverse per una migliore gestione della destinazione. Le DMO sono organizzazioni senza scopo di lucro responsabili del management e del marketing di una determinata destinazione. Possono essere autorit\u00e0 od organizzazioni nazionali per il turismo, oppure organizzazioni di livello regionale o provinciale. Si tratta di organismi di natura pubblica o pubblico-privata che dimostrano di promuovere, commercializzare e gestire i flussi turistici, coinvolgendo tutti gli attori operanti sul territorio. Svolgono attivit\u00e0 di marketing attraverso portali e siti web. I DMO, quindi, non solo hanno un ruolo di primo piano nella promozione e nella commercializzazione delle mete turistiche, ma risultano ancora pi\u00f9 importanti, nel guidare lo sviluppo di tali mete.<\/section>\n<p>&nbsp;<\/p>\n<p>&nbsp;<\/p>\n<hr \/>\n<p>&nbsp;<\/p>\n<blockquote>\n<h2>PREVISIONI METEO. INCONTRO AD ARABBA, PRESSO LA SEDE ARPAV, CON CARABINIERI, ESERCITO E VIGILI DEL FUOCO.<\/h2>\n<\/blockquote>\n<p><strong>VENEZIA-LIVINALLONGO<\/strong> Si \u00e8 svolto ieri, presso il Centro Valanghe di Arabba (Belluno), un briefing tra Regione e ARPAV a cui hanno partecipato anche esponenti dei Carabinieri, Forestali, Esercito e Vigili del Fuoco dedicato alle previsioni meteo.\u00a0 Un lavoro in sinergia tra il Centro Funzionale Decentrato, che trova sede presso la Protezione Civile regionale, e le sedi operative di ARPAV di Arabba e Teolo, ma non solo. Strumenti radar dislocati sul territorio, modellazioni idrauliche e molto altro ancora per dare massima sicurezza ai cittadini. Le previsioni hanno infatti valore strategico, ma la gestione di tutta la catena \u00e8 importante. <em>&#8220;E&#8217; stato un piacere presentare le nostre attivit\u00e0 &#8211; dice l&#8217;assessore Gianpaolo Bottacin &#8211; anche ad altre realt\u00e0 che seguono il territorio. Ogni contributo e collaborazione sono infatti preziosi per continuare ad elevare gli standard di sicurezza&#8221;.<\/em><\/p>\n\n\t\t\t<style type='text\/css'>\n\t\t\t\t#gallery-3 {\n\t\t\t\t\tmargin: auto;\n\t\t\t\t}\n\t\t\t\t#gallery-3 .gallery-item {\n\t\t\t\t\tfloat: left;\n\t\t\t\t\tmargin-top: 10px;\n\t\t\t\t\ttext-align: center;\n\t\t\t\t\twidth: 25%;\n\t\t\t\t}\n\t\t\t\t#gallery-3 img {\n\t\t\t\t\tborder: 2px solid #cfcfcf;\n\t\t\t\t}\n\t\t\t\t#gallery-3 .gallery-caption {\n\t\t\t\t\tmargin-left: 0;\n\t\t\t\t}\n\t\t\t\t\/* see gallery_shortcode() in wp-includes\/media.php *\/\n\t\t\t<\/style>\n\t\t<div id='gallery-3' class='dt-gallery-container gallery galleryid-300188 gallery-columns-4 gallery-size-thumbnail'><dl class='gallery-item'>\n\t\t\t\t<dt class='gallery-icon landscape'>\n\t\t\t\t\t<a class=\"rollover rollover-zoom dt-pswp-item\" title=\"ARPAV METEO TEMPO PREVISIONI\" data-dt-img-description=\"\" data-large_image_width=\"1600\" data-large_image_height=\"1200\"href='https:\/\/www.radiopiu.net\/wordpress\/wp-content\/uploads\/2022\/10\/9c79968d-3c96-4193-8706-3567ede13d05.jpg'><img loading=\"lazy\" decoding=\"async\" width=\"150\" height=\"150\" src=\"https:\/\/www.radiopiu.net\/wordpress\/wp-content\/uploads\/2022\/10\/9c79968d-3c96-4193-8706-3567ede13d05-150x150.jpg\" class=\"attachment-thumbnail size-thumbnail\" alt=\"\" \/><\/a>\n\t\t\t\t<\/dt><\/dl><dl class='gallery-item'>\n\t\t\t\t<dt class='gallery-icon landscape'>\n\t\t\t\t\t<a class=\"rollover rollover-zoom dt-pswp-item\" title=\"75bd637e-ba43-4b16-8a6a-2e85e599404b\" data-dt-img-description=\"\" data-large_image_width=\"1600\" data-large_image_height=\"1200\"href='https:\/\/www.radiopiu.net\/wordpress\/wp-content\/uploads\/2022\/10\/75bd637e-ba43-4b16-8a6a-2e85e599404b.jpg'><img loading=\"lazy\" decoding=\"async\" width=\"150\" height=\"150\" src=\"https:\/\/www.radiopiu.net\/wordpress\/wp-content\/uploads\/2022\/10\/75bd637e-ba43-4b16-8a6a-2e85e599404b-150x150.jpg\" class=\"attachment-thumbnail size-thumbnail\" alt=\"\" \/><\/a>\n\t\t\t\t<\/dt><\/dl><dl class='gallery-item'>\n\t\t\t\t<dt class='gallery-icon landscape'>\n\t\t\t\t\t<a class=\"rollover rollover-zoom dt-pswp-item\" title=\"f62dee2d-03bb-4898-b61e-9d152737c86b\" data-dt-img-description=\"\" data-large_image_width=\"1600\" data-large_image_height=\"1200\"href='https:\/\/www.radiopiu.net\/wordpress\/wp-content\/uploads\/2022\/10\/f62dee2d-03bb-4898-b61e-9d152737c86b.jpg'><img loading=\"lazy\" decoding=\"async\" width=\"150\" height=\"150\" src=\"https:\/\/www.radiopiu.net\/wordpress\/wp-content\/uploads\/2022\/10\/f62dee2d-03bb-4898-b61e-9d152737c86b-150x150.jpg\" class=\"attachment-thumbnail size-thumbnail\" alt=\"\" \/><\/a>\n\t\t\t\t<\/dt><\/dl><dl class='gallery-item'>\n\t\t\t\t<dt class='gallery-icon landscape'>\n\t\t\t\t\t<a class=\"rollover rollover-zoom dt-pswp-item\" title=\"d80f7473-5722-45e3-8a78-69c31b4dc87c\" data-dt-img-description=\"\" data-large_image_width=\"2000\" data-large_image_height=\"1500\"href='https:\/\/www.radiopiu.net\/wordpress\/wp-content\/uploads\/2022\/10\/d80f7473-5722-45e3-8a78-69c31b4dc87c.jpg'><img loading=\"lazy\" decoding=\"async\" width=\"150\" height=\"150\" src=\"https:\/\/www.radiopiu.net\/wordpress\/wp-content\/uploads\/2022\/10\/d80f7473-5722-45e3-8a78-69c31b4dc87c-150x150.jpg\" class=\"attachment-thumbnail size-thumbnail\" alt=\"\" \/><\/a>\n\t\t\t\t<\/dt><\/dl><br style=\"clear: both\" \/>\n\t\t\t<\/div>\n\n<p><strong>L&#8217;ASSESSORE GIANPAOLO BOTTACIN ALLA RADIO\u00a0<\/strong><\/p>\n<div style=\"width: 640px;\" class=\"wp-video\"><video class=\"wp-video-shortcode\" id=\"video-300188-2\" width=\"640\" height=\"352\" preload=\"metadata\" controls=\"controls\"><source type=\"video\/mp4\" src=\"https:\/\/www.radiopiu.net\/wordpress\/wp-content\/uploads\/2022\/10\/WhatsApp-Video-2022-10-05-at-13.40.20.mp4?_=2\" \/><a href=\"https:\/\/www.radiopiu.net\/wordpress\/wp-content\/uploads\/2022\/10\/WhatsApp-Video-2022-10-05-at-13.40.20.mp4\">https:\/\/www.radiopiu.net\/wordpress\/wp-content\/uploads\/2022\/10\/WhatsApp-Video-2022-10-05-at-13.40.20.mp4<\/a><\/video><\/div>\n<p>&nbsp;<\/p>\n<p>&nbsp;<\/p>\n<p>&nbsp;<\/p>\n<hr \/>\n<blockquote>\n<h3><\/h3>\n<h3>RASSICURAZIONI DA VALPE &#8220;CARTA, PLASTICA E UMIDO: TUTTO ASSIEME&#8221;<\/h3>\n<\/blockquote>\n<p><strong>REDAZIONE<\/strong> Valpe \u00e8 attenta alle segnalazioni e alla critiche rivolte al servizio che a volte sono comunque segnalazioni costruttive. L&#8217;ultima in ordine di tempo \u00e8 arrivata da Canale d&#8217;Agordo, Valpe risponde punto per punto all&#8217;ascoltatrice di RADIO PIU&#8217;<\/p>\n<p>&nbsp;<\/p>\n<p><strong>LA RISPOSTA\u00a0 ufficio stampa Valpe_<\/strong><\/p>\n<p><span style=\"font-family: Arial, serif;\"><span style=\"font-size: small;\"><img loading=\"lazy\" decoding=\"async\" class=\"alignleft\" src=\"https:\/\/www.radiopiu.net\/wordpress\/wp-content\/uploads\/2021\/10\/VALPE.png\" width=\"224\" height=\"112\" \/>Desideriamo ringraziare l\u2019utenza che ci ha segnalato il comportamento assolutamente inadeguato del nostro dipendente: il nostro obiettivo infatti \u00e8 quello di garantire un servizio ottimale in continuo miglioramento e queste segnalazioni ci aiutano ad intervenire tempestivamente in tal senso. <\/span><\/span><span style=\"font-size: small; font-family: Arial, serif;\">Ci preme assicurare che quanto accaduto presso questa utenza \u00e8 un episodio isolato, frutto di una iniziativa estemporanea e personale del dipendente che non si \u00e8 assolutamente attenuto alla formazione e alle indicazioni ricevute per la corretta esecuzione del servizio. <\/span><span style=\"font-family: Arial, serif;\"><span style=\"font-size: small;\">Data la gravit\u00e0 del suo comportamento, l\u2019azienda ha deciso di adottare nei suoi confronti seri provvedimenti: la realizzazione di una corretta raccolta differenziata \u00e8 infatti un obiettivo che ci vede impegnati e che condividiamo ogni giorno con i nostri cittadini. <\/span><\/span><span style=\"font-size: small; font-family: Arial, serif;\">Invitiamo quindi le utenze a segnalarci eventuali problemi, anche rispetto alle mancate raccolte, per poter verificare e intervenire tempestivamente in un\u2019ottica di costante ottimizzazione del servizio offerto. <\/span><span style=\"font-family: Arial, serif;\"><span style=\"font-size: small;\">Rispetto al conferimento degli ingombranti, abbiamo rilevato che molte utenze portano presso gli Ecocentri rifiuti che vanno invece gettati nel contenitore del secco non riciclabile in dotazione o nelle campane degli indumenti. A questo proposito, ricordiamo che abbigliamento, coperte, biancheria per la casa vanno gettati nelle campane non solo quando sono in buono stato, ma anche quando sono usurati e non pi\u00f9 utilizzabili, purch\u00e9 siano asciutti e non imbrattati di sostanze inquinanti. Anche gli indumenti pi\u00f9 logori, infatti, possono essere riciclati per realizzare nuovi prodotti tessili. <\/span><\/span><span style=\"font-size: small; font-family: Arial, serif;\">Per quanto riguarda invece gli sportelli, segnaliamo che il servizio reso da questi uffici \u00e8 stato oggetto di una importante riorganizzazione, approvata dalla Conferenza dei Sindaci dell\u2019Unione Montana Agordina, con l\u2019obiettivo di offrire ai cittadini nuovi servizi, pi\u00f9 capillari, funzionali e adeguati alle richieste del territorio. <\/span><span style=\"font-family: Arial, serif;\"><span style=\"font-size: small;\">Le utenze possono infatti ora richiedere vari servizi a domicilio, come la sostituzione gratuita dei contenitori rotti o la consegna\/ritiro di contenitori direttamente presso la propria utenza. <\/span><\/span><span style=\"font-family: Arial, serif;\"><span style=\"font-size: small;\">Per quanto riguarda in particolare i sacchetti, oltre a poterne richiedere la consegna a domicilio, ad Agordo \u00e8 gi\u00e0 da tempo disponibile un <\/span><\/span><span style=\"font-family: Arial, serif;\"><span style=\"font-size: small;\">distributore automatico attivo tutti i giorni h24; inoltre, nell\u2019ambito dei progetti presentati per il PNRR, \u00e8 stata proposta l\u2019estensione di questo servizio tramite l\u2019installazione di nuovi distributori di sacchetti nel nostro territorio. Ricordiamo comunque che, per conferire i rifiuti \u00e8 possibile utilizzare qualsiasi sacchetto in commercio, purch\u00e9 sia trasparente per il secco non riciclabile e compostabile per l\u2019umido. <\/span><\/span><span style=\"font-family: Arial, serif;\"><span style=\"font-size: small;\">Ricordiamo inoltre che molti servizi possono essere richiesti anche tramite lo Sportello Online, un portale recentemente attivato e messo a disposizione delle utenze: questo servizio permette di svolgere comodamente da casa le pratiche senza doversi recare allo sportello, ottimizzando cos\u00ec i tempi di esecuzione e semplificando le procedure amministrative. <\/span><\/span><span style=\"font-family: Arial, serif;\"><span style=\"font-size: small;\">Infine, il cittadino pu\u00f2 gestire le pratiche relative ai servizi ambientali anche tramite mail, contattando telefonicamente Valpe Ambiente o, ancora, richiedendo un appuntamento presso gli sportelli: la prenotazione, concordata con massima disponibilit\u00e0 e flessibilit\u00e0 di orario, consente al cittadino di evitare le code. <\/span><\/span><span style=\"font-family: Arial, serif;\"><span style=\"font-size: small;\">Quanto esposto evidenzia l\u2019impegno da parte della nostra azienda nell\u2019offrire ai cittadini servizi innovativi, efficienti e puntuali, rispondendo alle esigenze del territorio con servizi di qualit\u00e0. Ne riceviamo conferma ogni giorno dai numerosi cittadini che usufruiscono \u2013 soddisfatti \u2013 dei vari servizi attivati. Il tutto \u00e8 reso possibile anche dal dialogo costruttivo instaurato con le utenze e che intendiamo mantenere: per questo ribadiamo l\u2019invito ai cittadini a contattarci per eventuali necessit\u00e0 o segnalazioni.<\/span><\/span><\/p>\n<p>&nbsp;<\/p>\n<p>&nbsp;<\/p>\n<hr \/>\n<p>&nbsp;<\/p>\n<blockquote>\n<h3>LE NUOVE INSEGNE DI CERAMICA DOLOMITE ALLA EX IDEAL STANDARD<\/h3>\n<\/blockquote>\n<p><strong>BORGO VALBELLUNA\u00a0<\/strong>Alla ex Ideal Standard le nuove insegne di Ceramica Dolomite.<\/p>\n<p><strong>di Moreno Gioli<\/strong><\/p>\n<audio class=\"wp-audio-shortcode\" id=\"audio-300188-4\" preload=\"none\" style=\"width: 100%;\" controls=\"controls\"><source type=\"audio\/mpeg\" src=\"https:\/\/www.radiopiu.net\/wordpress\/wp-content\/uploads\/2022\/10\/GIOLI-CERAMICA-DOLOMITE.mp3?_=4\" \/><a href=\"https:\/\/www.radiopiu.net\/wordpress\/wp-content\/uploads\/2022\/10\/GIOLI-CERAMICA-DOLOMITE.mp3\">https:\/\/www.radiopiu.net\/wordpress\/wp-content\/uploads\/2022\/10\/GIOLI-CERAMICA-DOLOMITE.mp3<\/a><\/audio>\n<p>&nbsp;<\/p>\n\n\t\t\t<style type='text\/css'>\n\t\t\t\t#gallery-4 {\n\t\t\t\t\tmargin: auto;\n\t\t\t\t}\n\t\t\t\t#gallery-4 .gallery-item {\n\t\t\t\t\tfloat: left;\n\t\t\t\t\tmargin-top: 10px;\n\t\t\t\t\ttext-align: center;\n\t\t\t\t\twidth: 33%;\n\t\t\t\t}\n\t\t\t\t#gallery-4 img {\n\t\t\t\t\tborder: 2px solid #cfcfcf;\n\t\t\t\t}\n\t\t\t\t#gallery-4 .gallery-caption {\n\t\t\t\t\tmargin-left: 0;\n\t\t\t\t}\n\t\t\t\t\/* see gallery_shortcode() in wp-includes\/media.php *\/\n\t\t\t<\/style>\n\t\t<div id='gallery-4' class='dt-gallery-container gallery galleryid-300188 gallery-columns-3 gallery-size-thumbnail'><dl class='gallery-item'>\n\t\t\t\t<dt class='gallery-icon landscape'>\n\t\t\t\t\t<a class=\"rollover rollover-zoom dt-pswp-item\" title=\"e29895bf-659b-42ea-b073-f0c3f7164697\" data-dt-img-description=\"\" data-large_image_width=\"1600\" data-large_image_height=\"1066\"href='https:\/\/www.radiopiu.net\/wordpress\/wp-content\/uploads\/2022\/10\/e29895bf-659b-42ea-b073-f0c3f7164697.jpg'><img loading=\"lazy\" decoding=\"async\" width=\"150\" height=\"150\" src=\"https:\/\/www.radiopiu.net\/wordpress\/wp-content\/uploads\/2022\/10\/e29895bf-659b-42ea-b073-f0c3f7164697-150x150.jpg\" class=\"attachment-thumbnail size-thumbnail\" alt=\"\" \/><\/a>\n\t\t\t\t<\/dt><\/dl><dl class='gallery-item'>\n\t\t\t\t<dt class='gallery-icon landscape'>\n\t\t\t\t\t<a class=\"rollover rollover-zoom dt-pswp-item\" title=\"562da8e2-b958-4d5a-b12d-b6fb43281c02\" data-dt-img-description=\"\" data-large_image_width=\"1600\" data-large_image_height=\"1066\"href='https:\/\/www.radiopiu.net\/wordpress\/wp-content\/uploads\/2022\/10\/562da8e2-b958-4d5a-b12d-b6fb43281c02.jpg'><img loading=\"lazy\" decoding=\"async\" width=\"150\" height=\"150\" src=\"https:\/\/www.radiopiu.net\/wordpress\/wp-content\/uploads\/2022\/10\/562da8e2-b958-4d5a-b12d-b6fb43281c02-150x150.jpg\" class=\"attachment-thumbnail size-thumbnail\" alt=\"\" \/><\/a>\n\t\t\t\t<\/dt><\/dl><dl class='gallery-item'>\n\t\t\t\t<dt class='gallery-icon landscape'>\n\t\t\t\t\t<a class=\"rollover rollover-zoom dt-pswp-item\" title=\"2faeb397-512c-4d63-87c8-6888fe236dcd\" data-dt-img-description=\"\" data-large_image_width=\"1600\" data-large_image_height=\"1066\"href='https:\/\/www.radiopiu.net\/wordpress\/wp-content\/uploads\/2022\/10\/2faeb397-512c-4d63-87c8-6888fe236dcd.jpg'><img loading=\"lazy\" decoding=\"async\" width=\"150\" height=\"150\" src=\"https:\/\/www.radiopiu.net\/wordpress\/wp-content\/uploads\/2022\/10\/2faeb397-512c-4d63-87c8-6888fe236dcd-150x150.jpg\" class=\"attachment-thumbnail size-thumbnail\" alt=\"\" \/><\/a>\n\t\t\t\t<\/dt><\/dl><br style=\"clear: both\" \/>\n\t\t\t<\/div>\n\n<p>&nbsp;<\/p>\n<hr \/>\n<p>&nbsp;<\/p>\n<blockquote>\n<h3>STRATEGIA AREE INTERNE, UNCEM: MOLTO IMPORTANTI 43 NUOVE AREE E 40 MILIONI DI EURO PER LA PREVENZIONE DEGLI INCENDI<\/h3>\n<\/blockquote>\n<p><strong><a class=\"dt-pswp-item\" href=\"https:\/\/www.radiopiu.net\/wordpress\/wp-content\/uploads\/2020\/11\/logoUNCEM_no_scritta-wdtr.jpg\" data-dt-img-description=\"\" data-large_image_width=\"640\" data-large_image_height=\"640\"><img loading=\"lazy\" decoding=\"async\" class=\"wp-image-170846 alignleft\" src=\"https:\/\/www.radiopiu.net\/wordpress\/wp-content\/uploads\/2020\/11\/logoUNCEM_no_scritta-wdtr-300x300.jpg\" alt=\"\" width=\"173\" height=\"173\" srcset=\"https:\/\/www.radiopiu.net\/wordpress\/wp-content\/uploads\/2020\/11\/logoUNCEM_no_scritta-wdtr-300x300.jpg 300w, https:\/\/www.radiopiu.net\/wordpress\/wp-content\/uploads\/2020\/11\/logoUNCEM_no_scritta-wdtr-150x150.jpg 150w, https:\/\/www.radiopiu.net\/wordpress\/wp-content\/uploads\/2020\/11\/logoUNCEM_no_scritta-wdtr.jpg 640w\" sizes=\"auto, (max-width: 173px) 100vw, 173px\" \/><\/a>Intervento del Presidente dell&#8217;Uncem, Marco Bussone<\/strong><\/p>\n<p><em>&#8220;Sono 43 le nuove aree interne che entrano a far parte della Strategia che finora ha finanziato 73 territori, con fondi nazionali ed europei attraverso le Regioni. Le 43 nuove aree italiane, sistemi territoriali di Comuni che lavorano insieme, stanno gi\u00e0 approntando progettualit\u00e0 e iniziative su riorganizzazione dei servizi e sviluppo locale, come previsto dalla SNAI. In un anno e mezzo il lavoro fatto dal Ministero della Coesione con l&#8217;Agenzia della Coesione \u00e8 stato veramente significativo. Abbiamo collaborato e continueremo a farlo. Ringrazio la Ministra Mara Carfagna, insieme con il Consigliere Domenico Gambacorta e il Direttore dell&#8217;Agenzia Paolo Esposito. 73 pi\u00f9 43 nuove aree, 120 milioni di euro per la prevenzione degli incendi, 210 milioni per il sostegno alle attivit\u00e0 economiche e imprenditoriali dei territori, ma anche &#8216;farmacie dei servizi&#8217; e &#8216;case della comunit\u00e0&#8217; finanziate attraverso il PNRR. Ora dobbiamo accompagnare i territori nella spesa e negli investimenti. Uncem far\u00e0 la sua parte&#8221;.<\/em><\/p>\n<p>&nbsp;<\/p>\n<p>&nbsp;<\/p>\n<hr \/>\n<p>&nbsp;<\/p>\n<blockquote>\n<h2>LA FIERA DEL BESTIAM, SABATO DI FESTA E TRADIZIONI AD AGORDO<\/h2>\n<\/blockquote>\n<p><strong><a class=\"dt-pswp-item\" href=\"https:\/\/www.radiopiu.net\/wordpress\/wp-content\/uploads\/2022\/09\/Schermata-2022-09-28-alle-09.34.45.png\" data-dt-img-description=\"\" data-large_image_width=\"1308\" data-large_image_height=\"908\"><img loading=\"lazy\" decoding=\"async\" class=\"wp-image-299174 alignleft\" src=\"https:\/\/www.radiopiu.net\/wordpress\/wp-content\/uploads\/2022\/09\/Schermata-2022-09-28-alle-09.34.45-300x208.png\" alt=\"\" width=\"162\" height=\"112\" srcset=\"https:\/\/www.radiopiu.net\/wordpress\/wp-content\/uploads\/2022\/09\/Schermata-2022-09-28-alle-09.34.45-300x208.png 300w, https:\/\/www.radiopiu.net\/wordpress\/wp-content\/uploads\/2022\/09\/Schermata-2022-09-28-alle-09.34.45-1024x711.png 1024w, https:\/\/www.radiopiu.net\/wordpress\/wp-content\/uploads\/2022\/09\/Schermata-2022-09-28-alle-09.34.45-768x533.png 768w, https:\/\/www.radiopiu.net\/wordpress\/wp-content\/uploads\/2022\/09\/Schermata-2022-09-28-alle-09.34.45.png 1308w\" sizes=\"auto, (max-width: 162px) 100vw, 162px\" \/><\/a>AGORDO<\/strong> Torna sabato 8 ottobre la Fiera Del Bestiam sul Broi di Agordo. La manifestazione gemellata con Se Desmonteghea torna con il mercato dei prodotti agricoli ed artigianali, l&#8217;esposizione zootecnica con le aziende agricole, l&#8217;esposizione di macchine e attrezzatura agricole e la &#8220;Scota&#8221; del Belot. Ci sar\u00e0 la possibilit\u00e0 di pranzare con i piatti tipici e la cucina degli Alpini. Abbinata a la Fiera Del Bestiam anche Formai e Vin in Villa con 5 stand di formaggi in abbinamento a vini di cantine venete, friulane, trentine, lombarde piemontesi e prodotti da forno del territorio. Nell&#8217;occasione sar\u00e0 possibile visitare Ville Crotta &#8211; De Manzoni e la chiesa Arcidiaconale di Agordo.<\/p>\n<p><strong>L&#8217;INTERVISTA\u00a0 ALLA\u00a0 RADIO con Damiano Soppelsa e Daniele Galligani<\/strong><\/p>\n<audio class=\"wp-audio-shortcode\" id=\"audio-300188-5\" preload=\"none\" style=\"width: 100%;\" controls=\"controls\"><source type=\"audio\/mpeg\" src=\"https:\/\/www.radiopiu.net\/wordpress\/wp-content\/uploads\/2022\/10\/fiera-bestiam.mp3?_=5\" \/><a href=\"https:\/\/www.radiopiu.net\/wordpress\/wp-content\/uploads\/2022\/10\/fiera-bestiam.mp3\">https:\/\/www.radiopiu.net\/wordpress\/wp-content\/uploads\/2022\/10\/fiera-bestiam.mp3<\/a><\/audio>\n<p>&nbsp;<\/p>\n<p><strong><a class=\"dt-pswp-item\" href=\"https:\/\/www.radiopiu.net\/wordpress\/wp-content\/uploads\/2022\/05\/ROBERTO-CHISSALE.png\" data-dt-img-description=\"ROBERTO CHISSALE' SINDACO\" data-large_image_width=\"1226\" data-large_image_height=\"906\"><img loading=\"lazy\" decoding=\"async\" class=\"wp-image-275111 alignleft\" src=\"https:\/\/www.radiopiu.net\/wordpress\/wp-content\/uploads\/2022\/05\/ROBERTO-CHISSALE-300x222.png\" alt=\"\" width=\"112\" height=\"83\" srcset=\"https:\/\/www.radiopiu.net\/wordpress\/wp-content\/uploads\/2022\/05\/ROBERTO-CHISSALE-300x222.png 300w, https:\/\/www.radiopiu.net\/wordpress\/wp-content\/uploads\/2022\/05\/ROBERTO-CHISSALE-1024x757.png 1024w, https:\/\/www.radiopiu.net\/wordpress\/wp-content\/uploads\/2022\/05\/ROBERTO-CHISSALE-768x568.png 768w, https:\/\/www.radiopiu.net\/wordpress\/wp-content\/uploads\/2022\/05\/ROBERTO-CHISSALE.png 1226w\" sizes=\"auto, (max-width: 112px) 100vw, 112px\" \/><\/a>AI MICROFONI DI RADIO PIU IL SINDACO DI AGORDO, ROBERTO CHISSALE&#8217;<\/strong><\/p>\n<audio class=\"wp-audio-shortcode\" id=\"audio-300188-6\" preload=\"none\" style=\"width: 100%;\" controls=\"controls\"><source type=\"audio\/mpeg\" src=\"https:\/\/www.radiopiu.net\/wordpress\/wp-content\/uploads\/2022\/09\/ROBERTO-CHISSALE-FIERA-BESTIAM.mp3?_=6\" \/><a href=\"https:\/\/www.radiopiu.net\/wordpress\/wp-content\/uploads\/2022\/09\/ROBERTO-CHISSALE-FIERA-BESTIAM.mp3\">https:\/\/www.radiopiu.net\/wordpress\/wp-content\/uploads\/2022\/09\/ROBERTO-CHISSALE-FIERA-BESTIAM.mp3<\/a><\/audio>\n<p>&nbsp;<\/p>\n<p>&nbsp;<\/p>\n<hr \/>\n<p>&nbsp;<\/p>\n<p>&nbsp;<\/p>\n<blockquote>\n<h2>DA DOMANI SERE D&#8217;AUTUNNO, CONDUCE GIANPAOLO SORATROI<\/h2>\n<\/blockquote>\n<p><strong><img loading=\"lazy\" decoding=\"async\" class=\"alignleft\" src=\"https:\/\/www.radiopiu.net\/wordpress\/wp-content\/uploads\/2019\/10\/Senza-nome.jpg\" width=\"285\" height=\"194\" \/>AGORDO<\/strong> D<span style=\"color: #000000;\">opo uno stop forzato, ritorna quest&#8217;anno la prestigiosa rassegna culturale &#8221; Sere d&#8217;Autunno&#8221;.\u00a0 Nata in sordina nel 2007 per dare qualcosa ai soci nel &#8220;periodo morto&#8221; dell&#8217;attivit\u00e0 sezionale, in breve tempo \u00e8 diventata un&#8217;appuntamento atteso da tutta la vallata e non solo, tanto che ha dovuto cercare ospitalit\u00e0 in una sala pi\u00f9 capiente per soddisfare il numeroso pubblico. La Sala Don Tamis ad Agordo, \u00e8 diventata la location ufficiale e le Sere d&#8217;autunno sono diventate quel nodo al fazzoletto per tutti gli appassionati di montagna in tutte le sue forme. L&#8217;appuntamento \u00e8 quindi tutti i venerd\u00ec di ottobre nella &#8220;Sala Don F. Tamis&#8221; di Agordo con inizio alle ore 20.45. L&#8217;ingresso \u00e8 libero. Presenta Gianpaolo Soratroi. <strong>Venerdi: DAVIDE CHIESA, fino alla fine dell&#8217;Everest &#8211; salita al tetto del mondo in presa diretta<\/strong><\/span><\/p>\n<p><strong>LO SPECIALE ALLA RADIO CON\u00a0 DARIO DELL&#8217;OSBEL E ANTONELLO CIBIEN, SEZIONE DEL CLUB ALPINO ITALIANO DI AGORDO<\/strong><\/p>\n<audio class=\"wp-audio-shortcode\" id=\"audio-300188-7\" preload=\"none\" style=\"width: 100%;\" controls=\"controls\"><source type=\"audio\/mpeg\" src=\"https:\/\/www.radiopiu.net\/wordpress\/wp-content\/uploads\/2022\/10\/sere-d-autunno.mp3?_=7\" \/><a href=\"https:\/\/www.radiopiu.net\/wordpress\/wp-content\/uploads\/2022\/10\/sere-d-autunno.mp3\">https:\/\/www.radiopiu.net\/wordpress\/wp-content\/uploads\/2022\/10\/sere-d-autunno.mp3<\/a><\/audio>\n<p>&nbsp;<\/p>\n<p><strong>DAL CORRIERE DELLE ALPI, di Gianni Santomaso<\/strong><\/p>\n<audio class=\"wp-audio-shortcode\" id=\"audio-300188-8\" preload=\"none\" style=\"width: 100%;\" controls=\"controls\"><source type=\"audio\/mpeg\" src=\"https:\/\/www.radiopiu.net\/wordpress\/wp-content\/uploads\/2022\/10\/GIANNI-SERE-DAUTUNNO.mp3?_=8\" \/><a href=\"https:\/\/www.radiopiu.net\/wordpress\/wp-content\/uploads\/2022\/10\/GIANNI-SERE-DAUTUNNO.mp3\">https:\/\/www.radiopiu.net\/wordpress\/wp-content\/uploads\/2022\/10\/GIANNI-SERE-DAUTUNNO.mp3<\/a><\/audio>\n<p>&nbsp;<\/p>\n<hr \/>\n<p>&nbsp;<\/p>\n<blockquote>\n<h3>ACQUA CHE SCORRE, CON IL GRUPPO SPELELOGICO DEL CAI DI FELTRE<\/h3>\n<\/blockquote>\n<p><strong>FELTRE<\/strong>\u00a0 Interessante \u00a0rassegna,\u00a0 promossa dal Gruppo Tutela Ambiente Montano del CAI di Feltre. Si inizia con una serata divulgativa organizzata dal Gruppo Speleologico CAI di Feltre\u00a0 incentrata sui sistemi dove si accumula e conserva\u00a0 l&#8217;ambiente dolomitico. Relatore\u00a0 il geologo Lucio D&#8217;Alberto, componente storico del Gruppo Speleo ed esperto della materia. Quindil\u00a0 l&#8217;escursione lungo il torrente Caorame che si terr\u00e0 domenica 9 Ottobre, proposta da Lucio Dorz componente della T.A.M.<\/p>\n<p>Domani alle 20.30 a Palazzo Bianco (sala confindustria) l&#8217;incontro &#8220;Acquiferi delle Dolomiti, scrigni dell&#8217;acqua che berremo&#8221;, ingresso libero. Domenica\u00a0 dalle 8.30 a Villabruna escursione tra centrali dismesse ed antichi manufatti con uno sguardo all&#8217;ambiente. Escursione guidata per i tesserati Cai e per non tesserati (assicurazione 12 euro). Info 328 0260442<\/p>\n\n\t\t\t<style type='text\/css'>\n\t\t\t\t#gallery-5 {\n\t\t\t\t\tmargin: auto;\n\t\t\t\t}\n\t\t\t\t#gallery-5 .gallery-item {\n\t\t\t\t\tfloat: left;\n\t\t\t\t\tmargin-top: 10px;\n\t\t\t\t\ttext-align: center;\n\t\t\t\t\twidth: 50%;\n\t\t\t\t}\n\t\t\t\t#gallery-5 img {\n\t\t\t\t\tborder: 2px solid #cfcfcf;\n\t\t\t\t}\n\t\t\t\t#gallery-5 .gallery-caption {\n\t\t\t\t\tmargin-left: 0;\n\t\t\t\t}\n\t\t\t\t\/* see gallery_shortcode() in wp-includes\/media.php *\/\n\t\t\t<\/style>\n\t\t<div id='gallery-5' class='dt-gallery-container gallery galleryid-300188 gallery-columns-2 gallery-size-thumbnail'><dl class='gallery-item'>\n\t\t\t\t<dt class='gallery-icon landscape'>\n\t\t\t\t\t<a class=\"rollover rollover-zoom dt-pswp-item\" title=\"Senza nome\" data-dt-img-description=\"\" data-large_image_width=\"297\" data-large_image_height=\"205\"href='https:\/\/www.radiopiu.net\/wordpress\/wp-content\/uploads\/2022\/10\/Senza-nome-14.jpg'><img loading=\"lazy\" decoding=\"async\" width=\"150\" height=\"150\" src=\"https:\/\/www.radiopiu.net\/wordpress\/wp-content\/uploads\/2022\/10\/Senza-nome-14-150x150.jpg\" class=\"attachment-thumbnail size-thumbnail\" alt=\"\" \/><\/a>\n\t\t\t\t<\/dt><\/dl><dl class='gallery-item'>\n\t\t\t\t<dt class='gallery-icon landscape'>\n\t\t\t\t\t<a class=\"rollover rollover-zoom dt-pswp-item\" title=\"Senza nome1\" data-dt-img-description=\"\" data-large_image_width=\"305\" data-large_image_height=\"214\"href='https:\/\/www.radiopiu.net\/wordpress\/wp-content\/uploads\/2022\/10\/Senza-nome1.jpg'><img loading=\"lazy\" decoding=\"async\" width=\"150\" height=\"150\" src=\"https:\/\/www.radiopiu.net\/wordpress\/wp-content\/uploads\/2022\/10\/Senza-nome1-150x150.jpg\" class=\"attachment-thumbnail size-thumbnail\" alt=\"\" \/><\/a>\n\t\t\t\t<\/dt><\/dl><br style=\"clear: both\" \/>\n\t\t\t<\/div>\n\n<p>&nbsp;<\/p>\n<hr \/>\n<p>&nbsp;<\/p>\n<blockquote>\n<h3><a class=\"dt-pswp-item\" href=\"https:\/\/www.radiopiu.net\/wordpress\/wp-content\/uploads\/2022\/10\/image1-scaled.jpeg\" data-dt-img-description=\"\" data-large_image_width=\"2560\" data-large_image_height=\"1707\"><img loading=\"lazy\" decoding=\"async\" class=\"wp-image-300336 alignleft\" src=\"https:\/\/www.radiopiu.net\/wordpress\/wp-content\/uploads\/2022\/10\/image1-300x200.jpeg\" alt=\"\" width=\"183\" height=\"122\" srcset=\"https:\/\/www.radiopiu.net\/wordpress\/wp-content\/uploads\/2022\/10\/image1-300x200.jpeg 300w, https:\/\/www.radiopiu.net\/wordpress\/wp-content\/uploads\/2022\/10\/image1-1024x683.jpeg 1024w, https:\/\/www.radiopiu.net\/wordpress\/wp-content\/uploads\/2022\/10\/image1-768x512.jpeg 768w, https:\/\/www.radiopiu.net\/wordpress\/wp-content\/uploads\/2022\/10\/image1-1536x1024.jpeg 1536w, https:\/\/www.radiopiu.net\/wordpress\/wp-content\/uploads\/2022\/10\/image1-2048x1365.jpeg 2048w\" sizes=\"auto, (max-width: 183px) 100vw, 183px\" \/><\/a>PRESENTATO A MEL L&#8217;EVENTO DEDICATO A ISIDORO BUSANA<\/h3>\n<\/blockquote>\n<p><strong>BORGO VALBELLUNA<\/strong> \u201cIsidoro Busana. Sessant\u2019anni in volata\u201d \u00e8 un evento organizzato dall\u2019Associazione Feudo di Mel che, in occasione dei sessanta anni trascorsi dalla prima vittoria ciclistica di Isidoro, vuole rendere omaggio al ciclista, all\u2019uomo e all\u2019artista. Il progetto si sviluppa su due livelli: quello letterario e quello espositivo. Il primo \u00e8 costituito dalla biografia, di 250 pagine, scritta da Paola Brunello e corredata dalle fotografie di Dario Tonet. Il secondo propone un\u2019importante esposizione al Palazzo delle Contesse anche con un video inedito di 8 minuti del 1964, realizzato dal compianto giornalista Ivano Pocchiesa. Orari mostra fino al 30 ottobre: sabato e domenica 9-12 15-18.<\/p>\n<p>&nbsp;<\/p>\n<p>&nbsp;<\/p>\n<hr \/>\n<p>&nbsp;<\/p>\n<p><a class=\"dt-pswp-item\" href=\"https:\/\/www.radiopiu.net\/wordpress\/wp-content\/uploads\/2022\/10\/c37f4fa6-79de-49f8-a24c-7001fe9db6a3.jpg\" data-dt-img-description=\"\" data-large_image_width=\"800\" data-large_image_height=\"800\"><img loading=\"lazy\" decoding=\"async\" class=\"size-medium wp-image-300285 aligncenter\" src=\"https:\/\/www.radiopiu.net\/wordpress\/wp-content\/uploads\/2022\/10\/c37f4fa6-79de-49f8-a24c-7001fe9db6a3-300x300.jpg\" alt=\"\" width=\"300\" height=\"300\" srcset=\"https:\/\/www.radiopiu.net\/wordpress\/wp-content\/uploads\/2022\/10\/c37f4fa6-79de-49f8-a24c-7001fe9db6a3-300x300.jpg 300w, https:\/\/www.radiopiu.net\/wordpress\/wp-content\/uploads\/2022\/10\/c37f4fa6-79de-49f8-a24c-7001fe9db6a3-150x150.jpg 150w, https:\/\/www.radiopiu.net\/wordpress\/wp-content\/uploads\/2022\/10\/c37f4fa6-79de-49f8-a24c-7001fe9db6a3-768x768.jpg 768w, https:\/\/www.radiopiu.net\/wordpress\/wp-content\/uploads\/2022\/10\/c37f4fa6-79de-49f8-a24c-7001fe9db6a3.jpg 800w\" sizes=\"auto, (max-width: 300px) 100vw, 300px\" \/><\/a><\/p>\n<p>&nbsp;<\/p>\n<blockquote class=\"wp-embedded-content\" data-secret=\"8RcXxFoIqg\"><p><a href=\"https:\/\/www.radiopiu.net\/wordpress\/aziendazeroottobre05\/\">SONO 6509 I NUOVI POSITIVI IN VENETO DELLE ULTIME 24 ORE. DIECI DECESSI E RICOVERI IN AUMENTO<\/a><\/p><\/blockquote>\n<p><iframe loading=\"lazy\" class=\"wp-embedded-content\" sandbox=\"allow-scripts\" security=\"restricted\" style=\"position: absolute; clip: rect(1px, 1px, 1px, 1px);\" title=\"&#8220;SONO 6509 I NUOVI POSITIVI IN VENETO DELLE ULTIME 24 ORE. DIECI DECESSI E RICOVERI IN AUMENTO&#8221; &#8212; Radio Pi\u00f9\" src=\"https:\/\/www.radiopiu.net\/wordpress\/aziendazeroottobre05\/embed\/#?secret=suuGT0sjTS#?secret=8RcXxFoIqg\" data-secret=\"8RcXxFoIqg\" width=\"600\" height=\"338\" frameborder=\"0\" marginwidth=\"0\" marginheight=\"0\" scrolling=\"no\"><\/iframe><\/p>\n<p>&nbsp;<\/p>\n<h2>I GRAFICI DI TIZIANO DE COL<\/h2>\n\n\t\t\t<style type='text\/css'>\n\t\t\t\t#gallery-6 {\n\t\t\t\t\tmargin: auto;\n\t\t\t\t}\n\t\t\t\t#gallery-6 .gallery-item {\n\t\t\t\t\tfloat: left;\n\t\t\t\t\tmargin-top: 10px;\n\t\t\t\t\ttext-align: center;\n\t\t\t\t\twidth: 33%;\n\t\t\t\t}\n\t\t\t\t#gallery-6 img {\n\t\t\t\t\tborder: 2px solid #cfcfcf;\n\t\t\t\t}\n\t\t\t\t#gallery-6 .gallery-caption {\n\t\t\t\t\tmargin-left: 0;\n\t\t\t\t}\n\t\t\t\t\/* see gallery_shortcode() in wp-includes\/media.php *\/\n\t\t\t<\/style>\n\t\t<div id='gallery-6' class='dt-gallery-container gallery galleryid-300188 gallery-columns-3 gallery-size-thumbnail'><dl class='gallery-item'>\n\t\t\t\t<dt class='gallery-icon landscape'>\n\t\t\t\t\t<a class=\"rollover rollover-zoom dt-pswp-item\" title=\"7c7a3826-fb50-4d97-9cc5-3603a3447cc4\" data-dt-img-description=\"\" data-large_image_width=\"590\" data-large_image_height=\"361\"href='https:\/\/www.radiopiu.net\/wordpress\/wp-content\/uploads\/2022\/10\/7c7a3826-fb50-4d97-9cc5-3603a3447cc4.jpg'><img loading=\"lazy\" decoding=\"async\" width=\"150\" height=\"150\" src=\"https:\/\/www.radiopiu.net\/wordpress\/wp-content\/uploads\/2022\/10\/7c7a3826-fb50-4d97-9cc5-3603a3447cc4-150x150.jpg\" class=\"attachment-thumbnail size-thumbnail\" alt=\"\" \/><\/a>\n\t\t\t\t<\/dt><\/dl><dl class='gallery-item'>\n\t\t\t\t<dt class='gallery-icon landscape'>\n\t\t\t\t\t<a class=\"rollover rollover-zoom dt-pswp-item\" title=\"492f3254-a86a-4c32-ac9d-4bbe7ddc7b05\" data-dt-img-description=\"\" data-large_image_width=\"586\" data-large_image_height=\"365\"href='https:\/\/www.radiopiu.net\/wordpress\/wp-content\/uploads\/2022\/10\/492f3254-a86a-4c32-ac9d-4bbe7ddc7b05.jpg'><img loading=\"lazy\" decoding=\"async\" width=\"150\" height=\"150\" src=\"https:\/\/www.radiopiu.net\/wordpress\/wp-content\/uploads\/2022\/10\/492f3254-a86a-4c32-ac9d-4bbe7ddc7b05-150x150.jpg\" class=\"attachment-thumbnail size-thumbnail\" alt=\"\" \/><\/a>\n\t\t\t\t<\/dt><\/dl><dl class='gallery-item'>\n\t\t\t\t<dt class='gallery-icon landscape'>\n\t\t\t\t\t<a class=\"rollover rollover-zoom dt-pswp-item\" title=\"732b3d53-efd3-4fb2-b9e3-843148af0c5a\" data-dt-img-description=\"\" data-large_image_width=\"606\" data-large_image_height=\"357\"href='https:\/\/www.radiopiu.net\/wordpress\/wp-content\/uploads\/2022\/10\/732b3d53-efd3-4fb2-b9e3-843148af0c5a.jpg'><img loading=\"lazy\" decoding=\"async\" width=\"150\" height=\"150\" src=\"https:\/\/www.radiopiu.net\/wordpress\/wp-content\/uploads\/2022\/10\/732b3d53-efd3-4fb2-b9e3-843148af0c5a-150x150.jpg\" class=\"attachment-thumbnail size-thumbnail\" alt=\"\" \/><\/a>\n\t\t\t\t<\/dt><\/dl><br style=\"clear: both\" \/><dl class='gallery-item'>\n\t\t\t\t<dt class='gallery-icon landscape'>\n\t\t\t\t\t<a class=\"rollover rollover-zoom dt-pswp-item\" title=\"2bc4b7c2-da90-40af-908e-3885fd6beab5\" data-dt-img-description=\"\" data-large_image_width=\"614\" data-large_image_height=\"361\"href='https:\/\/www.radiopiu.net\/wordpress\/wp-content\/uploads\/2022\/10\/2bc4b7c2-da90-40af-908e-3885fd6beab5.jpg'><img loading=\"lazy\" decoding=\"async\" width=\"150\" height=\"150\" src=\"https:\/\/www.radiopiu.net\/wordpress\/wp-content\/uploads\/2022\/10\/2bc4b7c2-da90-40af-908e-3885fd6beab5-150x150.jpg\" class=\"attachment-thumbnail size-thumbnail\" alt=\"\" \/><\/a>\n\t\t\t\t<\/dt><\/dl><dl class='gallery-item'>\n\t\t\t\t<dt class='gallery-icon landscape'>\n\t\t\t\t\t<a class=\"rollover rollover-zoom dt-pswp-item\" title=\"5331c305-3cf1-4bc2-8bcf-f04440ab5797\" data-dt-img-description=\"\" data-large_image_width=\"620\" data-large_image_height=\"358\"href='https:\/\/www.radiopiu.net\/wordpress\/wp-content\/uploads\/2022\/10\/5331c305-3cf1-4bc2-8bcf-f04440ab5797.jpg'><img loading=\"lazy\" decoding=\"async\" width=\"150\" height=\"150\" src=\"https:\/\/www.radiopiu.net\/wordpress\/wp-content\/uploads\/2022\/10\/5331c305-3cf1-4bc2-8bcf-f04440ab5797-150x150.jpg\" class=\"attachment-thumbnail size-thumbnail\" alt=\"\" \/><\/a>\n\t\t\t\t<\/dt><\/dl><dl class='gallery-item'>\n\t\t\t\t<dt class='gallery-icon landscape'>\n\t\t\t\t\t<a class=\"rollover rollover-zoom dt-pswp-item\" title=\"6d8f42f5-2d45-4a90-8e4b-2761715fd0c8\" data-dt-img-description=\"\" data-large_image_width=\"612\" data-large_image_height=\"358\"href='https:\/\/www.radiopiu.net\/wordpress\/wp-content\/uploads\/2022\/10\/6d8f42f5-2d45-4a90-8e4b-2761715fd0c8.jpg'><img loading=\"lazy\" decoding=\"async\" width=\"150\" height=\"150\" src=\"https:\/\/www.radiopiu.net\/wordpress\/wp-content\/uploads\/2022\/10\/6d8f42f5-2d45-4a90-8e4b-2761715fd0c8-150x150.jpg\" class=\"attachment-thumbnail size-thumbnail\" alt=\"\" \/><\/a>\n\t\t\t\t<\/dt><\/dl><br style=\"clear: both\" \/>\n\t\t\t<\/div>\n\n<p>&nbsp;<\/p>\n<hr \/>\n<p>&nbsp;<\/p>\n<blockquote>\n<h3>RICOVERI COVID IN AUMENTO: APPELLO ALLA RESPONSABILITA&#8217;<\/h3>\n<\/blockquote>\n<p><strong><a class=\"dt-pswp-item\" href=\"https:\/\/www.radiopiu.net\/wordpress\/wp-content\/uploads\/2020\/03\/covid-ulss.jpg\" data-dt-img-description=\"\" data-large_image_width=\"800\" data-large_image_height=\"600\"><img loading=\"lazy\" decoding=\"async\" class=\" wp-image-121260 alignleft\" src=\"https:\/\/www.radiopiu.net\/wordpress\/wp-content\/uploads\/2020\/03\/covid-ulss-300x225.jpg\" alt=\"\" width=\"147\" height=\"110\" srcset=\"https:\/\/www.radiopiu.net\/wordpress\/wp-content\/uploads\/2020\/03\/covid-ulss-300x225.jpg 300w, https:\/\/www.radiopiu.net\/wordpress\/wp-content\/uploads\/2020\/03\/covid-ulss-768x576.jpg 768w, https:\/\/www.radiopiu.net\/wordpress\/wp-content\/uploads\/2020\/03\/covid-ulss.jpg 800w\" sizes=\"auto, (max-width: 147px) 100vw, 147px\" \/><\/a>BELLUNO <\/strong>In questi giorni, in Ulss Dolomiti, si sta registrando un forte aumento dei ricoveri di pazienti covid positivi. Ad oggi infatti risultano ricoverati: 36 pazienti in area non critica di cui 18 non covid, uno in terapia intensiva e 7 negli ospedali di comunit\u00e0. L\u2019incremento dei numero di pazienti covid positivi ha richiesto l\u2019attivazione di ulteriori posti letto di degenze covid. Attualmente le aree dedicate ai pazienti covid, oltre a Malattie Infettive, sono distribuite in aree omogenee di degenza nei presidi di Belluno e Feltre. Visti i numeri in forte crescita, sia in termini di incidenza settimanale (oggi a \u00a0623 casi ogni 100 mila abitanti rispetto a una media nazionale di 412) sia in termini di ricoveri (+7 in due giorni), si richiama l\u2019attenzione sui comportamenti preventivi. \u00ab<em>Come osservato negli scorsi due anni, nel nostro territorio la crescita dei contagi parte prima che altrove\u00bb, commenta il Direttore Generale Maria Grazia Carraro, \u00ab\u00e8 necessario che ognuno di noi sia responsabile, per se stesso e soprattutto per tutelare le persone fragili e gli anziani. I comportamenti preventivi sono sempre quelli che abbiamo imparato a conoscere: utilizzare la mascherina, arieggiare i locali, lavarsi frequentemente le mani, isolarsi e fare un tampone in caso di sintomatologia e la vaccinazione. Ricordo che sono ora disponibili i nuovi vaccini anti covid bivalenti, raccomandati per gli over 60, disponibili per tutti gli over 12<\/em>\u00bb L\u2019Ulss Dolomiti sta monitorando l\u2019andamento dell\u2019epidemia per un eventuale rafforzamento dei punti tamponi e dell\u2019offerta vaccinale (attualmente entrambi prenotabili dal sito <a href=\"http:\/\/www.aulss1.veneto.it\">www.aulss1.veneto.it<\/a>)<\/p>\n<p>&nbsp;<\/p>\n<p>&nbsp;<\/p>\n<hr \/>\n<p>&nbsp;<\/p>\n<blockquote>\n<h3>RIPARTIZIONE FONDI INAIL PER ATTIVITA&#8217; DI CERTIFICAZIONE: L\u2019ULSS SIGLA L\u2019ACCORDO CON LE ORGANIZZAZIONI SINDACALI<\/h3>\n<\/blockquote>\n<p><strong><a class=\"dt-pswp-item\" href=\"https:\/\/www.radiopiu.net\/wordpress\/wp-content\/uploads\/2021\/03\/ULSS-1.jpg\" data-dt-img-description=\"\" data-large_image_width=\"776\" data-large_image_height=\"408\"><img loading=\"lazy\" decoding=\"async\" class=\" wp-image-198838 alignleft\" src=\"https:\/\/www.radiopiu.net\/wordpress\/wp-content\/uploads\/2021\/03\/ULSS-1-300x158.jpg\" alt=\"\" width=\"180\" height=\"95\" srcset=\"https:\/\/www.radiopiu.net\/wordpress\/wp-content\/uploads\/2021\/03\/ULSS-1-300x158.jpg 300w, https:\/\/www.radiopiu.net\/wordpress\/wp-content\/uploads\/2021\/03\/ULSS-1-768x404.jpg 768w, https:\/\/www.radiopiu.net\/wordpress\/wp-content\/uploads\/2021\/03\/ULSS-1.jpg 776w\" sizes=\"auto, (max-width: 180px) 100vw, 180px\" \/><\/a>BELLUNO <\/strong>\u00c8 stato siglato l\u2019accordo con la organizzazioni sindacali dei dirigenti dell\u2019area sanitaria per la definizione dei criteri di riparto delle risorse destinate dall\u2019INAIL ai medici dipendenti per l\u2019attivit\u00e0 di certificazione degli infortuni e delle malattie professionali. L\u2019Ulss Dolomiti \u00e8 la prima in Veneto a chiudere tale accordo. Dopo l\u2019intesa sancita in sede di Conferenza Permanente Stato- Regioni, per la ripartizione delle predette risorse tra i medici di assistenza primaria e i medici dipendenti del SSR, il tavolo regionale ha definito la ripartizione dei fondi tra Aziende Sanitarie. Le risorse attribuite all\u2019Ulss Dolomiti, sulla base del numero dei certificati INAIL emessi, destinate ad implementare il fondo per la retribuzione di risultato, sono: 125.065 euro per il 2019, 116.214 euro per il 2020 e 127.870 euro per il 2021. Nel tavolo di contrattazione aziendale, le parti hanno definito i criteri di ripartizione tra i medici certificatori. \u00ab<em>L\u2019intesa consente di sbloccare fondi per il personale medico che in questi anni si \u00e8 speso con impegno in prima linea, anche in materia di certificazione, attivit\u00e0 che viene ora monetizzata e riconosciuta<\/em>\u00bb, commenta il Direttore Maria Grazia Carraro.<\/p>\n<p>&nbsp;<\/p>\n<p>&nbsp;<\/p>\n<hr \/>\n<p>&nbsp;<\/p>\n<blockquote>\n<h3><strong>ASSESSORE DONAZZAN PRESENTA RISULTATI E PROSPETTIVE DELL\u2019ACCORDO PER LA LOGISTICA IN VENETO<\/strong><\/h3>\n<\/blockquote>\n<p><strong><a class=\"dt-pswp-item\" href=\"https:\/\/www.radiopiu.net\/wordpress\/wp-content\/uploads\/2020\/04\/DONAZZAN-e1604585643454.jpg\" data-dt-img-description=\"\" data-large_image_width=\"2048\" data-large_image_height=\"2048\"><img loading=\"lazy\" decoding=\"async\" class=\"wp-image-128499 alignleft\" src=\"https:\/\/www.radiopiu.net\/wordpress\/wp-content\/uploads\/2020\/04\/DONAZZAN-e1604585643454-300x300.jpg\" alt=\"\" width=\"152\" height=\"152\" srcset=\"https:\/\/www.radiopiu.net\/wordpress\/wp-content\/uploads\/2020\/04\/DONAZZAN-e1604585643454-300x300.jpg 300w, https:\/\/www.radiopiu.net\/wordpress\/wp-content\/uploads\/2020\/04\/DONAZZAN-e1604585643454-1024x1024.jpg 1024w, https:\/\/www.radiopiu.net\/wordpress\/wp-content\/uploads\/2020\/04\/DONAZZAN-e1604585643454-150x150.jpg 150w, https:\/\/www.radiopiu.net\/wordpress\/wp-content\/uploads\/2020\/04\/DONAZZAN-e1604585643454-768x768.jpg 768w, https:\/\/www.radiopiu.net\/wordpress\/wp-content\/uploads\/2020\/04\/DONAZZAN-e1604585643454-1536x1536.jpg 1536w, https:\/\/www.radiopiu.net\/wordpress\/wp-content\/uploads\/2020\/04\/DONAZZAN-e1604585643454.jpg 2048w\" sizes=\"auto, (max-width: 152px) 100vw, 152px\" \/><\/a>VENEZIA <\/strong>\u201c<em>La fotografia del settore della logistica che proponiamo \u00e8 il primo risultato dell\u2019accordo di programma sottoscritto un anno fa per affrontare le criticit\u00e0 del settore della logistica in Veneto. Ne emerge un quadro che abbiamo analizzato insieme alle parti sociali firmatarie dell\u2019accordo e che sar\u00e0 base di partenza per affrontare le situazioni che riteniamo vadano verificate. Sar\u00e0 un monitoraggio continuo con l\u2019obiettivo di tutelare i lavoratori e le imprese serie di un settore in continua crescita<\/em>\u201d. Cos\u00ec l\u2019Assessore regionale al lavoro Elena Donazzan questa mattina ha introdotto la presentazione delle attivit\u00e0 svolte nell&#8217;ambito degli impegni assunti con il protocollo regionale per il superamento delle criticit\u00e0 nel settore della logistica sottoscritto con le Parti sociali il 25 ottobre 2021.\u00a0 Dalla fotografia prodotta dai tecnici di Veneto Lavoro in collaborazione con L\u2019Unit\u00e0 di Crisi della Regione del Veneto emerge che, nel 2021, le imprese del settore della logistica nella nostra regione erano 4.470 con 102.570 contratti in essere. Nel corso dello scorso anno le assunzioni sono state 59.600. La ricerca individua tre tipi di aziende: il gruppo A (23.635 contratti in essere) include le situazioni da monitorare ossia aziende della logistica che non applicano i contratti della logistica; il gruppo B (68.7320 contratti) lo standard della logistica e il gruppo C (10.215) gli \u201coutlier strutturali\u201d, ossia rapporti di lavoro non allineati (aziende non della logistica che applicano contratti della logistica).<\/p>\n<p>&nbsp;<\/p>\n<p>&nbsp;<\/p>\n<hr \/>\n<p>&nbsp;<\/p>\n<blockquote>\n<h3>BONIFICA DI\u00a0 DUE SVERSAMENTI DI IDROCARBURI<\/h3>\n<\/blockquote>\n<p><a class=\"dt-pswp-item\" href=\"https:\/\/www.radiopiu.net\/wordpress\/wp-content\/uploads\/2022\/06\/oscar-de-pellegrin.png\" data-dt-img-description=\"OSCAR DE PELLEGRIN\" data-large_image_width=\"2000\" data-large_image_height=\"1804\"><img loading=\"lazy\" decoding=\"async\" class=\"wp-image-281257 alignleft\" src=\"https:\/\/www.radiopiu.net\/wordpress\/wp-content\/uploads\/2022\/06\/oscar-de-pellegrin-300x271.png\" alt=\"\" width=\"147\" height=\"133\" srcset=\"https:\/\/www.radiopiu.net\/wordpress\/wp-content\/uploads\/2022\/06\/oscar-de-pellegrin-300x271.png 300w, https:\/\/www.radiopiu.net\/wordpress\/wp-content\/uploads\/2022\/06\/oscar-de-pellegrin-1024x924.png 1024w, https:\/\/www.radiopiu.net\/wordpress\/wp-content\/uploads\/2022\/06\/oscar-de-pellegrin-768x693.png 768w, https:\/\/www.radiopiu.net\/wordpress\/wp-content\/uploads\/2022\/06\/oscar-de-pellegrin-1536x1385.png 1536w, https:\/\/www.radiopiu.net\/wordpress\/wp-content\/uploads\/2022\/06\/oscar-de-pellegrin.png 2000w\" sizes=\"auto, (max-width: 147px) 100vw, 147px\" \/><\/a><strong>BELLUNO <\/strong>Variazione al bilancio comunale per la bonifica di due sversamenti di idrocarburi: con 22 mila euro sar\u00e0 incrementato lo stanziamento del capitolo \u201cAmbiente \u2013 prestazioni specifiche\u201d. I soldi serviranno a coprire le spese per le analisi chimiche dei siti, cos\u00ec da procedere poi alla loro bonifica, per la quale si cercheranno fondi esterni. \u201c<em>Si tratta di un passaggio necessario \u2013 spiega il sindaco, Oscar De Pellegrin -, l\u2019analisi prevede i carotaggi dai due siti, la loro delimitazione e quindi l\u2019invio dei campioni per la verifica.\u00a0 Lo sversamento in Nevegal era stata segnalato dall\u2019Arpav ad aprile, per quello di Castion la scoperta \u00e8 recente, risale ad una decina di giorni fa. Per entrambi stiamo cercando una soluzione. Interverremo per una bonifica totale, parliamo di 200 metri cubi solo per quello sul Colle<\/em>\u201d. Ad aprile l\u2019Arpav era intervenuta in Nevegal per una prima verifica e, in quell\u2019occasione, erano stati effettuati dei carotaggi. Ora si intende approfondire e coinvolgere anche Castion. L\u2019analisi servir\u00e0 a capire con precisione come intervenire per la pulizia e dar\u00e0 informazioni per una prima ipotesi sull\u2019ammontare della spesa. Con il quadro dettagliato in mano si cercheranno poi fondi esterni per poter procedere con la vera e propria bonifica, il cui costo sar\u00e0 di svariate decine di migliaia di euro.<\/p>\n<p>&nbsp;<\/p>\n<p>&nbsp;<\/p>\n<hr \/>\n<p>&nbsp;<\/p>\n<blockquote>\n<h3>SAM 2022:\u00a0 INCONTRI PER MAMME, PAP\u00c0 E NONNI, APPUNTAMENTO DANZANTE E OPEN DAY<\/h3>\n<\/blockquote>\n<p><strong>BELLUNO <\/strong>In occasione della Settimana dedicata dall\u2019OMS all\u2019Allattamento Materno (SAM), l\u2019Ulss Dolomiti propone una serie di appuntamenti in presenza e un appuntamento danzante per le neo mamme. Momenti importanti di incontro e condivisione per sensibilizzare al sostegno dell\u2019allattamento materno. In Ulss Dolomiti l\u2019allattamento esclusivo alla dimissione delle mamme ha raggiunto l\u201987% (dato anno 2021) e oltre i 6 mesi (dati certificati OKKIO 2019) il 49% delle mamme allattano al seno (contro una media nazionale del 42%), testimoniando una convinzione profonda\u00a0 e duratura. Per sensibilizzare sul tema ed essere vicini alle famiglie che vivono l\u2019esperienza dell\u2019allattamento, l\u2019Ulss Dolomiti propone degli incontri pensati non solo per le mamme ma anche per i pap\u00e0 e i nonni, con l\u2019aggiunta di un appuntamento danzante. Di seguito gli appuntamenti a cura delle U.O. Ostetricia e Ginecologia, Pediatria e\u00a0 Consultori dell\u2019Ulss Dolomiti.<\/p>\n<a href=\"https:\/\/www.radiopiu.net\/wordpress\/wp-content\/uploads\/2022\/09\/Settimana-mondiale-dellAllattamento-al-seno-7.pdf\" class=\"pdfemb-viewer\" style=\"\" data-width=\"max\" data-height=\"max\" data-toolbar=\"top\" data-toolbar-fixed=\"on\">Settimana mondiale dell&#039;Allattamento al seno (7)<\/a>\n<p>&nbsp;<\/p>\n<hr \/>\n<p>&nbsp;<\/p>\n<blockquote>\n<h3>LE GIORNATE D&#8217;AUTUNNO DEL FAI FANNO TAPPA A MEL<\/h3>\n<\/blockquote>\n<p><strong><a class=\"dt-pswp-item\" href=\"https:\/\/www.radiopiu.net\/wordpress\/wp-content\/uploads\/2022\/10\/Conferenza-Stampa-FAI-Gioavni.jpg\" data-dt-img-description=\"\" data-large_image_width=\"2048\" data-large_image_height=\"1536\"><img loading=\"lazy\" decoding=\"async\" class=\" wp-image-300292 alignleft\" src=\"https:\/\/www.radiopiu.net\/wordpress\/wp-content\/uploads\/2022\/10\/Conferenza-Stampa-FAI-Gioavni-300x225.jpg\" alt=\"\" width=\"152\" height=\"114\" srcset=\"https:\/\/www.radiopiu.net\/wordpress\/wp-content\/uploads\/2022\/10\/Conferenza-Stampa-FAI-Gioavni-300x225.jpg 300w, https:\/\/www.radiopiu.net\/wordpress\/wp-content\/uploads\/2022\/10\/Conferenza-Stampa-FAI-Gioavni-1024x768.jpg 1024w, https:\/\/www.radiopiu.net\/wordpress\/wp-content\/uploads\/2022\/10\/Conferenza-Stampa-FAI-Gioavni-768x576.jpg 768w, https:\/\/www.radiopiu.net\/wordpress\/wp-content\/uploads\/2022\/10\/Conferenza-Stampa-FAI-Gioavni-1536x1152.jpg 1536w, https:\/\/www.radiopiu.net\/wordpress\/wp-content\/uploads\/2022\/10\/Conferenza-Stampa-FAI-Gioavni.jpg 2048w\" sizes=\"auto, (max-width: 152px) 100vw, 152px\" \/><\/a>BELLUNO <\/strong>Sabato 15 e domenica 16 ottobre tornano le Giornate FAI d\u2019Autunno, il grande evento autunnale di piazza che il FAI dedica al patrimonio culturale e paesaggistico del nostro Paese, animato e promosso dai Gruppi FAI Giovani, con il supporto di tutte le Delegazioni, i Gruppi FAI e i Gruppi FAI Ponte tra culture attivi da nord a sud della Penisola. Anche in questa edizione \u2013 l\u2019undicesima \u2013 i giovani volontari della Fondazione metteranno a disposizione la loro energia e il loro entusiasmo per aprire al pubblico 700 luoghi speciali in 350 citt\u00e0 d\u2019Italia, selezionati perch\u00e9 meritevoli di essere conosciuti e valorizzati e molti dei quali solitamente inaccessibili, dove verranno proposte visite \u2013 a contributo libero &#8211; che permetteranno ai partecipanti di cogliere lo splendore delle citt\u00e0 in cui viviamo e dei territori che ci circondano. Una benefica immersione tra arte, storia e natura e anche una preziosa occasione per approfondire la missione del FAI e prendere consapevolezza, una volta di pi\u00f9, dell\u2019immenso e variegato patrimonio di cultura e ambiente del nostro Paese. La manifestazione si inserisce nell\u2019ambito della campagna di raccolta fondi \u201cRicordiamoci di salvare l\u2019Italia\u201d che il FAI organizza nel mese di ottobre e si svolger\u00e0 nel pieno rispetto delle norme di sicurezza sanitaria. Tra i numerosi luoghi aperti in tutte le regioni ci saranno palazzi, ville, chiese, castelli, aree archeologiche, musei, siti militari, esempi di archeologia industriale, luoghi dell\u2019istruzione e centri di ricerca, che saranno mostrati attraverso lo sguardo appassionato e originale dei giovani del FAI. Come di consueto non mancheranno itinerari nei borghi, percorsi naturalistici e visite a luoghi \u201cverdi\u201d quali parchi, giardini storici e orti botanici, anche in ambito urbano, nel solco del crescente impegno della Fondazione per la diffusione di una maggiore \u201ccultura della natura\u201d.<\/p>\n<p><strong>ALLA SCOPERTA DELLA CASA PI\u00d9 ANTICA DI MEL: PALAZZO FRANCESCON<\/strong><\/p>\n<p>Palazzo Francescon \u00e8 una delle pi\u00f9 importanti e prestigiose dimore storiche che si affacciano sulla Piazza di Mel. Si imposta a sinistra della chiesa arcipretale, nella parte nord della piazza chiudendola parzialmente con uno dei suoi prospetti, avanzato rispetto alla linea degli altri edifici. Il palazzo \u00e8 affrescato sul prospetto prospicente la piazza e viene cos\u00ec a costituire una significativa quinta scenografica dal punto di vista architettonico e cromatico. Dietro si apre un&#8217;ampia corte interna con giardino, che si trova ad un livello pi\u00f9 basso rispetto alla piazza. Visite a cura dei volontari del gruppo FAI Giovani Belluno, della Delegazione FAI di Belluno e degli studenti del Liceo Renier di Belluno. Gli orari <strong>Sabato: <\/strong>09:00 &#8211; 12:30 \/ 14:30 \u2013 17:00. Turni di visita ogni 20 minuti per piccoli gruppi di massimo 12 persone. I gruppi saranno formati al banco, in base all&#8217;ordine di arrivo. Durata della visita circa 45 minuti. <strong>Domenica: <\/strong>09:00 &#8211; 12:30 \/ 14:30 \u2013 17:00. Turni di visita ogni 20 minuti per piccoli gruppi di massimo 12 persone. I gruppi saranno formati al banco, in base all&#8217;ordine di arrivo. Durata della visita circa 45 minuti.<\/p>\n<p>&nbsp;<\/p>\n<p>&nbsp;<\/p>\n<hr \/>\n<p>&nbsp;<\/p>\n<blockquote>\n<h3>SABATO AD AGORDO, CAVIOLA E FALCADE LA RACCOLTA FONDI PER LA FIBROSI CISTICA<\/h3>\n<\/blockquote>\n<p><strong>REDAZIONE<\/strong> Riprende la raccolta fondi per la ricerca sulla fibrosi cistica i cui risultati sono sempre pi\u00f9 importanti.\u00a0 Sabato 8 ottobre raccolta fond ad Agordo con gli alpini in occasione della Fiera del Bestiam; sempre sabato a Caviola al market Marilena Costa, Chiesa, Cooperativa e con gli alpini a Falcade presso la cooperativa. Verr\u00e0 offerta una piantina di ciclamini con offerta minima 10 euro.<\/p>\n<p>&nbsp;<\/p>\n<p>&nbsp;<\/p>\n<div dir=\"auto\">\n<hr \/>\n<p>&nbsp;<\/p>\n<blockquote>\n<h3>SABATO MATTINA IL CONSIGLIO COMUNALE A COLLE SANTA LUCIA<\/h3>\n<\/blockquote>\n<p><strong>COLLE SANTA LUCIA<\/strong> Il sindaco di Colle Santa Lucia Paolo Frena ha convocato il consiglio comunale per sabato mattina alle 8. Dopo la lettura e l&#8217;approvazione dei verbali della seduta precedente, si parler\u00e0 della settima e ottava variazione al bilancio 2022-2024, della riqualificazione dell&#8217;Ex Hotel Endrosadira al Passo Giau e delle modalit\u00e0 operative per l&#8217;applicazione delle perequazione urbanistica. Ultimo punto le comunicazione del sindaco.<\/p>\n<p>&nbsp;<\/p>\n<p>&nbsp;<\/p>\n<hr \/>\n<p>&nbsp;<\/p>\n<blockquote>\n<h3>APERTO UN BANDO DAL COMUNE DI ROCCA PIETORE<\/h3>\n<\/blockquote>\n<p><strong>ROCCA PIETORE<\/strong> Il comune di Rocca Pietore ha aperto un bando pubblico per soli esami per la copertura, a tempo pieno e indeterminato, di un posto di Collaboratore Professionale B3 &#8211; CCNL Funzioni Locali &#8211; Conduttore Macchine Operatrici Complesse &#8211; addetto ai servizi manutentivi e cimiteriali, da assumersi presso il Comune di Rocca Pietore. Le domande di partecipazione dovranno pervenire al Comune di Rocca Pietore secondo le modalit\u00e0 e i termini indicati nel Bando di Concorso. Per ogni informazione, i concorrenti potranno rivolgersi al Comune di Rocca Pietore (tel. 0437-721178; posta elettronica: anagrafe.rocca@agordino.bl.it).<\/p>\n<p>&nbsp;<\/p>\n<hr \/>\n<p>&nbsp;<\/p>\n<blockquote>\n<h3>CERCASI EDUCATORE PER L&#8217;ASILO NIDO DI AGORDO<\/h3>\n<\/blockquote>\n<p><strong>AGORDO<\/strong> L&#8217;Azienda Speciale Agordo Servizi ha aperto un bando per una selezione pubblica per la copertura di 1 posto a tempo indeterminato e pieno nel profilo di EDUCATORE DI ASILO NIDO (livello V) del contratto FISM per l&#8217;Asilo Nido Comunale di Agordo. La domanda di ammissione al concorso deve essere redatta, in carta semplice, e presentata mediante le seguenti alternative modalita\u0300: presentazione direttamente all\u2019Ufficio Protocollo dell\u2019AZIENDA SPECIALE &#8220;AGORDO SERVIZI&#8221; via Insurrezione n. 18\/C &#8211; 32021 Agordo BL; raccomandata A\/R indirizzata ad Azienda Speciale Agordo Servizi in via Insurrezione 18\/C &#8211; 32021 Agordo (BL); Per via telematica mediante Posta Elettronica Certificata (PEC) all\u2019indirizzo: 04315@pec.federfarma.it Qualsiasi sia la modalita\u0300 utilizzata per presentare la domanda, la stessa dovra\u0300 perentoriamente pervenire entro le ore 12:00 del giorno 15\/10\/2022. Il bando \u00e8 disponibile anche al seguente link:\u00a0 <a title=\"https:\/\/agordoasilonidocomunale.it\/bando-educatore-nido-di-agordo-termine-15-ottobre\/\" href=\"https:\/\/agordoasilonidocomunale.it\/bando-educatore-nido-di-agordo-termine-15-ottobre\/\" target=\"_blank\" rel=\"noopener\">https:\/\/agordoasilonidocomunale.it\/bando-educatore-nido-di-agordo-termine-15-ottobre\/<\/a><\/p>\n<\/div>\n<p>&nbsp;<\/p>\n<hr \/>\n<p>&nbsp;<\/p>\n<h2>L&#8217;OPINIONE<\/h2>\n<p><strong>Franco Piacentini_Feltre\u00a0<\/strong><\/p>\n<p>L&#8217; articolo 92 (secondo comma) della Costituzione con chiarezza stabilisce: &#8220;il Presidente della Repubblica nomina il Presidente del Consiglio dei Ministri e, su proposta di questo, i Ministri&#8221;. Dopo il 25 settembre, a risultati elettorali acquisiti, non passa giorno che i politici che hanno la maggioranza parlamentare (non il 50% pi\u00f9 uno dei voti) nei loro rapporti con l&#8217;opinione pubblica si atteggiano gi\u00e0 a Presidente del Consiglio e a Ministri. Personalmente ritengo che tali comportamenti non siano molto rispettosi (anzi) dei compiti costituzionali del nostro Presidente della Repubblica.<\/p>\n<p>&nbsp;<\/p>\n<hr \/>\n<p>&nbsp;<\/p>\n<blockquote>\n<h2>EVENTI AUTUNNALI IN VAL PETTORINA<\/h2>\n<\/blockquote>\n<p><strong>ROCCA PIETORE<\/strong> fra i\u00a0 boschi dipinti dei colori dell&#8217;autunno\u00a0 I prossimi appuntamenti sono:\u00a0 Domenica 9 Ottobre pomeriggio \u00a0Sabato 15 Ottobre pomeriggio Per tutti i dettagli\u00a0 <span class=\"fxk3tzhb b2rh1bv3 gh55jysx m8h3af8h ewco64xe kjdc1dyq ms56khn7 bq6c9xl4 eohcrkr5 akh3l2rg\"><img loading=\"lazy\" decoding=\"async\" src=\"https:\/\/static.xx.fbcdn.net\/images\/emoji.php\/v9\/t4d\/1\/16\/1f4de.png\" alt=\"&#x1f4de;\" width=\"16\" height=\"16\" \/><\/span> 340 894 4032 Elena e Sara<a class=\"dt-pswp-item\" href=\"https:\/\/www.radiopiu.net\/wordpress\/wp-content\/uploads\/2022\/10\/1409872327879275310.jpg\" data-dt-img-description=\"\" data-large_image_width=\"500\" data-large_image_height=\"261\">\u00a0<\/a><\/p>\n<div class=\"m8h3af8h l7ghb35v kjdc1dyq kmwttqpk gh25dzvf n3t5jt4f\">\n<div dir=\"auto\"><\/div>\n<div dir=\"auto\">\n<p><strong>OSPITI: Sara Darman ed Elena Simeonato<\/strong><\/p>\n<audio class=\"wp-audio-shortcode\" id=\"audio-300188-9\" preload=\"none\" style=\"width: 100%;\" controls=\"controls\"><source type=\"audio\/mpeg\" src=\"https:\/\/www.radiopiu.net\/wordpress\/wp-content\/uploads\/2022\/09\/sara-darman-elena-simionato-passeggiate-marmolada.mp3?_=9\" \/><a href=\"https:\/\/www.radiopiu.net\/wordpress\/wp-content\/uploads\/2022\/09\/sara-darman-elena-simionato-passeggiate-marmolada.mp3\">https:\/\/www.radiopiu.net\/wordpress\/wp-content\/uploads\/2022\/09\/sara-darman-elena-simionato-passeggiate-marmolada.mp3<\/a><\/audio>\n<p>&nbsp;<\/p>\n\n\t\t\t<style type='text\/css'>\n\t\t\t\t#gallery-7 {\n\t\t\t\t\tmargin: auto;\n\t\t\t\t}\n\t\t\t\t#gallery-7 .gallery-item {\n\t\t\t\t\tfloat: left;\n\t\t\t\t\tmargin-top: 10px;\n\t\t\t\t\ttext-align: center;\n\t\t\t\t\twidth: 33%;\n\t\t\t\t}\n\t\t\t\t#gallery-7 img {\n\t\t\t\t\tborder: 2px solid #cfcfcf;\n\t\t\t\t}\n\t\t\t\t#gallery-7 .gallery-caption {\n\t\t\t\t\tmargin-left: 0;\n\t\t\t\t}\n\t\t\t\t\/* see gallery_shortcode() in wp-includes\/media.php *\/\n\t\t\t<\/style>\n\t\t<div id='gallery-7' class='dt-gallery-container gallery galleryid-300188 gallery-columns-3 gallery-size-thumbnail'><dl class='gallery-item'>\n\t\t\t\t<dt class='gallery-icon landscape'>\n\t\t\t\t\t<a class=\"rollover rollover-zoom dt-pswp-item\" title=\"b5e996c7-e2e6-4fec-9337-cd086d266e7f\" data-dt-img-description=\"\" data-large_image_width=\"1080\" data-large_image_height=\"1080\"href='https:\/\/www.radiopiu.net\/wordpress\/wp-content\/uploads\/2022\/09\/b5e996c7-e2e6-4fec-9337-cd086d266e7f.jpg'><img loading=\"lazy\" decoding=\"async\" width=\"150\" height=\"150\" src=\"https:\/\/www.radiopiu.net\/wordpress\/wp-content\/uploads\/2022\/09\/b5e996c7-e2e6-4fec-9337-cd086d266e7f-150x150.jpg\" class=\"attachment-thumbnail size-thumbnail\" alt=\"\" srcset=\"https:\/\/www.radiopiu.net\/wordpress\/wp-content\/uploads\/2022\/09\/b5e996c7-e2e6-4fec-9337-cd086d266e7f-150x150.jpg 150w, https:\/\/www.radiopiu.net\/wordpress\/wp-content\/uploads\/2022\/09\/b5e996c7-e2e6-4fec-9337-cd086d266e7f-300x300.jpg 300w, https:\/\/www.radiopiu.net\/wordpress\/wp-content\/uploads\/2022\/09\/b5e996c7-e2e6-4fec-9337-cd086d266e7f-1024x1024.jpg 1024w, https:\/\/www.radiopiu.net\/wordpress\/wp-content\/uploads\/2022\/09\/b5e996c7-e2e6-4fec-9337-cd086d266e7f-768x768.jpg 768w, https:\/\/www.radiopiu.net\/wordpress\/wp-content\/uploads\/2022\/09\/b5e996c7-e2e6-4fec-9337-cd086d266e7f.jpg 1080w\" sizes=\"auto, (max-width: 150px) 100vw, 150px\" \/><\/a>\n\t\t\t\t<\/dt><\/dl><dl class='gallery-item'>\n\t\t\t\t<dt class='gallery-icon landscape'>\n\t\t\t\t\t<a class=\"rollover rollover-zoom dt-pswp-item\" title=\"062d597d-f973-4277-9cc6-f67c6d992e99\" data-dt-img-description=\"\" data-large_image_width=\"1080\" data-large_image_height=\"1080\"href='https:\/\/www.radiopiu.net\/wordpress\/wp-content\/uploads\/2022\/09\/062d597d-f973-4277-9cc6-f67c6d992e99.jpg'><img loading=\"lazy\" decoding=\"async\" width=\"150\" height=\"150\" src=\"https:\/\/www.radiopiu.net\/wordpress\/wp-content\/uploads\/2022\/09\/062d597d-f973-4277-9cc6-f67c6d992e99-150x150.jpg\" class=\"attachment-thumbnail size-thumbnail\" alt=\"\" srcset=\"https:\/\/www.radiopiu.net\/wordpress\/wp-content\/uploads\/2022\/09\/062d597d-f973-4277-9cc6-f67c6d992e99-150x150.jpg 150w, https:\/\/www.radiopiu.net\/wordpress\/wp-content\/uploads\/2022\/09\/062d597d-f973-4277-9cc6-f67c6d992e99-300x300.jpg 300w, https:\/\/www.radiopiu.net\/wordpress\/wp-content\/uploads\/2022\/09\/062d597d-f973-4277-9cc6-f67c6d992e99-1024x1024.jpg 1024w, https:\/\/www.radiopiu.net\/wordpress\/wp-content\/uploads\/2022\/09\/062d597d-f973-4277-9cc6-f67c6d992e99-768x768.jpg 768w, https:\/\/www.radiopiu.net\/wordpress\/wp-content\/uploads\/2022\/09\/062d597d-f973-4277-9cc6-f67c6d992e99.jpg 1080w\" sizes=\"auto, (max-width: 150px) 100vw, 150px\" \/><\/a>\n\t\t\t\t<\/dt><\/dl><dl class='gallery-item'>\n\t\t\t\t<dt class='gallery-icon landscape'>\n\t\t\t\t\t<a class=\"rollover rollover-zoom dt-pswp-item\" title=\"ada9c7a0-4d54-4873-82d4-41f5480668d3\" data-dt-img-description=\"\" data-large_image_width=\"1080\" data-large_image_height=\"1080\"href='https:\/\/www.radiopiu.net\/wordpress\/wp-content\/uploads\/2022\/09\/ada9c7a0-4d54-4873-82d4-41f5480668d3.jpg'><img loading=\"lazy\" decoding=\"async\" width=\"150\" height=\"150\" src=\"https:\/\/www.radiopiu.net\/wordpress\/wp-content\/uploads\/2022\/09\/ada9c7a0-4d54-4873-82d4-41f5480668d3-150x150.jpg\" class=\"attachment-thumbnail size-thumbnail\" alt=\"\" srcset=\"https:\/\/www.radiopiu.net\/wordpress\/wp-content\/uploads\/2022\/09\/ada9c7a0-4d54-4873-82d4-41f5480668d3-150x150.jpg 150w, https:\/\/www.radiopiu.net\/wordpress\/wp-content\/uploads\/2022\/09\/ada9c7a0-4d54-4873-82d4-41f5480668d3-300x300.jpg 300w, https:\/\/www.radiopiu.net\/wordpress\/wp-content\/uploads\/2022\/09\/ada9c7a0-4d54-4873-82d4-41f5480668d3-1024x1024.jpg 1024w, https:\/\/www.radiopiu.net\/wordpress\/wp-content\/uploads\/2022\/09\/ada9c7a0-4d54-4873-82d4-41f5480668d3-768x768.jpg 768w, https:\/\/www.radiopiu.net\/wordpress\/wp-content\/uploads\/2022\/09\/ada9c7a0-4d54-4873-82d4-41f5480668d3.jpg 1080w\" sizes=\"auto, (max-width: 150px) 100vw, 150px\" \/><\/a>\n\t\t\t\t<\/dt><\/dl><br style=\"clear: both\" \/>\n\t\t\t<\/div>\n\n<p>&nbsp;<\/p>\n<p>&nbsp;<\/p>\n<p>&nbsp;<\/p>\n<\/div>\n<div dir=\"auto\">\n<hr \/>\n<p>&nbsp;<\/p>\n<blockquote>\n<blockquote>\n<h3>OLTRE LE VETTE&#8230;E SONO 26 EDIZIONI<\/h3>\n<\/blockquote>\n<p><em>manifestazione dell\u2019assessorato alla cultura del Comune di Belluno organizzata insieme alla Fondazione Teatri delle Dolomiti.<\/em><\/p>\n<p><strong>BELLUNO<\/strong> La 26a edizione della rassegna &#8220;Oltre le vette,\u00a0 Metafore, uomini, luoghi della montagna&#8221;, si terr\u00e0 venerd\u00ec 7 ottobre alle\u00a0 17.30, a Palazzo Bembo, in via Loreto 32. Contemporaneamente, verranno inaugurate le mostre: &#8220;Alpimagia. Riti, leggende e misteri dei popoli alpini&#8221; e &#8220;Rete Natura 2000 nel Parco Nazionale delle Dolomiti Bellunesi. Habitat, piante e animali&#8221; (le mostre proseguiranno fino al 2 novembre 2022, a Palazzo Bembo).<\/p><\/blockquote>\n<p><strong><a class=\"dt-pswp-item\" href=\"https:\/\/www.radiopiu.net\/wordpress\/wp-content\/uploads\/2022\/09\/immagine-oltrelevette2022-totaro.jpg\" data-dt-img-description=\"\" data-large_image_width=\"1106\" data-large_image_height=\"789\"><img loading=\"lazy\" decoding=\"async\" class=\"wp-image-298605 alignleft\" src=\"https:\/\/www.radiopiu.net\/wordpress\/wp-content\/uploads\/2022\/09\/immagine-oltrelevette2022-totaro-300x214.jpg\" alt=\"\" width=\"158\" height=\"113\" srcset=\"https:\/\/www.radiopiu.net\/wordpress\/wp-content\/uploads\/2022\/09\/immagine-oltrelevette2022-totaro-300x214.jpg 300w, https:\/\/www.radiopiu.net\/wordpress\/wp-content\/uploads\/2022\/09\/immagine-oltrelevette2022-totaro-1024x731.jpg 1024w, https:\/\/www.radiopiu.net\/wordpress\/wp-content\/uploads\/2022\/09\/immagine-oltrelevette2022-totaro-768x548.jpg 768w, https:\/\/www.radiopiu.net\/wordpress\/wp-content\/uploads\/2022\/09\/immagine-oltrelevette2022-totaro.jpg 1106w\" sizes=\"auto, (max-width: 158px) 100vw, 158px\" \/><\/a><\/strong><\/p>\n<p>&nbsp;<\/p>\n<p><strong>VALERIA BENNI, ORGANIZZATRICE DI OLTRE LE VETTE<\/strong><\/p>\n<audio class=\"wp-audio-shortcode\" id=\"audio-300188-10\" preload=\"none\" style=\"width: 100%;\" controls=\"controls\"><source type=\"audio\/mpeg\" src=\"https:\/\/www.radiopiu.net\/wordpress\/wp-content\/uploads\/2022\/10\/VALERIA-BENNI.mp3?_=10\" \/><a href=\"https:\/\/www.radiopiu.net\/wordpress\/wp-content\/uploads\/2022\/10\/VALERIA-BENNI.mp3\">https:\/\/www.radiopiu.net\/wordpress\/wp-content\/uploads\/2022\/10\/VALERIA-BENNI.mp3<\/a><\/audio>\n<p>&nbsp;<\/p>\n<p><span style=\"color: #ff0000;\"><strong>ALLA RADIO<\/strong><\/span><\/p>\n<audio class=\"wp-audio-shortcode\" id=\"audio-300188-11\" preload=\"none\" style=\"width: 100%;\" controls=\"controls\"><source type=\"audio\/mpeg\" src=\"https:\/\/www.radiopiu.net\/wordpress\/wp-content\/uploads\/2022\/10\/OLTRE-LE-VETTE-LORIS.mp3?_=11\" \/><a href=\"https:\/\/www.radiopiu.net\/wordpress\/wp-content\/uploads\/2022\/10\/OLTRE-LE-VETTE-LORIS.mp3\">https:\/\/www.radiopiu.net\/wordpress\/wp-content\/uploads\/2022\/10\/OLTRE-LE-VETTE-LORIS.mp3<\/a><\/audio>\n<p>&nbsp;<\/p>\n<p>&nbsp;<\/p>\n<blockquote>\n<h3>OLTRE LE VETTE 2022, PAROLE DI CARTA E DI MONTAGNA<\/h3>\n<\/blockquote>\n<p><strong><a href=\"https:\/\/www.radiopiu.net\/wordpress\/wp-content\/uploads\/2022\/10\/Franco-Faggiani-OLV.webp\"><img loading=\"lazy\" decoding=\"async\" class=\" wp-image-299965 alignleft\" src=\"https:\/\/www.radiopiu.net\/wordpress\/wp-content\/uploads\/2022\/10\/Franco-Faggiani-OLV-300x200.webp\" alt=\"\" width=\"242\" height=\"161\" srcset=\"https:\/\/www.radiopiu.net\/wordpress\/wp-content\/uploads\/2022\/10\/Franco-Faggiani-OLV-300x200.webp 300w, https:\/\/www.radiopiu.net\/wordpress\/wp-content\/uploads\/2022\/10\/Franco-Faggiani-OLV-1024x682.webp 1024w, https:\/\/www.radiopiu.net\/wordpress\/wp-content\/uploads\/2022\/10\/Franco-Faggiani-OLV-768x512.webp 768w, https:\/\/www.radiopiu.net\/wordpress\/wp-content\/uploads\/2022\/10\/Franco-Faggiani-OLV-1536x1024.webp 1536w, https:\/\/www.radiopiu.net\/wordpress\/wp-content\/uploads\/2022\/10\/Franco-Faggiani-OLV-2048x1365.webp 2048w\" sizes=\"auto, (max-width: 242px) 100vw, 242px\" \/><\/a>BELLUNO<\/strong> <span dir=\"ltr\" role=\"presentation\">Si intitola<\/span> <span dir=\"ltr\" role=\"presentation\">Parole di carta e di montagna<\/span> <span dir=\"ltr\" role=\"presentation\">la rassegna dedicata ai libri all\u2019interno del vasto <\/span><span dir=\"ltr\" role=\"presentation\">programma del festival<\/span> <span dir=\"ltr\" role=\"presentation\">Oltre le vette \u2013 Metafore, uomini, luoghi della montagna<\/span> <span dir=\"ltr\" role=\"presentation\">in <\/span><span dir=\"ltr\" role=\"presentation\">programma a Belluno da 7 al 16 ottobre. Si tratta, come negli anni scorsi, di una serie di <\/span><span dir=\"ltr\" role=\"presentation\">presentazioni con gli autori di volumi che hanno la montagna come protagonista o come <\/span><span dir=\"ltr\" role=\"presentation\">sfondo,<\/span> <span dir=\"ltr\" role=\"presentation\">ma,<\/span> <span dir=\"ltr\" role=\"presentation\">rispetto<\/span> <span dir=\"ltr\" role=\"presentation\">al<\/span> <span dir=\"ltr\" role=\"presentation\">passato,<\/span> <span dir=\"ltr\" role=\"presentation\">questa<\/span> <span dir=\"ltr\" role=\"presentation\">26a<\/span> <span dir=\"ltr\" role=\"presentation\">edizione<\/span> <span dir=\"ltr\" role=\"presentation\">del<\/span> <span dir=\"ltr\" role=\"presentation\">festival<\/span> <span dir=\"ltr\" role=\"presentation\">bellunese<\/span> <span dir=\"ltr\" role=\"presentation\">presenta <\/span><span dir=\"ltr\" role=\"presentation\">un\u2019importante novit\u00e0.<\/span> <span dir=\"ltr\" role=\"presentation\">Scrittori in residenza<\/span> <span dir=\"ltr\" role=\"presentation\">si chiama infatti l\u2019iniziativa che gli organizzatori <\/span><span dir=\"ltr\" role=\"presentation\">&#8211; a partire da Valeria Benni, direttrice della manifestazione \u2013 hanno pensato per legare la <\/span><span dir=\"ltr\" role=\"presentation\">citt\u00e0<\/span> <span dir=\"ltr\" role=\"presentation\">e il suo territorio<\/span> <span dir=\"ltr\" role=\"presentation\">alla dimensione<\/span> <span dir=\"ltr\" role=\"presentation\">narrativa, saggistica<\/span> <span dir=\"ltr\" role=\"presentation\">o poetica,<\/span> <span dir=\"ltr\" role=\"presentation\">invitando<\/span> <span dir=\"ltr\" role=\"presentation\">uno <\/span><span dir=\"ltr\" role=\"presentation\">scrittore che per alcuni giorni soggiorner\u00e0 a Belluno, incontrando i lettori<\/span><span dir=\"ltr\" role=\"presentation\">. Quest\u2019anno lo <\/span><span dir=\"ltr\" role=\"presentation\">scrittore in residenza sar\u00e0 Tiziano Fratus, gi\u00e0 ospite di Oltre le vette nel 2015, un autore di<\/span><br role=\"presentation\" \/><span dir=\"ltr\" role=\"presentation\">successo ben conosciuto dal pubblico. <\/span><span dir=\"ltr\" role=\"presentation\">Fratus<\/span> <span dir=\"ltr\" role=\"presentation\">sar\u00e0<\/span> <span dir=\"ltr\" role=\"presentation\">dunque<\/span> <span dir=\"ltr\" role=\"presentation\">presente<\/span> <span dir=\"ltr\" role=\"presentation\">a<\/span> <span dir=\"ltr\" role=\"presentation\">Belluno<\/span> <span dir=\"ltr\" role=\"presentation\">da sabato 8 ottobre e per tre giorni <\/span><span dir=\"ltr\" role=\"presentation\">inizier\u00e0 la giornata alle 7 con una \u201cmeditazione silvestre\u201d in diverse zone verdi della <\/span><span dir=\"ltr\" role=\"presentation\">citt\u00e0 e dei dintorni. Alle 18, nella sala di Palazzo Bembo, che da quest\u2019anno ospita gli <\/span><span dir=\"ltr\" role=\"presentation\">eventi letterari di Oltre le vette, Fratus dialogher\u00e0 con<\/span> <span dir=\"ltr\" role=\"presentation\">Franco Faggiani<\/span><\/p>\n<p>&nbsp;<\/p>\n<p>&nbsp;<\/p>\n<blockquote>\n<h3>IL CONVEGNO &#8220;IL PIAVE E LE SUE ACQUE&#8221;<\/h3>\n<\/blockquote>\n<p><strong><a class=\"dt-pswp-item\" href=\"https:\/\/www.radiopiu.net\/wordpress\/wp-content\/uploads\/2022\/10\/Senza-nome-5.jpg\" data-dt-img-description=\"\" data-large_image_width=\"467\" data-large_image_height=\"258\"><img loading=\"lazy\" decoding=\"async\" class=\" wp-image-300108 alignleft\" src=\"https:\/\/www.radiopiu.net\/wordpress\/wp-content\/uploads\/2022\/10\/Senza-nome-5-300x166.jpg\" alt=\"\" width=\"255\" height=\"141\" srcset=\"https:\/\/www.radiopiu.net\/wordpress\/wp-content\/uploads\/2022\/10\/Senza-nome-5-300x166.jpg 300w, https:\/\/www.radiopiu.net\/wordpress\/wp-content\/uploads\/2022\/10\/Senza-nome-5.jpg 467w\" sizes=\"auto, (max-width: 255px) 100vw, 255px\" \/><\/a>BELLUNO<\/strong> Sabato alle 9 presso la Sala Eliseo Dal Pont \u201cBianchi\u201d di Belluno la Fondazione G. Angelini-Centro Studi sulla Montagna con l\u2019Universit\u00e0 di Padova e la Provincia di Belluno hanno organizzato, in occasione della rassegna culturale \u201cOltre le Vette\u201d del Comune di Belluno, Il convegno Il Piave e le sue acque. Il programma prevede l\u2019intervento di Luigi D\u2019Alpaos, (Universit\u00e0 di Padova), Gianpaolo Bottacin (assessore regione Veneto),\u00a0 Marina Colaizzi (segretaria dell\u2019Autorit\u00e0 di Distretto -Deflusso ecologico)\u00a0 Stefano Savio (ENEL Greenpower), Sara Pavan (Arpav) e Paolo Battagion (direttore Consorzio Piave) Alla Tavola Rotonda finale parteciperanno: Silvia Susanna (sindaco Musile di Piave), Mario De Bon (sindaco Sospirolo), Francesco Baruffi (Ordine Ingegneri Venezia), Amedeo Gerolimetto (presidente Consorzio Piave), Yannick Da Re (Ordine Ingegneri Treviso), Luigi D\u2019Alpaos (Ordine Ingegneri Belluno).<\/p>\n<p>&nbsp;<\/p>\n<hr \/>\n<p>&nbsp;<\/p>\n<p>&nbsp;<\/p>\n<blockquote>\n<h3><span style=\"color: #222222;\"><span style=\"font-size: medium;\"><b>QUANDO IL PIAVE MORMORAVA ALTROVE<\/b><\/span><\/span><\/h3>\n<\/blockquote>\n<p><span style=\"color: #222222;\"><span style=\"font-size: medium;\"><b><a class=\"dt-pswp-item\" href=\"https:\/\/www.radiopiu.net\/wordpress\/wp-content\/uploads\/2022\/10\/P1130073-scaled.jpg\" data-dt-img-description=\"\" data-large_image_width=\"2560\" data-large_image_height=\"1920\"><img loading=\"lazy\" decoding=\"async\" class=\"wp-image-300263 alignleft\" src=\"https:\/\/www.radiopiu.net\/wordpress\/wp-content\/uploads\/2022\/10\/P1130073-300x225.jpg\" alt=\"\" width=\"179\" height=\"134\" srcset=\"https:\/\/www.radiopiu.net\/wordpress\/wp-content\/uploads\/2022\/10\/P1130073-300x225.jpg 300w, https:\/\/www.radiopiu.net\/wordpress\/wp-content\/uploads\/2022\/10\/P1130073-1024x768.jpg 1024w, https:\/\/www.radiopiu.net\/wordpress\/wp-content\/uploads\/2022\/10\/P1130073-768x576.jpg 768w, https:\/\/www.radiopiu.net\/wordpress\/wp-content\/uploads\/2022\/10\/P1130073-1536x1152.jpg 1536w, https:\/\/www.radiopiu.net\/wordpress\/wp-content\/uploads\/2022\/10\/P1130073-2048x1536.jpg 2048w\" sizes=\"auto, (max-width: 179px) 100vw, 179px\" \/><\/a>ALPAGO <\/b>Il lago , i suoi dintorni, i suoi racconti: itinerario per una scoperta<\/span><\/span><span style=\"color: #222222;\"><span style=\"font-size: medium;\">. Da una sponda all&#8217;altra il lago di S.Croce raccoglie e restituisce una inedita esperienza di unit\u00e0 tra natura,uomo, storia, paesaggio attraverso testimonianze concrete\u00a0 &#8211; vegetazione, viabilit\u00e0, insediamenti, monumenti &#8211; da osservare finalmente con concentrazione e con stupore. <\/span><\/span><span style=\"font-size: medium;\">Ritrovo in partenza a Belluno-Stadio alle 14,30 o successivamente presso il parcheggio, situato subito dopo il ponte sul torrente Tesa, a ridosso dell\u2019abitato di Farra d \u2018Alpago. <\/span><span style=\"font-size: medium;\">Accompagnatori arch Lidia Rui, prof Augusto Modolo e la guida naturalistica ambientale Anacleto Boranga. <\/span><span style=\"font-size: medium;\">Posti disponibili 25. Iscrizioni al CTG Belluno \u2013 tel 0437 950075 (al mattino 9,00 \u2013 11,00 o la sera di marted\u00ec o gioved\u00ec 17.30-18,30) oppure inviando una mail a anacleto.boranga@gmail.com<\/span><\/p>\n<\/div>\n<div dir=\"auto\">\n<blockquote>\n<h3><\/h3>\n<\/blockquote>\n<hr \/>\n<p>&nbsp;<\/p>\n<p><span style=\"color: #ff0000;\"><strong>AIUTI FINALIZZATI ALL&#8217;ACQUISTO DI GENERI ALIMENTARI<\/strong><\/span><\/p>\n<\/div>\n<\/div>\n<p><strong><a class=\"dt-pswp-item\" href=\"https:\/\/www.radiopiu.net\/wordpress\/wp-content\/uploads\/2022\/02\/DolomitiCert-Scarpa-Alleghe-Febbraio-2022-Incontro-Comune-scuole-scultori-1-scaled.jpg\" data-dt-img-description=\"\" data-large_image_width=\"2560\" data-large_image_height=\"1706\"><img loading=\"lazy\" decoding=\"async\" class=\" wp-image-260782 alignleft\" src=\"https:\/\/www.radiopiu.net\/wordpress\/wp-content\/uploads\/2022\/02\/DolomitiCert-Scarpa-Alleghe-Febbraio-2022-Incontro-Comune-scuole-scultori-1-300x200.jpg\" alt=\"\" width=\"227\" height=\"151\" srcset=\"https:\/\/www.radiopiu.net\/wordpress\/wp-content\/uploads\/2022\/02\/DolomitiCert-Scarpa-Alleghe-Febbraio-2022-Incontro-Comune-scuole-scultori-1-300x200.jpg 300w, https:\/\/www.radiopiu.net\/wordpress\/wp-content\/uploads\/2022\/02\/DolomitiCert-Scarpa-Alleghe-Febbraio-2022-Incontro-Comune-scuole-scultori-1-1024x683.jpg 1024w, https:\/\/www.radiopiu.net\/wordpress\/wp-content\/uploads\/2022\/02\/DolomitiCert-Scarpa-Alleghe-Febbraio-2022-Incontro-Comune-scuole-scultori-1-768x512.jpg 768w, https:\/\/www.radiopiu.net\/wordpress\/wp-content\/uploads\/2022\/02\/DolomitiCert-Scarpa-Alleghe-Febbraio-2022-Incontro-Comune-scuole-scultori-1-1536x1024.jpg 1536w, https:\/\/www.radiopiu.net\/wordpress\/wp-content\/uploads\/2022\/02\/DolomitiCert-Scarpa-Alleghe-Febbraio-2022-Incontro-Comune-scuole-scultori-1-2048x1365.jpg 2048w\" sizes=\"auto, (max-width: 227px) 100vw, 227px\" \/><\/a>ALLEGHE<\/strong> Le persone e le famiglie residenti nel Comune di Alleghe che, a causa degli effetti economici derivanti dall\u2019emergenza epidemiologica dovuta alla diffusione del virus Covid-19, si trovino in uno stato di bisogno per soddisfare le necessit\u00e0 pi\u00f9 urgenti ed essenziali, possono chiedere che vengano loro riconosciuti i BUONI SPESA per l\u2019acquisto di GENERI ALIMENTARI O PRODOTTI DI PRIMA NECESSIT\u00c0 IMPORTO DEL BUONO SPESA: l\u2019entit\u00e0 dell\u2019importo verr\u00e0 definito con successivo apposito provvedimento, partendo da un importo minimo di Euro 50,00, sulla base del numero dei componenti il nucleo familiare e in considerazione delle necessit\u00e0 dichiarate dal richiedente. Le richieste, redatte sull\u2019apposito modulo dovranno pervenire al Comune di Alleghe mediante invio di posta elettronica. Solo via residuale la domanda potr\u00e0 essere presentata telefonicamente, chiamando il numero 0437 523300 dal luned\u00ec al venerd\u00ec dalle 8 alle 10<\/p>\n<p>&nbsp;<\/p>\n<p>&nbsp;<\/p>\n<hr \/>\n<p>&nbsp;<\/p>\n<p>&nbsp;<\/p>\n<h3>LIBERA CHIAMA, L&#8217;AGORDINO RISPONDE ! speciale alla radio, pagina in aggiornamento quotidiano<\/h3>\n<h3><span style=\"color: #ff0000;\">DAL CORRIERE DELLE ALPI<\/span><\/h3>\n<p>di Gianni Santomaso<\/p>\n<audio class=\"wp-audio-shortcode\" id=\"audio-300188-12\" preload=\"none\" style=\"width: 100%;\" controls=\"controls\"><source type=\"audio\/mpeg\" src=\"https:\/\/www.radiopiu.net\/wordpress\/wp-content\/uploads\/2022\/10\/GIANNI-SERATA-LIBERA.mp3?_=12\" \/><a href=\"https:\/\/www.radiopiu.net\/wordpress\/wp-content\/uploads\/2022\/10\/GIANNI-SERATA-LIBERA.mp3\">https:\/\/www.radiopiu.net\/wordpress\/wp-content\/uploads\/2022\/10\/GIANNI-SERATA-LIBERA.mp3<\/a><\/audio>\n<p>&nbsp;<\/p>\n<p>&nbsp;<\/p>\n<p><img loading=\"lazy\" decoding=\"async\" class=\"size-full wp-image-300066 alignleft\" src=\"https:\/\/www.radiopiu.net\/wordpress\/wp-content\/uploads\/2022\/10\/5436a110-03b3-411a-8d9a-d385ebfba0c2-212x300-1.jpg\" alt=\"\" width=\"212\" height=\"300\" \/><\/p>\n<h3>L\u2019AGORDINO DICE SI AL PRESIDIO \u201cLIBERA\u201d <em>Gioved\u00ec 6 ottobre alle 20.30 in sala don Tamis ad Agordo: nasce il presidioLibera Agordino. La cittadinanza \u00e8 invitata!<\/em><\/h3>\n<p><strong>AGORDO<\/strong> Oggi alle 20.30 in sala don Tamis ad Agordo si svolger\u00e0 l\u2019assemblea costitutiva del presidio agordino di \u00abLibera. Associazioni, nomi e numeri contro le mafie\u00bb, la realt\u00e0 fondata da don Luigi Ciotti nel 1995. Dopo l\u2019illustrazione degli obiettivi del presidio e la presentazione della vittima innocente di mafia a cui esso verr\u00e0 intitolato, tutti i presenti potranno firmare il patto di presidio.<\/p>\n<p><strong>PUNTATA 1,\u00a0 CON GIANNI SANTOMASO<\/strong><\/p>\n<p><span style=\"color: #ff0000;\">Dallo spazio &#8220;reporter&#8221; delle 10.30 e 1900.<\/span><\/p>\n<p>Allora Gianni, iniziamo da lontano ancora prima di entrare nei dettagli della serata. Ovvero, &#8220;Libera nell&#8217;Agordino&#8221;, idea importante e qualificante. Come e quando nasce l&#8217;idea di abbracciare questa importante causa.<\/p>\n<audio class=\"wp-audio-shortcode\" id=\"audio-300188-13\" preload=\"none\" style=\"width: 100%;\" controls=\"controls\"><source type=\"audio\/mpeg\" src=\"https:\/\/www.radiopiu.net\/wordpress\/wp-content\/uploads\/2022\/10\/gianni-libera1-2.mp3?_=13\" \/><a href=\"https:\/\/www.radiopiu.net\/wordpress\/wp-content\/uploads\/2022\/10\/gianni-libera1-2.mp3\">https:\/\/www.radiopiu.net\/wordpress\/wp-content\/uploads\/2022\/10\/gianni-libera1-2.mp3<\/a><\/audio>\n<p>&nbsp;<\/p>\n<p><span style=\"color: #ff0000;\">Dal giornale radio mattina delle 9.30 e dal giornale radio sera delle 18.30, graditissimo ritorno a RadioPi\u00f9 di Liana Cavallet<\/span><\/p>\n<p>Liana presenta l&#8217;idea del presidio di Libera nell&#8217;Agordino, ma fa anche un passo indietro nel tempo, in una storia che inizia da lontano quando i volontari dell&#8217;Auser proponevano in pizza gli &#8220;spaghetti&#8221; contribuendo a diffondere la curiosit\u00e0 verso Libera ma anche informando la cittadinanza<\/p>\n<audio class=\"wp-audio-shortcode\" id=\"audio-300188-14\" preload=\"none\" style=\"width: 100%;\" controls=\"controls\"><source type=\"audio\/mpeg\" src=\"https:\/\/www.radiopiu.net\/wordpress\/wp-content\/uploads\/2022\/10\/LIANA.mp3?_=14\" \/><a href=\"https:\/\/www.radiopiu.net\/wordpress\/wp-content\/uploads\/2022\/10\/LIANA.mp3\">https:\/\/www.radiopiu.net\/wordpress\/wp-content\/uploads\/2022\/10\/LIANA.mp3<\/a><\/audio>\n<p>&nbsp;<\/p>\n<p>&nbsp;<\/p>\n<hr \/>\n<p>&nbsp;<\/p>\n<blockquote>\n<h3>DOMENICA GIORNATA NAZIONALE DELLE PERSONE CON SINDROME DI DOWN<\/h3>\n<\/blockquote>\n<p><strong><a class=\"dt-pswp-item\" href=\"https:\/\/www.radiopiu.net\/wordpress\/wp-content\/uploads\/2022\/10\/col-nostro-passo-2022.jpg\" data-dt-img-description=\"\" data-large_image_width=\"228\" data-large_image_height=\"500\"><img loading=\"lazy\" decoding=\"async\" class=\" wp-image-300265 alignleft\" src=\"https:\/\/www.radiopiu.net\/wordpress\/wp-content\/uploads\/2022\/10\/col-nostro-passo-2022-137x300.jpg\" alt=\"\" width=\"123\" height=\"269\" srcset=\"https:\/\/www.radiopiu.net\/wordpress\/wp-content\/uploads\/2022\/10\/col-nostro-passo-2022-137x300.jpg 137w, https:\/\/www.radiopiu.net\/wordpress\/wp-content\/uploads\/2022\/10\/col-nostro-passo-2022.jpg 228w\" sizes=\"auto, (max-width: 123px) 100vw, 123px\" \/><\/a>BELLUNO <\/strong>Da molti anni la seconda domenica di ottobre \u00e8 stata scelta come data per festeggiare la Giornata Nazionale delle Persone con sindrome di Down. Come ogni anno la Sezione bellunese dell\u2019AIPD( Associazione Italiana persone Down) presenta alcune iniziative sul tema, in sintonia con le oltre cinquanta sezioni diffuse nel territorio nazionale. Riprende quest\u2019anno, dopo la pausa determinata dal rispetto per le norme anti-Covid, l\u2019appuntamento con \u201cArriviamo con il nostro passo\u201d, paradigmatico slogan che unisce le caratteristiche delle persone con sindrome di Down e le auto, Topolino e Giardinette, del Club bellunese \u201cAmici della Topolino\u201d; dal 2004, nell\u2019occasione di questa Giornata, un nutrito gruppo di queste vetture compie un percorso attraverso vari centri della provincia. Inn ognuna di queste auto storiche c\u2019\u00e8, come \u201cnavigatore\u201d, un giovane dell\u2019AIPD. In alcuni centri della provincia, inoltre, vengono allestiti dei banchetti per la distribuzione di materiale informativo sulla sindrome di Down e sulle attivit\u00e0 dell\u2019Associazione in provincia di Belluno. Per il sostegno a queste attivit\u00e0 \u00e8 organizzata anche una raccolta fondi, con offerta libera per le tavolette di cioccolato, prodotto simbolo di questa Giornata, distribuito su tutto il territorio nazionale I banchetti saranno allestiti sabato 8 ottobre ad Agordo ed Alleghe, domenica 9 ottobre a Belluno, piazza dei Martiri, Lentiai, Mel( nell\u2019ambito di \u201cMele a Mel\u201d),Feltre, largo Castaldi, Pedavena, Lamon nella piazza principale, sede di arrivo delle Topolino. L\u2019AIPD Belluno sar\u00e0 poi presente con altri analoghi banchetti a Pieve di Cadore, piazza Tiziano, luned\u00ec 10 ottobre, ed a Limana, nell\u2019ambito della \u201cFesta del Miele\u201d, domenica 16 ottobre.<\/p>\n<p>&nbsp;<\/p>\n<p>&nbsp;<\/p>\n<hr \/>\n<p>&nbsp;<\/p>\n<blockquote>\n<h3>GIORNATA NAZIONALE DEL CANE GUIDA 2022<\/h3>\n<\/blockquote>\n<p><strong><a class=\"dt-pswp-item\" href=\"https:\/\/www.radiopiu.net\/wordpress\/wp-content\/uploads\/2022\/10\/Schermata-2022-10-05-alle-17.02.27.png\" data-dt-img-description=\"\" data-large_image_width=\"878\" data-large_image_height=\"616\"><img loading=\"lazy\" decoding=\"async\" class=\" wp-image-300288 alignleft\" src=\"https:\/\/www.radiopiu.net\/wordpress\/wp-content\/uploads\/2022\/10\/Schermata-2022-10-05-alle-17.02.27-300x210.png\" alt=\"\" width=\"159\" height=\"111\" srcset=\"https:\/\/www.radiopiu.net\/wordpress\/wp-content\/uploads\/2022\/10\/Schermata-2022-10-05-alle-17.02.27-300x210.png 300w, https:\/\/www.radiopiu.net\/wordpress\/wp-content\/uploads\/2022\/10\/Schermata-2022-10-05-alle-17.02.27-768x539.png 768w, https:\/\/www.radiopiu.net\/wordpress\/wp-content\/uploads\/2022\/10\/Schermata-2022-10-05-alle-17.02.27.png 878w\" sizes=\"auto, (max-width: 159px) 100vw, 159px\" \/><\/a>BELLUNO <\/strong>In occasione della Giornata Nazionale del Cane Guida che si celebra il 16 ottobre di ogni anno, l\u2019Unione Italiana dei Ciechi e degli Ipovedenti di Belluno, organizza per la mattinata di SABATO 8 OTTOBRE 2022, in collaborazione con la Scuola Triveneta Cani Guida di Selvazzano Dentro (PD) e con il patrocinio del Comune di Belluno, un evento, rivolto alla cittadinanza, di sensibilizzazione e informazione su questi speciali compagni di vita delle persone non vedenti. La Scuola Triveneta Cani Guida creer\u00e0 un percorso in Piazza dei Martiri, dove, chi vorr\u00e0, potr\u00e0 provare la sensazione, dopo essere stato bendato e aver ricevuto le informazioni e rassicurazioni necessarie dall\u2019istruttore, di farsi guidare lungo il percorso da questi amici a quattro zampe. Si ringrazia il Comune di Belluno per il patrocinio dato all\u2019iniziativa e i volontari dell\u2019U.N.I.Vo.C. (Unione Nazionale Italiana Volontari Pro Ciechi) di Belluno per la preziosa collaborazione.<\/p>\n<p>&nbsp;<\/p>\n<p>&nbsp;<\/p>\n<hr \/>\n<p>&nbsp;<\/p>\n<blockquote>\n<h3>I COLLEGAMENTI CON LA CORRIERA DA FELTRE A SEREN DEL GRAPPA ASSICURATI DALLA \u201cCONZ<\/h3>\n<\/blockquote>\n<p><strong>di\u00a0 RENATO BONA<\/strong><\/p>\n<p>\u201d Ricordata anche l\u2019attivit\u00e0 di tre generazioni della famiglia Sbizzera di Alano di Piave \u201cLa ditta Conz nacque ad opera di Pompeo Conz che nel 1993 prelev\u00f2 la societ\u00e0 di trasporto pubblico \u2018Ricci e Tres\u2019, la quale collegava giornalmente Seren del Grappa a Feltre\u201d. Quanto precede si legge nello specifico capitolo che \u00e8 parte importante del libro \u201cUn secolo in corriera nella Provincia di Belluno\u201d, edito nel luglio 2000 a cura di DolomitiBus (stampa Tipografia Piave), ed opera di Renato Fiabane e Lionello Fiori. Di seguito si apprende che in quell\u2019anno e fino al 1946-47 assicur\u00f2 il servizio pubblico e postale con una corriera Citroen 4C a tre marce; successivamente provvide ad istituire la linea mercatale Nardo-Seren del Grappa-Feltre per il trasporto di persone nella \u201ccitt\u00e0 di Vittorino\u201d il marted\u00ec e venerd\u00ec, in concomitanza con il mercato, e fu pertanto necessario provvedere all\u2019acquisto di due mezzi: una Fiat 514 ed una 618. Altra spesa nel 1950 quando. acquist\u00f2 dalla Stefanelli di Mestre una corriera Fiat 621 usata che non ebbe peraltro il nulla osta a circolare da parte dell\u2019Ispettorato della motorizzazione dato che risultava manomessa all\u2019origine. Occorrendo del tempo per metterla in regola, la Conz ottenne dunque dalla Stefanelli il prestito di una Fiat 635. Nel 1953 altro acquisto: un Taunus utilizzato sulla Nardo-Seren del Grappa-Tomo per due corse al giorno (in seguito raddoppiate). E\u2019 del 1956 l\u2019acquisto di due Taunus, un 340 e un 380, e del 1972 quello di una Fiat 308. Sempre da notizie fornite agli autori del libro da Luciano Conz di Seren del Grappa si apprende che verso il 1973-74 dato che il Comune di Seren del Grappa aveva fatto costruire la strada di collegamento da Pian della Chiesa al capoluogo comunale, i figli di Pompeo ritennero di garantire il servizio alla piccola localit\u00e0 e comunit\u00e0 con la corriera due volte alla settimana per quanti volevano recarsi al mercato feltrino. Nel 1980 gli ultimi acquisti: una Fiat 370 da noleggio e rimessa, una Fiat carrozzata Van Hood, da turismo. L\u2019attivit\u00e0 prosegu\u00ec fino al 1987 quando la ditta Conz \u201cvenne assorbita dalla DolomitiBus, che oggi copre tutto l\u2019arco della provincia di Belluno\u201d. Restiamo nel Feltrino per dire della ditta Sbizzera di Alano di Piave che in base alle notizie di Ruggero Sbizzera inizi\u00f2 ad operare nel 1925 col servizio di noleggio da rimessa di autovetture nel territorio di Alano di Piave. Verso gli anni \u201830 avvi\u00f2 il servizio di linea con due mezzi: una Spa e una Fiat 18P con le linee mercatali che portavano le persone ai mercati: la Alano di Piave-Valdobbiadene, Alano-Montebelluna e Alano-Feltre; inoltre veniva garantito il collegamento giornaliero con la stazione di Fener, in coincidenza con i treni. Risale al 1932 l\u2019acquisto di una Fiat 507 da servizio di linea e una da turismo. Nel periodo della seconda guerra mondiale il servizio di linea fu sospeso mentre restava efficiente quello di noleggio da rimessa delle automobili. La Sbizzera ripristinava le linee mercatali nel 1946, idem per le corse giornaliere in coincidenza con i treni alla stazione di Alano di Piave. L\u2019anno seguente inizi\u00f2 il servizio postale che and\u00f2 avanti fino al 1994, con corriere di linea dall\u2019ufficio postale di Fener a quello di Alano di Piave e viceversa. E\u2019 di quell\u2019anno il subentro al padre Ugo del figlio Ruggero nella conduzione dell\u2019azienda. Che nel 1988 pass\u00f2 alla terza generazione Sbizzera rappresentata da Adriano, figlio di Ruggero, che fra l\u2019altro ne informatizzava la gestione.<\/p>\n\n\t\t\t<style type='text\/css'>\n\t\t\t\t#gallery-8 {\n\t\t\t\t\tmargin: auto;\n\t\t\t\t}\n\t\t\t\t#gallery-8 .gallery-item {\n\t\t\t\t\tfloat: left;\n\t\t\t\t\tmargin-top: 10px;\n\t\t\t\t\ttext-align: center;\n\t\t\t\t\twidth: 33%;\n\t\t\t\t}\n\t\t\t\t#gallery-8 img {\n\t\t\t\t\tborder: 2px solid #cfcfcf;\n\t\t\t\t}\n\t\t\t\t#gallery-8 .gallery-caption {\n\t\t\t\t\tmargin-left: 0;\n\t\t\t\t}\n\t\t\t\t\/* see gallery_shortcode() in wp-includes\/media.php *\/\n\t\t\t<\/style>\n\t\t<div id='gallery-8' class='dt-gallery-container gallery galleryid-300188 gallery-columns-3 gallery-size-thumbnail'><dl class='gallery-item'>\n\t\t\t\t<dt class='gallery-icon landscape'>\n\t\t\t\t\t<a class=\"rollover rollover-zoom dt-pswp-item\" title=\"1\" data-dt-img-description=\"\" data-large_image_width=\"235\" data-large_image_height=\"203\"href='https:\/\/www.radiopiu.net\/wordpress\/wp-content\/uploads\/2022\/10\/1.jpg'><img loading=\"lazy\" decoding=\"async\" width=\"150\" height=\"150\" src=\"https:\/\/www.radiopiu.net\/wordpress\/wp-content\/uploads\/2022\/10\/1-150x150.jpg\" class=\"attachment-thumbnail size-thumbnail\" alt=\"\" \/><\/a>\n\t\t\t\t<\/dt><\/dl><dl class='gallery-item'>\n\t\t\t\t<dt class='gallery-icon landscape'>\n\t\t\t\t\t<a class=\"rollover rollover-zoom dt-pswp-item\" title=\"2\" data-dt-img-description=\"\" data-large_image_width=\"1837\" data-large_image_height=\"1196\"href='https:\/\/www.radiopiu.net\/wordpress\/wp-content\/uploads\/2022\/10\/2.jpg'><img loading=\"lazy\" decoding=\"async\" width=\"150\" height=\"150\" src=\"https:\/\/www.radiopiu.net\/wordpress\/wp-content\/uploads\/2022\/10\/2-150x150.jpg\" class=\"attachment-thumbnail size-thumbnail\" alt=\"\" \/><\/a>\n\t\t\t\t<\/dt><\/dl><dl class='gallery-item'>\n\t\t\t\t<dt class='gallery-icon landscape'>\n\t\t\t\t\t<a class=\"rollover rollover-zoom dt-pswp-item\" title=\"3\" data-dt-img-description=\"\" data-large_image_width=\"1425\" data-large_image_height=\"1178\"href='https:\/\/www.radiopiu.net\/wordpress\/wp-content\/uploads\/2022\/10\/3.jpg'><img loading=\"lazy\" decoding=\"async\" width=\"150\" height=\"150\" src=\"https:\/\/www.radiopiu.net\/wordpress\/wp-content\/uploads\/2022\/10\/3-150x150.jpg\" class=\"attachment-thumbnail size-thumbnail\" alt=\"\" \/><\/a>\n\t\t\t\t<\/dt><\/dl><br style=\"clear: both\" \/><dl class='gallery-item'>\n\t\t\t\t<dt class='gallery-icon landscape'>\n\t\t\t\t\t<a class=\"rollover rollover-zoom dt-pswp-item\" title=\"4\" data-dt-img-description=\"\" data-large_image_width=\"2031\" data-large_image_height=\"1301\"href='https:\/\/www.radiopiu.net\/wordpress\/wp-content\/uploads\/2022\/10\/4.jpg'><img loading=\"lazy\" decoding=\"async\" width=\"150\" height=\"150\" src=\"https:\/\/www.radiopiu.net\/wordpress\/wp-content\/uploads\/2022\/10\/4-150x150.jpg\" class=\"attachment-thumbnail size-thumbnail\" alt=\"\" \/><\/a>\n\t\t\t\t<\/dt><\/dl><dl class='gallery-item'>\n\t\t\t\t<dt class='gallery-icon landscape'>\n\t\t\t\t\t<a class=\"rollover rollover-zoom dt-pswp-item\" title=\"5\" data-dt-img-description=\"\" data-large_image_width=\"2048\" data-large_image_height=\"1206\"href='https:\/\/www.radiopiu.net\/wordpress\/wp-content\/uploads\/2022\/10\/5.jpg'><img loading=\"lazy\" decoding=\"async\" width=\"150\" height=\"150\" src=\"https:\/\/www.radiopiu.net\/wordpress\/wp-content\/uploads\/2022\/10\/5-150x150.jpg\" class=\"attachment-thumbnail size-thumbnail\" alt=\"\" \/><\/a>\n\t\t\t\t<\/dt><\/dl><dl class='gallery-item'>\n\t\t\t\t<dt class='gallery-icon landscape'>\n\t\t\t\t\t<a class=\"rollover rollover-zoom dt-pswp-item\" title=\"6\" data-dt-img-description=\"\" data-large_image_width=\"1007\" data-large_image_height=\"925\"href='https:\/\/www.radiopiu.net\/wordpress\/wp-content\/uploads\/2022\/10\/6.jpg'><img loading=\"lazy\" decoding=\"async\" width=\"150\" height=\"150\" src=\"https:\/\/www.radiopiu.net\/wordpress\/wp-content\/uploads\/2022\/10\/6-150x150.jpg\" class=\"attachment-thumbnail size-thumbnail\" alt=\"\" \/><\/a>\n\t\t\t\t<\/dt><\/dl><br style=\"clear: both\" \/>\n\t\t\t<\/div>\n\n<p>NELLE FOTO (riproduzioni dal libro \u201cUn secolo in corriera nella Provincia di Belluno\u201d): la copertina della prestigiosa pubblicazione che risale al 2000; anni \u201840: autocorriera Fiat della Conz di Seren del Grappa; della stessa ditta, anni 1958-59 Om Supertaunus in servizio sulla Feltre-Seren del Grappa; anno 1932: la Fiat 507 una delle prime acquistate dalla Sbizzera di Alano di Piave; anni \u201860: una Fiat 680 della stessa azienda in occasione di una gita scolastica; autocorriera Alfa Romeo 500 dell\u2019azienda di Alano di Piave davanti al garage.<\/p>\n<p>&nbsp;<\/p>\n<p>&nbsp;<\/p>\n<p>&nbsp;<\/p>\n<hr \/>\n<p>&nbsp;<\/p>\n<blockquote>\n<h3>OHANNES GUREKIAN, UN PROGETTISTA ARMENO DELLE DOLOMITI<\/h3>\n<\/blockquote>\n<p><strong><a class=\"dt-pswp-item\" href=\"https:\/\/www.radiopiu.net\/wordpress\/wp-content\/uploads\/2022\/09\/Unknown.jpeg\" data-dt-img-description=\"\" data-large_image_width=\"1536\" data-large_image_height=\"2048\"><img loading=\"lazy\" decoding=\"async\" class=\" wp-image-297481 alignleft\" src=\"https:\/\/www.radiopiu.net\/wordpress\/wp-content\/uploads\/2022\/09\/Unknown-150x150.jpeg\" alt=\"\" width=\"95\" height=\"95\" \/><\/a>BELLUNO <\/strong>Fino al giorno 29 ottobre, sar\u00e0 possibile visitare il percorso espositivo presso la biblioteca civica di Agordo.\u00a0 <strong>SABATO 8<\/strong> ottobre (notte di plenilunio) trekking da Frassen\u00e9 al Rifugio Scarpa-Gurekian raccontando cosa lega questo luogo alla storia di Ohann\u00e9s Gurekian. Poi ci sar\u00e0 la possibilit\u00e0 di fermarsi per cenare.<\/p>\n<p>&nbsp;<\/p>\n<p>&nbsp;<\/p>\n<p>&nbsp;<\/p>\n<hr \/>\n<p>&nbsp;<\/p>\n<blockquote>\n<h2>PROLOCO DI RIVAMONTE AGORDINO<\/h2>\n<\/blockquote>\n<div>\n<div class=\"hael596l alzwoclg jl2a5g8c qjfq86k5 r227ecj6 gt60zsk1 s1m0hq7j\">\n<div class=\"cgu29s5g\">\n<div class=\"alzwoclg cqf1kptm siwo0mpr gu5uzgus\">\n<div class=\"jroqu855 nthtkgg5\"><strong>14-15-16 OTTOBRE 2022<\/strong><\/div>\n<\/div>\n<\/div>\n<\/div>\n<\/div>\n<div>\n<div class=\"\" dir=\"auto\">\n<div id=\"jsc_c_1y\" class=\"d2hqwtrz r227ecj6 ez8dtbzv gt60zsk1\" data-ad-comet-preview=\"message\" data-ad-preview=\"message\">\n<div class=\"alzwoclg cqf1kptm siwo0mpr gu5uzgus\">\n<div class=\"jroqu855 nthtkgg5\">\n<div class=\"m8h3af8h l7ghb35v kjdc1dyq kmwttqpk gh25dzvf n3t5jt4f\">\n<div dir=\"auto\">Finalmente ritorna l&#8217;Oktoberfest. Tre giorni di festa in compagnia di buona musica e buon cibo: Canederli, \u00a0Spatzle<\/div>\n<div dir=\"auto\">Stinco con crauti e patate fritte e Buona birra in bicchieri di vetro\u00a0 \u00a0 \u00a0<strong>STAY TUNED<\/strong><br \/>\n<a class=\"dt-pswp-item\" href=\"https:\/\/www.radiopiu.net\/wordpress\/wp-content\/uploads\/2022\/09\/306610049_3398892650338616_7875061756741663012_n.jpg\" data-dt-img-description=\"\" data-large_image_width=\"720\" data-large_image_height=\"261\"><img loading=\"lazy\" decoding=\"async\" class=\"alignnone wp-image-296989 size-full\" src=\"https:\/\/www.radiopiu.net\/wordpress\/wp-content\/uploads\/2022\/09\/306610049_3398892650338616_7875061756741663012_n.jpg\" alt=\"\" width=\"720\" height=\"261\" srcset=\"https:\/\/www.radiopiu.net\/wordpress\/wp-content\/uploads\/2022\/09\/306610049_3398892650338616_7875061756741663012_n.jpg 720w, https:\/\/www.radiopiu.net\/wordpress\/wp-content\/uploads\/2022\/09\/306610049_3398892650338616_7875061756741663012_n-300x109.jpg 300w\" sizes=\"auto, (max-width: 720px) 100vw, 720px\" \/><\/a><\/div>\n<div dir=\"auto\"><\/div>\n<\/div>\n<\/div>\n<\/div>\n<\/div>\n<\/div>\n<\/div>\n<p>&nbsp;<\/p>\n<hr \/>\n<p>&nbsp;<\/p>\n<blockquote>\n<h3>DOMENICA 23 OTTOBRE LA GRANDE FESTA ALLA FABBRICA IN PEDAVENA DI LA VALLE<\/h3>\n<\/blockquote>\n<p><a class=\"dt-pswp-item\" href=\"https:\/\/www.radiopiu.net\/wordpress\/wp-content\/uploads\/2022\/09\/be36ec51-e02a-4ee2-8c75-860605e2253f.jpg\" data-dt-img-description=\"\" data-large_image_width=\"1200\" data-large_image_height=\"628\"><img loading=\"lazy\" decoding=\"async\" class=\"aligncenter wp-image-296751 size-medium\" src=\"https:\/\/www.radiopiu.net\/wordpress\/wp-content\/uploads\/2022\/09\/be36ec51-e02a-4ee2-8c75-860605e2253f-300x157.jpg\" alt=\"\" width=\"300\" height=\"157\" srcset=\"https:\/\/www.radiopiu.net\/wordpress\/wp-content\/uploads\/2022\/09\/be36ec51-e02a-4ee2-8c75-860605e2253f-300x157.jpg 300w, https:\/\/www.radiopiu.net\/wordpress\/wp-content\/uploads\/2022\/09\/be36ec51-e02a-4ee2-8c75-860605e2253f-1024x536.jpg 1024w, https:\/\/www.radiopiu.net\/wordpress\/wp-content\/uploads\/2022\/09\/be36ec51-e02a-4ee2-8c75-860605e2253f-768x402.jpg 768w, https:\/\/www.radiopiu.net\/wordpress\/wp-content\/uploads\/2022\/09\/be36ec51-e02a-4ee2-8c75-860605e2253f.jpg 1200w\" sizes=\"auto, (max-width: 300px) 100vw, 300px\" \/><\/a><\/p>\n<p>&nbsp;<\/p>\n<p>&nbsp;<\/p>\n<hr \/>\n<p>&nbsp;<\/p>\n<blockquote>\n<h3>A BELLUNO SI PARLA DELLA GESTIONE PERIOPERATORIA DELL&#8217;ANZIANO FRAGILE<\/h3>\n<\/blockquote>\n<p><strong><a class=\"dt-pswp-item\" href=\"https:\/\/www.radiopiu.net\/wordpress\/wp-content\/uploads\/2022\/10\/Senza-nome-13.jpg\" data-dt-img-description=\"\" data-large_image_width=\"203\" data-large_image_height=\"158\"><img loading=\"lazy\" decoding=\"async\" class=\"size-full wp-image-300279 alignright\" src=\"https:\/\/www.radiopiu.net\/wordpress\/wp-content\/uploads\/2022\/10\/Senza-nome-13.jpg\" alt=\"\" width=\"203\" height=\"158\" \/><\/a>BELLUNO<\/strong> \u00c8 in programma per sabato 15 ottobre al Teatro Giovanni XXIII. &#8220;La gestione perioperatoria dell&#8217;anziano fragile&#8221; il titolo dell&#8217;incontro che si terr\u00e0 a partire dalle 18. Ad aprire la giornata un incontro aperto a tutti sule cure di lungo termine nel sostegno della fragilit\u00e0 anziana con Luigi Guglielmi, giornalista dell&#8217;Amico Del Popolo, il dottor Massimiliano Mosca, geriatra, e la dottoressa Lucia Omiciuolo, direttore dell&#8217;Unit\u00e0 Opertiva di geriatria dell&#8217;ospedale di Feltre. Alle 18:30 lo spettacolo teatrale &#8220;Mamma a carico. Mia figlia ha 90 anni&#8221; di e con Gianna Coletti per la regia di Gabriele Scotti.<\/p>\n<p><strong>L&#8217;ATTRICE GIANNA COLETTI ALLA RADIO\u00a0<\/strong><\/p>\n<audio class=\"wp-audio-shortcode\" id=\"audio-300188-15\" preload=\"none\" style=\"width: 100%;\" controls=\"controls\"><source type=\"audio\/mpeg\" src=\"https:\/\/www.radiopiu.net\/wordpress\/wp-content\/uploads\/2022\/10\/gianna-coletti.mp3?_=15\" \/><a href=\"https:\/\/www.radiopiu.net\/wordpress\/wp-content\/uploads\/2022\/10\/gianna-coletti.mp3\">https:\/\/www.radiopiu.net\/wordpress\/wp-content\/uploads\/2022\/10\/gianna-coletti.mp3<\/a><\/audio>\n<p>&nbsp;<\/p>\n<p><strong>IL PROGRAMMA<\/strong><\/p>\n<a href=\"https:\/\/www.radiopiu.net\/wordpress\/wp-content\/uploads\/2022\/10\/Anziano-fragile-spettacolo.pdf\" class=\"pdfemb-viewer\" style=\"\" data-width=\"max\" data-height=\"max\" data-toolbar=\"top\" data-toolbar-fixed=\"on\">Anziano fragile spettacolo<\/a>\n<p>&nbsp;<\/p>\n<p>&nbsp;<\/p>\n<hr \/>\n<p>&nbsp;<\/p>\n<blockquote>\n<h3>IL GRANDE FESTIVAL DEI CORI A LIMANA<\/h3>\n<\/blockquote>\n<p><strong>LIMANA<\/strong> Domenica 16 ottobre sotto la tensostruttura fronte alle scuole elementari di Limana si svolger\u00e0 la seconda edizione del Grande Festiaval dei Cori. Saranno 10 i cori bellunesi che si alterneranno per una giornata all&#8217;insegna del bel canto. Un evento con il patrocinio della Provincia di Belluno, Comune di Limana e Pro Loco. Organizza la Corale di Limana.<\/p>\n<p>&nbsp;<\/p>\n<p>&nbsp;<\/p>\n<hr \/>\n<p>&nbsp;<\/p>\n<blockquote>\n<h3>DOMENICA DI CARTA, IL 9 OTTOBRE A BELLUNO<\/h3>\n<\/blockquote>\n<p><strong>BELLUNO <\/strong>L&#8217;Archivio di Stato di Belluno organizza, come ogni anno, un&#8217;apertura straordinaria domenicale rivolta alla promozione dell&#8217;Istituto, ed in particolare alle famiglie con bambini. L&#8217;iniziativa di quest&#8217;anno consiste in un laboratorio didattico sulla realizzazione di un piccolo quaderno decorato, che poi i bambini potranno portare a casa. Parallelamente potr\u00e0 essere visitata una significativa esposizione sulle legature d&#8217;archivio tratte dal patrimonio documentario dell&#8217;Istituto, che ha sede nell&#8217;antico complesso monumentale di S. Maria dei Battuti, anch&#8217;esso visitabile. Le iniziative, fruibili anche singolarmente, richiedono prenotazione. Primo appuntamento domenica 9 ottobre con &#8220;Carte legate, carte da legare&#8221; visitabile dalle 9 alle 13. Penotazioni allo 0437 940061 o mail a\u00a0 \u00a0 as-bl@cultura.gov.it<\/p>\n<p>&nbsp;<\/p>\n<p>&nbsp;<\/p>\n<hr \/>\n<p>&nbsp;<\/p>\n<p>&nbsp;<\/p>\n<blockquote>\n<h3>IL 31\u00b0 ANNIVERSARIO DELLA FAMIGLIA EX EMIGRANTI AGORDINI<\/h3>\n<\/blockquote>\n<p><strong>CENCENIGHE<\/strong> Si svolger\u00e0 domenica 23 ottobre il 31\u00b0 anniversario della Famiglia Ex Emigranti Agordini nel mondo. Alle 10:30 la santa messa accompagnata dal coro di Livinallongo. A seguire il corteo al monumento Ex Emigranti Agordini nel mondo per la deposizione della corona d&#8217;alloro preceduti dalla Banda Da Fodom. Rinfresco per tutti al Nof Fil\u00f2 di Cencenighe e intrattenimento musicale con la Banda Da Fodom.<\/p>\n<p>&nbsp;<\/p>\n<p>&nbsp;<\/p>\n<hr \/>\n<p>&nbsp;<\/p>\n<blockquote>\n<h3>TORNA LA PEDONATA DELLE OSELETE<\/h3>\n<\/blockquote>\n<p><strong>SEDICO<\/strong> Ritorna domenica 9 ottobre la Pedonata delle Oselete a Longano, la corsa podistica di inizio autunno che tanti partecipanti aveva accolto fino alla sua 14ma edizione nel 2019. A organizzarla il locale Comitato Culturale e Ricreativo, prendendo il posto dell&#8217; Associazione genitori di Sedico che comunque dar\u00e0 il proprio contributo con la disponibilit\u00e0 di alcuni soci. La manifestazione \u00e8 a carattere non competitivo e si \u00e8 sempre rivolta alla partecipazione delle famiglie;\u00a0 un percorso, in particolare quello da 5km, adatto al trasporto di passeggini, che partendo da Longano si indirizzer\u00e0 verso Bribanet e le Oselete, la zona di campagna posta vicino alla confluenza tra Piave e Cordevole. La denominazione di Oselete \u00e8 di origine veneziana e deriva dalle piccole anatre selvatiche che l\u00ec pascolavano. Per i pi\u00f9 allenati il percorso da 10km che arriver\u00e0 fino a Sedico e interesser\u00e0 anche una parte delle Antiche Roggie.\u00a0 Iscrizioni a partire dalle ore 8.30 di domenica 9 ottobre presso il campo sportivo di Longano, con quota di 7 euro per la sola partecipazione e di 10 euro con l&#8217; aggiunta del pasta party finale posto all&#8217;arrivo presso la Casa Comunale del paese. Presente anche un fornito chiosco con sorprese per tutti i partecipanti.<\/p>\n<p>&nbsp;<\/p>\n<p>&nbsp;<\/p>\n<hr \/>\n<p>&nbsp;<\/p>\n<blockquote>\n<h3>CERTIFICATO DI QUALITA&#8217; PER IL SALONE DI PAIANE, SECONDO IN ITALIA<\/h3>\n<\/blockquote>\n<p><a class=\"dt-pswp-item\" href=\"https:\/\/www.radiopiu.net\/wordpress\/wp-content\/uploads\/2022\/10\/La_consegna_della_targa-1-scaled.jpg\" data-dt-img-description=\"\" data-large_image_width=\"2560\" data-large_image_height=\"1707\"><img loading=\"lazy\" decoding=\"async\" class=\"size-medium wp-image-300248 alignleft\" src=\"https:\/\/www.radiopiu.net\/wordpress\/wp-content\/uploads\/2022\/10\/La_consegna_della_targa-1-300x200.jpg\" alt=\"\" width=\"300\" height=\"200\" srcset=\"https:\/\/www.radiopiu.net\/wordpress\/wp-content\/uploads\/2022\/10\/La_consegna_della_targa-1-300x200.jpg 300w, https:\/\/www.radiopiu.net\/wordpress\/wp-content\/uploads\/2022\/10\/La_consegna_della_targa-1-1024x683.jpg 1024w, https:\/\/www.radiopiu.net\/wordpress\/wp-content\/uploads\/2022\/10\/La_consegna_della_targa-1-768x512.jpg 768w, https:\/\/www.radiopiu.net\/wordpress\/wp-content\/uploads\/2022\/10\/La_consegna_della_targa-1-1536x1024.jpg 1536w, https:\/\/www.radiopiu.net\/wordpress\/wp-content\/uploads\/2022\/10\/La_consegna_della_targa-1-2048x1366.jpg 2048w\" sizes=\"auto, (max-width: 300px) 100vw, 300px\" \/><\/a><strong>PONTE NELLE ALPI<\/strong>\u00a0 C\u2019\u00e8 un\u2019azienda d\u2019eccellenza: la \u201cBello e Bella\u201d di Paiane. Il salone da parrucchiera ed estetista di Donatella De Col con uno staff arricchito da dieci persone \u00e8 stato invitato in Umbria al Castello di Solfagnano, dove ha ricevuto la targa che attesta \u201cBello e Bella\u201d come un salone di qualit\u00e0, certificato Monacelli Italy.\u00a0 E&#8217; il secondo punteggio pi\u00f9 alto su scala nazionale.\u00a0 Il salone \u00e8 stato riconosciuto come \u201c5 Stelle Plus Spira Mirabilis\u201d, con il punteggio di 7.15. A Donatella De Col sono arrivati i complimenti del sindaco Paolo Vendramini . Cosa significa essere un salone certificato? Lo spiega l\u2019imprenditrice Donatella De Col: <em>\u00abUn salone sceglie in primis di esser giudicato da un organo competente quale la DNV.\u00a0 \u00c8 uno strumento potente, perch\u00e9 porta un salone ad evolversi, a svilupparsi, a migliorarsi e a puntare verso l\u2019eccellenza&#8221;.\u00a0<\/em><\/p>\n<p>&nbsp;<\/p>\n<p>&nbsp;<\/p>\n<hr \/>\n<p>&nbsp;<\/p>\n<div>\n<div class=\"b654a4as d2edcug0\">\n<div class=\"rq0escxv hkbzh7o3 jwdofwj8 n8tt0mok r8blr3vg hyh9befq\">\n<p><a class=\"dt-pswp-item\" href=\"https:\/\/www.radiopiu.net\/wordpress\/wp-content\/uploads\/2020\/10\/pp.jpg\" data-dt-img-description=\"\" data-large_image_width=\"640\" data-large_image_height=\"640\"><img loading=\"lazy\" decoding=\"async\" class=\"wp-image-163678 alignleft\" src=\"https:\/\/www.radiopiu.net\/wordpress\/wp-content\/uploads\/2020\/10\/pp-300x300.jpg\" alt=\"\" width=\"106\" height=\"106\" srcset=\"https:\/\/www.radiopiu.net\/wordpress\/wp-content\/uploads\/2020\/10\/pp-300x300.jpg 300w, https:\/\/www.radiopiu.net\/wordpress\/wp-content\/uploads\/2020\/10\/pp-150x150.jpg 150w, https:\/\/www.radiopiu.net\/wordpress\/wp-content\/uploads\/2020\/10\/pp-125x125.jpg 125w, https:\/\/www.radiopiu.net\/wordpress\/wp-content\/uploads\/2020\/10\/pp-200x200.jpg 200w, https:\/\/www.radiopiu.net\/wordpress\/wp-content\/uploads\/2020\/10\/pp-80x80.jpg 80w, https:\/\/www.radiopiu.net\/wordpress\/wp-content\/uploads\/2020\/10\/pp-480x480.jpg 480w, https:\/\/www.radiopiu.net\/wordpress\/wp-content\/uploads\/2020\/10\/pp.jpg 640w\" sizes=\"auto, (max-width: 106px) 100vw, 106px\" \/><\/a><\/p>\n<\/div>\n<\/div>\n<\/div>\n<div>\n<div class=\"page-title-head hgroup\">\n<div class=\"page-title-head hgroup\">\n<div class=\"b654a4as d2edcug0\">\n<div class=\"j83agx80 btwxx1t3 lhclo0ds hop8lmos nkwizq5d scwd0bx6 roh60bw9\">\n<div class=\"rq0escxv hkbzh7o3 jwdofwj8 n8tt0mok r8blr3vg hyh9befq\">\n<div class=\"do00u71z l9j0dhe7 k4urcfbm\">\n<h2><span style=\"color: #000080;\">DON CESARE, IL PENSIERO DEL GIORNO. ALLA RADIO ALLE 7 DEL MATTINO E ALLE 19.30 DELLA SERA.\u00a0<\/span><\/h2>\n<audio class=\"wp-audio-shortcode\" id=\"audio-300188-16\" preload=\"none\" style=\"width: 100%;\" controls=\"controls\"><source type=\"audio\/mpeg\" src=\"https:\/\/www.radiopiu.net\/wordpress\/wp-content\/uploads\/2022\/10\/CESARE-5.mp3?_=16\" \/><a href=\"https:\/\/www.radiopiu.net\/wordpress\/wp-content\/uploads\/2022\/10\/CESARE-5.mp3\">https:\/\/www.radiopiu.net\/wordpress\/wp-content\/uploads\/2022\/10\/CESARE-5.mp3<\/a><\/audio>\n<p>&nbsp;<\/p>\n<div>\n<div class=\"ecm0bbzt e5nlhep0 a8c37x1j\">\n<div class=\"kvgmc6g5 cxmmr5t8 oygrvhab hcukyx3x c1et5uql\">\n<div class=\"gmail-kvgmc6g5 gmail-cxmmr5t8 gmail-oygrvhab gmail-hcukyx3x gmail-c1et5uql gmail-ii04i59q\">\n<div class=\"page-title-head hgroup\">\n<div class=\"page-title-head hgroup\">\n<div class=\"b654a4as d2edcug0\">\n<div class=\"j83agx80 btwxx1t3 lhclo0ds hop8lmos nkwizq5d scwd0bx6 roh60bw9\">\n<div class=\"rq0escxv hkbzh7o3 jwdofwj8 n8tt0mok r8blr3vg hyh9befq\">\n<div class=\"do00u71z l9j0dhe7 k4urcfbm\">\n<div class=\"mkdf-post-text\">\n<div class=\"mkdf-post-text-inner\">\n<div class=\"mkdf-post-text-main\">\n<div class=\"mkdf-post-text\">\n<div class=\"mkdf-post-text-inner\">\n<div class=\"mkdf-post-text-main\">\n<div class=\"mkdf-post-text\">\n<div class=\"mkdf-post-text-inner\">\n<div class=\"mkdf-post-text-main\">\n<div class=\"page-title-head hgroup\">\n<div class=\"page-title-head hgroup\">\n<div class=\"mkdf-post-text\">\n<div class=\"mkdf-post-text-inner\">\n<div class=\"mkdf-post-text-main\">\n<div class=\"mkdf-post-text\">\n<div class=\"mkdf-post-text-inner\">\n<div class=\"mkdf-post-text-main\">\n<div class=\"page-title-head hgroup\">\n<div class=\"page-title-head hgroup\">\n<div class=\"page-title-head hgroup\">\n<div class=\"page-title-head hgroup\">\n<div class=\"b654a4as d2edcug0\">\n<div class=\"page-title-head hgroup\">\n<div class=\"page-title-head hgroup\">\n<div class=\"page-title-head hgroup\">\n<div class=\"page-title-head hgroup\">\n<div class=\"b654a4as d2edcug0\">\n<div class=\"page-title-head hgroup\">\n<div class=\"page-title-head hgroup\">\n<div class=\"page-title-head hgroup\">\n<div class=\"page-title-head hgroup\">\n<div class=\"b654a4as d2edcug0\">\n<div class=\"mkdf-post-text\">\n<div class=\"mkdf-post-text-inner\">\n<div class=\"mkdf-post-text-main\">\n<div class=\"mkdf-post-text\">\n<div class=\"mkdf-post-text-inner\">\n<div class=\"mkdf-post-text-main\">\n<div class=\"mkdf-post-text\">\n<div class=\"mkdf-post-text-inner\">\n<div class=\"mkdf-post-text-main\">\n<div class=\"page-title-head hgroup\">\n<div class=\"page-title-head hgroup\">\n<div class=\"mkdf-post-text\">\n<div class=\"mkdf-post-text-inner\">\n<div class=\"mkdf-post-text-main\">\n<div class=\"mkdf-post-text\">\n<div class=\"mkdf-post-text-inner\">\n<div class=\"mkdf-post-text-main\">\n<div class=\"page-title-head hgroup\">\n<div class=\"page-title-head hgroup\">\n<div class=\"page-title-head hgroup\">\n<div class=\"page-title-head hgroup\">\n<div class=\"b654a4as d2edcug0\">\n<div class=\"page-title-head hgroup\">\n<div class=\"page-title-head hgroup\">\n<div class=\"page-title-head hgroup\">\n<div class=\"page-title-head hgroup\">\n<div class=\"b654a4as d2edcug0\">\n<div class=\"page-title-head hgroup\">\n<div class=\"page-title-head hgroup\">\n<div class=\"page-title-head hgroup\">\n<div class=\"page-title-head hgroup\">\n<div class=\"b654a4as d2edcug0\">\n<hr \/>\n<p>&nbsp;<\/p>\n<h2><span style=\"color: #ff6600;\">COLLAGE OPERAZIONE NOSTALGIA<\/span><\/h2>\n<p><strong><a class=\"dt-pswp-item\" href=\"https:\/\/www.radiopiu.net\/wordpress\/wp-content\/uploads\/2022\/10\/Abba.jpg\" data-dt-img-description=\"\" data-large_image_width=\"300\" data-large_image_height=\"300\"><img loading=\"lazy\" decoding=\"async\" class=\" wp-image-299777 alignleft\" src=\"https:\/\/www.radiopiu.net\/wordpress\/wp-content\/uploads\/2022\/10\/Abba.jpg\" alt=\"\" width=\"129\" height=\"129\" srcset=\"https:\/\/www.radiopiu.net\/wordpress\/wp-content\/uploads\/2022\/10\/Abba.jpg 300w, https:\/\/www.radiopiu.net\/wordpress\/wp-content\/uploads\/2022\/10\/Abba-150x150.jpg 150w\" sizes=\"auto, (max-width: 129px) 100vw, 129px\" \/><\/a>di Loris Scussel<\/strong><\/p>\n<p>Da luned\u00ec riprender\u00e0 la consueta programmazione di Collage operazione nostalgia con la messa in onda della quarta serie caratterizzata dalla selezione di canzoni in ordine alfabetico, questa settimana quindi saranno protagoniste quelle che iniziano con le lettere A B C D E. Naturalmente troveremo canzoni pi\u00f9 o meno diverse tra loro in perfetta linea con lo spirito del programma, solo per citare alcuni esempi ascolteremo: \u00a0And I love her, Barbara Ann, California Dreamin, Dancing Queen, Emozioni e cos\u00ec via. Collage va in onda dal luned\u00ec al venerd\u00ec alle 16,00 ed in replica alle 23,00 naturalmente su Radio Pi\u00f9.<\/p>\n<p><strong>LE PUNTATE DELLA SETTIMANA<\/strong><\/p>\n<p><strong>LUNEDI&#8217;<\/strong><\/p>\n<audio class=\"wp-audio-shortcode\" id=\"audio-300188-17\" preload=\"none\" style=\"width: 100%;\" controls=\"controls\"><source type=\"audio\/mpeg\" src=\"https:\/\/www.radiopiu.net\/wordpress\/wp-content\/uploads\/2022\/10\/COLU.mp3?_=17\" \/><a href=\"https:\/\/www.radiopiu.net\/wordpress\/wp-content\/uploads\/2022\/10\/COLU.mp3\">https:\/\/www.radiopiu.net\/wordpress\/wp-content\/uploads\/2022\/10\/COLU.mp3<\/a><\/audio>\n<p>&nbsp;<\/p>\n<p><strong>MARTEDI&#8217;<\/strong><\/p>\n<audio class=\"wp-audio-shortcode\" id=\"audio-300188-18\" preload=\"none\" style=\"width: 100%;\" controls=\"controls\"><source type=\"audio\/mpeg\" src=\"https:\/\/www.radiopiu.net\/wordpress\/wp-content\/uploads\/2022\/10\/COMA.mp3?_=18\" \/><a href=\"https:\/\/www.radiopiu.net\/wordpress\/wp-content\/uploads\/2022\/10\/COMA.mp3\">https:\/\/www.radiopiu.net\/wordpress\/wp-content\/uploads\/2022\/10\/COMA.mp3<\/a><\/audio>\n<p>&nbsp;<\/p>\n<p><strong>MERCOLEDI&#8217;<\/strong><\/p>\n<audio class=\"wp-audio-shortcode\" id=\"audio-300188-19\" preload=\"none\" style=\"width: 100%;\" controls=\"controls\"><source type=\"audio\/mpeg\" src=\"https:\/\/www.radiopiu.net\/wordpress\/wp-content\/uploads\/2022\/10\/COME.mp3?_=19\" \/><a href=\"https:\/\/www.radiopiu.net\/wordpress\/wp-content\/uploads\/2022\/10\/COME.mp3\">https:\/\/www.radiopiu.net\/wordpress\/wp-content\/uploads\/2022\/10\/COME.mp3<\/a><\/audio>\n<p>&nbsp;<\/p>\n<hr \/>\n<p>&nbsp;<\/p>\n<div>\n<p>&nbsp;<\/p>\n<blockquote class=\"wp-embedded-content\" data-secret=\"OKf7E5Yxfr\"><p><a href=\"https:\/\/www.radiopiu.net\/wordpress\/odio-la-radio-dieci-anni-dopo-di-mirko-mezzacasa\/\">&#8220;ODIO LA RADIO&#8221;&#8230; DIECI ANNI DOPO, di Mirko Mezzacasa<\/a><\/p><\/blockquote>\n<p><iframe loading=\"lazy\" class=\"wp-embedded-content\" sandbox=\"allow-scripts\" security=\"restricted\" style=\"position: absolute; clip: rect(1px, 1px, 1px, 1px);\" title=\"&#8220;&#8220;ODIO LA RADIO&#8221;&#8230; DIECI ANNI DOPO, di Mirko Mezzacasa&#8221; &#8212; Radio Pi\u00f9\" src=\"https:\/\/www.radiopiu.net\/wordpress\/odio-la-radio-dieci-anni-dopo-di-mirko-mezzacasa\/embed\/#?secret=5zlEXb57Hd#?secret=OKf7E5Yxfr\" data-secret=\"OKf7E5Yxfr\" width=\"600\" height=\"338\" frameborder=\"0\" marginwidth=\"0\" marginheight=\"0\" scrolling=\"no\"><\/iframe><\/p>\n<p>&nbsp;<\/p>\n<hr \/>\n<p>&nbsp;<\/p>\n<p><a class=\"dt-pswp-item\" href=\"https:\/\/www.radiopiu.net\/wordpress\/wp-content\/uploads\/2018\/09\/WhatsApp-Image-2018-09-20-at-16.04.06.jpeg\" data-dt-img-description=\"\" data-large_image_width=\"800\" data-large_image_height=\"100\"><img loading=\"lazy\" decoding=\"async\" class=\"aligncenter wp-image-61378 size-full\" src=\"https:\/\/www.radiopiu.net\/wordpress\/wp-content\/uploads\/2018\/09\/WhatsApp-Image-2018-09-20-at-16.04.06.jpeg\" alt=\"\" width=\"800\" height=\"100\" srcset=\"https:\/\/www.radiopiu.net\/wordpress\/wp-content\/uploads\/2018\/09\/WhatsApp-Image-2018-09-20-at-16.04.06.jpeg 800w, https:\/\/www.radiopiu.net\/wordpress\/wp-content\/uploads\/2018\/09\/WhatsApp-Image-2018-09-20-at-16.04.06-300x38.jpeg 300w, https:\/\/www.radiopiu.net\/wordpress\/wp-content\/uploads\/2018\/09\/WhatsApp-Image-2018-09-20-at-16.04.06-768x96.jpeg 768w\" sizes=\"auto, (max-width: 800px) 100vw, 800px\" \/><\/a><\/p>\n<p>&nbsp;<\/p>\n<p><strong>gioved\u00ec 6.<\/strong>\u00a0Stupenda giornata autunnale, ben soleggiata con cielo terso sulle Dolomiti; stesse condizioni sulla maggiore parte delle Prealpi, eccetto probabili nubi basse mattutine in alcune conche e su alcuni settori a ridosso della pedemontana, in diradamento dopo il sorgere del sole. Il contesto termico rimarr\u00e0 assai mite durante le ore diurne, specie nei posti pi\u00f9 assolati.<br \/>\n<strong>Precipitazioni.<\/strong>\u00a0Assenti (0%).<br \/>\n<strong>Temperature.<\/strong>\u00a0In quota in generale lieve calo con massime nella notte e minime osservate alla sera; nelle valli minime pressoch\u00e9 stazionarie, con inversione termica notturna; massime in leggero aumento grazie alla minore umidit\u00e0. Su Prealpi a 1500 m min 11\u00b0C max 16\u00b0C, a 2000 m min 8\u00b0C max 13\u00b0C. Su Dolomiti a 2000 m min 7\u00b0C max 13\u00b0C, a 3000 m min 4\u00b0C max 8\u00b0C.<br \/>\n<strong>Venti.<\/strong>\u00a0Nelle valli perlopi\u00f9 deboli per brezze, a tratti e localmente moderati; in quota deboli occidentali al mattino e meridionali al pomeriggio, a 5-10 km\/h sia a 2000 m che a 3000 m.<\/p>\n<p><strong>venerd\u00ec 7.<\/strong>\u00a0Altra stupenda giornata autunnale, ben soleggiata con cielo sereno o a tratti leggermente velato da sottili nubi alte. L&#8217;insidia nubi basse mattutine sar\u00e0 assai contenuta e limitata a qualche settore, specie in Valbelluna. Alla sera leggero infittirsi della nuvolosit\u00e0 alta. Forte escursione termica giornaliera nelle valli con notte fresca e giornata ancora assi mite.<br \/>\n<strong>Precipitazioni.<\/strong>\u00a0Assenti (0%).<br \/>\n<strong>Temperature.<\/strong>\u00a0In generale leggero calo a tutte le quote, anche contenuta sulle cime pi\u00f9 alte. Su Prealpi a 1500 m min 10\u00b0C max 14\u00b0C, a 2000 m min 7\u00b0C max 11\u00b0C. Su Dolomiti a 2000 m min 6\u00b0C max 11\u00b0C, a 3000 m min 2\u00b0C max 4\u00b0C.<br \/>\n<strong>Venti.<\/strong>\u00a0Nelle valli perlopi\u00f9 deboli per brezze, a tratti e localmente moderati per rinforzi erratici; in quota deboli\/moderati da sud-ovest, a 5-10 km\/h a 2000 m e 10-20 km\/h a 3000 m.<\/p>\n<p><strong>sabato 8.<\/strong>\u00a0Sulle Dolomiti tempo ancora stabile e perlopi\u00f9 soleggiato, nonostante il transito di nubi alte, prima che il cielo si copr\u00e0 rapidamente alla sera per nubi medie e basse. Sulle Prealpi minore soleggiamento per nubi basse, in parziale diradamento, prima che la copertura aumenti a fine giornata, come sulle Dolomiti. Temperature in diminuzione, eccetto stazionariet\u00e0 delle minime nelle valli. Venti perlopi\u00f9 deboli per brezze nelle valli, salvo locali rinforzi erratici; in quota moderati da sud sud-ovest, anche tesi sulle cime pi\u00f9 alte.<\/p>\n<p><strong>domenica 9.<\/strong>\u00a0Nottetempo ed al mattino cielo molto nuvoloso\/coperto associato a deboli precipitazioni sparse, nevose sulle cime pi\u00f9 alte. Al pomeriggio attenuazione della nuvolosit\u00e0 e schiarite. Temperature in generale lieve diminuzione, eccetto rialzo delle minime nelle valli. Venti perlopi\u00f9 deboli di direzione variabile nelle valli, salvo lievi e locali rinforzi; in quota deboli da nord al mattino e moderati da sud al pomeriggio. Previsore: R.L.Th.<\/p>\n<p>&nbsp;<\/p>\n<hr \/>\n<p>&nbsp;<\/p>\n<p><strong>OGNI GIORNO IL MERCATINO A RADIO PIU&#8217;, AL QUARANTESIMO MINUTO. IL PUNTO DI RIFERIMENTO PER CHI OFFRE O CERCA LAVORO NELL&#8217;ARCO DOLOMITICO, CENTINAIA DI VISUALIZZAZIONI AL GIORNO SUL SITO INTERNET, IN AUDIO ALLA RADIO E IN STREAMING IL TUTTO IL MONDO. IL MERCATINO DI RADIO PIU, PER INSERIRE I TUOI ANNUNCI SCRIVI A <span style=\"color: #0000ff;\">radiopiu@radiopiu.it<\/span><\/strong><\/p>\n<blockquote class=\"wp-embedded-content\" data-secret=\"bIXaTILNZ2\"><p><a href=\"https:\/\/www.radiopiu.net\/wordpress\/mercatino-e-mercatino-delle-pulci-per-i-vostri-annunci-radiopiuradiopiu-it\/\">MERCATINO<\/a><\/p><\/blockquote>\n<p><iframe loading=\"lazy\" class=\"wp-embedded-content\" sandbox=\"allow-scripts\" security=\"restricted\" style=\"position: absolute; clip: rect(1px, 1px, 1px, 1px);\" title=\"&#8220;MERCATINO&#8221; &#8212; Radio Pi\u00f9\" src=\"https:\/\/www.radiopiu.net\/wordpress\/mercatino-e-mercatino-delle-pulci-per-i-vostri-annunci-radiopiuradiopiu-it\/embed\/#?secret=sqvqVAIE8P#?secret=bIXaTILNZ2\" data-secret=\"bIXaTILNZ2\" width=\"600\" height=\"338\" frameborder=\"0\" marginwidth=\"0\" marginheight=\"0\" scrolling=\"no\"><\/iframe><\/p>\n<\/div>\n<p>&nbsp;<\/p>\n<p>&nbsp;<\/p>\n<div>\n<hr \/>\n<p>&nbsp;<\/p>\n<p><a href=\"https:\/\/www.radiopiu.net\/wordpress\/giornale-radiopiu-26-settembre-2018-direttore-mirko-mezzacasa\/viabilita-2\/\" rel=\"attachment wp-att-61954\"><img loading=\"lazy\" decoding=\"async\" class=\"aligncenter wp-image-61954 size-full\" src=\"https:\/\/www.radiopiu.net\/wordpress\/wp-content\/uploads\/2018\/09\/viabilita.jpeg\" sizes=\"auto, (max-width: 800px) 100vw, 800px\" srcset=\"https:\/\/www.radiopiu.net\/wordpress\/wp-content\/uploads\/2018\/09\/viabilita.jpeg 800w, https:\/\/www.radiopiu.net\/wordpress\/wp-content\/uploads\/2018\/09\/viabilita-300x38.jpeg 300w, https:\/\/www.radiopiu.net\/wordpress\/wp-content\/uploads\/2018\/09\/viabilita-768x96.jpeg 768w\" alt=\"\" width=\"800\" height=\"100\" \/><\/a><\/p>\n<p>&nbsp;<\/p>\n<blockquote>\n<h3>STRADA DI DIGOMAN A SENSO UNICO ALTERNATO FINO AL 7 OTTOBRE<\/h3>\n<\/blockquote>\n<p><strong><a class=\"dt-pswp-item\" href=\"https:\/\/www.radiopiu.net\/wordpress\/wp-content\/uploads\/2020\/05\/VENETO-STRADE.png\" data-dt-img-description=\"\" data-large_image_width=\"400\" data-large_image_height=\"400\"><img loading=\"lazy\" decoding=\"async\" class=\"wp-image-135574 alignleft\" src=\"https:\/\/www.radiopiu.net\/wordpress\/wp-content\/uploads\/2020\/05\/VENETO-STRADE-300x300.png\" alt=\"\" width=\"140\" height=\"140\" srcset=\"https:\/\/www.radiopiu.net\/wordpress\/wp-content\/uploads\/2020\/05\/VENETO-STRADE-300x300.png 300w, https:\/\/www.radiopiu.net\/wordpress\/wp-content\/uploads\/2020\/05\/VENETO-STRADE-150x150.png 150w, https:\/\/www.radiopiu.net\/wordpress\/wp-content\/uploads\/2020\/05\/VENETO-STRADE.png 400w\" sizes=\"auto, (max-width: 140px) 100vw, 140px\" \/><\/a><\/strong><\/p>\n<p><strong>VOLTAGO<\/strong> Veneto Strade comunica che dal 29 settembre e fino al 7 ottobre, esclusi sabato e domenica, la SP 26 di Digoman sar\u00e0 interessata da un&#8217;istituzione di senso unico alternato regolato da semaforo in comune di Voltago. Nel periodo interessato sar\u00e0 istituito anche il divieto di transito ai veicoli aventi massa a pieno carico superiore alle 7,5 tonnellate. Sar\u00e0 posta idonea segnaletica.<\/p>\n<p>&nbsp;<\/p>\n<p>&nbsp;<\/p>\n<p>&nbsp;<\/p>\n<hr \/>\n<blockquote>\n<h3><\/h3>\n<h3>SP 8 DI SAN TOMASO, PROROGATA LA CHIUSURA A FASCE ORARIE FINO ALL&#8217;11 NOVEMBRE<\/h3>\n<\/blockquote>\n<p><strong><img loading=\"lazy\" decoding=\"async\" class=\"alignleft\" src=\"https:\/\/www.radiopiu.net\/wordpress\/wp-content\/uploads\/2021\/11\/81aa72cc-d66b-44fa-afd5-7103ae531a24.jpg\" width=\"154\" height=\"113\" \/>SAN TOMASO<\/strong> Da un mese sono iniziati i lavori sulla SP 8 di San Tomaso a Col Zares\u00e8. Veneto Strade ha comunicato la proroga dell&#8217;ordinanza fino al 11 novembre. E\u2019 dal 17 luglio del 2014 che per raggiungere San Tomaso da Cencenighe \u00e8 d\u2019obbligo il rispetto del semaforo, ma dalla prossima stagione autunnale a lavori terminati e micropali piantati tutto cambier\u00e0. Ai residenti soprattutto viene richiesto ancora un sacrificio, ma pur di rivedere aperta quella strada nella sua normalit\u00e0 \u00e8 giustificato e lecito. Fino al 11 novembre, esclusi festivi e prefestivi, la strada chiuder\u00e0 totalmente dalle 7.15 alle 12.45 e dalle 14.15 alle 17.45. Negli altri orari senso unico alternato regolato da semaforo.<\/p>\n<p>&nbsp;<\/p>\n<p><em><strong>DIVIETO DI TRANSITO VEICOLARE A FADES DI LA VALLE AGORDINA TRA L&#8217;INCROCIO CON LA SR 347 E IL CIVICO 2. FINO AL 18 NOVEMBRE, SABATO, DOMENICA E FESTIVI COMPRESI. IL DIVIETO AVRA&#8217; EFFICACIA NEI GIORNI DI EFFETTIVA ESECUZIONE DEL CANTIERE.\u00a0\u00a0<\/strong><\/em><\/p>\n<p>&nbsp;<\/p>\n<p>AGGIORNAMENTO VENETO STRADE, AGGIORNAMENTO CONTINUO H 24<\/p>\n<p>&nbsp;<\/p>\n<blockquote class=\"wp-embedded-content\" data-secret=\"2aAlEfDWdt\"><p><a href=\"https:\/\/www.radiopiu.net\/wordpress\/viabilita\/\">viabilita<\/a><\/p><\/blockquote>\n<p><iframe loading=\"lazy\" class=\"wp-embedded-content\" sandbox=\"allow-scripts\" security=\"restricted\" style=\"position: absolute; clip: rect(1px, 1px, 1px, 1px);\" title=\"&#8220;viabilita&#8221; &#8212; Radio Pi\u00f9\" src=\"https:\/\/www.radiopiu.net\/wordpress\/viabilita\/embed\/#?secret=KI1Uvta6Au#?secret=2aAlEfDWdt\" data-secret=\"2aAlEfDWdt\" width=\"600\" height=\"338\" frameborder=\"0\" marginwidth=\"0\" marginheight=\"0\" scrolling=\"no\"><\/iframe><\/p>\n<p>&nbsp;<\/p>\n<hr \/>\n<p>&nbsp;<\/p>\n<p>&nbsp;<\/p>\n<p><img loading=\"lazy\" decoding=\"async\" class=\"wp-image-60761 size-full aligncenter\" src=\"https:\/\/www.radiopiu.net\/wordpress\/wp-content\/uploads\/2018\/09\/sport.jpg\" alt=\"\" width=\"800\" height=\"100\" srcset=\"https:\/\/www.radiopiu.net\/wordpress\/wp-content\/uploads\/2018\/09\/sport.jpg 800w, https:\/\/www.radiopiu.net\/wordpress\/wp-content\/uploads\/2018\/09\/sport-300x38.jpg 300w, https:\/\/www.radiopiu.net\/wordpress\/wp-content\/uploads\/2018\/09\/sport-768x96.jpg 768w\" sizes=\"auto, (max-width: 800px) 100vw, 800px\" \/><\/p>\n<p><span style=\"color: #0000ff;\"><strong>CALCIO\u00a0<\/strong><\/span><\/p>\n<blockquote>\n<h3>BELLA VITTORIA DEL LE VILLE CONTRO IL SOCCHER<\/h3>\n<\/blockquote>\n<p><strong><a class=\"dt-pswp-item\" href=\"https:\/\/www.radiopiu.net\/wordpress\/wp-content\/uploads\/2020\/09\/US-LE-VILLE.jpg\" data-dt-img-description=\"\" data-large_image_width=\"585\" data-large_image_height=\"576\"><img loading=\"lazy\" decoding=\"async\" class=\"wp-image-163077 alignleft\" src=\"https:\/\/www.radiopiu.net\/wordpress\/wp-content\/uploads\/2020\/09\/US-LE-VILLE-300x295.jpg\" alt=\"\" width=\"108\" height=\"106\" srcset=\"https:\/\/www.radiopiu.net\/wordpress\/wp-content\/uploads\/2020\/09\/US-LE-VILLE-300x295.jpg 300w, https:\/\/www.radiopiu.net\/wordpress\/wp-content\/uploads\/2020\/09\/US-LE-VILLE-80x80.jpg 80w, https:\/\/www.radiopiu.net\/wordpress\/wp-content\/uploads\/2020\/09\/US-LE-VILLE-488x480.jpg 488w, https:\/\/www.radiopiu.net\/wordpress\/wp-content\/uploads\/2020\/09\/US-LE-VILLE.jpg 585w\" sizes=\"auto, (max-width: 108px) 100vw, 108px\" \/><\/a>AGORDO<\/strong> Continua il campionato Open CSI del Le Ville che domenica scorsa ha vinto contro il Soccher. 4 a 1 il risultato finale del match giocato a Voltago e valido per la seconda giornata della stagione. La squadra di Romano Costantini era partita con una sconfitta la settimana scorsa ma ha rialzato la testa facendo vedere di che pasta \u00e8 fatta.<\/p>\n<p><strong>VIKY RIVA, GIOCATORE DEL LE VILLE<\/strong><\/p>\n<audio class=\"wp-audio-shortcode\" id=\"audio-300188-20\" preload=\"none\" style=\"width: 100%;\" controls=\"controls\"><source type=\"audio\/mpeg\" src=\"https:\/\/www.radiopiu.net\/wordpress\/wp-content\/uploads\/2022\/10\/VIKY-RIVA-LE-VILLE.mp3?_=20\" \/><a href=\"https:\/\/www.radiopiu.net\/wordpress\/wp-content\/uploads\/2022\/10\/VIKY-RIVA-LE-VILLE.mp3\">https:\/\/www.radiopiu.net\/wordpress\/wp-content\/uploads\/2022\/10\/VIKY-RIVA-LE-VILLE.mp3<\/a><\/audio>\n<p>&nbsp;<\/p>\n<hr \/>\n<p>&nbsp;<\/p>\n<p><span style=\"color: #0000ff;\"><strong>PALLAVOLO<br \/>\n<\/strong>\u00a0<\/span><\/p>\n<blockquote>\n<h3><a class=\"dt-pswp-item\" href=\"https:\/\/www.radiopiu.net\/wordpress\/wp-content\/uploads\/2022\/10\/Abbraccio_collettivo_delle_lupe.jpg\" data-dt-img-description=\"\" data-large_image_width=\"800\" data-large_image_height=\"400\"><img loading=\"lazy\" decoding=\"async\" class=\" wp-image-300246 alignleft\" src=\"https:\/\/www.radiopiu.net\/wordpress\/wp-content\/uploads\/2022\/10\/Abbraccio_collettivo_delle_lupe-300x150.jpg\" alt=\"\" width=\"248\" height=\"124\" srcset=\"https:\/\/www.radiopiu.net\/wordpress\/wp-content\/uploads\/2022\/10\/Abbraccio_collettivo_delle_lupe-300x150.jpg 300w, https:\/\/www.radiopiu.net\/wordpress\/wp-content\/uploads\/2022\/10\/Abbraccio_collettivo_delle_lupe-768x384.jpg 768w, https:\/\/www.radiopiu.net\/wordpress\/wp-content\/uploads\/2022\/10\/Abbraccio_collettivo_delle_lupe.jpg 800w\" sizes=\"auto, (max-width: 248px) 100vw, 248px\" \/><\/a>PRESENTAZIONE IN CENTRO E VIA CON LA PALLAVOLO FEMMINILE<\/h3>\n<\/blockquote>\n<p>La Pallavolo Belluno femminile si svela alla citt\u00e0. Mercoled\u00ec 12 ottobre\u00a0 alle 18 in piazza dei Martiri andr\u00e0 in scena la presentazione ufficiale delle \u201clupe\u201d. Ma prima della \u201cpasserella\u201d nel cuore di Belluno, \u00e8 tempo di scendere in campo. Anche infrasettimanalmente. S\u00ec, perch\u00e9\u00a0 oggi il sestetto guidato da Paolo Viel sar\u00e0 di scena al Palimana, contro le padrone di casa della Scp, per la terza giornata del girone eliminatorio di Coppa Veneto.\u00a0 Dopo il passivo maturato all\u2019esordio con Feltre e la splendida vittoria a Fregona, Fantinel e compagne si trovano al terzo posto nella mini classifica del raggruppamento, appaiate proprio alle limanesi. Sabato, invece, si riapriranno le porte del De Mas per un altro derby, contro un Sedico attualmente a punteggio pieno.<\/p>\n<p>&nbsp;<\/p>\n<p>&nbsp;<\/p>\n<hr \/>\n<p>&nbsp;<\/p>\n<\/div>\n<\/div>\n<\/div>\n<\/div>\n<\/div>\n<\/div>\n<\/div>\n<\/div>\n<\/div>\n<\/div>\n<\/div>\n<\/div>\n<\/div>\n<\/div>\n<\/div>\n<\/div>\n<\/div>\n<\/div>\n<\/div>\n<\/div>\n<\/div>\n<\/div>\n<\/div>\n<\/div>\n<\/div>\n<\/div>\n<\/div>\n<\/div>\n<\/div>\n<\/div>\n<\/div>\n<\/div>\n<\/div>\n<\/div>\n<\/div>\n<\/div>\n<\/div>\n<\/div>\n<\/div>\n<\/div>\n<\/div>\n<\/div>\n<\/div>\n<\/div>\n<\/div>\n<\/div>\n<\/div>\n<\/div>\n<\/div>\n<\/div>\n<\/div>\n<\/div>\n<\/div>\n<\/div>\n<\/div>\n<\/div>\n<\/div>\n<\/div>\n<\/div>\n<\/div>\n<\/div>\n<\/div>\n<\/div>\n<\/div>\n<\/div>\n<\/div>\n<\/div>\n<\/div>\n<\/div>\n<\/div>\n<\/div>\n<\/div>\n<\/div>\n<\/div>\n<\/div>\n<\/div>\n<\/div>\n<\/div>\n<\/div>\n<\/div>\n<\/div>\n<\/div>\n","protected":false},"excerpt":{"rendered":"<p>RADIO PIU INFORMAZIONE il canale su TELEGRAM informazione di prima\u00a0\u00a0mano e in tempo reale. iscriviti ed aiutaci a farlo conoscere ultim&#8217;ora, 5.45 del mattino del 6 ottobre CARABINIERI E SUEM SALVANO L&#8217;ANZIANO IN CASA DI RIPOSO TAIBON Aveva gi\u00e0 scavalcato il balcone del terrazzo al secondo piano della casa di soggiorno di Taibon Agordino, voleva&hellip;<\/p>\n","protected":false},"author":4,"featured_media":300312,"comment_status":"closed","ping_status":"closed","sticky":false,"template":"","format":"standard","meta":{"_monsterinsights_skip_tracking":false,"_monsterinsights_sitenote_active":false,"_monsterinsights_sitenote_note":"","_monsterinsights_sitenote_category":0,"footnotes":""},"categories":[51,86,49],"tags":[],"class_list":["post-300188","post","type-post","status-publish","format-standard","has-post-thumbnail","hentry","category-evidenza-top","category-gr","category-news-18","category-51","category-86","category-49","description-off"],"img_url":"https:\/\/www.radiopiu.net\/wordpress\/wp-content\/uploads\/2022\/10\/a2b1f5e3-5869-422f-bc10-802f0c8c0ebf.jpg","_links":{"self":[{"href":"https:\/\/www.radiopiu.net\/wordpress\/wp-json\/wp\/v2\/posts\/300188","targetHints":{"allow":["GET"]}}],"collection":[{"href":"https:\/\/www.radiopiu.net\/wordpress\/wp-json\/wp\/v2\/posts"}],"about":[{"href":"https:\/\/www.radiopiu.net\/wordpress\/wp-json\/wp\/v2\/types\/post"}],"author":[{"embeddable":true,"href":"https:\/\/www.radiopiu.net\/wordpress\/wp-json\/wp\/v2\/users\/4"}],"replies":[{"embeddable":true,"href":"https:\/\/www.radiopiu.net\/wordpress\/wp-json\/wp\/v2\/comments?post=300188"}],"version-history":[{"count":0,"href":"https:\/\/www.radiopiu.net\/wordpress\/wp-json\/wp\/v2\/posts\/300188\/revisions"}],"wp:featuredmedia":[{"embeddable":true,"href":"https:\/\/www.radiopiu.net\/wordpress\/wp-json\/wp\/v2\/media\/300312"}],"wp:attachment":[{"href":"https:\/\/www.radiopiu.net\/wordpress\/wp-json\/wp\/v2\/media?parent=300188"}],"wp:term":[{"taxonomy":"category","embeddable":true,"href":"https:\/\/www.radiopiu.net\/wordpress\/wp-json\/wp\/v2\/categories?post=300188"},{"taxonomy":"post_tag","embeddable":true,"href":"https:\/\/www.radiopiu.net\/wordpress\/wp-json\/wp\/v2\/tags?post=300188"}],"curies":[{"name":"wp","href":"https:\/\/api.w.org\/{rel}","templated":true}]}}