{"id":300329,"date":"2022-10-07T05:50:52","date_gmt":"2022-10-07T03:50:52","guid":{"rendered":"https:\/\/www.radiopiu.net\/wordpress\/?p=300329"},"modified":"2022-10-07T08:15:39","modified_gmt":"2022-10-07T06:15:39","slug":"giornale-radiopiu-07-ottobre-2022-direttore-mirko-mezzacasa","status":"publish","type":"post","link":"https:\/\/www.radiopiu.net\/wordpress\/giornale-radiopiu-07-ottobre-2022-direttore-mirko-mezzacasa\/","title":{"rendered":"GIORNALE RADIOPIU 07 OTTOBRE 2022 DIRETTORE MIRKO MEZZACASA"},"content":{"rendered":"<h3 class=\"kvgmc6g5 cxmmr5t8 oygrvhab hcukyx3x c1et5uql\"><span style=\"color: #0000ff;\"><strong>RADIO PIU INFORMAZIONE il canale su TELEGRAM informazione di prima\u00a0\u00a0<\/strong><strong>mano e in tempo reale. iscriviti ed aiutaci a farlo conoscere<\/strong><\/span><\/h3>\n<p>&nbsp;<\/p>\n<hr \/>\n<p>&nbsp;<\/p>\n<p>&nbsp;<\/p>\n<p><strong><a class=\"dt-pswp-item\" href=\"https:\/\/www.radiopiu.net\/wordpress\/wp-content\/uploads\/2022\/03\/34aef5a3-d079-4d5e-bdd8-7528097f9cec.jpg\" data-dt-img-description=\"\" data-large_image_width=\"1920\" data-large_image_height=\"1080\"><img loading=\"lazy\" decoding=\"async\" class=\"wp-image-265028 alignleft\" src=\"https:\/\/www.radiopiu.net\/wordpress\/wp-content\/uploads\/2022\/03\/34aef5a3-d079-4d5e-bdd8-7528097f9cec-300x169.jpg\" alt=\"\" width=\"183\" height=\"103\" srcset=\"https:\/\/www.radiopiu.net\/wordpress\/wp-content\/uploads\/2022\/03\/34aef5a3-d079-4d5e-bdd8-7528097f9cec-300x169.jpg 300w, https:\/\/www.radiopiu.net\/wordpress\/wp-content\/uploads\/2022\/03\/34aef5a3-d079-4d5e-bdd8-7528097f9cec-1024x576.jpg 1024w, https:\/\/www.radiopiu.net\/wordpress\/wp-content\/uploads\/2022\/03\/34aef5a3-d079-4d5e-bdd8-7528097f9cec-768x432.jpg 768w, https:\/\/www.radiopiu.net\/wordpress\/wp-content\/uploads\/2022\/03\/34aef5a3-d079-4d5e-bdd8-7528097f9cec-1536x864.jpg 1536w, https:\/\/www.radiopiu.net\/wordpress\/wp-content\/uploads\/2022\/03\/34aef5a3-d079-4d5e-bdd8-7528097f9cec.jpg 1920w\" sizes=\"auto, (max-width: 183px) 100vw, 183px\" \/><\/a>AGORDO<\/strong>\u00a0 Anche il Comune di Agordo corre ai ripari per il caro energia. Da ieri sera alcuni lampioni della pubblica illuminazione sono stati spenti.\u00a0 Uno acceso e l&#8217;altro spento anche lungo la regionale 203 agordina tra Agordo e Taibon. Questo permetter\u00e0 di contenere i costi, ma non sar\u00e0 sufficiente in questi tempi duri. L&#8217;amministrazione sta infatti predisponendo anche uno spegnimento notturno totale, in linea di massima\u00a0 tra l&#8217;una e le quattro del mattino ma anche in questo caso non sar\u00e0 uno spegnimento totale<\/p>\n<p>&nbsp;<\/p>\n<hr \/>\n<p>&nbsp;<\/p>\n<p><strong>RIVAMONTE AGORDINO: Chiusura temporanea Ecocentro per manifestazione \u201cRiva l\u2019Oktoberfest\u201d<\/strong><\/p>\n<p><strong>AGORDO<\/strong> L\u2019Ecocentro di Rivamonte Agordino rimarr\u00e0 chiuso sabato 8 e sabato 15 ottobre 2022 come richiesto dal Comune per consentire lo svolgimento della manifestazione denominata \u201cRiva l\u2019Oktoberfest\u201d. Si ricorda che\u00a0le utenze possono accedere a\u00a0qualsiasi Ecocentro del territorio dell\u2019Unione Montana Agordina,\u00a0verificando sedi e orari di apertura\u00a0nella pagina ECOCENTRO.<\/p>\n<p>&nbsp;<\/p>\n<hr \/>\n<p>&nbsp;<\/p>\n<p><strong>ACQUA INQUINATA\u00a0 A GOSALDO<\/strong><span style=\"color: #ff0000;\"> LE FOCHE, LAMBROI, DENEORE, MAGAIT, REN, SELLE, COL TAMAI, BITTI, GIARDOI E PETTUINE <\/span><span style=\"color: #ff0000;\"><span style=\"color: #000000;\">servizio autobotti a le Foche e Lambroi<\/span><\/span><\/p>\n<p><strong>ACQUA INQUINATA ANCHE A COLLE SANTA LUCIA<\/strong> in LOCALITA\u2019 RUCAVA\u2019 dove l\u2019acqua erogata dall\u2019acquedotto non \u00e8 potabile e non pu\u00f2 essere usata per scopi alimentari. Verr\u00e0 effettuato servizio sostitutivo con cisterna posizionata presso il CENTRO di Rucav\u00e0. GSP ha, comunque, gi\u00e0 adottato le necessarie misure per la disinfezione dell\u2019acqua presente nei serbatoi e nella rete idrica con l\u2019aggiunta di cloro.<\/p>\n<p>&nbsp;<\/p>\n<hr \/>\n<p>&nbsp;<\/p>\n<blockquote>\n<h3>LA PROSSIMA SETTIMANA LAVORI IN CORSO A TAIBON AGORDINO<\/h3>\n<\/blockquote>\n<p><strong>TAIBON\u00a0<\/strong>La prossima sar\u00e0 una settimana caratterizzata dai lavori a Taibon Agordino. Il comune ha emesso due ordinanze per consentire dei lavori in due zone del paese. La prima interessa la chiusura temporanea in via Brustolon per il trasbordo delle travi per la passerella Tegnas con il divieto di transito veicolare e pedonale dalle 5 alle 8 nel giorno 12 ottobre che interesser\u00e0 il tratto di strada da Piazza San Rocco fino all&#8217;intersezione con Via Chiesa. Non sar\u00e0 possibile utilizzare il parcheggio sul primo piazzale de Le Grave del Tegnas dal 12 al 29 ottobre e il secondo e terzo piazzale sar\u00e0 utilizzabile solo dai residenti fino al 5 novembre. La seconda ordinanza di modifica alla viabilit\u00e0 riguarda un&#8217;estensione della rete metano. Dal 10 al 15 ottobre chiusura al traffico veicolare del tratto di Via Dante Alighieri compreso tra l&#8217;intersezione con Via Volpere sino all&#8217;intersezione con Via Manzini e l&#8217; istituzione di un senso unico alternato, regolato da impianto semaforico, lungo via Manzini e via Volpere nel tratto compreso tra l&#8217;incrocio con Via Dante Alighieri di entrambe le viabilita\u0300.<\/p>\n<p>&nbsp;<\/p>\n<hr \/>\n<blockquote>\n<h3><\/h3>\n<h3>E&#8217; MORTO DON SAMUEL, LO CERCANO PER ORE E LO TROVANO IN CANONICA PRIVO DI VITA<\/h3>\n<\/blockquote>\n<p><strong><a class=\"dt-pswp-item\" href=\"https:\/\/www.radiopiu.net\/wordpress\/wp-content\/uploads\/2022\/10\/17075971287541795905.jpg\" data-dt-img-description=\"\" data-large_image_width=\"500\" data-large_image_height=\"261\"><img loading=\"lazy\" decoding=\"async\" class=\" wp-image-300530 alignleft\" src=\"https:\/\/www.radiopiu.net\/wordpress\/wp-content\/uploads\/2022\/10\/17075971287541795905-300x157.jpg\" alt=\"\" width=\"264\" height=\"138\" srcset=\"https:\/\/www.radiopiu.net\/wordpress\/wp-content\/uploads\/2022\/10\/17075971287541795905-300x157.jpg 300w, https:\/\/www.radiopiu.net\/wordpress\/wp-content\/uploads\/2022\/10\/17075971287541795905.jpg 500w\" sizes=\"auto, (max-width: 264px) 100vw, 264px\" \/><\/a>CESIOMAGGIORE<\/strong>\u00a0 L\u2019intera diocesi si stringe attorno alle comunit\u00e0 parrocchiali di Cesiomaggiore\u00a0e di\u00a0Soranzen, che piangono la scomparsa del loro parroco, don Samuel Alipio Gallardo. \u00c8 stato trovato morto in casa ieri sera, mercoled\u00ec 5 ottobre. Era nato a San Clemente (in Cile), il 2 marzo 1958. Entrato giovanissimo a far parte dei\u00a0salesiani, part\u00ec dal suo paese per andare in Medio Oriente. Svolse quindi il ministero di prete e di salesiano in diverse comunit\u00e0 del Veneto, fino ad arrivare nella comunit\u00e0 dell\u2019istituto \u201cAgosti\u201d a Belluno. Nella <a href=\"http:\/\/www.chiesabellunofeltre.it\/cesio-e-soranzen-accolgono-don-samuel\/\">serata di mercoled\u00ec 9 ottobre 2019<\/a>, veniva presentato dal Vescovo come nuovo parroco ai fedeli di Cesiomaggiore e Soranzen. Soltanto tre anni dopo, don Samuel li lascia, convocato dal buon Pastore nel mistero dell\u2019eternit\u00e0.<\/p>\n<blockquote><p><em>Il vescovo Renato, l\u2019intero presbiterio e i diaconi della diocesi si uniscono alle comunit\u00e0 parrocchiali che piangono il loro parroco; desiderano far giungere una parola di solidariet\u00e0 umana e cristiana anche ai parenti di don Samuel in Cile. I funerali verranno celebrati\u00a0sabato 8 ottobre alle ore 10.00\u00a0nella chiesa parrocchiale di Cesiomaggiore.<\/em><\/p><\/blockquote>\n<p>&nbsp;<\/p>\n<p>&nbsp;<\/p>\n<hr \/>\n<p>&nbsp;<\/p>\n<blockquote>\n<h3 class=\"entry-title\">RECUPERATA COPPIA INGLESE BLOCCATA IN UN CANALE<\/h3>\n<\/blockquote>\n<p><strong class=\"photoswipe-wrapper\"><a class=\"dt-pswp-item pspw-wrap-ready\" href=\"https:\/\/www.radiopiu.net\/wordpress\/wp-content\/uploads\/2022\/09\/salt_20220919_190536_925.jpg\" data-dt-img-description=\"\" data-large_image_width=\"2364\" data-large_image_height=\"1773\"><img loading=\"lazy\" decoding=\"async\" class=\" wp-image-297980 alignleft\" src=\"https:\/\/www.radiopiu.net\/wordpress\/wp-content\/uploads\/2022\/09\/salt_20220919_190536_925-300x225.jpg\" sizes=\"auto, (max-width: 144px) 100vw, 144px\" srcset=\"https:\/\/www.radiopiu.net\/wordpress\/wp-content\/uploads\/2022\/09\/salt_20220919_190536_925-300x225.jpg 300w, https:\/\/www.radiopiu.net\/wordpress\/wp-content\/uploads\/2022\/09\/salt_20220919_190536_925-1024x768.jpg 1024w, https:\/\/www.radiopiu.net\/wordpress\/wp-content\/uploads\/2022\/09\/salt_20220919_190536_925-768x576.jpg 768w, https:\/\/www.radiopiu.net\/wordpress\/wp-content\/uploads\/2022\/09\/salt_20220919_190536_925-1536x1152.jpg 1536w, https:\/\/www.radiopiu.net\/wordpress\/wp-content\/uploads\/2022\/09\/salt_20220919_190536_925-2048x1536.jpg 2048w\" alt=\"\" width=\"144\" height=\"108\" \/><\/a>CORTINA\u00a0<\/strong> Attorno alle 15.20 di ieri l\u2019elicottero del Suem di Pieve di Cadore \u00e8 decollato in direzione di Forcella Granda, per una coppia inglese bloccata in un canale. Seguendo il sentiero per l\u2019attacco della Ferrata Tomaselli, i due londinesi, lui di 35 anni, lei di 34, avevano a un certo punto abbandonato la traccia iniziando a risalire tra le rocce, finch\u00e9 non erano rimasti incrodati a 20 metri di distanza l\u2019uno dall\u2019altra, impossibilitati a muoversi. Una volta individuati dall\u2019equipaggio, il tecnico di elisoccorso ha subito per primo recuperato l\u2019uomo, che si trovava in un punto rischioso per la possibile caduta di sassi. Di seguito il soccorritore \u00e8 stato calato dalla donna, che ha aiutato a spostarsi in un punto pi\u00f9 comodo per il successivo imbarco. Una volta a bordo, entrambi gli escursionisti sono stati lasciati a valle.<\/p>\n<p>&nbsp;<\/p>\n<hr \/>\n<p>&nbsp;<\/p>\n<blockquote>\n<h3>NELLA RETROMARCIA INVESTE UN&#8217; ANZIANA<\/h3>\n<\/blockquote>\n<p><strong>BELLUNO<\/strong>\u00a0 Investita dall&#8217;auto in retromarcia al parcheggio \u00e8 caduta e ha battuto la testa sul marciapiede di via Vittorio Veneto. La ferita alla fronte \u00e8 stata\u00a0 medicata in ospedale. Sul posto i carabinieri.<\/p>\n<p>&nbsp;<\/p>\n<hr \/>\n<p>&nbsp;<\/p>\n<blockquote>\n<h3>BOLLETTE LUCE E GAS SEMPRE PIU&#8217; PESANTI, SCARZANELLA &#8220;INTERVENTI IMMEDIATI&#8221;<\/h3>\n<\/blockquote>\n<p><strong><a class=\"dt-pswp-item\" href=\"https:\/\/www.radiopiu.net\/wordpress\/wp-content\/uploads\/2022\/10\/th.jpg\" data-dt-img-description=\"\" data-large_image_width=\"474\" data-large_image_height=\"270\"><img loading=\"lazy\" decoding=\"async\" class=\"size-medium wp-image-300403 alignleft\" src=\"https:\/\/www.radiopiu.net\/wordpress\/wp-content\/uploads\/2022\/10\/th-300x171.jpg\" alt=\"\" width=\"300\" height=\"171\" srcset=\"https:\/\/www.radiopiu.net\/wordpress\/wp-content\/uploads\/2022\/10\/th-300x171.jpg 300w, https:\/\/www.radiopiu.net\/wordpress\/wp-content\/uploads\/2022\/10\/th.jpg 474w\" sizes=\"auto, (max-width: 300px) 100vw, 300px\" \/><\/a>BELLUNO<\/strong>\u00a0 &#8220;<em>In montagna l\u2019inverno, stando alle previsioni, comincer\u00e0 con l\u2019inizio della prossima settimana. Rischia di essere la fine per molte imprese, se non ci saranno interventi per calmierare le bollette\u00bb.<\/em> Cos\u00ec la presidente di Confartigianato Belluno Claudia Scarzanella, che raccoglie la preoccupazione delle imprese artigiane costrette a fare i conti con bollette sempre pi\u00f9 pesanti. L\u2019aumento di luce e gas ha raggiunto ormai cifre mai viste. E qualche artigiano rischia di non farcela. <em>\u00abLa situazione \u00e8 complessa: l\u2019aumento del 59% delle bollette dell\u2019energia elettrica relative al mercato tutelato e riguardante il quarto trimestre 2022 deliberato da Arera rende la misura del periodo che stiamo attraversando\u00bb sottolinea la presidente Scarzanella. \u00abL\u2019incidenza del costo dalla fornitura energetica per le piccole e medie imprese \u00e8 pi\u00f9 che raddoppiata nell\u2019ultimo anno. E abbiamo davanti una stagione invernale che per la montagna comincia prima e finisce dopo rispetto alla pianura. Questo significa che i costi insostenibili dell\u2019elettricit\u00e0 si sommano a costi improponibili di riscaldamento e gas. Le nostre imprese, da sempre indirizzate al risparmio e al sacrificio, si stanno affidando al buon senso e alla resilienza cercando di ridurre l\u2019uso di illuminazione e riscaldamento; dove possibile, hanno efficientato gli impianti. Ma non possono reggere a lungo questa situazione. Anche perch\u00e9 la crisi delle bollette grava pure sulle famiglie, quindi sugli artigiani due volte, prima come lavoratori e poi come cittadini\u00bb. <\/em>L\u2019auspicio di Confartigianato \u00e8 quindi che si adottino quanto prima interventi statali e comunitari: abbattimento del costo della materia prima energetica e aumento del credito d\u2019imposta che dovrebbe essere non meno del 50% sia per il gas sia per l\u2019elettricit\u00e0, intanto fino al 30 giungo 2023. Inoltre Confartigianato accoglie con grande favore la misura regionale che monetizza una quota parte dell\u2019energia delle grandi derivazioni che i produttori sono tenuti a lasciare ai territori, almeno 6 milioni di euro per la provincia di Belluno, risorse che saranno a disposizione di case di riposo e famiglie con redditi bassi.<\/p>\n<p>&nbsp;<\/p>\n<p>&nbsp;<\/p>\n<p>&nbsp;<\/p>\n<hr \/>\n<p>&nbsp;<\/p>\n<blockquote>\n<h3>LA STRATEGIA OSTIROL, VAL PUSTERIA, GAL ALTO BELLUNESE. L&#8217;INTERVENTO DEL PRESIDENTE<\/h3>\n<\/blockquote>\n<p class=\"western\" style=\"text-align: left;\" align=\"center\"><em><span style=\"color: #000000;\"><span style=\"font-family: Arial, sans-serif;\"><span style=\"font-size: medium;\"><span lang=\"it-IT\"><strong>&#8220;<\/strong><\/span><\/span><\/span><\/span><strong><span style=\"color: #222222;\"><span style=\"font-family: Arial, sans-serif;\"><span style=\"font-size: medium;\"><span lang=\"it-IT\">COOPERAZIONE TRANSFRONTALIERA FONDAMENTALE PER LE AREE ALPINE&#8221;<\/span><\/span><\/span><\/span><\/strong><\/em><\/p>\n<p>&nbsp;<\/p>\n<blockquote>\n<h3>L&#8217;INTERVENTO DEL PRESIDENTE DEL GAL, MAURO SOPPELSA SINDACO DI CENCENIGHE NEL CONSIGLIO DELL&#8217;UNIONE MONTANA AGORDINA<\/h3>\n<\/blockquote>\n<audio class=\"wp-audio-shortcode\" id=\"audio-300329-1\" preload=\"none\" style=\"width: 100%;\" controls=\"controls\"><source type=\"audio\/mpeg\" src=\"https:\/\/www.radiopiu.net\/wordpress\/wp-content\/uploads\/2022\/09\/MAURO-GAL.mp3?_=1\" \/><a href=\"https:\/\/www.radiopiu.net\/wordpress\/wp-content\/uploads\/2022\/09\/MAURO-GAL.mp3\">https:\/\/www.radiopiu.net\/wordpress\/wp-content\/uploads\/2022\/09\/MAURO-GAL.mp3<\/a><\/audio>\n<p>&nbsp;<\/p>\n<p>&nbsp;<\/p>\n<p class=\"western\"><span style=\"color: #222222;\"><span style=\"font-family: Arial, sans-serif;\"><span style=\"font-size: medium;\"><em><span style=\"color: #000000;\"><span lang=\"it-IT\"><a class=\"dt-pswp-item\" href=\"https:\/\/www.radiopiu.net\/wordpress\/wp-content\/uploads\/2022\/09\/Dorfmann-Firma-Interreg-Dolomiti-Live.jpeg\" data-dt-img-description=\"\" data-large_image_width=\"1024\" data-large_image_height=\"768\"><img loading=\"lazy\" decoding=\"async\" class=\"wp-image-298948 alignleft\" src=\"https:\/\/www.radiopiu.net\/wordpress\/wp-content\/uploads\/2022\/09\/Dorfmann-Firma-Interreg-Dolomiti-Live-300x225.jpeg\" alt=\"\" width=\"302\" height=\"227\" srcset=\"https:\/\/www.radiopiu.net\/wordpress\/wp-content\/uploads\/2022\/09\/Dorfmann-Firma-Interreg-Dolomiti-Live-300x225.jpeg 300w, https:\/\/www.radiopiu.net\/wordpress\/wp-content\/uploads\/2022\/09\/Dorfmann-Firma-Interreg-Dolomiti-Live-768x576.jpeg 768w, https:\/\/www.radiopiu.net\/wordpress\/wp-content\/uploads\/2022\/09\/Dorfmann-Firma-Interreg-Dolomiti-Live.jpeg 1024w\" sizes=\"auto, (max-width: 302px) 100vw, 302px\" \/><\/a><\/span><\/span><\/em>\u00c8 stata firmata\u00a0 fa ad Anras, in Austria, la nuova Strategia Interreg CLLD Dolomiti Live che vede protagonisti l&#8217;Osttirol, la Val Pusteria e il GAL Alto Bellunese alla presenza del Presidente Mauro Soppelsa, sindaco di Cencenighe. <\/span><\/span><\/span><em><span style=\"color: #000000;\"><span style=\"font-family: Arial, sans-serif;\"><span style=\"font-size: medium;\"><span lang=\"it-IT\">\u00ab<\/span><\/span><\/span><\/span><span style=\"color: #222222;\"><span style=\"font-family: Arial, sans-serif;\"><span style=\"font-size: medium;\"><span lang=\"it-IT\">La cooperazione transfrontaliera \u00e8 fondamentale per le aree alpine &#8211; dice il parlamentare europeo Herbert Dorfmann &#8211;\u00a0 e in particolar modo per le nostre zone: le Dolomiti non hanno confini, e in quest&#8217;ottica \u00e8 importante per il territorio bellunese il confronto e la collaborazione con le aree contermini, dove tematiche, realt\u00e0 aziendali e situazioni sociali sono simili<\/span><\/span><\/span><\/span><span style=\"color: #000000;\"><span style=\"font-family: Arial, sans-serif;\"><span style=\"font-size: medium;\"><span lang=\"it-IT\">\u00bb<\/span><\/span><\/span><\/span><\/em><span style=\"color: #222222;\"><span style=\"font-family: Arial, sans-serif;\"><span style=\"font-size: medium;\"><span lang=\"it-IT\"><em>.<\/em> <\/span><\/span><\/span><\/span><span style=\"color: #222222;\"><span style=\"font-family: Arial, sans-serif;\"><span style=\"font-size: medium;\">L\u2019obiettivo delle strategie Interreg \u00e8 una cooperazione internazionale che porti alla crescita e all\u2019integrazione delle regioni europee. Per questo, vengono sostenuti dal programma Interreg progetti di sviluppo nelle regioni transfrontaliere dedicati allo sviluppo di competitivit\u00e0 ed economia, ma anche al miglioramento della qualit\u00e0 della vita di cittadini, imprese e istituzioni dei territori interessati. <\/span><\/span><\/span><span style=\"font-size: medium; font-family: Arial, sans-serif; color: #222222;\">L\u2019area del Dolomiti Live interessa i territori dell\u2019Osttirol (33 comuni), del Gal Alto Bellunese (42 comuni) e della Val Pusteria (26 comuni), per un totale di oltre 6400 km quadrati e poco meno di 196mila abitanti.<\/span><\/p>\n<p>&nbsp;<\/p>\n<p>&nbsp;<\/p>\n<hr \/>\n<p>&nbsp;<\/p>\n<p>&nbsp;<\/p>\n<blockquote>\n<h3><strong>CONCLUSO IL LAVORO DEI VOLONTARI NELLE MARCHE. L&#8217;ASSESSORE BOTTACIN: &#8220;INTERVENTI ELOGIATI DAGLI AMMINISTRATORI LOCALI&#8221;<\/strong><\/h3>\n<\/blockquote>\n<p><strong><a class=\"dt-pswp-item\" href=\"https:\/\/www.radiopiu.net\/wordpress\/wp-content\/uploads\/2022\/10\/Bottacin-sopralluogo-Le-Marche-2.jpg\" data-dt-img-description=\"\" data-large_image_width=\"2000\" data-large_image_height=\"1500\"><img loading=\"lazy\" decoding=\"async\" class=\" wp-image-300398 alignleft\" src=\"https:\/\/www.radiopiu.net\/wordpress\/wp-content\/uploads\/2022\/10\/Bottacin-sopralluogo-Le-Marche-2-300x225.jpg\" alt=\"\" width=\"252\" height=\"189\" srcset=\"https:\/\/www.radiopiu.net\/wordpress\/wp-content\/uploads\/2022\/10\/Bottacin-sopralluogo-Le-Marche-2-300x225.jpg 300w, https:\/\/www.radiopiu.net\/wordpress\/wp-content\/uploads\/2022\/10\/Bottacin-sopralluogo-Le-Marche-2-1024x768.jpg 1024w, https:\/\/www.radiopiu.net\/wordpress\/wp-content\/uploads\/2022\/10\/Bottacin-sopralluogo-Le-Marche-2-768x576.jpg 768w, https:\/\/www.radiopiu.net\/wordpress\/wp-content\/uploads\/2022\/10\/Bottacin-sopralluogo-Le-Marche-2-1536x1152.jpg 1536w, https:\/\/www.radiopiu.net\/wordpress\/wp-content\/uploads\/2022\/10\/Bottacin-sopralluogo-Le-Marche-2.jpg 2000w\" sizes=\"auto, (max-width: 252px) 100vw, 252px\" \/><\/a>VENEZIA<\/strong> Conclusi, in questi giorni, i lavori dei volontari di Protezione Civile partiti dal Veneto per l&#8217;emergenza Le Marche. Il contingente ha operato fino al 2 ottobre con una graduale riduzione di persone negli ultimi giorni, conformemente a quanto concordato col Dipartimento nazionale di Protezione Civile e finalizzato ad un graduale rientro delle colonne mobili impegnate in zona.\u00a0 Complessivamente sono scesi nelle Marche 148 volontari veneti, provenienti da 49 Organizzazioni di volontariato e 3 Distretti di Protezione Civile che hanno effettuato 755 giornate uomo. Un ringraziamento anche al Consorzio Alta Pianura Veneta che ha disposto di ulteriori uomini e mezzi. Le operazioni sono state coordinate da dieci funzionari della Direzione Protezione Civile Regionale \u00e8 da un funzionario della Provincia di Belluno che si sono alternati nelle due settimane di presenza. Complessivamente sono stati impiegati 17 autocarri, 29 autoveicoli per trasporto persone, 14 mezzi con modulo AIB, 11 rimorchi, un mezzo radio, un mezzo sala operativa mobile, pale meccaniche, spazzatrici, moto pompe, elettropompe, torri faro, generatori elettrici. &#8220;Tutti gli intervenuti nella gestione dell&#8217;emergenza si sono contraddistinti per efficienza, disponibilit\u00e0 e competenza, &#8211; dice l&#8217;assessore Gianpaolo Bottacin &#8211; ricevendo numerosi riscontri positivi sia presso la popolazione locale sia presso le autorit\u00e0 interessate&#8221;<\/p>\n<p>&nbsp;<\/p>\n<p>&nbsp;<\/p>\n<hr \/>\n<p>&nbsp;<\/p>\n<blockquote>\n<h3>STRADA DI CAMPO, IERI IL GIORNO DEL COLLAUDO<\/h3>\n<\/blockquote>\n<p><strong>REDAZIONE <\/strong>Ieri\u00a0la strada di Campo che porta in frazione Avoscan, Cimitero, Campi di Calcio sulla sinistra orografica del Cordevole, sar\u00e0 collaudata e consegnata per l&#8217;apertura<\/p>\n<p>https:\/\/www.facebook.com\/marco.baghy.1\/videos\/675504390304082<\/p>\n<p>&nbsp;<\/p>\n<p>&nbsp;<\/p>\n<hr \/>\n<p>&nbsp;<\/p>\n<blockquote>\n<h3>QUESTA SERA A CAVIOLA CON ILARIA E FRANCESCA, DAL CAMMINO ALLA SOLIDARIETA&#8217; PER ADOS<\/h3>\n<\/blockquote>\n<p><a class=\"dt-pswp-item\" href=\"https:\/\/www.radiopiu.net\/wordpress\/wp-content\/uploads\/2022\/09\/4c4f94b5-fab3-4659-9a07-49bdb222e14b.jpg\" data-dt-img-description=\"\" data-large_image_width=\"1131\" data-large_image_height=\"1600\"><img loading=\"lazy\" decoding=\"async\" class=\"size-medium wp-image-299334 alignleft\" src=\"https:\/\/www.radiopiu.net\/wordpress\/wp-content\/uploads\/2022\/09\/4c4f94b5-fab3-4659-9a07-49bdb222e14b-212x300.jpg\" alt=\"\" width=\"212\" height=\"300\" srcset=\"https:\/\/www.radiopiu.net\/wordpress\/wp-content\/uploads\/2022\/09\/4c4f94b5-fab3-4659-9a07-49bdb222e14b-212x300.jpg 212w, https:\/\/www.radiopiu.net\/wordpress\/wp-content\/uploads\/2022\/09\/4c4f94b5-fab3-4659-9a07-49bdb222e14b-724x1024.jpg 724w, https:\/\/www.radiopiu.net\/wordpress\/wp-content\/uploads\/2022\/09\/4c4f94b5-fab3-4659-9a07-49bdb222e14b-768x1086.jpg 768w, https:\/\/www.radiopiu.net\/wordpress\/wp-content\/uploads\/2022\/09\/4c4f94b5-fab3-4659-9a07-49bdb222e14b-1086x1536.jpg 1086w, https:\/\/www.radiopiu.net\/wordpress\/wp-content\/uploads\/2022\/09\/4c4f94b5-fab3-4659-9a07-49bdb222e14b.jpg 1131w\" sizes=\"auto, (max-width: 212px) 100vw, 212px\" \/><\/a><strong>REDAZIONE<\/strong> Oggi raccontiamo la storia di Ilaria Zasso e Francesca Dai Pra. Entrambe hanno percorso il cammino per Santiago e una volta tornate a casa hanno messo in calendario tre incontri per presentare un loro documentario sul viaggio spirituale in Portogallo e Spagna. Il video viene presentato oggi alla casa della Gioventu&#8217; di Caviola alle 20.30. Il ricavato delle serate ad offerta libera sar\u00e0 interamente devoluto all&#8217;Ados<\/p>\n<p>&nbsp;<\/p>\n<p>&nbsp;<\/p>\n<p>&nbsp;<\/p>\n<p>&nbsp;<\/p>\n<p><strong>L&#8217;INTERVISTA ALLA RADIO, OGGI IN ONDA ALLE 16.30\u00a0<\/strong><\/p>\n<audio class=\"wp-audio-shortcode\" id=\"audio-300329-2\" preload=\"none\" style=\"width: 100%;\" controls=\"controls\"><source type=\"audio\/mpeg\" src=\"https:\/\/www.radiopiu.net\/wordpress\/wp-content\/uploads\/2022\/09\/francesca-e-ilaria.mp3?_=2\" \/><a href=\"https:\/\/www.radiopiu.net\/wordpress\/wp-content\/uploads\/2022\/09\/francesca-e-ilaria.mp3\">https:\/\/www.radiopiu.net\/wordpress\/wp-content\/uploads\/2022\/09\/francesca-e-ilaria.mp3<\/a><\/audio>\n<p>&nbsp;<\/p>\n<hr \/>\n<p>&nbsp;<\/p>\n<blockquote>\n<h3>PARTITA LA RACCOLTA FONDI PER AIUTARE L&#8217;ALLEGHE HOCKEY<\/h3>\n<\/blockquote>\n<p><strong><a class=\"dt-pswp-item\" href=\"https:\/\/www.radiopiu.net\/wordpress\/wp-content\/uploads\/2022\/10\/543dd19e-af42-414d-a1af-32fe5af49bb7.jpg\" data-dt-img-description=\"\" data-large_image_width=\"1024\" data-large_image_height=\"860\"><img loading=\"lazy\" decoding=\"async\" class=\" wp-image-300498 alignleft\" src=\"https:\/\/www.radiopiu.net\/wordpress\/wp-content\/uploads\/2022\/10\/543dd19e-af42-414d-a1af-32fe5af49bb7-300x252.jpg\" alt=\"\" width=\"187\" height=\"157\" srcset=\"https:\/\/www.radiopiu.net\/wordpress\/wp-content\/uploads\/2022\/10\/543dd19e-af42-414d-a1af-32fe5af49bb7-300x252.jpg 300w, https:\/\/www.radiopiu.net\/wordpress\/wp-content\/uploads\/2022\/10\/543dd19e-af42-414d-a1af-32fe5af49bb7-768x645.jpg 768w, https:\/\/www.radiopiu.net\/wordpress\/wp-content\/uploads\/2022\/10\/543dd19e-af42-414d-a1af-32fe5af49bb7.jpg 1024w\" sizes=\"auto, (max-width: 187px) 100vw, 187px\" \/><\/a>ALLEGHE<\/strong> \u00c8 partita la raccolta fondi per aiutare l&#8217;Alleghe Hockey in questa stagione che, dopo la chiusura dello stadio Alvise De Toni, si preannuncia travagliata. La squadra alleghese dovr\u00e0 sostenere delle trasferte sia per allenarsi che per giocare le partite in programma. Per questo \u00e8 stata lanciata una raccolta fondi su Eppela dove chiunque pu\u00f2 fare la propria donazione alla societ\u00e0 per aiutarla a pagare le spese.<\/p>\n<p><strong>IL MESSAGGIO DELL&#8217;ALLEGHE HOCKEY<\/strong><\/p>\n<blockquote><p><em>Il nostro Palaghiaccio \u00e8 CHIUSO dal 2 ottobre 2022 per l&#8217;enorme aumento dei costi dell&#8217;energia. Questo significa che i nostri atleti, dai piccolissimi fino ai ragazzi della senior, non possono pi\u00f9 allenarsi n\u00e8 giocare sul nostro ghiaccio. Ma non possono soprattutto socializzare, imparare e fare attivit\u00e0 fisica con i propri compagni di squadra. Tutti noi siamo turbati da questa situazione, ma tutti insieme abbiamo reagito e cos\u00ec, rimboccandosi le maniche la Societ\u00e0 ha riorganizzato le attivit\u00e0, riuscendo a pianificare la gestione degli allenamenti negli stadi di altri Comuni. Cosa faremo con il contributo raccolto? La raccolta ci permetter\u00e0 di sostenere i costi per le continue trasferte dei nostri atleti.\u00a0<\/em><\/p><\/blockquote>\n<p><strong>CHI VOLESSE AIUTARE L&#8217;ALLEGHE HOCKEY PUO&#8217; FARLO NEI PUNTI RACCOLTA FONDI, BAR BIANCO AD ALLEGHE E CAFFE&#8217; MINIERE DI AGORDO. OPPURE TRAMITE LA RACCOLTA FONDI ONLINE DI EPPELA <a href=\"https:\/\/www.eppela.com\/projects\/9059\">CLICCANDO QUI<\/a><\/strong><\/p>\n<p>&nbsp;<\/p>\n<hr \/>\n<p>&nbsp;<\/p>\n<p>&nbsp;<\/p>\n<blockquote>\n<h3>GRUPPO ASSISTENZA VOLONTARI AGORDO, VOLONTARI CERCASI<\/h3>\n<\/blockquote>\n<p><strong><a class=\"dt-pswp-item\" href=\"https:\/\/www.radiopiu.net\/wordpress\/wp-content\/uploads\/2020\/12\/SISTO.jpg\" data-dt-img-description=\"\" data-large_image_width=\"620\" data-large_image_height=\"340\"><img loading=\"lazy\" decoding=\"async\" class=\"wp-image-181222 alignleft\" src=\"https:\/\/www.radiopiu.net\/wordpress\/wp-content\/uploads\/2020\/12\/SISTO-300x165.jpg\" alt=\"\" width=\"195\" height=\"107\" srcset=\"https:\/\/www.radiopiu.net\/wordpress\/wp-content\/uploads\/2020\/12\/SISTO-300x165.jpg 300w, https:\/\/www.radiopiu.net\/wordpress\/wp-content\/uploads\/2020\/12\/SISTO.jpg 620w\" sizes=\"auto, (max-width: 195px) 100vw, 195px\" \/><\/a>AGORDO\u00a0<\/strong><br \/>\n<strong>DI GIANNI SANTOMASO\u00a0<\/strong><\/p>\n<audio class=\"wp-audio-shortcode\" id=\"audio-300329-3\" preload=\"none\" style=\"width: 100%;\" controls=\"controls\"><source type=\"audio\/mpeg\" src=\"https:\/\/www.radiopiu.net\/wordpress\/wp-content\/uploads\/2022\/10\/gav-gianni.mp3?_=3\" \/><a href=\"https:\/\/www.radiopiu.net\/wordpress\/wp-content\/uploads\/2022\/10\/gav-gianni.mp3\">https:\/\/www.radiopiu.net\/wordpress\/wp-content\/uploads\/2022\/10\/gav-gianni.mp3<\/a><\/audio>\n<p>&nbsp;<\/p>\n<p>&nbsp;<\/p>\n<hr \/>\n<p>&nbsp;<\/p>\n<blockquote>\n<h3>SERE D&#8217;AUTUNNO, QUESTA SERA LA VERNICE<\/h3>\n<\/blockquote>\n<blockquote>\n<h3><a class=\"dt-pswp-item\" href=\"https:\/\/www.radiopiu.net\/wordpress\/wp-content\/uploads\/2022\/04\/17692_10207012189852748_5471450093412142748_n.jpg\" data-dt-img-description=\"\" data-large_image_width=\"610\" data-large_image_height=\"610\"><img loading=\"lazy\" decoding=\"async\" class=\"wp-image-268911 alignleft\" src=\"https:\/\/www.radiopiu.net\/wordpress\/wp-content\/uploads\/2022\/04\/17692_10207012189852748_5471450093412142748_n-300x300.jpg\" alt=\"\" width=\"154\" height=\"154\" srcset=\"https:\/\/www.radiopiu.net\/wordpress\/wp-content\/uploads\/2022\/04\/17692_10207012189852748_5471450093412142748_n-300x300.jpg 300w, https:\/\/www.radiopiu.net\/wordpress\/wp-content\/uploads\/2022\/04\/17692_10207012189852748_5471450093412142748_n-150x150.jpg 150w, https:\/\/www.radiopiu.net\/wordpress\/wp-content\/uploads\/2022\/04\/17692_10207012189852748_5471450093412142748_n.jpg 610w\" sizes=\"auto, (max-width: 154px) 100vw, 154px\" \/><\/a>LA PRESENTAZIONE di\u00a0 Gianpaolo Soratroi<br \/>\n1^ serata<\/h3>\n<\/blockquote>\n<audio class=\"wp-audio-shortcode\" id=\"audio-300329-4\" preload=\"none\" style=\"width: 100%;\" controls=\"controls\"><source type=\"audio\/mpeg\" src=\"https:\/\/www.radiopiu.net\/wordpress\/wp-content\/uploads\/2022\/10\/gianpaolo-soratroi.mp3?_=4\" \/><a href=\"https:\/\/www.radiopiu.net\/wordpress\/wp-content\/uploads\/2022\/10\/gianpaolo-soratroi.mp3\">https:\/\/www.radiopiu.net\/wordpress\/wp-content\/uploads\/2022\/10\/gianpaolo-soratroi.mp3<\/a><\/audio>\n<h3><\/h3>\n<p>&nbsp;<\/p>\n<p><strong><img loading=\"lazy\" decoding=\"async\" class=\"alignleft\" src=\"https:\/\/www.radiopiu.net\/wordpress\/wp-content\/uploads\/2019\/10\/Senza-nome.jpg\" width=\"285\" height=\"194\" \/>AGORDO<\/strong> D<span style=\"color: #000000;\">opo uno stop forzato, ritorna quest&#8217;anno la prestigiosa rassegna culturale &#8221; Sere d&#8217;Autunno&#8221;.\u00a0 Nata in sordina nel 2007 per dare qualcosa ai soci nel &#8220;periodo morto&#8221; dell&#8217;attivit\u00e0 sezionale, in breve tempo \u00e8 diventata un&#8217;appuntamento atteso da tutta la vallata e non solo, tanto che ha dovuto cercare ospitalit\u00e0 in una sala pi\u00f9 capiente per soddisfare il numeroso pubblico. La Sala Don Tamis ad Agordo, \u00e8 diventata la location ufficiale e le Sere d&#8217;autunno sono diventate quel nodo al fazzoletto per tutti gli appassionati di montagna in tutte le sue forme. L&#8217;appuntamento \u00e8 quindi tutti i venerd\u00ec di ottobre nella &#8220;Sala Don F. Tamis&#8221; di Agordo con inizio alle ore 20.45. L&#8217;ingresso \u00e8 libero. Presenta Gianpaolo Soratroi. <strong>Venerdi: DAVIDE CHIESA, fino alla fine dell&#8217;Everest &#8211; salita al tetto del mondo in presa diretta<\/strong><\/span><\/p>\n<p>&nbsp;<\/p>\n<p><strong>LO SPECIALE ALLA RADIO CON\u00a0 DARIO DELL&#8217;OSBEL E ANTONELLO CIBIEN, SEZIONE DEL CLUB ALPINO ITALIANO DI AGORDO<\/strong><\/p>\n<audio class=\"wp-audio-shortcode\" id=\"audio-300329-5\" preload=\"none\" style=\"width: 100%;\" controls=\"controls\"><source type=\"audio\/mpeg\" src=\"https:\/\/www.radiopiu.net\/wordpress\/wp-content\/uploads\/2022\/10\/sere-d-autunno.mp3?_=5\" \/><a href=\"https:\/\/www.radiopiu.net\/wordpress\/wp-content\/uploads\/2022\/10\/sere-d-autunno.mp3\">https:\/\/www.radiopiu.net\/wordpress\/wp-content\/uploads\/2022\/10\/sere-d-autunno.mp3<\/a><\/audio>\n<p>&nbsp;<\/p>\n<p>&nbsp;<\/p>\n<p>&nbsp;<\/p>\n<hr \/>\n<blockquote>\n<h2><\/h2>\n<h3>DOMANI LA FIERA DEL BESTIAM, SABATO DI FESTA E TRADIZIONI AD AGORDO<\/h3>\n<\/blockquote>\n<p>DI GIANNI SANTOMASO<\/p>\n<audio class=\"wp-audio-shortcode\" id=\"audio-300329-6\" preload=\"none\" style=\"width: 100%;\" controls=\"controls\"><source type=\"audio\/mpeg\" src=\"https:\/\/www.radiopiu.net\/wordpress\/wp-content\/uploads\/2022\/10\/fiera-bestiam-gianni.mp3?_=6\" \/><a href=\"https:\/\/www.radiopiu.net\/wordpress\/wp-content\/uploads\/2022\/10\/fiera-bestiam-gianni.mp3\">https:\/\/www.radiopiu.net\/wordpress\/wp-content\/uploads\/2022\/10\/fiera-bestiam-gianni.mp3<\/a><\/audio>\n<p>&nbsp;<\/p>\n<p><strong><a class=\"dt-pswp-item\" href=\"https:\/\/www.radiopiu.net\/wordpress\/wp-content\/uploads\/2022\/09\/Schermata-2022-09-28-alle-09.34.45.png\" data-dt-img-description=\"\" data-large_image_width=\"1308\" data-large_image_height=\"908\"><img loading=\"lazy\" decoding=\"async\" class=\"wp-image-299174 alignleft\" src=\"https:\/\/www.radiopiu.net\/wordpress\/wp-content\/uploads\/2022\/09\/Schermata-2022-09-28-alle-09.34.45-300x208.png\" alt=\"\" width=\"162\" height=\"112\" srcset=\"https:\/\/www.radiopiu.net\/wordpress\/wp-content\/uploads\/2022\/09\/Schermata-2022-09-28-alle-09.34.45-300x208.png 300w, https:\/\/www.radiopiu.net\/wordpress\/wp-content\/uploads\/2022\/09\/Schermata-2022-09-28-alle-09.34.45-1024x711.png 1024w, https:\/\/www.radiopiu.net\/wordpress\/wp-content\/uploads\/2022\/09\/Schermata-2022-09-28-alle-09.34.45-768x533.png 768w, https:\/\/www.radiopiu.net\/wordpress\/wp-content\/uploads\/2022\/09\/Schermata-2022-09-28-alle-09.34.45.png 1308w\" sizes=\"auto, (max-width: 162px) 100vw, 162px\" \/><\/a>AGORDO<\/strong> Torna sabato 8 ottobre la Fiera Del Bestiam sul Broi di Agordo. La manifestazione gemellata con Se Desmonteghea torna con il mercato dei prodotti agricoli ed artigianali, l&#8217;esposizione zootecnica con le aziende agricole, l&#8217;esposizione di macchine e attrezzatura agricole e la &#8220;Scota&#8221; del Belot. Ci sar\u00e0 la possibilit\u00e0 di pranzare con i piatti tipici e la cucina degli Alpini. Abbinata a la Fiera Del Bestiam anche Formai e Vin in Villa con 5 stand di formaggi in abbinamento a vini di cantine venete, friulane, trentine, lombarde piemontesi e prodotti da forno del territorio. Nell&#8217;occasione sar\u00e0 possibile visitare Ville Crotta &#8211; De Manzoni e la chiesa Arcidiaconale di Agordo.<\/p>\n<p><strong>L&#8217;INTERVISTA\u00a0 ALLA\u00a0 RADIO con Damiano Soppelsa e Daniele Galligani<\/strong><\/p>\n<p><span style=\"color: #ff0000;\">di CLAUDIO FONTANIVE\u00a0<\/span><\/p>\n<audio class=\"wp-audio-shortcode\" id=\"audio-300329-7\" preload=\"none\" style=\"width: 100%;\" controls=\"controls\"><source type=\"audio\/mpeg\" src=\"https:\/\/www.radiopiu.net\/wordpress\/wp-content\/uploads\/2022\/10\/fiera-bestiam.mp3?_=7\" \/><a href=\"https:\/\/www.radiopiu.net\/wordpress\/wp-content\/uploads\/2022\/10\/fiera-bestiam.mp3\">https:\/\/www.radiopiu.net\/wordpress\/wp-content\/uploads\/2022\/10\/fiera-bestiam.mp3<\/a><\/audio>\n<p>&nbsp;<\/p>\n<p><strong><a class=\"dt-pswp-item\" href=\"https:\/\/www.radiopiu.net\/wordpress\/wp-content\/uploads\/2022\/05\/ROBERTO-CHISSALE.png\" data-dt-img-description=\"ROBERTO CHISSALE' SINDACO\" data-large_image_width=\"1226\" data-large_image_height=\"906\"><img loading=\"lazy\" decoding=\"async\" class=\"wp-image-275111 alignleft\" src=\"https:\/\/www.radiopiu.net\/wordpress\/wp-content\/uploads\/2022\/05\/ROBERTO-CHISSALE-300x222.png\" alt=\"\" width=\"112\" height=\"83\" srcset=\"https:\/\/www.radiopiu.net\/wordpress\/wp-content\/uploads\/2022\/05\/ROBERTO-CHISSALE-300x222.png 300w, https:\/\/www.radiopiu.net\/wordpress\/wp-content\/uploads\/2022\/05\/ROBERTO-CHISSALE-1024x757.png 1024w, https:\/\/www.radiopiu.net\/wordpress\/wp-content\/uploads\/2022\/05\/ROBERTO-CHISSALE-768x568.png 768w, https:\/\/www.radiopiu.net\/wordpress\/wp-content\/uploads\/2022\/05\/ROBERTO-CHISSALE.png 1226w\" sizes=\"auto, (max-width: 112px) 100vw, 112px\" \/><\/a>AI MICROFONI DI RADIO PIU IL SINDACO DI AGORDO, ROBERTO CHISSALE&#8217;<\/strong><\/p>\n<audio class=\"wp-audio-shortcode\" id=\"audio-300329-8\" preload=\"none\" style=\"width: 100%;\" controls=\"controls\"><source type=\"audio\/mpeg\" src=\"https:\/\/www.radiopiu.net\/wordpress\/wp-content\/uploads\/2022\/09\/ROBERTO-CHISSALE-FIERA-BESTIAM.mp3?_=8\" \/><a href=\"https:\/\/www.radiopiu.net\/wordpress\/wp-content\/uploads\/2022\/09\/ROBERTO-CHISSALE-FIERA-BESTIAM.mp3\">https:\/\/www.radiopiu.net\/wordpress\/wp-content\/uploads\/2022\/09\/ROBERTO-CHISSALE-FIERA-BESTIAM.mp3<\/a><\/audio>\n<p>&nbsp;<\/p>\n<hr \/>\n<p>&nbsp;<\/p>\n<blockquote>\n<h2>OLTRE LE VETTE RICORDA MARIA GIULIANA COSTA DI CANACEDE<\/h2>\n<\/blockquote>\n<p><strong>BELLUNO-SAN TOMASO<\/strong>. L&#8217;edizione 2022 di Oltre le Vette rende omaggio a Maria Giuliana Costa (1920-1999), scrittrice e poetessa<br \/>\noriginaria di Canac\u00e9de di San Tomaso Agordino, il cui ricordo \u00e8 sempre vivo in tutta la vallata e a Bolzano dove era emigrata. Lo far\u00e0 domenica prossima, 9 ottobre, alle 21 al Teatro comunale, con lo spettacolo tratto dal suo romanzo \u201cUna vita\u201d che ricorda le vicende del paese natale segnato dalla emigrazione della sua gente. Definito un\u2019opera corale perch\u00e9 tra le righe vi si leggono le emozioni di tanti, costretti ad abbandonare la propria terra per colpa della miseria e degli orrori della storia, lo spettacolo teatrale avr\u00e0 per protagonisti gli attori Sandro Buzzatti e Flora Sarrubbo e Tommaso Zamboni alla fisarmonica. Ingresso libero.<\/p>\n<p>Gianni Santomaso<\/p>\n<p>&nbsp;<\/p>\n<p>&nbsp;<\/p>\n<hr \/>\n<p>&nbsp;<\/p>\n<p><a class=\"dt-pswp-item\" href=\"https:\/\/www.radiopiu.net\/wordpress\/wp-content\/uploads\/2022\/10\/2746501e-e7a5-4ee8-9323-6df7183472f2.jpg\" data-dt-img-description=\"\" data-large_image_width=\"800\" data-large_image_height=\"800\"><img loading=\"lazy\" decoding=\"async\" class=\"size-medium wp-image-300487 aligncenter\" src=\"https:\/\/www.radiopiu.net\/wordpress\/wp-content\/uploads\/2022\/10\/2746501e-e7a5-4ee8-9323-6df7183472f2-300x300.jpg\" alt=\"\" width=\"300\" height=\"300\" srcset=\"https:\/\/www.radiopiu.net\/wordpress\/wp-content\/uploads\/2022\/10\/2746501e-e7a5-4ee8-9323-6df7183472f2-300x300.jpg 300w, https:\/\/www.radiopiu.net\/wordpress\/wp-content\/uploads\/2022\/10\/2746501e-e7a5-4ee8-9323-6df7183472f2-150x150.jpg 150w, https:\/\/www.radiopiu.net\/wordpress\/wp-content\/uploads\/2022\/10\/2746501e-e7a5-4ee8-9323-6df7183472f2-768x768.jpg 768w, https:\/\/www.radiopiu.net\/wordpress\/wp-content\/uploads\/2022\/10\/2746501e-e7a5-4ee8-9323-6df7183472f2.jpg 800w\" sizes=\"auto, (max-width: 300px) 100vw, 300px\" \/><\/a><\/p>\n<p>&nbsp;<\/p>\n<blockquote class=\"wp-embedded-content\" data-secret=\"JX5Hel1fb8\"><p><a href=\"https:\/\/www.radiopiu.net\/wordpress\/aziendazeroottobre06\/\">IN UN GIORNO QUASI 50 RICOVERI PER COVID. 6 I DECESSI<\/a><\/p><\/blockquote>\n<p><iframe loading=\"lazy\" class=\"wp-embedded-content\" sandbox=\"allow-scripts\" security=\"restricted\" style=\"position: absolute; clip: rect(1px, 1px, 1px, 1px);\" title=\"&#8220;IN UN GIORNO QUASI 50 RICOVERI PER COVID. 6 I DECESSI&#8221; &#8212; Radio Pi\u00f9\" src=\"https:\/\/www.radiopiu.net\/wordpress\/aziendazeroottobre06\/embed\/#?secret=PnyL1tarbO#?secret=JX5Hel1fb8\" data-secret=\"JX5Hel1fb8\" width=\"600\" height=\"338\" frameborder=\"0\" marginwidth=\"0\" marginheight=\"0\" scrolling=\"no\"><\/iframe><\/p>\n<p>&nbsp;<\/p>\n<h2>I GRAFICI DI TIZIANO DE COL<\/h2>\n\n\t\t\t<style type='text\/css'>\n\t\t\t\t#gallery-1 {\n\t\t\t\t\tmargin: auto;\n\t\t\t\t}\n\t\t\t\t#gallery-1 .gallery-item {\n\t\t\t\t\tfloat: left;\n\t\t\t\t\tmargin-top: 10px;\n\t\t\t\t\ttext-align: center;\n\t\t\t\t\twidth: 33%;\n\t\t\t\t}\n\t\t\t\t#gallery-1 img {\n\t\t\t\t\tborder: 2px solid #cfcfcf;\n\t\t\t\t}\n\t\t\t\t#gallery-1 .gallery-caption {\n\t\t\t\t\tmargin-left: 0;\n\t\t\t\t}\n\t\t\t\t\/* see gallery_shortcode() in wp-includes\/media.php *\/\n\t\t\t<\/style>\n\t\t<div id='gallery-1' class='dt-gallery-container gallery galleryid-300329 gallery-columns-3 gallery-size-thumbnail'><dl class='gallery-item'>\n\t\t\t\t<dt class='gallery-icon landscape'>\n\t\t\t\t\t<a class=\"rollover rollover-zoom dt-pswp-item\" title=\"9edfe433-d4b1-46f3-a09b-5aebe0dfe401\" data-dt-img-description=\"\" data-large_image_width=\"611\" data-large_image_height=\"362\"href='https:\/\/www.radiopiu.net\/wordpress\/wp-content\/uploads\/2022\/10\/9edfe433-d4b1-46f3-a09b-5aebe0dfe401.jpg'><img loading=\"lazy\" decoding=\"async\" width=\"150\" height=\"150\" src=\"https:\/\/www.radiopiu.net\/wordpress\/wp-content\/uploads\/2022\/10\/9edfe433-d4b1-46f3-a09b-5aebe0dfe401-150x150.jpg\" class=\"attachment-thumbnail size-thumbnail\" alt=\"\" \/><\/a>\n\t\t\t\t<\/dt><\/dl><dl class='gallery-item'>\n\t\t\t\t<dt class='gallery-icon landscape'>\n\t\t\t\t\t<a class=\"rollover rollover-zoom dt-pswp-item\" title=\"805a7043-39e4-48fb-89dd-d7677ab7b1a7\" data-dt-img-description=\"\" data-large_image_width=\"589\" data-large_image_height=\"362\"href='https:\/\/www.radiopiu.net\/wordpress\/wp-content\/uploads\/2022\/10\/805a7043-39e4-48fb-89dd-d7677ab7b1a7.jpg'><img loading=\"lazy\" decoding=\"async\" width=\"150\" height=\"150\" src=\"https:\/\/www.radiopiu.net\/wordpress\/wp-content\/uploads\/2022\/10\/805a7043-39e4-48fb-89dd-d7677ab7b1a7-150x150.jpg\" class=\"attachment-thumbnail size-thumbnail\" alt=\"\" \/><\/a>\n\t\t\t\t<\/dt><\/dl><dl class='gallery-item'>\n\t\t\t\t<dt class='gallery-icon landscape'>\n\t\t\t\t\t<a class=\"rollover rollover-zoom dt-pswp-item\" title=\"7820d895-89ef-4efe-8b32-831ccb550d39\" data-dt-img-description=\"\" data-large_image_width=\"618\" data-large_image_height=\"367\"href='https:\/\/www.radiopiu.net\/wordpress\/wp-content\/uploads\/2022\/10\/7820d895-89ef-4efe-8b32-831ccb550d39.jpg'><img loading=\"lazy\" decoding=\"async\" width=\"150\" height=\"150\" src=\"https:\/\/www.radiopiu.net\/wordpress\/wp-content\/uploads\/2022\/10\/7820d895-89ef-4efe-8b32-831ccb550d39-150x150.jpg\" class=\"attachment-thumbnail size-thumbnail\" alt=\"\" \/><\/a>\n\t\t\t\t<\/dt><\/dl><br style=\"clear: both\" \/><dl class='gallery-item'>\n\t\t\t\t<dt class='gallery-icon landscape'>\n\t\t\t\t\t<a class=\"rollover rollover-zoom dt-pswp-item\" title=\"a67410e4-1932-4d72-8000-792e3131c940\" data-dt-img-description=\"\" data-large_image_width=\"628\" data-large_image_height=\"365\"href='https:\/\/www.radiopiu.net\/wordpress\/wp-content\/uploads\/2022\/10\/a67410e4-1932-4d72-8000-792e3131c940.jpg'><img loading=\"lazy\" decoding=\"async\" width=\"150\" height=\"150\" src=\"https:\/\/www.radiopiu.net\/wordpress\/wp-content\/uploads\/2022\/10\/a67410e4-1932-4d72-8000-792e3131c940-150x150.jpg\" class=\"attachment-thumbnail size-thumbnail\" alt=\"\" \/><\/a>\n\t\t\t\t<\/dt><\/dl><dl class='gallery-item'>\n\t\t\t\t<dt class='gallery-icon landscape'>\n\t\t\t\t\t<a class=\"rollover rollover-zoom dt-pswp-item\" title=\"75b22fe6-2764-4813-9947-4ea9fc05990a\" data-dt-img-description=\"\" data-large_image_width=\"614\" data-large_image_height=\"363\"href='https:\/\/www.radiopiu.net\/wordpress\/wp-content\/uploads\/2022\/10\/75b22fe6-2764-4813-9947-4ea9fc05990a.jpg'><img loading=\"lazy\" decoding=\"async\" width=\"150\" height=\"150\" src=\"https:\/\/www.radiopiu.net\/wordpress\/wp-content\/uploads\/2022\/10\/75b22fe6-2764-4813-9947-4ea9fc05990a-150x150.jpg\" class=\"attachment-thumbnail size-thumbnail\" alt=\"\" \/><\/a>\n\t\t\t\t<\/dt><\/dl><dl class='gallery-item'>\n\t\t\t\t<dt class='gallery-icon landscape'>\n\t\t\t\t\t<a class=\"rollover rollover-zoom dt-pswp-item\" title=\"ade1b928-895e-4bcd-b030-d403b08fb0ab\" data-dt-img-description=\"\" data-large_image_width=\"620\" data-large_image_height=\"358\"href='https:\/\/www.radiopiu.net\/wordpress\/wp-content\/uploads\/2022\/10\/ade1b928-895e-4bcd-b030-d403b08fb0ab.jpg'><img loading=\"lazy\" decoding=\"async\" width=\"150\" height=\"150\" src=\"https:\/\/www.radiopiu.net\/wordpress\/wp-content\/uploads\/2022\/10\/ade1b928-895e-4bcd-b030-d403b08fb0ab-150x150.jpg\" class=\"attachment-thumbnail size-thumbnail\" alt=\"\" \/><\/a>\n\t\t\t\t<\/dt><\/dl><br style=\"clear: both\" \/>\n\t\t\t<\/div>\n\n<p>&nbsp;<\/p>\n<hr \/>\n<p>&nbsp;<\/p>\n<blockquote>\n<h3>NUOVE ASSUNZIONI IN SERSA. IL SINDACO OSCAR DE PELLEGRIN: &#8220;OTTIMA NOTIZIA MA NON CI FERMEREMO QUI&#8221;<\/h3>\n<\/blockquote>\n<p><strong><a class=\"dt-pswp-item\" href=\"https:\/\/www.radiopiu.net\/wordpress\/wp-content\/uploads\/2022\/02\/Palazzo-rosso-illuminato-2-scaled.jpg\" data-dt-img-description=\"\" data-large_image_width=\"2560\" data-large_image_height=\"1707\"><img loading=\"lazy\" decoding=\"async\" class=\" wp-image-258762 alignleft\" src=\"https:\/\/www.radiopiu.net\/wordpress\/wp-content\/uploads\/2022\/02\/Palazzo-rosso-illuminato-2-300x200.jpg\" alt=\"\" width=\"198\" height=\"132\" srcset=\"https:\/\/www.radiopiu.net\/wordpress\/wp-content\/uploads\/2022\/02\/Palazzo-rosso-illuminato-2-300x200.jpg 300w, https:\/\/www.radiopiu.net\/wordpress\/wp-content\/uploads\/2022\/02\/Palazzo-rosso-illuminato-2-1024x683.jpg 1024w, https:\/\/www.radiopiu.net\/wordpress\/wp-content\/uploads\/2022\/02\/Palazzo-rosso-illuminato-2-768x512.jpg 768w, https:\/\/www.radiopiu.net\/wordpress\/wp-content\/uploads\/2022\/02\/Palazzo-rosso-illuminato-2-1536x1024.jpg 1536w, https:\/\/www.radiopiu.net\/wordpress\/wp-content\/uploads\/2022\/02\/Palazzo-rosso-illuminato-2-2048x1365.jpg 2048w\" sizes=\"auto, (max-width: 198px) 100vw, 198px\" \/><\/a>BELLUNO <\/strong>Nuove assunzioni in Sersa: dal concorso indetto nei mesi scorsi sono stati selezioni nove OSS. Quattro entreranno nello staff a breve, gli altri non appena termineranno il percorso di formazione che li abilita alla professione. Nel frattempo la ricerca di personale prosegue e viene rivolta anche all\u2019estero. Intanto il primo cittadino ha incontrato il personale e una rappresentanza dei famigliari per condividere le prossime azioni e portare il proprio appoggio ai lavoratori. Al concorso hanno partecipato in 18, ma solo 12 si sono presentati alla prova. Dalla selezione, alla fine, sono risultati idonei in 9.<\/p>\n<p><strong>IL SINDACO DI BELLUNO OSCAR DE PELLEGRIN<\/strong><\/p>\n<audio class=\"wp-audio-shortcode\" id=\"audio-300329-9\" preload=\"none\" style=\"width: 100%;\" controls=\"controls\"><source type=\"audio\/mpeg\" src=\"https:\/\/www.radiopiu.net\/wordpress\/wp-content\/uploads\/2022\/10\/Sindaco-DE-PELLEGRIN-su-Sersa-assunzioni.mp3?_=9\" \/><a href=\"https:\/\/www.radiopiu.net\/wordpress\/wp-content\/uploads\/2022\/10\/Sindaco-DE-PELLEGRIN-su-Sersa-assunzioni.mp3\">https:\/\/www.radiopiu.net\/wordpress\/wp-content\/uploads\/2022\/10\/Sindaco-DE-PELLEGRIN-su-Sersa-assunzioni.mp3<\/a><\/audio>\n<p>&nbsp;<\/p>\n<hr \/>\n<p>&nbsp;<\/p>\n<blockquote>\n<h3>INAUGURATO A FELTRE LO SPORTELLO DEL CITTADINO<\/h3>\n<\/blockquote>\n<p><strong>FELTRE<\/strong><\/p>\n<p>di Moreno Gioli<\/p>\n<audio class=\"wp-audio-shortcode\" id=\"audio-300329-10\" preload=\"none\" style=\"width: 100%;\" controls=\"controls\"><source type=\"audio\/mpeg\" src=\"https:\/\/www.radiopiu.net\/wordpress\/wp-content\/uploads\/2022\/10\/GIOLI-SPORTELLO-DEL-CITTADINO-FELTRE.mp3?_=10\" \/><a href=\"https:\/\/www.radiopiu.net\/wordpress\/wp-content\/uploads\/2022\/10\/GIOLI-SPORTELLO-DEL-CITTADINO-FELTRE.mp3\">https:\/\/www.radiopiu.net\/wordpress\/wp-content\/uploads\/2022\/10\/GIOLI-SPORTELLO-DEL-CITTADINO-FELTRE.mp3<\/a><\/audio>\n<p>&nbsp;<\/p>\n<p><strong>IL VICESINDACO DI FELTRE CLAUDIO DALLA PALMA<\/strong><\/p>\n<audio class=\"wp-audio-shortcode\" id=\"audio-300329-11\" preload=\"none\" style=\"width: 100%;\" controls=\"controls\"><source type=\"audio\/mpeg\" src=\"https:\/\/www.radiopiu.net\/wordpress\/wp-content\/uploads\/2022\/10\/VICESINDACO-FELTRE-SPORTELLO-CITTADINO.mp3?_=11\" \/><a href=\"https:\/\/www.radiopiu.net\/wordpress\/wp-content\/uploads\/2022\/10\/VICESINDACO-FELTRE-SPORTELLO-CITTADINO.mp3\">https:\/\/www.radiopiu.net\/wordpress\/wp-content\/uploads\/2022\/10\/VICESINDACO-FELTRE-SPORTELLO-CITTADINO.mp3<\/a><\/audio>\n<p>&nbsp;<\/p>\n\n\t\t\t<style type='text\/css'>\n\t\t\t\t#gallery-2 {\n\t\t\t\t\tmargin: auto;\n\t\t\t\t}\n\t\t\t\t#gallery-2 .gallery-item {\n\t\t\t\t\tfloat: left;\n\t\t\t\t\tmargin-top: 10px;\n\t\t\t\t\ttext-align: center;\n\t\t\t\t\twidth: 33%;\n\t\t\t\t}\n\t\t\t\t#gallery-2 img {\n\t\t\t\t\tborder: 2px solid #cfcfcf;\n\t\t\t\t}\n\t\t\t\t#gallery-2 .gallery-caption {\n\t\t\t\t\tmargin-left: 0;\n\t\t\t\t}\n\t\t\t\t\/* see gallery_shortcode() in wp-includes\/media.php *\/\n\t\t\t<\/style>\n\t\t<div id='gallery-2' class='dt-gallery-container gallery galleryid-300329 gallery-columns-3 gallery-size-thumbnail'><dl class='gallery-item'>\n\t\t\t\t<dt class='gallery-icon landscape'>\n\t\t\t\t\t<a class=\"rollover rollover-zoom dt-pswp-item\" title=\"d390896d-a1a3-4b82-93a3-c93af6ca86b5\" data-dt-img-description=\"\" data-large_image_width=\"2048\" data-large_image_height=\"1154\"href='https:\/\/www.radiopiu.net\/wordpress\/wp-content\/uploads\/2022\/10\/d390896d-a1a3-4b82-93a3-c93af6ca86b5.jpg'><img loading=\"lazy\" decoding=\"async\" width=\"150\" height=\"150\" src=\"https:\/\/www.radiopiu.net\/wordpress\/wp-content\/uploads\/2022\/10\/d390896d-a1a3-4b82-93a3-c93af6ca86b5-150x150.jpg\" class=\"attachment-thumbnail size-thumbnail\" alt=\"\" \/><\/a>\n\t\t\t\t<\/dt><\/dl><dl class='gallery-item'>\n\t\t\t\t<dt class='gallery-icon landscape'>\n\t\t\t\t\t<a class=\"rollover rollover-zoom dt-pswp-item\" title=\"d7e1c32c-cbc5-41a8-9c1e-0f9f761a98ae\" data-dt-img-description=\"\" data-large_image_width=\"2048\" data-large_image_height=\"1154\"href='https:\/\/www.radiopiu.net\/wordpress\/wp-content\/uploads\/2022\/10\/d7e1c32c-cbc5-41a8-9c1e-0f9f761a98ae.jpg'><img loading=\"lazy\" decoding=\"async\" width=\"150\" height=\"150\" src=\"https:\/\/www.radiopiu.net\/wordpress\/wp-content\/uploads\/2022\/10\/d7e1c32c-cbc5-41a8-9c1e-0f9f761a98ae-150x150.jpg\" class=\"attachment-thumbnail size-thumbnail\" alt=\"\" \/><\/a>\n\t\t\t\t<\/dt><\/dl><dl class='gallery-item'>\n\t\t\t\t<dt class='gallery-icon landscape'>\n\t\t\t\t\t<a class=\"rollover rollover-zoom dt-pswp-item\" title=\"1c99b18c-7a7f-4f1b-96ac-9fadb9c5d0f6\" data-dt-img-description=\"\" data-large_image_width=\"2000\" data-large_image_height=\"1128\"href='https:\/\/www.radiopiu.net\/wordpress\/wp-content\/uploads\/2022\/10\/1c99b18c-7a7f-4f1b-96ac-9fadb9c5d0f6.jpg'><img loading=\"lazy\" decoding=\"async\" width=\"150\" height=\"150\" src=\"https:\/\/www.radiopiu.net\/wordpress\/wp-content\/uploads\/2022\/10\/1c99b18c-7a7f-4f1b-96ac-9fadb9c5d0f6-150x150.jpg\" class=\"attachment-thumbnail size-thumbnail\" alt=\"\" \/><\/a>\n\t\t\t\t<\/dt><\/dl><br style=\"clear: both\" \/>\n\t\t\t<\/div>\n\n<p>&nbsp;<\/p>\n<hr \/>\n<p>&nbsp;<\/p>\n<blockquote>\n<h3>AL MUSAL PROGETTO INTERREG SULLA VALORIZZAZIONE MUSEALE<\/h3>\n<\/blockquote>\n<p><strong><a class=\"dt-pswp-item\" href=\"https:\/\/www.radiopiu.net\/wordpress\/wp-content\/uploads\/2022\/10\/Il-Musal-Museo-Albino-Luciani-2.jpg\" data-dt-img-description=\"\" data-large_image_width=\"1496\" data-large_image_height=\"2244\"><img loading=\"lazy\" decoding=\"async\" class=\"wp-image-300393 alignleft\" src=\"https:\/\/www.radiopiu.net\/wordpress\/wp-content\/uploads\/2022\/10\/Il-Musal-Museo-Albino-Luciani-2-200x300.jpg\" alt=\"\" width=\"101\" height=\"152\" srcset=\"https:\/\/www.radiopiu.net\/wordpress\/wp-content\/uploads\/2022\/10\/Il-Musal-Museo-Albino-Luciani-2-200x300.jpg 200w, https:\/\/www.radiopiu.net\/wordpress\/wp-content\/uploads\/2022\/10\/Il-Musal-Museo-Albino-Luciani-2-683x1024.jpg 683w, https:\/\/www.radiopiu.net\/wordpress\/wp-content\/uploads\/2022\/10\/Il-Musal-Museo-Albino-Luciani-2-768x1152.jpg 768w, https:\/\/www.radiopiu.net\/wordpress\/wp-content\/uploads\/2022\/10\/Il-Musal-Museo-Albino-Luciani-2-1024x1536.jpg 1024w, https:\/\/www.radiopiu.net\/wordpress\/wp-content\/uploads\/2022\/10\/Il-Musal-Museo-Albino-Luciani-2-1365x2048.jpg 1365w, https:\/\/www.radiopiu.net\/wordpress\/wp-content\/uploads\/2022\/10\/Il-Musal-Museo-Albino-Luciani-2.jpg 1496w\" sizes=\"auto, (max-width: 101px) 100vw, 101px\" \/><\/a>CANALE D&#8217;AGORDO<\/strong> <span dir=\"ltr\" role=\"presentation\">Un progetto importante che segna la<\/span> <span dir=\"ltr\" role=\"presentation\">collaborazione internazionale <\/span><span dir=\"ltr\" role=\"presentation\">del<\/span> <span dir=\"ltr\" role=\"presentation\">Musal \u2013 Museo Albino Luciani<\/span><span dir=\"ltr\" role=\"presentation\">: per scoprire i dettagli dell&#8217;iniziativa \u201c<\/span><span dir=\"ltr\" role=\"presentation\">La valorizzazione del <\/span><span dir=\"ltr\" role=\"presentation\">patrimonio museale come ponte tra due culture transfrontaliere<\/span><span dir=\"ltr\" role=\"presentation\">\u201d l&#8217;appuntamento \u00e8 per<\/span>\u00a0 domani\u00a0<span dir=\"ltr\" role=\"presentation\">alle<\/span> <span dir=\"ltr\" role=\"presentation\">\u00a020.30<\/span> <span dir=\"ltr\" role=\"presentation\">nella<\/span> <span dir=\"ltr\" role=\"presentation\">Sala Lina Zand\u00f2<\/span><span dir=\"ltr\" role=\"presentation\">. <\/span><span dir=\"ltr\" role=\"presentation\">Gli<\/span> <span dir=\"ltr\" role=\"presentation\">obiettivi<\/span> <span dir=\"ltr\" role=\"presentation\">del progetto, che vede la parecipazione del<\/span> <span dir=\"ltr\" role=\"presentation\">Museo Amici della Ferrovia di Lienz <\/span><span dir=\"ltr\" role=\"presentation\">(Austria), sono lo sviluppo<\/span> <span dir=\"ltr\" role=\"presentation\">dei musei attraverso l&#8217;inventario dei documenti e degli oggetti con <\/span><span dir=\"ltr\" role=\"presentation\">successiva accessibilit\u00e0 online; la creazione di un sistema di segnaletica; la sensibilizza<\/span><span dir=\"ltr\" role=\"presentation\">zione <\/span><span dir=\"ltr\" role=\"presentation\">transfrontaliera e la valorizzazione del patrimonio culturale locale attraverso visite reciproche e <\/span><span dir=\"ltr\" role=\"presentation\">trasferimento di conoscenze.\u00a0<\/span><\/p>\n<p>&nbsp;<\/p>\n<p>&nbsp;<\/p>\n<p>&nbsp;<\/p>\n<hr \/>\n<p>&nbsp;<\/p>\n<blockquote>\n<h3><a class=\"dt-pswp-item\" href=\"https:\/\/www.radiopiu.net\/wordpress\/wp-content\/uploads\/2022\/10\/Vena_Oro_1.jpg\" data-dt-img-description=\"\" data-large_image_width=\"2045\" data-large_image_height=\"1143\"><img loading=\"lazy\" decoding=\"async\" class=\"size-medium wp-image-300401 alignleft\" src=\"https:\/\/www.radiopiu.net\/wordpress\/wp-content\/uploads\/2022\/10\/Vena_Oro_1-300x168.jpg\" alt=\"\" width=\"300\" height=\"168\" srcset=\"https:\/\/www.radiopiu.net\/wordpress\/wp-content\/uploads\/2022\/10\/Vena_Oro_1-300x168.jpg 300w, https:\/\/www.radiopiu.net\/wordpress\/wp-content\/uploads\/2022\/10\/Vena_Oro_1-1024x572.jpg 1024w, https:\/\/www.radiopiu.net\/wordpress\/wp-content\/uploads\/2022\/10\/Vena_Oro_1-768x429.jpg 768w, https:\/\/www.radiopiu.net\/wordpress\/wp-content\/uploads\/2022\/10\/Vena_Oro_1-1536x859.jpg 1536w, https:\/\/www.radiopiu.net\/wordpress\/wp-content\/uploads\/2022\/10\/Vena_Oro_1.jpg 2045w\" sizes=\"auto, (max-width: 300px) 100vw, 300px\" \/><\/a>VISITA ALLA VENA D&#8217;ORO CON IL FAI, APPUNTAMENTO SABATO<\/h3>\n<\/blockquote>\n<p><strong> PONTE NELLE ALPI<\/strong> Il Fai giovani e l\u2019organizzazione di \u201cOltre le Vette\u201d hanno scelto proprio il Parco Reale della Vena d\u2019Oro per una visita speciale. L\u2019iniziativa si intitola \u201cLe sorgenti del bosco\u201d e si svilupper\u00e0 attraverso una passeggiata alla scoperta di un luogo che da sempre affascina i bellunesi: sia per la storia antica di centro termale, sia per il Parco, ricco di piante particolari e amato dalla regina Margherita di Savoia.\u00a0 Ad accompagnare i visitatori saranno lo scrittore Tiziano Fratus e la guida naturalistica Anacleto Boranga.<\/p>\n<p>&nbsp;<\/p>\n<p>&nbsp;<\/p>\n<hr \/>\n<blockquote>\n<h3><\/h3>\n<h3>LE GIORNATE D&#8217;AUTUNNO DEL FAI FANNO TAPPA A MEL<\/h3>\n<\/blockquote>\n<p><strong><a class=\"dt-pswp-item\" href=\"https:\/\/www.radiopiu.net\/wordpress\/wp-content\/uploads\/2022\/10\/Conferenza-Stampa-FAI-Gioavni.jpg\" data-dt-img-description=\"\" data-large_image_width=\"2048\" data-large_image_height=\"1536\"><img loading=\"lazy\" decoding=\"async\" class=\" wp-image-300292 alignleft\" src=\"https:\/\/www.radiopiu.net\/wordpress\/wp-content\/uploads\/2022\/10\/Conferenza-Stampa-FAI-Gioavni-300x225.jpg\" alt=\"\" width=\"152\" height=\"114\" srcset=\"https:\/\/www.radiopiu.net\/wordpress\/wp-content\/uploads\/2022\/10\/Conferenza-Stampa-FAI-Gioavni-300x225.jpg 300w, https:\/\/www.radiopiu.net\/wordpress\/wp-content\/uploads\/2022\/10\/Conferenza-Stampa-FAI-Gioavni-1024x768.jpg 1024w, https:\/\/www.radiopiu.net\/wordpress\/wp-content\/uploads\/2022\/10\/Conferenza-Stampa-FAI-Gioavni-768x576.jpg 768w, https:\/\/www.radiopiu.net\/wordpress\/wp-content\/uploads\/2022\/10\/Conferenza-Stampa-FAI-Gioavni-1536x1152.jpg 1536w, https:\/\/www.radiopiu.net\/wordpress\/wp-content\/uploads\/2022\/10\/Conferenza-Stampa-FAI-Gioavni.jpg 2048w\" sizes=\"auto, (max-width: 152px) 100vw, 152px\" \/><\/a>BELLUNO <\/strong>Sabato 15 e domenica 16 ottobre tornano le Giornate FAI d\u2019Autunno, il grande evento autunnale di piazza che il FAI dedica al patrimonio culturale e paesaggistico del nostro Paese, animato e promosso dai Gruppi FAI Giovani, con il supporto di tutte le Delegazioni, i Gruppi FAI e i Gruppi FAI Ponte tra culture attivi da nord a sud della Penisola.<\/p>\n<p><strong>ALLA SCOPERTA DELLA CASA PI\u00d9 ANTICA DI MEL: PALAZZO FRANCESCON<\/strong><\/p>\n<p>Gli orari <strong>Sabato: <\/strong>09:00 &#8211; 12:30 \/ 14:30 \u2013 17:00. Turni di visita ogni 20 minuti per piccoli gruppi di massimo 12 persone. I gruppi saranno formati al banco, in base all&#8217;ordine di arrivo. Durata della visita circa 45 minuti. <strong>Domenica: <\/strong>09:00 &#8211; 12:30 \/ 14:30 \u2013 17:00. Turni di visita ogni 20 minuti per piccoli gruppi di massimo 12 persone. I gruppi saranno formati al banco, in base all&#8217;ordine di arrivo. Durata della visita circa 45 minuti.<\/p>\n<p>&nbsp;<\/p>\n<p>&nbsp;<\/p>\n<hr \/>\n<p>&nbsp;<\/p>\n<blockquote>\n<h3>AD AGORDO, CAVIOLA E FALCADE LA RACCOLTA FONDI PER LA FIBROSI CISTICA<\/h3>\n<\/blockquote>\n<p><strong>REDAZIONE<\/strong> Riprende la raccolta fondi per la ricerca sulla fibrosi cistica i cui risultati sono sempre pi\u00f9 importanti.\u00a0 Domani raccolta fond ad Agordo con gli alpini in occasione della Fiera del Bestiam; sempre oggi a Caviola al market Marilena Costa, Chiesa, Cooperativa e con gli alpini a Falcade presso la cooperativa. Verr\u00e0 offerta una piantina di ciclamini con offerta minima 10 euro.<\/p>\n<p>&nbsp;<\/p>\n<p>&nbsp;<\/p>\n<div dir=\"auto\">\n<hr \/>\n<p>&nbsp;<\/p>\n<blockquote>\n<h3>DOMANI MATTINA IL CONSIGLIO COMUNALE A COLLE SANTA LUCIA<\/h3>\n<\/blockquote>\n<p><strong>COLLE SANTA LUCIA<\/strong> Il sindaco di Colle Santa Lucia Paolo Frena ha convocato il consiglio comunale per domani mattina alle 8. Dopo la lettura e l&#8217;approvazione dei verbali della seduta precedente, si parler\u00e0 della settima e ottava variazione al bilancio 2022-2024, della riqualificazione dell&#8217;Ex Hotel Endrosadira al Passo Giau e delle modalit\u00e0 operative per l&#8217;applicazione delle perequazione urbanistica. Ultimo punto le comunicazione del sindaco.<\/p>\n<p>&nbsp;<\/p>\n<p>&nbsp;<\/p>\n<hr \/>\n<p>&nbsp;<\/p>\n<blockquote>\n<h3>APERTO UN BANDO DAL COMUNE DI ROCCA PIETORE<\/h3>\n<\/blockquote>\n<p><strong>ROCCA PIETORE<\/strong> Il comune di Rocca Pietore ha aperto un bando pubblico per soli esami per la copertura, a tempo pieno e indeterminato, di un posto di Collaboratore Professionale B3 &#8211; CCNL Funzioni Locali &#8211; Conduttore Macchine Operatrici Complesse &#8211; addetto ai servizi manutentivi e cimiteriali, da assumersi presso il Comune di Rocca Pietore. Le domande di partecipazione dovranno pervenire al Comune di Rocca Pietore secondo le modalit\u00e0 e i termini indicati nel Bando di Concorso. Per ogni informazione, i concorrenti potranno rivolgersi al Comune di Rocca Pietore (tel. 0437-721178; posta elettronica: anagrafe.rocca@agordino.bl.it).<\/p>\n<p>&nbsp;<\/p>\n<hr \/>\n<p>&nbsp;<\/p>\n<blockquote>\n<h3>CERCASI EDUCATORE PER L&#8217;ASILO NIDO DI AGORDO<\/h3>\n<\/blockquote>\n<p><strong>AGORDO<\/strong> L&#8217;Azienda Speciale Agordo Servizi ha aperto un bando per una selezione pubblica per la copertura di 1 posto a tempo indeterminato e pieno nel profilo di EDUCATORE DI ASILO NIDO (livello V) del contratto FISM per l&#8217;Asilo Nido Comunale di Agordo. La domanda di ammissione al concorso deve essere redatta, in carta semplice, e presentata mediante le seguenti alternative modalita\u0300: presentazione direttamente all\u2019Ufficio Protocollo dell\u2019AZIENDA SPECIALE &#8220;AGORDO SERVIZI&#8221; via Insurrezione n. 18\/C &#8211; 32021 Agordo BL; raccomandata A\/R indirizzata ad Azienda Speciale Agordo Servizi in via Insurrezione 18\/C &#8211; 32021 Agordo (BL); Per via telematica mediante Posta Elettronica Certificata (PEC) all\u2019indirizzo: 04315@pec.federfarma.it Qualsiasi sia la modalita\u0300 utilizzata per presentare la domanda, la stessa dovra\u0300 perentoriamente pervenire entro le ore 12:00 del giorno 15\/10\/2022. Il bando \u00e8 disponibile anche al seguente link:\u00a0 <a title=\"https:\/\/agordoasilonidocomunale.it\/bando-educatore-nido-di-agordo-termine-15-ottobre\/\" href=\"https:\/\/agordoasilonidocomunale.it\/bando-educatore-nido-di-agordo-termine-15-ottobre\/\" target=\"_blank\" rel=\"noopener\">https:\/\/agordoasilonidocomunale.it\/bando-educatore-nido-di-agordo-termine-15-ottobre\/<\/a><\/p>\n<\/div>\n<p>&nbsp;<\/p>\n<hr \/>\n<p>&nbsp;<\/p>\n<blockquote>\n<h3>LA PROVINCIA CERCA DUE OPERAI E UN PROFESSIONISTA PER LA DIFESA DEL SUOLO E VIABILITA&#8217;<\/h3>\n<\/blockquote>\n<div>\n<p><b>BELLUNO\u00a0<\/b>La Provincia ha\u00a0aperto il concorso pubblico, per esami. Due posizioni a tempo pieno e indeterminato, scadenza per presentare la domanda\u00a0 31 ottobre. Le prove d\u2019esame (pratica e orale) si terranno il 23 e 25 novembre. Aperta anche la selezione per un posto a tempo\u00a0 pieno e determinato da specialista (ingegnere o architetto) nel settore difesa del suolo e viabilit\u00e0. Domande entro il 21 novembre.<span class=\"gmail-Apple-converted-space\">\u00a0<\/span><\/p>\n<\/div>\n<p>&nbsp;<\/p>\n<hr \/>\n<p>&nbsp;<\/p>\n<p>&nbsp;<\/p>\n<p>&nbsp;<\/p>\n<blockquote>\n<h3>ACQUA CHE SCORRE, CON IL GRUPPO SPELELOGICO DEL CAI DI FELTRE<\/h3>\n<\/blockquote>\n<p><strong>FELTRE<\/strong>\u00a0 Interessante \u00a0rassegna,\u00a0 promossa dal Gruppo Tutela Ambiente Montano del CAI di Feltre. Si inizia con una serata divulgativa organizzata dal Gruppo Speleologico CAI di Feltre\u00a0 incentrata sui sistemi dove si accumula e conserva\u00a0 l&#8217;ambiente dolomitico. Relatore\u00a0 il geologo Lucio D&#8217;Alberto, componente storico del Gruppo Speleo ed esperto della materia. Quindil\u00a0 l&#8217;escursione lungo il torrente Caorame che si terr\u00e0 domenica 9 Ottobre, proposta da Lucio Dorz componente della T.A.M.<\/p>\n<p>Oggi alle 20.30 a Palazzo Bianco (sala confindustria) l&#8217;incontro &#8220;Acquiferi delle Dolomiti, scrigni dell&#8217;acqua che berremo&#8221;, ingresso libero. Domenica\u00a0 dalle 8.30 a Villabruna escursione tra centrali dismesse ed antichi manufatti con uno sguardo all&#8217;ambiente. Escursione guidata per i tesserati Cai e per non tesserati (assicurazione 12 euro). Info 328 0260442<\/p>\n\n\t\t\t<style type='text\/css'>\n\t\t\t\t#gallery-3 {\n\t\t\t\t\tmargin: auto;\n\t\t\t\t}\n\t\t\t\t#gallery-3 .gallery-item {\n\t\t\t\t\tfloat: left;\n\t\t\t\t\tmargin-top: 10px;\n\t\t\t\t\ttext-align: center;\n\t\t\t\t\twidth: 50%;\n\t\t\t\t}\n\t\t\t\t#gallery-3 img {\n\t\t\t\t\tborder: 2px solid #cfcfcf;\n\t\t\t\t}\n\t\t\t\t#gallery-3 .gallery-caption {\n\t\t\t\t\tmargin-left: 0;\n\t\t\t\t}\n\t\t\t\t\/* see gallery_shortcode() in wp-includes\/media.php *\/\n\t\t\t<\/style>\n\t\t<div id='gallery-3' class='dt-gallery-container gallery galleryid-300329 gallery-columns-2 gallery-size-thumbnail'><dl class='gallery-item'>\n\t\t\t\t<dt class='gallery-icon landscape'>\n\t\t\t\t\t<a class=\"rollover rollover-zoom dt-pswp-item\" title=\"Senza nome\" data-dt-img-description=\"\" data-large_image_width=\"297\" data-large_image_height=\"205\"href='https:\/\/www.radiopiu.net\/wordpress\/wp-content\/uploads\/2022\/10\/Senza-nome-14.jpg'><img loading=\"lazy\" decoding=\"async\" width=\"150\" height=\"150\" src=\"https:\/\/www.radiopiu.net\/wordpress\/wp-content\/uploads\/2022\/10\/Senza-nome-14-150x150.jpg\" class=\"attachment-thumbnail size-thumbnail\" alt=\"\" \/><\/a>\n\t\t\t\t<\/dt><\/dl><dl class='gallery-item'>\n\t\t\t\t<dt class='gallery-icon landscape'>\n\t\t\t\t\t<a class=\"rollover rollover-zoom dt-pswp-item\" title=\"Senza nome1\" data-dt-img-description=\"\" data-large_image_width=\"305\" data-large_image_height=\"214\"href='https:\/\/www.radiopiu.net\/wordpress\/wp-content\/uploads\/2022\/10\/Senza-nome1.jpg'><img loading=\"lazy\" decoding=\"async\" width=\"150\" height=\"150\" src=\"https:\/\/www.radiopiu.net\/wordpress\/wp-content\/uploads\/2022\/10\/Senza-nome1-150x150.jpg\" class=\"attachment-thumbnail size-thumbnail\" alt=\"\" \/><\/a>\n\t\t\t\t<\/dt><\/dl><br style=\"clear: both\" \/>\n\t\t\t<\/div>\n\n<p>&nbsp;<\/p>\n<p>&nbsp;<\/p>\n<p>&nbsp;<\/p>\n<hr \/>\n<p>&nbsp;<\/p>\n<blockquote>\n<h3>\u00a0ANCHE IN PROVINCIA ARRIVA \u201cETICHETTA LA CASSETTA\u201d<\/h3>\n<\/blockquote>\n<p><a class=\"dt-pswp-item\" href=\"https:\/\/www.radiopiu.net\/wordpress\/wp-content\/uploads\/2022\/10\/Foto-Etichetta-la-Cassetta.jpg\" data-dt-img-description=\"\" data-large_image_width=\"2048\" data-large_image_height=\"2048\"><img loading=\"lazy\" decoding=\"async\" class=\"wp-image-300427 alignleft\" src=\"https:\/\/www.radiopiu.net\/wordpress\/wp-content\/uploads\/2022\/10\/Foto-Etichetta-la-Cassetta-300x300.jpg\" alt=\"\" width=\"138\" height=\"138\" srcset=\"https:\/\/www.radiopiu.net\/wordpress\/wp-content\/uploads\/2022\/10\/Foto-Etichetta-la-Cassetta-300x300.jpg 300w, https:\/\/www.radiopiu.net\/wordpress\/wp-content\/uploads\/2022\/10\/Foto-Etichetta-la-Cassetta-1024x1024.jpg 1024w, https:\/\/www.radiopiu.net\/wordpress\/wp-content\/uploads\/2022\/10\/Foto-Etichetta-la-Cassetta-150x150.jpg 150w, https:\/\/www.radiopiu.net\/wordpress\/wp-content\/uploads\/2022\/10\/Foto-Etichetta-la-Cassetta-768x768.jpg 768w, https:\/\/www.radiopiu.net\/wordpress\/wp-content\/uploads\/2022\/10\/Foto-Etichetta-la-Cassetta-1536x1536.jpg 1536w, https:\/\/www.radiopiu.net\/wordpress\/wp-content\/uploads\/2022\/10\/Foto-Etichetta-la-Cassetta.jpg 2048w\" sizes=\"auto, (max-width: 138px) 100vw, 138px\" \/><\/a><br \/>\n<strong>BELLUNO<\/strong> I cittadini con cassetta \u201canonima\u201d, residenti nei comuni di Belluno, Pieve di Cadore e Feltre, stanno ricevendo dall\u2019Azienda una comunicazione che li invita ad apporre le etichette con il proprio nome e cognome sulle cassette domiciliari e sul citofono condominiale. Le etichette da utilizzare, a strappo e adesive, sono state incluse gratuitamente nella lettera di avviso. Con il progetto \u201cEtichetta la cassetta\u201d i cittadini sono invitati anche a comunicare l\u2019indirizzo aggiornato a tutti i propri mittenti abituali, in particolare i fornitori delle utenze. Inoltre l\u2019Azienda ha avviato un percorso di collaborazione con le istituzioni locali per intervenire sulla toponomastica, per rendere efficace il servizio, soprattutto nei territori periferici.<\/p>\n<p>&nbsp;<\/p>\n<p>&nbsp;<\/p>\n<hr \/>\n<blockquote>\n<h2><\/h2>\n<h2>EVENTI AUTUNNALI IN VAL PETTORINA<\/h2>\n<\/blockquote>\n<p><strong>ROCCA PIETORE<\/strong> fra i\u00a0 boschi dipinti dei colori dell&#8217;autunno\u00a0 I prossimi appuntamenti sono:\u00a0 Domenica 9 Ottobre pomeriggio \u00a0Sabato 15 Ottobre pomeriggio Per tutti i dettagli\u00a0 <span class=\"fxk3tzhb b2rh1bv3 gh55jysx m8h3af8h ewco64xe kjdc1dyq ms56khn7 bq6c9xl4 eohcrkr5 akh3l2rg\"><img loading=\"lazy\" decoding=\"async\" src=\"https:\/\/static.xx.fbcdn.net\/images\/emoji.php\/v9\/t4d\/1\/16\/1f4de.png\" alt=\"&#x1f4de;\" width=\"16\" height=\"16\" \/><\/span> 340 894 4032 Elena e Sara<a class=\"dt-pswp-item\" href=\"https:\/\/www.radiopiu.net\/wordpress\/wp-content\/uploads\/2022\/10\/1409872327879275310.jpg\" data-dt-img-description=\"\" data-large_image_width=\"500\" data-large_image_height=\"261\">\u00a0<\/a><\/p>\n<div class=\"m8h3af8h l7ghb35v kjdc1dyq kmwttqpk gh25dzvf n3t5jt4f\">\n<div dir=\"auto\"><\/div>\n<div dir=\"auto\">\n<p><strong>OSPITI: Sara Darman ed Elena Simeonato<\/strong><\/p>\n<audio class=\"wp-audio-shortcode\" id=\"audio-300329-12\" preload=\"none\" style=\"width: 100%;\" controls=\"controls\"><source type=\"audio\/mpeg\" src=\"https:\/\/www.radiopiu.net\/wordpress\/wp-content\/uploads\/2022\/09\/sara-darman-elena-simionato-passeggiate-marmolada.mp3?_=12\" \/><a href=\"https:\/\/www.radiopiu.net\/wordpress\/wp-content\/uploads\/2022\/09\/sara-darman-elena-simionato-passeggiate-marmolada.mp3\">https:\/\/www.radiopiu.net\/wordpress\/wp-content\/uploads\/2022\/09\/sara-darman-elena-simionato-passeggiate-marmolada.mp3<\/a><\/audio>\n<p>&nbsp;<\/p>\n\n\t\t\t<style type='text\/css'>\n\t\t\t\t#gallery-4 {\n\t\t\t\t\tmargin: auto;\n\t\t\t\t}\n\t\t\t\t#gallery-4 .gallery-item {\n\t\t\t\t\tfloat: left;\n\t\t\t\t\tmargin-top: 10px;\n\t\t\t\t\ttext-align: center;\n\t\t\t\t\twidth: 33%;\n\t\t\t\t}\n\t\t\t\t#gallery-4 img {\n\t\t\t\t\tborder: 2px solid #cfcfcf;\n\t\t\t\t}\n\t\t\t\t#gallery-4 .gallery-caption {\n\t\t\t\t\tmargin-left: 0;\n\t\t\t\t}\n\t\t\t\t\/* see gallery_shortcode() in wp-includes\/media.php *\/\n\t\t\t<\/style>\n\t\t<div id='gallery-4' class='dt-gallery-container gallery galleryid-300329 gallery-columns-3 gallery-size-thumbnail'><dl class='gallery-item'>\n\t\t\t\t<dt class='gallery-icon landscape'>\n\t\t\t\t\t<a class=\"rollover rollover-zoom dt-pswp-item\" title=\"b5e996c7-e2e6-4fec-9337-cd086d266e7f\" data-dt-img-description=\"\" data-large_image_width=\"1080\" data-large_image_height=\"1080\"href='https:\/\/www.radiopiu.net\/wordpress\/wp-content\/uploads\/2022\/09\/b5e996c7-e2e6-4fec-9337-cd086d266e7f.jpg'><img loading=\"lazy\" decoding=\"async\" width=\"150\" height=\"150\" src=\"https:\/\/www.radiopiu.net\/wordpress\/wp-content\/uploads\/2022\/09\/b5e996c7-e2e6-4fec-9337-cd086d266e7f-150x150.jpg\" class=\"attachment-thumbnail size-thumbnail\" alt=\"\" srcset=\"https:\/\/www.radiopiu.net\/wordpress\/wp-content\/uploads\/2022\/09\/b5e996c7-e2e6-4fec-9337-cd086d266e7f-150x150.jpg 150w, https:\/\/www.radiopiu.net\/wordpress\/wp-content\/uploads\/2022\/09\/b5e996c7-e2e6-4fec-9337-cd086d266e7f-300x300.jpg 300w, https:\/\/www.radiopiu.net\/wordpress\/wp-content\/uploads\/2022\/09\/b5e996c7-e2e6-4fec-9337-cd086d266e7f-1024x1024.jpg 1024w, https:\/\/www.radiopiu.net\/wordpress\/wp-content\/uploads\/2022\/09\/b5e996c7-e2e6-4fec-9337-cd086d266e7f-768x768.jpg 768w, https:\/\/www.radiopiu.net\/wordpress\/wp-content\/uploads\/2022\/09\/b5e996c7-e2e6-4fec-9337-cd086d266e7f.jpg 1080w\" sizes=\"auto, (max-width: 150px) 100vw, 150px\" \/><\/a>\n\t\t\t\t<\/dt><\/dl><dl class='gallery-item'>\n\t\t\t\t<dt class='gallery-icon landscape'>\n\t\t\t\t\t<a class=\"rollover rollover-zoom dt-pswp-item\" title=\"062d597d-f973-4277-9cc6-f67c6d992e99\" data-dt-img-description=\"\" data-large_image_width=\"1080\" data-large_image_height=\"1080\"href='https:\/\/www.radiopiu.net\/wordpress\/wp-content\/uploads\/2022\/09\/062d597d-f973-4277-9cc6-f67c6d992e99.jpg'><img loading=\"lazy\" decoding=\"async\" width=\"150\" height=\"150\" src=\"https:\/\/www.radiopiu.net\/wordpress\/wp-content\/uploads\/2022\/09\/062d597d-f973-4277-9cc6-f67c6d992e99-150x150.jpg\" class=\"attachment-thumbnail size-thumbnail\" alt=\"\" srcset=\"https:\/\/www.radiopiu.net\/wordpress\/wp-content\/uploads\/2022\/09\/062d597d-f973-4277-9cc6-f67c6d992e99-150x150.jpg 150w, https:\/\/www.radiopiu.net\/wordpress\/wp-content\/uploads\/2022\/09\/062d597d-f973-4277-9cc6-f67c6d992e99-300x300.jpg 300w, https:\/\/www.radiopiu.net\/wordpress\/wp-content\/uploads\/2022\/09\/062d597d-f973-4277-9cc6-f67c6d992e99-1024x1024.jpg 1024w, https:\/\/www.radiopiu.net\/wordpress\/wp-content\/uploads\/2022\/09\/062d597d-f973-4277-9cc6-f67c6d992e99-768x768.jpg 768w, https:\/\/www.radiopiu.net\/wordpress\/wp-content\/uploads\/2022\/09\/062d597d-f973-4277-9cc6-f67c6d992e99.jpg 1080w\" sizes=\"auto, (max-width: 150px) 100vw, 150px\" \/><\/a>\n\t\t\t\t<\/dt><\/dl><dl class='gallery-item'>\n\t\t\t\t<dt class='gallery-icon landscape'>\n\t\t\t\t\t<a class=\"rollover rollover-zoom dt-pswp-item\" title=\"ada9c7a0-4d54-4873-82d4-41f5480668d3\" data-dt-img-description=\"\" data-large_image_width=\"1080\" data-large_image_height=\"1080\"href='https:\/\/www.radiopiu.net\/wordpress\/wp-content\/uploads\/2022\/09\/ada9c7a0-4d54-4873-82d4-41f5480668d3.jpg'><img loading=\"lazy\" decoding=\"async\" width=\"150\" height=\"150\" src=\"https:\/\/www.radiopiu.net\/wordpress\/wp-content\/uploads\/2022\/09\/ada9c7a0-4d54-4873-82d4-41f5480668d3-150x150.jpg\" class=\"attachment-thumbnail size-thumbnail\" alt=\"\" srcset=\"https:\/\/www.radiopiu.net\/wordpress\/wp-content\/uploads\/2022\/09\/ada9c7a0-4d54-4873-82d4-41f5480668d3-150x150.jpg 150w, https:\/\/www.radiopiu.net\/wordpress\/wp-content\/uploads\/2022\/09\/ada9c7a0-4d54-4873-82d4-41f5480668d3-300x300.jpg 300w, https:\/\/www.radiopiu.net\/wordpress\/wp-content\/uploads\/2022\/09\/ada9c7a0-4d54-4873-82d4-41f5480668d3-1024x1024.jpg 1024w, https:\/\/www.radiopiu.net\/wordpress\/wp-content\/uploads\/2022\/09\/ada9c7a0-4d54-4873-82d4-41f5480668d3-768x768.jpg 768w, https:\/\/www.radiopiu.net\/wordpress\/wp-content\/uploads\/2022\/09\/ada9c7a0-4d54-4873-82d4-41f5480668d3.jpg 1080w\" sizes=\"auto, (max-width: 150px) 100vw, 150px\" \/><\/a>\n\t\t\t\t<\/dt><\/dl><br style=\"clear: both\" \/>\n\t\t\t<\/div>\n\n<hr \/>\n<p>&nbsp;<\/p>\n<p>&nbsp;<\/p>\n<blockquote>\n<h3>CON IL CAI BELLUNO SUGLI ALTIPIANI DI SENNES E FOSSES<\/h3>\n<\/blockquote>\n<p lang=\"it-IT\" align=\"LEFT\">La Commissione Escursionismo della Sezione di Belluno del Club Alpino Italiano organizza per domenica 9 ottobre 2022 un\u2019escursione estremamente suggestiva sugli altipiani che fanno corona a nord alla conca di Cortina d\u2019Ampezzo, con percorso estremamente panoramico e suggestivo a cavallo fra l\u2019estrema propaggine della provincia di Belluno e l\u2019Alto Adige (Marebbe e Braies). Per informazioni: <a href=\"http:\/\/www.caibelluno.it\">www.caibelluno.it<\/a><\/p>\n<p>&nbsp;<\/p>\n<hr \/>\n<blockquote>\n<h2><\/h2>\n<h2>LA FIRMA SULLA PENSIONE DI DOMENICA CANEVE &#8220;PRECISIONE E PUNTUALITA'&#8221;<\/h2>\n<\/blockquote>\n<p><strong>PONTE NELLE ALPI<\/strong> Dopo 40 anni in qualit\u00e0 di funzionaria di Stato Civile del Comune di Ponte nelle Alpi, Domenica Caneve va in pensione.<span class=\"gmail-Apple-converted-space\"> \u00a0<\/span>Entrata in servizio all\u2019ufficio anagrafe del Comune, nei primi anni Ottanta, ha predisposto oltre un centinaio di matrimoni civili e cittadinanze, presenziando alle cerimonie come Ufficiale di Stato civile, insieme ai sindaci che si sono succeduti. Si \u00e8 occupata pure di residenze e dei connazionali all\u2019estero (AIRE). \u00c8 stata un punto di riferimento per il personale comunale e per tanti cittadini.\u00a0 \u00abPersona seria, puntuale, precisa, sempre disponibile alla collaborazione sia con gli amministratori, sia con i colleghi &#8211; ha detto il sindaco Paolo Vendramini -. A Domenica Caneve va il ringraziamento per il lavoro svolto con grande passione e professionalit\u00e0&#8221;. I recenti pensionamenti sono gi\u00e0 stati tutti sostituti con quattro nuove figure.<\/p>\n<p><span class=\"gmail-Apple-converted-space\"><a class=\"dt-pswp-item\" href=\"https:\/\/www.radiopiu.net\/wordpress\/wp-content\/uploads\/2022\/10\/Domenica_Caneve.jpg\" data-dt-img-description=\"\" data-large_image_width=\"990\" data-large_image_height=\"1435\"><img loading=\"lazy\" decoding=\"async\" class=\"alignnone size-medium wp-image-300406\" src=\"https:\/\/www.radiopiu.net\/wordpress\/wp-content\/uploads\/2022\/10\/Domenica_Caneve-207x300.jpg\" alt=\"\" width=\"207\" height=\"300\" srcset=\"https:\/\/www.radiopiu.net\/wordpress\/wp-content\/uploads\/2022\/10\/Domenica_Caneve-207x300.jpg 207w, https:\/\/www.radiopiu.net\/wordpress\/wp-content\/uploads\/2022\/10\/Domenica_Caneve-706x1024.jpg 706w, https:\/\/www.radiopiu.net\/wordpress\/wp-content\/uploads\/2022\/10\/Domenica_Caneve-768x1113.jpg 768w, https:\/\/www.radiopiu.net\/wordpress\/wp-content\/uploads\/2022\/10\/Domenica_Caneve.jpg 990w\" sizes=\"auto, (max-width: 207px) 100vw, 207px\" \/><\/a>\u00a0<\/span><\/p>\n<p>&nbsp;<\/p>\n<p>&nbsp;<\/p>\n<hr \/>\n<p>&nbsp;<\/p>\n<p>&nbsp;<\/p>\n<blockquote>\n<h3>ALLA RADIO, APPUNTAMENTO QUINDICINALE CON SPI-CGIL BELLUNO<\/h3>\n<h3><a href=\"https:\/\/www.radiopiu.net\/wordpress\/giornale-radiopiu-06-febbraio-2019-direttore-mirko-mezzacasa\/logo_spi-cgil-800x445\/\" rel=\"attachment wp-att-75538\"><img loading=\"lazy\" decoding=\"async\" class=\"wp-image-75538 alignleft\" src=\"https:\/\/www.radiopiu.net\/wordpress\/wp-content\/uploads\/2019\/02\/Logo_Spi-CGIL-800x445-300x167.jpg\" alt=\"\" width=\"210\" height=\"117\" srcset=\"https:\/\/www.radiopiu.net\/wordpress\/wp-content\/uploads\/2019\/02\/Logo_Spi-CGIL-800x445-300x167.jpg 300w, https:\/\/www.radiopiu.net\/wordpress\/wp-content\/uploads\/2019\/02\/Logo_Spi-CGIL-800x445-768x427.jpg 768w, https:\/\/www.radiopiu.net\/wordpress\/wp-content\/uploads\/2019\/02\/Logo_Spi-CGIL-800x445.jpg 800w\" sizes=\"auto, (max-width: 210px) 100vw, 210px\" \/><\/a> IN STUDIO MARIA RITA GENTILIN<\/h3>\n<\/blockquote>\n<p><strong>di Claudio Fontanive<\/strong><\/p>\n<audio class=\"wp-audio-shortcode\" id=\"audio-300329-13\" preload=\"none\" style=\"width: 100%;\" controls=\"controls\"><source type=\"audio\/mpeg\" src=\"https:\/\/www.radiopiu.net\/wordpress\/wp-content\/uploads\/2021\/02\/spi-cgil-6-ottobre.mp3?_=13\" \/><a href=\"https:\/\/www.radiopiu.net\/wordpress\/wp-content\/uploads\/2021\/02\/spi-cgil-6-ottobre.mp3\">https:\/\/www.radiopiu.net\/wordpress\/wp-content\/uploads\/2021\/02\/spi-cgil-6-ottobre.mp3<\/a><\/audio>\n<p>&nbsp;<\/p>\n<p>&nbsp;<\/p>\n<\/div>\n<div dir=\"auto\">\n<hr \/>\n<p>&nbsp;<\/p>\n<blockquote>\n<h3>AL VIA LA VENTISEIESIMA EDIZIONE DI OLTRE LE VETTE<\/h3>\n<\/blockquote>\n<p><strong><a class=\"dt-pswp-item\" href=\"https:\/\/www.radiopiu.net\/wordpress\/wp-content\/uploads\/2022\/09\/immagine-oltrelevette2022-totaro.jpg\" data-dt-img-description=\"\" data-large_image_width=\"1106\" data-large_image_height=\"789\"><img loading=\"lazy\" decoding=\"async\" class=\" wp-image-298605 alignleft\" src=\"https:\/\/www.radiopiu.net\/wordpress\/wp-content\/uploads\/2022\/09\/immagine-oltrelevette2022-totaro-300x214.jpg\" alt=\"\" width=\"193\" height=\"138\" srcset=\"https:\/\/www.radiopiu.net\/wordpress\/wp-content\/uploads\/2022\/09\/immagine-oltrelevette2022-totaro-300x214.jpg 300w, https:\/\/www.radiopiu.net\/wordpress\/wp-content\/uploads\/2022\/09\/immagine-oltrelevette2022-totaro-1024x731.jpg 1024w, https:\/\/www.radiopiu.net\/wordpress\/wp-content\/uploads\/2022\/09\/immagine-oltrelevette2022-totaro-768x548.jpg 768w, https:\/\/www.radiopiu.net\/wordpress\/wp-content\/uploads\/2022\/09\/immagine-oltrelevette2022-totaro.jpg 1106w\" sizes=\"auto, (max-width: 193px) 100vw, 193px\" \/><\/a>BELLUNO<\/strong> Dopo i partecipati eventi \u201cfuori dal Comune\u201d presso il nuovo centro culturale di Sedico e il museo etnografico della Provincia di Belluno e del Parco Nazionale Dolomiti Bellunesi di Seravella nei giorni precedenti, Oltre le Vette entra nel vivo con il primo fine settimana di un calendario ricchissimo di eventi, che si svolgeranno tra il centro citta\u0300 e i suoi magnifici dintorni. Oggi alle 17.30 si terra\u0300 l\u2019inaugurazione ufficiale della rassegna culturale dedicata alla montagna, negli incantevoli spazi di Palazzo Bembo, recentemente restaurati. Alle 21, al Teatro Comunale si terra\u0300 un doppio importante appuntamento. La Fondazione Dolomiti UNESCO, prezioso partner della 26esima edizione di Oltre le Vette, presentera\u0300 il progetto Dolomites World Heritage Geotrail, un percorso in 47 tappe attraverso l\u2019intero arcipelago fossile delle Dolomiti Patrimonio Mondiale. La serata proseguira\u0300 con la proiezione del docufilm Tjikko, di Elena Bocchetti e l\u2019incontro con Anselmo Cagnati. Il primo sabato di Oltre le Vette e\u0300 davvero denso di appuntamenti. Si comincera\u0300 di primo mattino, alle 7, con una meditazione silvestre nel parco di Villa Montalban, in localita\u0300 Safforze. Alle 16 a Palazzo Fulcis si inaugura la mostra Dino Buzzati \u2013 dentro la creazione, allestita nel 50\u00b0 anniversario della morte del grande artista bellunese, a cura del Circolo Cultura e Stampa Bellunese e dell\u2019Associazione Internazionale Dino Buzzati. Alle 18, a Palazzo Bembo si terra\u0300 il primo degli appuntamenti di \u201cParole di carta e di montagna\u201d. Lo scrittore in residenza Tiziano Fratus dialoghera\u0300 con Franco Faggiani in un piacevole confronto sui temi della natura, il cambiamento climatico, i boschi, lo scrivere ispirati al ciclo delle stagioni, le tradizioni e le lingue delle montagne. Alle 21, al teatro Comunale, l\u2019attesissimo incontro con l\u2019alpinista Denis Urubko. Domenica, un\u2019altra giornata intensa. Lo scrittore Tiziano Fratus condurra\u0300 una nuova meditazione silvestre (alle 7 del mattino), tra gli alberi e il verde del parco di Mussoi (ritrovo all\u2019ingresso nord-est da via Cappellari). Al Parco Citta\u0300 di Bologna, meteo permettendo, Oltre le Vette riproporra\u0300 una proposta che l\u2019anno scorso ha riscosso grande successo e molteplici adesioni da parte delle famiglie. Le guide alpine Michele Barbiero e Francesco Tremolada offriranno a bambini e a ragazzi delle scuole elementari e medie la possibilita\u0300 di arrampicare in sicurezza sugli alberi del parco, per riscoprire il gioco piu\u0300 antico dell\u2019arrampicata nella natura. Iscrizioni sul posto. In caso di maltempo, l\u2019evento verra\u0300 rinviato. Alle 18, a Palazzo Bembo, lo scrittore Matteo Righetto sara\u0300 per la prima volta a Belluno per dialogare con Tiziano Fratus sui temi del vivere in montagna, della narrazione delle vicende dei montanari, della natura e dei boschi. Alle 21, al teatro Comunale si alzera\u0300 il sipario per \u201cUna vita\u201d, lettura \u2013 concerto con Sandro Buzzatti e Flora Sarrubbo e interventi alla fisarmonica di Tommaso Zamboni. Tutti gli appuntamenti sono a ingresso libero. Anche quest\u2019anno il pubblico e\u0300 chiamato a sostenere la rassegna concretamente attraverso l\u2019iniziativa Oltre le Vette Spirit, versando all\u2019ingresso degli eventi o delle mostre un\u2019offerta consapevole.<\/p>\n\n\t\t\t<style type='text\/css'>\n\t\t\t\t#gallery-5 {\n\t\t\t\t\tmargin: auto;\n\t\t\t\t}\n\t\t\t\t#gallery-5 .gallery-item {\n\t\t\t\t\tfloat: left;\n\t\t\t\t\tmargin-top: 10px;\n\t\t\t\t\ttext-align: center;\n\t\t\t\t\twidth: 33%;\n\t\t\t\t}\n\t\t\t\t#gallery-5 img {\n\t\t\t\t\tborder: 2px solid #cfcfcf;\n\t\t\t\t}\n\t\t\t\t#gallery-5 .gallery-caption {\n\t\t\t\t\tmargin-left: 0;\n\t\t\t\t}\n\t\t\t\t\/* see gallery_shortcode() in wp-includes\/media.php *\/\n\t\t\t<\/style>\n\t\t<div id='gallery-5' class='dt-gallery-container gallery galleryid-300329 gallery-columns-3 gallery-size-thumbnail'><dl class='gallery-item'>\n\t\t\t\t<dt class='gallery-icon landscape'>\n\t\t\t\t\t<a class=\"rollover rollover-zoom dt-pswp-item\" title=\"1.pelmo_Ph.MorenoGeremetta\" data-dt-img-description=\"\" data-large_image_width=\"1387\" data-large_image_height=\"895\"href='https:\/\/www.radiopiu.net\/wordpress\/wp-content\/uploads\/2022\/10\/1.pelmo_Ph.MorenoGeremetta.jpg'><img loading=\"lazy\" decoding=\"async\" width=\"150\" height=\"150\" src=\"https:\/\/www.radiopiu.net\/wordpress\/wp-content\/uploads\/2022\/10\/1.pelmo_Ph.MorenoGeremetta-150x150.jpg\" class=\"attachment-thumbnail size-thumbnail\" alt=\"\" \/><\/a>\n\t\t\t\t<\/dt><\/dl><dl class='gallery-item'>\n\t\t\t\t<dt class='gallery-icon landscape'>\n\t\t\t\t\t<a class=\"rollover rollover-zoom dt-pswp-item\" title=\"2.vallon-popera_Ph.RitaZandonella\" data-dt-img-description=\"\" data-large_image_width=\"1491\" data-large_image_height=\"922\"href='https:\/\/www.radiopiu.net\/wordpress\/wp-content\/uploads\/2022\/10\/2.vallon-popera_Ph.RitaZandonella.jpg'><img loading=\"lazy\" decoding=\"async\" width=\"150\" height=\"150\" src=\"https:\/\/www.radiopiu.net\/wordpress\/wp-content\/uploads\/2022\/10\/2.vallon-popera_Ph.RitaZandonella-150x150.jpg\" class=\"attachment-thumbnail size-thumbnail\" alt=\"\" \/><\/a>\n\t\t\t\t<\/dt><\/dl><dl class='gallery-item'>\n\t\t\t\t<dt class='gallery-icon landscape'>\n\t\t\t\t\t<a class=\"rollover rollover-zoom dt-pswp-item\" title=\"3.vette-feltrine_Ph.GeorgTappeiner\" data-dt-img-description=\"\" data-large_image_width=\"1393\" data-large_image_height=\"904\"href='https:\/\/www.radiopiu.net\/wordpress\/wp-content\/uploads\/2022\/10\/3.vette-feltrine_Ph.GeorgTappeiner.jpg'><img loading=\"lazy\" decoding=\"async\" width=\"150\" height=\"150\" src=\"https:\/\/www.radiopiu.net\/wordpress\/wp-content\/uploads\/2022\/10\/3.vette-feltrine_Ph.GeorgTappeiner-150x150.jpg\" class=\"attachment-thumbnail size-thumbnail\" alt=\"\" \/><\/a>\n\t\t\t\t<\/dt><\/dl><br style=\"clear: both\" \/>\n\t\t\t<\/div>\n\n<p>&nbsp;<\/p>\n<blockquote>\n<blockquote>\n<h3>OLTRE LE VETTE&#8230;E SONO 26 EDIZIONI<\/h3>\n<\/blockquote>\n<p><em>manifestazione dell\u2019assessorato alla cultura del Comune di Belluno organizzata insieme alla Fondazione Teatri delle Dolomiti.<\/em><\/p>\n<p><strong>BELLUNO<\/strong> La 26a edizione della rassegna &#8220;Oltre le vette,\u00a0 Metafore, uomini, luoghi della montagna&#8221;, si terr\u00e0 venerd\u00ec 7 ottobre alle\u00a0 17.30, a Palazzo Bembo, in via Loreto 32. Contemporaneamente, verranno inaugurate le mostre: &#8220;Alpimagia. Riti, leggende e misteri dei popoli alpini&#8221; e &#8220;Rete Natura 2000 nel Parco Nazionale delle Dolomiti Bellunesi. Habitat, piante e animali&#8221; (le mostre proseguiranno fino al 2 novembre 2022, a Palazzo Bembo).<\/p><\/blockquote>\n<p><strong>VALERIA BENNI, ORGANIZZATRICE DI OLTRE LE VETTE<\/strong><\/p>\n<audio class=\"wp-audio-shortcode\" id=\"audio-300329-14\" preload=\"none\" style=\"width: 100%;\" controls=\"controls\"><source type=\"audio\/mpeg\" src=\"https:\/\/www.radiopiu.net\/wordpress\/wp-content\/uploads\/2022\/09\/Valeria-Benni-OLV.mp3?_=14\" \/><a href=\"https:\/\/www.radiopiu.net\/wordpress\/wp-content\/uploads\/2022\/09\/Valeria-Benni-OLV.mp3\">https:\/\/www.radiopiu.net\/wordpress\/wp-content\/uploads\/2022\/09\/Valeria-Benni-OLV.mp3<\/a><\/audio>\n<p>&nbsp;<\/p>\n<hr \/>\n<p>&nbsp;<\/p>\n<blockquote>\n<h3>IL CONVEGNO &#8220;IL PIAVE E LE SUE ACQUE&#8221;<\/h3>\n<\/blockquote>\n<p><strong><a class=\"dt-pswp-item\" href=\"https:\/\/www.radiopiu.net\/wordpress\/wp-content\/uploads\/2022\/10\/Senza-nome-5.jpg\" data-dt-img-description=\"\" data-large_image_width=\"467\" data-large_image_height=\"258\"><img loading=\"lazy\" decoding=\"async\" class=\" wp-image-300108 alignleft\" src=\"https:\/\/www.radiopiu.net\/wordpress\/wp-content\/uploads\/2022\/10\/Senza-nome-5-300x166.jpg\" alt=\"\" width=\"255\" height=\"141\" srcset=\"https:\/\/www.radiopiu.net\/wordpress\/wp-content\/uploads\/2022\/10\/Senza-nome-5-300x166.jpg 300w, https:\/\/www.radiopiu.net\/wordpress\/wp-content\/uploads\/2022\/10\/Senza-nome-5.jpg 467w\" sizes=\"auto, (max-width: 255px) 100vw, 255px\" \/><\/a>BELLUNO<\/strong> Sabato alle 9 presso la Sala Eliseo Dal Pont \u201cBianchi\u201d di Belluno la Fondazione G. Angelini-Centro Studi sulla Montagna con l\u2019Universit\u00e0 di Padova e la Provincia di Belluno hanno organizzato, in occasione della rassegna culturale \u201cOltre le Vette\u201d del Comune di Belluno, Il convegno Il Piave e le sue acque. Il programma prevede l\u2019intervento di Luigi D\u2019Alpaos, (Universit\u00e0 di Padova), Gianpaolo Bottacin (assessore regione Veneto),\u00a0 Marina Colaizzi (segretaria dell\u2019Autorit\u00e0 di Distretto -Deflusso ecologico)\u00a0 Stefano Savio (ENEL Greenpower), Sara Pavan (Arpav) e Paolo Battagion (direttore Consorzio Piave) Alla Tavola Rotonda finale parteciperanno: Silvia Susanna (sindaco Musile di Piave), Mario De Bon (sindaco Sospirolo), Francesco Baruffi (Ordine Ingegneri Venezia), Amedeo Gerolimetto (presidente Consorzio Piave), Yannick Da Re (Ordine Ingegneri Treviso), Luigi D\u2019Alpaos (Ordine Ingegneri Belluno).<\/p>\n<p>&nbsp;<\/p>\n<hr \/>\n<p>&nbsp;<\/p>\n<p>&nbsp;<\/p>\n<blockquote>\n<h3><span style=\"color: #222222;\"><span style=\"font-size: medium;\"><b>QUANDO IL PIAVE MORMORAVA ALTROVE<\/b><\/span><\/span><\/h3>\n<\/blockquote>\n<p><span style=\"color: #222222;\"><span style=\"font-size: medium;\"><b><a class=\"dt-pswp-item\" href=\"https:\/\/www.radiopiu.net\/wordpress\/wp-content\/uploads\/2022\/10\/P1130073-scaled.jpg\" data-dt-img-description=\"\" data-large_image_width=\"2560\" data-large_image_height=\"1920\"><img loading=\"lazy\" decoding=\"async\" class=\"wp-image-300263 alignleft\" src=\"https:\/\/www.radiopiu.net\/wordpress\/wp-content\/uploads\/2022\/10\/P1130073-300x225.jpg\" alt=\"\" width=\"179\" height=\"134\" srcset=\"https:\/\/www.radiopiu.net\/wordpress\/wp-content\/uploads\/2022\/10\/P1130073-300x225.jpg 300w, https:\/\/www.radiopiu.net\/wordpress\/wp-content\/uploads\/2022\/10\/P1130073-1024x768.jpg 1024w, https:\/\/www.radiopiu.net\/wordpress\/wp-content\/uploads\/2022\/10\/P1130073-768x576.jpg 768w, https:\/\/www.radiopiu.net\/wordpress\/wp-content\/uploads\/2022\/10\/P1130073-1536x1152.jpg 1536w, https:\/\/www.radiopiu.net\/wordpress\/wp-content\/uploads\/2022\/10\/P1130073-2048x1536.jpg 2048w\" sizes=\"auto, (max-width: 179px) 100vw, 179px\" \/><\/a>ALPAGO <\/b>Il lago , i suoi dintorni, i suoi racconti: itinerario per una scoperta<\/span><\/span><span style=\"color: #222222;\"><span style=\"font-size: medium;\">. Da una sponda all&#8217;altra il lago di S.Croce raccoglie e restituisce una inedita esperienza di unit\u00e0 tra natura,uomo, storia, paesaggio attraverso testimonianze concrete\u00a0 &#8211; vegetazione, viabilit\u00e0, insediamenti, monumenti &#8211; da osservare finalmente con concentrazione e con stupore. <\/span><\/span><span style=\"font-size: medium;\">Ritrovo in partenza a Belluno-Stadio alle 14,30 o successivamente presso il parcheggio, situato subito dopo il ponte sul torrente Tesa, a ridosso dell\u2019abitato di Farra d \u2018Alpago. <\/span><span style=\"font-size: medium;\">Accompagnatori arch Lidia Rui, prof Augusto Modolo e la guida naturalistica ambientale Anacleto Boranga. <\/span><span style=\"font-size: medium;\">Posti disponibili 25. Iscrizioni al CTG Belluno \u2013 tel 0437 950075 (al mattino 9,00 \u2013 11,00 o la sera di marted\u00ec o gioved\u00ec 17.30-18,30) oppure inviando una mail a anacleto.boranga@gmail.com<\/span><\/p>\n<\/div>\n<div dir=\"auto\">\n<blockquote>\n<h3><\/h3>\n<\/blockquote>\n<hr \/>\n<p>&nbsp;<\/p>\n<p><span style=\"color: #ff0000;\"><strong>AIUTI FINALIZZATI ALL&#8217;ACQUISTO DI GENERI ALIMENTARI<\/strong><\/span><\/p>\n<\/div>\n<\/div>\n<p><strong><a class=\"dt-pswp-item\" href=\"https:\/\/www.radiopiu.net\/wordpress\/wp-content\/uploads\/2022\/02\/DolomitiCert-Scarpa-Alleghe-Febbraio-2022-Incontro-Comune-scuole-scultori-1-scaled.jpg\" data-dt-img-description=\"\" data-large_image_width=\"2560\" data-large_image_height=\"1706\"><img loading=\"lazy\" decoding=\"async\" class=\" wp-image-260782 alignleft\" src=\"https:\/\/www.radiopiu.net\/wordpress\/wp-content\/uploads\/2022\/02\/DolomitiCert-Scarpa-Alleghe-Febbraio-2022-Incontro-Comune-scuole-scultori-1-300x200.jpg\" alt=\"\" width=\"227\" height=\"151\" srcset=\"https:\/\/www.radiopiu.net\/wordpress\/wp-content\/uploads\/2022\/02\/DolomitiCert-Scarpa-Alleghe-Febbraio-2022-Incontro-Comune-scuole-scultori-1-300x200.jpg 300w, https:\/\/www.radiopiu.net\/wordpress\/wp-content\/uploads\/2022\/02\/DolomitiCert-Scarpa-Alleghe-Febbraio-2022-Incontro-Comune-scuole-scultori-1-1024x683.jpg 1024w, https:\/\/www.radiopiu.net\/wordpress\/wp-content\/uploads\/2022\/02\/DolomitiCert-Scarpa-Alleghe-Febbraio-2022-Incontro-Comune-scuole-scultori-1-768x512.jpg 768w, https:\/\/www.radiopiu.net\/wordpress\/wp-content\/uploads\/2022\/02\/DolomitiCert-Scarpa-Alleghe-Febbraio-2022-Incontro-Comune-scuole-scultori-1-1536x1024.jpg 1536w, https:\/\/www.radiopiu.net\/wordpress\/wp-content\/uploads\/2022\/02\/DolomitiCert-Scarpa-Alleghe-Febbraio-2022-Incontro-Comune-scuole-scultori-1-2048x1365.jpg 2048w\" sizes=\"auto, (max-width: 227px) 100vw, 227px\" \/><\/a>ALLEGHE<\/strong> Le persone e le famiglie residenti nel Comune di Alleghe che, a causa degli effetti economici derivanti dall\u2019emergenza epidemiologica dovuta alla diffusione del virus Covid-19, si trovino in uno stato di bisogno per soddisfare le necessit\u00e0 pi\u00f9 urgenti ed essenziali, possono chiedere che vengano loro riconosciuti i BUONI SPESA per l\u2019acquisto di GENERI ALIMENTARI O PRODOTTI DI PRIMA NECESSIT\u00c0 IMPORTO DEL BUONO SPESA: l\u2019entit\u00e0 dell\u2019importo verr\u00e0 definito con successivo apposito provvedimento, partendo da un importo minimo di Euro 50,00, sulla base del numero dei componenti il nucleo familiare e in considerazione delle necessit\u00e0 dichiarate dal richiedente. Le richieste, redatte sull\u2019apposito modulo dovranno pervenire al Comune di Alleghe mediante invio di posta elettronica. Solo via residuale la domanda potr\u00e0 essere presentata telefonicamente, chiamando il numero 0437 523300 dal luned\u00ec al venerd\u00ec dalle 8 alle 10<\/p>\n<p>&nbsp;<\/p>\n<p>&nbsp;<\/p>\n<hr \/>\n<p>&nbsp;<\/p>\n<h3 style=\"text-align: center;\">LIBERA CHIAMA, L&#8217;AGORDINO RISPONDE !<\/h3>\n<h3 style=\"text-align: center;\"><a class=\"dt-pswp-item\" href=\"https:\/\/www.radiopiu.net\/wordpress\/wp-content\/uploads\/2022\/10\/95c03269-b5bc-4d85-bfa0-529df60a034b-1.jpg\" data-dt-img-description=\"\" data-large_image_width=\"2000\" data-large_image_height=\"1496\"><img loading=\"lazy\" decoding=\"async\" class=\"alignnone wp-image-300528 size-large\" src=\"https:\/\/www.radiopiu.net\/wordpress\/wp-content\/uploads\/2022\/10\/95c03269-b5bc-4d85-bfa0-529df60a034b-1-1024x766.jpg\" alt=\"\" width=\"1024\" height=\"766\" srcset=\"https:\/\/www.radiopiu.net\/wordpress\/wp-content\/uploads\/2022\/10\/95c03269-b5bc-4d85-bfa0-529df60a034b-1-1024x766.jpg 1024w, https:\/\/www.radiopiu.net\/wordpress\/wp-content\/uploads\/2022\/10\/95c03269-b5bc-4d85-bfa0-529df60a034b-1-300x224.jpg 300w, https:\/\/www.radiopiu.net\/wordpress\/wp-content\/uploads\/2022\/10\/95c03269-b5bc-4d85-bfa0-529df60a034b-1-768x574.jpg 768w, https:\/\/www.radiopiu.net\/wordpress\/wp-content\/uploads\/2022\/10\/95c03269-b5bc-4d85-bfa0-529df60a034b-1-1536x1149.jpg 1536w, https:\/\/www.radiopiu.net\/wordpress\/wp-content\/uploads\/2022\/10\/95c03269-b5bc-4d85-bfa0-529df60a034b-1.jpg 2000w\" sizes=\"auto, (max-width: 1024px) 100vw, 1024px\" \/><\/a><\/h3>\n<p><strong>AGORDO<\/strong> In sala don Tamis ad Agordo\u00a0 l\u2019assemblea costitutiva del presidio Agordino di \u00abLibera. Associazioni, nomi e numeri contro le mafie\u00bb, la realt\u00e0 fondata da don Luigi Ciotti nel 1995. Dopo l\u2019illustrazione degli obiettivi del presidio e la presentazione della vittima innocente di mafia a cui esso verr\u00e0 intitolato, tutti i presenti potranno firmare il patto di presidio.<\/p>\n\n\t\t\t<style type='text\/css'>\n\t\t\t\t#gallery-6 {\n\t\t\t\t\tmargin: auto;\n\t\t\t\t}\n\t\t\t\t#gallery-6 .gallery-item {\n\t\t\t\t\tfloat: left;\n\t\t\t\t\tmargin-top: 10px;\n\t\t\t\t\ttext-align: center;\n\t\t\t\t\twidth: 33%;\n\t\t\t\t}\n\t\t\t\t#gallery-6 img {\n\t\t\t\t\tborder: 2px solid #cfcfcf;\n\t\t\t\t}\n\t\t\t\t#gallery-6 .gallery-caption {\n\t\t\t\t\tmargin-left: 0;\n\t\t\t\t}\n\t\t\t\t\/* see gallery_shortcode() in wp-includes\/media.php *\/\n\t\t\t<\/style>\n\t\t<div id='gallery-6' class='dt-gallery-container gallery galleryid-300329 gallery-columns-3 gallery-size-thumbnail'><dl class='gallery-item'>\n\t\t\t\t<dt class='gallery-icon landscape'>\n\t\t\t\t\t<a class=\"rollover rollover-zoom dt-pswp-item\" title=\"1c4c325b-ed7d-448b-a29b-76fdf9279c27\" data-dt-img-description=\"\" data-large_image_width=\"1920\" data-large_image_height=\"1080\"href='https:\/\/www.radiopiu.net\/wordpress\/wp-content\/uploads\/2022\/10\/1c4c325b-ed7d-448b-a29b-76fdf9279c27.jpg'><img loading=\"lazy\" decoding=\"async\" width=\"150\" height=\"150\" src=\"https:\/\/www.radiopiu.net\/wordpress\/wp-content\/uploads\/2022\/10\/1c4c325b-ed7d-448b-a29b-76fdf9279c27-150x150.jpg\" class=\"attachment-thumbnail size-thumbnail\" alt=\"\" \/><\/a>\n\t\t\t\t<\/dt><\/dl><dl class='gallery-item'>\n\t\t\t\t<dt class='gallery-icon landscape'>\n\t\t\t\t\t<a class=\"rollover rollover-zoom dt-pswp-item\" title=\"387b2fa9-ab6f-4135-b5ca-f5fb19e3820d\" data-dt-img-description=\"\" data-large_image_width=\"1920\" data-large_image_height=\"1080\"href='https:\/\/www.radiopiu.net\/wordpress\/wp-content\/uploads\/2022\/10\/387b2fa9-ab6f-4135-b5ca-f5fb19e3820d.jpg'><img loading=\"lazy\" decoding=\"async\" width=\"150\" height=\"150\" src=\"https:\/\/www.radiopiu.net\/wordpress\/wp-content\/uploads\/2022\/10\/387b2fa9-ab6f-4135-b5ca-f5fb19e3820d-150x150.jpg\" class=\"attachment-thumbnail size-thumbnail\" alt=\"\" \/><\/a>\n\t\t\t\t<\/dt><\/dl><dl class='gallery-item'>\n\t\t\t\t<dt class='gallery-icon landscape'>\n\t\t\t\t\t<a class=\"rollover rollover-zoom dt-pswp-item\" title=\"51c26dab-6f45-4259-870f-83f4e2577d3b\" data-dt-img-description=\"\" data-large_image_width=\"1920\" data-large_image_height=\"1080\"href='https:\/\/www.radiopiu.net\/wordpress\/wp-content\/uploads\/2022\/10\/51c26dab-6f45-4259-870f-83f4e2577d3b.jpg'><img loading=\"lazy\" decoding=\"async\" width=\"150\" height=\"150\" src=\"https:\/\/www.radiopiu.net\/wordpress\/wp-content\/uploads\/2022\/10\/51c26dab-6f45-4259-870f-83f4e2577d3b-150x150.jpg\" class=\"attachment-thumbnail size-thumbnail\" alt=\"\" \/><\/a>\n\t\t\t\t<\/dt><\/dl><br style=\"clear: both\" \/>\n\t\t\t<\/div>\n\n<p><strong>LA DIRETTA RADIO PIU&#8217;<\/strong><\/p>\n<p>https:\/\/www.facebook.com\/marco.baghy.1\/videos\/1166031587332113<\/p>\n<p>&nbsp;<\/p>\n<p><strong>PUNTATA 1,\u00a0 CON GIANNI SANTOMASO<\/strong><\/p>\n<p><span style=\"color: #ff0000;\">Dallo spazio &#8220;reporter&#8221; delle 10.30 e 1900.<\/span><\/p>\n<p>Allora Gianni, iniziamo da lontano ancora prima di entrare nei dettagli della serata. Ovvero, &#8220;Libera nell&#8217;Agordino&#8221;, idea importante e qualificante. Come e quando nasce l&#8217;idea di abbracciare questa importante causa.<\/p>\n<audio class=\"wp-audio-shortcode\" id=\"audio-300329-15\" preload=\"none\" style=\"width: 100%;\" controls=\"controls\"><source type=\"audio\/mpeg\" src=\"https:\/\/www.radiopiu.net\/wordpress\/wp-content\/uploads\/2022\/10\/gianni-libera1-2.mp3?_=15\" \/><a href=\"https:\/\/www.radiopiu.net\/wordpress\/wp-content\/uploads\/2022\/10\/gianni-libera1-2.mp3\">https:\/\/www.radiopiu.net\/wordpress\/wp-content\/uploads\/2022\/10\/gianni-libera1-2.mp3<\/a><\/audio>\n<p>&nbsp;<\/p>\n<p><span style=\"color: #ff0000;\">Dal giornale radio mattina delle 9.30 e dal giornale radio sera delle 18.30, graditissimo ritorno a RadioPi\u00f9 di Liana Cavallet<\/span><\/p>\n<p>Liana presenta l&#8217;idea del presidio di Libera nell&#8217;Agordino, ma fa anche un passo indietro nel tempo, in una storia che inizia da lontano quando i volontari dell&#8217;Auser proponevano in pizza gli &#8220;spaghetti&#8221; contribuendo a diffondere la curiosit\u00e0 verso Libera ma anche informando la cittadinanza<\/p>\n<audio class=\"wp-audio-shortcode\" id=\"audio-300329-16\" preload=\"none\" style=\"width: 100%;\" controls=\"controls\"><source type=\"audio\/mpeg\" src=\"https:\/\/www.radiopiu.net\/wordpress\/wp-content\/uploads\/2022\/10\/LIANA.mp3?_=16\" \/><a href=\"https:\/\/www.radiopiu.net\/wordpress\/wp-content\/uploads\/2022\/10\/LIANA.mp3\">https:\/\/www.radiopiu.net\/wordpress\/wp-content\/uploads\/2022\/10\/LIANA.mp3<\/a><\/audio>\n<p>&nbsp;<\/p>\n<p>&nbsp;<\/p>\n<hr \/>\n<p>&nbsp;<\/p>\n<blockquote>\n<h3>DOMENICA GIORNATA NAZIONALE DELLE PERSONE CON SINDROME DI DOWN<\/h3>\n<\/blockquote>\n<p><strong><a class=\"dt-pswp-item\" href=\"https:\/\/www.radiopiu.net\/wordpress\/wp-content\/uploads\/2022\/10\/col-nostro-passo-2022.jpg\" data-dt-img-description=\"\" data-large_image_width=\"228\" data-large_image_height=\"500\"><img loading=\"lazy\" decoding=\"async\" class=\" wp-image-300265 alignleft\" src=\"https:\/\/www.radiopiu.net\/wordpress\/wp-content\/uploads\/2022\/10\/col-nostro-passo-2022-137x300.jpg\" alt=\"\" width=\"123\" height=\"269\" srcset=\"https:\/\/www.radiopiu.net\/wordpress\/wp-content\/uploads\/2022\/10\/col-nostro-passo-2022-137x300.jpg 137w, https:\/\/www.radiopiu.net\/wordpress\/wp-content\/uploads\/2022\/10\/col-nostro-passo-2022.jpg 228w\" sizes=\"auto, (max-width: 123px) 100vw, 123px\" \/><\/a>BELLUNO <\/strong>Da molti anni la seconda domenica di ottobre \u00e8 stata scelta come data per festeggiare la Giornata Nazionale delle Persone con sindrome di Down. Come ogni anno la Sezione bellunese dell\u2019AIPD( Associazione Italiana persone Down) presenta alcune iniziative sul tema, in sintonia con le oltre cinquanta sezioni diffuse nel territorio nazionale. Riprende quest\u2019anno, dopo la pausa determinata dal rispetto per le norme anti-Covid, l\u2019appuntamento con \u201cArriviamo con il nostro passo\u201d, paradigmatico slogan che unisce le caratteristiche delle persone con sindrome di Down e le auto, Topolino e Giardinette, del Club bellunese \u201cAmici della Topolino\u201d; dal 2004, nell\u2019occasione di questa Giornata, un nutrito gruppo di queste vetture compie un percorso attraverso vari centri della provincia. Inn ognuna di queste auto storiche c\u2019\u00e8, come \u201cnavigatore\u201d, un giovane dell\u2019AIPD. In alcuni centri della provincia, inoltre, vengono allestiti dei banchetti per la distribuzione di materiale informativo sulla sindrome di Down e sulle attivit\u00e0 dell\u2019Associazione in provincia di Belluno. Per il sostegno a queste attivit\u00e0 \u00e8 organizzata anche una raccolta fondi, con offerta libera per le tavolette di cioccolato, prodotto simbolo di questa Giornata, distribuito su tutto il territorio nazionale I banchetti saranno allestiti sabato 8 ottobre ad Agordo ed Alleghe, domenica 9 ottobre a Belluno, piazza dei Martiri, Lentiai, Mel( nell\u2019ambito di \u201cMele a Mel\u201d),Feltre, largo Castaldi, Pedavena, Lamon nella piazza principale, sede di arrivo delle Topolino. L\u2019AIPD Belluno sar\u00e0 poi presente con altri analoghi banchetti a Pieve di Cadore, piazza Tiziano, luned\u00ec 10 ottobre, ed a Limana, nell\u2019ambito della \u201cFesta del Miele\u201d, domenica 16 ottobre.<\/p>\n<p>&nbsp;<\/p>\n<p>&nbsp;<\/p>\n<hr \/>\n<p>&nbsp;<\/p>\n<blockquote>\n<h3>GIORNATA NAZIONALE DEL CANE GUIDA 2022<\/h3>\n<\/blockquote>\n<p><strong><a class=\"dt-pswp-item\" href=\"https:\/\/www.radiopiu.net\/wordpress\/wp-content\/uploads\/2022\/10\/Schermata-2022-10-05-alle-17.02.27.png\" data-dt-img-description=\"\" data-large_image_width=\"878\" data-large_image_height=\"616\"><img loading=\"lazy\" decoding=\"async\" class=\" wp-image-300288 alignleft\" src=\"https:\/\/www.radiopiu.net\/wordpress\/wp-content\/uploads\/2022\/10\/Schermata-2022-10-05-alle-17.02.27-300x210.png\" alt=\"\" width=\"159\" height=\"111\" srcset=\"https:\/\/www.radiopiu.net\/wordpress\/wp-content\/uploads\/2022\/10\/Schermata-2022-10-05-alle-17.02.27-300x210.png 300w, https:\/\/www.radiopiu.net\/wordpress\/wp-content\/uploads\/2022\/10\/Schermata-2022-10-05-alle-17.02.27-768x539.png 768w, https:\/\/www.radiopiu.net\/wordpress\/wp-content\/uploads\/2022\/10\/Schermata-2022-10-05-alle-17.02.27.png 878w\" sizes=\"auto, (max-width: 159px) 100vw, 159px\" \/><\/a>BELLUNO <\/strong>In occasione della Giornata Nazionale del Cane Guida che si celebra il 16 ottobre di ogni anno, l\u2019Unione Italiana dei Ciechi e degli Ipovedenti di Belluno, organizza per la mattinata di SABATO 8 OTTOBRE 2022, in collaborazione con la Scuola Triveneta Cani Guida di Selvazzano Dentro (PD) e con il patrocinio del Comune di Belluno, un evento, rivolto alla cittadinanza, di sensibilizzazione e informazione su questi speciali compagni di vita delle persone non vedenti. La Scuola Triveneta Cani Guida creer\u00e0 un percorso in Piazza dei Martiri, dove, chi vorr\u00e0, potr\u00e0 provare la sensazione, dopo essere stato bendato e aver ricevuto le informazioni e rassicurazioni necessarie dall\u2019istruttore, di farsi guidare lungo il percorso da questi amici a quattro zampe. Si ringrazia il Comune di Belluno per il patrocinio dato all\u2019iniziativa e i volontari dell\u2019U.N.I.Vo.C. (Unione Nazionale Italiana Volontari Pro Ciechi) di Belluno per la preziosa collaborazione.<\/p>\n<p>&nbsp;<\/p>\n<p>&nbsp;<\/p>\n<hr \/>\n<p>&nbsp;<\/p>\n<blockquote>\n<h3>OHANNES GUREKIAN, UN PROGETTISTA ARMENO DELLE DOLOMITI<\/h3>\n<\/blockquote>\n<p><strong><a class=\"dt-pswp-item\" href=\"https:\/\/www.radiopiu.net\/wordpress\/wp-content\/uploads\/2022\/09\/Unknown.jpeg\" data-dt-img-description=\"\" data-large_image_width=\"1536\" data-large_image_height=\"2048\"><img loading=\"lazy\" decoding=\"async\" class=\" wp-image-297481 alignleft\" src=\"https:\/\/www.radiopiu.net\/wordpress\/wp-content\/uploads\/2022\/09\/Unknown-150x150.jpeg\" alt=\"\" width=\"95\" height=\"95\" \/><\/a>BELLUNO <\/strong>Fino al giorno 29 ottobre, sar\u00e0 possibile visitare il percorso espositivo presso la biblioteca civica di Agordo.\u00a0 <strong>SABATO 8<\/strong> ottobre (notte di plenilunio) trekking da Frassen\u00e9 al Rifugio Scarpa-Gurekian raccontando cosa lega questo luogo alla storia di Ohann\u00e9s Gurekian. Poi ci sar\u00e0 la possibilit\u00e0 di fermarsi per cenare.<\/p>\n<p>&nbsp;<\/p>\n<p>&nbsp;<\/p>\n<p>&nbsp;<\/p>\n<hr \/>\n<p>&nbsp;<\/p>\n<blockquote>\n<h2>PROLOCO DI RIVAMONTE AGORDINO<\/h2>\n<\/blockquote>\n<div>\n<div class=\"hael596l alzwoclg jl2a5g8c qjfq86k5 r227ecj6 gt60zsk1 s1m0hq7j\">\n<div class=\"cgu29s5g\">\n<div class=\"alzwoclg cqf1kptm siwo0mpr gu5uzgus\">\n<div class=\"jroqu855 nthtkgg5\"><strong>14-15-16 OTTOBRE 2022<\/strong><\/div>\n<\/div>\n<\/div>\n<\/div>\n<\/div>\n<div>\n<div class=\"\" dir=\"auto\">\n<div id=\"jsc_c_1y\" class=\"d2hqwtrz r227ecj6 ez8dtbzv gt60zsk1\" data-ad-comet-preview=\"message\" data-ad-preview=\"message\">\n<div class=\"alzwoclg cqf1kptm siwo0mpr gu5uzgus\">\n<div class=\"jroqu855 nthtkgg5\">\n<div class=\"m8h3af8h l7ghb35v kjdc1dyq kmwttqpk gh25dzvf n3t5jt4f\">\n<div dir=\"auto\">Finalmente ritorna l&#8217;Oktoberfest. Tre giorni di festa in compagnia di buona musica e buon cibo: Canederli, \u00a0Spatzle<\/div>\n<div dir=\"auto\">Stinco con crauti e patate fritte e Buona birra in bicchieri di vetro\u00a0 \u00a0 \u00a0<strong>STAY TUNED<\/strong><br \/>\n<a class=\"dt-pswp-item\" href=\"https:\/\/www.radiopiu.net\/wordpress\/wp-content\/uploads\/2022\/09\/306610049_3398892650338616_7875061756741663012_n.jpg\" data-dt-img-description=\"\" data-large_image_width=\"720\" data-large_image_height=\"261\"><img loading=\"lazy\" decoding=\"async\" class=\"alignnone wp-image-296989 size-full\" src=\"https:\/\/www.radiopiu.net\/wordpress\/wp-content\/uploads\/2022\/09\/306610049_3398892650338616_7875061756741663012_n.jpg\" alt=\"\" width=\"720\" height=\"261\" srcset=\"https:\/\/www.radiopiu.net\/wordpress\/wp-content\/uploads\/2022\/09\/306610049_3398892650338616_7875061756741663012_n.jpg 720w, https:\/\/www.radiopiu.net\/wordpress\/wp-content\/uploads\/2022\/09\/306610049_3398892650338616_7875061756741663012_n-300x109.jpg 300w\" sizes=\"auto, (max-width: 720px) 100vw, 720px\" \/><\/a><\/div>\n<div dir=\"auto\"><\/div>\n<\/div>\n<\/div>\n<\/div>\n<\/div>\n<\/div>\n<\/div>\n<p>&nbsp;<\/p>\n<hr \/>\n<p>&nbsp;<\/p>\n<blockquote>\n<h3>DOMENICA 23 OTTOBRE LA GRANDE FESTA ALLA FABBRICA IN PEDAVENA DI LA VALLE<\/h3>\n<\/blockquote>\n<p><a class=\"dt-pswp-item\" href=\"https:\/\/www.radiopiu.net\/wordpress\/wp-content\/uploads\/2022\/09\/be36ec51-e02a-4ee2-8c75-860605e2253f.jpg\" data-dt-img-description=\"\" data-large_image_width=\"1200\" data-large_image_height=\"628\"><img loading=\"lazy\" decoding=\"async\" class=\"aligncenter wp-image-296751 size-medium\" src=\"https:\/\/www.radiopiu.net\/wordpress\/wp-content\/uploads\/2022\/09\/be36ec51-e02a-4ee2-8c75-860605e2253f-300x157.jpg\" alt=\"\" width=\"300\" height=\"157\" srcset=\"https:\/\/www.radiopiu.net\/wordpress\/wp-content\/uploads\/2022\/09\/be36ec51-e02a-4ee2-8c75-860605e2253f-300x157.jpg 300w, https:\/\/www.radiopiu.net\/wordpress\/wp-content\/uploads\/2022\/09\/be36ec51-e02a-4ee2-8c75-860605e2253f-1024x536.jpg 1024w, https:\/\/www.radiopiu.net\/wordpress\/wp-content\/uploads\/2022\/09\/be36ec51-e02a-4ee2-8c75-860605e2253f-768x402.jpg 768w, https:\/\/www.radiopiu.net\/wordpress\/wp-content\/uploads\/2022\/09\/be36ec51-e02a-4ee2-8c75-860605e2253f.jpg 1200w\" sizes=\"auto, (max-width: 300px) 100vw, 300px\" \/><\/a><\/p>\n<p>&nbsp;<\/p>\n<p>&nbsp;<\/p>\n<hr \/>\n<p>&nbsp;<\/p>\n<blockquote>\n<h3>A BELLUNO SI PARLA DELLA GESTIONE PERIOPERATORIA DELL&#8217;ANZIANO FRAGILE<\/h3>\n<\/blockquote>\n<p><strong><a class=\"dt-pswp-item\" href=\"https:\/\/www.radiopiu.net\/wordpress\/wp-content\/uploads\/2022\/10\/Senza-nome-13.jpg\" data-dt-img-description=\"\" data-large_image_width=\"203\" data-large_image_height=\"158\"><img loading=\"lazy\" decoding=\"async\" class=\"size-full wp-image-300279 alignright\" src=\"https:\/\/www.radiopiu.net\/wordpress\/wp-content\/uploads\/2022\/10\/Senza-nome-13.jpg\" alt=\"\" width=\"203\" height=\"158\" \/><\/a>BELLUNO<\/strong> \u00c8 in programma per sabato 15 ottobre al Teatro Giovanni XXIII una serata organizzata dall&#8217;Ordine dei medici chirurghi e odontoiatri della provincia di Belluno. &#8220;La gestione perioperatoria dell&#8217;anziano fragile&#8221; il titolo dell&#8217;incontro che si terr\u00e0 a partire dalle 18. Ad aprire la giornata un incontro aperto a tutti sule cure di lungo termine nel sostegno della fragilit\u00e0 anziana con Luigi Guglielmi, giornalista dell&#8217;Amico Del Popolo, il dottor Massimiliano Mosca, geriatra, e la dottoressa Lucia Omiciuolo, direttore dell&#8217;Unit\u00e0 Opertiva di geriatria dell&#8217;ospedale di Feltre. Alle 18:30 lo spettacolo teatrale &#8220;Mamma a carico. Mia figlia ha 90 anni&#8221; di e con Gianna Coletti per la regia di Gabriele Scotti.<\/p>\n<p>&nbsp;<\/p>\n<p><strong>L&#8217;ATTRICE GIANNA COLETTI ALLA RADIO\u00a0<\/strong><\/p>\n<audio class=\"wp-audio-shortcode\" id=\"audio-300329-17\" preload=\"none\" style=\"width: 100%;\" controls=\"controls\"><source type=\"audio\/mpeg\" src=\"https:\/\/www.radiopiu.net\/wordpress\/wp-content\/uploads\/2022\/10\/gianna-coletti.mp3?_=17\" \/><a href=\"https:\/\/www.radiopiu.net\/wordpress\/wp-content\/uploads\/2022\/10\/gianna-coletti.mp3\">https:\/\/www.radiopiu.net\/wordpress\/wp-content\/uploads\/2022\/10\/gianna-coletti.mp3<\/a><\/audio>\n<p>&nbsp;<\/p>\n<p>&nbsp;<\/p>\n<hr \/>\n<p>&nbsp;<\/p>\n<blockquote>\n<h3>IL GRANDE FESTIVAL DEI CORI A LIMANA<\/h3>\n<\/blockquote>\n<p><strong>LIMANA<\/strong> Domenica 16 ottobre sotto la tensostruttura fronte alle scuole elementari di Limana si svolger\u00e0 la seconda edizione del Grande Festiaval dei Cori. Saranno 10 i cori bellunesi che si alterneranno per una giornata all&#8217;insegna del bel canto. Un evento con il patrocinio della Provincia di Belluno, Comune di Limana e Pro Loco. Organizza la Corale di Limana.<\/p>\n<p>&nbsp;<\/p>\n<p>&nbsp;<\/p>\n<hr \/>\n<p>&nbsp;<\/p>\n<blockquote>\n<h3>DOMENICA DI CARTA, IL 9 OTTOBRE A BELLUNO<\/h3>\n<\/blockquote>\n<p><strong>BELLUNO <\/strong>L&#8217;Archivio di Stato di Belluno organizza, come ogni anno, un&#8217;apertura straordinaria domenicale rivolta alla promozione dell&#8217;Istituto, ed in particolare alle famiglie con bambini. L&#8217;iniziativa di quest&#8217;anno consiste in un laboratorio didattico sulla realizzazione di un piccolo quaderno decorato, che poi i bambini potranno portare a casa. Parallelamente potr\u00e0 essere visitata una significativa esposizione sulle legature d&#8217;archivio tratte dal patrimonio documentario dell&#8217;Istituto, che ha sede nell&#8217;antico complesso monumentale di S. Maria dei Battuti, anch&#8217;esso visitabile. Le iniziative, fruibili anche singolarmente, richiedono prenotazione. Primo appuntamento domenica 9 ottobre con &#8220;Carte legate, carte da legare&#8221; visitabile dalle 9 alle 13. Penotazioni allo 0437 940061 o mail a\u00a0 \u00a0 as-bl@cultura.gov.it<\/p>\n<p>&nbsp;<\/p>\n<p>&nbsp;<\/p>\n<hr \/>\n<p>&nbsp;<\/p>\n<p>&nbsp;<\/p>\n<blockquote>\n<h3>IL 31\u00b0 ANNIVERSARIO DELLA FAMIGLIA EX EMIGRANTI AGORDINI<\/h3>\n<\/blockquote>\n<p><strong>CENCENIGHE<\/strong> Si svolger\u00e0 domenica 23 ottobre il 31\u00b0 anniversario della Famiglia Ex Emigranti Agordini nel mondo. Alle 10:30 la santa messa accompagnata dal coro di Livinallongo. A seguire il corteo al monumento Ex Emigranti Agordini nel mondo per la deposizione della corona d&#8217;alloro preceduti dalla Banda Da Fodom. Rinfresco per tutti al Nof Fil\u00f2 di Cencenighe e intrattenimento musicale con la Banda Da Fodom.<\/p>\n<p>&nbsp;<\/p>\n<p>&nbsp;<\/p>\n<hr \/>\n<p>&nbsp;<\/p>\n<blockquote>\n<h3>TORNA LA PEDONATA DELLE OSELETE<\/h3>\n<\/blockquote>\n<p><strong>SEDICO<\/strong> Ritorna domenica 9 ottobre la Pedonata delle Oselete a Longano, la corsa podistica di inizio autunno che tanti partecipanti aveva accolto fino alla sua 14ma edizione nel 2019. A organizzarla il locale Comitato Culturale e Ricreativo, prendendo il posto dell&#8217; Associazione genitori di Sedico che comunque dar\u00e0 il proprio contributo con la disponibilit\u00e0 di alcuni soci. La manifestazione \u00e8 a carattere non competitivo e si \u00e8 sempre rivolta alla partecipazione delle famiglie;\u00a0 un percorso, in particolare quello da 5km, adatto al trasporto di passeggini, che partendo da Longano si indirizzer\u00e0 verso Bribanet e le Oselete, la zona di campagna posta vicino alla confluenza tra Piave e Cordevole. La denominazione di Oselete \u00e8 di origine veneziana e deriva dalle piccole anatre selvatiche che l\u00ec pascolavano. Per i pi\u00f9 allenati il percorso da 10km che arriver\u00e0 fino a Sedico e interesser\u00e0 anche una parte delle Antiche Roggie.\u00a0 Iscrizioni a partire dalle ore 8.30 di domenica 9 ottobre presso il campo sportivo di Longano, con quota di 7 euro per la sola partecipazione e di 10 euro con l&#8217; aggiunta del pasta party finale posto all&#8217;arrivo presso la Casa Comunale del paese. Presente anche un fornito chiosco con sorprese per tutti i partecipanti.<\/p>\n<p>&nbsp;<\/p>\n<hr \/>\n<p>&nbsp;<\/p>\n<blockquote>\n<h3>LA FIERA DELL&#8217;OGGETTO RITROVATO A FELTRE<\/h3>\n<\/blockquote>\n<p><strong>FELTRE<\/strong> Domenica 9 Ottobre torna la Fiera dell\u2019Oggetto Ritrovato, il\u00a0mercatino dell\u2019antiquariato e dell\u2019usato che da 10 anni anima le vie del Centro storico di Feltre, ogni seconda domenica del mese da aprile a dicembre. Anche questa domenica, dall\u2019alba al tramonto, circa 80 espositori proporranno mobili, vetri, libri, quadri, dischi, vestiti, collezionismo e oggettistica varia. Un\u2019occasione per visitare il il centro storico, le sue bellezze storiche e architettoniche, le sue botteghe, i suoi musei con l\u2019apertura, ad esempio, della nuova sezione archeologica del Museo civico.<\/p>\n<p>&nbsp;<\/p>\n<p>&nbsp;<\/p>\n<hr \/>\n<p>&nbsp;<\/p>\n<blockquote>\n<h2>AUGUSTO MURER NEGLI SCATTI DI ELIO ARICO&#8217; NELL&#8217;ELABORAZIONE DI UN BOZZETTO<\/h2>\n<\/blockquote>\n<h3><strong><a class=\"dt-pswp-item\" href=\"https:\/\/www.radiopiu.net\/wordpress\/wp-content\/uploads\/2022\/10\/Diapositiva13.jpg\" data-dt-img-description=\"\" data-large_image_width=\"960\" data-large_image_height=\"720\"><img loading=\"lazy\" decoding=\"async\" class=\"size-medium wp-image-300422 alignleft\" src=\"https:\/\/www.radiopiu.net\/wordpress\/wp-content\/uploads\/2022\/10\/Diapositiva13-300x225.jpg\" alt=\"\" width=\"300\" height=\"225\" srcset=\"https:\/\/www.radiopiu.net\/wordpress\/wp-content\/uploads\/2022\/10\/Diapositiva13-300x225.jpg 300w, https:\/\/www.radiopiu.net\/wordpress\/wp-content\/uploads\/2022\/10\/Diapositiva13-768x576.jpg 768w, https:\/\/www.radiopiu.net\/wordpress\/wp-content\/uploads\/2022\/10\/Diapositiva13.jpg 960w\" sizes=\"auto, (max-width: 300px) 100vw, 300px\" \/><\/a>FALCADE<\/strong> A cent&#8217;anni dalla nascita di Augusto Murer un nuovo omaggio con la collaborazione di Elio Arico&#8217; (Roma), scatti di &#8220;pancia&#8221; che risalgono all&#8217;estate 1973 nello studio Murer in localit\u00e0 Molino. In sequenza il maestro falcadino disegna un bozzetto a carboncino.<\/h3>\n<p>&nbsp;<\/p>\n<p>&nbsp;<\/p>\n<p>&nbsp;<\/p>\n<p>&nbsp;<\/p>\n<p>&nbsp;<\/p>\n\n\t\t\t<style type='text\/css'>\n\t\t\t\t#gallery-7 {\n\t\t\t\t\tmargin: auto;\n\t\t\t\t}\n\t\t\t\t#gallery-7 .gallery-item {\n\t\t\t\t\tfloat: left;\n\t\t\t\t\tmargin-top: 10px;\n\t\t\t\t\ttext-align: center;\n\t\t\t\t\twidth: 25%;\n\t\t\t\t}\n\t\t\t\t#gallery-7 img {\n\t\t\t\t\tborder: 2px solid #cfcfcf;\n\t\t\t\t}\n\t\t\t\t#gallery-7 .gallery-caption {\n\t\t\t\t\tmargin-left: 0;\n\t\t\t\t}\n\t\t\t\t\/* see gallery_shortcode() in wp-includes\/media.php *\/\n\t\t\t<\/style>\n\t\t<div id='gallery-7' class='dt-gallery-container gallery galleryid-300329 gallery-columns-4 gallery-size-medium'><dl class='gallery-item'>\n\t\t\t\t<dt class='gallery-icon landscape'>\n\t\t\t\t\t<a class=\"rollover rollover-zoom dt-pswp-item\" title=\"Diapositiva1\" data-dt-img-description=\"\" data-large_image_width=\"960\" data-large_image_height=\"720\"href='https:\/\/www.radiopiu.net\/wordpress\/wp-content\/uploads\/2022\/10\/Diapositiva1.jpg'><img loading=\"lazy\" decoding=\"async\" width=\"300\" height=\"225\" src=\"https:\/\/www.radiopiu.net\/wordpress\/wp-content\/uploads\/2022\/10\/Diapositiva1-300x225.jpg\" class=\"attachment-medium size-medium\" alt=\"\" srcset=\"https:\/\/www.radiopiu.net\/wordpress\/wp-content\/uploads\/2022\/10\/Diapositiva1-300x225.jpg 300w, https:\/\/www.radiopiu.net\/wordpress\/wp-content\/uploads\/2022\/10\/Diapositiva1-768x576.jpg 768w, https:\/\/www.radiopiu.net\/wordpress\/wp-content\/uploads\/2022\/10\/Diapositiva1.jpg 960w\" sizes=\"auto, (max-width: 300px) 100vw, 300px\" \/><\/a>\n\t\t\t\t<\/dt><\/dl><dl class='gallery-item'>\n\t\t\t\t<dt class='gallery-icon landscape'>\n\t\t\t\t\t<a class=\"rollover rollover-zoom dt-pswp-item\" title=\"Diapositiva2\" data-dt-img-description=\"\" data-large_image_width=\"960\" data-large_image_height=\"720\"href='https:\/\/www.radiopiu.net\/wordpress\/wp-content\/uploads\/2022\/10\/Diapositiva2.jpg'><img loading=\"lazy\" decoding=\"async\" width=\"300\" height=\"225\" src=\"https:\/\/www.radiopiu.net\/wordpress\/wp-content\/uploads\/2022\/10\/Diapositiva2-300x225.jpg\" class=\"attachment-medium size-medium\" alt=\"\" srcset=\"https:\/\/www.radiopiu.net\/wordpress\/wp-content\/uploads\/2022\/10\/Diapositiva2-300x225.jpg 300w, https:\/\/www.radiopiu.net\/wordpress\/wp-content\/uploads\/2022\/10\/Diapositiva2-768x576.jpg 768w, https:\/\/www.radiopiu.net\/wordpress\/wp-content\/uploads\/2022\/10\/Diapositiva2.jpg 960w\" sizes=\"auto, (max-width: 300px) 100vw, 300px\" \/><\/a>\n\t\t\t\t<\/dt><\/dl><dl class='gallery-item'>\n\t\t\t\t<dt class='gallery-icon landscape'>\n\t\t\t\t\t<a class=\"rollover rollover-zoom dt-pswp-item\" title=\"Diapositiva3\" data-dt-img-description=\"\" data-large_image_width=\"960\" data-large_image_height=\"720\"href='https:\/\/www.radiopiu.net\/wordpress\/wp-content\/uploads\/2022\/10\/Diapositiva3.jpg'><img loading=\"lazy\" decoding=\"async\" width=\"300\" height=\"225\" src=\"https:\/\/www.radiopiu.net\/wordpress\/wp-content\/uploads\/2022\/10\/Diapositiva3-300x225.jpg\" class=\"attachment-medium size-medium\" alt=\"\" srcset=\"https:\/\/www.radiopiu.net\/wordpress\/wp-content\/uploads\/2022\/10\/Diapositiva3-300x225.jpg 300w, https:\/\/www.radiopiu.net\/wordpress\/wp-content\/uploads\/2022\/10\/Diapositiva3-768x576.jpg 768w, https:\/\/www.radiopiu.net\/wordpress\/wp-content\/uploads\/2022\/10\/Diapositiva3.jpg 960w\" sizes=\"auto, (max-width: 300px) 100vw, 300px\" \/><\/a>\n\t\t\t\t<\/dt><\/dl><dl class='gallery-item'>\n\t\t\t\t<dt class='gallery-icon landscape'>\n\t\t\t\t\t<a class=\"rollover rollover-zoom dt-pswp-item\" title=\"Diapositiva4\" data-dt-img-description=\"\" data-large_image_width=\"960\" data-large_image_height=\"720\"href='https:\/\/www.radiopiu.net\/wordpress\/wp-content\/uploads\/2022\/10\/Diapositiva4.jpg'><img loading=\"lazy\" decoding=\"async\" width=\"300\" height=\"225\" src=\"https:\/\/www.radiopiu.net\/wordpress\/wp-content\/uploads\/2022\/10\/Diapositiva4-300x225.jpg\" class=\"attachment-medium size-medium\" alt=\"\" srcset=\"https:\/\/www.radiopiu.net\/wordpress\/wp-content\/uploads\/2022\/10\/Diapositiva4-300x225.jpg 300w, https:\/\/www.radiopiu.net\/wordpress\/wp-content\/uploads\/2022\/10\/Diapositiva4-768x576.jpg 768w, https:\/\/www.radiopiu.net\/wordpress\/wp-content\/uploads\/2022\/10\/Diapositiva4.jpg 960w\" sizes=\"auto, (max-width: 300px) 100vw, 300px\" \/><\/a>\n\t\t\t\t<\/dt><\/dl><br style=\"clear: both\" \/><dl class='gallery-item'>\n\t\t\t\t<dt class='gallery-icon landscape'>\n\t\t\t\t\t<a class=\"rollover rollover-zoom dt-pswp-item\" title=\"Diapositiva5\" data-dt-img-description=\"\" data-large_image_width=\"960\" data-large_image_height=\"720\"href='https:\/\/www.radiopiu.net\/wordpress\/wp-content\/uploads\/2022\/10\/Diapositiva5.jpg'><img loading=\"lazy\" decoding=\"async\" width=\"300\" height=\"225\" src=\"https:\/\/www.radiopiu.net\/wordpress\/wp-content\/uploads\/2022\/10\/Diapositiva5-300x225.jpg\" class=\"attachment-medium size-medium\" alt=\"\" srcset=\"https:\/\/www.radiopiu.net\/wordpress\/wp-content\/uploads\/2022\/10\/Diapositiva5-300x225.jpg 300w, https:\/\/www.radiopiu.net\/wordpress\/wp-content\/uploads\/2022\/10\/Diapositiva5-768x576.jpg 768w, https:\/\/www.radiopiu.net\/wordpress\/wp-content\/uploads\/2022\/10\/Diapositiva5.jpg 960w\" sizes=\"auto, (max-width: 300px) 100vw, 300px\" \/><\/a>\n\t\t\t\t<\/dt><\/dl><dl class='gallery-item'>\n\t\t\t\t<dt class='gallery-icon landscape'>\n\t\t\t\t\t<a class=\"rollover rollover-zoom dt-pswp-item\" title=\"Diapositiva6\" data-dt-img-description=\"\" data-large_image_width=\"960\" data-large_image_height=\"720\"href='https:\/\/www.radiopiu.net\/wordpress\/wp-content\/uploads\/2022\/10\/Diapositiva6.jpg'><img loading=\"lazy\" decoding=\"async\" width=\"300\" height=\"225\" src=\"https:\/\/www.radiopiu.net\/wordpress\/wp-content\/uploads\/2022\/10\/Diapositiva6-300x225.jpg\" class=\"attachment-medium size-medium\" alt=\"\" srcset=\"https:\/\/www.radiopiu.net\/wordpress\/wp-content\/uploads\/2022\/10\/Diapositiva6-300x225.jpg 300w, https:\/\/www.radiopiu.net\/wordpress\/wp-content\/uploads\/2022\/10\/Diapositiva6-768x576.jpg 768w, https:\/\/www.radiopiu.net\/wordpress\/wp-content\/uploads\/2022\/10\/Diapositiva6.jpg 960w\" sizes=\"auto, (max-width: 300px) 100vw, 300px\" \/><\/a>\n\t\t\t\t<\/dt><\/dl><dl class='gallery-item'>\n\t\t\t\t<dt class='gallery-icon landscape'>\n\t\t\t\t\t<a class=\"rollover rollover-zoom dt-pswp-item\" title=\"Diapositiva7\" data-dt-img-description=\"\" data-large_image_width=\"960\" data-large_image_height=\"720\"href='https:\/\/www.radiopiu.net\/wordpress\/wp-content\/uploads\/2022\/10\/Diapositiva7.jpg'><img loading=\"lazy\" decoding=\"async\" width=\"300\" height=\"225\" src=\"https:\/\/www.radiopiu.net\/wordpress\/wp-content\/uploads\/2022\/10\/Diapositiva7-300x225.jpg\" class=\"attachment-medium size-medium\" alt=\"\" srcset=\"https:\/\/www.radiopiu.net\/wordpress\/wp-content\/uploads\/2022\/10\/Diapositiva7-300x225.jpg 300w, https:\/\/www.radiopiu.net\/wordpress\/wp-content\/uploads\/2022\/10\/Diapositiva7-768x576.jpg 768w, https:\/\/www.radiopiu.net\/wordpress\/wp-content\/uploads\/2022\/10\/Diapositiva7.jpg 960w\" sizes=\"auto, (max-width: 300px) 100vw, 300px\" \/><\/a>\n\t\t\t\t<\/dt><\/dl><dl class='gallery-item'>\n\t\t\t\t<dt class='gallery-icon landscape'>\n\t\t\t\t\t<a class=\"rollover rollover-zoom dt-pswp-item\" title=\"Diapositiva8\" data-dt-img-description=\"\" data-large_image_width=\"960\" data-large_image_height=\"720\"href='https:\/\/www.radiopiu.net\/wordpress\/wp-content\/uploads\/2022\/10\/Diapositiva8.jpg'><img loading=\"lazy\" decoding=\"async\" width=\"300\" height=\"225\" src=\"https:\/\/www.radiopiu.net\/wordpress\/wp-content\/uploads\/2022\/10\/Diapositiva8-300x225.jpg\" class=\"attachment-medium size-medium\" alt=\"\" srcset=\"https:\/\/www.radiopiu.net\/wordpress\/wp-content\/uploads\/2022\/10\/Diapositiva8-300x225.jpg 300w, https:\/\/www.radiopiu.net\/wordpress\/wp-content\/uploads\/2022\/10\/Diapositiva8-768x576.jpg 768w, https:\/\/www.radiopiu.net\/wordpress\/wp-content\/uploads\/2022\/10\/Diapositiva8.jpg 960w\" sizes=\"auto, (max-width: 300px) 100vw, 300px\" \/><\/a>\n\t\t\t\t<\/dt><\/dl><br style=\"clear: both\" \/><dl class='gallery-item'>\n\t\t\t\t<dt class='gallery-icon landscape'>\n\t\t\t\t\t<a class=\"rollover rollover-zoom dt-pswp-item\" title=\"Diapositiva9\" data-dt-img-description=\"\" data-large_image_width=\"960\" data-large_image_height=\"720\"href='https:\/\/www.radiopiu.net\/wordpress\/wp-content\/uploads\/2022\/10\/Diapositiva9.jpg'><img loading=\"lazy\" decoding=\"async\" width=\"300\" height=\"225\" src=\"https:\/\/www.radiopiu.net\/wordpress\/wp-content\/uploads\/2022\/10\/Diapositiva9-300x225.jpg\" class=\"attachment-medium size-medium\" alt=\"\" srcset=\"https:\/\/www.radiopiu.net\/wordpress\/wp-content\/uploads\/2022\/10\/Diapositiva9-300x225.jpg 300w, https:\/\/www.radiopiu.net\/wordpress\/wp-content\/uploads\/2022\/10\/Diapositiva9-768x576.jpg 768w, https:\/\/www.radiopiu.net\/wordpress\/wp-content\/uploads\/2022\/10\/Diapositiva9.jpg 960w\" sizes=\"auto, (max-width: 300px) 100vw, 300px\" \/><\/a>\n\t\t\t\t<\/dt><\/dl><dl class='gallery-item'>\n\t\t\t\t<dt class='gallery-icon landscape'>\n\t\t\t\t\t<a class=\"rollover rollover-zoom dt-pswp-item\" title=\"Diapositiva10\" data-dt-img-description=\"\" data-large_image_width=\"960\" data-large_image_height=\"720\"href='https:\/\/www.radiopiu.net\/wordpress\/wp-content\/uploads\/2022\/10\/Diapositiva10.jpg'><img loading=\"lazy\" decoding=\"async\" width=\"300\" height=\"225\" src=\"https:\/\/www.radiopiu.net\/wordpress\/wp-content\/uploads\/2022\/10\/Diapositiva10-300x225.jpg\" class=\"attachment-medium size-medium\" alt=\"\" srcset=\"https:\/\/www.radiopiu.net\/wordpress\/wp-content\/uploads\/2022\/10\/Diapositiva10-300x225.jpg 300w, https:\/\/www.radiopiu.net\/wordpress\/wp-content\/uploads\/2022\/10\/Diapositiva10-768x576.jpg 768w, https:\/\/www.radiopiu.net\/wordpress\/wp-content\/uploads\/2022\/10\/Diapositiva10.jpg 960w\" sizes=\"auto, (max-width: 300px) 100vw, 300px\" \/><\/a>\n\t\t\t\t<\/dt><\/dl><dl class='gallery-item'>\n\t\t\t\t<dt class='gallery-icon landscape'>\n\t\t\t\t\t<a class=\"rollover rollover-zoom dt-pswp-item\" title=\"Diapositiva11\" data-dt-img-description=\"\" data-large_image_width=\"960\" data-large_image_height=\"720\"href='https:\/\/www.radiopiu.net\/wordpress\/wp-content\/uploads\/2022\/10\/Diapositiva11.jpg'><img loading=\"lazy\" decoding=\"async\" width=\"300\" height=\"225\" src=\"https:\/\/www.radiopiu.net\/wordpress\/wp-content\/uploads\/2022\/10\/Diapositiva11-300x225.jpg\" class=\"attachment-medium size-medium\" alt=\"\" srcset=\"https:\/\/www.radiopiu.net\/wordpress\/wp-content\/uploads\/2022\/10\/Diapositiva11-300x225.jpg 300w, https:\/\/www.radiopiu.net\/wordpress\/wp-content\/uploads\/2022\/10\/Diapositiva11-768x576.jpg 768w, https:\/\/www.radiopiu.net\/wordpress\/wp-content\/uploads\/2022\/10\/Diapositiva11.jpg 960w\" sizes=\"auto, (max-width: 300px) 100vw, 300px\" \/><\/a>\n\t\t\t\t<\/dt><\/dl><dl class='gallery-item'>\n\t\t\t\t<dt class='gallery-icon landscape'>\n\t\t\t\t\t<a class=\"rollover rollover-zoom dt-pswp-item\" title=\"Diapositiva12\" data-dt-img-description=\"\" data-large_image_width=\"960\" data-large_image_height=\"720\"href='https:\/\/www.radiopiu.net\/wordpress\/wp-content\/uploads\/2022\/10\/Diapositiva12.jpg'><img loading=\"lazy\" decoding=\"async\" width=\"300\" height=\"225\" src=\"https:\/\/www.radiopiu.net\/wordpress\/wp-content\/uploads\/2022\/10\/Diapositiva12-300x225.jpg\" class=\"attachment-medium size-medium\" alt=\"\" srcset=\"https:\/\/www.radiopiu.net\/wordpress\/wp-content\/uploads\/2022\/10\/Diapositiva12-300x225.jpg 300w, https:\/\/www.radiopiu.net\/wordpress\/wp-content\/uploads\/2022\/10\/Diapositiva12-768x576.jpg 768w, https:\/\/www.radiopiu.net\/wordpress\/wp-content\/uploads\/2022\/10\/Diapositiva12.jpg 960w\" sizes=\"auto, (max-width: 300px) 100vw, 300px\" \/><\/a>\n\t\t\t\t<\/dt><\/dl><br style=\"clear: both\" \/>\n\t\t\t<\/div>\n\n<p>&nbsp;<\/p>\n<p>&nbsp;<\/p>\n<p>&nbsp;<\/p>\n<hr \/>\n<p>&nbsp;<\/p>\n<blockquote>\n<h3>CANAL DEL MIS: SUL COLLE DI STUA ALT NEL 1775 SORGEVA LA PRIMA CASA DEGLI AGORDINI PAGANIN<\/h3>\n<\/blockquote>\n<p><strong>di Renato Bona<\/strong><\/p>\n<p>Proseguiamo il nostro \u201cviaggio\u201d alla scoperta di una realt\u00e0 quale \u00e8 stata ed \u00e8 quella del Canal del Mis, ed approdiamo nella localit\u00e0 I Stua, accompagnati dall\u2019ottimo libro (del quale da pi\u00f9 parti si chiede una ristampa) intitolato: \u201cUna storia, tante storie\u201d, curato mirabilmente &#8211; per La Biblioteca civica di Sospirolo, la pro loco \u201cMonti del Sole\u201d ed il Parco nazionale Dolomiti Bellunesi &#8211; da Pieranna Casanova con preziose collaborazioni. E scopriamo che si accede alla piccola localit\u00e0 del Comune di Gosaldo dove c\u2019era un\u2019osteria, posta appena al di l\u00e0 del torrente Rui Bianch, affluente di sinistra del Mis, che segna, secondo un tracciato poco razionale, il confine con il Comune di Sospirolo. Infatti alla destra del Mis, Sospirolo si estende curiosamente verso California fino alla Val Longa, in prossimit\u00e0 di Tit\u00e8le. Prima tuttavia onoriamo il sospeso con la localit\u00e0 I Pissa di cui ci siamo \u201cpersi\u201d nel precedente servizio tre belle immagini che ora proponiamo: quella di Oliva Casanova che attraversa il torrente ingrossato dall\u2019alluvione del novembre 1966; quella dello stesso devastante fenomeno con i soccorritori giunti al calar delle acque, e infine quella di un salvataggio con teleferica. Torniamo dunque a I Stua e leggiamo che sul colle di Stua Alt sorgeva la prima casa, risalente al 1775, dei Paganin, famiglia proveniente dall\u2019Agordino. Un discendente, Pietro Paganin (nato nel 1850, detto Pierino per distinguerlo dal padre Pietro) sposato con Luigina Limana, qui visse con i figli Giovanni, Antonio, Alfonso, Fedele, Silvestro Angelo, Oliva, Teresa, Maria ed Emilia. Il figlio Fedele, che spos\u00f2 la cognata Alba Caselli vedova di Giovanni, morto in guerra, e madre di Ilario, fu l\u2019ultimo dei Paganin a lasciare Stua Alt nel 1930, andando ad abitare nella scuderia de I Stua Bass. L\u2019edificio de I Stua che Pierino aveva iniziato a costruire prima della guerra 1915-18, fu requisito per essere adibito a Comando del Genio militare con relativo magazzino e scuderia. Dopo la guerra, in concomitanza con la costruzione della strada, furono ripresi i lavori e la casa, dotata perfino di gabinetto interno (senza acqua per\u00f2) venne riconsegnata a Pierino Paganin con la licenza di osteria e di ospizio. Ancora: nelle vicinanze, Pierino costru\u00ec sul prato, vicino ai ciliegi alla sinistra del Rui Bianch anche un capitello e vi colloc\u00f2 una statua di gesso di Sant\u2019Antonio da Padova che la nuora, Maria De Don\u00e0, adornava con fiori, corone del rosario e collane d\u2019oro tra le mani. Il capitello, che era meta di processioni religiose durante i periodi estivi di siccit\u00e0, venne ricostruito nel 1922 pi\u00f9 vicino alla nuova strada, e poi nel 1963 quando il ponte del Rui Bianch venne allargato per facilitare il passaggio della corriera.<\/p>\n\n\t\t\t<style type='text\/css'>\n\t\t\t\t#gallery-8 {\n\t\t\t\t\tmargin: auto;\n\t\t\t\t}\n\t\t\t\t#gallery-8 .gallery-item {\n\t\t\t\t\tfloat: left;\n\t\t\t\t\tmargin-top: 10px;\n\t\t\t\t\ttext-align: center;\n\t\t\t\t\twidth: 14%;\n\t\t\t\t}\n\t\t\t\t#gallery-8 img {\n\t\t\t\t\tborder: 2px solid #cfcfcf;\n\t\t\t\t}\n\t\t\t\t#gallery-8 .gallery-caption {\n\t\t\t\t\tmargin-left: 0;\n\t\t\t\t}\n\t\t\t\t\/* see gallery_shortcode() in wp-includes\/media.php *\/\n\t\t\t<\/style>\n\t\t<div id='gallery-8' class='dt-gallery-container gallery galleryid-300329 gallery-columns-7 gallery-size-thumbnail'><dl class='gallery-item'>\n\t\t\t\t<dt class='gallery-icon landscape'>\n\t\t\t\t\t<a class=\"rollover rollover-zoom dt-pswp-item\" title=\"310532546_605568417928684_4999367724244990380_n\" data-dt-img-description=\"\" data-large_image_width=\"590\" data-large_image_height=\"403\"href='https:\/\/www.radiopiu.net\/wordpress\/wp-content\/uploads\/2022\/10\/310532546_605568417928684_4999367724244990380_n.jpg'><img loading=\"lazy\" decoding=\"async\" width=\"150\" height=\"150\" src=\"https:\/\/www.radiopiu.net\/wordpress\/wp-content\/uploads\/2022\/10\/310532546_605568417928684_4999367724244990380_n-150x150.jpg\" class=\"attachment-thumbnail size-thumbnail\" alt=\"\" \/><\/a>\n\t\t\t\t<\/dt><\/dl><dl class='gallery-item'>\n\t\t\t\t<dt class='gallery-icon portrait'>\n\t\t\t\t\t<a class=\"rollover rollover-zoom dt-pswp-item\" title=\"310889435_1162828874301500_3822723877643046853_n\" data-dt-img-description=\"\" data-large_image_width=\"306\" data-large_image_height=\"540\"href='https:\/\/www.radiopiu.net\/wordpress\/wp-content\/uploads\/2022\/10\/310889435_1162828874301500_3822723877643046853_n.jpg'><img loading=\"lazy\" decoding=\"async\" width=\"150\" height=\"150\" src=\"https:\/\/www.radiopiu.net\/wordpress\/wp-content\/uploads\/2022\/10\/310889435_1162828874301500_3822723877643046853_n-150x150.jpg\" class=\"attachment-thumbnail size-thumbnail\" alt=\"\" \/><\/a>\n\t\t\t\t<\/dt><\/dl><dl class='gallery-item'>\n\t\t\t\t<dt class='gallery-icon landscape'>\n\t\t\t\t\t<a class=\"rollover rollover-zoom dt-pswp-item\" title=\"310947008_483129803860610_5506187587847609482_n\" data-dt-img-description=\"\" data-large_image_width=\"595\" data-large_image_height=\"403\"href='https:\/\/www.radiopiu.net\/wordpress\/wp-content\/uploads\/2022\/10\/310947008_483129803860610_5506187587847609482_n.jpg'><img loading=\"lazy\" decoding=\"async\" width=\"150\" height=\"150\" src=\"https:\/\/www.radiopiu.net\/wordpress\/wp-content\/uploads\/2022\/10\/310947008_483129803860610_5506187587847609482_n-150x150.jpg\" class=\"attachment-thumbnail size-thumbnail\" alt=\"\" \/><\/a>\n\t\t\t\t<\/dt><\/dl><dl class='gallery-item'>\n\t\t\t\t<dt class='gallery-icon landscape'>\n\t\t\t\t\t<a class=\"rollover rollover-zoom dt-pswp-item\" title=\"310548125_665857448130712_559535668590641342_n\" data-dt-img-description=\"\" data-large_image_width=\"566\" data-large_image_height=\"403\"href='https:\/\/www.radiopiu.net\/wordpress\/wp-content\/uploads\/2022\/10\/310548125_665857448130712_559535668590641342_n.jpg'><img loading=\"lazy\" decoding=\"async\" width=\"150\" height=\"150\" src=\"https:\/\/www.radiopiu.net\/wordpress\/wp-content\/uploads\/2022\/10\/310548125_665857448130712_559535668590641342_n-150x150.jpg\" class=\"attachment-thumbnail size-thumbnail\" alt=\"\" \/><\/a>\n\t\t\t\t<\/dt><\/dl><dl class='gallery-item'>\n\t\t\t\t<dt class='gallery-icon portrait'>\n\t\t\t\t\t<a class=\"rollover rollover-zoom dt-pswp-item\" title=\"310568993_506496744307248_6964184511440882098_n\" data-dt-img-description=\"\" data-large_image_width=\"301\" data-large_image_height=\"414\"href='https:\/\/www.radiopiu.net\/wordpress\/wp-content\/uploads\/2022\/10\/310568993_506496744307248_6964184511440882098_n.jpg'><img loading=\"lazy\" decoding=\"async\" width=\"150\" height=\"150\" src=\"https:\/\/www.radiopiu.net\/wordpress\/wp-content\/uploads\/2022\/10\/310568993_506496744307248_6964184511440882098_n-150x150.jpg\" class=\"attachment-thumbnail size-thumbnail\" alt=\"\" \/><\/a>\n\t\t\t\t<\/dt><\/dl><dl class='gallery-item'>\n\t\t\t\t<dt class='gallery-icon landscape'>\n\t\t\t\t\t<a class=\"rollover rollover-zoom dt-pswp-item\" title=\"310248213_1170226276937018_6656282937038092620_n\" data-dt-img-description=\"\" data-large_image_width=\"532\" data-large_image_height=\"403\"href='https:\/\/www.radiopiu.net\/wordpress\/wp-content\/uploads\/2022\/10\/310248213_1170226276937018_6656282937038092620_n.jpg'><img loading=\"lazy\" decoding=\"async\" width=\"150\" height=\"150\" src=\"https:\/\/www.radiopiu.net\/wordpress\/wp-content\/uploads\/2022\/10\/310248213_1170226276937018_6656282937038092620_n-150x150.jpg\" class=\"attachment-thumbnail size-thumbnail\" alt=\"\" \/><\/a>\n\t\t\t\t<\/dt><\/dl><dl class='gallery-item'>\n\t\t\t\t<dt class='gallery-icon portrait'>\n\t\t\t\t\t<a class=\"rollover rollover-zoom dt-pswp-item\" title=\"310694634_1505034196632147_2331434317991207634_n\" data-dt-img-description=\"\" data-large_image_width=\"320\" data-large_image_height=\"474\"href='https:\/\/www.radiopiu.net\/wordpress\/wp-content\/uploads\/2022\/10\/310694634_1505034196632147_2331434317991207634_n.jpg'><img loading=\"lazy\" decoding=\"async\" width=\"150\" height=\"150\" src=\"https:\/\/www.radiopiu.net\/wordpress\/wp-content\/uploads\/2022\/10\/310694634_1505034196632147_2331434317991207634_n-150x150.jpg\" class=\"attachment-thumbnail size-thumbnail\" alt=\"\" \/><\/a>\n\t\t\t\t<\/dt><\/dl><br style=\"clear: both\" \/><dl class='gallery-item'>\n\t\t\t\t<dt class='gallery-icon landscape'>\n\t\t\t\t\t<a class=\"rollover rollover-zoom dt-pswp-item\" title=\"310711867_1188027548414633_2081592799791857719_n\" data-dt-img-description=\"\" data-large_image_width=\"640\" data-large_image_height=\"401\"href='https:\/\/www.radiopiu.net\/wordpress\/wp-content\/uploads\/2022\/10\/310711867_1188027548414633_2081592799791857719_n.jpg'><img loading=\"lazy\" decoding=\"async\" width=\"150\" height=\"150\" src=\"https:\/\/www.radiopiu.net\/wordpress\/wp-content\/uploads\/2022\/10\/310711867_1188027548414633_2081592799791857719_n-150x150.jpg\" class=\"attachment-thumbnail size-thumbnail\" alt=\"\" \/><\/a>\n\t\t\t\t<\/dt><\/dl><dl class='gallery-item'>\n\t\t\t\t<dt class='gallery-icon landscape'>\n\t\t\t\t\t<a class=\"rollover rollover-zoom dt-pswp-item\" title=\"310115835_1074317806582779_2861833398840498563_n\" data-dt-img-description=\"\" data-large_image_width=\"672\" data-large_image_height=\"403\"href='https:\/\/www.radiopiu.net\/wordpress\/wp-content\/uploads\/2022\/10\/310115835_1074317806582779_2861833398840498563_n.jpg'><img loading=\"lazy\" decoding=\"async\" width=\"150\" height=\"150\" src=\"https:\/\/www.radiopiu.net\/wordpress\/wp-content\/uploads\/2022\/10\/310115835_1074317806582779_2861833398840498563_n-150x150.jpg\" class=\"attachment-thumbnail size-thumbnail\" alt=\"\" \/><\/a>\n\t\t\t\t<\/dt><\/dl><dl class='gallery-item'>\n\t\t\t\t<dt class='gallery-icon portrait'>\n\t\t\t\t\t<a class=\"rollover rollover-zoom dt-pswp-item\" title=\"310559326_3326773520917154_4320562591951627540_n\" data-dt-img-description=\"\" data-large_image_width=\"320\" data-large_image_height=\"471\"href='https:\/\/www.radiopiu.net\/wordpress\/wp-content\/uploads\/2022\/10\/310559326_3326773520917154_4320562591951627540_n.jpg'><img loading=\"lazy\" decoding=\"async\" width=\"150\" height=\"150\" src=\"https:\/\/www.radiopiu.net\/wordpress\/wp-content\/uploads\/2022\/10\/310559326_3326773520917154_4320562591951627540_n-150x150.jpg\" class=\"attachment-thumbnail size-thumbnail\" alt=\"\" \/><\/a>\n\t\t\t\t<\/dt><\/dl><dl class='gallery-item'>\n\t\t\t\t<dt class='gallery-icon portrait'>\n\t\t\t\t\t<a class=\"rollover rollover-zoom dt-pswp-item\" title=\"310532978_6173627985984131_919143284896478634_n\" data-dt-img-description=\"\" data-large_image_width=\"304\" data-large_image_height=\"414\"href='https:\/\/www.radiopiu.net\/wordpress\/wp-content\/uploads\/2022\/10\/310532978_6173627985984131_919143284896478634_n.jpg'><img loading=\"lazy\" decoding=\"async\" width=\"150\" height=\"150\" src=\"https:\/\/www.radiopiu.net\/wordpress\/wp-content\/uploads\/2022\/10\/310532978_6173627985984131_919143284896478634_n-150x150.jpg\" class=\"attachment-thumbnail size-thumbnail\" alt=\"\" \/><\/a>\n\t\t\t\t<\/dt><\/dl><dl class='gallery-item'>\n\t\t\t\t<dt class='gallery-icon portrait'>\n\t\t\t\t\t<a class=\"rollover rollover-zoom dt-pswp-item\" title=\"310711864_665547248176235_1850227664331862802_n\" data-dt-img-description=\"\" data-large_image_width=\"315\" data-large_image_height=\"403\"href='https:\/\/www.radiopiu.net\/wordpress\/wp-content\/uploads\/2022\/10\/310711864_665547248176235_1850227664331862802_n.jpg'><img loading=\"lazy\" decoding=\"async\" width=\"150\" height=\"150\" src=\"https:\/\/www.radiopiu.net\/wordpress\/wp-content\/uploads\/2022\/10\/310711864_665547248176235_1850227664331862802_n-150x150.jpg\" class=\"attachment-thumbnail size-thumbnail\" alt=\"\" \/><\/a>\n\t\t\t\t<\/dt><\/dl><dl class='gallery-item'>\n\t\t\t\t<dt class='gallery-icon landscape'>\n\t\t\t\t\t<a class=\"rollover rollover-zoom dt-pswp-item\" title=\"310637598_395268709441580_6341914428041103175_n\" data-dt-img-description=\"\" data-large_image_width=\"671\" data-large_image_height=\"403\"href='https:\/\/www.radiopiu.net\/wordpress\/wp-content\/uploads\/2022\/10\/310637598_395268709441580_6341914428041103175_n.jpg'><img loading=\"lazy\" decoding=\"async\" width=\"150\" height=\"150\" src=\"https:\/\/www.radiopiu.net\/wordpress\/wp-content\/uploads\/2022\/10\/310637598_395268709441580_6341914428041103175_n-150x150.jpg\" class=\"attachment-thumbnail size-thumbnail\" alt=\"\" \/><\/a>\n\t\t\t\t<\/dt><\/dl><dl class='gallery-item'>\n\t\t\t\t<dt class='gallery-icon landscape'>\n\t\t\t\t\t<a class=\"rollover rollover-zoom dt-pswp-item\" title=\"310629483_809414303618166_7597016556697469868_n\" data-dt-img-description=\"\" data-large_image_width=\"687\" data-large_image_height=\"403\"href='https:\/\/www.radiopiu.net\/wordpress\/wp-content\/uploads\/2022\/10\/310629483_809414303618166_7597016556697469868_n.jpg'><img loading=\"lazy\" decoding=\"async\" width=\"150\" height=\"150\" src=\"https:\/\/www.radiopiu.net\/wordpress\/wp-content\/uploads\/2022\/10\/310629483_809414303618166_7597016556697469868_n-150x150.jpg\" class=\"attachment-thumbnail size-thumbnail\" alt=\"\" \/><\/a>\n\t\t\t\t<\/dt><\/dl><br style=\"clear: both\" \/>\n\t\t\t<\/div>\n\n<p>&nbsp;<\/p>\n<p>NELLE FOTO (riproduzioni dal libro \u201cUna storia, tante storie. La vita e la gente del Canal del Mis\u201d): Oliva Casanova attraversa il torrente ingrossato dall\u2019alluvione del 1966; al calar delle acque del Mis arrivano i soccorritori a I Pissa; un salvataggio con teleferica; l\u2019Osteria a I Stua; paesaggio invernale con neve; compagnia di suonatori con Pietro Paganin al centro e la figlia Oliva a destra con in braccio la nipotina Maria Case (nata nel 1916); I Stua da Stua Alt nel 1954; i gemelli Quinto e Sesto Paganin, nati nel 1933, figli di Alfonso e Martia De Don\u00e0: Sesto mor\u00ec da piccolo in seguito alle ferite riportate in un incidente al mulino de I Stua; i figli della coppia Alfonso Paganin e Maria De Don\u00e0 (ne ebbero 10!): in piedi da sinistra: Luigi, Sesto, Quinto, Virgilio, seduti: Esterina, Fedele, Marcello nell\u2019anno 1944; il capitello di Sant\u2019Antonio con Esterina Paganin ed il marito Secondo Moretti in lutto per la morte del padre di Esterina, Alfonso, nel 1951; ancora i Paganin; I Stua: da sinistra Emilia Fant, dal Pian della Falcina, Maria De Don\u00e0 con il piccolo Luigi nato nel 1931, Esterina Paganin, Maria Case, Alfonso Paganin con davanti Gigetto Paganin ed Ernesta Case; l\u2019arrivo del primo camion a I Stua lungo la strada in costruzione, \u00e8 il 4 luglio 1919; foto-ricordo al matrimonio di Luigi Paganin e Mariuccia Casanova, originaria da I Pissa: \u00e8 il 1. giugno 1950.<\/p>\n<p>&nbsp;<\/p>\n<p>&nbsp;<\/p>\n<hr \/>\n<p>&nbsp;<\/p>\n<div>\n<div class=\"b654a4as d2edcug0\">\n<div class=\"rq0escxv hkbzh7o3 jwdofwj8 n8tt0mok r8blr3vg hyh9befq\">\n<p><a class=\"dt-pswp-item\" href=\"https:\/\/www.radiopiu.net\/wordpress\/wp-content\/uploads\/2020\/10\/pp.jpg\" data-dt-img-description=\"\" data-large_image_width=\"640\" data-large_image_height=\"640\"><img loading=\"lazy\" decoding=\"async\" class=\"wp-image-163678 alignleft\" src=\"https:\/\/www.radiopiu.net\/wordpress\/wp-content\/uploads\/2020\/10\/pp-300x300.jpg\" alt=\"\" width=\"106\" height=\"106\" srcset=\"https:\/\/www.radiopiu.net\/wordpress\/wp-content\/uploads\/2020\/10\/pp-300x300.jpg 300w, https:\/\/www.radiopiu.net\/wordpress\/wp-content\/uploads\/2020\/10\/pp-150x150.jpg 150w, https:\/\/www.radiopiu.net\/wordpress\/wp-content\/uploads\/2020\/10\/pp-125x125.jpg 125w, https:\/\/www.radiopiu.net\/wordpress\/wp-content\/uploads\/2020\/10\/pp-200x200.jpg 200w, https:\/\/www.radiopiu.net\/wordpress\/wp-content\/uploads\/2020\/10\/pp-80x80.jpg 80w, https:\/\/www.radiopiu.net\/wordpress\/wp-content\/uploads\/2020\/10\/pp-480x480.jpg 480w, https:\/\/www.radiopiu.net\/wordpress\/wp-content\/uploads\/2020\/10\/pp.jpg 640w\" sizes=\"auto, (max-width: 106px) 100vw, 106px\" \/><\/a><\/p>\n<\/div>\n<\/div>\n<\/div>\n<div>\n<div class=\"page-title-head hgroup\">\n<div class=\"page-title-head hgroup\">\n<div class=\"b654a4as d2edcug0\">\n<div class=\"j83agx80 btwxx1t3 lhclo0ds hop8lmos nkwizq5d scwd0bx6 roh60bw9\">\n<div class=\"rq0escxv hkbzh7o3 jwdofwj8 n8tt0mok r8blr3vg hyh9befq\">\n<div class=\"do00u71z l9j0dhe7 k4urcfbm\">\n<h2><span style=\"color: #000080;\">DON CESARE, IL PENSIERO DEL GIORNO. ALLA RADIO ALLE 7 DEL MATTINO E ALLE 19.30 DELLA SERA.\u00a0<\/span><\/h2>\n<audio class=\"wp-audio-shortcode\" id=\"audio-300329-18\" preload=\"none\" style=\"width: 100%;\" controls=\"controls\"><source type=\"audio\/mpeg\" src=\"https:\/\/www.radiopiu.net\/wordpress\/wp-content\/uploads\/2022\/10\/cesare.mp3?_=18\" \/><a href=\"https:\/\/www.radiopiu.net\/wordpress\/wp-content\/uploads\/2022\/10\/cesare.mp3\">https:\/\/www.radiopiu.net\/wordpress\/wp-content\/uploads\/2022\/10\/cesare.mp3<\/a><\/audio>\n<p>&nbsp;<\/p>\n<div>\n<div class=\"ecm0bbzt e5nlhep0 a8c37x1j\">\n<div class=\"kvgmc6g5 cxmmr5t8 oygrvhab hcukyx3x c1et5uql\">\n<div class=\"gmail-kvgmc6g5 gmail-cxmmr5t8 gmail-oygrvhab gmail-hcukyx3x gmail-c1et5uql gmail-ii04i59q\">\n<div class=\"page-title-head hgroup\">\n<div class=\"page-title-head hgroup\">\n<div class=\"b654a4as d2edcug0\">\n<div class=\"j83agx80 btwxx1t3 lhclo0ds hop8lmos nkwizq5d scwd0bx6 roh60bw9\">\n<div class=\"rq0escxv hkbzh7o3 jwdofwj8 n8tt0mok r8blr3vg hyh9befq\">\n<div class=\"do00u71z l9j0dhe7 k4urcfbm\">\n<div class=\"mkdf-post-text\">\n<div class=\"mkdf-post-text-inner\">\n<div class=\"mkdf-post-text-main\">\n<div class=\"mkdf-post-text\">\n<div class=\"mkdf-post-text-inner\">\n<div class=\"mkdf-post-text-main\">\n<div class=\"mkdf-post-text\">\n<div class=\"mkdf-post-text-inner\">\n<div class=\"mkdf-post-text-main\">\n<div class=\"page-title-head hgroup\">\n<div class=\"page-title-head hgroup\">\n<div class=\"mkdf-post-text\">\n<div class=\"mkdf-post-text-inner\">\n<div class=\"mkdf-post-text-main\">\n<div class=\"mkdf-post-text\">\n<div class=\"mkdf-post-text-inner\">\n<div class=\"mkdf-post-text-main\">\n<div class=\"page-title-head hgroup\">\n<div class=\"page-title-head hgroup\">\n<div class=\"page-title-head hgroup\">\n<div class=\"page-title-head hgroup\">\n<div class=\"b654a4as d2edcug0\">\n<div class=\"page-title-head hgroup\">\n<div class=\"page-title-head hgroup\">\n<div class=\"page-title-head hgroup\">\n<div class=\"page-title-head hgroup\">\n<div class=\"b654a4as d2edcug0\">\n<div class=\"page-title-head hgroup\">\n<div class=\"page-title-head hgroup\">\n<div class=\"page-title-head hgroup\">\n<div class=\"page-title-head hgroup\">\n<div class=\"b654a4as d2edcug0\">\n<div class=\"mkdf-post-text\">\n<div class=\"mkdf-post-text-inner\">\n<div class=\"mkdf-post-text-main\">\n<div class=\"mkdf-post-text\">\n<div class=\"mkdf-post-text-inner\">\n<div class=\"mkdf-post-text-main\">\n<div class=\"mkdf-post-text\">\n<div class=\"mkdf-post-text-inner\">\n<div class=\"mkdf-post-text-main\">\n<div class=\"page-title-head hgroup\">\n<div class=\"page-title-head hgroup\">\n<div class=\"mkdf-post-text\">\n<div class=\"mkdf-post-text-inner\">\n<div class=\"mkdf-post-text-main\">\n<div class=\"mkdf-post-text\">\n<div class=\"mkdf-post-text-inner\">\n<div class=\"mkdf-post-text-main\">\n<div class=\"page-title-head hgroup\">\n<div class=\"page-title-head hgroup\">\n<div class=\"page-title-head hgroup\">\n<div class=\"page-title-head hgroup\">\n<div class=\"b654a4as d2edcug0\">\n<div class=\"page-title-head hgroup\">\n<div class=\"page-title-head hgroup\">\n<div class=\"page-title-head hgroup\">\n<div class=\"page-title-head hgroup\">\n<div class=\"b654a4as d2edcug0\">\n<div class=\"page-title-head hgroup\">\n<div class=\"page-title-head hgroup\">\n<div class=\"page-title-head hgroup\">\n<div class=\"page-title-head hgroup\">\n<div class=\"b654a4as d2edcug0\">\n<hr \/>\n<p>&nbsp;<\/p>\n<h2><span style=\"color: #ff6600;\">COLLAGE OPERAZIONE NOSTALGIA<\/span><\/h2>\n<p><strong><a class=\"dt-pswp-item\" href=\"https:\/\/www.radiopiu.net\/wordpress\/wp-content\/uploads\/2022\/10\/Abba.jpg\" data-dt-img-description=\"\" data-large_image_width=\"300\" data-large_image_height=\"300\"><img loading=\"lazy\" decoding=\"async\" class=\" wp-image-299777 alignleft\" src=\"https:\/\/www.radiopiu.net\/wordpress\/wp-content\/uploads\/2022\/10\/Abba.jpg\" alt=\"\" width=\"129\" height=\"129\" srcset=\"https:\/\/www.radiopiu.net\/wordpress\/wp-content\/uploads\/2022\/10\/Abba.jpg 300w, https:\/\/www.radiopiu.net\/wordpress\/wp-content\/uploads\/2022\/10\/Abba-150x150.jpg 150w\" sizes=\"auto, (max-width: 129px) 100vw, 129px\" \/><\/a>di Loris Scussel<\/strong><\/p>\n<p>Da luned\u00ec riprender\u00e0 la consueta programmazione di Collage operazione nostalgia con la messa in onda della quarta serie caratterizzata dalla selezione di canzoni in ordine alfabetico, questa settimana quindi saranno protagoniste quelle che iniziano con le lettere A B C D E. Naturalmente troveremo canzoni pi\u00f9 o meno diverse tra loro in perfetta linea con lo spirito del programma, solo per citare alcuni esempi ascolteremo: \u00a0And I love her, Barbara Ann, California Dreamin, Dancing Queen, Emozioni e cos\u00ec via. Collage va in onda dal luned\u00ec al venerd\u00ec alle 16,00 ed in replica alle 23,00 naturalmente su Radio Pi\u00f9.<\/p>\n<p><strong>LE PUNTATE DELLA SETTIMANA<\/strong><\/p>\n<p><strong>LUNEDI&#8217;<\/strong><\/p>\n<audio class=\"wp-audio-shortcode\" id=\"audio-300329-19\" preload=\"none\" style=\"width: 100%;\" controls=\"controls\"><source type=\"audio\/mpeg\" src=\"https:\/\/www.radiopiu.net\/wordpress\/wp-content\/uploads\/2022\/10\/COLU.mp3?_=19\" \/><a href=\"https:\/\/www.radiopiu.net\/wordpress\/wp-content\/uploads\/2022\/10\/COLU.mp3\">https:\/\/www.radiopiu.net\/wordpress\/wp-content\/uploads\/2022\/10\/COLU.mp3<\/a><\/audio>\n<p>&nbsp;<\/p>\n<p><strong>MARTEDI&#8217;<\/strong><\/p>\n<audio class=\"wp-audio-shortcode\" id=\"audio-300329-20\" preload=\"none\" style=\"width: 100%;\" controls=\"controls\"><source type=\"audio\/mpeg\" src=\"https:\/\/www.radiopiu.net\/wordpress\/wp-content\/uploads\/2022\/10\/COMA.mp3?_=20\" \/><a href=\"https:\/\/www.radiopiu.net\/wordpress\/wp-content\/uploads\/2022\/10\/COMA.mp3\">https:\/\/www.radiopiu.net\/wordpress\/wp-content\/uploads\/2022\/10\/COMA.mp3<\/a><\/audio>\n<p>&nbsp;<\/p>\n<p><strong>MERCOLEDI&#8217;<\/strong><\/p>\n<audio class=\"wp-audio-shortcode\" id=\"audio-300329-21\" preload=\"none\" style=\"width: 100%;\" controls=\"controls\"><source type=\"audio\/mpeg\" src=\"https:\/\/www.radiopiu.net\/wordpress\/wp-content\/uploads\/2022\/10\/COME.mp3?_=21\" \/><a href=\"https:\/\/www.radiopiu.net\/wordpress\/wp-content\/uploads\/2022\/10\/COME.mp3\">https:\/\/www.radiopiu.net\/wordpress\/wp-content\/uploads\/2022\/10\/COME.mp3<\/a><\/audio>\n<p>&nbsp;<\/p>\n<p><strong>GIOVEDI&#8217;<\/strong><\/p>\n<audio class=\"wp-audio-shortcode\" id=\"audio-300329-22\" preload=\"none\" style=\"width: 100%;\" controls=\"controls\"><source type=\"audio\/mpeg\" src=\"https:\/\/www.radiopiu.net\/wordpress\/wp-content\/uploads\/2022\/10\/COGI.mp3?_=22\" \/><a href=\"https:\/\/www.radiopiu.net\/wordpress\/wp-content\/uploads\/2022\/10\/COGI.mp3\">https:\/\/www.radiopiu.net\/wordpress\/wp-content\/uploads\/2022\/10\/COGI.mp3<\/a><\/audio>\n<p>&nbsp;<\/p>\n<p><strong>VENERDI<\/strong><\/p>\n<audio class=\"wp-audio-shortcode\" id=\"audio-300329-23\" preload=\"none\" style=\"width: 100%;\" controls=\"controls\"><source type=\"audio\/mpeg\" src=\"https:\/\/www.radiopiu.net\/wordpress\/wp-content\/uploads\/2022\/10\/COVE.mp3?_=23\" \/><a href=\"https:\/\/www.radiopiu.net\/wordpress\/wp-content\/uploads\/2022\/10\/COVE.mp3\">https:\/\/www.radiopiu.net\/wordpress\/wp-content\/uploads\/2022\/10\/COVE.mp3<\/a><\/audio>\n<p>&nbsp;<\/p>\n<p>&nbsp;<\/p>\n<p>&nbsp;<\/p>\n<hr \/>\n<p>&nbsp;<\/p>\n<div>\n<p>&nbsp;<\/p>\n<blockquote class=\"wp-embedded-content\" data-secret=\"FOsWvaE9Wq\"><p><a href=\"https:\/\/www.radiopiu.net\/wordpress\/odio-la-radio-dieci-anni-dopo-di-mirko-mezzacasa\/\">&#8220;ODIO LA RADIO&#8221;&#8230; DIECI ANNI DOPO, di Mirko Mezzacasa<\/a><\/p><\/blockquote>\n<p><iframe loading=\"lazy\" class=\"wp-embedded-content\" sandbox=\"allow-scripts\" security=\"restricted\" style=\"position: absolute; clip: rect(1px, 1px, 1px, 1px);\" title=\"&#8220;&#8220;ODIO LA RADIO&#8221;&#8230; DIECI ANNI DOPO, di Mirko Mezzacasa&#8221; &#8212; Radio Pi\u00f9\" src=\"https:\/\/www.radiopiu.net\/wordpress\/odio-la-radio-dieci-anni-dopo-di-mirko-mezzacasa\/embed\/#?secret=0ZYsjKNio3#?secret=FOsWvaE9Wq\" data-secret=\"FOsWvaE9Wq\" width=\"600\" height=\"338\" frameborder=\"0\" marginwidth=\"0\" marginheight=\"0\" scrolling=\"no\"><\/iframe><\/p>\n<p>&nbsp;<\/p>\n<hr \/>\n<p>&nbsp;<\/p>\n<p><a class=\"dt-pswp-item\" href=\"https:\/\/www.radiopiu.net\/wordpress\/wp-content\/uploads\/2018\/09\/WhatsApp-Image-2018-09-20-at-16.04.06.jpeg\" data-dt-img-description=\"\" data-large_image_width=\"800\" data-large_image_height=\"100\"><img loading=\"lazy\" decoding=\"async\" class=\"aligncenter wp-image-61378 size-full\" src=\"https:\/\/www.radiopiu.net\/wordpress\/wp-content\/uploads\/2018\/09\/WhatsApp-Image-2018-09-20-at-16.04.06.jpeg\" alt=\"\" width=\"800\" height=\"100\" srcset=\"https:\/\/www.radiopiu.net\/wordpress\/wp-content\/uploads\/2018\/09\/WhatsApp-Image-2018-09-20-at-16.04.06.jpeg 800w, https:\/\/www.radiopiu.net\/wordpress\/wp-content\/uploads\/2018\/09\/WhatsApp-Image-2018-09-20-at-16.04.06-300x38.jpeg 300w, https:\/\/www.radiopiu.net\/wordpress\/wp-content\/uploads\/2018\/09\/WhatsApp-Image-2018-09-20-at-16.04.06-768x96.jpeg 768w\" sizes=\"auto, (max-width: 800px) 100vw, 800px\" \/><\/a><\/p>\n<p>&nbsp;<\/p>\n<p><strong>venerd\u00ec 7.<\/strong>\u00a0Altra bella giornata autunnale, ben soleggiata con cielo sereno o a tratti leggermente velato da sottili nubi alte. L&#8217;insidia nubi basse mattutine sar\u00e0 assai contenuta e limitata a qualche settore, specie in Valbelluna e su qualche zona degli altopiani prealpini. Alla sera leggero infittirsi della nuvolosit\u00e0 alta. Forte escursione termica giornaliera nelle valli, con notte fresca e giornata ancora assai mite.<br \/>\n<strong>Precipitazioni.<\/strong>\u00a0Assenti (0%).<br \/>\n<strong>Temperature.<\/strong>\u00a0In generale leggero calo a tutte le quote, anche contenuto sulle cime pi\u00f9 alte.Lieve riduzione dell&#8217;inversione termica notturna nelle valli pi\u00f9 fredde. Su Prealpi a 1500 m min 9\u00b0C max 14\u00b0C, a 2000 m min 7\u00b0C max 11\u00b0C. Su Dolomiti a 2000 m min 6\u00b0C max 11\u00b0C, a 3000 m min 2\u00b0C max 4\u00b0C.<br \/>\n<strong>Venti.<\/strong>\u00a0Nelle valli perlopi\u00f9 deboli per brezze, a tratti e localmente moderati per rinforzi erratici; in quota deboli\/moderati da sud-ovest, a 5-10 km\/h a 2000 m e 10-20 km\/h a 3000 m.<\/p>\n<p><strong>sabato 8.<\/strong>\u00a0Tempo ancora perlopi\u00f9 stabile, in prevalenza soleggiato al mattino e solo parzialmente soleggiato al pomeriggio per le crescenti velature del cielo e per il sopraggiungere di nubi medie stratiformi, anche basse tra Prealpi e alcune valli dolomitiche alla sera. L&#8217;andamento termico sar\u00e0 soprattutto dettato dall&#8217;entit\u00e0 della nuvolosit\u00e0, in quanto la massa d&#8217;aria rimarr\u00e0 la stessa rispetto a venerd\u00ec.<br \/>\n<strong>Precipitazioni.<\/strong>\u00a0Assenti (0%) in giornata, mentre qualche goccia serale sar\u00e0 probabile (10-20%).<br \/>\n<strong>Temperature.<\/strong>\u00a0Minime pressoch\u00e9 stazionarie, eccetto qualche lieve flessione sulle cime pi\u00f9 alte; massime in generale leggera diminuzione. Su Prealpi a 1500 m min 9\u00b0C max 12\u00b0C, a 2000 m min 7\u00b0C max 9\u00b0C. Su Dolomiti a 2000 m min 6\u00b0C max 10\u00b0C, a 3000 m min 0\u00b0C max 3\u00b0C.<br \/>\n<strong>Venti.<\/strong>\u00a0Nelle valli perlopi\u00f9 deboli per brezze, salvo locali rinforzi erratici; in quota moderati\/tesi da sud sud-ovest al mattino, in attenuazione ruotando da ovest nord-ovest al pomeriggio, a 5-15 km\/h a 2000 m e 10-35 km\/h a 3000 m.<\/p>\n<p><strong>domenica 9.<\/strong>\u00a0Nottetempo ed al mattino cielo molto nuvoloso\/coperto associato a qualche piovasco sulle Dolomiti e tracce di neve sopra i 2600 m. Sulle Prealpi maggiore probabilit\u00e0 ed entit\u00e0 dei fenomeni. Dalle ore centrali schiarite e transito di nubi medio-alte sul Bellunese, mentre altrove la nuvolosit\u00e0 rimarr\u00e0 a tratti pi\u00f9 intensa con deboli e residue precipitazioni. Temperature minime in rialzo e massime in generale contenuta diminuzione. Venti perlopi\u00f9 deboli di direzione variabile nelle valli, salvo lievi e locali rinforzi; in quota deboli da nord nord-est tra la notte e il mattino, disponendosi da sud-est al pomeriggio.<\/p>\n<p><strong>luned\u00ec 10.<\/strong>\u00a0Nuvolosit\u00e0 alte e medio-alta stratiforme, ma in alcuni momenti il sole potr\u00e0 anche filtrare. Con il passare delle ore tale nuvolosit\u00e0 dovrebbe infittirsi fino a cielo del tutto coperto. Temperature minime in ulteriore leggero calo e massime in generale ripresa. Venti deboli di direzione variabile nelle valli, salvo locali e brevi rinforzi; in quota deboli\/moderati da sud sud-est. Previsore: R.L.Th.<\/p>\n<p>&nbsp;<\/p>\n<hr \/>\n<p>&nbsp;<\/p>\n<p><strong>OGNI GIORNO IL MERCATINO A RADIO PIU&#8217;, AL QUARANTESIMO MINUTO. IL PUNTO DI RIFERIMENTO PER CHI OFFRE O CERCA LAVORO NELL&#8217;ARCO DOLOMITICO, CENTINAIA DI VISUALIZZAZIONI AL GIORNO SUL SITO INTERNET, IN AUDIO ALLA RADIO E IN STREAMING IL TUTTO IL MONDO. IL MERCATINO DI RADIO PIU, PER INSERIRE I TUOI ANNUNCI SCRIVI A <span style=\"color: #0000ff;\">radiopiu@radiopiu.it<\/span><\/strong><\/p>\n<blockquote class=\"wp-embedded-content\" data-secret=\"ahVYP1grJE\"><p><a href=\"https:\/\/www.radiopiu.net\/wordpress\/mercatino-e-mercatino-delle-pulci-per-i-vostri-annunci-radiopiuradiopiu-it\/\">MERCATINO<\/a><\/p><\/blockquote>\n<p><iframe loading=\"lazy\" class=\"wp-embedded-content\" sandbox=\"allow-scripts\" security=\"restricted\" style=\"position: absolute; clip: rect(1px, 1px, 1px, 1px);\" title=\"&#8220;MERCATINO&#8221; &#8212; Radio Pi\u00f9\" src=\"https:\/\/www.radiopiu.net\/wordpress\/mercatino-e-mercatino-delle-pulci-per-i-vostri-annunci-radiopiuradiopiu-it\/embed\/#?secret=7ThFiwklst#?secret=ahVYP1grJE\" data-secret=\"ahVYP1grJE\" width=\"600\" height=\"338\" frameborder=\"0\" marginwidth=\"0\" marginheight=\"0\" scrolling=\"no\"><\/iframe><\/p>\n<\/div>\n<p>&nbsp;<\/p>\n<p>&nbsp;<\/p>\n<div>\n<hr \/>\n<p>&nbsp;<\/p>\n<p><a href=\"https:\/\/www.radiopiu.net\/wordpress\/giornale-radiopiu-26-settembre-2018-direttore-mirko-mezzacasa\/viabilita-2\/\" rel=\"attachment wp-att-61954\"><img loading=\"lazy\" decoding=\"async\" class=\"aligncenter wp-image-61954 size-full\" src=\"https:\/\/www.radiopiu.net\/wordpress\/wp-content\/uploads\/2018\/09\/viabilita.jpeg\" sizes=\"auto, (max-width: 800px) 100vw, 800px\" srcset=\"https:\/\/www.radiopiu.net\/wordpress\/wp-content\/uploads\/2018\/09\/viabilita.jpeg 800w, https:\/\/www.radiopiu.net\/wordpress\/wp-content\/uploads\/2018\/09\/viabilita-300x38.jpeg 300w, https:\/\/www.radiopiu.net\/wordpress\/wp-content\/uploads\/2018\/09\/viabilita-768x96.jpeg 768w\" alt=\"\" width=\"800\" height=\"100\" \/><\/a><\/p>\n<p>&nbsp;<\/p>\n<blockquote>\n<h3>STRADA DI DIGOMAN A SENSO UNICO ALTERNATO FINO AL 7 OTTOBRE<\/h3>\n<\/blockquote>\n<p><strong><a class=\"dt-pswp-item\" href=\"https:\/\/www.radiopiu.net\/wordpress\/wp-content\/uploads\/2020\/05\/VENETO-STRADE.png\" data-dt-img-description=\"\" data-large_image_width=\"400\" data-large_image_height=\"400\"><img loading=\"lazy\" decoding=\"async\" class=\"wp-image-135574 alignleft\" src=\"https:\/\/www.radiopiu.net\/wordpress\/wp-content\/uploads\/2020\/05\/VENETO-STRADE-300x300.png\" alt=\"\" width=\"140\" height=\"140\" srcset=\"https:\/\/www.radiopiu.net\/wordpress\/wp-content\/uploads\/2020\/05\/VENETO-STRADE-300x300.png 300w, https:\/\/www.radiopiu.net\/wordpress\/wp-content\/uploads\/2020\/05\/VENETO-STRADE-150x150.png 150w, https:\/\/www.radiopiu.net\/wordpress\/wp-content\/uploads\/2020\/05\/VENETO-STRADE.png 400w\" sizes=\"auto, (max-width: 140px) 100vw, 140px\" \/><\/a><\/strong><\/p>\n<p><strong>VOLTAGO<\/strong> Veneto Strade comunica che dal 29 settembre e fino al 7 ottobre, esclusi sabato e domenica, la SP 26 di Digoman sar\u00e0 interessata da un&#8217;istituzione di senso unico alternato regolato da semaforo in comune di Voltago. Nel periodo interessato sar\u00e0 istituito anche il divieto di transito ai veicoli aventi massa a pieno carico superiore alle 7,5 tonnellate. Sar\u00e0 posta idonea segnaletica.<\/p>\n<p>&nbsp;<\/p>\n<p>&nbsp;<\/p>\n<p>&nbsp;<\/p>\n<hr \/>\n<blockquote>\n<h3><\/h3>\n<h3>SP 8 DI SAN TOMASO, PROROGATA LA CHIUSURA A FASCE ORARIE FINO ALL&#8217;11 NOVEMBRE<\/h3>\n<\/blockquote>\n<p><strong><img loading=\"lazy\" decoding=\"async\" class=\"alignleft\" src=\"https:\/\/www.radiopiu.net\/wordpress\/wp-content\/uploads\/2021\/11\/81aa72cc-d66b-44fa-afd5-7103ae531a24.jpg\" width=\"154\" height=\"113\" \/>SAN TOMASO<\/strong> Da un mese sono iniziati i lavori sulla SP 8 di San Tomaso a Col Zares\u00e8. Veneto Strade ha comunicato la proroga dell&#8217;ordinanza fino al 11 novembre. E\u2019 dal 17 luglio del 2014 che per raggiungere San Tomaso da Cencenighe \u00e8 d\u2019obbligo il rispetto del semaforo, ma dalla prossima stagione autunnale a lavori terminati e micropali piantati tutto cambier\u00e0. Ai residenti soprattutto viene richiesto ancora un sacrificio, ma pur di rivedere aperta quella strada nella sua normalit\u00e0 \u00e8 giustificato e lecito. Fino al 11 novembre, esclusi festivi e prefestivi, la strada chiuder\u00e0 totalmente dalle 7.15 alle 12.45 e dalle 14.15 alle 17.45. Negli altri orari senso unico alternato regolato da semaforo.<\/p>\n<p>&nbsp;<\/p>\n<p><em><strong>DIVIETO DI TRANSITO VEICOLARE A FADES DI LA VALLE AGORDINA TRA L&#8217;INCROCIO CON LA SR 347 E IL CIVICO 2. FINO AL 18 NOVEMBRE, SABATO, DOMENICA E FESTIVI COMPRESI. IL DIVIETO AVRA&#8217; EFFICACIA NEI GIORNI DI EFFETTIVA ESECUZIONE DEL CANTIERE.\u00a0\u00a0<\/strong><\/em><\/p>\n<p>&nbsp;<\/p>\n<p>AGGIORNAMENTO VENETO STRADE, AGGIORNAMENTO CONTINUO H 24<\/p>\n<p>&nbsp;<\/p>\n<blockquote class=\"wp-embedded-content\" data-secret=\"xtO77xeDD6\"><p><a href=\"https:\/\/www.radiopiu.net\/wordpress\/viabilita\/\">viabilita<\/a><\/p><\/blockquote>\n<p><iframe loading=\"lazy\" class=\"wp-embedded-content\" sandbox=\"allow-scripts\" security=\"restricted\" style=\"position: absolute; clip: rect(1px, 1px, 1px, 1px);\" title=\"&#8220;viabilita&#8221; &#8212; Radio Pi\u00f9\" src=\"https:\/\/www.radiopiu.net\/wordpress\/viabilita\/embed\/#?secret=ZTcC3ZTa9X#?secret=xtO77xeDD6\" data-secret=\"xtO77xeDD6\" width=\"600\" height=\"338\" frameborder=\"0\" marginwidth=\"0\" marginheight=\"0\" scrolling=\"no\"><\/iframe><\/p>\n<p>&nbsp;<\/p>\n<hr \/>\n<p>&nbsp;<\/p>\n<p>&nbsp;<\/p>\n<p><img loading=\"lazy\" decoding=\"async\" class=\"wp-image-60761 size-full aligncenter\" src=\"https:\/\/www.radiopiu.net\/wordpress\/wp-content\/uploads\/2018\/09\/sport.jpg\" alt=\"\" width=\"800\" height=\"100\" srcset=\"https:\/\/www.radiopiu.net\/wordpress\/wp-content\/uploads\/2018\/09\/sport.jpg 800w, https:\/\/www.radiopiu.net\/wordpress\/wp-content\/uploads\/2018\/09\/sport-300x38.jpg 300w, https:\/\/www.radiopiu.net\/wordpress\/wp-content\/uploads\/2018\/09\/sport-768x96.jpg 768w\" sizes=\"auto, (max-width: 800px) 100vw, 800px\" \/><\/p>\n<p><span style=\"color: #0000ff;\"><strong>CALCIO\u00a0<\/strong><\/span><\/p>\n<blockquote>\n<h3>DUE PAREGGI E UNA SCONFITTA PER L&#8217;AGORDINA DI SECONDA CATEGORIA<\/h3>\n<\/blockquote>\n<p><strong><a class=\"dt-pswp-item\" href=\"https:\/\/www.radiopiu.net\/wordpress\/wp-content\/uploads\/2022\/04\/CALCIO.jpg\" data-dt-img-description=\"\" data-large_image_width=\"1920\" data-large_image_height=\"1280\"><img loading=\"lazy\" decoding=\"async\" class=\"wp-image-270520 alignleft\" src=\"https:\/\/www.radiopiu.net\/wordpress\/wp-content\/uploads\/2022\/04\/CALCIO-300x200.jpg\" alt=\"\" width=\"166\" height=\"110\" srcset=\"https:\/\/www.radiopiu.net\/wordpress\/wp-content\/uploads\/2022\/04\/CALCIO-300x200.jpg 300w, https:\/\/www.radiopiu.net\/wordpress\/wp-content\/uploads\/2022\/04\/CALCIO-1024x683.jpg 1024w, https:\/\/www.radiopiu.net\/wordpress\/wp-content\/uploads\/2022\/04\/CALCIO-768x512.jpg 768w, https:\/\/www.radiopiu.net\/wordpress\/wp-content\/uploads\/2022\/04\/CALCIO-1536x1024.jpg 1536w, https:\/\/www.radiopiu.net\/wordpress\/wp-content\/uploads\/2022\/04\/CALCIO.jpg 1920w\" sizes=\"auto, (max-width: 166px) 100vw, 166px\" \/><\/a>AGORDO<\/strong> Due pareggi e una sconfitta, questo il ruolino di marcia dell&#8217;Agordina di Seconda Categoria. La squadra di Lorenzi \u00e8 crollata contro il Ponte Nelle Alpi domenica scorsa e da ora in poi deve mettere tutto l&#8217;impegno possibile per incamerare punti e raggiungere il prima possibile l&#8217;obbiettivo salvezza. Non \u00e8 stata una bella prestazione degli agordini quella di domenica scorsa All&#8217;Ivano Dorigo di Agordo. \u00c8 mancata la concentrazione e soprattutto il cinismo sotto porta perch\u00e8 le occasioni sono arrivate ma non sono state concretizzate, a differenza del Ponte che ha colpito al momento giusto. Ora la formazione di Agordo torner\u00e0 in campo domenica quando giocher\u00e0 in casa con il Sois.<\/p>\n<p><strong>FILIPPO MORETTI, GIOCATORE DELL&#8217;AGORDINA<\/strong><\/p>\n<audio class=\"wp-audio-shortcode\" id=\"audio-300329-24\" preload=\"none\" style=\"width: 100%;\" controls=\"controls\"><source type=\"audio\/mpeg\" src=\"https:\/\/www.radiopiu.net\/wordpress\/wp-content\/uploads\/2022\/10\/FILIPPO-MORETTI-AGORDINA.mp3?_=24\" \/><a href=\"https:\/\/www.radiopiu.net\/wordpress\/wp-content\/uploads\/2022\/10\/FILIPPO-MORETTI-AGORDINA.mp3\">https:\/\/www.radiopiu.net\/wordpress\/wp-content\/uploads\/2022\/10\/FILIPPO-MORETTI-AGORDINA.mp3<\/a><\/audio>\n<p>&nbsp;<\/p>\n<p>&nbsp;<\/p>\n<hr \/>\n<p>&nbsp;<\/p>\n<blockquote>\n<h3>ALTRO DERBY STREGATO, LE LUPE CEDONO IN TRE PARZIALI AL LIMANA<\/h3>\n<\/blockquote>\n<div class=\"moz-text-html\" lang=\"x-unicode\">\n<div dir=\"ltr\">\n<p><b>LIMANA- BELLUNO 3-0 <\/b><b>PARZIALI:<\/b>\u00a025-22, 25-14, 25-21.<span class=\"gmail-Apple-converted-space\"> \u00a0<\/span><\/p>\n<p><a class=\"dt-pswp-item\" href=\"https:\/\/www.radiopiu.net\/wordpress\/wp-content\/uploads\/2022\/10\/Coach_Paolo_Viel.jpg\" data-dt-img-description=\"\" data-large_image_width=\"1280\" data-large_image_height=\"855\"><img loading=\"lazy\" decoding=\"async\" class=\" wp-image-300527 alignleft\" src=\"https:\/\/www.radiopiu.net\/wordpress\/wp-content\/uploads\/2022\/10\/Coach_Paolo_Viel-300x200.jpg\" alt=\"\" width=\"230\" height=\"153\" srcset=\"https:\/\/www.radiopiu.net\/wordpress\/wp-content\/uploads\/2022\/10\/Coach_Paolo_Viel-300x200.jpg 300w, https:\/\/www.radiopiu.net\/wordpress\/wp-content\/uploads\/2022\/10\/Coach_Paolo_Viel-1024x684.jpg 1024w, https:\/\/www.radiopiu.net\/wordpress\/wp-content\/uploads\/2022\/10\/Coach_Paolo_Viel-768x513.jpg 768w, https:\/\/www.radiopiu.net\/wordpress\/wp-content\/uploads\/2022\/10\/Coach_Paolo_Viel.jpg 1280w\" sizes=\"auto, (max-width: 230px) 100vw, 230px\" \/><\/a>La pallavolo Belluno di Paolo Viel compie un passo indietro e lascia strada a una Scp Limana che ha il merito di sfruttare nel migliore dei modi il fattore campo. E di chiudere la contesa nello spazio di tre set.<span class=\"gmail-Apple-converted-space\"> \u00a0<\/span>Basse percentuali in attacco, un servizio poco incisivo, una ricezione altalenante (come testimoniano i 12 servizi vincenti, contro 4, della Scp): nella met\u00e0 campo bellunese \u00e8 funzionato ben poco. In compenso, va sottolineato il buonissimo impatto sul match di Caterina Fioretti, entrata dalla panchina senza alcun timore reverenziale e autrice di una serie di buone giocate.<span class=\"gmail-Apple-converted-space\">\u00a0<\/span><\/p>\n<p>Chiuso il capitolo del Palimana, \u00e8 gi\u00e0 tempo di concentrarsi sul prossimo impegno. O meglio, sul prossimo derby: dopo le sconfitte con Feltre e Scp, le lupe sperano di invertire la rotta contro il Sedico, avversario di\u00a0 domani alle\u00a0 18.30 al De Mas.<span class=\"gmail-Apple-converted-space\">\u00a0<\/span><\/p>\n<\/div>\n<\/div>\n<p>&nbsp;<\/p>\n<p>&nbsp;<\/p>\n<\/div>\n<div>\n<hr \/>\n<p>&nbsp;<\/p>\n<\/div>\n<\/div>\n<\/div>\n<\/div>\n<\/div>\n<\/div>\n<\/div>\n<\/div>\n<\/div>\n<\/div>\n<\/div>\n<\/div>\n<\/div>\n<\/div>\n<\/div>\n<\/div>\n<\/div>\n<\/div>\n<\/div>\n<\/div>\n<\/div>\n<\/div>\n<\/div>\n<\/div>\n<\/div>\n<\/div>\n<\/div>\n<\/div>\n<\/div>\n<\/div>\n<\/div>\n<\/div>\n<\/div>\n<\/div>\n<\/div>\n<\/div>\n<\/div>\n<\/div>\n<\/div>\n<\/div>\n<\/div>\n<\/div>\n<\/div>\n<\/div>\n<\/div>\n<\/div>\n<\/div>\n<\/div>\n<\/div>\n<\/div>\n<\/div>\n<\/div>\n<\/div>\n<\/div>\n<\/div>\n<\/div>\n<\/div>\n<\/div>\n<\/div>\n<\/div>\n<\/div>\n<\/div>\n<\/div>\n<\/div>\n<\/div>\n<\/div>\n<\/div>\n<\/div>\n<\/div>\n<\/div>\n<\/div>\n<\/div>\n<\/div>\n<\/div>\n<\/div>\n<\/div>\n<\/div>\n<\/div>\n<\/div>\n<\/div>\n<\/div>\n<\/div>\n","protected":false},"excerpt":{"rendered":"<p>RADIO PIU INFORMAZIONE il canale su TELEGRAM informazione di prima\u00a0\u00a0mano e in tempo reale. iscriviti ed aiutaci a farlo conoscere &nbsp; &nbsp; &nbsp; AGORDO\u00a0 Anche il Comune di Agordo corre ai ripari per il caro energia. Da ieri sera alcuni lampioni della pubblica illuminazione sono stati spenti.\u00a0 Uno acceso e l&#8217;altro spento anche lungo la&hellip;<\/p>\n","protected":false},"author":4,"featured_media":300528,"comment_status":"closed","ping_status":"closed","sticky":false,"template":"","format":"standard","meta":{"_monsterinsights_skip_tracking":false,"_monsterinsights_sitenote_active":false,"_monsterinsights_sitenote_note":"","_monsterinsights_sitenote_category":0,"footnotes":""},"categories":[51,86,49],"tags":[],"class_list":["post-300329","post","type-post","status-publish","format-standard","has-post-thumbnail","hentry","category-evidenza-top","category-gr","category-news-18","category-51","category-86","category-49","description-off"],"img_url":"https:\/\/www.radiopiu.net\/wordpress\/wp-content\/uploads\/2022\/10\/95c03269-b5bc-4d85-bfa0-529df60a034b-1.jpg","_links":{"self":[{"href":"https:\/\/www.radiopiu.net\/wordpress\/wp-json\/wp\/v2\/posts\/300329","targetHints":{"allow":["GET"]}}],"collection":[{"href":"https:\/\/www.radiopiu.net\/wordpress\/wp-json\/wp\/v2\/posts"}],"about":[{"href":"https:\/\/www.radiopiu.net\/wordpress\/wp-json\/wp\/v2\/types\/post"}],"author":[{"embeddable":true,"href":"https:\/\/www.radiopiu.net\/wordpress\/wp-json\/wp\/v2\/users\/4"}],"replies":[{"embeddable":true,"href":"https:\/\/www.radiopiu.net\/wordpress\/wp-json\/wp\/v2\/comments?post=300329"}],"version-history":[{"count":0,"href":"https:\/\/www.radiopiu.net\/wordpress\/wp-json\/wp\/v2\/posts\/300329\/revisions"}],"wp:featuredmedia":[{"embeddable":true,"href":"https:\/\/www.radiopiu.net\/wordpress\/wp-json\/wp\/v2\/media\/300528"}],"wp:attachment":[{"href":"https:\/\/www.radiopiu.net\/wordpress\/wp-json\/wp\/v2\/media?parent=300329"}],"wp:term":[{"taxonomy":"category","embeddable":true,"href":"https:\/\/www.radiopiu.net\/wordpress\/wp-json\/wp\/v2\/categories?post=300329"},{"taxonomy":"post_tag","embeddable":true,"href":"https:\/\/www.radiopiu.net\/wordpress\/wp-json\/wp\/v2\/tags?post=300329"}],"curies":[{"name":"wp","href":"https:\/\/api.w.org\/{rel}","templated":true}]}}