{"id":300348,"date":"2022-10-06T05:27:02","date_gmt":"2022-10-06T03:27:02","guid":{"rendered":"https:\/\/www.radiopiu.net\/wordpress\/?p=300348"},"modified":"2022-10-06T05:27:34","modified_gmt":"2022-10-06T03:27:34","slug":"commercianti-contro-certi-giovani-questione-di-decoro","status":"publish","type":"post","link":"https:\/\/www.radiopiu.net\/wordpress\/commercianti-contro-certi-giovani-questione-di-decoro\/","title":{"rendered":"COMMERCIANTI CONTRO &#8220;CERTI&#8221; GIOVANI, QUESTIONE DI DECORO"},"content":{"rendered":"<div class=\"articlePlainSubHead\"><strong><img loading=\"lazy\" decoding=\"async\" class=\"alignleft\" src=\"https:\/\/www.radiopiu.net\/wordpress\/wp-content\/uploads\/2022\/08\/294540518_422011536641247_1942219796620876388_n.jpg\" width=\"176\" height=\"117\" \/>REDAZIONE<\/strong> &#8220;Il titolare di un bar lancia un appello ad amministrazione comunale e prefetto \u00abQuestione di decoro e anche di calo degli incassi per colpa di alcuni giovani. Sputa su una donna in un caff\u00e8&#8221; cos\u00ec oggi titola il Corriere delle Alpi. Nell&#8217;articolo Gigi Sosso racconta che un giovane ha sputatp in faccia a una donna in un caff\u00e8 del list\u00f2n. E&#8217; stato denunciatoil personaggio che farebbe parte di una comitiva\u00a0 numerosa. Le telecamere della videosorveglianza, sia pubblica che privata, hanno gi\u00e0 documentato parecchie situazioni d&#8217;illegalit\u00e0. Paolo Candeago si \u00e8\u00a0 rivolto alla nuova amministrazione e anche alla Prefettura \u00abC&#8217;\u00e8 bisogno della\u00a0 presenza della polizia in piazza\u00bb, sottolinea<\/div>\n<div><\/div>\n<div><\/div>\n<div>___<\/div>\n","protected":false},"excerpt":{"rendered":"<p>REDAZIONE &#8220;Il titolare di un bar lancia un appello ad amministrazione comunale e prefetto \u00abQuestione di decoro e anche di calo degli incassi per colpa di alcuni giovani. Sputa su una donna in un caff\u00e8&#8221; cos\u00ec oggi titola il Corriere delle Alpi. Nell&#8217;articolo Gigi Sosso racconta che un giovane ha sputatp in faccia a una&hellip;<\/p>\n","protected":false},"author":4,"featured_media":293578,"comment_status":"closed","ping_status":"closed","sticky":false,"template":"","format":"standard","meta":{"_monsterinsights_skip_tracking":false,"_monsterinsights_sitenote_active":false,"_monsterinsights_sitenote_note":"","_monsterinsights_sitenote_category":0,"footnotes":""},"categories":[51,49],"tags":[],"class_list":["post-300348","post","type-post","status-publish","format-standard","has-post-thumbnail","hentry","category-evidenza-top","category-news-18","category-51","category-49","description-off"],"img_url":"https:\/\/www.radiopiu.net\/wordpress\/wp-content\/uploads\/2022\/08\/294540518_422011536641247_1942219796620876388_n.jpg","_links":{"self":[{"href":"https:\/\/www.radiopiu.net\/wordpress\/wp-json\/wp\/v2\/posts\/300348","targetHints":{"allow":["GET"]}}],"collection":[{"href":"https:\/\/www.radiopiu.net\/wordpress\/wp-json\/wp\/v2\/posts"}],"about":[{"href":"https:\/\/www.radiopiu.net\/wordpress\/wp-json\/wp\/v2\/types\/post"}],"author":[{"embeddable":true,"href":"https:\/\/www.radiopiu.net\/wordpress\/wp-json\/wp\/v2\/users\/4"}],"replies":[{"embeddable":true,"href":"https:\/\/www.radiopiu.net\/wordpress\/wp-json\/wp\/v2\/comments?post=300348"}],"version-history":[{"count":0,"href":"https:\/\/www.radiopiu.net\/wordpress\/wp-json\/wp\/v2\/posts\/300348\/revisions"}],"wp:featuredmedia":[{"embeddable":true,"href":"https:\/\/www.radiopiu.net\/wordpress\/wp-json\/wp\/v2\/media\/293578"}],"wp:attachment":[{"href":"https:\/\/www.radiopiu.net\/wordpress\/wp-json\/wp\/v2\/media?parent=300348"}],"wp:term":[{"taxonomy":"category","embeddable":true,"href":"https:\/\/www.radiopiu.net\/wordpress\/wp-json\/wp\/v2\/categories?post=300348"},{"taxonomy":"post_tag","embeddable":true,"href":"https:\/\/www.radiopiu.net\/wordpress\/wp-json\/wp\/v2\/tags?post=300348"}],"curies":[{"name":"wp","href":"https:\/\/api.w.org\/{rel}","templated":true}]}}