{"id":300355,"date":"2022-10-06T01:53:34","date_gmt":"2022-10-05T23:53:34","guid":{"rendered":"https:\/\/www.radiopiu.net\/wordpress\/?p=300355"},"modified":"2022-10-06T08:43:03","modified_gmt":"2022-10-06T06:43:03","slug":"da-domani-sere-dautunno-conduce-gianpaolo-soratroi","status":"publish","type":"post","link":"https:\/\/www.radiopiu.net\/wordpress\/da-domani-sere-dautunno-conduce-gianpaolo-soratroi\/","title":{"rendered":"DA DOMANI SERE D&#8217;AUTUNNO, CONDUCE GIANPAOLO SORATROI"},"content":{"rendered":"<blockquote>\n<h2><\/h2>\n<\/blockquote>\n<p><strong><img loading=\"lazy\" decoding=\"async\" class=\"alignleft\" src=\"https:\/\/www.radiopiu.net\/wordpress\/wp-content\/uploads\/2019\/10\/Senza-nome.jpg\" width=\"285\" height=\"194\" \/>AGORDO<\/strong> D<span style=\"color: #000000;\">opo uno stop forzato, ritorna quest&#8217;anno la prestigiosa rassegna culturale &#8221; Sere d&#8217;Autunno&#8221;.\u00a0 Nata in sordina nel 2007 per dare qualcosa ai soci nel &#8220;periodo morto&#8221; dell&#8217;attivit\u00e0 sezionale, in breve tempo \u00e8 diventata un&#8217;appuntamento atteso da tutta la vallata e non solo, tanto che ha dovuto cercare ospitalit\u00e0 in una sala pi\u00f9 capiente per soddisfare il numeroso pubblico. La Sala Don Tamis ad Agordo, \u00e8 diventata la location ufficiale e le Sere d&#8217;autunno sono diventate quel nodo al fazzoletto per tutti gli appassionati di montagna in tutte le sue forme. L&#8217;appuntamento \u00e8 quindi tutti i venerd\u00ec di ottobre nella &#8220;Sala Don F. Tamis&#8221; di Agordo con inizio alle ore 20.45. L&#8217;ingresso \u00e8 libero. Presenta Gianpaolo Soratroi. <strong>Venerdi: DAVIDE CHIESA, fino alla fine dell&#8217;Everest &#8211; salita al tetto del mondo in presa diretta<\/strong><\/span><\/p>\n<p><strong>LO SPECIALE ALLA RADIO CON\u00a0 DARIO DELL&#8217;OSBEL E ANTONELLO CIBIEN, SEZIONE DEL CLUB ALPINO ITALIANO DI AGORDO<\/strong><\/p>\n<p><span style=\"color: #ff0000;\">di CLAUDIO FONTANIVE\u00a0<\/span><\/p>\n<audio class=\"wp-audio-shortcode\" id=\"audio-300355-1\" preload=\"none\" style=\"width: 100%;\" controls=\"controls\"><source type=\"audio\/mpeg\" src=\"https:\/\/www.radiopiu.net\/wordpress\/wp-content\/uploads\/2022\/10\/sere-d-autunno.mp3?_=1\" \/><a href=\"https:\/\/www.radiopiu.net\/wordpress\/wp-content\/uploads\/2022\/10\/sere-d-autunno.mp3\">https:\/\/www.radiopiu.net\/wordpress\/wp-content\/uploads\/2022\/10\/sere-d-autunno.mp3<\/a><\/audio>\n<p>&nbsp;<\/p>\n","protected":false},"excerpt":{"rendered":"<p>AGORDO Dopo uno stop forzato, ritorna quest&#8217;anno la prestigiosa rassegna culturale &#8221; Sere d&#8217;Autunno&#8221;.\u00a0 Nata in sordina nel 2007 per dare qualcosa ai soci nel &#8220;periodo morto&#8221; dell&#8217;attivit\u00e0 sezionale, in breve tempo \u00e8 diventata un&#8217;appuntamento atteso da tutta la vallata e non solo, tanto che ha dovuto cercare ospitalit\u00e0 in una sala pi\u00f9 capiente per&hellip;<\/p>\n","protected":false},"author":4,"featured_media":300235,"comment_status":"closed","ping_status":"closed","sticky":false,"template":"","format":"standard","meta":{"_monsterinsights_skip_tracking":false,"_monsterinsights_sitenote_active":false,"_monsterinsights_sitenote_note":"","_monsterinsights_sitenote_category":0,"footnotes":""},"categories":[104,49],"tags":[],"class_list":["post-300355","post","type-post","status-publish","format-standard","has-post-thumbnail","hentry","category-evidenza_3","category-news-18","category-104","category-49","description-off"],"img_url":"https:\/\/www.radiopiu.net\/wordpress\/wp-content\/uploads\/2019\/10\/Senza-nome.jpg","_links":{"self":[{"href":"https:\/\/www.radiopiu.net\/wordpress\/wp-json\/wp\/v2\/posts\/300355","targetHints":{"allow":["GET"]}}],"collection":[{"href":"https:\/\/www.radiopiu.net\/wordpress\/wp-json\/wp\/v2\/posts"}],"about":[{"href":"https:\/\/www.radiopiu.net\/wordpress\/wp-json\/wp\/v2\/types\/post"}],"author":[{"embeddable":true,"href":"https:\/\/www.radiopiu.net\/wordpress\/wp-json\/wp\/v2\/users\/4"}],"replies":[{"embeddable":true,"href":"https:\/\/www.radiopiu.net\/wordpress\/wp-json\/wp\/v2\/comments?post=300355"}],"version-history":[{"count":0,"href":"https:\/\/www.radiopiu.net\/wordpress\/wp-json\/wp\/v2\/posts\/300355\/revisions"}],"wp:featuredmedia":[{"embeddable":true,"href":"https:\/\/www.radiopiu.net\/wordpress\/wp-json\/wp\/v2\/media\/300235"}],"wp:attachment":[{"href":"https:\/\/www.radiopiu.net\/wordpress\/wp-json\/wp\/v2\/media?parent=300355"}],"wp:term":[{"taxonomy":"category","embeddable":true,"href":"https:\/\/www.radiopiu.net\/wordpress\/wp-json\/wp\/v2\/categories?post=300355"},{"taxonomy":"post_tag","embeddable":true,"href":"https:\/\/www.radiopiu.net\/wordpress\/wp-json\/wp\/v2\/tags?post=300355"}],"curies":[{"name":"wp","href":"https:\/\/api.w.org\/{rel}","templated":true}]}}