{"id":300448,"date":"2022-10-06T23:59:08","date_gmt":"2022-10-06T21:59:08","guid":{"rendered":"https:\/\/www.radiopiu.net\/wordpress\/?p=300448"},"modified":"2022-10-06T16:10:40","modified_gmt":"2022-10-06T14:10:40","slug":"due-pareggi-e-una-sconfitta-per-lagordina-di-seconda-categoria","status":"publish","type":"post","link":"https:\/\/www.radiopiu.net\/wordpress\/due-pareggi-e-una-sconfitta-per-lagordina-di-seconda-categoria\/","title":{"rendered":"DUE PAREGGI E UNA SCONFITTA PER L&#8217;AGORDINA DI SECONDA CATEGORIA"},"content":{"rendered":"<p><strong><a class=\"dt-pswp-item\" href=\"https:\/\/www.radiopiu.net\/wordpress\/wp-content\/uploads\/2022\/04\/CALCIO.jpg\" data-dt-img-description=\"\" data-large_image_width=\"1920\" data-large_image_height=\"1280\"><img loading=\"lazy\" decoding=\"async\" class=\"wp-image-270520 alignleft\" src=\"https:\/\/www.radiopiu.net\/wordpress\/wp-content\/uploads\/2022\/04\/CALCIO-300x200.jpg\" alt=\"\" width=\"166\" height=\"110\" srcset=\"https:\/\/www.radiopiu.net\/wordpress\/wp-content\/uploads\/2022\/04\/CALCIO-300x200.jpg 300w, https:\/\/www.radiopiu.net\/wordpress\/wp-content\/uploads\/2022\/04\/CALCIO-1024x683.jpg 1024w, https:\/\/www.radiopiu.net\/wordpress\/wp-content\/uploads\/2022\/04\/CALCIO-768x512.jpg 768w, https:\/\/www.radiopiu.net\/wordpress\/wp-content\/uploads\/2022\/04\/CALCIO-1536x1024.jpg 1536w, https:\/\/www.radiopiu.net\/wordpress\/wp-content\/uploads\/2022\/04\/CALCIO.jpg 1920w\" sizes=\"auto, (max-width: 166px) 100vw, 166px\" \/><\/a>AGORDO<\/strong> Due pareggi e una sconfitta, questo il ruolino di marcia dell&#8217;Agordina di Seconda Categoria. La squadra di Lorenzi \u00e8 crollata contro il Ponte Nelle Alpi domenica scorsa e da ora in poi deve mettere tutto l&#8217;impegno possibile per incamerare punti e raggiungere il prima possibile l&#8217;obbiettivo salvezza. Non \u00e8 stata una bella prestazione degli agordini quella di domenica scorsa All&#8217;Ivano Dorigo di Agordo. \u00c8 mancata la concentrazione e soprattutto il cinismo sotto porta perch\u00e8 le occasioni sono arrivate ma non sono state concretizzate, a differenza del Ponte che ha colpito al momento giusto. Ora la formazione di Agordo torner\u00e0 in campo domenica quando giocher\u00e0 in casa con il Sois.<\/p>\n<p><strong>FILIPPO MORETTI, GIOCATORE DELL&#8217;AGORDINA<\/strong><\/p>\n<audio class=\"wp-audio-shortcode\" id=\"audio-300448-1\" preload=\"none\" style=\"width: 100%;\" controls=\"controls\"><source type=\"audio\/mpeg\" src=\"https:\/\/www.radiopiu.net\/wordpress\/wp-content\/uploads\/2022\/10\/FILIPPO-MORETTI-AGORDINA.mp3?_=1\" \/><a href=\"https:\/\/www.radiopiu.net\/wordpress\/wp-content\/uploads\/2022\/10\/FILIPPO-MORETTI-AGORDINA.mp3\">https:\/\/www.radiopiu.net\/wordpress\/wp-content\/uploads\/2022\/10\/FILIPPO-MORETTI-AGORDINA.mp3<\/a><\/audio>\n<p>&nbsp;<\/p>\n<p>&nbsp;<\/p>\n<p>*****<\/p>\n","protected":false},"excerpt":{"rendered":"<p>AGORDO Due pareggi e una sconfitta, questo il ruolino di marcia dell&#8217;Agordina di Seconda Categoria. La squadra di Lorenzi \u00e8 crollata contro il Ponte Nelle Alpi domenica scorsa e da ora in poi deve mettere tutto l&#8217;impegno possibile per incamerare punti e raggiungere il prima possibile l&#8217;obbiettivo salvezza. Non \u00e8 stata una bella prestazione degli&hellip;<\/p>\n","protected":false},"author":4,"featured_media":270520,"comment_status":"closed","ping_status":"closed","sticky":false,"template":"","format":"standard","meta":{"_monsterinsights_skip_tracking":false,"_monsterinsights_sitenote_active":false,"_monsterinsights_sitenote_note":"","_monsterinsights_sitenote_category":0,"footnotes":""},"categories":[49],"tags":[],"class_list":["post-300448","post","type-post","status-publish","format-standard","has-post-thumbnail","hentry","category-news-18","category-49","description-off"],"img_url":"https:\/\/www.radiopiu.net\/wordpress\/wp-content\/uploads\/2022\/04\/CALCIO.jpg","_links":{"self":[{"href":"https:\/\/www.radiopiu.net\/wordpress\/wp-json\/wp\/v2\/posts\/300448","targetHints":{"allow":["GET"]}}],"collection":[{"href":"https:\/\/www.radiopiu.net\/wordpress\/wp-json\/wp\/v2\/posts"}],"about":[{"href":"https:\/\/www.radiopiu.net\/wordpress\/wp-json\/wp\/v2\/types\/post"}],"author":[{"embeddable":true,"href":"https:\/\/www.radiopiu.net\/wordpress\/wp-json\/wp\/v2\/users\/4"}],"replies":[{"embeddable":true,"href":"https:\/\/www.radiopiu.net\/wordpress\/wp-json\/wp\/v2\/comments?post=300448"}],"version-history":[{"count":0,"href":"https:\/\/www.radiopiu.net\/wordpress\/wp-json\/wp\/v2\/posts\/300448\/revisions"}],"wp:featuredmedia":[{"embeddable":true,"href":"https:\/\/www.radiopiu.net\/wordpress\/wp-json\/wp\/v2\/media\/270520"}],"wp:attachment":[{"href":"https:\/\/www.radiopiu.net\/wordpress\/wp-json\/wp\/v2\/media?parent=300448"}],"wp:term":[{"taxonomy":"category","embeddable":true,"href":"https:\/\/www.radiopiu.net\/wordpress\/wp-json\/wp\/v2\/categories?post=300448"},{"taxonomy":"post_tag","embeddable":true,"href":"https:\/\/www.radiopiu.net\/wordpress\/wp-json\/wp\/v2\/tags?post=300448"}],"curies":[{"name":"wp","href":"https:\/\/api.w.org\/{rel}","templated":true}]}}