{"id":300505,"date":"2022-10-08T05:36:25","date_gmt":"2022-10-08T03:36:25","guid":{"rendered":"https:\/\/www.radiopiu.net\/wordpress\/?p=300505"},"modified":"2022-10-08T12:05:46","modified_gmt":"2022-10-08T10:05:46","slug":"giornale-radiopiu-08-ottobre-2022-direttore-mirko-mezzacasa","status":"publish","type":"post","link":"https:\/\/www.radiopiu.net\/wordpress\/giornale-radiopiu-08-ottobre-2022-direttore-mirko-mezzacasa\/","title":{"rendered":"GIORNALE RADIOPIU 08 OTTOBRE 2022 DIRETTORE MIRKO MEZZACASA"},"content":{"rendered":"<h3 class=\"kvgmc6g5 cxmmr5t8 oygrvhab hcukyx3x c1et5uql\"><span style=\"color: #0000ff;\"><strong>RADIO PIU INFORMAZIONE il canale su TELEGRAM informazione di prima\u00a0\u00a0<\/strong><strong>mano e in tempo reale. iscriviti ed aiutaci a farlo conoscere<\/strong><\/span><\/h3>\n<p>&nbsp;<\/p>\n<hr \/>\n<p>&nbsp;<\/p>\n<blockquote>\n<h3>PARTITA LA RACCOLTA FONDI PER AIUTARE L&#8217;ALLEGHE HOCKEY<\/h3>\n<\/blockquote>\n<p><strong><a class=\"dt-pswp-item\" href=\"https:\/\/www.radiopiu.net\/wordpress\/wp-content\/uploads\/2022\/10\/543dd19e-af42-414d-a1af-32fe5af49bb7.jpg\" data-dt-img-description=\"\" data-large_image_width=\"1024\" data-large_image_height=\"860\"><img loading=\"lazy\" decoding=\"async\" class=\" wp-image-300498 alignleft\" src=\"https:\/\/www.radiopiu.net\/wordpress\/wp-content\/uploads\/2022\/10\/543dd19e-af42-414d-a1af-32fe5af49bb7-300x252.jpg\" alt=\"\" width=\"187\" height=\"157\" srcset=\"https:\/\/www.radiopiu.net\/wordpress\/wp-content\/uploads\/2022\/10\/543dd19e-af42-414d-a1af-32fe5af49bb7-300x252.jpg 300w, https:\/\/www.radiopiu.net\/wordpress\/wp-content\/uploads\/2022\/10\/543dd19e-af42-414d-a1af-32fe5af49bb7-768x645.jpg 768w, https:\/\/www.radiopiu.net\/wordpress\/wp-content\/uploads\/2022\/10\/543dd19e-af42-414d-a1af-32fe5af49bb7.jpg 1024w\" sizes=\"auto, (max-width: 187px) 100vw, 187px\" \/><\/a>ALLEGHE<\/strong> \u00c8 partita la raccolta fondi per aiutare l&#8217;Alleghe Hockey in questa stagione che, dopo la chiusura dello stadio Alvise De Toni, si preannuncia travagliata. La squadra alleghese dovr\u00e0 sostenere delle trasferte sia per allenarsi che per giocare le partite in programma. Per questo \u00e8 stata lanciata una raccolta fondi su Eppela dove chiunque pu\u00f2 fare la propria donazione alla societ\u00e0 per aiutarla a pagare le spese.<\/p>\n<p><strong>IL MESSAGGIO DELL&#8217;ALLEGHE HOCKEY<\/strong><\/p>\n<blockquote><p><em>Il nostro Palaghiaccio \u00e8 CHIUSO dal 2 ottobre 2022 per l&#8217;enorme aumento dei costi dell&#8217;energia. Questo significa che i nostri atleti, dai piccolissimi fino ai ragazzi della senior, non possono pi\u00f9 allenarsi n\u00e8 giocare sul nostro ghiaccio. Ma non possono soprattutto socializzare, imparare e fare attivit\u00e0 fisica con i propri compagni di squadra. Tutti noi siamo turbati da questa situazione, ma tutti insieme abbiamo reagito e cos\u00ec, rimboccandosi le maniche la Societ\u00e0 ha riorganizzato le attivit\u00e0, riuscendo a pianificare la gestione degli allenamenti negli stadi di altri Comuni. Cosa faremo con il contributo raccolto? La raccolta ci permetter\u00e0 di sostenere i costi per le continue trasferte dei nostri atleti.\u00a0<\/em><\/p><\/blockquote>\n<p><strong>CHI VOLESSE AIUTARE L&#8217;ALLEGHE HOCKEY PUO&#8217; FARLO NEI PUNTI RACCOLTA FONDI, BAR BIANCO AD ALLEGHE E CAFFE&#8217; MINIERE DI AGORDO. OPPURE TRAMITE LA RACCOLTA FONDI ONLINE DI EPPELA <a href=\"https:\/\/www.eppela.com\/projects\/9059\">CLICCANDO QUI<\/a><\/strong><\/p>\n<p>&nbsp;<\/p>\n<hr \/>\n<p>&nbsp;<\/p>\n<blockquote>\n<h3>203 AGORDINA, DA LUNEDI INTERRUZIONI IN LOCALITA&#8217; LA STANGA<\/h3>\n<\/blockquote>\n<p><strong>SEDICO<\/strong> Veneto Strade comunica che per lavori di messa in sicurezza del versante sono previste temporanee interruzioni fino a 15 minuti per i giorni di lunedi e martedi dalle 8.15 alle 13.15 e dalle 14.30 alle 17<\/p>\n<p><img loading=\"lazy\" decoding=\"async\" class=\"\" src=\"https:\/\/www.radiopiu.net\/wordpress\/wp-content\/uploads\/2022\/09\/la-stanga.png\" width=\"412\" height=\"204\" \/><\/p>\n<p>&nbsp;<\/p>\n<p>&nbsp;<\/p>\n<hr \/>\n<p>&nbsp;<\/p>\n<p><strong>RIVAMONTE AGORDINO: Chiusura temporanea Ecocentro per manifestazione \u201cRiva l\u2019Oktoberfest\u201d<\/strong><\/p>\n<p><strong>AGORDO<\/strong> L\u2019Ecocentro di Rivamonte Agordino rimarr\u00e0 chiuso sabato 8 e sabato 15 ottobre 2022 come richiesto dal Comune per consentire lo svolgimento della manifestazione denominata \u201cRiva l\u2019Oktoberfest\u201d. Si ricorda che\u00a0le utenze possono accedere a\u00a0qualsiasi Ecocentro del territorio dell\u2019Unione Montana Agordina,\u00a0verificando sedi e orari di apertura\u00a0nella pagina ECOCENTRO.<\/p>\n<p>&nbsp;<\/p>\n<hr \/>\n<p>&nbsp;<\/p>\n<p>&nbsp;<\/p>\n<blockquote>\n<h2><a class=\"dt-pswp-item\" href=\"https:\/\/www.radiopiu.net\/wordpress\/wp-content\/uploads\/2022\/05\/download-2.jpg\" data-dt-img-description=\"\" data-large_image_width=\"225\" data-large_image_height=\"225\"><img loading=\"lazy\" decoding=\"async\" class=\"wp-image-273618 alignleft\" src=\"https:\/\/www.radiopiu.net\/wordpress\/wp-content\/uploads\/2022\/05\/download-2.jpg\" alt=\"\" width=\"122\" height=\"122\" srcset=\"https:\/\/www.radiopiu.net\/wordpress\/wp-content\/uploads\/2022\/05\/download-2.jpg 225w, https:\/\/www.radiopiu.net\/wordpress\/wp-content\/uploads\/2022\/05\/download-2-150x150.jpg 150w\" sizes=\"auto, (max-width: 122px) 100vw, 122px\" \/><\/a>ACQUA INQUINATA, AUTOBOTTI A LIVINALLONGO E COLLE SANTA LUCIA. BOLLIRE L&#8217;ACQUA NON E&#8217; SUFFICIENTE<\/h2>\n<\/blockquote>\n<p>Gestione Servizi Pubblici informa che a LIVINALLONGO IN LOCALITA&#8217; VARDA, A\u00a0 COLLE S.LUCIA in LOCALITA&#8217; RUCAVA&#8217;\u00a0 l&#8217;acqua erogata dall&#8217;acquedotto non \u00e8 potabile e non pu\u00f2 essere usata per scopi alimentari. Verr\u00e0 effettuato servizio sostitutivo con cisterna posizionata a Rucav\u00e0 di Colle Santa Lucia, Varda a Livinallongo, le Foche e Lambroi a Gosaldo.<\/p>\n<blockquote>\n<h3>INTERRUZIONE PROGRAMMATA A LA VALLE AGORDINA<\/h3>\n<\/blockquote>\n<p>LA VALLE Nei giorni 11 e 12 OTTOBRE dalle 8 a fine lavori, verr\u00e0 sospesa l\u2019erogazione dell\u2019acqua in LOCALITA&#8217; LANTRAGO.<\/p>\n<p>&nbsp;<\/p>\n<p>&nbsp;<\/p>\n<p>&nbsp;<\/p>\n<hr \/>\n<p>&nbsp;<\/p>\n<blockquote>\n<h3>LA PROSSIMA SETTIMANA LAVORI IN CORSO A TAIBON AGORDINO<\/h3>\n<\/blockquote>\n<p><strong>TAIBON\u00a0<\/strong>La prossima sar\u00e0 una settimana caratterizzata dai lavori a Taibon Agordino. Il comune ha emesso due ordinanze per consentire dei lavori in due zone del paese. La prima interessa la chiusura temporanea in via Brustolon per il trasbordo delle travi per la passerella Tegnas con il divieto di transito veicolare e pedonale dalle 5 alle 8 nel giorno 12 ottobre che interesser\u00e0 il tratto di strada da Piazza San Rocco fino all&#8217;intersezione con Via Chiesa. Non sar\u00e0 possibile utilizzare il parcheggio sul primo piazzale de Le Grave del Tegnas dal 12 al 29 ottobre e il secondo e terzo piazzale sar\u00e0 utilizzabile solo dai residenti fino al 5 novembre. La seconda ordinanza di modifica alla viabilit\u00e0 riguarda un&#8217;estensione della rete metano. Dal 10 al 15 ottobre chiusura al traffico veicolare del tratto di Via Dante Alighieri compreso tra l&#8217;intersezione con Via Volpere sino all&#8217;intersezione con Via Manzini e l&#8217; istituzione di un senso unico alternato, regolato da impianto semaforico, lungo via Manzini e via Volpere nel tratto compreso tra l&#8217;incrocio con Via Dante Alighieri di entrambe le viabilita\u0300.<\/p>\n<p>&nbsp;<\/p>\n<hr \/>\n<p>&nbsp;<\/p>\n<blockquote>\n<h3>INCIDENTE TRA CENCENIGHE ED AVOSCAN TRA UNA MOTO E UN&#8217;AUTO. CENTAURO ELITRASPORTATO A BELLUNO<\/h3>\n<\/blockquote>\n<p><strong>SAN TOMASO<\/strong> Incidente sulla 203 Agordina tra Cencenighe e Avoscan. Traffico bloccato per lo scontro tra un&#8217;automobile e una moto. Il centauro di origini tedesche, un 51enne di Monaco di Baviera, per evitare una manovra di un furgone adibito al trasporto di persone ha dovuto affidarsi ai freni per evitare il furgone ma la moto \u00e8 finita nell&#8217;altra corsia dove stava arrivando un&#8217;auto condotta da un agordino che, fermo a bordo strada, non ha potuto fare altro che attendere l&#8217;impatto. Il motociclista \u00e8 stato preso in cura dal personale del SUEM e subito dopo elitrasportato all&#8217;ospedale di Belluno. Sul posto i Carabinieri di Falcade e i Vigili del Fuoco di Agordo. La strada \u00e8 stata riaperta a senso unico alternato dopo circa un&#8217;ora<\/p>\n\n\t\t\t<style type='text\/css'>\n\t\t\t\t#gallery-1 {\n\t\t\t\t\tmargin: auto;\n\t\t\t\t}\n\t\t\t\t#gallery-1 .gallery-item {\n\t\t\t\t\tfloat: left;\n\t\t\t\t\tmargin-top: 10px;\n\t\t\t\t\ttext-align: center;\n\t\t\t\t\twidth: 33%;\n\t\t\t\t}\n\t\t\t\t#gallery-1 img {\n\t\t\t\t\tborder: 2px solid #cfcfcf;\n\t\t\t\t}\n\t\t\t\t#gallery-1 .gallery-caption {\n\t\t\t\t\tmargin-left: 0;\n\t\t\t\t}\n\t\t\t\t\/* see gallery_shortcode() in wp-includes\/media.php *\/\n\t\t\t<\/style>\n\t\t<div id='gallery-1' class='dt-gallery-container gallery galleryid-300505 gallery-columns-3 gallery-size-thumbnail'><dl class='gallery-item'>\n\t\t\t\t<dt class='gallery-icon landscape'>\n\t\t\t\t\t<a class=\"rollover rollover-zoom dt-pswp-item\" title=\"adccd4e7-44c7-4ec0-abcb-b944ed462d99\" data-dt-img-description=\"\" data-large_image_width=\"1920\" data-large_image_height=\"1080\"href='https:\/\/www.radiopiu.net\/wordpress\/wp-content\/uploads\/2022\/10\/adccd4e7-44c7-4ec0-abcb-b944ed462d99.jpg'><img loading=\"lazy\" decoding=\"async\" width=\"150\" height=\"150\" src=\"https:\/\/www.radiopiu.net\/wordpress\/wp-content\/uploads\/2022\/10\/adccd4e7-44c7-4ec0-abcb-b944ed462d99-150x150.jpg\" class=\"attachment-thumbnail size-thumbnail\" alt=\"\" \/><\/a>\n\t\t\t\t<\/dt><\/dl><dl class='gallery-item'>\n\t\t\t\t<dt class='gallery-icon landscape'>\n\t\t\t\t\t<a class=\"rollover rollover-zoom dt-pswp-item\" title=\"6a0e469b-ccf9-411b-9aed-5b0cbdbac7d2\" data-dt-img-description=\"\" data-large_image_width=\"1920\" data-large_image_height=\"1080\"href='https:\/\/www.radiopiu.net\/wordpress\/wp-content\/uploads\/2022\/10\/6a0e469b-ccf9-411b-9aed-5b0cbdbac7d2.jpg'><img loading=\"lazy\" decoding=\"async\" width=\"150\" height=\"150\" src=\"https:\/\/www.radiopiu.net\/wordpress\/wp-content\/uploads\/2022\/10\/6a0e469b-ccf9-411b-9aed-5b0cbdbac7d2-150x150.jpg\" class=\"attachment-thumbnail size-thumbnail\" alt=\"\" \/><\/a>\n\t\t\t\t<\/dt><\/dl><dl class='gallery-item'>\n\t\t\t\t<dt class='gallery-icon landscape'>\n\t\t\t\t\t<a class=\"rollover rollover-zoom dt-pswp-item\" title=\"26dec157-b35a-44bb-8578-29606f016e36\" data-dt-img-description=\"\" data-large_image_width=\"1920\" data-large_image_height=\"1080\"href='https:\/\/www.radiopiu.net\/wordpress\/wp-content\/uploads\/2022\/10\/26dec157-b35a-44bb-8578-29606f016e36.jpg'><img loading=\"lazy\" decoding=\"async\" width=\"150\" height=\"150\" src=\"https:\/\/www.radiopiu.net\/wordpress\/wp-content\/uploads\/2022\/10\/26dec157-b35a-44bb-8578-29606f016e36-150x150.jpg\" class=\"attachment-thumbnail size-thumbnail\" alt=\"\" \/><\/a>\n\t\t\t\t<\/dt><\/dl><br style=\"clear: both\" \/><dl class='gallery-item'>\n\t\t\t\t<dt class='gallery-icon landscape'>\n\t\t\t\t\t<a class=\"rollover rollover-zoom dt-pswp-item\" title=\"a282b82b-9e15-434c-967f-b8424dd20ce9\" data-dt-img-description=\"\" data-large_image_width=\"1920\" data-large_image_height=\"1080\"href='https:\/\/www.radiopiu.net\/wordpress\/wp-content\/uploads\/2022\/10\/a282b82b-9e15-434c-967f-b8424dd20ce9.jpg'><img loading=\"lazy\" decoding=\"async\" width=\"150\" height=\"150\" src=\"https:\/\/www.radiopiu.net\/wordpress\/wp-content\/uploads\/2022\/10\/a282b82b-9e15-434c-967f-b8424dd20ce9-150x150.jpg\" class=\"attachment-thumbnail size-thumbnail\" alt=\"\" \/><\/a>\n\t\t\t\t<\/dt><\/dl><dl class='gallery-item'>\n\t\t\t\t<dt class='gallery-icon landscape'>\n\t\t\t\t\t<a class=\"rollover rollover-zoom dt-pswp-item\" title=\"fe442ee3-7af6-44a9-8c23-a272349b1bc4\" data-dt-img-description=\"\" data-large_image_width=\"1920\" data-large_image_height=\"1080\"href='https:\/\/www.radiopiu.net\/wordpress\/wp-content\/uploads\/2022\/10\/fe442ee3-7af6-44a9-8c23-a272349b1bc4.jpg'><img loading=\"lazy\" decoding=\"async\" width=\"150\" height=\"150\" src=\"https:\/\/www.radiopiu.net\/wordpress\/wp-content\/uploads\/2022\/10\/fe442ee3-7af6-44a9-8c23-a272349b1bc4-150x150.jpg\" class=\"attachment-thumbnail size-thumbnail\" alt=\"\" \/><\/a>\n\t\t\t\t<\/dt><\/dl><dl class='gallery-item'>\n\t\t\t\t<dt class='gallery-icon landscape'>\n\t\t\t\t\t<a class=\"rollover rollover-zoom dt-pswp-item\" title=\"sarasrtsd\" data-dt-img-description=\"\" data-large_image_width=\"1920\" data-large_image_height=\"1080\"href='https:\/\/www.radiopiu.net\/wordpress\/wp-content\/uploads\/2022\/10\/sarasrtsd.jpg'><img loading=\"lazy\" decoding=\"async\" width=\"150\" height=\"150\" src=\"https:\/\/www.radiopiu.net\/wordpress\/wp-content\/uploads\/2022\/10\/sarasrtsd-150x150.jpg\" class=\"attachment-thumbnail size-thumbnail\" alt=\"\" \/><\/a>\n\t\t\t\t<\/dt><\/dl><br style=\"clear: both\" \/><dl class='gallery-item'>\n\t\t\t\t<dt class='gallery-icon landscape'>\n\t\t\t\t\t<a class=\"rollover rollover-zoom dt-pswp-item\" title=\"bd301c37-6fdc-4e49-92b5-4fb6caf3eaa9\" data-dt-img-description=\"\" data-large_image_width=\"1920\" data-large_image_height=\"1080\"href='https:\/\/www.radiopiu.net\/wordpress\/wp-content\/uploads\/2022\/10\/bd301c37-6fdc-4e49-92b5-4fb6caf3eaa9.jpg'><img loading=\"lazy\" decoding=\"async\" width=\"150\" height=\"150\" src=\"https:\/\/www.radiopiu.net\/wordpress\/wp-content\/uploads\/2022\/10\/bd301c37-6fdc-4e49-92b5-4fb6caf3eaa9-150x150.jpg\" class=\"attachment-thumbnail size-thumbnail\" alt=\"\" \/><\/a>\n\t\t\t\t<\/dt><\/dl><dl class='gallery-item'>\n\t\t\t\t<dt class='gallery-icon landscape'>\n\t\t\t\t\t<a class=\"rollover rollover-zoom dt-pswp-item\" title=\"d6dbc0fc-bd81-443e-8d89-b4aeb6293eb3\" data-dt-img-description=\"\" data-large_image_width=\"1920\" data-large_image_height=\"1080\"href='https:\/\/www.radiopiu.net\/wordpress\/wp-content\/uploads\/2022\/10\/d6dbc0fc-bd81-443e-8d89-b4aeb6293eb3.jpg'><img loading=\"lazy\" decoding=\"async\" width=\"150\" height=\"150\" src=\"https:\/\/www.radiopiu.net\/wordpress\/wp-content\/uploads\/2022\/10\/d6dbc0fc-bd81-443e-8d89-b4aeb6293eb3-150x150.jpg\" class=\"attachment-thumbnail size-thumbnail\" alt=\"\" \/><\/a>\n\t\t\t\t<\/dt><\/dl><dl class='gallery-item'>\n\t\t\t\t<dt class='gallery-icon landscape'>\n\t\t\t\t\t<a class=\"rollover rollover-zoom dt-pswp-item\" title=\"86076510-451e-4bb3-a24b-268cc2d14487\" data-dt-img-description=\"\" data-large_image_width=\"1920\" data-large_image_height=\"1080\"href='https:\/\/www.radiopiu.net\/wordpress\/wp-content\/uploads\/2022\/10\/86076510-451e-4bb3-a24b-268cc2d14487.jpg'><img loading=\"lazy\" decoding=\"async\" width=\"150\" height=\"150\" src=\"https:\/\/www.radiopiu.net\/wordpress\/wp-content\/uploads\/2022\/10\/86076510-451e-4bb3-a24b-268cc2d14487-150x150.jpg\" class=\"attachment-thumbnail size-thumbnail\" alt=\"\" \/><\/a>\n\t\t\t\t<\/dt><\/dl><br style=\"clear: both\" \/>\n\t\t\t<\/div>\n\n<p>&nbsp;<\/p>\n<blockquote>\n<h3 class=\"entry-title\">ALTERNATIVE ALLA REGIONALE 203 AGORDINA IN CASO DI INCIDENTE \u201cSIAMO PROPRIO PRESI MALE\u201d<\/h3>\n<\/blockquote>\n<p><strong>REDAZIONE<\/strong> Quanti incidenti dal 2018 anno di Vaia ad oggi lungo la regionale 203 agordina tra Cencenighe e Avoscan di San Tomaso, quattro negli ultimi mesi. Una strada insidiosa come conferma la lista dei sinistri. Ogni volta la strada viene chiusa per ore, e ieri pomeriggio era chiusa pure la provinciale 8 di San Tomaso che sale da Cencenighe e scende ad Avoscan che \u00e8 oggetto di importanti lavori. Ma al di l\u00e0 dell\u2019apertura della provinciale 8 che \u00e8 comunque un giro dell\u2019oca, la storia insegna che manca la vecchia regionale 203 agordina che s\u2019imboccava prima del ponte del Ghisel in uscita a Vare di San Tomaso, gi\u00e0 percorso per ciclisti ma soprattutto via di emergenza come la ex 203 che costeggia il Cordevole tra Cencenighe e Listolade bypassando la galleria di Listolade (finalmente riaperta ma non ancora ufficialmente) o come la ex 203 agordina accanto alla galleria dei Castei, chiusa dopo che \u00e8 franata mezza montagna alla taglia de San Martin.<\/p>\n<p>&nbsp;<\/p>\n<hr \/>\n<p>&nbsp;<\/p>\n<blockquote>\n<h3>INVESTIMENTO ALL&#8217;INCROCIO DI BALDENICH<\/h3>\n<\/blockquote>\n<p><strong>BELLUNO<\/strong> Dell&#8217;incidente lo si apprende da facebook (pagina Sei di Belluno Se&#8230;). Un&#8217;anziana \u00e8 stata salvata dai passanti che hanno fermato il conducente di un furgone che non si era accorto della donna.\u00a0 Il figlio della donna scrivono: \u00abVorrei ringraziare pubblicamente le persone verso le 9 circa, davanti a Veneta Cucine a Baldenich hanno evitato una tragedia, fermando il conducente di un furgoncino che in retro ha investito mia madre (era sotto al veicolo fino al bacino ed l&#8217;autista stava continuando con la manovra). Un ringraziamento particolare all&#8217;infermiere della Croce blu che le ha prestato i primi soccorsi\u00bb.<\/p>\n<p>&nbsp;<\/p>\n<hr \/>\n<p>&nbsp;<\/p>\n<blockquote>\n<h3>TRATTORE CONTRO UN&#8217;AUTO, DUE I FERITI<\/h3>\n<\/blockquote>\n<p><strong>CESIOMAGGIORE<\/strong> Ha perso il controllo del trattore e ha centrato la Panda\u00a0 terminando la sua corsa nella scarpata sottostante dove si \u00e8 ribaltato e distrutto. Incidente con due feriti leggeri, ieri pomeriggio a Soranzen tra un agricoltore del posto e un automobilista. I conducenti\u00a0 hanno riportato ferite e contusioni leggere e sono stati trasportati con l&#8217;ambulanza all&#8217;ospedale di Feltre per accertamenti.<\/p>\n<p>&nbsp;<\/p>\n<hr \/>\n<p>&nbsp;<\/p>\n<blockquote>\n<h3>COPPIA IN DIFFICOLTA&#8217; SUL SENTIERO CRESTON POPERA<\/h3>\n<\/blockquote>\n<p><strong>COMELICO SUPERIORE<\/strong> Attorno alle 12.40 di ieri il Soccorso alpino della Val Comelico \u00e8 intervenuto assieme al Soccorso alpino della Guardia di Finanza di Auronzo lungo il sentiero numero 124, che dal Rifugio Berti porta in localit\u00e0 Colesei, per una coppia di escursionisti di Bergamo in difficolt\u00e0. Partiti dal Passo Monte Croce Comelico, i due, 45 anni lei, 49 lui, non distanti da Colesei avevano perso la traccia ed erano usciti dal sentiero iniziando a salire un canalino, dove, a causa del terreno franoso, la donna si era bloccata impaurita. Avvicinatisi con i mezzi dalla strada bianca, per poi proseguire a piedi, in un&#8217;ora circa i soccorritori li hanno individuati e raggiunti. Dopo averli assicurati con una corda, hanno aiutato i due escursionisti a tornare sul sentiero non distante. La coppia ha quindi proseguito fino al Rifugio Berti con una squadra, mentre una seconda squadra \u00e8 rientrata da Colesei per recuperare i fuoristrada.<\/p>\n<p>&nbsp;<\/p>\n<p>&nbsp;<\/p>\n<hr \/>\n<p>&nbsp;<\/p>\n<blockquote>\n<h3>MOBILITATO IL SOCCORSO ALPINO PER UN INFORTUNIO MA L&#8217;INFORTUNATA NON C&#8217;E&#8217;<\/h3>\n<\/blockquote>\n<p><strong>AURONZO DI CADORE<\/strong> Ieri attorno alle 15.20 la Centrale del 118 \u00e8 stata allertata da un gruppo di persone tedesche, che si erano imbattute in un&#8217;escursionista a terra a seguito di una caduta, con un trauma al ginocchio, nella zona di Forcella Lavaredo. La donna straniera, che si trovava assieme al marito, aveva chiesto alla comitiva se poteva allertare i soccorsi, dal momento che sul luogo non c&#8217;era copertura telefonica. Il gruppo si era incamminato, lanciando l&#8217;allarme appena possibile, per poi attendere una squadra del Soccorso alpino di Auronzo al Rifugio Auronzo. I soccorritori sono tornati assieme a uno dei chiamanti sul luogo dove aveva incrociato l&#8217;infortunata, che era stato anche fotografato per una migliore identificazione. Ma una volta sul posto, la squadra non ha pi\u00f9 trovato nessuno. I soccorritori hanno controllato la zona circostante, interrogando le persone incontrate nel tragitto, e sono rientrati per diverse varianti di sentiero, senza per\u00f2 vedere l&#8217;infortunata. La donna deve essere quindi tornata a valle in autonomia assieme al marito.<\/p>\n<p>&nbsp;<\/p>\n<p>&nbsp;<\/p>\n<hr \/>\n<p>&nbsp;<\/p>\n<blockquote>\n<h2>UNA SECCHIATA DI LETAME CONTRO IL MONUMENTO, SINGOLARE FORMA DI PROTESTA A LA VALLE<\/h2>\n<\/blockquote>\n<p><strong>LA VALLE<\/strong> Non si parla d&#8217;altro in paese. L&#8217;episodio risale a qualche giorno fa quando di prima mattina chi \u00e8 arrivato in Municipio ha notato il letame &#8220;scaricato&#8221; ai piedi del Monumento e della bandiera tricolore, a due passi dall&#8217;ufficio del sindaco, fatto che \u00e8 stato ovviamente segnalato per la denuncia a chi di competenza. Una singolare protesta di un cittadino, si dice tra\u00a0 le &#8220;burele&#8221; del paese agordino,\u00a0 che per\u00f2 ha superato i limiti consentiti dalla legge, il letame tra l&#8217;altro \u00e8 stato collocato davanti a\u00a0 simboli che non meritano d&#8217;essere vilipesi. Dal Municipio arrivano le conferme, anche quelle relative all&#8217;impianto di video sorveglianza attivo 24 ore su 24.<\/p>\n<p>&nbsp;<\/p>\n<p><img loading=\"lazy\" decoding=\"async\" class=\"\" src=\"https:\/\/www.radiopiu.net\/wordpress\/wp-content\/uploads\/2020\/06\/WhatsApp-Image-2020-06-26-at-13.19.03.jpeg\" width=\"184\" height=\"247\" \/><\/p>\n<p>&nbsp;<\/p>\n<p>&nbsp;<\/p>\n<hr \/>\n<p>&nbsp;<\/p>\n<blockquote>\n<h3>FONDO COMUNI CONFINANTI, APPROVATO IL SECONDO STRALCIO DELLA PROGRAMMAZIONE 2019-2024, 32 I PROGETTI BELLUNESI PER UN VALORE DI QUASI 200 MILIONI DI EURO<\/h3>\n<\/blockquote>\n<p><strong><a class=\"dt-pswp-item\" href=\"https:\/\/www.radiopiu.net\/wordpress\/wp-content\/uploads\/2021\/06\/6bda7d20-2bca-46b1-9c47-7864eeb8da9e.jpg\" data-dt-img-description=\"\" data-large_image_width=\"1920\" data-large_image_height=\"1080\"><img loading=\"lazy\" decoding=\"async\" class=\"size-medium wp-image-213612 alignleft\" src=\"https:\/\/www.radiopiu.net\/wordpress\/wp-content\/uploads\/2021\/06\/6bda7d20-2bca-46b1-9c47-7864eeb8da9e-300x169.jpg\" alt=\"\" width=\"300\" height=\"169\" srcset=\"https:\/\/www.radiopiu.net\/wordpress\/wp-content\/uploads\/2021\/06\/6bda7d20-2bca-46b1-9c47-7864eeb8da9e-300x169.jpg 300w, https:\/\/www.radiopiu.net\/wordpress\/wp-content\/uploads\/2021\/06\/6bda7d20-2bca-46b1-9c47-7864eeb8da9e-1024x576.jpg 1024w, https:\/\/www.radiopiu.net\/wordpress\/wp-content\/uploads\/2021\/06\/6bda7d20-2bca-46b1-9c47-7864eeb8da9e-768x432.jpg 768w, https:\/\/www.radiopiu.net\/wordpress\/wp-content\/uploads\/2021\/06\/6bda7d20-2bca-46b1-9c47-7864eeb8da9e-1536x864.jpg 1536w, https:\/\/www.radiopiu.net\/wordpress\/wp-content\/uploads\/2021\/06\/6bda7d20-2bca-46b1-9c47-7864eeb8da9e.jpg 1920w\" sizes=\"auto, (max-width: 300px) 100vw, 300px\" \/><\/a>BELLUNO <\/strong>Il Comitato paritetico del Fondo Comuni confinanti ha approvato oggi il secondo stralcio relativo alla programmazione strategica 2019-2024. Si tratta dell\u2019integrazione del primo stralcio, andato in approvazione durante l\u2019estate. Per la provincia di Belluno sono 32 le schede progettuali per un valore complessivo di 197,1 milioni di euro (88,1 milioni da Fcc pi\u00f9 109 milioni di euro di cofinanziamenti). Ogni progetto fa riferimento ai quattro ambiti di intervento che Comuni e Provincia hanno deciso di valorizzare, vale a dire patrimonio e risorse naturali, servizi socio-sanitari, mobilit\u00e0 sostenibile, e coesione e inclusione sociale. \u00ab<em>Il programma provinciale intende mettere a frutto risorse importantissime per lo sviluppo del territorio, in particolare per le aree pi\u00f9 periferiche che maggiormente risentono della differenza rispetto alle province autonome\u00bb commenta il presidente della Provincia di Belluno, Roberto Padrin. \u00abPer questo le schede progettuali sono orientate al miglioramento della valorizzazione del patrimonio naturale, all\u2019incremento della mobilit\u00e0 sostenibile, dell\u2019inclusione sociale e della prossimit\u00e0 dei servizi. Lo diciamo sempre: la montagna, con risorse di questo genere, indirizzate in interventi concreti e utili alle comunit\u00e0 locali, pu\u00f2 avere una marcia in pi\u00f9 nel contrasto allo spopolamento e nello sviluppo delle comunit\u00e0 locali. Grazie al consigliere Paolo Perenzin per il lavoro di coordinamento con i sindaci, e al presidente Dario Bond per il grande impegno profuso nel far funzionare il Fondo<\/em>\u00bb.<\/p>\n<p><strong>PATRIMONIO E RISORSE NATURALI<\/strong><\/p>\n<p>Nell\u2019ambito \u201cPatrimonio e risorse naturali\u201d rientrano 8 progetti volti alla valorizzazione del patrimonio naturale, storico e ambientale, per un totale (tra Fcc e cofinanziamenti) di 66,7 milioni. Tra questi anche il progetto \u201cStacco\u201d, con la razionalizzazione dell\u2019accessibilit\u00e0 in quota. \u00c8 l\u2019intervento del collegamento Comelico-Pusteria, che prevede anche la creazione di balconi panoramici e la costituzione dell\u2019Ecomuseo delle Dolomiti.<\/p>\n<p><strong>SERVIZI SOCIO-SANITARI<\/strong><\/p>\n<p>Il valore dell\u2019ambito \u201cServizi socio-sanitari&#8221; ammonta a 9,6 milioni (9,1 da Fcc) per 3 progetti, in cui rientrano la riqualificazione e l\u2019ammodernamento del centro riabilitazione di Lamon (completamento del progetto strategico gi\u00e0 finanziato nella precedente programmazione); e l\u2019intervento \u201cAbitare assieme\u201d, che prevede di realizzare a Sedico alloggi di housing e co-housing per anziani.<\/p>\n<p><strong>MOBILIT\u00c0 SOSTENIBILE<\/strong><\/p>\n<p>La \u201cMobilit\u00e0 sostenibile\u201d \u00e8 asse portante della programmazione 2019-2024. Le proposte contenute nel secondo stralcio sono 3 e valgono quasi 89 milioni di euro. Il progetto pi\u00f9 corposo rientra nelle opere infrastrutturali delle Olimpiadi 2026, con la realizzazione del nuovo sistema integrato di mobilit\u00e0 sostenibile del Comune di Cortina. L\u2019intervento consiste nella realizzazione di un tunnel interrato con tappeti trasportatori sotto l\u2019abitato, per permettere di collegare i due versanti sciistici e servire i parcheggi in corso di progettazione e costruzione, garantendo un comodo accesso alle zone centrali del paese senza l\u2019utilizzo delle auto.<\/p>\n<p><strong>COESIONE E INCLUSIONE SOCIALE<\/strong><\/p>\n<p>L\u2019ambito in cui rientra la maggior parte dei progetti (ben 18) \u00e8 quello della \u201cCoesione e inclusione sociale\u201d, per un valore complessivo di 32 milioni di euro. All\u2019interno una serie di interventi volti a incrementare i servizi scolastici e la dotazione di infrastrutture sociali, ricreative e sportive. Trovano spazio anche diversi interventi per il potenziamento della sicurezza (come l\u2019acquisto di nuovi mezzi per i volontari dei vigili del fuoco e delle Croci Bianche dell\u2019Agordino), e per la promozione del territorio.<\/p>\n<p>\u00ab<em>Questo secondo stralcio, a completamento del primo di qualche mese fa, mette in moto risorse importantissime e rappresenta in maniera plastica l\u2019operativit\u00e0 di un fondo, sempre pi\u00f9 attivo nello sviluppo dei territor<\/em>i\u00bb commenta il presidente del Comitato paritetico, Dario Bond. \u00ab<em>Gli strumenti per far vivere la montagna di confine ci sono e stanno operando molto bene. Il prossimo obiettivo del Fondo, condiviso dai soggetti che oggi hanno approvato l\u2019intesa 2019-2014, credo sia quello di individuare sempre pi\u00f9 ambiti di intervento tra loro complementari, cos\u00ec da far rendere al massimo queste risorse. Penso in particolare al tema olimpico, che vedr\u00e0 i territori dolomitici compartecipare al grande evento. Per avere l\u2019onda lunga positiva dalle Olimpiadi, serve mettere in rete progetti strategici in grado di lasciare un\u2019eredit\u00e0 importante in termini di infrastrutture sportive e ricettive<\/em>\u00bb.<\/p>\n<p>&nbsp;<\/p>\n<p><strong>I 32 PROGETTI BELLUNESI<\/strong><\/p>\n<a href=\"https:\/\/www.radiopiu.net\/wordpress\/wp-content\/uploads\/2022\/10\/Secondo-stralcio-Fcc-BELLUNO.pdf\" class=\"pdfemb-viewer\" style=\"\" data-width=\"max\" data-height=\"max\" data-toolbar=\"top\" data-toolbar-fixed=\"on\">Secondo stralcio Fcc - BELLUNO<\/a>\n<p>&nbsp;<\/p>\n<hr \/>\n<p>&nbsp;<\/p>\n<blockquote>\n<h3>IL SINDACO VUOLE IL CONSULENTE POLITICO, LA MINORANZA NON VUOLE NEMMENO SENTIRNE PARLARE<\/h3>\n<\/blockquote>\n<p><strong>BELLUNO<\/strong> La minoranza alza le barricate, no al consulente politico del sindaco. Vignato &#8220;Dalla maggioranza non abbiamo informazioni solo parole al vento&#8221;. L&#8217;ex sindaco Jacopo Massaro critica le decisioni non pubblicate all&#8217;albo &#8220;Aumentano le tariffe, negli ultimi 10 anni non era mai successo&#8221;. Lucia Olivotto \u00e8 pronta a presentare l&#8217;interrogazione in consiglio comunale &#8220;Con quali costi? Con quali risorse?&#8221;<\/p>\n<p><strong>DI MORENO GIOLI<\/strong><\/p>\n<audio class=\"wp-audio-shortcode\" id=\"audio-300505-1\" preload=\"none\" style=\"width: 100%;\" controls=\"controls\"><source type=\"audio\/mpeg\" src=\"https:\/\/www.radiopiu.net\/wordpress\/wp-content\/uploads\/2022\/10\/GIOLI-IL-SINDACO-VUOLE.mp3?_=1\" \/><a href=\"https:\/\/www.radiopiu.net\/wordpress\/wp-content\/uploads\/2022\/10\/GIOLI-IL-SINDACO-VUOLE.mp3\">https:\/\/www.radiopiu.net\/wordpress\/wp-content\/uploads\/2022\/10\/GIOLI-IL-SINDACO-VUOLE.mp3<\/a><\/audio>\n<p>&nbsp;<\/p>\n<div style=\"width: 848px;\" class=\"wp-video\"><video class=\"wp-video-shortcode\" id=\"video-300505-1\" width=\"848\" height=\"480\" preload=\"metadata\" controls=\"controls\"><source type=\"video\/mp4\" src=\"https:\/\/www.radiopiu.net\/wordpress\/wp-content\/uploads\/2022\/10\/WhatsApp-Video-2022-10-07-at-17.31.49.mp4?_=1\" \/><a href=\"https:\/\/www.radiopiu.net\/wordpress\/wp-content\/uploads\/2022\/10\/WhatsApp-Video-2022-10-07-at-17.31.49.mp4\">https:\/\/www.radiopiu.net\/wordpress\/wp-content\/uploads\/2022\/10\/WhatsApp-Video-2022-10-07-at-17.31.49.mp4<\/a><\/video><\/div>\n<p>&nbsp;<\/p>\n<hr \/>\n<p>&nbsp;<\/p>\n<blockquote>\n<h3>AGORDO E IL CARO BOLLETTE, LAMPIONI A META&#8217; E TERMOSTATI ABBASSATI<\/h3>\n<\/blockquote>\n<p><strong><a class=\"dt-pswp-item\" href=\"https:\/\/www.radiopiu.net\/wordpress\/wp-content\/uploads\/2022\/03\/34aef5a3-d079-4d5e-bdd8-7528097f9cec.jpg\" data-dt-img-description=\"\" data-large_image_width=\"1920\" data-large_image_height=\"1080\"><img loading=\"lazy\" decoding=\"async\" class=\"wp-image-265028 alignleft\" src=\"https:\/\/www.radiopiu.net\/wordpress\/wp-content\/uploads\/2022\/03\/34aef5a3-d079-4d5e-bdd8-7528097f9cec-300x169.jpg\" alt=\"\" width=\"183\" height=\"103\" srcset=\"https:\/\/www.radiopiu.net\/wordpress\/wp-content\/uploads\/2022\/03\/34aef5a3-d079-4d5e-bdd8-7528097f9cec-300x169.jpg 300w, https:\/\/www.radiopiu.net\/wordpress\/wp-content\/uploads\/2022\/03\/34aef5a3-d079-4d5e-bdd8-7528097f9cec-1024x576.jpg 1024w, https:\/\/www.radiopiu.net\/wordpress\/wp-content\/uploads\/2022\/03\/34aef5a3-d079-4d5e-bdd8-7528097f9cec-768x432.jpg 768w, https:\/\/www.radiopiu.net\/wordpress\/wp-content\/uploads\/2022\/03\/34aef5a3-d079-4d5e-bdd8-7528097f9cec-1536x864.jpg 1536w, https:\/\/www.radiopiu.net\/wordpress\/wp-content\/uploads\/2022\/03\/34aef5a3-d079-4d5e-bdd8-7528097f9cec.jpg 1920w\" sizes=\"auto, (max-width: 183px) 100vw, 183px\" \/><\/a>AGORDO<\/strong>\u00a0 Anche il Comune di Agordo corre ai ripari per il caro energia. Da ieri sera alcuni lampioni della pubblica illuminazione sono stati spenti.\u00a0 Uno acceso e l&#8217;altro spento anche lungo la regionale 203 agordina tra Agordo e Taibon. Questo permetter\u00e0 di contenere i costi, ma non sar\u00e0 sufficiente in questi tempi duri. L&#8217;amministrazione sta infatti predisponendo anche uno spegnimento notturno totale, in linea di massima\u00a0 tra l&#8217;una e le quattro del mattino ma anche in questo caso non sar\u00e0 uno spegnimento totale<\/p>\n<p><strong>L&#8217;ASSESSORE AL BILANCIO CLAUDIO SITO<\/strong><\/p>\n<audio class=\"wp-audio-shortcode\" id=\"audio-300505-2\" preload=\"none\" style=\"width: 100%;\" controls=\"controls\"><source type=\"audio\/mpeg\" src=\"https:\/\/www.radiopiu.net\/wordpress\/wp-content\/uploads\/2022\/10\/CLAUDIO-SITO.mp3?_=2\" \/><a href=\"https:\/\/www.radiopiu.net\/wordpress\/wp-content\/uploads\/2022\/10\/CLAUDIO-SITO.mp3\">https:\/\/www.radiopiu.net\/wordpress\/wp-content\/uploads\/2022\/10\/CLAUDIO-SITO.mp3<\/a><\/audio>\n<p>&nbsp;<\/p>\n<hr \/>\n<p>&nbsp;<\/p>\n<blockquote>\n<h3>DAL COR VERSO L&#8217;AGNER, E L&#8217;OBIETTIVO DI DIEGO RIPRENDE LA FRANA<\/h3>\n<\/blockquote>\n<p><strong>TAIBON<\/strong> Ennesimo crollo sul gruppo dell&#8217;Agner, il precedente della scorsa estate ben visibile dalla Valle di San Lucano, poco oltre la chiesa. Questo, ripreso dal fotografo alleghese Diego Riva \u00e8 un\u00a0crollo tra el Sass de le Snare e la Cima de la Beta, nessuna persona \u00e8 rimasta coinvolta, nessuno danno a cose.<\/p>\n<div style=\"width: 848px;\" class=\"wp-video\"><video class=\"wp-video-shortcode\" id=\"video-300505-2\" width=\"848\" height=\"480\" preload=\"metadata\" controls=\"controls\"><source type=\"video\/mp4\" src=\"https:\/\/www.radiopiu.net\/wordpress\/wp-content\/uploads\/2022\/10\/WhatsApp-Video-2022-10-07-at-18.59.16.mp4?_=2\" \/><a href=\"https:\/\/www.radiopiu.net\/wordpress\/wp-content\/uploads\/2022\/10\/WhatsApp-Video-2022-10-07-at-18.59.16.mp4\">https:\/\/www.radiopiu.net\/wordpress\/wp-content\/uploads\/2022\/10\/WhatsApp-Video-2022-10-07-at-18.59.16.mp4<\/a><\/video><\/div>\n<p>&nbsp;<\/p>\n<p>&nbsp;<\/p>\n<hr \/>\n<p>&nbsp;<\/p>\n<blockquote>\n<h3>ECCO IL PRESIDIO LIBERA AGORDINO CONTRO LE MAFIE<\/h3>\n<\/blockquote>\n<p><strong>AGORDO<\/strong> Il presidio ha scelto di intitolarsi alla memoria di una coppia di vittime innocenti di mafia ovvero Lucia Precenzano e Salvatore Aversa: due coniugi, una docente e un agente di polizia, uccisi dalla &#8216;ndrangheta nel 1992 a Lamezia Terme. Hanno aderito o sono in via formale di adesione tutti gli istituti comprensivi del territorio e anche l&#8217;istituto superiore Follador De Rossi, c&#8217;\u00e8 inoltre l&#8217;appoggio delle Scuole. Il gruppo, insieme alle scuole del territorio con i loro progetti didattici, si presenter\u00e0 il 19 ottobre ad una manifestazione provinciale a Ponte nelle Alpi alla presenza di don Luigi Ciotti<\/p>\n<p>LA DIRETTA DI RADIOPIU<\/p>\n<p>https:\/\/www.facebook.com\/marco.baghy.1\/videos\/1166031587332113<\/p>\n<p>&nbsp;<\/p>\n<p>&nbsp;<\/p>\n<hr \/>\n<p>&nbsp;<\/p>\n<blockquote>\n<h3>I BAMBINI DELLA CLASSE QUINTA ELEMENTARE DI AGORDO HANNO PARTECIPATO ALLA GIORNATA ECOLOGICA DI LEGAMBIENTE<\/h3>\n<\/blockquote>\n<p><strong>AGORDO<\/strong> Si \u00e8 svolta ad Agordo la giornata ecologica nell\u2019ambito dell\u2019iniziativa \u201cPuliamo il Mondo\u201d di Legambiente promossa dall\u2019assessorato alle politiche giovanili del Comune di Agordo con la collaborazione del Bacino di Pesca n.5 Agordino. Quest\u2019anno sono stati coinvolti i bambini delle classi 5 della scuola primaria di Agordo che si sono impegnati nella raccolta dei rifiuti nel centro storico e lungo gli argini del torrente Cordevole, diventando promotori diretti di questa campagna e di buone pratiche di cittadinanza attiva. \u201cPuliamo il Mondo\u201d \u00e8 una delle iniziative di riqualificazione ambientale pi\u00f9 importanti che si svolge nel nostro paese ormai da trent\u2019anni. Legambiente organizza in Italia questa campagna di respiro mondiale, conosciuta come \u201cClean Up the World\u201d grazie al coinvolgimento di centinaia di realt\u00e0 pubbliche e private, sotto il patrocinio del Ministero della Transizione Ecologica, Ministero dell\u2019Istruzione e di UPI.<\/p>\n\n\t\t\t<style type='text\/css'>\n\t\t\t\t#gallery-2 {\n\t\t\t\t\tmargin: auto;\n\t\t\t\t}\n\t\t\t\t#gallery-2 .gallery-item {\n\t\t\t\t\tfloat: left;\n\t\t\t\t\tmargin-top: 10px;\n\t\t\t\t\ttext-align: center;\n\t\t\t\t\twidth: 33%;\n\t\t\t\t}\n\t\t\t\t#gallery-2 img {\n\t\t\t\t\tborder: 2px solid #cfcfcf;\n\t\t\t\t}\n\t\t\t\t#gallery-2 .gallery-caption {\n\t\t\t\t\tmargin-left: 0;\n\t\t\t\t}\n\t\t\t\t\/* see gallery_shortcode() in wp-includes\/media.php *\/\n\t\t\t<\/style>\n\t\t<div id='gallery-2' class='dt-gallery-container gallery galleryid-300505 gallery-columns-3 gallery-size-thumbnail'><dl class='gallery-item'>\n\t\t\t\t<dt class='gallery-icon landscape'>\n\t\t\t\t\t<a class=\"rollover rollover-zoom dt-pswp-item\" title=\"c83bdae1-f4ae-4402-b98d-f481ccc63ec6\" data-dt-img-description=\"\" data-large_image_width=\"1600\" data-large_image_height=\"1200\"href='https:\/\/www.radiopiu.net\/wordpress\/wp-content\/uploads\/2022\/10\/c83bdae1-f4ae-4402-b98d-f481ccc63ec6.jpg'><img loading=\"lazy\" decoding=\"async\" width=\"150\" height=\"150\" src=\"https:\/\/www.radiopiu.net\/wordpress\/wp-content\/uploads\/2022\/10\/c83bdae1-f4ae-4402-b98d-f481ccc63ec6-150x150.jpg\" class=\"attachment-thumbnail size-thumbnail\" alt=\"\" \/><\/a>\n\t\t\t\t<\/dt><\/dl><dl class='gallery-item'>\n\t\t\t\t<dt class='gallery-icon landscape'>\n\t\t\t\t\t<a class=\"rollover rollover-zoom dt-pswp-item\" title=\"3b9f5d7c-1528-4fd8-8e57-e4698aa72b63\" data-dt-img-description=\"\" data-large_image_width=\"1600\" data-large_image_height=\"1200\"href='https:\/\/www.radiopiu.net\/wordpress\/wp-content\/uploads\/2022\/10\/3b9f5d7c-1528-4fd8-8e57-e4698aa72b63.jpg'><img loading=\"lazy\" decoding=\"async\" width=\"150\" height=\"150\" src=\"https:\/\/www.radiopiu.net\/wordpress\/wp-content\/uploads\/2022\/10\/3b9f5d7c-1528-4fd8-8e57-e4698aa72b63-150x150.jpg\" class=\"attachment-thumbnail size-thumbnail\" alt=\"\" \/><\/a>\n\t\t\t\t<\/dt><\/dl><dl class='gallery-item'>\n\t\t\t\t<dt class='gallery-icon landscape'>\n\t\t\t\t\t<a class=\"rollover rollover-zoom dt-pswp-item\" title=\"59be9306-4f7f-4fa4-8d66-2e640523ff74\" data-dt-img-description=\"\" data-large_image_width=\"1600\" data-large_image_height=\"1094\"href='https:\/\/www.radiopiu.net\/wordpress\/wp-content\/uploads\/2022\/10\/59be9306-4f7f-4fa4-8d66-2e640523ff74.jpg'><img loading=\"lazy\" decoding=\"async\" width=\"150\" height=\"150\" src=\"https:\/\/www.radiopiu.net\/wordpress\/wp-content\/uploads\/2022\/10\/59be9306-4f7f-4fa4-8d66-2e640523ff74-150x150.jpg\" class=\"attachment-thumbnail size-thumbnail\" alt=\"\" \/><\/a>\n\t\t\t\t<\/dt><\/dl><br style=\"clear: both\" \/>\n\t\t\t<\/div>\n\n<p>&nbsp;<\/p>\n<hr \/>\n<p>&nbsp;<\/p>\n<p><a class=\"dt-pswp-item\" href=\"https:\/\/www.radiopiu.net\/wordpress\/wp-content\/uploads\/2022\/10\/93b93c1c-de5a-466b-9adf-1ef734a9a0d8.jpg\" data-dt-img-description=\"\" data-large_image_width=\"800\" data-large_image_height=\"800\"><img loading=\"lazy\" decoding=\"async\" class=\"size-medium wp-image-300670 aligncenter\" src=\"https:\/\/www.radiopiu.net\/wordpress\/wp-content\/uploads\/2022\/10\/93b93c1c-de5a-466b-9adf-1ef734a9a0d8-300x300.jpg\" alt=\"\" width=\"300\" height=\"300\" srcset=\"https:\/\/www.radiopiu.net\/wordpress\/wp-content\/uploads\/2022\/10\/93b93c1c-de5a-466b-9adf-1ef734a9a0d8-300x300.jpg 300w, https:\/\/www.radiopiu.net\/wordpress\/wp-content\/uploads\/2022\/10\/93b93c1c-de5a-466b-9adf-1ef734a9a0d8-150x150.jpg 150w, https:\/\/www.radiopiu.net\/wordpress\/wp-content\/uploads\/2022\/10\/93b93c1c-de5a-466b-9adf-1ef734a9a0d8-768x768.jpg 768w, https:\/\/www.radiopiu.net\/wordpress\/wp-content\/uploads\/2022\/10\/93b93c1c-de5a-466b-9adf-1ef734a9a0d8.jpg 800w\" sizes=\"auto, (max-width: 300px) 100vw, 300px\" \/><\/a><\/p>\n<p>&nbsp;<\/p>\n<blockquote class=\"wp-embedded-content\" data-secret=\"k7U8Rkzn9u\"><p><a href=\"https:\/\/www.radiopiu.net\/wordpress\/aziendazeroottobr07\/\">COME IERI: 6 PAZIENTI IN PIU&#8217; IN TERAPIA INTENSIVA, ALTRETTANTI DECESSI<\/a><\/p><\/blockquote>\n<p><iframe loading=\"lazy\" class=\"wp-embedded-content\" sandbox=\"allow-scripts\" security=\"restricted\" style=\"position: absolute; clip: rect(1px, 1px, 1px, 1px);\" title=\"&#8220;COME IERI: 6 PAZIENTI IN PIU&#8217; IN TERAPIA INTENSIVA, ALTRETTANTI DECESSI&#8221; &#8212; Radio Pi\u00f9\" src=\"https:\/\/www.radiopiu.net\/wordpress\/aziendazeroottobr07\/embed\/#?secret=M9wCzNG2dL#?secret=k7U8Rkzn9u\" data-secret=\"k7U8Rkzn9u\" width=\"600\" height=\"338\" frameborder=\"0\" marginwidth=\"0\" marginheight=\"0\" scrolling=\"no\"><\/iframe><\/p>\n<p>&nbsp;<\/p>\n<h2>I GRAFICI DI TIZIANO DE COL<\/h2>\n\n\t\t\t<style type='text\/css'>\n\t\t\t\t#gallery-3 {\n\t\t\t\t\tmargin: auto;\n\t\t\t\t}\n\t\t\t\t#gallery-3 .gallery-item {\n\t\t\t\t\tfloat: left;\n\t\t\t\t\tmargin-top: 10px;\n\t\t\t\t\ttext-align: center;\n\t\t\t\t\twidth: 33%;\n\t\t\t\t}\n\t\t\t\t#gallery-3 img {\n\t\t\t\t\tborder: 2px solid #cfcfcf;\n\t\t\t\t}\n\t\t\t\t#gallery-3 .gallery-caption {\n\t\t\t\t\tmargin-left: 0;\n\t\t\t\t}\n\t\t\t\t\/* see gallery_shortcode() in wp-includes\/media.php *\/\n\t\t\t<\/style>\n\t\t<div id='gallery-3' class='dt-gallery-container gallery galleryid-300505 gallery-columns-3 gallery-size-thumbnail'><dl class='gallery-item'>\n\t\t\t\t<dt class='gallery-icon landscape'>\n\t\t\t\t\t<a class=\"rollover rollover-zoom dt-pswp-item\" title=\"449968f1-fa4b-4423-8f68-039d150273ec\" data-dt-img-description=\"\" data-large_image_width=\"589\" data-large_image_height=\"362\"href='https:\/\/www.radiopiu.net\/wordpress\/wp-content\/uploads\/2022\/10\/449968f1-fa4b-4423-8f68-039d150273ec.jpg'><img loading=\"lazy\" decoding=\"async\" width=\"150\" height=\"150\" src=\"https:\/\/www.radiopiu.net\/wordpress\/wp-content\/uploads\/2022\/10\/449968f1-fa4b-4423-8f68-039d150273ec-150x150.jpg\" class=\"attachment-thumbnail size-thumbnail\" alt=\"\" \/><\/a>\n\t\t\t\t<\/dt><\/dl><dl class='gallery-item'>\n\t\t\t\t<dt class='gallery-icon landscape'>\n\t\t\t\t\t<a class=\"rollover rollover-zoom dt-pswp-item\" title=\"25f04114-2433-4914-8445-c141550a9ebf\" data-dt-img-description=\"\" data-large_image_width=\"611\" data-large_image_height=\"362\"href='https:\/\/www.radiopiu.net\/wordpress\/wp-content\/uploads\/2022\/10\/25f04114-2433-4914-8445-c141550a9ebf.jpg'><img loading=\"lazy\" decoding=\"async\" width=\"150\" height=\"150\" src=\"https:\/\/www.radiopiu.net\/wordpress\/wp-content\/uploads\/2022\/10\/25f04114-2433-4914-8445-c141550a9ebf-150x150.jpg\" class=\"attachment-thumbnail size-thumbnail\" alt=\"\" \/><\/a>\n\t\t\t\t<\/dt><\/dl><dl class='gallery-item'>\n\t\t\t\t<dt class='gallery-icon landscape'>\n\t\t\t\t\t<a class=\"rollover rollover-zoom dt-pswp-item\" title=\"d11018dc-48ca-4530-8ff5-3433787cdf2e\" data-dt-img-description=\"\" data-large_image_width=\"614\" data-large_image_height=\"363\"href='https:\/\/www.radiopiu.net\/wordpress\/wp-content\/uploads\/2022\/10\/d11018dc-48ca-4530-8ff5-3433787cdf2e.jpg'><img loading=\"lazy\" decoding=\"async\" width=\"150\" height=\"150\" src=\"https:\/\/www.radiopiu.net\/wordpress\/wp-content\/uploads\/2022\/10\/d11018dc-48ca-4530-8ff5-3433787cdf2e-150x150.jpg\" class=\"attachment-thumbnail size-thumbnail\" alt=\"\" \/><\/a>\n\t\t\t\t<\/dt><\/dl><br style=\"clear: both\" \/><dl class='gallery-item'>\n\t\t\t\t<dt class='gallery-icon landscape'>\n\t\t\t\t\t<a class=\"rollover rollover-zoom dt-pswp-item\" title=\"12d4f069-f27c-492c-83fe-372b9d2c5bbc\" data-dt-img-description=\"\" data-large_image_width=\"620\" data-large_image_height=\"358\"href='https:\/\/www.radiopiu.net\/wordpress\/wp-content\/uploads\/2022\/10\/12d4f069-f27c-492c-83fe-372b9d2c5bbc.jpg'><img loading=\"lazy\" decoding=\"async\" width=\"150\" height=\"150\" src=\"https:\/\/www.radiopiu.net\/wordpress\/wp-content\/uploads\/2022\/10\/12d4f069-f27c-492c-83fe-372b9d2c5bbc-150x150.jpg\" class=\"attachment-thumbnail size-thumbnail\" alt=\"\" \/><\/a>\n\t\t\t\t<\/dt><\/dl><dl class='gallery-item'>\n\t\t\t\t<dt class='gallery-icon landscape'>\n\t\t\t\t\t<a class=\"rollover rollover-zoom dt-pswp-item\" title=\"707b1d0c-6739-4b91-830c-551877108cdf\" data-dt-img-description=\"\" data-large_image_width=\"628\" data-large_image_height=\"365\"href='https:\/\/www.radiopiu.net\/wordpress\/wp-content\/uploads\/2022\/10\/707b1d0c-6739-4b91-830c-551877108cdf.jpg'><img loading=\"lazy\" decoding=\"async\" width=\"150\" height=\"150\" src=\"https:\/\/www.radiopiu.net\/wordpress\/wp-content\/uploads\/2022\/10\/707b1d0c-6739-4b91-830c-551877108cdf-150x150.jpg\" class=\"attachment-thumbnail size-thumbnail\" alt=\"\" \/><\/a>\n\t\t\t\t<\/dt><\/dl><dl class='gallery-item'>\n\t\t\t\t<dt class='gallery-icon landscape'>\n\t\t\t\t\t<a class=\"rollover rollover-zoom dt-pswp-item\" title=\"b1e0efa0-5a2c-4b35-b451-a196c46d2f09\" data-dt-img-description=\"\" data-large_image_width=\"618\" data-large_image_height=\"367\"href='https:\/\/www.radiopiu.net\/wordpress\/wp-content\/uploads\/2022\/10\/b1e0efa0-5a2c-4b35-b451-a196c46d2f09.jpg'><img loading=\"lazy\" decoding=\"async\" width=\"150\" height=\"150\" src=\"https:\/\/www.radiopiu.net\/wordpress\/wp-content\/uploads\/2022\/10\/b1e0efa0-5a2c-4b35-b451-a196c46d2f09-150x150.jpg\" class=\"attachment-thumbnail size-thumbnail\" alt=\"\" \/><\/a>\n\t\t\t\t<\/dt><\/dl><br style=\"clear: both\" \/>\n\t\t\t<\/div>\n\n<p>&nbsp;<\/p>\n<hr \/>\n<p>&nbsp;<\/p>\n<blockquote>\n<h3>GIORNATA MONDIALE DELLA CONSAPEVOLEZZA SUL LUTTO PERINATALE<\/h3>\n<\/blockquote>\n<p><strong><a class=\"dt-pswp-item\" href=\"https:\/\/www.radiopiu.net\/wordpress\/wp-content\/uploads\/2021\/03\/ULSS-1.jpg\" data-dt-img-description=\"\" data-large_image_width=\"776\" data-large_image_height=\"408\"><img loading=\"lazy\" decoding=\"async\" class=\"size-medium wp-image-198838 alignleft\" src=\"https:\/\/www.radiopiu.net\/wordpress\/wp-content\/uploads\/2021\/03\/ULSS-1-300x158.jpg\" alt=\"\" width=\"300\" height=\"158\" srcset=\"https:\/\/www.radiopiu.net\/wordpress\/wp-content\/uploads\/2021\/03\/ULSS-1-300x158.jpg 300w, https:\/\/www.radiopiu.net\/wordpress\/wp-content\/uploads\/2021\/03\/ULSS-1-768x404.jpg 768w, https:\/\/www.radiopiu.net\/wordpress\/wp-content\/uploads\/2021\/03\/ULSS-1.jpg 776w\" sizes=\"auto, (max-width: 300px) 100vw, 300px\" \/><\/a>BELLUNO <\/strong>In occasione della giornata mondiale della consapevolezza sul lutto perinatale, dedicata al lutto in gravidanza o dopo la nascita, l\u2019Ulss Dolomiti con le U.O. di Ginecologia, Pediatria e Psicologia Ospedaliera di Belluno, promuovono un\u2019iniziativa per sensibilizzare su questo delicato tema. Da luned\u00ec 10 ottobre nell&#8217;atrio all&#8217;entrata dell&#8217;Ospedale di Belluno saranno posizionati simbolicamente una pianta e un cesto dove chi lo desidera potr\u00e0 lasciare un ricordo o un pensiero in memoria dei bambini non riusciti a vivere. Un piccolo gesto per ricordare a tutti coloro che vivono un lutto cos\u00ec difficile che l\u2019Ulss \u00e8 a loro disposizione. L\u2019iniziativa vuole abbracciare tutte le famiglie che hanno subito questa grave perdita. Un lutto difficile da condividere, da accettare e da elaborare, non solo per la coppia, ma anche per l&#8217;intera comunit\u00e0 e a volte per gli stessi operatori sanitari. Sabato 15 ottobre la stessa pianta verr\u00e0 messa al centro di un cuore di luci nel giardino sotto la parete rivolta a viale Europa e dalle ore 17.00 sar\u00e0 illuminata la facciata del Padiglione Materno Infantile del San Martino.<\/p>\n<p>&nbsp;<\/p>\n<p>&nbsp;<\/p>\n<hr \/>\n<p>&nbsp;<\/p>\n<blockquote>\n<h3>SALUTE MENTALE: UN MESE DI EVENTI<\/h3>\n<\/blockquote>\n<p><strong><a class=\"dt-pswp-item\" href=\"https:\/\/www.radiopiu.net\/wordpress\/wp-content\/uploads\/2020\/10\/PSICOLOGO.jpg\" data-dt-img-description=\"\" data-large_image_width=\"1920\" data-large_image_height=\"1229\"><img loading=\"lazy\" decoding=\"async\" class=\" wp-image-165569 alignleft\" src=\"https:\/\/www.radiopiu.net\/wordpress\/wp-content\/uploads\/2020\/10\/PSICOLOGO-300x192.jpg\" alt=\"\" width=\"166\" height=\"106\" srcset=\"https:\/\/www.radiopiu.net\/wordpress\/wp-content\/uploads\/2020\/10\/PSICOLOGO-300x192.jpg 300w, https:\/\/www.radiopiu.net\/wordpress\/wp-content\/uploads\/2020\/10\/PSICOLOGO-1024x655.jpg 1024w, https:\/\/www.radiopiu.net\/wordpress\/wp-content\/uploads\/2020\/10\/PSICOLOGO-768x492.jpg 768w, https:\/\/www.radiopiu.net\/wordpress\/wp-content\/uploads\/2020\/10\/PSICOLOGO-1536x983.jpg 1536w, https:\/\/www.radiopiu.net\/wordpress\/wp-content\/uploads\/2020\/10\/PSICOLOGO.jpg 1920w\" sizes=\"auto, (max-width: 166px) 100vw, 166px\" \/><\/a>BELLUNO <\/strong>In concomitanza con la Giornata Mondiale della Salute Mentale, l&#8217;Ulss 1 Dolomiti e il Dipartimento di Salute Mentale hanno organizzato un ciclo di Open Day presso le sedi dei 4 CSM del territorio (CSM di Belluno, Pieve di Cadore ed Agordo, afferenti all&#8217;UOC Psichiatria per il Distretto di Belluno, e CSM di Feltre per il suddetto Distretto). L&#8217;Open Day rappresenta un punto di ascolto dedicato per trovare aiuto, avere informazioni su come approcciarsi a persone vicine in difficolt\u00e0, trovare un supporto. Si caratterizza per la mission di lotta allo stigma della malattia mentale attraverso la sensibilizzazione e l&#8217;informazione intorno alla sofferenza psichica. Oggi l&#8217;Open Day si terr\u00e0, dalle 8 alle 13, presso il CSM di Belluno. Il centro sar\u00e0 aperto alla cittadinanza per fornire informazioni, rispondere a quesiti e\/o richieste sull&#8217;organizzazione dei nostri Servizi, offrire un servizio di consulenza, visitare il Centro Diurno del Servizio. Chiunque potr\u00e0 essere accolto dall&#8217;\u00e8quipe del CSM, rappresentata dalle varie figure professionali che vi operano. Seguiranno l&#8217;Open Day del CSM di Feltre sabato 22 ottobre e infine presso il CSM di Agordo sabato 29 ottobre, sempre dalle 8 alle 13. Segnaliamo inoltre che settembre ed ottobre hanno visto l&#8217;ULSS Dolomiti e il Dipartimento di Salute Mentale coinvolti in varie forme di partecipazione attiva.<\/p>\n<p>&nbsp;<\/p>\n<p>&nbsp;<\/p>\n<hr \/>\n<p>&nbsp;<\/p>\n<blockquote>\n<h3>LO SPORT CHE INCLUDE: IL CSI DI FELTRE ORGANIZZA L\u2019ATTIVIT\u00c0 MOTORIA PER GLI OSPITI DEI CENTRI DIURNI<\/h3>\n<\/blockquote>\n<p><strong>BELLUNO <\/strong>Il Centro Sportivo Italiano &#8211; Comitato territoriale di Feltre si \u00e8 reso disponibile per organizzare ed attuare, a favore di utenti disabili dei Centri diurni del Distretto di Feltre, un programma di attivit\u00e0 motoria finalizzato al miglioramento del benessere psico-fisico e allo sviluppo delle relazioni interpersonali delle persone con disabilit\u00e0, da realizzare presso strutture sportive e palestre. Le attivit\u00e0 motorie saranno svolte secondo un programma mirato condotto da un istruttore certificato, con preparazione su tematiche relative all\u2019attivit\u00e0 motorio \u2013 ginnica con persone con disabilit\u00e0. Il C.S.I. si fa carico di rendere disponibile la strumentazione necessaria ai soggetti interessati, gi\u00e0 in dotazione alla palestra. Gli utenti dei Centri diurni saranno accompagnati dagli operatori Ulss presso le strutture sportive con i propri operatori, utilizzando il servizio trasporto degli stessi Centri. L\u2019attivit\u00e0 motoria sar\u00e0 svolta con accessi settimanali alle strutture sportive, nell\u2019orario stabilito in base alle esigenze dei Centri diurni e alla disponibilit\u00e0 delle strutture stesse.<\/p>\n<p>&nbsp;<\/p>\n<p>&nbsp;<\/p>\n<hr \/>\n<p>&nbsp;<\/p>\n<blockquote>\n<h3>UN VIGNETO A CASTELDARDO? MEGLIO LE COLTURE TRADIZIONALI. LETTERA AL SINDACO<\/h3>\n<\/blockquote>\n<p><strong>BORGO VALBELLUNA<\/strong> I cittadini dell&#8217;ex Municipio di Trichiana (oggi nell&#8217;agglomerato Borgo Valbelluna) hanno scritto al sindaco, consiglieri comunali e forze di Polizia Rurale dopo essere venuti a conoscenza che una societ\u00e0 agricola intende acquistare circa 51 ettari di terreno agricolo. In quella zona gi\u00e0 esiste un&#8217;ampia zona adibita a vigneto intensivo per circa 60 ettari con relativi pericoli di inquinamento per l&#8217;uso di pesticidi. I terreni oggetto di compravendita sono vicini al centro abitato di Trichiana soggetto a forte arieggiamento. I cittadini chiedono di preservare l&#8217;ambiente da possibili attivit\u00e0 inquinanti, fra i terreni vi \u00e8 un&#8217;ampia area con torbe e acqua scaricata verso l&#8217;Ardo e anche l&#8217;aspetto originario va mantenuto, nel sito \u00e8 inserita Villa Piloni Federico Foscolo del 16esimo secolo. I cittadini richiamando la storia auspicano il recupero degli immobili decadenti che insistono sui terreni e chiedono al primo cittadino di favorire le colture tradizionali impedendo quella intensiva dei vigneti a salvaguardia dell&#8217;ambiente, della fauna, della biodiversit\u00e0 e della salute dei pi\u00f9 piccoli.<\/p>\n<p><strong>LA PRECISAZIONE<\/strong><\/p>\n<p>Nell&#8217;articolo sul vigneto di Casteldardo di Trichiana si parla di un investimento a vigneto di 51 ettari, con uno gi\u00e0 preesistente di 60 ettari. In realt\u00e0 trattasi di superfici decisamente inferiori, in realt\u00e0 di 5 e 6 ettari, come si desume dalla cartografia allegata. So che le unit\u00e0 di misura: ara, centiara, ettaro possono essere obsolete, ma tipicamente agricole, e ben conosciute dagli agricoltori e dai professionisti che si occupano di misurazioni dei terreni. Non entro in questa sede nelle scelte colturali aziendali. Attenzione per\u00f2 che articoli del genere, forse non verificati, ingenerano confusione nei lettori.<br \/>\nAlberto Vallati &#8211; Borgo Valbelluna<\/p>\n\n\t\t\t<style type='text\/css'>\n\t\t\t\t#gallery-4 {\n\t\t\t\t\tmargin: auto;\n\t\t\t\t}\n\t\t\t\t#gallery-4 .gallery-item {\n\t\t\t\t\tfloat: left;\n\t\t\t\t\tmargin-top: 10px;\n\t\t\t\t\ttext-align: center;\n\t\t\t\t\twidth: 50%;\n\t\t\t\t}\n\t\t\t\t#gallery-4 img {\n\t\t\t\t\tborder: 2px solid #cfcfcf;\n\t\t\t\t}\n\t\t\t\t#gallery-4 .gallery-caption {\n\t\t\t\t\tmargin-left: 0;\n\t\t\t\t}\n\t\t\t\t\/* see gallery_shortcode() in wp-includes\/media.php *\/\n\t\t\t<\/style>\n\t\t<div id='gallery-4' class='dt-gallery-container gallery galleryid-300505 gallery-columns-2 gallery-size-full'><dl class='gallery-item'>\n\t\t\t\t<dt class='gallery-icon landscape'>\n\t\t\t\t\t<a class=\"rollover rollover-zoom dt-pswp-item\" title=\"PHOTO-2022-09-26-16-02-59\" data-dt-img-description=\"\" data-large_image_width=\"2048\" data-large_image_height=\"1571\"href='https:\/\/www.radiopiu.net\/wordpress\/wp-content\/uploads\/2022\/10\/PHOTO-2022-09-26-16-02-59.jpg'><img loading=\"lazy\" decoding=\"async\" width=\"2048\" height=\"1571\" src=\"https:\/\/www.radiopiu.net\/wordpress\/wp-content\/uploads\/2022\/10\/PHOTO-2022-09-26-16-02-59.jpg\" class=\"attachment-full size-full\" alt=\"\" srcset=\"https:\/\/www.radiopiu.net\/wordpress\/wp-content\/uploads\/2022\/10\/PHOTO-2022-09-26-16-02-59.jpg 2048w, https:\/\/www.radiopiu.net\/wordpress\/wp-content\/uploads\/2022\/10\/PHOTO-2022-09-26-16-02-59-300x230.jpg 300w, https:\/\/www.radiopiu.net\/wordpress\/wp-content\/uploads\/2022\/10\/PHOTO-2022-09-26-16-02-59-1024x786.jpg 1024w, https:\/\/www.radiopiu.net\/wordpress\/wp-content\/uploads\/2022\/10\/PHOTO-2022-09-26-16-02-59-768x589.jpg 768w, https:\/\/www.radiopiu.net\/wordpress\/wp-content\/uploads\/2022\/10\/PHOTO-2022-09-26-16-02-59-1536x1178.jpg 1536w\" sizes=\"auto, (max-width: 2048px) 100vw, 2048px\" \/><\/a>\n\t\t\t\t<\/dt><\/dl><dl class='gallery-item'>\n\t\t\t\t<dt class='gallery-icon landscape'>\n\t\t\t\t\t<a class=\"rollover rollover-zoom dt-pswp-item\" title=\"PHOTO-2022-09-26-16-02-59-1\" data-dt-img-description=\"\" data-large_image_width=\"1486\" data-large_image_height=\"1443\"href='https:\/\/www.radiopiu.net\/wordpress\/wp-content\/uploads\/2022\/10\/PHOTO-2022-09-26-16-02-59-1.jpg'><img loading=\"lazy\" decoding=\"async\" width=\"1486\" height=\"1443\" src=\"https:\/\/www.radiopiu.net\/wordpress\/wp-content\/uploads\/2022\/10\/PHOTO-2022-09-26-16-02-59-1.jpg\" class=\"attachment-full size-full\" alt=\"\" srcset=\"https:\/\/www.radiopiu.net\/wordpress\/wp-content\/uploads\/2022\/10\/PHOTO-2022-09-26-16-02-59-1.jpg 1486w, https:\/\/www.radiopiu.net\/wordpress\/wp-content\/uploads\/2022\/10\/PHOTO-2022-09-26-16-02-59-1-300x291.jpg 300w, https:\/\/www.radiopiu.net\/wordpress\/wp-content\/uploads\/2022\/10\/PHOTO-2022-09-26-16-02-59-1-1024x994.jpg 1024w, https:\/\/www.radiopiu.net\/wordpress\/wp-content\/uploads\/2022\/10\/PHOTO-2022-09-26-16-02-59-1-768x746.jpg 768w\" sizes=\"auto, (max-width: 1486px) 100vw, 1486px\" \/><\/a>\n\t\t\t\t<\/dt><\/dl><br style=\"clear: both\" \/>\n\t\t\t<\/div>\n\n<p>&nbsp;<\/p>\n<hr \/>\n<p>&nbsp;<\/p>\n<blockquote>\n<h3><a class=\"dt-pswp-item\" href=\"https:\/\/www.radiopiu.net\/wordpress\/wp-content\/uploads\/2021\/08\/972ec435-fa04-49e8-bf1e-048263cab367.jpg\" data-dt-img-description=\"\" data-large_image_width=\"1024\" data-large_image_height=\"684\"><img loading=\"lazy\" decoding=\"async\" class=\" wp-image-226219 alignleft\" src=\"https:\/\/www.radiopiu.net\/wordpress\/wp-content\/uploads\/2021\/08\/972ec435-fa04-49e8-bf1e-048263cab367-300x200.jpg\" alt=\"\" width=\"167\" height=\"111\" srcset=\"https:\/\/www.radiopiu.net\/wordpress\/wp-content\/uploads\/2021\/08\/972ec435-fa04-49e8-bf1e-048263cab367-300x200.jpg 300w, https:\/\/www.radiopiu.net\/wordpress\/wp-content\/uploads\/2021\/08\/972ec435-fa04-49e8-bf1e-048263cab367-768x513.jpg 768w, https:\/\/www.radiopiu.net\/wordpress\/wp-content\/uploads\/2021\/08\/972ec435-fa04-49e8-bf1e-048263cab367.jpg 1024w\" sizes=\"auto, (max-width: 167px) 100vw, 167px\" \/><\/a>ADDIZIONALE IRPEF REGIONALE PER SOSTENERE I SERVIZI SOCIO-ASSISTENZIALE<\/h3>\n<\/blockquote>\n<p><strong>SEREN DEL GRAPPA<\/strong> \u201cSo di andare per certi versi controcorrente, ma credo che l\u2019ipotesi di introdurre un\u2019addizionale IRPEF a livello regionale \u2013 come proposto dallo stesso presidente Zaia \u2013 vada seriamente presa in considerazione e non utilizzata come un totem per battaglie ideologiche a priori\u201d.<br \/>\nCos\u00ec il sindaco di Seren del Grappa Dario Scopel interviene nell\u2019acceso dibattito sulla reintroduzione di un contributo fiscale su base veneta.<\/p>\n<p><strong>DARIO SCOPEL, SINDACO DI SEREN DEL GRAPPA<\/strong><\/p>\n<audio class=\"wp-audio-shortcode\" id=\"audio-300505-3\" preload=\"none\" style=\"width: 100%;\" controls=\"controls\"><source type=\"audio\/mpeg\" src=\"https:\/\/www.radiopiu.net\/wordpress\/wp-content\/uploads\/2022\/10\/scopel.mp3?_=3\" \/><a href=\"https:\/\/www.radiopiu.net\/wordpress\/wp-content\/uploads\/2022\/10\/scopel.mp3\">https:\/\/www.radiopiu.net\/wordpress\/wp-content\/uploads\/2022\/10\/scopel.mp3<\/a><\/audio>\n<p>&nbsp;<\/p>\n<hr \/>\n<p>&nbsp;<\/p>\n<blockquote>\n<h3>IL RITORNO DI FOLKLOR JALPE DE LA MARMOLEDA<\/h3>\n<\/blockquote>\n<p><strong>ROCCA PIETORE<\/strong> Giorni di festa a Rocca Pietore per il ritorno di Folklor Jalpe de la Marmoleda. Il Gruppo Folk Marmolada ha organizzato, sotto al tendone di Rocca Pietore, la festa di fine estate.<\/p>\n<p><strong>ANDREA DE BERNARDIN, SINDACO DI ROCCA PIETORE<\/strong><\/p>\n<audio class=\"wp-audio-shortcode\" id=\"audio-300505-4\" preload=\"none\" style=\"width: 100%;\" controls=\"controls\"><source type=\"audio\/mpeg\" src=\"https:\/\/www.radiopiu.net\/wordpress\/wp-content\/uploads\/2022\/10\/DE-BERNARDIN-FOLKLOR.mp3?_=4\" \/><a href=\"https:\/\/www.radiopiu.net\/wordpress\/wp-content\/uploads\/2022\/10\/DE-BERNARDIN-FOLKLOR.mp3\">https:\/\/www.radiopiu.net\/wordpress\/wp-content\/uploads\/2022\/10\/DE-BERNARDIN-FOLKLOR.mp3<\/a><\/audio>\n<p>&nbsp;<\/p>\n<div style=\"width: 640px;\" class=\"wp-video\"><video class=\"wp-video-shortcode\" id=\"video-300505-3\" width=\"640\" height=\"352\" preload=\"metadata\" controls=\"controls\"><source type=\"video\/mp4\" src=\"https:\/\/www.radiopiu.net\/wordpress\/wp-content\/uploads\/2022\/10\/WhatsApp-Video-2022-10-07-at-15.59.34.mp4?_=3\" \/><a href=\"https:\/\/www.radiopiu.net\/wordpress\/wp-content\/uploads\/2022\/10\/WhatsApp-Video-2022-10-07-at-15.59.34.mp4\">https:\/\/www.radiopiu.net\/wordpress\/wp-content\/uploads\/2022\/10\/WhatsApp-Video-2022-10-07-at-15.59.34.mp4<\/a><\/video><\/div>\n<p>&nbsp;<\/p>\n\n\t\t\t<style type='text\/css'>\n\t\t\t\t#gallery-5 {\n\t\t\t\t\tmargin: auto;\n\t\t\t\t}\n\t\t\t\t#gallery-5 .gallery-item {\n\t\t\t\t\tfloat: left;\n\t\t\t\t\tmargin-top: 10px;\n\t\t\t\t\ttext-align: center;\n\t\t\t\t\twidth: 33%;\n\t\t\t\t}\n\t\t\t\t#gallery-5 img {\n\t\t\t\t\tborder: 2px solid #cfcfcf;\n\t\t\t\t}\n\t\t\t\t#gallery-5 .gallery-caption {\n\t\t\t\t\tmargin-left: 0;\n\t\t\t\t}\n\t\t\t\t\/* see gallery_shortcode() in wp-includes\/media.php *\/\n\t\t\t<\/style>\n\t\t<div id='gallery-5' class='dt-gallery-container gallery galleryid-300505 gallery-columns-3 gallery-size-thumbnail'><dl class='gallery-item'>\n\t\t\t\t<dt class='gallery-icon landscape'>\n\t\t\t\t\t<a class=\"rollover rollover-zoom dt-pswp-item\" title=\"b93b6d90-abd3-4970-812d-fe027363c45f\" data-dt-img-description=\"\" data-large_image_width=\"1600\" data-large_image_height=\"1200\"href='https:\/\/www.radiopiu.net\/wordpress\/wp-content\/uploads\/2022\/10\/b93b6d90-abd3-4970-812d-fe027363c45f.jpg'><img loading=\"lazy\" decoding=\"async\" width=\"150\" height=\"150\" src=\"https:\/\/www.radiopiu.net\/wordpress\/wp-content\/uploads\/2022\/10\/b93b6d90-abd3-4970-812d-fe027363c45f-150x150.jpg\" class=\"attachment-thumbnail size-thumbnail\" alt=\"\" \/><\/a>\n\t\t\t\t<\/dt><\/dl><dl class='gallery-item'>\n\t\t\t\t<dt class='gallery-icon landscape'>\n\t\t\t\t\t<a class=\"rollover rollover-zoom dt-pswp-item\" title=\"2ba9b5b1-b673-4b69-b34a-f28cb6fa9139\" data-dt-img-description=\"\" data-large_image_width=\"1600\" data-large_image_height=\"1200\"href='https:\/\/www.radiopiu.net\/wordpress\/wp-content\/uploads\/2022\/10\/2ba9b5b1-b673-4b69-b34a-f28cb6fa9139.jpg'><img loading=\"lazy\" decoding=\"async\" width=\"150\" height=\"150\" src=\"https:\/\/www.radiopiu.net\/wordpress\/wp-content\/uploads\/2022\/10\/2ba9b5b1-b673-4b69-b34a-f28cb6fa9139-150x150.jpg\" class=\"attachment-thumbnail size-thumbnail\" alt=\"\" \/><\/a>\n\t\t\t\t<\/dt><\/dl><dl class='gallery-item'>\n\t\t\t\t<dt class='gallery-icon landscape'>\n\t\t\t\t\t<a class=\"rollover rollover-zoom dt-pswp-item\" title=\"6b61f051-bf4f-4d88-9f73-66334e640ec1\" data-dt-img-description=\"\" data-large_image_width=\"1600\" data-large_image_height=\"1200\"href='https:\/\/www.radiopiu.net\/wordpress\/wp-content\/uploads\/2022\/10\/6b61f051-bf4f-4d88-9f73-66334e640ec1.jpg'><img loading=\"lazy\" decoding=\"async\" width=\"150\" height=\"150\" src=\"https:\/\/www.radiopiu.net\/wordpress\/wp-content\/uploads\/2022\/10\/6b61f051-bf4f-4d88-9f73-66334e640ec1-150x150.jpg\" class=\"attachment-thumbnail size-thumbnail\" alt=\"\" \/><\/a>\n\t\t\t\t<\/dt><\/dl><br style=\"clear: both\" \/><dl class='gallery-item'>\n\t\t\t\t<dt class='gallery-icon portrait'>\n\t\t\t\t\t<a class=\"rollover rollover-zoom dt-pswp-item\" title=\"70844b4e-5415-46b3-92c3-8023c2feb2c7\" data-dt-img-description=\"\" data-large_image_width=\"1200\" data-large_image_height=\"1600\"href='https:\/\/www.radiopiu.net\/wordpress\/wp-content\/uploads\/2022\/10\/70844b4e-5415-46b3-92c3-8023c2feb2c7.jpg'><img loading=\"lazy\" decoding=\"async\" width=\"150\" height=\"150\" src=\"https:\/\/www.radiopiu.net\/wordpress\/wp-content\/uploads\/2022\/10\/70844b4e-5415-46b3-92c3-8023c2feb2c7-150x150.jpg\" class=\"attachment-thumbnail size-thumbnail\" alt=\"\" \/><\/a>\n\t\t\t\t<\/dt><\/dl><dl class='gallery-item'>\n\t\t\t\t<dt class='gallery-icon landscape'>\n\t\t\t\t\t<a class=\"rollover rollover-zoom dt-pswp-item\" title=\"608dd5b1-3955-4147-8a06-d12b49a9149e\" data-dt-img-description=\"\" data-large_image_width=\"1600\" data-large_image_height=\"1200\"href='https:\/\/www.radiopiu.net\/wordpress\/wp-content\/uploads\/2022\/10\/608dd5b1-3955-4147-8a06-d12b49a9149e.jpg'><img loading=\"lazy\" decoding=\"async\" width=\"150\" height=\"150\" src=\"https:\/\/www.radiopiu.net\/wordpress\/wp-content\/uploads\/2022\/10\/608dd5b1-3955-4147-8a06-d12b49a9149e-150x150.jpg\" class=\"attachment-thumbnail size-thumbnail\" alt=\"\" \/><\/a>\n\t\t\t\t<\/dt><\/dl><dl class='gallery-item'>\n\t\t\t\t<dt class='gallery-icon landscape'>\n\t\t\t\t\t<a class=\"rollover rollover-zoom dt-pswp-item\" title=\"9e97279e-830e-469f-b3f3-2fac8f081b8d\" data-dt-img-description=\"\" data-large_image_width=\"1600\" data-large_image_height=\"1200\"href='https:\/\/www.radiopiu.net\/wordpress\/wp-content\/uploads\/2022\/10\/9e97279e-830e-469f-b3f3-2fac8f081b8d.jpg'><img loading=\"lazy\" decoding=\"async\" width=\"150\" height=\"150\" src=\"https:\/\/www.radiopiu.net\/wordpress\/wp-content\/uploads\/2022\/10\/9e97279e-830e-469f-b3f3-2fac8f081b8d-150x150.jpg\" class=\"attachment-thumbnail size-thumbnail\" alt=\"\" \/><\/a>\n\t\t\t\t<\/dt><\/dl><br style=\"clear: both\" \/>\n\t\t\t<\/div>\n\n<p>&nbsp;<\/p>\n<hr \/>\n<p>&nbsp;<\/p>\n<blockquote>\n<h3>CONOSCERE LE FRAZIONI ATTRAVERSO L&#8217;ARTE PER RAFFORZARE IL LEGAME TRA SCUOLE E TERRITORIO<\/h3>\n<\/blockquote>\n<p><em><a class=\"dt-pswp-item\" href=\"https:\/\/www.radiopiu.net\/wordpress\/wp-content\/uploads\/2022\/10\/In_piazza_a_Polpet.jpg\" data-dt-img-description=\"\" data-large_image_width=\"1946\" data-large_image_height=\"2041\"><img loading=\"lazy\" decoding=\"async\" class=\"wp-image-300570 alignleft\" src=\"https:\/\/www.radiopiu.net\/wordpress\/wp-content\/uploads\/2022\/10\/In_piazza_a_Polpet-286x300.jpg\" alt=\"\" width=\"168\" height=\"176\" srcset=\"https:\/\/www.radiopiu.net\/wordpress\/wp-content\/uploads\/2022\/10\/In_piazza_a_Polpet-286x300.jpg 286w, https:\/\/www.radiopiu.net\/wordpress\/wp-content\/uploads\/2022\/10\/In_piazza_a_Polpet-976x1024.jpg 976w, https:\/\/www.radiopiu.net\/wordpress\/wp-content\/uploads\/2022\/10\/In_piazza_a_Polpet-768x805.jpg 768w, https:\/\/www.radiopiu.net\/wordpress\/wp-content\/uploads\/2022\/10\/In_piazza_a_Polpet-1465x1536.jpg 1465w, https:\/\/www.radiopiu.net\/wordpress\/wp-content\/uploads\/2022\/10\/In_piazza_a_Polpet.jpg 1946w\" sizes=\"auto, (max-width: 168px) 100vw, 168px\" \/><\/a>I rappresentanti del comitato frazionale di Polpet hanno quindi accolto i giovani studenti e, per l\u2019occasione, hanno fatto rivivere gli antichi forni della panificazione.<\/em><\/p>\n<div><\/div>\n<div>\n<p><strong>PONTE NELLE ALPI<\/strong> Il ruolo delle comunit\u00e0 educanti \u00e8 quello riallacciare il rapporto tra scuola e territorio.\u00a0In questo senso, \u00e8 iniziato a Polpet il progetto di conoscenza dei paesi tramite l\u2019arte e l\u2019incontro con gli abitanti. Progetto che \u00e8 promosso dalla scuola media \u201cPertini\u201d di Ponte nelle Alpi: gli studenti avranno la possibilit\u00e0 di approfondire la storia delle frazioni grazie all\u2019apporto degli insegnanti, disegnando i luoghi pi\u00f9 caratteristici e incontrando i testimoni delle tradizioni locali.<span class=\"gmail-Apple-converted-space\"> \u00a0<\/span>L\u2019idea di un\u2019educazione svolta non soltanto all\u2019interno delle aule, ma nella comunit\u00e0 nel suo complesso, nasce in particolare dopo i due anni di pandemia: non a caso, l\u2019amministrazione comunale investe molto nell\u2019istruzione e nel settore sociale. E sostiene progetti innovativi e pilota nell\u2019ambito scolastico: \u00ab\u00c8 fondamentale coinvolgere nell\u2019educazione le associazioni, gli enti locali e l\u2019intero territorio di riferimento &#8211; afferma il sindaco Paolo Vendramini -. Perch\u00e9 la crescita dei giovani non \u00e8 solo responsabilit\u00e0 della scuola: deve abbracciare la collettivit\u00e0\u00bb.<span class=\"gmail-Apple-converted-space\">\u00a0<\/span><\/p>\n<p>&nbsp;<\/p>\n<p>&nbsp;<\/p>\n<\/div>\n<hr \/>\n<p>&nbsp;<\/p>\n<blockquote>\n<h3><a class=\"dt-pswp-item\" href=\"https:\/\/www.radiopiu.net\/wordpress\/wp-content\/uploads\/2022\/10\/Vena_Oro_1.jpg\" data-dt-img-description=\"\" data-large_image_width=\"2045\" data-large_image_height=\"1143\"><img loading=\"lazy\" decoding=\"async\" class=\"size-medium wp-image-300401 alignleft\" src=\"https:\/\/www.radiopiu.net\/wordpress\/wp-content\/uploads\/2022\/10\/Vena_Oro_1-300x168.jpg\" alt=\"\" width=\"300\" height=\"168\" srcset=\"https:\/\/www.radiopiu.net\/wordpress\/wp-content\/uploads\/2022\/10\/Vena_Oro_1-300x168.jpg 300w, https:\/\/www.radiopiu.net\/wordpress\/wp-content\/uploads\/2022\/10\/Vena_Oro_1-1024x572.jpg 1024w, https:\/\/www.radiopiu.net\/wordpress\/wp-content\/uploads\/2022\/10\/Vena_Oro_1-768x429.jpg 768w, https:\/\/www.radiopiu.net\/wordpress\/wp-content\/uploads\/2022\/10\/Vena_Oro_1-1536x859.jpg 1536w, https:\/\/www.radiopiu.net\/wordpress\/wp-content\/uploads\/2022\/10\/Vena_Oro_1.jpg 2045w\" sizes=\"auto, (max-width: 300px) 100vw, 300px\" \/><\/a>VISITA ALLA VENA D&#8217;ORO CON IL FAI, APPUNTAMENTO SABATO<\/h3>\n<\/blockquote>\n<p><strong> PONTE NELLE ALPI<\/strong> Il Fai giovani e l\u2019organizzazione di \u201cOltre le Vette\u201d hanno scelto proprio il Parco Reale della Vena d\u2019Oro per una visita speciale. L\u2019iniziativa si intitola \u201cLe sorgenti del bosco\u201d e si svilupper\u00e0 attraverso una passeggiata alla scoperta di un luogo che da sempre affascina i bellunesi: sia per la storia antica di centro termale, sia per il Parco, ricco di piante particolari e amato dalla regina Margherita di Savoia.\u00a0 Ad accompagnare i visitatori saranno lo scrittore Tiziano Fratus e la guida naturalistica Anacleto Boranga.<\/p>\n<p>&nbsp;<\/p>\n<p>&nbsp;<\/p>\n<hr \/>\n<blockquote>\n<h3>DOLOMIA\u2019, IL MEETING ITINERANTE DEI GRUPPI ALPINISTICI DELLE DOLOMITI, ARRIVA IN VAL COMELICO<\/h3>\n<\/blockquote>\n<p><strong><a class=\"dt-pswp-item\" href=\"https:\/\/www.radiopiu.net\/wordpress\/wp-content\/uploads\/2022\/10\/FOTO-ARCHIVIO-GRUPPO-ROCCIATORI-I-RONDI-2008-scaled.jpg\" data-dt-img-description=\"\" data-large_image_width=\"2560\" data-large_image_height=\"1707\"><img loading=\"lazy\" decoding=\"async\" class=\" wp-image-300565 alignleft\" src=\"https:\/\/www.radiopiu.net\/wordpress\/wp-content\/uploads\/2022\/10\/FOTO-ARCHIVIO-GRUPPO-ROCCIATORI-I-RONDI-2008-300x200.jpg\" alt=\"\" width=\"386\" height=\"257\" srcset=\"https:\/\/www.radiopiu.net\/wordpress\/wp-content\/uploads\/2022\/10\/FOTO-ARCHIVIO-GRUPPO-ROCCIATORI-I-RONDI-2008-300x200.jpg 300w, https:\/\/www.radiopiu.net\/wordpress\/wp-content\/uploads\/2022\/10\/FOTO-ARCHIVIO-GRUPPO-ROCCIATORI-I-RONDI-2008-1024x683.jpg 1024w, https:\/\/www.radiopiu.net\/wordpress\/wp-content\/uploads\/2022\/10\/FOTO-ARCHIVIO-GRUPPO-ROCCIATORI-I-RONDI-2008-768x512.jpg 768w, https:\/\/www.radiopiu.net\/wordpress\/wp-content\/uploads\/2022\/10\/FOTO-ARCHIVIO-GRUPPO-ROCCIATORI-I-RONDI-2008-1536x1024.jpg 1536w, https:\/\/www.radiopiu.net\/wordpress\/wp-content\/uploads\/2022\/10\/FOTO-ARCHIVIO-GRUPPO-ROCCIATORI-I-RONDI-2008-2048x1366.jpg 2048w\" sizes=\"auto, (max-width: 386px) 100vw, 386px\" \/><\/a>COMELICO SUPERIORE <\/strong>Saranno i Rondi del Comelico a organizzare sabato prossimo, 15 ottobre, l\u2019edizione 2022 di \u2018Dolomia\u2019 l\u2019appuntamento annuale che raduna pi\u00f9 di un centinaio di alpinisti provenienti dai vari gruppi delle Dolomiti, chiamati a ritrovarsi e a scalare sulle montagne del Gruppo rocciatore ospite, di volta in volta, dell\u2019evento itinerante. Nata nel 2006, la kermesse torna per la 15\u00b0 edizione, dopo un anno di stop dovuto alla pandemia, con lo stesso spirito con cui \u00e8 nata, ovvero rinsaldare amicizie e conoscere persone legate dalla stessa corda doppia in vallate diverse, scambiare esperienze, analizzare le problematiche per chi vive e lavora in quota, offrire una frequentazione pi\u00f9 sicura e consapevole, ma anche con la necessit\u00e0 di riflettere sullo stato attuale delle nostre montagne. <em>\u201c\u00c8 con estremo piacere che il Gruppo Rocciatori i Rondi organizza, per la prima volta in Val Comelico, l\u2019incontro dei gruppi alpinistici delle Dolomiti, dando seguito a quel sottile filo rosso che ci accomuna nell\u2019accezione di \u2018Dolomiti oltre ogni confine\u2019: punto di incontro, di amicizia e di cultura millenaria, che nei secoli ha saputo tutelare e valorizzare questo bene assoluto dell\u2019umanit\u00e0, divenuto patrimonio Unesco nel 2009 \u2013 premette il presidente del Gruppo Rocciatori I Rondi Rolando De Zolt &#8211; di certo la geografia, con i suoi 142 mila ettari di superficie distribuiti tra 5 province e 3 regioni, ne amplifica la magnificenza, anche se nulla pu\u00f2 contro gli effetti di una crisi climatica stringente, esacerbata da un riscaldamento globale ormai fuori controllo. Le Dolomiti sono sempre pi\u00f9 a rischio: dalla fusione ormai terminale del ghiacciaio della Fradusta alle Pale di San Martino, alla devastante caduta del seracco della Marmolada, al recente crollo sul monte Pelmo, e, non ultimo, a un bilancio pluviometrico e termico che non ha precedenti. C\u2019\u00e8 un patrimonio identitario radicato nelle nostre valli ricco di un\u2019esperienza millenaria che pu\u00f2 ancora tutelare e difendere questo bene unico e universale. \u00c8 un patrimonio fatto di Guide alpine, di alpinisti, di professionisti e volontari del Soccorso alpino, di gestori di rifugi, di artigiani o di semplici valligiani, che ogni giorno garantiscono con le loro azioni e i loro esempi un\u2019eco-sostenibilit\u00e0 altrimenti compromessa ormai da decenni. Sulle nostre spalle grava un\u2019importante responsabilit\u00e0, un grosso impegno da perpetrare nel tempo, consapevoli che i primi custodi di queste meraviglie da preservare e da tramandare alle future generazioni siamo noi\u201d.<\/em><\/p>\n<blockquote><p><strong>A partire dalla mattina e fino al pomeriggio di sabato, i rocciatori di Aquile di San Martino e Primiero (anno di fondazione 1892), Ciamorces della Val di Fassa (1967), Scoiattoli di Cortina (1939), Catores della Val Gardena (1954), Ragni di Pieve di Cadore (1945), Caprioli di San Vito (1947), Croderes Alta Badia (2003) assieme ai padroni di casa saranno impegnati in attivit\u00e0 alpinistiche, distribuiti tra le principali vette del Comelico, Terza Piccola, Terza Media, Parete Cornon, Creston Popera e Gruppo del Popera. In serata gli alpinisti si ritroveranno a partire dalle 18 per un momento conviviale e di confronto.<\/strong><\/p><\/blockquote>\n<p>&nbsp;<\/p>\n<hr \/>\n<p>&nbsp;<\/p>\n<blockquote>\n<h3>MASSIMO RIVA E&#8217; IL NUOVO PRESIDENTE DI SCUOLA E CASSA EDILE<\/h3>\n<\/blockquote>\n<p><strong><a class=\"dt-pswp-item\" href=\"https:\/\/www.radiopiu.net\/wordpress\/wp-content\/uploads\/2022\/10\/Massimo-Riva.jpg\" data-dt-img-description=\"\" data-large_image_width=\"1536\" data-large_image_height=\"2048\"><img loading=\"lazy\" decoding=\"async\" class=\" wp-image-300626 alignleft\" src=\"https:\/\/www.radiopiu.net\/wordpress\/wp-content\/uploads\/2022\/10\/Massimo-Riva-225x300.jpg\" alt=\"\" width=\"116\" height=\"155\" srcset=\"https:\/\/www.radiopiu.net\/wordpress\/wp-content\/uploads\/2022\/10\/Massimo-Riva-225x300.jpg 225w, https:\/\/www.radiopiu.net\/wordpress\/wp-content\/uploads\/2022\/10\/Massimo-Riva-768x1024.jpg 768w, https:\/\/www.radiopiu.net\/wordpress\/wp-content\/uploads\/2022\/10\/Massimo-Riva-1152x1536.jpg 1152w, https:\/\/www.radiopiu.net\/wordpress\/wp-content\/uploads\/2022\/10\/Massimo-Riva.jpg 1536w\" sizes=\"auto, (max-width: 116px) 100vw, 116px\" \/><\/a>BELLUNO <\/strong>Il Cfs (Centro Formazione e Sicurezza) &#8211; Scuola Edile e Cassa Edile di Sedico ha un nuovo presidente. Si tratta di Massimo Riva, che subentra a Dario Pietro Tonin. Il nuovo presidente \u00e8 il titolare della ditta Riva Marco &amp; C. snc con sede a Mugnai (Feltre). Un\u2019impresa storica della provincia di Belluno, avviata dal padre 50 anni fa e che dal 1993 \u00e8 condotta da Massimo Riva. Si occupa di pittura edile ed \u00e8 specializzata nel restauro (iscritta all\u2019apposito Elenco dei restauratori dei beni culturali). \u00abLe parti sociali, su proposta della giunta di Confartigianato, hanno individuato in Riva la figura giusta per guidare la Scuola edile\u00bb afferma Claudia Scarzanella, presidente dell\u2019associazione artigiani di Belluno. \u00abA lui, associato e presidente di mestiere del restauro, vanno i complimenti miei, del direttore e dell\u2019intera giunta di Confartigianato, e il ringraziamento di Fabio Zatta, presidente della categoria edili. E insieme, l\u2019augurio di buon lavoro. L\u2019ente che presieder\u00e0 \u00e8 un importante istituto per la formazione dei giovani lavoratori e un\u2019occasione per le imprese edili di fare rete, necessit\u00e0 sempre pi\u00f9 forte con le grandi sfide che avanzano, tra bonus edilizi e partita olimpica\u00bb.<\/p>\n<p>&nbsp;<\/p>\n<p>&nbsp;<\/p>\n<hr \/>\n<p>&nbsp;<\/p>\n<p>\u200b<\/p>\n<blockquote>\n<h3><a class=\"dt-pswp-item\" href=\"https:\/\/www.radiopiu.net\/wordpress\/wp-content\/uploads\/2022\/10\/Senza-nome-18.jpg\" data-dt-img-description=\"\" data-large_image_width=\"248\" data-large_image_height=\"164\"><img loading=\"lazy\" decoding=\"async\" class=\"wp-image-300569 alignleft\" src=\"https:\/\/www.radiopiu.net\/wordpress\/wp-content\/uploads\/2022\/10\/Senza-nome-18.jpg\" alt=\"\" width=\"169\" height=\"112\" \/><\/a>NUOVI ALLIEVI PER LA POLIZIA DI STATO<\/h3>\n<\/blockquote>\n<p>Nella Gazzetta Ufficiale della Repubblica Italiana\u00a0 \u00e8 stato pubblicato il bando di concorso pubblico, per esame, per l\u2019assunzione di 1188 allievi agenti della Polizia di Stato.<b>\u00a0<\/b>La domanda di partecipazione al concorso deve essere compilata e trasmessa entro il termine di trenta giorni\u00a0 utilizzando esclusivamente la procedura informatica disponibile all\u2019indirizzo <a href=\"https:\/\/concorsionline.poliziadistato.it\">https:\/\/concorsionline.poliziadistato.it<\/a><strong><u> .<\/u><\/strong><\/p>\n<p><strong>\u00a0<\/strong><\/p>\n<p>&nbsp;<\/p>\n<p>&nbsp;<\/p>\n<p>&nbsp;<\/p>\n<hr \/>\n<p>&nbsp;<\/p>\n<blockquote>\n<h3>OGGI E DOMANI TORNANO LE CORSE PER LE TRE CIME DI LAVAREDO<\/h3>\n<\/blockquote>\n<p><strong>BELLUNO<\/strong> Oggi e domani torneranno i bus-navetta per le Tre Cime di Lavaredo. Dolomiti Bus spa infatti, visto l\u2019andamento meteo favorevole e le numerose presenze turistiche tuttora in zona, ha riattivato il collegamento con Auronzo e Misurina.<span class=\"Apple-converted-space ContentPasted0\"> \u00a0<\/span>Anche nei giorni scorsi si sono registrate numerose presenze sulle Tre Cime di Lavaredo, nonostante il servizio bus si fosse concluso domenica 2 ottobre. I quadri orari della linea 31 (Auronzo Reane-Misurina-Tre Cime) per il weekend sono pubblicati sul sito istituzionale www.dolomitibus.it.<\/p>\n<p>&nbsp;<\/p>\n<p>&nbsp;<\/p>\n<hr \/>\n<p>&nbsp;<\/p>\n<blockquote>\n<h3>LE GIORNATE D&#8217;AUTUNNO DEL FAI FANNO TAPPA A MEL<\/h3>\n<\/blockquote>\n<p><strong><a class=\"dt-pswp-item\" href=\"https:\/\/www.radiopiu.net\/wordpress\/wp-content\/uploads\/2022\/10\/Conferenza-Stampa-FAI-Gioavni.jpg\" data-dt-img-description=\"\" data-large_image_width=\"2048\" data-large_image_height=\"1536\"><img loading=\"lazy\" decoding=\"async\" class=\" wp-image-300292 alignleft\" src=\"https:\/\/www.radiopiu.net\/wordpress\/wp-content\/uploads\/2022\/10\/Conferenza-Stampa-FAI-Gioavni-300x225.jpg\" alt=\"\" width=\"152\" height=\"114\" srcset=\"https:\/\/www.radiopiu.net\/wordpress\/wp-content\/uploads\/2022\/10\/Conferenza-Stampa-FAI-Gioavni-300x225.jpg 300w, https:\/\/www.radiopiu.net\/wordpress\/wp-content\/uploads\/2022\/10\/Conferenza-Stampa-FAI-Gioavni-1024x768.jpg 1024w, https:\/\/www.radiopiu.net\/wordpress\/wp-content\/uploads\/2022\/10\/Conferenza-Stampa-FAI-Gioavni-768x576.jpg 768w, https:\/\/www.radiopiu.net\/wordpress\/wp-content\/uploads\/2022\/10\/Conferenza-Stampa-FAI-Gioavni-1536x1152.jpg 1536w, https:\/\/www.radiopiu.net\/wordpress\/wp-content\/uploads\/2022\/10\/Conferenza-Stampa-FAI-Gioavni.jpg 2048w\" sizes=\"auto, (max-width: 152px) 100vw, 152px\" \/><\/a>BELLUNO <\/strong>Sabato 15 e domenica 16 ottobre tornano le Giornate FAI d\u2019Autunno, il grande evento autunnale di piazza che il FAI dedica al patrimonio culturale e paesaggistico del nostro Paese, animato e promosso dai Gruppi FAI Giovani, con il supporto di tutte le Delegazioni, i Gruppi FAI e i Gruppi FAI Ponte tra culture attivi da nord a sud della Penisola.<\/p>\n<p><strong>ALLA SCOPERTA DELLA CASA PI\u00d9 ANTICA DI MEL: PALAZZO FRANCESCON<\/strong><\/p>\n<p>Gli orari <strong>Sabato: <\/strong>09:00 &#8211; 12:30 \/ 14:30 \u2013 17:00. Turni di visita ogni 20 minuti per piccoli gruppi di massimo 12 persone. I gruppi saranno formati al banco, in base all&#8217;ordine di arrivo. Durata della visita circa 45 minuti. <strong>Domenica: <\/strong>09:00 &#8211; 12:30 \/ 14:30 \u2013 17:00. Turni di visita ogni 20 minuti per piccoli gruppi di massimo 12 persone. I gruppi saranno formati al banco, in base all&#8217;ordine di arrivo. Durata della visita circa 45 minuti.<\/p>\n<p>&nbsp;<\/p>\n<hr \/>\n<p>&nbsp;<\/p>\n<blockquote>\n<h3>AD AGORDO, CAVIOLA E FALCADE LA RACCOLTA FONDI PER LA FIBROSI CISTICA<\/h3>\n<\/blockquote>\n<p><strong>REDAZIONE<\/strong> Riprende la raccolta fondi per la ricerca sulla fibrosi cistica i cui risultati sono sempre pi\u00f9 importanti.\u00a0 Oggi raccolta fond ad Agordo con gli alpini in occasione della Fiera del Bestiam; sempre oggi a Caviola al market Marilena Costa, Chiesa, Cooperativa e con gli alpini a Falcade presso la cooperativa. Verr\u00e0 offerta una piantina di ciclamini con offerta minima 10 euro.<\/p>\n<p>&nbsp;<\/p>\n<p>&nbsp;<\/p>\n<div dir=\"auto\">\n<hr \/>\n<p>&nbsp;<\/p>\n<blockquote>\n<h3>IL CONSIGLIO COMUNALE A COLLE SANTA LUCIA<\/h3>\n<\/blockquote>\n<p><strong>COLLE SANTA LUCIA<\/strong> Il sindaco di Colle Santa Lucia Paolo Frena ha convocato il consiglio comunale per questa mattina alle 8. Dopo la lettura e l&#8217;approvazione dei verbali della seduta precedente, si parler\u00e0 della settima e ottava variazione al bilancio 2022-2024, della riqualificazione dell&#8217;Ex Hotel Endrosadira al Passo Giau e delle modalit\u00e0 operative per l&#8217;applicazione delle perequazione urbanistica. Ultimo punto le comunicazione del sindaco.<\/p>\n<p>&nbsp;<\/p>\n<p>&nbsp;<\/p>\n<hr \/>\n<p>&nbsp;<\/p>\n<blockquote>\n<h3>APERTO UN BANDO DAL COMUNE DI ROCCA PIETORE<\/h3>\n<\/blockquote>\n<p><strong>ROCCA PIETORE<\/strong> Il comune di Rocca Pietore ha aperto un bando pubblico per soli esami per la copertura, a tempo pieno e indeterminato, di un posto di Collaboratore Professionale B3 &#8211; CCNL Funzioni Locali &#8211; Conduttore Macchine Operatrici Complesse &#8211; addetto ai servizi manutentivi e cimiteriali, da assumersi presso il Comune di Rocca Pietore. Le domande di partecipazione dovranno pervenire al Comune di Rocca Pietore secondo le modalit\u00e0 e i termini indicati nel Bando di Concorso. Per ogni informazione, i concorrenti potranno rivolgersi al Comune di Rocca Pietore (tel. 0437-721178; posta elettronica: anagrafe.rocca@agordino.bl.it).<\/p>\n<p>&nbsp;<\/p>\n<hr \/>\n<p>&nbsp;<\/p>\n<blockquote>\n<h3>CERCASI EDUCATORE PER L&#8217;ASILO NIDO DI AGORDO<\/h3>\n<\/blockquote>\n<p><strong>AGORDO<\/strong> L&#8217;Azienda Speciale Agordo Servizi ha aperto un bando per una selezione pubblica per la copertura di 1 posto a tempo indeterminato e pieno nel profilo di EDUCATORE DI ASILO NIDO (livello V) del contratto FISM per l&#8217;Asilo Nido Comunale di Agordo. La domanda di ammissione al concorso deve essere redatta, in carta semplice, e presentata mediante le seguenti alternative modalita\u0300: presentazione direttamente all\u2019Ufficio Protocollo dell\u2019AZIENDA SPECIALE &#8220;AGORDO SERVIZI&#8221; via Insurrezione n. 18\/C &#8211; 32021 Agordo BL; raccomandata A\/R indirizzata ad Azienda Speciale Agordo Servizi in via Insurrezione 18\/C &#8211; 32021 Agordo (BL); Per via telematica mediante Posta Elettronica Certificata (PEC) all\u2019indirizzo: 04315@pec.federfarma.it Qualsiasi sia la modalita\u0300 utilizzata per presentare la domanda, la stessa dovra\u0300 perentoriamente pervenire entro le ore 12:00 del giorno 15\/10\/2022. Il bando \u00e8 disponibile anche al seguente link:\u00a0 <a title=\"https:\/\/agordoasilonidocomunale.it\/bando-educatore-nido-di-agordo-termine-15-ottobre\/\" href=\"https:\/\/agordoasilonidocomunale.it\/bando-educatore-nido-di-agordo-termine-15-ottobre\/\" target=\"_blank\" rel=\"noopener\">https:\/\/agordoasilonidocomunale.it\/bando-educatore-nido-di-agordo-termine-15-ottobre\/<\/a><\/p>\n<\/div>\n<p>&nbsp;<\/p>\n<hr \/>\n<p>&nbsp;<\/p>\n<blockquote>\n<h3>LA PROVINCIA CERCA DUE OPERAI E UN PROFESSIONISTA PER LA DIFESA DEL SUOLO E VIABILITA&#8217;<\/h3>\n<\/blockquote>\n<div>\n<p><b>BELLUNO\u00a0<\/b>La Provincia ha\u00a0aperto il concorso pubblico, per esami. Due posizioni a tempo pieno e indeterminato, scadenza per presentare la domanda\u00a0 31 ottobre. Le prove d\u2019esame (pratica e orale) si terranno il 23 e 25 novembre. Aperta anche la selezione per un posto a tempo\u00a0 pieno e determinato da specialista (ingegnere o architetto) nel settore difesa del suolo e viabilit\u00e0. Domande entro il 21 novembre.<span class=\"gmail-Apple-converted-space\">\u00a0<\/span><\/p>\n<\/div>\n<p>&nbsp;<\/p>\n<p>&nbsp;<\/p>\n<hr \/>\n<blockquote>\n<h2><\/h2>\n<h2>EVENTI AUTUNNALI IN VAL PETTORINA<\/h2>\n<\/blockquote>\n<p><strong>ROCCA PIETORE<\/strong> fra i\u00a0 boschi dipinti dei colori dell&#8217;autunno\u00a0 I prossimi appuntamenti sono:\u00a0 Domenica 9 Ottobre pomeriggio \u00a0Sabato 15 Ottobre pomeriggio Per tutti i dettagli\u00a0 <span class=\"fxk3tzhb b2rh1bv3 gh55jysx m8h3af8h ewco64xe kjdc1dyq ms56khn7 bq6c9xl4 eohcrkr5 akh3l2rg\"><img loading=\"lazy\" decoding=\"async\" src=\"https:\/\/static.xx.fbcdn.net\/images\/emoji.php\/v9\/t4d\/1\/16\/1f4de.png\" alt=\"&#x1f4de;\" width=\"16\" height=\"16\" \/><\/span> 340 894 4032 Elena e Sara<a class=\"dt-pswp-item\" href=\"https:\/\/www.radiopiu.net\/wordpress\/wp-content\/uploads\/2022\/10\/1409872327879275310.jpg\" data-dt-img-description=\"\" data-large_image_width=\"500\" data-large_image_height=\"261\">\u00a0<\/a><\/p>\n<div class=\"m8h3af8h l7ghb35v kjdc1dyq kmwttqpk gh25dzvf n3t5jt4f\">\n<div dir=\"auto\"><\/div>\n<div dir=\"auto\">\n<p><strong>OSPITI: Sara Darman ed Elena Simeonato<\/strong><\/p>\n<audio class=\"wp-audio-shortcode\" id=\"audio-300505-5\" preload=\"none\" style=\"width: 100%;\" controls=\"controls\"><source type=\"audio\/mpeg\" src=\"https:\/\/www.radiopiu.net\/wordpress\/wp-content\/uploads\/2022\/09\/sara-darman-elena-simionato-passeggiate-marmolada.mp3?_=5\" \/><a href=\"https:\/\/www.radiopiu.net\/wordpress\/wp-content\/uploads\/2022\/09\/sara-darman-elena-simionato-passeggiate-marmolada.mp3\">https:\/\/www.radiopiu.net\/wordpress\/wp-content\/uploads\/2022\/09\/sara-darman-elena-simionato-passeggiate-marmolada.mp3<\/a><\/audio>\n<p>&nbsp;<\/p>\n\n\t\t\t<style type='text\/css'>\n\t\t\t\t#gallery-6 {\n\t\t\t\t\tmargin: auto;\n\t\t\t\t}\n\t\t\t\t#gallery-6 .gallery-item {\n\t\t\t\t\tfloat: left;\n\t\t\t\t\tmargin-top: 10px;\n\t\t\t\t\ttext-align: center;\n\t\t\t\t\twidth: 33%;\n\t\t\t\t}\n\t\t\t\t#gallery-6 img {\n\t\t\t\t\tborder: 2px solid #cfcfcf;\n\t\t\t\t}\n\t\t\t\t#gallery-6 .gallery-caption {\n\t\t\t\t\tmargin-left: 0;\n\t\t\t\t}\n\t\t\t\t\/* see gallery_shortcode() in wp-includes\/media.php *\/\n\t\t\t<\/style>\n\t\t<div id='gallery-6' class='dt-gallery-container gallery galleryid-300505 gallery-columns-3 gallery-size-thumbnail'><dl class='gallery-item'>\n\t\t\t\t<dt class='gallery-icon landscape'>\n\t\t\t\t\t<a class=\"rollover rollover-zoom dt-pswp-item\" title=\"b5e996c7-e2e6-4fec-9337-cd086d266e7f\" data-dt-img-description=\"\" data-large_image_width=\"1080\" data-large_image_height=\"1080\"href='https:\/\/www.radiopiu.net\/wordpress\/wp-content\/uploads\/2022\/09\/b5e996c7-e2e6-4fec-9337-cd086d266e7f.jpg'><img loading=\"lazy\" decoding=\"async\" width=\"150\" height=\"150\" src=\"https:\/\/www.radiopiu.net\/wordpress\/wp-content\/uploads\/2022\/09\/b5e996c7-e2e6-4fec-9337-cd086d266e7f-150x150.jpg\" class=\"attachment-thumbnail size-thumbnail\" alt=\"\" srcset=\"https:\/\/www.radiopiu.net\/wordpress\/wp-content\/uploads\/2022\/09\/b5e996c7-e2e6-4fec-9337-cd086d266e7f-150x150.jpg 150w, https:\/\/www.radiopiu.net\/wordpress\/wp-content\/uploads\/2022\/09\/b5e996c7-e2e6-4fec-9337-cd086d266e7f-300x300.jpg 300w, https:\/\/www.radiopiu.net\/wordpress\/wp-content\/uploads\/2022\/09\/b5e996c7-e2e6-4fec-9337-cd086d266e7f-1024x1024.jpg 1024w, https:\/\/www.radiopiu.net\/wordpress\/wp-content\/uploads\/2022\/09\/b5e996c7-e2e6-4fec-9337-cd086d266e7f-768x768.jpg 768w, https:\/\/www.radiopiu.net\/wordpress\/wp-content\/uploads\/2022\/09\/b5e996c7-e2e6-4fec-9337-cd086d266e7f.jpg 1080w\" sizes=\"auto, (max-width: 150px) 100vw, 150px\" \/><\/a>\n\t\t\t\t<\/dt><\/dl><dl class='gallery-item'>\n\t\t\t\t<dt class='gallery-icon landscape'>\n\t\t\t\t\t<a class=\"rollover rollover-zoom dt-pswp-item\" title=\"062d597d-f973-4277-9cc6-f67c6d992e99\" data-dt-img-description=\"\" data-large_image_width=\"1080\" data-large_image_height=\"1080\"href='https:\/\/www.radiopiu.net\/wordpress\/wp-content\/uploads\/2022\/09\/062d597d-f973-4277-9cc6-f67c6d992e99.jpg'><img loading=\"lazy\" decoding=\"async\" width=\"150\" height=\"150\" src=\"https:\/\/www.radiopiu.net\/wordpress\/wp-content\/uploads\/2022\/09\/062d597d-f973-4277-9cc6-f67c6d992e99-150x150.jpg\" class=\"attachment-thumbnail size-thumbnail\" alt=\"\" srcset=\"https:\/\/www.radiopiu.net\/wordpress\/wp-content\/uploads\/2022\/09\/062d597d-f973-4277-9cc6-f67c6d992e99-150x150.jpg 150w, https:\/\/www.radiopiu.net\/wordpress\/wp-content\/uploads\/2022\/09\/062d597d-f973-4277-9cc6-f67c6d992e99-300x300.jpg 300w, https:\/\/www.radiopiu.net\/wordpress\/wp-content\/uploads\/2022\/09\/062d597d-f973-4277-9cc6-f67c6d992e99-1024x1024.jpg 1024w, https:\/\/www.radiopiu.net\/wordpress\/wp-content\/uploads\/2022\/09\/062d597d-f973-4277-9cc6-f67c6d992e99-768x768.jpg 768w, https:\/\/www.radiopiu.net\/wordpress\/wp-content\/uploads\/2022\/09\/062d597d-f973-4277-9cc6-f67c6d992e99.jpg 1080w\" sizes=\"auto, (max-width: 150px) 100vw, 150px\" \/><\/a>\n\t\t\t\t<\/dt><\/dl><dl class='gallery-item'>\n\t\t\t\t<dt class='gallery-icon landscape'>\n\t\t\t\t\t<a class=\"rollover rollover-zoom dt-pswp-item\" title=\"ada9c7a0-4d54-4873-82d4-41f5480668d3\" data-dt-img-description=\"\" data-large_image_width=\"1080\" data-large_image_height=\"1080\"href='https:\/\/www.radiopiu.net\/wordpress\/wp-content\/uploads\/2022\/09\/ada9c7a0-4d54-4873-82d4-41f5480668d3.jpg'><img loading=\"lazy\" decoding=\"async\" width=\"150\" height=\"150\" src=\"https:\/\/www.radiopiu.net\/wordpress\/wp-content\/uploads\/2022\/09\/ada9c7a0-4d54-4873-82d4-41f5480668d3-150x150.jpg\" class=\"attachment-thumbnail size-thumbnail\" alt=\"\" srcset=\"https:\/\/www.radiopiu.net\/wordpress\/wp-content\/uploads\/2022\/09\/ada9c7a0-4d54-4873-82d4-41f5480668d3-150x150.jpg 150w, https:\/\/www.radiopiu.net\/wordpress\/wp-content\/uploads\/2022\/09\/ada9c7a0-4d54-4873-82d4-41f5480668d3-300x300.jpg 300w, https:\/\/www.radiopiu.net\/wordpress\/wp-content\/uploads\/2022\/09\/ada9c7a0-4d54-4873-82d4-41f5480668d3-1024x1024.jpg 1024w, https:\/\/www.radiopiu.net\/wordpress\/wp-content\/uploads\/2022\/09\/ada9c7a0-4d54-4873-82d4-41f5480668d3-768x768.jpg 768w, https:\/\/www.radiopiu.net\/wordpress\/wp-content\/uploads\/2022\/09\/ada9c7a0-4d54-4873-82d4-41f5480668d3.jpg 1080w\" sizes=\"auto, (max-width: 150px) 100vw, 150px\" \/><\/a>\n\t\t\t\t<\/dt><\/dl><br style=\"clear: both\" \/>\n\t\t\t<\/div>\n\n<hr \/>\n<p>&nbsp;<\/p>\n<p>&nbsp;<\/p>\n<blockquote>\n<h3>CON IL CAI BELLUNO SUGLI ALTIPIANI DI SENNES E FOSSES<\/h3>\n<\/blockquote>\n<p lang=\"it-IT\" align=\"LEFT\">La Commissione Escursionismo della Sezione di Belluno del Club Alpino Italiano organizza per domani un\u2019escursione estremamente suggestiva sugli altipiani che fanno corona a nord alla conca di Cortina d\u2019Ampezzo, con percorso estremamente panoramico e suggestivo a cavallo fra l\u2019estrema propaggine della provincia di Belluno e l\u2019Alto Adige (Marebbe e Braies). Per informazioni: <a href=\"http:\/\/www.caibelluno.it\">www.caibelluno.it\u00a0<\/a><\/p>\n<hr \/>\n<div class=\"m8h3af8h l7ghb35v kjdc1dyq kmwttqpk gh25dzvf n3t5jt4f\">\n<div dir=\"auto\">\n<blockquote>\n<h3>LA VENTISEIESIMA EDIZIONE DI OLTRE LE VETTE<\/h3>\n<\/blockquote>\n<p><strong><a class=\"dt-pswp-item\" href=\"https:\/\/www.radiopiu.net\/wordpress\/wp-content\/uploads\/2022\/09\/immagine-oltrelevette2022-totaro.jpg\" data-dt-img-description=\"\" data-large_image_width=\"1106\" data-large_image_height=\"789\"><img loading=\"lazy\" decoding=\"async\" class=\" wp-image-298605 alignleft\" src=\"https:\/\/www.radiopiu.net\/wordpress\/wp-content\/uploads\/2022\/09\/immagine-oltrelevette2022-totaro-300x214.jpg\" alt=\"\" width=\"193\" height=\"138\" srcset=\"https:\/\/www.radiopiu.net\/wordpress\/wp-content\/uploads\/2022\/09\/immagine-oltrelevette2022-totaro-300x214.jpg 300w, https:\/\/www.radiopiu.net\/wordpress\/wp-content\/uploads\/2022\/09\/immagine-oltrelevette2022-totaro-1024x731.jpg 1024w, https:\/\/www.radiopiu.net\/wordpress\/wp-content\/uploads\/2022\/09\/immagine-oltrelevette2022-totaro-768x548.jpg 768w, https:\/\/www.radiopiu.net\/wordpress\/wp-content\/uploads\/2022\/09\/immagine-oltrelevette2022-totaro.jpg 1106w\" sizes=\"auto, (max-width: 193px) 100vw, 193px\" \/><\/a>BELLUNO<\/strong> Dopo i partecipati eventi \u201cfuori dal Comune\u201d presso il nuovo centro culturale di Sedico e il museo etnografico della Provincia di Belluno e del Parco Nazionale Dolomiti Bellunesi di Seravella nei giorni precedenti, Oltre le Vette entra nel vivo con il primo fine settimana di un calendario ricchissimo di eventi, che si svolgeranno tra il centro citta\u0300 e i suoi magnifici dintorni.\u00a0 Il primo sabato di Oltre le Vette e\u0300 davvero denso di appuntamenti. Si comincera\u0300 di primo mattino, alle 7, con una meditazione silvestre nel parco di Villa Montalban, in localita\u0300 Safforze. Alle 16 a Palazzo Fulcis si inaugura la mostra Dino Buzzati \u2013 dentro la creazione, allestita nel 50\u00b0 anniversario della morte del grande artista bellunese, a cura del Circolo Cultura e Stampa Bellunese e dell\u2019Associazione Internazionale Dino Buzzati. Alle 18, a Palazzo Bembo si terra\u0300 il primo degli appuntamenti di \u201cParole di carta e di montagna\u201d. Lo scrittore in residenza Tiziano Fratus dialoghera\u0300 con Franco Faggiani in un piacevole confronto sui temi della natura, il cambiamento climatico, i boschi, lo scrivere ispirati al ciclo delle stagioni, le tradizioni e le lingue delle montagne. Alle 21, al teatro Comunale, l\u2019attesissimo incontro con l\u2019alpinista Denis Urubko. Domani, un\u2019altra giornata intensa. Lo scrittore Tiziano Fratus condurra\u0300 una nuova meditazione silvestre (alle 7 del mattino), tra gli alberi e il verde del parco di Mussoi (ritrovo all\u2019ingresso nord-est da via Cappellari). Al Parco Citta\u0300 di Bologna, meteo permettendo, Oltre le Vette riproporra\u0300 una proposta che l\u2019anno scorso ha riscosso grande successo e molteplici adesioni da parte delle famiglie. Le guide alpine Michele Barbiero e Francesco Tremolada offriranno a bambini e a ragazzi delle scuole elementari e medie la possibilita\u0300 di arrampicare in sicurezza sugli alberi del parco, per riscoprire il gioco piu\u0300 antico dell\u2019arrampicata nella natura. Iscrizioni sul posto. In caso di maltempo, l\u2019evento verra\u0300 rinviato. Alle 18, a Palazzo Bembo, lo scrittore Matteo Righetto sara\u0300 per la prima volta a Belluno per dialogare con Tiziano Fratus sui temi del vivere in montagna, della narrazione delle vicende dei montanari, della natura e dei boschi. Alle 21, al teatro Comunale si alzera\u0300 il sipario per \u201cUna vita\u201d, lettura \u2013 concerto con Sandro Buzzatti e Flora Sarrubbo e interventi alla fisarmonica di Tommaso Zamboni. Tutti gli appuntamenti sono a ingresso libero. Anche quest\u2019anno il pubblico e\u0300 chiamato a sostenere la rassegna concretamente attraverso l\u2019iniziativa Oltre le Vette Spirit, versando all\u2019ingresso degli eventi o delle mostre un\u2019offerta consapevole.<\/p>\n\n\t\t\t<style type='text\/css'>\n\t\t\t\t#gallery-7 {\n\t\t\t\t\tmargin: auto;\n\t\t\t\t}\n\t\t\t\t#gallery-7 .gallery-item {\n\t\t\t\t\tfloat: left;\n\t\t\t\t\tmargin-top: 10px;\n\t\t\t\t\ttext-align: center;\n\t\t\t\t\twidth: 33%;\n\t\t\t\t}\n\t\t\t\t#gallery-7 img {\n\t\t\t\t\tborder: 2px solid #cfcfcf;\n\t\t\t\t}\n\t\t\t\t#gallery-7 .gallery-caption {\n\t\t\t\t\tmargin-left: 0;\n\t\t\t\t}\n\t\t\t\t\/* see gallery_shortcode() in wp-includes\/media.php *\/\n\t\t\t<\/style>\n\t\t<div id='gallery-7' class='dt-gallery-container gallery galleryid-300505 gallery-columns-3 gallery-size-thumbnail'><dl class='gallery-item'>\n\t\t\t\t<dt class='gallery-icon landscape'>\n\t\t\t\t\t<a class=\"rollover rollover-zoom dt-pswp-item\" title=\"1.pelmo_Ph.MorenoGeremetta\" data-dt-img-description=\"\" data-large_image_width=\"1387\" data-large_image_height=\"895\"href='https:\/\/www.radiopiu.net\/wordpress\/wp-content\/uploads\/2022\/10\/1.pelmo_Ph.MorenoGeremetta.jpg'><img loading=\"lazy\" decoding=\"async\" width=\"150\" height=\"150\" src=\"https:\/\/www.radiopiu.net\/wordpress\/wp-content\/uploads\/2022\/10\/1.pelmo_Ph.MorenoGeremetta-150x150.jpg\" class=\"attachment-thumbnail size-thumbnail\" alt=\"\" \/><\/a>\n\t\t\t\t<\/dt><\/dl><dl class='gallery-item'>\n\t\t\t\t<dt class='gallery-icon landscape'>\n\t\t\t\t\t<a class=\"rollover rollover-zoom dt-pswp-item\" title=\"2.vallon-popera_Ph.RitaZandonella\" data-dt-img-description=\"\" data-large_image_width=\"1491\" data-large_image_height=\"922\"href='https:\/\/www.radiopiu.net\/wordpress\/wp-content\/uploads\/2022\/10\/2.vallon-popera_Ph.RitaZandonella.jpg'><img loading=\"lazy\" decoding=\"async\" width=\"150\" height=\"150\" src=\"https:\/\/www.radiopiu.net\/wordpress\/wp-content\/uploads\/2022\/10\/2.vallon-popera_Ph.RitaZandonella-150x150.jpg\" class=\"attachment-thumbnail size-thumbnail\" alt=\"\" \/><\/a>\n\t\t\t\t<\/dt><\/dl><dl class='gallery-item'>\n\t\t\t\t<dt class='gallery-icon landscape'>\n\t\t\t\t\t<a class=\"rollover rollover-zoom dt-pswp-item\" title=\"3.vette-feltrine_Ph.GeorgTappeiner\" data-dt-img-description=\"\" data-large_image_width=\"1393\" data-large_image_height=\"904\"href='https:\/\/www.radiopiu.net\/wordpress\/wp-content\/uploads\/2022\/10\/3.vette-feltrine_Ph.GeorgTappeiner.jpg'><img loading=\"lazy\" decoding=\"async\" width=\"150\" height=\"150\" src=\"https:\/\/www.radiopiu.net\/wordpress\/wp-content\/uploads\/2022\/10\/3.vette-feltrine_Ph.GeorgTappeiner-150x150.jpg\" class=\"attachment-thumbnail size-thumbnail\" alt=\"\" \/><\/a>\n\t\t\t\t<\/dt><\/dl><br style=\"clear: both\" \/>\n\t\t\t<\/div>\n\n<p>&nbsp;<\/p>\n<blockquote>\n<blockquote>\n<h3>OLTRE LE VETTE&#8230;E SONO 26 EDIZIONI<\/h3>\n<\/blockquote>\n<p><em>manifestazione dell\u2019assessorato alla cultura del Comune di Belluno organizzata insieme alla Fondazione Teatri delle Dolomiti.<\/em><\/p>\n<p><strong>BELLUNO<\/strong> La 26a edizione della rassegna &#8220;Oltre le vette,\u00a0 Metafore, uomini, luoghi della montagna&#8221;, si terr\u00e0 venerd\u00ec 7 ottobre alle\u00a0 17.30, a Palazzo Bembo, in via Loreto 32. Contemporaneamente, verranno inaugurate le mostre: &#8220;Alpimagia. Riti, leggende e misteri dei popoli alpini&#8221; e &#8220;Rete Natura 2000 nel Parco Nazionale delle Dolomiti Bellunesi. Habitat, piante e animali&#8221; (le mostre proseguiranno fino al 2 novembre 2022, a Palazzo Bembo).<\/p><\/blockquote>\n<p><strong>VALERIA BENNI, ORGANIZZATRICE DI OLTRE LE VETTE<\/strong><\/p>\n<audio class=\"wp-audio-shortcode\" id=\"audio-300505-6\" preload=\"none\" style=\"width: 100%;\" controls=\"controls\"><source type=\"audio\/mpeg\" src=\"https:\/\/www.radiopiu.net\/wordpress\/wp-content\/uploads\/2022\/09\/Valeria-Benni-OLV.mp3?_=6\" \/><a href=\"https:\/\/www.radiopiu.net\/wordpress\/wp-content\/uploads\/2022\/09\/Valeria-Benni-OLV.mp3\">https:\/\/www.radiopiu.net\/wordpress\/wp-content\/uploads\/2022\/09\/Valeria-Benni-OLV.mp3<\/a><\/audio>\n<p>&nbsp;<\/p>\n<hr \/>\n<p>&nbsp;<\/p>\n<blockquote>\n<h3>IL CONVEGNO &#8220;IL PIAVE E LE SUE ACQUE&#8221;<\/h3>\n<\/blockquote>\n<p><strong><a class=\"dt-pswp-item\" href=\"https:\/\/www.radiopiu.net\/wordpress\/wp-content\/uploads\/2022\/10\/Senza-nome-5.jpg\" data-dt-img-description=\"\" data-large_image_width=\"467\" data-large_image_height=\"258\"><img loading=\"lazy\" decoding=\"async\" class=\" wp-image-300108 alignleft\" src=\"https:\/\/www.radiopiu.net\/wordpress\/wp-content\/uploads\/2022\/10\/Senza-nome-5-300x166.jpg\" alt=\"\" width=\"255\" height=\"141\" srcset=\"https:\/\/www.radiopiu.net\/wordpress\/wp-content\/uploads\/2022\/10\/Senza-nome-5-300x166.jpg 300w, https:\/\/www.radiopiu.net\/wordpress\/wp-content\/uploads\/2022\/10\/Senza-nome-5.jpg 467w\" sizes=\"auto, (max-width: 255px) 100vw, 255px\" \/><\/a>BELLUNO<\/strong> Oggi alle 9 presso la Sala Eliseo Dal Pont \u201cBianchi\u201d di Belluno la Fondazione G. Angelini-Centro Studi sulla Montagna con l\u2019Universit\u00e0 di Padova e la Provincia di Belluno hanno organizzato, in occasione della rassegna culturale \u201cOltre le Vette\u201d del Comune di Belluno, Il convegno Il Piave e le sue acque. Il programma prevede l\u2019intervento di Luigi D\u2019Alpaos, (Universit\u00e0 di Padova), Gianpaolo Bottacin (assessore regione Veneto),\u00a0 Marina Colaizzi (segretaria dell\u2019Autorit\u00e0 di Distretto -Deflusso ecologico)\u00a0 Stefano Savio (ENEL Greenpower), Sara Pavan (Arpav) e Paolo Battagion (direttore Consorzio Piave) Alla Tavola Rotonda finale parteciperanno: Silvia Susanna (sindaco Musile di Piave), Mario De Bon (sindaco Sospirolo), Francesco Baruffi (Ordine Ingegneri Venezia), Amedeo Gerolimetto (presidente Consorzio Piave), Yannick Da Re (Ordine Ingegneri Treviso), Luigi D\u2019Alpaos (Ordine Ingegneri Belluno).<\/p>\n<p>&nbsp;<\/p>\n<hr \/>\n<p>&nbsp;<\/p>\n<p>&nbsp;<\/p>\n<blockquote>\n<h3><span style=\"color: #222222;\"><span style=\"font-size: medium;\"><b>QUANDO IL PIAVE MORMORAVA ALTROVE<\/b><\/span><\/span><\/h3>\n<\/blockquote>\n<p><span style=\"color: #222222;\"><span style=\"font-size: medium;\"><b><a class=\"dt-pswp-item\" href=\"https:\/\/www.radiopiu.net\/wordpress\/wp-content\/uploads\/2022\/10\/P1130073-scaled.jpg\" data-dt-img-description=\"\" data-large_image_width=\"2560\" data-large_image_height=\"1920\"><img loading=\"lazy\" decoding=\"async\" class=\"wp-image-300263 alignleft\" src=\"https:\/\/www.radiopiu.net\/wordpress\/wp-content\/uploads\/2022\/10\/P1130073-300x225.jpg\" alt=\"\" width=\"179\" height=\"134\" srcset=\"https:\/\/www.radiopiu.net\/wordpress\/wp-content\/uploads\/2022\/10\/P1130073-300x225.jpg 300w, https:\/\/www.radiopiu.net\/wordpress\/wp-content\/uploads\/2022\/10\/P1130073-1024x768.jpg 1024w, https:\/\/www.radiopiu.net\/wordpress\/wp-content\/uploads\/2022\/10\/P1130073-768x576.jpg 768w, https:\/\/www.radiopiu.net\/wordpress\/wp-content\/uploads\/2022\/10\/P1130073-1536x1152.jpg 1536w, https:\/\/www.radiopiu.net\/wordpress\/wp-content\/uploads\/2022\/10\/P1130073-2048x1536.jpg 2048w\" sizes=\"auto, (max-width: 179px) 100vw, 179px\" \/><\/a>ALPAGO <\/b>Il lago , i suoi dintorni, i suoi racconti: itinerario per una scoperta<\/span><\/span><span style=\"color: #222222;\"><span style=\"font-size: medium;\">. Da una sponda all&#8217;altra il lago di S.Croce raccoglie e restituisce una inedita esperienza di unit\u00e0 tra natura,uomo, storia, paesaggio attraverso testimonianze concrete\u00a0 &#8211; vegetazione, viabilit\u00e0, insediamenti, monumenti &#8211; da osservare finalmente con concentrazione e con stupore. <\/span><\/span><span style=\"font-size: medium;\">Ritrovo in partenza a Belluno-Stadio alle 14,30 o successivamente presso il parcheggio, situato subito dopo il ponte sul torrente Tesa, a ridosso dell\u2019abitato di Farra d \u2018Alpago. <\/span><span style=\"font-size: medium;\">Accompagnatori arch Lidia Rui, prof Augusto Modolo e la guida naturalistica ambientale Anacleto Boranga. <\/span><span style=\"font-size: medium;\">Posti disponibili 25. Iscrizioni al CTG Belluno \u2013 tel 0437 950075 (al mattino 9,00 \u2013 11,00 o la sera di marted\u00ec o gioved\u00ec 17.30-18,30) oppure inviando una mail a anacleto.boranga@gmail.com<\/span><\/p>\n<\/div>\n<div dir=\"auto\">\n<blockquote>\n<h3><\/h3>\n<\/blockquote>\n<hr \/>\n<p>&nbsp;<\/p>\n<p><span style=\"color: #ff0000;\"><strong>AIUTI FINALIZZATI ALL&#8217;ACQUISTO DI GENERI ALIMENTARI<\/strong><\/span><\/p>\n<\/div>\n<\/div>\n<p><strong><a class=\"dt-pswp-item\" href=\"https:\/\/www.radiopiu.net\/wordpress\/wp-content\/uploads\/2022\/02\/DolomitiCert-Scarpa-Alleghe-Febbraio-2022-Incontro-Comune-scuole-scultori-1-scaled.jpg\" data-dt-img-description=\"\" data-large_image_width=\"2560\" data-large_image_height=\"1706\"><img loading=\"lazy\" decoding=\"async\" class=\" wp-image-260782 alignleft\" src=\"https:\/\/www.radiopiu.net\/wordpress\/wp-content\/uploads\/2022\/02\/DolomitiCert-Scarpa-Alleghe-Febbraio-2022-Incontro-Comune-scuole-scultori-1-300x200.jpg\" alt=\"\" width=\"227\" height=\"151\" srcset=\"https:\/\/www.radiopiu.net\/wordpress\/wp-content\/uploads\/2022\/02\/DolomitiCert-Scarpa-Alleghe-Febbraio-2022-Incontro-Comune-scuole-scultori-1-300x200.jpg 300w, https:\/\/www.radiopiu.net\/wordpress\/wp-content\/uploads\/2022\/02\/DolomitiCert-Scarpa-Alleghe-Febbraio-2022-Incontro-Comune-scuole-scultori-1-1024x683.jpg 1024w, https:\/\/www.radiopiu.net\/wordpress\/wp-content\/uploads\/2022\/02\/DolomitiCert-Scarpa-Alleghe-Febbraio-2022-Incontro-Comune-scuole-scultori-1-768x512.jpg 768w, https:\/\/www.radiopiu.net\/wordpress\/wp-content\/uploads\/2022\/02\/DolomitiCert-Scarpa-Alleghe-Febbraio-2022-Incontro-Comune-scuole-scultori-1-1536x1024.jpg 1536w, https:\/\/www.radiopiu.net\/wordpress\/wp-content\/uploads\/2022\/02\/DolomitiCert-Scarpa-Alleghe-Febbraio-2022-Incontro-Comune-scuole-scultori-1-2048x1365.jpg 2048w\" sizes=\"auto, (max-width: 227px) 100vw, 227px\" \/><\/a>ALLEGHE<\/strong> Le persone e le famiglie residenti nel Comune di Alleghe che, a causa degli effetti economici derivanti dall\u2019emergenza epidemiologica dovuta alla diffusione del virus Covid-19, si trovino in uno stato di bisogno per soddisfare le necessit\u00e0 pi\u00f9 urgenti ed essenziali, possono chiedere che vengano loro riconosciuti i BUONI SPESA per l\u2019acquisto di GENERI ALIMENTARI O PRODOTTI DI PRIMA NECESSIT\u00c0 IMPORTO DEL BUONO SPESA: l\u2019entit\u00e0 dell\u2019importo verr\u00e0 definito con successivo apposito provvedimento, partendo da un importo minimo di Euro 50,00, sulla base del numero dei componenti il nucleo familiare e in considerazione delle necessit\u00e0 dichiarate dal richiedente. Le richieste, redatte sull\u2019apposito modulo dovranno pervenire al Comune di Alleghe mediante invio di posta elettronica. Solo via residuale la domanda potr\u00e0 essere presentata telefonicamente, chiamando il numero 0437 523300 dal luned\u00ec al venerd\u00ec dalle 8 alle 10<\/p>\n<p>&nbsp;<\/p>\n<p>&nbsp;<\/p>\n<hr \/>\n<p>&nbsp;<\/p>\n<blockquote>\n<h3>DOMENICA GIORNATA NAZIONALE DELLE PERSONE CON SINDROME DI DOWN<\/h3>\n<\/blockquote>\n<p><strong><a class=\"dt-pswp-item\" href=\"https:\/\/www.radiopiu.net\/wordpress\/wp-content\/uploads\/2022\/10\/col-nostro-passo-2022.jpg\" data-dt-img-description=\"\" data-large_image_width=\"228\" data-large_image_height=\"500\"><img loading=\"lazy\" decoding=\"async\" class=\" wp-image-300265 alignleft\" src=\"https:\/\/www.radiopiu.net\/wordpress\/wp-content\/uploads\/2022\/10\/col-nostro-passo-2022-137x300.jpg\" alt=\"\" width=\"123\" height=\"269\" srcset=\"https:\/\/www.radiopiu.net\/wordpress\/wp-content\/uploads\/2022\/10\/col-nostro-passo-2022-137x300.jpg 137w, https:\/\/www.radiopiu.net\/wordpress\/wp-content\/uploads\/2022\/10\/col-nostro-passo-2022.jpg 228w\" sizes=\"auto, (max-width: 123px) 100vw, 123px\" \/><\/a>BELLUNO <\/strong>Da molti anni la seconda domenica di ottobre \u00e8 stata scelta come data per festeggiare la Giornata Nazionale delle Persone con sindrome di Down. Come ogni anno la Sezione bellunese dell\u2019AIPD( Associazione Italiana persone Down) presenta alcune iniziative sul tema, in sintonia con le oltre cinquanta sezioni diffuse nel territorio nazionale. Riprende quest\u2019anno, dopo la pausa determinata dal rispetto per le norme anti-Covid, l\u2019appuntamento con \u201cArriviamo con il nostro passo\u201d, paradigmatico slogan che unisce le caratteristiche delle persone con sindrome di Down e le auto, Topolino e Giardinette, del Club bellunese \u201cAmici della Topolino\u201d; dal 2004, nell\u2019occasione di questa Giornata, un nutrito gruppo di queste vetture compie un percorso attraverso vari centri della provincia. Inn ognuna di queste auto storiche c\u2019\u00e8, come \u201cnavigatore\u201d, un giovane dell\u2019AIPD. In alcuni centri della provincia, inoltre, vengono allestiti dei banchetti per la distribuzione di materiale informativo sulla sindrome di Down e sulle attivit\u00e0 dell\u2019Associazione in provincia di Belluno. Per il sostegno a queste attivit\u00e0 \u00e8 organizzata anche una raccolta fondi, con offerta libera per le tavolette di cioccolato, prodotto simbolo di questa Giornata, distribuito su tutto il territorio nazionale I banchetti saranno allestiti sabato 8 ottobre ad Agordo ed Alleghe, domenica 9 ottobre a Belluno, piazza dei Martiri, Lentiai, Mel( nell\u2019ambito di \u201cMele a Mel\u201d),Feltre, largo Castaldi, Pedavena, Lamon nella piazza principale, sede di arrivo delle Topolino. L\u2019AIPD Belluno sar\u00e0 poi presente con altri analoghi banchetti a Pieve di Cadore, piazza Tiziano, luned\u00ec 10 ottobre, ed a Limana, nell\u2019ambito della \u201cFesta del Miele\u201d, domenica 16 ottobre.<\/p>\n<p>&nbsp;<\/p>\n<p>&nbsp;<\/p>\n<hr \/>\n<p>&nbsp;<\/p>\n<blockquote>\n<h3>GIORNATA NAZIONALE DEL CANE GUIDA 2022<\/h3>\n<\/blockquote>\n<p><strong><a class=\"dt-pswp-item\" href=\"https:\/\/www.radiopiu.net\/wordpress\/wp-content\/uploads\/2022\/10\/Schermata-2022-10-05-alle-17.02.27.png\" data-dt-img-description=\"\" data-large_image_width=\"878\" data-large_image_height=\"616\"><img loading=\"lazy\" decoding=\"async\" class=\" wp-image-300288 alignleft\" src=\"https:\/\/www.radiopiu.net\/wordpress\/wp-content\/uploads\/2022\/10\/Schermata-2022-10-05-alle-17.02.27-300x210.png\" alt=\"\" width=\"159\" height=\"111\" srcset=\"https:\/\/www.radiopiu.net\/wordpress\/wp-content\/uploads\/2022\/10\/Schermata-2022-10-05-alle-17.02.27-300x210.png 300w, https:\/\/www.radiopiu.net\/wordpress\/wp-content\/uploads\/2022\/10\/Schermata-2022-10-05-alle-17.02.27-768x539.png 768w, https:\/\/www.radiopiu.net\/wordpress\/wp-content\/uploads\/2022\/10\/Schermata-2022-10-05-alle-17.02.27.png 878w\" sizes=\"auto, (max-width: 159px) 100vw, 159px\" \/><\/a>BELLUNO <\/strong>In occasione della Giornata Nazionale del Cane Guida che si celebra il 16 ottobre di ogni anno, l\u2019Unione Italiana dei Ciechi e degli Ipovedenti di Belluno, organizza per la mattinata di oggi, in collaborazione con la Scuola Triveneta Cani Guida di Selvazzano Dentro (PD) e con il patrocinio del Comune di Belluno, un evento, rivolto alla cittadinanza, di sensibilizzazione e informazione su questi speciali compagni di vita delle persone non vedenti. La Scuola Triveneta Cani Guida creer\u00e0 un percorso in Piazza dei Martiri, dove, chi vorr\u00e0, potr\u00e0 provare la sensazione, dopo essere stato bendato e aver ricevuto le informazioni e rassicurazioni necessarie dall\u2019istruttore, di farsi guidare lungo il percorso da questi amici a quattro zampe. Si ringrazia il Comune di Belluno per il patrocinio dato all\u2019iniziativa e i volontari dell\u2019U.N.I.Vo.C. (Unione Nazionale Italiana Volontari Pro Ciechi) di Belluno per la preziosa collaborazione.<\/p>\n<p>&nbsp;<\/p>\n<p>&nbsp;<\/p>\n<hr \/>\n<p>&nbsp;<\/p>\n<blockquote>\n<h3>LA GIORNATA MONDIALE DELLA VISTA<\/h3>\n<\/blockquote>\n<p><strong>BELLUNO <\/strong>L\u2019Unione Italiana dei Ciechi e degli Ipovedenti ONLUS APS sezione territoriale di Belluno aderisce anche quest\u2019anno alla Giornata Mondiale della Vista, promossa dall\u2019Agenzia Internazionale per la Prevenzione della Cecit\u00e0 IAPB Italia Onlus, e invita la cittadinanza ad un incontro divulgativo con la presenza di tre medici oculisti del territorio ULSS 1 Dolomiti: il primario dell\u2019unit\u00e0 oculistica dell\u2019Ospedale San Martino di Belluno dott.ssa Luigina Tollot, il responsabile del Centro Ipovisione dott. Michele Del Borrello e il dott. Nazareno Giubilei. L\u2019incontro avr\u00e0 luogo GIOVEDI\u2019 13 OTTOBRE 2022 alle ore 18.00 presso la Sala MUCCIN del Centro Congressi Giovanni XXIII in Piazza Piloni a Belluno. Si parler\u00e0 del bene prezioso della vista, dell\u2019importanza della prevenzione delle malattie oculari, della riabilitazione visiva e dei progressi della ricerca.<\/p>\n<p>&nbsp;<\/p>\n<p>&nbsp;<\/p>\n<hr \/>\n<p>&nbsp;<\/p>\n<blockquote>\n<h3>OHANNES GUREKIAN, UN PROGETTISTA ARMENO DELLE DOLOMITI<\/h3>\n<\/blockquote>\n<p><strong><a class=\"dt-pswp-item\" href=\"https:\/\/www.radiopiu.net\/wordpress\/wp-content\/uploads\/2022\/09\/Unknown.jpeg\" data-dt-img-description=\"\" data-large_image_width=\"1536\" data-large_image_height=\"2048\"><img loading=\"lazy\" decoding=\"async\" class=\" wp-image-297481 alignleft\" src=\"https:\/\/www.radiopiu.net\/wordpress\/wp-content\/uploads\/2022\/09\/Unknown-150x150.jpeg\" alt=\"\" width=\"95\" height=\"95\" \/><\/a>BELLUNO <\/strong>Fino al giorno 29 ottobre, sar\u00e0 possibile visitare il percorso espositivo presso la biblioteca civica di Agordo.\u00a0 <strong>SABATO 8<\/strong> ottobre (notte di plenilunio) trekking da Frassen\u00e9 al Rifugio Scarpa-Gurekian raccontando cosa lega questo luogo alla storia di Ohann\u00e9s Gurekian. Poi ci sar\u00e0 la possibilit\u00e0 di fermarsi per cenare.<\/p>\n<p>&nbsp;<\/p>\n<p>&nbsp;<\/p>\n<p>&nbsp;<\/p>\n<hr \/>\n<p>&nbsp;<\/p>\n<blockquote>\n<h2>PROLOCO DI RIVAMONTE AGORDINO<\/h2>\n<\/blockquote>\n<div>\n<div class=\"hael596l alzwoclg jl2a5g8c qjfq86k5 r227ecj6 gt60zsk1 s1m0hq7j\">\n<div class=\"cgu29s5g\">\n<div class=\"alzwoclg cqf1kptm siwo0mpr gu5uzgus\">\n<div class=\"jroqu855 nthtkgg5\"><strong>14-15-16 OTTOBRE 2022<\/strong><\/div>\n<\/div>\n<\/div>\n<\/div>\n<\/div>\n<div>\n<div class=\"\" dir=\"auto\">\n<div id=\"jsc_c_1y\" class=\"d2hqwtrz r227ecj6 ez8dtbzv gt60zsk1\" data-ad-comet-preview=\"message\" data-ad-preview=\"message\">\n<div class=\"alzwoclg cqf1kptm siwo0mpr gu5uzgus\">\n<div class=\"jroqu855 nthtkgg5\">\n<div class=\"m8h3af8h l7ghb35v kjdc1dyq kmwttqpk gh25dzvf n3t5jt4f\">\n<div dir=\"auto\">Finalmente ritorna l&#8217;Oktoberfest. Tre giorni di festa in compagnia di buona musica e buon cibo: Canederli, \u00a0Spatzle<\/div>\n<div dir=\"auto\">Stinco con crauti e patate fritte e Buona birra in bicchieri di vetro\u00a0 \u00a0 \u00a0<strong>STAY TUNED<\/strong><br \/>\n<a class=\"dt-pswp-item\" href=\"https:\/\/www.radiopiu.net\/wordpress\/wp-content\/uploads\/2022\/09\/306610049_3398892650338616_7875061756741663012_n.jpg\" data-dt-img-description=\"\" data-large_image_width=\"720\" data-large_image_height=\"261\"><img loading=\"lazy\" decoding=\"async\" class=\"alignnone wp-image-296989 size-full\" src=\"https:\/\/www.radiopiu.net\/wordpress\/wp-content\/uploads\/2022\/09\/306610049_3398892650338616_7875061756741663012_n.jpg\" alt=\"\" width=\"720\" height=\"261\" srcset=\"https:\/\/www.radiopiu.net\/wordpress\/wp-content\/uploads\/2022\/09\/306610049_3398892650338616_7875061756741663012_n.jpg 720w, https:\/\/www.radiopiu.net\/wordpress\/wp-content\/uploads\/2022\/09\/306610049_3398892650338616_7875061756741663012_n-300x109.jpg 300w\" sizes=\"auto, (max-width: 720px) 100vw, 720px\" \/><\/a><\/div>\n<div dir=\"auto\"><\/div>\n<\/div>\n<\/div>\n<\/div>\n<\/div>\n<\/div>\n<\/div>\n<p>&nbsp;<\/p>\n<hr \/>\n<p>&nbsp;<\/p>\n<blockquote>\n<h3>DOMENICA 23 OTTOBRE LA GRANDE FESTA ALLA FABBRICA IN PEDAVENA DI LA VALLE<\/h3>\n<\/blockquote>\n<p><a class=\"dt-pswp-item\" href=\"https:\/\/www.radiopiu.net\/wordpress\/wp-content\/uploads\/2022\/09\/be36ec51-e02a-4ee2-8c75-860605e2253f.jpg\" data-dt-img-description=\"\" data-large_image_width=\"1200\" data-large_image_height=\"628\"><img loading=\"lazy\" decoding=\"async\" class=\"aligncenter wp-image-296751 size-medium\" src=\"https:\/\/www.radiopiu.net\/wordpress\/wp-content\/uploads\/2022\/09\/be36ec51-e02a-4ee2-8c75-860605e2253f-300x157.jpg\" alt=\"\" width=\"300\" height=\"157\" srcset=\"https:\/\/www.radiopiu.net\/wordpress\/wp-content\/uploads\/2022\/09\/be36ec51-e02a-4ee2-8c75-860605e2253f-300x157.jpg 300w, https:\/\/www.radiopiu.net\/wordpress\/wp-content\/uploads\/2022\/09\/be36ec51-e02a-4ee2-8c75-860605e2253f-1024x536.jpg 1024w, https:\/\/www.radiopiu.net\/wordpress\/wp-content\/uploads\/2022\/09\/be36ec51-e02a-4ee2-8c75-860605e2253f-768x402.jpg 768w, https:\/\/www.radiopiu.net\/wordpress\/wp-content\/uploads\/2022\/09\/be36ec51-e02a-4ee2-8c75-860605e2253f.jpg 1200w\" sizes=\"auto, (max-width: 300px) 100vw, 300px\" \/><\/a><\/p>\n<p>&nbsp;<\/p>\n<p>&nbsp;<\/p>\n<hr \/>\n<p>&nbsp;<\/p>\n<blockquote>\n<h3><span dir=\"ltr\" role=\"presentation\">A FELTRE COOP ALLEANZA 3.0 VICINA AL TERRITORIO E ALLA COMUNIT\u00c0 <\/span><span dir=\"ltr\" role=\"presentation\">CON L\u2019 INIZIATIVA SOLIDALE \u201cPI\u00d9 VICINI\u201d\u00a0<\/span><\/h3>\n<\/blockquote>\n<p><span dir=\"ltr\" role=\"presentation\"><a class=\"dt-pswp-item\" href=\"https:\/\/www.radiopiu.net\/wordpress\/wp-content\/uploads\/2022\/10\/309777241_1725524921155905_792657395943865622_n.jpg\" data-dt-img-description=\"\" data-large_image_width=\"457\" data-large_image_height=\"206\"><img loading=\"lazy\" decoding=\"async\" class=\" wp-image-300680 alignleft\" src=\"https:\/\/www.radiopiu.net\/wordpress\/wp-content\/uploads\/2022\/10\/309777241_1725524921155905_792657395943865622_n-300x135.jpg\" alt=\"\" width=\"280\" height=\"126\" srcset=\"https:\/\/www.radiopiu.net\/wordpress\/wp-content\/uploads\/2022\/10\/309777241_1725524921155905_792657395943865622_n-300x135.jpg 300w, https:\/\/www.radiopiu.net\/wordpress\/wp-content\/uploads\/2022\/10\/309777241_1725524921155905_792657395943865622_n.jpg 457w\" sizes=\"auto, (max-width: 280px) 100vw, 280px\" \/><\/a><strong>FELTRE<\/strong> Dal 1\u00b0 al 31 ottobre soci e consumatori potranno scegliere tra oltre 600 progetti dedicati <\/span><span dir=\"ltr\" role=\"presentation\">all\u2019ambiente, alla solidariet\u00e0, alla cultura e ai corretti stili di vita. <\/span><span dir=\"ltr\" role=\"presentation\">Oltre che alla Coop di Fermo i soci possono votare anche online sul sito e sulla app Coop.\u00a0 <\/span><span dir=\"ltr\" role=\"presentation\">Coop Alleanza 3.0 sostiene concretamente i territori e le comunit\u00e0 con l\u2019iniziativa solidale \u201c<\/span><span dir=\"ltr\" role=\"presentation\">Pi\u00f9 vicini<\/span><span dir=\"ltr\" role=\"presentation\">\u201d giunta <\/span><span dir=\"ltr\" role=\"presentation\">alla seconda edizione, con i nuovi progetti tra cui scegliere il proprio preferito dal 1\u00b0 al 31 ottobre nei negozi <\/span><span dir=\"ltr\" role=\"presentation\">della Cooperativa e online. Complessivamente per l\u2019edizione 2022 sono<\/span> <span dir=\"ltr\" role=\"presentation\">oltre 600<\/span> <span dir=\"ltr\" role=\"presentation\">le iniziative, selezionate <\/span><span dir=\"ltr\" role=\"presentation\">dai Consigli di Zona soci, che saranno sostenute dalla Cooperativa. I progetti sono dedicati all\u2019attenzione <\/span><span dir=\"ltr\" role=\"presentation\">all\u2019ambiente, alla solidariet\u00e0 verso le persone bisognose, alla cultura e ai corretti stili di vita. L\u2019edizione 2021 di \u201cPi\u00f9 vicini\u201d ha visto la partecipazione di oltre 500 progetti di 490 realt\u00e0 locali. A queste iniziative i soci e i consumatori hanno donato complessivamente oltre 7 milioni di gettoni tra fisici e on line. La Cooperativa \u00e8 intervenuta con oltre 200 mila euro di finanziamenti, suddivisi proporzionalmente<br role=\"presentation\" \/>alle preferenze dei soci, ovvero al numero di gettoni che ogni progetto ha ricevuto nelle urne e online. Nel 2021 le proposte sono state numerose: dalle attivit\u00e0 didattiche ambientali, alla riqualificazione urbana, fino a progetti culturali di educazione, di formazione per categorie sensibili o di sostegno a strutture educative. Per informazioni 3351226703<\/span><\/p>\n<blockquote><p><em><span dir=\"ltr\" role=\"presentation\">\u201cPi\u00f9 vicini rende concreta la profondit\u00e0 della parola cooperare perch\u00e9 coinvolge tutta la comunit\u00e0 sia in <\/span><span dir=\"ltr\" role=\"presentation\">termini di scelta dei progetti sia nel contributo che ciascuno di noi pu\u00f2 dare sostenendo l\u2019iniziativa di cui <\/span><span dir=\"ltr\" role=\"presentation\">sente che il territorio ha bisogno \u2013<\/span> <span dir=\"ltr\" role=\"presentation\">dichiara il presidente di Coop Alleanza 3.0, Mario Cifiello<\/span> <span dir=\"ltr\" role=\"presentation\">\u2013 In <\/span><span dir=\"ltr\" role=\"presentation\">questo momento difficile, la coesione e il coinvolgimento della collettivit\u00e0 verso obiettivi inclusivi e solidali <\/span><span dir=\"ltr\" role=\"presentation\">da raggiungere in modo tangibile \u00e8 fondamentale come l\u2019ascolto dei bisogni del territorio da parte della <\/span><span dir=\"ltr\" role=\"presentation\">Cooperativa\u201d<\/span><\/em><\/p><\/blockquote>\n<p>&nbsp;<\/p>\n<hr \/>\n<p>&nbsp;<\/p>\n<blockquote>\n<h3>A BELLUNO SI PARLA DELLA GESTIONE PERIOPERATORIA DELL&#8217;ANZIANO FRAGILE<\/h3>\n<\/blockquote>\n<p><strong><a class=\"dt-pswp-item\" href=\"https:\/\/www.radiopiu.net\/wordpress\/wp-content\/uploads\/2022\/10\/Senza-nome-13.jpg\" data-dt-img-description=\"\" data-large_image_width=\"203\" data-large_image_height=\"158\"><img loading=\"lazy\" decoding=\"async\" class=\"size-full wp-image-300279 alignright\" src=\"https:\/\/www.radiopiu.net\/wordpress\/wp-content\/uploads\/2022\/10\/Senza-nome-13.jpg\" alt=\"\" width=\"203\" height=\"158\" \/><\/a>BELLUNO<\/strong> \u00c8 in programma per sabato 15 ottobre al Teatro Giovanni XXIII una serata organizzata dall&#8217;Ordine dei medici chirurghi e odontoiatri della provincia di Belluno. &#8220;La gestione perioperatoria dell&#8217;anziano fragile&#8221; il titolo dell&#8217;incontro che si terr\u00e0 a partire dalle 18. Ad aprire la giornata un incontro aperto a tutti sule cure di lungo termine nel sostegno della fragilit\u00e0 anziana con Luigi Guglielmi, giornalista dell&#8217;Amico Del Popolo, il dottor Massimiliano Mosca, geriatra, e la dottoressa Lucia Omiciuolo, direttore dell&#8217;Unit\u00e0 Opertiva di geriatria dell&#8217;ospedale di Feltre. Alle 18:30 lo spettacolo teatrale &#8220;Mamma a carico. Mia figlia ha 90 anni&#8221; di e con Gianna Coletti per la regia di Gabriele Scotti.<\/p>\n<p>&nbsp;<\/p>\n<p><strong>L&#8217;ATTRICE GIANNA COLETTI ALLA RADIO\u00a0<\/strong><\/p>\n<audio class=\"wp-audio-shortcode\" id=\"audio-300505-7\" preload=\"none\" style=\"width: 100%;\" controls=\"controls\"><source type=\"audio\/mpeg\" src=\"https:\/\/www.radiopiu.net\/wordpress\/wp-content\/uploads\/2022\/10\/gianna-coletti.mp3?_=7\" \/><a href=\"https:\/\/www.radiopiu.net\/wordpress\/wp-content\/uploads\/2022\/10\/gianna-coletti.mp3\">https:\/\/www.radiopiu.net\/wordpress\/wp-content\/uploads\/2022\/10\/gianna-coletti.mp3<\/a><\/audio>\n<p>&nbsp;<\/p>\n<p>&nbsp;<\/p>\n<hr \/>\n<p>&nbsp;<\/p>\n<blockquote>\n<h3>IL GRANDE FESTIVAL DEI CORI A LIMANA<\/h3>\n<\/blockquote>\n<p><strong>LIMANA<\/strong> Domenica 16 ottobre sotto la tensostruttura fronte alle scuole elementari di Limana si svolger\u00e0 la seconda edizione del Grande Festiaval dei Cori. Saranno 10 i cori bellunesi che si alterneranno per una giornata all&#8217;insegna del bel canto. Un evento con il patrocinio della Provincia di Belluno, Comune di Limana e Pro Loco. Organizza la Corale di Limana.<\/p>\n<p>&nbsp;<\/p>\n<p>&nbsp;<\/p>\n<hr \/>\n<p>&nbsp;<\/p>\n<blockquote>\n<h3>DOMENICA DI CARTA, IL 9 OTTOBRE A BELLUNO<\/h3>\n<\/blockquote>\n<p><strong>BELLUNO <\/strong>L&#8217;Archivio di Stato di Belluno organizza, come ogni anno, un&#8217;apertura straordinaria domenicale rivolta alla promozione dell&#8217;Istituto, ed in particolare alle famiglie con bambini. L&#8217;iniziativa di quest&#8217;anno consiste in un laboratorio didattico sulla realizzazione di un piccolo quaderno decorato, che poi i bambini potranno portare a casa. Parallelamente potr\u00e0 essere visitata una significativa esposizione sulle legature d&#8217;archivio tratte dal patrimonio documentario dell&#8217;Istituto, che ha sede nell&#8217;antico complesso monumentale di S. Maria dei Battuti, anch&#8217;esso visitabile. Le iniziative, fruibili anche singolarmente, richiedono prenotazione. Domani &#8220;Carte legate, carte da legare&#8221; visitabile dalle 9 alle 13. Penotazioni allo 0437 940061 o mail a\u00a0 \u00a0 as-bl@cultura.gov.it<\/p>\n<p>&nbsp;<\/p>\n<p>&nbsp;<\/p>\n<hr \/>\n<p>&nbsp;<\/p>\n<p>&nbsp;<\/p>\n<blockquote>\n<h3>IL 31\u00b0 ANNIVERSARIO DELLA FAMIGLIA EX EMIGRANTI AGORDINI<\/h3>\n<\/blockquote>\n<p><strong>CENCENIGHE<\/strong> Si svolger\u00e0 domenica 23 ottobre il 31\u00b0 anniversario della Famiglia Ex Emigranti Agordini nel mondo. Alle 10:30 la santa messa accompagnata dal coro di Livinallongo. A seguire il corteo al monumento Ex Emigranti Agordini nel mondo per la deposizione della corona d&#8217;alloro preceduti dalla Banda Da Fodom. Rinfresco per tutti al Nof Fil\u00f2 di Cencenighe e intrattenimento musicale con la Banda Da Fodom.<\/p>\n<p>&nbsp;<\/p>\n<p>&nbsp;<\/p>\n<hr \/>\n<p>&nbsp;<\/p>\n<blockquote>\n<h3>TORNA LA PEDONATA DELLE OSELETE<\/h3>\n<\/blockquote>\n<p><strong>SEDICO<\/strong> Ritorna domani la Pedonata delle Oselete a Longano, la corsa podistica di inizio autunno che tanti partecipanti aveva accolto fino alla sua 14ma edizione nel 2019. A organizzarla il locale Comitato Culturale e Ricreativo, prendendo il posto dell&#8217; Associazione genitori di Sedico che comunque dar\u00e0 il proprio contributo con la disponibilit\u00e0 di alcuni soci. La manifestazione \u00e8 a carattere non competitivo e si \u00e8 sempre rivolta alla partecipazione delle famiglie;\u00a0 un percorso, in particolare quello da 5km, adatto al trasporto di passeggini, che partendo da Longano si indirizzer\u00e0 verso Bribanet e le Oselete, la zona di campagna posta vicino alla confluenza tra Piave e Cordevole. La denominazione di Oselete \u00e8 di origine veneziana e deriva dalle piccole anatre selvatiche che l\u00ec pascolavano. Per i pi\u00f9 allenati il percorso da 10km che arriver\u00e0 fino a Sedico e interesser\u00e0 anche una parte delle Antiche Roggie.\u00a0 Iscrizioni a partire dalle ore 8.30 di domani presso il campo sportivo di Longano, con quota di 7 euro per la sola partecipazione e di 10 euro con l&#8217; aggiunta del pasta party finale posto all&#8217;arrivo presso la Casa Comunale del paese. Presente anche un fornito chiosco con sorprese per tutti i partecipanti.<\/p>\n<p>&nbsp;<\/p>\n<hr \/>\n<p>&nbsp;<\/p>\n<blockquote>\n<h3>LA FIERA DELL&#8217;OGGETTO RITROVATO A FELTRE<\/h3>\n<\/blockquote>\n<p><strong>FELTRE<\/strong> Domani torna la Fiera dell\u2019Oggetto Ritrovato, il mercatino dell\u2019antiquariato e dell\u2019usato che da 10 anni anima le vie del Centro storico di Feltre, ogni seconda domenica del mese da aprile a dicembre. Anche questa domenica, dall\u2019alba al tramonto, circa 80 espositori proporranno mobili, vetri, libri, quadri, dischi, vestiti, collezionismo e oggettistica varia. Un\u2019occasione per visitare il il centro storico, le sue bellezze storiche e architettoniche, le sue botteghe, i suoi musei con l\u2019apertura, ad esempio, della nuova sezione archeologica del Museo civico.<\/p>\n<p>&nbsp;<\/p>\n<p>&nbsp;<\/p>\n<hr \/>\n<p>&nbsp;<\/p>\n<p>&nbsp;<\/p>\n<h2><span style=\"color: #008080;\">&#8220;DINTORN E FORA VIA&#8221; A CURA DEL MUSLA, IL NUOVO PROGRAMMA\u00a0<\/span><\/h2>\n<blockquote>\n<h3><strong><a class=\"dt-pswp-item\" href=\"https:\/\/www.radiopiu.net\/wordpress\/wp-content\/uploads\/2022\/07\/6f1a6003-1656-479c-aaa0-23ec141f2421.jpg\" data-dt-img-description=\"\" data-large_image_width=\"1024\" data-large_image_height=\"1024\"><img loading=\"lazy\" decoding=\"async\" class=\" wp-image-287985 alignleft\" src=\"https:\/\/www.radiopiu.net\/wordpress\/wp-content\/uploads\/2022\/07\/6f1a6003-1656-479c-aaa0-23ec141f2421-150x150.jpg\" alt=\"\" width=\"103\" height=\"103\" srcset=\"https:\/\/www.radiopiu.net\/wordpress\/wp-content\/uploads\/2022\/07\/6f1a6003-1656-479c-aaa0-23ec141f2421-150x150.jpg 150w, https:\/\/www.radiopiu.net\/wordpress\/wp-content\/uploads\/2022\/07\/6f1a6003-1656-479c-aaa0-23ec141f2421-300x300.jpg 300w, https:\/\/www.radiopiu.net\/wordpress\/wp-content\/uploads\/2022\/07\/6f1a6003-1656-479c-aaa0-23ec141f2421-768x768.jpg 768w, https:\/\/www.radiopiu.net\/wordpress\/wp-content\/uploads\/2022\/07\/6f1a6003-1656-479c-aaa0-23ec141f2421.jpg 1024w\" sizes=\"auto, (max-width: 103px) 100vw, 103px\" \/><\/a><\/strong><\/h3>\n<p><strong>LA PUNTATA DEL 07 OTTOBRE -ERIK MARCON<\/strong><\/p>\n<audio class=\"wp-audio-shortcode\" id=\"audio-300505-8\" preload=\"none\" style=\"width: 100%;\" controls=\"controls\"><source type=\"audio\/mpeg\" src=\"https:\/\/www.radiopiu.net\/wordpress\/wp-content\/uploads\/2022\/10\/MUSLA-2.mp3?_=8\" \/><a href=\"https:\/\/www.radiopiu.net\/wordpress\/wp-content\/uploads\/2022\/10\/MUSLA-2.mp3\">https:\/\/www.radiopiu.net\/wordpress\/wp-content\/uploads\/2022\/10\/MUSLA-2.mp3<\/a><\/audio><\/blockquote>\n<p>\u200b<\/p>\n<p>&nbsp;<\/p>\n<hr \/>\n<p>&nbsp;<\/p>\n<div>\n<div class=\"b654a4as d2edcug0\">\n<div class=\"rq0escxv hkbzh7o3 jwdofwj8 n8tt0mok r8blr3vg hyh9befq\">\n<p><a class=\"dt-pswp-item\" href=\"https:\/\/www.radiopiu.net\/wordpress\/wp-content\/uploads\/2020\/10\/pp.jpg\" data-dt-img-description=\"\" data-large_image_width=\"640\" data-large_image_height=\"640\"><img loading=\"lazy\" decoding=\"async\" class=\"wp-image-163678 alignleft\" src=\"https:\/\/www.radiopiu.net\/wordpress\/wp-content\/uploads\/2020\/10\/pp-300x300.jpg\" alt=\"\" width=\"106\" height=\"106\" srcset=\"https:\/\/www.radiopiu.net\/wordpress\/wp-content\/uploads\/2020\/10\/pp-300x300.jpg 300w, https:\/\/www.radiopiu.net\/wordpress\/wp-content\/uploads\/2020\/10\/pp-150x150.jpg 150w, https:\/\/www.radiopiu.net\/wordpress\/wp-content\/uploads\/2020\/10\/pp-125x125.jpg 125w, https:\/\/www.radiopiu.net\/wordpress\/wp-content\/uploads\/2020\/10\/pp-200x200.jpg 200w, https:\/\/www.radiopiu.net\/wordpress\/wp-content\/uploads\/2020\/10\/pp-80x80.jpg 80w, https:\/\/www.radiopiu.net\/wordpress\/wp-content\/uploads\/2020\/10\/pp-480x480.jpg 480w, https:\/\/www.radiopiu.net\/wordpress\/wp-content\/uploads\/2020\/10\/pp.jpg 640w\" sizes=\"auto, (max-width: 106px) 100vw, 106px\" \/><\/a><\/p>\n<\/div>\n<\/div>\n<\/div>\n<div>\n<div class=\"page-title-head hgroup\">\n<div class=\"page-title-head hgroup\">\n<div class=\"b654a4as d2edcug0\">\n<div class=\"j83agx80 btwxx1t3 lhclo0ds hop8lmos nkwizq5d scwd0bx6 roh60bw9\">\n<div class=\"rq0escxv hkbzh7o3 jwdofwj8 n8tt0mok r8blr3vg hyh9befq\">\n<div class=\"do00u71z l9j0dhe7 k4urcfbm\">\n<h2><span style=\"color: #000080;\">DON CESARE, IL PENSIERO DEL GIORNO. ALLA RADIO ALLE 7 DEL MATTINO E ALLE 19.30 DELLA SERA.\u00a0<\/span><\/h2>\n<audio class=\"wp-audio-shortcode\" id=\"audio-300505-9\" preload=\"none\" style=\"width: 100%;\" controls=\"controls\"><source type=\"audio\/mpeg\" src=\"https:\/\/www.radiopiu.net\/wordpress\/wp-content\/uploads\/2022\/10\/CESARE-6.mp3?_=9\" \/><a href=\"https:\/\/www.radiopiu.net\/wordpress\/wp-content\/uploads\/2022\/10\/CESARE-6.mp3\">https:\/\/www.radiopiu.net\/wordpress\/wp-content\/uploads\/2022\/10\/CESARE-6.mp3<\/a><\/audio>\n<p>&nbsp;<\/p>\n<p>&nbsp;<\/p>\n<div>\n<div class=\"ecm0bbzt e5nlhep0 a8c37x1j\">\n<div class=\"kvgmc6g5 cxmmr5t8 oygrvhab hcukyx3x c1et5uql\">\n<div class=\"gmail-kvgmc6g5 gmail-cxmmr5t8 gmail-oygrvhab gmail-hcukyx3x gmail-c1et5uql gmail-ii04i59q\">\n<div class=\"page-title-head hgroup\">\n<div class=\"page-title-head hgroup\">\n<div class=\"b654a4as d2edcug0\">\n<div class=\"j83agx80 btwxx1t3 lhclo0ds hop8lmos nkwizq5d scwd0bx6 roh60bw9\">\n<div class=\"rq0escxv hkbzh7o3 jwdofwj8 n8tt0mok r8blr3vg hyh9befq\">\n<div class=\"do00u71z l9j0dhe7 k4urcfbm\">\n<div class=\"mkdf-post-text\">\n<div class=\"mkdf-post-text-inner\">\n<div class=\"mkdf-post-text-main\">\n<div class=\"mkdf-post-text\">\n<div class=\"mkdf-post-text-inner\">\n<div class=\"mkdf-post-text-main\">\n<div class=\"mkdf-post-text\">\n<div class=\"mkdf-post-text-inner\">\n<div class=\"mkdf-post-text-main\">\n<div class=\"page-title-head hgroup\">\n<div class=\"page-title-head hgroup\">\n<div class=\"mkdf-post-text\">\n<div class=\"mkdf-post-text-inner\">\n<div class=\"mkdf-post-text-main\">\n<div class=\"mkdf-post-text\">\n<div class=\"mkdf-post-text-inner\">\n<div class=\"mkdf-post-text-main\">\n<div class=\"page-title-head hgroup\">\n<div class=\"page-title-head hgroup\">\n<div class=\"page-title-head hgroup\">\n<div class=\"page-title-head hgroup\">\n<div class=\"b654a4as d2edcug0\">\n<div class=\"page-title-head hgroup\">\n<div class=\"page-title-head hgroup\">\n<div class=\"page-title-head hgroup\">\n<div class=\"page-title-head hgroup\">\n<div class=\"b654a4as d2edcug0\">\n<div class=\"page-title-head hgroup\">\n<div class=\"page-title-head hgroup\">\n<div class=\"page-title-head hgroup\">\n<div class=\"page-title-head hgroup\">\n<div class=\"b654a4as d2edcug0\">\n<div class=\"mkdf-post-text\">\n<div class=\"mkdf-post-text-inner\">\n<div class=\"mkdf-post-text-main\">\n<div class=\"mkdf-post-text\">\n<div class=\"mkdf-post-text-inner\">\n<div class=\"mkdf-post-text-main\">\n<div class=\"mkdf-post-text\">\n<div class=\"mkdf-post-text-inner\">\n<div class=\"mkdf-post-text-main\">\n<div class=\"page-title-head hgroup\">\n<div class=\"page-title-head hgroup\">\n<div class=\"mkdf-post-text\">\n<div class=\"mkdf-post-text-inner\">\n<div class=\"mkdf-post-text-main\">\n<div class=\"mkdf-post-text\">\n<div class=\"mkdf-post-text-inner\">\n<div class=\"mkdf-post-text-main\">\n<div class=\"page-title-head hgroup\">\n<div class=\"page-title-head hgroup\">\n<div class=\"page-title-head hgroup\">\n<div class=\"page-title-head hgroup\">\n<div class=\"b654a4as d2edcug0\">\n<div class=\"page-title-head hgroup\">\n<div class=\"page-title-head hgroup\">\n<div class=\"page-title-head hgroup\">\n<div class=\"page-title-head hgroup\">\n<div class=\"b654a4as d2edcug0\">\n<div class=\"page-title-head hgroup\">\n<div class=\"page-title-head hgroup\">\n<div class=\"page-title-head hgroup\">\n<div class=\"page-title-head hgroup\">\n<div class=\"b654a4as d2edcug0\">\n<hr \/>\n<p>&nbsp;<\/p>\n<h2><span style=\"color: #ff6600;\">COLLAGE OPERAZIONE NOSTALGIA<\/span><\/h2>\n<p><strong><a class=\"dt-pswp-item\" href=\"https:\/\/www.radiopiu.net\/wordpress\/wp-content\/uploads\/2022\/10\/Abba.jpg\" data-dt-img-description=\"\" data-large_image_width=\"300\" data-large_image_height=\"300\"><img loading=\"lazy\" decoding=\"async\" class=\" wp-image-299777 alignleft\" src=\"https:\/\/www.radiopiu.net\/wordpress\/wp-content\/uploads\/2022\/10\/Abba.jpg\" alt=\"\" width=\"129\" height=\"129\" srcset=\"https:\/\/www.radiopiu.net\/wordpress\/wp-content\/uploads\/2022\/10\/Abba.jpg 300w, https:\/\/www.radiopiu.net\/wordpress\/wp-content\/uploads\/2022\/10\/Abba-150x150.jpg 150w\" sizes=\"auto, (max-width: 129px) 100vw, 129px\" \/><\/a>di Loris Scussel<\/strong><\/p>\n<p>Da luned\u00ec riprender\u00e0 la consueta programmazione di Collage operazione nostalgia con la messa in onda della quarta serie caratterizzata dalla selezione di canzoni in ordine alfabetico, questa settimana quindi saranno protagoniste quelle che iniziano con le lettere A B C D E. Naturalmente troveremo canzoni pi\u00f9 o meno diverse tra loro in perfetta linea con lo spirito del programma, solo per citare alcuni esempi ascolteremo: \u00a0And I love her, Barbara Ann, California Dreamin, Dancing Queen, Emozioni e cos\u00ec via. Collage va in onda dal luned\u00ec al venerd\u00ec alle 16,00 ed in replica alle 23,00 naturalmente su Radio Pi\u00f9.<\/p>\n<p><strong>LE PUNTATE DELLA SETTIMANA<\/strong><\/p>\n<p><strong>LUNEDI&#8217;<\/strong><\/p>\n<audio class=\"wp-audio-shortcode\" id=\"audio-300505-10\" preload=\"none\" style=\"width: 100%;\" controls=\"controls\"><source type=\"audio\/mpeg\" src=\"https:\/\/www.radiopiu.net\/wordpress\/wp-content\/uploads\/2022\/10\/COLU.mp3?_=10\" \/><a href=\"https:\/\/www.radiopiu.net\/wordpress\/wp-content\/uploads\/2022\/10\/COLU.mp3\">https:\/\/www.radiopiu.net\/wordpress\/wp-content\/uploads\/2022\/10\/COLU.mp3<\/a><\/audio>\n<p>&nbsp;<\/p>\n<p><strong>MARTEDI&#8217;<\/strong><\/p>\n<audio class=\"wp-audio-shortcode\" id=\"audio-300505-11\" preload=\"none\" style=\"width: 100%;\" controls=\"controls\"><source type=\"audio\/mpeg\" src=\"https:\/\/www.radiopiu.net\/wordpress\/wp-content\/uploads\/2022\/10\/COMA.mp3?_=11\" \/><a href=\"https:\/\/www.radiopiu.net\/wordpress\/wp-content\/uploads\/2022\/10\/COMA.mp3\">https:\/\/www.radiopiu.net\/wordpress\/wp-content\/uploads\/2022\/10\/COMA.mp3<\/a><\/audio>\n<p>&nbsp;<\/p>\n<p><strong>MERCOLEDI&#8217;<\/strong><\/p>\n<audio class=\"wp-audio-shortcode\" id=\"audio-300505-12\" preload=\"none\" style=\"width: 100%;\" controls=\"controls\"><source type=\"audio\/mpeg\" src=\"https:\/\/www.radiopiu.net\/wordpress\/wp-content\/uploads\/2022\/10\/COME.mp3?_=12\" \/><a href=\"https:\/\/www.radiopiu.net\/wordpress\/wp-content\/uploads\/2022\/10\/COME.mp3\">https:\/\/www.radiopiu.net\/wordpress\/wp-content\/uploads\/2022\/10\/COME.mp3<\/a><\/audio>\n<p>&nbsp;<\/p>\n<p><strong>GIOVEDI&#8217;<\/strong><\/p>\n<audio class=\"wp-audio-shortcode\" id=\"audio-300505-13\" preload=\"none\" style=\"width: 100%;\" controls=\"controls\"><source type=\"audio\/mpeg\" src=\"https:\/\/www.radiopiu.net\/wordpress\/wp-content\/uploads\/2022\/10\/COGI.mp3?_=13\" \/><a href=\"https:\/\/www.radiopiu.net\/wordpress\/wp-content\/uploads\/2022\/10\/COGI.mp3\">https:\/\/www.radiopiu.net\/wordpress\/wp-content\/uploads\/2022\/10\/COGI.mp3<\/a><\/audio>\n<p>&nbsp;<\/p>\n<p><strong>VENERDI<\/strong><\/p>\n<audio class=\"wp-audio-shortcode\" id=\"audio-300505-14\" preload=\"none\" style=\"width: 100%;\" controls=\"controls\"><source type=\"audio\/mpeg\" src=\"https:\/\/www.radiopiu.net\/wordpress\/wp-content\/uploads\/2022\/10\/COVE.mp3?_=14\" \/><a href=\"https:\/\/www.radiopiu.net\/wordpress\/wp-content\/uploads\/2022\/10\/COVE.mp3\">https:\/\/www.radiopiu.net\/wordpress\/wp-content\/uploads\/2022\/10\/COVE.mp3<\/a><\/audio>\n<p>&nbsp;<\/p>\n<p>&nbsp;<\/p>\n<p>&nbsp;<\/p>\n<hr \/>\n<p>&nbsp;<\/p>\n<div>\n<p>&nbsp;<\/p>\n<blockquote class=\"wp-embedded-content\" data-secret=\"GNRE7weHRY\"><p><a href=\"https:\/\/www.radiopiu.net\/wordpress\/odio-la-radio-dieci-anni-dopo-di-mirko-mezzacasa\/\">&#8220;ODIO LA RADIO&#8221;&#8230; DIECI ANNI DOPO, di Mirko Mezzacasa<\/a><\/p><\/blockquote>\n<p><iframe loading=\"lazy\" class=\"wp-embedded-content\" sandbox=\"allow-scripts\" security=\"restricted\" style=\"position: absolute; clip: rect(1px, 1px, 1px, 1px);\" title=\"&#8220;&#8220;ODIO LA RADIO&#8221;&#8230; DIECI ANNI DOPO, di Mirko Mezzacasa&#8221; &#8212; Radio Pi\u00f9\" src=\"https:\/\/www.radiopiu.net\/wordpress\/odio-la-radio-dieci-anni-dopo-di-mirko-mezzacasa\/embed\/#?secret=yM5sKnJmKe#?secret=GNRE7weHRY\" data-secret=\"GNRE7weHRY\" width=\"600\" height=\"338\" frameborder=\"0\" marginwidth=\"0\" marginheight=\"0\" scrolling=\"no\"><\/iframe><\/p>\n<p>&nbsp;<\/p>\n<hr \/>\n<p>&nbsp;<\/p>\n<p><a class=\"dt-pswp-item\" href=\"https:\/\/www.radiopiu.net\/wordpress\/wp-content\/uploads\/2018\/09\/WhatsApp-Image-2018-09-20-at-16.04.06.jpeg\" data-dt-img-description=\"\" data-large_image_width=\"800\" data-large_image_height=\"100\"><img loading=\"lazy\" decoding=\"async\" class=\"aligncenter wp-image-61378 size-full\" src=\"https:\/\/www.radiopiu.net\/wordpress\/wp-content\/uploads\/2018\/09\/WhatsApp-Image-2018-09-20-at-16.04.06.jpeg\" alt=\"\" width=\"800\" height=\"100\" srcset=\"https:\/\/www.radiopiu.net\/wordpress\/wp-content\/uploads\/2018\/09\/WhatsApp-Image-2018-09-20-at-16.04.06.jpeg 800w, https:\/\/www.radiopiu.net\/wordpress\/wp-content\/uploads\/2018\/09\/WhatsApp-Image-2018-09-20-at-16.04.06-300x38.jpeg 300w, https:\/\/www.radiopiu.net\/wordpress\/wp-content\/uploads\/2018\/09\/WhatsApp-Image-2018-09-20-at-16.04.06-768x96.jpeg 768w\" sizes=\"auto, (max-width: 800px) 100vw, 800px\" \/><\/a><\/p>\n<p>&nbsp;<\/p>\n<p><center><b>Sabato 8<\/b><\/center><b>Tempo atteso: <\/b>Tempo ancora perlopi\u00f9 stabile, in prevalenza soleggiato al mattino e solo parzialmente soleggiato al pomeriggio per il sopraggiungere di sottili velature del cielo. Sulla fascia prealpina la riduzione del soleggiamento pomeridiano sar\u00e0 localmente pi\u00f9 marcata per l&#8217;eventuale formarsi di banchi di nubi basse nei settori pi\u00f9 umidi. Nel tardo pomeriggio\/sera graduale intensificazione della nuvolosit\u00e0, senza poter escludere un lieve peggioramento serale a partire dalle Dolomiti centro-settentrionali. Persistenza della mitezza diurna nei posti pi\u00f9 assolati.<br \/>\n<b>Precipitazioni: <\/b>Assenti (0%) in giornata, mentre qualche debole pioggia serale sar\u00e0 probabile (20-40%) sulle Dolomiti centro-settentrionali, assieme a qualche fiocco di neve sulle cime pi\u00f9 alte (2900 m). Il rischio sar\u00e0 minore altrove (10-20%).<br \/>\n<b>Temperature: <\/b>Minime in lieve flessione con inversione termica nelle valli e sugli altopiani solitamente pi\u00f9 freddi; massime in generale leggera diminuzione (1\/2\u00b0C in meno rispetto a venerd\u00ec). Su Prealpi a 1500 m min 9\u00b0C max 12\u00b0C, a 2000 m min 7\u00b0C max 9\u00b0C. Su Dolomiti a 2000 m min 6\u00b0C max 10\u00b0C, a 3000 m min 0\u00b0C max 3\u00b0C.<br \/>\n<b>Venti: <\/b>Nelle valli perlopi\u00f9 deboli per brezze, salvo locali rinforzi erratici; in quota moderati\/tesi da sud sud-ovest al mattino, in attenuazione ruotando da ovest nord-ovest al pomeriggio\/sera, a 5-15 km\/h a 2000 m e 10-35 km\/h a 3000 m.<\/p>\n<hr \/>\n<p><center><b>Domenica 9<\/b><\/center><b>Tempo atteso: <\/b>Nottetempo ed al mattino tempo perturbato con cielo molto nuvoloso\/coperto ed estese precipitazioni. Dalle ore centrali\/primo pomeriggio attenuazione della nuvolosit\u00e0 e esaurimento dei fenomeni, con schiarite sul Bellunese, mentre altrove la nuvolosit\u00e0 rimarr\u00e0 a tratti pi\u00f9 intensa. L&#8217;avvezione nord-orientale di aria pi\u00f9 fresca e la riduzione del soleggiamento ostacoleranno il rialzo termico diurno.<br \/>\n<b>Precipitazioni: <\/b>Nottetempo ed al mattino probabili precipitazioni (70-80%), a tratti diffuse, anche a carattere di rovescio. I fenomeni potranno risultare di moderata intensit\u00e0, specie sulle Prealpi, localmente anche sulle Dolomiti. Il limite neve scender\u00e0 fino sui 2500\/2600 m a fine nottata. Esaurimento dei fenomeni al pomeriggio. Sono previsti apporti di 5-10 mm, localmente 15-20 mm tra Prealpi e alcuni settori delle Dolomiti pi\u00f9 occidentali, con altrettanti cm di neve sulle cime pi\u00f9 alte (3000 m).<br \/>\n<b>Temperature: <\/b>In generale diminuzione, eccetto eventuale rialzo delle minime nelle valli. Su Prealpi a 1500 m min 6\u00b0C max 8\u00b0C, a 2000 m min 4\u00b0C max 6\u00b0C. Su Dolomiti a 2000 m min 3\u00b0C max 5\u00b0C, a 3000 m min -2\u00b0C max 0\u00b0C.<br \/>\n<b>Venti: <\/b>Nelle valli perlopi\u00f9 deboli di direzione variabile, salvo locali rinforzi; in quota deboli da nord nord-est tra la notte e il mattino, moderati disponendosi da sud-est al pomeriggio, a 5-10 km\/h a 2000 m e 10-25 km\/h a 3000 m.<\/p>\n<hr \/>\n<p><center><b>Lunedi 10<\/b><\/center>Nuvolosit\u00e0 alte e medio-alta stratiforme, ma in alcuni momenti il sole potr\u00e0 anche filtrare. Con il passare delle ore tale nuvolosit\u00e0 dovrebbe infittirsi fino a cielo del tutto coperto. Temperature minime in ulteriore leggero calo e massime in generale lieve ripresa. Venti deboli di direzione variabile nelle valli, salvo locali e brevi rinforzi; in quota deboli\/moderati dai quadranti meridionali.<\/p>\n<hr \/>\n<p><center><b>Martedi 11<\/b><\/center>Al mattino nuvolosit\u00e0 irregolare e qualche tratto soleggiato. Al pomeriggio maggiore copertura nuvolosa, anche per addensamenti cumuliformi associati a rovesci sparsi, nevosi oltre 2500-2600 m. Temperature minime senza notevoli variazioni e massime in generale lieve flessione, specie nei settori maggiormente interessati dall&#8217;instabilit\u00e0 pomeridiana. Venti deboli di direzione variabile nelle valli, salvo locali e brevi rinforzi; in quota deboli\/moderati dai quadranti orientali. Previsore: R.L.Th.<\/p>\n<p>&nbsp;<\/p>\n<hr \/>\n<p>&nbsp;<\/p>\n<p><strong>OGNI GIORNO IL MERCATINO A RADIO PIU&#8217;, AL QUARANTESIMO MINUTO. IL PUNTO DI RIFERIMENTO PER CHI OFFRE O CERCA LAVORO NELL&#8217;ARCO DOLOMITICO, CENTINAIA DI VISUALIZZAZIONI AL GIORNO SUL SITO INTERNET, IN AUDIO ALLA RADIO E IN STREAMING IL TUTTO IL MONDO. IL MERCATINO DI RADIO PIU, PER INSERIRE I TUOI ANNUNCI SCRIVI A <span style=\"color: #0000ff;\">radiopiu@radiopiu.it<\/span><\/strong><\/p>\n<blockquote class=\"wp-embedded-content\" data-secret=\"12HHzAHqGd\"><p><a href=\"https:\/\/www.radiopiu.net\/wordpress\/mercatino-e-mercatino-delle-pulci-per-i-vostri-annunci-radiopiuradiopiu-it\/\">MERCATINO<\/a><\/p><\/blockquote>\n<p><iframe loading=\"lazy\" class=\"wp-embedded-content\" sandbox=\"allow-scripts\" security=\"restricted\" style=\"position: absolute; clip: rect(1px, 1px, 1px, 1px);\" title=\"&#8220;MERCATINO&#8221; &#8212; Radio Pi\u00f9\" src=\"https:\/\/www.radiopiu.net\/wordpress\/mercatino-e-mercatino-delle-pulci-per-i-vostri-annunci-radiopiuradiopiu-it\/embed\/#?secret=BTJZiyz6B4#?secret=12HHzAHqGd\" data-secret=\"12HHzAHqGd\" width=\"600\" height=\"338\" frameborder=\"0\" marginwidth=\"0\" marginheight=\"0\" scrolling=\"no\"><\/iframe><\/p>\n<\/div>\n<p>&nbsp;<\/p>\n<p>&nbsp;<\/p>\n<div>\n<hr \/>\n<p>&nbsp;<\/p>\n<p><a href=\"https:\/\/www.radiopiu.net\/wordpress\/giornale-radiopiu-26-settembre-2018-direttore-mirko-mezzacasa\/viabilita-2\/\" rel=\"attachment wp-att-61954\"><img loading=\"lazy\" decoding=\"async\" class=\"aligncenter wp-image-61954 size-full\" src=\"https:\/\/www.radiopiu.net\/wordpress\/wp-content\/uploads\/2018\/09\/viabilita.jpeg\" sizes=\"auto, (max-width: 800px) 100vw, 800px\" srcset=\"https:\/\/www.radiopiu.net\/wordpress\/wp-content\/uploads\/2018\/09\/viabilita.jpeg 800w, https:\/\/www.radiopiu.net\/wordpress\/wp-content\/uploads\/2018\/09\/viabilita-300x38.jpeg 300w, https:\/\/www.radiopiu.net\/wordpress\/wp-content\/uploads\/2018\/09\/viabilita-768x96.jpeg 768w\" alt=\"\" width=\"800\" height=\"100\" \/><\/a><\/p>\n<p>&nbsp;<\/p>\n<blockquote>\n<h3>SP 8 DI SAN TOMASO, PROROGATA LA CHIUSURA A FASCE ORARIE FINO ALL&#8217;11 NOVEMBRE<\/h3>\n<\/blockquote>\n<p><strong><img loading=\"lazy\" decoding=\"async\" class=\"alignleft\" src=\"https:\/\/www.radiopiu.net\/wordpress\/wp-content\/uploads\/2021\/11\/81aa72cc-d66b-44fa-afd5-7103ae531a24.jpg\" width=\"154\" height=\"113\" \/>SAN TOMASO<\/strong> Da un mese sono iniziati i lavori sulla SP 8 di San Tomaso a Col Zares\u00e8. Veneto Strade ha comunicato la proroga dell&#8217;ordinanza fino al 11 novembre. E\u2019 dal 17 luglio del 2014 che per raggiungere San Tomaso da Cencenighe \u00e8 d\u2019obbligo il rispetto del semaforo, ma dalla prossima stagione autunnale a lavori terminati e micropali piantati tutto cambier\u00e0. Ai residenti soprattutto viene richiesto ancora un sacrificio, ma pur di rivedere aperta quella strada nella sua normalit\u00e0 \u00e8 giustificato e lecito. Fino al 11 novembre, esclusi festivi e prefestivi, la strada chiuder\u00e0 totalmente dalle 7.15 alle 12.45 e dalle 14.15 alle 17.45. Negli altri orari senso unico alternato regolato da semaforo.<\/p>\n<p>&nbsp;<\/p>\n<p><em><strong>DIVIETO DI TRANSITO VEICOLARE A FADES DI LA VALLE AGORDINA TRA L&#8217;INCROCIO CON LA SR 347 E IL CIVICO 2. FINO AL 18 NOVEMBRE, SABATO, DOMENICA E FESTIVI COMPRESI. IL DIVIETO AVRA&#8217; EFFICACIA NEI GIORNI DI EFFETTIVA ESECUZIONE DEL CANTIERE.\u00a0\u00a0<\/strong><\/em><\/p>\n<p>&nbsp;<\/p>\n<p>AGGIORNAMENTO VENETO STRADE, AGGIORNAMENTO CONTINUO H 24<\/p>\n<p>&nbsp;<\/p>\n<blockquote class=\"wp-embedded-content\" data-secret=\"JPGvrjfZC6\"><p><a href=\"https:\/\/www.radiopiu.net\/wordpress\/viabilita\/\">viabilita<\/a><\/p><\/blockquote>\n<p><iframe loading=\"lazy\" class=\"wp-embedded-content\" sandbox=\"allow-scripts\" security=\"restricted\" style=\"position: absolute; clip: rect(1px, 1px, 1px, 1px);\" title=\"&#8220;viabilita&#8221; &#8212; Radio Pi\u00f9\" src=\"https:\/\/www.radiopiu.net\/wordpress\/viabilita\/embed\/#?secret=KWgPiWYa9x#?secret=JPGvrjfZC6\" data-secret=\"JPGvrjfZC6\" width=\"600\" height=\"338\" frameborder=\"0\" marginwidth=\"0\" marginheight=\"0\" scrolling=\"no\"><\/iframe><\/p>\n<p>&nbsp;<\/p>\n<hr \/>\n<p>&nbsp;<\/p>\n<p>&nbsp;<\/p>\n<p><img loading=\"lazy\" decoding=\"async\" class=\"wp-image-60761 size-full aligncenter\" src=\"https:\/\/www.radiopiu.net\/wordpress\/wp-content\/uploads\/2018\/09\/sport.jpg\" alt=\"\" width=\"800\" height=\"100\" srcset=\"https:\/\/www.radiopiu.net\/wordpress\/wp-content\/uploads\/2018\/09\/sport.jpg 800w, https:\/\/www.radiopiu.net\/wordpress\/wp-content\/uploads\/2018\/09\/sport-300x38.jpg 300w, https:\/\/www.radiopiu.net\/wordpress\/wp-content\/uploads\/2018\/09\/sport-768x96.jpg 768w\" sizes=\"auto, (max-width: 800px) 100vw, 800px\" \/><\/p>\n<p><span style=\"color: #0000ff;\"><strong>CALCIO\u00a0<\/strong><\/span><\/p>\n<blockquote>\n<h3>NEL FINE SETTIMANA TRE PARTITE DELL&#8217;AGORDINA ALL&#8217;IVANO DORIGO DI AGORDO<\/h3>\n<\/blockquote>\n<p><strong><a class=\"dt-pswp-item\" href=\"https:\/\/www.radiopiu.net\/wordpress\/wp-content\/uploads\/2021\/11\/CALCIO-2021.jpg\" data-dt-img-description=\"\" data-large_image_width=\"2560\" data-large_image_height=\"1707\"><img loading=\"lazy\" decoding=\"async\" class=\" wp-image-242798 alignleft\" src=\"https:\/\/www.radiopiu.net\/wordpress\/wp-content\/uploads\/2021\/11\/CALCIO-2021-300x200.jpg\" alt=\"\" width=\"171\" height=\"114\" srcset=\"https:\/\/www.radiopiu.net\/wordpress\/wp-content\/uploads\/2021\/11\/CALCIO-2021-300x200.jpg 300w, https:\/\/www.radiopiu.net\/wordpress\/wp-content\/uploads\/2021\/11\/CALCIO-2021-1024x683.jpg 1024w, https:\/\/www.radiopiu.net\/wordpress\/wp-content\/uploads\/2021\/11\/CALCIO-2021-768x512.jpg 768w, https:\/\/www.radiopiu.net\/wordpress\/wp-content\/uploads\/2021\/11\/CALCIO-2021-1536x1024.jpg 1536w, https:\/\/www.radiopiu.net\/wordpress\/wp-content\/uploads\/2021\/11\/CALCIO-2021-2048x1366.jpg 2048w\" sizes=\"auto, (max-width: 171px) 100vw, 171px\" \/><\/a>AGORDO<\/strong> Continuano i campionati FIGC per l&#8217;Agordina calcio che nel fine settimana sar\u00e0 impegnata con tutte le squadre iscritte ai vari tornei. Oggi in campo i Giovanissimi Provinciali che allo stadio Ivano Dorigo di Agordo ospiteranno alle 16 la Dynamo Vellai. Sempre oggi ma alle 15:30 in campo anche la Juniores di De Zaiacomo che dopo la bella prova di sette giorni fa vorr\u00e0 ripetersi nella prima trasferta stagionale contro la Juventina Mugnai. Domani mattina alle 10:30 sar\u00e0 il turno degli Allievi Regionali di Orzetti che, dopo le sconfitte nelle prime tre partite, dovranno affrontare il Conagliano. Prima squadra in campo domani alle 15:30. La squadra di Lorenzi gioca in casa contro il Sois. I ragazzi di Agordo escono da due pareggi e una sconfitta e dovranno assolutamente impegnarsi al massimo per conquistare la prima vittoria stagionale. Radio Pi\u00f9 seguir\u00e0 la partita dell&#8217;Agordina a partire dalle 15:30 con Domenica Pi\u00f9 Sport.<\/p>\n<p>&nbsp;<\/p>\n<hr \/>\n<p>&nbsp;<\/p>\n<p><span style=\"color: #0000ff;\"><strong>HOCKEY SU GHIACCIO<\/strong><\/span><\/p>\n<blockquote>\n<h3 class=\"entry-title\">L\u2019ALLEGHE OSPITA IL VARESE ALL\u2019OLIMPICO DI CORTINA<\/h3>\n<\/blockquote>\n<p><strong>ROBERTO MIANA, portavoce Alleghe Hockey<\/strong><\/p>\n<p><img loading=\"lazy\" decoding=\"async\" class=\"alignleft\" src=\"https:\/\/www.radiopiu.net\/wordpress\/wp-content\/uploads\/2021\/12\/ALLEGHE-HOCKEY-4.jpg\" width=\"286\" height=\"171\" \/>Seconda giornata del campionato di Italian Hockey League 2022\/2023. Sabato 8 ottobre alle 20:30 le Civette ospitano allo stadio Olimpico di Cortina il Varese. Si gioca nel capoluogo ampezzano a causa della nota chiusura a tempo indeterminato del \u201cDe Toni\u201d di Alleghe.<br \/>\nLe Civette sono tornate dalla trasferta trentina contro il Pergine a mani vuote, sconfitte 0-4 da un buon avversario. I biancorossi, con l\u2019organico ampiamente rimaneggiato a causa di infortuni e defezioni per impegni lavorativi, hanno lottato e ad eccezione della prima frazione di gioco nella quale sono pesate le scorie della pesante sconfitta contro il Caldaro, in particolare modo nel secondo tempo hanno mostrato segni di miglioramento, contro un avversario dimostratosi al momento con qualit\u00e0 superiore agli agordini. Da questa settimana i ragazzi hanno cominciato ad allenarsi due volte la settimana sul ghiaccio di Feltre e il fatto di giocare le partite casalinghe comunque in trasferta non facilita sicuramente il lavoro di coach Fontana.<br \/>\nAnche il Varese \u00e8 reduce da due passi falsi nelle prime due giornate di campionato. Rimontati 2-3 a Bressanone alla prima giornata e costretti ad inseguire e sconfitti 4-6 sabato scorso nel nuovo PalAlbani contro il Dobbiaco. Risultato quest\u2019ultimo maturato in una gara nella quale i Mastini non hanno demeritato al cospetto di un avversario che ha messo sul ghiaccio una migliore preparazione fisica e un grande cinismo sottoporta al contrario dei varesini che, nonostante il conteggio finale dei tiri dica 49 a 32 in loro favore, sono riusciti a concretizzare meno degli altoatesini. Nelle file giallonere subito in evidenza i due giocatori canadesi: il difensore Matthieu Desauteles e l\u2019attaccante Francis Drolet, che nelle prime due uscite stagionali hanno messo a referto 4 punti a testa, con un totale di 3 gol e 5 assist.<br \/>\nDalla stagione 2013\/2014, da quando Alleghe e Varese si affrontano nel campionato di serie B di hockey su ghiaccio (IHL), le Civette hanno incrociato le stecche con i Mastini 22 volte. Il bilancio generale conta 15 vittorie Alleghesi e 7 del Varese. Se prendiamo in considerazione le sole gare disputate al \u201cDe Toni\u201d di Alleghe, nelle 11 sfide si sono registrati 9 successi dei padroni di casa e 2 degli ospiti. Nell\u2019ultima gara giocata tra le due squadre ai piedi del Civetta, l\u201911 dicembre del 2021, si sono imposti i biancorossi 5-3. Conteggiando le reti totali segnate in questa sfida, l\u2019Alleghe ha messo a referto 84 marcature contro 58 del Varese.<br \/>\nSi invitano tutti i tifosi che hanno a cuore le sorti delle Civette a seguire e sostenere la squadra biancorossa anche al di l\u00e0 del Falzarego, facendo sentire il proprio calore nel tempio dell\u2019hockey ampezzano!!!<\/p>\n<p>ALLEGHE hockey \u2013 HCMV VARESE hockey<br \/>\nSabato 8 ottobre ore 20:30 \u2013 Stadio Olimpico di Cortina d\u2019Ampezzo (BL)<br \/>\nArbitri: Antonio Piras e Stefano Ricco con giudici di linea Federico Fecchio e Martin Mair<br \/>\nPARTITA APERTA AL PUBBLICO- Collegamenti in DIRETTA RADIOFONICA su Radio Pi\u00f9 (www.radiopiu.net) con \u201cHockey al punto giusto\u201d, in studio Marco Gaz e da Cortina interventi di Federico Paganin<\/p>\n<p>&nbsp;<\/p>\n<hr \/>\n<p>&nbsp;<\/p>\n<p><span style=\"color: #0000ff;\"><strong>CORSA SU PISTA<\/strong><\/span><\/p>\n<blockquote>\n<h3>ANCHE LA SQUADRA DELLA FONDAZIONE ONESIGHT ESSILORLUXOTTICA ALLA 24 ORE DI SAN MARTINO<\/h3>\n<\/blockquote>\n<p><strong><a class=\"dt-pswp-item\" href=\"https:\/\/www.radiopiu.net\/wordpress\/wp-content\/uploads\/2019\/10\/24-Ore-di-San-Martino1.jpg\" data-dt-img-description=\"\" data-large_image_width=\"900\" data-large_image_height=\"600\"><img loading=\"lazy\" decoding=\"async\" class=\" wp-image-102237 alignleft\" src=\"https:\/\/www.radiopiu.net\/wordpress\/wp-content\/uploads\/2019\/10\/24-Ore-di-San-Martino1-300x200.jpg\" alt=\"\" width=\"161\" height=\"107\" srcset=\"https:\/\/www.radiopiu.net\/wordpress\/wp-content\/uploads\/2019\/10\/24-Ore-di-San-Martino1-300x200.jpg 300w, https:\/\/www.radiopiu.net\/wordpress\/wp-content\/uploads\/2019\/10\/24-Ore-di-San-Martino1-768x512.jpg 768w, https:\/\/www.radiopiu.net\/wordpress\/wp-content\/uploads\/2019\/10\/24-Ore-di-San-Martino1.jpg 900w\" sizes=\"auto, (max-width: 161px) 100vw, 161px\" \/><\/a>AGORDO<\/strong> In occasione della 24 ORE DI SAN MARTINO, la gara sull\u2019ora pi\u00f9 antica d\u2019Italia, la Fondazione OneSight EssilorLuxottica Italia parteciper\u00e0 con due squadre per far conoscere le proprie attivit\u00e0 filantropiche e supportare lo sviluppo di una \u201ccultura di inclusivit\u00e0\u201d, affinch\u00e9 possa esserci sempre maggiore attenzione nei confronti delle persone con diverse abilit\u00e0. Nelle squadre della Fondazione OneSight EssilorLuxottica ci saranno anche persone che necessitino di carrozzina idonea alla corsa che parteciperanno con accompagnatori qualificati. Saranno oltre 70 le persone di EssilorLuxottica, tra volontari e atleti, che parteciperanno attivamente alla gara o dallo stand nelle giornate dell\u20198 e del 9 ottobre presso Stadio Polisportivo di Belluno.<\/p>\n<\/div>\n<\/div>\n<\/div>\n<\/div>\n<\/div>\n<\/div>\n<\/div>\n<\/div>\n<\/div>\n<\/div>\n<\/div>\n<\/div>\n<\/div>\n<\/div>\n<\/div>\n<\/div>\n<\/div>\n<\/div>\n<\/div>\n<\/div>\n<\/div>\n<\/div>\n<\/div>\n<\/div>\n<\/div>\n<\/div>\n<\/div>\n<\/div>\n<\/div>\n<\/div>\n<\/div>\n<\/div>\n<\/div>\n<\/div>\n<\/div>\n<\/div>\n<\/div>\n<\/div>\n<\/div>\n<\/div>\n<\/div>\n<\/div>\n<\/div>\n<\/div>\n<\/div>\n<\/div>\n<\/div>\n<\/div>\n<\/div>\n<\/div>\n<\/div>\n<\/div>\n<\/div>\n<\/div>\n<\/div>\n<\/div>\n<\/div>\n<\/div>\n<\/div>\n<\/div>\n<\/div>\n<\/div>\n<\/div>\n<\/div>\n<\/div>\n<\/div>\n<\/div>\n<\/div>\n<\/div>\n<\/div>\n<\/div>\n<\/div>\n<\/div>\n<\/div>\n<\/div>\n<\/div>\n<\/div>\n<\/div>\n<\/div>\n<\/div>\n<\/div>\n<\/div>\n<\/div>\n<\/div>\n","protected":false},"excerpt":{"rendered":"<p>RADIO PIU INFORMAZIONE il canale su TELEGRAM informazione di prima\u00a0\u00a0mano e in tempo reale. iscriviti ed aiutaci a farlo conoscere &nbsp; &nbsp; PARTITA LA RACCOLTA FONDI PER AIUTARE L&#8217;ALLEGHE HOCKEY ALLEGHE \u00c8 partita la raccolta fondi per aiutare l&#8217;Alleghe Hockey in questa stagione che, dopo la chiusura dello stadio Alvise De Toni, si preannuncia travagliata.&hellip;<\/p>\n","protected":false},"author":4,"featured_media":300586,"comment_status":"closed","ping_status":"closed","sticky":false,"template":"","format":"standard","meta":{"_monsterinsights_skip_tracking":false,"_monsterinsights_sitenote_active":false,"_monsterinsights_sitenote_note":"","_monsterinsights_sitenote_category":0,"footnotes":""},"categories":[51,86,49],"tags":[],"class_list":["post-300505","post","type-post","status-publish","format-standard","has-post-thumbnail","hentry","category-evidenza-top","category-gr","category-news-18","category-51","category-86","category-49","description-off"],"img_url":"https:\/\/www.radiopiu.net\/wordpress\/wp-content\/uploads\/2022\/10\/fe442ee3-7af6-44a9-8c23-a272349b1bc4.jpg","_links":{"self":[{"href":"https:\/\/www.radiopiu.net\/wordpress\/wp-json\/wp\/v2\/posts\/300505","targetHints":{"allow":["GET"]}}],"collection":[{"href":"https:\/\/www.radiopiu.net\/wordpress\/wp-json\/wp\/v2\/posts"}],"about":[{"href":"https:\/\/www.radiopiu.net\/wordpress\/wp-json\/wp\/v2\/types\/post"}],"author":[{"embeddable":true,"href":"https:\/\/www.radiopiu.net\/wordpress\/wp-json\/wp\/v2\/users\/4"}],"replies":[{"embeddable":true,"href":"https:\/\/www.radiopiu.net\/wordpress\/wp-json\/wp\/v2\/comments?post=300505"}],"version-history":[{"count":0,"href":"https:\/\/www.radiopiu.net\/wordpress\/wp-json\/wp\/v2\/posts\/300505\/revisions"}],"wp:featuredmedia":[{"embeddable":true,"href":"https:\/\/www.radiopiu.net\/wordpress\/wp-json\/wp\/v2\/media\/300586"}],"wp:attachment":[{"href":"https:\/\/www.radiopiu.net\/wordpress\/wp-json\/wp\/v2\/media?parent=300505"}],"wp:term":[{"taxonomy":"category","embeddable":true,"href":"https:\/\/www.radiopiu.net\/wordpress\/wp-json\/wp\/v2\/categories?post=300505"},{"taxonomy":"post_tag","embeddable":true,"href":"https:\/\/www.radiopiu.net\/wordpress\/wp-json\/wp\/v2\/tags?post=300505"}],"curies":[{"name":"wp","href":"https:\/\/api.w.org\/{rel}","templated":true}]}}